{"id":13006,"date":"2017-01-02T19:06:08","date_gmt":"2017-01-02T22:06:08","guid":{"rendered":"http:\/\/webdelmaestrocmf.com\/portal\/?p=13006"},"modified":"2022-04-16T23:53:08","modified_gmt":"2022-04-17T03:53:08","slug":"docentes-los-chicos-no-saben-estudiar-recomendado","status":"publish","type":"post","link":"https:\/\/webdelmaestrocmf.com\/portal\/docentes-los-chicos-no-saben-estudiar-recomendado\/","title":{"rendered":"DOCENTES: \u00bfPOR QU\u00c9 LOS CHICOS NO SABEN ESTUDIAR? &#8211; RECOMENDADO"},"content":{"rendered":"<h5 style=\"text-align: justify;\">\u201c\u00bfPor qu\u00e9 los chicos no saben estudiar? Al no encontrar las respuestas en casa, enseguida apuntan a la escuela, a la que hacen responsable,\u2026\u201d nos dice Daniel Santa Cruz en la publicaci\u00f3n de La Naci\u00f3n (Argentina), planteando el c\u00f3mo se debe ense\u00f1ar en las escuelas a estudiar a los ni\u00f1os y j\u00f3venes, incluyendo la tecnolog\u00eda digital.<\/h5>\n<p><!--more--><\/p>\n<p style=\"text-align: justify;\">La imagen que acompa\u00f1a este art\u00edculo, es muy sugerente (aunque parezca violento) porque de una u otra manera el no saber estudiar, es porque no se le ha ense\u00f1ado o no lo ha aprendido correctamente, y es una exigencia que debemos pedag\u00f3gicamente manejar. Vera Rexach, especialista en \u00abTIC y Educaci\u00f3n\u00bb de la OEA, opina que si buscamos la adquisici\u00f3n de habilidades de orden superior \u00e9stas deben ser aprendidas y aplicadas en la escuela. Compartimos este art\u00edculo, con fines \u00fanicamente educativos \u2013 pastorales, esperando se enriquezca al reflexionarlo en nuestra comunidad educativa.<\/p>\n<h5>Una responsabilidad compartida entre alumnos, padres y la escuela; qu\u00e9 pasa con las herramientas digitales.<\/h5>\n<p style=\"text-align: justify;\">\u00abLo hablo con otros padres y les pasa lo mismo. Cada vez que nuestros hijos tienen que estudiar para un examen o deben preparar un trabajo pr\u00e1ctico nos damos cuenta de que no tienen la menor idea de c\u00f3mo empezar. Est\u00e1n todo el d\u00eda con la notebook, pero no saben confeccionar un eje cronol\u00f3gico, ni siquiera saben hacer un resumen\u00bb, se queja Gustavo Fern\u00e1ndez, padre de dos alumnos de nivel secundario.<\/p>\n<p style=\"text-align: justify;\">\u00abMi hijo est\u00e1 en cuarto a\u00f1o y, excepto matem\u00e1ticas, nunca se llev\u00f3 materias\u00bb, cuenta Mariana, mam\u00e1 de un colegio privado de Belgrano. \u00abPodr\u00eda llamarse un buen alumno. Sin embargo, a\u00fan no sabe confeccionar un cuadro sin\u00f3ptico. Cada vez que tiene un trabajo grupal rogamos con que le toque uno de los pocos compa\u00f1eros que saben c\u00f3mo trabajar. Y eso que gastamos mucho dinero en profesores particulares&#8230;\u00bb, confiesa resignada.<\/p>\n<p><img loading=\"lazy\" decoding=\"async\" class=\"aligncenter wp-image-13011\" src=\"http:\/\/webdelmaestrocmf.com\/portal\/wp-content\/uploads\/2017\/01\/NO-SABE.jpg\" alt=\"\" width=\"982\" height=\"654\" srcset=\"https:\/\/webdelmaestrocmf.com\/portal\/wp-content\/uploads\/2017\/01\/NO-SABE.jpg 980w, https:\/\/webdelmaestrocmf.com\/portal\/wp-content\/uploads\/2017\/01\/NO-SABE-300x200.jpg 300w, https:\/\/webdelmaestrocmf.com\/portal\/wp-content\/uploads\/2017\/01\/NO-SABE-768x512.jpg 768w, https:\/\/webdelmaestrocmf.com\/portal\/wp-content\/uploads\/2017\/01\/NO-SABE-280x187.jpg 280w\" sizes=\"auto, (max-width: 982px) 100vw, 982px\" \/><\/p>\n<p style=\"text-align: justify;\">Una de las preguntas m\u00e1s frecuentes que se realizan los padres con hijos en edad escolar avanzada es \u00bfpor qu\u00e9 los chicos no saben estudiar? Al no encontrar las respuestas en casa, enseguida apuntan a la escuela, a la que hacen responsable, sobre todo en estos \u00faltimos a\u00f1os, por no ense\u00f1ar una eficiente metodolog\u00eda de estudio.<\/p>\n<h2>\u00bfLa escuela de hoy ense\u00f1a a estudiar?<\/h2>\n<p style=\"text-align: justify;\">Los padres de hoy fueron formados en una corriente enciclopedista, donde hasta estudiar memorizando textos estaba permitido. Esa escuela les exig\u00eda s\u00f3lo aprender contenidos y el oficio del alumno era ese: aprender lo que estaba en los libros. Exist\u00eda un pacto impl\u00edcito que todos cumpl\u00edan sin alterar. En cambio, la escuela de hoy exige que los chicos razonen, se informen, debatan, comprendan, tomen decisiones, seleccionen informaci\u00f3n y utilicen nuevas tecnolog\u00edas. Pero \u00bfense\u00f1a c\u00f3mo hacerlo?<\/p>\n<blockquote><p><strong>\u00abA estudiar se aprende, claro, si alguien te lo ense\u00f1a&#8230;\u00bb<\/strong><\/p><\/blockquote>\n<p style=\"text-align: justify;\">Esta situaci\u00f3n confunde a los adultos e irremediablemente los hace comparar esta escuela con la que ellos vivieron. \u00abEl problema parece estar en que exigimos a los chicos algo que la escuela no est\u00e1 ense\u00f1ando, salvo excepciones marcadas por iniciativas personales de algunos docentes o proyectos institucionales alternativos\u00bb, remarca Mar\u00eda Rosa, mam\u00e1 de una alumna de quinto a\u00f1o.<\/p>\n<p style=\"text-align: justify;\">\u00abSiento que hab\u00eda m\u00e1s orden cuando estudi\u00e1bamos nosotros\u00bb, se\u00f1ala Leonora Arditti, mam\u00e1 de tres hijos. \u00abHab\u00eda m\u00e1s conexi\u00f3n entre los temas. La escuela debe ordenarte. Primero viene esto, despu\u00e9s aquello. As\u00ed era en mi \u00e9poca. Ahora saltan entre temas sin hilo conductor. Ni hablar de la forma en que se aprende a multiplicar o a dividir. Se aprende de una forma y despu\u00e9s tambi\u00e9n de la otra. Pretenden ense\u00f1ar a razonar, cuando el razonamiento es un proceso que se produce espont\u00e1neamente al ir utilizando los conocimientos adquiridos\u00bb, acusa.<\/p>\n<p style=\"text-align: justify;\">\u00abEnse\u00f1ar a razonar, me parece, es como pretender ense\u00f1ar a pensar. Como si les dijeran a los chicos: esto lo tienen que entender as\u00ed, de esa forma lleg\u00e1s a la conclusi\u00f3n correcta. Y yo creo que es exactamente al rev\u00e9s: ac\u00e1 tienen estas herramientas, a ver qu\u00e9 pueden hacer con ellas\u00bb, argumenta Leonora.<\/p>\n<h2>\u00bfQu\u00e9 debe hacer la escuela?<\/h2>\n<p style=\"text-align: justify;\">\u00abLa escuela es el \u00e1mbito en donde se aprende, tambi\u00e9n, a estudiar. Se comprenden consignas de trabajos, se hacen res\u00famenes, cuadros, se organiza una exposici\u00f3n. Este es un proceso que lleva tiempo, requiere pr\u00e1ctica, dentro y fuera de ella, y tambi\u00e9n se necesita que las familias ayuden y acompa\u00f1en este proceso. Que le demanden a la escuela m\u00e1s ayuda y orientaci\u00f3n para que sus hijos puedan ir adquiriendo autonom\u00eda en el estudio a medida que avanzan en su escolaridad\u00bb, dice a <b>LA NACION<\/b> Roxana Perazza, especialista en educaci\u00f3n.<\/p>\n<p style=\"text-align: justify;\">Para la profesora Daniela Leiva Seisdedos el problema \u00abno es que la escuela no ense\u00f1e a estudiar. El problema de la educaci\u00f3n no es coyuntural. Es estructural y en eso est\u00e1 impreso esta sentencia social que culpa a la escuela\u00bb. La docente asegura que \u00abexiste una puja por ver qu\u00e9 teor\u00eda pedag\u00f3gica y del aprendizaje tiene m\u00e1s incidencia entre los docentes a la hora de ense\u00f1ar a aprender y, en esta carrera para saber cu\u00e1l es la teor\u00eda que prima, muchos docentes olvidan \u00bfqu\u00e9 ense\u00f1ar? \u00bfc\u00f3mo ense\u00f1ar? y \u00bfpara qu\u00e9 ense\u00f1ar?\u00bb.<\/p>\n<p style=\"text-align: justify;\">\u00abCreo fervientemente que hay que volver a las cosas simples. Durante d\u00e9cadas hemos problematizado demasiado alrededor del tema Complejizando el an\u00e1lisis sin obtener mejores resultados\u00bb, remarca Flavio Buccino, docente y consultor en Educaci\u00f3n. \u00abNo renuncio a la pedagog\u00eda y menos a las estrategias did\u00e1cticas, pero no las creo un objetivo en s\u00ed mismo. Creo que parte de la soluci\u00f3n pasa por volver a despertar el deseo, el apetito. Volver a dar sentido a aprender\u00bb, reflexiona.<\/p>\n<p style=\"text-align: justify;\"><a href=\"http:\/\/webdelmaestrocmf.com\/portal\/wp-content\/uploads\/2017\/01\/ESTUDIAR-1.jpg\"><img loading=\"lazy\" decoding=\"async\" class=\"aligncenter wp-image-13013\" src=\"http:\/\/webdelmaestrocmf.com\/portal\/wp-content\/uploads\/2017\/01\/ESTUDIAR-1.jpg\" alt=\"\" width=\"904\" height=\"428\" srcset=\"https:\/\/webdelmaestrocmf.com\/portal\/wp-content\/uploads\/2017\/01\/ESTUDIAR-1.jpg 855w, https:\/\/webdelmaestrocmf.com\/portal\/wp-content\/uploads\/2017\/01\/ESTUDIAR-1-300x142.jpg 300w, https:\/\/webdelmaestrocmf.com\/portal\/wp-content\/uploads\/2017\/01\/ESTUDIAR-1-768x364.jpg 768w, https:\/\/webdelmaestrocmf.com\/portal\/wp-content\/uploads\/2017\/01\/ESTUDIAR-1-280x133.jpg 280w\" sizes=\"auto, (max-width: 904px) 100vw, 904px\" \/><\/a><\/p>\n<p style=\"text-align: justify;\">\u00abAprender a estudiar es un proceso que debe ir complejiz\u00e1ndose con los a\u00f1os. La escuela sola no puede, pero debe recuperar un papel importante en esta cuesti\u00f3n y orientar y ayudar a sus alumnos a que puedan estudiar en y fuera de ella\u00bb, a\u00f1ade Perazza.<\/p>\n<h2>Las herramientas digitales para estudiar<\/h2>\n<p style=\"text-align: justify;\">Para Vera Rexach, especialista en \u00abTIC y Educaci\u00f3n\u00bb de la Organizaci\u00f3n de Estados Iberoamericanos, todo depende qu\u00e9 habilidad les pide la escuela que pongan en juego cuando deben estudiar en casa. \u00abSi es copiar datos, algo que requiere una habilidad cognitiva baja, saben c\u00f3mo hacerlo. Si esperamos habilidades de orden superior como analizar, establecer correlaciones, identificar causas y consecuencias o sintetizar procesos, hay que asumir que el problema no est\u00e1 en c\u00f3mo resuelven esa tarea escolar, sino en qu\u00e9 tanto de esas habilidades fueron aprendidas y aplicadas en clase\u00bb, dice a <b>LA NACION.<\/b><\/p>\n<p style=\"text-align: justify;\">\u00abLa gran mayor\u00eda de los j\u00f3venes conectados aprende cosas pregunt\u00e1ndole a YouTube \u00bfc\u00f3mo se hace? El resultado de esa consulta se traduce en acci\u00f3n: buscan, se esfuerzan en entender, pausan, repiten, anotan, porque eso les resuelve una duda o un inter\u00e9s genuino, que deriva un hacer algo. Esta caracter\u00edstica posiblemente no aplique a las tareas escolares\u00bb, enfatiza Rexach. Y concluye: \u00abA estudiar se aprende, claro, si alguien te lo ense\u00f1a\u00bb.<\/p>\n<p style=\"text-align: justify;\"><strong class=\"last-child first-child\"><span class=\"last-child first-child\">Este contenido ha sido publicado originalmente por La Naci\u00f3n (Argentina)\u00a0en la siguiente direcci\u00f3n: <a href=\"http:\/\/www.lanacion.com.ar\/1958740-por-que-los-chicos-no-saben-estudiar\" target=\"_blank\" rel=\"noopener noreferrer\">lanacion.com.ar<\/a><\/span><\/strong><\/p>\n","protected":false},"excerpt":{"rendered":"\u201c\u00bfPor qu\u00e9 los chicos no saben estudiar? Al no encontrar las respuestas en casa, enseguida apuntan a la&hellip;","protected":false},"author":1,"featured_media":17340,"comment_status":"open","ping_status":"open","sticky":false,"template":"","format":"standard","meta":{"csco_display_header_overlay":false,"csco_singular_sidebar":"default","csco_page_header_type":"default","csco_page_load_nextpost":"default","csco_post_video_location":[],"csco_post_video_location_hash":"","csco_post_video_url":"","csco_post_video_bg_start_time":0,"csco_post_video_bg_end_time":0,"csco_post_video_bg_volume":false,"_jetpack_memberships_contains_paid_content":false,"footnotes":""},"categories":[6894],"tags":[1644,58,1256,1645],"class_list":{"0":"post-13006","1":"post","2":"type-post","3":"status-publish","4":"format-standard","5":"has-post-thumbnail","7":"category-sin-categoria-es","8":"tag-chicos","9":"tag-docentes","10":"tag-estudiar","11":"tag-no-saben","12":"cs-entry","13":"cs-video-wrap"},"yoast_head":"<!-- This site is optimized with the Yoast SEO plugin v27.5 - https:\/\/yoast.com\/product\/yoast-seo-wordpress\/ -->\n<title>DOCENTES: \u00bfPOR QU\u00c9 LOS CHICOS NO SABEN ESTUDIAR? - RECOMENDADO<\/title>\n<meta name=\"description\" content=\"\u201c\u00bfPor qu\u00e9 los chicos no saben estudiar? Al no encontrar las respuestas en casa, enseguida apuntan a la escuela, a la que hacen responsable,\u2026\u201d\" \/>\n<meta name=\"robots\" content=\"index, follow, max-snippet:-1, max-image-preview:large, max-video-preview:-1\" \/>\n<link rel=\"canonical\" href=\"https:\/\/webdelmaestrocmf.com\/portal\/docentes-los-chicos-no-saben-estudiar-recomendado\/\" \/>\n<meta property=\"og:locale\" content=\"es_ES\" \/>\n<meta property=\"og:type\" content=\"article\" \/>\n<meta property=\"og:title\" content=\"DOCENTES: \u00bfPOR QU\u00c9 LOS CHICOS NO SABEN ESTUDIAR? - RECOMENDADO\" \/>\n<meta property=\"og:description\" content=\"\u201c\u00bfPor qu\u00e9 los chicos no saben estudiar? Al no encontrar las respuestas en casa, enseguida apuntan a la escuela, a la que hacen responsable,\u2026\u201d\" \/>\n<meta property=\"og:url\" content=\"https:\/\/webdelmaestrocmf.com\/portal\/docentes-los-chicos-no-saben-estudiar-recomendado\/\" \/>\n<meta property=\"og:site_name\" content=\"Web del Maestro CMF\" \/>\n<meta property=\"article:publisher\" content=\"https:\/\/www.facebook.com\/WebdelMaestroCMF\/\" \/>\n<meta property=\"article:author\" content=\"https:\/\/www.facebook.com\/WebdelMaestroCMF\/\" \/>\n<meta property=\"article:published_time\" content=\"2017-01-02T22:06:08+00:00\" \/>\n<meta property=\"article:modified_time\" content=\"2022-04-17T03:53:08+00:00\" \/>\n<meta property=\"og:image\" content=\"https:\/\/i0.wp.com\/webdelmaestrocmf.com\/portal\/wp-content\/uploads\/2017\/01\/No-s\u00e9.jpg?fit=855%2C405&ssl=1\" \/>\n\t<meta property=\"og:image:width\" content=\"855\" \/>\n\t<meta property=\"og:image:height\" content=\"405\" \/>\n\t<meta property=\"og:image:type\" content=\"image\/jpeg\" \/>\n<meta name=\"author\" content=\"Web del Maestro CMF\" \/>\n<meta name=\"twitter:card\" content=\"summary_large_image\" \/>\n<meta name=\"twitter:creator\" content=\"@cmf_w\" \/>\n<meta name=\"twitter:site\" content=\"@cmf_w\" \/>\n<script type=\"application\/ld+json\" class=\"yoast-schema-graph\">{\"@context\":\"https:\\\/\\\/schema.org\",\"@graph\":[{\"@type\":\"ScholarlyArticle\",\"@id\":\"https:\\\/\\\/webdelmaestrocmf.com\\\/portal\\\/docentes-los-chicos-no-saben-estudiar-recomendado\\\/#article\",\"isPartOf\":{\"@id\":\"https:\\\/\\\/webdelmaestrocmf.com\\\/portal\\\/docentes-los-chicos-no-saben-estudiar-recomendado\\\/\"},\"author\":{\"name\":\"Web del Maestro CMF\",\"@id\":\"https:\\\/\\\/webdelmaestrocmf.com\\\/portal\\\/#\\\/schema\\\/person\\\/1072a2ed7bd960df8ef99a551fa35dc5\"},\"headline\":\"DOCENTES: \u00bfPOR QU\u00c9 LOS CHICOS NO SABEN ESTUDIAR? &#8211; RECOMENDADO\",\"datePublished\":\"2017-01-02T22:06:08+00:00\",\"dateModified\":\"2022-04-17T03:53:08+00:00\",\"mainEntityOfPage\":{\"@id\":\"https:\\\/\\\/webdelmaestrocmf.com\\\/portal\\\/docentes-los-chicos-no-saben-estudiar-recomendado\\\/\"},\"wordCount\":1254,\"commentCount\":0,\"publisher\":{\"@id\":\"https:\\\/\\\/webdelmaestrocmf.com\\\/portal\\\/#organization\"},\"image\":{\"@id\":\"https:\\\/\\\/webdelmaestrocmf.com\\\/portal\\\/docentes-los-chicos-no-saben-estudiar-recomendado\\\/#primaryimage\"},\"thumbnailUrl\":\"https:\\\/\\\/webdelmaestrocmf.com\\\/portal\\\/wp-content\\\/uploads\\\/2017\\\/01\\\/No-s\u00e9.jpg\",\"keywords\":[\"CHICOS\",\"DOCENTES\",\"estudiar\",\"NO SABEN\"],\"inLanguage\":\"es\",\"potentialAction\":[{\"@type\":\"CommentAction\",\"name\":\"Comment\",\"target\":[\"https:\\\/\\\/webdelmaestrocmf.com\\\/portal\\\/docentes-los-chicos-no-saben-estudiar-recomendado\\\/#respond\"]}]},{\"@type\":\"WebPage\",\"@id\":\"https:\\\/\\\/webdelmaestrocmf.com\\\/portal\\\/docentes-los-chicos-no-saben-estudiar-recomendado\\\/\",\"url\":\"https:\\\/\\\/webdelmaestrocmf.com\\\/portal\\\/docentes-los-chicos-no-saben-estudiar-recomendado\\\/\",\"name\":\"DOCENTES: \u00bfPOR QU\u00c9 LOS CHICOS NO SABEN ESTUDIAR? - RECOMENDADO\",\"isPartOf\":{\"@id\":\"https:\\\/\\\/webdelmaestrocmf.com\\\/portal\\\/#website\"},\"primaryImageOfPage\":{\"@id\":\"https:\\\/\\\/webdelmaestrocmf.com\\\/portal\\\/docentes-los-chicos-no-saben-estudiar-recomendado\\\/#primaryimage\"},\"image\":{\"@id\":\"https:\\\/\\\/webdelmaestrocmf.com\\\/portal\\\/docentes-los-chicos-no-saben-estudiar-recomendado\\\/#primaryimage\"},\"thumbnailUrl\":\"https:\\\/\\\/webdelmaestrocmf.com\\\/portal\\\/wp-content\\\/uploads\\\/2017\\\/01\\\/No-s\u00e9.jpg\",\"datePublished\":\"2017-01-02T22:06:08+00:00\",\"dateModified\":\"2022-04-17T03:53:08+00:00\",\"description\":\"\u201c\u00bfPor qu\u00e9 los chicos no saben estudiar? Al no encontrar las respuestas en casa, enseguida apuntan a la escuela, a la que hacen responsable,\u2026\u201d\",\"breadcrumb\":{\"@id\":\"https:\\\/\\\/webdelmaestrocmf.com\\\/portal\\\/docentes-los-chicos-no-saben-estudiar-recomendado\\\/#breadcrumb\"},\"inLanguage\":\"es\",\"potentialAction\":[{\"@type\":\"ReadAction\",\"target\":[\"https:\\\/\\\/webdelmaestrocmf.com\\\/portal\\\/docentes-los-chicos-no-saben-estudiar-recomendado\\\/\"]}]},{\"@type\":\"ImageObject\",\"inLanguage\":\"es\",\"@id\":\"https:\\\/\\\/webdelmaestrocmf.com\\\/portal\\\/docentes-los-chicos-no-saben-estudiar-recomendado\\\/#primaryimage\",\"url\":\"https:\\\/\\\/webdelmaestrocmf.com\\\/portal\\\/wp-content\\\/uploads\\\/2017\\\/01\\\/No-s\u00e9.jpg\",\"contentUrl\":\"https:\\\/\\\/webdelmaestrocmf.com\\\/portal\\\/wp-content\\\/uploads\\\/2017\\\/01\\\/No-s\u00e9.jpg\",\"width\":855,\"height\":405},{\"@type\":\"BreadcrumbList\",\"@id\":\"https:\\\/\\\/webdelmaestrocmf.com\\\/portal\\\/docentes-los-chicos-no-saben-estudiar-recomendado\\\/#breadcrumb\",\"itemListElement\":[{\"@type\":\"ListItem\",\"position\":1,\"name\":\"Portada\",\"item\":\"https:\\\/\\\/webdelmaestrocmf.com\\\/portal\\\/\"},{\"@type\":\"ListItem\",\"position\":2,\"name\":\"Noticias\",\"item\":\"https:\\\/\\\/webdelmaestrocmf.com\\\/portal\\\/category\\\/noticias\\\/\"},{\"@type\":\"ListItem\",\"position\":3,\"name\":\"DOCENTES: \u00bfPOR QU\u00c9 LOS CHICOS NO SABEN ESTUDIAR? &#8211; RECOMENDADO\"}]},{\"@type\":\"WebSite\",\"@id\":\"https:\\\/\\\/webdelmaestrocmf.com\\\/portal\\\/#website\",\"url\":\"https:\\\/\\\/webdelmaestrocmf.com\\\/portal\\\/\",\"name\":\"Web del Maestro CMF\",\"description\":\"Maestros al servicio de la educaci\u00f3n\",\"publisher\":{\"@id\":\"https:\\\/\\\/webdelmaestrocmf.com\\\/portal\\\/#organization\"},\"alternateName\":\"WMCMF\",\"potentialAction\":[{\"@type\":\"SearchAction\",\"target\":{\"@type\":\"EntryPoint\",\"urlTemplate\":\"https:\\\/\\\/webdelmaestrocmf.com\\\/portal\\\/?s={search_term_string}\"},\"query-input\":{\"@type\":\"PropertyValueSpecification\",\"valueRequired\":true,\"valueName\":\"search_term_string\"}}],\"inLanguage\":\"es\"},{\"@type\":\"Organization\",\"@id\":\"https:\\\/\\\/webdelmaestrocmf.com\\\/portal\\\/#organization\",\"name\":\"Web del Maestro CMF\",\"alternateName\":\"WMCMF\",\"url\":\"https:\\\/\\\/webdelmaestrocmf.com\\\/portal\\\/\",\"logo\":{\"@type\":\"ImageObject\",\"inLanguage\":\"es\",\"@id\":\"https:\\\/\\\/webdelmaestrocmf.com\\\/portal\\\/#\\\/schema\\\/logo\\\/image\\\/\",\"url\":\"https:\\\/\\\/webdelmaestrocmf.com\\\/portal\\\/wp-content\\\/uploads\\\/2023\\\/01\\\/logo-wmcmf-2.png\",\"contentUrl\":\"https:\\\/\\\/webdelmaestrocmf.com\\\/portal\\\/wp-content\\\/uploads\\\/2023\\\/01\\\/logo-wmcmf-2.png\",\"width\":200,\"height\":60,\"caption\":\"Web del Maestro CMF\"},\"image\":{\"@id\":\"https:\\\/\\\/webdelmaestrocmf.com\\\/portal\\\/#\\\/schema\\\/logo\\\/image\\\/\"},\"sameAs\":[\"https:\\\/\\\/www.facebook.com\\\/WebdelMaestroCMF\\\/\",\"https:\\\/\\\/x.com\\\/cmf_w\",\"https:\\\/\\\/www.pinterest.com\\\/WMCMF\\\/\",\"https:\\\/\\\/www.linkedin.com\\\/company\\\/web-del-maestro-cmf\\\/\",\"https:\\\/\\\/www.instagram.com\\\/wmcmf\\\/\",\"https:\\\/\\\/www.youtube.com\\\/channel\\\/UCDPSvjbdodE5sHnC3OxutHw\",\"https:\\\/\\\/mastodon.social\\\/@wmcmf\",\"https:\\\/\\\/www.tiktok.com\\\/@webdelmaestrocmf\"]},{\"@type\":\"Person\",\"@id\":\"https:\\\/\\\/webdelmaestrocmf.com\\\/portal\\\/#\\\/schema\\\/person\\\/1072a2ed7bd960df8ef99a551fa35dc5\",\"name\":\"Web del Maestro CMF\",\"image\":{\"@type\":\"ImageObject\",\"inLanguage\":\"es\",\"@id\":\"https:\\\/\\\/secure.gravatar.com\\\/avatar\\\/23291dd5b5ae1077dcff3dbb04c3e02bd28403fa75af6d8787d5e97c5bbbe30b?s=96&d=mm&r=g\",\"url\":\"https:\\\/\\\/secure.gravatar.com\\\/avatar\\\/23291dd5b5ae1077dcff3dbb04c3e02bd28403fa75af6d8787d5e97c5bbbe30b?s=96&d=mm&r=g\",\"contentUrl\":\"https:\\\/\\\/secure.gravatar.com\\\/avatar\\\/23291dd5b5ae1077dcff3dbb04c3e02bd28403fa75af6d8787d5e97c5bbbe30b?s=96&d=mm&r=g\",\"caption\":\"Web del Maestro CMF\"},\"description\":\"Esta Web se cre\u00f3 sin fines de lucro, con fines educativos, cient\u00edficos y acad\u00e9micos, para personas que tengan dificultades y\\\/o inconvenientes en visualizar el material original. El objetivo es entregar recursos, compartir experiencias y materiales que ayuden a los padres de familia, maestros y estudiantes en su actualizaci\u00f3n y formaci\u00f3n permanente, en bien de la Educaci\u00f3n.\",\"sameAs\":[\"http:\\\/\\\/webdelmaestrocmf.com\\\/portal\",\"https:\\\/\\\/www.facebook.com\\\/WebdelMaestroCMF\\\/\",\"https:\\\/\\\/www.instagram.com\\\/wmcmf\\\/\",\"https:\\\/\\\/cl.linkedin.com\\\/company\\\/web-del-maestro-cmf\",\"https:\\\/\\\/www.pinterest.com\\\/WMCMF\\\/publicaciones\\\/\",\"https:\\\/\\\/x.com\\\/cmf_w\",\"https:\\\/\\\/www.youtube.com\\\/@WMCMF\"]}]}<\/script>\n<!-- \/ Yoast SEO plugin. -->","yoast_head_json":{"title":"DOCENTES: \u00bfPOR QU\u00c9 LOS CHICOS NO SABEN ESTUDIAR? - RECOMENDADO","description":"\u201c\u00bfPor qu\u00e9 los chicos no saben estudiar? Al no encontrar las respuestas en casa, enseguida apuntan a la escuela, a la que hacen responsable,\u2026\u201d","robots":{"index":"index","follow":"follow","max-snippet":"max-snippet:-1","max-image-preview":"max-image-preview:large","max-video-preview":"max-video-preview:-1"},"canonical":"https:\/\/webdelmaestrocmf.com\/portal\/docentes-los-chicos-no-saben-estudiar-recomendado\/","og_locale":"es_ES","og_type":"article","og_title":"DOCENTES: \u00bfPOR QU\u00c9 LOS CHICOS NO SABEN ESTUDIAR? - RECOMENDADO","og_description":"\u201c\u00bfPor qu\u00e9 los chicos no saben estudiar? Al no encontrar las respuestas en casa, enseguida apuntan a la escuela, a la que hacen responsable,\u2026\u201d","og_url":"https:\/\/webdelmaestrocmf.com\/portal\/docentes-los-chicos-no-saben-estudiar-recomendado\/","og_site_name":"Web del Maestro CMF","article_publisher":"https:\/\/www.facebook.com\/WebdelMaestroCMF\/","article_author":"https:\/\/www.facebook.com\/WebdelMaestroCMF\/","article_published_time":"2017-01-02T22:06:08+00:00","article_modified_time":"2022-04-17T03:53:08+00:00","og_image":[{"width":855,"height":405,"url":"https:\/\/i0.wp.com\/webdelmaestrocmf.com\/portal\/wp-content\/uploads\/2017\/01\/No-s\u00e9.jpg?fit=855%2C405&ssl=1","type":"image\/jpeg"}],"author":"Web del Maestro CMF","twitter_card":"summary_large_image","twitter_creator":"@cmf_w","twitter_site":"@cmf_w","schema":{"@context":"https:\/\/schema.org","@graph":[{"@type":"ScholarlyArticle","@id":"https:\/\/webdelmaestrocmf.com\/portal\/docentes-los-chicos-no-saben-estudiar-recomendado\/#article","isPartOf":{"@id":"https:\/\/webdelmaestrocmf.com\/portal\/docentes-los-chicos-no-saben-estudiar-recomendado\/"},"author":{"name":"Web del Maestro CMF","@id":"https:\/\/webdelmaestrocmf.com\/portal\/#\/schema\/person\/1072a2ed7bd960df8ef99a551fa35dc5"},"headline":"DOCENTES: \u00bfPOR QU\u00c9 LOS CHICOS NO SABEN ESTUDIAR? &#8211; RECOMENDADO","datePublished":"2017-01-02T22:06:08+00:00","dateModified":"2022-04-17T03:53:08+00:00","mainEntityOfPage":{"@id":"https:\/\/webdelmaestrocmf.com\/portal\/docentes-los-chicos-no-saben-estudiar-recomendado\/"},"wordCount":1254,"commentCount":0,"publisher":{"@id":"https:\/\/webdelmaestrocmf.com\/portal\/#organization"},"image":{"@id":"https:\/\/webdelmaestrocmf.com\/portal\/docentes-los-chicos-no-saben-estudiar-recomendado\/#primaryimage"},"thumbnailUrl":"https:\/\/webdelmaestrocmf.com\/portal\/wp-content\/uploads\/2017\/01\/No-s\u00e9.jpg","keywords":["CHICOS","DOCENTES","estudiar","NO SABEN"],"inLanguage":"es","potentialAction":[{"@type":"CommentAction","name":"Comment","target":["https:\/\/webdelmaestrocmf.com\/portal\/docentes-los-chicos-no-saben-estudiar-recomendado\/#respond"]}]},{"@type":"WebPage","@id":"https:\/\/webdelmaestrocmf.com\/portal\/docentes-los-chicos-no-saben-estudiar-recomendado\/","url":"https:\/\/webdelmaestrocmf.com\/portal\/docentes-los-chicos-no-saben-estudiar-recomendado\/","name":"DOCENTES: \u00bfPOR QU\u00c9 LOS CHICOS NO SABEN ESTUDIAR? - RECOMENDADO","isPartOf":{"@id":"https:\/\/webdelmaestrocmf.com\/portal\/#website"},"primaryImageOfPage":{"@id":"https:\/\/webdelmaestrocmf.com\/portal\/docentes-los-chicos-no-saben-estudiar-recomendado\/#primaryimage"},"image":{"@id":"https:\/\/webdelmaestrocmf.com\/portal\/docentes-los-chicos-no-saben-estudiar-recomendado\/#primaryimage"},"thumbnailUrl":"https:\/\/webdelmaestrocmf.com\/portal\/wp-content\/uploads\/2017\/01\/No-s\u00e9.jpg","datePublished":"2017-01-02T22:06:08+00:00","dateModified":"2022-04-17T03:53:08+00:00","description":"\u201c\u00bfPor qu\u00e9 los chicos no saben estudiar? Al no encontrar las respuestas en casa, enseguida apuntan a la escuela, a la que hacen responsable,\u2026\u201d","breadcrumb":{"@id":"https:\/\/webdelmaestrocmf.com\/portal\/docentes-los-chicos-no-saben-estudiar-recomendado\/#breadcrumb"},"inLanguage":"es","potentialAction":[{"@type":"ReadAction","target":["https:\/\/webdelmaestrocmf.com\/portal\/docentes-los-chicos-no-saben-estudiar-recomendado\/"]}]},{"@type":"ImageObject","inLanguage":"es","@id":"https:\/\/webdelmaestrocmf.com\/portal\/docentes-los-chicos-no-saben-estudiar-recomendado\/#primaryimage","url":"https:\/\/webdelmaestrocmf.com\/portal\/wp-content\/uploads\/2017\/01\/No-s\u00e9.jpg","contentUrl":"https:\/\/webdelmaestrocmf.com\/portal\/wp-content\/uploads\/2017\/01\/No-s\u00e9.jpg","width":855,"height":405},{"@type":"BreadcrumbList","@id":"https:\/\/webdelmaestrocmf.com\/portal\/docentes-los-chicos-no-saben-estudiar-recomendado\/#breadcrumb","itemListElement":[{"@type":"ListItem","position":1,"name":"Portada","item":"https:\/\/webdelmaestrocmf.com\/portal\/"},{"@type":"ListItem","position":2,"name":"Noticias","item":"https:\/\/webdelmaestrocmf.com\/portal\/category\/noticias\/"},{"@type":"ListItem","position":3,"name":"DOCENTES: \u00bfPOR QU\u00c9 LOS CHICOS NO SABEN ESTUDIAR? &#8211; RECOMENDADO"}]},{"@type":"WebSite","@id":"https:\/\/webdelmaestrocmf.com\/portal\/#website","url":"https:\/\/webdelmaestrocmf.com\/portal\/","name":"Web del Maestro CMF","description":"Maestros al servicio de la educaci\u00f3n","publisher":{"@id":"https:\/\/webdelmaestrocmf.com\/portal\/#organization"},"alternateName":"WMCMF","potentialAction":[{"@type":"SearchAction","target":{"@type":"EntryPoint","urlTemplate":"https:\/\/webdelmaestrocmf.com\/portal\/?s={search_term_string}"},"query-input":{"@type":"PropertyValueSpecification","valueRequired":true,"valueName":"search_term_string"}}],"inLanguage":"es"},{"@type":"Organization","@id":"https:\/\/webdelmaestrocmf.com\/portal\/#organization","name":"Web del Maestro CMF","alternateName":"WMCMF","url":"https:\/\/webdelmaestrocmf.com\/portal\/","logo":{"@type":"ImageObject","inLanguage":"es","@id":"https:\/\/webdelmaestrocmf.com\/portal\/#\/schema\/logo\/image\/","url":"https:\/\/webdelmaestrocmf.com\/portal\/wp-content\/uploads\/2023\/01\/logo-wmcmf-2.png","contentUrl":"https:\/\/webdelmaestrocmf.com\/portal\/wp-content\/uploads\/2023\/01\/logo-wmcmf-2.png","width":200,"height":60,"caption":"Web del Maestro CMF"},"image":{"@id":"https:\/\/webdelmaestrocmf.com\/portal\/#\/schema\/logo\/image\/"},"sameAs":["https:\/\/www.facebook.com\/WebdelMaestroCMF\/","https:\/\/x.com\/cmf_w","https:\/\/www.pinterest.com\/WMCMF\/","https:\/\/www.linkedin.com\/company\/web-del-maestro-cmf\/","https:\/\/www.instagram.com\/wmcmf\/","https:\/\/www.youtube.com\/channel\/UCDPSvjbdodE5sHnC3OxutHw","https:\/\/mastodon.social\/@wmcmf","https:\/\/www.tiktok.com\/@webdelmaestrocmf"]},{"@type":"Person","@id":"https:\/\/webdelmaestrocmf.com\/portal\/#\/schema\/person\/1072a2ed7bd960df8ef99a551fa35dc5","name":"Web del Maestro CMF","image":{"@type":"ImageObject","inLanguage":"es","@id":"https:\/\/secure.gravatar.com\/avatar\/23291dd5b5ae1077dcff3dbb04c3e02bd28403fa75af6d8787d5e97c5bbbe30b?s=96&d=mm&r=g","url":"https:\/\/secure.gravatar.com\/avatar\/23291dd5b5ae1077dcff3dbb04c3e02bd28403fa75af6d8787d5e97c5bbbe30b?s=96&d=mm&r=g","contentUrl":"https:\/\/secure.gravatar.com\/avatar\/23291dd5b5ae1077dcff3dbb04c3e02bd28403fa75af6d8787d5e97c5bbbe30b?s=96&d=mm&r=g","caption":"Web del Maestro CMF"},"description":"Esta Web se cre\u00f3 sin fines de lucro, con fines educativos, cient\u00edficos y acad\u00e9micos, para personas que tengan dificultades y\/o inconvenientes en visualizar el material original. El objetivo es entregar recursos, compartir experiencias y materiales que ayuden a los padres de familia, maestros y estudiantes en su actualizaci\u00f3n y formaci\u00f3n permanente, en bien de la Educaci\u00f3n.","sameAs":["http:\/\/webdelmaestrocmf.com\/portal","https:\/\/www.facebook.com\/WebdelMaestroCMF\/","https:\/\/www.instagram.com\/wmcmf\/","https:\/\/cl.linkedin.com\/company\/web-del-maestro-cmf","https:\/\/www.pinterest.com\/WMCMF\/publicaciones\/","https:\/\/x.com\/cmf_w","https:\/\/www.youtube.com\/@WMCMF"]}]}},"jetpack_featured_media_url":"https:\/\/webdelmaestrocmf.com\/portal\/wp-content\/uploads\/2017\/01\/No-s\u00e9.jpg","jetpack_sharing_enabled":true,"jetpack-related-posts":[{"id":9378,"url":"https:\/\/webdelmaestrocmf.com\/portal\/francesco-tonucci-la-mision-principal-de-la-escuela-ya-no-es-ensenar-cosas\/","url_meta":{"origin":13006,"position":0},"title":"Francesco Tonucci: La misi\u00f3n principal de la escuela ya no es ense\u00f1ar cosas","author":"Web del Maestro CMF","date":"21 enero, 2024","format":false,"excerpt":"La escuela ya no debe competir con la tecnolog\u00eda, sino ense\u00f1ar a pensar, investigar, convivir y usarla con sentido cr\u00edtico.","rel":"","context":"En \u00abEntrevistas\u00bb","block_context":{"text":"Entrevistas","link":"https:\/\/webdelmaestrocmf.com\/portal\/category\/noticias\/entrevistas\/"},"img":{"alt_text":"","src":"https:\/\/i0.wp.com\/webdelmaestrocmf.com\/portal\/wp-content\/uploads\/2018\/05\/Banner-1-portada-imagen-10-1-15.jpg?resize=350%2C200&ssl=1","width":350,"height":200,"srcset":"https:\/\/i0.wp.com\/webdelmaestrocmf.com\/portal\/wp-content\/uploads\/2018\/05\/Banner-1-portada-imagen-10-1-15.jpg?resize=350%2C200&ssl=1 1x, https:\/\/i0.wp.com\/webdelmaestrocmf.com\/portal\/wp-content\/uploads\/2018\/05\/Banner-1-portada-imagen-10-1-15.jpg?resize=525%2C300&ssl=1 1.5x, https:\/\/i0.wp.com\/webdelmaestrocmf.com\/portal\/wp-content\/uploads\/2018\/05\/Banner-1-portada-imagen-10-1-15.jpg?resize=700%2C400&ssl=1 2x"},"classes":[]},{"id":106875,"url":"https:\/\/webdelmaestrocmf.com\/portal\/laura-lewin-cuando-un-docente-ensena-como-el-aprendio-esta-ensenando-para-un-mundo-que-ya-no-existe\/","url_meta":{"origin":13006,"position":1},"title":"Laura Lewin: Cuando un docente ense\u00f1a como \u00e9l aprendi\u00f3, est\u00e1 ense\u00f1ando para un mundo que ya no existe","author":"Web del Maestro CMF","date":"11 noviembre, 2024","format":false,"excerpt":"La profesora argentina, Laura Lewin curs\u00f3 la carrera de Traductorado P\u00fablico en idioma ingl\u00e9s en la Universidad Argentina de la Empresa y realiz\u00f3 el profesorado de ingl\u00e9s en la Universidad de California-Riverside, Estados Unidos, y se ha especializado en Inglaterra y Australia. Es expositora en TEDx, videos que nos sirven\u2026","rel":"","context":"En \u00abEntrevistas\u00bb","block_context":{"text":"Entrevistas","link":"https:\/\/webdelmaestrocmf.com\/portal\/category\/noticias\/entrevistas\/"},"img":{"alt_text":"","src":"https:\/\/i0.wp.com\/webdelmaestrocmf.com\/portal\/wp-content\/uploads\/2024\/11\/Banner-1-portada-imagen-10-1-1.jpg?resize=350%2C200&ssl=1","width":350,"height":200,"srcset":"https:\/\/i0.wp.com\/webdelmaestrocmf.com\/portal\/wp-content\/uploads\/2024\/11\/Banner-1-portada-imagen-10-1-1.jpg?resize=350%2C200&ssl=1 1x, https:\/\/i0.wp.com\/webdelmaestrocmf.com\/portal\/wp-content\/uploads\/2024\/11\/Banner-1-portada-imagen-10-1-1.jpg?resize=525%2C300&ssl=1 1.5x, https:\/\/i0.wp.com\/webdelmaestrocmf.com\/portal\/wp-content\/uploads\/2024\/11\/Banner-1-portada-imagen-10-1-1.jpg?resize=700%2C400&ssl=1 2x"},"classes":[]},{"id":22137,"url":"https:\/\/webdelmaestrocmf.com\/portal\/los-estudiantes-saben-toda-la-informacion-no-esta-docente-tambien-esta-google\/","url_meta":{"origin":13006,"position":2},"title":"Los estudiantes saben que toda la informaci\u00f3n no est\u00e1 en el docente, tambi\u00e9n est\u00e1 en google","author":"Web del Maestro CMF","date":"16 septiembre, 2017","format":false,"excerpt":"El tono de su hablar, tan t\u00edpico de los cordobeses argentinos y el uso de un lenguaje tan cercano, familiar y agradable, son un \u201cplus\u201d para la Licenciada en Psicopedagog\u00eda Liliana Gonz\u00e1lez, egresada del Instituto Superior del Profesorado de Psicopedagog\u00eda y Educaci\u00f3n Especial \"Dr. Domingo Cabred\u201d de C\u00f3rdoba (Argentina), quien\u2026","rel":"","context":"En \u00abSin categor\u00eda\u00bb","block_context":{"text":"Sin categor\u00eda","link":"https:\/\/webdelmaestrocmf.com\/portal\/category\/sin-categoria-es\/"},"img":{"alt_text":"","src":"https:\/\/i0.wp.com\/webdelmaestrocmf.com\/portal\/wp-content\/uploads\/2017\/09\/1-63.jpg?resize=350%2C200&ssl=1","width":350,"height":200,"srcset":"https:\/\/i0.wp.com\/webdelmaestrocmf.com\/portal\/wp-content\/uploads\/2017\/09\/1-63.jpg?resize=350%2C200&ssl=1 1x, https:\/\/i0.wp.com\/webdelmaestrocmf.com\/portal\/wp-content\/uploads\/2017\/09\/1-63.jpg?resize=525%2C300&ssl=1 1.5x, https:\/\/i0.wp.com\/webdelmaestrocmf.com\/portal\/wp-content\/uploads\/2017\/09\/1-63.jpg?resize=700%2C400&ssl=1 2x, https:\/\/i0.wp.com\/webdelmaestrocmf.com\/portal\/wp-content\/uploads\/2017\/09\/1-63.jpg?resize=1050%2C600&ssl=1 3x"},"classes":[]},{"id":74593,"url":"https:\/\/webdelmaestrocmf.com\/portal\/ana-borzone-las-escuelas-permiten-a-los-chicos-llegar-a-la-secundaria-sin-saber-leer-ni-escribir\/","url_meta":{"origin":13006,"position":3},"title":"Ana Borzone: Las escuelas permiten a los chicos llegar a la secundaria sin saber leer ni escribir","author":"Web del Maestro CMF","date":"19 junio, 2025","format":false,"excerpt":"Cuando se habla de la crisis de nuestra escuela, casi siempre se evocan motivos econ\u00f3micos -bajo presupuesto, ca\u00edda general de la econom\u00eda, pobreza, etc.- pero Ana Borzone, investigadora principal del Conicet que desde hace d\u00e9cadas coordina equipos que estudian los m\u00e9todos de ense\u00f1anza de la lectoescritura, apunta a una causa\u2026","rel":"","context":"En \u00abEntrevistas\u00bb","block_context":{"text":"Entrevistas","link":"https:\/\/webdelmaestrocmf.com\/portal\/category\/noticias\/entrevistas\/"},"img":{"alt_text":"","src":"https:\/\/i0.wp.com\/webdelmaestrocmf.com\/portal\/wp-content\/uploads\/2025\/06\/1A-Banner-1-portada-imagen-10-1-copia-28.jpg?resize=350%2C200&ssl=1","width":350,"height":200,"srcset":"https:\/\/i0.wp.com\/webdelmaestrocmf.com\/portal\/wp-content\/uploads\/2025\/06\/1A-Banner-1-portada-imagen-10-1-copia-28.jpg?resize=350%2C200&ssl=1 1x, https:\/\/i0.wp.com\/webdelmaestrocmf.com\/portal\/wp-content\/uploads\/2025\/06\/1A-Banner-1-portada-imagen-10-1-copia-28.jpg?resize=525%2C300&ssl=1 1.5x, https:\/\/i0.wp.com\/webdelmaestrocmf.com\/portal\/wp-content\/uploads\/2025\/06\/1A-Banner-1-portada-imagen-10-1-copia-28.jpg?resize=700%2C400&ssl=1 2x"},"classes":[]},{"id":116840,"url":"https:\/\/webdelmaestrocmf.com\/portal\/miles-de-estudiantes-llegan-a-secundaria-y-a-la-universidad-sin-saber-leer-ni-escribir-bien\/","url_meta":{"origin":13006,"position":4},"title":"Miles de estudiantes llegan a secundaria y a la universidad sin saber leer ni escribir bien","author":"Web del Maestro CMF","date":"24 marzo, 2026","format":false,"excerpt":"Casos como el de Aleysha \u2014quien se gradu\u00f3 con honores sin dominar estas habilidades\u2014 lo confirman con crudeza. Tal como advierte Ana Borzone, no se trata de una excepci\u00f3n, sino de un sistema que ha dejado de ense\u00f1ar de manera sistem\u00e1tica, promoviendo sin asegurar aprendizajes reales.","rel":"","context":"En \u00abNoticias Internacionales\u00bb","block_context":{"text":"Noticias Internacionales","link":"https:\/\/webdelmaestrocmf.com\/portal\/category\/noticias-internacionales\/"},"img":{"alt_text":"","src":"https:\/\/i0.wp.com\/webdelmaestrocmf.com\/portal\/wp-content\/uploads\/2026\/03\/1AA-Banner-1-portada-imagen-10-1-copia-23.webp?resize=350%2C200&ssl=1","width":350,"height":200,"srcset":"https:\/\/i0.wp.com\/webdelmaestrocmf.com\/portal\/wp-content\/uploads\/2026\/03\/1AA-Banner-1-portada-imagen-10-1-copia-23.webp?resize=350%2C200&ssl=1 1x, https:\/\/i0.wp.com\/webdelmaestrocmf.com\/portal\/wp-content\/uploads\/2026\/03\/1AA-Banner-1-portada-imagen-10-1-copia-23.webp?resize=525%2C300&ssl=1 1.5x, https:\/\/i0.wp.com\/webdelmaestrocmf.com\/portal\/wp-content\/uploads\/2026\/03\/1AA-Banner-1-portada-imagen-10-1-copia-23.webp?resize=700%2C400&ssl=1 2x, https:\/\/i0.wp.com\/webdelmaestrocmf.com\/portal\/wp-content\/uploads\/2026\/03\/1AA-Banner-1-portada-imagen-10-1-copia-23.webp?resize=1050%2C600&ssl=1 3x"},"classes":[]},{"id":2735,"url":"https:\/\/webdelmaestrocmf.com\/portal\/si-los-docentes-no-leen-son-incapaces-de-transmitir-el-placer-de-la-lectura\/","url_meta":{"origin":13006,"position":5},"title":"Emilia Ferreiro: Si los docentes no leen, son incapaces de transmitir el placer de la lectura","author":"Web del Maestro CMF","date":"8 enero, 2024","format":false,"excerpt":"Un docente que no lee no puede contagiar el gusto por la lectura. Ense\u00f1ar a leer no es solo t\u00e9cnica, es transmitir experiencia, emoci\u00f3n y sentido real hacia los textos.","rel":"","context":"En \u00abEntrevistas\u00bb","block_context":{"text":"Entrevistas","link":"https:\/\/webdelmaestrocmf.com\/portal\/category\/noticias\/entrevistas\/"},"img":{"alt_text":"","src":"https:\/\/i0.wp.com\/webdelmaestrocmf.com\/portal\/wp-content\/uploads\/2018\/05\/A12B3C4D-2.jpg?resize=350%2C200&ssl=1","width":350,"height":200,"srcset":"https:\/\/i0.wp.com\/webdelmaestrocmf.com\/portal\/wp-content\/uploads\/2018\/05\/A12B3C4D-2.jpg?resize=350%2C200&ssl=1 1x, https:\/\/i0.wp.com\/webdelmaestrocmf.com\/portal\/wp-content\/uploads\/2018\/05\/A12B3C4D-2.jpg?resize=525%2C300&ssl=1 1.5x, https:\/\/i0.wp.com\/webdelmaestrocmf.com\/portal\/wp-content\/uploads\/2018\/05\/A12B3C4D-2.jpg?resize=700%2C400&ssl=1 2x"},"classes":[]}],"_links":{"self":[{"href":"https:\/\/webdelmaestrocmf.com\/portal\/wp-json\/wp\/v2\/posts\/13006","targetHints":{"allow":["GET"]}}],"collection":[{"href":"https:\/\/webdelmaestrocmf.com\/portal\/wp-json\/wp\/v2\/posts"}],"about":[{"href":"https:\/\/webdelmaestrocmf.com\/portal\/wp-json\/wp\/v2\/types\/post"}],"author":[{"embeddable":true,"href":"https:\/\/webdelmaestrocmf.com\/portal\/wp-json\/wp\/v2\/users\/1"}],"replies":[{"embeddable":true,"href":"https:\/\/webdelmaestrocmf.com\/portal\/wp-json\/wp\/v2\/comments?post=13006"}],"version-history":[{"count":0,"href":"https:\/\/webdelmaestrocmf.com\/portal\/wp-json\/wp\/v2\/posts\/13006\/revisions"}],"wp:featuredmedia":[{"embeddable":true,"href":"https:\/\/webdelmaestrocmf.com\/portal\/wp-json\/wp\/v2\/media\/17340"}],"wp:attachment":[{"href":"https:\/\/webdelmaestrocmf.com\/portal\/wp-json\/wp\/v2\/media?parent=13006"}],"wp:term":[{"taxonomy":"category","embeddable":true,"href":"https:\/\/webdelmaestrocmf.com\/portal\/wp-json\/wp\/v2\/categories?post=13006"},{"taxonomy":"post_tag","embeddable":true,"href":"https:\/\/webdelmaestrocmf.com\/portal\/wp-json\/wp\/v2\/tags?post=13006"}],"curies":[{"name":"wp","href":"https:\/\/api.w.org\/{rel}","templated":true}]}}