{"id":12991,"date":"2022-04-29T11:00:48","date_gmt":"2022-04-29T15:00:48","guid":{"rendered":"http:\/\/webdelmaestrocmf.com\/portal\/?p=12991"},"modified":"2022-09-13T09:45:01","modified_gmt":"2022-09-13T12:45:01","slug":"sabes-trabajan-los-profesores-mira-lo-realizan-dia-dia-educar","status":"publish","type":"post","link":"https:\/\/webdelmaestrocmf.com\/portal\/sabes-trabajan-los-profesores-mira-lo-realizan-dia-dia-educar\/","title":{"rendered":"\u00bfSabes c\u00f3mo trabajan los profesores?"},"content":{"rendered":"<h5 style=\"text-align: justify;\">Las tareas de un docente en la comunidad educativa, es la consecuencia de una primera formaci\u00f3n docente s\u00f3lida y una permanente actualizaci\u00f3n.<\/h5>\n<h5 style=\"text-align: justify;\">Considere Usted si las ocho funciones, que compartimos gracias a la publicaci\u00f3n de la redacci\u00f3n de ELIGE EDUCAR (Chile), tendr\u00edan que ser conocidas, interiorizadas y practicadas por todos los que estamos en este hermoso mundo de la educaci\u00f3n; y si Ustedes a\u00f1adir\u00edan otras (de acuerdo a su realidad) como nos sugieren. Compartimos \u00e9ste art\u00edculo, con fines exclusivamente educativos \u2013 pastorales, y en la versi\u00f3n original.<\/h5>\n<p style=\"text-align: justify;\">Todos los d\u00edas nuestros profesores se enfrentan a una serie de desaf\u00edos para educar a nuestros alumnos.<\/p>\n<p style=\"text-align: justify;\"><strong>Es por esto que muchas veces los docentes son modelos a seguir para sus estudiantes<\/strong>, sobre todo por la forma en que relacionan con ellos y c\u00f3mo generan el proceso de ense\u00f1anza-aprendizaje para entregarlas las herramientas necesarias para su posterior desarrollo.<\/p>\n<p style=\"text-align: justify;\"><!--more--><\/p>\n<p style=\"text-align: justify;\">Hace unos d\u00edas compartimos con ustedes una serie de caracter\u00edsticas con que los profesores cuentan, y que cualquier profesional quisiera tener. En esta ocasi\u00f3n, les dejamos una lista con algunas de las muchas funciones que realizan los docentes, y que dan cuenta de\u00a0<strong>c\u00f3mo ellos trabajan d\u00eda a d\u00eda por mejorar la ense\u00f1anza<\/strong> de nuestro pa\u00eds.<\/p>\n<ol style=\"text-align: justify;\">\n<li><strong>Trabajo riguroso de preparaci\u00f3n<\/strong>: los profesores saben perfectamente de lo que est\u00e1n hablando, conocen ampliamente lo que ense\u00f1an en clases y est\u00e1n listos para resolver cualquier duda, lo que incentiva a sus alumnos a querer saber y aprender m\u00e1s.<\/li>\n<li><strong>Explican de forma clara y precisa<\/strong>: el proceso de ense\u00f1anza implica que los docentes se expresen adecuadamente, ya que el aprendizaje implica una comunicaci\u00f3n acertada entre el profesor y el estudiante para facilitar la comprensi\u00f3n.<\/li>\n<li><strong>Puntualidad a toda costa<\/strong>: los profesores son siempre los primeros en llegar a la sala de clases, porque al llegar temprano al aula pueden atender detalles necesarios o anticiparse a alguna complicaci\u00f3n antes de empezar la clase.<\/li>\n<li><strong>Incorporan el uso de la tecnolog\u00eda<\/strong>: en plena era de la informaci\u00f3n, muchas veces el estar al d\u00eda puede \u00a0significar un reto, pero los profesores saben sacarle el m\u00e1ximo provecho a la tecnolog\u00eda para utilizarla en las materias y motivar a los estudiantes.<\/li>\n<li><strong>Trabajan la empat\u00eda<\/strong>: cada d\u00eda los docentes promueven la autoconfianza en nuestros estudiantes, ya sea a trav\u00e9s de la sensibilidad que desarrollan que mantienen durante el proceso de desarrollo de los alumnos, o para enfrentar de la mejor forma situaciones complejas.<\/li>\n<li>Incentivan la participaci\u00f3n: los profesores permiten que los estudiantes interactu\u00e9n, fortalezcan su autoestima y generen un ambiente de participaci\u00f3n, aspectos muy importantes para el proceso de aprendizaje.<\/li>\n<li><strong>Permanentemente actualizados<\/strong>: para mejorar sus estrategias y pr\u00e1cticas pedag\u00f3gicas, los profesores est\u00e1n constantemente capacit\u00e1ndose, asistiendo a seminarios y cursos, o realizando programas de perfeccionamiento como diplomados o doctorados.<\/li>\n<li>Crean aulas emocionalmente seguras: los profesores est\u00e1n atentos para evitar las burlas o faltas de respeto entre sus estudiantes, pero a la vez est\u00e1n preocupados de fomentar la libertad de expresi\u00f3n y pensamiento, facilitando un ambiente seguro para la ense\u00f1anza.<\/li>\n<\/ol>\n<p><img loading=\"lazy\" decoding=\"async\" class=\"alignnone size-large wp-image-59949\" src=\"https:\/\/webdelmaestrocmf.com\/portal\/wp-content\/uploads\/2021\/02\/1-copia-82-1024x633.jpg\" alt=\"\" width=\"1024\" height=\"633\" srcset=\"https:\/\/webdelmaestrocmf.com\/portal\/wp-content\/uploads\/2021\/02\/1-copia-82-1024x633.jpg 1024w, https:\/\/webdelmaestrocmf.com\/portal\/wp-content\/uploads\/2021\/02\/1-copia-82-300x185.jpg 300w, https:\/\/webdelmaestrocmf.com\/portal\/wp-content\/uploads\/2021\/02\/1-copia-82-768x475.jpg 768w, https:\/\/webdelmaestrocmf.com\/portal\/wp-content\/uploads\/2021\/02\/1-copia-82-110x68.jpg 110w, https:\/\/webdelmaestrocmf.com\/portal\/wp-content\/uploads\/2021\/02\/1-copia-82-200x124.jpg 200w, https:\/\/webdelmaestrocmf.com\/portal\/wp-content\/uploads\/2021\/02\/1-copia-82-380x235.jpg 380w, https:\/\/webdelmaestrocmf.com\/portal\/wp-content\/uploads\/2021\/02\/1-copia-82-255x158.jpg 255w, https:\/\/webdelmaestrocmf.com\/portal\/wp-content\/uploads\/2021\/02\/1-copia-82-550x340.jpg 550w, https:\/\/webdelmaestrocmf.com\/portal\/wp-content\/uploads\/2021\/02\/1-copia-82-800x495.jpg 800w, https:\/\/webdelmaestrocmf.com\/portal\/wp-content\/uploads\/2021\/02\/1-copia-82-220x136.jpg 220w, https:\/\/webdelmaestrocmf.com\/portal\/wp-content\/uploads\/2021\/02\/1-copia-82-400x247.jpg 400w, https:\/\/webdelmaestrocmf.com\/portal\/wp-content\/uploads\/2021\/02\/1-copia-82-760x470.jpg 760w, https:\/\/webdelmaestrocmf.com\/portal\/wp-content\/uploads\/2021\/02\/1-copia-82-510x315.jpg 510w, https:\/\/webdelmaestrocmf.com\/portal\/wp-content\/uploads\/2021\/02\/1-copia-82-600x371.jpg 600w, https:\/\/webdelmaestrocmf.com\/portal\/wp-content\/uploads\/2021\/02\/1-copia-82.jpg 1100w\" sizes=\"auto, (max-width: 1024px) 100vw, 1024px\" \/><\/p>\n<h5 class=\"entry-title fusion-post-title\">Desaf\u00edos a partir de la cuarentena<\/h5>\n<p>Desde las reflexiones de los y las docentes, queremos plantear algunos aprendizajes y desaf\u00edos para la educaci\u00f3n en este contexto:<\/p>\n<h5>1. El valor insustituible y creatividad de los y las docentes.<\/h5>\n<p style=\"text-align: justify;\">Ante temores, incertidumbres y tambi\u00e9n presiones de varios actores,<strong> hemos apreciado una vez m\u00e1s el compromiso, sentido \u00e9tico y creatividad pedag\u00f3gica de los maestros.<\/strong><\/p>\n<p style=\"text-align: justify;\">Hoy, los profesores y profesoras siguen siendo los grandes mediadores de aprendizaje, ahora remotamente. A pesar de las barreras en accesibilidad inform\u00e1tica y sin contar necesariamente con una formaci\u00f3n en herramientas digitales, los y las docentes han buscado e inventado pr\u00e1cticas de trabajo a distancia.<\/p>\n<p style=\"text-align: justify;\">Si bien muchos han utilizado herramientas digitales m\u00e1s sofisticadas, otros simplemente han aprovechado canales y aplicaciones ya conocidas por ellos mismos, sus estudiantes y familias, para facilitar el acercamiento a la ense\u00f1anza, como Whatsapp, Instagram o Facebook.\u00a0<strong>Incluso algunos en zonas rurales se han organizado, a trav\u00e9s de sus colegios, con las autoridades locales y el Estado central para llevar material pedag\u00f3gico a los hogares.<\/strong><\/p>\n<p style=\"text-align: justify;\">Pero m\u00e1s all\u00e1 del medio utilizado,<strong>\u00a0lo m\u00e1s destacable ha sido la creatividad para adaptar contenidos y pr\u00e1cticas, manteni\u00e9ndose conectados con sus estudiantes.<\/strong><\/p>\n<h5 style=\"text-align: justify;\">2. La desigualdad entre escuelas es evidente, pero no detiene a los y las docentes.<\/h5>\n<p style=\"text-align: justify;\">La pandemia ha contribuido a visibilizar parte de la desigualdad que nos aqueja, que no es solo de acceso a tecnolog\u00edas, sino tambi\u00e9n de capital cultural del hogar y de las posibilidades apoyo emocional de cada familia.\u00a0<strong>En contextos de mayor vulnerabilidad social, el proceso educativo se complejiza \u2013no solo la ense\u00f1anza remota\u2013, y por lo mismo, en estos sectores, es m\u00e1s importante el apoyo gubernamental.<\/strong><\/p>\n<p style=\"text-align: justify;\">Por lo tanto, por una parte, es clave reconocer las carencias existentes y que el Estado contribuya a romper la brecha digital y fortalecer el apoyo social. Por otra, es relevante que los establecimientos educacionales identifiquen los mejores mecanismos de apoyo educativo. As\u00ed, si bien ser\u00e1 dif\u00edcil impulsar actividades pedag\u00f3gicas de forma digital, s\u00ed es posible dar orientaciones pedag\u00f3gicas y retroalimentaci\u00f3n , as\u00ed como escuchar y \u2013en parte\u2013 contener desde medios m\u00e1s accesibles, como el tel\u00e9fono, Whatsapp u otras redes sociales con alta presencia.<\/p>\n<p style=\"text-align: justify;\">As\u00ed, en estas realidades,\u00a0<strong>hemos visto ejemplos creativos de docentes que logran conectarse con sus estudiantes y familias de forma sencilla, manteniendo activo el proceso educativo.<\/strong><\/p>\n<h5 style=\"text-align: justify;\">3. Ampliar el campo de aprendizaje.<\/h5>\n<p style=\"text-align: justify;\">Durante la cuarentena, los y las docentes nos han mostrado que es posible impulsar el aprendizaje m\u00e1s all\u00e1 de la sala de clases.\u00a0Una cocina, un celular, una conversaci\u00f3n virtual\u00a0o una pr\u00e1ctica de meditaci\u00f3n en la casa se pueden transformar en espacios de aprendizaje.\u00a0<strong>As\u00ed, los profesores y profesoras nos permiten redescubrir que el curr\u00edculum est\u00e1 en nuestra vida cotidiana y que es posible \u2013y necesario\u2013 buscar formas innovadoras para la ense\u00f1anza.<\/strong><\/p>\n<p style=\"text-align: justify;\">En este tiempo, hemos visto que podemos aprender fracciones al compartir el pan, ampliar el vocabulario al jugar bachillerato, y explorar ciencias al sembrar una lenteja.\u00a0<strong>Esta concepci\u00f3n amplia del espacio educativo, tambi\u00e9n permite dotar de sentido y pertinencia al aprendizaje, para que \u00e9ste sea significativo y m\u00e1s efectivo desde la cotidianidad y realidad de los y las estudiantes.<\/strong><\/p>\n<h5 style=\"text-align: justify;\">4. Ampliar el sentido de la educaci\u00f3n.<\/h5>\n<p style=\"text-align: justify;\">Por su parte, este contexto es una oportunidad para valorar el sentido amplio e integral de la educaci\u00f3n.\u00a0<strong>Sabemos que la educaci\u00f3n es m\u00e1s que contenidos; es el\u00a0desarrollo de habilidades socioemocionales, es la promoci\u00f3n del compromiso c\u00edvico y, sobre todo, permite \u2013o debiera permitir\u2013 la b\u00fasqueda de la realizaci\u00f3n individual y social.<\/strong><\/p>\n<p style=\"text-align: justify;\">Por lo mismo, este es un periodo relevante para preguntarnos con qu\u00e9 lecciones vitales nos vamos a quedar cuando termine la cuarentena. Probablemente, con esta realidad, valoremos m\u00e1s el sentido de vivir en comunidad, las repercusiones sociales de los actos de todos \u2013como quedarnos en casa\u2013 y el valor de las interacciones humanas.\u00a0<strong>Asimismo, es una oportunidad para abordar elementos como el autocuidado y la empat\u00eda, entendiendo y considerando las emociones de quienes est\u00e1n alrededor, y de quienes est\u00e1n viviendo otras situaciones adversas.<\/strong><\/p>\n<p style=\"text-align: justify;\">En este contexto, tambi\u00e9n podemos desarrollar la creatividad, la capacidad de resolver problemas de otras maneras y aprender a relacionarnos con nuestro entorno cotidiano de forma distinta. Todos estos aspectos son esenciales en una educaci\u00f3n de calidad, e incluso son parte del curr\u00edculum de varios pa\u00edses.<\/p>\n<p style=\"text-align: justify;\">Particularmente, en estos d\u00edas excepcionales, el sistema educativo debiera recoger elementos presentes en la educaci\u00f3n inicial.\u00a0<strong>En este nivel \u2013desde sala cuna a k\u00ednder\u2013, se promueve una educaci\u00f3n m\u00e1s hol\u00edstica, preocupada del desarrollo integral del ser humano, considerando su interacci\u00f3n en la sociedad, la naturaleza y poniendo un mayor \u00e9nfasis en la educaci\u00f3n socioemocional.<\/strong><\/p>\n<h5>5. El bienestar y salud mental de los y las estudiantes es lo m\u00e1s importante.<\/h5>\n<p style=\"text-align: justify;\">El bienestar emocional de los y las estudiantes es un bien en s\u00ed mismo, por el que siempre debemos velar como sociedad. Adem\u00e1s, ese bienestar es una condici\u00f3n necesaria para el aprendizaje: \u00bfc\u00f3mo puede aprender un estudiante estresado? Por lo dem\u00e1s, todo proceso educativo debe considerar la integralidad de cada estudiante. Ser una oportunidad y no una carga. Una puerta a la imaginaci\u00f3n, la curiosidad y el asombro. En definitiva, la educaci\u00f3n esencialmente considera el bienestar e individualidad de los y las estudiantes.<\/p>\n<p style=\"text-align: justify;\">Por lo mismo, es fundamental no solo ofrecer contenidos sino contenci\u00f3n. As\u00ed, es clave escuchar y entender la realidad de las familias, para proponer orientaciones flexibles y logrables dentro de su cotidianidad y con sus limitaciones.\u00a0<strong>Asimismo, es relevante que los y las apoderados comprendan el rol, tiempos y sentido del ejercicio docente, evitando presiones indebidas<\/strong>.<\/p>\n<p style=\"text-align: justify;\">Adem\u00e1s, para que los y las estudiantes cuenten con el respaldo socioemocional necesario, los y las maestros tambi\u00e9n deben cuidarse. Los espacios de contenci\u00f3n y apoyo entre los docentes, son fundamentales.<\/p>\n<p style=\"text-align: justify;\">En definitiva, los y las estudiantes no olvidar\u00e1n jam\u00e1s este tiempo extraordinario que vivimos.\u00a0<strong>Por lo mismo, con la orientaci\u00f3n e interacci\u00f3n de profesores y profesoras \u2013y la colaboraci\u00f3n de apoderados y cuidadores\u2013, es posible aprovecharlo, para promover aprendizajes amplios y significativos que podr\u00e1n marcar sus vidas para siempre.<\/strong><\/p>\n<p style=\"text-align: justify;\">\u00bfQu\u00e9 otro aspecto crees que refleja la labor que hacen nuestros profesores por educar a miles de estudiantes? \u00a1Comenta con nosotros!<\/p>\n<p style=\"text-align: justify;\"><strong class=\"last-child first-child\"><span class=\"last-child first-child\">Este contenido ha sido publicado originalmente por Elige Educar\u00a0en la siguiente direcci\u00f3n: <a href=\"http:\/\/eligeeducar.cl\/sabes-como-trabajan-los-profesores\" target=\"_blank\" rel=\"noopener\">eligeeducar.cl<\/a><\/span><\/strong><\/p>\n\t\t<div class=\"pk-inline-posts\">\n\t\t\t\n\t\t\t<div class=\"pk-inline-posts-container pk-inline-posts-template-list\"\n\t\t\t\tdata-columns=\"1\">\n\t\t\t\t\t\t<article id=\"post-28153\" class=\"post-28153 post type-post status-publish format-standard has-post-thumbnail category-consejos category-docentes category-pedagogia tag-adaptacion-a-diversidad tag-adaptacion-curricular tag-aprendizaje-activo tag-clases tag-diseno-curricular tag-diseno-de-actividades tag-diseno-de-lecciones tag-diseno-de-unidades-didacticas tag-eficiente tag-enfoque-centrado-en-el-estudiante tag-estrategias-de-ensenanza tag-estrategias-de-ensenanza-efectiva tag-estrategias-de-instruccion tag-estrategias-de-participacion tag-evaluacion-autentica tag-evaluacion-del-aprendizaje tag-evaluacion-formativa tag-evaluacion-sumativa tag-instruccion-diferenciada tag-manera tag-medicion-del-progreso tag-metodologia-educativa tag-motivacion-del-estudiante tag-objetivos-de-aprendizaje tag-planificacion-a-corto-plazo tag-planificacion-a-largo-plazo tag-planificacion-de-clases tag-planificar tag-recursos-didacticos tag-retroalimentacion-formativa tag-secuencia-didactica tag-taxonomia-de-bloom tag-tecnicas-de-organizacion tag-uso-de-tecnologia-educativa cs-entry cs-video-wrap\">\n\t\t\t<div class=\"pk-post-outer\">\n\n\t\t\t\t\t\t\t\t<div class=\"pk-post-inner\">\n\t\t\t\t\t<div class=\"entry-thumbnail\">\n\t\t\t\t\t\t<div class=\"pk-overlay pk-overlay-ratio pk-ratio-landscape\">\n\t\t\t\t\t\t\t<div class=\"pk-overlay-background\">\n\t\t\t\t\t\t\t\t<a href=\"https:\/\/webdelmaestrocmf.com\/portal\/como-planificar-las-clases-de-manera-eficiente\/\" class=\"pk-overlay-link\">\n\t\t\t\t\t\t\t\t\t<img loading=\"lazy\" decoding=\"async\" width=\"300\" height=\"225\" src=\"https:\/\/webdelmaestrocmf.com\/portal\/wp-content\/uploads\/2026\/02\/1AA-Banner-1-portada-imagen-10-1-copia-16-300x225.webp\" class=\"attachment-pk-thumbnail size-pk-thumbnail wp-post-image\" alt=\"\" \/>\t\t\t\t\t\t\t\t<\/a>\n\t\t\t\t\t\t\t<\/div>\n\t\t\t\t\t\t<\/div>\n\t\t\t\t\t<\/div>\n\t\t\t\t<\/div>\n\t\t\t\t\n\t\t\t\t<div class=\"pk-post-inner\">\n\t\t\t\t\t<header>\n\t\t\t\t\t\t<h3 class=\"pk-title\"><a href=\"https:\/\/webdelmaestrocmf.com\/portal\/como-planificar-las-clases-de-manera-eficiente\/\" rel=\"bookmark\">C\u00f3mo planificar las clases de manera eficiente: descarga las mejores plantillas de planificaci\u00f3n de clases<\/a><\/h3>\t\t\t\t\t<\/header><!-- .entry-header -->\n\t\t\t\t<\/div><!-- .post-inner -->\n\n\t\t\t<\/div><!-- .post-outer -->\n\t\t<\/article>\n\t\t\t\t<\/div>\n\t\t<\/div>\n\t\t\n","protected":false},"excerpt":{"rendered":"Las tareas de un docente en la comunidad educativa, es la consecuencia de una primera formaci\u00f3n docente s\u00f3lida&hellip;","protected":false},"author":1,"featured_media":59947,"comment_status":"open","ping_status":"open","sticky":false,"template":"","format":"standard","meta":{"csco_display_header_overlay":false,"csco_singular_sidebar":"default","csco_page_header_type":"default","csco_page_load_nextpost":"default","csco_post_video_location":[],"csco_post_video_location_hash":"","csco_post_video_url":"","csco_post_video_bg_start_time":0,"csco_post_video_bg_end_time":0,"csco_post_video_bg_volume":false,"_jetpack_memberships_contains_paid_content":false,"footnotes":""},"categories":[570,735],"tags":[1642,1643,62,1641],"class_list":{"0":"post-12991","1":"post","2":"type-post","3":"status-publish","4":"format-standard","5":"has-post-thumbnail","7":"category-docentes","8":"category-pedagogia","9":"tag-dia-a-dia","10":"tag-por-educar","11":"tag-profesores","12":"tag-trabajan","13":"cs-entry","14":"cs-video-wrap"},"yoast_head":"<!-- This site is optimized with the Yoast SEO plugin v27.5 - https:\/\/yoast.com\/product\/yoast-seo-wordpress\/ -->\n<title>\u00bfSabes c\u00f3mo trabajan los profesores? - 2026<\/title>\n<meta name=\"description\" content=\"Comunidad de Maestros, Docentes y Profesores, en donde encontrar\u00e1s material e informaci\u00f3n sobre Educaci\u00f3n, Pedagog\u00eda, experiencias...\" \/>\n<meta name=\"robots\" content=\"index, follow, max-snippet:-1, max-image-preview:large, max-video-preview:-1\" \/>\n<link rel=\"canonical\" href=\"https:\/\/webdelmaestrocmf.com\/portal\/sabes-trabajan-los-profesores-mira-lo-realizan-dia-dia-educar\/\" \/>\n<meta property=\"og:locale\" content=\"es_ES\" \/>\n<meta property=\"og:type\" content=\"article\" \/>\n<meta property=\"og:title\" content=\"\u00bfSabes c\u00f3mo trabajan los profesores? - 2026\" \/>\n<meta property=\"og:description\" content=\"Comunidad de Maestros, Docentes y Profesores, en donde encontrar\u00e1s material e informaci\u00f3n sobre Educaci\u00f3n, Pedagog\u00eda, experiencias...\" \/>\n<meta property=\"og:url\" content=\"https:\/\/webdelmaestrocmf.com\/portal\/sabes-trabajan-los-profesores-mira-lo-realizan-dia-dia-educar\/\" \/>\n<meta property=\"og:site_name\" content=\"Web del Maestro CMF\" \/>\n<meta property=\"article:publisher\" content=\"https:\/\/www.facebook.com\/WebdelMaestroCMF\/\" \/>\n<meta property=\"article:author\" content=\"https:\/\/www.facebook.com\/WebdelMaestroCMF\/\" \/>\n<meta property=\"article:published_time\" content=\"2022-04-29T15:00:48+00:00\" \/>\n<meta property=\"article:modified_time\" content=\"2022-09-13T12:45:01+00:00\" \/>\n<meta property=\"og:image\" content=\"https:\/\/i0.wp.com\/webdelmaestrocmf.com\/portal\/wp-content\/uploads\/2017\/01\/1-copia-1.jpg?fit=1100%2C680&ssl=1\" \/>\n\t<meta property=\"og:image:width\" content=\"1100\" \/>\n\t<meta property=\"og:image:height\" content=\"680\" \/>\n\t<meta property=\"og:image:type\" content=\"image\/jpeg\" \/>\n<meta name=\"author\" content=\"Web del Maestro CMF\" \/>\n<meta name=\"twitter:card\" content=\"summary_large_image\" \/>\n<meta name=\"twitter:creator\" content=\"@cmf_w\" \/>\n<meta name=\"twitter:site\" content=\"@cmf_w\" \/>\n<script type=\"application\/ld+json\" class=\"yoast-schema-graph\">{\"@context\":\"https:\\\/\\\/schema.org\",\"@graph\":[{\"@type\":\"ScholarlyArticle\",\"@id\":\"https:\\\/\\\/webdelmaestrocmf.com\\\/portal\\\/sabes-trabajan-los-profesores-mira-lo-realizan-dia-dia-educar\\\/#article\",\"isPartOf\":{\"@id\":\"https:\\\/\\\/webdelmaestrocmf.com\\\/portal\\\/sabes-trabajan-los-profesores-mira-lo-realizan-dia-dia-educar\\\/\"},\"author\":{\"name\":\"Web del Maestro CMF\",\"@id\":\"https:\\\/\\\/webdelmaestrocmf.com\\\/portal\\\/#\\\/schema\\\/person\\\/1072a2ed7bd960df8ef99a551fa35dc5\"},\"headline\":\"\u00bfSabes c\u00f3mo trabajan los profesores?\",\"datePublished\":\"2022-04-29T15:00:48+00:00\",\"dateModified\":\"2022-09-13T12:45:01+00:00\",\"mainEntityOfPage\":{\"@id\":\"https:\\\/\\\/webdelmaestrocmf.com\\\/portal\\\/sabes-trabajan-los-profesores-mira-lo-realizan-dia-dia-educar\\\/\"},\"wordCount\":1657,\"commentCount\":0,\"publisher\":{\"@id\":\"https:\\\/\\\/webdelmaestrocmf.com\\\/portal\\\/#organization\"},\"image\":{\"@id\":\"https:\\\/\\\/webdelmaestrocmf.com\\\/portal\\\/sabes-trabajan-los-profesores-mira-lo-realizan-dia-dia-educar\\\/#primaryimage\"},\"thumbnailUrl\":\"https:\\\/\\\/webdelmaestrocmf.com\\\/portal\\\/wp-content\\\/uploads\\\/2017\\\/01\\\/1-copia-1.jpg\",\"keywords\":[\"D\u00cdA A D\u00cdA\",\"POR EDUCAR\",\"profesores\",\"TRABAJAN\"],\"articleSection\":[\"Docentes\",\"Recursos\"],\"inLanguage\":\"es\",\"potentialAction\":[{\"@type\":\"CommentAction\",\"name\":\"Comment\",\"target\":[\"https:\\\/\\\/webdelmaestrocmf.com\\\/portal\\\/sabes-trabajan-los-profesores-mira-lo-realizan-dia-dia-educar\\\/#respond\"]}]},{\"@type\":\"WebPage\",\"@id\":\"https:\\\/\\\/webdelmaestrocmf.com\\\/portal\\\/sabes-trabajan-los-profesores-mira-lo-realizan-dia-dia-educar\\\/\",\"url\":\"https:\\\/\\\/webdelmaestrocmf.com\\\/portal\\\/sabes-trabajan-los-profesores-mira-lo-realizan-dia-dia-educar\\\/\",\"name\":\"\u00bfSabes c\u00f3mo trabajan los profesores? - 2026\",\"isPartOf\":{\"@id\":\"https:\\\/\\\/webdelmaestrocmf.com\\\/portal\\\/#website\"},\"primaryImageOfPage\":{\"@id\":\"https:\\\/\\\/webdelmaestrocmf.com\\\/portal\\\/sabes-trabajan-los-profesores-mira-lo-realizan-dia-dia-educar\\\/#primaryimage\"},\"image\":{\"@id\":\"https:\\\/\\\/webdelmaestrocmf.com\\\/portal\\\/sabes-trabajan-los-profesores-mira-lo-realizan-dia-dia-educar\\\/#primaryimage\"},\"thumbnailUrl\":\"https:\\\/\\\/webdelmaestrocmf.com\\\/portal\\\/wp-content\\\/uploads\\\/2017\\\/01\\\/1-copia-1.jpg\",\"datePublished\":\"2022-04-29T15:00:48+00:00\",\"dateModified\":\"2022-09-13T12:45:01+00:00\",\"description\":\"Comunidad de Maestros, Docentes y Profesores, en donde encontrar\u00e1s material e informaci\u00f3n sobre Educaci\u00f3n, Pedagog\u00eda, experiencias...\",\"breadcrumb\":{\"@id\":\"https:\\\/\\\/webdelmaestrocmf.com\\\/portal\\\/sabes-trabajan-los-profesores-mira-lo-realizan-dia-dia-educar\\\/#breadcrumb\"},\"inLanguage\":\"es\",\"potentialAction\":[{\"@type\":\"ReadAction\",\"target\":[\"https:\\\/\\\/webdelmaestrocmf.com\\\/portal\\\/sabes-trabajan-los-profesores-mira-lo-realizan-dia-dia-educar\\\/\"]}]},{\"@type\":\"ImageObject\",\"inLanguage\":\"es\",\"@id\":\"https:\\\/\\\/webdelmaestrocmf.com\\\/portal\\\/sabes-trabajan-los-profesores-mira-lo-realizan-dia-dia-educar\\\/#primaryimage\",\"url\":\"https:\\\/\\\/webdelmaestrocmf.com\\\/portal\\\/wp-content\\\/uploads\\\/2017\\\/01\\\/1-copia-1.jpg\",\"contentUrl\":\"https:\\\/\\\/webdelmaestrocmf.com\\\/portal\\\/wp-content\\\/uploads\\\/2017\\\/01\\\/1-copia-1.jpg\",\"width\":1100,\"height\":680},{\"@type\":\"BreadcrumbList\",\"@id\":\"https:\\\/\\\/webdelmaestrocmf.com\\\/portal\\\/sabes-trabajan-los-profesores-mira-lo-realizan-dia-dia-educar\\\/#breadcrumb\",\"itemListElement\":[{\"@type\":\"ListItem\",\"position\":1,\"name\":\"Portada\",\"item\":\"https:\\\/\\\/webdelmaestrocmf.com\\\/portal\\\/\"},{\"@type\":\"ListItem\",\"position\":2,\"name\":\"Recursos\",\"item\":\"https:\\\/\\\/webdelmaestrocmf.com\\\/portal\\\/category\\\/pedagogia\\\/\"},{\"@type\":\"ListItem\",\"position\":3,\"name\":\"\u00bfSabes c\u00f3mo trabajan los profesores?\"}]},{\"@type\":\"WebSite\",\"@id\":\"https:\\\/\\\/webdelmaestrocmf.com\\\/portal\\\/#website\",\"url\":\"https:\\\/\\\/webdelmaestrocmf.com\\\/portal\\\/\",\"name\":\"Web del Maestro CMF\",\"description\":\"Maestros al servicio de la educaci\u00f3n\",\"publisher\":{\"@id\":\"https:\\\/\\\/webdelmaestrocmf.com\\\/portal\\\/#organization\"},\"alternateName\":\"WMCMF\",\"potentialAction\":[{\"@type\":\"SearchAction\",\"target\":{\"@type\":\"EntryPoint\",\"urlTemplate\":\"https:\\\/\\\/webdelmaestrocmf.com\\\/portal\\\/?s={search_term_string}\"},\"query-input\":{\"@type\":\"PropertyValueSpecification\",\"valueRequired\":true,\"valueName\":\"search_term_string\"}}],\"inLanguage\":\"es\"},{\"@type\":\"Organization\",\"@id\":\"https:\\\/\\\/webdelmaestrocmf.com\\\/portal\\\/#organization\",\"name\":\"Web del Maestro CMF\",\"alternateName\":\"WMCMF\",\"url\":\"https:\\\/\\\/webdelmaestrocmf.com\\\/portal\\\/\",\"logo\":{\"@type\":\"ImageObject\",\"inLanguage\":\"es\",\"@id\":\"https:\\\/\\\/webdelmaestrocmf.com\\\/portal\\\/#\\\/schema\\\/logo\\\/image\\\/\",\"url\":\"https:\\\/\\\/webdelmaestrocmf.com\\\/portal\\\/wp-content\\\/uploads\\\/2023\\\/01\\\/logo-wmcmf-2.png\",\"contentUrl\":\"https:\\\/\\\/webdelmaestrocmf.com\\\/portal\\\/wp-content\\\/uploads\\\/2023\\\/01\\\/logo-wmcmf-2.png\",\"width\":200,\"height\":60,\"caption\":\"Web del Maestro CMF\"},\"image\":{\"@id\":\"https:\\\/\\\/webdelmaestrocmf.com\\\/portal\\\/#\\\/schema\\\/logo\\\/image\\\/\"},\"sameAs\":[\"https:\\\/\\\/www.facebook.com\\\/WebdelMaestroCMF\\\/\",\"https:\\\/\\\/x.com\\\/cmf_w\",\"https:\\\/\\\/www.pinterest.com\\\/WMCMF\\\/\",\"https:\\\/\\\/www.linkedin.com\\\/company\\\/web-del-maestro-cmf\\\/\",\"https:\\\/\\\/www.instagram.com\\\/wmcmf\\\/\",\"https:\\\/\\\/www.youtube.com\\\/channel\\\/UCDPSvjbdodE5sHnC3OxutHw\",\"https:\\\/\\\/mastodon.social\\\/@wmcmf\",\"https:\\\/\\\/www.tiktok.com\\\/@webdelmaestrocmf\"]},{\"@type\":\"Person\",\"@id\":\"https:\\\/\\\/webdelmaestrocmf.com\\\/portal\\\/#\\\/schema\\\/person\\\/1072a2ed7bd960df8ef99a551fa35dc5\",\"name\":\"Web del Maestro CMF\",\"image\":{\"@type\":\"ImageObject\",\"inLanguage\":\"es\",\"@id\":\"https:\\\/\\\/secure.gravatar.com\\\/avatar\\\/23291dd5b5ae1077dcff3dbb04c3e02bd28403fa75af6d8787d5e97c5bbbe30b?s=96&d=mm&r=g\",\"url\":\"https:\\\/\\\/secure.gravatar.com\\\/avatar\\\/23291dd5b5ae1077dcff3dbb04c3e02bd28403fa75af6d8787d5e97c5bbbe30b?s=96&d=mm&r=g\",\"contentUrl\":\"https:\\\/\\\/secure.gravatar.com\\\/avatar\\\/23291dd5b5ae1077dcff3dbb04c3e02bd28403fa75af6d8787d5e97c5bbbe30b?s=96&d=mm&r=g\",\"caption\":\"Web del Maestro CMF\"},\"description\":\"Esta Web se cre\u00f3 sin fines de lucro, con fines educativos, cient\u00edficos y acad\u00e9micos, para personas que tengan dificultades y\\\/o inconvenientes en visualizar el material original. El objetivo es entregar recursos, compartir experiencias y materiales que ayuden a los padres de familia, maestros y estudiantes en su actualizaci\u00f3n y formaci\u00f3n permanente, en bien de la Educaci\u00f3n.\",\"sameAs\":[\"http:\\\/\\\/webdelmaestrocmf.com\\\/portal\",\"https:\\\/\\\/www.facebook.com\\\/WebdelMaestroCMF\\\/\",\"https:\\\/\\\/www.instagram.com\\\/wmcmf\\\/\",\"https:\\\/\\\/cl.linkedin.com\\\/company\\\/web-del-maestro-cmf\",\"https:\\\/\\\/www.pinterest.com\\\/WMCMF\\\/publicaciones\\\/\",\"https:\\\/\\\/x.com\\\/cmf_w\",\"https:\\\/\\\/www.youtube.com\\\/@WMCMF\"]}]}<\/script>\n<!-- \/ Yoast SEO plugin. -->","yoast_head_json":{"title":"\u00bfSabes c\u00f3mo trabajan los profesores? - 2026","description":"Comunidad de Maestros, Docentes y Profesores, en donde encontrar\u00e1s material e informaci\u00f3n sobre Educaci\u00f3n, Pedagog\u00eda, experiencias...","robots":{"index":"index","follow":"follow","max-snippet":"max-snippet:-1","max-image-preview":"max-image-preview:large","max-video-preview":"max-video-preview:-1"},"canonical":"https:\/\/webdelmaestrocmf.com\/portal\/sabes-trabajan-los-profesores-mira-lo-realizan-dia-dia-educar\/","og_locale":"es_ES","og_type":"article","og_title":"\u00bfSabes c\u00f3mo trabajan los profesores? - 2026","og_description":"Comunidad de Maestros, Docentes y Profesores, en donde encontrar\u00e1s material e informaci\u00f3n sobre Educaci\u00f3n, Pedagog\u00eda, experiencias...","og_url":"https:\/\/webdelmaestrocmf.com\/portal\/sabes-trabajan-los-profesores-mira-lo-realizan-dia-dia-educar\/","og_site_name":"Web del Maestro CMF","article_publisher":"https:\/\/www.facebook.com\/WebdelMaestroCMF\/","article_author":"https:\/\/www.facebook.com\/WebdelMaestroCMF\/","article_published_time":"2022-04-29T15:00:48+00:00","article_modified_time":"2022-09-13T12:45:01+00:00","og_image":[{"width":1100,"height":680,"url":"https:\/\/i0.wp.com\/webdelmaestrocmf.com\/portal\/wp-content\/uploads\/2017\/01\/1-copia-1.jpg?fit=1100%2C680&ssl=1","type":"image\/jpeg"}],"author":"Web del Maestro CMF","twitter_card":"summary_large_image","twitter_creator":"@cmf_w","twitter_site":"@cmf_w","schema":{"@context":"https:\/\/schema.org","@graph":[{"@type":"ScholarlyArticle","@id":"https:\/\/webdelmaestrocmf.com\/portal\/sabes-trabajan-los-profesores-mira-lo-realizan-dia-dia-educar\/#article","isPartOf":{"@id":"https:\/\/webdelmaestrocmf.com\/portal\/sabes-trabajan-los-profesores-mira-lo-realizan-dia-dia-educar\/"},"author":{"name":"Web del Maestro CMF","@id":"https:\/\/webdelmaestrocmf.com\/portal\/#\/schema\/person\/1072a2ed7bd960df8ef99a551fa35dc5"},"headline":"\u00bfSabes c\u00f3mo trabajan los profesores?","datePublished":"2022-04-29T15:00:48+00:00","dateModified":"2022-09-13T12:45:01+00:00","mainEntityOfPage":{"@id":"https:\/\/webdelmaestrocmf.com\/portal\/sabes-trabajan-los-profesores-mira-lo-realizan-dia-dia-educar\/"},"wordCount":1657,"commentCount":0,"publisher":{"@id":"https:\/\/webdelmaestrocmf.com\/portal\/#organization"},"image":{"@id":"https:\/\/webdelmaestrocmf.com\/portal\/sabes-trabajan-los-profesores-mira-lo-realizan-dia-dia-educar\/#primaryimage"},"thumbnailUrl":"https:\/\/webdelmaestrocmf.com\/portal\/wp-content\/uploads\/2017\/01\/1-copia-1.jpg","keywords":["D\u00cdA A D\u00cdA","POR EDUCAR","profesores","TRABAJAN"],"articleSection":["Docentes","Recursos"],"inLanguage":"es","potentialAction":[{"@type":"CommentAction","name":"Comment","target":["https:\/\/webdelmaestrocmf.com\/portal\/sabes-trabajan-los-profesores-mira-lo-realizan-dia-dia-educar\/#respond"]}]},{"@type":"WebPage","@id":"https:\/\/webdelmaestrocmf.com\/portal\/sabes-trabajan-los-profesores-mira-lo-realizan-dia-dia-educar\/","url":"https:\/\/webdelmaestrocmf.com\/portal\/sabes-trabajan-los-profesores-mira-lo-realizan-dia-dia-educar\/","name":"\u00bfSabes c\u00f3mo trabajan los profesores? - 2026","isPartOf":{"@id":"https:\/\/webdelmaestrocmf.com\/portal\/#website"},"primaryImageOfPage":{"@id":"https:\/\/webdelmaestrocmf.com\/portal\/sabes-trabajan-los-profesores-mira-lo-realizan-dia-dia-educar\/#primaryimage"},"image":{"@id":"https:\/\/webdelmaestrocmf.com\/portal\/sabes-trabajan-los-profesores-mira-lo-realizan-dia-dia-educar\/#primaryimage"},"thumbnailUrl":"https:\/\/webdelmaestrocmf.com\/portal\/wp-content\/uploads\/2017\/01\/1-copia-1.jpg","datePublished":"2022-04-29T15:00:48+00:00","dateModified":"2022-09-13T12:45:01+00:00","description":"Comunidad de Maestros, Docentes y Profesores, en donde encontrar\u00e1s material e informaci\u00f3n sobre Educaci\u00f3n, Pedagog\u00eda, experiencias...","breadcrumb":{"@id":"https:\/\/webdelmaestrocmf.com\/portal\/sabes-trabajan-los-profesores-mira-lo-realizan-dia-dia-educar\/#breadcrumb"},"inLanguage":"es","potentialAction":[{"@type":"ReadAction","target":["https:\/\/webdelmaestrocmf.com\/portal\/sabes-trabajan-los-profesores-mira-lo-realizan-dia-dia-educar\/"]}]},{"@type":"ImageObject","inLanguage":"es","@id":"https:\/\/webdelmaestrocmf.com\/portal\/sabes-trabajan-los-profesores-mira-lo-realizan-dia-dia-educar\/#primaryimage","url":"https:\/\/webdelmaestrocmf.com\/portal\/wp-content\/uploads\/2017\/01\/1-copia-1.jpg","contentUrl":"https:\/\/webdelmaestrocmf.com\/portal\/wp-content\/uploads\/2017\/01\/1-copia-1.jpg","width":1100,"height":680},{"@type":"BreadcrumbList","@id":"https:\/\/webdelmaestrocmf.com\/portal\/sabes-trabajan-los-profesores-mira-lo-realizan-dia-dia-educar\/#breadcrumb","itemListElement":[{"@type":"ListItem","position":1,"name":"Portada","item":"https:\/\/webdelmaestrocmf.com\/portal\/"},{"@type":"ListItem","position":2,"name":"Recursos","item":"https:\/\/webdelmaestrocmf.com\/portal\/category\/pedagogia\/"},{"@type":"ListItem","position":3,"name":"\u00bfSabes c\u00f3mo trabajan los profesores?"}]},{"@type":"WebSite","@id":"https:\/\/webdelmaestrocmf.com\/portal\/#website","url":"https:\/\/webdelmaestrocmf.com\/portal\/","name":"Web del Maestro CMF","description":"Maestros al servicio de la educaci\u00f3n","publisher":{"@id":"https:\/\/webdelmaestrocmf.com\/portal\/#organization"},"alternateName":"WMCMF","potentialAction":[{"@type":"SearchAction","target":{"@type":"EntryPoint","urlTemplate":"https:\/\/webdelmaestrocmf.com\/portal\/?s={search_term_string}"},"query-input":{"@type":"PropertyValueSpecification","valueRequired":true,"valueName":"search_term_string"}}],"inLanguage":"es"},{"@type":"Organization","@id":"https:\/\/webdelmaestrocmf.com\/portal\/#organization","name":"Web del Maestro CMF","alternateName":"WMCMF","url":"https:\/\/webdelmaestrocmf.com\/portal\/","logo":{"@type":"ImageObject","inLanguage":"es","@id":"https:\/\/webdelmaestrocmf.com\/portal\/#\/schema\/logo\/image\/","url":"https:\/\/webdelmaestrocmf.com\/portal\/wp-content\/uploads\/2023\/01\/logo-wmcmf-2.png","contentUrl":"https:\/\/webdelmaestrocmf.com\/portal\/wp-content\/uploads\/2023\/01\/logo-wmcmf-2.png","width":200,"height":60,"caption":"Web del Maestro CMF"},"image":{"@id":"https:\/\/webdelmaestrocmf.com\/portal\/#\/schema\/logo\/image\/"},"sameAs":["https:\/\/www.facebook.com\/WebdelMaestroCMF\/","https:\/\/x.com\/cmf_w","https:\/\/www.pinterest.com\/WMCMF\/","https:\/\/www.linkedin.com\/company\/web-del-maestro-cmf\/","https:\/\/www.instagram.com\/wmcmf\/","https:\/\/www.youtube.com\/channel\/UCDPSvjbdodE5sHnC3OxutHw","https:\/\/mastodon.social\/@wmcmf","https:\/\/www.tiktok.com\/@webdelmaestrocmf"]},{"@type":"Person","@id":"https:\/\/webdelmaestrocmf.com\/portal\/#\/schema\/person\/1072a2ed7bd960df8ef99a551fa35dc5","name":"Web del Maestro CMF","image":{"@type":"ImageObject","inLanguage":"es","@id":"https:\/\/secure.gravatar.com\/avatar\/23291dd5b5ae1077dcff3dbb04c3e02bd28403fa75af6d8787d5e97c5bbbe30b?s=96&d=mm&r=g","url":"https:\/\/secure.gravatar.com\/avatar\/23291dd5b5ae1077dcff3dbb04c3e02bd28403fa75af6d8787d5e97c5bbbe30b?s=96&d=mm&r=g","contentUrl":"https:\/\/secure.gravatar.com\/avatar\/23291dd5b5ae1077dcff3dbb04c3e02bd28403fa75af6d8787d5e97c5bbbe30b?s=96&d=mm&r=g","caption":"Web del Maestro CMF"},"description":"Esta Web se cre\u00f3 sin fines de lucro, con fines educativos, cient\u00edficos y acad\u00e9micos, para personas que tengan dificultades y\/o inconvenientes en visualizar el material original. El objetivo es entregar recursos, compartir experiencias y materiales que ayuden a los padres de familia, maestros y estudiantes en su actualizaci\u00f3n y formaci\u00f3n permanente, en bien de la Educaci\u00f3n.","sameAs":["http:\/\/webdelmaestrocmf.com\/portal","https:\/\/www.facebook.com\/WebdelMaestroCMF\/","https:\/\/www.instagram.com\/wmcmf\/","https:\/\/cl.linkedin.com\/company\/web-del-maestro-cmf","https:\/\/www.pinterest.com\/WMCMF\/publicaciones\/","https:\/\/x.com\/cmf_w","https:\/\/www.youtube.com\/@WMCMF"]}]}},"jetpack_featured_media_url":"https:\/\/webdelmaestrocmf.com\/portal\/wp-content\/uploads\/2017\/01\/1-copia-1.jpg","jetpack_sharing_enabled":true,"jetpack-related-posts":[{"id":117866,"url":"https:\/\/webdelmaestrocmf.com\/portal\/padre-de-familia-escribe-una-polemica-carta-al-profesor-de-su-hijo-la-educacion-de-mi-hijo-es-su-trabajo\/","url_meta":{"origin":12991,"position":0},"title":"Padre de familia escribe una pol\u00e9mica carta al profesor de su hijo: \u201cLa educaci\u00f3n de mi hijo es su trabajo\u201d","author":"Web del Maestro CMF","date":"16 abril, 2026","format":false,"excerpt":"La educaci\u00f3n no es responsabilidad exclusiva del docente. Sin el compromiso de la familia, el aprendizaje se debilita. Educar exige corresponsabilidad, respeto mutuo y una alianza s\u00f3lida entre hogar y escuela.","rel":"","context":"En \u00abNoticias Internacionales\u00bb","block_context":{"text":"Noticias Internacionales","link":"https:\/\/webdelmaestrocmf.com\/portal\/category\/noticias-internacionales\/"},"img":{"alt_text":"","src":"https:\/\/i0.wp.com\/webdelmaestrocmf.com\/portal\/wp-content\/uploads\/2026\/04\/1AA-Banner-1-portada-imagen-10-1-copia-24.webp?resize=350%2C200&ssl=1","width":350,"height":200,"srcset":"https:\/\/i0.wp.com\/webdelmaestrocmf.com\/portal\/wp-content\/uploads\/2026\/04\/1AA-Banner-1-portada-imagen-10-1-copia-24.webp?resize=350%2C200&ssl=1 1x, https:\/\/i0.wp.com\/webdelmaestrocmf.com\/portal\/wp-content\/uploads\/2026\/04\/1AA-Banner-1-portada-imagen-10-1-copia-24.webp?resize=525%2C300&ssl=1 1.5x, https:\/\/i0.wp.com\/webdelmaestrocmf.com\/portal\/wp-content\/uploads\/2026\/04\/1AA-Banner-1-portada-imagen-10-1-copia-24.webp?resize=700%2C400&ssl=1 2x, https:\/\/i0.wp.com\/webdelmaestrocmf.com\/portal\/wp-content\/uploads\/2026\/04\/1AA-Banner-1-portada-imagen-10-1-copia-24.webp?resize=1050%2C600&ssl=1 3x"},"classes":[]},{"id":102159,"url":"https:\/\/webdelmaestrocmf.com\/portal\/inger-inkvest-como-puede-ser-responsable-el-docente-si-se-le-quita-la-autoridad-para-organizar-el-trabajo\/","url_meta":{"origin":12991,"position":1},"title":"Inger Enkvist: \u00bfC\u00f3mo puede ser responsable el docente si se le quita la autoridad para organizar el trabajo?","author":"Web del Maestro CMF","date":"9 abril, 2026","format":false,"excerpt":"Sin autoridad para organizar el aula, el docente queda desarmado. La exigencia sin herramientas solo ahuyenta a los mejores.","rel":"","context":"En \u00abEntrevistas\u00bb","block_context":{"text":"Entrevistas","link":"https:\/\/webdelmaestrocmf.com\/portal\/category\/noticias\/entrevistas\/"},"img":{"alt_text":"","src":"https:\/\/i0.wp.com\/webdelmaestrocmf.com\/portal\/wp-content\/uploads\/2024\/01\/1A-Banner-1-portada-imagen-10-1-copia-7.webp?resize=350%2C200&ssl=1","width":350,"height":200,"srcset":"https:\/\/i0.wp.com\/webdelmaestrocmf.com\/portal\/wp-content\/uploads\/2024\/01\/1A-Banner-1-portada-imagen-10-1-copia-7.webp?resize=350%2C200&ssl=1 1x, https:\/\/i0.wp.com\/webdelmaestrocmf.com\/portal\/wp-content\/uploads\/2024\/01\/1A-Banner-1-portada-imagen-10-1-copia-7.webp?resize=525%2C300&ssl=1 1.5x, https:\/\/i0.wp.com\/webdelmaestrocmf.com\/portal\/wp-content\/uploads\/2024\/01\/1A-Banner-1-portada-imagen-10-1-copia-7.webp?resize=700%2C400&ssl=1 2x"},"classes":[]},{"id":108826,"url":"https:\/\/webdelmaestrocmf.com\/portal\/la-mitad-de-los-profesores-sufre-un-desgaste-emocional-significativo-por-su-trabajo\/","url_meta":{"origin":12991,"position":2},"title":"La mitad de los profesores sufre un desgaste emocional significativo por su trabajo","author":"Web del Maestro CMF","date":"7 mayo, 2025","format":false,"excerpt":"Una reciente encuesta nacional a docentes ha puesto sobre la mesa una realidad preocupante: casi uno de cada dos profesores en Espa\u00f1a experimenta un desgaste emocional significativo como consecuencia de su trabajo diario. A pesar de su vocaci\u00f3n y compromiso, el entorno educativo est\u00e1 dejando huella en la salud mental\u2026","rel":"","context":"En \u00abNoticias Internacionales\u00bb","block_context":{"text":"Noticias Internacionales","link":"https:\/\/webdelmaestrocmf.com\/portal\/category\/noticias-internacionales\/"},"img":{"alt_text":"","src":"https:\/\/i0.wp.com\/webdelmaestrocmf.com\/portal\/wp-content\/uploads\/2025\/05\/1A-Banner-1-portada-imagen-10-1-3.jpg?resize=350%2C200&ssl=1","width":350,"height":200,"srcset":"https:\/\/i0.wp.com\/webdelmaestrocmf.com\/portal\/wp-content\/uploads\/2025\/05\/1A-Banner-1-portada-imagen-10-1-3.jpg?resize=350%2C200&ssl=1 1x, https:\/\/i0.wp.com\/webdelmaestrocmf.com\/portal\/wp-content\/uploads\/2025\/05\/1A-Banner-1-portada-imagen-10-1-3.jpg?resize=525%2C300&ssl=1 1.5x, https:\/\/i0.wp.com\/webdelmaestrocmf.com\/portal\/wp-content\/uploads\/2025\/05\/1A-Banner-1-portada-imagen-10-1-3.jpg?resize=700%2C400&ssl=1 2x"},"classes":[]},{"id":102777,"url":"https:\/\/webdelmaestrocmf.com\/portal\/david-auris-el-pilar-ignorado-los-profesores-y-el-desarrollo-nacional\/","url_meta":{"origin":12991,"position":3},"title":"[David Auris] El pilar ignorado: los profesores y el desarrollo nacional","author":"Web del Maestro CMF","date":"18 enero, 2024","format":false,"excerpt":"En la actualidad, los educadores de diversas naciones hegem\u00f3nicas son los principales colaboradores y responsables del progreso, puesto que educan y estimulan la mente de los ni\u00f1os.\u00a0\u00a0No obstante, en varios pa\u00edses latinoamericanos, como el Per\u00fa, el profesorado es un pilar ignorado, lo que ha producido una brecha de conocimientos que\u2026","rel":"","context":"En \u00abZ-Colaborador-David-Auris\u00bb","block_context":{"text":"Z-Colaborador-David-Auris","link":"https:\/\/webdelmaestrocmf.com\/portal\/category\/colaborador\/z-colaborador-david-auris\/"},"img":{"alt_text":"profesores","src":"https:\/\/i0.wp.com\/webdelmaestrocmf.com\/portal\/wp-content\/uploads\/2024\/01\/Banner-1-portada-imagen-10-27.jpg?resize=350%2C200&ssl=1","width":350,"height":200,"srcset":"https:\/\/i0.wp.com\/webdelmaestrocmf.com\/portal\/wp-content\/uploads\/2024\/01\/Banner-1-portada-imagen-10-27.jpg?resize=350%2C200&ssl=1 1x, https:\/\/i0.wp.com\/webdelmaestrocmf.com\/portal\/wp-content\/uploads\/2024\/01\/Banner-1-portada-imagen-10-27.jpg?resize=525%2C300&ssl=1 1.5x, https:\/\/i0.wp.com\/webdelmaestrocmf.com\/portal\/wp-content\/uploads\/2024\/01\/Banner-1-portada-imagen-10-27.jpg?resize=700%2C400&ssl=1 2x"},"classes":[]},{"id":114428,"url":"https:\/\/webdelmaestrocmf.com\/portal\/calendario-de-escritorio-triangular-2026-un-recurso-practico-y-editable-al-servicio-del-docente\/","url_meta":{"origin":12991,"position":4},"title":"Calendario de escritorio triangular 2026: un recurso pr\u00e1ctico y editable al servicio del docente","author":"Web del Maestro CMF","date":"2 enero, 2026","format":false,"excerpt":"Calendario de escritorio triangular 2026, editable y pr\u00e1ctico, creado por Manualidades Educativas y compartido generosamente para apoyar la organizaci\u00f3n y planificaci\u00f3n diaria de toda la comunidad docente.","rel":"","context":"En \u00abCalendario\u00bb","block_context":{"text":"Calendario","link":"https:\/\/webdelmaestrocmf.com\/portal\/category\/pedagogia\/calendario\/"},"img":{"alt_text":"","src":"https:\/\/i0.wp.com\/webdelmaestrocmf.com\/portal\/wp-content\/uploads\/2026\/01\/1A-Banner-1-portada-imagen-10-1-copia-2.webp?resize=350%2C200&ssl=1","width":350,"height":200,"srcset":"https:\/\/i0.wp.com\/webdelmaestrocmf.com\/portal\/wp-content\/uploads\/2026\/01\/1A-Banner-1-portada-imagen-10-1-copia-2.webp?resize=350%2C200&ssl=1 1x, https:\/\/i0.wp.com\/webdelmaestrocmf.com\/portal\/wp-content\/uploads\/2026\/01\/1A-Banner-1-portada-imagen-10-1-copia-2.webp?resize=525%2C300&ssl=1 1.5x, https:\/\/i0.wp.com\/webdelmaestrocmf.com\/portal\/wp-content\/uploads\/2026\/01\/1A-Banner-1-portada-imagen-10-1-copia-2.webp?resize=700%2C400&ssl=1 2x"},"classes":[]},{"id":107159,"url":"https:\/\/webdelmaestrocmf.com\/portal\/el-regalo-ideal-para-un-maestro-profesor-odcente-o-educador-en-navidades-y-vacaciones\/","url_meta":{"origin":12991,"position":5},"title":"El regalo ideal para un maestro, profesor, docente o educador en navidades y vacaciones","author":"Web del Maestro CMF","date":"14 diciembre, 2024","format":false,"excerpt":"Los profesores dedican su vida a la formaci\u00f3n de otros, dejando huellas imborrables en las personas que pasan por sus aulas. Durante las vacaciones, merecen no solo descanso, sino tambi\u00e9n oportunidades para recargar energ\u00edas y revitalizar su pasi\u00f3n por la educaci\u00f3n. Aqu\u00ed te presentamos ideas de regalos no materiales que\u2026","rel":"","context":"En \u00abDocentes\u00bb","block_context":{"text":"Docentes","link":"https:\/\/webdelmaestrocmf.com\/portal\/category\/pedagogia\/docentes\/"},"img":{"alt_text":"","src":"https:\/\/i0.wp.com\/webdelmaestrocmf.com\/portal\/wp-content\/uploads\/2024\/12\/Banner-1-portada-imagen-10-1-21.jpg?resize=350%2C200&ssl=1","width":350,"height":200,"srcset":"https:\/\/i0.wp.com\/webdelmaestrocmf.com\/portal\/wp-content\/uploads\/2024\/12\/Banner-1-portada-imagen-10-1-21.jpg?resize=350%2C200&ssl=1 1x, https:\/\/i0.wp.com\/webdelmaestrocmf.com\/portal\/wp-content\/uploads\/2024\/12\/Banner-1-portada-imagen-10-1-21.jpg?resize=525%2C300&ssl=1 1.5x, https:\/\/i0.wp.com\/webdelmaestrocmf.com\/portal\/wp-content\/uploads\/2024\/12\/Banner-1-portada-imagen-10-1-21.jpg?resize=700%2C400&ssl=1 2x"},"classes":[]}],"_links":{"self":[{"href":"https:\/\/webdelmaestrocmf.com\/portal\/wp-json\/wp\/v2\/posts\/12991","targetHints":{"allow":["GET"]}}],"collection":[{"href":"https:\/\/webdelmaestrocmf.com\/portal\/wp-json\/wp\/v2\/posts"}],"about":[{"href":"https:\/\/webdelmaestrocmf.com\/portal\/wp-json\/wp\/v2\/types\/post"}],"author":[{"embeddable":true,"href":"https:\/\/webdelmaestrocmf.com\/portal\/wp-json\/wp\/v2\/users\/1"}],"replies":[{"embeddable":true,"href":"https:\/\/webdelmaestrocmf.com\/portal\/wp-json\/wp\/v2\/comments?post=12991"}],"version-history":[{"count":0,"href":"https:\/\/webdelmaestrocmf.com\/portal\/wp-json\/wp\/v2\/posts\/12991\/revisions"}],"wp:featuredmedia":[{"embeddable":true,"href":"https:\/\/webdelmaestrocmf.com\/portal\/wp-json\/wp\/v2\/media\/59947"}],"wp:attachment":[{"href":"https:\/\/webdelmaestrocmf.com\/portal\/wp-json\/wp\/v2\/media?parent=12991"}],"wp:term":[{"taxonomy":"category","embeddable":true,"href":"https:\/\/webdelmaestrocmf.com\/portal\/wp-json\/wp\/v2\/categories?post=12991"},{"taxonomy":"post_tag","embeddable":true,"href":"https:\/\/webdelmaestrocmf.com\/portal\/wp-json\/wp\/v2\/tags?post=12991"}],"curies":[{"name":"wp","href":"https:\/\/api.w.org\/{rel}","templated":true}]}}