{"id":12336,"date":"2019-12-20T19:02:26","date_gmt":"2019-12-20T22:02:26","guid":{"rendered":"http:\/\/webdelmaestrocmf.com\/portal\/?p=12336"},"modified":"2021-08-01T20:47:18","modified_gmt":"2021-08-02T00:47:18","slug":"los-ninos-felices-son-ruidosos-inquietos-alegres-y-revoltosos-2","status":"publish","type":"post","link":"https:\/\/webdelmaestrocmf.com\/portal\/los-ninos-felices-son-ruidosos-inquietos-alegres-y-revoltosos-2\/","title":{"rendered":"Los ni\u00f1os felices son: ruidosos, inquietos, alegres y revoltosos"},"content":{"rendered":"<h5 style=\"text-align: justify;\">Aunque no nos gusten, debemos entender que el hecho de que los ni\u00f1os no paren quietos es normal. Est\u00e1n en la edad de descubrir y experimentar, y no deber\u00edamos coartarles.<\/h5>\n<h5 style=\"text-align: justify;\">Un ni\u00f1o feliz, que disfruta interactuando y descubriendo el mundo, es ruidoso y revoltoso. Ahora bien, en los \u00faltimos tiempos est\u00e1 apareciendo\u00a0<strong>un movimiento que nos llama mucho la atenci\u00f3n y que nos preocupa: la \u201cni\u00f1ofobia\u201d.<\/strong><\/h5>\n<p><!--more--><\/p>\n<p style=\"text-align: justify;\">De un tiempo a esta parte ha aumentado un tipo oferta hotelera muy concreta, la que ofrece hospedaje \u201clibre de ni\u00f1os\u201d. Es decir, durante la estancia no nos encontraremos con beb\u00e9s y otros menores que nos molesten por la noche con sus llantos o que nos incordien en la piscina con sus juegos.<\/p>\n<p style=\"text-align: justify;\">Lo mismo ocurre en ciertos bares y restaurantes. Se trata de una oferta distinta para todos aquellos que deseen pasar un instante de paz alejados de la presencia infantil.<\/p>\n<p style=\"text-align: justify;\">Este tipo de movimiento est\u00e1 teniendo mucha repercusi\u00f3n en Estados Unidos y Reino Unido, lo cual nos invita a reflexionar sobre una cuesti\u00f3n algo compleja.<\/p>\n<p style=\"text-align: justify;\"><strong>\u00bfSe nos ha olvidado ya lo que es la infancia?<\/strong>\u00a0\u00bfTan poca empat\u00eda tenemos que somos incapaces de conectar con esos a\u00f1os maravillosos, ruidosos y revoltosos que definen la ni\u00f1ez?<\/p>\n<h5><strong>Cuando los ni\u00f1os molestan en nuestros espacios p\u00fablicos<\/strong><\/h5>\n<p style=\"text-align: justify;\">Empezaremos explic\u00e1ndote el caso de la cantante canadiense\u00a0Sarah Blackwood. El a\u00f1o pasado experiment\u00f3 una situaci\u00f3n que la marc\u00f3 y que denunci\u00f3 intentando que, con su historia, la sociedad reflexionara sobre algo importante.<\/p>\n<p style=\"text-align: justify;\">Deb\u00eda hacer un viaje en avi\u00f3n junto a su ni\u00f1o de 23 meses. Estaba embarazada\u00a0\u00a0de 7 meses\u00a0y, aunque no era la primera vez que hac\u00eda ese trayecto desde San Francisco a Vancouver, en aquella ocasi\u00f3n fue algo distinto.<\/p>\n<p style=\"text-align: justify;\">Cuando el avi\u00f3n a\u00fan no hab\u00eda despegado, su hijo empez\u00f3 a llorar. Al poco, todo el pasaje la mir\u00f3 con molestia. No tard\u00f3 en escuchar reproches sobre \u201cque era una mala madre\u201c, alguien que no sab\u00eda atender a su hijo.<\/p>\n<p style=\"text-align: justify;\">No tard\u00f3 en acudir la azafata, advirti\u00e9ndole de que <strong>deb\u00eda calmar a su hijo, porque el pasaje estaba\u00a0<\/strong>quej\u00e1ndose\u00a0y podr\u00edan barajar la opci\u00f3n de hacerla bajar del avi\u00f3n si el ni\u00f1o no se callaba.<\/p>\n<p style=\"text-align: justify;\">La joven madre qued\u00f3 casi sin aliento.<\/p>\n<p style=\"text-align: justify;\">Los llantos de su beb\u00e9 apenas duraron 10 minutos, porque pasado ese tiempo, volvi\u00f3 a dormirse y no se despert\u00f3 hasta el aterrizaje.<\/p>\n<p style=\"text-align: justify;\">\u00bfEs que la gente ha olvidado lo que es la crianza? \u00bfNadie recuerda que los beb\u00e9s lloran, r\u00eden, gritan y chillan?<\/p>\n<h5><strong>La ni\u00f1ofobia o pensar que un ni\u00f1o que llora es el resultado de una mala crianza<\/strong><\/h5>\n<ul>\n<li style=\"text-align: justify;\">Este es solo un peque\u00f1o ejemplo de lo que sufren d\u00eda a d\u00eda muchos progenitores. Ir a comprar, a pasar un rato a un teatro, a comer a un restaurante\u2026 Si un ni\u00f1o grita, llora o llama la atenci\u00f3n de otras personas es porque sus padres \u201cno est\u00e1n haciendo algo bien\u201d.<\/li>\n<li style=\"text-align: justify;\">Es una idea incorrecta y estigmatizada. Cada ni\u00f1o tiene su personalidad y su forma de interactuar en sus contextos m\u00e1s cercanos. Los hay m\u00e1s inquietos y los hay m\u00e1s tranquilos, pero ello no es siempre el resultado de la educaci\u00f3n que les dan sus padres.<\/li>\n<li style=\"text-align: justify;\">Los beb\u00e9s lloran, y es el llanto ese lenguaje esencial para pedir algo, para comunicarse. Es algo natural que toda madre entiende.<\/li>\n<\/ul>\n<p style=\"text-align: justify;\">De ah\u00ed, que\u00a0debamos ser\u00a0<strong>m\u00e1s emp\u00e1ticos y respetuosos<\/strong>\u00a0cuando en un tren o un avi\u00f3n, vemos a esos\u00a0padres que intentan calmar a su beb\u00e9 durante el viaje.<\/p>\n<p style=\"text-align: justify;\">La ni\u00f1ofobia est\u00e1 haciendo que en muchos espacios de ocio de Estados Unidos y Reino Unido se vete ya la entrada a menores. No obstante, con ello, se proh\u00edbe la entrada tambi\u00e9n a sus padres. Es algo sobre lo que reflexionar.<\/p>\n<p style=\"text-align: justify;\">Queda claro, sin duda, que en materia tur\u00edstica cada empresa puede ofrecer el servicio que desee, y si una persona desea pasar sus vacaciones sin ver ni escuchar a un ni\u00f1o, merece todo nuestro respeto.<\/p>\n<h5><strong>Un ni\u00f1o feliz es un ni\u00f1o que corre, que grita, que llama nuestra atenci\u00f3n<\/strong><\/h5>\n<p style=\"text-align: justify;\">Los ni\u00f1os desean tocarlo todo, experimentar, sentir, re\u00edr, aprender\u2026 Si les obligamos a callar, a no llorar, a hablar bajito y a no moverse de la silla, lo que tendremos en realidad son criaturas temerosas que no se atrever\u00e1n a explorar.<\/p>\n<p style=\"text-align: justify;\">Los llantos se atienden, no se censuran ni tampoco se obvian.\u00a0Si un ni\u00f1o quiere tocar algo lo protegeremos de que no se haga da\u00f1o, pero es necesario fomentar su conducta de exploraci\u00f3n, de curiosidad, de interacci\u00f3n con su medio.<\/p>\n<p style=\"text-align: justify;\">La infancia es ruidosa por naturaleza. No hace falta m\u00e1s que pasar por una guarder\u00eda o un centro de primaria a la hora del recreo para recordar lo que es ser ni\u00f1o.<\/p>\n<p style=\"text-align: justify;\">Tiempo tendr\u00e1n de crecer y de guardar silencio, de quedarse quietos en los asientos de un avi\u00f3n, sin molestar.<\/p>\n<p style=\"text-align: justify;\">Mientras, respetemos a sus progenitores\u00a0en su tarea de educar y seamos m\u00e1s emp\u00e1ticos con los ni\u00f1os.<\/p>\n<p style=\"text-align: justify;\"><strong class=\"last-child first-child\"><span class=\"last-child first-child\">Este contenido ha sido publicado originalmente por Naxio en la siguiente direcci\u00f3n:\u00a0<a href=\"http:\/\/naxio.com.ar\/\" target=\"_blank\" rel=\"noopener noreferrer\">naxio.com.ar<\/a><\/span><\/strong><\/p>\n\t\t<div class=\"pk-inline-posts\">\n\t\t\t\n\t\t\t<div class=\"pk-inline-posts-container pk-inline-posts-template-list\"\n\t\t\t\tdata-columns=\"1\">\n\t\t\t\t\t\t<article id=\"post-118381\" class=\"post-118381 post type-post status-publish format-standard has-post-thumbnail category-bienestar-familiar category-pedagogia tag-aprendizaje tag-autonomia-3 tag-crianza-consciente tag-desarrollo-infantil tag-docentes tag-educacion-infantil tag-empatia-2 tag-funciones-ejecutivas tag-padres tag-responsabilidad cs-entry cs-video-wrap\">\n\t\t\t<div class=\"pk-post-outer\">\n\n\t\t\t\t\t\t\t\t<div class=\"pk-post-inner\">\n\t\t\t\t\t<div class=\"entry-thumbnail\">\n\t\t\t\t\t\t<div class=\"pk-overlay pk-overlay-ratio pk-ratio-landscape\">\n\t\t\t\t\t\t\t<div class=\"pk-overlay-background\">\n\t\t\t\t\t\t\t\t<a href=\"https:\/\/webdelmaestrocmf.com\/portal\/si-tu-hijo-hace-estas-3-cosas-felicidades-tienes-un-hijo-listo-para-toda-la-vida\/\" class=\"pk-overlay-link\">\n\t\t\t\t\t\t\t\t\t<img loading=\"lazy\" decoding=\"async\" width=\"300\" height=\"225\" src=\"https:\/\/webdelmaestrocmf.com\/portal\/wp-content\/uploads\/2026\/04\/1AA-Banner-1-portada-imagen-10-1-copia-3-7-300x225.webp\" class=\"attachment-pk-thumbnail size-pk-thumbnail wp-post-image\" alt=\"\" \/>\t\t\t\t\t\t\t\t<\/a>\n\t\t\t\t\t\t\t<\/div>\n\t\t\t\t\t\t<\/div>\n\t\t\t\t\t<\/div>\n\t\t\t\t<\/div>\n\t\t\t\t\n\t\t\t\t<div class=\"pk-post-inner\">\n\t\t\t\t\t<header>\n\t\t\t\t\t\t<h3 class=\"pk-title\"><a href=\"https:\/\/webdelmaestrocmf.com\/portal\/si-tu-hijo-hace-estas-3-cosas-felicidades-tienes-un-hijo-listo-para-toda-la-vida\/\" rel=\"bookmark\">Si tu hijo hace estas 3 cosas, felicidades: tienes un hijo listo para toda la vida<\/a><\/h3>\t\t\t\t\t<\/header><!-- .entry-header -->\n\t\t\t\t<\/div><!-- .post-inner -->\n\n\t\t\t<\/div><!-- .post-outer -->\n\t\t<\/article>\n\t\t\t\t<\/div>\n\t\t<\/div>\n\t\t\n","protected":false},"excerpt":{"rendered":"Aunque no nos gusten, debemos entender que el hecho de que los ni\u00f1os no paren quietos es normal.&hellip;","protected":false},"author":1,"featured_media":55594,"comment_status":"open","ping_status":"open","sticky":false,"template":"","format":"standard","meta":{"csco_display_header_overlay":false,"csco_singular_sidebar":"default","csco_page_header_type":"default","csco_page_load_nextpost":"default","csco_post_video_location":[],"csco_post_video_location_hash":"","csco_post_video_url":"","csco_post_video_bg_start_time":0,"csco_post_video_bg_end_time":0,"csco_post_video_bg_volume":false,"_jetpack_memberships_contains_paid_content":false,"footnotes":""},"categories":[464,1577,735],"tags":[695,696,195,697,698],"class_list":{"0":"post-12336","1":"post","2":"type-post","3":"status-publish","4":"format-standard","5":"has-post-thumbnail","7":"category-bienestar-familiar","8":"category-padres","9":"category-pedagogia","10":"tag-alegre","11":"tag-inquieto","12":"tag-nino","13":"tag-revoltoso","14":"tag-ruidoso","15":"cs-entry","16":"cs-video-wrap"},"yoast_head":"<!-- This site is optimized with the Yoast SEO plugin v27.5 - https:\/\/yoast.com\/product\/yoast-seo-wordpress\/ -->\n<title>Los ni\u00f1os felices son: ruidosos, inquietos, alegres y revoltosos - 2026<\/title>\n<meta name=\"description\" content=\"Aunque no nos gusten, debemos entender que el hecho de que los ni\u00f1os no paren quietos es normal. Est\u00e1n en la edad de...\" \/>\n<meta name=\"robots\" content=\"index, follow, max-snippet:-1, max-image-preview:large, max-video-preview:-1\" \/>\n<link rel=\"canonical\" href=\"https:\/\/webdelmaestrocmf.com\/portal\/los-ninos-felices-son-ruidosos-inquietos-alegres-y-revoltosos-2\/\" \/>\n<meta property=\"og:locale\" content=\"es_ES\" \/>\n<meta property=\"og:type\" content=\"article\" \/>\n<meta property=\"og:title\" content=\"Los ni\u00f1os felices son: ruidosos, inquietos, alegres y revoltosos - 2026\" \/>\n<meta property=\"og:description\" content=\"Aunque no nos gusten, debemos entender que el hecho de que los ni\u00f1os no paren quietos es normal. Est\u00e1n en la edad de...\" \/>\n<meta property=\"og:url\" content=\"https:\/\/webdelmaestrocmf.com\/portal\/los-ninos-felices-son-ruidosos-inquietos-alegres-y-revoltosos-2\/\" \/>\n<meta property=\"og:site_name\" content=\"Web del Maestro CMF\" \/>\n<meta property=\"article:publisher\" content=\"https:\/\/www.facebook.com\/WebdelMaestroCMF\/\" \/>\n<meta property=\"article:author\" content=\"https:\/\/www.facebook.com\/WebdelMaestroCMF\/\" \/>\n<meta property=\"article:published_time\" content=\"2019-12-20T22:02:26+00:00\" \/>\n<meta property=\"article:modified_time\" content=\"2021-08-02T00:47:18+00:00\" \/>\n<meta property=\"og:image\" content=\"https:\/\/i0.wp.com\/webdelmaestrocmf.com\/portal\/wp-content\/uploads\/2019\/12\/1-copia-7.jpg?fit=1100%2C680&ssl=1\" \/>\n\t<meta property=\"og:image:width\" content=\"1100\" \/>\n\t<meta property=\"og:image:height\" content=\"680\" \/>\n\t<meta property=\"og:image:type\" content=\"image\/jpeg\" \/>\n<meta name=\"author\" content=\"Web del Maestro CMF\" \/>\n<meta name=\"twitter:card\" content=\"summary_large_image\" \/>\n<meta name=\"twitter:creator\" content=\"@cmf_w\" \/>\n<meta name=\"twitter:site\" content=\"@cmf_w\" \/>\n<script type=\"application\/ld+json\" class=\"yoast-schema-graph\">{\"@context\":\"https:\\\/\\\/schema.org\",\"@graph\":[{\"@type\":\"ScholarlyArticle\",\"@id\":\"https:\\\/\\\/webdelmaestrocmf.com\\\/portal\\\/los-ninos-felices-son-ruidosos-inquietos-alegres-y-revoltosos-2\\\/#article\",\"isPartOf\":{\"@id\":\"https:\\\/\\\/webdelmaestrocmf.com\\\/portal\\\/los-ninos-felices-son-ruidosos-inquietos-alegres-y-revoltosos-2\\\/\"},\"author\":{\"name\":\"Web del Maestro CMF\",\"@id\":\"https:\\\/\\\/webdelmaestrocmf.com\\\/portal\\\/#\\\/schema\\\/person\\\/1072a2ed7bd960df8ef99a551fa35dc5\"},\"headline\":\"Los ni\u00f1os felices son: ruidosos, inquietos, alegres y revoltosos\",\"datePublished\":\"2019-12-20T22:02:26+00:00\",\"dateModified\":\"2021-08-02T00:47:18+00:00\",\"mainEntityOfPage\":{\"@id\":\"https:\\\/\\\/webdelmaestrocmf.com\\\/portal\\\/los-ninos-felices-son-ruidosos-inquietos-alegres-y-revoltosos-2\\\/\"},\"wordCount\":913,\"commentCount\":0,\"publisher\":{\"@id\":\"https:\\\/\\\/webdelmaestrocmf.com\\\/portal\\\/#organization\"},\"image\":{\"@id\":\"https:\\\/\\\/webdelmaestrocmf.com\\\/portal\\\/los-ninos-felices-son-ruidosos-inquietos-alegres-y-revoltosos-2\\\/#primaryimage\"},\"thumbnailUrl\":\"https:\\\/\\\/webdelmaestrocmf.com\\\/portal\\\/wp-content\\\/uploads\\\/2019\\\/12\\\/1-copia-7.jpg\",\"keywords\":[\"ALEGRE\",\"INQUIETO\",\"ni\u00f1o\",\"REVOLTOSO\",\"RUIDOSO\"],\"articleSection\":[\"Bienestar Familiar\",\"Padres\",\"Recursos\"],\"inLanguage\":\"es\",\"potentialAction\":[{\"@type\":\"CommentAction\",\"name\":\"Comment\",\"target\":[\"https:\\\/\\\/webdelmaestrocmf.com\\\/portal\\\/los-ninos-felices-son-ruidosos-inquietos-alegres-y-revoltosos-2\\\/#respond\"]}]},{\"@type\":\"WebPage\",\"@id\":\"https:\\\/\\\/webdelmaestrocmf.com\\\/portal\\\/los-ninos-felices-son-ruidosos-inquietos-alegres-y-revoltosos-2\\\/\",\"url\":\"https:\\\/\\\/webdelmaestrocmf.com\\\/portal\\\/los-ninos-felices-son-ruidosos-inquietos-alegres-y-revoltosos-2\\\/\",\"name\":\"Los ni\u00f1os felices son: ruidosos, inquietos, alegres y revoltosos - 2026\",\"isPartOf\":{\"@id\":\"https:\\\/\\\/webdelmaestrocmf.com\\\/portal\\\/#website\"},\"primaryImageOfPage\":{\"@id\":\"https:\\\/\\\/webdelmaestrocmf.com\\\/portal\\\/los-ninos-felices-son-ruidosos-inquietos-alegres-y-revoltosos-2\\\/#primaryimage\"},\"image\":{\"@id\":\"https:\\\/\\\/webdelmaestrocmf.com\\\/portal\\\/los-ninos-felices-son-ruidosos-inquietos-alegres-y-revoltosos-2\\\/#primaryimage\"},\"thumbnailUrl\":\"https:\\\/\\\/webdelmaestrocmf.com\\\/portal\\\/wp-content\\\/uploads\\\/2019\\\/12\\\/1-copia-7.jpg\",\"datePublished\":\"2019-12-20T22:02:26+00:00\",\"dateModified\":\"2021-08-02T00:47:18+00:00\",\"description\":\"Aunque no nos gusten, debemos entender que el hecho de que los ni\u00f1os no paren quietos es normal. Est\u00e1n en la edad de...\",\"breadcrumb\":{\"@id\":\"https:\\\/\\\/webdelmaestrocmf.com\\\/portal\\\/los-ninos-felices-son-ruidosos-inquietos-alegres-y-revoltosos-2\\\/#breadcrumb\"},\"inLanguage\":\"es\",\"potentialAction\":[{\"@type\":\"ReadAction\",\"target\":[\"https:\\\/\\\/webdelmaestrocmf.com\\\/portal\\\/los-ninos-felices-son-ruidosos-inquietos-alegres-y-revoltosos-2\\\/\"]}]},{\"@type\":\"ImageObject\",\"inLanguage\":\"es\",\"@id\":\"https:\\\/\\\/webdelmaestrocmf.com\\\/portal\\\/los-ninos-felices-son-ruidosos-inquietos-alegres-y-revoltosos-2\\\/#primaryimage\",\"url\":\"https:\\\/\\\/webdelmaestrocmf.com\\\/portal\\\/wp-content\\\/uploads\\\/2019\\\/12\\\/1-copia-7.jpg\",\"contentUrl\":\"https:\\\/\\\/webdelmaestrocmf.com\\\/portal\\\/wp-content\\\/uploads\\\/2019\\\/12\\\/1-copia-7.jpg\",\"width\":1100,\"height\":680},{\"@type\":\"BreadcrumbList\",\"@id\":\"https:\\\/\\\/webdelmaestrocmf.com\\\/portal\\\/los-ninos-felices-son-ruidosos-inquietos-alegres-y-revoltosos-2\\\/#breadcrumb\",\"itemListElement\":[{\"@type\":\"ListItem\",\"position\":1,\"name\":\"Portada\",\"item\":\"https:\\\/\\\/webdelmaestrocmf.com\\\/portal\\\/\"},{\"@type\":\"ListItem\",\"position\":2,\"name\":\"Recursos\",\"item\":\"https:\\\/\\\/webdelmaestrocmf.com\\\/portal\\\/category\\\/pedagogia\\\/\"},{\"@type\":\"ListItem\",\"position\":3,\"name\":\"Bienestar Familiar\",\"item\":\"https:\\\/\\\/webdelmaestrocmf.com\\\/portal\\\/category\\\/pedagogia\\\/bienestar-familiar\\\/\"},{\"@type\":\"ListItem\",\"position\":4,\"name\":\"Los ni\u00f1os felices son: ruidosos, inquietos, alegres y revoltosos\"}]},{\"@type\":\"WebSite\",\"@id\":\"https:\\\/\\\/webdelmaestrocmf.com\\\/portal\\\/#website\",\"url\":\"https:\\\/\\\/webdelmaestrocmf.com\\\/portal\\\/\",\"name\":\"Web del Maestro CMF\",\"description\":\"Maestros al servicio de la educaci\u00f3n\",\"publisher\":{\"@id\":\"https:\\\/\\\/webdelmaestrocmf.com\\\/portal\\\/#organization\"},\"alternateName\":\"WMCMF\",\"potentialAction\":[{\"@type\":\"SearchAction\",\"target\":{\"@type\":\"EntryPoint\",\"urlTemplate\":\"https:\\\/\\\/webdelmaestrocmf.com\\\/portal\\\/?s={search_term_string}\"},\"query-input\":{\"@type\":\"PropertyValueSpecification\",\"valueRequired\":true,\"valueName\":\"search_term_string\"}}],\"inLanguage\":\"es\"},{\"@type\":\"Organization\",\"@id\":\"https:\\\/\\\/webdelmaestrocmf.com\\\/portal\\\/#organization\",\"name\":\"Web del Maestro CMF\",\"alternateName\":\"WMCMF\",\"url\":\"https:\\\/\\\/webdelmaestrocmf.com\\\/portal\\\/\",\"logo\":{\"@type\":\"ImageObject\",\"inLanguage\":\"es\",\"@id\":\"https:\\\/\\\/webdelmaestrocmf.com\\\/portal\\\/#\\\/schema\\\/logo\\\/image\\\/\",\"url\":\"https:\\\/\\\/webdelmaestrocmf.com\\\/portal\\\/wp-content\\\/uploads\\\/2023\\\/01\\\/logo-wmcmf-2.png\",\"contentUrl\":\"https:\\\/\\\/webdelmaestrocmf.com\\\/portal\\\/wp-content\\\/uploads\\\/2023\\\/01\\\/logo-wmcmf-2.png\",\"width\":200,\"height\":60,\"caption\":\"Web del Maestro CMF\"},\"image\":{\"@id\":\"https:\\\/\\\/webdelmaestrocmf.com\\\/portal\\\/#\\\/schema\\\/logo\\\/image\\\/\"},\"sameAs\":[\"https:\\\/\\\/www.facebook.com\\\/WebdelMaestroCMF\\\/\",\"https:\\\/\\\/x.com\\\/cmf_w\",\"https:\\\/\\\/www.pinterest.com\\\/WMCMF\\\/\",\"https:\\\/\\\/www.linkedin.com\\\/company\\\/web-del-maestro-cmf\\\/\",\"https:\\\/\\\/www.instagram.com\\\/wmcmf\\\/\",\"https:\\\/\\\/www.youtube.com\\\/channel\\\/UCDPSvjbdodE5sHnC3OxutHw\",\"https:\\\/\\\/mastodon.social\\\/@wmcmf\",\"https:\\\/\\\/www.tiktok.com\\\/@webdelmaestrocmf\"]},{\"@type\":\"Person\",\"@id\":\"https:\\\/\\\/webdelmaestrocmf.com\\\/portal\\\/#\\\/schema\\\/person\\\/1072a2ed7bd960df8ef99a551fa35dc5\",\"name\":\"Web del Maestro CMF\",\"image\":{\"@type\":\"ImageObject\",\"inLanguage\":\"es\",\"@id\":\"https:\\\/\\\/secure.gravatar.com\\\/avatar\\\/23291dd5b5ae1077dcff3dbb04c3e02bd28403fa75af6d8787d5e97c5bbbe30b?s=96&d=mm&r=g\",\"url\":\"https:\\\/\\\/secure.gravatar.com\\\/avatar\\\/23291dd5b5ae1077dcff3dbb04c3e02bd28403fa75af6d8787d5e97c5bbbe30b?s=96&d=mm&r=g\",\"contentUrl\":\"https:\\\/\\\/secure.gravatar.com\\\/avatar\\\/23291dd5b5ae1077dcff3dbb04c3e02bd28403fa75af6d8787d5e97c5bbbe30b?s=96&d=mm&r=g\",\"caption\":\"Web del Maestro CMF\"},\"description\":\"Esta Web se cre\u00f3 sin fines de lucro, con fines educativos, cient\u00edficos y acad\u00e9micos, para personas que tengan dificultades y\\\/o inconvenientes en visualizar el material original. El objetivo es entregar recursos, compartir experiencias y materiales que ayuden a los padres de familia, maestros y estudiantes en su actualizaci\u00f3n y formaci\u00f3n permanente, en bien de la Educaci\u00f3n.\",\"sameAs\":[\"http:\\\/\\\/webdelmaestrocmf.com\\\/portal\",\"https:\\\/\\\/www.facebook.com\\\/WebdelMaestroCMF\\\/\",\"https:\\\/\\\/www.instagram.com\\\/wmcmf\\\/\",\"https:\\\/\\\/cl.linkedin.com\\\/company\\\/web-del-maestro-cmf\",\"https:\\\/\\\/www.pinterest.com\\\/WMCMF\\\/publicaciones\\\/\",\"https:\\\/\\\/x.com\\\/cmf_w\",\"https:\\\/\\\/www.youtube.com\\\/@WMCMF\"]}]}<\/script>\n<!-- \/ Yoast SEO plugin. -->","yoast_head_json":{"title":"Los ni\u00f1os felices son: ruidosos, inquietos, alegres y revoltosos - 2026","description":"Aunque no nos gusten, debemos entender que el hecho de que los ni\u00f1os no paren quietos es normal. Est\u00e1n en la edad de...","robots":{"index":"index","follow":"follow","max-snippet":"max-snippet:-1","max-image-preview":"max-image-preview:large","max-video-preview":"max-video-preview:-1"},"canonical":"https:\/\/webdelmaestrocmf.com\/portal\/los-ninos-felices-son-ruidosos-inquietos-alegres-y-revoltosos-2\/","og_locale":"es_ES","og_type":"article","og_title":"Los ni\u00f1os felices son: ruidosos, inquietos, alegres y revoltosos - 2026","og_description":"Aunque no nos gusten, debemos entender que el hecho de que los ni\u00f1os no paren quietos es normal. Est\u00e1n en la edad de...","og_url":"https:\/\/webdelmaestrocmf.com\/portal\/los-ninos-felices-son-ruidosos-inquietos-alegres-y-revoltosos-2\/","og_site_name":"Web del Maestro CMF","article_publisher":"https:\/\/www.facebook.com\/WebdelMaestroCMF\/","article_author":"https:\/\/www.facebook.com\/WebdelMaestroCMF\/","article_published_time":"2019-12-20T22:02:26+00:00","article_modified_time":"2021-08-02T00:47:18+00:00","og_image":[{"width":1100,"height":680,"url":"https:\/\/i0.wp.com\/webdelmaestrocmf.com\/portal\/wp-content\/uploads\/2019\/12\/1-copia-7.jpg?fit=1100%2C680&ssl=1","type":"image\/jpeg"}],"author":"Web del Maestro CMF","twitter_card":"summary_large_image","twitter_creator":"@cmf_w","twitter_site":"@cmf_w","schema":{"@context":"https:\/\/schema.org","@graph":[{"@type":"ScholarlyArticle","@id":"https:\/\/webdelmaestrocmf.com\/portal\/los-ninos-felices-son-ruidosos-inquietos-alegres-y-revoltosos-2\/#article","isPartOf":{"@id":"https:\/\/webdelmaestrocmf.com\/portal\/los-ninos-felices-son-ruidosos-inquietos-alegres-y-revoltosos-2\/"},"author":{"name":"Web del Maestro CMF","@id":"https:\/\/webdelmaestrocmf.com\/portal\/#\/schema\/person\/1072a2ed7bd960df8ef99a551fa35dc5"},"headline":"Los ni\u00f1os felices son: ruidosos, inquietos, alegres y revoltosos","datePublished":"2019-12-20T22:02:26+00:00","dateModified":"2021-08-02T00:47:18+00:00","mainEntityOfPage":{"@id":"https:\/\/webdelmaestrocmf.com\/portal\/los-ninos-felices-son-ruidosos-inquietos-alegres-y-revoltosos-2\/"},"wordCount":913,"commentCount":0,"publisher":{"@id":"https:\/\/webdelmaestrocmf.com\/portal\/#organization"},"image":{"@id":"https:\/\/webdelmaestrocmf.com\/portal\/los-ninos-felices-son-ruidosos-inquietos-alegres-y-revoltosos-2\/#primaryimage"},"thumbnailUrl":"https:\/\/webdelmaestrocmf.com\/portal\/wp-content\/uploads\/2019\/12\/1-copia-7.jpg","keywords":["ALEGRE","INQUIETO","ni\u00f1o","REVOLTOSO","RUIDOSO"],"articleSection":["Bienestar Familiar","Padres","Recursos"],"inLanguage":"es","potentialAction":[{"@type":"CommentAction","name":"Comment","target":["https:\/\/webdelmaestrocmf.com\/portal\/los-ninos-felices-son-ruidosos-inquietos-alegres-y-revoltosos-2\/#respond"]}]},{"@type":"WebPage","@id":"https:\/\/webdelmaestrocmf.com\/portal\/los-ninos-felices-son-ruidosos-inquietos-alegres-y-revoltosos-2\/","url":"https:\/\/webdelmaestrocmf.com\/portal\/los-ninos-felices-son-ruidosos-inquietos-alegres-y-revoltosos-2\/","name":"Los ni\u00f1os felices son: ruidosos, inquietos, alegres y revoltosos - 2026","isPartOf":{"@id":"https:\/\/webdelmaestrocmf.com\/portal\/#website"},"primaryImageOfPage":{"@id":"https:\/\/webdelmaestrocmf.com\/portal\/los-ninos-felices-son-ruidosos-inquietos-alegres-y-revoltosos-2\/#primaryimage"},"image":{"@id":"https:\/\/webdelmaestrocmf.com\/portal\/los-ninos-felices-son-ruidosos-inquietos-alegres-y-revoltosos-2\/#primaryimage"},"thumbnailUrl":"https:\/\/webdelmaestrocmf.com\/portal\/wp-content\/uploads\/2019\/12\/1-copia-7.jpg","datePublished":"2019-12-20T22:02:26+00:00","dateModified":"2021-08-02T00:47:18+00:00","description":"Aunque no nos gusten, debemos entender que el hecho de que los ni\u00f1os no paren quietos es normal. Est\u00e1n en la edad de...","breadcrumb":{"@id":"https:\/\/webdelmaestrocmf.com\/portal\/los-ninos-felices-son-ruidosos-inquietos-alegres-y-revoltosos-2\/#breadcrumb"},"inLanguage":"es","potentialAction":[{"@type":"ReadAction","target":["https:\/\/webdelmaestrocmf.com\/portal\/los-ninos-felices-son-ruidosos-inquietos-alegres-y-revoltosos-2\/"]}]},{"@type":"ImageObject","inLanguage":"es","@id":"https:\/\/webdelmaestrocmf.com\/portal\/los-ninos-felices-son-ruidosos-inquietos-alegres-y-revoltosos-2\/#primaryimage","url":"https:\/\/webdelmaestrocmf.com\/portal\/wp-content\/uploads\/2019\/12\/1-copia-7.jpg","contentUrl":"https:\/\/webdelmaestrocmf.com\/portal\/wp-content\/uploads\/2019\/12\/1-copia-7.jpg","width":1100,"height":680},{"@type":"BreadcrumbList","@id":"https:\/\/webdelmaestrocmf.com\/portal\/los-ninos-felices-son-ruidosos-inquietos-alegres-y-revoltosos-2\/#breadcrumb","itemListElement":[{"@type":"ListItem","position":1,"name":"Portada","item":"https:\/\/webdelmaestrocmf.com\/portal\/"},{"@type":"ListItem","position":2,"name":"Recursos","item":"https:\/\/webdelmaestrocmf.com\/portal\/category\/pedagogia\/"},{"@type":"ListItem","position":3,"name":"Bienestar Familiar","item":"https:\/\/webdelmaestrocmf.com\/portal\/category\/pedagogia\/bienestar-familiar\/"},{"@type":"ListItem","position":4,"name":"Los ni\u00f1os felices son: ruidosos, inquietos, alegres y revoltosos"}]},{"@type":"WebSite","@id":"https:\/\/webdelmaestrocmf.com\/portal\/#website","url":"https:\/\/webdelmaestrocmf.com\/portal\/","name":"Web del Maestro CMF","description":"Maestros al servicio de la educaci\u00f3n","publisher":{"@id":"https:\/\/webdelmaestrocmf.com\/portal\/#organization"},"alternateName":"WMCMF","potentialAction":[{"@type":"SearchAction","target":{"@type":"EntryPoint","urlTemplate":"https:\/\/webdelmaestrocmf.com\/portal\/?s={search_term_string}"},"query-input":{"@type":"PropertyValueSpecification","valueRequired":true,"valueName":"search_term_string"}}],"inLanguage":"es"},{"@type":"Organization","@id":"https:\/\/webdelmaestrocmf.com\/portal\/#organization","name":"Web del Maestro CMF","alternateName":"WMCMF","url":"https:\/\/webdelmaestrocmf.com\/portal\/","logo":{"@type":"ImageObject","inLanguage":"es","@id":"https:\/\/webdelmaestrocmf.com\/portal\/#\/schema\/logo\/image\/","url":"https:\/\/webdelmaestrocmf.com\/portal\/wp-content\/uploads\/2023\/01\/logo-wmcmf-2.png","contentUrl":"https:\/\/webdelmaestrocmf.com\/portal\/wp-content\/uploads\/2023\/01\/logo-wmcmf-2.png","width":200,"height":60,"caption":"Web del Maestro CMF"},"image":{"@id":"https:\/\/webdelmaestrocmf.com\/portal\/#\/schema\/logo\/image\/"},"sameAs":["https:\/\/www.facebook.com\/WebdelMaestroCMF\/","https:\/\/x.com\/cmf_w","https:\/\/www.pinterest.com\/WMCMF\/","https:\/\/www.linkedin.com\/company\/web-del-maestro-cmf\/","https:\/\/www.instagram.com\/wmcmf\/","https:\/\/www.youtube.com\/channel\/UCDPSvjbdodE5sHnC3OxutHw","https:\/\/mastodon.social\/@wmcmf","https:\/\/www.tiktok.com\/@webdelmaestrocmf"]},{"@type":"Person","@id":"https:\/\/webdelmaestrocmf.com\/portal\/#\/schema\/person\/1072a2ed7bd960df8ef99a551fa35dc5","name":"Web del Maestro CMF","image":{"@type":"ImageObject","inLanguage":"es","@id":"https:\/\/secure.gravatar.com\/avatar\/23291dd5b5ae1077dcff3dbb04c3e02bd28403fa75af6d8787d5e97c5bbbe30b?s=96&d=mm&r=g","url":"https:\/\/secure.gravatar.com\/avatar\/23291dd5b5ae1077dcff3dbb04c3e02bd28403fa75af6d8787d5e97c5bbbe30b?s=96&d=mm&r=g","contentUrl":"https:\/\/secure.gravatar.com\/avatar\/23291dd5b5ae1077dcff3dbb04c3e02bd28403fa75af6d8787d5e97c5bbbe30b?s=96&d=mm&r=g","caption":"Web del Maestro CMF"},"description":"Esta Web se cre\u00f3 sin fines de lucro, con fines educativos, cient\u00edficos y acad\u00e9micos, para personas que tengan dificultades y\/o inconvenientes en visualizar el material original. El objetivo es entregar recursos, compartir experiencias y materiales que ayuden a los padres de familia, maestros y estudiantes en su actualizaci\u00f3n y formaci\u00f3n permanente, en bien de la Educaci\u00f3n.","sameAs":["http:\/\/webdelmaestrocmf.com\/portal","https:\/\/www.facebook.com\/WebdelMaestroCMF\/","https:\/\/www.instagram.com\/wmcmf\/","https:\/\/cl.linkedin.com\/company\/web-del-maestro-cmf","https:\/\/www.pinterest.com\/WMCMF\/publicaciones\/","https:\/\/x.com\/cmf_w","https:\/\/www.youtube.com\/@WMCMF"]}]}},"jetpack_featured_media_url":"https:\/\/webdelmaestrocmf.com\/portal\/wp-content\/uploads\/2019\/12\/1-copia-7.jpg","jetpack_sharing_enabled":true,"jetpack-related-posts":[{"id":66065,"url":"https:\/\/webdelmaestrocmf.com\/portal\/los-ninos-felices-son-traviesos-alegres-y-escandalosos\/","url_meta":{"origin":12336,"position":0},"title":"Los ni\u00f1os felices son: traviesos, alegres y escandalosos","author":"Web del Maestro CMF","date":"1 agosto, 2021","format":false,"excerpt":"Uno de los objetivos principales que tenemos los padres es\u00a0criar a nuestros hijos felices, nos da igual muchas veces si no son los m\u00e1s listos de la clase, si no juegan bien al f\u00fatbol o si no son los m\u00e1s guapos. \u00a1Qu\u00e9 m\u00e1s da, si crecen alegres! Y es que\u2026","rel":"","context":"En \u00abEducaci\u00f3n y Familia\u00bb","block_context":{"text":"Educaci\u00f3n y Familia","link":"https:\/\/webdelmaestrocmf.com\/portal\/category\/pedagogia\/educacion-y-familia\/"},"img":{"alt_text":"","src":"https:\/\/i0.wp.com\/webdelmaestrocmf.com\/portal\/wp-content\/uploads\/2021\/08\/1-7.jpg?resize=350%2C200&ssl=1","width":350,"height":200,"srcset":"https:\/\/i0.wp.com\/webdelmaestrocmf.com\/portal\/wp-content\/uploads\/2021\/08\/1-7.jpg?resize=350%2C200&ssl=1 1x, https:\/\/i0.wp.com\/webdelmaestrocmf.com\/portal\/wp-content\/uploads\/2021\/08\/1-7.jpg?resize=525%2C300&ssl=1 1.5x, https:\/\/i0.wp.com\/webdelmaestrocmf.com\/portal\/wp-content\/uploads\/2021\/08\/1-7.jpg?resize=700%2C400&ssl=1 2x, https:\/\/i0.wp.com\/webdelmaestrocmf.com\/portal\/wp-content\/uploads\/2021\/08\/1-7.jpg?resize=1050%2C600&ssl=1 3x"},"classes":[]},{"id":40695,"url":"https:\/\/webdelmaestrocmf.com\/portal\/rosy-cisneros-y-ahora-te-comparto-que-hemos-hecho-cuando-nos-enfrentamos-a-un-grupo-indisciplinado\/","url_meta":{"origin":12336,"position":1},"title":"[Rosy Cisneros] Y ahora te comparto: \u00bfQu\u00e9 hemos hecho cuando nos enfrentamos a un grupo indisciplinado?","author":"Web del Maestro CMF","date":"18 septiembre, 2019","format":false,"excerpt":"A lo largo de mis m\u00e1s de 35 a\u00f1os de maestra y directora, son muchas las historias que te podr\u00eda platicar de estos grupos que nos \u201csacan canas verdes\u201d como dec\u00eda la abuela. Salones ruidosos, que cuando m\u00e1s gritas, m\u00e1s conflictivos se vuelven; alumnos sin la menor intenci\u00f3n de poner\u2026","rel":"","context":"En \u00abZ-Colaboradores\u00bb","block_context":{"text":"Z-Colaboradores","link":"https:\/\/webdelmaestrocmf.com\/portal\/category\/colaborador\/"},"img":{"alt_text":"","src":"https:\/\/i0.wp.com\/webdelmaestrocmf.com\/portal\/wp-content\/uploads\/2019\/09\/2-14.jpg?resize=350%2C200&ssl=1","width":350,"height":200,"srcset":"https:\/\/i0.wp.com\/webdelmaestrocmf.com\/portal\/wp-content\/uploads\/2019\/09\/2-14.jpg?resize=350%2C200&ssl=1 1x, https:\/\/i0.wp.com\/webdelmaestrocmf.com\/portal\/wp-content\/uploads\/2019\/09\/2-14.jpg?resize=525%2C300&ssl=1 1.5x, https:\/\/i0.wp.com\/webdelmaestrocmf.com\/portal\/wp-content\/uploads\/2019\/09\/2-14.jpg?resize=700%2C400&ssl=1 2x, https:\/\/i0.wp.com\/webdelmaestrocmf.com\/portal\/wp-content\/uploads\/2019\/09\/2-14.jpg?resize=1050%2C600&ssl=1 3x"},"classes":[]},{"id":35550,"url":"https:\/\/webdelmaestrocmf.com\/portal\/ernesto-gonzalez-inquieto-o-hiperactivo\/","url_meta":{"origin":12336,"position":2},"title":"[ERNESTO GONZ\u00c1LEZ] \u00bfINQUIETO O HIPERACTIVO?","author":"Web del Maestro CMF","date":"8 marzo, 2019","format":false,"excerpt":"No deja de moverse en la silla, tarda una eternidad en hacer los deberes, se distrae por tonter\u00edas, he de estar constantemente a su lado, he de repetir la misma orden cinco veces para que obedezca (si es que obedece) ... \u00bfte suenan estas quejas? La mayor\u00eda de padres y\u2026","rel":"","context":"En \u00abZ-Colaboradores\u00bb","block_context":{"text":"Z-Colaboradores","link":"https:\/\/webdelmaestrocmf.com\/portal\/category\/colaborador\/"},"img":{"alt_text":"","src":"https:\/\/i0.wp.com\/webdelmaestrocmf.com\/portal\/wp-content\/uploads\/2019\/03\/1-19.jpg?resize=350%2C200&ssl=1","width":350,"height":200,"srcset":"https:\/\/i0.wp.com\/webdelmaestrocmf.com\/portal\/wp-content\/uploads\/2019\/03\/1-19.jpg?resize=350%2C200&ssl=1 1x, https:\/\/i0.wp.com\/webdelmaestrocmf.com\/portal\/wp-content\/uploads\/2019\/03\/1-19.jpg?resize=525%2C300&ssl=1 1.5x, https:\/\/i0.wp.com\/webdelmaestrocmf.com\/portal\/wp-content\/uploads\/2019\/03\/1-19.jpg?resize=700%2C400&ssl=1 2x, https:\/\/i0.wp.com\/webdelmaestrocmf.com\/portal\/wp-content\/uploads\/2019\/03\/1-19.jpg?resize=1050%2C600&ssl=1 3x"},"classes":[]},{"id":54456,"url":"https:\/\/webdelmaestrocmf.com\/portal\/pantallas-super-pobladas-no-ayudan-al-proceso-de-ensenanza-aprendizaje\/","url_meta":{"origin":12336,"position":3},"title":"Pantallas s\u00faper pobladas no ayudan al proceso de ense\u00f1anza aprendizaje","author":"Web del Maestro CMF","date":"11 noviembre, 2020","format":false,"excerpt":"Docentes advierten que la superpoblaci\u00f3n puede dificultar el aprendizaje, mientras que en muchos edificios las aulas son peque\u00f1as y apenas queda espacio para circular entre los bancos o carpetas. \u201cNo se puede llegar al fondo del sal\u00f3n porque no hay pasillos entre banco y banco, no hay lugar\u201d. Ante esta\u2026","rel":"","context":"En \u00abNoticias\u00bb","block_context":{"text":"Noticias","link":"https:\/\/webdelmaestrocmf.com\/portal\/category\/pedagogia\/noticias-pedagogia\/"},"img":{"alt_text":"","src":"https:\/\/i0.wp.com\/webdelmaestrocmf.com\/portal\/wp-content\/uploads\/2020\/11\/1-copia-35.jpg?resize=350%2C200&ssl=1","width":350,"height":200,"srcset":"https:\/\/i0.wp.com\/webdelmaestrocmf.com\/portal\/wp-content\/uploads\/2020\/11\/1-copia-35.jpg?resize=350%2C200&ssl=1 1x, https:\/\/i0.wp.com\/webdelmaestrocmf.com\/portal\/wp-content\/uploads\/2020\/11\/1-copia-35.jpg?resize=525%2C300&ssl=1 1.5x, https:\/\/i0.wp.com\/webdelmaestrocmf.com\/portal\/wp-content\/uploads\/2020\/11\/1-copia-35.jpg?resize=700%2C400&ssl=1 2x, https:\/\/i0.wp.com\/webdelmaestrocmf.com\/portal\/wp-content\/uploads\/2020\/11\/1-copia-35.jpg?resize=1050%2C600&ssl=1 3x"},"classes":[]},{"id":75610,"url":"https:\/\/webdelmaestrocmf.com\/portal\/en-que-consiste-el-juego-del-silencio-y-como-puedo-aplicarlo-en-mis-clases\/","url_meta":{"origin":12336,"position":4},"title":"\u00bfEn qu\u00e9 consiste el juego del SILENCIO y c\u00f3mo puedo aplicarlo en clases?","author":"Web del Maestro CMF","date":"17 marzo, 2022","format":false,"excerpt":"En el ajetreo y el bullicio de nuestras vidas cotidianas, rara vez encontramos momentos de verdadero silencio y tranquilidad. Sin embargo, en un rinc\u00f3n de la pedagog\u00eda y la educaci\u00f3n, existe una pr\u00e1ctica que nos invita a sumergirnos en el silencio de una manera m\u00e1gica y transformadora. Hablamos del \"Juego\u2026","rel":"","context":"En \u00abJuegos\u00bb","block_context":{"text":"Juegos","link":"https:\/\/webdelmaestrocmf.com\/portal\/category\/pedagogia\/juegos\/"},"img":{"alt_text":"","src":"https:\/\/i0.wp.com\/webdelmaestrocmf.com\/portal\/wp-content\/uploads\/2022\/03\/1-37.jpg?resize=350%2C200&ssl=1","width":350,"height":200,"srcset":"https:\/\/i0.wp.com\/webdelmaestrocmf.com\/portal\/wp-content\/uploads\/2022\/03\/1-37.jpg?resize=350%2C200&ssl=1 1x, https:\/\/i0.wp.com\/webdelmaestrocmf.com\/portal\/wp-content\/uploads\/2022\/03\/1-37.jpg?resize=525%2C300&ssl=1 1.5x, https:\/\/i0.wp.com\/webdelmaestrocmf.com\/portal\/wp-content\/uploads\/2022\/03\/1-37.jpg?resize=700%2C400&ssl=1 2x, https:\/\/i0.wp.com\/webdelmaestrocmf.com\/portal\/wp-content\/uploads\/2022\/03\/1-37.jpg?resize=1050%2C600&ssl=1 3x"},"classes":[]},{"id":32876,"url":"https:\/\/webdelmaestrocmf.com\/portal\/las-aulas-superpobladas-no-ayudan-al-proceso-de-ensenanza-aprendizaje\/","url_meta":{"origin":12336,"position":5},"title":"Las aulas superpobladas no ayudan al proceso de ense\u00f1anza-aprendizaje: el tama\u00f1o s\u00ed importa y afecta directamente la calidad del aprendizaje; no es lo mismo ense\u00f1ar a 40, 50 o 60 estudiantes que a 25","author":"Web del Maestro CMF","date":"23 diciembre, 2025","format":false,"excerpt":"Las aulas superpobladas no son un problema menor ni una simple estad\u00edstica: son una barrera directa contra el aprendizaje real.","rel":"","context":"En \u00abInfraestructura\u00bb","block_context":{"text":"Infraestructura","link":"https:\/\/webdelmaestrocmf.com\/portal\/category\/pedagogia\/infraestructura\/"},"img":{"alt_text":"","src":"https:\/\/i0.wp.com\/webdelmaestrocmf.com\/portal\/wp-content\/uploads\/2025\/12\/1AA-Banner-1-portada-imagen-10-1-copia-5.webp?resize=350%2C200&ssl=1","width":350,"height":200,"srcset":"https:\/\/i0.wp.com\/webdelmaestrocmf.com\/portal\/wp-content\/uploads\/2025\/12\/1AA-Banner-1-portada-imagen-10-1-copia-5.webp?resize=350%2C200&ssl=1 1x, https:\/\/i0.wp.com\/webdelmaestrocmf.com\/portal\/wp-content\/uploads\/2025\/12\/1AA-Banner-1-portada-imagen-10-1-copia-5.webp?resize=525%2C300&ssl=1 1.5x, https:\/\/i0.wp.com\/webdelmaestrocmf.com\/portal\/wp-content\/uploads\/2025\/12\/1AA-Banner-1-portada-imagen-10-1-copia-5.webp?resize=700%2C400&ssl=1 2x, https:\/\/i0.wp.com\/webdelmaestrocmf.com\/portal\/wp-content\/uploads\/2025\/12\/1AA-Banner-1-portada-imagen-10-1-copia-5.webp?resize=1050%2C600&ssl=1 3x"},"classes":[]}],"_links":{"self":[{"href":"https:\/\/webdelmaestrocmf.com\/portal\/wp-json\/wp\/v2\/posts\/12336","targetHints":{"allow":["GET"]}}],"collection":[{"href":"https:\/\/webdelmaestrocmf.com\/portal\/wp-json\/wp\/v2\/posts"}],"about":[{"href":"https:\/\/webdelmaestrocmf.com\/portal\/wp-json\/wp\/v2\/types\/post"}],"author":[{"embeddable":true,"href":"https:\/\/webdelmaestrocmf.com\/portal\/wp-json\/wp\/v2\/users\/1"}],"replies":[{"embeddable":true,"href":"https:\/\/webdelmaestrocmf.com\/portal\/wp-json\/wp\/v2\/comments?post=12336"}],"version-history":[{"count":0,"href":"https:\/\/webdelmaestrocmf.com\/portal\/wp-json\/wp\/v2\/posts\/12336\/revisions"}],"wp:featuredmedia":[{"embeddable":true,"href":"https:\/\/webdelmaestrocmf.com\/portal\/wp-json\/wp\/v2\/media\/55594"}],"wp:attachment":[{"href":"https:\/\/webdelmaestrocmf.com\/portal\/wp-json\/wp\/v2\/media?parent=12336"}],"wp:term":[{"taxonomy":"category","embeddable":true,"href":"https:\/\/webdelmaestrocmf.com\/portal\/wp-json\/wp\/v2\/categories?post=12336"},{"taxonomy":"post_tag","embeddable":true,"href":"https:\/\/webdelmaestrocmf.com\/portal\/wp-json\/wp\/v2\/tags?post=12336"}],"curies":[{"name":"wp","href":"https:\/\/api.w.org\/{rel}","templated":true}]}}