{"id":12231,"date":"2025-07-07T15:00:00","date_gmt":"2025-07-07T19:00:00","guid":{"rendered":"http:\/\/webdelmaestrocmf.com\/portal\/?p=12231"},"modified":"2025-07-07T18:37:48","modified_gmt":"2025-07-07T22:37:48","slug":"10-peliculas-que-todo-educador-y-estudiante-de-educacion-tiene-que-ver","status":"publish","type":"post","link":"https:\/\/webdelmaestrocmf.com\/portal\/10-peliculas-que-todo-educador-y-estudiante-de-educacion-tiene-que-ver\/","title":{"rendered":"36 pel\u00edculas que todo educador y estudiante tienen que ver"},"content":{"rendered":"\n<p>Existen joyas f\u00edlmicas que van m\u00e1s all\u00e1 de la simple entretenci\u00f3n; son obras maestras que despiertan la mente, inspiran el aprendizaje y provocan reflexiones profundas. En este viaje por el celuloide, te invitamos a explorar una selecci\u00f3n de 30 pel\u00edculas que, sin duda, deber\u00edan formar parte del repertorio de todo educador y estudiante \u00e1vido de conocimiento.<\/p>\n\n\n\n<!--more-->\n\n\n\n<p>Estas pel\u00edculas trascienden las barreras del tiempo y del espacio para enriquecer nuestra comprensi\u00f3n del mundo, desafiando nuestras perspectivas y encendiendo la chispa del aprendizaje a trav\u00e9s del s\u00e9ptimo arte.<\/p>\n\n\n\n<p>Art\u00edculo relacionado:&nbsp;<a title=\"pel\u00edculas para docentes\" href=\"https:\/\/webdelmaestrocmf.com\/portal\/20-peliculas-para-educar-en-inteligencia-emocional-que-recomiendan-la-ia\/\">20 pel\u00edculas para educar en Inteligencia Emocional que recomiendan la IA &#8211; 2023 (webdelmaestrocmf.com)<\/a><\/p>\n\n\n\n<p>Dentro de la educaci\u00f3n, existen diversos temas que pueden ser objetos de debate como igualdad, moralidad, condici\u00f3n financiera de la comunidad de docentes, y tantos otros. Estos temas pueden ser retratados con bastante eficiencia en las pel\u00edculas y suelen dejar un mensaje impreso en las personas que lo ven.<\/p>\n\n\n\n<p>Las pel\u00edculas tambi\u00e9n pueden ser un <strong>medio para educar<\/strong>, por eso hoy te dejamos una lista de 36 pel\u00edculas que te pueden ofrecer entretenimiento y al mismo tiempo te dejan mensajes que pueden ser \u00fatiles en tu vida como educador o <strong>estudiante de educaci\u00f3n<\/strong>.<\/p>\n\n\n\n<p>Esperamos que las siguiente lista sea de utilidad.<\/p>\n\n\n\n<h2 class=\"wp-block-heading\"><strong>Agregadas recientemente:<\/strong><\/h2>\n\n\n\n<h5 class=\"wp-block-heading\"><strong>1. \u00abUn don excepcional\u00bb (2017)<\/strong><\/h5>\n\n\n\n<p><strong>Sinopsis:<\/strong> La pel\u00edcula narra la historia de Frank Adler, un hombre soltero que asume la crianza de su sobrina Mary, una ni\u00f1a prodigio en matem\u00e1ticas de tan solo siete a\u00f1os. \u00abUn Don Excepcional\u00bb aborda temas como el amor familiar, el sacrificio y el poder del talento.<\/p>\n\n\n\n<p><strong>Disponible en:<\/strong> Netflix, Amazon Prime y HBO Max<\/p>\n\n\n\n<p><iframe loading=\"lazy\" title=\"Un Don Excepcional - Mary en la Escuela | Espa\u00f1ol Latino\" src=\"https:\/\/www.youtube.com\/embed\/HUmrEstT1bY\" width=\"100%\" height=\"315\" frameborder=\"0\" allowfullscreen=\"allowfullscreen\" data-mce-fragment=\"1\"><span data-mce-type=\"bookmark\" style=\"display: inline-block; width: 0px; overflow: hidden; line-height: 0;\" class=\"mce_SELRES_start\">\ufeff<\/span><\/iframe><\/p>\n\n\n\n<h5 class=\"wp-block-heading\"><strong>2. \u00abLos buenos profesores\u00bb (2023)<\/strong><\/h5>\n\n\n\n<p><strong>Sinopsis:<\/strong> Ambientada en Par\u00eds, la pel\u00edcula sigue a un grupo de profesores de secundaria que luchan por ense\u00f1ar en un sistema educativo cada vez m\u00e1s exigente. \u00abLos Buenos Profesores\u00bb es una obra inspiradora que destaca el valor de la vocaci\u00f3n docente y la importancia de la educaci\u00f3n p\u00fablica.<\/p>\n\n\n\n<p><strong>Disponible en:<\/strong> Netflix<\/p>\n\n\n\n<p><iframe loading=\"lazy\" title=\"Los Buenos Profesores (2023) Tr\u00e1iler Oficial Subtitulado\" src=\"https:\/\/www.youtube.com\/embed\/ke5f9cm9Occ\" width=\"100%\" height=\"315\" frameborder=\"0\" allowfullscreen=\"allowfullscreen\" data-mce-fragment=\"1\"><span data-mce-type=\"bookmark\" style=\"display: inline-block; width: 0px; overflow: hidden; line-height: 0;\" class=\"mce_SELRES_start\">\ufeff<\/span><\/iframe><\/p>\n\n\n\n<h5 class=\"wp-block-heading\"><strong>3. \u00abNi uno menos\u00bb (1999)<\/strong><\/h5>\n\n\n\n<p><strong>Sinopsis:<\/strong> Wei Minzhi, una joven de 13 a\u00f1os, se convierte en maestra sustituta en una peque\u00f1a escuela rural. Su misi\u00f3n es evitar que los ni\u00f1os abandonen la escuela debido a la pobreza. \u00abNi Uno Menos\u00bb aborda con sensibilidad la lucha contra las dificultades econ\u00f3micas y educativas.<\/p>\n\n\n\n<p><strong>Disponible en:<\/strong> Google Play<\/p>\n\n\n\n<p><iframe loading=\"lazy\" title=\"Ni uno menos fragmento\" src=\"https:\/\/www.youtube.com\/embed\/3-7CyXS3clY\" width=\"100%\" height=\"315\" frameborder=\"0\" allowfullscreen=\"allowfullscreen\" data-mce-fragment=\"1\"><span data-mce-type=\"bookmark\" style=\"display: inline-block; width: 0px; overflow: hidden; line-height: 0;\" class=\"mce_SELRES_start\">\ufeff<\/span><\/iframe><\/p>\n\n\n\n<h5 class=\"wp-block-heading\"><strong>4. \u00abDetr\u00e1s de la pizarra\u00bb (2011)<\/strong><\/h5>\n\n\n\n<p><strong>Sinopsis:<\/strong> Stacey Bess, una maestra reci\u00e9n graduada, enfrenta su primer trabajo en una escuela para ni\u00f1os sin hogar. La pel\u00edcula resalta el compromiso de la educaci\u00f3n en contextos desafiantes y el impacto positivo que puede tener en la vida de los estudiantes.<\/p>\n\n\n\n<p><strong>Disponible en:<\/strong> Netflix, Amazon Prime y HBO Max<\/p>\n\n\n\n<p><iframe loading=\"lazy\" title=\"Detr\u00e1s de la pizarra en Espa\u00f1ol\" src=\"https:\/\/www.youtube.com\/embed\/i5cy9Q9KL4s\" width=\"100%\" height=\"315\" frameborder=\"0\" allowfullscreen=\"allowfullscreen\" data-mce-fragment=\"1\"><span data-mce-type=\"bookmark\" style=\"display: inline-block; width: 0px; overflow: hidden; line-height: 0;\" class=\"mce_SELRES_start\">\ufeff<\/span><\/iframe><\/p>\n\n\n\n<h5 class=\"wp-block-heading\"><strong>5. \u00abHoy empieza todo\u00bb (1999)<\/strong><\/h5>\n\n\n\n<p><strong>Sinopsis:<\/strong> Daniel Lefebvre, director de una escuela infantil en una peque\u00f1a ciudad francesa, lucha contra la pobreza y la discriminaci\u00f3n para ayudar a sus alumnos a superar desaf\u00edos significativos. \u00abHoy Empieza Todo\u00bb destaca la importancia de la educaci\u00f3n en la superaci\u00f3n personal.<\/p>\n\n\n\n<p><strong>Disponible en:<\/strong> Netflix<\/p>\n\n\n\n<p><iframe loading=\"lazy\" title=\"An\u00e1lisis de \u00c7a commence aujourd'hui \/Hoy empieza todo \/Todo comienza hoy (1999), de Tavernier.\" src=\"https:\/\/www.youtube.com\/embed\/WaL0R9ZWibo\" width=\"100%\" height=\"315\" frameborder=\"0\" allowfullscreen=\"allowfullscreen\" data-mce-fragment=\"1\"><span data-mce-type=\"bookmark\" style=\"display: inline-block; width: 0px; overflow: hidden; line-height: 0;\" class=\"mce_SELRES_start\">\ufeff<\/span><\/iframe><\/p>\n\n\n\n<h5 class=\"wp-block-heading\"><strong>6. \u00abLa maestra\u00bb (2016)<\/strong><\/h5>\n\n\n\n<p><strong>Sinopsis:<\/strong> Basada en la novela de Jozef Karika, \u00abLa Maestra\u00bb explora la historia de Mar\u00eda Drazdechova, una nueva maestra que llega a una escuela en los suburbios de Bratislava. La pel\u00edcula aborda temas como la corrupci\u00f3n, el abuso de poder y destaca la trascendental influencia de los educadores.<\/p>\n\n\n\n<p><strong>Disponible en:<\/strong> Netflix, Amazon Prime y HBO Max<\/p>\n\n\n\n<p><iframe loading=\"lazy\" title=\"LA PROFESORA | Tr\u00e1iler Oficial Espa\u00f1ol | HD\" src=\"https:\/\/www.youtube.com\/embed\/je1sx1wdME4\" width=\"100%\" height=\"315\" frameborder=\"0\" allowfullscreen=\"allowfullscreen\" data-mce-fragment=\"1\"><span data-mce-type=\"bookmark\" style=\"display: inline-block; width: 0px; overflow: hidden; line-height: 0;\" class=\"mce_SELRES_start\">\ufeff<\/span><\/iframe><\/p>\n\n\n\n<h2 class=\"wp-block-heading\"><strong>Pel\u00edculas m\u00e1s vistas<\/strong><\/h2>\n\n\n\n<h5 class=\"wp-block-heading\"><strong>1. El Club de los Cinco (1985)<\/strong><\/h5>\n\n\n\n<p>El&nbsp;<strong>Club de los Cinco<\/strong>&nbsp;es un cl\u00e1sico de la historia del cine. La pel\u00edcula relata la historia de cinco alumnos muy diferentes entre s\u00ed, que son castigados y obligados \u201cocho horas con cincuenta y cuatro minutos\u201d en la Biblioteca del Colegio, con la tarea de escribir un ensayo sobre s\u00ed mismos. Esta comedia ayudar\u00e1 a identificar los diferentes estereotipos que coexisten dentro de las aulas. Una vez que los identifiques, conozcas y entiendas, aprender\u00e1s algunas lecciones aplicadas a su estilo de vida.<\/p>\n\n\n\n<p><iframe loading=\"lazy\" src=\"https:\/\/www.youtube.com\/embed\/qtyZCg61INs\" width=\"100%\" height=\"400\" frameborder=\"0\" allowfullscreen=\"allowfullscreen\" data-mce-fragment=\"1\"><span data-mce-type=\"bookmark\" style=\"display: inline-block; width: 0px; overflow: hidden; line-height: 0;\" class=\"mce_SELRES_start\">\ufeff<\/span><\/iframe><\/p>\n\n\n\n<h5 class=\"wp-block-heading\"><strong>2. Un intruso en Harvard (1994)<\/strong><\/h5>\n\n\n\n<p>Montgomery \u00abMonty\u00bb Kessler es un brillante estudiante, que se ubica en lo alto de su clase de&nbsp;Universidad de Harvard, con un futuro promisorio por delante y una tesis que le garantizar\u00eda una graduaci\u00f3n con honores. Sin embargo, Kessler se ve envuelto en un curioso suceso al perder la \u00fanica copia de su tesis, que termina en manos de un mendigo. Este personaje le propondr\u00e1 aventuras inesperadas a cambio de devolver sus hojas, de una en una.&nbsp;Esta pel\u00edcula es divertida pero encierra detr\u00e1s un mensaje sobre&nbsp;<strong>lo importante o no de \u201cgraduarse con honores de la vida\u201d<\/strong>.<\/p>\n\n\n\n<p><iframe loading=\"lazy\" src=\"https:\/\/www.youtube.com\/embed\/DZ7Fm26YJjs\" width=\"100%\" height=\"400\" frameborder=\"0\" allowfullscreen=\"allowfullscreen\" data-mce-fragment=\"1\"><\/iframe><\/p>\n\n\n\n<h5 class=\"wp-block-heading\"><strong>3. Preciosa (2009)<\/strong><\/h5>\n\n\n\n<p>Claireece \u201cPrecious\u201d Jones, es la protagonista de este crudo drama que relata las peripecias de una joven analfabeta, que fue v\u00edctima de abusos desde peque\u00f1a. Pese al sobrepeso, un embarazo soltera y otras tantos obst\u00e1culos,&nbsp;<strong>Precious<\/strong>&nbsp;lucha por continuar con sus estudios.&nbsp;M\u00e1s all\u00e1 del relato de superaci\u00f3n personal, la pel\u00edcula transmite un mensaje sobre la&nbsp;<strong>necesidad del esfuerzo para alcanzar logros en materia de educaci\u00f3n<\/strong>.<\/p>\n\n\n\n<p><iframe loading=\"lazy\" src=\"https:\/\/www.youtube.com\/embed\/nDDtj6WgKJI\" width=\"100%\" height=\"400\" frameborder=\"0\" allowfullscreen=\"allowfullscreen\" data-mce-fragment=\"1\"><\/iframe><\/p>\n\n\n\n<h5 class=\"wp-block-heading\"><strong>4. La lengua de las mariposas. Espa\u00f1a (1999)<\/strong><\/h5>\n\n\n\n<p>Dirigida por Jos\u00e9 Lu\u00eds Cuerda, est\u00e1 basada en los tres cuentos que forman parte del libro de Manuel Rivas \u00bfQu\u00e9 me quieres, amor? Don Gregorio es un maestro ya entrado en a\u00f1os que conoce a Moncho, un ni\u00f1o enfermizo y temeroso que llega a la escuela despu\u00e9s del invierno de 1936. Juntos crean un v\u00ednculo muy especial que logra romper los miedos y llenar de expectativas al renovado muchacho.<\/p>\n\n\n\n<p>Recibi\u00f3 el premio Goya al mejor gui\u00f3n adaptado.<\/p>\n\n\n\n<p><iframe loading=\"lazy\" title=\"An\u00e1lisis de La lengua de las mariposas (1999), de Jos\u00e9 Luis Cuerda. Un mirada sobre la educaci\u00f3n.\" src=\"https:\/\/www.youtube.com\/embed\/O3qODK6sy9g\" width=\"100%\" height=\"315\" frameborder=\"0\" allowfullscreen=\"allowfullscreen\"><span data-mce-type=\"bookmark\" style=\"display: inline-block; width: 0px; overflow: hidden; line-height: 0;\" class=\"mce_SELRES_start\">\ufeff<\/span><\/iframe><\/p>\n\n\n\n<h5 class=\"wp-block-heading\"><span class=\"td-sml-current-item-nr\"><strong>5.\u00a0Lecciones inolvidables (1988)<\/strong><\/span><\/h5>\n\n\n\n<p>Esta pel\u00edcula tiene grandes m\u00e9ritos. Primero porque est\u00e1 basada en una historia real: Jaime Escalante (1930-2010) fue un celebrado profesor de matem\u00e1ticas de origen boliviano quien, tras haber ense\u00f1ado a muchachos de bajos recursos durante 12 a\u00f1os, emigr\u00f3 a Puerto Rico y de all\u00ed a los EEUU donde debi\u00f3 estudiar de nuevo para poder licenciarse en matem\u00e1ticas.<\/p>\n\n\n\n<p>Solo as\u00ed, consigui\u00f3 ingresar a la Garfield High School, de donde estuvo a punto de renunciar durante el primer a\u00f1o (1974), pues solo consigui\u00f3 que 12 estudiantes aprobaran el \u00e1lgebra que los habilitaba para la universidad. Centrado luego en el c\u00e1lculo como forma de elevar el nivel de comprensi\u00f3n de las matem\u00e1ticas, y luego de varios a\u00f1os de escasos resultados, en 1982 Escalante se convierte en noticia nacional al conseguir que, 30 de 33 subestimados estudiantes de origen latino que se presentaron al examen de c\u00e1lculo, consiguieran el pase a la universidad.<\/p>\n\n\n\n<p><iframe loading=\"lazy\" src=\"https:\/\/www.youtube.com\/embed\/uENiULfE-SQ?ecver=2\" width=\"100%\" height=\"400\" frameborder=\"0\" allowfullscreen=\"allowfullscreen\" data-mce-fragment=\"1\"><\/iframe><\/p>\n\n\n\n<h5 class=\"wp-block-heading\"><strong>6. El club de los poetas muertos. Dead Poets Society. Estados Unidos (1989)<\/strong><\/h5>\n\n\n\n<p>La pel\u00edcula transcurre en la d\u00e9cada de los a\u00f1os cincuenta y narra la experiencia de un grupo de alumnos a quienes el car\u00e1cter revolucionario, la creatividad y los m\u00e9todos poco ortodoxos del nuevo profesor de literatura John Keating, interpretado por Robin Williams, cambiar\u00e1 para siempre sus vidas en la tradicional y estricta Academia Welton.<\/p>\n\n\n\n<p>La pel\u00edcula dura 128 minutos, fue dirigida por Peter Weir, obtuvo cuatro nominaciones al Oscar y cuatro a los Globos de Oro.<\/p>\n\n\n\n<p>Fue escrita por Tom Schulman, quien gan\u00f3 el Oscar a mejor gui\u00f3n original.\u00a0<\/p>\n\n\n\n<iframe loading=\"lazy\" width=\"100%\" height=\"315\" src=\"https:\/\/www.youtube.com\/embed\/J3m_FrXLC3c?si=-R5A6joeChdqplI8\" title=\"YouTube video player\" frameborder=\"0\" allow=\"accelerometer; autoplay; clipboard-write; encrypted-media; gyroscope; picture-in-picture; web-share\" referrerpolicy=\"strict-origin-when-cross-origin\" allowfullscreen><\/iframe>\n\n\n\n<h5 class=\"wp-block-heading\"><span class=\"td-sml-current-item-nr\"><strong>7.\u00a0La sonrisa de Mona Lisa (2003)<\/strong><\/span><\/h5>\n\n\n\n<p>Protagonizada por Julia Roberts que interpreta a una profesora moderna e independiente que intenta liberar a sus estudiantes de su destino como esposas, madres, o amas de casa, &#8216;La sonrisa de Mona Lisa&#8217; se sit\u00faa en la estela de filmes como &#8216;El club de los poetas muertos&#8217; en su apuesta por la pedagog\u00eda como forma de fortalecimiento.<\/p>\n\n\n\n<p>Es el a\u00f1o 1953. Katherine Watson (Julia Roberts) se muda desde California hasta Wellesley donde ejercer\u00e1 como profesora de historia del arte de una universidad femenina de mucho prestigio. Una de las mejores en todo el pa\u00eds. La profesora est\u00e1 inquieta por empezar las clases y se muestra muy entusiasmada por la rebeld\u00eda y la inquietud que espera encontrar en estas mujercitas de clase alta; sin embargo, descubrir\u00e1 con cierta decepci\u00f3n que el conformismo, al igual que en las clases m\u00e1s bajas, afecta a muchas de ellas. En una sociedad donde el mayor logro de una mujer es conseguir casarse con un marido guapo y con dinero, ser\u00e1 muy dif\u00edcil hacer cambiar la mentalidad de las j\u00f3venes alumnas.<\/p>\n\n\n\n<p><iframe loading=\"lazy\" title=\"YouTube video player\" src=\"https:\/\/www.youtube.com\/embed\/RjAUisSfBH8\" width=\"100%\" height=\"400\" frameborder=\"0\" allowfullscreen=\"allowfullscreen\"><span data-mce-type=\"bookmark\" style=\"display: inline-block; width: 0px; overflow: hidden; line-height: 0;\" class=\"mce_SELRES_start\">\ufeff<\/span><\/iframe><\/p>\n\n\n\n<h5 class=\"wp-block-heading\"><strong>8. Hoy empieza todo. \u00c7a commence aujourd&#8217;hui. Francia (1999)<\/strong><\/h5>\n\n\n\n<p>Catalogada como \u2018cine social\u2019 habla de que a la escuela no solo le compromete su misi\u00f3n de educar, sino una mayor responsabilidad social. Fue grabada con una t\u00e9cnica documental y cuenta con actores profesionales y naturales del medio educativo, quienes le dan gran veracidad. Es un llamado a que la escuela sea un espacio universal donde las diferencias sociales, culturales, raciales, etc\u00e9tera, no encuentren cabida.<\/p>\n\n\n\n<p><iframe loading=\"lazy\" title=\"YouTube video player\" src=\"https:\/\/www.youtube.com\/embed\/WaL0R9ZWibo?si=hmJp-w2RgUoWCIcb\" width=\"100%\" height=\"315\" frameborder=\"0\" allowfullscreen=\"allowfullscreen\"><span data-mce-type=\"bookmark\" style=\"display: inline-block; width: 0px; overflow: hidden; line-height: 0;\" class=\"mce_SELRES_start\">\ufeff<\/span><span data-mce-type=\"bookmark\" style=\"display: inline-block; width: 0px; overflow: hidden; line-height: 0;\" class=\"mce_SELRES_start\">\ufeff<\/span><\/iframe><\/p>\n\n\n\n<h5 class=\"wp-block-heading\"><span class=\"td-sml-current-item-nr\"><strong>9.\u00a0El maestro (2014)<\/strong><\/span><\/h5>\n\n\n\n<p>A la edad de 20 a\u00f1os, Alberto Manzi quiere ser maestro, pero el pa\u00eds est\u00e1 en plena guerra. En la prisi\u00f3n juvenil solo logra tener una silla y es transferido a la escuela real, pero ese camino le resulta insuficiente.<\/p>\n\n\n\n<p>Mientras tanto, la cadena de televisi\u00f3n Rai, en su primera emisi\u00f3n, decide hacer un programa para educar y formar a los millones de italianos. Es ah\u00ed el momento en el que Manzi se convierte en el amo de la televisi\u00f3n, alfabetizando al p\u00fablico y quedando en la memoria de muchos italianos de la \u00e9poca.<\/p>\n\n\n\n<p>El Maestro&nbsp;est\u00e1 dirigida por Giacomo Campiotti (Blanca como la nieve, roja como la sangre) y protagonizada por Claudio Santamaria (Diaz, no limpi\u00e9is esta sangre); Nicole Grimaudo (Tengo algo que deciros); Lucia Mascino (La sedia della felicit\u00e0); y Marco Messeri (La Passione).<\/p>\n\n\n\n<p><iframe loading=\"lazy\" src=\"https:\/\/www.youtube.com\/embed\/52K_vJL8ALA\" width=\"100%\" height=\"400\" frameborder=\"0\" allowfullscreen=\"allowfullscreen\"><span data-mce-type=\"bookmark\" style=\"display: inline-block; width: 0px; overflow: hidden; line-height: 0;\" class=\"mce_SELRES_start\">\ufeff<\/span><\/iframe><\/p>\n\n\n\n<h5 class=\"wp-block-heading\"><span class=\"td-sml-current-item-nr\"><strong>10.\u00a0Los chicos del coro (2014)<\/strong><\/span><\/h5>\n\n\n\n<p>Al final de la d\u00e9cada de los cuarenta, el profesor de m\u00fasica Cl\u00e9ment Mathieu se ve obligado a trabajar como vigilante de un reformatorio de menores. Es testigo de las arbitrariedades y represiones de Rachin, el director del centro, contra estos j\u00f3venes rebeldes.<\/p>\n\n\n\n<p>Mathieu descubre que la m\u00fasica es el lenguaje que le permite aplacar la rebeld\u00eda y ser\u00e1 el instrumento para transformar los impetuosos esp\u00edritus de los internos.<\/p>\n\n\n\n<p>Dirigida por Christophe Barratier, gan\u00f3 dos premios Cesar y recibi\u00f3 dos nominaciones al Oscar como mejor pel\u00edcula en lenguaje extranjero y mejor canci\u00f3n original, una nominaci\u00f3n al Globo de Oro, tres al Bafta, una al David di Donatello a mejor pel\u00edcula europea, y una al Goya como mejor pel\u00edcula europea.<\/p>\n\n\n\n<p><iframe loading=\"lazy\" src=\"https:\/\/www.youtube.com\/embed\/tiEvVJIjNgI?ecver=2\" width=\"100%\" height=\"400\" frameborder=\"0\" allowfullscreen=\"allowfullscreen\" data-mce-fragment=\"1\"><\/iframe><\/p>\n\n\n\n<h5 class=\"wp-block-heading\"><span class=\"td-sml-current-item-nr\"><strong>11.\u00a0La clase\u00a0(2008)<\/strong><\/span><\/h5>\n\n\n\n<p>Fran\u00e7ois es un joven profesor de lengua francesa en un instituto conflictivo, situado en un barrio marginal. Sus alumnos tienen entre 14 y 15 a\u00f1os, y no duda en enfrentarse a ellos en estimulantes batallas verbales; pero el aprendizaje de la democracia puede implicar aut\u00e9nticos riesgos. Al comenzar el curso, los profesores, llenos de buenas intenciones, deseosos de dar la mejor educaci\u00f3n a sus alumnos, se arman contra el desaliento. Pero la abismal diferencia de cultura y de actitud chocan violentamente en las aulas, que no son m\u00e1s que un microcosmos de la Francia contempor\u00e1nea. Por muy divertidos que sean a veces los alumnos, sus comportamientos pueden cortar de ra\u00edz el entusiasmo de un profesor. La tremenda franqueza de Fran\u00e7ois sorprende a sus alumnos, pero su estricto sentido de la \u00e9tica se tambalea cuando los j\u00f3venes empiezan a no aceptar sus m\u00e9todos.<\/p>\n\n\n\n<p><iframe loading=\"lazy\" src=\"https:\/\/www.youtube.com\/embed\/GnVZA1xc-8E?ecver=2\" width=\"100%\" height=\"400\" frameborder=\"0\" allowfullscreen=\"allowfullscreen\" data-mce-fragment=\"1\"><\/iframe><\/p>\n\n\n\n<h5 class=\"wp-block-heading\"><strong>12. El peque\u00f1o salvaje. L&#8217;enfant Sauvage. Francia (1970)<\/strong><\/h5>\n\n\n\n<p>La pel\u00edcula de Fran\u00e7ois Truffaut aborda el reto que implica la educaci\u00f3n de los ni\u00f1os vulnerables y marginados, incluso para las sociedades m\u00e1s avanzadas<\/p>\n\n\n\n<p>Emplea t\u00e9cnicas como la voz en off del documental, y los cierres de iris del cine mudo. Adem\u00e1s, Truffaut utiliza reflejos de su propia historia personal, marcada por una infancia dif\u00edcil y por su camino de auto superaci\u00f3n a trav\u00e9s del cine.<\/p>\n\n\n\n<p>Seg\u00fan la cr\u00edtica \u201cel filme refleja exactamente la fascinaci\u00f3n que los \u2018salvajes\u2019 ejercen sobre los \u2018civilizados\u2019 y plantea el debate sobre c\u00f3mo educarlos\u201d.<\/p>\n\n\n\n<iframe loading=\"lazy\" width=\"100%\" height=\"315\" src=\"https:\/\/www.youtube.com\/embed\/eCMZwk6s6zg?si=cEEYZ5zg7MjvPMSv\" title=\"YouTube video player\" frameborder=\"0\" allow=\"accelerometer; autoplay; clipboard-write; encrypted-media; gyroscope; picture-in-picture; web-share\" referrerpolicy=\"strict-origin-when-cross-origin\" allowfullscreen><\/iframe>\n\n\n\n<h5 class=\"wp-block-heading\"><span class=\"td-sml-current-item-nr\"><strong>13.\u00a0Profesor Holland (1995)<\/strong><\/span><\/h5>\n\n\n\n<p>Glenn Holland (Richard Dreyfuss) es un pianista frustrado que dedica su vida a ir tocando por todo tipo de festejos con m\u00e1s pena que gloria. Ello no le sirve para demasiado y se gana la vida a duras penas. En el momento en que decide buscar otro trabajo y es contratado para una precaria escuela de m\u00fasica, descubrir\u00e1 su pasi\u00f3n por la ense\u00f1anza. Holland, adem\u00e1s, siempre so\u00f1\u00f3 con crear una gran obra de m\u00fasica, una sinfon\u00eda. La inspiraci\u00f3n le alcanza justo en el momento en el que m\u00e1s a gusto se siente en su vida, trabajando en esta escuela. El protagonista es absorbido por completo por su trabajo educativo y compositivo, pero, adem\u00e1s, deber\u00e1 superar un reto a\u00fan mayor y sortear una dura situaci\u00f3n familiar que tambi\u00e9n requerir\u00e1 de su pericia como docente. Holland aprender\u00e1 la mayor de las lecciones.<\/p>\n\n\n\n<p><iframe loading=\"lazy\" title=\"YouTube video player\" src=\"https:\/\/www.youtube.com\/embed\/SmYISqCIFM8\" width=\"100%\" height=\"400\" frameborder=\"0\" allowfullscreen=\"allowfullscreen\"><span data-mce-type=\"bookmark\" style=\"display: inline-block; width: 0px; overflow: hidden; line-height: 0;\" class=\"mce_SELRES_start\">\ufeff<\/span><\/iframe><\/p>\n\n\n\n<h5 class=\"wp-block-heading\"><span class=\"td-sml-current-item-nr\"><strong>14.\u00a0Rebeli\u00f3n en las aulas (1967)<\/strong><\/span><\/h5>\n\n\n\n<p>Mark Thackeray, un ingeniero negro sin trabajo, acepta un empleo como profesor de un grupo de estudiantes bastante conflictivos en una escuela de la periferia de Londres. Sus alumnos son insolentes y groseros pero, en el fondo, no tienen malos sentimientos. Al principio intenta ganarse su confianza utilizando los m\u00e9todos tradicionales, pero fracasa tan estrepitosamente que no tendr\u00e1 m\u00e1s remedio que recurrir a otras f\u00f3rmulas.<\/p>\n\n\n\n<h3 class=\"wp-block-heading\"><iframe loading=\"lazy\" src=\"https:\/\/www.youtube.com\/embed\/HmPTdx3aAYs?ecver=2\" width=\"100%\" height=\"400\" frameborder=\"0\" allowfullscreen=\"allowfullscreen\" data-mce-fragment=\"1\"><\/iframe><\/h3>\n\n\n\n<h5 class=\"wp-block-heading\"><span class=\"td-sml-current-item-nr\"><strong>15.\u00a0La ola (2008)<\/strong><\/span><\/h5>\n\n\n\n<p>En Alemania, durante la semana de proyectos, al profesor de instituto Rainer Wenger (J\u00fcrgen Vogel) se le ocurre hacer un experimento para explicar a sus alumnos el funcionamiento de un r\u00e9gimen totalitario. En apenas unos d\u00edas, lo que parec\u00eda una prueba in\u00f3cua basada en la disciplina y el sentimiento de comunidad va derivando hacia una situaci\u00f3n sobre la que el profesor pierde todo control.<\/p>\n\n\n\n<p><iframe loading=\"lazy\" title=\"YouTube video player\" src=\"https:\/\/www.youtube.com\/embed\/24eYqAAervY?si=BAHSf7KkWAfV-uE3\" width=\"100%\" height=\"315\" frameborder=\"0\" allowfullscreen=\"allowfullscreen\"><span data-mce-type=\"bookmark\" style=\"display: inline-block; width: 0px; overflow: hidden; line-height: 0;\" class=\"mce_SELRES_start\">\ufeff<\/span><\/iframe><\/p>\n\n\n\n<h5 class=\"wp-block-heading\"><strong>16. Profesor Lazhar. Monsieur Lazhar. Canad\u00e1 (2011)<\/strong><\/h5>\n\n\n\n<p>\u201cTengo que admitir que probablemente todos esos chicos son parte de m\u00ed. Ese ni\u00f1o que tuvo anemia, que parece que siempre sufre dolor de cabeza. Fui \u00e9l a veces. Ese chaval turbulento que siempre est\u00e1 tirando cosas. Fui \u00e9l tambi\u00e9n. La peque\u00f1a Alice, tan curiosa que pregunta a este hombre extra\u00f1o de d\u00f3nde viene, cu\u00e1l es su pa\u00eds. Fui as\u00ed.\u201d, dice sobre la trama, el escritor y director de la cinta Philippe Falardeau.<\/p>\n\n\n\n<p>Nominada al Oscar como mejor pel\u00edcula de lenguaje extranjero. Fue galardonada adem\u00e1s con los premios a mejor pel\u00edcula con el Genie y en el Festival de Toronto, y con el premio del p\u00fablico en el Festival de Locarno.<\/p>\n\n\n\n<p><iframe loading=\"lazy\" title=\"An\u00e1lisis de Profesor Lazhar (2011), de Philippe Falardeau.\" src=\"https:\/\/www.youtube.com\/embed\/OiOnKaURFsE\" width=\"100%\" height=\"315\" frameborder=\"0\" allowfullscreen=\"allowfullscreen\"><span data-mce-type=\"bookmark\" style=\"display: inline-block; width: 0px; overflow: hidden; line-height: 0;\" class=\"mce_SELRES_start\">\ufeff<\/span><\/iframe><\/p>\n\n\n\n<h5 class=\"wp-block-heading\"><strong>17. La educaci\u00f3n prohibida (2012)<\/strong><\/h5>\n\n\n\n<p>El premiado documental, dirigido por el argentino Germ\u00e1n Doin, cuestiona las formas tradicionales de entender la educaci\u00f3n, analizando las experiencias educativas alternativas que han implementado una decena de pa\u00edses.<\/p>\n\n\n\n<p><iframe loading=\"lazy\" src=\"https:\/\/www.youtube.com\/embed\/BPME2GHBe9s\" width=\"100%\" height=\"400\" frameborder=\"0\" allowfullscreen=\"allowfullscreen\" data-mce-fragment=\"1\"><\/iframe><\/p>\n\n\n\n<h5 class=\"wp-block-heading\"><strong>18. Billy Elliot (2000).<\/strong><\/h5>\n\n\n\n<p>e trata de una inspiradora historia de sue\u00f1os imposibles, contratiempos y superaci\u00f3n. Billy es un ni\u00f1o de 12 a\u00f1os que vive en un complicado contexto de pobreza y lucha social en la Inglaterra de la d\u00e9cada del 80. El joven tiene un curioso sue\u00f1o: convertirse en bailar\u00edn de ballet. \u00bfLo lograr\u00e1?<\/p>\n\n\n\n<p><iframe loading=\"lazy\" src=\"https:\/\/www.youtube.com\/embed\/phCEwSmHpOE\" width=\"100%\" height=\"400\" frameborder=\"0\" allowfullscreen=\"allowfullscreen\" data-mce-fragment=\"1\"><\/iframe><\/p>\n\n\n\n<h5 class=\"wp-block-heading\"><strong>19. Cadena de favores (2000)<br><\/strong><\/h5>\n\n\n\n<p>Relata la historia de un profesor de Ciencias Sociales que pide a sus alumnos realizar un curioso experimento: pensar una idea para cambiar el mundo. A uno de ellos se le ocurre hacer favores desinteresados a otras personas, hecho que desencadena en una serie de peripecias que coronan esta historia de solidaridad.<\/p>\n\n\n\n<p><iframe loading=\"lazy\" src=\"https:\/\/www.youtube.com\/embed\/4YvY2AGVUWQ\" width=\"100%\" height=\"400\" frameborder=\"0\" allowfullscreen=\"allowfullscreen\" data-mce-fragment=\"1\"><span data-mce-type=\"bookmark\" style=\"display: inline-block; width: 0px; overflow: hidden; line-height: 0;\" class=\"mce_SELRES_start\">\ufeff<\/span><\/iframe><\/p>\n\n\n\n<h5 class=\"wp-block-heading\"><strong>20. Sociedad de poetas muertos (1989)<\/strong><\/h5>\n\n\n\n<p>T\u00edtulo original: Dead Poets Society.<\/p>\n\n\n\n<p>La historia gira alrededor de un profesor de Ingl\u00e9s que inspiro a sus estudiantes a amar la poes\u00eda. Les ense\u00f1o a aprovechar cada momento que se les presenta para ir en contra del <em>Status Quo.&nbsp;<\/em>La inspiraci\u00f3n del profesor condujo a cambios extraordinarios y positivos en las vidas de sus estudiantes.<\/p>\n\n\n\n<p><iframe loading=\"lazy\" title=\"YouTube video player\" src=\"https:\/\/www.youtube.com\/embed\/KwOgPmJCJOg\" width=\"100%\" height=\"400\" frameborder=\"0\" allowfullscreen=\"allowfullscreen\"><span data-mce-type=\"bookmark\" style=\"display: inline-block; width: 0px; overflow: hidden; line-height: 0;\" class=\"mce_SELRES_start\">\ufeff<\/span><\/iframe><\/p>\n\n\n\n<h5 class=\"wp-block-heading\"><strong>21. Diarios de la calle (2007)<\/strong><\/h5>\n\n\n\n<p>T\u00edtulo original: Freedom Writers.<\/p>\n\n\n\n<p>Es la historia de una maestra joven, que su fuente de inspiraci\u00f3n es todo el riesgo que se convierte ir a dar clases a los estudiantes de secundaria. Los estudiantes aprenden la tolerancia y el valor del trabajo duro a trav\u00e9s de la maestra que les permite vivir sus sue\u00f1os m\u00e1s all\u00e1 de los l\u00edmites de la escuela.<\/p>\n\n\n\n<p><iframe loading=\"lazy\" src=\"https:\/\/www.youtube.com\/embed\/YtBTc1a8CNs\" width=\"100%\" height=\"400\" frameborder=\"0\" allowfullscreen=\"allowfullscreen\"><\/iframe><\/p>\n\n\n\n<h5 class=\"wp-block-heading\"><strong>22. To Sir, with Love (1987)<\/strong><\/h5>\n\n\n\n<p>T\u00edtulo original: To Sir With Love<\/p>\n\n\n\n<p>La historia es de un joven negro reci\u00e9n <strong>graduado en ingenier\u00eda<\/strong> que se traslada a Londres, con la esperanza de unirse a la industria de la ingenier\u00eda. La b\u00fasqueda de trabajo no se hace f\u00e1cil, y comienza a ense\u00f1ar a los estudiantes de escuelas blancas de los suburbios de East End de Londres. Su pensamiento inicial, era ense\u00f1ar por poco tiempo, pero inevitablemente, se involucra en la vida personal de sus alumnos. Por lo que le toca decidir entre un trabajo de ingenier\u00eda o continuar ense\u00f1ando<\/p>\n\n\n\n<p><iframe loading=\"lazy\" src=\"https:\/\/www.youtube.com\/embed\/nXaEf4ktpPA\" width=\"100%\" height=\"400\" frameborder=\"0\" allowfullscreen=\"allowfullscreen\"><\/iframe><\/p>\n\n\n\n<h5 class=\"wp-block-heading\"><strong>23. Vida de un estudiante (1973)<\/strong><\/h5>\n\n\n\n<p>T\u00edtulo original:&nbsp;The Paper Chase<\/p>\n\n\n\n<p>Es la historia de un estudiante de la <strong>facultad de derecho<\/strong>, que se acaba de inscribir y se enfrenta a una enorme presi\u00f3n por diferentes cursos y tiene que mantenerse al d\u00eda, para poder continuar dentro de la facultad. Su relaci\u00f3n con la hija del profesor no ayuda mucho, porque debe mantener en equilibrio entre su curso y su vida amorosa.<\/p>\n\n\n\n<p><iframe loading=\"lazy\" src=\"https:\/\/www.youtube.com\/embed\/oRwE5R3R8Yg\" width=\"100%\" height=\"400\" frameborder=\"0\" allowfullscreen=\"allowfullscreen\"><\/iframe><\/p>\n\n\n\n<h5 class=\"wp-block-heading\"><strong>24. Mentes peligrosas (1995)<\/strong><\/h5>\n\n\n\n<p>T\u00edtulo original:&nbsp;Dangerous Minds<\/p>\n\n\n\n<p>Es una pel\u00edcula basada en la novel \u00abMy Posee Don&#8217;t Do Homework\u00bb, la historia se basa en como una maestra de escuela anima a sus estudiantes de distintos or\u00edgenes de Palo Alto a tomarse en serio al escuela. La maestra es juilada de los Marines de EEUU, y hace cambios en el programa de educaci\u00f3n, aplicando <strong>m\u00e9todos de estudios <\/strong>poco ortodoxos en una luchar para conectar los profesores con los alumnos.<\/p>\n\n\n\n<p><iframe loading=\"lazy\" title=\"YouTube video player\" src=\"https:\/\/www.youtube.com\/embed\/4GnGGDj4jQk\" width=\"100%\" height=\"400\" frameborder=\"0\" allowfullscreen=\"allowfullscreen\"><span data-mce-type=\"bookmark\" style=\"display: inline-block; width: 0px; overflow: hidden; line-height: 0;\" class=\"mce_SELRES_start\">\ufeff<\/span><\/iframe><\/p>\n\n\n\n<h5 class=\"wp-block-heading\"><strong>25. Educando a Rita (1983)<\/strong><\/h5>\n\n\n\n<p>T\u00edtulo: Educating &nbsp;Rita<\/p>\n\n\n\n<p>Es la historia de una chica llamada Rita, que quiere estudiar literatura, y se inscribe a una Universidad Abierta, donde conoce al Profesor Frank, quien ha encendido nuevamente la pasi\u00f3n por la literatura. Rita se esfuerza por obtener el <strong>conocimiento<\/strong> sobre el tema que tanto le entusiasma.<\/p>\n\n\n\n<p><iframe loading=\"lazy\" src=\"https:\/\/www.youtube.com\/embed\/-9v_36XKfos\" width=\"100%\" height=\"400\" frameborder=\"0\" allowfullscreen=\"allowfullscreen\"><\/iframe><\/p>\n\n\n\n<h5 class=\"wp-block-heading\"><strong>26. Una mente maravillosa (2001)<\/strong><\/h5>\n\n\n\n<p>T\u00edtulo original:&nbsp;A Beautiful Mind<\/p>\n\n\n\n<p>Nash Jr. es un genio de las<strong> matem\u00e1ticas<\/strong> y un esquizofr\u00e9nico. Puede resolver cualquier problema de matem\u00e1ticas que se le presente. Su vida da un giro cuando es aceptado en el departamento de criptograf\u00eda, lo cual afecta su vida y su misi\u00f3n por conseguir una Premio Nobel.<\/p>\n\n\n\n<p><iframe loading=\"lazy\" src=\"https:\/\/www.youtube.com\/embed\/bzRGwd9OPlA\" width=\"100%\" height=\"400\" frameborder=\"0\" allowfullscreen=\"allowfullscreen\"><\/iframe><\/p>\n\n\n\n<h5 class=\"wp-block-heading\"><strong>27. Canci\u00f3n del coraz\u00f3n (1999)<\/strong><\/h5>\n\n\n\n<p>T\u00edtulo original:&nbsp;Music of the Heart<\/p>\n\n\n\n<p>Basado en un historia real, de una joven maestra que lucha contra la junta de educaci\u00f3n para ense\u00f1ar a los ni\u00f1os desfavorecidos la belleza de la m\u00fasica a trav\u00e9s del viol\u00edn. El sistema la presiona, pero ella hace lo imposible para que su resoluci\u00f3n no decaiga.<\/p>\n\n\n\n<p><iframe loading=\"lazy\" src=\"https:\/\/www.youtube.com\/embed\/NWb5RkZeV4k\" width=\"100%\" height=\"400\" frameborder=\"0\" allowfullscreen=\"allowfullscreen\"><\/iframe><\/p>\n\n\n\n<h5 class=\"wp-block-heading\"><strong>28. Lecciones inolvidables (1988)<\/strong><\/h5>\n\n\n\n<p>T\u00edtulo original:&nbsp;Stand and Deliver<\/p>\n\n\n\n<p>Una pel\u00edcula cl\u00e1sica sobre un maestro que ve gran potencial en sus alumnos, y los ayuda a tomar C\u00e1lculo Aplicado, un tema avanzado para su grado. Sus estudiantes sorprendieron a todos al pasa la prueba pero la junta establece que hicieron trampa. A los estudiantes les creen cuando presentan el examen nuevamente.<\/p>\n\n\n\n<p><iframe loading=\"lazy\" src=\"https:\/\/www.youtube.com\/embed\/ffJ6MbYP5TA\" width=\"100%\" height=\"400\" frameborder=\"0\" allowfullscreen=\"allowfullscreen\"><\/iframe><\/p>\n\n\n\n<h5 class=\"wp-block-heading\"><strong>29.\u00a0El indomable Will Hunting (1997)<\/strong><\/h5>\n\n\n\n<p>T\u00edtulo original:&nbsp;Good Will Hunting<\/p>\n\n\n\n<p><iframe loading=\"lazy\" title=\"YouTube video player\" src=\"https:\/\/www.youtube.com\/embed\/nwdOs5iaYAo\" width=\"100%\" height=\"400\" frameborder=\"0\" allowfullscreen=\"allowfullscreen\"><span data-mce-type=\"bookmark\" style=\"display: inline-block; width: 0px; overflow: hidden; line-height: 0;\" class=\"mce_SELRES_start\">\ufeff<\/span><\/iframe><\/p>\n\n\n\n<p>La pel\u00edcula se basa en un estudiante que trabaja en el MIT como conserje. El no se preocupa por los estudios, pero es un genio. La gente descubre lo inteligente que es resolviendo un problemas de matem\u00e1ticas que hab\u00edan dejado en una pizarra. Con el tiempo comienza a estudiar y luchar por el mejorar su futuro, junto a la ayuda de un terapeuta.<\/p>\n\n\n\n<p><strong>Fuente:&nbsp;docsity.com<\/strong><\/p>\n\n\n\n<h2 class=\"wp-block-heading\"><strong>Bonus Track \u2013 Web del Maestro CMF<\/strong><\/h2>\n\n\n\n<h5 class=\"wp-block-heading\"><strong>1. Solo contra si mismo (Recomendada por nuestro usuario en facebook Gerry McGerry):<\/strong><\/h5>\n\n\n\n<p>Buena muestra del m\u00e1s reciente cine sueco la que vemos en esta oportunidad. Una suerte de reciclaje de pel\u00edculas de ambiente estudiantil como Dead Poets Society o School Ties pero adaptada de manera eficaz por el realizador H\u00e5fstr\u00f6m. Aqu\u00ed nos encontramos con una atractiva cr\u00f3nica social que va mas all\u00e1 de la simple an\u00e9cdota alrededor de Erik, un muchacho que tendr\u00e1 que v\u00e9rselas con la incomprensi\u00f3n y la dura experiencia del crecimiento.<\/p>\n\n\n\n<p><iframe loading=\"lazy\" title=\"YouTube video player\" src=\"https:\/\/www.youtube.com\/embed\/7WlxRPZ4LhE\" width=\"100%\" height=\"400\" frameborder=\"0\" allowfullscreen=\"allowfullscreen\"><span data-mce-type=\"bookmark\" style=\"display: inline-block; width: 0px; overflow: hidden; line-height: 0;\" class=\"mce_SELRES_start\">\ufeff<\/span><\/iframe><\/p>\n\n\n\n<h5 class=\"wp-block-heading\"><strong>2. Frente a Clases\u00a0(Recomendada por nuestro usuario en facebook Hector Monterrubio):<\/strong><\/h5>\n\n\n\n<p>Relata la historia ver\u00eddica del autor, un joven que padece el s\u00edndrome de Tourette, una enfermedad que se caracteriza por la realizaci\u00f3n de ciertos ruidos y tics que produce con el cuerpo, ambos incontrolables. En esta pel\u00edcula se refleja el amor por ense\u00f1ar y se puede ver c\u00f3mo la perseverancia y la autoestima de Brad Cohen, le permiten desarrollar habilidades comunicativas y demostrar su profesionalismo.<\/p>\n\n\n\n<p>La actitud de Brad es muy positiva, y el tema se desarrolla cuando llega a ser maestro y es un gran mediador de aprendizajes. Ense\u00f1a a sus estudiantes que independientemente de las limitaciones que tengan ellos, pueden salir adelante. Utiliza la comunicaci\u00f3n emp\u00e1tica porque siempre se dirige a contribuir al bienestar de las personas y siempre se sintoniza emocionalmente con los dem\u00e1s.<\/p>\n\n\n\n<p><iframe loading=\"lazy\" src=\"https:\/\/www.youtube.com\/embed\/SiacHMffvFw\" width=\"100%\" height=\"400\" frameborder=\"0\" allowfullscreen=\"allowfullscreen\" data-mce-fragment=\"1\"><\/iframe><\/p>\n\n\n\n<h5 class=\"wp-block-heading\"><strong>3. La Noche de los Lapices\u00a0(Recomendada por nuestro usuario en facebook Juan Manuel Silva):<\/strong><\/h5>\n\n\n\n<p>Para la pel\u00edcula que narra los hechos, v\u00e9ase La Noche de los L\u00e1pices (pel\u00edcula).<\/p>\n\n\n\n<p>Se conoce como La Noche de los L\u00e1pices a una serie de diez secuestros y asesinatos de estudiantes de secundaria, ocurridos durante la noche del 16 de septiembre de 1976 y d\u00edas posteriores, en la ciudad de La Plata (ciudad capital de la Provincia de Buenos Aires).<\/p>\n\n\n\n<p>Este suceso fue uno de los m\u00e1s reconocidos entre los actos de represi\u00f3n cometidos por la \u00faltima dictadura c\u00edvico-militar argentina (1976-1983), ya que los desaparecidos eran estudiantes, en su mayor\u00eda menores de edad (menos de 18 a\u00f1os), que fueron torturados antes de matarlos.<\/p>\n\n\n\n<p>El caso tom\u00f3 notoriedad p\u00fablica en 1985, luego del testimonio de Pablo D\u00edaz, uno de los sobrevivientes, en el Juicio a las Juntas. Adem\u00e1s D\u00edaz particip\u00f3 de la creaci\u00f3n del guion que llev\u00f3 la historia al cine en 1986, en el film hom\u00f3nimo. Cuatro de los estudiantes secuestrados sobrevivieron a las posteriores torturas y traslados impuestos por la dictadura.<\/p>\n\n\n\n<p><iframe loading=\"lazy\" src=\"https:\/\/www.youtube.com\/embed\/gOhkQ7JZV0k\" width=\"100%\" height=\"400\" frameborder=\"0\" allowfullscreen=\"allowfullscreen\"><span data-mce-type=\"bookmark\" style=\"display: inline-block; width: 0px; overflow: hidden; line-height: 0;\" class=\"mce_SELRES_start\">\ufeff<\/span><\/iframe><\/p>\n\n\n\n<h5 class=\"wp-block-heading\"><strong>4. Tres idiotas\u00a0(Recomendada por nuestro usuario en facebook Mar\u00eda Isabel Becerril Garc\u00eda):<\/strong><\/h5>\n\n\n\n<p>Dos amigos se embarcan en una b\u00fasqueda de un compa\u00f1ero de la universidad perdido. En este viaje, se encuentran con una apuesta olvidada, donde se involucraba Chatur, gran rival de estos 3 amigos. Dicha apuesta consist\u00eda en demostrar quien hab\u00eda logrado ser m\u00e1s exitoso en su vida profesional; por un lado Rancho y sus 2 amigos, quienes eran rebeldes y visionarios en la universidad, y Chatur, quien practicaba el aprendizaje mec\u00e1nico y sistem\u00e1tico que detestaban Rancho y sus amigos. En el recorrido se encuentran con P\u00eda, antigua enamorada de Rancho, y que estaba a punto de contraer matrimonio.<\/p>\n\n\n\n<p><iframe loading=\"lazy\" src=\"https:\/\/www.youtube.com\/embed\/xXDbfkXNkgc\" width=\"100%\" height=\"400\" frameborder=\"0\" allowfullscreen=\"allowfullscreen\" data-mce-fragment=\"1\"><\/iframe><\/p>\n\n\n\n<h5 class=\"wp-block-heading\"><strong>5. De la calle a Harvard (Recomendada por nuestro usuario en facebook Rolando Cardenas Lopez):<\/strong><\/h5>\n\n\n\n<p>Es una pel\u00edcula dram\u00e1tica basada en una historia real, Liz Murray, la hija de una familia con muchos problemas de adicci\u00f3n que la afectaban. Cuyo padre es adicto y su madre infectada con VIH. Liz pasa sus primeros a\u00f1os del apartamento miserable a la vivienda p\u00fablica y viceversa. A los 15, abandona su casa y sale a la calle. S\u00f3lo despu\u00e9s de la muerte de su madre hace Liz desarrollar la determinaci\u00f3n de mejorar su suerte en la vida, porque era muy inteligente. Pr\u00e1cticamente pidiendo su camino de regreso a la escuela secundaria, se convierte en un estudiante excelente, y a los 19, con la financiaci\u00f3n de una beca y un trabajo a tiempo parcial con la New York Public Interest Group, \u201cperdedor nato\u201d Liz entra en la Universidad de Harvard y se convierte en una conferencista de Exito.<\/p>\n\n\n\n<p><iframe loading=\"lazy\" title=\"YouTube video player\" src=\"https:\/\/www.youtube.com\/embed\/NBEecZjMLfc\" width=\"100%\" height=\"400\" frameborder=\"0\" allowfullscreen=\"allowfullscreen\"><span data-mce-type=\"bookmark\" style=\"display: inline-block; width: 0px; overflow: hidden; line-height: 0;\" class=\"mce_SELRES_start\">\ufeff<\/span><\/iframe><\/p>\n\n\n\n<h5 class=\"wp-block-heading\"><strong>6. Al maestro con cari\u00f1o I &amp; II\u00a0(Recomendada por nuestro usuario en facebook Patricio Damsnan Hernandez):<\/strong><\/h5>\n\n\n\n<p>Trata de un hombre llamado Mark Thackeray de profesi\u00f3n Ingeniero en Comunicaci\u00f3n, el cual busca empleo y el empleo que primero le ofrecen es de maestro en una escuela&nbsp; de Londres&nbsp; donde no hay normas establecidas y tampoco reglas claras.<\/p>\n\n\n\n<p>En esta escuela recib\u00edan todos los estudiantes&nbsp; que eran rechazados de otras instituciones educativas por los malos comportamientos que estos reflejaban.<\/p>\n\n\n\n<p><iframe loading=\"lazy\" title=\"YouTube video player\" src=\"https:\/\/www.youtube.com\/embed\/vdNoeR5B5Tk\" width=\"100%\" height=\"400\" frameborder=\"0\" allowfullscreen=\"allowfullscreen\"><span data-mce-type=\"bookmark\" style=\"display: inline-block; width: 0px; overflow: hidden; line-height: 0;\" class=\"mce_SELRES_start\">\ufeff<\/span><\/iframe><\/p>\n\n\n\n<p><iframe loading=\"lazy\" title=\"YouTube video player\" src=\"https:\/\/www.youtube.com\/embed\/2Zyky7LAVpo\" width=\"100%\" height=\"400\" frameborder=\"0\" allowfullscreen=\"allowfullscreen\"><span data-mce-type=\"bookmark\" style=\"display: inline-block; width: 0px; overflow: hidden; line-height: 0;\" class=\"mce_SELRES_start\">\ufeff<\/span><\/iframe><\/p>\n\n\n\n<h5 class=\"wp-block-heading\"><strong>7. Tan Fuerte, Tan Cerca\u00a0(Recomendada por nuestro usuario en facebook Jorge Mauricio Borja Ram\u00edrez):<\/strong><\/h5>\n\n\n\n<p>Basada en la elogiada novela del mismo t\u00edtulo, Tan fuerte, tan cerca cuenta la historia de la odisea de un chico joven que empieza con una p\u00e9rdida desgarradora y termina con el poder curativo del auto-descubrimiento, con los tr\u00e1gicos sucesos del 11 de septiembre como tel\u00f3n de fondo.<\/p>\n\n\n\n<p><iframe loading=\"lazy\" src=\"https:\/\/www.youtube.com\/embed\/2fl-uzndXFI\" width=\"100%\" height=\"400\" frameborder=\"0\" allowfullscreen=\"allowfullscreen\" data-mce-fragment=\"1\"><span data-mce-type=\"bookmark\" style=\"display: inline-block; width: 0px; overflow: hidden; line-height: 0;\" class=\"mce_SELRES_start\">\ufeff<\/span><\/iframe><\/p>\n\n\n\n<p>Oskar Schell es un ni\u00f1o excepcional de once a\u00f1os: inventor aficionado, franc\u00f3filo, y pacifista. Al encontrar una llave misteriosa, propiedad de su padre muerto en las Torres Gemelas el 11 de septiembre, emprende un viaje excepcional, una b\u00fasqueda urgente y secreta que le hace recorrer los barrios de Nueva York. Mientras Oskar deambula por la ciudad, encuentra un grupo variopinto de personas, todas supervivientes a su manera. Al final, la traves\u00eda de Oskar termina donde empez\u00f3, pero con el consuelo de la experiencia m\u00e1s humana: el amor.<\/p>\n\n\n\n<p class=\"has-text-align-right\"><strong>ADAPTACI\u00d3N WEB DEL MAESTRO CMF<\/strong><\/p>\n\n\n\t\t<div class=\"pk-inline-posts\">\n\t\t\t\n\t\t\t<div class=\"pk-inline-posts-container pk-inline-posts-template-list\"\n\t\t\t\tdata-columns=\"1\">\n\t\t\t\t\t\t<article id=\"post-66850\" class=\"post-66850 post type-post status-publish format-standard has-post-thumbnail category-peliculas category-pedagogia tag-aqui-estamos tag-escuchar tag-hermosa tag-invita tag-pelicula tag-planeta tag-tierra cs-entry cs-video-wrap\">\n\t\t\t<div class=\"pk-post-outer\">\n\n\t\t\t\t\t\t\t\t<div class=\"pk-post-inner\">\n\t\t\t\t\t<div class=\"entry-thumbnail\">\n\t\t\t\t\t\t<div class=\"pk-overlay pk-overlay-ratio pk-ratio-landscape\">\n\t\t\t\t\t\t\t<div class=\"pk-overlay-background\">\n\t\t\t\t\t\t\t\t<a href=\"https:\/\/webdelmaestrocmf.com\/portal\/aqui-estamos-una-hermosa-pelicula-que-nos-invita-a-escuchar-al-planeta-tierra\/\" class=\"pk-overlay-link\">\n\t\t\t\t\t\t\t\t\t<img loading=\"lazy\" decoding=\"async\" width=\"300\" height=\"225\" src=\"https:\/\/webdelmaestrocmf.com\/portal\/wp-content\/uploads\/2021\/08\/1a-15-300x225.jpg\" class=\"attachment-pk-thumbnail size-pk-thumbnail wp-post-image\" alt=\"\" srcset=\"https:\/\/webdelmaestrocmf.com\/portal\/wp-content\/uploads\/2021\/08\/1a-15-300x225.jpg 300w, https:\/\/webdelmaestrocmf.com\/portal\/wp-content\/uploads\/2021\/08\/1a-15-600x450.jpg 600w\" sizes=\"auto, (max-width: 300px) 100vw, 300px\" \/>\t\t\t\t\t\t\t\t<\/a>\n\t\t\t\t\t\t\t<\/div>\n\t\t\t\t\t\t<\/div>\n\t\t\t\t\t<\/div>\n\t\t\t\t<\/div>\n\t\t\t\t\n\t\t\t\t<div class=\"pk-post-inner\">\n\t\t\t\t\t<header>\n\t\t\t\t\t\t<h3 class=\"pk-title\"><a href=\"https:\/\/webdelmaestrocmf.com\/portal\/aqui-estamos-una-hermosa-pelicula-que-nos-invita-a-escuchar-al-planeta-tierra\/\" rel=\"bookmark\">\u00abAqu\u00ed estamos\u00bb, una hermosa pel\u00edcula que nos invita a escuchar al planeta Tierra | Descarga las 50 fichas para colorear en el d\u00eda de la tierra<\/a><\/h3>\t\t\t\t\t<\/header><!-- .entry-header -->\n\t\t\t\t<\/div><!-- .post-inner -->\n\n\t\t\t<\/div><!-- .post-outer -->\n\t\t<\/article>\n\t\t\t<article id=\"post-95717\" class=\"post-95717 post type-post status-publish format-video has-post-thumbnail category-charlas tag-aprendamos-juntos tag-aprendemos-juntos-2030 tag-aprender tag-aprendizaje tag-bbva tag-calificacion-por-notas tag-cerebro tag-compresion tag-descanso tag-dislexia tag-dormir tag-entrevista tag-error tag-escritura tag-fonologia tag-lectura tag-lenguaje-oral tag-matematica tag-memoria tag-neurociencia tag-neurona tag-para-sumar-por-la-educacion tag-pensamiento tag-sinapsis tag-stanislas-dehaene tag-sueno tag-tecnologia tag-videos post_format-post-format-video cs-entry cs-video-wrap\">\n\t\t\t<div class=\"pk-post-outer\">\n\n\t\t\t\t\t\t\t\t<div class=\"pk-post-inner\">\n\t\t\t\t\t<div class=\"entry-thumbnail\">\n\t\t\t\t\t\t<div class=\"pk-overlay pk-overlay-ratio pk-ratio-landscape\">\n\t\t\t\t\t\t\t<div class=\"pk-overlay-background\">\n\t\t\t\t\t\t\t\t<a href=\"https:\/\/webdelmaestrocmf.com\/portal\/stanislas-dehaene-el-mayor-talento-de-un-profesor-es-ser-capaz-de-dirigir-la-atencion-del-alumno-hacia-el-nivel-correcto\/\" class=\"pk-overlay-link\">\n\t\t\t\t\t\t\t\t\t<img loading=\"lazy\" decoding=\"async\" width=\"300\" height=\"225\" src=\"https:\/\/webdelmaestrocmf.com\/portal\/wp-content\/uploads\/2024\/02\/1AA-Banner-1-portada-imagen-10-1-copia-300x225.webp\" class=\"attachment-pk-thumbnail size-pk-thumbnail wp-post-image\" alt=\"\" \/>\t\t\t\t\t\t\t\t<\/a>\n\t\t\t\t\t\t\t<\/div>\n\t\t\t\t\t\t<\/div>\n\t\t\t\t\t<\/div>\n\t\t\t\t<\/div>\n\t\t\t\t\n\t\t\t\t<div class=\"pk-post-inner\">\n\t\t\t\t\t<header>\n\t\t\t\t\t\t<h3 class=\"pk-title\"><a href=\"https:\/\/webdelmaestrocmf.com\/portal\/stanislas-dehaene-el-mayor-talento-de-un-profesor-es-ser-capaz-de-dirigir-la-atencion-del-alumno-hacia-el-nivel-correcto\/\" rel=\"bookmark\">Stanislas Dehaene: El mayor talento de un profesor es ser capaz de dirigir la atenci\u00f3n del alumno, hacia el nivel correcto<\/a><\/h3>\t\t\t\t\t<\/header><!-- .entry-header -->\n\t\t\t\t<\/div><!-- .post-inner -->\n\n\t\t\t<\/div><!-- .post-outer -->\n\t\t<\/article>\n\t\t\t<article id=\"post-98898\" class=\"post-98898 post type-post status-publish format-video has-post-thumbnail category-charlas tag-duermen-poco tag-estudiantes tag-estudiantes-que-duermen-poco tag-javier-albares tag-problemas-escolares post_format-post-format-video cs-entry cs-video-wrap\">\n\t\t\t<div class=\"pk-post-outer\">\n\n\t\t\t\t\t\t\t\t<div class=\"pk-post-inner\">\n\t\t\t\t\t<div class=\"entry-thumbnail\">\n\t\t\t\t\t\t<div class=\"pk-overlay pk-overlay-ratio pk-ratio-landscape\">\n\t\t\t\t\t\t\t<div class=\"pk-overlay-background\">\n\t\t\t\t\t\t\t\t<a href=\"https:\/\/webdelmaestrocmf.com\/portal\/javier-albares-los-estudiantes-que-duermen-poco-tienen-muchisimos-mas-problemas-escolares\/\" class=\"pk-overlay-link\">\n\t\t\t\t\t\t\t\t\t<img loading=\"lazy\" decoding=\"async\" width=\"300\" height=\"225\" src=\"https:\/\/webdelmaestrocmf.com\/portal\/wp-content\/uploads\/2023\/10\/A12B3C4D-4-2-300x225.jpg\" class=\"attachment-pk-thumbnail size-pk-thumbnail wp-post-image\" alt=\"Javier Albares\" \/>\t\t\t\t\t\t\t\t<\/a>\n\t\t\t\t\t\t\t<\/div>\n\t\t\t\t\t\t<\/div>\n\t\t\t\t\t<\/div>\n\t\t\t\t<\/div>\n\t\t\t\t\n\t\t\t\t<div class=\"pk-post-inner\">\n\t\t\t\t\t<header>\n\t\t\t\t\t\t<h3 class=\"pk-title\"><a href=\"https:\/\/webdelmaestrocmf.com\/portal\/javier-albares-los-estudiantes-que-duermen-poco-tienen-muchisimos-mas-problemas-escolares\/\" rel=\"bookmark\">Javier Albares: Los estudiantes que duermen poco, tienen much\u00edsimos m\u00e1s problemas escolares<\/a><\/h3>\t\t\t\t\t<\/header><!-- .entry-header -->\n\t\t\t\t<\/div><!-- .post-inner -->\n\n\t\t\t<\/div><!-- .post-outer -->\n\t\t<\/article>\n\t\t\t\t<\/div>\n\t\t<\/div>\n\t\t\n","protected":false},"excerpt":{"rendered":"Te dejamos una lista de 36 pel\u00edculas que te pueden ofrecer entretenimiento y al mismo tiempo te dejan mensajes que pueden ser \u00fatiles en tu vida como educador o estudiante de educaci\u00f3n.","protected":false},"author":1,"featured_media":103142,"comment_status":"open","ping_status":"open","sticky":false,"template":"","format":"video","meta":{"csco_display_header_overlay":false,"csco_singular_sidebar":"default","csco_page_header_type":"default","csco_page_load_nextpost":"default","csco_post_video_location":[],"csco_post_video_location_hash":"","csco_post_video_url":"","csco_post_video_bg_start_time":0,"csco_post_video_bg_end_time":0,"csco_post_video_bg_volume":false,"_jetpack_memberships_contains_paid_content":false,"footnotes":""},"categories":[644,735],"tags":[475,55,1578,1242,22268,22279,22278],"class_list":{"0":"post-12231","1":"post","2":"type-post","3":"status-publish","4":"format-video","5":"has-post-thumbnail","7":"category-peliculas","8":"category-pedagogia","9":"tag-10-peliculas","10":"tag-educacion","11":"tag-educador","12":"tag-estudiante","13":"tag-peliculas-para-docentes","14":"tag-peliculas-sobre-educacion","15":"tag-peliculas-sobre-pedagogia","16":"post_format-post-format-video","17":"cs-entry","18":"cs-video-wrap"},"yoast_head":"<!-- This site is optimized with the Yoast SEO plugin v27.5 - https:\/\/yoast.com\/product\/yoast-seo-wordpress\/ -->\n<title>36 pel\u00edculas que todo educador y estudiante tienen que ver - 2026<\/title>\n<meta name=\"description\" content=\"Ve pel\u00edculas como El Club de los Cinco como una forma de retratar temas de educaci\u00f3n y sodisfacer tus necesidades c\u00f3mo educador o estudiante.\" \/>\n<meta name=\"robots\" content=\"index, follow, max-snippet:-1, max-image-preview:large, max-video-preview:-1\" \/>\n<link rel=\"canonical\" href=\"https:\/\/webdelmaestrocmf.com\/portal\/10-peliculas-que-todo-educador-y-estudiante-de-educacion-tiene-que-ver\/\" \/>\n<meta property=\"og:locale\" content=\"es_ES\" \/>\n<meta property=\"og:type\" content=\"article\" \/>\n<meta property=\"og:title\" content=\"36 pel\u00edculas que todo educador y estudiante tienen que ver - 2026\" \/>\n<meta property=\"og:description\" content=\"Ve pel\u00edculas como El Club de los Cinco como una forma de retratar temas de educaci\u00f3n y sodisfacer tus necesidades c\u00f3mo educador o estudiante.\" \/>\n<meta property=\"og:url\" content=\"https:\/\/webdelmaestrocmf.com\/portal\/10-peliculas-que-todo-educador-y-estudiante-de-educacion-tiene-que-ver\/\" \/>\n<meta property=\"og:site_name\" content=\"Web del Maestro CMF\" \/>\n<meta property=\"article:publisher\" content=\"https:\/\/www.facebook.com\/WebdelMaestroCMF\/\" \/>\n<meta property=\"article:author\" content=\"https:\/\/www.facebook.com\/WebdelMaestroCMF\/\" \/>\n<meta property=\"article:published_time\" content=\"2025-07-07T19:00:00+00:00\" \/>\n<meta property=\"article:modified_time\" content=\"2025-07-07T22:37:48+00:00\" \/>\n<meta property=\"og:image\" content=\"https:\/\/webdelmaestrocmf.com\/portal\/wp-content\/uploads\/2021\/07\/Banner-1-portada-imagen-10-14.jpg\" \/>\n\t<meta property=\"og:image:width\" content=\"1024\" \/>\n\t<meta property=\"og:image:height\" content=\"1024\" \/>\n\t<meta property=\"og:image:type\" content=\"image\/jpeg\" \/>\n<meta name=\"author\" content=\"Web del Maestro CMF\" \/>\n<meta name=\"twitter:card\" content=\"summary_large_image\" \/>\n<meta name=\"twitter:creator\" content=\"@cmf_w\" \/>\n<meta name=\"twitter:site\" content=\"@cmf_w\" \/>\n<script type=\"application\/ld+json\" class=\"yoast-schema-graph\">{\"@context\":\"https:\\\/\\\/schema.org\",\"@graph\":[{\"@type\":\"ScholarlyArticle\",\"@id\":\"https:\\\/\\\/webdelmaestrocmf.com\\\/portal\\\/10-peliculas-que-todo-educador-y-estudiante-de-educacion-tiene-que-ver\\\/#article\",\"isPartOf\":{\"@id\":\"https:\\\/\\\/webdelmaestrocmf.com\\\/portal\\\/10-peliculas-que-todo-educador-y-estudiante-de-educacion-tiene-que-ver\\\/\"},\"author\":{\"name\":\"Web del Maestro CMF\",\"@id\":\"https:\\\/\\\/webdelmaestrocmf.com\\\/portal\\\/#\\\/schema\\\/person\\\/1072a2ed7bd960df8ef99a551fa35dc5\"},\"headline\":\"36 pel\u00edculas que todo educador y estudiante tienen que ver\",\"datePublished\":\"2025-07-07T19:00:00+00:00\",\"dateModified\":\"2025-07-07T22:37:48+00:00\",\"mainEntityOfPage\":{\"@id\":\"https:\\\/\\\/webdelmaestrocmf.com\\\/portal\\\/10-peliculas-que-todo-educador-y-estudiante-de-educacion-tiene-que-ver\\\/\"},\"wordCount\":4302,\"commentCount\":6,\"publisher\":{\"@id\":\"https:\\\/\\\/webdelmaestrocmf.com\\\/portal\\\/#organization\"},\"image\":{\"@id\":\"https:\\\/\\\/webdelmaestrocmf.com\\\/portal\\\/10-peliculas-que-todo-educador-y-estudiante-de-educacion-tiene-que-ver\\\/#primaryimage\"},\"thumbnailUrl\":\"https:\\\/\\\/webdelmaestrocmf.com\\\/portal\\\/wp-content\\\/uploads\\\/2021\\\/07\\\/Banner-1-portada-imagen-10-14.jpg\",\"keywords\":[\"10 PEL\u00cdCULAS\",\"EDUCACI\u00d3N\",\"EDUCADOR\",\"ESTUDIANTE\",\"pel\u00edculas para docentes\",\"pel\u00edculas sobre educaci\u00f3n\",\"pel\u00edculas sobre pedagog\u00eda\"],\"articleSection\":[\"Pel\u00edculas\",\"Recursos\"],\"inLanguage\":\"es\",\"potentialAction\":[{\"@type\":\"CommentAction\",\"name\":\"Comment\",\"target\":[\"https:\\\/\\\/webdelmaestrocmf.com\\\/portal\\\/10-peliculas-que-todo-educador-y-estudiante-de-educacion-tiene-que-ver\\\/#respond\"]}]},{\"@type\":\"WebPage\",\"@id\":\"https:\\\/\\\/webdelmaestrocmf.com\\\/portal\\\/10-peliculas-que-todo-educador-y-estudiante-de-educacion-tiene-que-ver\\\/\",\"url\":\"https:\\\/\\\/webdelmaestrocmf.com\\\/portal\\\/10-peliculas-que-todo-educador-y-estudiante-de-educacion-tiene-que-ver\\\/\",\"name\":\"36 pel\u00edculas que todo educador y estudiante tienen que ver - 2026\",\"isPartOf\":{\"@id\":\"https:\\\/\\\/webdelmaestrocmf.com\\\/portal\\\/#website\"},\"primaryImageOfPage\":{\"@id\":\"https:\\\/\\\/webdelmaestrocmf.com\\\/portal\\\/10-peliculas-que-todo-educador-y-estudiante-de-educacion-tiene-que-ver\\\/#primaryimage\"},\"image\":{\"@id\":\"https:\\\/\\\/webdelmaestrocmf.com\\\/portal\\\/10-peliculas-que-todo-educador-y-estudiante-de-educacion-tiene-que-ver\\\/#primaryimage\"},\"thumbnailUrl\":\"https:\\\/\\\/webdelmaestrocmf.com\\\/portal\\\/wp-content\\\/uploads\\\/2021\\\/07\\\/Banner-1-portada-imagen-10-14.jpg\",\"datePublished\":\"2025-07-07T19:00:00+00:00\",\"dateModified\":\"2025-07-07T22:37:48+00:00\",\"description\":\"Ve pel\u00edculas como El Club de los Cinco como una forma de retratar temas de educaci\u00f3n y sodisfacer tus necesidades c\u00f3mo educador o estudiante.\",\"breadcrumb\":{\"@id\":\"https:\\\/\\\/webdelmaestrocmf.com\\\/portal\\\/10-peliculas-que-todo-educador-y-estudiante-de-educacion-tiene-que-ver\\\/#breadcrumb\"},\"inLanguage\":\"es\",\"potentialAction\":[{\"@type\":\"ReadAction\",\"target\":[\"https:\\\/\\\/webdelmaestrocmf.com\\\/portal\\\/10-peliculas-que-todo-educador-y-estudiante-de-educacion-tiene-que-ver\\\/\"]}]},{\"@type\":\"ImageObject\",\"inLanguage\":\"es\",\"@id\":\"https:\\\/\\\/webdelmaestrocmf.com\\\/portal\\\/10-peliculas-que-todo-educador-y-estudiante-de-educacion-tiene-que-ver\\\/#primaryimage\",\"url\":\"https:\\\/\\\/webdelmaestrocmf.com\\\/portal\\\/wp-content\\\/uploads\\\/2021\\\/07\\\/Banner-1-portada-imagen-10-14.jpg\",\"contentUrl\":\"https:\\\/\\\/webdelmaestrocmf.com\\\/portal\\\/wp-content\\\/uploads\\\/2021\\\/07\\\/Banner-1-portada-imagen-10-14.jpg\",\"width\":1024,\"height\":1024,\"caption\":\"pel\u00edculas\"},{\"@type\":\"BreadcrumbList\",\"@id\":\"https:\\\/\\\/webdelmaestrocmf.com\\\/portal\\\/10-peliculas-que-todo-educador-y-estudiante-de-educacion-tiene-que-ver\\\/#breadcrumb\",\"itemListElement\":[{\"@type\":\"ListItem\",\"position\":1,\"name\":\"Portada\",\"item\":\"https:\\\/\\\/webdelmaestrocmf.com\\\/portal\\\/\"},{\"@type\":\"ListItem\",\"position\":2,\"name\":\"Recursos\",\"item\":\"https:\\\/\\\/webdelmaestrocmf.com\\\/portal\\\/category\\\/pedagogia\\\/\"},{\"@type\":\"ListItem\",\"position\":3,\"name\":\"36 pel\u00edculas que todo educador y estudiante tienen que ver\"}]},{\"@type\":\"WebSite\",\"@id\":\"https:\\\/\\\/webdelmaestrocmf.com\\\/portal\\\/#website\",\"url\":\"https:\\\/\\\/webdelmaestrocmf.com\\\/portal\\\/\",\"name\":\"Web del Maestro CMF\",\"description\":\"Maestros al servicio de la educaci\u00f3n\",\"publisher\":{\"@id\":\"https:\\\/\\\/webdelmaestrocmf.com\\\/portal\\\/#organization\"},\"alternateName\":\"WMCMF\",\"potentialAction\":[{\"@type\":\"SearchAction\",\"target\":{\"@type\":\"EntryPoint\",\"urlTemplate\":\"https:\\\/\\\/webdelmaestrocmf.com\\\/portal\\\/?s={search_term_string}\"},\"query-input\":{\"@type\":\"PropertyValueSpecification\",\"valueRequired\":true,\"valueName\":\"search_term_string\"}}],\"inLanguage\":\"es\"},{\"@type\":\"Organization\",\"@id\":\"https:\\\/\\\/webdelmaestrocmf.com\\\/portal\\\/#organization\",\"name\":\"Web del Maestro CMF\",\"alternateName\":\"WMCMF\",\"url\":\"https:\\\/\\\/webdelmaestrocmf.com\\\/portal\\\/\",\"logo\":{\"@type\":\"ImageObject\",\"inLanguage\":\"es\",\"@id\":\"https:\\\/\\\/webdelmaestrocmf.com\\\/portal\\\/#\\\/schema\\\/logo\\\/image\\\/\",\"url\":\"https:\\\/\\\/webdelmaestrocmf.com\\\/portal\\\/wp-content\\\/uploads\\\/2023\\\/01\\\/logo-wmcmf-2.png\",\"contentUrl\":\"https:\\\/\\\/webdelmaestrocmf.com\\\/portal\\\/wp-content\\\/uploads\\\/2023\\\/01\\\/logo-wmcmf-2.png\",\"width\":200,\"height\":60,\"caption\":\"Web del Maestro CMF\"},\"image\":{\"@id\":\"https:\\\/\\\/webdelmaestrocmf.com\\\/portal\\\/#\\\/schema\\\/logo\\\/image\\\/\"},\"sameAs\":[\"https:\\\/\\\/www.facebook.com\\\/WebdelMaestroCMF\\\/\",\"https:\\\/\\\/x.com\\\/cmf_w\",\"https:\\\/\\\/www.pinterest.com\\\/WMCMF\\\/\",\"https:\\\/\\\/www.linkedin.com\\\/company\\\/web-del-maestro-cmf\\\/\",\"https:\\\/\\\/www.instagram.com\\\/wmcmf\\\/\",\"https:\\\/\\\/www.youtube.com\\\/channel\\\/UCDPSvjbdodE5sHnC3OxutHw\",\"https:\\\/\\\/mastodon.social\\\/@wmcmf\",\"https:\\\/\\\/www.tiktok.com\\\/@webdelmaestrocmf\"]},{\"@type\":\"Person\",\"@id\":\"https:\\\/\\\/webdelmaestrocmf.com\\\/portal\\\/#\\\/schema\\\/person\\\/1072a2ed7bd960df8ef99a551fa35dc5\",\"name\":\"Web del Maestro CMF\",\"image\":{\"@type\":\"ImageObject\",\"inLanguage\":\"es\",\"@id\":\"https:\\\/\\\/secure.gravatar.com\\\/avatar\\\/23291dd5b5ae1077dcff3dbb04c3e02bd28403fa75af6d8787d5e97c5bbbe30b?s=96&d=mm&r=g\",\"url\":\"https:\\\/\\\/secure.gravatar.com\\\/avatar\\\/23291dd5b5ae1077dcff3dbb04c3e02bd28403fa75af6d8787d5e97c5bbbe30b?s=96&d=mm&r=g\",\"contentUrl\":\"https:\\\/\\\/secure.gravatar.com\\\/avatar\\\/23291dd5b5ae1077dcff3dbb04c3e02bd28403fa75af6d8787d5e97c5bbbe30b?s=96&d=mm&r=g\",\"caption\":\"Web del Maestro CMF\"},\"description\":\"Esta Web se cre\u00f3 sin fines de lucro, con fines educativos, cient\u00edficos y acad\u00e9micos, para personas que tengan dificultades y\\\/o inconvenientes en visualizar el material original. El objetivo es entregar recursos, compartir experiencias y materiales que ayuden a los padres de familia, maestros y estudiantes en su actualizaci\u00f3n y formaci\u00f3n permanente, en bien de la Educaci\u00f3n.\",\"sameAs\":[\"http:\\\/\\\/webdelmaestrocmf.com\\\/portal\",\"https:\\\/\\\/www.facebook.com\\\/WebdelMaestroCMF\\\/\",\"https:\\\/\\\/www.instagram.com\\\/wmcmf\\\/\",\"https:\\\/\\\/cl.linkedin.com\\\/company\\\/web-del-maestro-cmf\",\"https:\\\/\\\/www.pinterest.com\\\/WMCMF\\\/publicaciones\\\/\",\"https:\\\/\\\/x.com\\\/cmf_w\",\"https:\\\/\\\/www.youtube.com\\\/@WMCMF\"]}]}<\/script>\n<!-- \/ Yoast SEO plugin. -->","yoast_head_json":{"title":"36 pel\u00edculas que todo educador y estudiante tienen que ver - 2026","description":"Ve pel\u00edculas como El Club de los Cinco como una forma de retratar temas de educaci\u00f3n y sodisfacer tus necesidades c\u00f3mo educador o estudiante.","robots":{"index":"index","follow":"follow","max-snippet":"max-snippet:-1","max-image-preview":"max-image-preview:large","max-video-preview":"max-video-preview:-1"},"canonical":"https:\/\/webdelmaestrocmf.com\/portal\/10-peliculas-que-todo-educador-y-estudiante-de-educacion-tiene-que-ver\/","og_locale":"es_ES","og_type":"article","og_title":"36 pel\u00edculas que todo educador y estudiante tienen que ver - 2026","og_description":"Ve pel\u00edculas como El Club de los Cinco como una forma de retratar temas de educaci\u00f3n y sodisfacer tus necesidades c\u00f3mo educador o estudiante.","og_url":"https:\/\/webdelmaestrocmf.com\/portal\/10-peliculas-que-todo-educador-y-estudiante-de-educacion-tiene-que-ver\/","og_site_name":"Web del Maestro CMF","article_publisher":"https:\/\/www.facebook.com\/WebdelMaestroCMF\/","article_author":"https:\/\/www.facebook.com\/WebdelMaestroCMF\/","article_published_time":"2025-07-07T19:00:00+00:00","article_modified_time":"2025-07-07T22:37:48+00:00","og_image":[{"width":1024,"height":1024,"url":"https:\/\/webdelmaestrocmf.com\/portal\/wp-content\/uploads\/2021\/07\/Banner-1-portada-imagen-10-14.jpg","type":"image\/jpeg"}],"author":"Web del Maestro CMF","twitter_card":"summary_large_image","twitter_creator":"@cmf_w","twitter_site":"@cmf_w","schema":{"@context":"https:\/\/schema.org","@graph":[{"@type":"ScholarlyArticle","@id":"https:\/\/webdelmaestrocmf.com\/portal\/10-peliculas-que-todo-educador-y-estudiante-de-educacion-tiene-que-ver\/#article","isPartOf":{"@id":"https:\/\/webdelmaestrocmf.com\/portal\/10-peliculas-que-todo-educador-y-estudiante-de-educacion-tiene-que-ver\/"},"author":{"name":"Web del Maestro CMF","@id":"https:\/\/webdelmaestrocmf.com\/portal\/#\/schema\/person\/1072a2ed7bd960df8ef99a551fa35dc5"},"headline":"36 pel\u00edculas que todo educador y estudiante tienen que ver","datePublished":"2025-07-07T19:00:00+00:00","dateModified":"2025-07-07T22:37:48+00:00","mainEntityOfPage":{"@id":"https:\/\/webdelmaestrocmf.com\/portal\/10-peliculas-que-todo-educador-y-estudiante-de-educacion-tiene-que-ver\/"},"wordCount":4302,"commentCount":6,"publisher":{"@id":"https:\/\/webdelmaestrocmf.com\/portal\/#organization"},"image":{"@id":"https:\/\/webdelmaestrocmf.com\/portal\/10-peliculas-que-todo-educador-y-estudiante-de-educacion-tiene-que-ver\/#primaryimage"},"thumbnailUrl":"https:\/\/webdelmaestrocmf.com\/portal\/wp-content\/uploads\/2021\/07\/Banner-1-portada-imagen-10-14.jpg","keywords":["10 PEL\u00cdCULAS","EDUCACI\u00d3N","EDUCADOR","ESTUDIANTE","pel\u00edculas para docentes","pel\u00edculas sobre educaci\u00f3n","pel\u00edculas sobre pedagog\u00eda"],"articleSection":["Pel\u00edculas","Recursos"],"inLanguage":"es","potentialAction":[{"@type":"CommentAction","name":"Comment","target":["https:\/\/webdelmaestrocmf.com\/portal\/10-peliculas-que-todo-educador-y-estudiante-de-educacion-tiene-que-ver\/#respond"]}]},{"@type":"WebPage","@id":"https:\/\/webdelmaestrocmf.com\/portal\/10-peliculas-que-todo-educador-y-estudiante-de-educacion-tiene-que-ver\/","url":"https:\/\/webdelmaestrocmf.com\/portal\/10-peliculas-que-todo-educador-y-estudiante-de-educacion-tiene-que-ver\/","name":"36 pel\u00edculas que todo educador y estudiante tienen que ver - 2026","isPartOf":{"@id":"https:\/\/webdelmaestrocmf.com\/portal\/#website"},"primaryImageOfPage":{"@id":"https:\/\/webdelmaestrocmf.com\/portal\/10-peliculas-que-todo-educador-y-estudiante-de-educacion-tiene-que-ver\/#primaryimage"},"image":{"@id":"https:\/\/webdelmaestrocmf.com\/portal\/10-peliculas-que-todo-educador-y-estudiante-de-educacion-tiene-que-ver\/#primaryimage"},"thumbnailUrl":"https:\/\/webdelmaestrocmf.com\/portal\/wp-content\/uploads\/2021\/07\/Banner-1-portada-imagen-10-14.jpg","datePublished":"2025-07-07T19:00:00+00:00","dateModified":"2025-07-07T22:37:48+00:00","description":"Ve pel\u00edculas como El Club de los Cinco como una forma de retratar temas de educaci\u00f3n y sodisfacer tus necesidades c\u00f3mo educador o estudiante.","breadcrumb":{"@id":"https:\/\/webdelmaestrocmf.com\/portal\/10-peliculas-que-todo-educador-y-estudiante-de-educacion-tiene-que-ver\/#breadcrumb"},"inLanguage":"es","potentialAction":[{"@type":"ReadAction","target":["https:\/\/webdelmaestrocmf.com\/portal\/10-peliculas-que-todo-educador-y-estudiante-de-educacion-tiene-que-ver\/"]}]},{"@type":"ImageObject","inLanguage":"es","@id":"https:\/\/webdelmaestrocmf.com\/portal\/10-peliculas-que-todo-educador-y-estudiante-de-educacion-tiene-que-ver\/#primaryimage","url":"https:\/\/webdelmaestrocmf.com\/portal\/wp-content\/uploads\/2021\/07\/Banner-1-portada-imagen-10-14.jpg","contentUrl":"https:\/\/webdelmaestrocmf.com\/portal\/wp-content\/uploads\/2021\/07\/Banner-1-portada-imagen-10-14.jpg","width":1024,"height":1024,"caption":"pel\u00edculas"},{"@type":"BreadcrumbList","@id":"https:\/\/webdelmaestrocmf.com\/portal\/10-peliculas-que-todo-educador-y-estudiante-de-educacion-tiene-que-ver\/#breadcrumb","itemListElement":[{"@type":"ListItem","position":1,"name":"Portada","item":"https:\/\/webdelmaestrocmf.com\/portal\/"},{"@type":"ListItem","position":2,"name":"Recursos","item":"https:\/\/webdelmaestrocmf.com\/portal\/category\/pedagogia\/"},{"@type":"ListItem","position":3,"name":"36 pel\u00edculas que todo educador y estudiante tienen que ver"}]},{"@type":"WebSite","@id":"https:\/\/webdelmaestrocmf.com\/portal\/#website","url":"https:\/\/webdelmaestrocmf.com\/portal\/","name":"Web del Maestro CMF","description":"Maestros al servicio de la educaci\u00f3n","publisher":{"@id":"https:\/\/webdelmaestrocmf.com\/portal\/#organization"},"alternateName":"WMCMF","potentialAction":[{"@type":"SearchAction","target":{"@type":"EntryPoint","urlTemplate":"https:\/\/webdelmaestrocmf.com\/portal\/?s={search_term_string}"},"query-input":{"@type":"PropertyValueSpecification","valueRequired":true,"valueName":"search_term_string"}}],"inLanguage":"es"},{"@type":"Organization","@id":"https:\/\/webdelmaestrocmf.com\/portal\/#organization","name":"Web del Maestro CMF","alternateName":"WMCMF","url":"https:\/\/webdelmaestrocmf.com\/portal\/","logo":{"@type":"ImageObject","inLanguage":"es","@id":"https:\/\/webdelmaestrocmf.com\/portal\/#\/schema\/logo\/image\/","url":"https:\/\/webdelmaestrocmf.com\/portal\/wp-content\/uploads\/2023\/01\/logo-wmcmf-2.png","contentUrl":"https:\/\/webdelmaestrocmf.com\/portal\/wp-content\/uploads\/2023\/01\/logo-wmcmf-2.png","width":200,"height":60,"caption":"Web del Maestro CMF"},"image":{"@id":"https:\/\/webdelmaestrocmf.com\/portal\/#\/schema\/logo\/image\/"},"sameAs":["https:\/\/www.facebook.com\/WebdelMaestroCMF\/","https:\/\/x.com\/cmf_w","https:\/\/www.pinterest.com\/WMCMF\/","https:\/\/www.linkedin.com\/company\/web-del-maestro-cmf\/","https:\/\/www.instagram.com\/wmcmf\/","https:\/\/www.youtube.com\/channel\/UCDPSvjbdodE5sHnC3OxutHw","https:\/\/mastodon.social\/@wmcmf","https:\/\/www.tiktok.com\/@webdelmaestrocmf"]},{"@type":"Person","@id":"https:\/\/webdelmaestrocmf.com\/portal\/#\/schema\/person\/1072a2ed7bd960df8ef99a551fa35dc5","name":"Web del Maestro CMF","image":{"@type":"ImageObject","inLanguage":"es","@id":"https:\/\/secure.gravatar.com\/avatar\/23291dd5b5ae1077dcff3dbb04c3e02bd28403fa75af6d8787d5e97c5bbbe30b?s=96&d=mm&r=g","url":"https:\/\/secure.gravatar.com\/avatar\/23291dd5b5ae1077dcff3dbb04c3e02bd28403fa75af6d8787d5e97c5bbbe30b?s=96&d=mm&r=g","contentUrl":"https:\/\/secure.gravatar.com\/avatar\/23291dd5b5ae1077dcff3dbb04c3e02bd28403fa75af6d8787d5e97c5bbbe30b?s=96&d=mm&r=g","caption":"Web del Maestro CMF"},"description":"Esta Web se cre\u00f3 sin fines de lucro, con fines educativos, cient\u00edficos y acad\u00e9micos, para personas que tengan dificultades y\/o inconvenientes en visualizar el material original. El objetivo es entregar recursos, compartir experiencias y materiales que ayuden a los padres de familia, maestros y estudiantes en su actualizaci\u00f3n y formaci\u00f3n permanente, en bien de la Educaci\u00f3n.","sameAs":["http:\/\/webdelmaestrocmf.com\/portal","https:\/\/www.facebook.com\/WebdelMaestroCMF\/","https:\/\/www.instagram.com\/wmcmf\/","https:\/\/cl.linkedin.com\/company\/web-del-maestro-cmf","https:\/\/www.pinterest.com\/WMCMF\/publicaciones\/","https:\/\/x.com\/cmf_w","https:\/\/www.youtube.com\/@WMCMF"]}]}},"jetpack_featured_media_url":"https:\/\/webdelmaestrocmf.com\/portal\/wp-content\/uploads\/2021\/07\/Banner-1-portada-imagen-10-14.jpg","jetpack_sharing_enabled":true,"jetpack-related-posts":[{"id":83539,"url":"https:\/\/webdelmaestrocmf.com\/portal\/las-peliculas-como-herramienta-didactica-500-peliculas-y-cortos-educativos-recomendadas-para-educadores-y-estudiantes\/","url_meta":{"origin":12231,"position":0},"title":"Las pel\u00edculas como herramienta did\u00e1ctica: 500 pel\u00edculas y cortos educativos recomendadas para educadores y estudiantes","author":"Web del Maestro CMF","date":"30 enero, 2023","format":false,"excerpt":"No es nuevo el uso de pel\u00edculas como recursos did\u00e1cticos, con la finalidad de crear un contexto significativo que motive a nuestros estudiantes a conocer una nueva informaci\u00f3n, que le facilite la construcci\u00f3n de conocimientos, y se conviertan en aprendizajes significativos. \u201cEn un ambiente social, donde lo audiovisual est\u00e1 presente\u2026","rel":"","context":"En \u00abRecursos\u00bb","block_context":{"text":"Recursos","link":"https:\/\/webdelmaestrocmf.com\/portal\/category\/pedagogia\/"},"img":{"alt_text":"","src":"https:\/\/i0.wp.com\/webdelmaestrocmf.com\/portal\/wp-content\/uploads\/2023\/01\/1-78.jpg?resize=350%2C200&ssl=1","width":350,"height":200,"srcset":"https:\/\/i0.wp.com\/webdelmaestrocmf.com\/portal\/wp-content\/uploads\/2023\/01\/1-78.jpg?resize=350%2C200&ssl=1 1x, https:\/\/i0.wp.com\/webdelmaestrocmf.com\/portal\/wp-content\/uploads\/2023\/01\/1-78.jpg?resize=525%2C300&ssl=1 1.5x, https:\/\/i0.wp.com\/webdelmaestrocmf.com\/portal\/wp-content\/uploads\/2023\/01\/1-78.jpg?resize=700%2C400&ssl=1 2x"},"classes":[]},{"id":89788,"url":"https:\/\/webdelmaestrocmf.com\/portal\/20-peliculas-para-educar-en-inteligencia-emocional-que-recomiendan-la-ia\/","url_meta":{"origin":12231,"position":1},"title":"20 pel\u00edculas para educar en Inteligencia Emocional que recomiendan la IA","author":"Web del Maestro CMF","date":"4 junio, 2023","format":false,"excerpt":"La educaci\u00f3n emocional es un componente esencial en el desarrollo integral de los estudiantes, ya que les permite comprender, gestionar y expresar adecuadamente sus emociones. Las pel\u00edculas, como herramientas pedag\u00f3gicas, tienen el poder de sumergirnos en diversas situaciones y despertar emociones en nosotros. Por lo tanto, el uso de pel\u00edculas\u2026","rel":"","context":"En \u00abPel\u00edculas\u00bb","block_context":{"text":"Pel\u00edculas","link":"https:\/\/webdelmaestrocmf.com\/portal\/category\/pedagogia\/peliculas\/"},"img":{"alt_text":"","src":"https:\/\/i0.wp.com\/webdelmaestrocmf.com\/portal\/wp-content\/uploads\/2023\/06\/A12B3C4D-2023-06-04T184411.849.jpg?resize=350%2C200&ssl=1","width":350,"height":200,"srcset":"https:\/\/i0.wp.com\/webdelmaestrocmf.com\/portal\/wp-content\/uploads\/2023\/06\/A12B3C4D-2023-06-04T184411.849.jpg?resize=350%2C200&ssl=1 1x, https:\/\/i0.wp.com\/webdelmaestrocmf.com\/portal\/wp-content\/uploads\/2023\/06\/A12B3C4D-2023-06-04T184411.849.jpg?resize=525%2C300&ssl=1 1.5x, https:\/\/i0.wp.com\/webdelmaestrocmf.com\/portal\/wp-content\/uploads\/2023\/06\/A12B3C4D-2023-06-04T184411.849.jpg?resize=700%2C400&ssl=1 2x"},"classes":[]},{"id":45693,"url":"https:\/\/webdelmaestrocmf.com\/portal\/las-mejores-peliculas-sobre-educacion-imprescindibles-para-docentes-y-estudiantes\/","url_meta":{"origin":12231,"position":2},"title":"23 pel\u00edculas sobre educaci\u00f3n para docentes y estudiantes","author":"Web del Maestro CMF","date":"21 marzo, 2020","format":"video","excerpt":"En el amplio mundo del aprendizaje, la educaci\u00f3n trasciende las aulas y los libros de texto. Las pel\u00edculas, como poderosas herramientas visuales, desempe\u00f1an un papel fundamental en la formaci\u00f3n de docentes y estudiantes. Es por ello que hemos seleccionado con esmero 23 pel\u00edculas sobre educaci\u00f3n que consideramos indispensables para aquellos\u2026","rel":"","context":"En \u00abPel\u00edculas\u00bb","block_context":{"text":"Pel\u00edculas","link":"https:\/\/webdelmaestrocmf.com\/portal\/category\/pedagogia\/peliculas\/"},"img":{"alt_text":"Pel\u00edculas sobre educaci\u00f3n","src":"https:\/\/i0.wp.com\/webdelmaestrocmf.com\/portal\/wp-content\/uploads\/2020\/03\/1-12.jpeg?resize=350%2C200&ssl=1","width":350,"height":200,"srcset":"https:\/\/i0.wp.com\/webdelmaestrocmf.com\/portal\/wp-content\/uploads\/2020\/03\/1-12.jpeg?resize=350%2C200&ssl=1 1x, https:\/\/i0.wp.com\/webdelmaestrocmf.com\/portal\/wp-content\/uploads\/2020\/03\/1-12.jpeg?resize=525%2C300&ssl=1 1.5x, https:\/\/i0.wp.com\/webdelmaestrocmf.com\/portal\/wp-content\/uploads\/2020\/03\/1-12.jpeg?resize=700%2C400&ssl=1 2x, https:\/\/i0.wp.com\/webdelmaestrocmf.com\/portal\/wp-content\/uploads\/2020\/03\/1-12.jpeg?resize=1050%2C600&ssl=1 3x"},"classes":[]},{"id":90703,"url":"https:\/\/webdelmaestrocmf.com\/portal\/la-profesora-una-leccion-que-no-olvidaran-pelicula-completa-para-docentes-lecciones-que-aplicar-en-el-aula\/","url_meta":{"origin":12231,"position":3},"title":"\u00abLa profesora: una lecci\u00f3n que no olvidar\u00e1n\u00bb | Pel\u00edcula completa para docentes | Lecciones que aplicar en el aula","author":"Web del Maestro CMF","date":"17 julio, 2023","format":false,"excerpt":"En el a\u00f1o 1983, en medio de la \u00e9poca comunista en la antigua Checoslovaquia, un colegio en los suburbios de Bratislava se ve sacudido por la llegada de la profesora Maria Drazdechova, una figura que revolucionar\u00e1 la instituci\u00f3n, los alumnos y sus padres. Sin embargo, su impacto no ser\u00e1 positivo,\u2026","rel":"","context":"En \u00abPel\u00edculas\u00bb","block_context":{"text":"Pel\u00edculas","link":"https:\/\/webdelmaestrocmf.com\/portal\/category\/pedagogia\/peliculas\/"},"img":{"alt_text":"","src":"https:\/\/i0.wp.com\/webdelmaestrocmf.com\/portal\/wp-content\/uploads\/2023\/07\/A12B3C4D-37.jpg?resize=350%2C200&ssl=1","width":350,"height":200,"srcset":"https:\/\/i0.wp.com\/webdelmaestrocmf.com\/portal\/wp-content\/uploads\/2023\/07\/A12B3C4D-37.jpg?resize=350%2C200&ssl=1 1x, https:\/\/i0.wp.com\/webdelmaestrocmf.com\/portal\/wp-content\/uploads\/2023\/07\/A12B3C4D-37.jpg?resize=525%2C300&ssl=1 1.5x, https:\/\/i0.wp.com\/webdelmaestrocmf.com\/portal\/wp-content\/uploads\/2023\/07\/A12B3C4D-37.jpg?resize=700%2C400&ssl=1 2x"},"classes":[]},{"id":55932,"url":"https:\/\/webdelmaestrocmf.com\/portal\/cadena-de-favores-una-pelicula-que-reflejan-la-importancia-de-la-labor-docente\/","url_meta":{"origin":12231,"position":4},"title":"\u00abCadena de favores\u00bb: La influencia de la labor docente","author":"Web del Maestro CMF","date":"15 diciembre, 2020","format":"video","excerpt":"La pel\u00edcula \"Cadena de Favores\" emerge como una luz gu\u00eda. Esta obra cinematogr\u00e1fica no solo entretiene, sino que teje una narrativa conmovedora que penetra en la esencia misma de la labor docente y su potencial transformador. Cadena de Favores - Trailer en Espa\u00f1ol - Pel\u00edcula\ufeff Cadena de Favores es una\u2026","rel":"","context":"En \u00abPel\u00edculas\u00bb","block_context":{"text":"Pel\u00edculas","link":"https:\/\/webdelmaestrocmf.com\/portal\/category\/pedagogia\/peliculas\/"},"img":{"alt_text":"Cadena de favores","src":"https:\/\/i0.wp.com\/webdelmaestrocmf.com\/portal\/wp-content\/uploads\/2020\/12\/1-30-1.jpg?resize=350%2C200&ssl=1","width":350,"height":200,"srcset":"https:\/\/i0.wp.com\/webdelmaestrocmf.com\/portal\/wp-content\/uploads\/2020\/12\/1-30-1.jpg?resize=350%2C200&ssl=1 1x, https:\/\/i0.wp.com\/webdelmaestrocmf.com\/portal\/wp-content\/uploads\/2020\/12\/1-30-1.jpg?resize=525%2C300&ssl=1 1.5x, https:\/\/i0.wp.com\/webdelmaestrocmf.com\/portal\/wp-content\/uploads\/2020\/12\/1-30-1.jpg?resize=700%2C400&ssl=1 2x, https:\/\/i0.wp.com\/webdelmaestrocmf.com\/portal\/wp-content\/uploads\/2020\/12\/1-30-1.jpg?resize=1050%2C600&ssl=1 3x"},"classes":[]},{"id":41033,"url":"https:\/\/webdelmaestrocmf.com\/portal\/estrellas-en-la-tierra-una-pelicula-que-todo-educador-y-estudiante-de-educacion-tendria-que-ver\/","url_meta":{"origin":12231,"position":5},"title":"Estrellas en la Tierra: Una pel\u00edcula que todo educador tendr\u00eda que ver","author":"Web del Maestro CMF","date":"25 septiembre, 2019","format":false,"excerpt":"Taare Zameen Par (Estrellas en la Tierra) es una pel\u00edcula de la India que narra la historia de un ni\u00f1o llamado Ishaan Awasthi quien tiene necesidades especiales debido a dislexia (dificultad especifica en el aprendizaje de la lectura y escritura de un ni\u00f1o que no presenta ning\u00fan otro d\u00e9ficit intelectual\u2026","rel":"","context":"En \u00abPel\u00edculas\u00bb","block_context":{"text":"Pel\u00edculas","link":"https:\/\/webdelmaestrocmf.com\/portal\/category\/pedagogia\/peliculas\/"},"img":{"alt_text":"Estrellas en la Tierra","src":"https:\/\/i0.wp.com\/webdelmaestrocmf.com\/portal\/wp-content\/uploads\/2019\/09\/1-87.jpg?resize=350%2C200&ssl=1","width":350,"height":200,"srcset":"https:\/\/i0.wp.com\/webdelmaestrocmf.com\/portal\/wp-content\/uploads\/2019\/09\/1-87.jpg?resize=350%2C200&ssl=1 1x, https:\/\/i0.wp.com\/webdelmaestrocmf.com\/portal\/wp-content\/uploads\/2019\/09\/1-87.jpg?resize=525%2C300&ssl=1 1.5x, https:\/\/i0.wp.com\/webdelmaestrocmf.com\/portal\/wp-content\/uploads\/2019\/09\/1-87.jpg?resize=700%2C400&ssl=1 2x, https:\/\/i0.wp.com\/webdelmaestrocmf.com\/portal\/wp-content\/uploads\/2019\/09\/1-87.jpg?resize=1050%2C600&ssl=1 3x"},"classes":[]}],"_links":{"self":[{"href":"https:\/\/webdelmaestrocmf.com\/portal\/wp-json\/wp\/v2\/posts\/12231","targetHints":{"allow":["GET"]}}],"collection":[{"href":"https:\/\/webdelmaestrocmf.com\/portal\/wp-json\/wp\/v2\/posts"}],"about":[{"href":"https:\/\/webdelmaestrocmf.com\/portal\/wp-json\/wp\/v2\/types\/post"}],"author":[{"embeddable":true,"href":"https:\/\/webdelmaestrocmf.com\/portal\/wp-json\/wp\/v2\/users\/1"}],"replies":[{"embeddable":true,"href":"https:\/\/webdelmaestrocmf.com\/portal\/wp-json\/wp\/v2\/comments?post=12231"}],"version-history":[{"count":2,"href":"https:\/\/webdelmaestrocmf.com\/portal\/wp-json\/wp\/v2\/posts\/12231\/revisions"}],"predecessor-version":[{"id":110975,"href":"https:\/\/webdelmaestrocmf.com\/portal\/wp-json\/wp\/v2\/posts\/12231\/revisions\/110975"}],"wp:featuredmedia":[{"embeddable":true,"href":"https:\/\/webdelmaestrocmf.com\/portal\/wp-json\/wp\/v2\/media\/103142"}],"wp:attachment":[{"href":"https:\/\/webdelmaestrocmf.com\/portal\/wp-json\/wp\/v2\/media?parent=12231"}],"wp:term":[{"taxonomy":"category","embeddable":true,"href":"https:\/\/webdelmaestrocmf.com\/portal\/wp-json\/wp\/v2\/categories?post=12231"},{"taxonomy":"post_tag","embeddable":true,"href":"https:\/\/webdelmaestrocmf.com\/portal\/wp-json\/wp\/v2\/tags?post=12231"}],"curies":[{"name":"wp","href":"https:\/\/api.w.org\/{rel}","templated":true}]}}