{"id":12225,"date":"2026-04-23T20:00:00","date_gmt":"2026-04-24T00:00:00","guid":{"rendered":"http:\/\/webdelmaestrocmf.com\/portal\/?p=12225"},"modified":"2026-04-27T17:16:16","modified_gmt":"2026-04-27T21:16:16","slug":"las-10-conductas-de-los-padres-que-entorpecen-la-educacion-de-los-ninos","status":"publish","type":"post","link":"https:\/\/webdelmaestrocmf.com\/portal\/las-10-conductas-de-los-padres-que-entorpecen-la-educacion-de-los-ninos\/","title":{"rendered":"Las 10 conductas de los padres que entorpecen la educaci\u00f3n de los ni\u00f1os"},"content":{"rendered":"\n<p>La mayor\u00eda de los padres y madres concede mucha relevancia a los estudios de sus hijos y trata de implicarse en ellos. Pero maestros y psic\u00f3logos aseguran que no siempre tienen claro cu\u00e1l es su papel en el aprendizaje escolar y a veces adoptan actitudes que acaban da\u00f1ando la educaci\u00f3n de los hijos.<\/p>\n\n\n\n<p>Pero maestros y psic\u00f3logos aseguran que no siempre tienen claro cu\u00e1l es su papel en el aprendizaje escolar y a veces adoptan actitudes que acaban da\u00f1ando la educaci\u00f3n de los hijos.<\/p>\n\n\n\n<p>Profesores y psic\u00f3logos identifican las actitudes m\u00e1s nocivas de los progenitores a la hora de implicarse en la educaci\u00f3n de sus hijos.<\/p>\n\n\n\n<!--more-->\n\n\n\n<h2 class=\"wp-block-heading epititulin\"><b>1. Estudiar con ellos: <\/b><strong>Ser padre y maestro a la vez crea conflictos y dependencia<\/strong><\/h2>\n\n\n\n<p class=\"p@4\">\u201cLlegan los primeros deberes escolares y ah\u00ed est\u00e1n pap\u00e1 y mam\u00e1 al lado; y los deberes son de la criatura, no de la familia; el deber de la familia es velar por que el ni\u00f1o tenga espacio y tiempo para hacer sus tareas y, si son muy peque\u00f1os, facilitar la organizaci\u00f3n del tiempo\u201d, explica Mar\u00eda Jes\u00fas Comellas, profesora de la UAB en la facultad de Ciencias de la Educaci\u00f3n y psic\u00f3loga especializada en las relaciones familia-escuela.<\/p>\n\n\n\n<p class=\"p@4\">Benjam\u00ed Montenegro, del Equip Psicol\u00f2gic del Desenvolupament de l\u2019Individu, dice que el papel de los padres es el de auditores: \u201cHan de controlar que el trabajo est\u00e9 hecho, pero no entrar en el contenido porque se trata de que las tareas las hagan los ni\u00f1os y as\u00ed trabajar su autonom\u00eda\u201d. Eso no significa que si el ni\u00f1o plantea alguna duda no se le den pistas o herramientas para resolverla. Dicen los expertos que hacer de maestros y padres a la vez no trae m\u00e1s que problemas: crea conflictos familiares diarios y dependencia, porque los ni\u00f1os se acostumbran a que haya alguien encima de ellos para trabajar. Y si el cr\u00edo tiene dificultades de aprendizaje o necesita refuerzo, el consejo es buscar un profesor particular.<\/p>\n\n\n\n<h2 class=\"wp-block-heading epititulin\"><b>2. Resolverlo todo: <\/b><b>Solventar sus descuidos dificulta su maduraci\u00f3n<\/b><\/h2>\n\n\n\n<p class=\"p@4\">\u201cLos ni\u00f1os han de aprender a organizarse y a solventar sus problemas, a cualquier edad, y no hay que mandar a nadie corriendo a comprar tinta de impresora a \u00faltima hora de la tarde porque al d\u00eda siguiente ha de entregar un trabajo ni llevarle a la escuela el libro o el bocadillo olvidados; si los padres les resuelven todo \u2018con tal de que estudien\u2019, no maduran, no asumen sus responsabilidades ni aprenden a ser aut\u00f3nomos\u201d, coinciden Comellas y Montenegro.<\/p>\n\n\n\n<h2 class=\"wp-block-heading epititulin\"><b>3. Focalizar todo en el estudio: <\/b><b>Hacer de la formaci\u00f3n el eje de la vida familiar da\u00f1a la relaci\u00f3n<\/b><\/h2>\n\n\n\n<p class=\"p@4\">Los educadores aseguran que una frase muy reiterada de los estudiantes es \u201ca mis padres s\u00f3lo les interesa si estudio, lo dem\u00e1s no les importa nada\u201d. \u201cCuando focalizas todo en los estudios, cuando lo primero que le preguntas a tu hijo en la puerta de la escuela es qu\u00e9 deberes tienes o qu\u00e9 nota te han puesto en vez de c\u00f3mo te ha ido el d\u00eda, o con qui\u00e9n te has relacionado, transmites que te interesa el aprendizaje, no la persona\u201d, dice Comellas. Y agrega que lo mismo ocurre cuando al hijo universitario se le libera de tareas dom\u00e9sticas porque \u201csu trabajo es estudiar\u201d.<\/p>\n\n\n\n<p class=\"p@4\">\u201cEsa persona tiene que vivir, ha de saber organizarse, tener habilidades dom\u00e9sticas y saber relacionarse, y de eso a veces no nos ocupamos, ni nos interesamos por su vida emocional y relacional\u201d, enfatiza la psic\u00f3loga.<\/p>\n\n\n\n<h2 class=\"wp-block-heading epititulin\"><b>4. Querer genio: <\/b><b>Sobreestimular a menudo provoca el efecto contrario<\/b><\/h2>\n\n\n\n<p class=\"p@4\">Los maestros explican que una pr\u00e1ctica muy habitual en las familias es la de sobreestimular a los ni\u00f1os. \u201cTodos quieren un hijo genio y les llenan la cuna de artilugios, abusan de juegos did\u00e1cticos, se afanan porque aprendan muchas cosas y cuanto antes mejor, y esa sobreestimulaci\u00f3n no s\u00f3lo no influye en una evoluci\u00f3n cognitiva m\u00e1s r\u00e1pida, sino que a menudo tiene efectos contraproducentes en forma de problemas de atenci\u00f3n o de falta de concentraci\u00f3n\u201d, explica Joan Dom\u00e8nech, maestro del colegio Fructu\u00f3s Gelabert de Barcelona.<\/p>\n\n\n\n<p class=\"p@4\">Esa impaciencia respecto al aprendizaje provoca, seg\u00fan los psic\u00f3logos, que los padres se desesperen ante las primeras dificultades en los estudios o vivan como un fracaso los primeros malos resultados, sin tener en cuenta que la educaci\u00f3n es un proceso a largo plazo y que lo que los ni\u00f1os necesitan para aprender es paciencia y \u00e1nimo. \u201cLos padres no deber\u00edan considerar los malos resultados como un fracaso porque ello reduce la autoestima de los hijos e incapacita cada vez m\u00e1s a unos y otros\u201d, advierten.<\/p>\n\n\n\n<h2 class=\"wp-block-heading epititulin\"><b>5. Premiar las notas: <\/b><b>El est\u00edmulo material desvirt\u00faa y puede aumentar la frustraci\u00f3n<\/b><\/h2>\n\n\n\n<p class=\"p@4\">Las notas ni se han de premiar ni castigar; se han de elogiar y aplaudir, o analizar si es necesario dedicar m\u00e1s tiempo a estudiar, seg\u00fan los expertos. \u201cEl mejor est\u00edmulo es descubrir cosas nuevas y desarrollar tus intereses, si hace falta un est\u00edmulo material, es que algo no funciona\u201d, apunta Dom\u00e8nech.<\/p>\n\n\n\n<figure class=\"wp-block-image\"><img loading=\"lazy\" decoding=\"async\" width=\"936\" height=\"1839\" src=\"http:\/\/webdelmaestrocmf.com\/portal\/wp-content\/uploads\/2018\/10\/1-1-1.jpg\" alt=\"\" class=\"wp-image-32089\" srcset=\"https:\/\/webdelmaestrocmf.com\/portal\/wp-content\/uploads\/2018\/10\/1-1-1.jpg 936w, https:\/\/webdelmaestrocmf.com\/portal\/wp-content\/uploads\/2018\/10\/1-1-1-153x300.jpg 153w, https:\/\/webdelmaestrocmf.com\/portal\/wp-content\/uploads\/2018\/10\/1-1-1-768x1509.jpg 768w, https:\/\/webdelmaestrocmf.com\/portal\/wp-content\/uploads\/2018\/10\/1-1-1-521x1024.jpg 521w\" sizes=\"auto, (max-width: 936px) 100vw, 936px\" \/><\/figure>\n\n\n\n<p><\/p>\n\n\n\n<p class=\"p@4\">Montenegro advierte que los premios pueden causar una doble frustraci\u00f3n, porque con frecuencia se ofrecen por notas poco realistas y si el chaval no triunfa a pesar de la recompensa prometida su sensaci\u00f3n de fracaso y su malestar es doble: adem\u00e1s de no alcanzar su meta escolar, se queda sin regalo.<\/p>\n\n\n\n<h2 class=\"wp-block-heading epititulin\"><b>6. Disfrazar la vagancia: <\/b><b>Buscar trastornos detr\u00e1s de los fracasos retrasa la madurez<\/b><\/h2>\n\n\n\n<p class=\"p@4\">Otra conducta recurrente que observan los educadores es la tendencia de los padres a buscar trastornos neurol\u00f3gicos detr\u00e1s de los fracasos escolares de sus hijos. \u201cHay muchos ni\u00f1os que son incapaces de esforzarse en hacer los deberes o en estudiar porque son vagos, y eso es inmadurez, no un trastorno mental, y a veces se intenta disfrazar esa vagancia como intolerancia a la frustraci\u00f3n o intolerancia al estr\u00e9s, cuando lo que tienen es falta de autonom\u00eda\u201d, comenta Montenegro. Comellas subraya que esta actitud tiene que ver con la actitud hiperprotectora de muchos padres que buscan la etiqueta del trastorno para el bajo rendimiento de sus hijos \u201cporque en el momento en que se disfraza algo como trastorno se desculpabiliza a todo el mundo\u201d.<\/p>\n\n\n\n<h2 class=\"wp-block-heading epititulin\"><b>7. Ejercer de detectives: <\/b><b>El control absoluto de sus tareas suscita desconfianza<\/b><\/h2>\n\n\n\n<p class=\"p@4\">Hay padres que rastrean los deberes, trabajos, las fecha de ex\u00e1menes o los comentarios de sus hijos en clase a trav\u00e9s de la agenda escolar, la web del centro, las redes sociales o implicando en sus indagaciones a los padres de otros ni\u00f1os de la clase, con quienes est\u00e1n en permanente contacto por WhatsApp.<\/p>\n\n\n\n<p class=\"p@4\">\u201cEsa conducta provoca un boquete de desconfianza y no resuelve nada\u201d, advierte Montenegro. En vez de ejercer este control absoluto aconseja realizar un acompa\u00f1amiento lejano, revisar conjuntamente con el chaval la agenda de tareas pero dej\u00e1ndole que sea aut\u00f3nomo para realizarlas. Y para los padres que optan por preguntar la lecci\u00f3n para saber si el ni\u00f1o ha preparado un examen, los expertos recomiendan ponerle tres o cuatro preguntas por escrito, porque normalmente no hay ex\u00e1menes orales y de nada sirve que el ni\u00f1o se sepa la lecci\u00f3n hablando si luego se expresa mal por escrito o comete muchas faltas de ortograf\u00eda.<\/p>\n\n\n\n<h2 class=\"wp-block-heading epititulin\"><b>8. Usar el estudio como peaje: <\/b><b>Las tareas escolares acaban entendi\u00e9ndose como un castigo<\/b><\/h2>\n\n\n\n<p class=\"p@4\">\u201cCastigado a hacer los deberes\u201d o \u201chasta que no acabes de leer no hay dibujos\u201d son frases que utilizan algunos padres para incitar a sus hijos a hacer las tareas escolares. Pero los expertos aseguran que el tiempo de estudio deber\u00eda ser siempre un tiempo de tranquilidad y sosiego, no de rega\u00f1inas. El objetivo, explican, debe ser ayudar a los ni\u00f1os a descubrir el placer de la lectura o del aprendizaje, y eso no se consigue si se plantean las tareas escolares como un castigo o como un peaje necesario para poder disfrutar de actividades placenteras como salir con los amigos, ver la televisi\u00f3n o jugar con la consola.<\/p>\n\n\n\n<p class=\"p@4\">Y a medida que crecen, han de entender la relaci\u00f3n entre esfuerzo, dedicaci\u00f3n y resultados, \u201cy asumir que si han de estudiar m\u00e1s porque han tenido malas notas se trata de una inversi\u00f3n, no de un castigo\u201d, indica Comellas.<\/p>\n\n\n\n<h2 class=\"wp-block-heading epititulin\"><b>9. Proyectarse en los hijos: <\/b><b>Las expectativas no siempre se adec\u00faan a las capacidades<\/b><\/h2>\n\n\n\n<p class=\"p@4\">Los psic\u00f3logos consideran que en muchas familias pesan m\u00e1s las expectativas que tienen los padres sobre los estudios de los hijos que las preferencias o capacidades de estos, y muchos chavales son orientados a estudiar lo que quieren o les gusta a sus progenitores. \u201cEn este pa\u00eds confundimos inteligencia con t\u00edtulo, continuamos desprestigiando la formaci\u00f3n profesional y no valoramos la creatividad como un medio para vivir\u201d, reflexiona Comelles.<\/p>\n\n\n\n<figure class=\"wp-block-image is-resized\"><img loading=\"lazy\" decoding=\"async\" width=\"474\" height=\"610\" src=\"http:\/\/webdelmaestrocmf.com\/portal\/wp-content\/uploads\/2018\/10\/1.jpeg\" alt=\"\" class=\"wp-image-32088\" style=\"width:636px;height:auto\" srcset=\"https:\/\/webdelmaestrocmf.com\/portal\/wp-content\/uploads\/2018\/10\/1.jpeg 474w, https:\/\/webdelmaestrocmf.com\/portal\/wp-content\/uploads\/2018\/10\/1-233x300.jpeg 233w\" sizes=\"auto, (max-width: 474px) 100vw, 474px\" \/><\/figure>\n\n\n\n<h2 class=\"wp-block-heading epititulin\"><b>10. No respetar la l\u00ednea escolar: <\/b><b>El modelo de los padres no garantiza el \u00e9xito hoy<\/b><\/h2>\n\n\n\n<p class=\"topo fin\">Muchos padres piensan que el modelo y los m\u00e9todos educativos que les sirvieron a ellos les servir\u00e1n a sus hijos, pero la escuela ha cambiado mucho y los ni\u00f1os tambi\u00e9n. \u201cLo que a ti te gustaba del colegio, lo que aprend\u00edas entonces o c\u00f3mo lo aprend\u00edas no tiene por qu\u00e9 ser un modelo de \u00e9xito para tus hijos\u201d, advierte Dom\u00e8nech. Y por eso considera un error que los padres traten de ense\u00f1ar a los hijos a leer o a calcular por su cuenta o les pongan actividades de refuerzo en casa, sin considerar que quiz\u00e1 est\u00e1n interfiriendo en el ritmo o el m\u00e9todo pedag\u00f3gico que sigue la escuela. \u201cUno ha de plantearse a qu\u00e9 escuela lleva a su hijo, asegurarse de que comparte las mismas ideas, y luego acompa\u00f1ar al ni\u00f1o en el aprendizaje pero con respeto al proceso que siguen en la escuela, y no dar al ni\u00f1o mensajes diferentes\u201d, reflexiona. Los educadores son especialmente cr\u00edticos con los padres que muestran constantemente su desacuerdo con los profesores en presencia de los ni\u00f1os, porque estos aprovechan esa situaci\u00f3n para manipular a unos y a otros.<\/p>\n\n\n\n<p class=\"topo fin\"><strong class=\"last-child first-child\"><span class=\"last-child first-child\">Este contenido ha sido publicado originalmente por La Vanguardia&nbsp;en la siguiente direcci\u00f3n:&nbsp;<a href=\"http:\/\/lavanguardia.com\" target=\"_blank\" rel=\"noopener noreferrer\">lavanguardia.com<\/a><\/span><\/strong><\/p>\n\n\n\t\t<div class=\"pk-inline-posts\">\n\t\t\t\t\t\t\t<h5 class=\"pk-inline-posts-title pk-title pk-font-block\">\n\t\t\t\t\t\u00daltimas entradas\t\t\t\t<\/h5>\n\t\t\t\n\t\t\t<div class=\"pk-inline-posts-container pk-inline-posts-template-list\"\n\t\t\t\tdata-columns=\"1\">\n\t\t\t\t\t\t<article id=\"post-97204\" class=\"post-97204 post type-post status-publish format-standard has-post-thumbnail category-emociones category-padres category-pedagogia tag-animo tag-aspectos tag-autoestima tag-emociones tag-evaluamos tag-mochila tag-revise tag-tambien cs-entry cs-video-wrap\">\n\t\t\t<div class=\"pk-post-outer\">\n\n\t\t\t\t\t\t\t\t<div class=\"pk-post-inner\">\n\t\t\t\t\t<div class=\"entry-thumbnail\">\n\t\t\t\t\t\t<div class=\"pk-overlay pk-overlay-ratio pk-ratio-landscape\">\n\t\t\t\t\t\t\t<div class=\"pk-overlay-background\">\n\t\t\t\t\t\t\t\t<a href=\"https:\/\/webdelmaestrocmf.com\/portal\/no-solo-revise-su-mochila-sino-que-tambien-evaluamos-sus-emociones-animo-autoestima-entre-otros-aspectos\/\" class=\"pk-overlay-link\">\n\t\t\t\t\t\t\t\t\t<img loading=\"lazy\" decoding=\"async\" width=\"300\" height=\"225\" src=\"https:\/\/webdelmaestrocmf.com\/portal\/wp-content\/uploads\/2023\/10\/1AA-Banner-1-portada-imagen-10-1-copia-4-300x225.webp\" class=\"attachment-pk-thumbnail size-pk-thumbnail wp-post-image\" alt=\"\" \/>\t\t\t\t\t\t\t\t<\/a>\n\t\t\t\t\t\t\t<\/div>\n\t\t\t\t\t\t<\/div>\n\t\t\t\t\t<\/div>\n\t\t\t\t<\/div>\n\t\t\t\t\n\t\t\t\t<div class=\"pk-post-inner\">\n\t\t\t\t\t<header>\n\t\t\t\t\t\t<h3 class=\"pk-title\"><a href=\"https:\/\/webdelmaestrocmf.com\/portal\/no-solo-revise-su-mochila-sino-que-tambien-evaluamos-sus-emociones-animo-autoestima-entre-otros-aspectos\/\" rel=\"bookmark\">No solo revise su mochila, sino que tambi\u00e9n evaluamos sus emociones, \u00e1nimo, autoestima, entre otros aspectos<\/a><\/h3>\t\t\t\t\t<\/header><!-- .entry-header -->\n\t\t\t\t<\/div><!-- .post-inner -->\n\n\t\t\t<\/div><!-- .post-outer -->\n\t\t<\/article>\n\t\t\t<article id=\"post-18096\" class=\"post-18096 post type-post status-publish format-standard has-post-thumbnail category-docentes category-padres category-pedagogia tag-aprendizaje tag-estudiantes tag-trastornos cs-entry cs-video-wrap\">\n\t\t\t<div class=\"pk-post-outer\">\n\n\t\t\t\t\t\t\t\t<div class=\"pk-post-inner\">\n\t\t\t\t\t<div class=\"entry-thumbnail\">\n\t\t\t\t\t\t<div class=\"pk-overlay pk-overlay-ratio pk-ratio-landscape\">\n\t\t\t\t\t\t\t<div class=\"pk-overlay-background\">\n\t\t\t\t\t\t\t\t<a href=\"https:\/\/webdelmaestrocmf.com\/portal\/trastornos-del-aprendizaje-en-los-estudiantes-como-identificarlos\/\" class=\"pk-overlay-link\">\n\t\t\t\t\t\t\t\t\t<img loading=\"lazy\" decoding=\"async\" width=\"300\" height=\"225\" src=\"https:\/\/webdelmaestrocmf.com\/portal\/wp-content\/uploads\/2021\/02\/Banner-1-portada-imagen-10-37-300x225.jpg\" class=\"attachment-pk-thumbnail size-pk-thumbnail wp-post-image\" alt=\"Trastornos\" \/>\t\t\t\t\t\t\t\t<\/a>\n\t\t\t\t\t\t\t<\/div>\n\t\t\t\t\t\t<\/div>\n\t\t\t\t\t<\/div>\n\t\t\t\t<\/div>\n\t\t\t\t\n\t\t\t\t<div class=\"pk-post-inner\">\n\t\t\t\t\t<header>\n\t\t\t\t\t\t<h3 class=\"pk-title\"><a href=\"https:\/\/webdelmaestrocmf.com\/portal\/trastornos-del-aprendizaje-en-los-estudiantes-como-identificarlos\/\" rel=\"bookmark\">Trastornos del aprendizaje en los estudiantes, \u00bfc\u00f3mo identificarlos? Descarga la gu\u00eda para padres y docentes<\/a><\/h3>\t\t\t\t\t<\/header><!-- .entry-header -->\n\t\t\t\t<\/div><!-- .post-inner -->\n\n\t\t\t<\/div><!-- .post-outer -->\n\t\t<\/article>\n\t\t\t<article id=\"post-41113\" class=\"post-41113 post type-post status-publish format-standard has-post-thumbnail category-comunicacion category-educacion-y-familia category-padres category-pedagogia category-violencia tag-hijos tag-maestros tag-padres tag-respeto cs-entry cs-video-wrap\">\n\t\t\t<div class=\"pk-post-outer\">\n\n\t\t\t\t\t\t\t\t<div class=\"pk-post-inner\">\n\t\t\t\t\t<div class=\"entry-thumbnail\">\n\t\t\t\t\t\t<div class=\"pk-overlay pk-overlay-ratio pk-ratio-landscape\">\n\t\t\t\t\t\t\t<div class=\"pk-overlay-background\">\n\t\t\t\t\t\t\t\t<a href=\"https:\/\/webdelmaestrocmf.com\/portal\/si-los-padres-de-familia-no-respetan-a-los-maestros-mucho-menos-lo-haran-sus-hijos\/\" class=\"pk-overlay-link\">\n\t\t\t\t\t\t\t\t\t<img loading=\"lazy\" decoding=\"async\" width=\"300\" height=\"225\" src=\"https:\/\/webdelmaestrocmf.com\/portal\/wp-content\/uploads\/2024\/07\/1AA-Banner-1-portada-imagen-10-1-copia-300x225.jpg\" class=\"attachment-pk-thumbnail size-pk-thumbnail wp-post-image\" alt=\"\" \/>\t\t\t\t\t\t\t\t<\/a>\n\t\t\t\t\t\t\t<\/div>\n\t\t\t\t\t\t<\/div>\n\t\t\t\t\t<\/div>\n\t\t\t\t<\/div>\n\t\t\t\t\n\t\t\t\t<div class=\"pk-post-inner\">\n\t\t\t\t\t<header>\n\t\t\t\t\t\t<h3 class=\"pk-title\"><a href=\"https:\/\/webdelmaestrocmf.com\/portal\/si-los-padres-de-familia-no-respetan-a-los-maestros-mucho-menos-lo-haran-sus-hijos\/\" rel=\"bookmark\">Si los padres de familia no respetan a los maestros, mucho menos lo har\u00e1n sus hijos<\/a><\/h3>\t\t\t\t\t<\/header><!-- .entry-header -->\n\t\t\t\t<\/div><!-- .post-inner -->\n\n\t\t\t<\/div><!-- .post-outer -->\n\t\t<\/article>\n\t\t\t\t<\/div>\n\t\t<\/div>\n\t\t\n","protected":false},"excerpt":{"rendered":"Los padres deben acompa\u00f1ar sin sustituir, fomentando autonom\u00eda, responsabilidad y equilibrio emocional. Intervenir en exceso, premiar solo resultados o sobreproteger limita el aprendizaje, genera dependencia y afecta el desarrollo integral del estudiante.","protected":false},"author":1,"featured_media":118236,"comment_status":"open","ping_status":"closed","sticky":false,"template":"","format":"standard","meta":{"csco_display_header_overlay":false,"csco_singular_sidebar":"default","csco_page_header_type":"default","csco_page_load_nextpost":"default","csco_post_video_location":[],"csco_post_video_location_hash":"","csco_post_video_url":"","csco_post_video_bg_start_time":0,"csco_post_video_bg_end_time":0,"csco_post_video_bg_volume":false,"_jetpack_memberships_contains_paid_content":false,"footnotes":""},"categories":[1577,735],"tags":[710,55,711,311,297,184],"class_list":{"0":"post-12225","1":"post","2":"type-post","3":"status-publish","4":"format-standard","5":"has-post-thumbnail","7":"category-padres","8":"category-pedagogia","9":"tag-10-conductas","10":"tag-educacion","11":"tag-entorpecen","12":"tag-hijos","13":"tag-ninos","14":"tag-padres","15":"cs-entry","16":"cs-video-wrap"},"yoast_head":"<!-- This site is optimized with the Yoast SEO plugin v27.5 - https:\/\/yoast.com\/product\/yoast-seo-wordpress\/ -->\n<title>Las 10 conductas de los padres que entorpecen la educaci\u00f3n de los ni\u00f1os<\/title>\n<meta name=\"description\" content=\"La mayor\u00eda de los padres y madres concede mucha relevancia a los estudios de sus hijos y trata de implicarse en ellos. Pero maestros...\" \/>\n<meta name=\"robots\" content=\"index, follow, max-snippet:-1, max-image-preview:large, max-video-preview:-1\" \/>\n<link rel=\"canonical\" href=\"https:\/\/webdelmaestrocmf.com\/portal\/las-10-conductas-de-los-padres-que-entorpecen-la-educacion-de-los-ninos\/\" \/>\n<meta property=\"og:locale\" content=\"es_ES\" \/>\n<meta property=\"og:type\" content=\"article\" \/>\n<meta property=\"og:title\" content=\"Las 10 conductas de los padres que entorpecen la educaci\u00f3n de los ni\u00f1os\" \/>\n<meta property=\"og:description\" content=\"La mayor\u00eda de los padres y madres concede mucha relevancia a los estudios de sus hijos y trata de implicarse en ellos. Pero maestros...\" \/>\n<meta property=\"og:url\" content=\"https:\/\/webdelmaestrocmf.com\/portal\/las-10-conductas-de-los-padres-que-entorpecen-la-educacion-de-los-ninos\/\" \/>\n<meta property=\"og:site_name\" content=\"Web del Maestro CMF\" \/>\n<meta property=\"article:publisher\" content=\"https:\/\/www.facebook.com\/WebdelMaestroCMF\/\" \/>\n<meta property=\"article:author\" content=\"https:\/\/www.facebook.com\/WebdelMaestroCMF\/\" \/>\n<meta property=\"article:published_time\" content=\"2026-04-24T00:00:00+00:00\" \/>\n<meta property=\"article:modified_time\" content=\"2026-04-27T21:16:16+00:00\" \/>\n<meta property=\"og:image\" content=\"https:\/\/webdelmaestrocmf.com\/portal\/wp-content\/uploads\/2020\/02\/1AA-Banner-1-portada-imagen-10-1-copia-8.webp\" \/>\n\t<meta property=\"og:image:width\" content=\"1200\" \/>\n\t<meta property=\"og:image:height\" content=\"675\" \/>\n\t<meta property=\"og:image:type\" content=\"image\/webp\" \/>\n<meta name=\"author\" content=\"Web del Maestro CMF\" \/>\n<meta name=\"twitter:card\" content=\"summary_large_image\" \/>\n<meta name=\"twitter:creator\" content=\"@cmf_w\" \/>\n<meta name=\"twitter:site\" content=\"@cmf_w\" \/>\n<script type=\"application\/ld+json\" class=\"yoast-schema-graph\">{\"@context\":\"https:\\\/\\\/schema.org\",\"@graph\":[{\"@type\":\"ScholarlyArticle\",\"@id\":\"https:\\\/\\\/webdelmaestrocmf.com\\\/portal\\\/las-10-conductas-de-los-padres-que-entorpecen-la-educacion-de-los-ninos\\\/#article\",\"isPartOf\":{\"@id\":\"https:\\\/\\\/webdelmaestrocmf.com\\\/portal\\\/las-10-conductas-de-los-padres-que-entorpecen-la-educacion-de-los-ninos\\\/\"},\"author\":{\"name\":\"Web del Maestro CMF\",\"@id\":\"https:\\\/\\\/webdelmaestrocmf.com\\\/portal\\\/#\\\/schema\\\/person\\\/1072a2ed7bd960df8ef99a551fa35dc5\"},\"headline\":\"Las 10 conductas de los padres que entorpecen la educaci\u00f3n de los ni\u00f1os\",\"datePublished\":\"2026-04-24T00:00:00+00:00\",\"dateModified\":\"2026-04-27T21:16:16+00:00\",\"mainEntityOfPage\":{\"@id\":\"https:\\\/\\\/webdelmaestrocmf.com\\\/portal\\\/las-10-conductas-de-los-padres-que-entorpecen-la-educacion-de-los-ninos\\\/\"},\"wordCount\":1778,\"commentCount\":0,\"publisher\":{\"@id\":\"https:\\\/\\\/webdelmaestrocmf.com\\\/portal\\\/#organization\"},\"image\":{\"@id\":\"https:\\\/\\\/webdelmaestrocmf.com\\\/portal\\\/las-10-conductas-de-los-padres-que-entorpecen-la-educacion-de-los-ninos\\\/#primaryimage\"},\"thumbnailUrl\":\"https:\\\/\\\/webdelmaestrocmf.com\\\/portal\\\/wp-content\\\/uploads\\\/2020\\\/02\\\/1AA-Banner-1-portada-imagen-10-1-copia-8.webp\",\"keywords\":[\"10 CONDUCTAS\",\"EDUCACI\u00d3N\",\"ENTORPECEN\",\"hijos\",\"Ni\u00f1os\",\"padres\"],\"articleSection\":[\"Padres\",\"Recursos\"],\"inLanguage\":\"es\",\"potentialAction\":[{\"@type\":\"CommentAction\",\"name\":\"Comment\",\"target\":[\"https:\\\/\\\/webdelmaestrocmf.com\\\/portal\\\/las-10-conductas-de-los-padres-que-entorpecen-la-educacion-de-los-ninos\\\/#respond\"]}]},{\"@type\":\"WebPage\",\"@id\":\"https:\\\/\\\/webdelmaestrocmf.com\\\/portal\\\/las-10-conductas-de-los-padres-que-entorpecen-la-educacion-de-los-ninos\\\/\",\"url\":\"https:\\\/\\\/webdelmaestrocmf.com\\\/portal\\\/las-10-conductas-de-los-padres-que-entorpecen-la-educacion-de-los-ninos\\\/\",\"name\":\"Las 10 conductas de los padres que entorpecen la educaci\u00f3n de los ni\u00f1os\",\"isPartOf\":{\"@id\":\"https:\\\/\\\/webdelmaestrocmf.com\\\/portal\\\/#website\"},\"primaryImageOfPage\":{\"@id\":\"https:\\\/\\\/webdelmaestrocmf.com\\\/portal\\\/las-10-conductas-de-los-padres-que-entorpecen-la-educacion-de-los-ninos\\\/#primaryimage\"},\"image\":{\"@id\":\"https:\\\/\\\/webdelmaestrocmf.com\\\/portal\\\/las-10-conductas-de-los-padres-que-entorpecen-la-educacion-de-los-ninos\\\/#primaryimage\"},\"thumbnailUrl\":\"https:\\\/\\\/webdelmaestrocmf.com\\\/portal\\\/wp-content\\\/uploads\\\/2020\\\/02\\\/1AA-Banner-1-portada-imagen-10-1-copia-8.webp\",\"datePublished\":\"2026-04-24T00:00:00+00:00\",\"dateModified\":\"2026-04-27T21:16:16+00:00\",\"description\":\"La mayor\u00eda de los padres y madres concede mucha relevancia a los estudios de sus hijos y trata de implicarse en ellos. Pero maestros...\",\"breadcrumb\":{\"@id\":\"https:\\\/\\\/webdelmaestrocmf.com\\\/portal\\\/las-10-conductas-de-los-padres-que-entorpecen-la-educacion-de-los-ninos\\\/#breadcrumb\"},\"inLanguage\":\"es\",\"potentialAction\":[{\"@type\":\"ReadAction\",\"target\":[\"https:\\\/\\\/webdelmaestrocmf.com\\\/portal\\\/las-10-conductas-de-los-padres-que-entorpecen-la-educacion-de-los-ninos\\\/\"]}]},{\"@type\":\"ImageObject\",\"inLanguage\":\"es\",\"@id\":\"https:\\\/\\\/webdelmaestrocmf.com\\\/portal\\\/las-10-conductas-de-los-padres-que-entorpecen-la-educacion-de-los-ninos\\\/#primaryimage\",\"url\":\"https:\\\/\\\/webdelmaestrocmf.com\\\/portal\\\/wp-content\\\/uploads\\\/2020\\\/02\\\/1AA-Banner-1-portada-imagen-10-1-copia-8.webp\",\"contentUrl\":\"https:\\\/\\\/webdelmaestrocmf.com\\\/portal\\\/wp-content\\\/uploads\\\/2020\\\/02\\\/1AA-Banner-1-portada-imagen-10-1-copia-8.webp\",\"width\":1200,\"height\":675},{\"@type\":\"BreadcrumbList\",\"@id\":\"https:\\\/\\\/webdelmaestrocmf.com\\\/portal\\\/las-10-conductas-de-los-padres-que-entorpecen-la-educacion-de-los-ninos\\\/#breadcrumb\",\"itemListElement\":[{\"@type\":\"ListItem\",\"position\":1,\"name\":\"Portada\",\"item\":\"https:\\\/\\\/webdelmaestrocmf.com\\\/portal\\\/\"},{\"@type\":\"ListItem\",\"position\":2,\"name\":\"Recursos\",\"item\":\"https:\\\/\\\/webdelmaestrocmf.com\\\/portal\\\/category\\\/pedagogia\\\/\"},{\"@type\":\"ListItem\",\"position\":3,\"name\":\"Las 10 conductas de los padres que entorpecen la educaci\u00f3n de los ni\u00f1os\"}]},{\"@type\":\"WebSite\",\"@id\":\"https:\\\/\\\/webdelmaestrocmf.com\\\/portal\\\/#website\",\"url\":\"https:\\\/\\\/webdelmaestrocmf.com\\\/portal\\\/\",\"name\":\"Web del Maestro CMF\",\"description\":\"Maestros al servicio de la educaci\u00f3n\",\"publisher\":{\"@id\":\"https:\\\/\\\/webdelmaestrocmf.com\\\/portal\\\/#organization\"},\"alternateName\":\"WMCMF\",\"potentialAction\":[{\"@type\":\"SearchAction\",\"target\":{\"@type\":\"EntryPoint\",\"urlTemplate\":\"https:\\\/\\\/webdelmaestrocmf.com\\\/portal\\\/?s={search_term_string}\"},\"query-input\":{\"@type\":\"PropertyValueSpecification\",\"valueRequired\":true,\"valueName\":\"search_term_string\"}}],\"inLanguage\":\"es\"},{\"@type\":\"Organization\",\"@id\":\"https:\\\/\\\/webdelmaestrocmf.com\\\/portal\\\/#organization\",\"name\":\"Web del Maestro CMF\",\"alternateName\":\"WMCMF\",\"url\":\"https:\\\/\\\/webdelmaestrocmf.com\\\/portal\\\/\",\"logo\":{\"@type\":\"ImageObject\",\"inLanguage\":\"es\",\"@id\":\"https:\\\/\\\/webdelmaestrocmf.com\\\/portal\\\/#\\\/schema\\\/logo\\\/image\\\/\",\"url\":\"https:\\\/\\\/webdelmaestrocmf.com\\\/portal\\\/wp-content\\\/uploads\\\/2023\\\/01\\\/logo-wmcmf-2.png\",\"contentUrl\":\"https:\\\/\\\/webdelmaestrocmf.com\\\/portal\\\/wp-content\\\/uploads\\\/2023\\\/01\\\/logo-wmcmf-2.png\",\"width\":200,\"height\":60,\"caption\":\"Web del Maestro CMF\"},\"image\":{\"@id\":\"https:\\\/\\\/webdelmaestrocmf.com\\\/portal\\\/#\\\/schema\\\/logo\\\/image\\\/\"},\"sameAs\":[\"https:\\\/\\\/www.facebook.com\\\/WebdelMaestroCMF\\\/\",\"https:\\\/\\\/x.com\\\/cmf_w\",\"https:\\\/\\\/www.pinterest.com\\\/WMCMF\\\/\",\"https:\\\/\\\/www.linkedin.com\\\/company\\\/web-del-maestro-cmf\\\/\",\"https:\\\/\\\/www.instagram.com\\\/wmcmf\\\/\",\"https:\\\/\\\/www.youtube.com\\\/channel\\\/UCDPSvjbdodE5sHnC3OxutHw\",\"https:\\\/\\\/mastodon.social\\\/@wmcmf\",\"https:\\\/\\\/www.tiktok.com\\\/@webdelmaestrocmf\"]},{\"@type\":\"Person\",\"@id\":\"https:\\\/\\\/webdelmaestrocmf.com\\\/portal\\\/#\\\/schema\\\/person\\\/1072a2ed7bd960df8ef99a551fa35dc5\",\"name\":\"Web del Maestro CMF\",\"image\":{\"@type\":\"ImageObject\",\"inLanguage\":\"es\",\"@id\":\"https:\\\/\\\/secure.gravatar.com\\\/avatar\\\/23291dd5b5ae1077dcff3dbb04c3e02bd28403fa75af6d8787d5e97c5bbbe30b?s=96&d=mm&r=g\",\"url\":\"https:\\\/\\\/secure.gravatar.com\\\/avatar\\\/23291dd5b5ae1077dcff3dbb04c3e02bd28403fa75af6d8787d5e97c5bbbe30b?s=96&d=mm&r=g\",\"contentUrl\":\"https:\\\/\\\/secure.gravatar.com\\\/avatar\\\/23291dd5b5ae1077dcff3dbb04c3e02bd28403fa75af6d8787d5e97c5bbbe30b?s=96&d=mm&r=g\",\"caption\":\"Web del Maestro CMF\"},\"description\":\"Esta Web se cre\u00f3 sin fines de lucro, con fines educativos, cient\u00edficos y acad\u00e9micos, para personas que tengan dificultades y\\\/o inconvenientes en visualizar el material original. El objetivo es entregar recursos, compartir experiencias y materiales que ayuden a los padres de familia, maestros y estudiantes en su actualizaci\u00f3n y formaci\u00f3n permanente, en bien de la Educaci\u00f3n.\",\"sameAs\":[\"http:\\\/\\\/webdelmaestrocmf.com\\\/portal\",\"https:\\\/\\\/www.facebook.com\\\/WebdelMaestroCMF\\\/\",\"https:\\\/\\\/www.instagram.com\\\/wmcmf\\\/\",\"https:\\\/\\\/cl.linkedin.com\\\/company\\\/web-del-maestro-cmf\",\"https:\\\/\\\/www.pinterest.com\\\/WMCMF\\\/publicaciones\\\/\",\"https:\\\/\\\/x.com\\\/cmf_w\",\"https:\\\/\\\/www.youtube.com\\\/@WMCMF\"]}]}<\/script>\n<!-- \/ Yoast SEO plugin. -->","yoast_head_json":{"title":"Las 10 conductas de los padres que entorpecen la educaci\u00f3n de los ni\u00f1os","description":"La mayor\u00eda de los padres y madres concede mucha relevancia a los estudios de sus hijos y trata de implicarse en ellos. Pero maestros...","robots":{"index":"index","follow":"follow","max-snippet":"max-snippet:-1","max-image-preview":"max-image-preview:large","max-video-preview":"max-video-preview:-1"},"canonical":"https:\/\/webdelmaestrocmf.com\/portal\/las-10-conductas-de-los-padres-que-entorpecen-la-educacion-de-los-ninos\/","og_locale":"es_ES","og_type":"article","og_title":"Las 10 conductas de los padres que entorpecen la educaci\u00f3n de los ni\u00f1os","og_description":"La mayor\u00eda de los padres y madres concede mucha relevancia a los estudios de sus hijos y trata de implicarse en ellos. Pero maestros...","og_url":"https:\/\/webdelmaestrocmf.com\/portal\/las-10-conductas-de-los-padres-que-entorpecen-la-educacion-de-los-ninos\/","og_site_name":"Web del Maestro CMF","article_publisher":"https:\/\/www.facebook.com\/WebdelMaestroCMF\/","article_author":"https:\/\/www.facebook.com\/WebdelMaestroCMF\/","article_published_time":"2026-04-24T00:00:00+00:00","article_modified_time":"2026-04-27T21:16:16+00:00","og_image":[{"width":1200,"height":675,"url":"https:\/\/webdelmaestrocmf.com\/portal\/wp-content\/uploads\/2020\/02\/1AA-Banner-1-portada-imagen-10-1-copia-8.webp","type":"image\/webp"}],"author":"Web del Maestro CMF","twitter_card":"summary_large_image","twitter_creator":"@cmf_w","twitter_site":"@cmf_w","schema":{"@context":"https:\/\/schema.org","@graph":[{"@type":"ScholarlyArticle","@id":"https:\/\/webdelmaestrocmf.com\/portal\/las-10-conductas-de-los-padres-que-entorpecen-la-educacion-de-los-ninos\/#article","isPartOf":{"@id":"https:\/\/webdelmaestrocmf.com\/portal\/las-10-conductas-de-los-padres-que-entorpecen-la-educacion-de-los-ninos\/"},"author":{"name":"Web del Maestro CMF","@id":"https:\/\/webdelmaestrocmf.com\/portal\/#\/schema\/person\/1072a2ed7bd960df8ef99a551fa35dc5"},"headline":"Las 10 conductas de los padres que entorpecen la educaci\u00f3n de los ni\u00f1os","datePublished":"2026-04-24T00:00:00+00:00","dateModified":"2026-04-27T21:16:16+00:00","mainEntityOfPage":{"@id":"https:\/\/webdelmaestrocmf.com\/portal\/las-10-conductas-de-los-padres-que-entorpecen-la-educacion-de-los-ninos\/"},"wordCount":1778,"commentCount":0,"publisher":{"@id":"https:\/\/webdelmaestrocmf.com\/portal\/#organization"},"image":{"@id":"https:\/\/webdelmaestrocmf.com\/portal\/las-10-conductas-de-los-padres-que-entorpecen-la-educacion-de-los-ninos\/#primaryimage"},"thumbnailUrl":"https:\/\/webdelmaestrocmf.com\/portal\/wp-content\/uploads\/2020\/02\/1AA-Banner-1-portada-imagen-10-1-copia-8.webp","keywords":["10 CONDUCTAS","EDUCACI\u00d3N","ENTORPECEN","hijos","Ni\u00f1os","padres"],"articleSection":["Padres","Recursos"],"inLanguage":"es","potentialAction":[{"@type":"CommentAction","name":"Comment","target":["https:\/\/webdelmaestrocmf.com\/portal\/las-10-conductas-de-los-padres-que-entorpecen-la-educacion-de-los-ninos\/#respond"]}]},{"@type":"WebPage","@id":"https:\/\/webdelmaestrocmf.com\/portal\/las-10-conductas-de-los-padres-que-entorpecen-la-educacion-de-los-ninos\/","url":"https:\/\/webdelmaestrocmf.com\/portal\/las-10-conductas-de-los-padres-que-entorpecen-la-educacion-de-los-ninos\/","name":"Las 10 conductas de los padres que entorpecen la educaci\u00f3n de los ni\u00f1os","isPartOf":{"@id":"https:\/\/webdelmaestrocmf.com\/portal\/#website"},"primaryImageOfPage":{"@id":"https:\/\/webdelmaestrocmf.com\/portal\/las-10-conductas-de-los-padres-que-entorpecen-la-educacion-de-los-ninos\/#primaryimage"},"image":{"@id":"https:\/\/webdelmaestrocmf.com\/portal\/las-10-conductas-de-los-padres-que-entorpecen-la-educacion-de-los-ninos\/#primaryimage"},"thumbnailUrl":"https:\/\/webdelmaestrocmf.com\/portal\/wp-content\/uploads\/2020\/02\/1AA-Banner-1-portada-imagen-10-1-copia-8.webp","datePublished":"2026-04-24T00:00:00+00:00","dateModified":"2026-04-27T21:16:16+00:00","description":"La mayor\u00eda de los padres y madres concede mucha relevancia a los estudios de sus hijos y trata de implicarse en ellos. Pero maestros...","breadcrumb":{"@id":"https:\/\/webdelmaestrocmf.com\/portal\/las-10-conductas-de-los-padres-que-entorpecen-la-educacion-de-los-ninos\/#breadcrumb"},"inLanguage":"es","potentialAction":[{"@type":"ReadAction","target":["https:\/\/webdelmaestrocmf.com\/portal\/las-10-conductas-de-los-padres-que-entorpecen-la-educacion-de-los-ninos\/"]}]},{"@type":"ImageObject","inLanguage":"es","@id":"https:\/\/webdelmaestrocmf.com\/portal\/las-10-conductas-de-los-padres-que-entorpecen-la-educacion-de-los-ninos\/#primaryimage","url":"https:\/\/webdelmaestrocmf.com\/portal\/wp-content\/uploads\/2020\/02\/1AA-Banner-1-portada-imagen-10-1-copia-8.webp","contentUrl":"https:\/\/webdelmaestrocmf.com\/portal\/wp-content\/uploads\/2020\/02\/1AA-Banner-1-portada-imagen-10-1-copia-8.webp","width":1200,"height":675},{"@type":"BreadcrumbList","@id":"https:\/\/webdelmaestrocmf.com\/portal\/las-10-conductas-de-los-padres-que-entorpecen-la-educacion-de-los-ninos\/#breadcrumb","itemListElement":[{"@type":"ListItem","position":1,"name":"Portada","item":"https:\/\/webdelmaestrocmf.com\/portal\/"},{"@type":"ListItem","position":2,"name":"Recursos","item":"https:\/\/webdelmaestrocmf.com\/portal\/category\/pedagogia\/"},{"@type":"ListItem","position":3,"name":"Las 10 conductas de los padres que entorpecen la educaci\u00f3n de los ni\u00f1os"}]},{"@type":"WebSite","@id":"https:\/\/webdelmaestrocmf.com\/portal\/#website","url":"https:\/\/webdelmaestrocmf.com\/portal\/","name":"Web del Maestro CMF","description":"Maestros al servicio de la educaci\u00f3n","publisher":{"@id":"https:\/\/webdelmaestrocmf.com\/portal\/#organization"},"alternateName":"WMCMF","potentialAction":[{"@type":"SearchAction","target":{"@type":"EntryPoint","urlTemplate":"https:\/\/webdelmaestrocmf.com\/portal\/?s={search_term_string}"},"query-input":{"@type":"PropertyValueSpecification","valueRequired":true,"valueName":"search_term_string"}}],"inLanguage":"es"},{"@type":"Organization","@id":"https:\/\/webdelmaestrocmf.com\/portal\/#organization","name":"Web del Maestro CMF","alternateName":"WMCMF","url":"https:\/\/webdelmaestrocmf.com\/portal\/","logo":{"@type":"ImageObject","inLanguage":"es","@id":"https:\/\/webdelmaestrocmf.com\/portal\/#\/schema\/logo\/image\/","url":"https:\/\/webdelmaestrocmf.com\/portal\/wp-content\/uploads\/2023\/01\/logo-wmcmf-2.png","contentUrl":"https:\/\/webdelmaestrocmf.com\/portal\/wp-content\/uploads\/2023\/01\/logo-wmcmf-2.png","width":200,"height":60,"caption":"Web del Maestro CMF"},"image":{"@id":"https:\/\/webdelmaestrocmf.com\/portal\/#\/schema\/logo\/image\/"},"sameAs":["https:\/\/www.facebook.com\/WebdelMaestroCMF\/","https:\/\/x.com\/cmf_w","https:\/\/www.pinterest.com\/WMCMF\/","https:\/\/www.linkedin.com\/company\/web-del-maestro-cmf\/","https:\/\/www.instagram.com\/wmcmf\/","https:\/\/www.youtube.com\/channel\/UCDPSvjbdodE5sHnC3OxutHw","https:\/\/mastodon.social\/@wmcmf","https:\/\/www.tiktok.com\/@webdelmaestrocmf"]},{"@type":"Person","@id":"https:\/\/webdelmaestrocmf.com\/portal\/#\/schema\/person\/1072a2ed7bd960df8ef99a551fa35dc5","name":"Web del Maestro CMF","image":{"@type":"ImageObject","inLanguage":"es","@id":"https:\/\/secure.gravatar.com\/avatar\/23291dd5b5ae1077dcff3dbb04c3e02bd28403fa75af6d8787d5e97c5bbbe30b?s=96&d=mm&r=g","url":"https:\/\/secure.gravatar.com\/avatar\/23291dd5b5ae1077dcff3dbb04c3e02bd28403fa75af6d8787d5e97c5bbbe30b?s=96&d=mm&r=g","contentUrl":"https:\/\/secure.gravatar.com\/avatar\/23291dd5b5ae1077dcff3dbb04c3e02bd28403fa75af6d8787d5e97c5bbbe30b?s=96&d=mm&r=g","caption":"Web del Maestro CMF"},"description":"Esta Web se cre\u00f3 sin fines de lucro, con fines educativos, cient\u00edficos y acad\u00e9micos, para personas que tengan dificultades y\/o inconvenientes en visualizar el material original. El objetivo es entregar recursos, compartir experiencias y materiales que ayuden a los padres de familia, maestros y estudiantes en su actualizaci\u00f3n y formaci\u00f3n permanente, en bien de la Educaci\u00f3n.","sameAs":["http:\/\/webdelmaestrocmf.com\/portal","https:\/\/www.facebook.com\/WebdelMaestroCMF\/","https:\/\/www.instagram.com\/wmcmf\/","https:\/\/cl.linkedin.com\/company\/web-del-maestro-cmf","https:\/\/www.pinterest.com\/WMCMF\/publicaciones\/","https:\/\/x.com\/cmf_w","https:\/\/www.youtube.com\/@WMCMF"]}]}},"jetpack_featured_media_url":"https:\/\/webdelmaestrocmf.com\/portal\/wp-content\/uploads\/2020\/02\/1AA-Banner-1-portada-imagen-10-1-copia-8.webp","jetpack_sharing_enabled":true,"jetpack-related-posts":[{"id":116473,"url":"https:\/\/webdelmaestrocmf.com\/portal\/maestra-llama-la-atencion-a-los-padres-y-les-dice-esperas-que-el-maestro-de-el-100-por-tu-hijo-entonces-da-tu-tambien-el-100-como-padre\/","url_meta":{"origin":12225,"position":0},"title":"Maestra llama la atenci\u00f3n a los padres y les dice: \u00bfEsperas que el maestro d\u00e9 el 100% por tu hijo? Entonces da t\u00fa tambi\u00e9n el 100% como padre","author":"Web del Maestro CMF","date":"14 marzo, 2026","format":false,"excerpt":"Una maestra advierte que la educaci\u00f3n requiere compromiso real de los padres. Sin participaci\u00f3n familiar, reuniones atendidas y acompa\u00f1amiento en casa, el trabajo docente se debilita y quienes terminan perjudicados son los estudiantes.","rel":"","context":"En \u00abNoticias Internacionales\u00bb","block_context":{"text":"Noticias Internacionales","link":"https:\/\/webdelmaestrocmf.com\/portal\/category\/noticias-internacionales\/"},"img":{"alt_text":"","src":"https:\/\/i0.wp.com\/webdelmaestrocmf.com\/portal\/wp-content\/uploads\/2026\/03\/image-1.png?resize=350%2C200&ssl=1","width":350,"height":200,"srcset":"https:\/\/i0.wp.com\/webdelmaestrocmf.com\/portal\/wp-content\/uploads\/2026\/03\/image-1.png?resize=350%2C200&ssl=1 1x, https:\/\/i0.wp.com\/webdelmaestrocmf.com\/portal\/wp-content\/uploads\/2026\/03\/image-1.png?resize=525%2C300&ssl=1 1.5x"},"classes":[]},{"id":20997,"url":"https:\/\/webdelmaestrocmf.com\/portal\/obligaciones-de-los-padres-en-la-educacion-de-sus-hijos\/","url_meta":{"origin":12225,"position":1},"title":"Obligaciones y responsabilidades de los padres con sus hijos","author":"Web del Maestro CMF","date":"5 marzo, 2024","format":false,"excerpt":"El \u00e9xito escolar depende del compromiso familiar, apoyo y comunicaci\u00f3n con la escuela, formando ni\u00f1os aut\u00f3nomos, responsables y de enfrentar retos mediante valores, disciplina, afecto y h\u00e1bitos de aprendizaje s\u00f3lidos.","rel":"","context":"En \u00abLas m\u00e1s vistas\u00bb","block_context":{"text":"Las m\u00e1s vistas","link":"https:\/\/webdelmaestrocmf.com\/portal\/category\/pedagogia\/visitadas\/"},"img":{"alt_text":"Obligaciones y responsabilidades de los padres","src":"https:\/\/i0.wp.com\/webdelmaestrocmf.com\/portal\/wp-content\/uploads\/2021\/06\/A-cuadrado-nuevo-ffonso-9.jpg?resize=350%2C200&ssl=1","width":350,"height":200,"srcset":"https:\/\/i0.wp.com\/webdelmaestrocmf.com\/portal\/wp-content\/uploads\/2021\/06\/A-cuadrado-nuevo-ffonso-9.jpg?resize=350%2C200&ssl=1 1x, https:\/\/i0.wp.com\/webdelmaestrocmf.com\/portal\/wp-content\/uploads\/2021\/06\/A-cuadrado-nuevo-ffonso-9.jpg?resize=525%2C300&ssl=1 1.5x, https:\/\/i0.wp.com\/webdelmaestrocmf.com\/portal\/wp-content\/uploads\/2021\/06\/A-cuadrado-nuevo-ffonso-9.jpg?resize=700%2C400&ssl=1 2x"},"classes":[]},{"id":117866,"url":"https:\/\/webdelmaestrocmf.com\/portal\/padre-de-familia-escribe-una-polemica-carta-al-profesor-de-su-hijo-la-educacion-de-mi-hijo-es-su-trabajo\/","url_meta":{"origin":12225,"position":2},"title":"Padre de familia escribe una pol\u00e9mica carta al profesor de su hijo: \u201cLa educaci\u00f3n de mi hijo es su trabajo\u201d","author":"Web del Maestro CMF","date":"16 abril, 2026","format":false,"excerpt":"La educaci\u00f3n no es responsabilidad exclusiva del docente. Sin el compromiso de la familia, el aprendizaje se debilita. Educar exige corresponsabilidad, respeto mutuo y una alianza s\u00f3lida entre hogar y escuela.","rel":"","context":"En \u00abNoticias Internacionales\u00bb","block_context":{"text":"Noticias Internacionales","link":"https:\/\/webdelmaestrocmf.com\/portal\/category\/noticias-internacionales\/"},"img":{"alt_text":"","src":"https:\/\/i0.wp.com\/webdelmaestrocmf.com\/portal\/wp-content\/uploads\/2026\/04\/1AA-Banner-1-portada-imagen-10-1-copia-24.webp?resize=350%2C200&ssl=1","width":350,"height":200,"srcset":"https:\/\/i0.wp.com\/webdelmaestrocmf.com\/portal\/wp-content\/uploads\/2026\/04\/1AA-Banner-1-portada-imagen-10-1-copia-24.webp?resize=350%2C200&ssl=1 1x, https:\/\/i0.wp.com\/webdelmaestrocmf.com\/portal\/wp-content\/uploads\/2026\/04\/1AA-Banner-1-portada-imagen-10-1-copia-24.webp?resize=525%2C300&ssl=1 1.5x, https:\/\/i0.wp.com\/webdelmaestrocmf.com\/portal\/wp-content\/uploads\/2026\/04\/1AA-Banner-1-portada-imagen-10-1-copia-24.webp?resize=700%2C400&ssl=1 2x, https:\/\/i0.wp.com\/webdelmaestrocmf.com\/portal\/wp-content\/uploads\/2026\/04\/1AA-Banner-1-portada-imagen-10-1-copia-24.webp?resize=1050%2C600&ssl=1 3x"},"classes":[]},{"id":112270,"url":"https:\/\/webdelmaestrocmf.com\/portal\/padres-con-el-sindrome-de-dona-florinda-cuando-defender-de-mas-perjudica\/","url_meta":{"origin":12225,"position":3},"title":"Padres con el \u201cs\u00edndrome de Do\u00f1a Florinda\u201d: se refiere a aquellos padres que defienden ciegamente a sus hijos y descalifican a cualquiera que los corrija","author":"Web del Maestro CMF","date":"23 septiembre, 2025","format":false,"excerpt":"El \u201cs\u00edndrome de Do\u00f1a Florinda\u201d refleja la sobreprotecci\u00f3n y el desprecio social que debilitan la autoridad docente y la educaci\u00f3n responsable.","rel":"","context":"En \u00abPadres\u00bb","block_context":{"text":"Padres","link":"https:\/\/webdelmaestrocmf.com\/portal\/category\/pedagogia\/padres\/"},"img":{"alt_text":"","src":"https:\/\/i0.wp.com\/webdelmaestrocmf.com\/portal\/wp-content\/uploads\/2025\/09\/1AA-Banner-1-portada-imagen-10-1-copia-2.webp?resize=350%2C200&ssl=1","width":350,"height":200,"srcset":"https:\/\/i0.wp.com\/webdelmaestrocmf.com\/portal\/wp-content\/uploads\/2025\/09\/1AA-Banner-1-portada-imagen-10-1-copia-2.webp?resize=350%2C200&ssl=1 1x, https:\/\/i0.wp.com\/webdelmaestrocmf.com\/portal\/wp-content\/uploads\/2025\/09\/1AA-Banner-1-portada-imagen-10-1-copia-2.webp?resize=525%2C300&ssl=1 1.5x, https:\/\/i0.wp.com\/webdelmaestrocmf.com\/portal\/wp-content\/uploads\/2025\/09\/1AA-Banner-1-portada-imagen-10-1-copia-2.webp?resize=700%2C400&ssl=1 2x, https:\/\/i0.wp.com\/webdelmaestrocmf.com\/portal\/wp-content\/uploads\/2025\/09\/1AA-Banner-1-portada-imagen-10-1-copia-2.webp?resize=1050%2C600&ssl=1 3x"},"classes":[]},{"id":108627,"url":"https:\/\/webdelmaestrocmf.com\/portal\/justicia-o-castigo-un-conflicto-entre-familia-y-colegio-reabre-el-debate-sobre-los-limites-de-la-disciplina-escolar\/","url_meta":{"origin":12225,"position":4},"title":"Castigan a alumna con limpiar el colegio por contestar mal a un profesor y sus padres estallan","author":"Web del Maestro CMF","date":"3 abril, 2025","format":false,"excerpt":"Una menor fue expulsada de su colegio luego de que sus padres se negaran a que cumpliera un castigo impuesto por responder mal a un profesor.","rel":"","context":"En \u00abNoticias Internacionales\u00bb","block_context":{"text":"Noticias Internacionales","link":"https:\/\/webdelmaestrocmf.com\/portal\/category\/noticias-internacionales\/"},"img":{"alt_text":"","src":"https:\/\/i0.wp.com\/webdelmaestrocmf.com\/portal\/wp-content\/uploads\/2025\/04\/1-1.jpg?resize=350%2C200&ssl=1","width":350,"height":200,"srcset":"https:\/\/i0.wp.com\/webdelmaestrocmf.com\/portal\/wp-content\/uploads\/2025\/04\/1-1.jpg?resize=350%2C200&ssl=1 1x, https:\/\/i0.wp.com\/webdelmaestrocmf.com\/portal\/wp-content\/uploads\/2025\/04\/1-1.jpg?resize=525%2C300&ssl=1 1.5x, https:\/\/i0.wp.com\/webdelmaestrocmf.com\/portal\/wp-content\/uploads\/2025\/04\/1-1.jpg?resize=700%2C400&ssl=1 2x, https:\/\/i0.wp.com\/webdelmaestrocmf.com\/portal\/wp-content\/uploads\/2025\/04\/1-1.jpg?resize=1050%2C600&ssl=1 3x"},"classes":[]},{"id":78920,"url":"https:\/\/webdelmaestrocmf.com\/portal\/consejos-para-apoyar-los-cambios-de-la-pubertad-y-adolescencia\/","url_meta":{"origin":12225,"position":5},"title":"Consejos para apoyar los cambios de la pubertad y adolescencia","author":"Web del Maestro CMF","date":"28 julio, 2022","format":false,"excerpt":"Cuando un ni\u00f1o est\u00e1 creciendo y pasa por la adolescencia, presenta cambios que est\u00e1n acompa\u00f1ados de ajustes en su comportamiento, en sus emociones y tambi\u00e9n en su conducta, a veces mezclan actitudes infantiles y juveniles, y como padres es importantes detectar estos cambios. Con la llegada de la preadolescencia y\u2026","rel":"","context":"En \u00abEducaci\u00f3n y Familia\u00bb","block_context":{"text":"Educaci\u00f3n y Familia","link":"https:\/\/webdelmaestrocmf.com\/portal\/category\/pedagogia\/educacion-y-familia\/"},"img":{"alt_text":"desarrollo","src":"https:\/\/i0.wp.com\/webdelmaestrocmf.com\/portal\/wp-content\/uploads\/2022\/07\/maxresdefault.jpg?resize=350%2C200&ssl=1","width":350,"height":200,"srcset":"https:\/\/i0.wp.com\/webdelmaestrocmf.com\/portal\/wp-content\/uploads\/2022\/07\/maxresdefault.jpg?resize=350%2C200&ssl=1 1x, https:\/\/i0.wp.com\/webdelmaestrocmf.com\/portal\/wp-content\/uploads\/2022\/07\/maxresdefault.jpg?resize=525%2C300&ssl=1 1.5x, https:\/\/i0.wp.com\/webdelmaestrocmf.com\/portal\/wp-content\/uploads\/2022\/07\/maxresdefault.jpg?resize=700%2C400&ssl=1 2x"},"classes":[]}],"_links":{"self":[{"href":"https:\/\/webdelmaestrocmf.com\/portal\/wp-json\/wp\/v2\/posts\/12225","targetHints":{"allow":["GET"]}}],"collection":[{"href":"https:\/\/webdelmaestrocmf.com\/portal\/wp-json\/wp\/v2\/posts"}],"about":[{"href":"https:\/\/webdelmaestrocmf.com\/portal\/wp-json\/wp\/v2\/types\/post"}],"author":[{"embeddable":true,"href":"https:\/\/webdelmaestrocmf.com\/portal\/wp-json\/wp\/v2\/users\/1"}],"replies":[{"embeddable":true,"href":"https:\/\/webdelmaestrocmf.com\/portal\/wp-json\/wp\/v2\/comments?post=12225"}],"version-history":[{"count":2,"href":"https:\/\/webdelmaestrocmf.com\/portal\/wp-json\/wp\/v2\/posts\/12225\/revisions"}],"predecessor-version":[{"id":118239,"href":"https:\/\/webdelmaestrocmf.com\/portal\/wp-json\/wp\/v2\/posts\/12225\/revisions\/118239"}],"wp:featuredmedia":[{"embeddable":true,"href":"https:\/\/webdelmaestrocmf.com\/portal\/wp-json\/wp\/v2\/media\/118236"}],"wp:attachment":[{"href":"https:\/\/webdelmaestrocmf.com\/portal\/wp-json\/wp\/v2\/media?parent=12225"}],"wp:term":[{"taxonomy":"category","embeddable":true,"href":"https:\/\/webdelmaestrocmf.com\/portal\/wp-json\/wp\/v2\/categories?post=12225"},{"taxonomy":"post_tag","embeddable":true,"href":"https:\/\/webdelmaestrocmf.com\/portal\/wp-json\/wp\/v2\/tags?post=12225"}],"curies":[{"name":"wp","href":"https:\/\/api.w.org\/{rel}","templated":true}]}}