{"id":121165,"date":"2026-09-06T13:08:31","date_gmt":"2026-09-06T16:08:31","guid":{"rendered":"https:\/\/webdelmaestrocmf.com\/portal\/?p=121165"},"modified":"2026-09-06T13:08:33","modified_gmt":"2026-09-06T16:08:33","slug":"amo-ensenar-pero-caramba-a-veces-tambien-lo-odio-el-testimonio-de-una-maestra-que-invita-a-reflexionar-sobre-el-desgaste-emocional-docente","status":"publish","type":"post","link":"https:\/\/webdelmaestrocmf.com\/portal\/amo-ensenar-pero-caramba-a-veces-tambien-lo-odio-el-testimonio-de-una-maestra-que-invita-a-reflexionar-sobre-el-desgaste-emocional-docente\/","title":{"rendered":"\u201cAmo ense\u00f1ar, pero, \u00a1caramba!, a veces tambi\u00e9n lo odio\u201d: el testimonio de una maestra que invita a reflexionar sobre el desgaste emocional docente"},"content":{"rendered":"\n<p class=\"wp-block-paragraph\">La ense\u00f1anza suele describirse desde la vocaci\u00f3n, el compromiso y la satisfacci\u00f3n de acompa\u00f1ar el crecimiento de los estudiantes. Sin embargo, detr\u00e1s de esa imagen existe otra realidad menos visible: <strong>hay jornadas en las que el cansancio, el desgaste, los problemas de convivencia y la sensaci\u00f3n de no poder conducir adecuadamente una clase pueden afectar profundamente al docente<\/strong>.<\/p>\n\n\n\n<p class=\"wp-block-paragraph\">Un testimonio compartido por una maestra de quinto grado en la comunidad r\/Teachers de Reddit pone palabras a esa experiencia. La docente recurri\u00f3 al espacio para desahogarse y encontrar solidaridad despu\u00e9s de una clase de ciencias especialmente dif\u00edcil.<\/p>\n\n\n\n<p class=\"wp-block-paragraph\">Su relato no deber\u00eda utilizarse para generalizar sobre estudiantes, escuelas o profesores. <strong>Es la experiencia particular de una docente<\/strong>, pero plantea preguntas que trascienden el caso y que merecen ser discutidas dentro de la comunidad educativa.<\/p>\n\n\n\n<h2 class=\"wp-block-heading\"><strong>Una clase que termin\u00f3 sobrepasando emocionalmente a la maestra<\/strong><\/h2>\n\n\n\n<p class=\"wp-block-paragraph\">Seg\u00fan relata en un comentario publicado en <strong>Reddit<\/strong>, durante la \u00faltima hora de la jornada sus estudiantes mostraron un comportamiento que consider\u00f3 particularmente dif\u00edcil. La situaci\u00f3n lleg\u00f3 a un punto en que permaneci\u00f3 aproximadamente quince minutos esperando que el grupo se calmara.<\/p>\n\n\n\n<figure class=\"wp-block-image size-full\"><img loading=\"lazy\" decoding=\"async\" width=\"814\" height=\"366\" src=\"https:\/\/webdelmaestrocmf.com\/portal\/wp-content\/uploads\/2026\/09\/image-1.webp\" alt=\"\" class=\"wp-image-121166\" srcset=\"https:\/\/webdelmaestrocmf.com\/portal\/wp-content\/uploads\/2026\/09\/image-1.webp 814w, https:\/\/webdelmaestrocmf.com\/portal\/wp-content\/uploads\/2026\/09\/image-1-300x135.webp 300w, https:\/\/webdelmaestrocmf.com\/portal\/wp-content\/uploads\/2026\/09\/image-1-767x345.webp 767w, https:\/\/webdelmaestrocmf.com\/portal\/wp-content\/uploads\/2026\/09\/image-1-527x237.webp 527w\" sizes=\"auto, (max-width: 814px) 100vw, 814px\" \/><\/figure>\n\n\n\n<p class=\"wp-block-paragraph\">Cuando finalmente consigui\u00f3 recuperar la atenci\u00f3n, uno de los estudiantes realiz\u00f3 un comentario que volvi\u00f3 a interrumpir el momento. La docente respondi\u00f3 hablando al grupo sobre comportamiento, expectativas y respeto.<\/p>\n\n\n\n<p class=\"wp-block-paragraph\">Pero hubo un episodio posterior que parece haber sido especialmente doloroso para ella. Despu\u00e9s de la clase, pidi\u00f3 a uno de los estudiantes que permaneciera para conversar sobre su comportamiento. De acuerdo con su testimonio, cuando le explic\u00f3 lo irrespetuosa que hab\u00eda considerado su conducta, recibi\u00f3 como respuesta:<\/p>\n\n\n\n<blockquote class=\"wp-block-quote is-layout-flow wp-block-quote-is-layout-flow\">\n<p class=\"has-text-align-center wp-block-paragraph\">\u201cNo s\u00e9 y no me importa\u201d.<\/p>\n<\/blockquote>\n\n\n\n<p class=\"wp-block-paragraph\">La frase tuvo un fuerte impacto en la maestra. <strong>No porque una respuesta de un estudiante pueda definir por s\u00ed sola una jornada educativa, sino porque lleg\u00f3 despu\u00e9s de un momento de agotamiento acumulado.<\/strong><\/p>\n\n\n\n<h2 class=\"wp-block-heading\"><strong>Tambi\u00e9n hubo estudiantes que reconocieron lo ocurrido<\/strong><\/h2>\n\n\n\n<p class=\"wp-block-paragraph\">Existe un detalle del relato que resulta importante no pasar por alto. La propia docente cuenta que <strong>cuatro estudiantes se acercaron posteriormente para abrazarla y pedirle disculpas<\/strong>.<\/p>\n\n\n\n<p class=\"wp-block-paragraph\">Este hecho introduce un matiz necesario. La clase no puede reducirse simplemente a \u201cestudiantes contra docente\u201d. Dentro del mismo grupo hubo ni\u00f1os capaces de reconocer que algo no hab\u00eda funcionado y que buscaron reparar emocionalmente la situaci\u00f3n.<\/p>\n\n\n\n<p class=\"wp-block-paragraph\">Precisamente por eso, los problemas de convivencia escolar requieren una mirada cuidadosa. <strong>No todos los estudiantes reaccionan de la misma manera ni todas las conductas dif\u00edciles tienen las mismas causas.<\/strong><\/p>\n\n\n\n<p class=\"wp-block-paragraph\">Educar implica establecer l\u00edmites y ense\u00f1ar respeto, pero tambi\u00e9n comprender qu\u00e9 hay detr\u00e1s de determinadas conductas y ofrecer oportunidades para aprender de los conflictos.<\/p>\n\n\n\n<h2 class=\"wp-block-heading\"><strong>\u201cAmo ense\u00f1ar, pero a veces tambi\u00e9n lo odio\u201d<\/strong><\/h2>\n\n\n\n<p class=\"wp-block-paragraph\">Despu\u00e9s de lo sucedido, la maestra confes\u00f3 encontrarse sola en su aula y cerca del llanto. Tambi\u00e9n expres\u00f3 preocupaci\u00f3n por aquellos estudiantes que s\u00ed se comportaban adecuadamente y que, seg\u00fan sus palabras, merec\u00edan recibir mucho m\u00e1s.<\/p>\n\n\n\n<p class=\"wp-block-paragraph\">Finalmente resumi\u00f3 su estado emocional con una expresi\u00f3n particularmente significativa:<\/p>\n\n\n\n<blockquote class=\"wp-block-quote is-layout-flow wp-block-quote-is-layout-flow\">\n<p class=\"has-text-align-center wp-block-paragraph\">\u201cAmo ense\u00f1ar, pero, \u00a1caramba!, a veces tambi\u00e9n lo odio\u201d.<\/p>\n<\/blockquote>\n\n\n\n<p class=\"wp-block-paragraph\">Puede resultar inc\u00f3moda, pero <strong>la frase muestra una contradicci\u00f3n humana que merece ser escuchada sin convertirla inmediatamente en un juicio sobre la vocaci\u00f3n profesional<\/strong>.<\/p>\n\n\n\n<p class=\"wp-block-paragraph\">Un docente puede valorar profundamente su profesi\u00f3n y, al mismo tiempo, experimentar frustraci\u00f3n, impotencia o agotamiento ante determinadas situaciones. Reconocer esas emociones no significa normalizar respuestas inadecuadas frente a los estudiantes. Significa aceptar que <strong>quienes ense\u00f1an tambi\u00e9n necesitan herramientas, acompa\u00f1amiento y condiciones que les permitan gestionar situaciones complejas de manera profesional<\/strong>.<\/p>\n\n\n\n<h2 class=\"wp-block-heading\"><strong>El manejo de aula no deber\u00eda recaer \u00fanicamente sobre el docente<\/strong><\/h2>\n\n\n\n<p class=\"wp-block-paragraph\">Cuando los problemas de convivencia se vuelven frecuentes, la respuesta no puede consistir solamente en exigir al profesor que tenga mayor paciencia.<\/p>\n\n\n\n<p class=\"wp-block-paragraph\">El manejo del aula forma parte de las competencias profesionales docentes, pero <strong>la convivencia escolar es una responsabilidad compartida<\/strong>. Direcci\u00f3n, equipos de orientaci\u00f3n, familias, docentes y estudiantes tienen funciones distintas pero complementarias.<\/p>\n\n\n\n<p class=\"wp-block-paragraph\">Las escuelas necesitan protocolos claros frente a conductas reiteradas, espacios de acompa\u00f1amiento, comunicaci\u00f3n efectiva con las familias y estrategias educativas que permitan trabajar la autorregulaci\u00f3n, la responsabilidad y el respeto.<\/p>\n\n\n\n<p class=\"wp-block-paragraph\">Del mismo modo, el docente necesita revisar sus propias estrategias. Una situaci\u00f3n que llega al l\u00edmite tambi\u00e9n puede convertirse en una oportunidad para preguntarse qu\u00e9 funcion\u00f3, qu\u00e9 no funcion\u00f3 y qu\u00e9 apoyos o cambios podr\u00edan evitar que vuelva a producirse.<\/p>\n\n\n\n<h2 class=\"wp-block-heading\"><strong>Cuidar al docente tambi\u00e9n significa cuidar a los estudiantes<\/strong><\/h2>\n\n\n\n<p class=\"wp-block-paragraph\">Hay otro aspecto especialmente relevante en el testimonio: la preocupaci\u00f3n de la maestra por los alumnos que deseaban aprender mientras una parte importante de la clase se destinaba a recuperar el orden.<\/p>\n\n\n\n<p class=\"wp-block-paragraph\"><strong>Los problemas persistentes de convivencia no afectan exclusivamente al profesor. Tambi\u00e9n pueden reducir el tiempo y la calidad de las oportunidades de aprendizaje del resto del grupo.<\/strong><\/p>\n\n\n\n<p class=\"wp-block-paragraph\">Por ello, hablar del bienestar docente no significa colocar las necesidades de los adultos por encima de las de los ni\u00f1os. Ambos asuntos est\u00e1n relacionados.<\/p>\n\n\n\n<p class=\"wp-block-paragraph\">Un profesor emocionalmente agotado puede encontrar mayores dificultades para mantener la paciencia, tomar decisiones pedag\u00f3gicas equilibradas y ofrecer la atenci\u00f3n que cada estudiante necesita. A su vez, un aula con normas claras, relaciones respetuosas y mecanismos adecuados para resolver conflictos beneficia tanto al alumnado como al profesorado.<\/p>\n\n\n\n<h2 class=\"wp-block-heading\"><strong>Una experiencia individual que plantea una pregunta colectiva<\/strong><\/h2>\n\n\n\n<p class=\"wp-block-paragraph\">No conocemos todo el contexto de aquella clase ni las circunstancias personales de cada estudiante. <strong>Un testimonio publicado en una red social representa necesariamente una versi\u00f3n parcial de lo sucedido<\/strong>, por lo que ser\u00eda incorrecto utilizarlo para responsabilizar a una generaci\u00f3n de estudiantes, a las familias o a los propios docentes.<\/p>\n\n\n\n<p class=\"wp-block-paragraph\">Su valor est\u00e1 en otro lugar.<\/p>\n\n\n\n<p class=\"wp-block-paragraph\">El relato permite poner sobre la mesa una realidad que algunas veces permanece escondida detr\u00e1s de la puerta del aula: <strong>ense\u00f1ar puede producir enormes satisfacciones, pero tambi\u00e9n momentos de frustraci\u00f3n, cansancio y vulnerabilidad emocional<\/strong>.<\/p>\n\n\n\n<p class=\"wp-block-paragraph\">La respuesta educativa no deber\u00eda ser culpabilizar a una de las partes, sino preguntarnos qu\u00e9 estamos haciendo para prevenir que esas situaciones alcancen el punto de desbordamiento.<\/p>\n\n\n\n<p class=\"wp-block-paragraph\">Quiz\u00e1 la reflexi\u00f3n que deja este testimonio sea precisamente esa: <strong>si esperamos que los docentes ense\u00f1en, acompa\u00f1en, escuchen, regulen conflictos y cuiden emocionalmente a sus estudiantes, tambi\u00e9n debemos preguntarnos qui\u00e9n acompa\u00f1a y sostiene a los docentes cuando son ellos quienes llegan al l\u00edmite.<\/strong><\/p>\n\n\n\n<p class=\"has-text-align-right wp-block-paragraph\"><strong>Redacci\u00f3n: Web del Maestro CMF<\/strong><\/p>\n\n\n\t\t<div class=\"pk-inline-posts\">\n\t\t\t\t\t\t\t<h5 class=\"pk-inline-posts-title pk-title pk-font-block\">\n\t\t\t\t\t\u00daltimas entradas\t\t\t\t<\/h5>\n\t\t\t\n\t\t\t<div class=\"pk-inline-posts-container pk-inline-posts-template-list\"\n\t\t\t\tdata-columns=\"1\">\n\t\t\t\t\t\t<article id=\"post-121155\" class=\"post-121155 post type-post status-publish format-standard has-post-thumbnail category-noticias-internacionales tag-comunidad-educativa tag-docentes tag-educacion-2 tag-educacion-civica-2 tag-educacion-patriotica tag-educacion-preescolar tag-estudiantes tag-formacion-integral tag-politica-educativa tag-valores cs-entry cs-video-wrap\">\n\t\t\t<div class=\"pk-post-outer\">\n\n\t\t\t\t\t\t\t\t<div class=\"pk-post-inner\">\n\t\t\t\t\t<div class=\"entry-thumbnail\">\n\t\t\t\t\t\t<div class=\"pk-overlay pk-overlay-ratio pk-ratio-landscape\">\n\t\t\t\t\t\t\t<div class=\"pk-overlay-background\">\n\t\t\t\t\t\t\t\t<a href=\"https:\/\/webdelmaestrocmf.com\/portal\/el-ministerio-de-educacion-de-rusia-aprueba-el-plan-educativo-para-el-curso-2026-27\/\" class=\"pk-overlay-link\">\n\t\t\t\t\t\t\t\t\t<img loading=\"lazy\" decoding=\"async\" width=\"300\" height=\"225\" src=\"https:\/\/webdelmaestrocmf.com\/portal\/wp-content\/uploads\/2026\/09\/1AA-Banner-1-portada-imagen-10-1-copia-20-300x225.webp\" class=\"attachment-pk-thumbnail size-pk-thumbnail wp-post-image\" alt=\"\" \/>\t\t\t\t\t\t\t\t<\/a>\n\t\t\t\t\t\t\t<\/div>\n\t\t\t\t\t\t<\/div>\n\t\t\t\t\t<\/div>\n\t\t\t\t<\/div>\n\t\t\t\t\n\t\t\t\t<div class=\"pk-post-inner\">\n\t\t\t\t\t<header>\n\t\t\t\t\t\t<h3 class=\"pk-title\"><a href=\"https:\/\/webdelmaestrocmf.com\/portal\/el-ministerio-de-educacion-de-rusia-aprueba-el-plan-educativo-para-el-curso-2026-27\/\" rel=\"bookmark\">El Ministerio de Educaci\u00f3n de Rusia aprueba el plan educativo para el curso 2026\/27<\/a><\/h3>\t\t\t\t\t<\/header><!-- .entry-header -->\n\t\t\t\t<\/div><!-- .post-inner -->\n\n\t\t\t<\/div><!-- .post-outer -->\n\t\t<\/article>\n\t\t\t<article id=\"post-121053\" class=\"post-121053 post type-post status-publish format-standard has-post-thumbnail category-noticias-internacionales tag-deporte tag-educacion-2 tag-fair-play tag-formacion-deportiva tag-futbol-2 tag-infancia tag-juego-limpio tag-mundial tag-trabajo-en-equipo tag-valores cs-entry cs-video-wrap\">\n\t\t\t<div class=\"pk-post-outer\">\n\n\t\t\t\t\t\t\t\t<div class=\"pk-post-inner\">\n\t\t\t\t\t<div class=\"entry-thumbnail\">\n\t\t\t\t\t\t<div class=\"pk-overlay pk-overlay-ratio pk-ratio-landscape\">\n\t\t\t\t\t\t\t<div class=\"pk-overlay-background\">\n\t\t\t\t\t\t\t\t<a href=\"https:\/\/webdelmaestrocmf.com\/portal\/javier-bardem-elogia-a-la-seleccion-campeona-y-destaca-el-juego-limpio-como-ejemplo-para-millones-de-ninos\/\" class=\"pk-overlay-link\">\n\t\t\t\t\t\t\t\t\t<img loading=\"lazy\" decoding=\"async\" width=\"300\" height=\"225\" src=\"https:\/\/webdelmaestrocmf.com\/portal\/wp-content\/uploads\/2026\/07\/1AA-Banner-1-portada-imagen-10-1-copia-16-1-300x225.webp\" class=\"attachment-pk-thumbnail size-pk-thumbnail wp-post-image\" alt=\"\" \/>\t\t\t\t\t\t\t\t<\/a>\n\t\t\t\t\t\t\t<\/div>\n\t\t\t\t\t\t<\/div>\n\t\t\t\t\t<\/div>\n\t\t\t\t<\/div>\n\t\t\t\t\n\t\t\t\t<div class=\"pk-post-inner\">\n\t\t\t\t\t<header>\n\t\t\t\t\t\t<h3 class=\"pk-title\"><a href=\"https:\/\/webdelmaestrocmf.com\/portal\/javier-bardem-elogia-a-la-seleccion-campeona-y-destaca-el-juego-limpio-como-ejemplo-para-millones-de-ninos\/\" rel=\"bookmark\">Javier Bardem elogia a la selecci\u00f3n campeona y destaca el juego limpio como ejemplo para millones de ni\u00f1os<\/a><\/h3>\t\t\t\t\t<\/header><!-- .entry-header -->\n\t\t\t\t<\/div><!-- .post-inner -->\n\n\t\t\t<\/div><!-- .post-outer -->\n\t\t<\/article>\n\t\t\t<article id=\"post-121041\" class=\"post-121041 post type-post status-publish format-standard has-post-thumbnail category-noticias-internacionales tag-agresion-a-docente tag-apoderados tag-comunidad-educativa tag-convivencia-escolar tag-ley-karin tag-proteccion-docente tag-salud-mental tag-seguridad-escolar tag-violencia-escolar cs-entry cs-video-wrap\">\n\t\t\t<div class=\"pk-post-outer\">\n\n\t\t\t\t\t\t\t\t<div class=\"pk-post-inner\">\n\t\t\t\t\t<div class=\"entry-thumbnail\">\n\t\t\t\t\t\t<div class=\"pk-overlay pk-overlay-ratio pk-ratio-landscape\">\n\t\t\t\t\t\t\t<div class=\"pk-overlay-background\">\n\t\t\t\t\t\t\t\t<a href=\"https:\/\/webdelmaestrocmf.com\/portal\/municipalidad-de-temuco-anuncia-acciones-legales-tras-agresion-de-un-apoderado-a-un-profesor-dentro-de-un-establecimiento-educacional\/\" class=\"pk-overlay-link\">\n\t\t\t\t\t\t\t\t\t<img loading=\"lazy\" decoding=\"async\" width=\"300\" height=\"225\" src=\"https:\/\/webdelmaestrocmf.com\/portal\/wp-content\/uploads\/2026\/07\/1AA-Banner-1-portada-imagen-10-1-copia-14-1-300x225.webp\" class=\"attachment-pk-thumbnail size-pk-thumbnail wp-post-image\" alt=\"\" \/>\t\t\t\t\t\t\t\t<\/a>\n\t\t\t\t\t\t\t<\/div>\n\t\t\t\t\t\t<\/div>\n\t\t\t\t\t<\/div>\n\t\t\t\t<\/div>\n\t\t\t\t\n\t\t\t\t<div class=\"pk-post-inner\">\n\t\t\t\t\t<header>\n\t\t\t\t\t\t<h3 class=\"pk-title\"><a href=\"https:\/\/webdelmaestrocmf.com\/portal\/municipalidad-de-temuco-anuncia-acciones-legales-tras-agresion-de-un-apoderado-a-un-profesor-dentro-de-un-establecimiento-educacional\/\" rel=\"bookmark\">Municipalidad de Temuco anuncia acciones legales tras agresi\u00f3n de un apoderado a un profesor dentro de un establecimiento educacional<\/a><\/h3>\t\t\t\t\t<\/header><!-- .entry-header -->\n\t\t\t\t<\/div><!-- .post-inner -->\n\n\t\t\t<\/div><!-- .post-outer -->\n\t\t<\/article>\n\t\t\t\t<\/div>\n\t\t<\/div>\n\t\t\n","protected":false},"excerpt":{"rendered":"El testimonio de una maestra refleja c\u00f3mo la indisciplina y el agotamiento pueden desbordar emocionalmente al docente, recordando la necesidad de fortalecer el respeto, la convivencia y el acompa\u00f1amiento escolar.","protected":false},"author":1,"featured_media":121167,"comment_status":"open","ping_status":"closed","sticky":false,"template":"","format":"standard","meta":{"_jetpack_newsletter_access":"","_jetpack_dont_email_post_to_subs":false,"_jetpack_newsletter_tier_id":0,"_jetpack_memberships_contains_paywalled_content":false,"csco_display_header_overlay":false,"csco_singular_sidebar":"","csco_page_header_type":"","csco_page_load_nextpost":"","csco_post_video_location":[],"csco_post_video_location_hash":"","csco_post_video_url":"","csco_post_video_bg_start_time":0,"csco_post_video_bg_end_time":0,"csco_post_video_bg_volume":false,"_jetpack_feature_clip_id":0,"_jetpack_memberships_contains_paid_content":false,"footnotes":"","jetpack_post_was_ever_published":false},"categories":[23790],"tags":[25923,24415,17245,14753,25552,18548,17620,18037,5368,20644],"class_list":["post-121165","post","type-post","status-publish","format-standard","has-post-thumbnail","category-noticias-internacionales","tag-agotamiento-emocional","tag-bienestar-docente","tag-comunidad-educativa","tag-convivencia-escolar","tag-desgaste-docente","tag-disciplina-escolar","tag-gestion-del-aula","tag-reflexion-educativa","tag-salud-emocional","tag-vocacion-docente","cs-entry","cs-video-wrap"],"yoast_head":"<!-- This site is optimized with the Yoast SEO plugin v28.4 - https:\/\/yoast.com\/product\/yoast-seo-wordpress\/ -->\n<title>\u201cAmo ense\u00f1ar, pero, \u00a1caramba!, a veces tambi\u00e9n lo odio\u201d: el testimonio de una maestra que invita a reflexionar sobre el desgaste emocional docente - 2026<\/title>\n<meta name=\"description\" content=\"Hay jornadas en las que el cansancio, el desgaste, los problemas de convivencia y la sensaci\u00f3n de no poder conducir adecuadamente...\" \/>\n<meta name=\"robots\" content=\"index, follow, max-snippet:-1, max-image-preview:large, max-video-preview:-1\" \/>\n<link rel=\"canonical\" href=\"https:\/\/webdelmaestrocmf.com\/portal\/amo-ensenar-pero-caramba-a-veces-tambien-lo-odio-el-testimonio-de-una-maestra-que-invita-a-reflexionar-sobre-el-desgaste-emocional-docente\/\" \/>\n<meta property=\"og:locale\" content=\"es_ES\" \/>\n<meta property=\"og:type\" content=\"article\" \/>\n<meta property=\"og:title\" content=\"\u201cAmo ense\u00f1ar, pero, \u00a1caramba!, a veces tambi\u00e9n lo odio\u201d: el testimonio de una maestra que invita a reflexionar sobre el desgaste emocional docente - 2026\" \/>\n<meta property=\"og:description\" content=\"Hay jornadas en las que el cansancio, el desgaste, los problemas de convivencia y la sensaci\u00f3n de no poder conducir adecuadamente...\" \/>\n<meta property=\"og:url\" content=\"https:\/\/webdelmaestrocmf.com\/portal\/amo-ensenar-pero-caramba-a-veces-tambien-lo-odio-el-testimonio-de-una-maestra-que-invita-a-reflexionar-sobre-el-desgaste-emocional-docente\/\" \/>\n<meta property=\"og:site_name\" content=\"Web del Maestro CMF\" \/>\n<meta property=\"article:publisher\" content=\"https:\/\/www.facebook.com\/WebdelMaestroCMF\/\" \/>\n<meta property=\"article:author\" content=\"https:\/\/www.facebook.com\/WebdelMaestroCMF\/\" \/>\n<meta property=\"article:published_time\" content=\"2026-09-06T16:08:31+00:00\" \/>\n<meta property=\"article:modified_time\" content=\"2026-09-06T16:08:33+00:00\" \/>\n<meta property=\"og:image\" content=\"https:\/\/webdelmaestrocmf.com\/portal\/wp-content\/uploads\/2026\/09\/images.jpg\" \/>\n\t<meta property=\"og:image:width\" content=\"1122\" \/>\n\t<meta property=\"og:image:height\" content=\"1402\" \/>\n\t<meta property=\"og:image:type\" content=\"image\/jpeg\" \/>\n<meta name=\"author\" content=\"Web del Maestro CMF\" \/>\n<meta name=\"twitter:card\" content=\"summary_large_image\" \/>\n<meta name=\"twitter:creator\" content=\"@cmf_w\" \/>\n<meta name=\"twitter:site\" content=\"@cmf_w\" \/>\n<script type=\"application\/ld+json\" class=\"yoast-schema-graph\">{\"@context\":\"https:\\\/\\\/schema.org\",\"@graph\":[{\"@type\":\"ScholarlyArticle\",\"@id\":\"https:\\\/\\\/webdelmaestrocmf.com\\\/portal\\\/amo-ensenar-pero-caramba-a-veces-tambien-lo-odio-el-testimonio-de-una-maestra-que-invita-a-reflexionar-sobre-el-desgaste-emocional-docente\\\/#article\",\"isPartOf\":{\"@id\":\"https:\\\/\\\/webdelmaestrocmf.com\\\/portal\\\/amo-ensenar-pero-caramba-a-veces-tambien-lo-odio-el-testimonio-de-una-maestra-que-invita-a-reflexionar-sobre-el-desgaste-emocional-docente\\\/\"},\"author\":{\"name\":\"Web del Maestro CMF\",\"@id\":\"https:\\\/\\\/webdelmaestrocmf.com\\\/portal\\\/#\\\/schema\\\/person\\\/1072a2ed7bd960df8ef99a551fa35dc5\"},\"headline\":\"\u201cAmo ense\u00f1ar, pero, \u00a1caramba!, a veces tambi\u00e9n lo odio\u201d: el testimonio de una maestra que invita a reflexionar sobre el desgaste emocional docente\",\"datePublished\":\"2026-09-06T16:08:31+00:00\",\"dateModified\":\"2026-09-06T16:08:33+00:00\",\"mainEntityOfPage\":{\"@id\":\"https:\\\/\\\/webdelmaestrocmf.com\\\/portal\\\/amo-ensenar-pero-caramba-a-veces-tambien-lo-odio-el-testimonio-de-una-maestra-que-invita-a-reflexionar-sobre-el-desgaste-emocional-docente\\\/\"},\"wordCount\":1134,\"commentCount\":0,\"publisher\":{\"@id\":\"https:\\\/\\\/webdelmaestrocmf.com\\\/portal\\\/#organization\"},\"image\":{\"@id\":\"https:\\\/\\\/webdelmaestrocmf.com\\\/portal\\\/amo-ensenar-pero-caramba-a-veces-tambien-lo-odio-el-testimonio-de-una-maestra-que-invita-a-reflexionar-sobre-el-desgaste-emocional-docente\\\/#primaryimage\"},\"thumbnailUrl\":\"https:\\\/\\\/webdelmaestrocmf.com\\\/portal\\\/wp-content\\\/uploads\\\/2026\\\/09\\\/images.jpg\",\"keywords\":[\"agotamiento emocional\",\"bienestar docente\",\"comunidad educativa\",\"Convivencia Escolar\",\"desgaste docente\",\"disciplina escolar\",\"gesti\u00f3n del aula\",\"reflexi\u00f3n educativa\",\"SALUD EMOCIONAL\",\"Vocaci\u00f3n Docente\"],\"articleSection\":[\"Noticias Internacionales\"],\"inLanguage\":\"es\",\"potentialAction\":[{\"@type\":\"CommentAction\",\"name\":\"Comment\",\"target\":[\"https:\\\/\\\/webdelmaestrocmf.com\\\/portal\\\/amo-ensenar-pero-caramba-a-veces-tambien-lo-odio-el-testimonio-de-una-maestra-que-invita-a-reflexionar-sobre-el-desgaste-emocional-docente\\\/#respond\"]}]},{\"@type\":\"WebPage\",\"@id\":\"https:\\\/\\\/webdelmaestrocmf.com\\\/portal\\\/amo-ensenar-pero-caramba-a-veces-tambien-lo-odio-el-testimonio-de-una-maestra-que-invita-a-reflexionar-sobre-el-desgaste-emocional-docente\\\/\",\"url\":\"https:\\\/\\\/webdelmaestrocmf.com\\\/portal\\\/amo-ensenar-pero-caramba-a-veces-tambien-lo-odio-el-testimonio-de-una-maestra-que-invita-a-reflexionar-sobre-el-desgaste-emocional-docente\\\/\",\"name\":\"\u201cAmo ense\u00f1ar, pero, \u00a1caramba!, a veces tambi\u00e9n lo odio\u201d: el testimonio de una maestra que invita a reflexionar sobre el desgaste emocional docente - 2026\",\"isPartOf\":{\"@id\":\"https:\\\/\\\/webdelmaestrocmf.com\\\/portal\\\/#website\"},\"primaryImageOfPage\":{\"@id\":\"https:\\\/\\\/webdelmaestrocmf.com\\\/portal\\\/amo-ensenar-pero-caramba-a-veces-tambien-lo-odio-el-testimonio-de-una-maestra-que-invita-a-reflexionar-sobre-el-desgaste-emocional-docente\\\/#primaryimage\"},\"image\":{\"@id\":\"https:\\\/\\\/webdelmaestrocmf.com\\\/portal\\\/amo-ensenar-pero-caramba-a-veces-tambien-lo-odio-el-testimonio-de-una-maestra-que-invita-a-reflexionar-sobre-el-desgaste-emocional-docente\\\/#primaryimage\"},\"thumbnailUrl\":\"https:\\\/\\\/webdelmaestrocmf.com\\\/portal\\\/wp-content\\\/uploads\\\/2026\\\/09\\\/images.jpg\",\"datePublished\":\"2026-09-06T16:08:31+00:00\",\"dateModified\":\"2026-09-06T16:08:33+00:00\",\"description\":\"Hay jornadas en las que el cansancio, el desgaste, los problemas de convivencia y la sensaci\u00f3n de no poder conducir adecuadamente...\",\"breadcrumb\":{\"@id\":\"https:\\\/\\\/webdelmaestrocmf.com\\\/portal\\\/amo-ensenar-pero-caramba-a-veces-tambien-lo-odio-el-testimonio-de-una-maestra-que-invita-a-reflexionar-sobre-el-desgaste-emocional-docente\\\/#breadcrumb\"},\"inLanguage\":\"es\",\"potentialAction\":[{\"@type\":\"ReadAction\",\"target\":[\"https:\\\/\\\/webdelmaestrocmf.com\\\/portal\\\/amo-ensenar-pero-caramba-a-veces-tambien-lo-odio-el-testimonio-de-una-maestra-que-invita-a-reflexionar-sobre-el-desgaste-emocional-docente\\\/\"]}]},{\"@type\":\"ImageObject\",\"inLanguage\":\"es\",\"@id\":\"https:\\\/\\\/webdelmaestrocmf.com\\\/portal\\\/amo-ensenar-pero-caramba-a-veces-tambien-lo-odio-el-testimonio-de-una-maestra-que-invita-a-reflexionar-sobre-el-desgaste-emocional-docente\\\/#primaryimage\",\"url\":\"https:\\\/\\\/webdelmaestrocmf.com\\\/portal\\\/wp-content\\\/uploads\\\/2026\\\/09\\\/images.jpg\",\"contentUrl\":\"https:\\\/\\\/webdelmaestrocmf.com\\\/portal\\\/wp-content\\\/uploads\\\/2026\\\/09\\\/images.jpg\",\"width\":1122,\"height\":1402},{\"@type\":\"BreadcrumbList\",\"@id\":\"https:\\\/\\\/webdelmaestrocmf.com\\\/portal\\\/amo-ensenar-pero-caramba-a-veces-tambien-lo-odio-el-testimonio-de-una-maestra-que-invita-a-reflexionar-sobre-el-desgaste-emocional-docente\\\/#breadcrumb\",\"itemListElement\":[{\"@type\":\"ListItem\",\"position\":1,\"name\":\"Portada\",\"item\":\"https:\\\/\\\/webdelmaestrocmf.com\\\/portal\\\/\"},{\"@type\":\"ListItem\",\"position\":2,\"name\":\"Noticias Internacionales\",\"item\":\"https:\\\/\\\/webdelmaestrocmf.com\\\/portal\\\/category\\\/noticias-internacionales\\\/\"},{\"@type\":\"ListItem\",\"position\":3,\"name\":\"\u201cAmo ense\u00f1ar, pero, \u00a1caramba!, a veces tambi\u00e9n lo odio\u201d: el testimonio de una maestra que invita a reflexionar sobre el desgaste emocional docente\"}]},{\"@type\":\"WebSite\",\"@id\":\"https:\\\/\\\/webdelmaestrocmf.com\\\/portal\\\/#website\",\"url\":\"https:\\\/\\\/webdelmaestrocmf.com\\\/portal\\\/\",\"name\":\"Web del Maestro CMF\",\"description\":\"Maestros al servicio de la educaci\u00f3n\",\"publisher\":{\"@id\":\"https:\\\/\\\/webdelmaestrocmf.com\\\/portal\\\/#organization\"},\"alternateName\":\"WMCMF\",\"potentialAction\":[{\"@type\":\"SearchAction\",\"target\":{\"@type\":\"EntryPoint\",\"urlTemplate\":\"https:\\\/\\\/webdelmaestrocmf.com\\\/portal\\\/?s={search_term_string}\"},\"query-input\":{\"@type\":\"PropertyValueSpecification\",\"valueRequired\":true,\"valueName\":\"search_term_string\"}}],\"inLanguage\":\"es\"},{\"@type\":\"Organization\",\"@id\":\"https:\\\/\\\/webdelmaestrocmf.com\\\/portal\\\/#organization\",\"name\":\"Web del Maestro CMF\",\"alternateName\":\"WMCMF\",\"url\":\"https:\\\/\\\/webdelmaestrocmf.com\\\/portal\\\/\",\"logo\":{\"@type\":\"ImageObject\",\"inLanguage\":\"es\",\"@id\":\"https:\\\/\\\/webdelmaestrocmf.com\\\/portal\\\/#\\\/schema\\\/logo\\\/image\\\/\",\"url\":\"https:\\\/\\\/webdelmaestrocmf.com\\\/portal\\\/wp-content\\\/uploads\\\/2023\\\/01\\\/logo-wmcmf-2.png\",\"contentUrl\":\"https:\\\/\\\/webdelmaestrocmf.com\\\/portal\\\/wp-content\\\/uploads\\\/2023\\\/01\\\/logo-wmcmf-2.png\",\"width\":200,\"height\":60,\"caption\":\"Web del Maestro CMF\"},\"image\":{\"@id\":\"https:\\\/\\\/webdelmaestrocmf.com\\\/portal\\\/#\\\/schema\\\/logo\\\/image\\\/\"},\"sameAs\":[\"https:\\\/\\\/www.facebook.com\\\/WebdelMaestroCMF\\\/\",\"https:\\\/\\\/x.com\\\/cmf_w\",\"https:\\\/\\\/www.pinterest.com\\\/WMCMF\\\/\",\"https:\\\/\\\/www.linkedin.com\\\/company\\\/web-del-maestro-cmf\\\/\",\"https:\\\/\\\/www.instagram.com\\\/wmcmf\\\/\",\"https:\\\/\\\/www.youtube.com\\\/channel\\\/UCDPSvjbdodE5sHnC3OxutHw\",\"https:\\\/\\\/mastodon.social\\\/@wmcmf\",\"https:\\\/\\\/www.tiktok.com\\\/@webdelmaestrocmf\"]},{\"@type\":\"Person\",\"@id\":\"https:\\\/\\\/webdelmaestrocmf.com\\\/portal\\\/#\\\/schema\\\/person\\\/1072a2ed7bd960df8ef99a551fa35dc5\",\"name\":\"Web del Maestro CMF\",\"image\":{\"@type\":\"ImageObject\",\"inLanguage\":\"es\",\"@id\":\"https:\\\/\\\/secure.gravatar.com\\\/avatar\\\/23291dd5b5ae1077dcff3dbb04c3e02bd28403fa75af6d8787d5e97c5bbbe30b?s=96&d=mm&r=g\",\"url\":\"https:\\\/\\\/secure.gravatar.com\\\/avatar\\\/23291dd5b5ae1077dcff3dbb04c3e02bd28403fa75af6d8787d5e97c5bbbe30b?s=96&d=mm&r=g\",\"contentUrl\":\"https:\\\/\\\/secure.gravatar.com\\\/avatar\\\/23291dd5b5ae1077dcff3dbb04c3e02bd28403fa75af6d8787d5e97c5bbbe30b?s=96&d=mm&r=g\",\"caption\":\"Web del Maestro CMF\"},\"description\":\"Esta Web se cre\u00f3 sin fines de lucro, con fines educativos, cient\u00edficos y acad\u00e9micos, para personas que tengan dificultades y\\\/o inconvenientes en visualizar el material original. El objetivo es entregar recursos, compartir experiencias y materiales que ayuden a los padres de familia, maestros y estudiantes en su actualizaci\u00f3n y formaci\u00f3n permanente, en bien de la Educaci\u00f3n.\",\"sameAs\":[\"http:\\\/\\\/webdelmaestrocmf.com\\\/portal\",\"https:\\\/\\\/www.facebook.com\\\/WebdelMaestroCMF\\\/\",\"https:\\\/\\\/www.instagram.com\\\/wmcmf\\\/\",\"https:\\\/\\\/cl.linkedin.com\\\/company\\\/web-del-maestro-cmf\",\"https:\\\/\\\/www.pinterest.com\\\/WMCMF\\\/publicaciones\\\/\",\"https:\\\/\\\/x.com\\\/cmf_w\",\"https:\\\/\\\/www.youtube.com\\\/@WMCMF\"]}]}<\/script>\n<!-- \/ Yoast SEO plugin. -->","yoast_head_json":{"title":"\u201cAmo ense\u00f1ar, pero, \u00a1caramba!, a veces tambi\u00e9n lo odio\u201d: el testimonio de una maestra que invita a reflexionar sobre el desgaste emocional docente - 2026","description":"Hay jornadas en las que el cansancio, el desgaste, los problemas de convivencia y la sensaci\u00f3n de no poder conducir adecuadamente...","robots":{"index":"index","follow":"follow","max-snippet":"max-snippet:-1","max-image-preview":"max-image-preview:large","max-video-preview":"max-video-preview:-1"},"canonical":"https:\/\/webdelmaestrocmf.com\/portal\/amo-ensenar-pero-caramba-a-veces-tambien-lo-odio-el-testimonio-de-una-maestra-que-invita-a-reflexionar-sobre-el-desgaste-emocional-docente\/","og_locale":"es_ES","og_type":"article","og_title":"\u201cAmo ense\u00f1ar, pero, \u00a1caramba!, a veces tambi\u00e9n lo odio\u201d: el testimonio de una maestra que invita a reflexionar sobre el desgaste emocional docente - 2026","og_description":"Hay jornadas en las que el cansancio, el desgaste, los problemas de convivencia y la sensaci\u00f3n de no poder conducir adecuadamente...","og_url":"https:\/\/webdelmaestrocmf.com\/portal\/amo-ensenar-pero-caramba-a-veces-tambien-lo-odio-el-testimonio-de-una-maestra-que-invita-a-reflexionar-sobre-el-desgaste-emocional-docente\/","og_site_name":"Web del Maestro CMF","article_publisher":"https:\/\/www.facebook.com\/WebdelMaestroCMF\/","article_author":"https:\/\/www.facebook.com\/WebdelMaestroCMF\/","article_published_time":"2026-09-06T16:08:31+00:00","article_modified_time":"2026-09-06T16:08:33+00:00","og_image":[{"width":1122,"height":1402,"url":"https:\/\/webdelmaestrocmf.com\/portal\/wp-content\/uploads\/2026\/09\/images.jpg","type":"image\/jpeg"}],"author":"Web del Maestro CMF","twitter_card":"summary_large_image","twitter_creator":"@cmf_w","twitter_site":"@cmf_w","schema":{"@context":"https:\/\/schema.org","@graph":[{"@type":"ScholarlyArticle","@id":"https:\/\/webdelmaestrocmf.com\/portal\/amo-ensenar-pero-caramba-a-veces-tambien-lo-odio-el-testimonio-de-una-maestra-que-invita-a-reflexionar-sobre-el-desgaste-emocional-docente\/#article","isPartOf":{"@id":"https:\/\/webdelmaestrocmf.com\/portal\/amo-ensenar-pero-caramba-a-veces-tambien-lo-odio-el-testimonio-de-una-maestra-que-invita-a-reflexionar-sobre-el-desgaste-emocional-docente\/"},"author":{"name":"Web del Maestro CMF","@id":"https:\/\/webdelmaestrocmf.com\/portal\/#\/schema\/person\/1072a2ed7bd960df8ef99a551fa35dc5"},"headline":"\u201cAmo ense\u00f1ar, pero, \u00a1caramba!, a veces tambi\u00e9n lo odio\u201d: el testimonio de una maestra que invita a reflexionar sobre el desgaste emocional docente","datePublished":"2026-09-06T16:08:31+00:00","dateModified":"2026-09-06T16:08:33+00:00","mainEntityOfPage":{"@id":"https:\/\/webdelmaestrocmf.com\/portal\/amo-ensenar-pero-caramba-a-veces-tambien-lo-odio-el-testimonio-de-una-maestra-que-invita-a-reflexionar-sobre-el-desgaste-emocional-docente\/"},"wordCount":1134,"commentCount":0,"publisher":{"@id":"https:\/\/webdelmaestrocmf.com\/portal\/#organization"},"image":{"@id":"https:\/\/webdelmaestrocmf.com\/portal\/amo-ensenar-pero-caramba-a-veces-tambien-lo-odio-el-testimonio-de-una-maestra-que-invita-a-reflexionar-sobre-el-desgaste-emocional-docente\/#primaryimage"},"thumbnailUrl":"https:\/\/webdelmaestrocmf.com\/portal\/wp-content\/uploads\/2026\/09\/images.jpg","keywords":["agotamiento emocional","bienestar docente","comunidad educativa","Convivencia Escolar","desgaste docente","disciplina escolar","gesti\u00f3n del aula","reflexi\u00f3n educativa","SALUD EMOCIONAL","Vocaci\u00f3n Docente"],"articleSection":["Noticias Internacionales"],"inLanguage":"es","potentialAction":[{"@type":"CommentAction","name":"Comment","target":["https:\/\/webdelmaestrocmf.com\/portal\/amo-ensenar-pero-caramba-a-veces-tambien-lo-odio-el-testimonio-de-una-maestra-que-invita-a-reflexionar-sobre-el-desgaste-emocional-docente\/#respond"]}]},{"@type":"WebPage","@id":"https:\/\/webdelmaestrocmf.com\/portal\/amo-ensenar-pero-caramba-a-veces-tambien-lo-odio-el-testimonio-de-una-maestra-que-invita-a-reflexionar-sobre-el-desgaste-emocional-docente\/","url":"https:\/\/webdelmaestrocmf.com\/portal\/amo-ensenar-pero-caramba-a-veces-tambien-lo-odio-el-testimonio-de-una-maestra-que-invita-a-reflexionar-sobre-el-desgaste-emocional-docente\/","name":"\u201cAmo ense\u00f1ar, pero, \u00a1caramba!, a veces tambi\u00e9n lo odio\u201d: el testimonio de una maestra que invita a reflexionar sobre el desgaste emocional docente - 2026","isPartOf":{"@id":"https:\/\/webdelmaestrocmf.com\/portal\/#website"},"primaryImageOfPage":{"@id":"https:\/\/webdelmaestrocmf.com\/portal\/amo-ensenar-pero-caramba-a-veces-tambien-lo-odio-el-testimonio-de-una-maestra-que-invita-a-reflexionar-sobre-el-desgaste-emocional-docente\/#primaryimage"},"image":{"@id":"https:\/\/webdelmaestrocmf.com\/portal\/amo-ensenar-pero-caramba-a-veces-tambien-lo-odio-el-testimonio-de-una-maestra-que-invita-a-reflexionar-sobre-el-desgaste-emocional-docente\/#primaryimage"},"thumbnailUrl":"https:\/\/webdelmaestrocmf.com\/portal\/wp-content\/uploads\/2026\/09\/images.jpg","datePublished":"2026-09-06T16:08:31+00:00","dateModified":"2026-09-06T16:08:33+00:00","description":"Hay jornadas en las que el cansancio, el desgaste, los problemas de convivencia y la sensaci\u00f3n de no poder conducir adecuadamente...","breadcrumb":{"@id":"https:\/\/webdelmaestrocmf.com\/portal\/amo-ensenar-pero-caramba-a-veces-tambien-lo-odio-el-testimonio-de-una-maestra-que-invita-a-reflexionar-sobre-el-desgaste-emocional-docente\/#breadcrumb"},"inLanguage":"es","potentialAction":[{"@type":"ReadAction","target":["https:\/\/webdelmaestrocmf.com\/portal\/amo-ensenar-pero-caramba-a-veces-tambien-lo-odio-el-testimonio-de-una-maestra-que-invita-a-reflexionar-sobre-el-desgaste-emocional-docente\/"]}]},{"@type":"ImageObject","inLanguage":"es","@id":"https:\/\/webdelmaestrocmf.com\/portal\/amo-ensenar-pero-caramba-a-veces-tambien-lo-odio-el-testimonio-de-una-maestra-que-invita-a-reflexionar-sobre-el-desgaste-emocional-docente\/#primaryimage","url":"https:\/\/webdelmaestrocmf.com\/portal\/wp-content\/uploads\/2026\/09\/images.jpg","contentUrl":"https:\/\/webdelmaestrocmf.com\/portal\/wp-content\/uploads\/2026\/09\/images.jpg","width":1122,"height":1402},{"@type":"BreadcrumbList","@id":"https:\/\/webdelmaestrocmf.com\/portal\/amo-ensenar-pero-caramba-a-veces-tambien-lo-odio-el-testimonio-de-una-maestra-que-invita-a-reflexionar-sobre-el-desgaste-emocional-docente\/#breadcrumb","itemListElement":[{"@type":"ListItem","position":1,"name":"Portada","item":"https:\/\/webdelmaestrocmf.com\/portal\/"},{"@type":"ListItem","position":2,"name":"Noticias Internacionales","item":"https:\/\/webdelmaestrocmf.com\/portal\/category\/noticias-internacionales\/"},{"@type":"ListItem","position":3,"name":"\u201cAmo ense\u00f1ar, pero, \u00a1caramba!, a veces tambi\u00e9n lo odio\u201d: el testimonio de una maestra que invita a reflexionar sobre el desgaste emocional docente"}]},{"@type":"WebSite","@id":"https:\/\/webdelmaestrocmf.com\/portal\/#website","url":"https:\/\/webdelmaestrocmf.com\/portal\/","name":"Web del Maestro CMF","description":"Maestros al servicio de la educaci\u00f3n","publisher":{"@id":"https:\/\/webdelmaestrocmf.com\/portal\/#organization"},"alternateName":"WMCMF","potentialAction":[{"@type":"SearchAction","target":{"@type":"EntryPoint","urlTemplate":"https:\/\/webdelmaestrocmf.com\/portal\/?s={search_term_string}"},"query-input":{"@type":"PropertyValueSpecification","valueRequired":true,"valueName":"search_term_string"}}],"inLanguage":"es"},{"@type":"Organization","@id":"https:\/\/webdelmaestrocmf.com\/portal\/#organization","name":"Web del Maestro CMF","alternateName":"WMCMF","url":"https:\/\/webdelmaestrocmf.com\/portal\/","logo":{"@type":"ImageObject","inLanguage":"es","@id":"https:\/\/webdelmaestrocmf.com\/portal\/#\/schema\/logo\/image\/","url":"https:\/\/webdelmaestrocmf.com\/portal\/wp-content\/uploads\/2023\/01\/logo-wmcmf-2.png","contentUrl":"https:\/\/webdelmaestrocmf.com\/portal\/wp-content\/uploads\/2023\/01\/logo-wmcmf-2.png","width":200,"height":60,"caption":"Web del Maestro CMF"},"image":{"@id":"https:\/\/webdelmaestrocmf.com\/portal\/#\/schema\/logo\/image\/"},"sameAs":["https:\/\/www.facebook.com\/WebdelMaestroCMF\/","https:\/\/x.com\/cmf_w","https:\/\/www.pinterest.com\/WMCMF\/","https:\/\/www.linkedin.com\/company\/web-del-maestro-cmf\/","https:\/\/www.instagram.com\/wmcmf\/","https:\/\/www.youtube.com\/channel\/UCDPSvjbdodE5sHnC3OxutHw","https:\/\/mastodon.social\/@wmcmf","https:\/\/www.tiktok.com\/@webdelmaestrocmf"]},{"@type":"Person","@id":"https:\/\/webdelmaestrocmf.com\/portal\/#\/schema\/person\/1072a2ed7bd960df8ef99a551fa35dc5","name":"Web del Maestro CMF","image":{"@type":"ImageObject","inLanguage":"es","@id":"https:\/\/secure.gravatar.com\/avatar\/23291dd5b5ae1077dcff3dbb04c3e02bd28403fa75af6d8787d5e97c5bbbe30b?s=96&d=mm&r=g","url":"https:\/\/secure.gravatar.com\/avatar\/23291dd5b5ae1077dcff3dbb04c3e02bd28403fa75af6d8787d5e97c5bbbe30b?s=96&d=mm&r=g","contentUrl":"https:\/\/secure.gravatar.com\/avatar\/23291dd5b5ae1077dcff3dbb04c3e02bd28403fa75af6d8787d5e97c5bbbe30b?s=96&d=mm&r=g","caption":"Web del Maestro CMF"},"description":"Esta Web se cre\u00f3 sin fines de lucro, con fines educativos, cient\u00edficos y acad\u00e9micos, para personas que tengan dificultades y\/o inconvenientes en visualizar el material original. El objetivo es entregar recursos, compartir experiencias y materiales que ayuden a los padres de familia, maestros y estudiantes en su actualizaci\u00f3n y formaci\u00f3n permanente, en bien de la Educaci\u00f3n.","sameAs":["http:\/\/webdelmaestrocmf.com\/portal","https:\/\/www.facebook.com\/WebdelMaestroCMF\/","https:\/\/www.instagram.com\/wmcmf\/","https:\/\/cl.linkedin.com\/company\/web-del-maestro-cmf","https:\/\/www.pinterest.com\/WMCMF\/publicaciones\/","https:\/\/x.com\/cmf_w","https:\/\/www.youtube.com\/@WMCMF"]}]}},"jetpack_sharing_enabled":true,"jetpack-related-posts":[{"id":116729,"url":"https:\/\/webdelmaestrocmf.com\/portal\/maestro-lo-dice-claro-nunca-tuve-fines-de-semana-enteros-sin-hacer-nada-es-un-sistema-que-te-aplasta-con-una-demanda-permanente\/","url_meta":{"origin":121165,"position":0},"title":"Maestro lo dice claro: \u00abNunca tuve fines de semana enteros sin hacer nada. Es un sistema que te aplasta con una demanda permanente\u00bb.","author":"Web del Maestro CMF","date":"21 marzo, 2026","format":false,"excerpt":"Un sistema educativo que no descansa exige docentes sin pausas: sin fines de semana libres, con demandas constantes que agotan, presionan y terminan desgastando profundamente la vocaci\u00f3n y la vida personal.","rel":"","context":"En \u00abNoticias Internacionales\u00bb","block_context":{"text":"Noticias Internacionales","link":"https:\/\/webdelmaestrocmf.com\/portal\/category\/noticias-internacionales\/"},"img":{"alt_text":"","src":"https:\/\/i0.wp.com\/webdelmaestrocmf.com\/portal\/wp-content\/uploads\/2026\/03\/1AA-Banner-1-portada-imagen-10-1-copia-14.webp?resize=350%2C200&ssl=1","width":350,"height":200,"srcset":"https:\/\/i0.wp.com\/webdelmaestrocmf.com\/portal\/wp-content\/uploads\/2026\/03\/1AA-Banner-1-portada-imagen-10-1-copia-14.webp?resize=350%2C200&ssl=1 1x, https:\/\/i0.wp.com\/webdelmaestrocmf.com\/portal\/wp-content\/uploads\/2026\/03\/1AA-Banner-1-portada-imagen-10-1-copia-14.webp?resize=525%2C300&ssl=1 1.5x, https:\/\/i0.wp.com\/webdelmaestrocmf.com\/portal\/wp-content\/uploads\/2026\/03\/1AA-Banner-1-portada-imagen-10-1-copia-14.webp?resize=700%2C400&ssl=1 2x, https:\/\/i0.wp.com\/webdelmaestrocmf.com\/portal\/wp-content\/uploads\/2026\/03\/1AA-Banner-1-portada-imagen-10-1-copia-14.webp?resize=1050%2C600&ssl=1 3x"},"classes":[]},{"id":111134,"url":"https:\/\/webdelmaestrocmf.com\/portal\/fallece-maestra-durante-un-acto-civico-el-precio-invisible-del-desgaste-docente\/","url_meta":{"origin":121165,"position":1},"title":"Fallece maestra durante un acto c\u00edvico: el precio invisible del desgaste docente","author":"Web del Maestro CMF","date":"11 julio, 2025","format":false,"excerpt":"Ser docente hoy implica enfrentar una presi\u00f3n emocional, f\u00edsica y laboral que puede costar la salud e incluso la vida","rel":"","context":"En \u00abNoticias Internacionales\u00bb","block_context":{"text":"Noticias Internacionales","link":"https:\/\/webdelmaestrocmf.com\/portal\/category\/noticias-internacionales\/"},"img":{"alt_text":"","src":"https:\/\/i0.wp.com\/webdelmaestrocmf.com\/portal\/wp-content\/uploads\/2025\/07\/1A-Banner-1-portada-imagen-10-1-copia-42.webp?resize=350%2C200&ssl=1","width":350,"height":200,"srcset":"https:\/\/i0.wp.com\/webdelmaestrocmf.com\/portal\/wp-content\/uploads\/2025\/07\/1A-Banner-1-portada-imagen-10-1-copia-42.webp?resize=350%2C200&ssl=1 1x, https:\/\/i0.wp.com\/webdelmaestrocmf.com\/portal\/wp-content\/uploads\/2025\/07\/1A-Banner-1-portada-imagen-10-1-copia-42.webp?resize=525%2C300&ssl=1 1.5x, https:\/\/i0.wp.com\/webdelmaestrocmf.com\/portal\/wp-content\/uploads\/2025\/07\/1A-Banner-1-portada-imagen-10-1-copia-42.webp?resize=700%2C400&ssl=1 2x"},"classes":[]},{"id":113979,"url":"https:\/\/webdelmaestrocmf.com\/portal\/papas-de-algodon-y-aulas-en-crisis-lo-que-los-docentes-estan-viviendo-realmente\/","url_meta":{"origin":121165,"position":2},"title":"Pap\u00e1s de algod\u00f3n y aulas en crisis: lo que los docentes est\u00e1n viviendo realmente","author":"Web del Maestro CMF","date":"11 diciembre, 2025","format":false,"excerpt":"La crisis educativa se profundiza: docentes desbordados, padres permisivos y aulas sin l\u00edmites revelan un sistema que pierde autoridad y rumbo cada d\u00eda.","rel":"","context":"En \u00abNoticias Internacionales\u00bb","block_context":{"text":"Noticias Internacionales","link":"https:\/\/webdelmaestrocmf.com\/portal\/category\/noticias-internacionales\/"},"img":{"alt_text":"","src":"https:\/\/i0.wp.com\/webdelmaestrocmf.com\/portal\/wp-content\/uploads\/2025\/12\/1A-Banner-1-portada-imagen-10-1-copia-13.webp?resize=350%2C200&ssl=1","width":350,"height":200,"srcset":"https:\/\/i0.wp.com\/webdelmaestrocmf.com\/portal\/wp-content\/uploads\/2025\/12\/1A-Banner-1-portada-imagen-10-1-copia-13.webp?resize=350%2C200&ssl=1 1x, https:\/\/i0.wp.com\/webdelmaestrocmf.com\/portal\/wp-content\/uploads\/2025\/12\/1A-Banner-1-portada-imagen-10-1-copia-13.webp?resize=525%2C300&ssl=1 1.5x, https:\/\/i0.wp.com\/webdelmaestrocmf.com\/portal\/wp-content\/uploads\/2025\/12\/1A-Banner-1-portada-imagen-10-1-copia-13.webp?resize=700%2C400&ssl=1 2x"},"classes":[]},{"id":114284,"url":"https:\/\/webdelmaestrocmf.com\/portal\/los-padres-son-la-peor-parte-de-ser-profesor-el-testimonio-que-destapo-una-verdad-incomoda\/","url_meta":{"origin":121165,"position":3},"title":"Los padres son la peor parte de ser profesor: el testimonio que destap\u00f3 una verdad inc\u00f3moda","author":"Web del Maestro CMF","date":"25 diciembre, 2025","format":false,"excerpt":"Un testimonio docente que expone el desgaste emocional, la falta de l\u00edmites y el conflicto permanente entre escuela, familia y autoridad educativa.","rel":"","context":"En \u00abNoticias Internacionales\u00bb","block_context":{"text":"Noticias Internacionales","link":"https:\/\/webdelmaestrocmf.com\/portal\/category\/noticias-internacionales\/"},"img":{"alt_text":"","src":"https:\/\/i0.wp.com\/webdelmaestrocmf.com\/portal\/wp-content\/uploads\/2025\/12\/1A-Banner-1-portada-imagen-10-1-copia-7-1.webp?resize=350%2C200&ssl=1","width":350,"height":200,"srcset":"https:\/\/i0.wp.com\/webdelmaestrocmf.com\/portal\/wp-content\/uploads\/2025\/12\/1A-Banner-1-portada-imagen-10-1-copia-7-1.webp?resize=350%2C200&ssl=1 1x, https:\/\/i0.wp.com\/webdelmaestrocmf.com\/portal\/wp-content\/uploads\/2025\/12\/1A-Banner-1-portada-imagen-10-1-copia-7-1.webp?resize=525%2C300&ssl=1 1.5x, https:\/\/i0.wp.com\/webdelmaestrocmf.com\/portal\/wp-content\/uploads\/2025\/12\/1A-Banner-1-portada-imagen-10-1-copia-7-1.webp?resize=700%2C400&ssl=1 2x"},"classes":[]},{"id":113885,"url":"https:\/\/webdelmaestrocmf.com\/portal\/la-denuncia-de-una-profesora-en-tiktok-reabre-un-debate-urgente-el-respeto-perdido-en-las-aulas\/","url_meta":{"origin":121165,"position":4},"title":"Profesora denuncia la falta de respeto en las aulas: \u201cNo hay manera de hablar, no escuchan\u201d","author":"Web del Maestro CMF","date":"8 diciembre, 2025","format":false,"excerpt":"Una profesora expone en TikTok el desgaste docente y la falta de respeto en las aulas, desatando un debate urgente sobre la convivencia escolar.","rel":"","context":"En \u00abNoticias Internacionales\u00bb","block_context":{"text":"Noticias Internacionales","link":"https:\/\/webdelmaestrocmf.com\/portal\/category\/noticias-internacionales\/"},"img":{"alt_text":"","src":"https:\/\/i0.wp.com\/webdelmaestrocmf.com\/portal\/wp-content\/uploads\/2025\/12\/1A-Banner-1-portada-imagen-10-1-copia-9.webp?resize=350%2C200&ssl=1","width":350,"height":200,"srcset":"https:\/\/i0.wp.com\/webdelmaestrocmf.com\/portal\/wp-content\/uploads\/2025\/12\/1A-Banner-1-portada-imagen-10-1-copia-9.webp?resize=350%2C200&ssl=1 1x, https:\/\/i0.wp.com\/webdelmaestrocmf.com\/portal\/wp-content\/uploads\/2025\/12\/1A-Banner-1-portada-imagen-10-1-copia-9.webp?resize=525%2C300&ssl=1 1.5x, https:\/\/i0.wp.com\/webdelmaestrocmf.com\/portal\/wp-content\/uploads\/2025\/12\/1A-Banner-1-portada-imagen-10-1-copia-9.webp?resize=700%2C400&ssl=1 2x"},"classes":[]},{"id":114119,"url":"https:\/\/webdelmaestrocmf.com\/portal\/estoy-harta-la-maestra-que-se-jubilo-y-dijo-en-voz-alta-lo-que-muchos-docentes-callan\/","url_meta":{"origin":121165,"position":5},"title":"\u201cEstoy harta\u201d: la maestra que se jubil\u00f3 y dijo en voz alta lo que muchos docentes callan","author":"Web del Maestro CMF","date":"16 diciembre, 2025","format":false,"excerpt":"La renuncia anticipada de una docente con m\u00e1s de dos d\u00e9cadas de experiencia, tras volverse viral en redes sociales, expone una realidad que muchos maestros viven en silencio.","rel":"","context":"En \u00abNoticias Internacionales\u00bb","block_context":{"text":"Noticias Internacionales","link":"https:\/\/webdelmaestrocmf.com\/portal\/category\/noticias-internacionales\/"},"img":{"alt_text":"","src":"https:\/\/i0.wp.com\/webdelmaestrocmf.com\/portal\/wp-content\/uploads\/2025\/12\/1A-Banner-1-portada-imagen-10-1-copia-19.webp?resize=350%2C200&ssl=1","width":350,"height":200,"srcset":"https:\/\/i0.wp.com\/webdelmaestrocmf.com\/portal\/wp-content\/uploads\/2025\/12\/1A-Banner-1-portada-imagen-10-1-copia-19.webp?resize=350%2C200&ssl=1 1x, https:\/\/i0.wp.com\/webdelmaestrocmf.com\/portal\/wp-content\/uploads\/2025\/12\/1A-Banner-1-portada-imagen-10-1-copia-19.webp?resize=525%2C300&ssl=1 1.5x, https:\/\/i0.wp.com\/webdelmaestrocmf.com\/portal\/wp-content\/uploads\/2025\/12\/1A-Banner-1-portada-imagen-10-1-copia-19.webp?resize=700%2C400&ssl=1 2x"},"classes":[]}],"jetpack_featured_media_url":"https:\/\/webdelmaestrocmf.com\/portal\/wp-content\/uploads\/2026\/09\/images.jpg","_links":{"self":[{"href":"https:\/\/webdelmaestrocmf.com\/portal\/wp-json\/wp\/v2\/posts\/121165","targetHints":{"allow":["GET"]}}],"collection":[{"href":"https:\/\/webdelmaestrocmf.com\/portal\/wp-json\/wp\/v2\/posts"}],"about":[{"href":"https:\/\/webdelmaestrocmf.com\/portal\/wp-json\/wp\/v2\/types\/post"}],"author":[{"embeddable":true,"href":"https:\/\/webdelmaestrocmf.com\/portal\/wp-json\/wp\/v2\/users\/1"}],"replies":[{"embeddable":true,"href":"https:\/\/webdelmaestrocmf.com\/portal\/wp-json\/wp\/v2\/comments?post=121165"}],"version-history":[{"count":1,"href":"https:\/\/webdelmaestrocmf.com\/portal\/wp-json\/wp\/v2\/posts\/121165\/revisions"}],"predecessor-version":[{"id":121168,"href":"https:\/\/webdelmaestrocmf.com\/portal\/wp-json\/wp\/v2\/posts\/121165\/revisions\/121168"}],"wp:featuredmedia":[{"embeddable":true,"href":"https:\/\/webdelmaestrocmf.com\/portal\/wp-json\/wp\/v2\/media\/121167"}],"wp:attachment":[{"href":"https:\/\/webdelmaestrocmf.com\/portal\/wp-json\/wp\/v2\/media?parent=121165"}],"wp:term":[{"taxonomy":"category","embeddable":true,"href":"https:\/\/webdelmaestrocmf.com\/portal\/wp-json\/wp\/v2\/categories?post=121165"},{"taxonomy":"post_tag","embeddable":true,"href":"https:\/\/webdelmaestrocmf.com\/portal\/wp-json\/wp\/v2\/tags?post=121165"}],"curies":[{"name":"wp","href":"https:\/\/api.w.org\/{rel}","templated":true}]}}