{"id":121140,"date":"2026-09-04T20:33:09","date_gmt":"2026-09-05T00:33:09","guid":{"rendered":"https:\/\/webdelmaestrocmf.com\/portal\/?p=121140"},"modified":"2026-09-04T20:42:44","modified_gmt":"2026-09-05T00:42:44","slug":"descarga-la-guia-en-pdf-desarrollo-de-un-plan-integral-para-el-tdah-una-lectura-necesaria-para-docentes-y-familias","status":"publish","type":"post","link":"https:\/\/webdelmaestrocmf.com\/portal\/descarga-la-guia-en-pdf-desarrollo-de-un-plan-integral-para-el-tdah-una-lectura-necesaria-para-docentes-y-familias\/","title":{"rendered":"Descarga la gu\u00eda en PDF: Desarrollo de un plan integral para el TDAH, una lectura necesaria para docentes y familias"},"content":{"rendered":"\n<p class=\"wp-block-paragraph\">El trastorno por d\u00e9ficit de atenci\u00f3n e hiperactividad (TDAH) forma parte de la realidad de muchas aulas. Para los docentes, comprenderlo va m\u00e1s all\u00e1 de reconocer dificultades de atenci\u00f3n, impulsividad o hiperactividad: implica conocer c\u00f3mo estas caracter\u00edsticas pueden repercutir en el aprendizaje, la organizaci\u00f3n, las relaciones sociales, la conducta y el bienestar emocional de los estudiantes.<\/p>\n\n\n\n<p class=\"wp-block-paragraph\">El material <strong>\u201cDesarrollo de un plan de tratamiento integral para el TDAH\u201d<\/strong>, elaborado por M. A. Fern\u00e1ndez Fern\u00e1ndez y perteneciente al programa <em>Experto Universitario en Evaluaci\u00f3n e Intervenci\u00f3n en Problemas de Aprendizaje y Conducta en Ni\u00f1os y Adolescentes<\/em>, ofrece una revisi\u00f3n amplia de las distintas \u00e1reas que intervienen en el abordaje del TDAH.<\/p>\n\n\n\n<h3 class=\"wp-block-heading\"><strong>\u00bfPor qu\u00e9 este material puede ser \u00fatil para los docentes?<\/strong><\/h3>\n\n\n\n<p class=\"wp-block-paragraph\">Uno de sus principales aportes es presentar el TDAH desde una perspectiva integral. El documento explica que una intervenci\u00f3n no deber\u00eda limitarse a una \u00fanica estrategia, sino considerar diferentes herramientas y adaptarlas a las necesidades particulares de cada caso. Entre sus objetivos se encuentra precisamente combinar alternativas y revisar los resultados para ajustar los objetivos de intervenci\u00f3n.<\/p>\n\n\n\n<p class=\"wp-block-paragraph\">Esta perspectiva resulta especialmente relevante para los docentes porque permite comprender que <strong>la escuela constituye una parte importante del acompa\u00f1amiento<\/strong>, pero no act\u00faa de manera aislada.<\/p>\n\n\n\n<p class=\"wp-block-paragraph\">El documento aborda la psicoeducaci\u00f3n, la intervenci\u00f3n psicol\u00f3gica y neuropsicol\u00f3gica, la intervenci\u00f3n psicopedag\u00f3gica, diferentes tratamientos m\u00e9dicos y algunas medidas complementarias. Tambi\u00e9n dedica un espacio espec\u00edfico al entorno educativo y a las estrategias que pueden favorecer el funcionamiento cotidiano del estudiante.<\/p>\n\n\n\n<h3 class=\"wp-block-heading\"><strong>El aula tambi\u00e9n forma parte del acompa\u00f1amiento<\/strong><\/h3>\n\n\n\n<p class=\"wp-block-paragraph\">Uno de los apartados de mayor inter\u00e9s para los educadores es el dedicado a la <strong>intervenci\u00f3n psicopedag\u00f3gica<\/strong>.<\/p>\n\n\n\n<p class=\"wp-block-paragraph\">El documento se\u00f1ala que esta intervenci\u00f3n no deber\u00eda circunscribirse exclusivamente al \u00e1mbito acad\u00e9mico, sino considerar tambi\u00e9n el hogar y otros espacios pr\u00f3ximos al estudiante. Identifica cuatro \u00e1reas particularmente importantes: <strong>rendimiento acad\u00e9mico, relaciones sociales, conducta o comportamiento y problemas emocionales<\/strong>.<\/p>\n\n\n\n<p class=\"wp-block-paragraph\">Esto permite mirar determinadas conductas escolares desde una perspectiva m\u00e1s amplia. Las dificultades que presenta un estudiante con TDAH pueden afectar no solamente su capacidad para completar una actividad, sino tambi\u00e9n su organizaci\u00f3n, sus relaciones con los compa\u00f1eros y su regulaci\u00f3n emocional.<\/p>\n\n\n\n<h3 class=\"wp-block-heading\"><strong>Peque\u00f1os ajustes que pueden ayudar en el aprendizaje<\/strong><\/h3>\n\n\n\n<p class=\"wp-block-paragraph\">El material tambi\u00e9n proporciona orientaciones que pueden resultar familiares para muchos docentes.<\/p>\n\n\n\n<p class=\"wp-block-paragraph\">Entre ellas se encuentran <strong>dividir la informaci\u00f3n en unidades m\u00e1s peque\u00f1as, evitar la superposici\u00f3n de instrucciones, asignar las tareas siguiendo un orden secuencial, anticipar las actividades, establecer rutinas y procurar ambientes adecuados para el estudio<\/strong>.<\/p>\n\n\n\n<p class=\"wp-block-paragraph\">Un aspecto especialmente interesante es que el propio documento advierte que muchas de estas medidas no benefician exclusivamente a quienes presentan TDAH. Algunas pueden favorecer transversalmente al conjunto de los estudiantes y a la comunidad educativa.<\/p>\n\n\n\n<p class=\"wp-block-paragraph\">Por ello, conocerlas puede contribuir no solamente a responder a una necesidad individual, sino tambi\u00e9n a construir aulas mejor organizadas y m\u00e1s accesibles para diferentes formas y ritmos de aprendizaje.<\/p>\n\n\n\n<h3 class=\"wp-block-heading\"><strong>Comprender antes de interpretar una conducta<\/strong><\/h3>\n\n\n\n<p class=\"wp-block-paragraph\">Otro aporte importante es la <strong>psicoeducaci\u00f3n<\/strong>. El documento explica que esta busca proporcionar informaci\u00f3n sobre el TDAH tanto a la persona que lo presenta como a quienes participan en su cuidado y atenci\u00f3n.<\/p>\n\n\n\n<p class=\"wp-block-paragraph\">Para un docente, disponer de informaci\u00f3n adecuada puede ayudar a evitar interpretaciones simplistas de determinadas conductas.<\/p>\n\n\n\n<p class=\"wp-block-paragraph\">El material sostiene que el TDAH tiene un origen neurobiol\u00f3gico y que sus manifestaciones no deben entenderse simplemente como comportamientos voluntarios. Tambi\u00e9n destaca la importancia que adquieren en el aula aspectos como la ubicaci\u00f3n del estudiante, sus compa\u00f1eros pr\u00f3ximos y la relaci\u00f3n entre docente y alumno.<\/p>\n\n\n\n<p class=\"wp-block-paragraph\">Esto no significa dejar de establecer normas, l\u00edmites o responsabilidades. Significa contar con m\u00e1s elementos para comprender <strong>qu\u00e9 puede estar detr\u00e1s de una dificultad y qu\u00e9 estrategias pueden favorecer una mejor respuesta educativa<\/strong>.<\/p>\n\n\n\n<h3 class=\"wp-block-heading\"><strong>Familia, escuela y profesionales: un trabajo coordinado<\/strong><\/h3>\n\n\n\n<p class=\"wp-block-paragraph\">Quiz\u00e1 una de las ideas m\u00e1s valiosas del documento para el \u00e1mbito educativo sea la necesidad de coordinaci\u00f3n.<\/p>\n\n\n\n<p class=\"wp-block-paragraph\">La intervenci\u00f3n psicopedag\u00f3gica es presentada como un complemento importante dentro del abordaje del TDAH y se destaca la necesidad de mantener una adecuada comunicaci\u00f3n entre los \u00e1mbitos sanitario y educativo.<\/p>\n\n\n\n<p class=\"wp-block-paragraph\">El docente no diagnostica ni prescribe tratamientos. Su papel es diferente, pero fundamental: <strong>observar, acompa\u00f1ar el aprendizaje, implementar estrategias pedag\u00f3gicas, comunicar avances y dificultades y colaborar con las familias y los profesionales correspondientes<\/strong>.<\/p>\n\n\n\n<p class=\"wp-block-paragraph\">Comprender los diferentes componentes de una intervenci\u00f3n integral tambi\u00e9n permite saber d\u00f3nde terminan las competencias educativas y d\u00f3nde comienzan aquellas que corresponden a profesionales de la salud.<\/p>\n\n\n\n<h3 class=\"wp-block-heading\"><strong>Una lectura para comprender el TDAH desde una mirada integral<\/strong><\/h3>\n\n\n\n<p class=\"wp-block-paragraph\">Este material puede resultar de inter\u00e9s para docentes, orientadores, psicopedagogos y otros profesionales educativos porque permite acercarse al TDAH desde diferentes dimensiones.<\/p>\n\n\n\n<p class=\"wp-block-paragraph\">No se limita al rendimiento escolar. Aborda la psicoeducaci\u00f3n, las funciones ejecutivas, aspectos emocionales y conductuales, la intervenci\u00f3n psicopedag\u00f3gica, diferentes alternativas terap\u00e9uticas y la importancia de individualizar el acompa\u00f1amiento.<\/p>\n\n\n\n<p class=\"wp-block-paragraph\">Su lectura <strong>no sustituye la evaluaci\u00f3n, el diagn\u00f3stico ni las indicaciones de profesionales sanitarios<\/strong>, especialmente en los apartados relacionados con medicamentos y otras intervenciones cl\u00ednicas. Debe entenderse como material de formaci\u00f3n e informaci\u00f3n.<\/p>\n\n\n\n<p class=\"wp-block-paragraph\">Para el docente, su mayor valor est\u00e1 en comprender una idea fundamental: <strong>acompa\u00f1ar adecuadamente a un estudiante con TDAH requiere conocer sus necesidades, organizar mejor el entorno de aprendizaje y trabajar coordinadamente con la familia y los profesionales que participan en su atenci\u00f3n.<\/strong><\/p>\n\n\n\n<h2 class=\"wp-block-heading\"><strong>Descarga la gu\u00eda en PDF: Desarrollo de un plan de tratamiento integral para el TDAH<\/strong><\/h2>\n\n\n\n<p class=\"wp-block-paragraph\">La lectura de este material puede ayudar a ampliar la comprensi\u00f3n sobre el TDAH y conocer diferentes estrategias y \u00e1mbitos que forman parte de su abordaje integral.<\/p>\n\n\n\n<p class=\"wp-block-paragraph\"><strong>Nota:<\/strong> El contenido del PDF tiene car\u00e1cter formativo. La informaci\u00f3n relacionada con diagn\u00f3stico, medicamentos y tratamientos cl\u00ednicos debe ser valorada por profesionales sanitarios cualificados y no debe utilizarse para iniciar, modificar o suspender tratamientos por cuenta propia.<\/p>\n\n\n\n<p class=\"has-text-align-right wp-block-paragraph\"><strong>Redacci\u00f3n | Web del Maestro CMF<\/strong><\/p>\n\n\n\n<p style=\"display:block; background:#e5e7eb; color:#333; padding:10px 18px; border-radius:6px; font-size:16px; text-align:center; width:fit-content; margin:20px auto;\"> Material de descarga: <a href=\"https:\/\/drive.google.com\/drive\/folders\/1NMMIxLULgoM4gSAmrgHwVTDu6S9xqmgq?usp=sharing\" style=\"text-decoration:none; color:#333;\" target=\"_blank\"> Desarrollo de un plan de tratamiento integral para el TDAH<\/a><\/p> <br> \n\n\n\n<script async=\"\" src=\"https:\/\/pagead2.googlesyndication.com\/pagead\/js\/adsbygoogle.js?client=ca-pub-9544854023617669\" crossorigin=\"anonymous\"><\/script>\n<!-- 2026 abajo descarga nuevo -->\n<ins class=\"adsbygoogle\" style=\"display:block\" data-ad-client=\"ca-pub-9544854023617669\" data-ad-slot=\"2552730463\" data-ad-format=\"auto\" data-full-width-responsive=\"true\"><\/ins>\n<script>\n     (adsbygoogle = window.adsbygoogle || []).push({});\n<\/script>\n\n\n\n<figure class=\"wp-block-image\">\n    <img decoding=\"async\" src=\"https:\/\/webdelmaestrocmf.com\/portal\/wp-content\/uploads\/2023\/04\/banner_des.png\" alt=\"\" style=\"display:block; width:100%; height:auto;\">\n<\/figure>\n\n\n\n<p style=\"text-align:center;\">\n    <img decoding=\"async\" src=\"https:\/\/webdelmaestrocmf.com\/portal\/wp-content\/uploads\/2025\/09\/icono-de-descarga-negro-con-flecha-rectangular-apuntando-hacia-abajo-simbolo-grafico-simple-432556053.webp\" alt=\"\" width=\"94\">\n<\/p>\n\n\n\n<p style=\"text-align:center;\">Descarga<\/p>\n\n\n\t\t<div class=\"pk-inline-posts\">\n\t\t\t\t\t\t\t<h5 class=\"pk-inline-posts-title pk-title pk-font-block\">\n\t\t\t\t\t\u00daltimas entradas\t\t\t\t<\/h5>\n\t\t\t\n\t\t\t<div class=\"pk-inline-posts-container pk-inline-posts-template-list\"\n\t\t\t\tdata-columns=\"1\">\n\t\t\t\t\t\t<article id=\"post-121057\" class=\"post-121057 post type-post status-publish format-standard has-post-thumbnail category-cuentos category-descarga category-pedagogia tag-cuentos-infantiles tag-docentes tag-gemini tag-gemini-notebook tag-gemini-storybook tag-innovacion-educativa-2 tag-inteligencia-artificial tag-recursos-didacticos tag-tecnologia-educativa-2 cs-entry cs-video-wrap\">\n\t\t\t<div class=\"pk-post-outer\">\n\n\t\t\t\t\t\t\t\t<div class=\"pk-post-inner\">\n\t\t\t\t\t<div class=\"entry-thumbnail\">\n\t\t\t\t\t\t<div class=\"pk-overlay pk-overlay-ratio pk-ratio-landscape\">\n\t\t\t\t\t\t\t<div class=\"pk-overlay-background\">\n\t\t\t\t\t\t\t\t<a href=\"https:\/\/webdelmaestrocmf.com\/portal\/como-crear-cuentos-infantiles-ilustrados-con-inteligencia-artificial-usando-gemini-diferentes-estilos-visuales-descarga-la-guia-pdf\/\" class=\"pk-overlay-link\">\n\t\t\t\t\t\t\t\t\t<img loading=\"lazy\" decoding=\"async\" width=\"300\" height=\"225\" src=\"https:\/\/webdelmaestrocmf.com\/portal\/wp-content\/uploads\/2026\/07\/1AA-Banner-1-portada-imagen-10-1-copia-17-1-300x225.webp\" class=\"attachment-pk-thumbnail size-pk-thumbnail wp-post-image\" alt=\"\" \/>\t\t\t\t\t\t\t\t<\/a>\n\t\t\t\t\t\t\t<\/div>\n\t\t\t\t\t\t<\/div>\n\t\t\t\t\t<\/div>\n\t\t\t\t<\/div>\n\t\t\t\t\n\t\t\t\t<div class=\"pk-post-inner\">\n\t\t\t\t\t<header>\n\t\t\t\t\t\t<h3 class=\"pk-title\"><a href=\"https:\/\/webdelmaestrocmf.com\/portal\/como-crear-cuentos-infantiles-ilustrados-con-inteligencia-artificial-usando-gemini-diferentes-estilos-visuales-descarga-la-guia-pdf\/\" rel=\"bookmark\">C\u00f3mo crear cuentos infantiles ilustrados con inteligencia artificial usando Gemini y con diferentes estilos visuales: Descarga la gu\u00eda PDF<\/a><\/h3>\t\t\t\t\t<\/header><!-- .entry-header -->\n\t\t\t\t<\/div><!-- .post-inner -->\n\n\t\t\t<\/div><!-- .post-outer -->\n\t\t<\/article>\n\t\t\t<article id=\"post-121046\" class=\"post-121046 post type-post status-publish format-standard has-post-thumbnail category-descarga category-ia category-mapas-mentales category-pedagogia category-tecnologia tag-aprendizaje-visual tag-docentes tag-educacion-2 tag-formacion-docente-2 tag-innovacion-educativa-2 tag-inteligencia-artificial tag-mapas-mentales tag-pedagogia-2 tag-recursos-didacticos tag-tecnologia-educativa-2 cs-entry cs-video-wrap\">\n\t\t\t<div class=\"pk-post-outer\">\n\n\t\t\t\t\t\t\t\t<div class=\"pk-post-inner\">\n\t\t\t\t\t<div class=\"entry-thumbnail\">\n\t\t\t\t\t\t<div class=\"pk-overlay pk-overlay-ratio pk-ratio-landscape\">\n\t\t\t\t\t\t\t<div class=\"pk-overlay-background\">\n\t\t\t\t\t\t\t\t<a href=\"https:\/\/webdelmaestrocmf.com\/portal\/como-hacer-mapas-mentales-biograficos-con-ia-descarga-el-prompt-y-la-guia\/\" class=\"pk-overlay-link\">\n\t\t\t\t\t\t\t\t\t<img loading=\"lazy\" decoding=\"async\" width=\"300\" height=\"225\" src=\"https:\/\/webdelmaestrocmf.com\/portal\/wp-content\/uploads\/2026\/07\/1AA-Banner-1-portada-imagen-10-1-copia-15-1-300x225.webp\" class=\"attachment-pk-thumbnail size-pk-thumbnail wp-post-image\" alt=\"\" \/>\t\t\t\t\t\t\t\t<\/a>\n\t\t\t\t\t\t\t<\/div>\n\t\t\t\t\t\t<\/div>\n\t\t\t\t\t<\/div>\n\t\t\t\t<\/div>\n\t\t\t\t\n\t\t\t\t<div class=\"pk-post-inner\">\n\t\t\t\t\t<header>\n\t\t\t\t\t\t<h3 class=\"pk-title\"><a href=\"https:\/\/webdelmaestrocmf.com\/portal\/como-hacer-mapas-mentales-biograficos-con-ia-descarga-el-prompt-y-la-guia\/\" rel=\"bookmark\">C\u00f3mo hacer Mapas mentales biograficos con IA: Descarga el prompt y la gu\u00eda<\/a><\/h3>\t\t\t\t\t<\/header><!-- .entry-header -->\n\t\t\t\t<\/div><!-- .post-inner -->\n\n\t\t\t<\/div><!-- .post-outer -->\n\t\t<\/article>\n\t\t\t<article id=\"post-108997\" class=\"post-108997 post type-post status-publish format-standard has-post-thumbnail category-descarga category-informativo-tecnologia category-pedagogia category-tecnologia tag-23669 tag-docentes tag-herramientas tag-ia cs-entry cs-video-wrap\">\n\t\t\t<div class=\"pk-post-outer\">\n\n\t\t\t\t\t\t\t\t<div class=\"pk-post-inner\">\n\t\t\t\t\t<div class=\"entry-thumbnail\">\n\t\t\t\t\t\t<div class=\"pk-overlay pk-overlay-ratio pk-ratio-landscape\">\n\t\t\t\t\t\t\t<div class=\"pk-overlay-background\">\n\t\t\t\t\t\t\t\t<a href=\"https:\/\/webdelmaestrocmf.com\/portal\/nuevo-manual-pdf-con-70-herramientas-de-ia-para-docentes-que-quieren-ensenar-mejor-mas-rapido-y-con-menos-carga\/\" class=\"pk-overlay-link\">\n\t\t\t\t\t\t\t\t\t<img loading=\"lazy\" decoding=\"async\" width=\"300\" height=\"225\" src=\"https:\/\/webdelmaestrocmf.com\/portal\/wp-content\/uploads\/2025\/05\/1A-Banner-1-portada-imagen-10-1-75-300x225.jpg\" class=\"attachment-pk-thumbnail size-pk-thumbnail wp-post-image\" alt=\"\" \/>\t\t\t\t\t\t\t\t<\/a>\n\t\t\t\t\t\t\t<\/div>\n\t\t\t\t\t\t<\/div>\n\t\t\t\t\t<\/div>\n\t\t\t\t<\/div>\n\t\t\t\t\n\t\t\t\t<div class=\"pk-post-inner\">\n\t\t\t\t\t<header>\n\t\t\t\t\t\t<h3 class=\"pk-title\"><a href=\"https:\/\/webdelmaestrocmf.com\/portal\/nuevo-manual-pdf-con-70-herramientas-de-ia-para-docentes-que-quieren-ensenar-mejor-mas-rapido-y-con-menos-carga\/\" rel=\"bookmark\">Nuevo manual PDF con 70 herramientas de IA para docentes que quieren ense\u00f1ar mejor, m\u00e1s r\u00e1pido y con menos carga<\/a><\/h3>\t\t\t\t\t<\/header><!-- .entry-header -->\n\t\t\t\t<\/div><!-- .post-inner -->\n\n\t\t\t<\/div><!-- .post-outer -->\n\t\t<\/article>\n\t\t\t\t<\/div>\n\t\t<\/div>\n\t\t\n","protected":false},"excerpt":{"rendered":"Esta gu\u00eda presenta un abordaje integral del TDAH y ofrece a los docentes informaci\u00f3n sobre intervenci\u00f3n psicopedag\u00f3gica, estrategias educativas, psicoeducaci\u00f3n y coordinaci\u00f3n con familias y profesionales para acompa\u00f1ar mejor al estudiante.","protected":false},"author":1,"featured_media":121144,"comment_status":"open","ping_status":"closed","sticky":false,"template":"","format":"standard","meta":{"_jetpack_newsletter_access":"","_jetpack_dont_email_post_to_subs":false,"_jetpack_newsletter_tier_id":0,"_jetpack_memberships_contains_paywalled_content":false,"csco_display_header_overlay":false,"csco_singular_sidebar":"","csco_page_header_type":"","csco_page_load_nextpost":"","csco_post_video_location":[],"csco_post_video_location_hash":"","csco_post_video_url":"","csco_post_video_bg_start_time":0,"csco_post_video_bg_end_time":0,"csco_post_video_bg_volume":false,"_jetpack_feature_clip_id":0,"_jetpack_memberships_contains_paid_content":false,"footnotes":"","jetpack_post_was_ever_published":false},"categories":[23408,735,694],"tags":[58,23808,24792,17058,18455,17479,21447,21802,24748,1017],"class_list":["post-121140","post","type-post","status-publish","format-standard","has-post-thumbnail","category-descarga","category-pedagogia","category-tdah","tag-docentes","tag-educacion-2","tag-educacion-inclusiva-2","tag-estrategias-educativas","tag-formacion-docente-2","tag-funciones-ejecutivas","tag-intervencion-psicopedagogica","tag-necesidades-educativas","tag-psicoeducacion","tag-tdah","cs-entry","cs-video-wrap"],"yoast_head":"<!-- This site is optimized with the Yoast SEO plugin v28.4 - https:\/\/yoast.com\/product\/yoast-seo-wordpress\/ -->\n<title>Descarga la gu\u00eda en PDF: Desarrollo de un plan integral para el TDAH, una lectura necesaria para docentes y familias - 2026<\/title>\n<meta name=\"description\" content=\"El trastorno por d\u00e9ficit de atenci\u00f3n e hiperactividad (TDAH) forma parte de la realidad de muchas aulas. Para los...\" \/>\n<meta name=\"robots\" content=\"index, follow, max-snippet:-1, max-image-preview:large, max-video-preview:-1\" \/>\n<link rel=\"canonical\" href=\"https:\/\/webdelmaestrocmf.com\/portal\/descarga-la-guia-en-pdf-desarrollo-de-un-plan-integral-para-el-tdah-una-lectura-necesaria-para-docentes-y-familias\/\" \/>\n<meta property=\"og:locale\" content=\"es_ES\" \/>\n<meta property=\"og:type\" content=\"article\" \/>\n<meta property=\"og:title\" content=\"Descarga la gu\u00eda en PDF: Desarrollo de un plan integral para el TDAH, una lectura necesaria para docentes y familias - 2026\" \/>\n<meta property=\"og:description\" content=\"El trastorno por d\u00e9ficit de atenci\u00f3n e hiperactividad (TDAH) forma parte de la realidad de muchas aulas. Para los...\" \/>\n<meta property=\"og:url\" content=\"https:\/\/webdelmaestrocmf.com\/portal\/descarga-la-guia-en-pdf-desarrollo-de-un-plan-integral-para-el-tdah-una-lectura-necesaria-para-docentes-y-familias\/\" \/>\n<meta property=\"og:site_name\" content=\"Web del Maestro CMF\" \/>\n<meta property=\"article:publisher\" content=\"https:\/\/www.facebook.com\/WebdelMaestroCMF\/\" \/>\n<meta property=\"article:author\" content=\"https:\/\/www.facebook.com\/WebdelMaestroCMF\/\" \/>\n<meta property=\"article:published_time\" content=\"2026-09-05T00:33:09+00:00\" \/>\n<meta property=\"article:modified_time\" content=\"2026-09-05T00:42:44+00:00\" \/>\n<meta property=\"og:image\" content=\"https:\/\/webdelmaestrocmf.com\/portal\/wp-content\/uploads\/2026\/09\/1AA-Banner-1-portada-imagen-10-1-copia-19.webp\" \/>\n\t<meta property=\"og:image:width\" content=\"1200\" \/>\n\t<meta property=\"og:image:height\" content=\"675\" \/>\n\t<meta property=\"og:image:type\" content=\"image\/webp\" \/>\n<meta name=\"author\" content=\"Web del Maestro CMF\" \/>\n<meta name=\"twitter:card\" content=\"summary_large_image\" \/>\n<meta name=\"twitter:creator\" content=\"@cmf_w\" \/>\n<meta name=\"twitter:site\" content=\"@cmf_w\" \/>\n<script type=\"application\/ld+json\" class=\"yoast-schema-graph\">{\"@context\":\"https:\\\/\\\/schema.org\",\"@graph\":[{\"@type\":\"ScholarlyArticle\",\"@id\":\"https:\\\/\\\/webdelmaestrocmf.com\\\/portal\\\/descarga-la-guia-en-pdf-desarrollo-de-un-plan-integral-para-el-tdah-una-lectura-necesaria-para-docentes-y-familias\\\/#article\",\"isPartOf\":{\"@id\":\"https:\\\/\\\/webdelmaestrocmf.com\\\/portal\\\/descarga-la-guia-en-pdf-desarrollo-de-un-plan-integral-para-el-tdah-una-lectura-necesaria-para-docentes-y-familias\\\/\"},\"author\":{\"name\":\"Web del Maestro CMF\",\"@id\":\"https:\\\/\\\/webdelmaestrocmf.com\\\/portal\\\/#\\\/schema\\\/person\\\/1072a2ed7bd960df8ef99a551fa35dc5\"},\"headline\":\"Descarga la gu\u00eda en PDF: Desarrollo de un plan integral para el TDAH, una lectura necesaria para docentes y familias\",\"datePublished\":\"2026-09-05T00:33:09+00:00\",\"dateModified\":\"2026-09-05T00:42:44+00:00\",\"mainEntityOfPage\":{\"@id\":\"https:\\\/\\\/webdelmaestrocmf.com\\\/portal\\\/descarga-la-guia-en-pdf-desarrollo-de-un-plan-integral-para-el-tdah-una-lectura-necesaria-para-docentes-y-familias\\\/\"},\"wordCount\":1087,\"commentCount\":0,\"publisher\":{\"@id\":\"https:\\\/\\\/webdelmaestrocmf.com\\\/portal\\\/#organization\"},\"image\":{\"@id\":\"https:\\\/\\\/webdelmaestrocmf.com\\\/portal\\\/descarga-la-guia-en-pdf-desarrollo-de-un-plan-integral-para-el-tdah-una-lectura-necesaria-para-docentes-y-familias\\\/#primaryimage\"},\"thumbnailUrl\":\"https:\\\/\\\/webdelmaestrocmf.com\\\/portal\\\/wp-content\\\/uploads\\\/2026\\\/09\\\/1AA-Banner-1-portada-imagen-10-1-copia-19.webp\",\"keywords\":[\"DOCENTES\",\"educaci\u00f3n\",\"educaci\u00f3n inclusiva\",\"Estrategias educativas\",\"Formaci\u00f3n docente\",\"funciones ejecutivas\",\"Intervenci\u00f3n psicopedag\u00f3gica\",\"Necesidades Educativas\",\"psicoeducaci\u00f3n\",\"TDAH\"],\"articleSection\":[\"Descarga\",\"Recursos\",\"TDAH\"],\"inLanguage\":\"es\",\"potentialAction\":[{\"@type\":\"CommentAction\",\"name\":\"Comment\",\"target\":[\"https:\\\/\\\/webdelmaestrocmf.com\\\/portal\\\/descarga-la-guia-en-pdf-desarrollo-de-un-plan-integral-para-el-tdah-una-lectura-necesaria-para-docentes-y-familias\\\/#respond\"]}]},{\"@type\":\"WebPage\",\"@id\":\"https:\\\/\\\/webdelmaestrocmf.com\\\/portal\\\/descarga-la-guia-en-pdf-desarrollo-de-un-plan-integral-para-el-tdah-una-lectura-necesaria-para-docentes-y-familias\\\/\",\"url\":\"https:\\\/\\\/webdelmaestrocmf.com\\\/portal\\\/descarga-la-guia-en-pdf-desarrollo-de-un-plan-integral-para-el-tdah-una-lectura-necesaria-para-docentes-y-familias\\\/\",\"name\":\"Descarga la gu\u00eda en PDF: Desarrollo de un plan integral para el TDAH, una lectura necesaria para docentes y familias - 2026\",\"isPartOf\":{\"@id\":\"https:\\\/\\\/webdelmaestrocmf.com\\\/portal\\\/#website\"},\"primaryImageOfPage\":{\"@id\":\"https:\\\/\\\/webdelmaestrocmf.com\\\/portal\\\/descarga-la-guia-en-pdf-desarrollo-de-un-plan-integral-para-el-tdah-una-lectura-necesaria-para-docentes-y-familias\\\/#primaryimage\"},\"image\":{\"@id\":\"https:\\\/\\\/webdelmaestrocmf.com\\\/portal\\\/descarga-la-guia-en-pdf-desarrollo-de-un-plan-integral-para-el-tdah-una-lectura-necesaria-para-docentes-y-familias\\\/#primaryimage\"},\"thumbnailUrl\":\"https:\\\/\\\/webdelmaestrocmf.com\\\/portal\\\/wp-content\\\/uploads\\\/2026\\\/09\\\/1AA-Banner-1-portada-imagen-10-1-copia-19.webp\",\"datePublished\":\"2026-09-05T00:33:09+00:00\",\"dateModified\":\"2026-09-05T00:42:44+00:00\",\"description\":\"El trastorno por d\u00e9ficit de atenci\u00f3n e hiperactividad (TDAH) forma parte de la realidad de muchas aulas. Para los...\",\"breadcrumb\":{\"@id\":\"https:\\\/\\\/webdelmaestrocmf.com\\\/portal\\\/descarga-la-guia-en-pdf-desarrollo-de-un-plan-integral-para-el-tdah-una-lectura-necesaria-para-docentes-y-familias\\\/#breadcrumb\"},\"inLanguage\":\"es\",\"potentialAction\":[{\"@type\":\"ReadAction\",\"target\":[\"https:\\\/\\\/webdelmaestrocmf.com\\\/portal\\\/descarga-la-guia-en-pdf-desarrollo-de-un-plan-integral-para-el-tdah-una-lectura-necesaria-para-docentes-y-familias\\\/\"]}]},{\"@type\":\"ImageObject\",\"inLanguage\":\"es\",\"@id\":\"https:\\\/\\\/webdelmaestrocmf.com\\\/portal\\\/descarga-la-guia-en-pdf-desarrollo-de-un-plan-integral-para-el-tdah-una-lectura-necesaria-para-docentes-y-familias\\\/#primaryimage\",\"url\":\"https:\\\/\\\/webdelmaestrocmf.com\\\/portal\\\/wp-content\\\/uploads\\\/2026\\\/09\\\/1AA-Banner-1-portada-imagen-10-1-copia-19.webp\",\"contentUrl\":\"https:\\\/\\\/webdelmaestrocmf.com\\\/portal\\\/wp-content\\\/uploads\\\/2026\\\/09\\\/1AA-Banner-1-portada-imagen-10-1-copia-19.webp\",\"width\":1200,\"height\":675},{\"@type\":\"BreadcrumbList\",\"@id\":\"https:\\\/\\\/webdelmaestrocmf.com\\\/portal\\\/descarga-la-guia-en-pdf-desarrollo-de-un-plan-integral-para-el-tdah-una-lectura-necesaria-para-docentes-y-familias\\\/#breadcrumb\",\"itemListElement\":[{\"@type\":\"ListItem\",\"position\":1,\"name\":\"Portada\",\"item\":\"https:\\\/\\\/webdelmaestrocmf.com\\\/portal\\\/\"},{\"@type\":\"ListItem\",\"position\":2,\"name\":\"Descarga\",\"item\":\"https:\\\/\\\/webdelmaestrocmf.com\\\/portal\\\/category\\\/descarga\\\/\"},{\"@type\":\"ListItem\",\"position\":3,\"name\":\"Descarga la gu\u00eda en PDF: Desarrollo de un plan integral para el TDAH, una lectura necesaria para docentes y familias\"}]},{\"@type\":\"WebSite\",\"@id\":\"https:\\\/\\\/webdelmaestrocmf.com\\\/portal\\\/#website\",\"url\":\"https:\\\/\\\/webdelmaestrocmf.com\\\/portal\\\/\",\"name\":\"Web del Maestro CMF\",\"description\":\"Maestros al servicio de la educaci\u00f3n\",\"publisher\":{\"@id\":\"https:\\\/\\\/webdelmaestrocmf.com\\\/portal\\\/#organization\"},\"alternateName\":\"WMCMF\",\"potentialAction\":[{\"@type\":\"SearchAction\",\"target\":{\"@type\":\"EntryPoint\",\"urlTemplate\":\"https:\\\/\\\/webdelmaestrocmf.com\\\/portal\\\/?s={search_term_string}\"},\"query-input\":{\"@type\":\"PropertyValueSpecification\",\"valueRequired\":true,\"valueName\":\"search_term_string\"}}],\"inLanguage\":\"es\"},{\"@type\":\"Organization\",\"@id\":\"https:\\\/\\\/webdelmaestrocmf.com\\\/portal\\\/#organization\",\"name\":\"Web del Maestro CMF\",\"alternateName\":\"WMCMF\",\"url\":\"https:\\\/\\\/webdelmaestrocmf.com\\\/portal\\\/\",\"logo\":{\"@type\":\"ImageObject\",\"inLanguage\":\"es\",\"@id\":\"https:\\\/\\\/webdelmaestrocmf.com\\\/portal\\\/#\\\/schema\\\/logo\\\/image\\\/\",\"url\":\"https:\\\/\\\/webdelmaestrocmf.com\\\/portal\\\/wp-content\\\/uploads\\\/2023\\\/01\\\/logo-wmcmf-2.png\",\"contentUrl\":\"https:\\\/\\\/webdelmaestrocmf.com\\\/portal\\\/wp-content\\\/uploads\\\/2023\\\/01\\\/logo-wmcmf-2.png\",\"width\":200,\"height\":60,\"caption\":\"Web del Maestro CMF\"},\"image\":{\"@id\":\"https:\\\/\\\/webdelmaestrocmf.com\\\/portal\\\/#\\\/schema\\\/logo\\\/image\\\/\"},\"sameAs\":[\"https:\\\/\\\/www.facebook.com\\\/WebdelMaestroCMF\\\/\",\"https:\\\/\\\/x.com\\\/cmf_w\",\"https:\\\/\\\/www.pinterest.com\\\/WMCMF\\\/\",\"https:\\\/\\\/www.linkedin.com\\\/company\\\/web-del-maestro-cmf\\\/\",\"https:\\\/\\\/www.instagram.com\\\/wmcmf\\\/\",\"https:\\\/\\\/www.youtube.com\\\/channel\\\/UCDPSvjbdodE5sHnC3OxutHw\",\"https:\\\/\\\/mastodon.social\\\/@wmcmf\",\"https:\\\/\\\/www.tiktok.com\\\/@webdelmaestrocmf\"]},{\"@type\":\"Person\",\"@id\":\"https:\\\/\\\/webdelmaestrocmf.com\\\/portal\\\/#\\\/schema\\\/person\\\/1072a2ed7bd960df8ef99a551fa35dc5\",\"name\":\"Web del Maestro CMF\",\"image\":{\"@type\":\"ImageObject\",\"inLanguage\":\"es\",\"@id\":\"https:\\\/\\\/secure.gravatar.com\\\/avatar\\\/23291dd5b5ae1077dcff3dbb04c3e02bd28403fa75af6d8787d5e97c5bbbe30b?s=96&d=mm&r=g\",\"url\":\"https:\\\/\\\/secure.gravatar.com\\\/avatar\\\/23291dd5b5ae1077dcff3dbb04c3e02bd28403fa75af6d8787d5e97c5bbbe30b?s=96&d=mm&r=g\",\"contentUrl\":\"https:\\\/\\\/secure.gravatar.com\\\/avatar\\\/23291dd5b5ae1077dcff3dbb04c3e02bd28403fa75af6d8787d5e97c5bbbe30b?s=96&d=mm&r=g\",\"caption\":\"Web del Maestro CMF\"},\"description\":\"Esta Web se cre\u00f3 sin fines de lucro, con fines educativos, cient\u00edficos y acad\u00e9micos, para personas que tengan dificultades y\\\/o inconvenientes en visualizar el material original. El objetivo es entregar recursos, compartir experiencias y materiales que ayuden a los padres de familia, maestros y estudiantes en su actualizaci\u00f3n y formaci\u00f3n permanente, en bien de la Educaci\u00f3n.\",\"sameAs\":[\"http:\\\/\\\/webdelmaestrocmf.com\\\/portal\",\"https:\\\/\\\/www.facebook.com\\\/WebdelMaestroCMF\\\/\",\"https:\\\/\\\/www.instagram.com\\\/wmcmf\\\/\",\"https:\\\/\\\/cl.linkedin.com\\\/company\\\/web-del-maestro-cmf\",\"https:\\\/\\\/www.pinterest.com\\\/WMCMF\\\/publicaciones\\\/\",\"https:\\\/\\\/x.com\\\/cmf_w\",\"https:\\\/\\\/www.youtube.com\\\/@WMCMF\"]}]}<\/script>\n<!-- \/ Yoast SEO plugin. -->","yoast_head_json":{"title":"Descarga la gu\u00eda en PDF: Desarrollo de un plan integral para el TDAH, una lectura necesaria para docentes y familias - 2026","description":"El trastorno por d\u00e9ficit de atenci\u00f3n e hiperactividad (TDAH) forma parte de la realidad de muchas aulas. Para los...","robots":{"index":"index","follow":"follow","max-snippet":"max-snippet:-1","max-image-preview":"max-image-preview:large","max-video-preview":"max-video-preview:-1"},"canonical":"https:\/\/webdelmaestrocmf.com\/portal\/descarga-la-guia-en-pdf-desarrollo-de-un-plan-integral-para-el-tdah-una-lectura-necesaria-para-docentes-y-familias\/","og_locale":"es_ES","og_type":"article","og_title":"Descarga la gu\u00eda en PDF: Desarrollo de un plan integral para el TDAH, una lectura necesaria para docentes y familias - 2026","og_description":"El trastorno por d\u00e9ficit de atenci\u00f3n e hiperactividad (TDAH) forma parte de la realidad de muchas aulas. Para los...","og_url":"https:\/\/webdelmaestrocmf.com\/portal\/descarga-la-guia-en-pdf-desarrollo-de-un-plan-integral-para-el-tdah-una-lectura-necesaria-para-docentes-y-familias\/","og_site_name":"Web del Maestro CMF","article_publisher":"https:\/\/www.facebook.com\/WebdelMaestroCMF\/","article_author":"https:\/\/www.facebook.com\/WebdelMaestroCMF\/","article_published_time":"2026-09-05T00:33:09+00:00","article_modified_time":"2026-09-05T00:42:44+00:00","og_image":[{"width":1200,"height":675,"url":"https:\/\/webdelmaestrocmf.com\/portal\/wp-content\/uploads\/2026\/09\/1AA-Banner-1-portada-imagen-10-1-copia-19.webp","type":"image\/webp"}],"author":"Web del Maestro CMF","twitter_card":"summary_large_image","twitter_creator":"@cmf_w","twitter_site":"@cmf_w","schema":{"@context":"https:\/\/schema.org","@graph":[{"@type":"ScholarlyArticle","@id":"https:\/\/webdelmaestrocmf.com\/portal\/descarga-la-guia-en-pdf-desarrollo-de-un-plan-integral-para-el-tdah-una-lectura-necesaria-para-docentes-y-familias\/#article","isPartOf":{"@id":"https:\/\/webdelmaestrocmf.com\/portal\/descarga-la-guia-en-pdf-desarrollo-de-un-plan-integral-para-el-tdah-una-lectura-necesaria-para-docentes-y-familias\/"},"author":{"name":"Web del Maestro CMF","@id":"https:\/\/webdelmaestrocmf.com\/portal\/#\/schema\/person\/1072a2ed7bd960df8ef99a551fa35dc5"},"headline":"Descarga la gu\u00eda en PDF: Desarrollo de un plan integral para el TDAH, una lectura necesaria para docentes y familias","datePublished":"2026-09-05T00:33:09+00:00","dateModified":"2026-09-05T00:42:44+00:00","mainEntityOfPage":{"@id":"https:\/\/webdelmaestrocmf.com\/portal\/descarga-la-guia-en-pdf-desarrollo-de-un-plan-integral-para-el-tdah-una-lectura-necesaria-para-docentes-y-familias\/"},"wordCount":1087,"commentCount":0,"publisher":{"@id":"https:\/\/webdelmaestrocmf.com\/portal\/#organization"},"image":{"@id":"https:\/\/webdelmaestrocmf.com\/portal\/descarga-la-guia-en-pdf-desarrollo-de-un-plan-integral-para-el-tdah-una-lectura-necesaria-para-docentes-y-familias\/#primaryimage"},"thumbnailUrl":"https:\/\/webdelmaestrocmf.com\/portal\/wp-content\/uploads\/2026\/09\/1AA-Banner-1-portada-imagen-10-1-copia-19.webp","keywords":["DOCENTES","educaci\u00f3n","educaci\u00f3n inclusiva","Estrategias educativas","Formaci\u00f3n docente","funciones ejecutivas","Intervenci\u00f3n psicopedag\u00f3gica","Necesidades Educativas","psicoeducaci\u00f3n","TDAH"],"articleSection":["Descarga","Recursos","TDAH"],"inLanguage":"es","potentialAction":[{"@type":"CommentAction","name":"Comment","target":["https:\/\/webdelmaestrocmf.com\/portal\/descarga-la-guia-en-pdf-desarrollo-de-un-plan-integral-para-el-tdah-una-lectura-necesaria-para-docentes-y-familias\/#respond"]}]},{"@type":"WebPage","@id":"https:\/\/webdelmaestrocmf.com\/portal\/descarga-la-guia-en-pdf-desarrollo-de-un-plan-integral-para-el-tdah-una-lectura-necesaria-para-docentes-y-familias\/","url":"https:\/\/webdelmaestrocmf.com\/portal\/descarga-la-guia-en-pdf-desarrollo-de-un-plan-integral-para-el-tdah-una-lectura-necesaria-para-docentes-y-familias\/","name":"Descarga la gu\u00eda en PDF: Desarrollo de un plan integral para el TDAH, una lectura necesaria para docentes y familias - 2026","isPartOf":{"@id":"https:\/\/webdelmaestrocmf.com\/portal\/#website"},"primaryImageOfPage":{"@id":"https:\/\/webdelmaestrocmf.com\/portal\/descarga-la-guia-en-pdf-desarrollo-de-un-plan-integral-para-el-tdah-una-lectura-necesaria-para-docentes-y-familias\/#primaryimage"},"image":{"@id":"https:\/\/webdelmaestrocmf.com\/portal\/descarga-la-guia-en-pdf-desarrollo-de-un-plan-integral-para-el-tdah-una-lectura-necesaria-para-docentes-y-familias\/#primaryimage"},"thumbnailUrl":"https:\/\/webdelmaestrocmf.com\/portal\/wp-content\/uploads\/2026\/09\/1AA-Banner-1-portada-imagen-10-1-copia-19.webp","datePublished":"2026-09-05T00:33:09+00:00","dateModified":"2026-09-05T00:42:44+00:00","description":"El trastorno por d\u00e9ficit de atenci\u00f3n e hiperactividad (TDAH) forma parte de la realidad de muchas aulas. Para los...","breadcrumb":{"@id":"https:\/\/webdelmaestrocmf.com\/portal\/descarga-la-guia-en-pdf-desarrollo-de-un-plan-integral-para-el-tdah-una-lectura-necesaria-para-docentes-y-familias\/#breadcrumb"},"inLanguage":"es","potentialAction":[{"@type":"ReadAction","target":["https:\/\/webdelmaestrocmf.com\/portal\/descarga-la-guia-en-pdf-desarrollo-de-un-plan-integral-para-el-tdah-una-lectura-necesaria-para-docentes-y-familias\/"]}]},{"@type":"ImageObject","inLanguage":"es","@id":"https:\/\/webdelmaestrocmf.com\/portal\/descarga-la-guia-en-pdf-desarrollo-de-un-plan-integral-para-el-tdah-una-lectura-necesaria-para-docentes-y-familias\/#primaryimage","url":"https:\/\/webdelmaestrocmf.com\/portal\/wp-content\/uploads\/2026\/09\/1AA-Banner-1-portada-imagen-10-1-copia-19.webp","contentUrl":"https:\/\/webdelmaestrocmf.com\/portal\/wp-content\/uploads\/2026\/09\/1AA-Banner-1-portada-imagen-10-1-copia-19.webp","width":1200,"height":675},{"@type":"BreadcrumbList","@id":"https:\/\/webdelmaestrocmf.com\/portal\/descarga-la-guia-en-pdf-desarrollo-de-un-plan-integral-para-el-tdah-una-lectura-necesaria-para-docentes-y-familias\/#breadcrumb","itemListElement":[{"@type":"ListItem","position":1,"name":"Portada","item":"https:\/\/webdelmaestrocmf.com\/portal\/"},{"@type":"ListItem","position":2,"name":"Descarga","item":"https:\/\/webdelmaestrocmf.com\/portal\/category\/descarga\/"},{"@type":"ListItem","position":3,"name":"Descarga la gu\u00eda en PDF: Desarrollo de un plan integral para el TDAH, una lectura necesaria para docentes y familias"}]},{"@type":"WebSite","@id":"https:\/\/webdelmaestrocmf.com\/portal\/#website","url":"https:\/\/webdelmaestrocmf.com\/portal\/","name":"Web del Maestro CMF","description":"Maestros al servicio de la educaci\u00f3n","publisher":{"@id":"https:\/\/webdelmaestrocmf.com\/portal\/#organization"},"alternateName":"WMCMF","potentialAction":[{"@type":"SearchAction","target":{"@type":"EntryPoint","urlTemplate":"https:\/\/webdelmaestrocmf.com\/portal\/?s={search_term_string}"},"query-input":{"@type":"PropertyValueSpecification","valueRequired":true,"valueName":"search_term_string"}}],"inLanguage":"es"},{"@type":"Organization","@id":"https:\/\/webdelmaestrocmf.com\/portal\/#organization","name":"Web del Maestro CMF","alternateName":"WMCMF","url":"https:\/\/webdelmaestrocmf.com\/portal\/","logo":{"@type":"ImageObject","inLanguage":"es","@id":"https:\/\/webdelmaestrocmf.com\/portal\/#\/schema\/logo\/image\/","url":"https:\/\/webdelmaestrocmf.com\/portal\/wp-content\/uploads\/2023\/01\/logo-wmcmf-2.png","contentUrl":"https:\/\/webdelmaestrocmf.com\/portal\/wp-content\/uploads\/2023\/01\/logo-wmcmf-2.png","width":200,"height":60,"caption":"Web del Maestro CMF"},"image":{"@id":"https:\/\/webdelmaestrocmf.com\/portal\/#\/schema\/logo\/image\/"},"sameAs":["https:\/\/www.facebook.com\/WebdelMaestroCMF\/","https:\/\/x.com\/cmf_w","https:\/\/www.pinterest.com\/WMCMF\/","https:\/\/www.linkedin.com\/company\/web-del-maestro-cmf\/","https:\/\/www.instagram.com\/wmcmf\/","https:\/\/www.youtube.com\/channel\/UCDPSvjbdodE5sHnC3OxutHw","https:\/\/mastodon.social\/@wmcmf","https:\/\/www.tiktok.com\/@webdelmaestrocmf"]},{"@type":"Person","@id":"https:\/\/webdelmaestrocmf.com\/portal\/#\/schema\/person\/1072a2ed7bd960df8ef99a551fa35dc5","name":"Web del Maestro CMF","image":{"@type":"ImageObject","inLanguage":"es","@id":"https:\/\/secure.gravatar.com\/avatar\/23291dd5b5ae1077dcff3dbb04c3e02bd28403fa75af6d8787d5e97c5bbbe30b?s=96&d=mm&r=g","url":"https:\/\/secure.gravatar.com\/avatar\/23291dd5b5ae1077dcff3dbb04c3e02bd28403fa75af6d8787d5e97c5bbbe30b?s=96&d=mm&r=g","contentUrl":"https:\/\/secure.gravatar.com\/avatar\/23291dd5b5ae1077dcff3dbb04c3e02bd28403fa75af6d8787d5e97c5bbbe30b?s=96&d=mm&r=g","caption":"Web del Maestro CMF"},"description":"Esta Web se cre\u00f3 sin fines de lucro, con fines educativos, cient\u00edficos y acad\u00e9micos, para personas que tengan dificultades y\/o inconvenientes en visualizar el material original. El objetivo es entregar recursos, compartir experiencias y materiales que ayuden a los padres de familia, maestros y estudiantes en su actualizaci\u00f3n y formaci\u00f3n permanente, en bien de la Educaci\u00f3n.","sameAs":["http:\/\/webdelmaestrocmf.com\/portal","https:\/\/www.facebook.com\/WebdelMaestroCMF\/","https:\/\/www.instagram.com\/wmcmf\/","https:\/\/cl.linkedin.com\/company\/web-del-maestro-cmf","https:\/\/www.pinterest.com\/WMCMF\/publicaciones\/","https:\/\/x.com\/cmf_w","https:\/\/www.youtube.com\/@WMCMF"]}]}},"jetpack_sharing_enabled":true,"jetpack-related-posts":[{"id":75055,"url":"https:\/\/webdelmaestrocmf.com\/portal\/3-importantes-tipos-de-tdah-que-como-docentes-deberiamos-saber-diferenciar\/","url_meta":{"origin":121140,"position":0},"title":"3 importantes tipos de TDAH que, como docentes, deber\u00edamos saber diferenciar","author":"Web del Maestro CMF","date":"8 junio, 2026","format":false,"excerpt":"El TDAH puede manifestarse de tres formas: hiperactividad e impulsividad, falta de atenci\u00f3n o una combinaci\u00f3n de ambas. Los s\u00edntomas cambian con el crecimiento y afectan el aprendizaje, comportamiento y convivencia escolar.","rel":"","context":"En \u00abRecursos\u00bb","block_context":{"text":"Recursos","link":"https:\/\/webdelmaestrocmf.com\/portal\/category\/pedagogia\/"},"img":{"alt_text":"","src":"https:\/\/i0.wp.com\/webdelmaestrocmf.com\/portal\/wp-content\/uploads\/2026\/06\/1AA-Banner-1-portada-imagen-10-1-copia-11-1.webp?resize=350%2C200&ssl=1","width":350,"height":200,"srcset":"https:\/\/i0.wp.com\/webdelmaestrocmf.com\/portal\/wp-content\/uploads\/2026\/06\/1AA-Banner-1-portada-imagen-10-1-copia-11-1.webp?resize=350%2C200&ssl=1 1x, https:\/\/i0.wp.com\/webdelmaestrocmf.com\/portal\/wp-content\/uploads\/2026\/06\/1AA-Banner-1-portada-imagen-10-1-copia-11-1.webp?resize=525%2C300&ssl=1 1.5x, https:\/\/i0.wp.com\/webdelmaestrocmf.com\/portal\/wp-content\/uploads\/2026\/06\/1AA-Banner-1-portada-imagen-10-1-copia-11-1.webp?resize=700%2C400&ssl=1 2x, https:\/\/i0.wp.com\/webdelmaestrocmf.com\/portal\/wp-content\/uploads\/2026\/06\/1AA-Banner-1-portada-imagen-10-1-copia-11-1.webp?resize=1050%2C600&ssl=1 3x"},"classes":[]},{"id":95968,"url":"https:\/\/webdelmaestrocmf.com\/portal\/que-puedo-hacer-para-que-mi-alumno-con-tdah-deje-de-gritar-en-el-salon-de-clases\/","url_meta":{"origin":121140,"position":1},"title":"\u00bfQu\u00e9 puedo hacer para que mi alumno con TDAH deje de gritar en el sal\u00f3n de clases?","author":"Web del Maestro CMF","date":"26 septiembre, 2023","format":false,"excerpt":"Una de las caracter\u00edsticas m\u00e1s llamativas del ni\u00f1o o alumno hiperactivo es, precisamente, la excesiva actividad motora que sobrepasa los l\u00edmites normales para su edad y su nivel madurativo. Este exceso de actividad motriz se manifiesta normalmente por una necesidad de moverse constantemente y por la falta de autocontrol corporal\u2026","rel":"","context":"En \u00abRecursos\u00bb","block_context":{"text":"Recursos","link":"https:\/\/webdelmaestrocmf.com\/portal\/category\/pedagogia\/"},"img":{"alt_text":"alumno","src":"https:\/\/i0.wp.com\/webdelmaestrocmf.com\/portal\/wp-content\/uploads\/2023\/09\/A12B3C4D-33.jpg?resize=350%2C200&ssl=1","width":350,"height":200,"srcset":"https:\/\/i0.wp.com\/webdelmaestrocmf.com\/portal\/wp-content\/uploads\/2023\/09\/A12B3C4D-33.jpg?resize=350%2C200&ssl=1 1x, https:\/\/i0.wp.com\/webdelmaestrocmf.com\/portal\/wp-content\/uploads\/2023\/09\/A12B3C4D-33.jpg?resize=525%2C300&ssl=1 1.5x, https:\/\/i0.wp.com\/webdelmaestrocmf.com\/portal\/wp-content\/uploads\/2023\/09\/A12B3C4D-33.jpg?resize=700%2C400&ssl=1 2x"},"classes":[]},{"id":32762,"url":"https:\/\/webdelmaestrocmf.com\/portal\/tipos-de-tdah-caracteristicas-causas-y-sintomas\/","url_meta":{"origin":121140,"position":2},"title":"Causas, caracter\u00edsticas, s\u00edntomas y tipos de TDAH que todo docente deber\u00eda conocer e identificar","author":"Web del Maestro CMF","date":"9 diciembre, 2019","format":false,"excerpt":"Hoy en d\u00eda todo el mundo conoce el\u00a0Trastorno por D\u00e9ficit de Atenci\u00f3n con\/sin Hiperactividad. Su incidencia oscila entre un\u00a05\u00a0y un\u00a020%\u00a0de la poblaci\u00f3n infantil, aunque es cierto que muchos casos no se llegan a diagnosticar. Debido a su aumento en los \u00faltimos a\u00f1os, es uno de los trastornos mentales m\u00e1s preocupantes\u2026","rel":"","context":"En \u00abRecursos\u00bb","block_context":{"text":"Recursos","link":"https:\/\/webdelmaestrocmf.com\/portal\/category\/pedagogia\/"},"img":{"alt_text":"","src":"https:\/\/i0.wp.com\/webdelmaestrocmf.com\/portal\/wp-content\/uploads\/2018\/11\/1-111.jpg?resize=350%2C200&ssl=1","width":350,"height":200,"srcset":"https:\/\/i0.wp.com\/webdelmaestrocmf.com\/portal\/wp-content\/uploads\/2018\/11\/1-111.jpg?resize=350%2C200&ssl=1 1x, https:\/\/i0.wp.com\/webdelmaestrocmf.com\/portal\/wp-content\/uploads\/2018\/11\/1-111.jpg?resize=525%2C300&ssl=1 1.5x, https:\/\/i0.wp.com\/webdelmaestrocmf.com\/portal\/wp-content\/uploads\/2018\/11\/1-111.jpg?resize=700%2C400&ssl=1 2x, https:\/\/i0.wp.com\/webdelmaestrocmf.com\/portal\/wp-content\/uploads\/2018\/11\/1-111.jpg?resize=1050%2C600&ssl=1 3x"},"classes":[]},{"id":93426,"url":"https:\/\/webdelmaestrocmf.com\/portal\/dinamicas-para-estudiantes-con-trastorno-por-deficit-de-atencion-e-hiperactividad-tdah\/","url_meta":{"origin":121140,"position":3},"title":"Descraga las din\u00e1micas para estudiantes con Trastorno por D\u00e9ficit de Atenci\u00f3n e Hiperactividad (TDAH)","author":"Web del Maestro CMF","date":"28 octubre, 2024","format":false,"excerpt":"El Trastorno por D\u00e9ficit de Atenci\u00f3n e Hiperactividad (TDAH) es una condici\u00f3n neuropsiqui\u00e1trica que afecta a ni\u00f1os y adultos en todo el mundo. Siendo uno de los trastornos m\u00e1s comunes en la infancia, el TDAH se caracteriza por la dificultad en mantener la atenci\u00f3n, la impulsividad y la hiperactividad. A\u2026","rel":"","context":"En \u00abRecursos\u00bb","block_context":{"text":"Recursos","link":"https:\/\/webdelmaestrocmf.com\/portal\/category\/pedagogia\/"},"img":{"alt_text":"","src":"https:\/\/i0.wp.com\/webdelmaestrocmf.com\/portal\/wp-content\/uploads\/2023\/08\/Banner-1-portada-imagen-10-1-7.jpg?resize=350%2C200&ssl=1","width":350,"height":200,"srcset":"https:\/\/i0.wp.com\/webdelmaestrocmf.com\/portal\/wp-content\/uploads\/2023\/08\/Banner-1-portada-imagen-10-1-7.jpg?resize=350%2C200&ssl=1 1x, https:\/\/i0.wp.com\/webdelmaestrocmf.com\/portal\/wp-content\/uploads\/2023\/08\/Banner-1-portada-imagen-10-1-7.jpg?resize=525%2C300&ssl=1 1.5x, https:\/\/i0.wp.com\/webdelmaestrocmf.com\/portal\/wp-content\/uploads\/2023\/08\/Banner-1-portada-imagen-10-1-7.jpg?resize=700%2C400&ssl=1 2x"},"classes":[]},{"id":84388,"url":"https:\/\/webdelmaestrocmf.com\/portal\/como-se-realiza-un-diagnostico-de-tdah-y-por-que-es-importante-para-un-docente-conocer-detectar-y-gestionar-el-tdah\/","url_meta":{"origin":121140,"position":4},"title":"C\u00f3mo se realiza un diagn\u00f3stico de TDAH y por qu\u00e9 es importante para un docente conocer, detectar y gestionar el TDAH","author":"Web del Maestro CMF","date":"18 febrero, 2023","format":false,"excerpt":"Saber hacer un diagn\u00f3stico de TDAH a tiempo es fundamental para el buen desarrollo de los ni\u00f1os y ni\u00f1as que lo sufren. Aprende, pues, a detectar los s\u00edntomas a tiempo. El trastorno por d\u00e9ficit de atenci\u00f3n e hiperactividad (TDAH) es uno de los trastornos del\u00a0neurodesarrollo m\u00e1s frecuentes de la ni\u00f1ez.\u2026","rel":"","context":"En \u00abRecursos\u00bb","block_context":{"text":"Recursos","link":"https:\/\/webdelmaestrocmf.com\/portal\/category\/pedagogia\/"},"img":{"alt_text":"","src":"https:\/\/i0.wp.com\/webdelmaestrocmf.com\/portal\/wp-content\/uploads\/2023\/02\/1-19.jpeg?resize=350%2C200&ssl=1","width":350,"height":200,"srcset":"https:\/\/i0.wp.com\/webdelmaestrocmf.com\/portal\/wp-content\/uploads\/2023\/02\/1-19.jpeg?resize=350%2C200&ssl=1 1x, https:\/\/i0.wp.com\/webdelmaestrocmf.com\/portal\/wp-content\/uploads\/2023\/02\/1-19.jpeg?resize=525%2C300&ssl=1 1.5x, https:\/\/i0.wp.com\/webdelmaestrocmf.com\/portal\/wp-content\/uploads\/2023\/02\/1-19.jpeg?resize=700%2C400&ssl=1 2x"},"classes":[]},{"id":43518,"url":"https:\/\/webdelmaestrocmf.com\/portal\/emilio-fernandez-un-porcentaje-de-los-educadores-han-tenido-una-formacion-en-la-cual-no-se-ha-prestado-atencion-al-tdah-dislexia-discalculia\/","url_meta":{"origin":121140,"position":5},"title":"Emilio Fern\u00e1ndez: Un porcentaje de los educadores han tenido una formaci\u00f3n en la cual no se ha prestado atenci\u00f3n al Tdah, Dislexia o la Discalculia","author":"Web del Maestro CMF","date":"17 enero, 2020","format":false,"excerpt":"Emilio Fern\u00e1ndez, un destacado experto en educaci\u00f3n, arroja luz sobre una preocupaci\u00f3n fundamental en el campo pedag\u00f3gico: la formaci\u00f3n de educadores. Su an\u00e1lisis revela que un porcentaje significativo de estos profesionales ha atravesado procesos de formaci\u00f3n en los cuales no se ha prestado la debida atenci\u00f3n a las condiciones como\u2026","rel":"","context":"En \u00abEntrevistas\u00bb","block_context":{"text":"Entrevistas","link":"https:\/\/webdelmaestrocmf.com\/portal\/category\/noticias\/entrevistas\/"},"img":{"alt_text":"Emilio Fern\u00e1ndez","src":"https:\/\/i0.wp.com\/webdelmaestrocmf.com\/portal\/wp-content\/uploads\/2020\/01\/1-46.jpg?resize=350%2C200&ssl=1","width":350,"height":200,"srcset":"https:\/\/i0.wp.com\/webdelmaestrocmf.com\/portal\/wp-content\/uploads\/2020\/01\/1-46.jpg?resize=350%2C200&ssl=1 1x, https:\/\/i0.wp.com\/webdelmaestrocmf.com\/portal\/wp-content\/uploads\/2020\/01\/1-46.jpg?resize=525%2C300&ssl=1 1.5x, https:\/\/i0.wp.com\/webdelmaestrocmf.com\/portal\/wp-content\/uploads\/2020\/01\/1-46.jpg?resize=700%2C400&ssl=1 2x, https:\/\/i0.wp.com\/webdelmaestrocmf.com\/portal\/wp-content\/uploads\/2020\/01\/1-46.jpg?resize=1050%2C600&ssl=1 3x"},"classes":[]}],"jetpack_featured_media_url":"https:\/\/webdelmaestrocmf.com\/portal\/wp-content\/uploads\/2026\/09\/1AA-Banner-1-portada-imagen-10-1-copia-19.webp","_links":{"self":[{"href":"https:\/\/webdelmaestrocmf.com\/portal\/wp-json\/wp\/v2\/posts\/121140","targetHints":{"allow":["GET"]}}],"collection":[{"href":"https:\/\/webdelmaestrocmf.com\/portal\/wp-json\/wp\/v2\/posts"}],"about":[{"href":"https:\/\/webdelmaestrocmf.com\/portal\/wp-json\/wp\/v2\/types\/post"}],"author":[{"embeddable":true,"href":"https:\/\/webdelmaestrocmf.com\/portal\/wp-json\/wp\/v2\/users\/1"}],"replies":[{"embeddable":true,"href":"https:\/\/webdelmaestrocmf.com\/portal\/wp-json\/wp\/v2\/comments?post=121140"}],"version-history":[{"count":2,"href":"https:\/\/webdelmaestrocmf.com\/portal\/wp-json\/wp\/v2\/posts\/121140\/revisions"}],"predecessor-version":[{"id":121143,"href":"https:\/\/webdelmaestrocmf.com\/portal\/wp-json\/wp\/v2\/posts\/121140\/revisions\/121143"}],"wp:featuredmedia":[{"embeddable":true,"href":"https:\/\/webdelmaestrocmf.com\/portal\/wp-json\/wp\/v2\/media\/121144"}],"wp:attachment":[{"href":"https:\/\/webdelmaestrocmf.com\/portal\/wp-json\/wp\/v2\/media?parent=121140"}],"wp:term":[{"taxonomy":"category","embeddable":true,"href":"https:\/\/webdelmaestrocmf.com\/portal\/wp-json\/wp\/v2\/categories?post=121140"},{"taxonomy":"post_tag","embeddable":true,"href":"https:\/\/webdelmaestrocmf.com\/portal\/wp-json\/wp\/v2\/tags?post=121140"}],"curies":[{"name":"wp","href":"https:\/\/api.w.org\/{rel}","templated":true}]}}