{"id":120985,"date":"2026-07-16T21:29:52","date_gmt":"2026-07-17T01:29:52","guid":{"rendered":"https:\/\/webdelmaestrocmf.com\/portal\/?p=120985"},"modified":"2026-07-18T12:55:15","modified_gmt":"2026-07-18T16:55:15","slug":"aplican-aula-segura-a-15-estudiantes-tras-graves-episodios-de-violencia-escolar","status":"publish","type":"post","link":"https:\/\/webdelmaestrocmf.com\/portal\/aplican-aula-segura-a-15-estudiantes-tras-graves-episodios-de-violencia-escolar\/","title":{"rendered":"Aplican Aula Segura a 15 estudiantes tras graves episodios de violencia escolar"},"content":{"rendered":"\n<p class=\"wp-block-paragraph\"><strong>La comuna de Angol, en la Regi\u00f3n de La Araucan\u00eda, Chile, enfrenta un nuevo episodio de preocupaci\u00f3n por la convivencia escolar luego de que las autoridades aplicaran la Ley Aula Segura a 15 estudiantes involucrados en hechos de violencia dentro de establecimientos educacionales.<\/strong> Como resultado del proceso disciplinario, <strong>12 alumnos fueron expulsados de manera definitiva y otros tres recibieron la sanci\u00f3n de cancelaci\u00f3n de matr\u00edcula<\/strong>, la cual se har\u00e1 efectiva al t\u00e9rmino del a\u00f1o escolar. La medida busca proteger a la comunidad educativa y garantizar ambientes seguros para el aprendizaje.<\/p>\n\n\n\n<h2 class=\"wp-block-heading\"><strong>Sanciones aplicadas tras investigar cada caso<\/strong><\/h2>\n\n\n\n<p class=\"wp-block-paragraph\">Las autoridades educativas explicaron que <strong>las sanciones fueron adoptadas luego de analizar cada situaci\u00f3n de manera individual<\/strong>, respetando el procedimiento establecido por la normativa vigente.<\/p>\n\n\n\n<p class=\"wp-block-paragraph\">Entre las medidas aplicadas destacan:<\/p>\n\n\n\n<ul class=\"wp-block-list\">\n<li><strong>12 estudiantes fueron expulsados<\/strong> de sus establecimientos.<\/li>\n\n\n\n<li><strong>3 estudiantes tendr\u00e1n cancelaci\u00f3n de matr\u00edcula<\/strong> al finalizar el a\u00f1o escolar.<\/li>\n\n\n\n<li><strong>Todos los casos estuvieron vinculados a hechos considerados de alta gravedad<\/strong>, principalmente episodios de violencia escolar.<\/li>\n<\/ul>\n\n\n\n<p class=\"wp-block-paragraph\">Las investigaciones fueron desarrolladas por los equipos directivos de los establecimientos antes de determinar las sanciones correspondientes.<\/p>\n\n\n\n<h2 class=\"wp-block-heading\"><strong>La Ley Aula Segura busca proteger a toda la comunidad educativa<\/strong><\/h2>\n\n\n\n<p class=\"wp-block-paragraph\">El director del Departamento de Educaci\u00f3n Municipal de Angol, Hugo Olave Parra, explic\u00f3 que la legislaci\u00f3n entrega herramientas para enfrentar situaciones que ponen en riesgo la seguridad dentro de los colegios.<\/p>\n\n\n\n<p class=\"wp-block-paragraph\">\u00abLa Ley Aula Segura permite actuar cuando existen conductas que afectan gravemente la integridad f\u00edsica o psicol\u00f3gica de cualquier integrante de la comunidad educativa.\u00bb<\/p>\n\n\n\n<p class=\"wp-block-paragraph\"><strong>La autoridad enfatiz\u00f3 que el objetivo principal no es sancionar por sancionar, sino proteger el derecho de estudiantes, docentes, asistentes de la educaci\u00f3n y familias a desarrollar sus actividades en un entorno seguro y libre de violencia.<\/strong><\/p>\n\n\n\n<h2 class=\"wp-block-heading\"><strong>La violencia escolar contin\u00faa siendo un desaf\u00edo para los establecimientos<\/strong><\/h2>\n\n\n\n<p class=\"wp-block-paragraph\">Los hechos que motivaron estas medidas estuvieron relacionados principalmente con <strong>ri\u00f1as y episodios de agresi\u00f3n registrados en distintos liceos de la comuna<\/strong>, situaciones que obligaron a activar los protocolos de convivencia escolar.<\/p>\n\n\n\n<p class=\"wp-block-paragraph\">Las autoridades se\u00f1alaron que <strong>cada establecimiento debe evaluar cuidadosamente la gravedad de los hechos antes de aplicar sanciones tan severas<\/strong>, considerando siempre el debido proceso y las garant\u00edas establecidas por la normativa.<\/p>\n\n\n\n<h2 class=\"wp-block-heading\"><strong>Medidas excepcionales para hechos de extrema gravedad<\/strong><\/h2>\n\n\n\n<p class=\"wp-block-paragraph\">\u00abEstas medidas son excepcionales y se aplican \u00fanicamente cuando la gravedad de los hechos as\u00ed lo amerita.\u00bb<\/p>\n\n\n\n<p class=\"wp-block-paragraph\"><strong>La aplicaci\u00f3n de la Ley Aula Segura contin\u00faa generando debate sobre el equilibrio entre el derecho a la educaci\u00f3n y la necesidad de garantizar la seguridad dentro de los establecimientos escolares.<\/strong> Mientras algunos consideran que este tipo de sanciones fortalece la convivencia y protege a la mayor\u00eda de los estudiantes, otros sostienen que tambi\u00e9n debe reforzarse el trabajo preventivo, el apoyo socioemocional y las estrategias de intervenci\u00f3n temprana para evitar que la violencia llegue a estos niveles.<\/p>\n\n\n\n<p class=\"has-text-align-right wp-block-paragraph\"><strong>Redacci\u00f3n | Web del Maestro CMF<\/strong><\/p>\n\n\n\t\t<div class=\"pk-inline-posts\">\n\t\t\t\t\t\t\t<h5 class=\"pk-inline-posts-title pk-title pk-font-block\">\n\t\t\t\t\t\u00daltimas entradas\t\t\t\t<\/h5>\n\t\t\t\n\t\t\t<div class=\"pk-inline-posts-container pk-inline-posts-template-list\"\n\t\t\t\tdata-columns=\"1\">\n\t\t\t\t\t\t<article id=\"post-121053\" class=\"post-121053 post type-post status-publish format-standard has-post-thumbnail category-noticias-internacionales tag-deporte tag-educacion-2 tag-fair-play tag-formacion-deportiva tag-futbol-2 tag-infancia tag-juego-limpio tag-mundial tag-trabajo-en-equipo tag-valores cs-entry cs-video-wrap\">\n\t\t\t<div class=\"pk-post-outer\">\n\n\t\t\t\t\t\t\t\t<div class=\"pk-post-inner\">\n\t\t\t\t\t<div class=\"entry-thumbnail\">\n\t\t\t\t\t\t<div class=\"pk-overlay pk-overlay-ratio pk-ratio-landscape\">\n\t\t\t\t\t\t\t<div class=\"pk-overlay-background\">\n\t\t\t\t\t\t\t\t<a href=\"https:\/\/webdelmaestrocmf.com\/portal\/javier-bardem-elogia-a-la-seleccion-campeona-y-destaca-el-juego-limpio-como-ejemplo-para-millones-de-ninos\/\" class=\"pk-overlay-link\">\n\t\t\t\t\t\t\t\t\t<img loading=\"lazy\" decoding=\"async\" width=\"300\" height=\"225\" src=\"https:\/\/webdelmaestrocmf.com\/portal\/wp-content\/uploads\/2026\/07\/1AA-Banner-1-portada-imagen-10-1-copia-16-1-300x225.webp\" class=\"attachment-pk-thumbnail size-pk-thumbnail wp-post-image\" alt=\"\" \/>\t\t\t\t\t\t\t\t<\/a>\n\t\t\t\t\t\t\t<\/div>\n\t\t\t\t\t\t<\/div>\n\t\t\t\t\t<\/div>\n\t\t\t\t<\/div>\n\t\t\t\t\n\t\t\t\t<div class=\"pk-post-inner\">\n\t\t\t\t\t<header>\n\t\t\t\t\t\t<h3 class=\"pk-title\"><a href=\"https:\/\/webdelmaestrocmf.com\/portal\/javier-bardem-elogia-a-la-seleccion-campeona-y-destaca-el-juego-limpio-como-ejemplo-para-millones-de-ninos\/\" rel=\"bookmark\">Javier Bardem elogia a la selecci\u00f3n campeona y destaca el juego limpio como ejemplo para millones de ni\u00f1os<\/a><\/h3>\t\t\t\t\t<\/header><!-- .entry-header -->\n\t\t\t\t<\/div><!-- .post-inner -->\n\n\t\t\t<\/div><!-- .post-outer -->\n\t\t<\/article>\n\t\t\t<article id=\"post-121041\" class=\"post-121041 post type-post status-publish format-standard has-post-thumbnail category-noticias-internacionales tag-agresion-a-docente tag-apoderados tag-comunidad-educativa tag-convivencia-escolar tag-ley-karin tag-proteccion-docente tag-salud-mental tag-seguridad-escolar tag-violencia-escolar cs-entry cs-video-wrap\">\n\t\t\t<div class=\"pk-post-outer\">\n\n\t\t\t\t\t\t\t\t<div class=\"pk-post-inner\">\n\t\t\t\t\t<div class=\"entry-thumbnail\">\n\t\t\t\t\t\t<div class=\"pk-overlay pk-overlay-ratio pk-ratio-landscape\">\n\t\t\t\t\t\t\t<div class=\"pk-overlay-background\">\n\t\t\t\t\t\t\t\t<a href=\"https:\/\/webdelmaestrocmf.com\/portal\/municipalidad-de-temuco-anuncia-acciones-legales-tras-agresion-de-un-apoderado-a-un-profesor-dentro-de-un-establecimiento-educacional\/\" class=\"pk-overlay-link\">\n\t\t\t\t\t\t\t\t\t<img loading=\"lazy\" decoding=\"async\" width=\"300\" height=\"225\" src=\"https:\/\/webdelmaestrocmf.com\/portal\/wp-content\/uploads\/2026\/07\/1AA-Banner-1-portada-imagen-10-1-copia-14-1-300x225.webp\" class=\"attachment-pk-thumbnail size-pk-thumbnail wp-post-image\" alt=\"\" \/>\t\t\t\t\t\t\t\t<\/a>\n\t\t\t\t\t\t\t<\/div>\n\t\t\t\t\t\t<\/div>\n\t\t\t\t\t<\/div>\n\t\t\t\t<\/div>\n\t\t\t\t\n\t\t\t\t<div class=\"pk-post-inner\">\n\t\t\t\t\t<header>\n\t\t\t\t\t\t<h3 class=\"pk-title\"><a href=\"https:\/\/webdelmaestrocmf.com\/portal\/municipalidad-de-temuco-anuncia-acciones-legales-tras-agresion-de-un-apoderado-a-un-profesor-dentro-de-un-establecimiento-educacional\/\" rel=\"bookmark\">Municipalidad de Temuco anuncia acciones legales tras agresi\u00f3n de un apoderado a un profesor dentro de un establecimiento educacional<\/a><\/h3>\t\t\t\t\t<\/header><!-- .entry-header -->\n\t\t\t\t<\/div><!-- .post-inner -->\n\n\t\t\t<\/div><!-- .post-outer -->\n\t\t<\/article>\n\t\t\t<article id=\"post-121036\" class=\"post-121036 post type-post status-publish format-standard has-post-thumbnail category-noticias-internacionales tag-autoridad-docente tag-convivencia-escolar tag-disciplina-escolar tag-docentes tag-educacion-2 tag-estudiantes tag-redes-sociales tag-respeto tag-tiktok tag-valores cs-entry cs-video-wrap\">\n\t\t\t<div class=\"pk-post-outer\">\n\n\t\t\t\t\t\t\t\t<div class=\"pk-post-inner\">\n\t\t\t\t\t<div class=\"entry-thumbnail\">\n\t\t\t\t\t\t<div class=\"pk-overlay pk-overlay-ratio pk-ratio-landscape\">\n\t\t\t\t\t\t\t<div class=\"pk-overlay-background\">\n\t\t\t\t\t\t\t\t<a href=\"https:\/\/webdelmaestrocmf.com\/portal\/alumnos-le-hacen-una-broma-pesada-y-le-faltan-el-respeto-a-su-maestra-ella-se-hizo-respetar-reprobando-a-todos\/\" class=\"pk-overlay-link\">\n\t\t\t\t\t\t\t\t\t<img loading=\"lazy\" decoding=\"async\" width=\"300\" height=\"225\" src=\"https:\/\/webdelmaestrocmf.com\/portal\/wp-content\/uploads\/2026\/07\/1AA-Banner-1-portada-imagen-10-1-copia-13-1-300x225.webp\" class=\"attachment-pk-thumbnail size-pk-thumbnail wp-post-image\" alt=\"\" \/>\t\t\t\t\t\t\t\t<\/a>\n\t\t\t\t\t\t\t<\/div>\n\t\t\t\t\t\t<\/div>\n\t\t\t\t\t<\/div>\n\t\t\t\t<\/div>\n\t\t\t\t\n\t\t\t\t<div class=\"pk-post-inner\">\n\t\t\t\t\t<header>\n\t\t\t\t\t\t<h3 class=\"pk-title\"><a href=\"https:\/\/webdelmaestrocmf.com\/portal\/alumnos-le-hacen-una-broma-pesada-y-le-faltan-el-respeto-a-su-maestra-ella-se-hizo-respetar-reprobando-a-todos\/\" rel=\"bookmark\">Alumnos le hacen una broma pesada y le faltan el respeto a su maestra; ella se hizo respetar reprobando a todos<\/a><\/h3>\t\t\t\t\t<\/header><!-- .entry-header -->\n\t\t\t\t<\/div><!-- .post-inner -->\n\n\t\t\t<\/div><!-- .post-outer -->\n\t\t<\/article>\n\t\t\t\t<\/div>\n\t\t<\/div>\n\t\t\n","protected":false},"excerpt":{"rendered":"La aplicaci\u00f3n de la Ley Aula Segura dej\u00f3 12 estudiantes expulsados y 3 con matr\u00edcula cancelada tras graves hechos de violencia, reavivando el debate sobre disciplina y convivencia escolar.","protected":false},"author":1,"featured_media":120988,"comment_status":"open","ping_status":"closed","sticky":false,"template":"","format":"standard","meta":{"_jetpack_newsletter_access":"","_jetpack_dont_email_post_to_subs":false,"_jetpack_newsletter_tier_id":0,"_jetpack_memberships_contains_paywalled_content":false,"csco_display_header_overlay":false,"csco_singular_sidebar":"","csco_page_header_type":"","csco_page_load_nextpost":"","csco_post_video_location":[],"csco_post_video_location_hash":"","csco_post_video_url":"","csco_post_video_bg_start_time":0,"csco_post_video_bg_end_time":0,"csco_post_video_bg_volume":false,"_jetpack_feature_clip_id":0,"_jetpack_memberships_contains_paid_content":false,"footnotes":"","jetpack_post_was_ever_published":false},"categories":[23790],"tags":[25788,25910,2276,17245,14753,18548,25909,25126,20131,1074],"class_list":["post-120985","post","type-post","status-publish","format-standard","has-post-thumbnail","category-noticias-internacionales","tag-aula-segura","tag-cancelacion-de-matricula","tag-clima-escolar","tag-comunidad-educativa","tag-convivencia-escolar","tag-disciplina-escolar","tag-expulsion-de-estudiantes","tag-gestion-educativa-2","tag-seguridad-escolar","tag-violencia-escolar","cs-entry","cs-video-wrap"],"yoast_head":"<!-- This site is optimized with the Yoast SEO plugin v28.4 - https:\/\/yoast.com\/product\/yoast-seo-wordpress\/ -->\n<title>Aplican Aula Segura a 15 estudiantes tras graves episodios de violencia escolar - 2026<\/title>\n<meta name=\"description\" content=\"La Ley Aula Segura a 15 estudiantes involucrados en hechos de violencia dentro de establecimientos educacionales.\" \/>\n<meta name=\"robots\" content=\"index, follow, max-snippet:-1, max-image-preview:large, max-video-preview:-1\" \/>\n<link rel=\"canonical\" href=\"https:\/\/webdelmaestrocmf.com\/portal\/aplican-aula-segura-a-15-estudiantes-tras-graves-episodios-de-violencia-escolar\/\" \/>\n<meta property=\"og:locale\" content=\"es_ES\" \/>\n<meta property=\"og:type\" content=\"article\" \/>\n<meta property=\"og:title\" content=\"Aplican Aula Segura a 15 estudiantes tras graves episodios de violencia escolar - 2026\" \/>\n<meta property=\"og:description\" content=\"La Ley Aula Segura a 15 estudiantes involucrados en hechos de violencia dentro de establecimientos educacionales.\" \/>\n<meta property=\"og:url\" content=\"https:\/\/webdelmaestrocmf.com\/portal\/aplican-aula-segura-a-15-estudiantes-tras-graves-episodios-de-violencia-escolar\/\" \/>\n<meta property=\"og:site_name\" content=\"Web del Maestro CMF\" \/>\n<meta property=\"article:publisher\" content=\"https:\/\/www.facebook.com\/WebdelMaestroCMF\/\" \/>\n<meta property=\"article:author\" content=\"https:\/\/www.facebook.com\/WebdelMaestroCMF\/\" \/>\n<meta property=\"article:published_time\" content=\"2026-07-17T01:29:52+00:00\" \/>\n<meta property=\"article:modified_time\" content=\"2026-07-18T16:55:15+00:00\" \/>\n<meta property=\"og:image\" content=\"https:\/\/webdelmaestrocmf.com\/portal\/wp-content\/uploads\/2026\/07\/1AA-Banner-1-portada-imagen-10-1-copia-10.webp\" \/>\n\t<meta property=\"og:image:width\" content=\"1200\" \/>\n\t<meta property=\"og:image:height\" content=\"675\" \/>\n\t<meta property=\"og:image:type\" content=\"image\/webp\" \/>\n<meta name=\"author\" content=\"Web del Maestro CMF\" \/>\n<meta name=\"twitter:card\" content=\"summary_large_image\" \/>\n<meta name=\"twitter:creator\" content=\"@cmf_w\" \/>\n<meta name=\"twitter:site\" content=\"@cmf_w\" \/>\n<script type=\"application\/ld+json\" class=\"yoast-schema-graph\">{\"@context\":\"https:\\\/\\\/schema.org\",\"@graph\":[{\"@type\":\"ScholarlyArticle\",\"@id\":\"https:\\\/\\\/webdelmaestrocmf.com\\\/portal\\\/aplican-aula-segura-a-15-estudiantes-tras-graves-episodios-de-violencia-escolar\\\/#article\",\"isPartOf\":{\"@id\":\"https:\\\/\\\/webdelmaestrocmf.com\\\/portal\\\/aplican-aula-segura-a-15-estudiantes-tras-graves-episodios-de-violencia-escolar\\\/\"},\"author\":{\"name\":\"Web del Maestro CMF\",\"@id\":\"https:\\\/\\\/webdelmaestrocmf.com\\\/portal\\\/#\\\/schema\\\/person\\\/1072a2ed7bd960df8ef99a551fa35dc5\"},\"headline\":\"Aplican Aula Segura a 15 estudiantes tras graves episodios de violencia escolar\",\"datePublished\":\"2026-07-17T01:29:52+00:00\",\"dateModified\":\"2026-07-18T16:55:15+00:00\",\"mainEntityOfPage\":{\"@id\":\"https:\\\/\\\/webdelmaestrocmf.com\\\/portal\\\/aplican-aula-segura-a-15-estudiantes-tras-graves-episodios-de-violencia-escolar\\\/\"},\"wordCount\":516,\"commentCount\":0,\"publisher\":{\"@id\":\"https:\\\/\\\/webdelmaestrocmf.com\\\/portal\\\/#organization\"},\"image\":{\"@id\":\"https:\\\/\\\/webdelmaestrocmf.com\\\/portal\\\/aplican-aula-segura-a-15-estudiantes-tras-graves-episodios-de-violencia-escolar\\\/#primaryimage\"},\"thumbnailUrl\":\"https:\\\/\\\/webdelmaestrocmf.com\\\/portal\\\/wp-content\\\/uploads\\\/2026\\\/07\\\/1AA-Banner-1-portada-imagen-10-1-copia-10.webp\",\"keywords\":[\"aula segura\",\"cancelaci\u00f3n de matr\u00edcula\",\"CLIMA ESCOLAR\",\"comunidad educativa\",\"Convivencia Escolar\",\"disciplina escolar\",\"expulsi\u00f3n de estudiantes\",\"gesti\u00f3n educativa\",\"Seguridad Escolar\",\"Violencia escolar\"],\"articleSection\":[\"Noticias Internacionales\"],\"inLanguage\":\"es\",\"potentialAction\":[{\"@type\":\"CommentAction\",\"name\":\"Comment\",\"target\":[\"https:\\\/\\\/webdelmaestrocmf.com\\\/portal\\\/aplican-aula-segura-a-15-estudiantes-tras-graves-episodios-de-violencia-escolar\\\/#respond\"]}]},{\"@type\":\"WebPage\",\"@id\":\"https:\\\/\\\/webdelmaestrocmf.com\\\/portal\\\/aplican-aula-segura-a-15-estudiantes-tras-graves-episodios-de-violencia-escolar\\\/\",\"url\":\"https:\\\/\\\/webdelmaestrocmf.com\\\/portal\\\/aplican-aula-segura-a-15-estudiantes-tras-graves-episodios-de-violencia-escolar\\\/\",\"name\":\"Aplican Aula Segura a 15 estudiantes tras graves episodios de violencia escolar - 2026\",\"isPartOf\":{\"@id\":\"https:\\\/\\\/webdelmaestrocmf.com\\\/portal\\\/#website\"},\"primaryImageOfPage\":{\"@id\":\"https:\\\/\\\/webdelmaestrocmf.com\\\/portal\\\/aplican-aula-segura-a-15-estudiantes-tras-graves-episodios-de-violencia-escolar\\\/#primaryimage\"},\"image\":{\"@id\":\"https:\\\/\\\/webdelmaestrocmf.com\\\/portal\\\/aplican-aula-segura-a-15-estudiantes-tras-graves-episodios-de-violencia-escolar\\\/#primaryimage\"},\"thumbnailUrl\":\"https:\\\/\\\/webdelmaestrocmf.com\\\/portal\\\/wp-content\\\/uploads\\\/2026\\\/07\\\/1AA-Banner-1-portada-imagen-10-1-copia-10.webp\",\"datePublished\":\"2026-07-17T01:29:52+00:00\",\"dateModified\":\"2026-07-18T16:55:15+00:00\",\"description\":\"La Ley Aula Segura a 15 estudiantes involucrados en hechos de violencia dentro de establecimientos educacionales.\",\"breadcrumb\":{\"@id\":\"https:\\\/\\\/webdelmaestrocmf.com\\\/portal\\\/aplican-aula-segura-a-15-estudiantes-tras-graves-episodios-de-violencia-escolar\\\/#breadcrumb\"},\"inLanguage\":\"es\",\"potentialAction\":[{\"@type\":\"ReadAction\",\"target\":[\"https:\\\/\\\/webdelmaestrocmf.com\\\/portal\\\/aplican-aula-segura-a-15-estudiantes-tras-graves-episodios-de-violencia-escolar\\\/\"]}]},{\"@type\":\"ImageObject\",\"inLanguage\":\"es\",\"@id\":\"https:\\\/\\\/webdelmaestrocmf.com\\\/portal\\\/aplican-aula-segura-a-15-estudiantes-tras-graves-episodios-de-violencia-escolar\\\/#primaryimage\",\"url\":\"https:\\\/\\\/webdelmaestrocmf.com\\\/portal\\\/wp-content\\\/uploads\\\/2026\\\/07\\\/1AA-Banner-1-portada-imagen-10-1-copia-10.webp\",\"contentUrl\":\"https:\\\/\\\/webdelmaestrocmf.com\\\/portal\\\/wp-content\\\/uploads\\\/2026\\\/07\\\/1AA-Banner-1-portada-imagen-10-1-copia-10.webp\",\"width\":1200,\"height\":675},{\"@type\":\"BreadcrumbList\",\"@id\":\"https:\\\/\\\/webdelmaestrocmf.com\\\/portal\\\/aplican-aula-segura-a-15-estudiantes-tras-graves-episodios-de-violencia-escolar\\\/#breadcrumb\",\"itemListElement\":[{\"@type\":\"ListItem\",\"position\":1,\"name\":\"Portada\",\"item\":\"https:\\\/\\\/webdelmaestrocmf.com\\\/portal\\\/\"},{\"@type\":\"ListItem\",\"position\":2,\"name\":\"Noticias Internacionales\",\"item\":\"https:\\\/\\\/webdelmaestrocmf.com\\\/portal\\\/category\\\/noticias-internacionales\\\/\"},{\"@type\":\"ListItem\",\"position\":3,\"name\":\"Aplican Aula Segura a 15 estudiantes tras graves episodios de violencia escolar\"}]},{\"@type\":\"WebSite\",\"@id\":\"https:\\\/\\\/webdelmaestrocmf.com\\\/portal\\\/#website\",\"url\":\"https:\\\/\\\/webdelmaestrocmf.com\\\/portal\\\/\",\"name\":\"Web del Maestro CMF\",\"description\":\"Maestros al servicio de la educaci\u00f3n\",\"publisher\":{\"@id\":\"https:\\\/\\\/webdelmaestrocmf.com\\\/portal\\\/#organization\"},\"alternateName\":\"WMCMF\",\"potentialAction\":[{\"@type\":\"SearchAction\",\"target\":{\"@type\":\"EntryPoint\",\"urlTemplate\":\"https:\\\/\\\/webdelmaestrocmf.com\\\/portal\\\/?s={search_term_string}\"},\"query-input\":{\"@type\":\"PropertyValueSpecification\",\"valueRequired\":true,\"valueName\":\"search_term_string\"}}],\"inLanguage\":\"es\"},{\"@type\":\"Organization\",\"@id\":\"https:\\\/\\\/webdelmaestrocmf.com\\\/portal\\\/#organization\",\"name\":\"Web del Maestro CMF\",\"alternateName\":\"WMCMF\",\"url\":\"https:\\\/\\\/webdelmaestrocmf.com\\\/portal\\\/\",\"logo\":{\"@type\":\"ImageObject\",\"inLanguage\":\"es\",\"@id\":\"https:\\\/\\\/webdelmaestrocmf.com\\\/portal\\\/#\\\/schema\\\/logo\\\/image\\\/\",\"url\":\"https:\\\/\\\/webdelmaestrocmf.com\\\/portal\\\/wp-content\\\/uploads\\\/2023\\\/01\\\/logo-wmcmf-2.png\",\"contentUrl\":\"https:\\\/\\\/webdelmaestrocmf.com\\\/portal\\\/wp-content\\\/uploads\\\/2023\\\/01\\\/logo-wmcmf-2.png\",\"width\":200,\"height\":60,\"caption\":\"Web del Maestro CMF\"},\"image\":{\"@id\":\"https:\\\/\\\/webdelmaestrocmf.com\\\/portal\\\/#\\\/schema\\\/logo\\\/image\\\/\"},\"sameAs\":[\"https:\\\/\\\/www.facebook.com\\\/WebdelMaestroCMF\\\/\",\"https:\\\/\\\/x.com\\\/cmf_w\",\"https:\\\/\\\/www.pinterest.com\\\/WMCMF\\\/\",\"https:\\\/\\\/www.linkedin.com\\\/company\\\/web-del-maestro-cmf\\\/\",\"https:\\\/\\\/www.instagram.com\\\/wmcmf\\\/\",\"https:\\\/\\\/www.youtube.com\\\/channel\\\/UCDPSvjbdodE5sHnC3OxutHw\",\"https:\\\/\\\/mastodon.social\\\/@wmcmf\",\"https:\\\/\\\/www.tiktok.com\\\/@webdelmaestrocmf\"]},{\"@type\":\"Person\",\"@id\":\"https:\\\/\\\/webdelmaestrocmf.com\\\/portal\\\/#\\\/schema\\\/person\\\/1072a2ed7bd960df8ef99a551fa35dc5\",\"name\":\"Web del Maestro CMF\",\"image\":{\"@type\":\"ImageObject\",\"inLanguage\":\"es\",\"@id\":\"https:\\\/\\\/secure.gravatar.com\\\/avatar\\\/23291dd5b5ae1077dcff3dbb04c3e02bd28403fa75af6d8787d5e97c5bbbe30b?s=96&d=mm&r=g\",\"url\":\"https:\\\/\\\/secure.gravatar.com\\\/avatar\\\/23291dd5b5ae1077dcff3dbb04c3e02bd28403fa75af6d8787d5e97c5bbbe30b?s=96&d=mm&r=g\",\"contentUrl\":\"https:\\\/\\\/secure.gravatar.com\\\/avatar\\\/23291dd5b5ae1077dcff3dbb04c3e02bd28403fa75af6d8787d5e97c5bbbe30b?s=96&d=mm&r=g\",\"caption\":\"Web del Maestro CMF\"},\"description\":\"Esta Web se cre\u00f3 sin fines de lucro, con fines educativos, cient\u00edficos y acad\u00e9micos, para personas que tengan dificultades y\\\/o inconvenientes en visualizar el material original. El objetivo es entregar recursos, compartir experiencias y materiales que ayuden a los padres de familia, maestros y estudiantes en su actualizaci\u00f3n y formaci\u00f3n permanente, en bien de la Educaci\u00f3n.\",\"sameAs\":[\"http:\\\/\\\/webdelmaestrocmf.com\\\/portal\",\"https:\\\/\\\/www.facebook.com\\\/WebdelMaestroCMF\\\/\",\"https:\\\/\\\/www.instagram.com\\\/wmcmf\\\/\",\"https:\\\/\\\/cl.linkedin.com\\\/company\\\/web-del-maestro-cmf\",\"https:\\\/\\\/www.pinterest.com\\\/WMCMF\\\/publicaciones\\\/\",\"https:\\\/\\\/x.com\\\/cmf_w\",\"https:\\\/\\\/www.youtube.com\\\/@WMCMF\"]}]}<\/script>\n<!-- \/ Yoast SEO plugin. -->","yoast_head_json":{"title":"Aplican Aula Segura a 15 estudiantes tras graves episodios de violencia escolar - 2026","description":"La Ley Aula Segura a 15 estudiantes involucrados en hechos de violencia dentro de establecimientos educacionales.","robots":{"index":"index","follow":"follow","max-snippet":"max-snippet:-1","max-image-preview":"max-image-preview:large","max-video-preview":"max-video-preview:-1"},"canonical":"https:\/\/webdelmaestrocmf.com\/portal\/aplican-aula-segura-a-15-estudiantes-tras-graves-episodios-de-violencia-escolar\/","og_locale":"es_ES","og_type":"article","og_title":"Aplican Aula Segura a 15 estudiantes tras graves episodios de violencia escolar - 2026","og_description":"La Ley Aula Segura a 15 estudiantes involucrados en hechos de violencia dentro de establecimientos educacionales.","og_url":"https:\/\/webdelmaestrocmf.com\/portal\/aplican-aula-segura-a-15-estudiantes-tras-graves-episodios-de-violencia-escolar\/","og_site_name":"Web del Maestro CMF","article_publisher":"https:\/\/www.facebook.com\/WebdelMaestroCMF\/","article_author":"https:\/\/www.facebook.com\/WebdelMaestroCMF\/","article_published_time":"2026-07-17T01:29:52+00:00","article_modified_time":"2026-07-18T16:55:15+00:00","og_image":[{"width":1200,"height":675,"url":"https:\/\/webdelmaestrocmf.com\/portal\/wp-content\/uploads\/2026\/07\/1AA-Banner-1-portada-imagen-10-1-copia-10.webp","type":"image\/webp"}],"author":"Web del Maestro CMF","twitter_card":"summary_large_image","twitter_creator":"@cmf_w","twitter_site":"@cmf_w","schema":{"@context":"https:\/\/schema.org","@graph":[{"@type":"ScholarlyArticle","@id":"https:\/\/webdelmaestrocmf.com\/portal\/aplican-aula-segura-a-15-estudiantes-tras-graves-episodios-de-violencia-escolar\/#article","isPartOf":{"@id":"https:\/\/webdelmaestrocmf.com\/portal\/aplican-aula-segura-a-15-estudiantes-tras-graves-episodios-de-violencia-escolar\/"},"author":{"name":"Web del Maestro CMF","@id":"https:\/\/webdelmaestrocmf.com\/portal\/#\/schema\/person\/1072a2ed7bd960df8ef99a551fa35dc5"},"headline":"Aplican Aula Segura a 15 estudiantes tras graves episodios de violencia escolar","datePublished":"2026-07-17T01:29:52+00:00","dateModified":"2026-07-18T16:55:15+00:00","mainEntityOfPage":{"@id":"https:\/\/webdelmaestrocmf.com\/portal\/aplican-aula-segura-a-15-estudiantes-tras-graves-episodios-de-violencia-escolar\/"},"wordCount":516,"commentCount":0,"publisher":{"@id":"https:\/\/webdelmaestrocmf.com\/portal\/#organization"},"image":{"@id":"https:\/\/webdelmaestrocmf.com\/portal\/aplican-aula-segura-a-15-estudiantes-tras-graves-episodios-de-violencia-escolar\/#primaryimage"},"thumbnailUrl":"https:\/\/webdelmaestrocmf.com\/portal\/wp-content\/uploads\/2026\/07\/1AA-Banner-1-portada-imagen-10-1-copia-10.webp","keywords":["aula segura","cancelaci\u00f3n de matr\u00edcula","CLIMA ESCOLAR","comunidad educativa","Convivencia Escolar","disciplina escolar","expulsi\u00f3n de estudiantes","gesti\u00f3n educativa","Seguridad Escolar","Violencia escolar"],"articleSection":["Noticias Internacionales"],"inLanguage":"es","potentialAction":[{"@type":"CommentAction","name":"Comment","target":["https:\/\/webdelmaestrocmf.com\/portal\/aplican-aula-segura-a-15-estudiantes-tras-graves-episodios-de-violencia-escolar\/#respond"]}]},{"@type":"WebPage","@id":"https:\/\/webdelmaestrocmf.com\/portal\/aplican-aula-segura-a-15-estudiantes-tras-graves-episodios-de-violencia-escolar\/","url":"https:\/\/webdelmaestrocmf.com\/portal\/aplican-aula-segura-a-15-estudiantes-tras-graves-episodios-de-violencia-escolar\/","name":"Aplican Aula Segura a 15 estudiantes tras graves episodios de violencia escolar - 2026","isPartOf":{"@id":"https:\/\/webdelmaestrocmf.com\/portal\/#website"},"primaryImageOfPage":{"@id":"https:\/\/webdelmaestrocmf.com\/portal\/aplican-aula-segura-a-15-estudiantes-tras-graves-episodios-de-violencia-escolar\/#primaryimage"},"image":{"@id":"https:\/\/webdelmaestrocmf.com\/portal\/aplican-aula-segura-a-15-estudiantes-tras-graves-episodios-de-violencia-escolar\/#primaryimage"},"thumbnailUrl":"https:\/\/webdelmaestrocmf.com\/portal\/wp-content\/uploads\/2026\/07\/1AA-Banner-1-portada-imagen-10-1-copia-10.webp","datePublished":"2026-07-17T01:29:52+00:00","dateModified":"2026-07-18T16:55:15+00:00","description":"La Ley Aula Segura a 15 estudiantes involucrados en hechos de violencia dentro de establecimientos educacionales.","breadcrumb":{"@id":"https:\/\/webdelmaestrocmf.com\/portal\/aplican-aula-segura-a-15-estudiantes-tras-graves-episodios-de-violencia-escolar\/#breadcrumb"},"inLanguage":"es","potentialAction":[{"@type":"ReadAction","target":["https:\/\/webdelmaestrocmf.com\/portal\/aplican-aula-segura-a-15-estudiantes-tras-graves-episodios-de-violencia-escolar\/"]}]},{"@type":"ImageObject","inLanguage":"es","@id":"https:\/\/webdelmaestrocmf.com\/portal\/aplican-aula-segura-a-15-estudiantes-tras-graves-episodios-de-violencia-escolar\/#primaryimage","url":"https:\/\/webdelmaestrocmf.com\/portal\/wp-content\/uploads\/2026\/07\/1AA-Banner-1-portada-imagen-10-1-copia-10.webp","contentUrl":"https:\/\/webdelmaestrocmf.com\/portal\/wp-content\/uploads\/2026\/07\/1AA-Banner-1-portada-imagen-10-1-copia-10.webp","width":1200,"height":675},{"@type":"BreadcrumbList","@id":"https:\/\/webdelmaestrocmf.com\/portal\/aplican-aula-segura-a-15-estudiantes-tras-graves-episodios-de-violencia-escolar\/#breadcrumb","itemListElement":[{"@type":"ListItem","position":1,"name":"Portada","item":"https:\/\/webdelmaestrocmf.com\/portal\/"},{"@type":"ListItem","position":2,"name":"Noticias Internacionales","item":"https:\/\/webdelmaestrocmf.com\/portal\/category\/noticias-internacionales\/"},{"@type":"ListItem","position":3,"name":"Aplican Aula Segura a 15 estudiantes tras graves episodios de violencia escolar"}]},{"@type":"WebSite","@id":"https:\/\/webdelmaestrocmf.com\/portal\/#website","url":"https:\/\/webdelmaestrocmf.com\/portal\/","name":"Web del Maestro CMF","description":"Maestros al servicio de la educaci\u00f3n","publisher":{"@id":"https:\/\/webdelmaestrocmf.com\/portal\/#organization"},"alternateName":"WMCMF","potentialAction":[{"@type":"SearchAction","target":{"@type":"EntryPoint","urlTemplate":"https:\/\/webdelmaestrocmf.com\/portal\/?s={search_term_string}"},"query-input":{"@type":"PropertyValueSpecification","valueRequired":true,"valueName":"search_term_string"}}],"inLanguage":"es"},{"@type":"Organization","@id":"https:\/\/webdelmaestrocmf.com\/portal\/#organization","name":"Web del Maestro CMF","alternateName":"WMCMF","url":"https:\/\/webdelmaestrocmf.com\/portal\/","logo":{"@type":"ImageObject","inLanguage":"es","@id":"https:\/\/webdelmaestrocmf.com\/portal\/#\/schema\/logo\/image\/","url":"https:\/\/webdelmaestrocmf.com\/portal\/wp-content\/uploads\/2023\/01\/logo-wmcmf-2.png","contentUrl":"https:\/\/webdelmaestrocmf.com\/portal\/wp-content\/uploads\/2023\/01\/logo-wmcmf-2.png","width":200,"height":60,"caption":"Web del Maestro CMF"},"image":{"@id":"https:\/\/webdelmaestrocmf.com\/portal\/#\/schema\/logo\/image\/"},"sameAs":["https:\/\/www.facebook.com\/WebdelMaestroCMF\/","https:\/\/x.com\/cmf_w","https:\/\/www.pinterest.com\/WMCMF\/","https:\/\/www.linkedin.com\/company\/web-del-maestro-cmf\/","https:\/\/www.instagram.com\/wmcmf\/","https:\/\/www.youtube.com\/channel\/UCDPSvjbdodE5sHnC3OxutHw","https:\/\/mastodon.social\/@wmcmf","https:\/\/www.tiktok.com\/@webdelmaestrocmf"]},{"@type":"Person","@id":"https:\/\/webdelmaestrocmf.com\/portal\/#\/schema\/person\/1072a2ed7bd960df8ef99a551fa35dc5","name":"Web del Maestro CMF","image":{"@type":"ImageObject","inLanguage":"es","@id":"https:\/\/secure.gravatar.com\/avatar\/23291dd5b5ae1077dcff3dbb04c3e02bd28403fa75af6d8787d5e97c5bbbe30b?s=96&d=mm&r=g","url":"https:\/\/secure.gravatar.com\/avatar\/23291dd5b5ae1077dcff3dbb04c3e02bd28403fa75af6d8787d5e97c5bbbe30b?s=96&d=mm&r=g","contentUrl":"https:\/\/secure.gravatar.com\/avatar\/23291dd5b5ae1077dcff3dbb04c3e02bd28403fa75af6d8787d5e97c5bbbe30b?s=96&d=mm&r=g","caption":"Web del Maestro CMF"},"description":"Esta Web se cre\u00f3 sin fines de lucro, con fines educativos, cient\u00edficos y acad\u00e9micos, para personas que tengan dificultades y\/o inconvenientes en visualizar el material original. El objetivo es entregar recursos, compartir experiencias y materiales que ayuden a los padres de familia, maestros y estudiantes en su actualizaci\u00f3n y formaci\u00f3n permanente, en bien de la Educaci\u00f3n.","sameAs":["http:\/\/webdelmaestrocmf.com\/portal","https:\/\/www.facebook.com\/WebdelMaestroCMF\/","https:\/\/www.instagram.com\/wmcmf\/","https:\/\/cl.linkedin.com\/company\/web-del-maestro-cmf","https:\/\/www.pinterest.com\/WMCMF\/publicaciones\/","https:\/\/x.com\/cmf_w","https:\/\/www.youtube.com\/@WMCMF"]}]}},"jetpack_sharing_enabled":true,"jetpack-related-posts":[{"id":119199,"url":"https:\/\/webdelmaestrocmf.com\/portal\/corte-respalda-cancelacion-de-matricula-de-estudiante-con-mas-de-40-anotaciones-negativas-y-graves-episodios-de-violencia-escolar\/","url_meta":{"origin":120985,"position":0},"title":"Corte respalda cancelaci\u00f3n de matr\u00edcula de estudiante con m\u00e1s de 40 anotaciones negativas y graves episodios de violencia escolar","author":"Web del Maestro CMF","date":"13 mayo, 2026","format":false,"excerpt":"La justicia confirm\u00f3 que un colegio actu\u00f3 legalmente al cancelar la matr\u00edcula de un estudiante con graves conductas violentas, tras aplicar previamente apoyo psicol\u00f3gico, pedag\u00f3gico y medidas disciplinarias reiteradas.","rel":"","context":"En \u00abNoticias Internacionales\u00bb","block_context":{"text":"Noticias Internacionales","link":"https:\/\/webdelmaestrocmf.com\/portal\/category\/noticias-internacionales\/"},"img":{"alt_text":"","src":"https:\/\/i0.wp.com\/webdelmaestrocmf.com\/portal\/wp-content\/uploads\/2026\/05\/1AA-Banner-1-portada-imagen-10-1-copia-34.webp?resize=350%2C200&ssl=1","width":350,"height":200,"srcset":"https:\/\/i0.wp.com\/webdelmaestrocmf.com\/portal\/wp-content\/uploads\/2026\/05\/1AA-Banner-1-portada-imagen-10-1-copia-34.webp?resize=350%2C200&ssl=1 1x, https:\/\/i0.wp.com\/webdelmaestrocmf.com\/portal\/wp-content\/uploads\/2026\/05\/1AA-Banner-1-portada-imagen-10-1-copia-34.webp?resize=525%2C300&ssl=1 1.5x, https:\/\/i0.wp.com\/webdelmaestrocmf.com\/portal\/wp-content\/uploads\/2026\/05\/1AA-Banner-1-portada-imagen-10-1-copia-34.webp?resize=700%2C400&ssl=1 2x, https:\/\/i0.wp.com\/webdelmaestrocmf.com\/portal\/wp-content\/uploads\/2026\/05\/1AA-Banner-1-portada-imagen-10-1-copia-34.webp?resize=1050%2C600&ssl=1 3x"},"classes":[]},{"id":119215,"url":"https:\/\/webdelmaestrocmf.com\/portal\/ahora-hay-que-esperar-hasta-40-faltas-para-expulsar-a-un-alumno-y-prohibirle-la-matricula-en-el-colegio\/","url_meta":{"origin":120985,"position":1},"title":"Ahora hay que esperar hasta 40 faltas para expulsar a un alumno y prohibirle la matr\u00edcula en el colegio","author":"Web del Maestro CMF","date":"14 mayo, 2026","format":false,"excerpt":"En mis tiempos, solo te daban dos oportunidades y, a la tercera, eras expulsado y se te prohib\u00eda volver a matricularte.","rel":"","context":"En \u00abYo opino - WMCMF\u00bb","block_context":{"text":"Yo opino - WMCMF","link":"https:\/\/webdelmaestrocmf.com\/portal\/category\/jamb\/"},"img":{"alt_text":"","src":"https:\/\/i0.wp.com\/webdelmaestrocmf.com\/portal\/wp-content\/uploads\/2026\/05\/1AA-Banner-1-portada-imagen-10-1-copia-27.webp?resize=350%2C200&ssl=1","width":350,"height":200,"srcset":"https:\/\/i0.wp.com\/webdelmaestrocmf.com\/portal\/wp-content\/uploads\/2026\/05\/1AA-Banner-1-portada-imagen-10-1-copia-27.webp?resize=350%2C200&ssl=1 1x, https:\/\/i0.wp.com\/webdelmaestrocmf.com\/portal\/wp-content\/uploads\/2026\/05\/1AA-Banner-1-portada-imagen-10-1-copia-27.webp?resize=525%2C300&ssl=1 1.5x, https:\/\/i0.wp.com\/webdelmaestrocmf.com\/portal\/wp-content\/uploads\/2026\/05\/1AA-Banner-1-portada-imagen-10-1-copia-27.webp?resize=700%2C400&ssl=1 2x, https:\/\/i0.wp.com\/webdelmaestrocmf.com\/portal\/wp-content\/uploads\/2026\/05\/1AA-Banner-1-portada-imagen-10-1-copia-27.webp?resize=1050%2C600&ssl=1 3x"},"classes":[]},{"id":119204,"url":"https:\/\/webdelmaestrocmf.com\/portal\/tolerancia-cero-a-las-agresiones-contra-los-docentes-un-escolar-golpeo-a-uno-de-sus-profesores-e-hizo-que-un-companero-grabara-la-agresion-para-subir-el-video-a-redes\/","url_meta":{"origin":120985,"position":2},"title":"Tolerancia cero a las agresiones contra los docentes: un escolar golpe\u00f3 a uno de sus profesores e hizo que un compa\u00f1ero grabara la agresi\u00f3n para subir el video a redes","author":"Web del Maestro CMF","date":"13 mayo, 2026","format":false,"excerpt":"La violencia contra los docentes no puede normalizarse. Agredir, humillar o amenazar a un profesor destruye la convivencia escolar, afecta la educaci\u00f3n y deteriora gravemente la salud mental del profesorado.","rel":"","context":"En \u00abNoticias Internacionales\u00bb","block_context":{"text":"Noticias Internacionales","link":"https:\/\/webdelmaestrocmf.com\/portal\/category\/noticias-internacionales\/"},"img":{"alt_text":"","src":"https:\/\/i0.wp.com\/webdelmaestrocmf.com\/portal\/wp-content\/uploads\/2026\/05\/1AA-Banner-1-portada-imagen-10-1-copia-3-7.webp?resize=350%2C200&ssl=1","width":350,"height":200,"srcset":"https:\/\/i0.wp.com\/webdelmaestrocmf.com\/portal\/wp-content\/uploads\/2026\/05\/1AA-Banner-1-portada-imagen-10-1-copia-3-7.webp?resize=350%2C200&ssl=1 1x, https:\/\/i0.wp.com\/webdelmaestrocmf.com\/portal\/wp-content\/uploads\/2026\/05\/1AA-Banner-1-portada-imagen-10-1-copia-3-7.webp?resize=525%2C300&ssl=1 1.5x, https:\/\/i0.wp.com\/webdelmaestrocmf.com\/portal\/wp-content\/uploads\/2026\/05\/1AA-Banner-1-portada-imagen-10-1-copia-3-7.webp?resize=700%2C400&ssl=1 2x, https:\/\/i0.wp.com\/webdelmaestrocmf.com\/portal\/wp-content\/uploads\/2026\/05\/1AA-Banner-1-portada-imagen-10-1-copia-3-7.webp?resize=1050%2C600&ssl=1 3x"},"classes":[]},{"id":119924,"url":"https:\/\/webdelmaestrocmf.com\/portal\/alumno-de-17-anos-ataca-a-su-profesor-y-le-fractura-la-mandibula\/","url_meta":{"origin":120985,"position":3},"title":"Alumno de 17 a\u00f1os ataca a su profesor y le fractura la mand\u00edbula","author":"Web del Maestro CMF","date":"5 junio, 2026","format":false,"excerpt":"Profesor termina con fracturas faciales tras intentar detener una pelea entre estudiantes dentro del aula. El caso reabre el debate sobre violencia escolar, autoridad docente, seguridad educativa y responsabilidad penal juvenil.","rel":"","context":"En \u00abNoticias Internacionales\u00bb","block_context":{"text":"Noticias Internacionales","link":"https:\/\/webdelmaestrocmf.com\/portal\/category\/noticias-internacionales\/"},"img":{"alt_text":"","src":"https:\/\/i0.wp.com\/webdelmaestrocmf.com\/portal\/wp-content\/uploads\/2026\/06\/1AA-Banner-1-portada-imagen-10-1-copia-1-1.webp?resize=350%2C200&ssl=1","width":350,"height":200,"srcset":"https:\/\/i0.wp.com\/webdelmaestrocmf.com\/portal\/wp-content\/uploads\/2026\/06\/1AA-Banner-1-portada-imagen-10-1-copia-1-1.webp?resize=350%2C200&ssl=1 1x, https:\/\/i0.wp.com\/webdelmaestrocmf.com\/portal\/wp-content\/uploads\/2026\/06\/1AA-Banner-1-portada-imagen-10-1-copia-1-1.webp?resize=525%2C300&ssl=1 1.5x, https:\/\/i0.wp.com\/webdelmaestrocmf.com\/portal\/wp-content\/uploads\/2026\/06\/1AA-Banner-1-portada-imagen-10-1-copia-1-1.webp?resize=700%2C400&ssl=1 2x, https:\/\/i0.wp.com\/webdelmaestrocmf.com\/portal\/wp-content\/uploads\/2026\/06\/1AA-Banner-1-portada-imagen-10-1-copia-1-1.webp?resize=1050%2C600&ssl=1 3x"},"classes":[]},{"id":119325,"url":"https:\/\/webdelmaestrocmf.com\/portal\/hay-que-devolver-al-docente-su-papel-central-expertos-y-academicos-sostienen-que-medidas-como-porticos-o-seguridad-policial-no-resuelven-el-problema-de-fondo\/","url_meta":{"origin":120985,"position":4},"title":"\u201cHay que devolver al docente su papel central\u201d: expertos y acad\u00e9micos sostienen que medidas como p\u00f3rticos o seguridad policial no resuelven el problema de fondo","author":"Web del Maestro CMF","date":"17 mayo, 2026","format":false,"excerpt":"La violencia escolar reabre un debate clave: expertos sostienen que reforzar la autoridad docente, respaldar a los profesores y reconstruir v\u00ednculos educativos puede ser m\u00e1s decisivo que aumentar controles o sanciones.","rel":"","context":"En \u00abNoticias Internacionales\u00bb","block_context":{"text":"Noticias Internacionales","link":"https:\/\/webdelmaestrocmf.com\/portal\/category\/noticias-internacionales\/"},"img":{"alt_text":"","src":"https:\/\/i0.wp.com\/webdelmaestrocmf.com\/portal\/wp-content\/uploads\/2026\/05\/1AA-Banner-1-portada-imagen-10-1-copia-10-1.webp?resize=350%2C200&ssl=1","width":350,"height":200,"srcset":"https:\/\/i0.wp.com\/webdelmaestrocmf.com\/portal\/wp-content\/uploads\/2026\/05\/1AA-Banner-1-portada-imagen-10-1-copia-10-1.webp?resize=350%2C200&ssl=1 1x, https:\/\/i0.wp.com\/webdelmaestrocmf.com\/portal\/wp-content\/uploads\/2026\/05\/1AA-Banner-1-portada-imagen-10-1-copia-10-1.webp?resize=525%2C300&ssl=1 1.5x, https:\/\/i0.wp.com\/webdelmaestrocmf.com\/portal\/wp-content\/uploads\/2026\/05\/1AA-Banner-1-portada-imagen-10-1-copia-10-1.webp?resize=700%2C400&ssl=1 2x, https:\/\/i0.wp.com\/webdelmaestrocmf.com\/portal\/wp-content\/uploads\/2026\/05\/1AA-Banner-1-portada-imagen-10-1-copia-10-1.webp?resize=1050%2C600&ssl=1 3x"},"classes":[]},{"id":116548,"url":"https:\/\/webdelmaestrocmf.com\/portal\/escandalo-en-argentina-estudiantes-juegan-con-bengalas-en-plena-sala-de-clases\/","url_meta":{"origin":120985,"position":5},"title":"Esc\u00e1ndalo en Argentina: estudiantes juegan con bengalas en plena sala de clases","author":"Web del Maestro CMF","date":"17 marzo, 2026","format":false,"excerpt":"Grave incidente en escuela argentina donde estudiantes manipulan bengalas dentro del aula, exponiendo riesgos extremos. El hecho evidencia fallas en supervisi\u00f3n, normas y formaci\u00f3n en convivencia y responsabilidad escolar.","rel":"","context":"En \u00abNoticias Internacionales\u00bb","block_context":{"text":"Noticias Internacionales","link":"https:\/\/webdelmaestrocmf.com\/portal\/category\/noticias-internacionales\/"},"img":{"alt_text":"","src":"https:\/\/i0.wp.com\/webdelmaestrocmf.com\/portal\/wp-content\/uploads\/2026\/03\/1AA-Banner-1-portada-imagen-10-1-copia-1-2.webp?resize=350%2C200&ssl=1","width":350,"height":200,"srcset":"https:\/\/i0.wp.com\/webdelmaestrocmf.com\/portal\/wp-content\/uploads\/2026\/03\/1AA-Banner-1-portada-imagen-10-1-copia-1-2.webp?resize=350%2C200&ssl=1 1x, https:\/\/i0.wp.com\/webdelmaestrocmf.com\/portal\/wp-content\/uploads\/2026\/03\/1AA-Banner-1-portada-imagen-10-1-copia-1-2.webp?resize=525%2C300&ssl=1 1.5x, https:\/\/i0.wp.com\/webdelmaestrocmf.com\/portal\/wp-content\/uploads\/2026\/03\/1AA-Banner-1-portada-imagen-10-1-copia-1-2.webp?resize=700%2C400&ssl=1 2x, https:\/\/i0.wp.com\/webdelmaestrocmf.com\/portal\/wp-content\/uploads\/2026\/03\/1AA-Banner-1-portada-imagen-10-1-copia-1-2.webp?resize=1050%2C600&ssl=1 3x"},"classes":[]}],"jetpack_featured_media_url":"https:\/\/webdelmaestrocmf.com\/portal\/wp-content\/uploads\/2026\/07\/1AA-Banner-1-portada-imagen-10-1-copia-10.webp","_links":{"self":[{"href":"https:\/\/webdelmaestrocmf.com\/portal\/wp-json\/wp\/v2\/posts\/120985","targetHints":{"allow":["GET"]}}],"collection":[{"href":"https:\/\/webdelmaestrocmf.com\/portal\/wp-json\/wp\/v2\/posts"}],"about":[{"href":"https:\/\/webdelmaestrocmf.com\/portal\/wp-json\/wp\/v2\/types\/post"}],"author":[{"embeddable":true,"href":"https:\/\/webdelmaestrocmf.com\/portal\/wp-json\/wp\/v2\/users\/1"}],"replies":[{"embeddable":true,"href":"https:\/\/webdelmaestrocmf.com\/portal\/wp-json\/wp\/v2\/comments?post=120985"}],"version-history":[{"count":1,"href":"https:\/\/webdelmaestrocmf.com\/portal\/wp-json\/wp\/v2\/posts\/120985\/revisions"}],"predecessor-version":[{"id":120987,"href":"https:\/\/webdelmaestrocmf.com\/portal\/wp-json\/wp\/v2\/posts\/120985\/revisions\/120987"}],"wp:featuredmedia":[{"embeddable":true,"href":"https:\/\/webdelmaestrocmf.com\/portal\/wp-json\/wp\/v2\/media\/120988"}],"wp:attachment":[{"href":"https:\/\/webdelmaestrocmf.com\/portal\/wp-json\/wp\/v2\/media?parent=120985"}],"wp:term":[{"taxonomy":"category","embeddable":true,"href":"https:\/\/webdelmaestrocmf.com\/portal\/wp-json\/wp\/v2\/categories?post=120985"},{"taxonomy":"post_tag","embeddable":true,"href":"https:\/\/webdelmaestrocmf.com\/portal\/wp-json\/wp\/v2\/tags?post=120985"}],"curies":[{"name":"wp","href":"https:\/\/api.w.org\/{rel}","templated":true}]}}