{"id":120965,"date":"2026-07-16T20:20:16","date_gmt":"2026-07-17T00:20:16","guid":{"rendered":"https:\/\/webdelmaestrocmf.com\/portal\/?p=120965"},"modified":"2026-07-16T20:37:53","modified_gmt":"2026-07-17T00:37:53","slug":"estudiantes-reciben-tareas-de-limpieza-por-incumplir-el-corte-escolar-y-se-desata-un-debate-sobre-disciplina-y-formacion","status":"publish","type":"post","link":"https:\/\/webdelmaestrocmf.com\/portal\/estudiantes-reciben-tareas-de-limpieza-por-incumplir-el-corte-escolar-y-se-desata-un-debate-sobre-disciplina-y-formacion\/","title":{"rendered":"Estudiantes reciben tareas de limpieza por incumplir el corte escolar y se desata un debate sobre disciplina y formaci\u00f3n"},"content":{"rendered":"\n<p class=\"wp-block-paragraph\">En <strong>El Salvador<\/strong>, un video grabado por estudiantes dentro de un centro educativo abri\u00f3 un intenso debate sobre <strong>los l\u00edmites de la disciplina escolar, la autoridad docente y la responsabilidad compartida entre la escuela y las familias<\/strong>. La grabaci\u00f3n mostraba a un grupo de alumnos realizando labores de limpieza como consecuencia de negarse de manera reiterada a cumplir con la normativa institucional sobre el corte de cabello. <\/p>\n\n\n\n<p class=\"wp-block-paragraph\">Lo que inicialmente parec\u00eda una denuncia contra los docentes termin\u00f3 generando una reacci\u00f3n muy distinta a la esperada, pues una gran parte de la poblaci\u00f3n expres\u00f3 su respaldo a la medida adoptada por la instituci\u00f3n.<\/p>\n\n\n\n<figure class=\"wp-block-embed is-type-video is-provider-youtube wp-block-embed-youtube wp-embed-aspect-9-16 wp-has-aspect-ratio\"><div class=\"wp-block-embed__wrapper\">\n<iframe loading=\"lazy\" title=\"Estudiantes graban a docente que los puso a hacer el aseo por no llevar el corte escolar\" width=\"563\" height=\"1000\" src=\"https:\/\/www.youtube.com\/embed\/IqIeC4bzf-4?feature=oembed\" frameborder=\"0\" allow=\"accelerometer; autoplay; clipboard-write; encrypted-media; gyroscope; picture-in-picture; web-share\" referrerpolicy=\"strict-origin-when-cross-origin\" allowfullscreen><\/iframe>\n<\/div><\/figure>\n\n\n\n<h2 class=\"wp-block-heading\"><strong>Una medida disciplinaria que gener\u00f3 reacciones inesperadas<\/strong><\/h2>\n\n\n\n<p class=\"wp-block-paragraph\">Los estudiantes involucrados difundieron el video con la intenci\u00f3n de evidenciar el castigo impuesto por los docentes. Sin embargo, <strong>la respuesta de la ciudadan\u00eda en redes sociales fue mayoritariamente favorable hacia los profesores<\/strong>, quienes fueron reconocidos por hacer cumplir las normas establecidas dentro del centro educativo.<\/p>\n\n\n\n<p class=\"wp-block-paragraph\">Para numerosos usuarios, <strong>la medida no representaba un acto de humillaci\u00f3n, sino una consecuencia educativa ante el incumplimiento reiterado de una regla conocida por los estudiantes<\/strong>. En ese contexto, la limpieza de los espacios escolares fue interpretada como una actividad orientada a fortalecer valores relacionados con la responsabilidad y el respeto por el entorno.<\/p>\n\n\n\n<h2 class=\"wp-block-heading\"><strong>La disciplina escolar como parte de la formaci\u00f3n integral<\/strong><\/h2>\n\n\n\n<p class=\"wp-block-paragraph\">El caso volvi\u00f3 a poner sobre la mesa el papel que cumplen las normas de convivencia dentro de las instituciones educativas. <strong>Diversos sectores consideran que el cumplimiento de reglas de presentaci\u00f3n personal forma parte del proceso de formaci\u00f3n en h\u00e1bitos, orden y respeto por la autoridad<\/strong>, elementos que posteriormente pueden trasladarse a otros \u00e1mbitos de la vida.<\/p>\n\n\n\n<p class=\"wp-block-paragraph\">Entre los argumentos m\u00e1s repetidos por quienes apoyaron la decisi\u00f3n destacan los siguientes:<\/p>\n\n\n\n<ul class=\"wp-block-list\">\n<li><strong>Las normas deben aplicarse de manera equitativa para todos los estudiantes.<\/strong><\/li>\n\n\n\n<li><strong>Las consecuencias por incumplir reglas previamente conocidas contribuyen a fortalecer la responsabilidad personal.<\/strong><\/li>\n\n\n\n<li><strong>Las actividades asignadas deben tener un prop\u00f3sito educativo y respetar la dignidad del estudiante.<\/strong><\/li>\n\n\n\n<li><strong>La autoridad docente requiere respaldo institucional y familiar para ejercer su labor con eficacia.<\/strong><\/li>\n<\/ul>\n\n\n\n<h2 class=\"wp-block-heading\"><strong>El respaldo de muchas familias sorprendi\u00f3 a los propios estudiantes<\/strong><\/h2>\n\n\n\n<p class=\"wp-block-paragraph\">Uno de los aspectos que m\u00e1s llam\u00f3 la atenci\u00f3n fue que <strong>varios padres de familia tambi\u00e9n manifestaron p\u00fablicamente su apoyo a los docentes<\/strong>. Lejos de cuestionar la decisi\u00f3n, muchos consideraron que la escuela estaba reforzando valores que tambi\u00e9n deben promoverse desde el hogar.<\/p>\n\n\n\n<p class=\"wp-block-paragraph\">Un comentario ampliamente compartido resum\u00eda ese sentir: <strong>\u00abLa disciplina no es un castigo, es una forma de preparar a los j\u00f3venes para asumir responsabilidades.\u00bb<\/strong><\/p>\n\n\n\n<p class=\"wp-block-paragraph\">Este respaldo evidenci\u00f3 que una parte importante de la sociedad considera que <strong>la educaci\u00f3n no depende \u00fanicamente del trabajo de los profesores<\/strong>, sino de la colaboraci\u00f3n permanente entre la familia y la instituci\u00f3n educativa.<\/p>\n\n\n\n<h2 class=\"wp-block-heading\"><strong>Un esfuerzo por fortalecer el orden en las escuelas<\/strong><\/h2>\n\n\n\n<p class=\"wp-block-paragraph\">El episodio tambi\u00e9n se relaciona con <strong>las acciones impulsadas por las autoridades educativas salvadore\u00f1as para reforzar la disciplina y el cumplimiento de las normas dentro de los centros educativos<\/strong>. Estas iniciativas buscan consolidar ambientes de aprendizaje donde prevalezcan el respeto, el orden y la convivencia.<\/p>\n\n\n\n<p class=\"wp-block-paragraph\">Para muchos especialistas en educaci\u00f3n, <strong>la existencia de reglas claras resulta indispensable siempre que se apliquen con criterios pedag\u00f3gicos, proporcionalidad y respeto a los derechos de los estudiantes<\/strong>. La finalidad no consiste \u00fanicamente en sancionar, sino en formar ciudadanos capaces de asumir compromisos y comprender las consecuencias de sus decisiones.<\/p>\n\n\n\n<h2 class=\"wp-block-heading\"><strong>Un debate que trasciende el corte de cabello<\/strong><\/h2>\n\n\n\n<p class=\"wp-block-paragraph\">M\u00e1s all\u00e1 de la apariencia personal, <strong>la discusi\u00f3n gira en torno al equilibrio entre los derechos de los estudiantes, la autoridad de los docentes y la responsabilidad educativa de las familias<\/strong>. El caso demuestra c\u00f3mo una situaci\u00f3n aparentemente cotidiana puede abrir un amplio debate sobre el tipo de formaci\u00f3n que la sociedad espera de sus escuelas.<\/p>\n\n\n\n<p class=\"wp-block-paragraph\">La experiencia ocurrida en <strong>El Salvador<\/strong> refleja que <strong>la educaci\u00f3n contin\u00faa siendo una responsabilidad compartida<\/strong>, donde el \u00e9xito de cualquier medida depende del trabajo conjunto entre docentes, directivos, estudiantes y padres de familia. Cuando las normas se aplican con coherencia y tienen un prop\u00f3sito formativo, pueden convertirse en una oportunidad para fortalecer valores fundamentales que acompa\u00f1ar\u00e1n a los j\u00f3venes mucho m\u00e1s all\u00e1 de las aulas.<\/p>\n\n\n\n<p class=\"has-text-align-right wp-block-paragraph\"><strong>Redacci\u00f3n | Web del Maestro CMF<\/strong><\/p>\n\n\n\t\t<div class=\"pk-inline-posts\">\n\t\t\t\t\t\t\t<h5 class=\"pk-inline-posts-title pk-title pk-font-block\">\n\t\t\t\t\t\u00daltimas entradas\t\t\t\t<\/h5>\n\t\t\t\n\t\t\t<div class=\"pk-inline-posts-container pk-inline-posts-template-list\"\n\t\t\t\tdata-columns=\"1\">\n\t\t\t\t\t\t<article id=\"post-121053\" class=\"post-121053 post type-post status-publish format-standard has-post-thumbnail category-noticias-internacionales tag-deporte tag-educacion-2 tag-fair-play tag-formacion-deportiva tag-futbol-2 tag-infancia tag-juego-limpio tag-mundial tag-trabajo-en-equipo tag-valores cs-entry cs-video-wrap\">\n\t\t\t<div class=\"pk-post-outer\">\n\n\t\t\t\t\t\t\t\t<div class=\"pk-post-inner\">\n\t\t\t\t\t<div class=\"entry-thumbnail\">\n\t\t\t\t\t\t<div class=\"pk-overlay pk-overlay-ratio pk-ratio-landscape\">\n\t\t\t\t\t\t\t<div class=\"pk-overlay-background\">\n\t\t\t\t\t\t\t\t<a href=\"https:\/\/webdelmaestrocmf.com\/portal\/javier-bardem-elogia-a-la-seleccion-campeona-y-destaca-el-juego-limpio-como-ejemplo-para-millones-de-ninos\/\" class=\"pk-overlay-link\">\n\t\t\t\t\t\t\t\t\t<img loading=\"lazy\" decoding=\"async\" width=\"300\" height=\"225\" src=\"https:\/\/webdelmaestrocmf.com\/portal\/wp-content\/uploads\/2026\/07\/1AA-Banner-1-portada-imagen-10-1-copia-16-1-300x225.webp\" class=\"attachment-pk-thumbnail size-pk-thumbnail wp-post-image\" alt=\"\" \/>\t\t\t\t\t\t\t\t<\/a>\n\t\t\t\t\t\t\t<\/div>\n\t\t\t\t\t\t<\/div>\n\t\t\t\t\t<\/div>\n\t\t\t\t<\/div>\n\t\t\t\t\n\t\t\t\t<div class=\"pk-post-inner\">\n\t\t\t\t\t<header>\n\t\t\t\t\t\t<h3 class=\"pk-title\"><a href=\"https:\/\/webdelmaestrocmf.com\/portal\/javier-bardem-elogia-a-la-seleccion-campeona-y-destaca-el-juego-limpio-como-ejemplo-para-millones-de-ninos\/\" rel=\"bookmark\">Javier Bardem elogia a la selecci\u00f3n campeona y destaca el juego limpio como ejemplo para millones de ni\u00f1os<\/a><\/h3>\t\t\t\t\t<\/header><!-- .entry-header -->\n\t\t\t\t<\/div><!-- .post-inner -->\n\n\t\t\t<\/div><!-- .post-outer -->\n\t\t<\/article>\n\t\t\t<article id=\"post-121041\" class=\"post-121041 post type-post status-publish format-standard has-post-thumbnail category-noticias-internacionales tag-agresion-a-docente tag-apoderados tag-comunidad-educativa tag-convivencia-escolar tag-ley-karin tag-proteccion-docente tag-salud-mental tag-seguridad-escolar tag-violencia-escolar cs-entry cs-video-wrap\">\n\t\t\t<div class=\"pk-post-outer\">\n\n\t\t\t\t\t\t\t\t<div class=\"pk-post-inner\">\n\t\t\t\t\t<div class=\"entry-thumbnail\">\n\t\t\t\t\t\t<div class=\"pk-overlay pk-overlay-ratio pk-ratio-landscape\">\n\t\t\t\t\t\t\t<div class=\"pk-overlay-background\">\n\t\t\t\t\t\t\t\t<a href=\"https:\/\/webdelmaestrocmf.com\/portal\/municipalidad-de-temuco-anuncia-acciones-legales-tras-agresion-de-un-apoderado-a-un-profesor-dentro-de-un-establecimiento-educacional\/\" class=\"pk-overlay-link\">\n\t\t\t\t\t\t\t\t\t<img loading=\"lazy\" decoding=\"async\" width=\"300\" height=\"225\" src=\"https:\/\/webdelmaestrocmf.com\/portal\/wp-content\/uploads\/2026\/07\/1AA-Banner-1-portada-imagen-10-1-copia-14-1-300x225.webp\" class=\"attachment-pk-thumbnail size-pk-thumbnail wp-post-image\" alt=\"\" \/>\t\t\t\t\t\t\t\t<\/a>\n\t\t\t\t\t\t\t<\/div>\n\t\t\t\t\t\t<\/div>\n\t\t\t\t\t<\/div>\n\t\t\t\t<\/div>\n\t\t\t\t\n\t\t\t\t<div class=\"pk-post-inner\">\n\t\t\t\t\t<header>\n\t\t\t\t\t\t<h3 class=\"pk-title\"><a href=\"https:\/\/webdelmaestrocmf.com\/portal\/municipalidad-de-temuco-anuncia-acciones-legales-tras-agresion-de-un-apoderado-a-un-profesor-dentro-de-un-establecimiento-educacional\/\" rel=\"bookmark\">Municipalidad de Temuco anuncia acciones legales tras agresi\u00f3n de un apoderado a un profesor dentro de un establecimiento educacional<\/a><\/h3>\t\t\t\t\t<\/header><!-- .entry-header -->\n\t\t\t\t<\/div><!-- .post-inner -->\n\n\t\t\t<\/div><!-- .post-outer -->\n\t\t<\/article>\n\t\t\t<article id=\"post-121036\" class=\"post-121036 post type-post status-publish format-standard has-post-thumbnail category-noticias-internacionales tag-autoridad-docente tag-convivencia-escolar tag-disciplina-escolar tag-docentes tag-educacion-2 tag-estudiantes tag-redes-sociales tag-respeto tag-tiktok tag-valores cs-entry cs-video-wrap\">\n\t\t\t<div class=\"pk-post-outer\">\n\n\t\t\t\t\t\t\t\t<div class=\"pk-post-inner\">\n\t\t\t\t\t<div class=\"entry-thumbnail\">\n\t\t\t\t\t\t<div class=\"pk-overlay pk-overlay-ratio pk-ratio-landscape\">\n\t\t\t\t\t\t\t<div class=\"pk-overlay-background\">\n\t\t\t\t\t\t\t\t<a href=\"https:\/\/webdelmaestrocmf.com\/portal\/alumnos-le-hacen-una-broma-pesada-y-le-faltan-el-respeto-a-su-maestra-ella-se-hizo-respetar-reprobando-a-todos\/\" class=\"pk-overlay-link\">\n\t\t\t\t\t\t\t\t\t<img loading=\"lazy\" decoding=\"async\" width=\"300\" height=\"225\" src=\"https:\/\/webdelmaestrocmf.com\/portal\/wp-content\/uploads\/2026\/07\/1AA-Banner-1-portada-imagen-10-1-copia-13-1-300x225.webp\" class=\"attachment-pk-thumbnail size-pk-thumbnail wp-post-image\" alt=\"\" \/>\t\t\t\t\t\t\t\t<\/a>\n\t\t\t\t\t\t\t<\/div>\n\t\t\t\t\t\t<\/div>\n\t\t\t\t\t<\/div>\n\t\t\t\t<\/div>\n\t\t\t\t\n\t\t\t\t<div class=\"pk-post-inner\">\n\t\t\t\t\t<header>\n\t\t\t\t\t\t<h3 class=\"pk-title\"><a href=\"https:\/\/webdelmaestrocmf.com\/portal\/alumnos-le-hacen-una-broma-pesada-y-le-faltan-el-respeto-a-su-maestra-ella-se-hizo-respetar-reprobando-a-todos\/\" rel=\"bookmark\">Alumnos le hacen una broma pesada y le faltan el respeto a su maestra; ella se hizo respetar reprobando a todos<\/a><\/h3>\t\t\t\t\t<\/header><!-- .entry-header -->\n\t\t\t\t<\/div><!-- .post-inner -->\n\n\t\t\t<\/div><!-- .post-outer -->\n\t\t<\/article>\n\t\t\t\t<\/div>\n\t\t<\/div>\n\t\t\n","protected":false},"excerpt":{"rendered":"En El Salvador, un maestro puso a limpiar a estudiantes que incumpl\u00edan el corte escolar. La medida gener\u00f3 un intenso debate, pero recibi\u00f3 amplio respaldo de padres, docentes y usuarios en redes sociales.","protected":false},"author":1,"featured_media":120970,"comment_status":"open","ping_status":"closed","sticky":false,"template":"","format":"standard","meta":{"_jetpack_newsletter_access":"","_jetpack_dont_email_post_to_subs":false,"_jetpack_newsletter_tier_id":0,"_jetpack_memberships_contains_paywalled_content":false,"csco_display_header_overlay":false,"csco_singular_sidebar":"","csco_page_header_type":"","csco_page_load_nextpost":"","csco_post_video_location":[],"csco_post_video_location_hash":"","csco_post_video_url":"","csco_post_video_bg_start_time":0,"csco_post_video_bg_end_time":0,"csco_post_video_bg_volume":false,"_jetpack_feature_clip_id":0,"_jetpack_memberships_contains_paid_content":false,"footnotes":"","jetpack_post_was_ever_published":false},"categories":[23790],"tags":[18546,14753,18548,58,23808,96,25445,25549,445,17637],"class_list":["post-120965","post","type-post","status-publish","format-standard","has-post-thumbnail","category-noticias-internacionales","tag-autoridad-docente","tag-convivencia-escolar","tag-disciplina-escolar","tag-docentes","tag-educacion-2","tag-estudiantes","tag-formacion-en-valores","tag-normas-escolares","tag-padres-de-familia","tag-responsabilidad-educativa","cs-entry","cs-video-wrap"],"yoast_head":"<!-- This site is optimized with the Yoast SEO plugin v28.4 - https:\/\/yoast.com\/product\/yoast-seo-wordpress\/ -->\n<title>Estudiantes reciben tareas de limpieza por incumplir el corte escolar y se desata un debate sobre disciplina y formaci\u00f3n - 2026<\/title>\n<meta name=\"description\" content=\"La grabaci\u00f3n mostraba a un grupo de alumnos realizando labores de limpieza como consecuencia de negarse de manera...\" \/>\n<meta name=\"robots\" content=\"index, follow, max-snippet:-1, max-image-preview:large, max-video-preview:-1\" \/>\n<link rel=\"canonical\" href=\"https:\/\/webdelmaestrocmf.com\/portal\/estudiantes-reciben-tareas-de-limpieza-por-incumplir-el-corte-escolar-y-se-desata-un-debate-sobre-disciplina-y-formacion\/\" \/>\n<meta property=\"og:locale\" content=\"es_ES\" \/>\n<meta property=\"og:type\" content=\"article\" \/>\n<meta property=\"og:title\" content=\"Estudiantes reciben tareas de limpieza por incumplir el corte escolar y se desata un debate sobre disciplina y formaci\u00f3n - 2026\" \/>\n<meta property=\"og:description\" content=\"La grabaci\u00f3n mostraba a un grupo de alumnos realizando labores de limpieza como consecuencia de negarse de manera...\" \/>\n<meta property=\"og:url\" content=\"https:\/\/webdelmaestrocmf.com\/portal\/estudiantes-reciben-tareas-de-limpieza-por-incumplir-el-corte-escolar-y-se-desata-un-debate-sobre-disciplina-y-formacion\/\" \/>\n<meta property=\"og:site_name\" content=\"Web del Maestro CMF\" \/>\n<meta property=\"article:publisher\" content=\"https:\/\/www.facebook.com\/WebdelMaestroCMF\/\" \/>\n<meta property=\"article:author\" content=\"https:\/\/www.facebook.com\/WebdelMaestroCMF\/\" \/>\n<meta property=\"article:published_time\" content=\"2026-07-17T00:20:16+00:00\" \/>\n<meta property=\"article:modified_time\" content=\"2026-07-17T00:37:53+00:00\" \/>\n<meta property=\"og:image\" content=\"https:\/\/webdelmaestrocmf.com\/portal\/wp-content\/uploads\/2026\/07\/1AA-Banner-1-portada-imagen-10-1-copia-9.webp\" \/>\n\t<meta property=\"og:image:width\" content=\"1200\" \/>\n\t<meta property=\"og:image:height\" content=\"675\" \/>\n\t<meta property=\"og:image:type\" content=\"image\/webp\" \/>\n<meta name=\"author\" content=\"Web del Maestro CMF\" \/>\n<meta name=\"twitter:card\" content=\"summary_large_image\" \/>\n<meta name=\"twitter:creator\" content=\"@cmf_w\" \/>\n<meta name=\"twitter:site\" content=\"@cmf_w\" \/>\n<script type=\"application\/ld+json\" class=\"yoast-schema-graph\">{\"@context\":\"https:\\\/\\\/schema.org\",\"@graph\":[{\"@type\":\"ScholarlyArticle\",\"@id\":\"https:\\\/\\\/webdelmaestrocmf.com\\\/portal\\\/estudiantes-reciben-tareas-de-limpieza-por-incumplir-el-corte-escolar-y-se-desata-un-debate-sobre-disciplina-y-formacion\\\/#article\",\"isPartOf\":{\"@id\":\"https:\\\/\\\/webdelmaestrocmf.com\\\/portal\\\/estudiantes-reciben-tareas-de-limpieza-por-incumplir-el-corte-escolar-y-se-desata-un-debate-sobre-disciplina-y-formacion\\\/\"},\"author\":{\"name\":\"Web del Maestro CMF\",\"@id\":\"https:\\\/\\\/webdelmaestrocmf.com\\\/portal\\\/#\\\/schema\\\/person\\\/1072a2ed7bd960df8ef99a551fa35dc5\"},\"headline\":\"Estudiantes reciben tareas de limpieza por incumplir el corte escolar y se desata un debate sobre disciplina y formaci\u00f3n\",\"datePublished\":\"2026-07-17T00:20:16+00:00\",\"dateModified\":\"2026-07-17T00:37:53+00:00\",\"mainEntityOfPage\":{\"@id\":\"https:\\\/\\\/webdelmaestrocmf.com\\\/portal\\\/estudiantes-reciben-tareas-de-limpieza-por-incumplir-el-corte-escolar-y-se-desata-un-debate-sobre-disciplina-y-formacion\\\/\"},\"wordCount\":778,\"commentCount\":0,\"publisher\":{\"@id\":\"https:\\\/\\\/webdelmaestrocmf.com\\\/portal\\\/#organization\"},\"image\":{\"@id\":\"https:\\\/\\\/webdelmaestrocmf.com\\\/portal\\\/estudiantes-reciben-tareas-de-limpieza-por-incumplir-el-corte-escolar-y-se-desata-un-debate-sobre-disciplina-y-formacion\\\/#primaryimage\"},\"thumbnailUrl\":\"https:\\\/\\\/webdelmaestrocmf.com\\\/portal\\\/wp-content\\\/uploads\\\/2026\\\/07\\\/1AA-Banner-1-portada-imagen-10-1-copia-9.webp\",\"keywords\":[\"autoridad docente\",\"Convivencia Escolar\",\"disciplina escolar\",\"DOCENTES\",\"educaci\u00f3n\",\"estudiantes\",\"formaci\u00f3n en valores\",\"normas escolares\",\"Padres de Familia\",\"responsabilidad educativa\"],\"articleSection\":[\"Noticias Internacionales\"],\"inLanguage\":\"es\",\"potentialAction\":[{\"@type\":\"CommentAction\",\"name\":\"Comment\",\"target\":[\"https:\\\/\\\/webdelmaestrocmf.com\\\/portal\\\/estudiantes-reciben-tareas-de-limpieza-por-incumplir-el-corte-escolar-y-se-desata-un-debate-sobre-disciplina-y-formacion\\\/#respond\"]}]},{\"@type\":\"WebPage\",\"@id\":\"https:\\\/\\\/webdelmaestrocmf.com\\\/portal\\\/estudiantes-reciben-tareas-de-limpieza-por-incumplir-el-corte-escolar-y-se-desata-un-debate-sobre-disciplina-y-formacion\\\/\",\"url\":\"https:\\\/\\\/webdelmaestrocmf.com\\\/portal\\\/estudiantes-reciben-tareas-de-limpieza-por-incumplir-el-corte-escolar-y-se-desata-un-debate-sobre-disciplina-y-formacion\\\/\",\"name\":\"Estudiantes reciben tareas de limpieza por incumplir el corte escolar y se desata un debate sobre disciplina y formaci\u00f3n - 2026\",\"isPartOf\":{\"@id\":\"https:\\\/\\\/webdelmaestrocmf.com\\\/portal\\\/#website\"},\"primaryImageOfPage\":{\"@id\":\"https:\\\/\\\/webdelmaestrocmf.com\\\/portal\\\/estudiantes-reciben-tareas-de-limpieza-por-incumplir-el-corte-escolar-y-se-desata-un-debate-sobre-disciplina-y-formacion\\\/#primaryimage\"},\"image\":{\"@id\":\"https:\\\/\\\/webdelmaestrocmf.com\\\/portal\\\/estudiantes-reciben-tareas-de-limpieza-por-incumplir-el-corte-escolar-y-se-desata-un-debate-sobre-disciplina-y-formacion\\\/#primaryimage\"},\"thumbnailUrl\":\"https:\\\/\\\/webdelmaestrocmf.com\\\/portal\\\/wp-content\\\/uploads\\\/2026\\\/07\\\/1AA-Banner-1-portada-imagen-10-1-copia-9.webp\",\"datePublished\":\"2026-07-17T00:20:16+00:00\",\"dateModified\":\"2026-07-17T00:37:53+00:00\",\"description\":\"La grabaci\u00f3n mostraba a un grupo de alumnos realizando labores de limpieza como consecuencia de negarse de manera...\",\"breadcrumb\":{\"@id\":\"https:\\\/\\\/webdelmaestrocmf.com\\\/portal\\\/estudiantes-reciben-tareas-de-limpieza-por-incumplir-el-corte-escolar-y-se-desata-un-debate-sobre-disciplina-y-formacion\\\/#breadcrumb\"},\"inLanguage\":\"es\",\"potentialAction\":[{\"@type\":\"ReadAction\",\"target\":[\"https:\\\/\\\/webdelmaestrocmf.com\\\/portal\\\/estudiantes-reciben-tareas-de-limpieza-por-incumplir-el-corte-escolar-y-se-desata-un-debate-sobre-disciplina-y-formacion\\\/\"]}]},{\"@type\":\"ImageObject\",\"inLanguage\":\"es\",\"@id\":\"https:\\\/\\\/webdelmaestrocmf.com\\\/portal\\\/estudiantes-reciben-tareas-de-limpieza-por-incumplir-el-corte-escolar-y-se-desata-un-debate-sobre-disciplina-y-formacion\\\/#primaryimage\",\"url\":\"https:\\\/\\\/webdelmaestrocmf.com\\\/portal\\\/wp-content\\\/uploads\\\/2026\\\/07\\\/1AA-Banner-1-portada-imagen-10-1-copia-9.webp\",\"contentUrl\":\"https:\\\/\\\/webdelmaestrocmf.com\\\/portal\\\/wp-content\\\/uploads\\\/2026\\\/07\\\/1AA-Banner-1-portada-imagen-10-1-copia-9.webp\",\"width\":1200,\"height\":675},{\"@type\":\"BreadcrumbList\",\"@id\":\"https:\\\/\\\/webdelmaestrocmf.com\\\/portal\\\/estudiantes-reciben-tareas-de-limpieza-por-incumplir-el-corte-escolar-y-se-desata-un-debate-sobre-disciplina-y-formacion\\\/#breadcrumb\",\"itemListElement\":[{\"@type\":\"ListItem\",\"position\":1,\"name\":\"Portada\",\"item\":\"https:\\\/\\\/webdelmaestrocmf.com\\\/portal\\\/\"},{\"@type\":\"ListItem\",\"position\":2,\"name\":\"Noticias Internacionales\",\"item\":\"https:\\\/\\\/webdelmaestrocmf.com\\\/portal\\\/category\\\/noticias-internacionales\\\/\"},{\"@type\":\"ListItem\",\"position\":3,\"name\":\"Estudiantes reciben tareas de limpieza por incumplir el corte escolar y se desata un debate sobre disciplina y formaci\u00f3n\"}]},{\"@type\":\"WebSite\",\"@id\":\"https:\\\/\\\/webdelmaestrocmf.com\\\/portal\\\/#website\",\"url\":\"https:\\\/\\\/webdelmaestrocmf.com\\\/portal\\\/\",\"name\":\"Web del Maestro CMF\",\"description\":\"Maestros al servicio de la educaci\u00f3n\",\"publisher\":{\"@id\":\"https:\\\/\\\/webdelmaestrocmf.com\\\/portal\\\/#organization\"},\"alternateName\":\"WMCMF\",\"potentialAction\":[{\"@type\":\"SearchAction\",\"target\":{\"@type\":\"EntryPoint\",\"urlTemplate\":\"https:\\\/\\\/webdelmaestrocmf.com\\\/portal\\\/?s={search_term_string}\"},\"query-input\":{\"@type\":\"PropertyValueSpecification\",\"valueRequired\":true,\"valueName\":\"search_term_string\"}}],\"inLanguage\":\"es\"},{\"@type\":\"Organization\",\"@id\":\"https:\\\/\\\/webdelmaestrocmf.com\\\/portal\\\/#organization\",\"name\":\"Web del Maestro CMF\",\"alternateName\":\"WMCMF\",\"url\":\"https:\\\/\\\/webdelmaestrocmf.com\\\/portal\\\/\",\"logo\":{\"@type\":\"ImageObject\",\"inLanguage\":\"es\",\"@id\":\"https:\\\/\\\/webdelmaestrocmf.com\\\/portal\\\/#\\\/schema\\\/logo\\\/image\\\/\",\"url\":\"https:\\\/\\\/webdelmaestrocmf.com\\\/portal\\\/wp-content\\\/uploads\\\/2023\\\/01\\\/logo-wmcmf-2.png\",\"contentUrl\":\"https:\\\/\\\/webdelmaestrocmf.com\\\/portal\\\/wp-content\\\/uploads\\\/2023\\\/01\\\/logo-wmcmf-2.png\",\"width\":200,\"height\":60,\"caption\":\"Web del Maestro CMF\"},\"image\":{\"@id\":\"https:\\\/\\\/webdelmaestrocmf.com\\\/portal\\\/#\\\/schema\\\/logo\\\/image\\\/\"},\"sameAs\":[\"https:\\\/\\\/www.facebook.com\\\/WebdelMaestroCMF\\\/\",\"https:\\\/\\\/x.com\\\/cmf_w\",\"https:\\\/\\\/www.pinterest.com\\\/WMCMF\\\/\",\"https:\\\/\\\/www.linkedin.com\\\/company\\\/web-del-maestro-cmf\\\/\",\"https:\\\/\\\/www.instagram.com\\\/wmcmf\\\/\",\"https:\\\/\\\/www.youtube.com\\\/channel\\\/UCDPSvjbdodE5sHnC3OxutHw\",\"https:\\\/\\\/mastodon.social\\\/@wmcmf\",\"https:\\\/\\\/www.tiktok.com\\\/@webdelmaestrocmf\"]},{\"@type\":\"Person\",\"@id\":\"https:\\\/\\\/webdelmaestrocmf.com\\\/portal\\\/#\\\/schema\\\/person\\\/1072a2ed7bd960df8ef99a551fa35dc5\",\"name\":\"Web del Maestro CMF\",\"image\":{\"@type\":\"ImageObject\",\"inLanguage\":\"es\",\"@id\":\"https:\\\/\\\/secure.gravatar.com\\\/avatar\\\/23291dd5b5ae1077dcff3dbb04c3e02bd28403fa75af6d8787d5e97c5bbbe30b?s=96&d=mm&r=g\",\"url\":\"https:\\\/\\\/secure.gravatar.com\\\/avatar\\\/23291dd5b5ae1077dcff3dbb04c3e02bd28403fa75af6d8787d5e97c5bbbe30b?s=96&d=mm&r=g\",\"contentUrl\":\"https:\\\/\\\/secure.gravatar.com\\\/avatar\\\/23291dd5b5ae1077dcff3dbb04c3e02bd28403fa75af6d8787d5e97c5bbbe30b?s=96&d=mm&r=g\",\"caption\":\"Web del Maestro CMF\"},\"description\":\"Esta Web se cre\u00f3 sin fines de lucro, con fines educativos, cient\u00edficos y acad\u00e9micos, para personas que tengan dificultades y\\\/o inconvenientes en visualizar el material original. El objetivo es entregar recursos, compartir experiencias y materiales que ayuden a los padres de familia, maestros y estudiantes en su actualizaci\u00f3n y formaci\u00f3n permanente, en bien de la Educaci\u00f3n.\",\"sameAs\":[\"http:\\\/\\\/webdelmaestrocmf.com\\\/portal\",\"https:\\\/\\\/www.facebook.com\\\/WebdelMaestroCMF\\\/\",\"https:\\\/\\\/www.instagram.com\\\/wmcmf\\\/\",\"https:\\\/\\\/cl.linkedin.com\\\/company\\\/web-del-maestro-cmf\",\"https:\\\/\\\/www.pinterest.com\\\/WMCMF\\\/publicaciones\\\/\",\"https:\\\/\\\/x.com\\\/cmf_w\",\"https:\\\/\\\/www.youtube.com\\\/@WMCMF\"]}]}<\/script>\n<!-- \/ Yoast SEO plugin. -->","yoast_head_json":{"title":"Estudiantes reciben tareas de limpieza por incumplir el corte escolar y se desata un debate sobre disciplina y formaci\u00f3n - 2026","description":"La grabaci\u00f3n mostraba a un grupo de alumnos realizando labores de limpieza como consecuencia de negarse de manera...","robots":{"index":"index","follow":"follow","max-snippet":"max-snippet:-1","max-image-preview":"max-image-preview:large","max-video-preview":"max-video-preview:-1"},"canonical":"https:\/\/webdelmaestrocmf.com\/portal\/estudiantes-reciben-tareas-de-limpieza-por-incumplir-el-corte-escolar-y-se-desata-un-debate-sobre-disciplina-y-formacion\/","og_locale":"es_ES","og_type":"article","og_title":"Estudiantes reciben tareas de limpieza por incumplir el corte escolar y se desata un debate sobre disciplina y formaci\u00f3n - 2026","og_description":"La grabaci\u00f3n mostraba a un grupo de alumnos realizando labores de limpieza como consecuencia de negarse de manera...","og_url":"https:\/\/webdelmaestrocmf.com\/portal\/estudiantes-reciben-tareas-de-limpieza-por-incumplir-el-corte-escolar-y-se-desata-un-debate-sobre-disciplina-y-formacion\/","og_site_name":"Web del Maestro CMF","article_publisher":"https:\/\/www.facebook.com\/WebdelMaestroCMF\/","article_author":"https:\/\/www.facebook.com\/WebdelMaestroCMF\/","article_published_time":"2026-07-17T00:20:16+00:00","article_modified_time":"2026-07-17T00:37:53+00:00","og_image":[{"width":1200,"height":675,"url":"https:\/\/webdelmaestrocmf.com\/portal\/wp-content\/uploads\/2026\/07\/1AA-Banner-1-portada-imagen-10-1-copia-9.webp","type":"image\/webp"}],"author":"Web del Maestro CMF","twitter_card":"summary_large_image","twitter_creator":"@cmf_w","twitter_site":"@cmf_w","schema":{"@context":"https:\/\/schema.org","@graph":[{"@type":"ScholarlyArticle","@id":"https:\/\/webdelmaestrocmf.com\/portal\/estudiantes-reciben-tareas-de-limpieza-por-incumplir-el-corte-escolar-y-se-desata-un-debate-sobre-disciplina-y-formacion\/#article","isPartOf":{"@id":"https:\/\/webdelmaestrocmf.com\/portal\/estudiantes-reciben-tareas-de-limpieza-por-incumplir-el-corte-escolar-y-se-desata-un-debate-sobre-disciplina-y-formacion\/"},"author":{"name":"Web del Maestro CMF","@id":"https:\/\/webdelmaestrocmf.com\/portal\/#\/schema\/person\/1072a2ed7bd960df8ef99a551fa35dc5"},"headline":"Estudiantes reciben tareas de limpieza por incumplir el corte escolar y se desata un debate sobre disciplina y formaci\u00f3n","datePublished":"2026-07-17T00:20:16+00:00","dateModified":"2026-07-17T00:37:53+00:00","mainEntityOfPage":{"@id":"https:\/\/webdelmaestrocmf.com\/portal\/estudiantes-reciben-tareas-de-limpieza-por-incumplir-el-corte-escolar-y-se-desata-un-debate-sobre-disciplina-y-formacion\/"},"wordCount":778,"commentCount":0,"publisher":{"@id":"https:\/\/webdelmaestrocmf.com\/portal\/#organization"},"image":{"@id":"https:\/\/webdelmaestrocmf.com\/portal\/estudiantes-reciben-tareas-de-limpieza-por-incumplir-el-corte-escolar-y-se-desata-un-debate-sobre-disciplina-y-formacion\/#primaryimage"},"thumbnailUrl":"https:\/\/webdelmaestrocmf.com\/portal\/wp-content\/uploads\/2026\/07\/1AA-Banner-1-portada-imagen-10-1-copia-9.webp","keywords":["autoridad docente","Convivencia Escolar","disciplina escolar","DOCENTES","educaci\u00f3n","estudiantes","formaci\u00f3n en valores","normas escolares","Padres de Familia","responsabilidad educativa"],"articleSection":["Noticias Internacionales"],"inLanguage":"es","potentialAction":[{"@type":"CommentAction","name":"Comment","target":["https:\/\/webdelmaestrocmf.com\/portal\/estudiantes-reciben-tareas-de-limpieza-por-incumplir-el-corte-escolar-y-se-desata-un-debate-sobre-disciplina-y-formacion\/#respond"]}]},{"@type":"WebPage","@id":"https:\/\/webdelmaestrocmf.com\/portal\/estudiantes-reciben-tareas-de-limpieza-por-incumplir-el-corte-escolar-y-se-desata-un-debate-sobre-disciplina-y-formacion\/","url":"https:\/\/webdelmaestrocmf.com\/portal\/estudiantes-reciben-tareas-de-limpieza-por-incumplir-el-corte-escolar-y-se-desata-un-debate-sobre-disciplina-y-formacion\/","name":"Estudiantes reciben tareas de limpieza por incumplir el corte escolar y se desata un debate sobre disciplina y formaci\u00f3n - 2026","isPartOf":{"@id":"https:\/\/webdelmaestrocmf.com\/portal\/#website"},"primaryImageOfPage":{"@id":"https:\/\/webdelmaestrocmf.com\/portal\/estudiantes-reciben-tareas-de-limpieza-por-incumplir-el-corte-escolar-y-se-desata-un-debate-sobre-disciplina-y-formacion\/#primaryimage"},"image":{"@id":"https:\/\/webdelmaestrocmf.com\/portal\/estudiantes-reciben-tareas-de-limpieza-por-incumplir-el-corte-escolar-y-se-desata-un-debate-sobre-disciplina-y-formacion\/#primaryimage"},"thumbnailUrl":"https:\/\/webdelmaestrocmf.com\/portal\/wp-content\/uploads\/2026\/07\/1AA-Banner-1-portada-imagen-10-1-copia-9.webp","datePublished":"2026-07-17T00:20:16+00:00","dateModified":"2026-07-17T00:37:53+00:00","description":"La grabaci\u00f3n mostraba a un grupo de alumnos realizando labores de limpieza como consecuencia de negarse de manera...","breadcrumb":{"@id":"https:\/\/webdelmaestrocmf.com\/portal\/estudiantes-reciben-tareas-de-limpieza-por-incumplir-el-corte-escolar-y-se-desata-un-debate-sobre-disciplina-y-formacion\/#breadcrumb"},"inLanguage":"es","potentialAction":[{"@type":"ReadAction","target":["https:\/\/webdelmaestrocmf.com\/portal\/estudiantes-reciben-tareas-de-limpieza-por-incumplir-el-corte-escolar-y-se-desata-un-debate-sobre-disciplina-y-formacion\/"]}]},{"@type":"ImageObject","inLanguage":"es","@id":"https:\/\/webdelmaestrocmf.com\/portal\/estudiantes-reciben-tareas-de-limpieza-por-incumplir-el-corte-escolar-y-se-desata-un-debate-sobre-disciplina-y-formacion\/#primaryimage","url":"https:\/\/webdelmaestrocmf.com\/portal\/wp-content\/uploads\/2026\/07\/1AA-Banner-1-portada-imagen-10-1-copia-9.webp","contentUrl":"https:\/\/webdelmaestrocmf.com\/portal\/wp-content\/uploads\/2026\/07\/1AA-Banner-1-portada-imagen-10-1-copia-9.webp","width":1200,"height":675},{"@type":"BreadcrumbList","@id":"https:\/\/webdelmaestrocmf.com\/portal\/estudiantes-reciben-tareas-de-limpieza-por-incumplir-el-corte-escolar-y-se-desata-un-debate-sobre-disciplina-y-formacion\/#breadcrumb","itemListElement":[{"@type":"ListItem","position":1,"name":"Portada","item":"https:\/\/webdelmaestrocmf.com\/portal\/"},{"@type":"ListItem","position":2,"name":"Noticias Internacionales","item":"https:\/\/webdelmaestrocmf.com\/portal\/category\/noticias-internacionales\/"},{"@type":"ListItem","position":3,"name":"Estudiantes reciben tareas de limpieza por incumplir el corte escolar y se desata un debate sobre disciplina y formaci\u00f3n"}]},{"@type":"WebSite","@id":"https:\/\/webdelmaestrocmf.com\/portal\/#website","url":"https:\/\/webdelmaestrocmf.com\/portal\/","name":"Web del Maestro CMF","description":"Maestros al servicio de la educaci\u00f3n","publisher":{"@id":"https:\/\/webdelmaestrocmf.com\/portal\/#organization"},"alternateName":"WMCMF","potentialAction":[{"@type":"SearchAction","target":{"@type":"EntryPoint","urlTemplate":"https:\/\/webdelmaestrocmf.com\/portal\/?s={search_term_string}"},"query-input":{"@type":"PropertyValueSpecification","valueRequired":true,"valueName":"search_term_string"}}],"inLanguage":"es"},{"@type":"Organization","@id":"https:\/\/webdelmaestrocmf.com\/portal\/#organization","name":"Web del Maestro CMF","alternateName":"WMCMF","url":"https:\/\/webdelmaestrocmf.com\/portal\/","logo":{"@type":"ImageObject","inLanguage":"es","@id":"https:\/\/webdelmaestrocmf.com\/portal\/#\/schema\/logo\/image\/","url":"https:\/\/webdelmaestrocmf.com\/portal\/wp-content\/uploads\/2023\/01\/logo-wmcmf-2.png","contentUrl":"https:\/\/webdelmaestrocmf.com\/portal\/wp-content\/uploads\/2023\/01\/logo-wmcmf-2.png","width":200,"height":60,"caption":"Web del Maestro CMF"},"image":{"@id":"https:\/\/webdelmaestrocmf.com\/portal\/#\/schema\/logo\/image\/"},"sameAs":["https:\/\/www.facebook.com\/WebdelMaestroCMF\/","https:\/\/x.com\/cmf_w","https:\/\/www.pinterest.com\/WMCMF\/","https:\/\/www.linkedin.com\/company\/web-del-maestro-cmf\/","https:\/\/www.instagram.com\/wmcmf\/","https:\/\/www.youtube.com\/channel\/UCDPSvjbdodE5sHnC3OxutHw","https:\/\/mastodon.social\/@wmcmf","https:\/\/www.tiktok.com\/@webdelmaestrocmf"]},{"@type":"Person","@id":"https:\/\/webdelmaestrocmf.com\/portal\/#\/schema\/person\/1072a2ed7bd960df8ef99a551fa35dc5","name":"Web del Maestro CMF","image":{"@type":"ImageObject","inLanguage":"es","@id":"https:\/\/secure.gravatar.com\/avatar\/23291dd5b5ae1077dcff3dbb04c3e02bd28403fa75af6d8787d5e97c5bbbe30b?s=96&d=mm&r=g","url":"https:\/\/secure.gravatar.com\/avatar\/23291dd5b5ae1077dcff3dbb04c3e02bd28403fa75af6d8787d5e97c5bbbe30b?s=96&d=mm&r=g","contentUrl":"https:\/\/secure.gravatar.com\/avatar\/23291dd5b5ae1077dcff3dbb04c3e02bd28403fa75af6d8787d5e97c5bbbe30b?s=96&d=mm&r=g","caption":"Web del Maestro CMF"},"description":"Esta Web se cre\u00f3 sin fines de lucro, con fines educativos, cient\u00edficos y acad\u00e9micos, para personas que tengan dificultades y\/o inconvenientes en visualizar el material original. El objetivo es entregar recursos, compartir experiencias y materiales que ayuden a los padres de familia, maestros y estudiantes en su actualizaci\u00f3n y formaci\u00f3n permanente, en bien de la Educaci\u00f3n.","sameAs":["http:\/\/webdelmaestrocmf.com\/portal","https:\/\/www.facebook.com\/WebdelMaestroCMF\/","https:\/\/www.instagram.com\/wmcmf\/","https:\/\/cl.linkedin.com\/company\/web-del-maestro-cmf","https:\/\/www.pinterest.com\/WMCMF\/publicaciones\/","https:\/\/x.com\/cmf_w","https:\/\/www.youtube.com\/@WMCMF"]}]}},"jetpack_sharing_enabled":true,"jetpack-related-posts":[{"id":117850,"url":"https:\/\/webdelmaestrocmf.com\/portal\/directora-aplica-medida-disciplinaria-que-obliga-a-estudiantes-a-limpiar-y-barrer-y-padres-presentan-denuncia\/","url_meta":{"origin":120965,"position":0},"title":"Directora aplica medida disciplinaria que obliga a estudiantes a limpiar y barrer, y padres presentan denuncia","author":"Web del Maestro CMF","date":"16 abril, 2026","format":false,"excerpt":"Los alumnos fueron asignados a barrer el patio y ordenar espacios comunes como parte de una acci\u00f3n correctiva orientada a la responsabilidad.","rel":"","context":"En \u00abNoticias Internacionales\u00bb","block_context":{"text":"Noticias Internacionales","link":"https:\/\/webdelmaestrocmf.com\/portal\/category\/noticias-internacionales\/"},"img":{"alt_text":"","src":"https:\/\/i0.wp.com\/webdelmaestrocmf.com\/portal\/wp-content\/uploads\/2026\/04\/1AA-Banner-1-portada-imagen-10-1-copia-21.webp?resize=350%2C200&ssl=1","width":350,"height":200,"srcset":"https:\/\/i0.wp.com\/webdelmaestrocmf.com\/portal\/wp-content\/uploads\/2026\/04\/1AA-Banner-1-portada-imagen-10-1-copia-21.webp?resize=350%2C200&ssl=1 1x, https:\/\/i0.wp.com\/webdelmaestrocmf.com\/portal\/wp-content\/uploads\/2026\/04\/1AA-Banner-1-portada-imagen-10-1-copia-21.webp?resize=525%2C300&ssl=1 1.5x, https:\/\/i0.wp.com\/webdelmaestrocmf.com\/portal\/wp-content\/uploads\/2026\/04\/1AA-Banner-1-portada-imagen-10-1-copia-21.webp?resize=700%2C400&ssl=1 2x, https:\/\/i0.wp.com\/webdelmaestrocmf.com\/portal\/wp-content\/uploads\/2026\/04\/1AA-Banner-1-portada-imagen-10-1-copia-21.webp?resize=1050%2C600&ssl=1 3x"},"classes":[]},{"id":119652,"url":"https:\/\/webdelmaestrocmf.com\/portal\/colegio-impide-ingreso-de-estudiantes-por-corte-de-cabello-y-desata-debate-sobre-disciplina-escolar-en-peru\/","url_meta":{"origin":120965,"position":1},"title":"Colegio impide ingreso de estudiantes por corte de cabello y desata debate sobre disciplina escolar en Per\u00fa","author":"Web del Maestro CMF","date":"27 mayo, 2026","format":false,"excerpt":"Director de colegio desat\u00f3 pol\u00e9mica tras impedir el ingreso de alumnos con cabello largo. Mientras algunos respaldan la disciplina escolar, otros consideran exagerado restringir clases por normas relacionadas con la apariencia personal.","rel":"","context":"En \u00abNoticias Internacionales\u00bb","block_context":{"text":"Noticias Internacionales","link":"https:\/\/webdelmaestrocmf.com\/portal\/category\/noticias-internacionales\/"},"img":{"alt_text":"","src":"https:\/\/i0.wp.com\/webdelmaestrocmf.com\/portal\/wp-content\/uploads\/2026\/05\/1AA-Banner-1-portada-imagen-10-1-copia-6-2.webp?resize=350%2C200&ssl=1","width":350,"height":200,"srcset":"https:\/\/i0.wp.com\/webdelmaestrocmf.com\/portal\/wp-content\/uploads\/2026\/05\/1AA-Banner-1-portada-imagen-10-1-copia-6-2.webp?resize=350%2C200&ssl=1 1x, https:\/\/i0.wp.com\/webdelmaestrocmf.com\/portal\/wp-content\/uploads\/2026\/05\/1AA-Banner-1-portada-imagen-10-1-copia-6-2.webp?resize=525%2C300&ssl=1 1.5x, https:\/\/i0.wp.com\/webdelmaestrocmf.com\/portal\/wp-content\/uploads\/2026\/05\/1AA-Banner-1-portada-imagen-10-1-copia-6-2.webp?resize=700%2C400&ssl=1 2x, https:\/\/i0.wp.com\/webdelmaestrocmf.com\/portal\/wp-content\/uploads\/2026\/05\/1AA-Banner-1-portada-imagen-10-1-copia-6-2.webp?resize=1050%2C600&ssl=1 3x"},"classes":[]},{"id":120558,"url":"https:\/\/webdelmaestrocmf.com\/portal\/maestra-deja-un-mensaje-potente-a-los-padres-de-familia-asi-como-no-se-puede-tocar-a-un-estudiante-hay-que-ensenar-a-nuestros-hijos-e-hijas-que-los-maestros-y-las-maestras-se-respetan\/","url_meta":{"origin":120965,"position":2},"title":"Maestra deja un mensaje potente a los padres de familia: As\u00ed como no se puede tocar a un estudiante, hay que ense\u00f1ar a nuestros hijos e hijas que los maestros y las maestras SE RESPETAN.","author":"Web del Maestro CMF","date":"30 junio, 2026","format":false,"excerpt":"El comentario de una profesora reabri\u00f3 el debate sobre el respeto en las aulas al recordar que, as\u00ed como ning\u00fan docente debe tocar a un estudiante, los hijos deben aprender a respetar a sus maestros.","rel":"","context":"En \u00abNoticias Internacionales\u00bb","block_context":{"text":"Noticias Internacionales","link":"https:\/\/webdelmaestrocmf.com\/portal\/category\/noticias-internacionales\/"},"img":{"alt_text":"","src":"https:\/\/i0.wp.com\/webdelmaestrocmf.com\/portal\/wp-content\/uploads\/2026\/06\/1AA-Banner-1-portada-imagen-10-1-copia-4-2.webp?resize=350%2C200&ssl=1","width":350,"height":200,"srcset":"https:\/\/i0.wp.com\/webdelmaestrocmf.com\/portal\/wp-content\/uploads\/2026\/06\/1AA-Banner-1-portada-imagen-10-1-copia-4-2.webp?resize=350%2C200&ssl=1 1x, https:\/\/i0.wp.com\/webdelmaestrocmf.com\/portal\/wp-content\/uploads\/2026\/06\/1AA-Banner-1-portada-imagen-10-1-copia-4-2.webp?resize=525%2C300&ssl=1 1.5x, https:\/\/i0.wp.com\/webdelmaestrocmf.com\/portal\/wp-content\/uploads\/2026\/06\/1AA-Banner-1-portada-imagen-10-1-copia-4-2.webp?resize=700%2C400&ssl=1 2x, https:\/\/i0.wp.com\/webdelmaestrocmf.com\/portal\/wp-content\/uploads\/2026\/06\/1AA-Banner-1-portada-imagen-10-1-copia-4-2.webp?resize=1050%2C600&ssl=1 3x"},"classes":[]},{"id":116658,"url":"https:\/\/webdelmaestrocmf.com\/portal\/colombia-corte-de-cabello-disciplina-escolar-y-derechos-fundamentales\/","url_meta":{"origin":120965,"position":3},"title":"Colombia: corte de cabello, disciplina escolar y derechos fundamentales","author":"Web del Maestro CMF","date":"20 marzo, 2026","format":false,"excerpt":"Caso en Colombia: expulsan a ni\u00f1o por su corte de cabello, generando debate sobre disciplina escolar y posible vulneraci\u00f3n del derecho al libre desarrollo de la personalidad.","rel":"","context":"En \u00abNoticias Internacionales\u00bb","block_context":{"text":"Noticias Internacionales","link":"https:\/\/webdelmaestrocmf.com\/portal\/category\/noticias-internacionales\/"},"img":{"alt_text":"","src":"https:\/\/i0.wp.com\/webdelmaestrocmf.com\/portal\/wp-content\/uploads\/2026\/03\/1AA-Banner-1-portada-imagen-10-1-copia-5-1.webp?resize=350%2C200&ssl=1","width":350,"height":200,"srcset":"https:\/\/i0.wp.com\/webdelmaestrocmf.com\/portal\/wp-content\/uploads\/2026\/03\/1AA-Banner-1-portada-imagen-10-1-copia-5-1.webp?resize=350%2C200&ssl=1 1x, https:\/\/i0.wp.com\/webdelmaestrocmf.com\/portal\/wp-content\/uploads\/2026\/03\/1AA-Banner-1-portada-imagen-10-1-copia-5-1.webp?resize=525%2C300&ssl=1 1.5x, https:\/\/i0.wp.com\/webdelmaestrocmf.com\/portal\/wp-content\/uploads\/2026\/03\/1AA-Banner-1-portada-imagen-10-1-copia-5-1.webp?resize=700%2C400&ssl=1 2x, https:\/\/i0.wp.com\/webdelmaestrocmf.com\/portal\/wp-content\/uploads\/2026\/03\/1AA-Banner-1-portada-imagen-10-1-copia-5-1.webp?resize=1050%2C600&ssl=1 3x"},"classes":[]},{"id":119163,"url":"https:\/\/webdelmaestrocmf.com\/portal\/cuando-la-falda-escolar-deja-de-ser-uniforme-y-empieza-a-convertirse-en-simbolo-de-conflicto\/","url_meta":{"origin":120965,"position":4},"title":"Cuando la falda escolar deja de ser uniforme y empieza a convertirse en s\u00edmbolo de conflicto","author":"Web del Maestro CMF","date":"12 mayo, 2026","format":false,"excerpt":"Cada a\u00f1o m\u00e1s alumnas modifican la falda escolar hasta convertirla en minifalda, generando debates sobre disciplina, autoridad, presi\u00f3n social adolescente, respeto institucional y los l\u00edmites que deber\u00edan imponer las escuelas.","rel":"","context":"En \u00abNoticias Internacionales\u00bb","block_context":{"text":"Noticias Internacionales","link":"https:\/\/webdelmaestrocmf.com\/portal\/category\/noticias-internacionales\/"},"img":{"alt_text":"","src":"https:\/\/i0.wp.com\/webdelmaestrocmf.com\/portal\/wp-content\/uploads\/2026\/05\/1AA-Banner-1-portada-imagen-10-1-copia-1-13.webp?resize=350%2C200&ssl=1","width":350,"height":200,"srcset":"https:\/\/i0.wp.com\/webdelmaestrocmf.com\/portal\/wp-content\/uploads\/2026\/05\/1AA-Banner-1-portada-imagen-10-1-copia-1-13.webp?resize=350%2C200&ssl=1 1x, https:\/\/i0.wp.com\/webdelmaestrocmf.com\/portal\/wp-content\/uploads\/2026\/05\/1AA-Banner-1-portada-imagen-10-1-copia-1-13.webp?resize=525%2C300&ssl=1 1.5x, https:\/\/i0.wp.com\/webdelmaestrocmf.com\/portal\/wp-content\/uploads\/2026\/05\/1AA-Banner-1-portada-imagen-10-1-copia-1-13.webp?resize=700%2C400&ssl=1 2x, https:\/\/i0.wp.com\/webdelmaestrocmf.com\/portal\/wp-content\/uploads\/2026\/05\/1AA-Banner-1-portada-imagen-10-1-copia-1-13.webp?resize=1050%2C600&ssl=1 3x"},"classes":[]},{"id":119427,"url":"https:\/\/webdelmaestrocmf.com\/portal\/jose-joaquin-brunner-sin-autoridad-legitima-no-se-logra-una-disciplina-internalizada-sin-ella-no-existe-una-comunidad-escolar\/","url_meta":{"origin":120965,"position":5},"title":"Jos\u00e9 Joaqu\u00edn Brunner: sin autoridad leg\u00edtima, no se logra una disciplina internalizada; sin ella, no existe una comunidad escolar","author":"Web del Maestro CMF","date":"21 mayo, 2026","format":false,"excerpt":"La violencia escolar no se resuelve solo con seguridad y sanciones. La autoridad docente nace del conocimiento, la responsabilidad y el reconocimiento social; sin ella, la escuela pierde orientaci\u00f3n, comunidad y capacidad para formar.","rel":"","context":"En \u00abEntrevistas\u00bb","block_context":{"text":"Entrevistas","link":"https:\/\/webdelmaestrocmf.com\/portal\/category\/noticias\/entrevistas\/"},"img":{"alt_text":"","src":"https:\/\/i0.wp.com\/webdelmaestrocmf.com\/portal\/wp-content\/uploads\/2026\/05\/1AA-Banner-1-portada-imagen-10-1-copia-19-1.webp?resize=350%2C200&ssl=1","width":350,"height":200,"srcset":"https:\/\/i0.wp.com\/webdelmaestrocmf.com\/portal\/wp-content\/uploads\/2026\/05\/1AA-Banner-1-portada-imagen-10-1-copia-19-1.webp?resize=350%2C200&ssl=1 1x, https:\/\/i0.wp.com\/webdelmaestrocmf.com\/portal\/wp-content\/uploads\/2026\/05\/1AA-Banner-1-portada-imagen-10-1-copia-19-1.webp?resize=525%2C300&ssl=1 1.5x, https:\/\/i0.wp.com\/webdelmaestrocmf.com\/portal\/wp-content\/uploads\/2026\/05\/1AA-Banner-1-portada-imagen-10-1-copia-19-1.webp?resize=700%2C400&ssl=1 2x, https:\/\/i0.wp.com\/webdelmaestrocmf.com\/portal\/wp-content\/uploads\/2026\/05\/1AA-Banner-1-portada-imagen-10-1-copia-19-1.webp?resize=1050%2C600&ssl=1 3x"},"classes":[]}],"jetpack_featured_media_url":"https:\/\/webdelmaestrocmf.com\/portal\/wp-content\/uploads\/2026\/07\/1AA-Banner-1-portada-imagen-10-1-copia-9.webp","_links":{"self":[{"href":"https:\/\/webdelmaestrocmf.com\/portal\/wp-json\/wp\/v2\/posts\/120965","targetHints":{"allow":["GET"]}}],"collection":[{"href":"https:\/\/webdelmaestrocmf.com\/portal\/wp-json\/wp\/v2\/posts"}],"about":[{"href":"https:\/\/webdelmaestrocmf.com\/portal\/wp-json\/wp\/v2\/types\/post"}],"author":[{"embeddable":true,"href":"https:\/\/webdelmaestrocmf.com\/portal\/wp-json\/wp\/v2\/users\/1"}],"replies":[{"embeddable":true,"href":"https:\/\/webdelmaestrocmf.com\/portal\/wp-json\/wp\/v2\/comments?post=120965"}],"version-history":[{"count":2,"href":"https:\/\/webdelmaestrocmf.com\/portal\/wp-json\/wp\/v2\/posts\/120965\/revisions"}],"predecessor-version":[{"id":120969,"href":"https:\/\/webdelmaestrocmf.com\/portal\/wp-json\/wp\/v2\/posts\/120965\/revisions\/120969"}],"wp:featuredmedia":[{"embeddable":true,"href":"https:\/\/webdelmaestrocmf.com\/portal\/wp-json\/wp\/v2\/media\/120970"}],"wp:attachment":[{"href":"https:\/\/webdelmaestrocmf.com\/portal\/wp-json\/wp\/v2\/media?parent=120965"}],"wp:term":[{"taxonomy":"category","embeddable":true,"href":"https:\/\/webdelmaestrocmf.com\/portal\/wp-json\/wp\/v2\/categories?post=120965"},{"taxonomy":"post_tag","embeddable":true,"href":"https:\/\/webdelmaestrocmf.com\/portal\/wp-json\/wp\/v2\/tags?post=120965"}],"curies":[{"name":"wp","href":"https:\/\/api.w.org\/{rel}","templated":true}]}}