{"id":120935,"date":"2026-07-13T20:08:28","date_gmt":"2026-07-14T00:08:28","guid":{"rendered":"https:\/\/webdelmaestrocmf.com\/portal\/?p=120935"},"modified":"2026-07-15T17:48:44","modified_gmt":"2026-07-15T21:48:44","slug":"minedu-e-indecopi-aclaran-las-reglas-sobre-el-ingreso-de-estudiantes-y-la-presentacion-personal-en-los-colegios","status":"publish","type":"post","link":"https:\/\/webdelmaestrocmf.com\/portal\/minedu-e-indecopi-aclaran-las-reglas-sobre-el-ingreso-de-estudiantes-y-la-presentacion-personal-en-los-colegios\/","title":{"rendered":"Minedu e Indecopi aclaran las reglas sobre el ingreso de estudiantes y la presentaci\u00f3n personal en los colegios"},"content":{"rendered":"\n<p class=\"wp-block-paragraph\">En el <strong>Per\u00fa<\/strong> ha reavivado el debate sobre las normas de presentaci\u00f3n personal en las instituciones educativas, especialmente respecto al cabello largo o te\u00f1ido. <strong>Las precisiones realizadas por el Ministerio de Educaci\u00f3n (Minedu) y el Instituto Nacional de Defensa de la Competencia y de la Protecci\u00f3n de la Propiedad Intelectual (Indecopi) permiten comprender mejor cu\u00e1les son los derechos de los estudiantes y hasta d\u00f3nde llegan las facultades de los colegios para establecer reglas internas.<\/strong> Ambas entidades coinciden en que las instituciones educativas pueden contar con normas de convivencia, pero estas deben respetar el derecho a la educaci\u00f3n y los derechos fundamentales de los alumnos.<\/p>\n\n\n\n<h2 class=\"wp-block-heading\"><strong>El acceso a la educaci\u00f3n no puede condicionarse en los colegios p\u00fablicos<\/strong><\/h2>\n\n\n\n<p class=\"wp-block-paragraph\">El Ministerio de Educaci\u00f3n record\u00f3 que <strong>los colegios p\u00fablicos no pueden impedir el ingreso de un estudiante por incumplir disposiciones relacionadas con el uniforme escolar, el pago de la APAFA u otras normas internas que no afecten el derecho a recibir educaci\u00f3n.<\/strong> La finalidad es garantizar que ning\u00fan alumno vea restringido su acceso a clases por razones administrativas o de presentaci\u00f3n.<\/p>\n\n\n\n<p class=\"wp-block-paragraph\">La directora general de Calidad de la Gesti\u00f3n Escolar del Minedu, Nadia Gallardo, explic\u00f3: <strong>\u00abNo se le puede impedir el ingreso al colegio por no usar uniforme o por no haber realizado el pago de la APAFA.\u00bb<\/strong><\/p>\n\n\n\n<p class=\"wp-block-paragraph\">Esta precisi\u00f3n busca asegurar que las normas internas favorezcan la organizaci\u00f3n escolar, pero <strong>no se conviertan en una barrera para ejercer el derecho a la educaci\u00f3n.<\/strong><\/p>\n\n\n\n<h2 class=\"wp-block-heading\"><strong>Los colegios privados pueden establecer reglas de presentaci\u00f3n personal<\/strong><\/h2>\n\n\n\n<p class=\"wp-block-paragraph\">En el caso de las instituciones educativas privadas, <strong>la normativa reconoce que cada colegio puede establecer reglas sobre la presentaci\u00f3n personal de sus estudiantes, incluido el corte o estilo del cabello<\/strong>, siempre que dichas disposiciones formen parte del reglamento interno y sean informadas a las familias antes del proceso de matr\u00edcula.<\/p>\n\n\n\n<p class=\"wp-block-paragraph\">Esto permite que los padres conozcan previamente las condiciones del servicio educativo y puedan decidir libremente si aceptan las normas establecidas por la instituci\u00f3n.<\/p>\n\n\n\n<p class=\"wp-block-paragraph\">No obstante, <strong>la autonom\u00eda de los colegios privados no es absoluta<\/strong>, ya que sus disposiciones deben respetar los derechos fundamentales de los estudiantes y no pueden convertirse en medidas arbitrarias o discriminatorias.<\/p>\n\n\n\n<h2 class=\"wp-block-heading\"><strong>Indecopi recuerda los l\u00edmites de los reglamentos internos<\/strong><\/h2>\n\n\n\n<p class=\"wp-block-paragraph\">Indecopi precis\u00f3 que <strong>los reglamentos escolares deben ser razonables, transparentes y compatibles con la legislaci\u00f3n vigente.<\/strong> Si bien las instituciones privadas pueden fijar determinadas condiciones sobre la apariencia personal, estas no pueden vulnerar derechos como la igualdad, la identidad o el libre desarrollo de la personalidad.<\/p>\n\n\n\n<p class=\"wp-block-paragraph\">La representante de la Autoridad Nacional de Protecci\u00f3n del Consumidor, Mariela Villacorta, se\u00f1al\u00f3: <strong>\u00abLos colegios privados pueden establecer reglas de presentaci\u00f3n personal, pero estas deben informarse antes de la matr\u00edcula y no pueden vulnerar derechos fundamentales.\u00bb<\/strong><\/p>\n\n\n\n<p class=\"wp-block-paragraph\">Esta aclaraci\u00f3n busca brindar seguridad jur\u00eddica tanto a las familias como a las instituciones educativas.<\/p>\n\n\n\n<h2 class=\"wp-block-heading\"><strong>El debate sobre el cabello largo o te\u00f1ido requiere analizar cada caso<\/strong><\/h2>\n\n\n\n<p class=\"wp-block-paragraph\">Uno de los aspectos que m\u00e1s atenci\u00f3n ha generado es la posibilidad de restringir el ingreso a estudiantes por llevar el cabello largo o te\u00f1ido. <strong>Las precisiones de ambas entidades muestran que no existe una respuesta \u00fanica para todos los colegios.<\/strong><\/p>\n\n\n\n<p class=\"wp-block-paragraph\">En las instituciones p\u00fablicas, <strong>el acceso a clases no puede condicionarse por este tipo de criterios<\/strong>, mientras que en las privadas las normas de presentaci\u00f3n pueden existir siempre que hayan sido comunicadas previamente y respeten los derechos de los estudiantes.<\/p>\n\n\n\n<p class=\"wp-block-paragraph\">Por ello, <strong>cada situaci\u00f3n debe analizarse considerando el tipo de instituci\u00f3n educativa, el contenido de su reglamento interno y el respeto a los principios de legalidad, razonabilidad y no discriminaci\u00f3n.<\/strong><\/p>\n\n\n\n<h2 class=\"wp-block-heading\"><strong>El objetivo es equilibrar disciplina, autonom\u00eda institucional y derechos estudiantiles<\/strong><\/h2>\n\n\n\n<p class=\"wp-block-paragraph\">Las recientes aclaraciones buscan evitar interpretaciones err\u00f3neas sobre las facultades de los colegios y los derechos de los estudiantes. <strong>El prop\u00f3sito no es eliminar los reglamentos escolares, sino garantizar que estos se apliquen dentro del marco legal y respetando el inter\u00e9s superior del ni\u00f1o y del adolescente.<\/strong><\/p>\n\n\n\n<p class=\"wp-block-paragraph\">Entre las principales conclusiones destacan las siguientes:<\/p>\n\n\n\n<ul class=\"wp-block-list\">\n<li><strong>Los colegios p\u00fablicos no pueden impedir el ingreso a clases por incumplir normas como el uso del uniforme o disposiciones similares de presentaci\u00f3n.<\/strong><\/li>\n\n\n\n<li><strong>Los colegios privados pueden establecer reglas sobre la apariencia personal si estas forman parte de su reglamento interno y fueron informadas antes de la matr\u00edcula.<\/strong><\/li>\n\n\n\n<li><strong>Ning\u00fan reglamento puede vulnerar derechos fundamentales ni promover pr\u00e1cticas discriminatorias.<\/strong><\/li>\n\n\n\n<li><strong>Las familias deben conocer previamente las normas institucionales para tomar decisiones informadas al momento de matricular a sus hijos.<\/strong><\/li>\n<\/ul>\n\n\n\n<p class=\"wp-block-paragraph\">En este contexto, <strong>el reto consiste en mantener un equilibrio entre la autonom\u00eda de las instituciones educativas, la convivencia escolar y la protecci\u00f3n de los derechos de los estudiantes<\/strong>, promoviendo normas claras, razonables y compatibles con el marco legal vigente.<\/p>\n\n\n\n<p class=\"wp-block-paragraph\"><strong>Fuentes: <\/strong><\/p>\n\n\n\n<ul class=\"wp-block-list\">\n<li><strong>Ministerio de Educaci\u00f3n del Per\u00fa. (2023, 8 de marzo). <em>Colegios p\u00fablicos no pueden exigir uso de uniforme escolar o pago de APAFA<\/em>. Gobierno del Per\u00fa. <a href=\"https:\/\/www.gob.pe\/institucion\/minedu\/noticias\/737319-colegios-publicos-no-pueden-exigir-uso-de-uniforme-escolar-o-pago-de-apafa?utm_source=chatgpt.com\">https:\/\/www.gob.pe<\/a><\/strong><\/li>\n<\/ul>\n\n\n\n<ul class=\"wp-block-list\">\n<li><strong>La Rep\u00fablica. (2025, 27 de febrero). <em>\u00bfEl colegio puede obligarte a cortarle el cabello a tu hijo? Indecopi aclara la norma para el a\u00f1o escolar 2025<\/em>. <a href=\"https:\/\/larepublica.pe\/sociedad\/2025\/02\/27\/el-colegio-puede-obligarte-a-cortarle-el-cabello-a-tu-hijo-indecopi-aclara-la-norma-minedu-ano-escolar-2025-2046681?utm_source=chatgpt.com\">https:\/\/larepublica.pe<\/a><\/strong><\/li>\n<\/ul>\n\n\n\n<p class=\"has-text-align-right wp-block-paragraph\"><strong>Redacci\u00f3n | Web del Maestro CMF<\/strong><\/p>\n\n\n\t\t<div class=\"pk-inline-posts\">\n\t\t\t\t\t\t\t<h5 class=\"pk-inline-posts-title pk-title pk-font-block\">\n\t\t\t\t\t\u00daltimas entradas\t\t\t\t<\/h5>\n\t\t\t\n\t\t\t<div class=\"pk-inline-posts-container pk-inline-posts-template-list\"\n\t\t\t\tdata-columns=\"1\">\n\t\t\t\t\t\t<article id=\"post-121053\" class=\"post-121053 post type-post status-publish format-standard has-post-thumbnail category-noticias-internacionales tag-deporte tag-educacion-2 tag-fair-play tag-formacion-deportiva tag-futbol-2 tag-infancia tag-juego-limpio tag-mundial tag-trabajo-en-equipo tag-valores cs-entry cs-video-wrap\">\n\t\t\t<div class=\"pk-post-outer\">\n\n\t\t\t\t\t\t\t\t<div class=\"pk-post-inner\">\n\t\t\t\t\t<div class=\"entry-thumbnail\">\n\t\t\t\t\t\t<div class=\"pk-overlay pk-overlay-ratio pk-ratio-landscape\">\n\t\t\t\t\t\t\t<div class=\"pk-overlay-background\">\n\t\t\t\t\t\t\t\t<a href=\"https:\/\/webdelmaestrocmf.com\/portal\/javier-bardem-elogia-a-la-seleccion-campeona-y-destaca-el-juego-limpio-como-ejemplo-para-millones-de-ninos\/\" class=\"pk-overlay-link\">\n\t\t\t\t\t\t\t\t\t<img loading=\"lazy\" decoding=\"async\" width=\"300\" height=\"225\" src=\"https:\/\/webdelmaestrocmf.com\/portal\/wp-content\/uploads\/2026\/07\/1AA-Banner-1-portada-imagen-10-1-copia-16-1-300x225.webp\" class=\"attachment-pk-thumbnail size-pk-thumbnail wp-post-image\" alt=\"\" \/>\t\t\t\t\t\t\t\t<\/a>\n\t\t\t\t\t\t\t<\/div>\n\t\t\t\t\t\t<\/div>\n\t\t\t\t\t<\/div>\n\t\t\t\t<\/div>\n\t\t\t\t\n\t\t\t\t<div class=\"pk-post-inner\">\n\t\t\t\t\t<header>\n\t\t\t\t\t\t<h3 class=\"pk-title\"><a href=\"https:\/\/webdelmaestrocmf.com\/portal\/javier-bardem-elogia-a-la-seleccion-campeona-y-destaca-el-juego-limpio-como-ejemplo-para-millones-de-ninos\/\" rel=\"bookmark\">Javier Bardem elogia a la selecci\u00f3n campeona y destaca el juego limpio como ejemplo para millones de ni\u00f1os<\/a><\/h3>\t\t\t\t\t<\/header><!-- .entry-header -->\n\t\t\t\t<\/div><!-- .post-inner -->\n\n\t\t\t<\/div><!-- .post-outer -->\n\t\t<\/article>\n\t\t\t<article id=\"post-121041\" class=\"post-121041 post type-post status-publish format-standard has-post-thumbnail category-noticias-internacionales tag-agresion-a-docente tag-apoderados tag-comunidad-educativa tag-convivencia-escolar tag-ley-karin tag-proteccion-docente tag-salud-mental tag-seguridad-escolar tag-violencia-escolar cs-entry cs-video-wrap\">\n\t\t\t<div class=\"pk-post-outer\">\n\n\t\t\t\t\t\t\t\t<div class=\"pk-post-inner\">\n\t\t\t\t\t<div class=\"entry-thumbnail\">\n\t\t\t\t\t\t<div class=\"pk-overlay pk-overlay-ratio pk-ratio-landscape\">\n\t\t\t\t\t\t\t<div class=\"pk-overlay-background\">\n\t\t\t\t\t\t\t\t<a href=\"https:\/\/webdelmaestrocmf.com\/portal\/municipalidad-de-temuco-anuncia-acciones-legales-tras-agresion-de-un-apoderado-a-un-profesor-dentro-de-un-establecimiento-educacional\/\" class=\"pk-overlay-link\">\n\t\t\t\t\t\t\t\t\t<img loading=\"lazy\" decoding=\"async\" width=\"300\" height=\"225\" src=\"https:\/\/webdelmaestrocmf.com\/portal\/wp-content\/uploads\/2026\/07\/1AA-Banner-1-portada-imagen-10-1-copia-14-1-300x225.webp\" class=\"attachment-pk-thumbnail size-pk-thumbnail wp-post-image\" alt=\"\" \/>\t\t\t\t\t\t\t\t<\/a>\n\t\t\t\t\t\t\t<\/div>\n\t\t\t\t\t\t<\/div>\n\t\t\t\t\t<\/div>\n\t\t\t\t<\/div>\n\t\t\t\t\n\t\t\t\t<div class=\"pk-post-inner\">\n\t\t\t\t\t<header>\n\t\t\t\t\t\t<h3 class=\"pk-title\"><a href=\"https:\/\/webdelmaestrocmf.com\/portal\/municipalidad-de-temuco-anuncia-acciones-legales-tras-agresion-de-un-apoderado-a-un-profesor-dentro-de-un-establecimiento-educacional\/\" rel=\"bookmark\">Municipalidad de Temuco anuncia acciones legales tras agresi\u00f3n de un apoderado a un profesor dentro de un establecimiento educacional<\/a><\/h3>\t\t\t\t\t<\/header><!-- .entry-header -->\n\t\t\t\t<\/div><!-- .post-inner -->\n\n\t\t\t<\/div><!-- .post-outer -->\n\t\t<\/article>\n\t\t\t<article id=\"post-121036\" class=\"post-121036 post type-post status-publish format-standard has-post-thumbnail category-noticias-internacionales tag-autoridad-docente tag-convivencia-escolar tag-disciplina-escolar tag-docentes tag-educacion-2 tag-estudiantes tag-redes-sociales tag-respeto tag-tiktok tag-valores cs-entry cs-video-wrap\">\n\t\t\t<div class=\"pk-post-outer\">\n\n\t\t\t\t\t\t\t\t<div class=\"pk-post-inner\">\n\t\t\t\t\t<div class=\"entry-thumbnail\">\n\t\t\t\t\t\t<div class=\"pk-overlay pk-overlay-ratio pk-ratio-landscape\">\n\t\t\t\t\t\t\t<div class=\"pk-overlay-background\">\n\t\t\t\t\t\t\t\t<a href=\"https:\/\/webdelmaestrocmf.com\/portal\/alumnos-le-hacen-una-broma-pesada-y-le-faltan-el-respeto-a-su-maestra-ella-se-hizo-respetar-reprobando-a-todos\/\" class=\"pk-overlay-link\">\n\t\t\t\t\t\t\t\t\t<img loading=\"lazy\" decoding=\"async\" width=\"300\" height=\"225\" src=\"https:\/\/webdelmaestrocmf.com\/portal\/wp-content\/uploads\/2026\/07\/1AA-Banner-1-portada-imagen-10-1-copia-13-1-300x225.webp\" class=\"attachment-pk-thumbnail size-pk-thumbnail wp-post-image\" alt=\"\" \/>\t\t\t\t\t\t\t\t<\/a>\n\t\t\t\t\t\t\t<\/div>\n\t\t\t\t\t\t<\/div>\n\t\t\t\t\t<\/div>\n\t\t\t\t<\/div>\n\t\t\t\t\n\t\t\t\t<div class=\"pk-post-inner\">\n\t\t\t\t\t<header>\n\t\t\t\t\t\t<h3 class=\"pk-title\"><a href=\"https:\/\/webdelmaestrocmf.com\/portal\/alumnos-le-hacen-una-broma-pesada-y-le-faltan-el-respeto-a-su-maestra-ella-se-hizo-respetar-reprobando-a-todos\/\" rel=\"bookmark\">Alumnos le hacen una broma pesada y le faltan el respeto a su maestra; ella se hizo respetar reprobando a todos<\/a><\/h3>\t\t\t\t\t<\/header><!-- .entry-header -->\n\t\t\t\t<\/div><!-- .post-inner -->\n\n\t\t\t<\/div><!-- .post-outer -->\n\t\t<\/article>\n\t\t\t\t<\/div>\n\t\t<\/div>\n\t\t\n","protected":false},"excerpt":{"rendered":"El Minedu e Indecopi aclaran que los colegios p\u00fablicos no pueden restringir el acceso a clases por normas de presentaci\u00f3n, mientras que los privados pueden establecer reglas, siempre que respeten los derechos fundamentales.","protected":false},"author":1,"featured_media":120938,"comment_status":"open","ping_status":"closed","sticky":false,"template":"","format":"standard","meta":{"_jetpack_newsletter_access":"","_jetpack_dont_email_post_to_subs":false,"_jetpack_newsletter_tier_id":0,"_jetpack_memberships_contains_paywalled_content":false,"csco_display_header_overlay":false,"csco_singular_sidebar":"","csco_page_header_type":"","csco_page_load_nextpost":"","csco_post_video_location":[],"csco_post_video_location_hash":"","csco_post_video_url":"","csco_post_video_bg_start_time":0,"csco_post_video_bg_end_time":0,"csco_post_video_bg_volume":false,"_jetpack_feature_clip_id":0,"_jetpack_memberships_contains_paid_content":false,"footnotes":"","jetpack_post_was_ever_published":false},"categories":[23790],"tags":[17245,14753,24888,18548,23808,25126,99,752,25769,15506],"class_list":["post-120935","post","type-post","status-publish","format-standard","has-post-thumbnail","category-noticias-internacionales","tag-comunidad-educativa","tag-convivencia-escolar","tag-derecho-a-la-educacion","tag-disciplina-escolar","tag-educacion-2","tag-gestion-educativa-2","tag-indecopi","tag-minedu","tag-presentacion-personal","tag-reglamento-escolar","cs-entry","cs-video-wrap"],"yoast_head":"<!-- This site is optimized with the Yoast SEO plugin v28.4 - https:\/\/yoast.com\/product\/yoast-seo-wordpress\/ -->\n<title>Minedu e Indecopi aclaran las reglas sobre el ingreso de estudiantes y la presentaci\u00f3n personal en los colegios - 2026<\/title>\n<meta name=\"description\" content=\"En el Per\u00fa ha reavivado el debate sobre las normas de presentaci\u00f3n personal en las instituciones educativas, especialmente...\" \/>\n<meta name=\"robots\" content=\"index, follow, max-snippet:-1, max-image-preview:large, max-video-preview:-1\" \/>\n<link rel=\"canonical\" href=\"https:\/\/webdelmaestrocmf.com\/portal\/minedu-e-indecopi-aclaran-las-reglas-sobre-el-ingreso-de-estudiantes-y-la-presentacion-personal-en-los-colegios\/\" \/>\n<meta property=\"og:locale\" content=\"es_ES\" \/>\n<meta property=\"og:type\" content=\"article\" \/>\n<meta property=\"og:title\" content=\"Minedu e Indecopi aclaran las reglas sobre el ingreso de estudiantes y la presentaci\u00f3n personal en los colegios - 2026\" \/>\n<meta property=\"og:description\" content=\"En el Per\u00fa ha reavivado el debate sobre las normas de presentaci\u00f3n personal en las instituciones educativas, especialmente...\" \/>\n<meta property=\"og:url\" content=\"https:\/\/webdelmaestrocmf.com\/portal\/minedu-e-indecopi-aclaran-las-reglas-sobre-el-ingreso-de-estudiantes-y-la-presentacion-personal-en-los-colegios\/\" \/>\n<meta property=\"og:site_name\" content=\"Web del Maestro CMF\" \/>\n<meta property=\"article:publisher\" content=\"https:\/\/www.facebook.com\/WebdelMaestroCMF\/\" \/>\n<meta property=\"article:author\" content=\"https:\/\/www.facebook.com\/WebdelMaestroCMF\/\" \/>\n<meta property=\"article:published_time\" content=\"2026-07-14T00:08:28+00:00\" \/>\n<meta property=\"article:modified_time\" content=\"2026-07-15T21:48:44+00:00\" \/>\n<meta property=\"og:image\" content=\"https:\/\/webdelmaestrocmf.com\/portal\/wp-content\/uploads\/2026\/07\/1AA-Banner-1-portada-imagen-10-1-copia-8-1.webp\" \/>\n\t<meta property=\"og:image:width\" content=\"1200\" \/>\n\t<meta property=\"og:image:height\" content=\"675\" \/>\n\t<meta property=\"og:image:type\" content=\"image\/webp\" \/>\n<meta name=\"author\" content=\"Web del Maestro CMF\" \/>\n<meta name=\"twitter:card\" content=\"summary_large_image\" \/>\n<meta name=\"twitter:creator\" content=\"@cmf_w\" \/>\n<meta name=\"twitter:site\" content=\"@cmf_w\" \/>\n<script type=\"application\/ld+json\" class=\"yoast-schema-graph\">{\"@context\":\"https:\\\/\\\/schema.org\",\"@graph\":[{\"@type\":\"ScholarlyArticle\",\"@id\":\"https:\\\/\\\/webdelmaestrocmf.com\\\/portal\\\/minedu-e-indecopi-aclaran-las-reglas-sobre-el-ingreso-de-estudiantes-y-la-presentacion-personal-en-los-colegios\\\/#article\",\"isPartOf\":{\"@id\":\"https:\\\/\\\/webdelmaestrocmf.com\\\/portal\\\/minedu-e-indecopi-aclaran-las-reglas-sobre-el-ingreso-de-estudiantes-y-la-presentacion-personal-en-los-colegios\\\/\"},\"author\":{\"name\":\"Web del Maestro CMF\",\"@id\":\"https:\\\/\\\/webdelmaestrocmf.com\\\/portal\\\/#\\\/schema\\\/person\\\/1072a2ed7bd960df8ef99a551fa35dc5\"},\"headline\":\"Minedu e Indecopi aclaran las reglas sobre el ingreso de estudiantes y la presentaci\u00f3n personal en los colegios\",\"datePublished\":\"2026-07-14T00:08:28+00:00\",\"dateModified\":\"2026-07-15T21:48:44+00:00\",\"mainEntityOfPage\":{\"@id\":\"https:\\\/\\\/webdelmaestrocmf.com\\\/portal\\\/minedu-e-indecopi-aclaran-las-reglas-sobre-el-ingreso-de-estudiantes-y-la-presentacion-personal-en-los-colegios\\\/\"},\"wordCount\":918,\"commentCount\":0,\"publisher\":{\"@id\":\"https:\\\/\\\/webdelmaestrocmf.com\\\/portal\\\/#organization\"},\"image\":{\"@id\":\"https:\\\/\\\/webdelmaestrocmf.com\\\/portal\\\/minedu-e-indecopi-aclaran-las-reglas-sobre-el-ingreso-de-estudiantes-y-la-presentacion-personal-en-los-colegios\\\/#primaryimage\"},\"thumbnailUrl\":\"https:\\\/\\\/webdelmaestrocmf.com\\\/portal\\\/wp-content\\\/uploads\\\/2026\\\/07\\\/1AA-Banner-1-portada-imagen-10-1-copia-8-1.webp\",\"keywords\":[\"comunidad educativa\",\"Convivencia Escolar\",\"derecho a la educaci\u00f3n\",\"disciplina escolar\",\"educaci\u00f3n\",\"gesti\u00f3n educativa\",\"INDECOPI\",\"Minedu\",\"presentaci\u00f3n personal\",\"Reglamento escolar\"],\"articleSection\":[\"Noticias Internacionales\"],\"inLanguage\":\"es\",\"potentialAction\":[{\"@type\":\"CommentAction\",\"name\":\"Comment\",\"target\":[\"https:\\\/\\\/webdelmaestrocmf.com\\\/portal\\\/minedu-e-indecopi-aclaran-las-reglas-sobre-el-ingreso-de-estudiantes-y-la-presentacion-personal-en-los-colegios\\\/#respond\"]}]},{\"@type\":\"WebPage\",\"@id\":\"https:\\\/\\\/webdelmaestrocmf.com\\\/portal\\\/minedu-e-indecopi-aclaran-las-reglas-sobre-el-ingreso-de-estudiantes-y-la-presentacion-personal-en-los-colegios\\\/\",\"url\":\"https:\\\/\\\/webdelmaestrocmf.com\\\/portal\\\/minedu-e-indecopi-aclaran-las-reglas-sobre-el-ingreso-de-estudiantes-y-la-presentacion-personal-en-los-colegios\\\/\",\"name\":\"Minedu e Indecopi aclaran las reglas sobre el ingreso de estudiantes y la presentaci\u00f3n personal en los colegios - 2026\",\"isPartOf\":{\"@id\":\"https:\\\/\\\/webdelmaestrocmf.com\\\/portal\\\/#website\"},\"primaryImageOfPage\":{\"@id\":\"https:\\\/\\\/webdelmaestrocmf.com\\\/portal\\\/minedu-e-indecopi-aclaran-las-reglas-sobre-el-ingreso-de-estudiantes-y-la-presentacion-personal-en-los-colegios\\\/#primaryimage\"},\"image\":{\"@id\":\"https:\\\/\\\/webdelmaestrocmf.com\\\/portal\\\/minedu-e-indecopi-aclaran-las-reglas-sobre-el-ingreso-de-estudiantes-y-la-presentacion-personal-en-los-colegios\\\/#primaryimage\"},\"thumbnailUrl\":\"https:\\\/\\\/webdelmaestrocmf.com\\\/portal\\\/wp-content\\\/uploads\\\/2026\\\/07\\\/1AA-Banner-1-portada-imagen-10-1-copia-8-1.webp\",\"datePublished\":\"2026-07-14T00:08:28+00:00\",\"dateModified\":\"2026-07-15T21:48:44+00:00\",\"description\":\"En el Per\u00fa ha reavivado el debate sobre las normas de presentaci\u00f3n personal en las instituciones educativas, especialmente...\",\"breadcrumb\":{\"@id\":\"https:\\\/\\\/webdelmaestrocmf.com\\\/portal\\\/minedu-e-indecopi-aclaran-las-reglas-sobre-el-ingreso-de-estudiantes-y-la-presentacion-personal-en-los-colegios\\\/#breadcrumb\"},\"inLanguage\":\"es\",\"potentialAction\":[{\"@type\":\"ReadAction\",\"target\":[\"https:\\\/\\\/webdelmaestrocmf.com\\\/portal\\\/minedu-e-indecopi-aclaran-las-reglas-sobre-el-ingreso-de-estudiantes-y-la-presentacion-personal-en-los-colegios\\\/\"]}]},{\"@type\":\"ImageObject\",\"inLanguage\":\"es\",\"@id\":\"https:\\\/\\\/webdelmaestrocmf.com\\\/portal\\\/minedu-e-indecopi-aclaran-las-reglas-sobre-el-ingreso-de-estudiantes-y-la-presentacion-personal-en-los-colegios\\\/#primaryimage\",\"url\":\"https:\\\/\\\/webdelmaestrocmf.com\\\/portal\\\/wp-content\\\/uploads\\\/2026\\\/07\\\/1AA-Banner-1-portada-imagen-10-1-copia-8-1.webp\",\"contentUrl\":\"https:\\\/\\\/webdelmaestrocmf.com\\\/portal\\\/wp-content\\\/uploads\\\/2026\\\/07\\\/1AA-Banner-1-portada-imagen-10-1-copia-8-1.webp\",\"width\":1200,\"height\":675},{\"@type\":\"BreadcrumbList\",\"@id\":\"https:\\\/\\\/webdelmaestrocmf.com\\\/portal\\\/minedu-e-indecopi-aclaran-las-reglas-sobre-el-ingreso-de-estudiantes-y-la-presentacion-personal-en-los-colegios\\\/#breadcrumb\",\"itemListElement\":[{\"@type\":\"ListItem\",\"position\":1,\"name\":\"Portada\",\"item\":\"https:\\\/\\\/webdelmaestrocmf.com\\\/portal\\\/\"},{\"@type\":\"ListItem\",\"position\":2,\"name\":\"Noticias Internacionales\",\"item\":\"https:\\\/\\\/webdelmaestrocmf.com\\\/portal\\\/category\\\/noticias-internacionales\\\/\"},{\"@type\":\"ListItem\",\"position\":3,\"name\":\"Minedu e Indecopi aclaran las reglas sobre el ingreso de estudiantes y la presentaci\u00f3n personal en los colegios\"}]},{\"@type\":\"WebSite\",\"@id\":\"https:\\\/\\\/webdelmaestrocmf.com\\\/portal\\\/#website\",\"url\":\"https:\\\/\\\/webdelmaestrocmf.com\\\/portal\\\/\",\"name\":\"Web del Maestro CMF\",\"description\":\"Maestros al servicio de la educaci\u00f3n\",\"publisher\":{\"@id\":\"https:\\\/\\\/webdelmaestrocmf.com\\\/portal\\\/#organization\"},\"alternateName\":\"WMCMF\",\"potentialAction\":[{\"@type\":\"SearchAction\",\"target\":{\"@type\":\"EntryPoint\",\"urlTemplate\":\"https:\\\/\\\/webdelmaestrocmf.com\\\/portal\\\/?s={search_term_string}\"},\"query-input\":{\"@type\":\"PropertyValueSpecification\",\"valueRequired\":true,\"valueName\":\"search_term_string\"}}],\"inLanguage\":\"es\"},{\"@type\":\"Organization\",\"@id\":\"https:\\\/\\\/webdelmaestrocmf.com\\\/portal\\\/#organization\",\"name\":\"Web del Maestro CMF\",\"alternateName\":\"WMCMF\",\"url\":\"https:\\\/\\\/webdelmaestrocmf.com\\\/portal\\\/\",\"logo\":{\"@type\":\"ImageObject\",\"inLanguage\":\"es\",\"@id\":\"https:\\\/\\\/webdelmaestrocmf.com\\\/portal\\\/#\\\/schema\\\/logo\\\/image\\\/\",\"url\":\"https:\\\/\\\/webdelmaestrocmf.com\\\/portal\\\/wp-content\\\/uploads\\\/2023\\\/01\\\/logo-wmcmf-2.png\",\"contentUrl\":\"https:\\\/\\\/webdelmaestrocmf.com\\\/portal\\\/wp-content\\\/uploads\\\/2023\\\/01\\\/logo-wmcmf-2.png\",\"width\":200,\"height\":60,\"caption\":\"Web del Maestro CMF\"},\"image\":{\"@id\":\"https:\\\/\\\/webdelmaestrocmf.com\\\/portal\\\/#\\\/schema\\\/logo\\\/image\\\/\"},\"sameAs\":[\"https:\\\/\\\/www.facebook.com\\\/WebdelMaestroCMF\\\/\",\"https:\\\/\\\/x.com\\\/cmf_w\",\"https:\\\/\\\/www.pinterest.com\\\/WMCMF\\\/\",\"https:\\\/\\\/www.linkedin.com\\\/company\\\/web-del-maestro-cmf\\\/\",\"https:\\\/\\\/www.instagram.com\\\/wmcmf\\\/\",\"https:\\\/\\\/www.youtube.com\\\/channel\\\/UCDPSvjbdodE5sHnC3OxutHw\",\"https:\\\/\\\/mastodon.social\\\/@wmcmf\",\"https:\\\/\\\/www.tiktok.com\\\/@webdelmaestrocmf\"]},{\"@type\":\"Person\",\"@id\":\"https:\\\/\\\/webdelmaestrocmf.com\\\/portal\\\/#\\\/schema\\\/person\\\/1072a2ed7bd960df8ef99a551fa35dc5\",\"name\":\"Web del Maestro CMF\",\"image\":{\"@type\":\"ImageObject\",\"inLanguage\":\"es\",\"@id\":\"https:\\\/\\\/secure.gravatar.com\\\/avatar\\\/23291dd5b5ae1077dcff3dbb04c3e02bd28403fa75af6d8787d5e97c5bbbe30b?s=96&d=mm&r=g\",\"url\":\"https:\\\/\\\/secure.gravatar.com\\\/avatar\\\/23291dd5b5ae1077dcff3dbb04c3e02bd28403fa75af6d8787d5e97c5bbbe30b?s=96&d=mm&r=g\",\"contentUrl\":\"https:\\\/\\\/secure.gravatar.com\\\/avatar\\\/23291dd5b5ae1077dcff3dbb04c3e02bd28403fa75af6d8787d5e97c5bbbe30b?s=96&d=mm&r=g\",\"caption\":\"Web del Maestro CMF\"},\"description\":\"Esta Web se cre\u00f3 sin fines de lucro, con fines educativos, cient\u00edficos y acad\u00e9micos, para personas que tengan dificultades y\\\/o inconvenientes en visualizar el material original. El objetivo es entregar recursos, compartir experiencias y materiales que ayuden a los padres de familia, maestros y estudiantes en su actualizaci\u00f3n y formaci\u00f3n permanente, en bien de la Educaci\u00f3n.\",\"sameAs\":[\"http:\\\/\\\/webdelmaestrocmf.com\\\/portal\",\"https:\\\/\\\/www.facebook.com\\\/WebdelMaestroCMF\\\/\",\"https:\\\/\\\/www.instagram.com\\\/wmcmf\\\/\",\"https:\\\/\\\/cl.linkedin.com\\\/company\\\/web-del-maestro-cmf\",\"https:\\\/\\\/www.pinterest.com\\\/WMCMF\\\/publicaciones\\\/\",\"https:\\\/\\\/x.com\\\/cmf_w\",\"https:\\\/\\\/www.youtube.com\\\/@WMCMF\"]}]}<\/script>\n<!-- \/ Yoast SEO plugin. -->","yoast_head_json":{"title":"Minedu e Indecopi aclaran las reglas sobre el ingreso de estudiantes y la presentaci\u00f3n personal en los colegios - 2026","description":"En el Per\u00fa ha reavivado el debate sobre las normas de presentaci\u00f3n personal en las instituciones educativas, especialmente...","robots":{"index":"index","follow":"follow","max-snippet":"max-snippet:-1","max-image-preview":"max-image-preview:large","max-video-preview":"max-video-preview:-1"},"canonical":"https:\/\/webdelmaestrocmf.com\/portal\/minedu-e-indecopi-aclaran-las-reglas-sobre-el-ingreso-de-estudiantes-y-la-presentacion-personal-en-los-colegios\/","og_locale":"es_ES","og_type":"article","og_title":"Minedu e Indecopi aclaran las reglas sobre el ingreso de estudiantes y la presentaci\u00f3n personal en los colegios - 2026","og_description":"En el Per\u00fa ha reavivado el debate sobre las normas de presentaci\u00f3n personal en las instituciones educativas, especialmente...","og_url":"https:\/\/webdelmaestrocmf.com\/portal\/minedu-e-indecopi-aclaran-las-reglas-sobre-el-ingreso-de-estudiantes-y-la-presentacion-personal-en-los-colegios\/","og_site_name":"Web del Maestro CMF","article_publisher":"https:\/\/www.facebook.com\/WebdelMaestroCMF\/","article_author":"https:\/\/www.facebook.com\/WebdelMaestroCMF\/","article_published_time":"2026-07-14T00:08:28+00:00","article_modified_time":"2026-07-15T21:48:44+00:00","og_image":[{"width":1200,"height":675,"url":"https:\/\/webdelmaestrocmf.com\/portal\/wp-content\/uploads\/2026\/07\/1AA-Banner-1-portada-imagen-10-1-copia-8-1.webp","type":"image\/webp"}],"author":"Web del Maestro CMF","twitter_card":"summary_large_image","twitter_creator":"@cmf_w","twitter_site":"@cmf_w","schema":{"@context":"https:\/\/schema.org","@graph":[{"@type":"ScholarlyArticle","@id":"https:\/\/webdelmaestrocmf.com\/portal\/minedu-e-indecopi-aclaran-las-reglas-sobre-el-ingreso-de-estudiantes-y-la-presentacion-personal-en-los-colegios\/#article","isPartOf":{"@id":"https:\/\/webdelmaestrocmf.com\/portal\/minedu-e-indecopi-aclaran-las-reglas-sobre-el-ingreso-de-estudiantes-y-la-presentacion-personal-en-los-colegios\/"},"author":{"name":"Web del Maestro CMF","@id":"https:\/\/webdelmaestrocmf.com\/portal\/#\/schema\/person\/1072a2ed7bd960df8ef99a551fa35dc5"},"headline":"Minedu e Indecopi aclaran las reglas sobre el ingreso de estudiantes y la presentaci\u00f3n personal en los colegios","datePublished":"2026-07-14T00:08:28+00:00","dateModified":"2026-07-15T21:48:44+00:00","mainEntityOfPage":{"@id":"https:\/\/webdelmaestrocmf.com\/portal\/minedu-e-indecopi-aclaran-las-reglas-sobre-el-ingreso-de-estudiantes-y-la-presentacion-personal-en-los-colegios\/"},"wordCount":918,"commentCount":0,"publisher":{"@id":"https:\/\/webdelmaestrocmf.com\/portal\/#organization"},"image":{"@id":"https:\/\/webdelmaestrocmf.com\/portal\/minedu-e-indecopi-aclaran-las-reglas-sobre-el-ingreso-de-estudiantes-y-la-presentacion-personal-en-los-colegios\/#primaryimage"},"thumbnailUrl":"https:\/\/webdelmaestrocmf.com\/portal\/wp-content\/uploads\/2026\/07\/1AA-Banner-1-portada-imagen-10-1-copia-8-1.webp","keywords":["comunidad educativa","Convivencia Escolar","derecho a la educaci\u00f3n","disciplina escolar","educaci\u00f3n","gesti\u00f3n educativa","INDECOPI","Minedu","presentaci\u00f3n personal","Reglamento escolar"],"articleSection":["Noticias Internacionales"],"inLanguage":"es","potentialAction":[{"@type":"CommentAction","name":"Comment","target":["https:\/\/webdelmaestrocmf.com\/portal\/minedu-e-indecopi-aclaran-las-reglas-sobre-el-ingreso-de-estudiantes-y-la-presentacion-personal-en-los-colegios\/#respond"]}]},{"@type":"WebPage","@id":"https:\/\/webdelmaestrocmf.com\/portal\/minedu-e-indecopi-aclaran-las-reglas-sobre-el-ingreso-de-estudiantes-y-la-presentacion-personal-en-los-colegios\/","url":"https:\/\/webdelmaestrocmf.com\/portal\/minedu-e-indecopi-aclaran-las-reglas-sobre-el-ingreso-de-estudiantes-y-la-presentacion-personal-en-los-colegios\/","name":"Minedu e Indecopi aclaran las reglas sobre el ingreso de estudiantes y la presentaci\u00f3n personal en los colegios - 2026","isPartOf":{"@id":"https:\/\/webdelmaestrocmf.com\/portal\/#website"},"primaryImageOfPage":{"@id":"https:\/\/webdelmaestrocmf.com\/portal\/minedu-e-indecopi-aclaran-las-reglas-sobre-el-ingreso-de-estudiantes-y-la-presentacion-personal-en-los-colegios\/#primaryimage"},"image":{"@id":"https:\/\/webdelmaestrocmf.com\/portal\/minedu-e-indecopi-aclaran-las-reglas-sobre-el-ingreso-de-estudiantes-y-la-presentacion-personal-en-los-colegios\/#primaryimage"},"thumbnailUrl":"https:\/\/webdelmaestrocmf.com\/portal\/wp-content\/uploads\/2026\/07\/1AA-Banner-1-portada-imagen-10-1-copia-8-1.webp","datePublished":"2026-07-14T00:08:28+00:00","dateModified":"2026-07-15T21:48:44+00:00","description":"En el Per\u00fa ha reavivado el debate sobre las normas de presentaci\u00f3n personal en las instituciones educativas, especialmente...","breadcrumb":{"@id":"https:\/\/webdelmaestrocmf.com\/portal\/minedu-e-indecopi-aclaran-las-reglas-sobre-el-ingreso-de-estudiantes-y-la-presentacion-personal-en-los-colegios\/#breadcrumb"},"inLanguage":"es","potentialAction":[{"@type":"ReadAction","target":["https:\/\/webdelmaestrocmf.com\/portal\/minedu-e-indecopi-aclaran-las-reglas-sobre-el-ingreso-de-estudiantes-y-la-presentacion-personal-en-los-colegios\/"]}]},{"@type":"ImageObject","inLanguage":"es","@id":"https:\/\/webdelmaestrocmf.com\/portal\/minedu-e-indecopi-aclaran-las-reglas-sobre-el-ingreso-de-estudiantes-y-la-presentacion-personal-en-los-colegios\/#primaryimage","url":"https:\/\/webdelmaestrocmf.com\/portal\/wp-content\/uploads\/2026\/07\/1AA-Banner-1-portada-imagen-10-1-copia-8-1.webp","contentUrl":"https:\/\/webdelmaestrocmf.com\/portal\/wp-content\/uploads\/2026\/07\/1AA-Banner-1-portada-imagen-10-1-copia-8-1.webp","width":1200,"height":675},{"@type":"BreadcrumbList","@id":"https:\/\/webdelmaestrocmf.com\/portal\/minedu-e-indecopi-aclaran-las-reglas-sobre-el-ingreso-de-estudiantes-y-la-presentacion-personal-en-los-colegios\/#breadcrumb","itemListElement":[{"@type":"ListItem","position":1,"name":"Portada","item":"https:\/\/webdelmaestrocmf.com\/portal\/"},{"@type":"ListItem","position":2,"name":"Noticias Internacionales","item":"https:\/\/webdelmaestrocmf.com\/portal\/category\/noticias-internacionales\/"},{"@type":"ListItem","position":3,"name":"Minedu e Indecopi aclaran las reglas sobre el ingreso de estudiantes y la presentaci\u00f3n personal en los colegios"}]},{"@type":"WebSite","@id":"https:\/\/webdelmaestrocmf.com\/portal\/#website","url":"https:\/\/webdelmaestrocmf.com\/portal\/","name":"Web del Maestro CMF","description":"Maestros al servicio de la educaci\u00f3n","publisher":{"@id":"https:\/\/webdelmaestrocmf.com\/portal\/#organization"},"alternateName":"WMCMF","potentialAction":[{"@type":"SearchAction","target":{"@type":"EntryPoint","urlTemplate":"https:\/\/webdelmaestrocmf.com\/portal\/?s={search_term_string}"},"query-input":{"@type":"PropertyValueSpecification","valueRequired":true,"valueName":"search_term_string"}}],"inLanguage":"es"},{"@type":"Organization","@id":"https:\/\/webdelmaestrocmf.com\/portal\/#organization","name":"Web del Maestro CMF","alternateName":"WMCMF","url":"https:\/\/webdelmaestrocmf.com\/portal\/","logo":{"@type":"ImageObject","inLanguage":"es","@id":"https:\/\/webdelmaestrocmf.com\/portal\/#\/schema\/logo\/image\/","url":"https:\/\/webdelmaestrocmf.com\/portal\/wp-content\/uploads\/2023\/01\/logo-wmcmf-2.png","contentUrl":"https:\/\/webdelmaestrocmf.com\/portal\/wp-content\/uploads\/2023\/01\/logo-wmcmf-2.png","width":200,"height":60,"caption":"Web del Maestro CMF"},"image":{"@id":"https:\/\/webdelmaestrocmf.com\/portal\/#\/schema\/logo\/image\/"},"sameAs":["https:\/\/www.facebook.com\/WebdelMaestroCMF\/","https:\/\/x.com\/cmf_w","https:\/\/www.pinterest.com\/WMCMF\/","https:\/\/www.linkedin.com\/company\/web-del-maestro-cmf\/","https:\/\/www.instagram.com\/wmcmf\/","https:\/\/www.youtube.com\/channel\/UCDPSvjbdodE5sHnC3OxutHw","https:\/\/mastodon.social\/@wmcmf","https:\/\/www.tiktok.com\/@webdelmaestrocmf"]},{"@type":"Person","@id":"https:\/\/webdelmaestrocmf.com\/portal\/#\/schema\/person\/1072a2ed7bd960df8ef99a551fa35dc5","name":"Web del Maestro CMF","image":{"@type":"ImageObject","inLanguage":"es","@id":"https:\/\/secure.gravatar.com\/avatar\/23291dd5b5ae1077dcff3dbb04c3e02bd28403fa75af6d8787d5e97c5bbbe30b?s=96&d=mm&r=g","url":"https:\/\/secure.gravatar.com\/avatar\/23291dd5b5ae1077dcff3dbb04c3e02bd28403fa75af6d8787d5e97c5bbbe30b?s=96&d=mm&r=g","contentUrl":"https:\/\/secure.gravatar.com\/avatar\/23291dd5b5ae1077dcff3dbb04c3e02bd28403fa75af6d8787d5e97c5bbbe30b?s=96&d=mm&r=g","caption":"Web del Maestro CMF"},"description":"Esta Web se cre\u00f3 sin fines de lucro, con fines educativos, cient\u00edficos y acad\u00e9micos, para personas que tengan dificultades y\/o inconvenientes en visualizar el material original. El objetivo es entregar recursos, compartir experiencias y materiales que ayuden a los padres de familia, maestros y estudiantes en su actualizaci\u00f3n y formaci\u00f3n permanente, en bien de la Educaci\u00f3n.","sameAs":["http:\/\/webdelmaestrocmf.com\/portal","https:\/\/www.facebook.com\/WebdelMaestroCMF\/","https:\/\/www.instagram.com\/wmcmf\/","https:\/\/cl.linkedin.com\/company\/web-del-maestro-cmf","https:\/\/www.pinterest.com\/WMCMF\/publicaciones\/","https:\/\/x.com\/cmf_w","https:\/\/www.youtube.com\/@WMCMF"]}]}},"jetpack_sharing_enabled":true,"jetpack-related-posts":[{"id":119652,"url":"https:\/\/webdelmaestrocmf.com\/portal\/colegio-impide-ingreso-de-estudiantes-por-corte-de-cabello-y-desata-debate-sobre-disciplina-escolar-en-peru\/","url_meta":{"origin":120935,"position":0},"title":"Colegio impide ingreso de estudiantes por corte de cabello y desata debate sobre disciplina escolar en Per\u00fa","author":"Web del Maestro CMF","date":"27 mayo, 2026","format":false,"excerpt":"Director de colegio desat\u00f3 pol\u00e9mica tras impedir el ingreso de alumnos con cabello largo. Mientras algunos respaldan la disciplina escolar, otros consideran exagerado restringir clases por normas relacionadas con la apariencia personal.","rel":"","context":"En \u00abNoticias Internacionales\u00bb","block_context":{"text":"Noticias Internacionales","link":"https:\/\/webdelmaestrocmf.com\/portal\/category\/noticias-internacionales\/"},"img":{"alt_text":"","src":"https:\/\/i0.wp.com\/webdelmaestrocmf.com\/portal\/wp-content\/uploads\/2026\/05\/1AA-Banner-1-portada-imagen-10-1-copia-6-2.webp?resize=350%2C200&ssl=1","width":350,"height":200,"srcset":"https:\/\/i0.wp.com\/webdelmaestrocmf.com\/portal\/wp-content\/uploads\/2026\/05\/1AA-Banner-1-portada-imagen-10-1-copia-6-2.webp?resize=350%2C200&ssl=1 1x, https:\/\/i0.wp.com\/webdelmaestrocmf.com\/portal\/wp-content\/uploads\/2026\/05\/1AA-Banner-1-portada-imagen-10-1-copia-6-2.webp?resize=525%2C300&ssl=1 1.5x, https:\/\/i0.wp.com\/webdelmaestrocmf.com\/portal\/wp-content\/uploads\/2026\/05\/1AA-Banner-1-portada-imagen-10-1-copia-6-2.webp?resize=700%2C400&ssl=1 2x, https:\/\/i0.wp.com\/webdelmaestrocmf.com\/portal\/wp-content\/uploads\/2026\/05\/1AA-Banner-1-portada-imagen-10-1-copia-6-2.webp?resize=1050%2C600&ssl=1 3x"},"classes":[]},{"id":115268,"url":"https:\/\/webdelmaestrocmf.com\/portal\/colegios-que-obliguen-a-comprar-marcas-especificas-de-utiles-o-uniformes-recibiran-multas\/","url_meta":{"origin":120935,"position":1},"title":"Colegios que obliguen a comprar marcas espec\u00edficas de \u00fatiles o uniformes recibir\u00e1n multas severas","author":"Web del Maestro CMF","date":"11 febrero, 2026","format":false,"excerpt":"Indecopi advierte sanciones de hasta S\/ 2.4 millones a colegios privados por direccionamiento de compras","rel":"","context":"En \u00abNoticias Internacionales\u00bb","block_context":{"text":"Noticias Internacionales","link":"https:\/\/webdelmaestrocmf.com\/portal\/category\/noticias-internacionales\/"},"img":{"alt_text":"","src":"https:\/\/i0.wp.com\/webdelmaestrocmf.com\/portal\/wp-content\/uploads\/2026\/02\/1A-Banner-1-portada-imagen-10-1-copia-2.jpg?resize=350%2C200&ssl=1","width":350,"height":200,"srcset":"https:\/\/i0.wp.com\/webdelmaestrocmf.com\/portal\/wp-content\/uploads\/2026\/02\/1A-Banner-1-portada-imagen-10-1-copia-2.jpg?resize=350%2C200&ssl=1 1x, https:\/\/i0.wp.com\/webdelmaestrocmf.com\/portal\/wp-content\/uploads\/2026\/02\/1A-Banner-1-portada-imagen-10-1-copia-2.jpg?resize=525%2C300&ssl=1 1.5x, https:\/\/i0.wp.com\/webdelmaestrocmf.com\/portal\/wp-content\/uploads\/2026\/02\/1A-Banner-1-portada-imagen-10-1-copia-2.jpg?resize=700%2C400&ssl=1 2x"},"classes":[]},{"id":119155,"url":"https:\/\/webdelmaestrocmf.com\/portal\/el-debate-sobre-los-cortes-de-cabello-en-las-escuelas-vuelve-a-encenderse-en-america-latina\/","url_meta":{"origin":120935,"position":2},"title":"El debate sobre los cortes de cabello en las escuelas vuelve a encenderse en Am\u00e9rica Latina","author":"Web del Maestro CMF","date":"12 mayo, 2026","format":false,"excerpt":"El debate sobre los cortes de cabello en las escuelas enfrenta disciplina institucional, libertad personal y el derecho de los estudiantes a no ser excluidos por su apariencia.","rel":"","context":"En \u00abNoticias Internacionales\u00bb","block_context":{"text":"Noticias Internacionales","link":"https:\/\/webdelmaestrocmf.com\/portal\/category\/noticias-internacionales\/"},"img":{"alt_text":"","src":"https:\/\/i0.wp.com\/webdelmaestrocmf.com\/portal\/wp-content\/uploads\/2026\/05\/1AA-Banner-1-portada-imagen-10-1-copia-3-6.webp?resize=350%2C200&ssl=1","width":350,"height":200,"srcset":"https:\/\/i0.wp.com\/webdelmaestrocmf.com\/portal\/wp-content\/uploads\/2026\/05\/1AA-Banner-1-portada-imagen-10-1-copia-3-6.webp?resize=350%2C200&ssl=1 1x, https:\/\/i0.wp.com\/webdelmaestrocmf.com\/portal\/wp-content\/uploads\/2026\/05\/1AA-Banner-1-portada-imagen-10-1-copia-3-6.webp?resize=525%2C300&ssl=1 1.5x, https:\/\/i0.wp.com\/webdelmaestrocmf.com\/portal\/wp-content\/uploads\/2026\/05\/1AA-Banner-1-portada-imagen-10-1-copia-3-6.webp?resize=700%2C400&ssl=1 2x, https:\/\/i0.wp.com\/webdelmaestrocmf.com\/portal\/wp-content\/uploads\/2026\/05\/1AA-Banner-1-portada-imagen-10-1-copia-3-6.webp?resize=1050%2C600&ssl=1 3x"},"classes":[]},{"id":104101,"url":"https:\/\/webdelmaestrocmf.com\/portal\/minedu-guia-para-la-elaboracion-del-reglamento-interno-para-ie\/","url_meta":{"origin":120935,"position":3},"title":"MINEDU: Gu\u00eda para la elaboraci\u00f3n del reglamento interno para IE","author":"Web del Maestro CMF","date":"20 febrero, 2024","format":false,"excerpt":"La Gu\u00eda para la elaboraci\u00f3n del Reglamento Interno (RI) de las instituciones educativas de Educaci\u00f3n B\u00e1sica es un instrumento fundamental para la gesti\u00f3n escolar efectiva. Su prop\u00f3sito: ayudar a los directivos, en su rol de l\u00edderes pedag\u00f3gicos, a construir un marco que regule las relaciones entre todos los miembros de\u2026","rel":"","context":"En \u00abRecursos\u00bb","block_context":{"text":"Recursos","link":"https:\/\/webdelmaestrocmf.com\/portal\/category\/pedagogia\/"},"img":{"alt_text":"","src":"https:\/\/i0.wp.com\/webdelmaestrocmf.com\/portal\/wp-content\/uploads\/2024\/02\/Banner-1-portada-imagen-10-1-28.jpg?resize=350%2C200&ssl=1","width":350,"height":200,"srcset":"https:\/\/i0.wp.com\/webdelmaestrocmf.com\/portal\/wp-content\/uploads\/2024\/02\/Banner-1-portada-imagen-10-1-28.jpg?resize=350%2C200&ssl=1 1x, https:\/\/i0.wp.com\/webdelmaestrocmf.com\/portal\/wp-content\/uploads\/2024\/02\/Banner-1-portada-imagen-10-1-28.jpg?resize=525%2C300&ssl=1 1.5x, https:\/\/i0.wp.com\/webdelmaestrocmf.com\/portal\/wp-content\/uploads\/2024\/02\/Banner-1-portada-imagen-10-1-28.jpg?resize=700%2C400&ssl=1 2x"},"classes":[]},{"id":103641,"url":"https:\/\/webdelmaestrocmf.com\/portal\/plan-anual-de-tutoria-desarrollado-orientacion-educativa-y-convivencia-escolar-2024\/","url_meta":{"origin":120935,"position":4},"title":"Plan Anual de Tutor\u00eda (Desarrollado), Orientaci\u00f3n Educativa y Convivencia Escolar 2024","author":"Web del Maestro CMF","date":"9 febrero, 2024","format":false,"excerpt":"El plan de tutor\u00eda es un documento que contiene los objetivos, estrategias y actividades de tutor\u00eda para un determinado periodo de tiempo. Es un instrumento fundamental para la planificaci\u00f3n y ejecuci\u00f3n de la tutor\u00eda. El Plan Anual de TOECE 2024 es un instrumento fundamental para la gesti\u00f3n y organizaci\u00f3n de\u2026","rel":"","context":"En \u00abRecursos\u00bb","block_context":{"text":"Recursos","link":"https:\/\/webdelmaestrocmf.com\/portal\/category\/pedagogia\/"},"img":{"alt_text":"tutoria","src":"https:\/\/i0.wp.com\/webdelmaestrocmf.com\/portal\/wp-content\/uploads\/2024\/02\/Banner-1-portada-imagen-10-1-15.jpg?resize=350%2C200&ssl=1","width":350,"height":200,"srcset":"https:\/\/i0.wp.com\/webdelmaestrocmf.com\/portal\/wp-content\/uploads\/2024\/02\/Banner-1-portada-imagen-10-1-15.jpg?resize=350%2C200&ssl=1 1x, https:\/\/i0.wp.com\/webdelmaestrocmf.com\/portal\/wp-content\/uploads\/2024\/02\/Banner-1-portada-imagen-10-1-15.jpg?resize=525%2C300&ssl=1 1.5x, https:\/\/i0.wp.com\/webdelmaestrocmf.com\/portal\/wp-content\/uploads\/2024\/02\/Banner-1-portada-imagen-10-1-15.jpg?resize=700%2C400&ssl=1 2x"},"classes":[]},{"id":112783,"url":"https:\/\/webdelmaestrocmf.com\/portal\/el-ministerio-de-educacion-prepara-nuevas-reglas-sobre-tatuajes-cabello-y-uso-de-celulares-en-las-aulas-a-partir-de-2026\/","url_meta":{"origin":120935,"position":5},"title":"El Ministerio de Educaci\u00f3n prepara nuevas reglas sobre tatuajes, cabello y uso de celulares en las aulas a partir de 2026","author":"Web del Maestro CMF","date":"21 octubre, 2025","format":false,"excerpt":"El Ministerio de Educaci\u00f3n actualizar\u00e1 las normas escolares para 2026, regulando celulares, presentaci\u00f3n personal y convivencia. La propuesta busca fortalecer la disciplina respetando los derechos de los estudiantes.","rel":"","context":"En \u00abNoticias Internacionales\u00bb","block_context":{"text":"Noticias Internacionales","link":"https:\/\/webdelmaestrocmf.com\/portal\/category\/noticias-internacionales\/"},"img":{"alt_text":"","src":"https:\/\/i0.wp.com\/webdelmaestrocmf.com\/portal\/wp-content\/uploads\/2025\/10\/1AA-Banner-1-portada-imagen-10-1-copia-9.webp?resize=350%2C200&ssl=1","width":350,"height":200,"srcset":"https:\/\/i0.wp.com\/webdelmaestrocmf.com\/portal\/wp-content\/uploads\/2025\/10\/1AA-Banner-1-portada-imagen-10-1-copia-9.webp?resize=350%2C200&ssl=1 1x, https:\/\/i0.wp.com\/webdelmaestrocmf.com\/portal\/wp-content\/uploads\/2025\/10\/1AA-Banner-1-portada-imagen-10-1-copia-9.webp?resize=525%2C300&ssl=1 1.5x, https:\/\/i0.wp.com\/webdelmaestrocmf.com\/portal\/wp-content\/uploads\/2025\/10\/1AA-Banner-1-portada-imagen-10-1-copia-9.webp?resize=700%2C400&ssl=1 2x, https:\/\/i0.wp.com\/webdelmaestrocmf.com\/portal\/wp-content\/uploads\/2025\/10\/1AA-Banner-1-portada-imagen-10-1-copia-9.webp?resize=1050%2C600&ssl=1 3x"},"classes":[]}],"jetpack_featured_media_url":"https:\/\/webdelmaestrocmf.com\/portal\/wp-content\/uploads\/2026\/07\/1AA-Banner-1-portada-imagen-10-1-copia-8-1.webp","_links":{"self":[{"href":"https:\/\/webdelmaestrocmf.com\/portal\/wp-json\/wp\/v2\/posts\/120935","targetHints":{"allow":["GET"]}}],"collection":[{"href":"https:\/\/webdelmaestrocmf.com\/portal\/wp-json\/wp\/v2\/posts"}],"about":[{"href":"https:\/\/webdelmaestrocmf.com\/portal\/wp-json\/wp\/v2\/types\/post"}],"author":[{"embeddable":true,"href":"https:\/\/webdelmaestrocmf.com\/portal\/wp-json\/wp\/v2\/users\/1"}],"replies":[{"embeddable":true,"href":"https:\/\/webdelmaestrocmf.com\/portal\/wp-json\/wp\/v2\/comments?post=120935"}],"version-history":[{"count":2,"href":"https:\/\/webdelmaestrocmf.com\/portal\/wp-json\/wp\/v2\/posts\/120935\/revisions"}],"predecessor-version":[{"id":120940,"href":"https:\/\/webdelmaestrocmf.com\/portal\/wp-json\/wp\/v2\/posts\/120935\/revisions\/120940"}],"wp:featuredmedia":[{"embeddable":true,"href":"https:\/\/webdelmaestrocmf.com\/portal\/wp-json\/wp\/v2\/media\/120938"}],"wp:attachment":[{"href":"https:\/\/webdelmaestrocmf.com\/portal\/wp-json\/wp\/v2\/media?parent=120935"}],"wp:term":[{"taxonomy":"category","embeddable":true,"href":"https:\/\/webdelmaestrocmf.com\/portal\/wp-json\/wp\/v2\/categories?post=120935"},{"taxonomy":"post_tag","embeddable":true,"href":"https:\/\/webdelmaestrocmf.com\/portal\/wp-json\/wp\/v2\/tags?post=120935"}],"curies":[{"name":"wp","href":"https:\/\/api.w.org\/{rel}","templated":true}]}}