{"id":120909,"date":"2026-07-12T22:17:28","date_gmt":"2026-07-13T02:17:28","guid":{"rendered":"https:\/\/webdelmaestrocmf.com\/portal\/?p=120909"},"modified":"2026-07-13T11:33:14","modified_gmt":"2026-07-13T15:33:14","slug":"alumnos-dificiles-o-sistemas-en-crisis-una-mirada-que-invita-a-transformar-la-disciplina-en-oportunidades-de-aprendizaje","status":"publish","type":"post","link":"https:\/\/webdelmaestrocmf.com\/portal\/alumnos-dificiles-o-sistemas-en-crisis-una-mirada-que-invita-a-transformar-la-disciplina-en-oportunidades-de-aprendizaje\/","title":{"rendered":"\u00bfAlumnos dif\u00edciles o sistemas en crisis? Una mirada que invita a transformar la disciplina en oportunidades de aprendizaje"},"content":{"rendered":"\n<p class=\"wp-block-paragraph\">En un reciente an\u00e1lisis compartido por <strong>Favio Mor\u00e1n<\/strong>, fundador de Hol\u00edstica Capital Humano y de la Academia Favio Mor\u00e1n, el especialista propone una reflexi\u00f3n dirigida a docentes y l\u00edderes educativos sobre el manejo de los alumnos con conductas disruptivas. Aunque sus planteamientos surgen desde <strong>Argentina<\/strong>, el enfoque resulta aplicable a cualquier contexto educativo donde los profesores enfrentan el desaf\u00edo de mantener un ambiente propicio para el aprendizaje. <strong>La idea central es que detr\u00e1s de una conducta dif\u00edcil puede existir una historia de vida que merece ser comprendida sin perder de vista el derecho del resto de los estudiantes a aprender en un entorno ordenado y seguro.<\/strong><\/p>\n\n\n\n<h2 class=\"wp-block-heading\"><strong>La conducta disruptiva como una forma de comunicaci\u00f3n<\/strong><\/h2>\n\n\n\n<p class=\"wp-block-paragraph\">Uno de los principales planteamientos es que <strong>la conducta disruptiva no siempre representa un simple problema de disciplina, sino una forma de comunicaci\u00f3n no verbal<\/strong>. Desde esta perspectiva, el comportamiento desafiante puede ser la manifestaci\u00f3n de conflictos emocionales, familiares o sociales que el estudiante no sabe expresar mediante palabras.<\/p>\n\n\n\n<p class=\"wp-block-paragraph\">El especialista sostiene que muchas veces el aula se convierte en el \u00fanico espacio donde algunos ni\u00f1os o adolescentes exteriorizan aquello que silencian fuera de ella. En ese sentido, comprender el origen del comportamiento permite intervenir con mayor inteligencia pedag\u00f3gica sin justificar las acciones inapropiadas.<\/p>\n\n\n\n<p class=\"wp-block-paragraph\">Como se\u00f1ala Mor\u00e1n: <strong>\u00abLa conducta disruptiva es comunicaci\u00f3n no verbal.\u00bb<\/strong><\/p>\n\n\n\n<figure class=\"wp-block-embed is-type-video is-provider-youtube wp-block-embed-youtube wp-embed-aspect-9-16 wp-has-aspect-ratio\"><div class=\"wp-block-embed__wrapper\">\n<iframe loading=\"lazy\" title=\"\u00bfAlumnos dif\u00edciles o sistemas en crisis? Una mirada que invita a transformar la disciplina\" width=\"563\" height=\"1000\" src=\"https:\/\/www.youtube.com\/embed\/oiN6SkKYokc?feature=oembed\" frameborder=\"0\" allow=\"accelerometer; autoplay; clipboard-write; encrypted-media; gyroscope; picture-in-picture; web-share\" referrerpolicy=\"strict-origin-when-cross-origin\" allowfullscreen><\/iframe>\n<\/div><\/figure>\n\n\n\n<h2 class=\"wp-block-heading\"><strong>Tres posibles explicaciones detr\u00e1s del comportamiento desafiante<\/strong><\/h2>\n\n\n\n<p class=\"wp-block-paragraph\">El an\u00e1lisis identifica tres din\u00e1micas que podr\u00edan explicar parte de estas conductas.<\/p>\n\n\n\n<p class=\"wp-block-paragraph\"><strong>\u2022 Portavoz del caos familiar<\/strong><\/p>\n\n\n\n<p class=\"wp-block-paragraph\">Algunos estudiantes podr\u00edan estar reflejando situaciones complejas vividas en su entorno familiar. <strong>La violencia, la ausencia de contenci\u00f3n o conflictos permanentes pueden expresarse mediante comportamientos agresivos o desafiantes dentro del aula<\/strong>, convirtiendo la escuela en el lugar donde liberan emociones acumuladas.<\/p>\n\n\n\n<p class=\"wp-block-paragraph\"><strong>\u2022 B\u00fasqueda de pertenencia mediante la oposici\u00f3n<\/strong><\/p>\n\n\n\n<p class=\"wp-block-paragraph\">Cuando un estudiante no logra destacar acad\u00e9micamente o siente que pasa desapercibido, puede optar por convertirse en el centro de atenci\u00f3n a trav\u00e9s del conflicto. <strong>El liderazgo negativo aparece entonces como una estrategia para obtener reconocimiento<\/strong>, aunque este provenga de llamados de atenci\u00f3n o sanciones constantes.<\/p>\n\n\n\n<p class=\"wp-block-paragraph\"><strong>\u2022 Heridas relacionadas con la autoridad<\/strong><\/p>\n\n\n\n<p class=\"wp-block-paragraph\">Otra posibilidad es que el estudiante proyecte sobre el docente experiencias negativas previas con figuras de autoridad. <strong>No necesariamente desaf\u00eda a la persona que ense\u00f1a, sino a la representaci\u00f3n de autoridad que asocia con experiencias dolorosas o ausentes.<\/strong><\/p>\n\n\n\n<h2 class=\"wp-block-heading\"><strong>Cinco estrategias para intervenir sin perder el control del aula<\/strong><\/h2>\n\n\n\n<p class=\"wp-block-paragraph\">A partir de esta mirada sist\u00e9mica, se plantean diversas herramientas orientadas a proteger tanto al estudiante con dificultades como al resto del grupo.<\/p>\n\n\n\n<h3 class=\"wp-block-heading\"><strong>1. Evitar el escenario p\u00fablico<\/strong><\/h3>\n\n\n\n<p class=\"wp-block-paragraph\"><strong>Las confrontaciones delante de toda la clase suelen fortalecer el papel que el estudiante busca representar.<\/strong> Por ello, se recomienda abordar las situaciones delicadas en privado, generando un espacio de di\u00e1logo donde el alumno pueda expresar aquello que est\u00e1 viviendo.<\/p>\n\n\n\n<p class=\"wp-block-paragraph\">Mor\u00e1n propone iniciar la conversaci\u00f3n desde la curiosidad antes que desde la confrontaci\u00f3n: <strong>\u00abVeo que hoy necesit\u00e1s mucha atenci\u00f3n. \u00bfQu\u00e9 te pasa que no me pod\u00e9s decir con palabras?\u00bb<\/strong><\/p>\n\n\n\n<h2 class=\"wp-block-heading\"><strong>2. Proteger al grupo que s\u00ed desea aprender<\/strong><\/h2>\n\n\n\n<p class=\"wp-block-paragraph\">Otra recomendaci\u00f3n consiste en <strong>reforzar positivamente a quienes mantienen una actitud adecuada<\/strong>, evitando que toda la atenci\u00f3n del docente quede concentrada en quien interrumpe constantemente la clase.<\/p>\n\n\n\n<p class=\"wp-block-paragraph\">Entre las acciones sugeridas destacan:<\/p>\n\n\n\n<ul class=\"wp-block-list\">\n<li><strong>Reconocer p\u00fablicamente el esfuerzo de los estudiantes que participan de manera adecuada.<\/strong><\/li>\n\n\n\n<li><strong>Reducir la atenci\u00f3n sobre interrupciones menores cuando sea pedag\u00f3gicamente conveniente.<\/strong><\/li>\n\n\n\n<li><strong>Mantener el foco en el aprendizaje colectivo sin convertir al alumno disruptivo en el centro permanente de la clase.<\/strong><\/li>\n<\/ul>\n\n\n\n<p class=\"wp-block-paragraph\">Este enfoque busca que el grupo perciba que la participaci\u00f3n positiva tambi\u00e9n recibe reconocimiento.<\/p>\n\n\n\n<h2 class=\"wp-block-heading\"><strong>3. Transformar la necesidad de protagonismo en liderazgo positivo<\/strong><\/h2>\n\n\n\n<p class=\"wp-block-paragraph\">Una de las propuestas m\u00e1s interesantes consiste en <strong>asignar responsabilidades reales al estudiante que suele generar conflictos<\/strong>.<\/p>\n\n\n\n<p class=\"wp-block-paragraph\">Algunas alternativas incluyen:<\/p>\n\n\n\n<ul class=\"wp-block-list\">\n<li><strong>Coordinar una actividad del grupo.<\/strong><\/li>\n\n\n\n<li><strong>Apoyar en la organizaci\u00f3n de materiales.<\/strong><\/li>\n\n\n\n<li><strong>Colaborar con tareas t\u00e9cnicas dentro del aula.<\/strong><\/li>\n\n\n\n<li><strong>Asumir funciones de apoyo al docente.<\/strong><\/li>\n<\/ul>\n\n\n\n<p class=\"wp-block-paragraph\">La finalidad es que el alumno encuentre una forma saludable de obtener reconocimiento y pertenencia sin recurrir al conflicto.<\/p>\n\n\n\n<h2 class=\"wp-block-heading\"><strong>4. Diferenciar a la persona de la conducta<\/strong><\/h2>\n\n\n\n<p class=\"wp-block-paragraph\">El enfoque plantea una idea fundamental para la convivencia escolar: <strong>es posible rechazar una conducta sin descalificar al estudiante<\/strong>.<\/p>\n\n\n\n<p class=\"wp-block-paragraph\">Esto implica validar la emoci\u00f3n que experimenta el alumno mientras se mantienen l\u00edmites claros respecto a aquello que resulta inaceptable. La firmeza disciplinaria no es incompatible con la empat\u00eda.<\/p>\n\n\n\n<p class=\"wp-block-paragraph\">En este sentido, se propone transmitir mensajes donde el estudiante comprenda que sus emociones son escuchadas, pero tambi\u00e9n que existen normas que deben respetarse para garantizar el bienestar de todos.<\/p>\n\n\n\n<h2 class=\"wp-block-heading\"><strong>5. Convertir a las familias en aliadas del proceso educativo<\/strong><\/h2>\n\n\n\n<p class=\"wp-block-paragraph\">Finalmente, el especialista destaca la importancia de construir una relaci\u00f3n colaborativa con los padres o apoderados.<\/p>\n\n\n\n<p class=\"wp-block-paragraph\"><strong>Las reuniones familiares no deber\u00edan limitarse a comunicar problemas o sanciones<\/strong>, sino convertirse en espacios para comprender mejor las necesidades del estudiante y dise\u00f1ar estrategias conjuntas.<\/p>\n\n\n\n<p class=\"wp-block-paragraph\">En lugar de centrar la conversaci\u00f3n en la b\u00fasqueda de culpables, se propone orientar el di\u00e1logo hacia objetivos compartidos:<\/p>\n\n\n\n<ul class=\"wp-block-list\">\n<li><strong>Comprender las necesidades emocionales del estudiante.<\/strong><\/li>\n\n\n\n<li><strong>Intercambiar informaci\u00f3n relevante entre familia y escuela.<\/strong><\/li>\n\n\n\n<li><strong>Dise\u00f1ar acciones coordinadas para favorecer su desarrollo.<\/strong><\/li>\n\n\n\n<li><strong>Fortalecer la confianza entre los adultos responsables de su educaci\u00f3n.<\/strong><\/li>\n<\/ul>\n\n\n\n<h2 class=\"wp-block-heading\"><strong>Una mirada sist\u00e9mica que no reemplaza la disciplina, sino que la fortalece<\/strong><\/h2>\n\n\n\n<p class=\"wp-block-paragraph\">El planteamiento de Favio Mor\u00e1n no propone eliminar las normas ni relativizar las consecuencias de las conductas inapropiadas. <strong>Su enfoque invita a comprender que la disciplina resulta m\u00e1s efectiva cuando va acompa\u00f1ada de una comprensi\u00f3n profunda del contexto del estudiante.<\/strong><\/p>\n\n\n\n<p class=\"wp-block-paragraph\">La autoridad docente contin\u00faa siendo indispensable para garantizar un ambiente de aprendizaje, pero esa autoridad puede ejercerse desde el equilibrio entre la firmeza y la comprensi\u00f3n. Al mismo tiempo, <strong>el derecho de los dem\u00e1s alumnos a aprender debe permanecer protegido<\/strong>, evitando que las conductas disruptivas deterioren el clima del aula.<\/p>\n\n\n\n<p class=\"wp-block-paragraph\">En definitiva, la propuesta plantea que <strong>educar implica trabajar con historias de vida, no \u00fanicamente con contenidos acad\u00e9micos<\/strong>. Cuando el docente logra mirar m\u00e1s all\u00e1 de la conducta visible, aumenta la posibilidad de intervenir de forma m\u00e1s efectiva, fortalecer la convivencia escolar y ofrecer nuevas oportunidades de desarrollo a quienes m\u00e1s las necesitan, sin renunciar al orden, los l\u00edmites y la calidad del proceso educativo.<\/p>\n\n\n\n<p class=\"has-text-align-right wp-block-paragraph\"><strong>Redacci\u00f3n | Web del Maestro CMF<\/strong><\/p>\n\n\n\t\t<div class=\"pk-inline-posts\">\n\t\t\t\t\t\t\t<h5 class=\"pk-inline-posts-title pk-title pk-font-block\">\n\t\t\t\t\t\u00daltimas entradas\t\t\t\t<\/h5>\n\t\t\t\n\t\t\t<div class=\"pk-inline-posts-container pk-inline-posts-template-list\"\n\t\t\t\tdata-columns=\"1\">\n\t\t\t\t\t\t<article id=\"post-116697\" class=\"post-116697 post type-post status-publish format-standard has-post-thumbnail category-bienestar-docente category-pedagogia tag-calidad-educativa tag-crisis-docente tag-docentes tag-educacion-3 tag-estabilidad-laboral tag-formacion-docente-3 tag-gestion-educativa-3 tag-politicas-educativas-2 tag-sistema-educativo tag-vocacion-docente-2 cs-entry cs-video-wrap\">\n\t\t\t<div class=\"pk-post-outer\">\n\n\t\t\t\t\t\t\t\t<div class=\"pk-post-inner\">\n\t\t\t\t\t<div class=\"entry-thumbnail\">\n\t\t\t\t\t\t<div class=\"pk-overlay pk-overlay-ratio pk-ratio-landscape\">\n\t\t\t\t\t\t\t<div class=\"pk-overlay-background\">\n\t\t\t\t\t\t\t\t<a href=\"https:\/\/webdelmaestrocmf.com\/portal\/faltan-profesores-o-falta-voluntad-para-contratarlos-y-cuidarlos\/\" class=\"pk-overlay-link\">\n\t\t\t\t\t\t\t\t\t<img loading=\"lazy\" decoding=\"async\" width=\"300\" height=\"225\" src=\"https:\/\/webdelmaestrocmf.com\/portal\/wp-content\/uploads\/2026\/03\/1AA-Banner-1-portada-imagen-10-1-copia-9-1-300x225.webp\" class=\"attachment-pk-thumbnail size-pk-thumbnail wp-post-image\" alt=\"\" \/>\t\t\t\t\t\t\t\t<\/a>\n\t\t\t\t\t\t\t<\/div>\n\t\t\t\t\t\t<\/div>\n\t\t\t\t\t<\/div>\n\t\t\t\t<\/div>\n\t\t\t\t\n\t\t\t\t<div class=\"pk-post-inner\">\n\t\t\t\t\t<header>\n\t\t\t\t\t\t<h3 class=\"pk-title\"><a href=\"https:\/\/webdelmaestrocmf.com\/portal\/faltan-profesores-o-falta-voluntad-para-contratarlos-y-cuidarlos\/\" rel=\"bookmark\">\u00bfFaltan profesores o falta voluntad para contratarlos y cuidarlos?<\/a><\/h3>\t\t\t\t\t<\/header><!-- .entry-header -->\n\t\t\t\t<\/div><!-- .post-inner -->\n\n\t\t\t<\/div><!-- .post-outer -->\n\t\t<\/article>\n\t\t\t\t<\/div>\n\t\t<\/div>\n\t\t\n","protected":false},"excerpt":{"rendered":"La conducta disruptiva no siempre es solo un problema de disciplina. Comprender su origen, mantener l\u00edmites claros y fortalecer la alianza entre escuela y familia puede transformar el clima del aula.","protected":false},"author":1,"featured_media":120921,"comment_status":"open","ping_status":"closed","sticky":false,"template":"","format":"standard","meta":{"_jetpack_newsletter_access":"","_jetpack_dont_email_post_to_subs":false,"_jetpack_newsletter_tier_id":0,"_jetpack_memberships_contains_paywalled_content":false,"csco_display_header_overlay":false,"csco_singular_sidebar":"","csco_page_header_type":"","csco_page_load_nextpost":"","csco_post_video_location":[],"csco_post_video_location_hash":"","csco_post_video_url":"","csco_post_video_bg_start_time":0,"csco_post_video_bg_end_time":0,"csco_post_video_bg_volume":false,"_jetpack_feature_clip_id":0,"_jetpack_memberships_contains_paid_content":false,"footnotes":"","jetpack_post_was_ever_published":false},"categories":[19085,735],"tags":[2276,14753,18635,24938,58,23808,17058,18455,17620,25370],"class_list":["post-120909","post","type-post","status-publish","format-standard","has-post-thumbnail","category-bienestar-docente","category-pedagogia","tag-clima-escolar","tag-convivencia-escolar","tag-desarrollo-socioemocional","tag-disciplina-positiva-2","tag-docentes","tag-educacion-2","tag-estrategias-educativas","tag-formacion-docente-2","tag-gestion-del-aula","tag-liderazgo-docente","cs-entry","cs-video-wrap"],"yoast_head":"<!-- This site is optimized with the Yoast SEO plugin v28.4 - https:\/\/yoast.com\/product\/yoast-seo-wordpress\/ -->\n<title>\u00bfAlumnos dif\u00edciles o sistemas en crisis? Una mirada que invita a transformar la disciplina en oportunidades de aprendizaje - 2026<\/title>\n<meta name=\"description\" content=\"El especialista propone una reflexi\u00f3n dirigida a docentes y l\u00edderes educativos sobre el manejo de los alumnos con conductas disruptivas.\" \/>\n<meta name=\"robots\" content=\"index, follow, max-snippet:-1, max-image-preview:large, max-video-preview:-1\" \/>\n<link rel=\"canonical\" href=\"https:\/\/webdelmaestrocmf.com\/portal\/alumnos-dificiles-o-sistemas-en-crisis-una-mirada-que-invita-a-transformar-la-disciplina-en-oportunidades-de-aprendizaje\/\" \/>\n<meta property=\"og:locale\" content=\"es_ES\" \/>\n<meta property=\"og:type\" content=\"article\" \/>\n<meta property=\"og:title\" content=\"\u00bfAlumnos dif\u00edciles o sistemas en crisis? Una mirada que invita a transformar la disciplina en oportunidades de aprendizaje - 2026\" \/>\n<meta property=\"og:description\" content=\"El especialista propone una reflexi\u00f3n dirigida a docentes y l\u00edderes educativos sobre el manejo de los alumnos con conductas disruptivas.\" \/>\n<meta property=\"og:url\" content=\"https:\/\/webdelmaestrocmf.com\/portal\/alumnos-dificiles-o-sistemas-en-crisis-una-mirada-que-invita-a-transformar-la-disciplina-en-oportunidades-de-aprendizaje\/\" \/>\n<meta property=\"og:site_name\" content=\"Web del Maestro CMF\" \/>\n<meta property=\"article:publisher\" content=\"https:\/\/www.facebook.com\/WebdelMaestroCMF\/\" \/>\n<meta property=\"article:author\" content=\"https:\/\/www.facebook.com\/WebdelMaestroCMF\/\" \/>\n<meta property=\"article:published_time\" content=\"2026-07-13T02:17:28+00:00\" \/>\n<meta property=\"article:modified_time\" content=\"2026-07-13T15:33:14+00:00\" \/>\n<meta property=\"og:image\" content=\"https:\/\/webdelmaestrocmf.com\/portal\/wp-content\/uploads\/2026\/07\/1AA-Banner-1-portada-imagen-10-1-copia-6-1.webp\" \/>\n\t<meta property=\"og:image:width\" content=\"1200\" \/>\n\t<meta property=\"og:image:height\" content=\"675\" \/>\n\t<meta property=\"og:image:type\" content=\"image\/webp\" \/>\n<meta name=\"author\" content=\"Web del Maestro CMF\" \/>\n<meta name=\"twitter:card\" content=\"summary_large_image\" \/>\n<meta name=\"twitter:creator\" content=\"@cmf_w\" \/>\n<meta name=\"twitter:site\" content=\"@cmf_w\" \/>\n<script type=\"application\/ld+json\" class=\"yoast-schema-graph\">{\"@context\":\"https:\\\/\\\/schema.org\",\"@graph\":[{\"@type\":\"ScholarlyArticle\",\"@id\":\"https:\\\/\\\/webdelmaestrocmf.com\\\/portal\\\/alumnos-dificiles-o-sistemas-en-crisis-una-mirada-que-invita-a-transformar-la-disciplina-en-oportunidades-de-aprendizaje\\\/#article\",\"isPartOf\":{\"@id\":\"https:\\\/\\\/webdelmaestrocmf.com\\\/portal\\\/alumnos-dificiles-o-sistemas-en-crisis-una-mirada-que-invita-a-transformar-la-disciplina-en-oportunidades-de-aprendizaje\\\/\"},\"author\":{\"name\":\"Web del Maestro CMF\",\"@id\":\"https:\\\/\\\/webdelmaestrocmf.com\\\/portal\\\/#\\\/schema\\\/person\\\/1072a2ed7bd960df8ef99a551fa35dc5\"},\"headline\":\"\u00bfAlumnos dif\u00edciles o sistemas en crisis? Una mirada que invita a transformar la disciplina en oportunidades de aprendizaje\",\"datePublished\":\"2026-07-13T02:17:28+00:00\",\"dateModified\":\"2026-07-13T15:33:14+00:00\",\"mainEntityOfPage\":{\"@id\":\"https:\\\/\\\/webdelmaestrocmf.com\\\/portal\\\/alumnos-dificiles-o-sistemas-en-crisis-una-mirada-que-invita-a-transformar-la-disciplina-en-oportunidades-de-aprendizaje\\\/\"},\"wordCount\":1128,\"commentCount\":0,\"publisher\":{\"@id\":\"https:\\\/\\\/webdelmaestrocmf.com\\\/portal\\\/#organization\"},\"image\":{\"@id\":\"https:\\\/\\\/webdelmaestrocmf.com\\\/portal\\\/alumnos-dificiles-o-sistemas-en-crisis-una-mirada-que-invita-a-transformar-la-disciplina-en-oportunidades-de-aprendizaje\\\/#primaryimage\"},\"thumbnailUrl\":\"https:\\\/\\\/webdelmaestrocmf.com\\\/portal\\\/wp-content\\\/uploads\\\/2026\\\/07\\\/1AA-Banner-1-portada-imagen-10-1-copia-6-1.webp\",\"keywords\":[\"CLIMA ESCOLAR\",\"Convivencia Escolar\",\"desarrollo socioemocional\",\"disciplina positiva\",\"DOCENTES\",\"educaci\u00f3n\",\"Estrategias educativas\",\"Formaci\u00f3n docente\",\"gesti\u00f3n del aula\",\"liderazgo docente\"],\"articleSection\":[\"Bienestar docente\",\"Recursos\"],\"inLanguage\":\"es\",\"potentialAction\":[{\"@type\":\"CommentAction\",\"name\":\"Comment\",\"target\":[\"https:\\\/\\\/webdelmaestrocmf.com\\\/portal\\\/alumnos-dificiles-o-sistemas-en-crisis-una-mirada-que-invita-a-transformar-la-disciplina-en-oportunidades-de-aprendizaje\\\/#respond\"]}]},{\"@type\":\"WebPage\",\"@id\":\"https:\\\/\\\/webdelmaestrocmf.com\\\/portal\\\/alumnos-dificiles-o-sistemas-en-crisis-una-mirada-que-invita-a-transformar-la-disciplina-en-oportunidades-de-aprendizaje\\\/\",\"url\":\"https:\\\/\\\/webdelmaestrocmf.com\\\/portal\\\/alumnos-dificiles-o-sistemas-en-crisis-una-mirada-que-invita-a-transformar-la-disciplina-en-oportunidades-de-aprendizaje\\\/\",\"name\":\"\u00bfAlumnos dif\u00edciles o sistemas en crisis? Una mirada que invita a transformar la disciplina en oportunidades de aprendizaje - 2026\",\"isPartOf\":{\"@id\":\"https:\\\/\\\/webdelmaestrocmf.com\\\/portal\\\/#website\"},\"primaryImageOfPage\":{\"@id\":\"https:\\\/\\\/webdelmaestrocmf.com\\\/portal\\\/alumnos-dificiles-o-sistemas-en-crisis-una-mirada-que-invita-a-transformar-la-disciplina-en-oportunidades-de-aprendizaje\\\/#primaryimage\"},\"image\":{\"@id\":\"https:\\\/\\\/webdelmaestrocmf.com\\\/portal\\\/alumnos-dificiles-o-sistemas-en-crisis-una-mirada-que-invita-a-transformar-la-disciplina-en-oportunidades-de-aprendizaje\\\/#primaryimage\"},\"thumbnailUrl\":\"https:\\\/\\\/webdelmaestrocmf.com\\\/portal\\\/wp-content\\\/uploads\\\/2026\\\/07\\\/1AA-Banner-1-portada-imagen-10-1-copia-6-1.webp\",\"datePublished\":\"2026-07-13T02:17:28+00:00\",\"dateModified\":\"2026-07-13T15:33:14+00:00\",\"description\":\"El especialista propone una reflexi\u00f3n dirigida a docentes y l\u00edderes educativos sobre el manejo de los alumnos con conductas disruptivas.\",\"breadcrumb\":{\"@id\":\"https:\\\/\\\/webdelmaestrocmf.com\\\/portal\\\/alumnos-dificiles-o-sistemas-en-crisis-una-mirada-que-invita-a-transformar-la-disciplina-en-oportunidades-de-aprendizaje\\\/#breadcrumb\"},\"inLanguage\":\"es\",\"potentialAction\":[{\"@type\":\"ReadAction\",\"target\":[\"https:\\\/\\\/webdelmaestrocmf.com\\\/portal\\\/alumnos-dificiles-o-sistemas-en-crisis-una-mirada-que-invita-a-transformar-la-disciplina-en-oportunidades-de-aprendizaje\\\/\"]}]},{\"@type\":\"ImageObject\",\"inLanguage\":\"es\",\"@id\":\"https:\\\/\\\/webdelmaestrocmf.com\\\/portal\\\/alumnos-dificiles-o-sistemas-en-crisis-una-mirada-que-invita-a-transformar-la-disciplina-en-oportunidades-de-aprendizaje\\\/#primaryimage\",\"url\":\"https:\\\/\\\/webdelmaestrocmf.com\\\/portal\\\/wp-content\\\/uploads\\\/2026\\\/07\\\/1AA-Banner-1-portada-imagen-10-1-copia-6-1.webp\",\"contentUrl\":\"https:\\\/\\\/webdelmaestrocmf.com\\\/portal\\\/wp-content\\\/uploads\\\/2026\\\/07\\\/1AA-Banner-1-portada-imagen-10-1-copia-6-1.webp\",\"width\":1200,\"height\":675},{\"@type\":\"BreadcrumbList\",\"@id\":\"https:\\\/\\\/webdelmaestrocmf.com\\\/portal\\\/alumnos-dificiles-o-sistemas-en-crisis-una-mirada-que-invita-a-transformar-la-disciplina-en-oportunidades-de-aprendizaje\\\/#breadcrumb\",\"itemListElement\":[{\"@type\":\"ListItem\",\"position\":1,\"name\":\"Portada\",\"item\":\"https:\\\/\\\/webdelmaestrocmf.com\\\/portal\\\/\"},{\"@type\":\"ListItem\",\"position\":2,\"name\":\"Recursos\",\"item\":\"https:\\\/\\\/webdelmaestrocmf.com\\\/portal\\\/category\\\/pedagogia\\\/\"},{\"@type\":\"ListItem\",\"position\":3,\"name\":\"\u00bfAlumnos dif\u00edciles o sistemas en crisis? Una mirada que invita a transformar la disciplina en oportunidades de aprendizaje\"}]},{\"@type\":\"WebSite\",\"@id\":\"https:\\\/\\\/webdelmaestrocmf.com\\\/portal\\\/#website\",\"url\":\"https:\\\/\\\/webdelmaestrocmf.com\\\/portal\\\/\",\"name\":\"Web del Maestro CMF\",\"description\":\"Maestros al servicio de la educaci\u00f3n\",\"publisher\":{\"@id\":\"https:\\\/\\\/webdelmaestrocmf.com\\\/portal\\\/#organization\"},\"alternateName\":\"WMCMF\",\"potentialAction\":[{\"@type\":\"SearchAction\",\"target\":{\"@type\":\"EntryPoint\",\"urlTemplate\":\"https:\\\/\\\/webdelmaestrocmf.com\\\/portal\\\/?s={search_term_string}\"},\"query-input\":{\"@type\":\"PropertyValueSpecification\",\"valueRequired\":true,\"valueName\":\"search_term_string\"}}],\"inLanguage\":\"es\"},{\"@type\":\"Organization\",\"@id\":\"https:\\\/\\\/webdelmaestrocmf.com\\\/portal\\\/#organization\",\"name\":\"Web del Maestro CMF\",\"alternateName\":\"WMCMF\",\"url\":\"https:\\\/\\\/webdelmaestrocmf.com\\\/portal\\\/\",\"logo\":{\"@type\":\"ImageObject\",\"inLanguage\":\"es\",\"@id\":\"https:\\\/\\\/webdelmaestrocmf.com\\\/portal\\\/#\\\/schema\\\/logo\\\/image\\\/\",\"url\":\"https:\\\/\\\/webdelmaestrocmf.com\\\/portal\\\/wp-content\\\/uploads\\\/2023\\\/01\\\/logo-wmcmf-2.png\",\"contentUrl\":\"https:\\\/\\\/webdelmaestrocmf.com\\\/portal\\\/wp-content\\\/uploads\\\/2023\\\/01\\\/logo-wmcmf-2.png\",\"width\":200,\"height\":60,\"caption\":\"Web del Maestro CMF\"},\"image\":{\"@id\":\"https:\\\/\\\/webdelmaestrocmf.com\\\/portal\\\/#\\\/schema\\\/logo\\\/image\\\/\"},\"sameAs\":[\"https:\\\/\\\/www.facebook.com\\\/WebdelMaestroCMF\\\/\",\"https:\\\/\\\/x.com\\\/cmf_w\",\"https:\\\/\\\/www.pinterest.com\\\/WMCMF\\\/\",\"https:\\\/\\\/www.linkedin.com\\\/company\\\/web-del-maestro-cmf\\\/\",\"https:\\\/\\\/www.instagram.com\\\/wmcmf\\\/\",\"https:\\\/\\\/www.youtube.com\\\/channel\\\/UCDPSvjbdodE5sHnC3OxutHw\",\"https:\\\/\\\/mastodon.social\\\/@wmcmf\",\"https:\\\/\\\/www.tiktok.com\\\/@webdelmaestrocmf\"]},{\"@type\":\"Person\",\"@id\":\"https:\\\/\\\/webdelmaestrocmf.com\\\/portal\\\/#\\\/schema\\\/person\\\/1072a2ed7bd960df8ef99a551fa35dc5\",\"name\":\"Web del Maestro CMF\",\"image\":{\"@type\":\"ImageObject\",\"inLanguage\":\"es\",\"@id\":\"https:\\\/\\\/secure.gravatar.com\\\/avatar\\\/23291dd5b5ae1077dcff3dbb04c3e02bd28403fa75af6d8787d5e97c5bbbe30b?s=96&d=mm&r=g\",\"url\":\"https:\\\/\\\/secure.gravatar.com\\\/avatar\\\/23291dd5b5ae1077dcff3dbb04c3e02bd28403fa75af6d8787d5e97c5bbbe30b?s=96&d=mm&r=g\",\"contentUrl\":\"https:\\\/\\\/secure.gravatar.com\\\/avatar\\\/23291dd5b5ae1077dcff3dbb04c3e02bd28403fa75af6d8787d5e97c5bbbe30b?s=96&d=mm&r=g\",\"caption\":\"Web del Maestro CMF\"},\"description\":\"Esta Web se cre\u00f3 sin fines de lucro, con fines educativos, cient\u00edficos y acad\u00e9micos, para personas que tengan dificultades y\\\/o inconvenientes en visualizar el material original. El objetivo es entregar recursos, compartir experiencias y materiales que ayuden a los padres de familia, maestros y estudiantes en su actualizaci\u00f3n y formaci\u00f3n permanente, en bien de la Educaci\u00f3n.\",\"sameAs\":[\"http:\\\/\\\/webdelmaestrocmf.com\\\/portal\",\"https:\\\/\\\/www.facebook.com\\\/WebdelMaestroCMF\\\/\",\"https:\\\/\\\/www.instagram.com\\\/wmcmf\\\/\",\"https:\\\/\\\/cl.linkedin.com\\\/company\\\/web-del-maestro-cmf\",\"https:\\\/\\\/www.pinterest.com\\\/WMCMF\\\/publicaciones\\\/\",\"https:\\\/\\\/x.com\\\/cmf_w\",\"https:\\\/\\\/www.youtube.com\\\/@WMCMF\"]}]}<\/script>\n<!-- \/ Yoast SEO plugin. -->","yoast_head_json":{"title":"\u00bfAlumnos dif\u00edciles o sistemas en crisis? Una mirada que invita a transformar la disciplina en oportunidades de aprendizaje - 2026","description":"El especialista propone una reflexi\u00f3n dirigida a docentes y l\u00edderes educativos sobre el manejo de los alumnos con conductas disruptivas.","robots":{"index":"index","follow":"follow","max-snippet":"max-snippet:-1","max-image-preview":"max-image-preview:large","max-video-preview":"max-video-preview:-1"},"canonical":"https:\/\/webdelmaestrocmf.com\/portal\/alumnos-dificiles-o-sistemas-en-crisis-una-mirada-que-invita-a-transformar-la-disciplina-en-oportunidades-de-aprendizaje\/","og_locale":"es_ES","og_type":"article","og_title":"\u00bfAlumnos dif\u00edciles o sistemas en crisis? Una mirada que invita a transformar la disciplina en oportunidades de aprendizaje - 2026","og_description":"El especialista propone una reflexi\u00f3n dirigida a docentes y l\u00edderes educativos sobre el manejo de los alumnos con conductas disruptivas.","og_url":"https:\/\/webdelmaestrocmf.com\/portal\/alumnos-dificiles-o-sistemas-en-crisis-una-mirada-que-invita-a-transformar-la-disciplina-en-oportunidades-de-aprendizaje\/","og_site_name":"Web del Maestro CMF","article_publisher":"https:\/\/www.facebook.com\/WebdelMaestroCMF\/","article_author":"https:\/\/www.facebook.com\/WebdelMaestroCMF\/","article_published_time":"2026-07-13T02:17:28+00:00","article_modified_time":"2026-07-13T15:33:14+00:00","og_image":[{"width":1200,"height":675,"url":"https:\/\/webdelmaestrocmf.com\/portal\/wp-content\/uploads\/2026\/07\/1AA-Banner-1-portada-imagen-10-1-copia-6-1.webp","type":"image\/webp"}],"author":"Web del Maestro CMF","twitter_card":"summary_large_image","twitter_creator":"@cmf_w","twitter_site":"@cmf_w","schema":{"@context":"https:\/\/schema.org","@graph":[{"@type":"ScholarlyArticle","@id":"https:\/\/webdelmaestrocmf.com\/portal\/alumnos-dificiles-o-sistemas-en-crisis-una-mirada-que-invita-a-transformar-la-disciplina-en-oportunidades-de-aprendizaje\/#article","isPartOf":{"@id":"https:\/\/webdelmaestrocmf.com\/portal\/alumnos-dificiles-o-sistemas-en-crisis-una-mirada-que-invita-a-transformar-la-disciplina-en-oportunidades-de-aprendizaje\/"},"author":{"name":"Web del Maestro CMF","@id":"https:\/\/webdelmaestrocmf.com\/portal\/#\/schema\/person\/1072a2ed7bd960df8ef99a551fa35dc5"},"headline":"\u00bfAlumnos dif\u00edciles o sistemas en crisis? Una mirada que invita a transformar la disciplina en oportunidades de aprendizaje","datePublished":"2026-07-13T02:17:28+00:00","dateModified":"2026-07-13T15:33:14+00:00","mainEntityOfPage":{"@id":"https:\/\/webdelmaestrocmf.com\/portal\/alumnos-dificiles-o-sistemas-en-crisis-una-mirada-que-invita-a-transformar-la-disciplina-en-oportunidades-de-aprendizaje\/"},"wordCount":1128,"commentCount":0,"publisher":{"@id":"https:\/\/webdelmaestrocmf.com\/portal\/#organization"},"image":{"@id":"https:\/\/webdelmaestrocmf.com\/portal\/alumnos-dificiles-o-sistemas-en-crisis-una-mirada-que-invita-a-transformar-la-disciplina-en-oportunidades-de-aprendizaje\/#primaryimage"},"thumbnailUrl":"https:\/\/webdelmaestrocmf.com\/portal\/wp-content\/uploads\/2026\/07\/1AA-Banner-1-portada-imagen-10-1-copia-6-1.webp","keywords":["CLIMA ESCOLAR","Convivencia Escolar","desarrollo socioemocional","disciplina positiva","DOCENTES","educaci\u00f3n","Estrategias educativas","Formaci\u00f3n docente","gesti\u00f3n del aula","liderazgo docente"],"articleSection":["Bienestar docente","Recursos"],"inLanguage":"es","potentialAction":[{"@type":"CommentAction","name":"Comment","target":["https:\/\/webdelmaestrocmf.com\/portal\/alumnos-dificiles-o-sistemas-en-crisis-una-mirada-que-invita-a-transformar-la-disciplina-en-oportunidades-de-aprendizaje\/#respond"]}]},{"@type":"WebPage","@id":"https:\/\/webdelmaestrocmf.com\/portal\/alumnos-dificiles-o-sistemas-en-crisis-una-mirada-que-invita-a-transformar-la-disciplina-en-oportunidades-de-aprendizaje\/","url":"https:\/\/webdelmaestrocmf.com\/portal\/alumnos-dificiles-o-sistemas-en-crisis-una-mirada-que-invita-a-transformar-la-disciplina-en-oportunidades-de-aprendizaje\/","name":"\u00bfAlumnos dif\u00edciles o sistemas en crisis? Una mirada que invita a transformar la disciplina en oportunidades de aprendizaje - 2026","isPartOf":{"@id":"https:\/\/webdelmaestrocmf.com\/portal\/#website"},"primaryImageOfPage":{"@id":"https:\/\/webdelmaestrocmf.com\/portal\/alumnos-dificiles-o-sistemas-en-crisis-una-mirada-que-invita-a-transformar-la-disciplina-en-oportunidades-de-aprendizaje\/#primaryimage"},"image":{"@id":"https:\/\/webdelmaestrocmf.com\/portal\/alumnos-dificiles-o-sistemas-en-crisis-una-mirada-que-invita-a-transformar-la-disciplina-en-oportunidades-de-aprendizaje\/#primaryimage"},"thumbnailUrl":"https:\/\/webdelmaestrocmf.com\/portal\/wp-content\/uploads\/2026\/07\/1AA-Banner-1-portada-imagen-10-1-copia-6-1.webp","datePublished":"2026-07-13T02:17:28+00:00","dateModified":"2026-07-13T15:33:14+00:00","description":"El especialista propone una reflexi\u00f3n dirigida a docentes y l\u00edderes educativos sobre el manejo de los alumnos con conductas disruptivas.","breadcrumb":{"@id":"https:\/\/webdelmaestrocmf.com\/portal\/alumnos-dificiles-o-sistemas-en-crisis-una-mirada-que-invita-a-transformar-la-disciplina-en-oportunidades-de-aprendizaje\/#breadcrumb"},"inLanguage":"es","potentialAction":[{"@type":"ReadAction","target":["https:\/\/webdelmaestrocmf.com\/portal\/alumnos-dificiles-o-sistemas-en-crisis-una-mirada-que-invita-a-transformar-la-disciplina-en-oportunidades-de-aprendizaje\/"]}]},{"@type":"ImageObject","inLanguage":"es","@id":"https:\/\/webdelmaestrocmf.com\/portal\/alumnos-dificiles-o-sistemas-en-crisis-una-mirada-que-invita-a-transformar-la-disciplina-en-oportunidades-de-aprendizaje\/#primaryimage","url":"https:\/\/webdelmaestrocmf.com\/portal\/wp-content\/uploads\/2026\/07\/1AA-Banner-1-portada-imagen-10-1-copia-6-1.webp","contentUrl":"https:\/\/webdelmaestrocmf.com\/portal\/wp-content\/uploads\/2026\/07\/1AA-Banner-1-portada-imagen-10-1-copia-6-1.webp","width":1200,"height":675},{"@type":"BreadcrumbList","@id":"https:\/\/webdelmaestrocmf.com\/portal\/alumnos-dificiles-o-sistemas-en-crisis-una-mirada-que-invita-a-transformar-la-disciplina-en-oportunidades-de-aprendizaje\/#breadcrumb","itemListElement":[{"@type":"ListItem","position":1,"name":"Portada","item":"https:\/\/webdelmaestrocmf.com\/portal\/"},{"@type":"ListItem","position":2,"name":"Recursos","item":"https:\/\/webdelmaestrocmf.com\/portal\/category\/pedagogia\/"},{"@type":"ListItem","position":3,"name":"\u00bfAlumnos dif\u00edciles o sistemas en crisis? Una mirada que invita a transformar la disciplina en oportunidades de aprendizaje"}]},{"@type":"WebSite","@id":"https:\/\/webdelmaestrocmf.com\/portal\/#website","url":"https:\/\/webdelmaestrocmf.com\/portal\/","name":"Web del Maestro CMF","description":"Maestros al servicio de la educaci\u00f3n","publisher":{"@id":"https:\/\/webdelmaestrocmf.com\/portal\/#organization"},"alternateName":"WMCMF","potentialAction":[{"@type":"SearchAction","target":{"@type":"EntryPoint","urlTemplate":"https:\/\/webdelmaestrocmf.com\/portal\/?s={search_term_string}"},"query-input":{"@type":"PropertyValueSpecification","valueRequired":true,"valueName":"search_term_string"}}],"inLanguage":"es"},{"@type":"Organization","@id":"https:\/\/webdelmaestrocmf.com\/portal\/#organization","name":"Web del Maestro CMF","alternateName":"WMCMF","url":"https:\/\/webdelmaestrocmf.com\/portal\/","logo":{"@type":"ImageObject","inLanguage":"es","@id":"https:\/\/webdelmaestrocmf.com\/portal\/#\/schema\/logo\/image\/","url":"https:\/\/webdelmaestrocmf.com\/portal\/wp-content\/uploads\/2023\/01\/logo-wmcmf-2.png","contentUrl":"https:\/\/webdelmaestrocmf.com\/portal\/wp-content\/uploads\/2023\/01\/logo-wmcmf-2.png","width":200,"height":60,"caption":"Web del Maestro CMF"},"image":{"@id":"https:\/\/webdelmaestrocmf.com\/portal\/#\/schema\/logo\/image\/"},"sameAs":["https:\/\/www.facebook.com\/WebdelMaestroCMF\/","https:\/\/x.com\/cmf_w","https:\/\/www.pinterest.com\/WMCMF\/","https:\/\/www.linkedin.com\/company\/web-del-maestro-cmf\/","https:\/\/www.instagram.com\/wmcmf\/","https:\/\/www.youtube.com\/channel\/UCDPSvjbdodE5sHnC3OxutHw","https:\/\/mastodon.social\/@wmcmf","https:\/\/www.tiktok.com\/@webdelmaestrocmf"]},{"@type":"Person","@id":"https:\/\/webdelmaestrocmf.com\/portal\/#\/schema\/person\/1072a2ed7bd960df8ef99a551fa35dc5","name":"Web del Maestro CMF","image":{"@type":"ImageObject","inLanguage":"es","@id":"https:\/\/secure.gravatar.com\/avatar\/23291dd5b5ae1077dcff3dbb04c3e02bd28403fa75af6d8787d5e97c5bbbe30b?s=96&d=mm&r=g","url":"https:\/\/secure.gravatar.com\/avatar\/23291dd5b5ae1077dcff3dbb04c3e02bd28403fa75af6d8787d5e97c5bbbe30b?s=96&d=mm&r=g","contentUrl":"https:\/\/secure.gravatar.com\/avatar\/23291dd5b5ae1077dcff3dbb04c3e02bd28403fa75af6d8787d5e97c5bbbe30b?s=96&d=mm&r=g","caption":"Web del Maestro CMF"},"description":"Esta Web se cre\u00f3 sin fines de lucro, con fines educativos, cient\u00edficos y acad\u00e9micos, para personas que tengan dificultades y\/o inconvenientes en visualizar el material original. El objetivo es entregar recursos, compartir experiencias y materiales que ayuden a los padres de familia, maestros y estudiantes en su actualizaci\u00f3n y formaci\u00f3n permanente, en bien de la Educaci\u00f3n.","sameAs":["http:\/\/webdelmaestrocmf.com\/portal","https:\/\/www.facebook.com\/WebdelMaestroCMF\/","https:\/\/www.instagram.com\/wmcmf\/","https:\/\/cl.linkedin.com\/company\/web-del-maestro-cmf","https:\/\/www.pinterest.com\/WMCMF\/publicaciones\/","https:\/\/x.com\/cmf_w","https:\/\/www.youtube.com\/@WMCMF"]}]}},"jetpack_sharing_enabled":true,"jetpack-related-posts":[{"id":119865,"url":"https:\/\/webdelmaestrocmf.com\/portal\/es-justo-castigar-a-toda-una-clase-por-la-conducta-de-unos-pocos-estudiantes\/","url_meta":{"origin":120909,"position":0},"title":"\u00bfEs justo castigar a toda una clase por la conducta de unos pocos estudiantes?","author":"Web del Maestro CMF","date":"3 junio, 2026","format":false,"excerpt":"La sanci\u00f3n colectiva aplicada por un profesor a toda una clase desat\u00f3 un debate sobre disciplina, justicia y convivencia escolar. \u00bfEs correcto castigar a estudiantes responsables por las acciones de unos pocos?","rel":"","context":"En \u00abNoticias Internacionales\u00bb","block_context":{"text":"Noticias Internacionales","link":"https:\/\/webdelmaestrocmf.com\/portal\/category\/noticias-internacionales\/"},"img":{"alt_text":"","src":"https:\/\/i0.wp.com\/webdelmaestrocmf.com\/portal\/wp-content\/uploads\/2026\/06\/1AA-Banner-1-portada-imagen-10-1-copia.webp?resize=350%2C200&ssl=1","width":350,"height":200,"srcset":"https:\/\/i0.wp.com\/webdelmaestrocmf.com\/portal\/wp-content\/uploads\/2026\/06\/1AA-Banner-1-portada-imagen-10-1-copia.webp?resize=350%2C200&ssl=1 1x, https:\/\/i0.wp.com\/webdelmaestrocmf.com\/portal\/wp-content\/uploads\/2026\/06\/1AA-Banner-1-portada-imagen-10-1-copia.webp?resize=525%2C300&ssl=1 1.5x, https:\/\/i0.wp.com\/webdelmaestrocmf.com\/portal\/wp-content\/uploads\/2026\/06\/1AA-Banner-1-portada-imagen-10-1-copia.webp?resize=700%2C400&ssl=1 2x, https:\/\/i0.wp.com\/webdelmaestrocmf.com\/portal\/wp-content\/uploads\/2026\/06\/1AA-Banner-1-portada-imagen-10-1-copia.webp?resize=1050%2C600&ssl=1 3x"},"classes":[]},{"id":116734,"url":"https:\/\/webdelmaestrocmf.com\/portal\/detienen-a-una-profesora-por-cortar-el-cabello-de-un-alumno-a-la-fuerza-y-sera-juzgada-por-seis-delitos\/","url_meta":{"origin":120909,"position":1},"title":"Detienen a una profesora por cortar el cabello de un alumno a la fuerza y ser\u00e1 juzgada por seis delitos","author":"Web del Maestro CMF","date":"21 marzo, 2026","format":false,"excerpt":"Docente corta el cabello a un alumno por la fuerza, generando miedo y vulnerando derechos. El caso evidencia l\u00edmites \u00e9ticos, necesidad de apoyo emocional docente y urgencia de fortalecer protocolos escolares.","rel":"","context":"En \u00abNoticias Internacionales\u00bb","block_context":{"text":"Noticias Internacionales","link":"https:\/\/webdelmaestrocmf.com\/portal\/category\/noticias-internacionales\/"},"img":{"alt_text":"","src":"https:\/\/i0.wp.com\/webdelmaestrocmf.com\/portal\/wp-content\/uploads\/2026\/03\/1AA-Banner-1-portada-imagen-10-1-copia-15.webp?resize=350%2C200&ssl=1","width":350,"height":200,"srcset":"https:\/\/i0.wp.com\/webdelmaestrocmf.com\/portal\/wp-content\/uploads\/2026\/03\/1AA-Banner-1-portada-imagen-10-1-copia-15.webp?resize=350%2C200&ssl=1 1x, https:\/\/i0.wp.com\/webdelmaestrocmf.com\/portal\/wp-content\/uploads\/2026\/03\/1AA-Banner-1-portada-imagen-10-1-copia-15.webp?resize=525%2C300&ssl=1 1.5x, https:\/\/i0.wp.com\/webdelmaestrocmf.com\/portal\/wp-content\/uploads\/2026\/03\/1AA-Banner-1-portada-imagen-10-1-copia-15.webp?resize=700%2C400&ssl=1 2x, https:\/\/i0.wp.com\/webdelmaestrocmf.com\/portal\/wp-content\/uploads\/2026\/03\/1AA-Banner-1-portada-imagen-10-1-copia-15.webp?resize=1050%2C600&ssl=1 3x"},"classes":[]},{"id":109281,"url":"https:\/\/webdelmaestrocmf.com\/portal\/como-afectan-las-conductas-disruptivas-de-los-alumnos-a-los-docentes-descarga-la-guia-pdf\/","url_meta":{"origin":120909,"position":2},"title":"C\u00f3mo afectan las conductas disruptivas de los alumnos a los docentes: una realidad que desgasta, desmotiva y limita seriamente la calidad del proceso educativo","author":"Web del Maestro CMF","date":"30 octubre, 2025","format":false,"excerpt":"Las conductas disruptivas afectan gravemente a los docentes, generando estr\u00e9s, desgaste emocional y deterioro del clima de aula, lo que impacta la calidad educativa y debilita el proceso de ense\u00f1anza-aprendizaje.","rel":"","context":"En \u00abConductas disruptivas\u00bb","block_context":{"text":"Conductas disruptivas","link":"https:\/\/webdelmaestrocmf.com\/portal\/category\/pedagogia\/conductas-disruptivas\/"},"img":{"alt_text":"","src":"https:\/\/i0.wp.com\/webdelmaestrocmf.com\/portal\/wp-content\/uploads\/2025\/06\/1A-Banner-1-portada-imagen-10-1-25.jpg?resize=350%2C200&ssl=1","width":350,"height":200,"srcset":"https:\/\/i0.wp.com\/webdelmaestrocmf.com\/portal\/wp-content\/uploads\/2025\/06\/1A-Banner-1-portada-imagen-10-1-25.jpg?resize=350%2C200&ssl=1 1x, https:\/\/i0.wp.com\/webdelmaestrocmf.com\/portal\/wp-content\/uploads\/2025\/06\/1A-Banner-1-portada-imagen-10-1-25.jpg?resize=525%2C300&ssl=1 1.5x, https:\/\/i0.wp.com\/webdelmaestrocmf.com\/portal\/wp-content\/uploads\/2025\/06\/1A-Banner-1-portada-imagen-10-1-25.jpg?resize=700%2C400&ssl=1 2x"},"classes":[]},{"id":114911,"url":"https:\/\/webdelmaestrocmf.com\/portal\/descarga-el-reporte-de-disciplina-y-el-reporte-de-incidencias-herramientas-pedagogicas-para-el-acompanamiento-formativo\/","url_meta":{"origin":120909,"position":3},"title":"Descarga el Reporte de disciplina y el reporte de incidencias: herramientas pedag\u00f3gicas para el acompa\u00f1amiento formativo","author":"Web del Maestro CMF","date":"7 abril, 2026","format":false,"excerpt":"Herramientas pedag\u00f3gicas que registran conductas, fortalecen la corresponsabilidad escuela-familia, orientan la evaluaci\u00f3n integral y promueven convivencia responsable en contextos educativos.","rel":"","context":"En \u00abDescargas Manuales PDF\u00bb","block_context":{"text":"Descargas Manuales PDF","link":"https:\/\/webdelmaestrocmf.com\/portal\/category\/pedagogia\/descargas-manuales-pdf\/"},"img":{"alt_text":"","src":"https:\/\/i0.wp.com\/webdelmaestrocmf.com\/portal\/wp-content\/uploads\/2026\/01\/1A-Banner-1-portada-imagen-10-1-copia-2-9.webp?resize=350%2C200&ssl=1","width":350,"height":200,"srcset":"https:\/\/i0.wp.com\/webdelmaestrocmf.com\/portal\/wp-content\/uploads\/2026\/01\/1A-Banner-1-portada-imagen-10-1-copia-2-9.webp?resize=350%2C200&ssl=1 1x, https:\/\/i0.wp.com\/webdelmaestrocmf.com\/portal\/wp-content\/uploads\/2026\/01\/1A-Banner-1-portada-imagen-10-1-copia-2-9.webp?resize=525%2C300&ssl=1 1.5x, https:\/\/i0.wp.com\/webdelmaestrocmf.com\/portal\/wp-content\/uploads\/2026\/01\/1A-Banner-1-portada-imagen-10-1-copia-2-9.webp?resize=700%2C400&ssl=1 2x"},"classes":[]},{"id":120103,"url":"https:\/\/webdelmaestrocmf.com\/portal\/profesora-cuestiona-a-madre-de-familia-por-insultos-a-docentes-delante-de-su-hija\/","url_meta":{"origin":120909,"position":4},"title":"Profesora cuestiona a madre de familia por insultos a docentes delante de su hija","author":"Web del Maestro CMF","date":"14 junio, 2026","format":false,"excerpt":"Profesora denunci\u00f3 insultos y amenazas de una madre hacia docentes delante de su hija. El conflicto comenz\u00f3 cuando maestros intentaban proteger a una estudiante por la mala influencia de otra compa\u00f1era.","rel":"","context":"En \u00abNoticias Internacionales\u00bb","block_context":{"text":"Noticias Internacionales","link":"https:\/\/webdelmaestrocmf.com\/portal\/category\/noticias-internacionales\/"},"img":{"alt_text":"","src":"https:\/\/i0.wp.com\/webdelmaestrocmf.com\/portal\/wp-content\/uploads\/2026\/04\/1AA-Banner-1-portada-imagen-10-1-copia-24-1.webp?resize=350%2C200&ssl=1","width":350,"height":200,"srcset":"https:\/\/i0.wp.com\/webdelmaestrocmf.com\/portal\/wp-content\/uploads\/2026\/04\/1AA-Banner-1-portada-imagen-10-1-copia-24-1.webp?resize=350%2C200&ssl=1 1x, https:\/\/i0.wp.com\/webdelmaestrocmf.com\/portal\/wp-content\/uploads\/2026\/04\/1AA-Banner-1-portada-imagen-10-1-copia-24-1.webp?resize=525%2C300&ssl=1 1.5x, https:\/\/i0.wp.com\/webdelmaestrocmf.com\/portal\/wp-content\/uploads\/2026\/04\/1AA-Banner-1-portada-imagen-10-1-copia-24-1.webp?resize=700%2C400&ssl=1 2x, https:\/\/i0.wp.com\/webdelmaestrocmf.com\/portal\/wp-content\/uploads\/2026\/04\/1AA-Banner-1-portada-imagen-10-1-copia-24-1.webp?resize=1050%2C600&ssl=1 3x"},"classes":[]},{"id":119319,"url":"https:\/\/webdelmaestrocmf.com\/portal\/directora-pone-en-jaque-a-los-alumnos-de-un-salon-si-ustedes-creen-que-yo-soy-una-bruja-perfecto-pero-no-conocen-lo-peor-de-mi\/","url_meta":{"origin":120909,"position":5},"title":"Directora pone en jaque a los alumnos de un sal\u00f3n: \u201cSi ustedes creen que yo soy una bruja, perfecto, pero no conocen lo peor de m\u00ed\u00bb","author":"Web del Maestro CMF","date":"17 mayo, 2026","format":false,"excerpt":"La directora defendi\u00f3 a los docentes frente a conductas disruptivas, reabriendo el debate sobre autoridad escolar, convivencia y el impacto que la indisciplina puede generar en el clima y aprendizaje escolar.","rel":"","context":"En \u00abNoticias Internacionales\u00bb","block_context":{"text":"Noticias Internacionales","link":"https:\/\/webdelmaestrocmf.com\/portal\/category\/noticias-internacionales\/"},"img":{"alt_text":"","src":"https:\/\/i0.wp.com\/webdelmaestrocmf.com\/portal\/wp-content\/uploads\/2026\/05\/1AA-Banner-1-portada-imagen-10-1-copia-9-1.webp?resize=350%2C200&ssl=1","width":350,"height":200,"srcset":"https:\/\/i0.wp.com\/webdelmaestrocmf.com\/portal\/wp-content\/uploads\/2026\/05\/1AA-Banner-1-portada-imagen-10-1-copia-9-1.webp?resize=350%2C200&ssl=1 1x, https:\/\/i0.wp.com\/webdelmaestrocmf.com\/portal\/wp-content\/uploads\/2026\/05\/1AA-Banner-1-portada-imagen-10-1-copia-9-1.webp?resize=525%2C300&ssl=1 1.5x, https:\/\/i0.wp.com\/webdelmaestrocmf.com\/portal\/wp-content\/uploads\/2026\/05\/1AA-Banner-1-portada-imagen-10-1-copia-9-1.webp?resize=700%2C400&ssl=1 2x, https:\/\/i0.wp.com\/webdelmaestrocmf.com\/portal\/wp-content\/uploads\/2026\/05\/1AA-Banner-1-portada-imagen-10-1-copia-9-1.webp?resize=1050%2C600&ssl=1 3x"},"classes":[]}],"jetpack_featured_media_url":"https:\/\/webdelmaestrocmf.com\/portal\/wp-content\/uploads\/2026\/07\/1AA-Banner-1-portada-imagen-10-1-copia-6-1.webp","_links":{"self":[{"href":"https:\/\/webdelmaestrocmf.com\/portal\/wp-json\/wp\/v2\/posts\/120909","targetHints":{"allow":["GET"]}}],"collection":[{"href":"https:\/\/webdelmaestrocmf.com\/portal\/wp-json\/wp\/v2\/posts"}],"about":[{"href":"https:\/\/webdelmaestrocmf.com\/portal\/wp-json\/wp\/v2\/types\/post"}],"author":[{"embeddable":true,"href":"https:\/\/webdelmaestrocmf.com\/portal\/wp-json\/wp\/v2\/users\/1"}],"replies":[{"embeddable":true,"href":"https:\/\/webdelmaestrocmf.com\/portal\/wp-json\/wp\/v2\/comments?post=120909"}],"version-history":[{"count":1,"href":"https:\/\/webdelmaestrocmf.com\/portal\/wp-json\/wp\/v2\/posts\/120909\/revisions"}],"predecessor-version":[{"id":120911,"href":"https:\/\/webdelmaestrocmf.com\/portal\/wp-json\/wp\/v2\/posts\/120909\/revisions\/120911"}],"wp:featuredmedia":[{"embeddable":true,"href":"https:\/\/webdelmaestrocmf.com\/portal\/wp-json\/wp\/v2\/media\/120921"}],"wp:attachment":[{"href":"https:\/\/webdelmaestrocmf.com\/portal\/wp-json\/wp\/v2\/media?parent=120909"}],"wp:term":[{"taxonomy":"category","embeddable":true,"href":"https:\/\/webdelmaestrocmf.com\/portal\/wp-json\/wp\/v2\/categories?post=120909"},{"taxonomy":"post_tag","embeddable":true,"href":"https:\/\/webdelmaestrocmf.com\/portal\/wp-json\/wp\/v2\/tags?post=120909"}],"curies":[{"name":"wp","href":"https:\/\/api.w.org\/{rel}","templated":true}]}}