{"id":120900,"date":"2026-07-12T21:11:18","date_gmt":"2026-07-13T01:11:18","guid":{"rendered":"https:\/\/webdelmaestrocmf.com\/portal\/?p=120900"},"modified":"2026-07-13T10:10:22","modified_gmt":"2026-07-13T14:10:22","slug":"sacerdote-cuestiona-el-papel-de-las-familias-en-la-formacion-de-los-hijos-y-defiende-la-labor-de-los-docentes","status":"publish","type":"post","link":"https:\/\/webdelmaestrocmf.com\/portal\/sacerdote-cuestiona-el-papel-de-las-familias-en-la-formacion-de-los-hijos-y-defiende-la-labor-de-los-docentes\/","title":{"rendered":"Sacerdote cuestiona el papel de las familias en la formaci\u00f3n de los hijos y defiende la labor de los docentes"},"content":{"rendered":"\n<p class=\"wp-block-paragraph\">Durante una homil\u00eda difundida en redes sociales, el sacerdote <strong>Arturo Cornejo<\/strong>, de <strong>M\u00e9xico<\/strong>, expres\u00f3 una contundente reflexi\u00f3n sobre la educaci\u00f3n de los ni\u00f1os y j\u00f3venes, centrando su mensaje en la <strong>responsabilidad que tienen las familias en la formaci\u00f3n de h\u00e1bitos, valores y normas de convivencia<\/strong>. Sus declaraciones reavivaron el debate sobre los l\u00edmites entre la educaci\u00f3n que corresponde al hogar y la ense\u00f1anza que brindan las instituciones educativas.<\/p>\n\n\n\n<h2 class=\"wp-block-heading\"><strong>La escuela ense\u00f1a conocimientos, la familia forma personas<\/strong><\/h2>\n\n\n\n<p class=\"wp-block-paragraph\">En su intervenci\u00f3n, el sacerdote sostuvo que <strong>la funci\u00f3n principal del docente es ense\u00f1ar contenidos acad\u00e9micos<\/strong>, mientras que la educaci\u00f3n relacionada con el comportamiento, la higiene, el respeto y las normas b\u00e1sicas de convivencia debe comenzar en el hogar.<\/p>\n\n\n\n<blockquote class=\"wp-block-quote has-text-align-center is-layout-flow wp-block-quote-is-layout-flow\">\n<p class=\"has-text-align-center wp-block-paragraph\">\u00abUn maestro le paga el gobierno para que le ense\u00f1e a tu hijo a leer, para que le ense\u00f1e a tu hijo a dividir, a sumar, a restar. Pero no va a venir el maestro a educar a su hijo c\u00f3mo vestirse, ba\u00f1arse, limpiarse, contestar, c\u00f3mo saludar.\u00bb<\/p>\n<\/blockquote>\n\n\n\n<p class=\"wp-block-paragraph\">A partir de esa idea, enfatiz\u00f3 que <strong>no es razonable trasladar completamente a la escuela responsabilidades que corresponden a la familia<\/strong>, ya que ello dificulta el trabajo docente y afecta el proceso de aprendizaje de todos los estudiantes.<\/p>\n\n\n\n<figure class=\"wp-block-embed is-type-video is-provider-youtube wp-block-embed-youtube wp-embed-aspect-9-16 wp-has-aspect-ratio\"><div class=\"wp-block-embed__wrapper\">\n<iframe loading=\"lazy\" title=\"Sacerdote cuestiona el papel de las familias en la formaci\u00f3n de los hijos y defiende a los docentes\" width=\"563\" height=\"1000\" src=\"https:\/\/www.youtube.com\/embed\/l-AY1HN_6rA?feature=oembed\" frameborder=\"0\" allow=\"accelerometer; autoplay; clipboard-write; encrypted-media; gyroscope; picture-in-picture; web-share\" referrerpolicy=\"strict-origin-when-cross-origin\" allowfullscreen><\/iframe>\n<\/div><\/figure>\n\n\n\n<h2 class=\"wp-block-heading\"><strong>Preocupaci\u00f3n por las habilidades b\u00e1sicas de algunos estudiantes<\/strong><\/h2>\n\n\n\n<p class=\"wp-block-paragraph\">Otro de los aspectos que llam\u00f3 la atenci\u00f3n fue su preocupaci\u00f3n por las <strong>deficiencias que, seg\u00fan relat\u00f3, observ\u00f3 incluso en estudiantes universitarios<\/strong>. El sacerdote se\u00f1al\u00f3 que existen j\u00f3venes con formaci\u00f3n superior que presentan dificultades para realizar una lectura fluida o interpretar correctamente los signos de puntuaci\u00f3n.<\/p>\n\n\n\n<blockquote class=\"wp-block-quote has-text-align-center is-layout-flow wp-block-quote-is-layout-flow\">\n<p class=\"has-text-align-center wp-block-paragraph\">\u00abVan en la universidad y est\u00e1n sacando el doctorado, y no saben ni leer una lectura, ni saben lo que es una coma, un punto y aparte, tres puntos, puntos suspensivos.\u00bb<\/p>\n<\/blockquote>\n\n\n\n<p class=\"wp-block-paragraph\">Sus palabras plantean una reflexi\u00f3n sobre <strong>la importancia de fortalecer la comprensi\u00f3n lectora desde los primeros a\u00f1os de escolaridad<\/strong>, as\u00ed como el acompa\u00f1amiento permanente de las familias durante el desarrollo acad\u00e9mico de sus hijos.<\/p>\n\n\n\n<h2 class=\"wp-block-heading\"><strong>Los h\u00e1bitos cotidianos tambi\u00e9n forman parte de la educaci\u00f3n<\/strong><\/h2>\n\n\n\n<p class=\"wp-block-paragraph\">Durante su mensaje, Arturo Cornejo tambi\u00e9n cuestion\u00f3 algunas conductas que, a su juicio, evidencian <strong>carencias en la formaci\u00f3n de h\u00e1bitos de respeto y convivencia<\/strong>. Mencion\u00f3 ejemplos relacionados con la manera de comportarse en espacios p\u00fablicos, la cortes\u00eda y las normas b\u00e1sicas de urbanidad.<\/p>\n\n\n\n<p class=\"wp-block-paragraph\">En ese contexto, sostuvo que <strong>la educaci\u00f3n no se limita a obtener t\u00edtulos o avanzar de grado<\/strong>, sino que tambi\u00e9n implica desarrollar habilidades sociales, buenos modales y actitudes que favorezcan la convivencia con los dem\u00e1s.<\/p>\n\n\n\n<h2 class=\"wp-block-heading\"><strong>Un debate permanente entre familia y escuela<\/strong><\/h2>\n\n\n\n<p class=\"wp-block-paragraph\">Las declaraciones del sacerdote han generado opiniones diversas. Mientras algunos consideran que <strong>la familia debe asumir un papel mucho m\u00e1s activo en la formaci\u00f3n integral de los hijos<\/strong>, otros recuerdan que la educaci\u00f3n es una tarea compartida entre padres, docentes y sociedad.<\/p>\n\n\n\n<blockquote class=\"wp-block-quote has-text-align-center is-layout-flow wp-block-quote-is-layout-flow\">\n<p class=\"has-text-align-center wp-block-paragraph\">\u00abLos pap\u00e1s muy desentendidos.\u00bb<\/p>\n<\/blockquote>\n\n\n\n<p class=\"wp-block-paragraph\">M\u00e1s all\u00e1 del tono utilizado durante la homil\u00eda, el mensaje vuelve a poner sobre la mesa un tema recurrente en el \u00e1mbito educativo:<\/p>\n\n\n\n<ul class=\"wp-block-list\">\n<li>La necesidad de fortalecer la participaci\u00f3n de las familias en la formaci\u00f3n de los estudiantes.<\/li>\n\n\n\n<li>La importancia de respetar el rol profesional de los docentes.<\/li>\n\n\n\n<li>El desarrollo de h\u00e1bitos, valores y normas de convivencia desde la infancia.<\/li>\n\n\n\n<li>El trabajo conjunto entre hogar y escuela para favorecer un aprendizaje integral.<\/li>\n<\/ul>\n\n\n\n<p class=\"wp-block-paragraph\">En un contexto donde los docentes enfrentan m\u00faltiples desaf\u00edos dentro y fuera del aula, este tipo de reflexiones invita a analizar <strong>hasta d\u00f3nde llega la responsabilidad de la escuela y d\u00f3nde comienza la responsabilidad de la familia<\/strong> en la formaci\u00f3n de las nuevas generaciones.<\/p>\n\n\n\n<p class=\"has-text-align-right wp-block-paragraph\"><strong>Redacci\u00f3n | Web del Maestro CMF<\/strong><\/p>\n\n\n\t\t<div class=\"pk-inline-posts\">\n\t\t\t\t\t\t\t<h5 class=\"pk-inline-posts-title pk-title pk-font-block\">\n\t\t\t\t\t\u00daltimas entradas\t\t\t\t<\/h5>\n\t\t\t\n\t\t\t<div class=\"pk-inline-posts-container pk-inline-posts-template-list\"\n\t\t\t\tdata-columns=\"1\">\n\t\t\t\t\t\t<article id=\"post-121053\" class=\"post-121053 post type-post status-publish format-standard has-post-thumbnail category-noticias-internacionales tag-deporte tag-educacion-2 tag-fair-play tag-formacion-deportiva tag-futbol-2 tag-infancia tag-juego-limpio tag-mundial tag-trabajo-en-equipo tag-valores cs-entry cs-video-wrap\">\n\t\t\t<div class=\"pk-post-outer\">\n\n\t\t\t\t\t\t\t\t<div class=\"pk-post-inner\">\n\t\t\t\t\t<div class=\"entry-thumbnail\">\n\t\t\t\t\t\t<div class=\"pk-overlay pk-overlay-ratio pk-ratio-landscape\">\n\t\t\t\t\t\t\t<div class=\"pk-overlay-background\">\n\t\t\t\t\t\t\t\t<a href=\"https:\/\/webdelmaestrocmf.com\/portal\/javier-bardem-elogia-a-la-seleccion-campeona-y-destaca-el-juego-limpio-como-ejemplo-para-millones-de-ninos\/\" class=\"pk-overlay-link\">\n\t\t\t\t\t\t\t\t\t<img loading=\"lazy\" decoding=\"async\" width=\"300\" height=\"225\" src=\"https:\/\/webdelmaestrocmf.com\/portal\/wp-content\/uploads\/2026\/07\/1AA-Banner-1-portada-imagen-10-1-copia-16-1-300x225.webp\" class=\"attachment-pk-thumbnail size-pk-thumbnail wp-post-image\" alt=\"\" \/>\t\t\t\t\t\t\t\t<\/a>\n\t\t\t\t\t\t\t<\/div>\n\t\t\t\t\t\t<\/div>\n\t\t\t\t\t<\/div>\n\t\t\t\t<\/div>\n\t\t\t\t\n\t\t\t\t<div class=\"pk-post-inner\">\n\t\t\t\t\t<header>\n\t\t\t\t\t\t<h3 class=\"pk-title\"><a href=\"https:\/\/webdelmaestrocmf.com\/portal\/javier-bardem-elogia-a-la-seleccion-campeona-y-destaca-el-juego-limpio-como-ejemplo-para-millones-de-ninos\/\" rel=\"bookmark\">Javier Bardem elogia a la selecci\u00f3n campeona y destaca el juego limpio como ejemplo para millones de ni\u00f1os<\/a><\/h3>\t\t\t\t\t<\/header><!-- .entry-header -->\n\t\t\t\t<\/div><!-- .post-inner -->\n\n\t\t\t<\/div><!-- .post-outer -->\n\t\t<\/article>\n\t\t\t<article id=\"post-121041\" class=\"post-121041 post type-post status-publish format-standard has-post-thumbnail category-noticias-internacionales tag-agresion-a-docente tag-apoderados tag-comunidad-educativa tag-convivencia-escolar tag-ley-karin tag-proteccion-docente tag-salud-mental tag-seguridad-escolar tag-violencia-escolar cs-entry cs-video-wrap\">\n\t\t\t<div class=\"pk-post-outer\">\n\n\t\t\t\t\t\t\t\t<div class=\"pk-post-inner\">\n\t\t\t\t\t<div class=\"entry-thumbnail\">\n\t\t\t\t\t\t<div class=\"pk-overlay pk-overlay-ratio pk-ratio-landscape\">\n\t\t\t\t\t\t\t<div class=\"pk-overlay-background\">\n\t\t\t\t\t\t\t\t<a href=\"https:\/\/webdelmaestrocmf.com\/portal\/municipalidad-de-temuco-anuncia-acciones-legales-tras-agresion-de-un-apoderado-a-un-profesor-dentro-de-un-establecimiento-educacional\/\" class=\"pk-overlay-link\">\n\t\t\t\t\t\t\t\t\t<img loading=\"lazy\" decoding=\"async\" width=\"300\" height=\"225\" src=\"https:\/\/webdelmaestrocmf.com\/portal\/wp-content\/uploads\/2026\/07\/1AA-Banner-1-portada-imagen-10-1-copia-14-1-300x225.webp\" class=\"attachment-pk-thumbnail size-pk-thumbnail wp-post-image\" alt=\"\" \/>\t\t\t\t\t\t\t\t<\/a>\n\t\t\t\t\t\t\t<\/div>\n\t\t\t\t\t\t<\/div>\n\t\t\t\t\t<\/div>\n\t\t\t\t<\/div>\n\t\t\t\t\n\t\t\t\t<div class=\"pk-post-inner\">\n\t\t\t\t\t<header>\n\t\t\t\t\t\t<h3 class=\"pk-title\"><a href=\"https:\/\/webdelmaestrocmf.com\/portal\/municipalidad-de-temuco-anuncia-acciones-legales-tras-agresion-de-un-apoderado-a-un-profesor-dentro-de-un-establecimiento-educacional\/\" rel=\"bookmark\">Municipalidad de Temuco anuncia acciones legales tras agresi\u00f3n de un apoderado a un profesor dentro de un establecimiento educacional<\/a><\/h3>\t\t\t\t\t<\/header><!-- .entry-header -->\n\t\t\t\t<\/div><!-- .post-inner -->\n\n\t\t\t<\/div><!-- .post-outer -->\n\t\t<\/article>\n\t\t\t<article id=\"post-121036\" class=\"post-121036 post type-post status-publish format-standard has-post-thumbnail category-noticias-internacionales tag-autoridad-docente tag-convivencia-escolar tag-disciplina-escolar tag-docentes tag-educacion-2 tag-estudiantes tag-redes-sociales tag-respeto tag-tiktok tag-valores cs-entry cs-video-wrap\">\n\t\t\t<div class=\"pk-post-outer\">\n\n\t\t\t\t\t\t\t\t<div class=\"pk-post-inner\">\n\t\t\t\t\t<div class=\"entry-thumbnail\">\n\t\t\t\t\t\t<div class=\"pk-overlay pk-overlay-ratio pk-ratio-landscape\">\n\t\t\t\t\t\t\t<div class=\"pk-overlay-background\">\n\t\t\t\t\t\t\t\t<a href=\"https:\/\/webdelmaestrocmf.com\/portal\/alumnos-le-hacen-una-broma-pesada-y-le-faltan-el-respeto-a-su-maestra-ella-se-hizo-respetar-reprobando-a-todos\/\" class=\"pk-overlay-link\">\n\t\t\t\t\t\t\t\t\t<img loading=\"lazy\" decoding=\"async\" width=\"300\" height=\"225\" src=\"https:\/\/webdelmaestrocmf.com\/portal\/wp-content\/uploads\/2026\/07\/1AA-Banner-1-portada-imagen-10-1-copia-13-1-300x225.webp\" class=\"attachment-pk-thumbnail size-pk-thumbnail wp-post-image\" alt=\"\" \/>\t\t\t\t\t\t\t\t<\/a>\n\t\t\t\t\t\t\t<\/div>\n\t\t\t\t\t\t<\/div>\n\t\t\t\t\t<\/div>\n\t\t\t\t<\/div>\n\t\t\t\t\n\t\t\t\t<div class=\"pk-post-inner\">\n\t\t\t\t\t<header>\n\t\t\t\t\t\t<h3 class=\"pk-title\"><a href=\"https:\/\/webdelmaestrocmf.com\/portal\/alumnos-le-hacen-una-broma-pesada-y-le-faltan-el-respeto-a-su-maestra-ella-se-hizo-respetar-reprobando-a-todos\/\" rel=\"bookmark\">Alumnos le hacen una broma pesada y le faltan el respeto a su maestra; ella se hizo respetar reprobando a todos<\/a><\/h3>\t\t\t\t\t<\/header><!-- .entry-header -->\n\t\t\t\t<\/div><!-- .post-inner -->\n\n\t\t\t<\/div><!-- .post-outer -->\n\t\t<\/article>\n\t\t\t\t<\/div>\n\t\t<\/div>\n\t\t\n","protected":false},"excerpt":{"rendered":"Un sacerdote reabri\u00f3 el debate sobre el papel de la familia y la escuela al afirmar que los docentes ense\u00f1an conocimientos, pero la formaci\u00f3n en valores, h\u00e1bitos y respeto comienza en el hogar.","protected":false},"author":1,"featured_media":120903,"comment_status":"open","ping_status":"closed","sticky":false,"template":"","format":"standard","meta":{"_jetpack_newsletter_access":"","_jetpack_dont_email_post_to_subs":false,"_jetpack_newsletter_tier_id":0,"_jetpack_memberships_contains_paywalled_content":false,"csco_display_header_overlay":false,"csco_singular_sidebar":"","csco_page_header_type":"","csco_page_load_nextpost":"","csco_post_video_location":[],"csco_post_video_location_hash":"","csco_post_video_url":"","csco_post_video_bg_start_time":0,"csco_post_video_bg_end_time":0,"csco_post_video_bg_volume":false,"_jetpack_feature_clip_id":0,"_jetpack_memberships_contains_paid_content":false,"footnotes":"","jetpack_post_was_ever_published":false},"categories":[23790],"tags":[15279,2147,1620,58,23808,228,97,18326,1014],"class_list":["post-120900","post","type-post","status-publish","format-standard","has-post-thumbnail","category-noticias-internacionales","tag-comprension-lectora","tag-convivencia","tag-crianza","tag-docentes","tag-educacion-2","tag-escuela","tag-familia","tag-formacion-integral","tag-valores","cs-entry","cs-video-wrap"],"yoast_head":"<!-- This site is optimized with the Yoast SEO plugin v28.4 - https:\/\/yoast.com\/product\/yoast-seo-wordpress\/ -->\n<title>Sacerdote cuestiona el papel de las familias en la formaci\u00f3n de los hijos y defiende la labor de los docentes - 2026<\/title>\n<meta name=\"description\" content=\"Durante una homil\u00eda difundida en redes sociales, el sacerdote Arturo Cornejo, de M\u00e9xico, expres\u00f3 una contundente...\" \/>\n<meta name=\"robots\" content=\"index, follow, max-snippet:-1, max-image-preview:large, max-video-preview:-1\" \/>\n<link rel=\"canonical\" href=\"https:\/\/webdelmaestrocmf.com\/portal\/sacerdote-cuestiona-el-papel-de-las-familias-en-la-formacion-de-los-hijos-y-defiende-la-labor-de-los-docentes\/\" \/>\n<meta property=\"og:locale\" content=\"es_ES\" \/>\n<meta property=\"og:type\" content=\"article\" \/>\n<meta property=\"og:title\" content=\"Sacerdote cuestiona el papel de las familias en la formaci\u00f3n de los hijos y defiende la labor de los docentes - 2026\" \/>\n<meta property=\"og:description\" content=\"Durante una homil\u00eda difundida en redes sociales, el sacerdote Arturo Cornejo, de M\u00e9xico, expres\u00f3 una contundente...\" \/>\n<meta property=\"og:url\" content=\"https:\/\/webdelmaestrocmf.com\/portal\/sacerdote-cuestiona-el-papel-de-las-familias-en-la-formacion-de-los-hijos-y-defiende-la-labor-de-los-docentes\/\" \/>\n<meta property=\"og:site_name\" content=\"Web del Maestro CMF\" \/>\n<meta property=\"article:publisher\" content=\"https:\/\/www.facebook.com\/WebdelMaestroCMF\/\" \/>\n<meta property=\"article:author\" content=\"https:\/\/www.facebook.com\/WebdelMaestroCMF\/\" \/>\n<meta property=\"article:published_time\" content=\"2026-07-13T01:11:18+00:00\" \/>\n<meta property=\"article:modified_time\" content=\"2026-07-13T14:10:22+00:00\" \/>\n<meta property=\"og:image\" content=\"https:\/\/webdelmaestrocmf.com\/portal\/wp-content\/uploads\/2026\/07\/1AA-Banner-1-portada-imagen-10-1-copia-4.webp\" \/>\n\t<meta property=\"og:image:width\" content=\"1200\" \/>\n\t<meta property=\"og:image:height\" content=\"675\" \/>\n\t<meta property=\"og:image:type\" content=\"image\/webp\" \/>\n<meta name=\"author\" content=\"Web del Maestro CMF\" \/>\n<meta name=\"twitter:card\" content=\"summary_large_image\" \/>\n<meta name=\"twitter:creator\" content=\"@cmf_w\" \/>\n<meta name=\"twitter:site\" content=\"@cmf_w\" \/>\n<script type=\"application\/ld+json\" class=\"yoast-schema-graph\">{\"@context\":\"https:\\\/\\\/schema.org\",\"@graph\":[{\"@type\":\"ScholarlyArticle\",\"@id\":\"https:\\\/\\\/webdelmaestrocmf.com\\\/portal\\\/sacerdote-cuestiona-el-papel-de-las-familias-en-la-formacion-de-los-hijos-y-defiende-la-labor-de-los-docentes\\\/#article\",\"isPartOf\":{\"@id\":\"https:\\\/\\\/webdelmaestrocmf.com\\\/portal\\\/sacerdote-cuestiona-el-papel-de-las-familias-en-la-formacion-de-los-hijos-y-defiende-la-labor-de-los-docentes\\\/\"},\"author\":{\"name\":\"Web del Maestro CMF\",\"@id\":\"https:\\\/\\\/webdelmaestrocmf.com\\\/portal\\\/#\\\/schema\\\/person\\\/1072a2ed7bd960df8ef99a551fa35dc5\"},\"headline\":\"Sacerdote cuestiona el papel de las familias en la formaci\u00f3n de los hijos y defiende la labor de los docentes\",\"datePublished\":\"2026-07-13T01:11:18+00:00\",\"dateModified\":\"2026-07-13T14:10:22+00:00\",\"mainEntityOfPage\":{\"@id\":\"https:\\\/\\\/webdelmaestrocmf.com\\\/portal\\\/sacerdote-cuestiona-el-papel-de-las-familias-en-la-formacion-de-los-hijos-y-defiende-la-labor-de-los-docentes\\\/\"},\"wordCount\":695,\"commentCount\":0,\"publisher\":{\"@id\":\"https:\\\/\\\/webdelmaestrocmf.com\\\/portal\\\/#organization\"},\"image\":{\"@id\":\"https:\\\/\\\/webdelmaestrocmf.com\\\/portal\\\/sacerdote-cuestiona-el-papel-de-las-familias-en-la-formacion-de-los-hijos-y-defiende-la-labor-de-los-docentes\\\/#primaryimage\"},\"thumbnailUrl\":\"https:\\\/\\\/webdelmaestrocmf.com\\\/portal\\\/wp-content\\\/uploads\\\/2026\\\/07\\\/1AA-Banner-1-portada-imagen-10-1-copia-4.webp\",\"keywords\":[\"Comprensi\u00f3n Lectora\",\"CONVIVENCIA\",\"CRIANZA\",\"DOCENTES\",\"educaci\u00f3n\",\"escuela\",\"familia\",\"Formaci\u00f3n Integral\",\"valores\"],\"articleSection\":[\"Noticias Internacionales\"],\"inLanguage\":\"es\",\"potentialAction\":[{\"@type\":\"CommentAction\",\"name\":\"Comment\",\"target\":[\"https:\\\/\\\/webdelmaestrocmf.com\\\/portal\\\/sacerdote-cuestiona-el-papel-de-las-familias-en-la-formacion-de-los-hijos-y-defiende-la-labor-de-los-docentes\\\/#respond\"]}]},{\"@type\":\"WebPage\",\"@id\":\"https:\\\/\\\/webdelmaestrocmf.com\\\/portal\\\/sacerdote-cuestiona-el-papel-de-las-familias-en-la-formacion-de-los-hijos-y-defiende-la-labor-de-los-docentes\\\/\",\"url\":\"https:\\\/\\\/webdelmaestrocmf.com\\\/portal\\\/sacerdote-cuestiona-el-papel-de-las-familias-en-la-formacion-de-los-hijos-y-defiende-la-labor-de-los-docentes\\\/\",\"name\":\"Sacerdote cuestiona el papel de las familias en la formaci\u00f3n de los hijos y defiende la labor de los docentes - 2026\",\"isPartOf\":{\"@id\":\"https:\\\/\\\/webdelmaestrocmf.com\\\/portal\\\/#website\"},\"primaryImageOfPage\":{\"@id\":\"https:\\\/\\\/webdelmaestrocmf.com\\\/portal\\\/sacerdote-cuestiona-el-papel-de-las-familias-en-la-formacion-de-los-hijos-y-defiende-la-labor-de-los-docentes\\\/#primaryimage\"},\"image\":{\"@id\":\"https:\\\/\\\/webdelmaestrocmf.com\\\/portal\\\/sacerdote-cuestiona-el-papel-de-las-familias-en-la-formacion-de-los-hijos-y-defiende-la-labor-de-los-docentes\\\/#primaryimage\"},\"thumbnailUrl\":\"https:\\\/\\\/webdelmaestrocmf.com\\\/portal\\\/wp-content\\\/uploads\\\/2026\\\/07\\\/1AA-Banner-1-portada-imagen-10-1-copia-4.webp\",\"datePublished\":\"2026-07-13T01:11:18+00:00\",\"dateModified\":\"2026-07-13T14:10:22+00:00\",\"description\":\"Durante una homil\u00eda difundida en redes sociales, el sacerdote Arturo Cornejo, de M\u00e9xico, expres\u00f3 una contundente...\",\"breadcrumb\":{\"@id\":\"https:\\\/\\\/webdelmaestrocmf.com\\\/portal\\\/sacerdote-cuestiona-el-papel-de-las-familias-en-la-formacion-de-los-hijos-y-defiende-la-labor-de-los-docentes\\\/#breadcrumb\"},\"inLanguage\":\"es\",\"potentialAction\":[{\"@type\":\"ReadAction\",\"target\":[\"https:\\\/\\\/webdelmaestrocmf.com\\\/portal\\\/sacerdote-cuestiona-el-papel-de-las-familias-en-la-formacion-de-los-hijos-y-defiende-la-labor-de-los-docentes\\\/\"]}]},{\"@type\":\"ImageObject\",\"inLanguage\":\"es\",\"@id\":\"https:\\\/\\\/webdelmaestrocmf.com\\\/portal\\\/sacerdote-cuestiona-el-papel-de-las-familias-en-la-formacion-de-los-hijos-y-defiende-la-labor-de-los-docentes\\\/#primaryimage\",\"url\":\"https:\\\/\\\/webdelmaestrocmf.com\\\/portal\\\/wp-content\\\/uploads\\\/2026\\\/07\\\/1AA-Banner-1-portada-imagen-10-1-copia-4.webp\",\"contentUrl\":\"https:\\\/\\\/webdelmaestrocmf.com\\\/portal\\\/wp-content\\\/uploads\\\/2026\\\/07\\\/1AA-Banner-1-portada-imagen-10-1-copia-4.webp\",\"width\":1200,\"height\":675},{\"@type\":\"BreadcrumbList\",\"@id\":\"https:\\\/\\\/webdelmaestrocmf.com\\\/portal\\\/sacerdote-cuestiona-el-papel-de-las-familias-en-la-formacion-de-los-hijos-y-defiende-la-labor-de-los-docentes\\\/#breadcrumb\",\"itemListElement\":[{\"@type\":\"ListItem\",\"position\":1,\"name\":\"Portada\",\"item\":\"https:\\\/\\\/webdelmaestrocmf.com\\\/portal\\\/\"},{\"@type\":\"ListItem\",\"position\":2,\"name\":\"Noticias Internacionales\",\"item\":\"https:\\\/\\\/webdelmaestrocmf.com\\\/portal\\\/category\\\/noticias-internacionales\\\/\"},{\"@type\":\"ListItem\",\"position\":3,\"name\":\"Sacerdote cuestiona el papel de las familias en la formaci\u00f3n de los hijos y defiende la labor de los docentes\"}]},{\"@type\":\"WebSite\",\"@id\":\"https:\\\/\\\/webdelmaestrocmf.com\\\/portal\\\/#website\",\"url\":\"https:\\\/\\\/webdelmaestrocmf.com\\\/portal\\\/\",\"name\":\"Web del Maestro CMF\",\"description\":\"Maestros al servicio de la educaci\u00f3n\",\"publisher\":{\"@id\":\"https:\\\/\\\/webdelmaestrocmf.com\\\/portal\\\/#organization\"},\"alternateName\":\"WMCMF\",\"potentialAction\":[{\"@type\":\"SearchAction\",\"target\":{\"@type\":\"EntryPoint\",\"urlTemplate\":\"https:\\\/\\\/webdelmaestrocmf.com\\\/portal\\\/?s={search_term_string}\"},\"query-input\":{\"@type\":\"PropertyValueSpecification\",\"valueRequired\":true,\"valueName\":\"search_term_string\"}}],\"inLanguage\":\"es\"},{\"@type\":\"Organization\",\"@id\":\"https:\\\/\\\/webdelmaestrocmf.com\\\/portal\\\/#organization\",\"name\":\"Web del Maestro CMF\",\"alternateName\":\"WMCMF\",\"url\":\"https:\\\/\\\/webdelmaestrocmf.com\\\/portal\\\/\",\"logo\":{\"@type\":\"ImageObject\",\"inLanguage\":\"es\",\"@id\":\"https:\\\/\\\/webdelmaestrocmf.com\\\/portal\\\/#\\\/schema\\\/logo\\\/image\\\/\",\"url\":\"https:\\\/\\\/webdelmaestrocmf.com\\\/portal\\\/wp-content\\\/uploads\\\/2023\\\/01\\\/logo-wmcmf-2.png\",\"contentUrl\":\"https:\\\/\\\/webdelmaestrocmf.com\\\/portal\\\/wp-content\\\/uploads\\\/2023\\\/01\\\/logo-wmcmf-2.png\",\"width\":200,\"height\":60,\"caption\":\"Web del Maestro CMF\"},\"image\":{\"@id\":\"https:\\\/\\\/webdelmaestrocmf.com\\\/portal\\\/#\\\/schema\\\/logo\\\/image\\\/\"},\"sameAs\":[\"https:\\\/\\\/www.facebook.com\\\/WebdelMaestroCMF\\\/\",\"https:\\\/\\\/x.com\\\/cmf_w\",\"https:\\\/\\\/www.pinterest.com\\\/WMCMF\\\/\",\"https:\\\/\\\/www.linkedin.com\\\/company\\\/web-del-maestro-cmf\\\/\",\"https:\\\/\\\/www.instagram.com\\\/wmcmf\\\/\",\"https:\\\/\\\/www.youtube.com\\\/channel\\\/UCDPSvjbdodE5sHnC3OxutHw\",\"https:\\\/\\\/mastodon.social\\\/@wmcmf\",\"https:\\\/\\\/www.tiktok.com\\\/@webdelmaestrocmf\"]},{\"@type\":\"Person\",\"@id\":\"https:\\\/\\\/webdelmaestrocmf.com\\\/portal\\\/#\\\/schema\\\/person\\\/1072a2ed7bd960df8ef99a551fa35dc5\",\"name\":\"Web del Maestro CMF\",\"image\":{\"@type\":\"ImageObject\",\"inLanguage\":\"es\",\"@id\":\"https:\\\/\\\/secure.gravatar.com\\\/avatar\\\/23291dd5b5ae1077dcff3dbb04c3e02bd28403fa75af6d8787d5e97c5bbbe30b?s=96&d=mm&r=g\",\"url\":\"https:\\\/\\\/secure.gravatar.com\\\/avatar\\\/23291dd5b5ae1077dcff3dbb04c3e02bd28403fa75af6d8787d5e97c5bbbe30b?s=96&d=mm&r=g\",\"contentUrl\":\"https:\\\/\\\/secure.gravatar.com\\\/avatar\\\/23291dd5b5ae1077dcff3dbb04c3e02bd28403fa75af6d8787d5e97c5bbbe30b?s=96&d=mm&r=g\",\"caption\":\"Web del Maestro CMF\"},\"description\":\"Esta Web se cre\u00f3 sin fines de lucro, con fines educativos, cient\u00edficos y acad\u00e9micos, para personas que tengan dificultades y\\\/o inconvenientes en visualizar el material original. El objetivo es entregar recursos, compartir experiencias y materiales que ayuden a los padres de familia, maestros y estudiantes en su actualizaci\u00f3n y formaci\u00f3n permanente, en bien de la Educaci\u00f3n.\",\"sameAs\":[\"http:\\\/\\\/webdelmaestrocmf.com\\\/portal\",\"https:\\\/\\\/www.facebook.com\\\/WebdelMaestroCMF\\\/\",\"https:\\\/\\\/www.instagram.com\\\/wmcmf\\\/\",\"https:\\\/\\\/cl.linkedin.com\\\/company\\\/web-del-maestro-cmf\",\"https:\\\/\\\/www.pinterest.com\\\/WMCMF\\\/publicaciones\\\/\",\"https:\\\/\\\/x.com\\\/cmf_w\",\"https:\\\/\\\/www.youtube.com\\\/@WMCMF\"]}]}<\/script>\n<!-- \/ Yoast SEO plugin. -->","yoast_head_json":{"title":"Sacerdote cuestiona el papel de las familias en la formaci\u00f3n de los hijos y defiende la labor de los docentes - 2026","description":"Durante una homil\u00eda difundida en redes sociales, el sacerdote Arturo Cornejo, de M\u00e9xico, expres\u00f3 una contundente...","robots":{"index":"index","follow":"follow","max-snippet":"max-snippet:-1","max-image-preview":"max-image-preview:large","max-video-preview":"max-video-preview:-1"},"canonical":"https:\/\/webdelmaestrocmf.com\/portal\/sacerdote-cuestiona-el-papel-de-las-familias-en-la-formacion-de-los-hijos-y-defiende-la-labor-de-los-docentes\/","og_locale":"es_ES","og_type":"article","og_title":"Sacerdote cuestiona el papel de las familias en la formaci\u00f3n de los hijos y defiende la labor de los docentes - 2026","og_description":"Durante una homil\u00eda difundida en redes sociales, el sacerdote Arturo Cornejo, de M\u00e9xico, expres\u00f3 una contundente...","og_url":"https:\/\/webdelmaestrocmf.com\/portal\/sacerdote-cuestiona-el-papel-de-las-familias-en-la-formacion-de-los-hijos-y-defiende-la-labor-de-los-docentes\/","og_site_name":"Web del Maestro CMF","article_publisher":"https:\/\/www.facebook.com\/WebdelMaestroCMF\/","article_author":"https:\/\/www.facebook.com\/WebdelMaestroCMF\/","article_published_time":"2026-07-13T01:11:18+00:00","article_modified_time":"2026-07-13T14:10:22+00:00","og_image":[{"width":1200,"height":675,"url":"https:\/\/webdelmaestrocmf.com\/portal\/wp-content\/uploads\/2026\/07\/1AA-Banner-1-portada-imagen-10-1-copia-4.webp","type":"image\/webp"}],"author":"Web del Maestro CMF","twitter_card":"summary_large_image","twitter_creator":"@cmf_w","twitter_site":"@cmf_w","schema":{"@context":"https:\/\/schema.org","@graph":[{"@type":"ScholarlyArticle","@id":"https:\/\/webdelmaestrocmf.com\/portal\/sacerdote-cuestiona-el-papel-de-las-familias-en-la-formacion-de-los-hijos-y-defiende-la-labor-de-los-docentes\/#article","isPartOf":{"@id":"https:\/\/webdelmaestrocmf.com\/portal\/sacerdote-cuestiona-el-papel-de-las-familias-en-la-formacion-de-los-hijos-y-defiende-la-labor-de-los-docentes\/"},"author":{"name":"Web del Maestro CMF","@id":"https:\/\/webdelmaestrocmf.com\/portal\/#\/schema\/person\/1072a2ed7bd960df8ef99a551fa35dc5"},"headline":"Sacerdote cuestiona el papel de las familias en la formaci\u00f3n de los hijos y defiende la labor de los docentes","datePublished":"2026-07-13T01:11:18+00:00","dateModified":"2026-07-13T14:10:22+00:00","mainEntityOfPage":{"@id":"https:\/\/webdelmaestrocmf.com\/portal\/sacerdote-cuestiona-el-papel-de-las-familias-en-la-formacion-de-los-hijos-y-defiende-la-labor-de-los-docentes\/"},"wordCount":695,"commentCount":0,"publisher":{"@id":"https:\/\/webdelmaestrocmf.com\/portal\/#organization"},"image":{"@id":"https:\/\/webdelmaestrocmf.com\/portal\/sacerdote-cuestiona-el-papel-de-las-familias-en-la-formacion-de-los-hijos-y-defiende-la-labor-de-los-docentes\/#primaryimage"},"thumbnailUrl":"https:\/\/webdelmaestrocmf.com\/portal\/wp-content\/uploads\/2026\/07\/1AA-Banner-1-portada-imagen-10-1-copia-4.webp","keywords":["Comprensi\u00f3n Lectora","CONVIVENCIA","CRIANZA","DOCENTES","educaci\u00f3n","escuela","familia","Formaci\u00f3n Integral","valores"],"articleSection":["Noticias Internacionales"],"inLanguage":"es","potentialAction":[{"@type":"CommentAction","name":"Comment","target":["https:\/\/webdelmaestrocmf.com\/portal\/sacerdote-cuestiona-el-papel-de-las-familias-en-la-formacion-de-los-hijos-y-defiende-la-labor-de-los-docentes\/#respond"]}]},{"@type":"WebPage","@id":"https:\/\/webdelmaestrocmf.com\/portal\/sacerdote-cuestiona-el-papel-de-las-familias-en-la-formacion-de-los-hijos-y-defiende-la-labor-de-los-docentes\/","url":"https:\/\/webdelmaestrocmf.com\/portal\/sacerdote-cuestiona-el-papel-de-las-familias-en-la-formacion-de-los-hijos-y-defiende-la-labor-de-los-docentes\/","name":"Sacerdote cuestiona el papel de las familias en la formaci\u00f3n de los hijos y defiende la labor de los docentes - 2026","isPartOf":{"@id":"https:\/\/webdelmaestrocmf.com\/portal\/#website"},"primaryImageOfPage":{"@id":"https:\/\/webdelmaestrocmf.com\/portal\/sacerdote-cuestiona-el-papel-de-las-familias-en-la-formacion-de-los-hijos-y-defiende-la-labor-de-los-docentes\/#primaryimage"},"image":{"@id":"https:\/\/webdelmaestrocmf.com\/portal\/sacerdote-cuestiona-el-papel-de-las-familias-en-la-formacion-de-los-hijos-y-defiende-la-labor-de-los-docentes\/#primaryimage"},"thumbnailUrl":"https:\/\/webdelmaestrocmf.com\/portal\/wp-content\/uploads\/2026\/07\/1AA-Banner-1-portada-imagen-10-1-copia-4.webp","datePublished":"2026-07-13T01:11:18+00:00","dateModified":"2026-07-13T14:10:22+00:00","description":"Durante una homil\u00eda difundida en redes sociales, el sacerdote Arturo Cornejo, de M\u00e9xico, expres\u00f3 una contundente...","breadcrumb":{"@id":"https:\/\/webdelmaestrocmf.com\/portal\/sacerdote-cuestiona-el-papel-de-las-familias-en-la-formacion-de-los-hijos-y-defiende-la-labor-de-los-docentes\/#breadcrumb"},"inLanguage":"es","potentialAction":[{"@type":"ReadAction","target":["https:\/\/webdelmaestrocmf.com\/portal\/sacerdote-cuestiona-el-papel-de-las-familias-en-la-formacion-de-los-hijos-y-defiende-la-labor-de-los-docentes\/"]}]},{"@type":"ImageObject","inLanguage":"es","@id":"https:\/\/webdelmaestrocmf.com\/portal\/sacerdote-cuestiona-el-papel-de-las-familias-en-la-formacion-de-los-hijos-y-defiende-la-labor-de-los-docentes\/#primaryimage","url":"https:\/\/webdelmaestrocmf.com\/portal\/wp-content\/uploads\/2026\/07\/1AA-Banner-1-portada-imagen-10-1-copia-4.webp","contentUrl":"https:\/\/webdelmaestrocmf.com\/portal\/wp-content\/uploads\/2026\/07\/1AA-Banner-1-portada-imagen-10-1-copia-4.webp","width":1200,"height":675},{"@type":"BreadcrumbList","@id":"https:\/\/webdelmaestrocmf.com\/portal\/sacerdote-cuestiona-el-papel-de-las-familias-en-la-formacion-de-los-hijos-y-defiende-la-labor-de-los-docentes\/#breadcrumb","itemListElement":[{"@type":"ListItem","position":1,"name":"Portada","item":"https:\/\/webdelmaestrocmf.com\/portal\/"},{"@type":"ListItem","position":2,"name":"Noticias Internacionales","item":"https:\/\/webdelmaestrocmf.com\/portal\/category\/noticias-internacionales\/"},{"@type":"ListItem","position":3,"name":"Sacerdote cuestiona el papel de las familias en la formaci\u00f3n de los hijos y defiende la labor de los docentes"}]},{"@type":"WebSite","@id":"https:\/\/webdelmaestrocmf.com\/portal\/#website","url":"https:\/\/webdelmaestrocmf.com\/portal\/","name":"Web del Maestro CMF","description":"Maestros al servicio de la educaci\u00f3n","publisher":{"@id":"https:\/\/webdelmaestrocmf.com\/portal\/#organization"},"alternateName":"WMCMF","potentialAction":[{"@type":"SearchAction","target":{"@type":"EntryPoint","urlTemplate":"https:\/\/webdelmaestrocmf.com\/portal\/?s={search_term_string}"},"query-input":{"@type":"PropertyValueSpecification","valueRequired":true,"valueName":"search_term_string"}}],"inLanguage":"es"},{"@type":"Organization","@id":"https:\/\/webdelmaestrocmf.com\/portal\/#organization","name":"Web del Maestro CMF","alternateName":"WMCMF","url":"https:\/\/webdelmaestrocmf.com\/portal\/","logo":{"@type":"ImageObject","inLanguage":"es","@id":"https:\/\/webdelmaestrocmf.com\/portal\/#\/schema\/logo\/image\/","url":"https:\/\/webdelmaestrocmf.com\/portal\/wp-content\/uploads\/2023\/01\/logo-wmcmf-2.png","contentUrl":"https:\/\/webdelmaestrocmf.com\/portal\/wp-content\/uploads\/2023\/01\/logo-wmcmf-2.png","width":200,"height":60,"caption":"Web del Maestro CMF"},"image":{"@id":"https:\/\/webdelmaestrocmf.com\/portal\/#\/schema\/logo\/image\/"},"sameAs":["https:\/\/www.facebook.com\/WebdelMaestroCMF\/","https:\/\/x.com\/cmf_w","https:\/\/www.pinterest.com\/WMCMF\/","https:\/\/www.linkedin.com\/company\/web-del-maestro-cmf\/","https:\/\/www.instagram.com\/wmcmf\/","https:\/\/www.youtube.com\/channel\/UCDPSvjbdodE5sHnC3OxutHw","https:\/\/mastodon.social\/@wmcmf","https:\/\/www.tiktok.com\/@webdelmaestrocmf"]},{"@type":"Person","@id":"https:\/\/webdelmaestrocmf.com\/portal\/#\/schema\/person\/1072a2ed7bd960df8ef99a551fa35dc5","name":"Web del Maestro CMF","image":{"@type":"ImageObject","inLanguage":"es","@id":"https:\/\/secure.gravatar.com\/avatar\/23291dd5b5ae1077dcff3dbb04c3e02bd28403fa75af6d8787d5e97c5bbbe30b?s=96&d=mm&r=g","url":"https:\/\/secure.gravatar.com\/avatar\/23291dd5b5ae1077dcff3dbb04c3e02bd28403fa75af6d8787d5e97c5bbbe30b?s=96&d=mm&r=g","contentUrl":"https:\/\/secure.gravatar.com\/avatar\/23291dd5b5ae1077dcff3dbb04c3e02bd28403fa75af6d8787d5e97c5bbbe30b?s=96&d=mm&r=g","caption":"Web del Maestro CMF"},"description":"Esta Web se cre\u00f3 sin fines de lucro, con fines educativos, cient\u00edficos y acad\u00e9micos, para personas que tengan dificultades y\/o inconvenientes en visualizar el material original. El objetivo es entregar recursos, compartir experiencias y materiales que ayuden a los padres de familia, maestros y estudiantes en su actualizaci\u00f3n y formaci\u00f3n permanente, en bien de la Educaci\u00f3n.","sameAs":["http:\/\/webdelmaestrocmf.com\/portal","https:\/\/www.facebook.com\/WebdelMaestroCMF\/","https:\/\/www.instagram.com\/wmcmf\/","https:\/\/cl.linkedin.com\/company\/web-del-maestro-cmf","https:\/\/www.pinterest.com\/WMCMF\/publicaciones\/","https:\/\/x.com\/cmf_w","https:\/\/www.youtube.com\/@WMCMF"]}]}},"jetpack_sharing_enabled":true,"jetpack-related-posts":[{"id":120733,"url":"https:\/\/webdelmaestrocmf.com\/portal\/carta-de-una-maestra-jubilada-reabre-el-debate-sobre-el-papel-de-los-padres-en-la-educacion\/","url_meta":{"origin":120900,"position":0},"title":"Carta de una maestra jubilada reabre el debate sobre el papel de los padres en la educaci\u00f3n","author":"Web del Maestro CMF","date":"6 julio, 2026","format":false,"excerpt":"Una carta de una maestra jubilada reaviv\u00f3 el debate sobre la responsabilidad de los padres en la educaci\u00f3n, al sostener que la escuela no puede reemplazar la formaci\u00f3n recibida en casa.","rel":"","context":"En \u00abNoticias Internacionales\u00bb","block_context":{"text":"Noticias Internacionales","link":"https:\/\/webdelmaestrocmf.com\/portal\/category\/noticias-internacionales\/"},"img":{"alt_text":"","src":"https:\/\/i0.wp.com\/webdelmaestrocmf.com\/portal\/wp-content\/uploads\/2026\/07\/1AA-Banner-1-portada-imagen-10-1-copia-15.webp?resize=350%2C200&ssl=1","width":350,"height":200,"srcset":"https:\/\/i0.wp.com\/webdelmaestrocmf.com\/portal\/wp-content\/uploads\/2026\/07\/1AA-Banner-1-portada-imagen-10-1-copia-15.webp?resize=350%2C200&ssl=1 1x, https:\/\/i0.wp.com\/webdelmaestrocmf.com\/portal\/wp-content\/uploads\/2026\/07\/1AA-Banner-1-portada-imagen-10-1-copia-15.webp?resize=525%2C300&ssl=1 1.5x, https:\/\/i0.wp.com\/webdelmaestrocmf.com\/portal\/wp-content\/uploads\/2026\/07\/1AA-Banner-1-portada-imagen-10-1-copia-15.webp?resize=700%2C400&ssl=1 2x, https:\/\/i0.wp.com\/webdelmaestrocmf.com\/portal\/wp-content\/uploads\/2026\/07\/1AA-Banner-1-portada-imagen-10-1-copia-15.webp?resize=1050%2C600&ssl=1 3x"},"classes":[]},{"id":120558,"url":"https:\/\/webdelmaestrocmf.com\/portal\/maestra-deja-un-mensaje-potente-a-los-padres-de-familia-asi-como-no-se-puede-tocar-a-un-estudiante-hay-que-ensenar-a-nuestros-hijos-e-hijas-que-los-maestros-y-las-maestras-se-respetan\/","url_meta":{"origin":120900,"position":1},"title":"Maestra deja un mensaje potente a los padres de familia: As\u00ed como no se puede tocar a un estudiante, hay que ense\u00f1ar a nuestros hijos e hijas que los maestros y las maestras SE RESPETAN.","author":"Web del Maestro CMF","date":"30 junio, 2026","format":false,"excerpt":"El comentario de una profesora reabri\u00f3 el debate sobre el respeto en las aulas al recordar que, as\u00ed como ning\u00fan docente debe tocar a un estudiante, los hijos deben aprender a respetar a sus maestros.","rel":"","context":"En \u00abNoticias Internacionales\u00bb","block_context":{"text":"Noticias Internacionales","link":"https:\/\/webdelmaestrocmf.com\/portal\/category\/noticias-internacionales\/"},"img":{"alt_text":"","src":"https:\/\/i0.wp.com\/webdelmaestrocmf.com\/portal\/wp-content\/uploads\/2026\/06\/1AA-Banner-1-portada-imagen-10-1-copia-4-2.webp?resize=350%2C200&ssl=1","width":350,"height":200,"srcset":"https:\/\/i0.wp.com\/webdelmaestrocmf.com\/portal\/wp-content\/uploads\/2026\/06\/1AA-Banner-1-portada-imagen-10-1-copia-4-2.webp?resize=350%2C200&ssl=1 1x, https:\/\/i0.wp.com\/webdelmaestrocmf.com\/portal\/wp-content\/uploads\/2026\/06\/1AA-Banner-1-portada-imagen-10-1-copia-4-2.webp?resize=525%2C300&ssl=1 1.5x, https:\/\/i0.wp.com\/webdelmaestrocmf.com\/portal\/wp-content\/uploads\/2026\/06\/1AA-Banner-1-portada-imagen-10-1-copia-4-2.webp?resize=700%2C400&ssl=1 2x, https:\/\/i0.wp.com\/webdelmaestrocmf.com\/portal\/wp-content\/uploads\/2026\/06\/1AA-Banner-1-portada-imagen-10-1-copia-4-2.webp?resize=1050%2C600&ssl=1 3x"},"classes":[]},{"id":120585,"url":"https:\/\/webdelmaestrocmf.com\/portal\/profesora-ensena-a-sus-alumnos-una-cancion-para-fomentar-el-respeto-por-el-cuerpo-de-los-demas\/","url_meta":{"origin":120900,"position":2},"title":"Profesora ense\u00f1a a sus alumnos una canci\u00f3n para fomentar el respeto por el cuerpo de los dem\u00e1s","author":"Web del Maestro CMF","date":"1 julio, 2026","format":false,"excerpt":"Una profesora ense\u00f1a una canci\u00f3n para que sus alumnos aprendan a respetar el cuerpo de los dem\u00e1s. Su m\u00e9todo promueve empat\u00eda, convivencia escolar y prevenci\u00f3n de burlas desde la infancia.","rel":"","context":"En \u00abNoticias Internacionales\u00bb","block_context":{"text":"Noticias Internacionales","link":"https:\/\/webdelmaestrocmf.com\/portal\/category\/noticias-internacionales\/"},"img":{"alt_text":"","src":"https:\/\/i0.wp.com\/webdelmaestrocmf.com\/portal\/wp-content\/uploads\/2026\/07\/1AA-Banner-1-portada-imagen-10-1-copia-6.webp?resize=350%2C200&ssl=1","width":350,"height":200,"srcset":"https:\/\/i0.wp.com\/webdelmaestrocmf.com\/portal\/wp-content\/uploads\/2026\/07\/1AA-Banner-1-portada-imagen-10-1-copia-6.webp?resize=350%2C200&ssl=1 1x, https:\/\/i0.wp.com\/webdelmaestrocmf.com\/portal\/wp-content\/uploads\/2026\/07\/1AA-Banner-1-portada-imagen-10-1-copia-6.webp?resize=525%2C300&ssl=1 1.5x, https:\/\/i0.wp.com\/webdelmaestrocmf.com\/portal\/wp-content\/uploads\/2026\/07\/1AA-Banner-1-portada-imagen-10-1-copia-6.webp?resize=700%2C400&ssl=1 2x, https:\/\/i0.wp.com\/webdelmaestrocmf.com\/portal\/wp-content\/uploads\/2026\/07\/1AA-Banner-1-portada-imagen-10-1-copia-6.webp?resize=1050%2C600&ssl=1 3x"},"classes":[]},{"id":120247,"url":"https:\/\/webdelmaestrocmf.com\/portal\/en-un-periodico-local-los-padres-dejaron-esta-nota-de-agradecimiento-a-los-docentes\/","url_meta":{"origin":120900,"position":3},"title":"En un peri\u00f3dico local, los padres dejaron esta nota de agradecimiento a los docentes","author":"Web del Maestro CMF","date":"18 junio, 2026","format":false,"excerpt":"Una sencilla nota publicada por padres reconoce el esfuerzo cotidiano de los docentes y recuerda que valorar su trabajo fortalece la relaci\u00f3n entre familias, escuela y estudiantes cada d\u00eda m\u00e1s.","rel":"","context":"En \u00abNoticias Internacionales\u00bb","block_context":{"text":"Noticias Internacionales","link":"https:\/\/webdelmaestrocmf.com\/portal\/category\/noticias-internacionales\/"},"img":{"alt_text":"","src":"https:\/\/i0.wp.com\/webdelmaestrocmf.com\/portal\/wp-content\/uploads\/2026\/06\/1AA-Banner-1-portada-imagen-10-1-copia-3-3.webp?resize=350%2C200&ssl=1","width":350,"height":200,"srcset":"https:\/\/i0.wp.com\/webdelmaestrocmf.com\/portal\/wp-content\/uploads\/2026\/06\/1AA-Banner-1-portada-imagen-10-1-copia-3-3.webp?resize=350%2C200&ssl=1 1x, https:\/\/i0.wp.com\/webdelmaestrocmf.com\/portal\/wp-content\/uploads\/2026\/06\/1AA-Banner-1-portada-imagen-10-1-copia-3-3.webp?resize=525%2C300&ssl=1 1.5x, https:\/\/i0.wp.com\/webdelmaestrocmf.com\/portal\/wp-content\/uploads\/2026\/06\/1AA-Banner-1-portada-imagen-10-1-copia-3-3.webp?resize=700%2C400&ssl=1 2x, https:\/\/i0.wp.com\/webdelmaestrocmf.com\/portal\/wp-content\/uploads\/2026\/06\/1AA-Banner-1-portada-imagen-10-1-copia-3-3.webp?resize=1050%2C600&ssl=1 3x"},"classes":[]},{"id":117810,"url":"https:\/\/webdelmaestrocmf.com\/portal\/el-llamado-urgente-de-un-docente-cuando-la-educacion-empieza-en-casa-y-no-esta-ocurriendo\/","url_meta":{"origin":120900,"position":4},"title":"El llamado urgente de un docente: cuando la educaci\u00f3n empieza en casa y no est\u00e1 ocurriendo","author":"Web del Maestro CMF","date":"15 abril, 2026","format":false,"excerpt":"Un docente alerta sobre la crisis en el aula: indisciplina, falta de l\u00edmites y escaso acompa\u00f1amiento familiar. Advierte que sin educaci\u00f3n en casa, la escuela no logra formar ni sostener aprendizajes s\u00f3lidos en estudiantes actuales.","rel":"","context":"En \u00abNoticias Internacionales\u00bb","block_context":{"text":"Noticias Internacionales","link":"https:\/\/webdelmaestrocmf.com\/portal\/category\/noticias-internacionales\/"},"img":{"alt_text":"","src":"https:\/\/i0.wp.com\/webdelmaestrocmf.com\/portal\/wp-content\/uploads\/2026\/04\/1AA-Banner-1-portada-imagen-10-1-copia-19-1.webp?resize=350%2C200&ssl=1","width":350,"height":200,"srcset":"https:\/\/i0.wp.com\/webdelmaestrocmf.com\/portal\/wp-content\/uploads\/2026\/04\/1AA-Banner-1-portada-imagen-10-1-copia-19-1.webp?resize=350%2C200&ssl=1 1x, https:\/\/i0.wp.com\/webdelmaestrocmf.com\/portal\/wp-content\/uploads\/2026\/04\/1AA-Banner-1-portada-imagen-10-1-copia-19-1.webp?resize=525%2C300&ssl=1 1.5x, https:\/\/i0.wp.com\/webdelmaestrocmf.com\/portal\/wp-content\/uploads\/2026\/04\/1AA-Banner-1-portada-imagen-10-1-copia-19-1.webp?resize=700%2C400&ssl=1 2x, https:\/\/i0.wp.com\/webdelmaestrocmf.com\/portal\/wp-content\/uploads\/2026\/04\/1AA-Banner-1-portada-imagen-10-1-copia-19-1.webp?resize=1050%2C600&ssl=1 3x"},"classes":[]},{"id":117866,"url":"https:\/\/webdelmaestrocmf.com\/portal\/padre-de-familia-escribe-una-polemica-carta-al-profesor-de-su-hijo-la-educacion-de-mi-hijo-es-su-trabajo\/","url_meta":{"origin":120900,"position":5},"title":"Padre de familia escribe una pol\u00e9mica carta al profesor de su hijo: \u201cLa educaci\u00f3n de mi hijo es su trabajo\u201d","author":"Web del Maestro CMF","date":"16 abril, 2026","format":false,"excerpt":"La educaci\u00f3n no es responsabilidad exclusiva del docente. Sin el compromiso de la familia, el aprendizaje se debilita. Educar exige corresponsabilidad, respeto mutuo y una alianza s\u00f3lida entre hogar y escuela.","rel":"","context":"En \u00abNoticias Internacionales\u00bb","block_context":{"text":"Noticias Internacionales","link":"https:\/\/webdelmaestrocmf.com\/portal\/category\/noticias-internacionales\/"},"img":{"alt_text":"","src":"https:\/\/i0.wp.com\/webdelmaestrocmf.com\/portal\/wp-content\/uploads\/2026\/04\/1AA-Banner-1-portada-imagen-10-1-copia-24.webp?resize=350%2C200&ssl=1","width":350,"height":200,"srcset":"https:\/\/i0.wp.com\/webdelmaestrocmf.com\/portal\/wp-content\/uploads\/2026\/04\/1AA-Banner-1-portada-imagen-10-1-copia-24.webp?resize=350%2C200&ssl=1 1x, https:\/\/i0.wp.com\/webdelmaestrocmf.com\/portal\/wp-content\/uploads\/2026\/04\/1AA-Banner-1-portada-imagen-10-1-copia-24.webp?resize=525%2C300&ssl=1 1.5x, https:\/\/i0.wp.com\/webdelmaestrocmf.com\/portal\/wp-content\/uploads\/2026\/04\/1AA-Banner-1-portada-imagen-10-1-copia-24.webp?resize=700%2C400&ssl=1 2x, https:\/\/i0.wp.com\/webdelmaestrocmf.com\/portal\/wp-content\/uploads\/2026\/04\/1AA-Banner-1-portada-imagen-10-1-copia-24.webp?resize=1050%2C600&ssl=1 3x"},"classes":[]}],"jetpack_featured_media_url":"https:\/\/webdelmaestrocmf.com\/portal\/wp-content\/uploads\/2026\/07\/1AA-Banner-1-portada-imagen-10-1-copia-4.webp","_links":{"self":[{"href":"https:\/\/webdelmaestrocmf.com\/portal\/wp-json\/wp\/v2\/posts\/120900","targetHints":{"allow":["GET"]}}],"collection":[{"href":"https:\/\/webdelmaestrocmf.com\/portal\/wp-json\/wp\/v2\/posts"}],"about":[{"href":"https:\/\/webdelmaestrocmf.com\/portal\/wp-json\/wp\/v2\/types\/post"}],"author":[{"embeddable":true,"href":"https:\/\/webdelmaestrocmf.com\/portal\/wp-json\/wp\/v2\/users\/1"}],"replies":[{"embeddable":true,"href":"https:\/\/webdelmaestrocmf.com\/portal\/wp-json\/wp\/v2\/comments?post=120900"}],"version-history":[{"count":2,"href":"https:\/\/webdelmaestrocmf.com\/portal\/wp-json\/wp\/v2\/posts\/120900\/revisions"}],"predecessor-version":[{"id":120904,"href":"https:\/\/webdelmaestrocmf.com\/portal\/wp-json\/wp\/v2\/posts\/120900\/revisions\/120904"}],"wp:featuredmedia":[{"embeddable":true,"href":"https:\/\/webdelmaestrocmf.com\/portal\/wp-json\/wp\/v2\/media\/120903"}],"wp:attachment":[{"href":"https:\/\/webdelmaestrocmf.com\/portal\/wp-json\/wp\/v2\/media?parent=120900"}],"wp:term":[{"taxonomy":"category","embeddable":true,"href":"https:\/\/webdelmaestrocmf.com\/portal\/wp-json\/wp\/v2\/categories?post=120900"},{"taxonomy":"post_tag","embeddable":true,"href":"https:\/\/webdelmaestrocmf.com\/portal\/wp-json\/wp\/v2\/tags?post=120900"}],"curies":[{"name":"wp","href":"https:\/\/api.w.org\/{rel}","templated":true}]}}