{"id":118510,"date":"2026-04-30T20:06:06","date_gmt":"2026-05-01T00:06:06","guid":{"rendered":"https:\/\/webdelmaestrocmf.com\/portal\/?p=118510"},"modified":"2026-04-30T20:08:41","modified_gmt":"2026-05-01T00:08:41","slug":"jose-antonio-marina-si-no-teneis-pensamiento-critico-o-si-no-hay-pensamiento-critico-la-manipulacion-va-a-ser-muy-sencilla","status":"publish","type":"post","link":"https:\/\/webdelmaestrocmf.com\/portal\/jose-antonio-marina-si-no-teneis-pensamiento-critico-o-si-no-hay-pensamiento-critico-la-manipulacion-va-a-ser-muy-sencilla\/","title":{"rendered":"Jos\u00e9 Antonio Marina: Si no ten\u00e9is pensamiento cr\u00edtico, o si no hay pensamiento cr\u00edtico, la manipulaci\u00f3n va a ser muy sencilla"},"content":{"rendered":"\n<p>Jos\u00e9 Antonio Marina es un fil\u00f3sofo,<strong> ensayista y pedagogo espa\u00f1ol reconocido internacionalmente por su trabajo en el estudio de la inteligencia, el aprendizaje y la educaci\u00f3n. <\/strong>A lo largo de su trayectoria ha desarrollado una propuesta intelectual que integra filosof\u00eda, psicolog\u00eda y pedagog\u00eda con el objetivo de entender c\u00f3mo las personas piensan, deciden y act\u00faan en contextos complejos.<\/p>\n\n\n\n<p>En una de sus intervenciones m\u00e1s relevantes en medios de comunicaci\u00f3n, Marina particip\u00f3 en un espacio de di\u00e1logo abierto dirigido a j\u00f3venes, docentes y p\u00fablico general, donde abord\u00f3 de manera clara y directa los grandes desaf\u00edos del pensamiento en la sociedad contempor\u00e1nea. Su charla se centr\u00f3 en explicar por qu\u00e9, en un mundo saturado de informaci\u00f3n, <strong>el verdadero problema ya no es el acceso al conocimiento, sino la capacidad de comprenderlo, evaluarlo y utilizarlo con criterio<\/strong>.<\/p>\n\n\n\n<h2 class=\"wp-block-heading\"><strong>La filosof\u00eda como defensa frente a la manipulaci\u00f3n<\/strong><\/h2>\n\n\n\n<p>Uno de los ejes centrales de su exposici\u00f3n es la defensa de la filosof\u00eda como un servicio p\u00fablico esencial. Lejos de ser una disciplina abstracta o alejada de la vida cotidiana, la filosof\u00eda cumple una funci\u00f3n cr\u00edtica: ayudar a las personas a distinguir entre lo verdadero y lo falso, entre lo justo y lo injusto, entre lo razonable y lo manipulador.<\/p>\n\n\n\n<p>Marina sostiene que <strong>una sociedad sin pensamiento cr\u00edtico es una sociedad vulnerable<\/strong>, donde la manipulaci\u00f3n se vuelve sencilla, casi inevitable. Por ello, plantea que <strong>la filosof\u00eda act\u00faa como una coraza intelectual<\/strong>, una herramienta que permite analizar discursos, cuestionar creencias y resistir la influencia de mensajes dise\u00f1ados para condicionar el pensamiento.<\/p>\n\n\n\n<figure class=\"wp-block-embed is-type-video is-provider-youtube wp-block-embed-youtube wp-embed-aspect-16-9 wp-has-aspect-ratio\"><div class=\"wp-block-embed__wrapper\">\n<iframe loading=\"lazy\" title=\"Una vacuna contra la insensatez. Jos\u00e9 Antonio Marina, fil\u00f3sofo y pedagogo\" width=\"1200\" height=\"675\" src=\"https:\/\/www.youtube.com\/embed\/tRPCqO5UT7U?start=414&#038;feature=oembed\" frameborder=\"0\" allow=\"accelerometer; autoplay; clipboard-write; encrypted-media; gyroscope; picture-in-picture; web-share\" referrerpolicy=\"strict-origin-when-cross-origin\" allowfullscreen><\/iframe>\n<\/div><\/figure>\n\n\n\n<h2 class=\"wp-block-heading\"><strong>Pensar no es acumular informaci\u00f3n<\/strong><\/h2>\n\n\n\n<p>Otro de los aportes m\u00e1s contundentes de su reflexi\u00f3n es la cr\u00edtica a la idea de que aprender consiste \u00fanicamente en buscar informaci\u00f3n. Marina advierte que <strong>esta l\u00f3gica genera una falsa sensaci\u00f3n de conocimiento<\/strong>, donde saber buscar reemplaza err\u00f3neamente al comprender.<\/p>\n\n\n\n<p>Desde su perspectiva, <strong>el aprendizaje real requiere memoria, estructura mental y capacidad de an\u00e1lisis<\/strong>. Sin estos elementos, el individuo se vuelve dependiente de fuentes externas y pierde autonom\u00eda intelectual. Esto tiene implicancias directas en la educaci\u00f3n, donde <strong>el desaf\u00edo no es solo ense\u00f1ar contenidos, sino formar criterios s\u00f3lidos para interpretarlos<\/strong>.<\/p>\n\n\n\n<h2 class=\"wp-block-heading\"><strong>La inteligencia como capacidad de acci\u00f3n<\/strong><\/h2>\n\n\n\n<p>Para Marina, la inteligencia no se limita al pensamiento te\u00f3rico. Su verdadera funci\u00f3n es dirigir el comportamiento y resolver problemas. Esta idea redefine el concepto tradicional de inteligencia, alej\u00e1ndolo de los resultados acad\u00e9micos y acerc\u00e1ndolo a la vida pr\u00e1ctica.<\/p>\n\n\n\n<p>Una persona inteligente no es solo quien comprende, sino quien act\u00faa adecuadamente, elige bien sus metas y gestiona sus errores. En este sentido, <strong>la inteligencia se demuestra en la acci\u00f3n y en la toma de decisiones<\/strong>, no solo en el conocimiento acumulado.<\/p>\n\n\n\n<h2 class=\"wp-block-heading\"><strong>El papel del docente en un entorno incierto<\/strong><\/h2>\n\n\n\n<p>En su an\u00e1lisis, Marina otorga un rol central al docente. En un mundo donde el futuro es incierto y cambiante, la tarea educativa no puede limitarse a transmitir contenidos est\u00e1ticos. El verdadero desaf\u00edo es preparar a los estudiantes para resolver problemas que a\u00fan no existen.<\/p>\n\n\n\n<p>Esto implica <strong>formar pensamiento cr\u00edtico, fortalecer la atenci\u00f3n, desarrollar la autonom\u00eda y ense\u00f1ar a gestionar la informaci\u00f3n<\/strong>. El docente se convierte as\u00ed en un gu\u00eda que ayuda a construir inteligencia pr\u00e1ctica, no solo conocimiento te\u00f3rico.<\/p>\n\n\n\n<h2 class=\"wp-block-heading\"><strong>La educaci\u00f3n como construcci\u00f3n de personas libres<\/strong><\/h2>\n\n\n\n<p>La reflexi\u00f3n de Jos\u00e9 Antonio Marina culmina en una idea clave: educar es formar personas capaces de pensar por s\u00ed mismas. En un entorno donde la manipulaci\u00f3n informativa, las redes sociales y los discursos simplificados influyen constantemente en la sociedad, la educaci\u00f3n debe asumir un compromiso \u00e9tico.<\/p>\n\n\n\n<p>No se trata solo de ense\u00f1ar a aprender, sino de ense\u00f1ar a cuestionar, a decidir y a actuar con responsabilidad. En este contexto, <strong>la filosof\u00eda se convierte en una herramienta fundamental para la libertad individual y colectiva<\/strong>.<\/p>\n\n\n\n<h2 class=\"wp-block-heading\"><strong>Una propuesta vigente y necesaria<\/strong><\/h2>\n\n\n\n<p>La charla de Marina no es solo una reflexi\u00f3n te\u00f3rica, sino una advertencia y una propuesta. Advierte sobre los riesgos de una sociedad que renuncia al pensamiento cr\u00edtico y propone una educaci\u00f3n centrada en la inteligencia, la \u00e9tica y la capacidad de resolver problemas.<\/p>\n\n\n\n<p>Su mensaje es claro: <strong>sin pensamiento cr\u00edtico, la manipulaci\u00f3n encuentra el camino libre; con pensamiento cr\u00edtico, se construyen ciudadanos m\u00e1s conscientes, aut\u00f3nomos y capaces de enfrentar los desaf\u00edos del presente y del futuro<\/strong>.<\/p>\n\n\n\n<p class=\"has-text-align-right\"><strong>Redacci\u00f3n | Web del Maestro CMF<\/strong><\/p>\n\n\n\t\t<div class=\"pk-inline-posts\">\n\t\t\t\t\t\t\t<h5 class=\"pk-inline-posts-title pk-title pk-font-block\">\n\t\t\t\t\t\u00daltimas entradas\t\t\t\t<\/h5>\n\t\t\t\n\t\t\t<div class=\"pk-inline-posts-container pk-inline-posts-template-list\"\n\t\t\t\tdata-columns=\"1\">\n\t\t\t\t\t\t<article id=\"post-113504\" class=\"post-113504 post type-post status-publish format-standard has-post-thumbnail category-entrevistas category-noticias tag-alumno tag-begona-ibarrola-2 tag-desmotivado tag-vago cs-entry cs-video-wrap\">\n\t\t\t<div class=\"pk-post-outer\">\n\n\t\t\t\t\t\t\t\t<div class=\"pk-post-inner\">\n\t\t\t\t\t<div class=\"entry-thumbnail\">\n\t\t\t\t\t\t<div class=\"pk-overlay pk-overlay-ratio pk-ratio-landscape\">\n\t\t\t\t\t\t\t<div class=\"pk-overlay-background\">\n\t\t\t\t\t\t\t\t<a href=\"https:\/\/webdelmaestrocmf.com\/portal\/begona-ibarrola-debemos-distinguir-entre-un-alumno-verdaderamente-vago-y-uno-que-esta-desmotivado-porque-anticipa-el-fracaso\/\" class=\"pk-overlay-link\">\n\t\t\t\t\t\t\t\t\t<img loading=\"lazy\" decoding=\"async\" width=\"300\" height=\"225\" src=\"https:\/\/webdelmaestrocmf.com\/portal\/wp-content\/uploads\/2025\/11\/1AA-Banner-1-portada-imagen-10-1-copia-3-300x225.webp\" class=\"attachment-pk-thumbnail size-pk-thumbnail wp-post-image\" alt=\"\" \/>\t\t\t\t\t\t\t\t<\/a>\n\t\t\t\t\t\t\t<\/div>\n\t\t\t\t\t\t<\/div>\n\t\t\t\t\t<\/div>\n\t\t\t\t<\/div>\n\t\t\t\t\n\t\t\t\t<div class=\"pk-post-inner\">\n\t\t\t\t\t<header>\n\t\t\t\t\t\t<h3 class=\"pk-title\"><a href=\"https:\/\/webdelmaestrocmf.com\/portal\/begona-ibarrola-debemos-distinguir-entre-un-alumno-verdaderamente-vago-y-uno-que-esta-desmotivado-porque-anticipa-el-fracaso\/\" rel=\"bookmark\">Bego\u00f1a Ibarrola: Debemos distinguir entre un alumno verdaderamente vago y uno que est\u00e1 desmotivado porque anticipa el fracaso<\/a><\/h3>\t\t\t\t\t<\/header><!-- .entry-header -->\n\t\t\t\t<\/div><!-- .post-inner -->\n\n\t\t\t<\/div><!-- .post-outer -->\n\t\t<\/article>\n\t\t\t<article id=\"post-118480\" class=\"post-118480 post type-post status-publish format-standard has-post-thumbnail category-entrevistas category-noticias tag-aprendizaje tag-autonomia-3 tag-desarrollo tag-docentes tag-educacion-2 tag-ensenanza-2 tag-escuela tag-infancia tag-juego tag-pedagogia-2 cs-entry cs-video-wrap\">\n\t\t\t<div class=\"pk-post-outer\">\n\n\t\t\t\t\t\t\t\t<div class=\"pk-post-inner\">\n\t\t\t\t\t<div class=\"entry-thumbnail\">\n\t\t\t\t\t\t<div class=\"pk-overlay pk-overlay-ratio pk-ratio-landscape\">\n\t\t\t\t\t\t\t<div class=\"pk-overlay-background\">\n\t\t\t\t\t\t\t\t<a href=\"https:\/\/webdelmaestrocmf.com\/portal\/francesco-tonucci-hoy-la-escuela-esta-asumiendo-un-error-fatal-que-es-hacer-mas-un-papel-de-ninera-que-de-estructura-educativa\/\" class=\"pk-overlay-link\">\n\t\t\t\t\t\t\t\t\t<img loading=\"lazy\" decoding=\"async\" width=\"300\" height=\"225\" src=\"https:\/\/webdelmaestrocmf.com\/portal\/wp-content\/uploads\/2026\/04\/1AA-Banner-1-portada-imagen-10-1-copia-2-9-300x225.webp\" class=\"attachment-pk-thumbnail size-pk-thumbnail wp-post-image\" alt=\"\" \/>\t\t\t\t\t\t\t\t<\/a>\n\t\t\t\t\t\t\t<\/div>\n\t\t\t\t\t\t<\/div>\n\t\t\t\t\t<\/div>\n\t\t\t\t<\/div>\n\t\t\t\t\n\t\t\t\t<div class=\"pk-post-inner\">\n\t\t\t\t\t<header>\n\t\t\t\t\t\t<h3 class=\"pk-title\"><a href=\"https:\/\/webdelmaestrocmf.com\/portal\/francesco-tonucci-hoy-la-escuela-esta-asumiendo-un-error-fatal-que-es-hacer-mas-un-papel-de-ninera-que-de-estructura-educativa\/\" rel=\"bookmark\">Francesco Tonucci: Hoy la escuela est\u00e1 asumiendo un error fatal que es hacer m\u00e1s un papel de ni\u00f1era que de estructura educativa<\/a><\/h3>\t\t\t\t\t<\/header><!-- .entry-header -->\n\t\t\t\t<\/div><!-- .post-inner -->\n\n\t\t\t<\/div><!-- .post-outer -->\n\t\t<\/article>\n\t\t\t<article id=\"post-37424\" class=\"post-37424 post type-post status-publish format-standard has-post-thumbnail category-entrevistas category-noticias tag-desarrollo tag-heckman tag-james tag-leer tag-ninos cs-entry cs-video-wrap\">\n\t\t\t<div class=\"pk-post-outer\">\n\n\t\t\t\t\t\t\t\t<div class=\"pk-post-inner\">\n\t\t\t\t\t<div class=\"entry-thumbnail\">\n\t\t\t\t\t\t<div class=\"pk-overlay pk-overlay-ratio pk-ratio-landscape\">\n\t\t\t\t\t\t\t<div class=\"pk-overlay-background\">\n\t\t\t\t\t\t\t\t<a href=\"https:\/\/webdelmaestrocmf.com\/portal\/james-heckman-leerles-a-los-ninos-tiene-un-impacto-enorme-en-su-desarrollo\/\" class=\"pk-overlay-link\">\n\t\t\t\t\t\t\t\t\t<img loading=\"lazy\" decoding=\"async\" width=\"300\" height=\"225\" src=\"https:\/\/webdelmaestrocmf.com\/portal\/wp-content\/uploads\/2023\/01\/1AA-Banner-1-portada-imagen-10-1-copia-3-300x225.webp\" class=\"attachment-pk-thumbnail size-pk-thumbnail wp-post-image\" alt=\"\" \/>\t\t\t\t\t\t\t\t<\/a>\n\t\t\t\t\t\t\t<\/div>\n\t\t\t\t\t\t<\/div>\n\t\t\t\t\t<\/div>\n\t\t\t\t<\/div>\n\t\t\t\t\n\t\t\t\t<div class=\"pk-post-inner\">\n\t\t\t\t\t<header>\n\t\t\t\t\t\t<h3 class=\"pk-title\"><a href=\"https:\/\/webdelmaestrocmf.com\/portal\/james-heckman-leerles-a-los-ninos-tiene-un-impacto-enorme-en-su-desarrollo\/\" rel=\"bookmark\">James Heckman: Leerles a los ni\u00f1os tiene un impacto enorme en su desarrollo<\/a><\/h3>\t\t\t\t\t<\/header><!-- .entry-header -->\n\t\t\t\t<\/div><!-- .post-inner -->\n\n\t\t\t<\/div><!-- .post-outer -->\n\t\t<\/article>\n\t\t\t\t<\/div>\n\t\t<\/div>\n\t\t\n","protected":false},"excerpt":{"rendered":"Sin pensamiento cr\u00edtico, la manipulaci\u00f3n se vuelve inevitable. La educaci\u00f3n debe formar personas capaces de comprender, cuestionar y actuar con criterio, desarrollando inteligencia pr\u00e1ctica para enfrentar un mundo complejo y cambiante con responsabilidad.","protected":false},"author":1,"featured_media":118513,"comment_status":"open","ping_status":"closed","sticky":false,"template":"","format":"standard","meta":{"csco_display_header_overlay":false,"csco_singular_sidebar":"disabled","csco_page_header_type":"featured","csco_page_load_nextpost":"","csco_post_video_location":[],"csco_post_video_location_hash":"","csco_post_video_url":"","csco_post_video_bg_start_time":0,"csco_post_video_bg_end_time":0,"csco_post_video_bg_volume":false,"_jetpack_memberships_contains_paid_content":false,"footnotes":""},"categories":[48,47],"tags":[77,596,58,23808,96,25039,24046,387,244,24397,23860],"class_list":{"0":"post-118510","1":"post","2":"type-post","3":"status-publish","4":"format-standard","5":"has-post-thumbnail","7":"category-entrevistas","8":"category-noticias","9":"tag-aprendizaje","10":"tag-aula","11":"tag-docentes","12":"tag-educacion-2","13":"tag-estudiantes","14":"tag-filosofia-2","15":"tag-formacion-2","16":"tag-inteligencia","17":"tag-jose-antonio-marina","18":"tag-pedagogia-2","19":"tag-pensamiento-critico-2","20":"cs-entry","21":"cs-video-wrap"},"yoast_head":"<!-- This site is optimized with the Yoast SEO plugin v27.5 - https:\/\/yoast.com\/product\/yoast-seo-wordpress\/ -->\n<title>Jos\u00e9 Antonio Marina: Si no ten\u00e9is pensamiento cr\u00edtico, o si no hay pensamiento cr\u00edtico, la manipulaci\u00f3n va a ser muy sencilla - 2026<\/title>\n<meta name=\"description\" content=\"Jos\u00e9 Antonio Marina es un fil\u00f3sofo, ensayista y pedagogo espa\u00f1ol reconocido internacionalmente por su trabajo...\" \/>\n<meta name=\"robots\" content=\"index, follow, max-snippet:-1, max-image-preview:large, max-video-preview:-1\" \/>\n<link rel=\"canonical\" href=\"https:\/\/webdelmaestrocmf.com\/portal\/jose-antonio-marina-si-no-teneis-pensamiento-critico-o-si-no-hay-pensamiento-critico-la-manipulacion-va-a-ser-muy-sencilla\/\" \/>\n<meta property=\"og:locale\" content=\"es_ES\" \/>\n<meta property=\"og:type\" content=\"article\" \/>\n<meta property=\"og:title\" content=\"Jos\u00e9 Antonio Marina: Si no ten\u00e9is pensamiento cr\u00edtico, o si no hay pensamiento cr\u00edtico, la manipulaci\u00f3n va a ser muy sencilla - 2026\" \/>\n<meta property=\"og:description\" content=\"Jos\u00e9 Antonio Marina es un fil\u00f3sofo, ensayista y pedagogo espa\u00f1ol reconocido internacionalmente por su trabajo...\" \/>\n<meta property=\"og:url\" content=\"https:\/\/webdelmaestrocmf.com\/portal\/jose-antonio-marina-si-no-teneis-pensamiento-critico-o-si-no-hay-pensamiento-critico-la-manipulacion-va-a-ser-muy-sencilla\/\" \/>\n<meta property=\"og:site_name\" content=\"Web del Maestro CMF\" \/>\n<meta property=\"article:publisher\" content=\"https:\/\/www.facebook.com\/WebdelMaestroCMF\/\" \/>\n<meta property=\"article:author\" content=\"https:\/\/www.facebook.com\/WebdelMaestroCMF\/\" \/>\n<meta property=\"article:published_time\" content=\"2026-05-01T00:06:06+00:00\" \/>\n<meta property=\"article:modified_time\" content=\"2026-05-01T00:08:41+00:00\" \/>\n<meta property=\"og:image\" content=\"https:\/\/webdelmaestrocmf.com\/portal\/wp-content\/uploads\/2026\/04\/1AA-Banner-1-portada-imagen-10-1-copia-5-6.webp\" \/>\n\t<meta property=\"og:image:width\" content=\"1200\" \/>\n\t<meta property=\"og:image:height\" content=\"675\" \/>\n\t<meta property=\"og:image:type\" content=\"image\/webp\" \/>\n<meta name=\"author\" content=\"Web del Maestro CMF\" \/>\n<meta name=\"twitter:card\" content=\"summary_large_image\" \/>\n<meta name=\"twitter:creator\" content=\"@cmf_w\" \/>\n<meta name=\"twitter:site\" content=\"@cmf_w\" \/>\n<script type=\"application\/ld+json\" class=\"yoast-schema-graph\">{\"@context\":\"https:\\\/\\\/schema.org\",\"@graph\":[{\"@type\":\"ScholarlyArticle\",\"@id\":\"https:\\\/\\\/webdelmaestrocmf.com\\\/portal\\\/jose-antonio-marina-si-no-teneis-pensamiento-critico-o-si-no-hay-pensamiento-critico-la-manipulacion-va-a-ser-muy-sencilla\\\/#article\",\"isPartOf\":{\"@id\":\"https:\\\/\\\/webdelmaestrocmf.com\\\/portal\\\/jose-antonio-marina-si-no-teneis-pensamiento-critico-o-si-no-hay-pensamiento-critico-la-manipulacion-va-a-ser-muy-sencilla\\\/\"},\"author\":{\"name\":\"Web del Maestro CMF\",\"@id\":\"https:\\\/\\\/webdelmaestrocmf.com\\\/portal\\\/#\\\/schema\\\/person\\\/1072a2ed7bd960df8ef99a551fa35dc5\"},\"headline\":\"Jos\u00e9 Antonio Marina: Si no ten\u00e9is pensamiento cr\u00edtico, o si no hay pensamiento cr\u00edtico, la manipulaci\u00f3n va a ser muy sencilla\",\"datePublished\":\"2026-05-01T00:06:06+00:00\",\"dateModified\":\"2026-05-01T00:08:41+00:00\",\"mainEntityOfPage\":{\"@id\":\"https:\\\/\\\/webdelmaestrocmf.com\\\/portal\\\/jose-antonio-marina-si-no-teneis-pensamiento-critico-o-si-no-hay-pensamiento-critico-la-manipulacion-va-a-ser-muy-sencilla\\\/\"},\"wordCount\":841,\"commentCount\":0,\"publisher\":{\"@id\":\"https:\\\/\\\/webdelmaestrocmf.com\\\/portal\\\/#organization\"},\"image\":{\"@id\":\"https:\\\/\\\/webdelmaestrocmf.com\\\/portal\\\/jose-antonio-marina-si-no-teneis-pensamiento-critico-o-si-no-hay-pensamiento-critico-la-manipulacion-va-a-ser-muy-sencilla\\\/#primaryimage\"},\"thumbnailUrl\":\"https:\\\/\\\/webdelmaestrocmf.com\\\/portal\\\/wp-content\\\/uploads\\\/2026\\\/04\\\/1AA-Banner-1-portada-imagen-10-1-copia-5-6.webp\",\"keywords\":[\"aprendizaje\",\"aula\",\"DOCENTES\",\"educaci\u00f3n\",\"estudiantes\",\"filosof\u00eda\",\"formaci\u00f3n\",\"INTELIGENCIA\",\"Jos\u00e9 Antonio Marina\",\"pedagog\u00eda\",\"Pensamiento Cr\u00edtico\"],\"articleSection\":[\"Entrevistas\",\"Noticias\"],\"inLanguage\":\"es\",\"potentialAction\":[{\"@type\":\"CommentAction\",\"name\":\"Comment\",\"target\":[\"https:\\\/\\\/webdelmaestrocmf.com\\\/portal\\\/jose-antonio-marina-si-no-teneis-pensamiento-critico-o-si-no-hay-pensamiento-critico-la-manipulacion-va-a-ser-muy-sencilla\\\/#respond\"]}]},{\"@type\":\"WebPage\",\"@id\":\"https:\\\/\\\/webdelmaestrocmf.com\\\/portal\\\/jose-antonio-marina-si-no-teneis-pensamiento-critico-o-si-no-hay-pensamiento-critico-la-manipulacion-va-a-ser-muy-sencilla\\\/\",\"url\":\"https:\\\/\\\/webdelmaestrocmf.com\\\/portal\\\/jose-antonio-marina-si-no-teneis-pensamiento-critico-o-si-no-hay-pensamiento-critico-la-manipulacion-va-a-ser-muy-sencilla\\\/\",\"name\":\"Jos\u00e9 Antonio Marina: Si no ten\u00e9is pensamiento cr\u00edtico, o si no hay pensamiento cr\u00edtico, la manipulaci\u00f3n va a ser muy sencilla - 2026\",\"isPartOf\":{\"@id\":\"https:\\\/\\\/webdelmaestrocmf.com\\\/portal\\\/#website\"},\"primaryImageOfPage\":{\"@id\":\"https:\\\/\\\/webdelmaestrocmf.com\\\/portal\\\/jose-antonio-marina-si-no-teneis-pensamiento-critico-o-si-no-hay-pensamiento-critico-la-manipulacion-va-a-ser-muy-sencilla\\\/#primaryimage\"},\"image\":{\"@id\":\"https:\\\/\\\/webdelmaestrocmf.com\\\/portal\\\/jose-antonio-marina-si-no-teneis-pensamiento-critico-o-si-no-hay-pensamiento-critico-la-manipulacion-va-a-ser-muy-sencilla\\\/#primaryimage\"},\"thumbnailUrl\":\"https:\\\/\\\/webdelmaestrocmf.com\\\/portal\\\/wp-content\\\/uploads\\\/2026\\\/04\\\/1AA-Banner-1-portada-imagen-10-1-copia-5-6.webp\",\"datePublished\":\"2026-05-01T00:06:06+00:00\",\"dateModified\":\"2026-05-01T00:08:41+00:00\",\"description\":\"Jos\u00e9 Antonio Marina es un fil\u00f3sofo, ensayista y pedagogo espa\u00f1ol reconocido internacionalmente por su trabajo...\",\"breadcrumb\":{\"@id\":\"https:\\\/\\\/webdelmaestrocmf.com\\\/portal\\\/jose-antonio-marina-si-no-teneis-pensamiento-critico-o-si-no-hay-pensamiento-critico-la-manipulacion-va-a-ser-muy-sencilla\\\/#breadcrumb\"},\"inLanguage\":\"es\",\"potentialAction\":[{\"@type\":\"ReadAction\",\"target\":[\"https:\\\/\\\/webdelmaestrocmf.com\\\/portal\\\/jose-antonio-marina-si-no-teneis-pensamiento-critico-o-si-no-hay-pensamiento-critico-la-manipulacion-va-a-ser-muy-sencilla\\\/\"]}]},{\"@type\":\"ImageObject\",\"inLanguage\":\"es\",\"@id\":\"https:\\\/\\\/webdelmaestrocmf.com\\\/portal\\\/jose-antonio-marina-si-no-teneis-pensamiento-critico-o-si-no-hay-pensamiento-critico-la-manipulacion-va-a-ser-muy-sencilla\\\/#primaryimage\",\"url\":\"https:\\\/\\\/webdelmaestrocmf.com\\\/portal\\\/wp-content\\\/uploads\\\/2026\\\/04\\\/1AA-Banner-1-portada-imagen-10-1-copia-5-6.webp\",\"contentUrl\":\"https:\\\/\\\/webdelmaestrocmf.com\\\/portal\\\/wp-content\\\/uploads\\\/2026\\\/04\\\/1AA-Banner-1-portada-imagen-10-1-copia-5-6.webp\",\"width\":1200,\"height\":675},{\"@type\":\"BreadcrumbList\",\"@id\":\"https:\\\/\\\/webdelmaestrocmf.com\\\/portal\\\/jose-antonio-marina-si-no-teneis-pensamiento-critico-o-si-no-hay-pensamiento-critico-la-manipulacion-va-a-ser-muy-sencilla\\\/#breadcrumb\",\"itemListElement\":[{\"@type\":\"ListItem\",\"position\":1,\"name\":\"Portada\",\"item\":\"https:\\\/\\\/webdelmaestrocmf.com\\\/portal\\\/\"},{\"@type\":\"ListItem\",\"position\":2,\"name\":\"Noticias\",\"item\":\"https:\\\/\\\/webdelmaestrocmf.com\\\/portal\\\/category\\\/noticias\\\/\"},{\"@type\":\"ListItem\",\"position\":3,\"name\":\"Jos\u00e9 Antonio Marina: Si no ten\u00e9is pensamiento cr\u00edtico, o si no hay pensamiento cr\u00edtico, la manipulaci\u00f3n va a ser muy sencilla\"}]},{\"@type\":\"WebSite\",\"@id\":\"https:\\\/\\\/webdelmaestrocmf.com\\\/portal\\\/#website\",\"url\":\"https:\\\/\\\/webdelmaestrocmf.com\\\/portal\\\/\",\"name\":\"Web del Maestro CMF\",\"description\":\"Maestros al servicio de la educaci\u00f3n\",\"publisher\":{\"@id\":\"https:\\\/\\\/webdelmaestrocmf.com\\\/portal\\\/#organization\"},\"alternateName\":\"WMCMF\",\"potentialAction\":[{\"@type\":\"SearchAction\",\"target\":{\"@type\":\"EntryPoint\",\"urlTemplate\":\"https:\\\/\\\/webdelmaestrocmf.com\\\/portal\\\/?s={search_term_string}\"},\"query-input\":{\"@type\":\"PropertyValueSpecification\",\"valueRequired\":true,\"valueName\":\"search_term_string\"}}],\"inLanguage\":\"es\"},{\"@type\":\"Organization\",\"@id\":\"https:\\\/\\\/webdelmaestrocmf.com\\\/portal\\\/#organization\",\"name\":\"Web del Maestro CMF\",\"alternateName\":\"WMCMF\",\"url\":\"https:\\\/\\\/webdelmaestrocmf.com\\\/portal\\\/\",\"logo\":{\"@type\":\"ImageObject\",\"inLanguage\":\"es\",\"@id\":\"https:\\\/\\\/webdelmaestrocmf.com\\\/portal\\\/#\\\/schema\\\/logo\\\/image\\\/\",\"url\":\"https:\\\/\\\/webdelmaestrocmf.com\\\/portal\\\/wp-content\\\/uploads\\\/2023\\\/01\\\/logo-wmcmf-2.png\",\"contentUrl\":\"https:\\\/\\\/webdelmaestrocmf.com\\\/portal\\\/wp-content\\\/uploads\\\/2023\\\/01\\\/logo-wmcmf-2.png\",\"width\":200,\"height\":60,\"caption\":\"Web del Maestro CMF\"},\"image\":{\"@id\":\"https:\\\/\\\/webdelmaestrocmf.com\\\/portal\\\/#\\\/schema\\\/logo\\\/image\\\/\"},\"sameAs\":[\"https:\\\/\\\/www.facebook.com\\\/WebdelMaestroCMF\\\/\",\"https:\\\/\\\/x.com\\\/cmf_w\",\"https:\\\/\\\/www.pinterest.com\\\/WMCMF\\\/\",\"https:\\\/\\\/www.linkedin.com\\\/company\\\/web-del-maestro-cmf\\\/\",\"https:\\\/\\\/www.instagram.com\\\/wmcmf\\\/\",\"https:\\\/\\\/www.youtube.com\\\/channel\\\/UCDPSvjbdodE5sHnC3OxutHw\",\"https:\\\/\\\/mastodon.social\\\/@wmcmf\",\"https:\\\/\\\/www.tiktok.com\\\/@webdelmaestrocmf\"]},{\"@type\":\"Person\",\"@id\":\"https:\\\/\\\/webdelmaestrocmf.com\\\/portal\\\/#\\\/schema\\\/person\\\/1072a2ed7bd960df8ef99a551fa35dc5\",\"name\":\"Web del Maestro CMF\",\"image\":{\"@type\":\"ImageObject\",\"inLanguage\":\"es\",\"@id\":\"https:\\\/\\\/secure.gravatar.com\\\/avatar\\\/23291dd5b5ae1077dcff3dbb04c3e02bd28403fa75af6d8787d5e97c5bbbe30b?s=96&d=mm&r=g\",\"url\":\"https:\\\/\\\/secure.gravatar.com\\\/avatar\\\/23291dd5b5ae1077dcff3dbb04c3e02bd28403fa75af6d8787d5e97c5bbbe30b?s=96&d=mm&r=g\",\"contentUrl\":\"https:\\\/\\\/secure.gravatar.com\\\/avatar\\\/23291dd5b5ae1077dcff3dbb04c3e02bd28403fa75af6d8787d5e97c5bbbe30b?s=96&d=mm&r=g\",\"caption\":\"Web del Maestro CMF\"},\"description\":\"Esta Web se cre\u00f3 sin fines de lucro, con fines educativos, cient\u00edficos y acad\u00e9micos, para personas que tengan dificultades y\\\/o inconvenientes en visualizar el material original. El objetivo es entregar recursos, compartir experiencias y materiales que ayuden a los padres de familia, maestros y estudiantes en su actualizaci\u00f3n y formaci\u00f3n permanente, en bien de la Educaci\u00f3n.\",\"sameAs\":[\"http:\\\/\\\/webdelmaestrocmf.com\\\/portal\",\"https:\\\/\\\/www.facebook.com\\\/WebdelMaestroCMF\\\/\",\"https:\\\/\\\/www.instagram.com\\\/wmcmf\\\/\",\"https:\\\/\\\/cl.linkedin.com\\\/company\\\/web-del-maestro-cmf\",\"https:\\\/\\\/www.pinterest.com\\\/WMCMF\\\/publicaciones\\\/\",\"https:\\\/\\\/x.com\\\/cmf_w\",\"https:\\\/\\\/www.youtube.com\\\/@WMCMF\"]}]}<\/script>\n<!-- \/ Yoast SEO plugin. -->","yoast_head_json":{"title":"Jos\u00e9 Antonio Marina: Si no ten\u00e9is pensamiento cr\u00edtico, o si no hay pensamiento cr\u00edtico, la manipulaci\u00f3n va a ser muy sencilla - 2026","description":"Jos\u00e9 Antonio Marina es un fil\u00f3sofo, ensayista y pedagogo espa\u00f1ol reconocido internacionalmente por su trabajo...","robots":{"index":"index","follow":"follow","max-snippet":"max-snippet:-1","max-image-preview":"max-image-preview:large","max-video-preview":"max-video-preview:-1"},"canonical":"https:\/\/webdelmaestrocmf.com\/portal\/jose-antonio-marina-si-no-teneis-pensamiento-critico-o-si-no-hay-pensamiento-critico-la-manipulacion-va-a-ser-muy-sencilla\/","og_locale":"es_ES","og_type":"article","og_title":"Jos\u00e9 Antonio Marina: Si no ten\u00e9is pensamiento cr\u00edtico, o si no hay pensamiento cr\u00edtico, la manipulaci\u00f3n va a ser muy sencilla - 2026","og_description":"Jos\u00e9 Antonio Marina es un fil\u00f3sofo, ensayista y pedagogo espa\u00f1ol reconocido internacionalmente por su trabajo...","og_url":"https:\/\/webdelmaestrocmf.com\/portal\/jose-antonio-marina-si-no-teneis-pensamiento-critico-o-si-no-hay-pensamiento-critico-la-manipulacion-va-a-ser-muy-sencilla\/","og_site_name":"Web del Maestro CMF","article_publisher":"https:\/\/www.facebook.com\/WebdelMaestroCMF\/","article_author":"https:\/\/www.facebook.com\/WebdelMaestroCMF\/","article_published_time":"2026-05-01T00:06:06+00:00","article_modified_time":"2026-05-01T00:08:41+00:00","og_image":[{"width":1200,"height":675,"url":"https:\/\/webdelmaestrocmf.com\/portal\/wp-content\/uploads\/2026\/04\/1AA-Banner-1-portada-imagen-10-1-copia-5-6.webp","type":"image\/webp"}],"author":"Web del Maestro CMF","twitter_card":"summary_large_image","twitter_creator":"@cmf_w","twitter_site":"@cmf_w","schema":{"@context":"https:\/\/schema.org","@graph":[{"@type":"ScholarlyArticle","@id":"https:\/\/webdelmaestrocmf.com\/portal\/jose-antonio-marina-si-no-teneis-pensamiento-critico-o-si-no-hay-pensamiento-critico-la-manipulacion-va-a-ser-muy-sencilla\/#article","isPartOf":{"@id":"https:\/\/webdelmaestrocmf.com\/portal\/jose-antonio-marina-si-no-teneis-pensamiento-critico-o-si-no-hay-pensamiento-critico-la-manipulacion-va-a-ser-muy-sencilla\/"},"author":{"name":"Web del Maestro CMF","@id":"https:\/\/webdelmaestrocmf.com\/portal\/#\/schema\/person\/1072a2ed7bd960df8ef99a551fa35dc5"},"headline":"Jos\u00e9 Antonio Marina: Si no ten\u00e9is pensamiento cr\u00edtico, o si no hay pensamiento cr\u00edtico, la manipulaci\u00f3n va a ser muy sencilla","datePublished":"2026-05-01T00:06:06+00:00","dateModified":"2026-05-01T00:08:41+00:00","mainEntityOfPage":{"@id":"https:\/\/webdelmaestrocmf.com\/portal\/jose-antonio-marina-si-no-teneis-pensamiento-critico-o-si-no-hay-pensamiento-critico-la-manipulacion-va-a-ser-muy-sencilla\/"},"wordCount":841,"commentCount":0,"publisher":{"@id":"https:\/\/webdelmaestrocmf.com\/portal\/#organization"},"image":{"@id":"https:\/\/webdelmaestrocmf.com\/portal\/jose-antonio-marina-si-no-teneis-pensamiento-critico-o-si-no-hay-pensamiento-critico-la-manipulacion-va-a-ser-muy-sencilla\/#primaryimage"},"thumbnailUrl":"https:\/\/webdelmaestrocmf.com\/portal\/wp-content\/uploads\/2026\/04\/1AA-Banner-1-portada-imagen-10-1-copia-5-6.webp","keywords":["aprendizaje","aula","DOCENTES","educaci\u00f3n","estudiantes","filosof\u00eda","formaci\u00f3n","INTELIGENCIA","Jos\u00e9 Antonio Marina","pedagog\u00eda","Pensamiento Cr\u00edtico"],"articleSection":["Entrevistas","Noticias"],"inLanguage":"es","potentialAction":[{"@type":"CommentAction","name":"Comment","target":["https:\/\/webdelmaestrocmf.com\/portal\/jose-antonio-marina-si-no-teneis-pensamiento-critico-o-si-no-hay-pensamiento-critico-la-manipulacion-va-a-ser-muy-sencilla\/#respond"]}]},{"@type":"WebPage","@id":"https:\/\/webdelmaestrocmf.com\/portal\/jose-antonio-marina-si-no-teneis-pensamiento-critico-o-si-no-hay-pensamiento-critico-la-manipulacion-va-a-ser-muy-sencilla\/","url":"https:\/\/webdelmaestrocmf.com\/portal\/jose-antonio-marina-si-no-teneis-pensamiento-critico-o-si-no-hay-pensamiento-critico-la-manipulacion-va-a-ser-muy-sencilla\/","name":"Jos\u00e9 Antonio Marina: Si no ten\u00e9is pensamiento cr\u00edtico, o si no hay pensamiento cr\u00edtico, la manipulaci\u00f3n va a ser muy sencilla - 2026","isPartOf":{"@id":"https:\/\/webdelmaestrocmf.com\/portal\/#website"},"primaryImageOfPage":{"@id":"https:\/\/webdelmaestrocmf.com\/portal\/jose-antonio-marina-si-no-teneis-pensamiento-critico-o-si-no-hay-pensamiento-critico-la-manipulacion-va-a-ser-muy-sencilla\/#primaryimage"},"image":{"@id":"https:\/\/webdelmaestrocmf.com\/portal\/jose-antonio-marina-si-no-teneis-pensamiento-critico-o-si-no-hay-pensamiento-critico-la-manipulacion-va-a-ser-muy-sencilla\/#primaryimage"},"thumbnailUrl":"https:\/\/webdelmaestrocmf.com\/portal\/wp-content\/uploads\/2026\/04\/1AA-Banner-1-portada-imagen-10-1-copia-5-6.webp","datePublished":"2026-05-01T00:06:06+00:00","dateModified":"2026-05-01T00:08:41+00:00","description":"Jos\u00e9 Antonio Marina es un fil\u00f3sofo, ensayista y pedagogo espa\u00f1ol reconocido internacionalmente por su trabajo...","breadcrumb":{"@id":"https:\/\/webdelmaestrocmf.com\/portal\/jose-antonio-marina-si-no-teneis-pensamiento-critico-o-si-no-hay-pensamiento-critico-la-manipulacion-va-a-ser-muy-sencilla\/#breadcrumb"},"inLanguage":"es","potentialAction":[{"@type":"ReadAction","target":["https:\/\/webdelmaestrocmf.com\/portal\/jose-antonio-marina-si-no-teneis-pensamiento-critico-o-si-no-hay-pensamiento-critico-la-manipulacion-va-a-ser-muy-sencilla\/"]}]},{"@type":"ImageObject","inLanguage":"es","@id":"https:\/\/webdelmaestrocmf.com\/portal\/jose-antonio-marina-si-no-teneis-pensamiento-critico-o-si-no-hay-pensamiento-critico-la-manipulacion-va-a-ser-muy-sencilla\/#primaryimage","url":"https:\/\/webdelmaestrocmf.com\/portal\/wp-content\/uploads\/2026\/04\/1AA-Banner-1-portada-imagen-10-1-copia-5-6.webp","contentUrl":"https:\/\/webdelmaestrocmf.com\/portal\/wp-content\/uploads\/2026\/04\/1AA-Banner-1-portada-imagen-10-1-copia-5-6.webp","width":1200,"height":675},{"@type":"BreadcrumbList","@id":"https:\/\/webdelmaestrocmf.com\/portal\/jose-antonio-marina-si-no-teneis-pensamiento-critico-o-si-no-hay-pensamiento-critico-la-manipulacion-va-a-ser-muy-sencilla\/#breadcrumb","itemListElement":[{"@type":"ListItem","position":1,"name":"Portada","item":"https:\/\/webdelmaestrocmf.com\/portal\/"},{"@type":"ListItem","position":2,"name":"Noticias","item":"https:\/\/webdelmaestrocmf.com\/portal\/category\/noticias\/"},{"@type":"ListItem","position":3,"name":"Jos\u00e9 Antonio Marina: Si no ten\u00e9is pensamiento cr\u00edtico, o si no hay pensamiento cr\u00edtico, la manipulaci\u00f3n va a ser muy sencilla"}]},{"@type":"WebSite","@id":"https:\/\/webdelmaestrocmf.com\/portal\/#website","url":"https:\/\/webdelmaestrocmf.com\/portal\/","name":"Web del Maestro CMF","description":"Maestros al servicio de la educaci\u00f3n","publisher":{"@id":"https:\/\/webdelmaestrocmf.com\/portal\/#organization"},"alternateName":"WMCMF","potentialAction":[{"@type":"SearchAction","target":{"@type":"EntryPoint","urlTemplate":"https:\/\/webdelmaestrocmf.com\/portal\/?s={search_term_string}"},"query-input":{"@type":"PropertyValueSpecification","valueRequired":true,"valueName":"search_term_string"}}],"inLanguage":"es"},{"@type":"Organization","@id":"https:\/\/webdelmaestrocmf.com\/portal\/#organization","name":"Web del Maestro CMF","alternateName":"WMCMF","url":"https:\/\/webdelmaestrocmf.com\/portal\/","logo":{"@type":"ImageObject","inLanguage":"es","@id":"https:\/\/webdelmaestrocmf.com\/portal\/#\/schema\/logo\/image\/","url":"https:\/\/webdelmaestrocmf.com\/portal\/wp-content\/uploads\/2023\/01\/logo-wmcmf-2.png","contentUrl":"https:\/\/webdelmaestrocmf.com\/portal\/wp-content\/uploads\/2023\/01\/logo-wmcmf-2.png","width":200,"height":60,"caption":"Web del Maestro CMF"},"image":{"@id":"https:\/\/webdelmaestrocmf.com\/portal\/#\/schema\/logo\/image\/"},"sameAs":["https:\/\/www.facebook.com\/WebdelMaestroCMF\/","https:\/\/x.com\/cmf_w","https:\/\/www.pinterest.com\/WMCMF\/","https:\/\/www.linkedin.com\/company\/web-del-maestro-cmf\/","https:\/\/www.instagram.com\/wmcmf\/","https:\/\/www.youtube.com\/channel\/UCDPSvjbdodE5sHnC3OxutHw","https:\/\/mastodon.social\/@wmcmf","https:\/\/www.tiktok.com\/@webdelmaestrocmf"]},{"@type":"Person","@id":"https:\/\/webdelmaestrocmf.com\/portal\/#\/schema\/person\/1072a2ed7bd960df8ef99a551fa35dc5","name":"Web del Maestro CMF","image":{"@type":"ImageObject","inLanguage":"es","@id":"https:\/\/secure.gravatar.com\/avatar\/23291dd5b5ae1077dcff3dbb04c3e02bd28403fa75af6d8787d5e97c5bbbe30b?s=96&d=mm&r=g","url":"https:\/\/secure.gravatar.com\/avatar\/23291dd5b5ae1077dcff3dbb04c3e02bd28403fa75af6d8787d5e97c5bbbe30b?s=96&d=mm&r=g","contentUrl":"https:\/\/secure.gravatar.com\/avatar\/23291dd5b5ae1077dcff3dbb04c3e02bd28403fa75af6d8787d5e97c5bbbe30b?s=96&d=mm&r=g","caption":"Web del Maestro CMF"},"description":"Esta Web se cre\u00f3 sin fines de lucro, con fines educativos, cient\u00edficos y acad\u00e9micos, para personas que tengan dificultades y\/o inconvenientes en visualizar el material original. El objetivo es entregar recursos, compartir experiencias y materiales que ayuden a los padres de familia, maestros y estudiantes en su actualizaci\u00f3n y formaci\u00f3n permanente, en bien de la Educaci\u00f3n.","sameAs":["http:\/\/webdelmaestrocmf.com\/portal","https:\/\/www.facebook.com\/WebdelMaestroCMF\/","https:\/\/www.instagram.com\/wmcmf\/","https:\/\/cl.linkedin.com\/company\/web-del-maestro-cmf","https:\/\/www.pinterest.com\/WMCMF\/publicaciones\/","https:\/\/x.com\/cmf_w","https:\/\/www.youtube.com\/@WMCMF"]}]}},"jetpack_featured_media_url":"https:\/\/webdelmaestrocmf.com\/portal\/wp-content\/uploads\/2026\/04\/1AA-Banner-1-portada-imagen-10-1-copia-5-6.webp","jetpack_sharing_enabled":true,"jetpack-related-posts":[{"id":116450,"url":"https:\/\/webdelmaestrocmf.com\/portal\/jose-antonio-marina-en-cinco-anos-podriamos-tener-una-escuela-sin-valores-humanisticos\/","url_meta":{"origin":118510,"position":0},"title":"Jos\u00e9 Antonio Marina: En cinco a\u00f1os podr\u00edamos tener una escuela sin valores human\u00edsticos","author":"Web del Maestro CMF","date":"14 marzo, 2026","format":false,"excerpt":"Jos\u00e9 Antonio Marina advierte que la escuela podr\u00eda perder los valores human\u00edsticos si prioriza solo tecnolog\u00eda y ciencia. Defiende integrar \u00e9tica, pensamiento cr\u00edtico, memoria, deber y formaci\u00f3n del car\u00e1cter.","rel":"","context":"En \u00abEntrevistas\u00bb","block_context":{"text":"Entrevistas","link":"https:\/\/webdelmaestrocmf.com\/portal\/category\/noticias\/entrevistas\/"},"img":{"alt_text":"","src":"https:\/\/i0.wp.com\/webdelmaestrocmf.com\/portal\/wp-content\/uploads\/2026\/03\/1AA-Banner-1-portada-imagen-10-1-copia-2-2.webp?resize=350%2C200&ssl=1","width":350,"height":200,"srcset":"https:\/\/i0.wp.com\/webdelmaestrocmf.com\/portal\/wp-content\/uploads\/2026\/03\/1AA-Banner-1-portada-imagen-10-1-copia-2-2.webp?resize=350%2C200&ssl=1 1x, https:\/\/i0.wp.com\/webdelmaestrocmf.com\/portal\/wp-content\/uploads\/2026\/03\/1AA-Banner-1-portada-imagen-10-1-copia-2-2.webp?resize=525%2C300&ssl=1 1.5x, https:\/\/i0.wp.com\/webdelmaestrocmf.com\/portal\/wp-content\/uploads\/2026\/03\/1AA-Banner-1-portada-imagen-10-1-copia-2-2.webp?resize=700%2C400&ssl=1 2x, https:\/\/i0.wp.com\/webdelmaestrocmf.com\/portal\/wp-content\/uploads\/2026\/03\/1AA-Banner-1-portada-imagen-10-1-copia-2-2.webp?resize=1050%2C600&ssl=1 3x"},"classes":[]},{"id":60216,"url":"https:\/\/webdelmaestrocmf.com\/portal\/jose-antonio-marina-a-mis-alumnos-mas-pequenos-les-doy-una-receta-cuando-alguien-te-diga-una-cosa-tu-preguntale-eso-como-lo-sabes\/","url_meta":{"origin":118510,"position":1},"title":"Jos\u00e9 Antonio Marina: A mis alumnos m\u00e1s peque\u00f1os les doy una receta: cuando alguien te diga una cosa, t\u00fa preg\u00fantale \u2018\u00bfeso c\u00f3mo lo sabes?\u2019","author":"Web del Maestro CMF","date":"7 marzo, 2021","format":false,"excerpt":"El pensador critica que internet ampl\u00ede burbujas en lugar de horizontes. En tiempos de incertidumbre y ante el auge de la desinformaci\u00f3n a trav\u00e9s de las redes sociales, el fil\u00f3sofo Jos\u00e9 Antonio Marina (Toledo, 1939) invita a fomentar el pensamiento cr\u00edtico. El profesor y conferenciante de Thinking Heads charla con\u00a0CincoD\u00edas\u00a0en\u2026","rel":"","context":"En \u00abEntrevistas\u00bb","block_context":{"text":"Entrevistas","link":"https:\/\/webdelmaestrocmf.com\/portal\/category\/noticias\/entrevistas\/"},"img":{"alt_text":"","src":"https:\/\/i0.wp.com\/webdelmaestrocmf.com\/portal\/wp-content\/uploads\/2021\/03\/2-copia.jpg?resize=350%2C200&ssl=1","width":350,"height":200,"srcset":"https:\/\/i0.wp.com\/webdelmaestrocmf.com\/portal\/wp-content\/uploads\/2021\/03\/2-copia.jpg?resize=350%2C200&ssl=1 1x, https:\/\/i0.wp.com\/webdelmaestrocmf.com\/portal\/wp-content\/uploads\/2021\/03\/2-copia.jpg?resize=525%2C300&ssl=1 1.5x, https:\/\/i0.wp.com\/webdelmaestrocmf.com\/portal\/wp-content\/uploads\/2021\/03\/2-copia.jpg?resize=700%2C400&ssl=1 2x, https:\/\/i0.wp.com\/webdelmaestrocmf.com\/portal\/wp-content\/uploads\/2021\/03\/2-copia.jpg?resize=1050%2C600&ssl=1 3x"},"classes":[]},{"id":115073,"url":"https:\/\/webdelmaestrocmf.com\/portal\/jose-anotnio-marina-no-se-esta-educando-a-los-ninos-en-la-atencion-debido-a-teorias-psicologicas-que-priorizan-la-motivacion-sobre-la-voluntad-y-la-responsabilidad\/","url_meta":{"origin":118510,"position":2},"title":"Jos\u00e9 Antonio Marina: No se est\u00e1 educando a los ni\u00f1os en la atenci\u00f3n debido a teor\u00edas psicol\u00f3gicas que priorizan la motivaci\u00f3n sobre la voluntad y la responsabilidad","author":"Web del Maestro CMF","date":"1 febrero, 2026","format":false,"excerpt":"Jos\u00e9 Antonio Marina advierte que sin deber, voluntad y memoria, escuela debilita atenci\u00f3n, empobrece la inteligencia y limita libertad humana.","rel":"","context":"En \u00abEntrevistas\u00bb","block_context":{"text":"Entrevistas","link":"https:\/\/webdelmaestrocmf.com\/portal\/category\/noticias\/entrevistas\/"},"img":{"alt_text":"","src":"https:\/\/i0.wp.com\/webdelmaestrocmf.com\/portal\/wp-content\/uploads\/2026\/02\/1A-Banner-1-portada-imagen-10-1-copia-2.webp?resize=350%2C200&ssl=1","width":350,"height":200,"srcset":"https:\/\/i0.wp.com\/webdelmaestrocmf.com\/portal\/wp-content\/uploads\/2026\/02\/1A-Banner-1-portada-imagen-10-1-copia-2.webp?resize=350%2C200&ssl=1 1x, https:\/\/i0.wp.com\/webdelmaestrocmf.com\/portal\/wp-content\/uploads\/2026\/02\/1A-Banner-1-portada-imagen-10-1-copia-2.webp?resize=525%2C300&ssl=1 1.5x, https:\/\/i0.wp.com\/webdelmaestrocmf.com\/portal\/wp-content\/uploads\/2026\/02\/1A-Banner-1-portada-imagen-10-1-copia-2.webp?resize=700%2C400&ssl=1 2x"},"classes":[]},{"id":24225,"url":"https:\/\/webdelmaestrocmf.com\/portal\/decir-no-aprender-cosas-memoria-disparate-neurologico-total\/","url_meta":{"origin":118510,"position":3},"title":"Jos\u00e9 Antonio Marina: Decir que no hay que aprender cosas de memoria es un disparate neurol\u00f3gico total","author":"Web del Maestro CMF","date":"11 febrero, 2023","format":false,"excerpt":"El fil\u00f3sofo y escritor espa\u00f1ol Jos\u00e9 Antonio Marina (Toledo, 1939), ha dedicado toda su labor de investigador a la elaboraci\u00f3n de una teor\u00eda de la inteligencia que comienza en la neurolog\u00eda y termina en la \u00e9tica. Sostiene que la funci\u00f3n principal de la inteligencia no es conocer sino alcanzar la\u2026","rel":"","context":"En \u00abEntrevistas\u00bb","block_context":{"text":"Entrevistas","link":"https:\/\/webdelmaestrocmf.com\/portal\/category\/noticias\/entrevistas\/"},"img":{"alt_text":"Jos\u00e9 Antonio Marina","src":"https:\/\/i0.wp.com\/webdelmaestrocmf.com\/portal\/wp-content\/uploads\/2023\/02\/A12B3C4D-27.jpg?resize=350%2C200&ssl=1","width":350,"height":200,"srcset":"https:\/\/i0.wp.com\/webdelmaestrocmf.com\/portal\/wp-content\/uploads\/2023\/02\/A12B3C4D-27.jpg?resize=350%2C200&ssl=1 1x, https:\/\/i0.wp.com\/webdelmaestrocmf.com\/portal\/wp-content\/uploads\/2023\/02\/A12B3C4D-27.jpg?resize=525%2C300&ssl=1 1.5x, https:\/\/i0.wp.com\/webdelmaestrocmf.com\/portal\/wp-content\/uploads\/2023\/02\/A12B3C4D-27.jpg?resize=700%2C400&ssl=1 2x"},"classes":[]},{"id":107448,"url":"https:\/\/webdelmaestrocmf.com\/portal\/jose-antonio-marina-el-pensamiento-critico-es-nuestra-defensa-contra-la-manipulacion-y-el-fanatismo\/","url_meta":{"origin":118510,"position":4},"title":"Jos\u00e9 Antonio Marina: El pensamiento cr\u00edtico es nuestra defensa contra la manipulaci\u00f3n y el fanatismo","author":"Web del Maestro CMF","date":"11 enero, 2025","format":false,"excerpt":"\u201cSoy fil\u00f3sofo, y hoy me lo tengo que pensar dos veces antes de afirmar que todos deber\u00edan estudiar Filosof\u00eda\u201d. La frase, pronunciada por el pensador, ensayista y pedagogo Jos\u00e9 Antonio Marina (Toledo, 1939) durante una entrevista en su domicilio madrile\u00f1o, cobra sentido dentro de una reflexi\u00f3n sobre la p\u00e9rdida de\u2026","rel":"","context":"En \u00abEntrevistas\u00bb","block_context":{"text":"Entrevistas","link":"https:\/\/webdelmaestrocmf.com\/portal\/category\/noticias\/entrevistas\/"},"img":{"alt_text":"","src":"https:\/\/i0.wp.com\/webdelmaestrocmf.com\/portal\/wp-content\/uploads\/2025\/01\/1A-Banner-1-portada-imagen-10-1-16.jpg?resize=350%2C200&ssl=1","width":350,"height":200,"srcset":"https:\/\/i0.wp.com\/webdelmaestrocmf.com\/portal\/wp-content\/uploads\/2025\/01\/1A-Banner-1-portada-imagen-10-1-16.jpg?resize=350%2C200&ssl=1 1x, https:\/\/i0.wp.com\/webdelmaestrocmf.com\/portal\/wp-content\/uploads\/2025\/01\/1A-Banner-1-portada-imagen-10-1-16.jpg?resize=525%2C300&ssl=1 1.5x, https:\/\/i0.wp.com\/webdelmaestrocmf.com\/portal\/wp-content\/uploads\/2025\/01\/1A-Banner-1-portada-imagen-10-1-16.jpg?resize=700%2C400&ssl=1 2x"},"classes":[]},{"id":94404,"url":"https:\/\/webdelmaestrocmf.com\/portal\/jose-antonio-marina-los-docentes-somos-expertos-en-conseguir-que-aprendan-y-eso-es-muy-complicado\/","url_meta":{"origin":118510,"position":5},"title":"Jos\u00e9 Antonio Marina: Me parece que los docentes tienen, en general, una formaci\u00f3n muy mala","author":"Web del Maestro CMF","date":"24 octubre, 2024","format":false,"excerpt":"\u201cSoy fil\u00f3sofo, y hoy me lo tengo que pensar dos veces antes de afirmar que todos deber\u00edan estudiar Filosof\u00eda\u201d. La frase, pronunciada por el pensador, ensayista y pedagogo Jos\u00e9 Antonio Marina (Toledo, 1939) durante una entrevista en su domicilio madrile\u00f1o, cobra sentido dentro de una reflexi\u00f3n sobre la p\u00e9rdida de\u2026","rel":"","context":"En \u00abEntrevistas\u00bb","block_context":{"text":"Entrevistas","link":"https:\/\/webdelmaestrocmf.com\/portal\/category\/noticias\/entrevistas\/"},"img":{"alt_text":"","src":"https:\/\/i0.wp.com\/webdelmaestrocmf.com\/portal\/wp-content\/uploads\/2023\/09\/Banner-1-portada-imagen-10-1-1-1.jpg?resize=350%2C200&ssl=1","width":350,"height":200,"srcset":"https:\/\/i0.wp.com\/webdelmaestrocmf.com\/portal\/wp-content\/uploads\/2023\/09\/Banner-1-portada-imagen-10-1-1-1.jpg?resize=350%2C200&ssl=1 1x, https:\/\/i0.wp.com\/webdelmaestrocmf.com\/portal\/wp-content\/uploads\/2023\/09\/Banner-1-portada-imagen-10-1-1-1.jpg?resize=525%2C300&ssl=1 1.5x, https:\/\/i0.wp.com\/webdelmaestrocmf.com\/portal\/wp-content\/uploads\/2023\/09\/Banner-1-portada-imagen-10-1-1-1.jpg?resize=700%2C400&ssl=1 2x"},"classes":[]}],"_links":{"self":[{"href":"https:\/\/webdelmaestrocmf.com\/portal\/wp-json\/wp\/v2\/posts\/118510","targetHints":{"allow":["GET"]}}],"collection":[{"href":"https:\/\/webdelmaestrocmf.com\/portal\/wp-json\/wp\/v2\/posts"}],"about":[{"href":"https:\/\/webdelmaestrocmf.com\/portal\/wp-json\/wp\/v2\/types\/post"}],"author":[{"embeddable":true,"href":"https:\/\/webdelmaestrocmf.com\/portal\/wp-json\/wp\/v2\/users\/1"}],"replies":[{"embeddable":true,"href":"https:\/\/webdelmaestrocmf.com\/portal\/wp-json\/wp\/v2\/comments?post=118510"}],"version-history":[{"count":1,"href":"https:\/\/webdelmaestrocmf.com\/portal\/wp-json\/wp\/v2\/posts\/118510\/revisions"}],"predecessor-version":[{"id":118512,"href":"https:\/\/webdelmaestrocmf.com\/portal\/wp-json\/wp\/v2\/posts\/118510\/revisions\/118512"}],"wp:featuredmedia":[{"embeddable":true,"href":"https:\/\/webdelmaestrocmf.com\/portal\/wp-json\/wp\/v2\/media\/118513"}],"wp:attachment":[{"href":"https:\/\/webdelmaestrocmf.com\/portal\/wp-json\/wp\/v2\/media?parent=118510"}],"wp:term":[{"taxonomy":"category","embeddable":true,"href":"https:\/\/webdelmaestrocmf.com\/portal\/wp-json\/wp\/v2\/categories?post=118510"},{"taxonomy":"post_tag","embeddable":true,"href":"https:\/\/webdelmaestrocmf.com\/portal\/wp-json\/wp\/v2\/tags?post=118510"}],"curies":[{"name":"wp","href":"https:\/\/api.w.org\/{rel}","templated":true}]}}