{"id":118505,"date":"2026-04-30T19:04:24","date_gmt":"2026-04-30T23:04:24","guid":{"rendered":"https:\/\/webdelmaestrocmf.com\/portal\/?p=118505"},"modified":"2026-04-30T19:28:31","modified_gmt":"2026-04-30T23:28:31","slug":"maestra-consulta-que-hacer-tras-sufrir-acoso-laboral-por-parte-de-una-profesora-y-directora-teme-denunciar-y-quedar-vetada-de-por-vida-como-se-debe-de-proceder-en-estos-casos","status":"publish","type":"post","link":"https:\/\/webdelmaestrocmf.com\/portal\/maestra-consulta-que-hacer-tras-sufrir-acoso-laboral-por-parte-de-una-profesora-y-directora-teme-denunciar-y-quedar-vetada-de-por-vida-como-se-debe-de-proceder-en-estos-casos\/","title":{"rendered":"Maestra consulta qu\u00e9 hacer tras sufrir acoso laboral por parte de una profesora y directora, teme denunciar y quedar vetada de por vida \u00bfC\u00f3mo se debe de proceder en estos casos?"},"content":{"rendered":"\n<p>La denuncia de una profesora que declara haber sufrido <strong>acoso laboral sistem\u00e1tico por parte de una colega y una directora<\/strong> vuelve a poner en evidencia una problem\u00e1tica persistente en el sistema educativo. Seg\u00fan su relato, la situaci\u00f3n incluy\u00f3 <strong>gritos, malos tratos, omisi\u00f3n de informaci\u00f3n clave y tergiversaci\u00f3n de funciones<\/strong>, afectando directamente su desempe\u00f1o profesional y su estabilidad emocional. A esto se suma un factor cr\u00edtico: <strong>el miedo a denunciar por posibles represalias<\/strong>, especialmente en contextos donde los contratos son inestables y la continuidad laboral depende de decisiones administrativas.<\/p>\n\n\n\n<p>Este caso no es aislado. Refleja un patr\u00f3n donde el docente, lejos de encontrar un entorno de apoyo, se enfrenta a estructuras que muchas veces <strong>protegen al agresor y debilitan al denunciante<\/strong>. La incertidumbre frente a las consecuencias de denunciar genera un c\u00edrculo de silencio que perpet\u00faa el problema.<\/p>\n\n\n\n<figure class=\"wp-block-image size-large\"><img loading=\"lazy\" decoding=\"async\" width=\"629\" height=\"1024\" src=\"https:\/\/webdelmaestrocmf.com\/portal\/wp-content\/uploads\/2026\/04\/image-629x1024.png\" alt=\"\" class=\"wp-image-118506\" srcset=\"https:\/\/webdelmaestrocmf.com\/portal\/wp-content\/uploads\/2026\/04\/image-629x1024.png 629w, https:\/\/webdelmaestrocmf.com\/portal\/wp-content\/uploads\/2026\/04\/image-184x300.png 184w, https:\/\/webdelmaestrocmf.com\/portal\/wp-content\/uploads\/2026\/04\/image-528x860.png 528w, https:\/\/webdelmaestrocmf.com\/portal\/wp-content\/uploads\/2026\/04\/image.png 691w\" sizes=\"auto, (max-width: 629px) 100vw, 629px\" \/><\/figure>\n\n\n\n<h2 class=\"wp-block-heading\"><strong>Lo que dicen los docentes: entre el miedo, la experiencia y la resignaci\u00f3n<\/strong><\/h2>\n\n\n\n<p>Las respuestas que recibe la profesora muestran una comunidad profundamente afectada y, en muchos casos, desilusionada. Algunos testimonios evidencian experiencias directas:<\/p>\n\n\n\n<p><strong>Mar\u00eda Antonieta Hurtado<\/strong> relata que, tras denunciar, se logr\u00f3 una reestructuraci\u00f3n institucional, pero tambi\u00e9n termin\u00f3 dejando el cargo, lo que confirma que <strong>denunciar puede implicar un costo personal alto<\/strong>.<\/p>\n\n\n\n<p><strong>Sandra C\u00e1rdenas Leiva<\/strong> sugiere una ruta m\u00e1s t\u00e9cnica, indicando que es clave <strong>acudir a la mutual, reunir evidencia y luego proceder con una tutela laboral<\/strong>, lo que revela que el camino legal es posible, pero complejo.<\/p>\n\n\n\n<p><strong>Gabriela Constanza Reiman<\/strong> plantea una visi\u00f3n m\u00e1s pragm\u00e1tica: se\u00f1ala que probablemente la docente no contin\u00fae en su puesto, denuncie o no, lo que refleja una percepci\u00f3n extendida de <strong>inevitabilidad del desenlace laboral<\/strong>.<\/p>\n\n\n\n<p>Por otro lado, aparecen posturas m\u00e1s cr\u00edticas y duras. <strong>Karo Pbte<\/strong> advierte que denunciar puede significar quedar sin trabajo y sin nuevas oportunidades, mientras que <strong>Participante an\u00f3nimo 289<\/strong> sostiene que no denunciar solo perpet\u00faa el abuso, enfatizando la necesidad de romper el silencio.<\/p>\n\n\n\n<p>Tambi\u00e9n hay llamados a priorizar la salud. <strong>Participante an\u00f3nimo 409<\/strong> recomienda salir del entorno t\u00f3xico y buscar nuevas oportunidades, destacando que <strong>ning\u00fan trabajo justifica el deterioro emocional<\/strong>.<\/p>\n\n\n\n<h2 class=\"wp-block-heading\"><strong>Un sistema tensionado: cultura laboral y poder en las instituciones<\/strong><\/h2>\n\n\n\n<p>Lo que subyace en estos comentarios es una percepci\u00f3n preocupante: <strong>la existencia de relaciones de poder desiguales y, en algunos casos, redes de protecci\u00f3n interna<\/strong> que dificultan la denuncia. La idea de que \u201ctodo queda en nada\u201d o que \u201clos directivos siempre ganan\u201d no solo refleja frustraci\u00f3n, sino tambi\u00e9n una <strong>crisis de confianza en los mecanismos institucionales<\/strong>.<\/p>\n\n\n\n<p>Adem\u00e1s, se evidencia una falta de cultura organizacional saludable. En lugar de promover ambientes colaborativos, muchos centros educativos reproducen din\u00e1micas de control, miedo y silenciamiento. Esto impacta directamente en la calidad educativa, porque <strong>un docente que trabaja bajo presi\u00f3n o maltrato no puede ense\u00f1ar en condiciones \u00f3ptimas<\/strong>.<\/p>\n\n\n\n<h2 class=\"wp-block-heading\"><strong>\u00bfC\u00f3mo debe proceder un docente ante el acoso laboral?<\/strong><\/h2>\n\n\n\n<p>El acoso laboral en el \u00e1mbito educativo no es un hecho aislado, sino una manifestaci\u00f3n de <strong>fallas estructurales en la gesti\u00f3n institucional, el liderazgo directivo y la cultura organizacional<\/strong>. Frente a este escenario, el docente no puede actuar desde la improvisaci\u00f3n o la reacci\u00f3n emocional inmediata. <strong>Debe proceder con estrategia, criterio y respaldo<\/strong>, entendiendo que cada decisi\u00f3n tiene implicancias legales, profesionales y personales.<\/p>\n\n\n\n<h2 class=\"wp-block-heading\"><strong>Documentar todo: la base de cualquier defensa s\u00f3lida<\/strong><\/h2>\n\n\n\n<p>La primera acci\u00f3n no es denunciar, sino <strong>construir evidencia<\/strong>. Sin pruebas, el acoso se convierte en un relato dif\u00edcil de sostener. Es imprescindible registrar de forma sistem\u00e1tica <strong>correos electr\u00f3nicos, mensajes, instrucciones contradictorias, cambios arbitrarios de funciones, testigos y cualquier incidente relevante<\/strong>. Esta documentaci\u00f3n no solo fortalece una eventual denuncia, sino que tambi\u00e9n <strong>ordena los hechos y permite identificar patrones de hostigamiento<\/strong>, lo cual es clave en procesos formales.<\/p>\n\n\n\n<p>Un error frecuente es confiar en la memoria o en testimonios informales. En estos casos, <strong>lo que no est\u00e1 documentado, no existe jur\u00eddicamente<\/strong>.<\/p>\n\n\n\n<h2 class=\"wp-block-heading\"><strong>Actuar con prudencia: evitar confrontaciones sin respaldo<\/strong><\/h2>\n\n\n\n<p>El impulso natural ante el maltrato es confrontar, pero en contextos de acoso esto puede agravar la situaci\u00f3n. <strong>El acosador suele tener una posici\u00f3n de poder o influencia<\/strong>, lo que le permite manipular los hechos o revertir la narrativa.<\/p>\n\n\n\n<p>Por ello, es fundamental <strong>evitar enfrentamientos directos sin respaldo institucional o legal<\/strong>. La acci\u00f3n del docente debe ser estrat\u00e9gica, orientada a <strong>protegerse, no a \u201cganar\u201d una discusi\u00f3n<\/strong>. La inteligencia emocional aqu\u00ed no es pasividad, sino una forma de control y resguardo.<\/p>\n\n\n\n<h2 class=\"wp-block-heading\"><strong>Activar canales formales internos: dejar constancia es clave<\/strong><\/h2>\n\n\n\n<p>Antes de escalar el conflicto, es necesario <strong>utilizar los canales institucionales disponibles<\/strong>. Esto puede incluir convivencia escolar, recursos humanos o instancias directivas superiores. El objetivo no es solo buscar soluci\u00f3n, sino <strong>dejar un registro formal del problema<\/strong>.<\/p>\n\n\n\n<p>Estos procedimientos cumplen una doble funci\u00f3n: por un lado, <strong>obligan a la instituci\u00f3n a pronunciarse<\/strong>; por otro, <strong>generan trazabilidad<\/strong>, lo que ser\u00e1 determinante si el caso escala a instancias externas.<\/p>\n\n\n\n<p>Ignorar esta etapa puede debilitar cualquier acci\u00f3n posterior, ya que se pierde la oportunidad de demostrar que se intent\u00f3 resolver el conflicto dentro del marco institucional.<\/p>\n\n\n\n<h2 class=\"wp-block-heading\"><strong>Recurrir a instancias externas: validar el acoso desde lo t\u00e9cnico<\/strong><\/h2>\n\n\n\n<p>Cuando la instituci\u00f3n no responde o es parte del problema, el docente debe acudir a organismos externos. Aqu\u00ed entran en juego entidades especializadas que permiten <strong>validar t\u00e9cnicamente el acoso laboral como una vulneraci\u00f3n de derechos o como una condici\u00f3n que afecta la salud<\/strong>.<\/p>\n\n\n\n<p>Este paso marca un punto de inflexi\u00f3n, ya que transforma una situaci\u00f3n subjetiva en un <strong>caso con reconocimiento formal<\/strong>. Sin embargo, requiere preparaci\u00f3n, ya que estos procesos suelen ser exigentes en t\u00e9rminos de evidencia y consistencia del relato.<\/p>\n\n\n\n<h2 class=\"wp-block-heading\"><strong>Evaluar el costo real de denunciar<\/strong><\/h2>\n\n\n\n<p>Denunciar no es solo un acto de justicia, es una decisi\u00f3n estrat\u00e9gica. <strong>Implica costos emocionales, desgaste profesional y posibles consecuencias laborales<\/strong>. Por ello, el docente debe analizar con claridad su contexto: tipo de contrato, redes de apoyo, estabilidad econ\u00f3mica y estado emocional.<\/p>\n\n\n\n<p>Esto no significa renunciar a denunciar, sino hacerlo con plena conciencia. <strong>La decisi\u00f3n informada protege al docente de expectativas irreales y frustraciones posteriores<\/strong>.<\/p>\n\n\n\n<h2 class=\"wp-block-heading\"><strong>Asesorarse legalmente desde el inicio<\/strong><\/h2>\n\n\n\n<p>Uno de los errores m\u00e1s frecuentes es buscar asesor\u00eda legal cuando el problema ya escal\u00f3. En realidad, <strong>el acompa\u00f1amiento de un abogado laboral desde las primeras etapas permite ordenar el caso, evitar errores y definir una estrategia coherente<\/strong>.<\/p>\n\n\n\n<p>El enfoque legal no solo busca sancionar, sino tambi\u00e9n <strong>proteger derechos, evaluar alternativas como la salida negociada o la tutela laboral, y resguardar la integridad del docente durante el proceso<\/strong>.<\/p>\n\n\n\n<h2 class=\"wp-block-heading\"><strong>Priorizar la salud mental: el l\u00edmite que no se debe cruzar<\/strong><\/h2>\n\n\n\n<p>El acoso laboral tiene un impacto directo en la salud emocional. Ansiedad, desgaste, inseguridad y p\u00e9rdida de motivaci\u00f3n son efectos comunes. Por ello, <strong>la salud mental debe ser un criterio central en la toma de decisiones<\/strong>.<\/p>\n\n\n\n<p>Permanecer en un entorno hostil no siempre es sin\u00f3nimo de resistencia o valent\u00eda. En muchos casos, <strong>retirarse estrat\u00e9gicamente es una forma de protecci\u00f3n leg\u00edtima<\/strong>, no una derrota. El objetivo no es solo \u201cganar\u201d un caso, sino <strong>preservar la integridad personal y profesional<\/strong>.<\/p>\n\n\n\n<h2 class=\"wp-block-heading\"><strong>Una reflexi\u00f3n necesaria para el sistema educativo<\/strong><\/h2>\n\n\n\n<p>Este problema no puede seguir siendo abordado como una experiencia individual. <strong>El acoso laboral en la docencia es un s\u00edntoma de un sistema que falla en garantizar condiciones m\u00ednimas de respeto y dignidad<\/strong>. Cuando denunciar implica riesgos laborales, el mensaje institucional es claro: el silencio es m\u00e1s seguro que la justicia.<\/p>\n\n\n\n<p>Esto es insostenible. <strong>Las autoridades y responsables deben asumir un rol activo en la prevenci\u00f3n, detecci\u00f3n y sanci\u00f3n del acoso<\/strong>, fortaleciendo protocolos, asegurando transparencia y protegiendo efectivamente a quienes denuncian.<\/p>\n\n\n\n<p>La pregunta no es solo qu\u00e9 debe hacer el docente. <strong>La pregunta urgente es qu\u00e9 est\u00e1 haciendo el sistema para no obligarlo a elegir entre su dignidad y su trabajo<\/strong>.<\/p>\n\n\n\n<p class=\"has-text-align-right\"><strong>Redacci\u00f3n | Web del Maestro CMF<\/strong><\/p>\n\n\n\t\t<div class=\"pk-inline-posts\">\n\t\t\t\t\t\t\t<h5 class=\"pk-inline-posts-title pk-title pk-font-block\">\n\t\t\t\t\t\u00daltimas entradas\t\t\t\t<\/h5>\n\t\t\t\n\t\t\t<div class=\"pk-inline-posts-container pk-inline-posts-template-list\"\n\t\t\t\tdata-columns=\"1\">\n\t\t\t\t\t\t<article id=\"post-118473\" class=\"post-118473 post type-post status-publish format-standard has-post-thumbnail category-noticias-internacionales tag-convivencia tag-docentes tag-educacion-3 tag-gestion-escolar-2 tag-protocolos tag-salud-mental tag-seguridad-escolar tag-simulacros tag-violencia-escolar cs-entry cs-video-wrap\">\n\t\t\t<div class=\"pk-post-outer\">\n\n\t\t\t\t\t\t\t\t<div class=\"pk-post-inner\">\n\t\t\t\t\t<div class=\"entry-thumbnail\">\n\t\t\t\t\t\t<div class=\"pk-overlay pk-overlay-ratio pk-ratio-landscape\">\n\t\t\t\t\t\t\t<div class=\"pk-overlay-background\">\n\t\t\t\t\t\t\t\t<a href=\"https:\/\/webdelmaestrocmf.com\/portal\/se-confirma-que-habra-simulacros-de-tiroteos-en-las-escuelas\/\" class=\"pk-overlay-link\">\n\t\t\t\t\t\t\t\t\t<img loading=\"lazy\" decoding=\"async\" width=\"300\" height=\"225\" src=\"https:\/\/webdelmaestrocmf.com\/portal\/wp-content\/uploads\/2026\/04\/1AA-Banner-1-portada-imagen-10-1-copia-1-11-300x225.webp\" class=\"attachment-pk-thumbnail size-pk-thumbnail wp-post-image\" alt=\"\" \/>\t\t\t\t\t\t\t\t<\/a>\n\t\t\t\t\t\t\t<\/div>\n\t\t\t\t\t\t<\/div>\n\t\t\t\t\t<\/div>\n\t\t\t\t<\/div>\n\t\t\t\t\n\t\t\t\t<div class=\"pk-post-inner\">\n\t\t\t\t\t<header>\n\t\t\t\t\t\t<h3 class=\"pk-title\"><a href=\"https:\/\/webdelmaestrocmf.com\/portal\/se-confirma-que-habra-simulacros-de-tiroteos-en-las-escuelas\/\" rel=\"bookmark\">Se confirma que habr\u00e1 simulacros de tiroteos en las escuelas<\/a><\/h3>\t\t\t\t\t<\/header><!-- .entry-header -->\n\t\t\t\t<\/div><!-- .post-inner -->\n\n\t\t\t<\/div><!-- .post-outer -->\n\t\t<\/article>\n\t\t\t<article id=\"post-118464\" class=\"post-118464 post type-post status-publish format-standard has-post-thumbnail category-noticias-internacionales tag-aula tag-convivencia-escolar tag-disciplina tag-docentes tag-educacion-3 tag-estudiantes tag-gestion-educativa-3 tag-normativa tag-pedagogia-3 tag-violencia-escolar cs-entry cs-video-wrap\">\n\t\t\t<div class=\"pk-post-outer\">\n\n\t\t\t\t\t\t\t\t<div class=\"pk-post-inner\">\n\t\t\t\t\t<div class=\"entry-thumbnail\">\n\t\t\t\t\t\t<div class=\"pk-overlay pk-overlay-ratio pk-ratio-landscape\">\n\t\t\t\t\t\t\t<div class=\"pk-overlay-background\">\n\t\t\t\t\t\t\t\t<a href=\"https:\/\/webdelmaestrocmf.com\/portal\/peru-pone-limites-estudiantes-violentos-podrian-salir-del-aula-presencial-y-pasar-a-otra-modalidad-educativa\/\" class=\"pk-overlay-link\">\n\t\t\t\t\t\t\t\t\t<img loading=\"lazy\" decoding=\"async\" width=\"300\" height=\"225\" src=\"https:\/\/webdelmaestrocmf.com\/portal\/wp-content\/uploads\/2026\/04\/1AA-Banner-1-portada-imagen-10-1-copia-38-300x225.webp\" class=\"attachment-pk-thumbnail size-pk-thumbnail wp-post-image\" alt=\"\" \/>\t\t\t\t\t\t\t\t<\/a>\n\t\t\t\t\t\t\t<\/div>\n\t\t\t\t\t\t<\/div>\n\t\t\t\t\t<\/div>\n\t\t\t\t<\/div>\n\t\t\t\t\n\t\t\t\t<div class=\"pk-post-inner\">\n\t\t\t\t\t<header>\n\t\t\t\t\t\t<h3 class=\"pk-title\"><a href=\"https:\/\/webdelmaestrocmf.com\/portal\/peru-pone-limites-estudiantes-violentos-podrian-salir-del-aula-presencial-y-pasar-a-otra-modalidad-educativa\/\" rel=\"bookmark\">Per\u00fa pone l\u00edmites: estudiantes violentos podr\u00edan salir del aula presencial y pasar a otra modalidad educativa<\/a><\/h3>\t\t\t\t\t<\/header><!-- .entry-header -->\n\t\t\t\t<\/div><!-- .post-inner -->\n\n\t\t\t<\/div><!-- .post-outer -->\n\t\t<\/article>\n\t\t\t<article id=\"post-118433\" class=\"post-118433 post type-post status-publish format-standard has-post-thumbnail category-noticias-internacionales tag-aprendizaje tag-atencion-en-el-aula-2 tag-docentes tag-educacion-3 tag-estrategias-didacticas-2 tag-innovacion-educativa-3 tag-motivacion-escolar-2 tag-neuroeducacion-2 tag-pedagogia-3 tag-tecnologia-educativa-3 cs-entry cs-video-wrap\">\n\t\t\t<div class=\"pk-post-outer\">\n\n\t\t\t\t\t\t\t\t<div class=\"pk-post-inner\">\n\t\t\t\t\t<div class=\"entry-thumbnail\">\n\t\t\t\t\t\t<div class=\"pk-overlay pk-overlay-ratio pk-ratio-landscape\">\n\t\t\t\t\t\t\t<div class=\"pk-overlay-background\">\n\t\t\t\t\t\t\t\t<a href=\"https:\/\/webdelmaestrocmf.com\/portal\/9-de-cada-10-maestros-confirman-que-los-alumnos-ya-no-prestan-atencion-en-clase\/\" class=\"pk-overlay-link\">\n\t\t\t\t\t\t\t\t\t<img loading=\"lazy\" decoding=\"async\" width=\"300\" height=\"225\" src=\"https:\/\/webdelmaestrocmf.com\/portal\/wp-content\/uploads\/2026\/04\/1AA-Banner-1-portada-imagen-10-1-copia-1-10-300x225.webp\" class=\"attachment-pk-thumbnail size-pk-thumbnail wp-post-image\" alt=\"\" \/>\t\t\t\t\t\t\t\t<\/a>\n\t\t\t\t\t\t\t<\/div>\n\t\t\t\t\t\t<\/div>\n\t\t\t\t\t<\/div>\n\t\t\t\t<\/div>\n\t\t\t\t\n\t\t\t\t<div class=\"pk-post-inner\">\n\t\t\t\t\t<header>\n\t\t\t\t\t\t<h3 class=\"pk-title\"><a href=\"https:\/\/webdelmaestrocmf.com\/portal\/9-de-cada-10-maestros-confirman-que-los-alumnos-ya-no-prestan-atencion-en-clase\/\" rel=\"bookmark\">9 de cada 10 maestros confirman que los alumnos ya no prestan atenci\u00f3n en clase<\/a><\/h3>\t\t\t\t\t<\/header><!-- .entry-header -->\n\t\t\t\t<\/div><!-- .post-inner -->\n\n\t\t\t<\/div><!-- .post-outer -->\n\t\t<\/article>\n\t\t\t\t<\/div>\n\t\t<\/div>\n\t\t\n","protected":false},"excerpt":{"rendered":"\u201cGritos, malos tratos, omisi\u00f3n y tergiversaci\u00f3n de informaci\u00f3n para desarrollar mis labores, entre otras cosas&#8230; no se si denunciar, me da miedo que se cierren las puertas a nivel general.","protected":false},"author":1,"featured_media":118509,"comment_status":"open","ping_status":"closed","sticky":false,"template":"","format":"standard","meta":{"csco_display_header_overlay":false,"csco_singular_sidebar":"","csco_page_header_type":"","csco_page_load_nextpost":"","csco_post_video_location":[],"csco_post_video_location_hash":"","csco_post_video_url":"","csco_post_video_bg_start_time":0,"csco_post_video_bg_end_time":0,"csco_post_video_bg_volume":false,"_jetpack_memberships_contains_paid_content":false,"footnotes":""},"categories":[23790],"tags":[25711,25710,25713,25714,25712,25720,24817,25709,25719],"class_list":{"0":"post-118505","1":"post","2":"type-post","3":"status-publish","4":"format-standard","5":"has-post-thumbnail","7":"category-noticias-internacionales","8":"tag-acoso-laboral-docente","9":"tag-clima-laboral-educativo","10":"tag-denuncia-laboral","11":"tag-derechos-laborales-docentes","12":"tag-ley-karin","13":"tag-maltrato-en-escuelas","14":"tag-salud-mental-docente","15":"tag-sistema-educativo-crisis","16":"tag-violencia-en-escuelas","17":"cs-entry","18":"cs-video-wrap"},"yoast_head":"<!-- This site is optimized with the Yoast SEO plugin v27.5 - https:\/\/yoast.com\/product\/yoast-seo-wordpress\/ -->\n<title>Maestra consulta qu\u00e9 hacer tras sufrir acoso laboral por parte de una profesora y directora, teme denunciar y quedar vetada de por vida \u00bfC\u00f3mo se debe de proceder en estos casos? - 2026<\/title>\n<meta name=\"description\" content=\"La denuncia de una profesora que declara haber sufrido acoso laboral sistem\u00e1tico por parte de una colega y una directora...\" \/>\n<meta name=\"robots\" content=\"index, follow, max-snippet:-1, max-image-preview:large, max-video-preview:-1\" \/>\n<link rel=\"canonical\" href=\"https:\/\/webdelmaestrocmf.com\/portal\/maestra-consulta-que-hacer-tras-sufrir-acoso-laboral-por-parte-de-una-profesora-y-directora-teme-denunciar-y-quedar-vetada-de-por-vida-como-se-debe-de-proceder-en-estos-casos\/\" \/>\n<meta property=\"og:locale\" content=\"es_ES\" \/>\n<meta property=\"og:type\" content=\"article\" \/>\n<meta property=\"og:title\" content=\"Maestra consulta qu\u00e9 hacer tras sufrir acoso laboral por parte de una profesora y directora, teme denunciar y quedar vetada de por vida \u00bfC\u00f3mo se debe de proceder en estos casos? - 2026\" \/>\n<meta property=\"og:description\" content=\"La denuncia de una profesora que declara haber sufrido acoso laboral sistem\u00e1tico por parte de una colega y una directora...\" \/>\n<meta property=\"og:url\" content=\"https:\/\/webdelmaestrocmf.com\/portal\/maestra-consulta-que-hacer-tras-sufrir-acoso-laboral-por-parte-de-una-profesora-y-directora-teme-denunciar-y-quedar-vetada-de-por-vida-como-se-debe-de-proceder-en-estos-casos\/\" \/>\n<meta property=\"og:site_name\" content=\"Web del Maestro CMF\" \/>\n<meta property=\"article:publisher\" content=\"https:\/\/www.facebook.com\/WebdelMaestroCMF\/\" \/>\n<meta property=\"article:author\" content=\"https:\/\/www.facebook.com\/WebdelMaestroCMF\/\" \/>\n<meta property=\"article:published_time\" content=\"2026-04-30T23:04:24+00:00\" \/>\n<meta property=\"article:modified_time\" content=\"2026-04-30T23:28:31+00:00\" \/>\n<meta property=\"og:image\" content=\"https:\/\/webdelmaestrocmf.com\/portal\/wp-content\/uploads\/2026\/04\/1AA-Banner-1-portada-imagen-10-1-copia-4-4.webp\" \/>\n\t<meta property=\"og:image:width\" content=\"1200\" \/>\n\t<meta property=\"og:image:height\" content=\"675\" \/>\n\t<meta property=\"og:image:type\" content=\"image\/webp\" \/>\n<meta name=\"author\" content=\"Web del Maestro CMF\" \/>\n<meta name=\"twitter:card\" content=\"summary_large_image\" \/>\n<meta name=\"twitter:creator\" content=\"@cmf_w\" \/>\n<meta name=\"twitter:site\" content=\"@cmf_w\" \/>\n<script type=\"application\/ld+json\" class=\"yoast-schema-graph\">{\"@context\":\"https:\\\/\\\/schema.org\",\"@graph\":[{\"@type\":\"ScholarlyArticle\",\"@id\":\"https:\\\/\\\/webdelmaestrocmf.com\\\/portal\\\/maestra-consulta-que-hacer-tras-sufrir-acoso-laboral-por-parte-de-una-profesora-y-directora-teme-denunciar-y-quedar-vetada-de-por-vida-como-se-debe-de-proceder-en-estos-casos\\\/#article\",\"isPartOf\":{\"@id\":\"https:\\\/\\\/webdelmaestrocmf.com\\\/portal\\\/maestra-consulta-que-hacer-tras-sufrir-acoso-laboral-por-parte-de-una-profesora-y-directora-teme-denunciar-y-quedar-vetada-de-por-vida-como-se-debe-de-proceder-en-estos-casos\\\/\"},\"author\":{\"name\":\"Web del Maestro CMF\",\"@id\":\"https:\\\/\\\/webdelmaestrocmf.com\\\/portal\\\/#\\\/schema\\\/person\\\/1072a2ed7bd960df8ef99a551fa35dc5\"},\"headline\":\"Maestra consulta qu\u00e9 hacer tras sufrir acoso laboral por parte de una profesora y directora, teme denunciar y quedar vetada de por vida \u00bfC\u00f3mo se debe de proceder en estos casos?\",\"datePublished\":\"2026-04-30T23:04:24+00:00\",\"dateModified\":\"2026-04-30T23:28:31+00:00\",\"mainEntityOfPage\":{\"@id\":\"https:\\\/\\\/webdelmaestrocmf.com\\\/portal\\\/maestra-consulta-que-hacer-tras-sufrir-acoso-laboral-por-parte-de-una-profesora-y-directora-teme-denunciar-y-quedar-vetada-de-por-vida-como-se-debe-de-proceder-en-estos-casos\\\/\"},\"wordCount\":1403,\"commentCount\":0,\"publisher\":{\"@id\":\"https:\\\/\\\/webdelmaestrocmf.com\\\/portal\\\/#organization\"},\"image\":{\"@id\":\"https:\\\/\\\/webdelmaestrocmf.com\\\/portal\\\/maestra-consulta-que-hacer-tras-sufrir-acoso-laboral-por-parte-de-una-profesora-y-directora-teme-denunciar-y-quedar-vetada-de-por-vida-como-se-debe-de-proceder-en-estos-casos\\\/#primaryimage\"},\"thumbnailUrl\":\"https:\\\/\\\/webdelmaestrocmf.com\\\/portal\\\/wp-content\\\/uploads\\\/2026\\\/04\\\/1AA-Banner-1-portada-imagen-10-1-copia-4-4.webp\",\"keywords\":[\"acoso laboral docente\",\"clima laboral educativo\",\"denuncia laboral\",\"derechos laborales docentes\",\"ley karin\",\"maltrato en escuelas\",\"salud mental docente\",\"sistema educativo crisis\",\"violencia en escuelas\"],\"articleSection\":[\"Noticias Internacionales\"],\"inLanguage\":\"es\",\"potentialAction\":[{\"@type\":\"CommentAction\",\"name\":\"Comment\",\"target\":[\"https:\\\/\\\/webdelmaestrocmf.com\\\/portal\\\/maestra-consulta-que-hacer-tras-sufrir-acoso-laboral-por-parte-de-una-profesora-y-directora-teme-denunciar-y-quedar-vetada-de-por-vida-como-se-debe-de-proceder-en-estos-casos\\\/#respond\"]}]},{\"@type\":\"WebPage\",\"@id\":\"https:\\\/\\\/webdelmaestrocmf.com\\\/portal\\\/maestra-consulta-que-hacer-tras-sufrir-acoso-laboral-por-parte-de-una-profesora-y-directora-teme-denunciar-y-quedar-vetada-de-por-vida-como-se-debe-de-proceder-en-estos-casos\\\/\",\"url\":\"https:\\\/\\\/webdelmaestrocmf.com\\\/portal\\\/maestra-consulta-que-hacer-tras-sufrir-acoso-laboral-por-parte-de-una-profesora-y-directora-teme-denunciar-y-quedar-vetada-de-por-vida-como-se-debe-de-proceder-en-estos-casos\\\/\",\"name\":\"Maestra consulta qu\u00e9 hacer tras sufrir acoso laboral por parte de una profesora y directora, teme denunciar y quedar vetada de por vida \u00bfC\u00f3mo se debe de proceder en estos casos? - 2026\",\"isPartOf\":{\"@id\":\"https:\\\/\\\/webdelmaestrocmf.com\\\/portal\\\/#website\"},\"primaryImageOfPage\":{\"@id\":\"https:\\\/\\\/webdelmaestrocmf.com\\\/portal\\\/maestra-consulta-que-hacer-tras-sufrir-acoso-laboral-por-parte-de-una-profesora-y-directora-teme-denunciar-y-quedar-vetada-de-por-vida-como-se-debe-de-proceder-en-estos-casos\\\/#primaryimage\"},\"image\":{\"@id\":\"https:\\\/\\\/webdelmaestrocmf.com\\\/portal\\\/maestra-consulta-que-hacer-tras-sufrir-acoso-laboral-por-parte-de-una-profesora-y-directora-teme-denunciar-y-quedar-vetada-de-por-vida-como-se-debe-de-proceder-en-estos-casos\\\/#primaryimage\"},\"thumbnailUrl\":\"https:\\\/\\\/webdelmaestrocmf.com\\\/portal\\\/wp-content\\\/uploads\\\/2026\\\/04\\\/1AA-Banner-1-portada-imagen-10-1-copia-4-4.webp\",\"datePublished\":\"2026-04-30T23:04:24+00:00\",\"dateModified\":\"2026-04-30T23:28:31+00:00\",\"description\":\"La denuncia de una profesora que declara haber sufrido acoso laboral sistem\u00e1tico por parte de una colega y una directora...\",\"breadcrumb\":{\"@id\":\"https:\\\/\\\/webdelmaestrocmf.com\\\/portal\\\/maestra-consulta-que-hacer-tras-sufrir-acoso-laboral-por-parte-de-una-profesora-y-directora-teme-denunciar-y-quedar-vetada-de-por-vida-como-se-debe-de-proceder-en-estos-casos\\\/#breadcrumb\"},\"inLanguage\":\"es\",\"potentialAction\":[{\"@type\":\"ReadAction\",\"target\":[\"https:\\\/\\\/webdelmaestrocmf.com\\\/portal\\\/maestra-consulta-que-hacer-tras-sufrir-acoso-laboral-por-parte-de-una-profesora-y-directora-teme-denunciar-y-quedar-vetada-de-por-vida-como-se-debe-de-proceder-en-estos-casos\\\/\"]}]},{\"@type\":\"ImageObject\",\"inLanguage\":\"es\",\"@id\":\"https:\\\/\\\/webdelmaestrocmf.com\\\/portal\\\/maestra-consulta-que-hacer-tras-sufrir-acoso-laboral-por-parte-de-una-profesora-y-directora-teme-denunciar-y-quedar-vetada-de-por-vida-como-se-debe-de-proceder-en-estos-casos\\\/#primaryimage\",\"url\":\"https:\\\/\\\/webdelmaestrocmf.com\\\/portal\\\/wp-content\\\/uploads\\\/2026\\\/04\\\/1AA-Banner-1-portada-imagen-10-1-copia-4-4.webp\",\"contentUrl\":\"https:\\\/\\\/webdelmaestrocmf.com\\\/portal\\\/wp-content\\\/uploads\\\/2026\\\/04\\\/1AA-Banner-1-portada-imagen-10-1-copia-4-4.webp\",\"width\":1200,\"height\":675},{\"@type\":\"BreadcrumbList\",\"@id\":\"https:\\\/\\\/webdelmaestrocmf.com\\\/portal\\\/maestra-consulta-que-hacer-tras-sufrir-acoso-laboral-por-parte-de-una-profesora-y-directora-teme-denunciar-y-quedar-vetada-de-por-vida-como-se-debe-de-proceder-en-estos-casos\\\/#breadcrumb\",\"itemListElement\":[{\"@type\":\"ListItem\",\"position\":1,\"name\":\"Portada\",\"item\":\"https:\\\/\\\/webdelmaestrocmf.com\\\/portal\\\/\"},{\"@type\":\"ListItem\",\"position\":2,\"name\":\"Noticias Internacionales\",\"item\":\"https:\\\/\\\/webdelmaestrocmf.com\\\/portal\\\/category\\\/noticias-internacionales\\\/\"},{\"@type\":\"ListItem\",\"position\":3,\"name\":\"Maestra consulta qu\u00e9 hacer tras sufrir acoso laboral por parte de una profesora y directora, teme denunciar y quedar vetada de por vida \u00bfC\u00f3mo se debe de proceder en estos casos?\"}]},{\"@type\":\"WebSite\",\"@id\":\"https:\\\/\\\/webdelmaestrocmf.com\\\/portal\\\/#website\",\"url\":\"https:\\\/\\\/webdelmaestrocmf.com\\\/portal\\\/\",\"name\":\"Web del Maestro CMF\",\"description\":\"Maestros al servicio de la educaci\u00f3n\",\"publisher\":{\"@id\":\"https:\\\/\\\/webdelmaestrocmf.com\\\/portal\\\/#organization\"},\"alternateName\":\"WMCMF\",\"potentialAction\":[{\"@type\":\"SearchAction\",\"target\":{\"@type\":\"EntryPoint\",\"urlTemplate\":\"https:\\\/\\\/webdelmaestrocmf.com\\\/portal\\\/?s={search_term_string}\"},\"query-input\":{\"@type\":\"PropertyValueSpecification\",\"valueRequired\":true,\"valueName\":\"search_term_string\"}}],\"inLanguage\":\"es\"},{\"@type\":\"Organization\",\"@id\":\"https:\\\/\\\/webdelmaestrocmf.com\\\/portal\\\/#organization\",\"name\":\"Web del Maestro CMF\",\"alternateName\":\"WMCMF\",\"url\":\"https:\\\/\\\/webdelmaestrocmf.com\\\/portal\\\/\",\"logo\":{\"@type\":\"ImageObject\",\"inLanguage\":\"es\",\"@id\":\"https:\\\/\\\/webdelmaestrocmf.com\\\/portal\\\/#\\\/schema\\\/logo\\\/image\\\/\",\"url\":\"https:\\\/\\\/webdelmaestrocmf.com\\\/portal\\\/wp-content\\\/uploads\\\/2023\\\/01\\\/logo-wmcmf-2.png\",\"contentUrl\":\"https:\\\/\\\/webdelmaestrocmf.com\\\/portal\\\/wp-content\\\/uploads\\\/2023\\\/01\\\/logo-wmcmf-2.png\",\"width\":200,\"height\":60,\"caption\":\"Web del Maestro CMF\"},\"image\":{\"@id\":\"https:\\\/\\\/webdelmaestrocmf.com\\\/portal\\\/#\\\/schema\\\/logo\\\/image\\\/\"},\"sameAs\":[\"https:\\\/\\\/www.facebook.com\\\/WebdelMaestroCMF\\\/\",\"https:\\\/\\\/x.com\\\/cmf_w\",\"https:\\\/\\\/www.pinterest.com\\\/WMCMF\\\/\",\"https:\\\/\\\/www.linkedin.com\\\/company\\\/web-del-maestro-cmf\\\/\",\"https:\\\/\\\/www.instagram.com\\\/wmcmf\\\/\",\"https:\\\/\\\/www.youtube.com\\\/channel\\\/UCDPSvjbdodE5sHnC3OxutHw\",\"https:\\\/\\\/mastodon.social\\\/@wmcmf\",\"https:\\\/\\\/www.tiktok.com\\\/@webdelmaestrocmf\"]},{\"@type\":\"Person\",\"@id\":\"https:\\\/\\\/webdelmaestrocmf.com\\\/portal\\\/#\\\/schema\\\/person\\\/1072a2ed7bd960df8ef99a551fa35dc5\",\"name\":\"Web del Maestro CMF\",\"image\":{\"@type\":\"ImageObject\",\"inLanguage\":\"es\",\"@id\":\"https:\\\/\\\/secure.gravatar.com\\\/avatar\\\/23291dd5b5ae1077dcff3dbb04c3e02bd28403fa75af6d8787d5e97c5bbbe30b?s=96&d=mm&r=g\",\"url\":\"https:\\\/\\\/secure.gravatar.com\\\/avatar\\\/23291dd5b5ae1077dcff3dbb04c3e02bd28403fa75af6d8787d5e97c5bbbe30b?s=96&d=mm&r=g\",\"contentUrl\":\"https:\\\/\\\/secure.gravatar.com\\\/avatar\\\/23291dd5b5ae1077dcff3dbb04c3e02bd28403fa75af6d8787d5e97c5bbbe30b?s=96&d=mm&r=g\",\"caption\":\"Web del Maestro CMF\"},\"description\":\"Esta Web se cre\u00f3 sin fines de lucro, con fines educativos, cient\u00edficos y acad\u00e9micos, para personas que tengan dificultades y\\\/o inconvenientes en visualizar el material original. El objetivo es entregar recursos, compartir experiencias y materiales que ayuden a los padres de familia, maestros y estudiantes en su actualizaci\u00f3n y formaci\u00f3n permanente, en bien de la Educaci\u00f3n.\",\"sameAs\":[\"http:\\\/\\\/webdelmaestrocmf.com\\\/portal\",\"https:\\\/\\\/www.facebook.com\\\/WebdelMaestroCMF\\\/\",\"https:\\\/\\\/www.instagram.com\\\/wmcmf\\\/\",\"https:\\\/\\\/cl.linkedin.com\\\/company\\\/web-del-maestro-cmf\",\"https:\\\/\\\/www.pinterest.com\\\/WMCMF\\\/publicaciones\\\/\",\"https:\\\/\\\/x.com\\\/cmf_w\",\"https:\\\/\\\/www.youtube.com\\\/@WMCMF\"]}]}<\/script>\n<!-- \/ Yoast SEO plugin. -->","yoast_head_json":{"title":"Maestra consulta qu\u00e9 hacer tras sufrir acoso laboral por parte de una profesora y directora, teme denunciar y quedar vetada de por vida \u00bfC\u00f3mo se debe de proceder en estos casos? - 2026","description":"La denuncia de una profesora que declara haber sufrido acoso laboral sistem\u00e1tico por parte de una colega y una directora...","robots":{"index":"index","follow":"follow","max-snippet":"max-snippet:-1","max-image-preview":"max-image-preview:large","max-video-preview":"max-video-preview:-1"},"canonical":"https:\/\/webdelmaestrocmf.com\/portal\/maestra-consulta-que-hacer-tras-sufrir-acoso-laboral-por-parte-de-una-profesora-y-directora-teme-denunciar-y-quedar-vetada-de-por-vida-como-se-debe-de-proceder-en-estos-casos\/","og_locale":"es_ES","og_type":"article","og_title":"Maestra consulta qu\u00e9 hacer tras sufrir acoso laboral por parte de una profesora y directora, teme denunciar y quedar vetada de por vida \u00bfC\u00f3mo se debe de proceder en estos casos? - 2026","og_description":"La denuncia de una profesora que declara haber sufrido acoso laboral sistem\u00e1tico por parte de una colega y una directora...","og_url":"https:\/\/webdelmaestrocmf.com\/portal\/maestra-consulta-que-hacer-tras-sufrir-acoso-laboral-por-parte-de-una-profesora-y-directora-teme-denunciar-y-quedar-vetada-de-por-vida-como-se-debe-de-proceder-en-estos-casos\/","og_site_name":"Web del Maestro CMF","article_publisher":"https:\/\/www.facebook.com\/WebdelMaestroCMF\/","article_author":"https:\/\/www.facebook.com\/WebdelMaestroCMF\/","article_published_time":"2026-04-30T23:04:24+00:00","article_modified_time":"2026-04-30T23:28:31+00:00","og_image":[{"width":1200,"height":675,"url":"https:\/\/webdelmaestrocmf.com\/portal\/wp-content\/uploads\/2026\/04\/1AA-Banner-1-portada-imagen-10-1-copia-4-4.webp","type":"image\/webp"}],"author":"Web del Maestro CMF","twitter_card":"summary_large_image","twitter_creator":"@cmf_w","twitter_site":"@cmf_w","schema":{"@context":"https:\/\/schema.org","@graph":[{"@type":"ScholarlyArticle","@id":"https:\/\/webdelmaestrocmf.com\/portal\/maestra-consulta-que-hacer-tras-sufrir-acoso-laboral-por-parte-de-una-profesora-y-directora-teme-denunciar-y-quedar-vetada-de-por-vida-como-se-debe-de-proceder-en-estos-casos\/#article","isPartOf":{"@id":"https:\/\/webdelmaestrocmf.com\/portal\/maestra-consulta-que-hacer-tras-sufrir-acoso-laboral-por-parte-de-una-profesora-y-directora-teme-denunciar-y-quedar-vetada-de-por-vida-como-se-debe-de-proceder-en-estos-casos\/"},"author":{"name":"Web del Maestro CMF","@id":"https:\/\/webdelmaestrocmf.com\/portal\/#\/schema\/person\/1072a2ed7bd960df8ef99a551fa35dc5"},"headline":"Maestra consulta qu\u00e9 hacer tras sufrir acoso laboral por parte de una profesora y directora, teme denunciar y quedar vetada de por vida \u00bfC\u00f3mo se debe de proceder en estos casos?","datePublished":"2026-04-30T23:04:24+00:00","dateModified":"2026-04-30T23:28:31+00:00","mainEntityOfPage":{"@id":"https:\/\/webdelmaestrocmf.com\/portal\/maestra-consulta-que-hacer-tras-sufrir-acoso-laboral-por-parte-de-una-profesora-y-directora-teme-denunciar-y-quedar-vetada-de-por-vida-como-se-debe-de-proceder-en-estos-casos\/"},"wordCount":1403,"commentCount":0,"publisher":{"@id":"https:\/\/webdelmaestrocmf.com\/portal\/#organization"},"image":{"@id":"https:\/\/webdelmaestrocmf.com\/portal\/maestra-consulta-que-hacer-tras-sufrir-acoso-laboral-por-parte-de-una-profesora-y-directora-teme-denunciar-y-quedar-vetada-de-por-vida-como-se-debe-de-proceder-en-estos-casos\/#primaryimage"},"thumbnailUrl":"https:\/\/webdelmaestrocmf.com\/portal\/wp-content\/uploads\/2026\/04\/1AA-Banner-1-portada-imagen-10-1-copia-4-4.webp","keywords":["acoso laboral docente","clima laboral educativo","denuncia laboral","derechos laborales docentes","ley karin","maltrato en escuelas","salud mental docente","sistema educativo crisis","violencia en escuelas"],"articleSection":["Noticias Internacionales"],"inLanguage":"es","potentialAction":[{"@type":"CommentAction","name":"Comment","target":["https:\/\/webdelmaestrocmf.com\/portal\/maestra-consulta-que-hacer-tras-sufrir-acoso-laboral-por-parte-de-una-profesora-y-directora-teme-denunciar-y-quedar-vetada-de-por-vida-como-se-debe-de-proceder-en-estos-casos\/#respond"]}]},{"@type":"WebPage","@id":"https:\/\/webdelmaestrocmf.com\/portal\/maestra-consulta-que-hacer-tras-sufrir-acoso-laboral-por-parte-de-una-profesora-y-directora-teme-denunciar-y-quedar-vetada-de-por-vida-como-se-debe-de-proceder-en-estos-casos\/","url":"https:\/\/webdelmaestrocmf.com\/portal\/maestra-consulta-que-hacer-tras-sufrir-acoso-laboral-por-parte-de-una-profesora-y-directora-teme-denunciar-y-quedar-vetada-de-por-vida-como-se-debe-de-proceder-en-estos-casos\/","name":"Maestra consulta qu\u00e9 hacer tras sufrir acoso laboral por parte de una profesora y directora, teme denunciar y quedar vetada de por vida \u00bfC\u00f3mo se debe de proceder en estos casos? - 2026","isPartOf":{"@id":"https:\/\/webdelmaestrocmf.com\/portal\/#website"},"primaryImageOfPage":{"@id":"https:\/\/webdelmaestrocmf.com\/portal\/maestra-consulta-que-hacer-tras-sufrir-acoso-laboral-por-parte-de-una-profesora-y-directora-teme-denunciar-y-quedar-vetada-de-por-vida-como-se-debe-de-proceder-en-estos-casos\/#primaryimage"},"image":{"@id":"https:\/\/webdelmaestrocmf.com\/portal\/maestra-consulta-que-hacer-tras-sufrir-acoso-laboral-por-parte-de-una-profesora-y-directora-teme-denunciar-y-quedar-vetada-de-por-vida-como-se-debe-de-proceder-en-estos-casos\/#primaryimage"},"thumbnailUrl":"https:\/\/webdelmaestrocmf.com\/portal\/wp-content\/uploads\/2026\/04\/1AA-Banner-1-portada-imagen-10-1-copia-4-4.webp","datePublished":"2026-04-30T23:04:24+00:00","dateModified":"2026-04-30T23:28:31+00:00","description":"La denuncia de una profesora que declara haber sufrido acoso laboral sistem\u00e1tico por parte de una colega y una directora...","breadcrumb":{"@id":"https:\/\/webdelmaestrocmf.com\/portal\/maestra-consulta-que-hacer-tras-sufrir-acoso-laboral-por-parte-de-una-profesora-y-directora-teme-denunciar-y-quedar-vetada-de-por-vida-como-se-debe-de-proceder-en-estos-casos\/#breadcrumb"},"inLanguage":"es","potentialAction":[{"@type":"ReadAction","target":["https:\/\/webdelmaestrocmf.com\/portal\/maestra-consulta-que-hacer-tras-sufrir-acoso-laboral-por-parte-de-una-profesora-y-directora-teme-denunciar-y-quedar-vetada-de-por-vida-como-se-debe-de-proceder-en-estos-casos\/"]}]},{"@type":"ImageObject","inLanguage":"es","@id":"https:\/\/webdelmaestrocmf.com\/portal\/maestra-consulta-que-hacer-tras-sufrir-acoso-laboral-por-parte-de-una-profesora-y-directora-teme-denunciar-y-quedar-vetada-de-por-vida-como-se-debe-de-proceder-en-estos-casos\/#primaryimage","url":"https:\/\/webdelmaestrocmf.com\/portal\/wp-content\/uploads\/2026\/04\/1AA-Banner-1-portada-imagen-10-1-copia-4-4.webp","contentUrl":"https:\/\/webdelmaestrocmf.com\/portal\/wp-content\/uploads\/2026\/04\/1AA-Banner-1-portada-imagen-10-1-copia-4-4.webp","width":1200,"height":675},{"@type":"BreadcrumbList","@id":"https:\/\/webdelmaestrocmf.com\/portal\/maestra-consulta-que-hacer-tras-sufrir-acoso-laboral-por-parte-de-una-profesora-y-directora-teme-denunciar-y-quedar-vetada-de-por-vida-como-se-debe-de-proceder-en-estos-casos\/#breadcrumb","itemListElement":[{"@type":"ListItem","position":1,"name":"Portada","item":"https:\/\/webdelmaestrocmf.com\/portal\/"},{"@type":"ListItem","position":2,"name":"Noticias Internacionales","item":"https:\/\/webdelmaestrocmf.com\/portal\/category\/noticias-internacionales\/"},{"@type":"ListItem","position":3,"name":"Maestra consulta qu\u00e9 hacer tras sufrir acoso laboral por parte de una profesora y directora, teme denunciar y quedar vetada de por vida \u00bfC\u00f3mo se debe de proceder en estos casos?"}]},{"@type":"WebSite","@id":"https:\/\/webdelmaestrocmf.com\/portal\/#website","url":"https:\/\/webdelmaestrocmf.com\/portal\/","name":"Web del Maestro CMF","description":"Maestros al servicio de la educaci\u00f3n","publisher":{"@id":"https:\/\/webdelmaestrocmf.com\/portal\/#organization"},"alternateName":"WMCMF","potentialAction":[{"@type":"SearchAction","target":{"@type":"EntryPoint","urlTemplate":"https:\/\/webdelmaestrocmf.com\/portal\/?s={search_term_string}"},"query-input":{"@type":"PropertyValueSpecification","valueRequired":true,"valueName":"search_term_string"}}],"inLanguage":"es"},{"@type":"Organization","@id":"https:\/\/webdelmaestrocmf.com\/portal\/#organization","name":"Web del Maestro CMF","alternateName":"WMCMF","url":"https:\/\/webdelmaestrocmf.com\/portal\/","logo":{"@type":"ImageObject","inLanguage":"es","@id":"https:\/\/webdelmaestrocmf.com\/portal\/#\/schema\/logo\/image\/","url":"https:\/\/webdelmaestrocmf.com\/portal\/wp-content\/uploads\/2023\/01\/logo-wmcmf-2.png","contentUrl":"https:\/\/webdelmaestrocmf.com\/portal\/wp-content\/uploads\/2023\/01\/logo-wmcmf-2.png","width":200,"height":60,"caption":"Web del Maestro CMF"},"image":{"@id":"https:\/\/webdelmaestrocmf.com\/portal\/#\/schema\/logo\/image\/"},"sameAs":["https:\/\/www.facebook.com\/WebdelMaestroCMF\/","https:\/\/x.com\/cmf_w","https:\/\/www.pinterest.com\/WMCMF\/","https:\/\/www.linkedin.com\/company\/web-del-maestro-cmf\/","https:\/\/www.instagram.com\/wmcmf\/","https:\/\/www.youtube.com\/channel\/UCDPSvjbdodE5sHnC3OxutHw","https:\/\/mastodon.social\/@wmcmf","https:\/\/www.tiktok.com\/@webdelmaestrocmf"]},{"@type":"Person","@id":"https:\/\/webdelmaestrocmf.com\/portal\/#\/schema\/person\/1072a2ed7bd960df8ef99a551fa35dc5","name":"Web del Maestro CMF","image":{"@type":"ImageObject","inLanguage":"es","@id":"https:\/\/secure.gravatar.com\/avatar\/23291dd5b5ae1077dcff3dbb04c3e02bd28403fa75af6d8787d5e97c5bbbe30b?s=96&d=mm&r=g","url":"https:\/\/secure.gravatar.com\/avatar\/23291dd5b5ae1077dcff3dbb04c3e02bd28403fa75af6d8787d5e97c5bbbe30b?s=96&d=mm&r=g","contentUrl":"https:\/\/secure.gravatar.com\/avatar\/23291dd5b5ae1077dcff3dbb04c3e02bd28403fa75af6d8787d5e97c5bbbe30b?s=96&d=mm&r=g","caption":"Web del Maestro CMF"},"description":"Esta Web se cre\u00f3 sin fines de lucro, con fines educativos, cient\u00edficos y acad\u00e9micos, para personas que tengan dificultades y\/o inconvenientes en visualizar el material original. El objetivo es entregar recursos, compartir experiencias y materiales que ayuden a los padres de familia, maestros y estudiantes en su actualizaci\u00f3n y formaci\u00f3n permanente, en bien de la Educaci\u00f3n.","sameAs":["http:\/\/webdelmaestrocmf.com\/portal","https:\/\/www.facebook.com\/WebdelMaestroCMF\/","https:\/\/www.instagram.com\/wmcmf\/","https:\/\/cl.linkedin.com\/company\/web-del-maestro-cmf","https:\/\/www.pinterest.com\/WMCMF\/publicaciones\/","https:\/\/x.com\/cmf_w","https:\/\/www.youtube.com\/@WMCMF"]}]}},"jetpack_featured_media_url":"https:\/\/webdelmaestrocmf.com\/portal\/wp-content\/uploads\/2026\/04\/1AA-Banner-1-portada-imagen-10-1-copia-4-4.webp","jetpack_sharing_enabled":true,"jetpack-related-posts":[{"id":71522,"url":"https:\/\/webdelmaestrocmf.com\/portal\/el-23-de-los-docentes-sufre-violencia-y-acoso-por-parte-de-sus-estudiantes-segun-estudio-anpe\/","url_meta":{"origin":118505,"position":0},"title":"El 23% de los docentes sufre violencia y acoso por parte de sus estudiantes, seg\u00fan estudio ANPE","author":"Web del Maestro CMF","date":"12 mayo, 2022","format":false,"excerpt":"El n\u00famero de casos de violencia y acoso hacia los docentes aumentaron cerca de un 23% en el curso 2020-2021 debido a la vuelta a la presencialidad, seg\u00fan el \u00faltimo informe del servicio del Defensor del Profesor de la Asociaci\u00f3n Nacional de Profesionales de la Ense\u00f1anza (ANPE). Este sindicato registr\u00f3\u2026","rel":"","context":"En \u00abRecursos\u00bb","block_context":{"text":"Recursos","link":"https:\/\/webdelmaestrocmf.com\/portal\/category\/pedagogia\/"},"img":{"alt_text":"","src":"https:\/\/i0.wp.com\/webdelmaestrocmf.com\/portal\/wp-content\/uploads\/2021\/11\/SALARIO-DOCENTE-1.jpg?resize=350%2C200&ssl=1","width":350,"height":200,"srcset":"https:\/\/i0.wp.com\/webdelmaestrocmf.com\/portal\/wp-content\/uploads\/2021\/11\/SALARIO-DOCENTE-1.jpg?resize=350%2C200&ssl=1 1x, https:\/\/i0.wp.com\/webdelmaestrocmf.com\/portal\/wp-content\/uploads\/2021\/11\/SALARIO-DOCENTE-1.jpg?resize=525%2C300&ssl=1 1.5x, https:\/\/i0.wp.com\/webdelmaestrocmf.com\/portal\/wp-content\/uploads\/2021\/11\/SALARIO-DOCENTE-1.jpg?resize=700%2C400&ssl=1 2x, https:\/\/i0.wp.com\/webdelmaestrocmf.com\/portal\/wp-content\/uploads\/2021\/11\/SALARIO-DOCENTE-1.jpg?resize=1050%2C600&ssl=1 3x"},"classes":[]},{"id":97068,"url":"https:\/\/webdelmaestrocmf.com\/portal\/cuales-son-las-nuevas-formas-en-las-que-los-alumnos-pueden-acosar-a-un-profesor\/","url_meta":{"origin":118505,"position":1},"title":"\u00bfCu\u00e1les son las nuevas formas en que los alumnos pueden acosar a un profesor?","author":"Web del Maestro CMF","date":"9 octubre, 2023","format":false,"excerpt":"Es importante abordar cualquier forma de acoso o comportamiento inapropiado en el entorno educativo de manera seria y efectiva. Esta vez nos enfocaremos en algunas formas generales en las que los estudiantes podr\u00edan acosar a un profesor en el entorno digital, basandonos en tendencias previas y preocupaciones en l\u00ednea. Recuerda\u2026","rel":"","context":"En \u00abAcoso\u00bb","block_context":{"text":"Acoso","link":"https:\/\/webdelmaestrocmf.com\/portal\/category\/pedagogia\/acoso\/"},"img":{"alt_text":"","src":"https:\/\/i0.wp.com\/webdelmaestrocmf.com\/portal\/wp-content\/uploads\/2023\/10\/A12B3C4D-17-1.jpg?resize=350%2C200&ssl=1","width":350,"height":200,"srcset":"https:\/\/i0.wp.com\/webdelmaestrocmf.com\/portal\/wp-content\/uploads\/2023\/10\/A12B3C4D-17-1.jpg?resize=350%2C200&ssl=1 1x, https:\/\/i0.wp.com\/webdelmaestrocmf.com\/portal\/wp-content\/uploads\/2023\/10\/A12B3C4D-17-1.jpg?resize=525%2C300&ssl=1 1.5x, https:\/\/i0.wp.com\/webdelmaestrocmf.com\/portal\/wp-content\/uploads\/2023\/10\/A12B3C4D-17-1.jpg?resize=700%2C400&ssl=1 2x"},"classes":[]},{"id":38789,"url":"https:\/\/webdelmaestrocmf.com\/portal\/acoso-extremo-a-educadores-el-90-de-los-profesores-reconoce-sufrir-insultos-y-violencia-fisica-en-las-aulas\/","url_meta":{"origin":118505,"position":2},"title":"Acoso extremo a educadores: El 90% de los profesores reconoce sufrir insultos y violencia f\u00edsica en las aulas","author":"Web del Maestro CMF","date":"7 junio, 2025","format":false,"excerpt":"Docentes denuncian ser v\u00edctimas de insultos, vejaciones y actos de vandalismo por parte del alumnado.","rel":"","context":"En \u00abDocentes\u00bb","block_context":{"text":"Docentes","link":"https:\/\/webdelmaestrocmf.com\/portal\/category\/pedagogia\/docentes\/"},"img":{"alt_text":"","src":"https:\/\/i0.wp.com\/webdelmaestrocmf.com\/portal\/wp-content\/uploads\/2019\/10\/1A-Banner-1-portada-imagen-10-1-53.jpg?resize=350%2C200&ssl=1","width":350,"height":200,"srcset":"https:\/\/i0.wp.com\/webdelmaestrocmf.com\/portal\/wp-content\/uploads\/2019\/10\/1A-Banner-1-portada-imagen-10-1-53.jpg?resize=350%2C200&ssl=1 1x, https:\/\/i0.wp.com\/webdelmaestrocmf.com\/portal\/wp-content\/uploads\/2019\/10\/1A-Banner-1-portada-imagen-10-1-53.jpg?resize=525%2C300&ssl=1 1.5x, https:\/\/i0.wp.com\/webdelmaestrocmf.com\/portal\/wp-content\/uploads\/2019\/10\/1A-Banner-1-portada-imagen-10-1-53.jpg?resize=700%2C400&ssl=1 2x"},"classes":[]},{"id":2786,"url":"https:\/\/webdelmaestrocmf.com\/portal\/sabes-que-es-el-mobbing\/","url_meta":{"origin":118505,"position":3},"title":"Consejos para docentes que sufren \u00abMobbing\u00bb o acoso laboral","author":"Web del Maestro CMF","date":"25 marzo, 2026","format":false,"excerpt":"El mobbing es acoso laboral sistem\u00e1tico que inicia de forma sutil y puede escalar, afectando la salud f\u00edsica y mental. Identificarlo, documentarlo y denunciarlo es clave para proteger el bienestar.","rel":"","context":"En \u00abDirector\u00bb","block_context":{"text":"Director","link":"https:\/\/webdelmaestrocmf.com\/portal\/category\/pedagogia\/director\/"},"img":{"alt_text":"","src":"https:\/\/i0.wp.com\/webdelmaestrocmf.com\/portal\/wp-content\/uploads\/2023\/09\/1AA-Banner-1-portada-imagen-10-1-copia-3.webp?resize=350%2C200&ssl=1","width":350,"height":200,"srcset":"https:\/\/i0.wp.com\/webdelmaestrocmf.com\/portal\/wp-content\/uploads\/2023\/09\/1AA-Banner-1-portada-imagen-10-1-copia-3.webp?resize=350%2C200&ssl=1 1x, https:\/\/i0.wp.com\/webdelmaestrocmf.com\/portal\/wp-content\/uploads\/2023\/09\/1AA-Banner-1-portada-imagen-10-1-copia-3.webp?resize=525%2C300&ssl=1 1.5x, https:\/\/i0.wp.com\/webdelmaestrocmf.com\/portal\/wp-content\/uploads\/2023\/09\/1AA-Banner-1-portada-imagen-10-1-copia-3.webp?resize=700%2C400&ssl=1 2x, https:\/\/i0.wp.com\/webdelmaestrocmf.com\/portal\/wp-content\/uploads\/2023\/09\/1AA-Banner-1-portada-imagen-10-1-copia-3.webp?resize=1050%2C600&ssl=1 3x"},"classes":[]},{"id":13581,"url":"https:\/\/webdelmaestrocmf.com\/portal\/correcto-procedimiento-frente-al-acoso-escolar-recomendado\/","url_meta":{"origin":118505,"position":4},"title":"El correcto procedimiento frente al acoso escolar","author":"Web del Maestro CMF","date":"13 junio, 2022","format":false,"excerpt":"La elaboraci\u00f3n participativa del Manual o Reglamento de Convivencia Escolar, permite corresponsabilizar a todos los miembros de un centro educativo, en su correcta y oportuna aplicaci\u00f3n. Si no se act\u00faa apegado a la normatividad y a las leyes vigentes, se corre el riesgo de la indiferencia (\u201cmirar a otro lado\u201d)\u2026","rel":"","context":"En \u00abRecursos\u00bb","block_context":{"text":"Recursos","link":"https:\/\/webdelmaestrocmf.com\/portal\/category\/pedagogia\/"},"img":{"alt_text":"","src":"https:\/\/i0.wp.com\/webdelmaestrocmf.com\/portal\/wp-content\/uploads\/2022\/06\/1-29.jpg?resize=350%2C200&ssl=1","width":350,"height":200,"srcset":"https:\/\/i0.wp.com\/webdelmaestrocmf.com\/portal\/wp-content\/uploads\/2022\/06\/1-29.jpg?resize=350%2C200&ssl=1 1x, https:\/\/i0.wp.com\/webdelmaestrocmf.com\/portal\/wp-content\/uploads\/2022\/06\/1-29.jpg?resize=525%2C300&ssl=1 1.5x, https:\/\/i0.wp.com\/webdelmaestrocmf.com\/portal\/wp-content\/uploads\/2022\/06\/1-29.jpg?resize=700%2C400&ssl=1 2x, https:\/\/i0.wp.com\/webdelmaestrocmf.com\/portal\/wp-content\/uploads\/2022\/06\/1-29.jpg?resize=1050%2C600&ssl=1 3x"},"classes":[]},{"id":17828,"url":"https:\/\/webdelmaestrocmf.com\/portal\/si-no-somos-parte-de-la-solucion-somos-parte-del-acoso-escolar\/","url_meta":{"origin":118505,"position":5},"title":"Charla TED: si no somos parte de la soluci\u00f3n, somos parte del acoso escolar","author":"Web del Maestro CMF","date":"6 mayo, 2017","format":false,"excerpt":"En la lucha contra el acoso escolar, es esencial comprender que nuestra pasividad o indiferencia no es una opci\u00f3n. El acoso escolar es un problema grave que afecta a numerosos estudiantes en todo el mundo, dejando cicatrices emocionales y socavando su bienestar. Si no estamos dispuestos a formar parte de\u2026","rel":"","context":"En \u00abPersona\u00bb","block_context":{"text":"Persona","link":"https:\/\/webdelmaestrocmf.com\/portal\/category\/video\/persona\/"},"img":{"alt_text":"","src":"https:\/\/i0.wp.com\/webdelmaestrocmf.com\/portal\/wp-content\/uploads\/2017\/05\/A12B3C4D-19.jpg?resize=350%2C200&ssl=1","width":350,"height":200,"srcset":"https:\/\/i0.wp.com\/webdelmaestrocmf.com\/portal\/wp-content\/uploads\/2017\/05\/A12B3C4D-19.jpg?resize=350%2C200&ssl=1 1x, https:\/\/i0.wp.com\/webdelmaestrocmf.com\/portal\/wp-content\/uploads\/2017\/05\/A12B3C4D-19.jpg?resize=525%2C300&ssl=1 1.5x, https:\/\/i0.wp.com\/webdelmaestrocmf.com\/portal\/wp-content\/uploads\/2017\/05\/A12B3C4D-19.jpg?resize=700%2C400&ssl=1 2x"},"classes":[]}],"_links":{"self":[{"href":"https:\/\/webdelmaestrocmf.com\/portal\/wp-json\/wp\/v2\/posts\/118505","targetHints":{"allow":["GET"]}}],"collection":[{"href":"https:\/\/webdelmaestrocmf.com\/portal\/wp-json\/wp\/v2\/posts"}],"about":[{"href":"https:\/\/webdelmaestrocmf.com\/portal\/wp-json\/wp\/v2\/types\/post"}],"author":[{"embeddable":true,"href":"https:\/\/webdelmaestrocmf.com\/portal\/wp-json\/wp\/v2\/users\/1"}],"replies":[{"embeddable":true,"href":"https:\/\/webdelmaestrocmf.com\/portal\/wp-json\/wp\/v2\/comments?post=118505"}],"version-history":[{"count":1,"href":"https:\/\/webdelmaestrocmf.com\/portal\/wp-json\/wp\/v2\/posts\/118505\/revisions"}],"predecessor-version":[{"id":118508,"href":"https:\/\/webdelmaestrocmf.com\/portal\/wp-json\/wp\/v2\/posts\/118505\/revisions\/118508"}],"wp:featuredmedia":[{"embeddable":true,"href":"https:\/\/webdelmaestrocmf.com\/portal\/wp-json\/wp\/v2\/media\/118509"}],"wp:attachment":[{"href":"https:\/\/webdelmaestrocmf.com\/portal\/wp-json\/wp\/v2\/media?parent=118505"}],"wp:term":[{"taxonomy":"category","embeddable":true,"href":"https:\/\/webdelmaestrocmf.com\/portal\/wp-json\/wp\/v2\/categories?post=118505"},{"taxonomy":"post_tag","embeddable":true,"href":"https:\/\/webdelmaestrocmf.com\/portal\/wp-json\/wp\/v2\/tags?post=118505"}],"curies":[{"name":"wp","href":"https:\/\/api.w.org\/{rel}","templated":true}]}}