{"id":118473,"date":"2026-04-29T13:47:07","date_gmt":"2026-04-29T17:47:07","guid":{"rendered":"https:\/\/webdelmaestrocmf.com\/portal\/?p=118473"},"modified":"2026-04-29T13:52:15","modified_gmt":"2026-04-29T17:52:15","slug":"se-confirma-que-habra-simulacros-de-tiroteos-en-las-escuelas","status":"publish","type":"post","link":"https:\/\/webdelmaestrocmf.com\/portal\/se-confirma-que-habra-simulacros-de-tiroteos-en-las-escuelas\/","title":{"rendered":"Se confirma que habr\u00e1 simulacros de tiroteos en las escuelas"},"content":{"rendered":"\n<p>La provincia de Mendoza, en Argentina, ha comenzado a implementar un protocolo in\u00e9dito en el sistema educativo: la preparaci\u00f3n de simulacros de tiroteos en escuelas como respuesta a un contexto creciente de amenazas generadas incluso por los propios estudiantes. Este escenario ha obligado a las autoridades a actuar con rapidez y planificaci\u00f3n, articulando esfuerzos entre el Ministerio de Seguridad, la Direcci\u00f3n General de Escuelas (DGE) y el Ministerio de Salud.<\/p>\n\n\n\n<h2 class=\"wp-block-heading\"><strong>Un contexto alarmante que obliga a actuar<\/strong><\/h2>\n\n\n\n<p>Durante las \u00faltimas semanas, Mendoza y otras regiones del pa\u00eds han enfrentado una seguidilla de amenazas de ataques armados en instituciones educativas. <strong>Este fen\u00f3meno no solo evidencia un problema de seguridad, sino tambi\u00e9n una crisis profunda en la convivencia escolar y la salud emocional de los estudiantes.<\/strong> Frente a ello, las autoridades han optado por un enfoque preventivo basado en protocolos estructurados y entrenamientos pr\u00e1cticos.<\/p>\n\n\n\n<p>Seg\u00fan lo establecido, este plan no es improvisado: <strong>se trata de un trabajo de m\u00e1s de dos a\u00f1os que ahora comienza a implementarse de manera concreta en las escuelas secundarias<\/strong>, tanto p\u00fablicas como privadas.<\/p>\n\n\n\n<figure class=\"wp-block-embed is-type-video is-provider-youtube wp-block-embed-youtube wp-embed-aspect-16-9 wp-has-aspect-ratio\"><div class=\"wp-block-embed__wrapper\">\n<iframe loading=\"lazy\" title=\"Mendoza implementar\u00e1 simulacros de tiroteos en escuelas\" width=\"1200\" height=\"675\" src=\"https:\/\/www.youtube.com\/embed\/I-e_kkD9hu8?feature=oembed\" frameborder=\"0\" allow=\"accelerometer; autoplay; clipboard-write; encrypted-media; gyroscope; picture-in-picture; web-share\" referrerpolicy=\"strict-origin-when-cross-origin\" allowfullscreen><\/iframe>\n<\/div><\/figure>\n\n\n\n<h2 class=\"wp-block-heading\"><strong>El protocolo: actuar en segundos puede salvar vidas<\/strong><\/h2>\n\n\n\n<p>Uno de los pilares del protocolo es la rapidez de reacci\u00f3n. De acuerdo con las autoridades, <strong>en una situaci\u00f3n de tirador activo hay apenas 20 segundos para tomar decisiones clave<\/strong>, lo que hace indispensable la preparaci\u00f3n previa.<\/p>\n\n\n\n<p>El comisario Javier Ortiz, jefe de las Fuerzas de Operaciones Especiales (FOE), ha detallado tres acciones fundamentales:<\/p>\n\n\n\n<ul class=\"wp-block-list\">\n<li><strong>Huir<\/strong>: alejarse inmediatamente del foco de peligro es la primera y principal recomendaci\u00f3n.<\/li>\n\n\n\n<li><strong>Ocultarse<\/strong>: si no es posible escapar, se debe buscar un lugar seguro y bloquear accesos.<\/li>\n\n\n\n<li><strong>Defenderse<\/strong>: como \u00faltimo recurso, sin exponerse innecesariamente.<\/li>\n<\/ul>\n\n\n\n<p>Estas acciones est\u00e1n dise\u00f1adas para minimizar riesgos mientras se da aviso a emergencias, priorizando siempre la vida.<\/p>\n\n\n\n<h2 class=\"wp-block-heading\"><strong>Capacitaci\u00f3n docente y adaptaci\u00f3n institucional<\/strong><\/h2>\n\n\n\n<p>La implementaci\u00f3n del protocolo no es uniforme, sino que <strong>cada instituci\u00f3n debe adaptarlo a sus propias caracter\u00edsticas estructurales y contextuales<\/strong>. Para ello, se est\u00e1n realizando capacitaciones dirigidas a directivos, supervisores y equipos escolares.<\/p>\n\n\n\n<p>La directora de Educaci\u00f3n Secundaria, Cecilia P\u00e1ez, ha destacado que ya se han desarrollado m\u00faltiples instancias de formaci\u00f3n, alcanzando a decenas de escuelas. Adem\u00e1s, participan actores clave como comisarios regionales y organismos de Defensa Civil.<\/p>\n\n\n\n<p>Este proceso incluye el uso de materiales audiovisuales, muchos de ellos basados en experiencias internacionales, lo que evidencia <strong>la gravedad del problema y la necesidad de aprender de contextos donde estos eventos han sido m\u00e1s frecuentes<\/strong>.<\/p>\n\n\n\n<h2 class=\"wp-block-heading\"><strong>M\u00e1s all\u00e1 de los tiroteos: un protocolo integral<\/strong><\/h2>\n\n\n\n<p>Un aspecto relevante es que este protocolo no se limita a situaciones de tirador activo. <strong>Tambi\u00e9n contempla escenarios cr\u00edticos como amenazas de explosivos, crisis de suicidio en curso y conflictos sociales externos que puedan afectar a la comunidad educativa.<\/strong><\/p>\n\n\n\n<p>Esto revela una visi\u00f3n m\u00e1s amplia: <strong>la escuela ya no solo debe educar, sino tambi\u00e9n prepararse para gestionar crisis complejas<\/strong>, muchas de ellas derivadas de problem\u00e1ticas sociales, emocionales y culturales.<\/p>\n\n\n\n<h2 class=\"wp-block-heading\"><strong>Reflexi\u00f3n educativa: prevenci\u00f3n, pero tambi\u00e9n formaci\u00f3n<\/strong><\/h2>\n\n\n\n<p>La implementaci\u00f3n de simulacros de tiroteos abre un debate inevitable en el \u00e1mbito educativo. <strong>\u00bfHasta qu\u00e9 punto la escuela debe adaptarse a escenarios de violencia extrema? \u00bfEstamos atacando las causas o solo gestionando las consecuencias?<\/strong><\/p>\n\n\n\n<p>Desde una perspectiva pedag\u00f3gica, <strong>la prevenci\u00f3n no puede limitarse a protocolos de emergencia<\/strong>. Es indispensable fortalecer la educaci\u00f3n emocional, la convivencia escolar y la detecci\u00f3n temprana de riesgos.<\/p>\n\n\n\n<p>En este sentido, los simulacros son una herramienta \u00fatil, pero insuficiente por s\u00ed sola. <strong>El verdadero desaf\u00edo est\u00e1 en formar comunidades educativas capaces de prevenir, contener y transformar estos escenarios antes de que ocurran.<\/strong><\/p>\n\n\n\n<p class=\"has-text-align-right\"><strong>Redacci\u00f3n | Web del Maestro CMF<\/strong><\/p>\n\n\n\t\t<div class=\"pk-inline-posts\">\n\t\t\t\t\t\t\t<h5 class=\"pk-inline-posts-title pk-title pk-font-block\">\n\t\t\t\t\t\u00daltimas entradas\t\t\t\t<\/h5>\n\t\t\t\n\t\t\t<div class=\"pk-inline-posts-container pk-inline-posts-template-list\"\n\t\t\t\tdata-columns=\"1\">\n\t\t\t\t\t\t<article id=\"post-118464\" class=\"post-118464 post type-post status-publish format-standard has-post-thumbnail category-noticias-internacionales tag-aula tag-convivencia-escolar tag-disciplina tag-docentes tag-educacion-3 tag-estudiantes tag-gestion-educativa-3 tag-normativa tag-pedagogia-3 tag-violencia-escolar cs-entry cs-video-wrap\">\n\t\t\t<div class=\"pk-post-outer\">\n\n\t\t\t\t\t\t\t\t<div class=\"pk-post-inner\">\n\t\t\t\t\t<div class=\"entry-thumbnail\">\n\t\t\t\t\t\t<div class=\"pk-overlay pk-overlay-ratio pk-ratio-landscape\">\n\t\t\t\t\t\t\t<div class=\"pk-overlay-background\">\n\t\t\t\t\t\t\t\t<a href=\"https:\/\/webdelmaestrocmf.com\/portal\/peru-pone-limites-estudiantes-violentos-podrian-salir-del-aula-presencial-y-pasar-a-otra-modalidad-educativa\/\" class=\"pk-overlay-link\">\n\t\t\t\t\t\t\t\t\t<img loading=\"lazy\" decoding=\"async\" width=\"300\" height=\"225\" src=\"https:\/\/webdelmaestrocmf.com\/portal\/wp-content\/uploads\/2026\/04\/1AA-Banner-1-portada-imagen-10-1-copia-38-300x225.webp\" class=\"attachment-pk-thumbnail size-pk-thumbnail wp-post-image\" alt=\"\" \/>\t\t\t\t\t\t\t\t<\/a>\n\t\t\t\t\t\t\t<\/div>\n\t\t\t\t\t\t<\/div>\n\t\t\t\t\t<\/div>\n\t\t\t\t<\/div>\n\t\t\t\t\n\t\t\t\t<div class=\"pk-post-inner\">\n\t\t\t\t\t<header>\n\t\t\t\t\t\t<h3 class=\"pk-title\"><a href=\"https:\/\/webdelmaestrocmf.com\/portal\/peru-pone-limites-estudiantes-violentos-podrian-salir-del-aula-presencial-y-pasar-a-otra-modalidad-educativa\/\" rel=\"bookmark\">Per\u00fa pone l\u00edmites: estudiantes violentos podr\u00edan salir del aula presencial y pasar a otra modalidad educativa<\/a><\/h3>\t\t\t\t\t<\/header><!-- .entry-header -->\n\t\t\t\t<\/div><!-- .post-inner -->\n\n\t\t\t<\/div><!-- .post-outer -->\n\t\t<\/article>\n\t\t\t<article id=\"post-118433\" class=\"post-118433 post type-post status-publish format-standard has-post-thumbnail category-noticias-internacionales tag-aprendizaje tag-atencion-en-el-aula-2 tag-docentes tag-educacion-3 tag-estrategias-didacticas-2 tag-innovacion-educativa-3 tag-motivacion-escolar-2 tag-neuroeducacion-2 tag-pedagogia-3 tag-tecnologia-educativa-3 cs-entry cs-video-wrap\">\n\t\t\t<div class=\"pk-post-outer\">\n\n\t\t\t\t\t\t\t\t<div class=\"pk-post-inner\">\n\t\t\t\t\t<div class=\"entry-thumbnail\">\n\t\t\t\t\t\t<div class=\"pk-overlay pk-overlay-ratio pk-ratio-landscape\">\n\t\t\t\t\t\t\t<div class=\"pk-overlay-background\">\n\t\t\t\t\t\t\t\t<a href=\"https:\/\/webdelmaestrocmf.com\/portal\/9-de-cada-10-maestros-confirman-que-los-alumnos-ya-no-prestan-atencion-en-clase\/\" class=\"pk-overlay-link\">\n\t\t\t\t\t\t\t\t\t<img loading=\"lazy\" decoding=\"async\" width=\"300\" height=\"225\" src=\"https:\/\/webdelmaestrocmf.com\/portal\/wp-content\/uploads\/2026\/04\/1AA-Banner-1-portada-imagen-10-1-copia-1-10-300x225.webp\" class=\"attachment-pk-thumbnail size-pk-thumbnail wp-post-image\" alt=\"\" \/>\t\t\t\t\t\t\t\t<\/a>\n\t\t\t\t\t\t\t<\/div>\n\t\t\t\t\t\t<\/div>\n\t\t\t\t\t<\/div>\n\t\t\t\t<\/div>\n\t\t\t\t\n\t\t\t\t<div class=\"pk-post-inner\">\n\t\t\t\t\t<header>\n\t\t\t\t\t\t<h3 class=\"pk-title\"><a href=\"https:\/\/webdelmaestrocmf.com\/portal\/9-de-cada-10-maestros-confirman-que-los-alumnos-ya-no-prestan-atencion-en-clase\/\" rel=\"bookmark\">9 de cada 10 maestros confirman que los alumnos ya no prestan atenci\u00f3n en clase<\/a><\/h3>\t\t\t\t\t<\/header><!-- .entry-header -->\n\t\t\t\t<\/div><!-- .post-inner -->\n\n\t\t\t<\/div><!-- .post-outer -->\n\t\t<\/article>\n\t\t\t<article id=\"post-118385\" class=\"post-118385 post type-post status-publish format-standard has-post-thumbnail category-noticias-internacionales tag-accidente-escolar tag-comunidad-escolar tag-cuidado-infantil tag-derechos-del-nino tag-educacion-segura tag-gestion-educativa-3 tag-prevencion-riesgos tag-responsabilidad-educativa tag-seguridad-escolar tag-supervision-docente cs-entry cs-video-wrap\">\n\t\t\t<div class=\"pk-post-outer\">\n\n\t\t\t\t\t\t\t\t<div class=\"pk-post-inner\">\n\t\t\t\t\t<div class=\"entry-thumbnail\">\n\t\t\t\t\t\t<div class=\"pk-overlay pk-overlay-ratio pk-ratio-landscape\">\n\t\t\t\t\t\t\t<div class=\"pk-overlay-background\">\n\t\t\t\t\t\t\t\t<a href=\"https:\/\/webdelmaestrocmf.com\/portal\/nina-fallece-tras-presunto-tropiezo-en-escuela-pero-su-padre-desmiente-la-version-me-encontre-a-mi-hija-toda-ensangrentada\/\" class=\"pk-overlay-link\">\n\t\t\t\t\t\t\t\t\t<img loading=\"lazy\" decoding=\"async\" width=\"300\" height=\"225\" src=\"https:\/\/webdelmaestrocmf.com\/portal\/wp-content\/uploads\/2026\/04\/1AA-Banner-1-portada-imagen-10-1-copia-4-3-300x225.webp\" class=\"attachment-pk-thumbnail size-pk-thumbnail wp-post-image\" alt=\"\" \/>\t\t\t\t\t\t\t\t<\/a>\n\t\t\t\t\t\t\t<\/div>\n\t\t\t\t\t\t<\/div>\n\t\t\t\t\t<\/div>\n\t\t\t\t<\/div>\n\t\t\t\t\n\t\t\t\t<div class=\"pk-post-inner\">\n\t\t\t\t\t<header>\n\t\t\t\t\t\t<h3 class=\"pk-title\"><a href=\"https:\/\/webdelmaestrocmf.com\/portal\/nina-fallece-tras-presunto-tropiezo-en-escuela-pero-su-padre-desmiente-la-version-me-encontre-a-mi-hija-toda-ensangrentada\/\" rel=\"bookmark\">Ni\u00f1a fallece tras presunto tropiezo en escuela, pero su padre desmiente la versi\u00f3n: \u201cMe encontr\u00e9 a mi hija toda ensangrentada\u201d<\/a><\/h3>\t\t\t\t\t<\/header><!-- .entry-header -->\n\t\t\t\t<\/div><!-- .post-inner -->\n\n\t\t\t<\/div><!-- .post-outer -->\n\t\t<\/article>\n\t\t\t\t<\/div>\n\t\t<\/div>\n\t\t\n","protected":false},"excerpt":{"rendered":"Se implementar\u00e1n simulacros ante amenazas de tiroteos, con protocolos que priorizan huir, esconderse o defenderse. Buscan preparar a docentes y estudiantes para actuar con rapidez ante situaciones cr\u00edticas.","protected":false},"author":1,"featured_media":118476,"comment_status":"open","ping_status":"closed","sticky":false,"template":"","format":"standard","meta":{"csco_display_header_overlay":false,"csco_singular_sidebar":"","csco_page_header_type":"","csco_page_load_nextpost":"","csco_post_video_location":[],"csco_post_video_location_hash":"","csco_post_video_url":"","csco_post_video_bg_start_time":0,"csco_post_video_bg_end_time":0,"csco_post_video_bg_volume":false,"_jetpack_memberships_contains_paid_content":false,"footnotes":""},"categories":[23790],"tags":[2147,58,24919,25396,17295,316,20131,25708,1074],"class_list":{"0":"post-118473","1":"post","2":"type-post","3":"status-publish","4":"format-standard","5":"has-post-thumbnail","7":"category-noticias-internacionales","8":"tag-convivencia","9":"tag-docentes","10":"tag-educacion-3","11":"tag-gestion-escolar-2","12":"tag-protocolos","13":"tag-salud-mental","14":"tag-seguridad-escolar","15":"tag-simulacros","16":"tag-violencia-escolar","17":"cs-entry","18":"cs-video-wrap"},"yoast_head":"<!-- This site is optimized with the Yoast SEO plugin v27.5 - https:\/\/yoast.com\/product\/yoast-seo-wordpress\/ -->\n<title>Se confirma que habr\u00e1 simulacros de tiroteos en las escuelas - 2026<\/title>\n<meta name=\"description\" content=\"Comunidad de Maestros, Docentes y Profesores, en donde encontrar\u00e1s material, informaci\u00f3n y noticias del \u00e1mbito nacional y mundial.\" \/>\n<meta name=\"robots\" content=\"index, follow, max-snippet:-1, max-image-preview:large, max-video-preview:-1\" \/>\n<link rel=\"canonical\" href=\"https:\/\/webdelmaestrocmf.com\/portal\/se-confirma-que-habra-simulacros-de-tiroteos-en-las-escuelas\/\" \/>\n<meta property=\"og:locale\" content=\"es_ES\" \/>\n<meta property=\"og:type\" content=\"article\" \/>\n<meta property=\"og:title\" content=\"Se confirma que habr\u00e1 simulacros de tiroteos en las escuelas - 2026\" \/>\n<meta property=\"og:description\" content=\"Comunidad de Maestros, Docentes y Profesores, en donde encontrar\u00e1s material, informaci\u00f3n y noticias del \u00e1mbito nacional y mundial.\" \/>\n<meta property=\"og:url\" content=\"https:\/\/webdelmaestrocmf.com\/portal\/se-confirma-que-habra-simulacros-de-tiroteos-en-las-escuelas\/\" \/>\n<meta property=\"og:site_name\" content=\"Web del Maestro CMF\" \/>\n<meta property=\"article:publisher\" content=\"https:\/\/www.facebook.com\/WebdelMaestroCMF\/\" \/>\n<meta property=\"article:author\" content=\"https:\/\/www.facebook.com\/WebdelMaestroCMF\/\" \/>\n<meta property=\"article:published_time\" content=\"2026-04-29T17:47:07+00:00\" \/>\n<meta property=\"article:modified_time\" content=\"2026-04-29T17:52:15+00:00\" \/>\n<meta property=\"og:image\" content=\"https:\/\/webdelmaestrocmf.com\/portal\/wp-content\/uploads\/2026\/04\/1AA-Banner-1-portada-imagen-10-1-copia-1-11.webp\" \/>\n\t<meta property=\"og:image:width\" content=\"1200\" \/>\n\t<meta property=\"og:image:height\" content=\"675\" \/>\n\t<meta property=\"og:image:type\" content=\"image\/webp\" \/>\n<meta name=\"author\" content=\"Web del Maestro CMF\" \/>\n<meta name=\"twitter:card\" content=\"summary_large_image\" \/>\n<meta name=\"twitter:creator\" content=\"@cmf_w\" \/>\n<meta name=\"twitter:site\" content=\"@cmf_w\" \/>\n<script type=\"application\/ld+json\" class=\"yoast-schema-graph\">{\"@context\":\"https:\\\/\\\/schema.org\",\"@graph\":[{\"@type\":\"ScholarlyArticle\",\"@id\":\"https:\\\/\\\/webdelmaestrocmf.com\\\/portal\\\/se-confirma-que-habra-simulacros-de-tiroteos-en-las-escuelas\\\/#article\",\"isPartOf\":{\"@id\":\"https:\\\/\\\/webdelmaestrocmf.com\\\/portal\\\/se-confirma-que-habra-simulacros-de-tiroteos-en-las-escuelas\\\/\"},\"author\":{\"name\":\"Web del Maestro CMF\",\"@id\":\"https:\\\/\\\/webdelmaestrocmf.com\\\/portal\\\/#\\\/schema\\\/person\\\/1072a2ed7bd960df8ef99a551fa35dc5\"},\"headline\":\"Se confirma que habr\u00e1 simulacros de tiroteos en las escuelas\",\"datePublished\":\"2026-04-29T17:47:07+00:00\",\"dateModified\":\"2026-04-29T17:52:15+00:00\",\"mainEntityOfPage\":{\"@id\":\"https:\\\/\\\/webdelmaestrocmf.com\\\/portal\\\/se-confirma-que-habra-simulacros-de-tiroteos-en-las-escuelas\\\/\"},\"wordCount\":668,\"commentCount\":0,\"publisher\":{\"@id\":\"https:\\\/\\\/webdelmaestrocmf.com\\\/portal\\\/#organization\"},\"image\":{\"@id\":\"https:\\\/\\\/webdelmaestrocmf.com\\\/portal\\\/se-confirma-que-habra-simulacros-de-tiroteos-en-las-escuelas\\\/#primaryimage\"},\"thumbnailUrl\":\"https:\\\/\\\/webdelmaestrocmf.com\\\/portal\\\/wp-content\\\/uploads\\\/2026\\\/04\\\/1AA-Banner-1-portada-imagen-10-1-copia-1-11.webp\",\"keywords\":[\"CONVIVENCIA\",\"DOCENTES\",\"educacion\",\"gestion escolar\",\"protocolos\",\"SALUD MENTAL\",\"Seguridad Escolar\",\"simulacros\",\"Violencia escolar\"],\"articleSection\":[\"Noticias Internacionales\"],\"inLanguage\":\"es\",\"potentialAction\":[{\"@type\":\"CommentAction\",\"name\":\"Comment\",\"target\":[\"https:\\\/\\\/webdelmaestrocmf.com\\\/portal\\\/se-confirma-que-habra-simulacros-de-tiroteos-en-las-escuelas\\\/#respond\"]}]},{\"@type\":\"WebPage\",\"@id\":\"https:\\\/\\\/webdelmaestrocmf.com\\\/portal\\\/se-confirma-que-habra-simulacros-de-tiroteos-en-las-escuelas\\\/\",\"url\":\"https:\\\/\\\/webdelmaestrocmf.com\\\/portal\\\/se-confirma-que-habra-simulacros-de-tiroteos-en-las-escuelas\\\/\",\"name\":\"Se confirma que habr\u00e1 simulacros de tiroteos en las escuelas - 2026\",\"isPartOf\":{\"@id\":\"https:\\\/\\\/webdelmaestrocmf.com\\\/portal\\\/#website\"},\"primaryImageOfPage\":{\"@id\":\"https:\\\/\\\/webdelmaestrocmf.com\\\/portal\\\/se-confirma-que-habra-simulacros-de-tiroteos-en-las-escuelas\\\/#primaryimage\"},\"image\":{\"@id\":\"https:\\\/\\\/webdelmaestrocmf.com\\\/portal\\\/se-confirma-que-habra-simulacros-de-tiroteos-en-las-escuelas\\\/#primaryimage\"},\"thumbnailUrl\":\"https:\\\/\\\/webdelmaestrocmf.com\\\/portal\\\/wp-content\\\/uploads\\\/2026\\\/04\\\/1AA-Banner-1-portada-imagen-10-1-copia-1-11.webp\",\"datePublished\":\"2026-04-29T17:47:07+00:00\",\"dateModified\":\"2026-04-29T17:52:15+00:00\",\"description\":\"Comunidad de Maestros, Docentes y Profesores, en donde encontrar\u00e1s material, informaci\u00f3n y noticias del \u00e1mbito nacional y mundial.\",\"breadcrumb\":{\"@id\":\"https:\\\/\\\/webdelmaestrocmf.com\\\/portal\\\/se-confirma-que-habra-simulacros-de-tiroteos-en-las-escuelas\\\/#breadcrumb\"},\"inLanguage\":\"es\",\"potentialAction\":[{\"@type\":\"ReadAction\",\"target\":[\"https:\\\/\\\/webdelmaestrocmf.com\\\/portal\\\/se-confirma-que-habra-simulacros-de-tiroteos-en-las-escuelas\\\/\"]}]},{\"@type\":\"ImageObject\",\"inLanguage\":\"es\",\"@id\":\"https:\\\/\\\/webdelmaestrocmf.com\\\/portal\\\/se-confirma-que-habra-simulacros-de-tiroteos-en-las-escuelas\\\/#primaryimage\",\"url\":\"https:\\\/\\\/webdelmaestrocmf.com\\\/portal\\\/wp-content\\\/uploads\\\/2026\\\/04\\\/1AA-Banner-1-portada-imagen-10-1-copia-1-11.webp\",\"contentUrl\":\"https:\\\/\\\/webdelmaestrocmf.com\\\/portal\\\/wp-content\\\/uploads\\\/2026\\\/04\\\/1AA-Banner-1-portada-imagen-10-1-copia-1-11.webp\",\"width\":1200,\"height\":675},{\"@type\":\"BreadcrumbList\",\"@id\":\"https:\\\/\\\/webdelmaestrocmf.com\\\/portal\\\/se-confirma-que-habra-simulacros-de-tiroteos-en-las-escuelas\\\/#breadcrumb\",\"itemListElement\":[{\"@type\":\"ListItem\",\"position\":1,\"name\":\"Portada\",\"item\":\"https:\\\/\\\/webdelmaestrocmf.com\\\/portal\\\/\"},{\"@type\":\"ListItem\",\"position\":2,\"name\":\"Noticias Internacionales\",\"item\":\"https:\\\/\\\/webdelmaestrocmf.com\\\/portal\\\/category\\\/noticias-internacionales\\\/\"},{\"@type\":\"ListItem\",\"position\":3,\"name\":\"Se confirma que habr\u00e1 simulacros de tiroteos en las escuelas\"}]},{\"@type\":\"WebSite\",\"@id\":\"https:\\\/\\\/webdelmaestrocmf.com\\\/portal\\\/#website\",\"url\":\"https:\\\/\\\/webdelmaestrocmf.com\\\/portal\\\/\",\"name\":\"Web del Maestro CMF\",\"description\":\"Maestros al servicio de la educaci\u00f3n\",\"publisher\":{\"@id\":\"https:\\\/\\\/webdelmaestrocmf.com\\\/portal\\\/#organization\"},\"alternateName\":\"WMCMF\",\"potentialAction\":[{\"@type\":\"SearchAction\",\"target\":{\"@type\":\"EntryPoint\",\"urlTemplate\":\"https:\\\/\\\/webdelmaestrocmf.com\\\/portal\\\/?s={search_term_string}\"},\"query-input\":{\"@type\":\"PropertyValueSpecification\",\"valueRequired\":true,\"valueName\":\"search_term_string\"}}],\"inLanguage\":\"es\"},{\"@type\":\"Organization\",\"@id\":\"https:\\\/\\\/webdelmaestrocmf.com\\\/portal\\\/#organization\",\"name\":\"Web del Maestro CMF\",\"alternateName\":\"WMCMF\",\"url\":\"https:\\\/\\\/webdelmaestrocmf.com\\\/portal\\\/\",\"logo\":{\"@type\":\"ImageObject\",\"inLanguage\":\"es\",\"@id\":\"https:\\\/\\\/webdelmaestrocmf.com\\\/portal\\\/#\\\/schema\\\/logo\\\/image\\\/\",\"url\":\"https:\\\/\\\/webdelmaestrocmf.com\\\/portal\\\/wp-content\\\/uploads\\\/2023\\\/01\\\/logo-wmcmf-2.png\",\"contentUrl\":\"https:\\\/\\\/webdelmaestrocmf.com\\\/portal\\\/wp-content\\\/uploads\\\/2023\\\/01\\\/logo-wmcmf-2.png\",\"width\":200,\"height\":60,\"caption\":\"Web del Maestro CMF\"},\"image\":{\"@id\":\"https:\\\/\\\/webdelmaestrocmf.com\\\/portal\\\/#\\\/schema\\\/logo\\\/image\\\/\"},\"sameAs\":[\"https:\\\/\\\/www.facebook.com\\\/WebdelMaestroCMF\\\/\",\"https:\\\/\\\/x.com\\\/cmf_w\",\"https:\\\/\\\/www.pinterest.com\\\/WMCMF\\\/\",\"https:\\\/\\\/www.linkedin.com\\\/company\\\/web-del-maestro-cmf\\\/\",\"https:\\\/\\\/www.instagram.com\\\/wmcmf\\\/\",\"https:\\\/\\\/www.youtube.com\\\/channel\\\/UCDPSvjbdodE5sHnC3OxutHw\",\"https:\\\/\\\/mastodon.social\\\/@wmcmf\",\"https:\\\/\\\/www.tiktok.com\\\/@webdelmaestrocmf\"]},{\"@type\":\"Person\",\"@id\":\"https:\\\/\\\/webdelmaestrocmf.com\\\/portal\\\/#\\\/schema\\\/person\\\/1072a2ed7bd960df8ef99a551fa35dc5\",\"name\":\"Web del Maestro CMF\",\"image\":{\"@type\":\"ImageObject\",\"inLanguage\":\"es\",\"@id\":\"https:\\\/\\\/secure.gravatar.com\\\/avatar\\\/23291dd5b5ae1077dcff3dbb04c3e02bd28403fa75af6d8787d5e97c5bbbe30b?s=96&d=mm&r=g\",\"url\":\"https:\\\/\\\/secure.gravatar.com\\\/avatar\\\/23291dd5b5ae1077dcff3dbb04c3e02bd28403fa75af6d8787d5e97c5bbbe30b?s=96&d=mm&r=g\",\"contentUrl\":\"https:\\\/\\\/secure.gravatar.com\\\/avatar\\\/23291dd5b5ae1077dcff3dbb04c3e02bd28403fa75af6d8787d5e97c5bbbe30b?s=96&d=mm&r=g\",\"caption\":\"Web del Maestro CMF\"},\"description\":\"Esta Web se cre\u00f3 sin fines de lucro, con fines educativos, cient\u00edficos y acad\u00e9micos, para personas que tengan dificultades y\\\/o inconvenientes en visualizar el material original. El objetivo es entregar recursos, compartir experiencias y materiales que ayuden a los padres de familia, maestros y estudiantes en su actualizaci\u00f3n y formaci\u00f3n permanente, en bien de la Educaci\u00f3n.\",\"sameAs\":[\"http:\\\/\\\/webdelmaestrocmf.com\\\/portal\",\"https:\\\/\\\/www.facebook.com\\\/WebdelMaestroCMF\\\/\",\"https:\\\/\\\/www.instagram.com\\\/wmcmf\\\/\",\"https:\\\/\\\/cl.linkedin.com\\\/company\\\/web-del-maestro-cmf\",\"https:\\\/\\\/www.pinterest.com\\\/WMCMF\\\/publicaciones\\\/\",\"https:\\\/\\\/x.com\\\/cmf_w\",\"https:\\\/\\\/www.youtube.com\\\/@WMCMF\"]}]}<\/script>\n<!-- \/ Yoast SEO plugin. -->","yoast_head_json":{"title":"Se confirma que habr\u00e1 simulacros de tiroteos en las escuelas - 2026","description":"Comunidad de Maestros, Docentes y Profesores, en donde encontrar\u00e1s material, informaci\u00f3n y noticias del \u00e1mbito nacional y mundial.","robots":{"index":"index","follow":"follow","max-snippet":"max-snippet:-1","max-image-preview":"max-image-preview:large","max-video-preview":"max-video-preview:-1"},"canonical":"https:\/\/webdelmaestrocmf.com\/portal\/se-confirma-que-habra-simulacros-de-tiroteos-en-las-escuelas\/","og_locale":"es_ES","og_type":"article","og_title":"Se confirma que habr\u00e1 simulacros de tiroteos en las escuelas - 2026","og_description":"Comunidad de Maestros, Docentes y Profesores, en donde encontrar\u00e1s material, informaci\u00f3n y noticias del \u00e1mbito nacional y mundial.","og_url":"https:\/\/webdelmaestrocmf.com\/portal\/se-confirma-que-habra-simulacros-de-tiroteos-en-las-escuelas\/","og_site_name":"Web del Maestro CMF","article_publisher":"https:\/\/www.facebook.com\/WebdelMaestroCMF\/","article_author":"https:\/\/www.facebook.com\/WebdelMaestroCMF\/","article_published_time":"2026-04-29T17:47:07+00:00","article_modified_time":"2026-04-29T17:52:15+00:00","og_image":[{"width":1200,"height":675,"url":"https:\/\/webdelmaestrocmf.com\/portal\/wp-content\/uploads\/2026\/04\/1AA-Banner-1-portada-imagen-10-1-copia-1-11.webp","type":"image\/webp"}],"author":"Web del Maestro CMF","twitter_card":"summary_large_image","twitter_creator":"@cmf_w","twitter_site":"@cmf_w","schema":{"@context":"https:\/\/schema.org","@graph":[{"@type":"ScholarlyArticle","@id":"https:\/\/webdelmaestrocmf.com\/portal\/se-confirma-que-habra-simulacros-de-tiroteos-en-las-escuelas\/#article","isPartOf":{"@id":"https:\/\/webdelmaestrocmf.com\/portal\/se-confirma-que-habra-simulacros-de-tiroteos-en-las-escuelas\/"},"author":{"name":"Web del Maestro CMF","@id":"https:\/\/webdelmaestrocmf.com\/portal\/#\/schema\/person\/1072a2ed7bd960df8ef99a551fa35dc5"},"headline":"Se confirma que habr\u00e1 simulacros de tiroteos en las escuelas","datePublished":"2026-04-29T17:47:07+00:00","dateModified":"2026-04-29T17:52:15+00:00","mainEntityOfPage":{"@id":"https:\/\/webdelmaestrocmf.com\/portal\/se-confirma-que-habra-simulacros-de-tiroteos-en-las-escuelas\/"},"wordCount":668,"commentCount":0,"publisher":{"@id":"https:\/\/webdelmaestrocmf.com\/portal\/#organization"},"image":{"@id":"https:\/\/webdelmaestrocmf.com\/portal\/se-confirma-que-habra-simulacros-de-tiroteos-en-las-escuelas\/#primaryimage"},"thumbnailUrl":"https:\/\/webdelmaestrocmf.com\/portal\/wp-content\/uploads\/2026\/04\/1AA-Banner-1-portada-imagen-10-1-copia-1-11.webp","keywords":["CONVIVENCIA","DOCENTES","educacion","gestion escolar","protocolos","SALUD MENTAL","Seguridad Escolar","simulacros","Violencia escolar"],"articleSection":["Noticias Internacionales"],"inLanguage":"es","potentialAction":[{"@type":"CommentAction","name":"Comment","target":["https:\/\/webdelmaestrocmf.com\/portal\/se-confirma-que-habra-simulacros-de-tiroteos-en-las-escuelas\/#respond"]}]},{"@type":"WebPage","@id":"https:\/\/webdelmaestrocmf.com\/portal\/se-confirma-que-habra-simulacros-de-tiroteos-en-las-escuelas\/","url":"https:\/\/webdelmaestrocmf.com\/portal\/se-confirma-que-habra-simulacros-de-tiroteos-en-las-escuelas\/","name":"Se confirma que habr\u00e1 simulacros de tiroteos en las escuelas - 2026","isPartOf":{"@id":"https:\/\/webdelmaestrocmf.com\/portal\/#website"},"primaryImageOfPage":{"@id":"https:\/\/webdelmaestrocmf.com\/portal\/se-confirma-que-habra-simulacros-de-tiroteos-en-las-escuelas\/#primaryimage"},"image":{"@id":"https:\/\/webdelmaestrocmf.com\/portal\/se-confirma-que-habra-simulacros-de-tiroteos-en-las-escuelas\/#primaryimage"},"thumbnailUrl":"https:\/\/webdelmaestrocmf.com\/portal\/wp-content\/uploads\/2026\/04\/1AA-Banner-1-portada-imagen-10-1-copia-1-11.webp","datePublished":"2026-04-29T17:47:07+00:00","dateModified":"2026-04-29T17:52:15+00:00","description":"Comunidad de Maestros, Docentes y Profesores, en donde encontrar\u00e1s material, informaci\u00f3n y noticias del \u00e1mbito nacional y mundial.","breadcrumb":{"@id":"https:\/\/webdelmaestrocmf.com\/portal\/se-confirma-que-habra-simulacros-de-tiroteos-en-las-escuelas\/#breadcrumb"},"inLanguage":"es","potentialAction":[{"@type":"ReadAction","target":["https:\/\/webdelmaestrocmf.com\/portal\/se-confirma-que-habra-simulacros-de-tiroteos-en-las-escuelas\/"]}]},{"@type":"ImageObject","inLanguage":"es","@id":"https:\/\/webdelmaestrocmf.com\/portal\/se-confirma-que-habra-simulacros-de-tiroteos-en-las-escuelas\/#primaryimage","url":"https:\/\/webdelmaestrocmf.com\/portal\/wp-content\/uploads\/2026\/04\/1AA-Banner-1-portada-imagen-10-1-copia-1-11.webp","contentUrl":"https:\/\/webdelmaestrocmf.com\/portal\/wp-content\/uploads\/2026\/04\/1AA-Banner-1-portada-imagen-10-1-copia-1-11.webp","width":1200,"height":675},{"@type":"BreadcrumbList","@id":"https:\/\/webdelmaestrocmf.com\/portal\/se-confirma-que-habra-simulacros-de-tiroteos-en-las-escuelas\/#breadcrumb","itemListElement":[{"@type":"ListItem","position":1,"name":"Portada","item":"https:\/\/webdelmaestrocmf.com\/portal\/"},{"@type":"ListItem","position":2,"name":"Noticias Internacionales","item":"https:\/\/webdelmaestrocmf.com\/portal\/category\/noticias-internacionales\/"},{"@type":"ListItem","position":3,"name":"Se confirma que habr\u00e1 simulacros de tiroteos en las escuelas"}]},{"@type":"WebSite","@id":"https:\/\/webdelmaestrocmf.com\/portal\/#website","url":"https:\/\/webdelmaestrocmf.com\/portal\/","name":"Web del Maestro CMF","description":"Maestros al servicio de la educaci\u00f3n","publisher":{"@id":"https:\/\/webdelmaestrocmf.com\/portal\/#organization"},"alternateName":"WMCMF","potentialAction":[{"@type":"SearchAction","target":{"@type":"EntryPoint","urlTemplate":"https:\/\/webdelmaestrocmf.com\/portal\/?s={search_term_string}"},"query-input":{"@type":"PropertyValueSpecification","valueRequired":true,"valueName":"search_term_string"}}],"inLanguage":"es"},{"@type":"Organization","@id":"https:\/\/webdelmaestrocmf.com\/portal\/#organization","name":"Web del Maestro CMF","alternateName":"WMCMF","url":"https:\/\/webdelmaestrocmf.com\/portal\/","logo":{"@type":"ImageObject","inLanguage":"es","@id":"https:\/\/webdelmaestrocmf.com\/portal\/#\/schema\/logo\/image\/","url":"https:\/\/webdelmaestrocmf.com\/portal\/wp-content\/uploads\/2023\/01\/logo-wmcmf-2.png","contentUrl":"https:\/\/webdelmaestrocmf.com\/portal\/wp-content\/uploads\/2023\/01\/logo-wmcmf-2.png","width":200,"height":60,"caption":"Web del Maestro CMF"},"image":{"@id":"https:\/\/webdelmaestrocmf.com\/portal\/#\/schema\/logo\/image\/"},"sameAs":["https:\/\/www.facebook.com\/WebdelMaestroCMF\/","https:\/\/x.com\/cmf_w","https:\/\/www.pinterest.com\/WMCMF\/","https:\/\/www.linkedin.com\/company\/web-del-maestro-cmf\/","https:\/\/www.instagram.com\/wmcmf\/","https:\/\/www.youtube.com\/channel\/UCDPSvjbdodE5sHnC3OxutHw","https:\/\/mastodon.social\/@wmcmf","https:\/\/www.tiktok.com\/@webdelmaestrocmf"]},{"@type":"Person","@id":"https:\/\/webdelmaestrocmf.com\/portal\/#\/schema\/person\/1072a2ed7bd960df8ef99a551fa35dc5","name":"Web del Maestro CMF","image":{"@type":"ImageObject","inLanguage":"es","@id":"https:\/\/secure.gravatar.com\/avatar\/23291dd5b5ae1077dcff3dbb04c3e02bd28403fa75af6d8787d5e97c5bbbe30b?s=96&d=mm&r=g","url":"https:\/\/secure.gravatar.com\/avatar\/23291dd5b5ae1077dcff3dbb04c3e02bd28403fa75af6d8787d5e97c5bbbe30b?s=96&d=mm&r=g","contentUrl":"https:\/\/secure.gravatar.com\/avatar\/23291dd5b5ae1077dcff3dbb04c3e02bd28403fa75af6d8787d5e97c5bbbe30b?s=96&d=mm&r=g","caption":"Web del Maestro CMF"},"description":"Esta Web se cre\u00f3 sin fines de lucro, con fines educativos, cient\u00edficos y acad\u00e9micos, para personas que tengan dificultades y\/o inconvenientes en visualizar el material original. El objetivo es entregar recursos, compartir experiencias y materiales que ayuden a los padres de familia, maestros y estudiantes en su actualizaci\u00f3n y formaci\u00f3n permanente, en bien de la Educaci\u00f3n.","sameAs":["http:\/\/webdelmaestrocmf.com\/portal","https:\/\/www.facebook.com\/WebdelMaestroCMF\/","https:\/\/www.instagram.com\/wmcmf\/","https:\/\/cl.linkedin.com\/company\/web-del-maestro-cmf","https:\/\/www.pinterest.com\/WMCMF\/publicaciones\/","https:\/\/x.com\/cmf_w","https:\/\/www.youtube.com\/@WMCMF"]}]}},"jetpack_featured_media_url":"https:\/\/webdelmaestrocmf.com\/portal\/wp-content\/uploads\/2026\/04\/1AA-Banner-1-portada-imagen-10-1-copia-1-11.webp","jetpack_sharing_enabled":true,"jetpack-related-posts":[{"id":118149,"url":"https:\/\/webdelmaestrocmf.com\/portal\/alumna-graba-un-video-y-hace-una-amenaza-abierta-ojo-mis-viejos-ya-me-dieron-permiso-para-hacer-un-tiroteo\/","url_meta":{"origin":118473,"position":0},"title":"Alumna graba un video y hace una amenaza abierta: \u201cOjo, mis viejos ya me dieron permiso para hacer un tiroteo.\u201d","author":"Web del Maestro CMF","date":"22 abril, 2026","format":false,"excerpt":"Yo estoy perdiendo la cabeza, no s\u00e9 c\u00f3mo es que estoy pudiendo hablar ahora bien que ni siquiera estoy hablando bien, \u00bfme entiendes? Pero porque hablo r\u00e1pido. Pero mis viejos ya me permit\u00edan hacer un tiroteo.","rel":"","context":"En \u00abNoticias Internacionales\u00bb","block_context":{"text":"Noticias Internacionales","link":"https:\/\/webdelmaestrocmf.com\/portal\/category\/noticias-internacionales\/"},"img":{"alt_text":"","src":"https:\/\/i0.wp.com\/webdelmaestrocmf.com\/portal\/wp-content\/uploads\/2026\/04\/Portada-articulos-2.jpg?resize=350%2C200&ssl=1","width":350,"height":200,"srcset":"https:\/\/i0.wp.com\/webdelmaestrocmf.com\/portal\/wp-content\/uploads\/2026\/04\/Portada-articulos-2.jpg?resize=350%2C200&ssl=1 1x, https:\/\/i0.wp.com\/webdelmaestrocmf.com\/portal\/wp-content\/uploads\/2026\/04\/Portada-articulos-2.jpg?resize=525%2C300&ssl=1 1.5x, https:\/\/i0.wp.com\/webdelmaestrocmf.com\/portal\/wp-content\/uploads\/2026\/04\/Portada-articulos-2.jpg?resize=700%2C400&ssl=1 2x, https:\/\/i0.wp.com\/webdelmaestrocmf.com\/portal\/wp-content\/uploads\/2026\/04\/Portada-articulos-2.jpg?resize=1050%2C600&ssl=1 3x"},"classes":[]},{"id":116544,"url":"https:\/\/webdelmaestrocmf.com\/portal\/descarga-el-nuevo-manual-de-seguridad-escolar-un-recurso-imprescindible-para-docentes-que-buscan-prevenir-y-actuar-con-criterio\/","url_meta":{"origin":118473,"position":1},"title":"Descarga el nuevo \u00abManual de seguridad escolar\u00bb: un recurso imprescindible para docentes que buscan prevenir y actuar con criterio","author":"Web del Maestro CMF","date":"17 marzo, 2026","format":false,"excerpt":"Manual de seguridad escolar que orienta a docentes en prevenci\u00f3n y respuesta ante emergencias, fortaleciendo la toma de decisiones, la coordinaci\u00f3n institucional y la protecci\u00f3n integral de estudiantes y comunidad educativa.","rel":"","context":"En \u00abDescarga\u00bb","block_context":{"text":"Descarga","link":"https:\/\/webdelmaestrocmf.com\/portal\/category\/descarga\/"},"img":{"alt_text":"","src":"https:\/\/i0.wp.com\/webdelmaestrocmf.com\/portal\/wp-content\/uploads\/2026\/03\/1AA-Banner-1-portada-imagen-10-1-copia.webp?resize=350%2C200&ssl=1","width":350,"height":200,"srcset":"https:\/\/i0.wp.com\/webdelmaestrocmf.com\/portal\/wp-content\/uploads\/2026\/03\/1AA-Banner-1-portada-imagen-10-1-copia.webp?resize=350%2C200&ssl=1 1x, https:\/\/i0.wp.com\/webdelmaestrocmf.com\/portal\/wp-content\/uploads\/2026\/03\/1AA-Banner-1-portada-imagen-10-1-copia.webp?resize=525%2C300&ssl=1 1.5x, https:\/\/i0.wp.com\/webdelmaestrocmf.com\/portal\/wp-content\/uploads\/2026\/03\/1AA-Banner-1-portada-imagen-10-1-copia.webp?resize=700%2C400&ssl=1 2x, https:\/\/i0.wp.com\/webdelmaestrocmf.com\/portal\/wp-content\/uploads\/2026\/03\/1AA-Banner-1-portada-imagen-10-1-copia.webp?resize=1050%2C600&ssl=1 3x"},"classes":[]},{"id":109323,"url":"https:\/\/webdelmaestrocmf.com\/portal\/al-menos-10-muertos-y-varios-heridos-tras-un-tiroteo-en-un-instituto-de-austria\/","url_meta":{"origin":118473,"position":2},"title":"Al menos 10 muertos y varios heridos tras un tiroteo en un instituto de Austria","author":"Web del Maestro CMF","date":"10 junio, 2025","format":false,"excerpt":"El atacante ser\u00eda un estudiante que habr\u00eda abierto fuego contra alumnos y profesores y despu\u00e9s se habr\u00eda suicidado, seg\u00fan medios locales. La escuela ya ha sido evacuada, pero se teme que aumente el n\u00famero de fallecidos. Al menos\u00a0diez personas han muerto\u00a0tras un\u00a0tiroteo en un instituto de Austria.\u00a0Seg\u00fan medios locales, que\u2026","rel":"","context":"En \u00abNoticias Internacionales\u00bb","block_context":{"text":"Noticias Internacionales","link":"https:\/\/webdelmaestrocmf.com\/portal\/category\/noticias-internacionales\/"},"img":{"alt_text":"","src":"https:\/\/i0.wp.com\/webdelmaestrocmf.com\/portal\/wp-content\/uploads\/2024\/10\/luto.jpg?resize=350%2C200&ssl=1","width":350,"height":200,"srcset":"https:\/\/i0.wp.com\/webdelmaestrocmf.com\/portal\/wp-content\/uploads\/2024\/10\/luto.jpg?resize=350%2C200&ssl=1 1x, https:\/\/i0.wp.com\/webdelmaestrocmf.com\/portal\/wp-content\/uploads\/2024\/10\/luto.jpg?resize=525%2C300&ssl=1 1.5x, https:\/\/i0.wp.com\/webdelmaestrocmf.com\/portal\/wp-content\/uploads\/2024\/10\/luto.jpg?resize=700%2C400&ssl=1 2x"},"classes":[]},{"id":113434,"url":"https:\/\/webdelmaestrocmf.com\/portal\/adolescente-de-13-anos-amenaza-de-muerte-a-dos-maestras-en-secundaria-companeros-y-padres-alertan-a-la-escuela\/","url_meta":{"origin":118473,"position":3},"title":"Adolescente de 13 a\u00f1os amenaza de muerte a dos maestras en secundaria; compa\u00f1eros y padres alertan a la escuela","author":"Web del Maestro CMF","date":"11 noviembre, 2025","format":false,"excerpt":"\u00abP\u00f3nganse de acuerdo, chicos, porque vamos a matar a la maestra de historia y a la maestra de contabilidad\u00bb.","rel":"","context":"En \u00abNoticias Internacionales\u00bb","block_context":{"text":"Noticias Internacionales","link":"https:\/\/webdelmaestrocmf.com\/portal\/category\/noticias-internacionales\/"},"img":{"alt_text":"","src":"https:\/\/i0.wp.com\/webdelmaestrocmf.com\/portal\/wp-content\/uploads\/2025\/11\/Portada-articulos-1-7.jpg?resize=350%2C200&ssl=1","width":350,"height":200,"srcset":"https:\/\/i0.wp.com\/webdelmaestrocmf.com\/portal\/wp-content\/uploads\/2025\/11\/Portada-articulos-1-7.jpg?resize=350%2C200&ssl=1 1x, https:\/\/i0.wp.com\/webdelmaestrocmf.com\/portal\/wp-content\/uploads\/2025\/11\/Portada-articulos-1-7.jpg?resize=525%2C300&ssl=1 1.5x, https:\/\/i0.wp.com\/webdelmaestrocmf.com\/portal\/wp-content\/uploads\/2025\/11\/Portada-articulos-1-7.jpg?resize=700%2C400&ssl=1 2x"},"classes":[]},{"id":115064,"url":"https:\/\/webdelmaestrocmf.com\/portal\/dos-docentes-fallecidos-que-interpelan-a-la-educacion-cuando-la-escuela-deja-de-ser-un-espacio-seguro-para-ensenar\/","url_meta":{"origin":118473,"position":4},"title":"Dos docentes fallecidos que interpelan a la educaci\u00f3n: cuando la escuela deja de ser un espacio seguro para ense\u00f1ar","author":"Web del Maestro CMF","date":"30 enero, 2026","format":false,"excerpt":"Dos docentes murieron en contextos escolares distintos, pero unidos por la violencia, la negligencia institucional y la urgente falta de protecci\u00f3n docente.","rel":"","context":"En \u00abNoticias Internacionales\u00bb","block_context":{"text":"Noticias Internacionales","link":"https:\/\/webdelmaestrocmf.com\/portal\/category\/noticias-internacionales\/"},"img":{"alt_text":"","src":"https:\/\/i0.wp.com\/webdelmaestrocmf.com\/portal\/wp-content\/uploads\/2026\/01\/1AA-Banner-1-portada-imagen-10-1-copia-23.webp?resize=350%2C200&ssl=1","width":350,"height":200,"srcset":"https:\/\/i0.wp.com\/webdelmaestrocmf.com\/portal\/wp-content\/uploads\/2026\/01\/1AA-Banner-1-portada-imagen-10-1-copia-23.webp?resize=350%2C200&ssl=1 1x, https:\/\/i0.wp.com\/webdelmaestrocmf.com\/portal\/wp-content\/uploads\/2026\/01\/1AA-Banner-1-portada-imagen-10-1-copia-23.webp?resize=525%2C300&ssl=1 1.5x, https:\/\/i0.wp.com\/webdelmaestrocmf.com\/portal\/wp-content\/uploads\/2026\/01\/1AA-Banner-1-portada-imagen-10-1-copia-23.webp?resize=700%2C400&ssl=1 2x, https:\/\/i0.wp.com\/webdelmaestrocmf.com\/portal\/wp-content\/uploads\/2026\/01\/1AA-Banner-1-portada-imagen-10-1-copia-23.webp?resize=1050%2C600&ssl=1 3x"},"classes":[]},{"id":43497,"url":"https:\/\/webdelmaestrocmf.com\/portal\/guia-descargable-para-la-prevencion-deteccion-y-reaccion-ante-la-presencia-de-armas-en-las-escuelas\/","url_meta":{"origin":118473,"position":5},"title":"Gu\u00eda descargable para la prevenci\u00f3n, detecci\u00f3n y reacci\u00f3n ante la presencia de armas en las escuelas","author":"Web del Maestro CMF","date":"15 enero, 2020","format":false,"excerpt":"El tiempo que transcurre entre el momento en el que se detecta un arma en una escuela y la llegada de la asistencia policial es vital, por ello, tanto el cuerpo directivo, como el docente y el administrativo, deben contar con un Plan de Acci\u00f3n ante la Presencia de Armas,\u2026","rel":"","context":"En \u00abBienestar Familiar\u00bb","block_context":{"text":"Bienestar Familiar","link":"https:\/\/webdelmaestrocmf.com\/portal\/category\/pedagogia\/bienestar-familiar\/"},"img":{"alt_text":"","src":"https:\/\/i0.wp.com\/webdelmaestrocmf.com\/portal\/wp-content\/uploads\/2020\/01\/1-3.jpeg?resize=350%2C200&ssl=1","width":350,"height":200,"srcset":"https:\/\/i0.wp.com\/webdelmaestrocmf.com\/portal\/wp-content\/uploads\/2020\/01\/1-3.jpeg?resize=350%2C200&ssl=1 1x, https:\/\/i0.wp.com\/webdelmaestrocmf.com\/portal\/wp-content\/uploads\/2020\/01\/1-3.jpeg?resize=525%2C300&ssl=1 1.5x, https:\/\/i0.wp.com\/webdelmaestrocmf.com\/portal\/wp-content\/uploads\/2020\/01\/1-3.jpeg?resize=700%2C400&ssl=1 2x, https:\/\/i0.wp.com\/webdelmaestrocmf.com\/portal\/wp-content\/uploads\/2020\/01\/1-3.jpeg?resize=1050%2C600&ssl=1 3x"},"classes":[]}],"_links":{"self":[{"href":"https:\/\/webdelmaestrocmf.com\/portal\/wp-json\/wp\/v2\/posts\/118473","targetHints":{"allow":["GET"]}}],"collection":[{"href":"https:\/\/webdelmaestrocmf.com\/portal\/wp-json\/wp\/v2\/posts"}],"about":[{"href":"https:\/\/webdelmaestrocmf.com\/portal\/wp-json\/wp\/v2\/types\/post"}],"author":[{"embeddable":true,"href":"https:\/\/webdelmaestrocmf.com\/portal\/wp-json\/wp\/v2\/users\/1"}],"replies":[{"embeddable":true,"href":"https:\/\/webdelmaestrocmf.com\/portal\/wp-json\/wp\/v2\/comments?post=118473"}],"version-history":[{"count":2,"href":"https:\/\/webdelmaestrocmf.com\/portal\/wp-json\/wp\/v2\/posts\/118473\/revisions"}],"predecessor-version":[{"id":118478,"href":"https:\/\/webdelmaestrocmf.com\/portal\/wp-json\/wp\/v2\/posts\/118473\/revisions\/118478"}],"wp:featuredmedia":[{"embeddable":true,"href":"https:\/\/webdelmaestrocmf.com\/portal\/wp-json\/wp\/v2\/media\/118476"}],"wp:attachment":[{"href":"https:\/\/webdelmaestrocmf.com\/portal\/wp-json\/wp\/v2\/media?parent=118473"}],"wp:term":[{"taxonomy":"category","embeddable":true,"href":"https:\/\/webdelmaestrocmf.com\/portal\/wp-json\/wp\/v2\/categories?post=118473"},{"taxonomy":"post_tag","embeddable":true,"href":"https:\/\/webdelmaestrocmf.com\/portal\/wp-json\/wp\/v2\/tags?post=118473"}],"curies":[{"name":"wp","href":"https:\/\/api.w.org\/{rel}","templated":true}]}}