{"id":118381,"date":"2026-04-27T20:29:39","date_gmt":"2026-04-28T00:29:39","guid":{"rendered":"https:\/\/webdelmaestrocmf.com\/portal\/?p=118381"},"modified":"2026-04-27T20:36:21","modified_gmt":"2026-04-28T00:36:21","slug":"si-tu-hijo-hace-estas-3-cosas-felicidades-tienes-un-hijo-listo-para-toda-la-vida","status":"publish","type":"post","link":"https:\/\/webdelmaestrocmf.com\/portal\/si-tu-hijo-hace-estas-3-cosas-felicidades-tienes-un-hijo-listo-para-toda-la-vida\/","title":{"rendered":"Si tu hijo hace estas 3 cosas, felicidades: tienes un hijo listo para toda la vida"},"content":{"rendered":"\n<p>El t\u00edtulo es potente, pero conviene precisarlo: <strong>no existen tres conductas que garanticen el \u00e9xito en la vida<\/strong>. El desarrollo infantil es complejo y depende de m\u00faltiples factores: v\u00ednculo afectivo, contexto familiar, oportunidades educativas y salud emocional. Sin embargo, <strong>s\u00ed hay habilidades clave<\/strong> que la investigaci\u00f3n en psicolog\u00eda del desarrollo y neuroeducaci\u00f3n identifica como predictores de una mejor adaptaci\u00f3n a lo largo de la vida.<\/p>\n\n\n\n<h2 class=\"wp-block-heading\"><strong>1. Autonom\u00eda funcional: hacer por s\u00ed mismo lo que ya puede hacer<\/strong><\/h2>\n\n\n\n<p>Cuando un ni\u00f1o <strong>se sirve, ordena, limpia o intenta resolver tareas cotidianas<\/strong>, est\u00e1 desarrollando funciones ejecutivas: planificaci\u00f3n, control inhibitorio y memoria de trabajo.<br><strong>La evidencia es clara:<\/strong> los ni\u00f1os que practican autonom\u00eda desde peque\u00f1os muestran mayor capacidad de autorregulaci\u00f3n y resoluci\u00f3n de problemas en etapas posteriores.<\/p>\n\n\n\n<p>Pero hay un matiz importante:<br><strong>Autonom\u00eda no es abandono.<\/strong> El adulto sigue presente, gu\u00eda, modela y acompa\u00f1a. La clave es no hacer por el ni\u00f1o lo que ya puede intentar por s\u00ed mismo.<\/p>\n\n\n\n<h2 class=\"wp-block-heading\"><strong>2. Responsabilidad pr\u00e1ctica: entender que sus acciones tienen consecuencias<\/strong><\/h2>\n\n\n\n<p>Un ni\u00f1o que <strong>usa algo y lo guarda, ensucia y limpia, rompe e intenta reparar<\/strong> est\u00e1 internalizando una idea fundamental: <strong>el mundo tiene reglas y consecuencias<\/strong>.<br>Esto no se ense\u00f1a con discursos, sino con pr\u00e1ctica cotidiana.<\/p>\n\n\n\n<p>Desde la psicolog\u00eda conductual y el aprendizaje social, sabemos que:<\/p>\n\n\n\n<ul class=\"wp-block-list\">\n<li>Las conductas se consolidan cuando hay coherencia entre acci\u00f3n y consecuencia.<\/li>\n\n\n\n<li>La repetici\u00f3n de peque\u00f1as responsabilidades construye h\u00e1bitos duraderos.<\/li>\n<\/ul>\n\n\n\n<p><strong>Esto no forma ni\u00f1os \u201cobedientes\u201d, forma personas funcionales.<\/strong><\/p>\n\n\n\n<h2 class=\"wp-block-heading\"><strong>3. Empat\u00eda activa: darse cuenta del otro y actuar<\/strong><\/h2>\n\n\n\n<p>Quiz\u00e1 el indicador m\u00e1s potente no es que el ni\u00f1o haga cosas, sino que <strong>observe, comprenda y responda al otro<\/strong>.<br>Cuando un ni\u00f1o pregunta \u201c\u00bfte ayudo?\u201d sin que se le exija, est\u00e1 mostrando desarrollo de:<\/p>\n\n\n\n<ul class=\"wp-block-list\">\n<li>Teor\u00eda de la mente<\/li>\n\n\n\n<li>Regulaci\u00f3n emocional<\/li>\n\n\n\n<li>Conducta prosocial<\/li>\n<\/ul>\n\n\n\n<p>La neurociencia ha demostrado que estas capacidades se desarrollan en entornos donde el ni\u00f1o <strong>ha sido visto, escuchado y validado emocionalmente<\/strong>.<\/p>\n\n\n\n<p><strong>Un ni\u00f1o aut\u00f3nomo sin empat\u00eda puede ser funcional, pero no necesariamente humano en su relaci\u00f3n con otros.<\/strong><\/p>\n\n\n\n<h3 class=\"wp-block-heading\"><strong>El error frecuente: confundir amor con sobreprotecci\u00f3n<\/strong><\/h3>\n\n\n\n<p>Muchos adultos, por afecto, caen en un patr\u00f3n claro:<br><strong>hacer todo por el ni\u00f1o para evitarle frustraciones.<\/strong><\/p>\n\n\n\n<p>El problema es que:<\/p>\n\n\n\n<ul class=\"wp-block-list\">\n<li>La frustraci\u00f3n moderada es necesaria para aprender<\/li>\n\n\n\n<li>El error es parte del desarrollo cognitivo<\/li>\n\n\n\n<li>La resoluci\u00f3n de problemas se construye enfrent\u00e1ndolos, no evit\u00e1ndolos<\/li>\n<\/ul>\n\n\n\n<p><strong>Cuando el adulto resuelve todo, el ni\u00f1o no aprende a resolver nada.<\/strong><\/p>\n\n\n\n<h3 class=\"wp-block-heading\"><strong>El equilibrio necesario<\/strong><\/h3>\n\n\n\n<p>La evidencia apunta a un punto intermedio:<\/p>\n\n\n\n<ul class=\"wp-block-list\">\n<li>Ni abandono (\u201carr\u00e9glatelas solo\u201d)<\/li>\n\n\n\n<li>Ni sobreintervenci\u00f3n (\u201cyo lo hago por ti\u201d)<\/li>\n<\/ul>\n\n\n\n<p>El rol del adulto es <strong>dise\u00f1ar oportunidades<\/strong>, acompa\u00f1ar procesos y retirar ayuda progresivamente.<\/p>\n\n\n\n<h2 class=\"wp-block-heading\"><strong>Conclusi\u00f3n: no son tres cosas, es un enfoque de crianza<\/strong><\/h2>\n\n\n\n<p>El t\u00edtulo simplifica, pero el fondo es valioso.<br><strong>No se trata de que el ni\u00f1o cumpla una lista, sino de c\u00f3mo est\u00e1 siendo educado d\u00eda a d\u00eda.<\/strong><\/p>\n\n\n\n<p>Un ni\u00f1o mejor preparado para la vida no es el que:<\/p>\n\n\n\n<ul class=\"wp-block-list\">\n<li>Obedece todo<\/li>\n\n\n\n<li>No se equivoca<\/li>\n\n\n\n<li>Depende siempre del adulto<\/li>\n<\/ul>\n\n\n\n<p>Es el que:<\/p>\n\n\n\n<ul class=\"wp-block-list\">\n<li>Intenta, falla y vuelve a intentar<\/li>\n\n\n\n<li>Asume peque\u00f1as responsabilidades<\/li>\n\n\n\n<li>Piensa en los dem\u00e1s, no solo en s\u00ed mismo<\/li>\n<\/ul>\n\n\n\n<p>Porque, al final, <strong>el verdadero indicador no es lo que haces por tu hijo\u2026 sino lo que \u00e9l es capaz de hacer cuando t\u00fa no est\u00e1s<\/strong>.<\/p>\n\n\n\n<p class=\"has-text-align-right\"><strong>Redacci\u00f3n | Web del Maestro CMF<\/strong><\/p>\n\n\n\t\t<div class=\"pk-inline-posts\">\n\t\t\t\t\t\t\t<h5 class=\"pk-inline-posts-title pk-title pk-font-block\">\n\t\t\t\t\t\u00daltimas entradas\t\t\t\t<\/h5>\n\t\t\t\n\t\t\t<div class=\"pk-inline-posts-container pk-inline-posts-template-list\"\n\t\t\t\tdata-columns=\"1\">\n\t\t\t\t\t\t<article id=\"post-118371\" class=\"post-118371 post type-post status-publish format-standard has-post-thumbnail category-bienestar-familiar category-pedagogia tag-aprendizaje-social tag-bienestar-infantil tag-conducta-infantil tag-crianza-consciente tag-desarrollo-infantil tag-disciplina-positiva-2 tag-educacion-emocional-3 tag-regulacion-emocional-2 tag-rol-docente tag-vinculo-afectivo-2 cs-entry cs-video-wrap\">\n\t\t\t<div class=\"pk-post-outer\">\n\n\t\t\t\t\t\t\t\t<div class=\"pk-post-inner\">\n\t\t\t\t\t<div class=\"entry-thumbnail\">\n\t\t\t\t\t\t<div class=\"pk-overlay pk-overlay-ratio pk-ratio-landscape\">\n\t\t\t\t\t\t\t<div class=\"pk-overlay-background\">\n\t\t\t\t\t\t\t\t<a href=\"https:\/\/webdelmaestrocmf.com\/portal\/no-importa-si-grita-papa-o-mama-importa-la-frecuencia-y-la-huella-que-deja-en-el-nino\/\" class=\"pk-overlay-link\">\n\t\t\t\t\t\t\t\t\t<img loading=\"lazy\" decoding=\"async\" width=\"300\" height=\"225\" src=\"https:\/\/webdelmaestrocmf.com\/portal\/wp-content\/uploads\/2026\/04\/1AA-Banner-1-portada-imagen-10-1-copia-2-8-300x225.webp\" class=\"attachment-pk-thumbnail size-pk-thumbnail wp-post-image\" alt=\"\" \/>\t\t\t\t\t\t\t\t<\/a>\n\t\t\t\t\t\t\t<\/div>\n\t\t\t\t\t\t<\/div>\n\t\t\t\t\t<\/div>\n\t\t\t\t<\/div>\n\t\t\t\t\n\t\t\t\t<div class=\"pk-post-inner\">\n\t\t\t\t\t<header>\n\t\t\t\t\t\t<h3 class=\"pk-title\"><a href=\"https:\/\/webdelmaestrocmf.com\/portal\/no-importa-si-grita-papa-o-mama-importa-la-frecuencia-y-la-huella-que-deja-en-el-nino\/\" rel=\"bookmark\">No importa si grita pap\u00e1 o mam\u00e1\u2026 importa la frecuencia y la huella que deja en el ni\u00f1o<\/a><\/h3>\t\t\t\t\t<\/header><!-- .entry-header -->\n\t\t\t\t<\/div><!-- .post-inner -->\n\n\t\t\t<\/div><!-- .post-outer -->\n\t\t<\/article>\n\t\t\t<article id=\"post-38151\" class=\"post-38151 post type-post status-publish format-standard has-post-thumbnail category-bienestar-familiar category-pedagogia tag-alumno tag-construccion tag-educar tag-ensenar tag-escuela tag-familia tag-hijo cs-entry cs-video-wrap\">\n\t\t\t<div class=\"pk-post-outer\">\n\n\t\t\t\t\t\t\t\t<div class=\"pk-post-inner\">\n\t\t\t\t\t<div class=\"entry-thumbnail\">\n\t\t\t\t\t\t<div class=\"pk-overlay pk-overlay-ratio pk-ratio-landscape\">\n\t\t\t\t\t\t\t<div class=\"pk-overlay-background\">\n\t\t\t\t\t\t\t\t<a href=\"https:\/\/webdelmaestrocmf.com\/portal\/la-construccion-de-un-hijo-alumno-la-familia-tiene-que-educar-para-que-la-escuela-pueda-ensenar\/\" class=\"pk-overlay-link\">\n\t\t\t\t\t\t\t\t\t<img loading=\"lazy\" decoding=\"async\" width=\"300\" height=\"225\" src=\"https:\/\/webdelmaestrocmf.com\/portal\/wp-content\/uploads\/2026\/04\/1AA-Banner-1-portada-imagen-10-1-copia-7-3-300x225.webp\" class=\"attachment-pk-thumbnail size-pk-thumbnail wp-post-image\" alt=\"\" \/>\t\t\t\t\t\t\t\t<\/a>\n\t\t\t\t\t\t\t<\/div>\n\t\t\t\t\t\t<\/div>\n\t\t\t\t\t<\/div>\n\t\t\t\t<\/div>\n\t\t\t\t\n\t\t\t\t<div class=\"pk-post-inner\">\n\t\t\t\t\t<header>\n\t\t\t\t\t\t<h3 class=\"pk-title\"><a href=\"https:\/\/webdelmaestrocmf.com\/portal\/la-construccion-de-un-hijo-alumno-la-familia-tiene-que-educar-para-que-la-escuela-pueda-ensenar\/\" rel=\"bookmark\">La familia tiene que educar para que la escuela pueda ense\u00f1ar<\/a><\/h3>\t\t\t\t\t<\/header><!-- .entry-header -->\n\t\t\t\t<\/div><!-- .post-inner -->\n\n\t\t\t<\/div><!-- .post-outer -->\n\t\t<\/article>\n\t\t\t<article id=\"post-118197\" class=\"post-118197 post type-post status-publish format-standard has-post-thumbnail category-bienestar-familiar category-pedagogia category-violencia tag-convivencia-escolar tag-crianza tag-educacion-emocional-2 tag-estudiantes tag-familia tag-intervencion tag-prevencion tag-rol-docente tag-salud-mental tag-violencia-escolar cs-entry cs-video-wrap\">\n\t\t\t<div class=\"pk-post-outer\">\n\n\t\t\t\t\t\t\t\t<div class=\"pk-post-inner\">\n\t\t\t\t\t<div class=\"entry-thumbnail\">\n\t\t\t\t\t\t<div class=\"pk-overlay pk-overlay-ratio pk-ratio-landscape\">\n\t\t\t\t\t\t\t<div class=\"pk-overlay-background\">\n\t\t\t\t\t\t\t\t<a href=\"https:\/\/webdelmaestrocmf.com\/portal\/tu-hijo-normaliza-la-violencia-y-habla-de-venganza-senales-que-pueden-escalar-y-como-actuar-a-tiempo\/\" class=\"pk-overlay-link\">\n\t\t\t\t\t\t\t\t\t<img loading=\"lazy\" decoding=\"async\" width=\"300\" height=\"225\" src=\"https:\/\/webdelmaestrocmf.com\/portal\/wp-content\/uploads\/2026\/04\/1AA-Banner-1-portada-imagen-10-1-copia-3-6-300x225.webp\" class=\"attachment-pk-thumbnail size-pk-thumbnail wp-post-image\" alt=\"\" \/>\t\t\t\t\t\t\t\t<\/a>\n\t\t\t\t\t\t\t<\/div>\n\t\t\t\t\t\t<\/div>\n\t\t\t\t\t<\/div>\n\t\t\t\t<\/div>\n\t\t\t\t\n\t\t\t\t<div class=\"pk-post-inner\">\n\t\t\t\t\t<header>\n\t\t\t\t\t\t<h3 class=\"pk-title\"><a href=\"https:\/\/webdelmaestrocmf.com\/portal\/tu-hijo-normaliza-la-violencia-y-habla-de-venganza-senales-que-pueden-escalar-y-como-actuar-a-tiempo\/\" rel=\"bookmark\">\u00bfTu hijo normaliza la violencia y habla de venganza? Estas son las se\u00f1ales que pueden escalar y c\u00f3mo actuar a tiempo<\/a><\/h3>\t\t\t\t\t<\/header><!-- .entry-header -->\n\t\t\t\t<\/div><!-- .post-inner -->\n\n\t\t\t<\/div><!-- .post-outer -->\n\t\t<\/article>\n\t\t\t\t<\/div>\n\t\t<\/div>\n\t\t\n","protected":false},"excerpt":{"rendered":"La autonom\u00eda, la responsabilidad y la empat\u00eda son claves en el desarrollo infantil. No se trata de hacer todo por ellos, sino de permitirles intentar, equivocarse y resolver. As\u00ed se forman ni\u00f1os capaces, conscientes y preparados para enfrentar la vida.","protected":false},"author":1,"featured_media":118384,"comment_status":"open","ping_status":"closed","sticky":false,"template":"","format":"standard","meta":{"csco_display_header_overlay":false,"csco_singular_sidebar":"","csco_page_header_type":"","csco_page_load_nextpost":"","csco_post_video_location":[],"csco_post_video_location_hash":"","csco_post_video_url":"","csco_post_video_bg_start_time":0,"csco_post_video_bg_end_time":0,"csco_post_video_bg_volume":false,"_jetpack_memberships_contains_paid_content":false,"footnotes":""},"categories":[464,735],"tags":[77,25230,24580,2894,58,15996,24147,17479,184,1442],"class_list":{"0":"post-118381","1":"post","2":"type-post","3":"status-publish","4":"format-standard","5":"has-post-thumbnail","7":"category-bienestar-familiar","8":"category-pedagogia","9":"tag-aprendizaje","10":"tag-autonomia-3","11":"tag-crianza-consciente","12":"tag-desarrollo-infantil","13":"tag-docentes","14":"tag-educacion-infantil","15":"tag-empatia-2","16":"tag-funciones-ejecutivas","17":"tag-padres","18":"tag-responsabilidad","19":"cs-entry","20":"cs-video-wrap"},"yoast_head":"<!-- This site is optimized with the Yoast SEO plugin v27.4 - https:\/\/yoast.com\/product\/yoast-seo-wordpress\/ -->\n<title>Si tu hijo hace estas 3 cosas, felicidades: tienes un hijo listo para toda la vida - 2026<\/title>\n<meta name=\"description\" content=\"El desarrollo infantil es complejo y depende de m\u00faltiples factores: v\u00ednculo afectivo, contexto familiar, oportunidades educativas y ...\" \/>\n<meta name=\"robots\" content=\"index, follow, max-snippet:-1, max-image-preview:large, max-video-preview:-1\" \/>\n<link rel=\"canonical\" href=\"https:\/\/webdelmaestrocmf.com\/portal\/si-tu-hijo-hace-estas-3-cosas-felicidades-tienes-un-hijo-listo-para-toda-la-vida\/\" \/>\n<meta property=\"og:locale\" content=\"es_ES\" \/>\n<meta property=\"og:type\" content=\"article\" \/>\n<meta property=\"og:title\" content=\"Si tu hijo hace estas 3 cosas, felicidades: tienes un hijo listo para toda la vida - 2026\" \/>\n<meta property=\"og:description\" content=\"El desarrollo infantil es complejo y depende de m\u00faltiples factores: v\u00ednculo afectivo, contexto familiar, oportunidades educativas y ...\" \/>\n<meta property=\"og:url\" content=\"https:\/\/webdelmaestrocmf.com\/portal\/si-tu-hijo-hace-estas-3-cosas-felicidades-tienes-un-hijo-listo-para-toda-la-vida\/\" \/>\n<meta property=\"og:site_name\" content=\"Web del Maestro CMF\" \/>\n<meta property=\"article:publisher\" content=\"https:\/\/www.facebook.com\/WebdelMaestroCMF\/\" \/>\n<meta property=\"article:author\" content=\"https:\/\/www.facebook.com\/WebdelMaestroCMF\/\" \/>\n<meta property=\"article:published_time\" content=\"2026-04-28T00:29:39+00:00\" \/>\n<meta property=\"article:modified_time\" content=\"2026-04-28T00:36:21+00:00\" \/>\n<meta property=\"og:image\" content=\"https:\/\/webdelmaestrocmf.com\/portal\/wp-content\/uploads\/2026\/04\/1AA-Banner-1-portada-imagen-10-1-copia-3-7.webp\" \/>\n\t<meta property=\"og:image:width\" content=\"1200\" \/>\n\t<meta property=\"og:image:height\" content=\"675\" \/>\n\t<meta property=\"og:image:type\" content=\"image\/webp\" \/>\n<meta name=\"author\" content=\"Web del Maestro CMF\" \/>\n<meta name=\"twitter:card\" content=\"summary_large_image\" \/>\n<meta name=\"twitter:creator\" content=\"@cmf_w\" \/>\n<meta name=\"twitter:site\" content=\"@cmf_w\" \/>\n<meta name=\"twitter:label1\" content=\"Escrito por\" \/>\n\t<meta name=\"twitter:data1\" content=\"Web del Maestro CMF\" \/>\n\t<meta name=\"twitter:label2\" content=\"Tiempo de lectura\" \/>\n\t<meta name=\"twitter:data2\" content=\"3 minutos\" \/>\n<script type=\"application\/ld+json\" class=\"yoast-schema-graph\">{\"@context\":\"https:\\\/\\\/schema.org\",\"@graph\":[{\"@type\":\"ScholarlyArticle\",\"@id\":\"https:\\\/\\\/webdelmaestrocmf.com\\\/portal\\\/si-tu-hijo-hace-estas-3-cosas-felicidades-tienes-un-hijo-listo-para-toda-la-vida\\\/#article\",\"isPartOf\":{\"@id\":\"https:\\\/\\\/webdelmaestrocmf.com\\\/portal\\\/si-tu-hijo-hace-estas-3-cosas-felicidades-tienes-un-hijo-listo-para-toda-la-vida\\\/\"},\"author\":{\"name\":\"Web del Maestro CMF\",\"@id\":\"https:\\\/\\\/webdelmaestrocmf.com\\\/portal\\\/#\\\/schema\\\/person\\\/1072a2ed7bd960df8ef99a551fa35dc5\"},\"headline\":\"Si tu hijo hace estas 3 cosas, felicidades: tienes un hijo listo para toda la vida\",\"datePublished\":\"2026-04-28T00:29:39+00:00\",\"dateModified\":\"2026-04-28T00:36:21+00:00\",\"mainEntityOfPage\":{\"@id\":\"https:\\\/\\\/webdelmaestrocmf.com\\\/portal\\\/si-tu-hijo-hace-estas-3-cosas-felicidades-tienes-un-hijo-listo-para-toda-la-vida\\\/\"},\"wordCount\":627,\"commentCount\":0,\"publisher\":{\"@id\":\"https:\\\/\\\/webdelmaestrocmf.com\\\/portal\\\/#organization\"},\"image\":{\"@id\":\"https:\\\/\\\/webdelmaestrocmf.com\\\/portal\\\/si-tu-hijo-hace-estas-3-cosas-felicidades-tienes-un-hijo-listo-para-toda-la-vida\\\/#primaryimage\"},\"thumbnailUrl\":\"https:\\\/\\\/webdelmaestrocmf.com\\\/portal\\\/wp-content\\\/uploads\\\/2026\\\/04\\\/1AA-Banner-1-portada-imagen-10-1-copia-3-7.webp\",\"keywords\":[\"aprendizaje\",\"Autonom\u00eda\",\"crianza consciente\",\"DESARROLLO INFANTIL\",\"DOCENTES\",\"educaci\u00f3n infantil\",\"empat\u00eda\",\"funciones ejecutivas\",\"padres\",\"RESPONSABILIDAD\"],\"articleSection\":[\"Bienestar Familiar\",\"Recursos\"],\"inLanguage\":\"es\",\"potentialAction\":[{\"@type\":\"CommentAction\",\"name\":\"Comment\",\"target\":[\"https:\\\/\\\/webdelmaestrocmf.com\\\/portal\\\/si-tu-hijo-hace-estas-3-cosas-felicidades-tienes-un-hijo-listo-para-toda-la-vida\\\/#respond\"]}]},{\"@type\":\"WebPage\",\"@id\":\"https:\\\/\\\/webdelmaestrocmf.com\\\/portal\\\/si-tu-hijo-hace-estas-3-cosas-felicidades-tienes-un-hijo-listo-para-toda-la-vida\\\/\",\"url\":\"https:\\\/\\\/webdelmaestrocmf.com\\\/portal\\\/si-tu-hijo-hace-estas-3-cosas-felicidades-tienes-un-hijo-listo-para-toda-la-vida\\\/\",\"name\":\"Si tu hijo hace estas 3 cosas, felicidades: tienes un hijo listo para toda la vida - 2026\",\"isPartOf\":{\"@id\":\"https:\\\/\\\/webdelmaestrocmf.com\\\/portal\\\/#website\"},\"primaryImageOfPage\":{\"@id\":\"https:\\\/\\\/webdelmaestrocmf.com\\\/portal\\\/si-tu-hijo-hace-estas-3-cosas-felicidades-tienes-un-hijo-listo-para-toda-la-vida\\\/#primaryimage\"},\"image\":{\"@id\":\"https:\\\/\\\/webdelmaestrocmf.com\\\/portal\\\/si-tu-hijo-hace-estas-3-cosas-felicidades-tienes-un-hijo-listo-para-toda-la-vida\\\/#primaryimage\"},\"thumbnailUrl\":\"https:\\\/\\\/webdelmaestrocmf.com\\\/portal\\\/wp-content\\\/uploads\\\/2026\\\/04\\\/1AA-Banner-1-portada-imagen-10-1-copia-3-7.webp\",\"datePublished\":\"2026-04-28T00:29:39+00:00\",\"dateModified\":\"2026-04-28T00:36:21+00:00\",\"description\":\"El desarrollo infantil es complejo y depende de m\u00faltiples factores: v\u00ednculo afectivo, contexto familiar, oportunidades educativas y ...\",\"breadcrumb\":{\"@id\":\"https:\\\/\\\/webdelmaestrocmf.com\\\/portal\\\/si-tu-hijo-hace-estas-3-cosas-felicidades-tienes-un-hijo-listo-para-toda-la-vida\\\/#breadcrumb\"},\"inLanguage\":\"es\",\"potentialAction\":[{\"@type\":\"ReadAction\",\"target\":[\"https:\\\/\\\/webdelmaestrocmf.com\\\/portal\\\/si-tu-hijo-hace-estas-3-cosas-felicidades-tienes-un-hijo-listo-para-toda-la-vida\\\/\"]}]},{\"@type\":\"ImageObject\",\"inLanguage\":\"es\",\"@id\":\"https:\\\/\\\/webdelmaestrocmf.com\\\/portal\\\/si-tu-hijo-hace-estas-3-cosas-felicidades-tienes-un-hijo-listo-para-toda-la-vida\\\/#primaryimage\",\"url\":\"https:\\\/\\\/webdelmaestrocmf.com\\\/portal\\\/wp-content\\\/uploads\\\/2026\\\/04\\\/1AA-Banner-1-portada-imagen-10-1-copia-3-7.webp\",\"contentUrl\":\"https:\\\/\\\/webdelmaestrocmf.com\\\/portal\\\/wp-content\\\/uploads\\\/2026\\\/04\\\/1AA-Banner-1-portada-imagen-10-1-copia-3-7.webp\",\"width\":1200,\"height\":675},{\"@type\":\"BreadcrumbList\",\"@id\":\"https:\\\/\\\/webdelmaestrocmf.com\\\/portal\\\/si-tu-hijo-hace-estas-3-cosas-felicidades-tienes-un-hijo-listo-para-toda-la-vida\\\/#breadcrumb\",\"itemListElement\":[{\"@type\":\"ListItem\",\"position\":1,\"name\":\"Portada\",\"item\":\"https:\\\/\\\/webdelmaestrocmf.com\\\/portal\\\/\"},{\"@type\":\"ListItem\",\"position\":2,\"name\":\"Recursos\",\"item\":\"https:\\\/\\\/webdelmaestrocmf.com\\\/portal\\\/category\\\/pedagogia\\\/\"},{\"@type\":\"ListItem\",\"position\":3,\"name\":\"Si tu hijo hace estas 3 cosas, felicidades: tienes un hijo listo para toda la vida\"}]},{\"@type\":\"WebSite\",\"@id\":\"https:\\\/\\\/webdelmaestrocmf.com\\\/portal\\\/#website\",\"url\":\"https:\\\/\\\/webdelmaestrocmf.com\\\/portal\\\/\",\"name\":\"Web del Maestro CMF\",\"description\":\"Maestros al servicio de la educaci\u00f3n\",\"publisher\":{\"@id\":\"https:\\\/\\\/webdelmaestrocmf.com\\\/portal\\\/#organization\"},\"alternateName\":\"WMCMF\",\"potentialAction\":[{\"@type\":\"SearchAction\",\"target\":{\"@type\":\"EntryPoint\",\"urlTemplate\":\"https:\\\/\\\/webdelmaestrocmf.com\\\/portal\\\/?s={search_term_string}\"},\"query-input\":{\"@type\":\"PropertyValueSpecification\",\"valueRequired\":true,\"valueName\":\"search_term_string\"}}],\"inLanguage\":\"es\"},{\"@type\":\"Organization\",\"@id\":\"https:\\\/\\\/webdelmaestrocmf.com\\\/portal\\\/#organization\",\"name\":\"Web del Maestro CMF\",\"alternateName\":\"WMCMF\",\"url\":\"https:\\\/\\\/webdelmaestrocmf.com\\\/portal\\\/\",\"logo\":{\"@type\":\"ImageObject\",\"inLanguage\":\"es\",\"@id\":\"https:\\\/\\\/webdelmaestrocmf.com\\\/portal\\\/#\\\/schema\\\/logo\\\/image\\\/\",\"url\":\"https:\\\/\\\/webdelmaestrocmf.com\\\/portal\\\/wp-content\\\/uploads\\\/2023\\\/01\\\/logo-wmcmf-2.png\",\"contentUrl\":\"https:\\\/\\\/webdelmaestrocmf.com\\\/portal\\\/wp-content\\\/uploads\\\/2023\\\/01\\\/logo-wmcmf-2.png\",\"width\":200,\"height\":60,\"caption\":\"Web del Maestro CMF\"},\"image\":{\"@id\":\"https:\\\/\\\/webdelmaestrocmf.com\\\/portal\\\/#\\\/schema\\\/logo\\\/image\\\/\"},\"sameAs\":[\"https:\\\/\\\/www.facebook.com\\\/WebdelMaestroCMF\\\/\",\"https:\\\/\\\/x.com\\\/cmf_w\",\"https:\\\/\\\/www.pinterest.com\\\/WMCMF\\\/\",\"https:\\\/\\\/www.linkedin.com\\\/company\\\/web-del-maestro-cmf\\\/\",\"https:\\\/\\\/www.instagram.com\\\/wmcmf\\\/\",\"https:\\\/\\\/www.youtube.com\\\/channel\\\/UCDPSvjbdodE5sHnC3OxutHw\",\"https:\\\/\\\/mastodon.social\\\/@wmcmf\",\"https:\\\/\\\/www.tiktok.com\\\/@webdelmaestrocmf\"]},{\"@type\":\"Person\",\"@id\":\"https:\\\/\\\/webdelmaestrocmf.com\\\/portal\\\/#\\\/schema\\\/person\\\/1072a2ed7bd960df8ef99a551fa35dc5\",\"name\":\"Web del Maestro CMF\",\"image\":{\"@type\":\"ImageObject\",\"inLanguage\":\"es\",\"@id\":\"https:\\\/\\\/secure.gravatar.com\\\/avatar\\\/23291dd5b5ae1077dcff3dbb04c3e02bd28403fa75af6d8787d5e97c5bbbe30b?s=96&d=mm&r=g\",\"url\":\"https:\\\/\\\/secure.gravatar.com\\\/avatar\\\/23291dd5b5ae1077dcff3dbb04c3e02bd28403fa75af6d8787d5e97c5bbbe30b?s=96&d=mm&r=g\",\"contentUrl\":\"https:\\\/\\\/secure.gravatar.com\\\/avatar\\\/23291dd5b5ae1077dcff3dbb04c3e02bd28403fa75af6d8787d5e97c5bbbe30b?s=96&d=mm&r=g\",\"caption\":\"Web del Maestro CMF\"},\"description\":\"Esta Web se cre\u00f3 sin fines de lucro, con fines educativos, cient\u00edficos y acad\u00e9micos, para personas que tengan dificultades y\\\/o inconvenientes en visualizar el material original. El objetivo es entregar recursos, compartir experiencias y materiales que ayuden a los padres de familia, maestros y estudiantes en su actualizaci\u00f3n y formaci\u00f3n permanente, en bien de la Educaci\u00f3n.\",\"sameAs\":[\"http:\\\/\\\/webdelmaestrocmf.com\\\/portal\",\"https:\\\/\\\/www.facebook.com\\\/WebdelMaestroCMF\\\/\",\"https:\\\/\\\/www.instagram.com\\\/wmcmf\\\/\",\"https:\\\/\\\/cl.linkedin.com\\\/company\\\/web-del-maestro-cmf\",\"https:\\\/\\\/www.pinterest.com\\\/WMCMF\\\/publicaciones\\\/\",\"https:\\\/\\\/x.com\\\/cmf_w\",\"https:\\\/\\\/www.youtube.com\\\/@WMCMF\"]}]}<\/script>\n<!-- \/ Yoast SEO plugin. -->","yoast_head_json":{"title":"Si tu hijo hace estas 3 cosas, felicidades: tienes un hijo listo para toda la vida - 2026","description":"El desarrollo infantil es complejo y depende de m\u00faltiples factores: v\u00ednculo afectivo, contexto familiar, oportunidades educativas y ...","robots":{"index":"index","follow":"follow","max-snippet":"max-snippet:-1","max-image-preview":"max-image-preview:large","max-video-preview":"max-video-preview:-1"},"canonical":"https:\/\/webdelmaestrocmf.com\/portal\/si-tu-hijo-hace-estas-3-cosas-felicidades-tienes-un-hijo-listo-para-toda-la-vida\/","og_locale":"es_ES","og_type":"article","og_title":"Si tu hijo hace estas 3 cosas, felicidades: tienes un hijo listo para toda la vida - 2026","og_description":"El desarrollo infantil es complejo y depende de m\u00faltiples factores: v\u00ednculo afectivo, contexto familiar, oportunidades educativas y ...","og_url":"https:\/\/webdelmaestrocmf.com\/portal\/si-tu-hijo-hace-estas-3-cosas-felicidades-tienes-un-hijo-listo-para-toda-la-vida\/","og_site_name":"Web del Maestro CMF","article_publisher":"https:\/\/www.facebook.com\/WebdelMaestroCMF\/","article_author":"https:\/\/www.facebook.com\/WebdelMaestroCMF\/","article_published_time":"2026-04-28T00:29:39+00:00","article_modified_time":"2026-04-28T00:36:21+00:00","og_image":[{"width":1200,"height":675,"url":"https:\/\/webdelmaestrocmf.com\/portal\/wp-content\/uploads\/2026\/04\/1AA-Banner-1-portada-imagen-10-1-copia-3-7.webp","type":"image\/webp"}],"author":"Web del Maestro CMF","twitter_card":"summary_large_image","twitter_creator":"@cmf_w","twitter_site":"@cmf_w","twitter_misc":{"Escrito por":"Web del Maestro CMF","Tiempo de lectura":"3 minutos"},"schema":{"@context":"https:\/\/schema.org","@graph":[{"@type":"ScholarlyArticle","@id":"https:\/\/webdelmaestrocmf.com\/portal\/si-tu-hijo-hace-estas-3-cosas-felicidades-tienes-un-hijo-listo-para-toda-la-vida\/#article","isPartOf":{"@id":"https:\/\/webdelmaestrocmf.com\/portal\/si-tu-hijo-hace-estas-3-cosas-felicidades-tienes-un-hijo-listo-para-toda-la-vida\/"},"author":{"name":"Web del Maestro CMF","@id":"https:\/\/webdelmaestrocmf.com\/portal\/#\/schema\/person\/1072a2ed7bd960df8ef99a551fa35dc5"},"headline":"Si tu hijo hace estas 3 cosas, felicidades: tienes un hijo listo para toda la vida","datePublished":"2026-04-28T00:29:39+00:00","dateModified":"2026-04-28T00:36:21+00:00","mainEntityOfPage":{"@id":"https:\/\/webdelmaestrocmf.com\/portal\/si-tu-hijo-hace-estas-3-cosas-felicidades-tienes-un-hijo-listo-para-toda-la-vida\/"},"wordCount":627,"commentCount":0,"publisher":{"@id":"https:\/\/webdelmaestrocmf.com\/portal\/#organization"},"image":{"@id":"https:\/\/webdelmaestrocmf.com\/portal\/si-tu-hijo-hace-estas-3-cosas-felicidades-tienes-un-hijo-listo-para-toda-la-vida\/#primaryimage"},"thumbnailUrl":"https:\/\/webdelmaestrocmf.com\/portal\/wp-content\/uploads\/2026\/04\/1AA-Banner-1-portada-imagen-10-1-copia-3-7.webp","keywords":["aprendizaje","Autonom\u00eda","crianza consciente","DESARROLLO INFANTIL","DOCENTES","educaci\u00f3n infantil","empat\u00eda","funciones ejecutivas","padres","RESPONSABILIDAD"],"articleSection":["Bienestar Familiar","Recursos"],"inLanguage":"es","potentialAction":[{"@type":"CommentAction","name":"Comment","target":["https:\/\/webdelmaestrocmf.com\/portal\/si-tu-hijo-hace-estas-3-cosas-felicidades-tienes-un-hijo-listo-para-toda-la-vida\/#respond"]}]},{"@type":"WebPage","@id":"https:\/\/webdelmaestrocmf.com\/portal\/si-tu-hijo-hace-estas-3-cosas-felicidades-tienes-un-hijo-listo-para-toda-la-vida\/","url":"https:\/\/webdelmaestrocmf.com\/portal\/si-tu-hijo-hace-estas-3-cosas-felicidades-tienes-un-hijo-listo-para-toda-la-vida\/","name":"Si tu hijo hace estas 3 cosas, felicidades: tienes un hijo listo para toda la vida - 2026","isPartOf":{"@id":"https:\/\/webdelmaestrocmf.com\/portal\/#website"},"primaryImageOfPage":{"@id":"https:\/\/webdelmaestrocmf.com\/portal\/si-tu-hijo-hace-estas-3-cosas-felicidades-tienes-un-hijo-listo-para-toda-la-vida\/#primaryimage"},"image":{"@id":"https:\/\/webdelmaestrocmf.com\/portal\/si-tu-hijo-hace-estas-3-cosas-felicidades-tienes-un-hijo-listo-para-toda-la-vida\/#primaryimage"},"thumbnailUrl":"https:\/\/webdelmaestrocmf.com\/portal\/wp-content\/uploads\/2026\/04\/1AA-Banner-1-portada-imagen-10-1-copia-3-7.webp","datePublished":"2026-04-28T00:29:39+00:00","dateModified":"2026-04-28T00:36:21+00:00","description":"El desarrollo infantil es complejo y depende de m\u00faltiples factores: v\u00ednculo afectivo, contexto familiar, oportunidades educativas y ...","breadcrumb":{"@id":"https:\/\/webdelmaestrocmf.com\/portal\/si-tu-hijo-hace-estas-3-cosas-felicidades-tienes-un-hijo-listo-para-toda-la-vida\/#breadcrumb"},"inLanguage":"es","potentialAction":[{"@type":"ReadAction","target":["https:\/\/webdelmaestrocmf.com\/portal\/si-tu-hijo-hace-estas-3-cosas-felicidades-tienes-un-hijo-listo-para-toda-la-vida\/"]}]},{"@type":"ImageObject","inLanguage":"es","@id":"https:\/\/webdelmaestrocmf.com\/portal\/si-tu-hijo-hace-estas-3-cosas-felicidades-tienes-un-hijo-listo-para-toda-la-vida\/#primaryimage","url":"https:\/\/webdelmaestrocmf.com\/portal\/wp-content\/uploads\/2026\/04\/1AA-Banner-1-portada-imagen-10-1-copia-3-7.webp","contentUrl":"https:\/\/webdelmaestrocmf.com\/portal\/wp-content\/uploads\/2026\/04\/1AA-Banner-1-portada-imagen-10-1-copia-3-7.webp","width":1200,"height":675},{"@type":"BreadcrumbList","@id":"https:\/\/webdelmaestrocmf.com\/portal\/si-tu-hijo-hace-estas-3-cosas-felicidades-tienes-un-hijo-listo-para-toda-la-vida\/#breadcrumb","itemListElement":[{"@type":"ListItem","position":1,"name":"Portada","item":"https:\/\/webdelmaestrocmf.com\/portal\/"},{"@type":"ListItem","position":2,"name":"Recursos","item":"https:\/\/webdelmaestrocmf.com\/portal\/category\/pedagogia\/"},{"@type":"ListItem","position":3,"name":"Si tu hijo hace estas 3 cosas, felicidades: tienes un hijo listo para toda la vida"}]},{"@type":"WebSite","@id":"https:\/\/webdelmaestrocmf.com\/portal\/#website","url":"https:\/\/webdelmaestrocmf.com\/portal\/","name":"Web del Maestro CMF","description":"Maestros al servicio de la educaci\u00f3n","publisher":{"@id":"https:\/\/webdelmaestrocmf.com\/portal\/#organization"},"alternateName":"WMCMF","potentialAction":[{"@type":"SearchAction","target":{"@type":"EntryPoint","urlTemplate":"https:\/\/webdelmaestrocmf.com\/portal\/?s={search_term_string}"},"query-input":{"@type":"PropertyValueSpecification","valueRequired":true,"valueName":"search_term_string"}}],"inLanguage":"es"},{"@type":"Organization","@id":"https:\/\/webdelmaestrocmf.com\/portal\/#organization","name":"Web del Maestro CMF","alternateName":"WMCMF","url":"https:\/\/webdelmaestrocmf.com\/portal\/","logo":{"@type":"ImageObject","inLanguage":"es","@id":"https:\/\/webdelmaestrocmf.com\/portal\/#\/schema\/logo\/image\/","url":"https:\/\/webdelmaestrocmf.com\/portal\/wp-content\/uploads\/2023\/01\/logo-wmcmf-2.png","contentUrl":"https:\/\/webdelmaestrocmf.com\/portal\/wp-content\/uploads\/2023\/01\/logo-wmcmf-2.png","width":200,"height":60,"caption":"Web del Maestro CMF"},"image":{"@id":"https:\/\/webdelmaestrocmf.com\/portal\/#\/schema\/logo\/image\/"},"sameAs":["https:\/\/www.facebook.com\/WebdelMaestroCMF\/","https:\/\/x.com\/cmf_w","https:\/\/www.pinterest.com\/WMCMF\/","https:\/\/www.linkedin.com\/company\/web-del-maestro-cmf\/","https:\/\/www.instagram.com\/wmcmf\/","https:\/\/www.youtube.com\/channel\/UCDPSvjbdodE5sHnC3OxutHw","https:\/\/mastodon.social\/@wmcmf","https:\/\/www.tiktok.com\/@webdelmaestrocmf"]},{"@type":"Person","@id":"https:\/\/webdelmaestrocmf.com\/portal\/#\/schema\/person\/1072a2ed7bd960df8ef99a551fa35dc5","name":"Web del Maestro CMF","image":{"@type":"ImageObject","inLanguage":"es","@id":"https:\/\/secure.gravatar.com\/avatar\/23291dd5b5ae1077dcff3dbb04c3e02bd28403fa75af6d8787d5e97c5bbbe30b?s=96&d=mm&r=g","url":"https:\/\/secure.gravatar.com\/avatar\/23291dd5b5ae1077dcff3dbb04c3e02bd28403fa75af6d8787d5e97c5bbbe30b?s=96&d=mm&r=g","contentUrl":"https:\/\/secure.gravatar.com\/avatar\/23291dd5b5ae1077dcff3dbb04c3e02bd28403fa75af6d8787d5e97c5bbbe30b?s=96&d=mm&r=g","caption":"Web del Maestro CMF"},"description":"Esta Web se cre\u00f3 sin fines de lucro, con fines educativos, cient\u00edficos y acad\u00e9micos, para personas que tengan dificultades y\/o inconvenientes en visualizar el material original. El objetivo es entregar recursos, compartir experiencias y materiales que ayuden a los padres de familia, maestros y estudiantes en su actualizaci\u00f3n y formaci\u00f3n permanente, en bien de la Educaci\u00f3n.","sameAs":["http:\/\/webdelmaestrocmf.com\/portal","https:\/\/www.facebook.com\/WebdelMaestroCMF\/","https:\/\/www.instagram.com\/wmcmf\/","https:\/\/cl.linkedin.com\/company\/web-del-maestro-cmf","https:\/\/www.pinterest.com\/WMCMF\/publicaciones\/","https:\/\/x.com\/cmf_w","https:\/\/www.youtube.com\/@WMCMF"]}]}},"jetpack_featured_media_url":"https:\/\/webdelmaestrocmf.com\/portal\/wp-content\/uploads\/2026\/04\/1AA-Banner-1-portada-imagen-10-1-copia-3-7.webp","jetpack_sharing_enabled":true,"jetpack-related-posts":[{"id":117729,"url":"https:\/\/webdelmaestrocmf.com\/portal\/sacerdote-lo-dice-claro-no-hagas-a-tus-hijos-idiotas-haciendoles-todo\/","url_meta":{"origin":118381,"position":0},"title":"Sacerdote lo dice claro: \u201cNo hagas a tus hijos idiotas haci\u00e9ndoles todo\u201d","author":"Web del Maestro CMF","date":"14 abril, 2026","format":false,"excerpt":"El padre advierte que la sobreprotecci\u00f3n limita la autonom\u00eda. Asumir responsabilidades desde peque\u00f1os forma car\u00e1cter, resiliencia y preparaci\u00f3n para la vida real, donde el esfuerzo y la independencia son fundamentales.","rel":"","context":"En \u00abNoticias Internacionales\u00bb","block_context":{"text":"Noticias Internacionales","link":"https:\/\/webdelmaestrocmf.com\/portal\/category\/noticias-internacionales\/"},"img":{"alt_text":"","src":"https:\/\/i0.wp.com\/webdelmaestrocmf.com\/portal\/wp-content\/uploads\/2026\/04\/1AA-Banner-1-portada-imagen-10-1-copia-13.webp?resize=350%2C200&ssl=1","width":350,"height":200,"srcset":"https:\/\/i0.wp.com\/webdelmaestrocmf.com\/portal\/wp-content\/uploads\/2026\/04\/1AA-Banner-1-portada-imagen-10-1-copia-13.webp?resize=350%2C200&ssl=1 1x, https:\/\/i0.wp.com\/webdelmaestrocmf.com\/portal\/wp-content\/uploads\/2026\/04\/1AA-Banner-1-portada-imagen-10-1-copia-13.webp?resize=525%2C300&ssl=1 1.5x, https:\/\/i0.wp.com\/webdelmaestrocmf.com\/portal\/wp-content\/uploads\/2026\/04\/1AA-Banner-1-portada-imagen-10-1-copia-13.webp?resize=700%2C400&ssl=1 2x, https:\/\/i0.wp.com\/webdelmaestrocmf.com\/portal\/wp-content\/uploads\/2026\/04\/1AA-Banner-1-portada-imagen-10-1-copia-13.webp?resize=1050%2C600&ssl=1 3x"},"classes":[]},{"id":91125,"url":"https:\/\/webdelmaestrocmf.com\/portal\/como-la-hipervigilancia-crea-ninos-miedosos-y-sin-autonomia\/","url_meta":{"origin":118381,"position":1},"title":"C\u00f3mo la hipervigilancia crea ni\u00f1os miedosos y sin autonom\u00eda","author":"Web del Maestro CMF","date":"29 julio, 2023","format":false,"excerpt":"La crianza de los ni\u00f1os ha evolucionado a lo largo de los a\u00f1os, desde un enfoque de ignorarlos y dejar que resuelvan sus propios problemas hasta una sobreprotecci\u00f3n extrema. La periodista Eva Millet en su libro \"Hiperpaternidad\" describe c\u00f3mo ha cambiado la forma en que los padres cuidan a sus\u2026","rel":"","context":"En \u00abPadres\u00bb","block_context":{"text":"Padres","link":"https:\/\/webdelmaestrocmf.com\/portal\/category\/pedagogia\/padres\/"},"img":{"alt_text":"","src":"https:\/\/i0.wp.com\/webdelmaestrocmf.com\/portal\/wp-content\/uploads\/2023\/07\/A12B3C4D-13-2.jpg?resize=350%2C200&ssl=1","width":350,"height":200,"srcset":"https:\/\/i0.wp.com\/webdelmaestrocmf.com\/portal\/wp-content\/uploads\/2023\/07\/A12B3C4D-13-2.jpg?resize=350%2C200&ssl=1 1x, https:\/\/i0.wp.com\/webdelmaestrocmf.com\/portal\/wp-content\/uploads\/2023\/07\/A12B3C4D-13-2.jpg?resize=525%2C300&ssl=1 1.5x, https:\/\/i0.wp.com\/webdelmaestrocmf.com\/portal\/wp-content\/uploads\/2023\/07\/A12B3C4D-13-2.jpg?resize=700%2C400&ssl=1 2x"},"classes":[]},{"id":91669,"url":"https:\/\/webdelmaestrocmf.com\/portal\/icami-tiba-experto-alerta-sobre-error-de-los-padres-de-no-poner-limites-a-hijos-tendran-que-apoyarlos-de-por-vida\/","url_meta":{"origin":118381,"position":2},"title":"I\u00e7ami Tiba: La falta de l\u00edmites y reglas puede tener consecuencias duraderas en el desarrollo de los j\u00f3venes","author":"Web del Maestro CMF","date":"9 agosto, 2023","format":false,"excerpt":"I\u00e7ami Tiba (Sao Paulo 1941 - 2015) , hijo de inmigrantes japoneses, se gradu\u00f3 en Medicina, Licenciado en Psiquiatr\u00eda por la Universidad de S\u00e3o Paulo (Brasil) y asesor tanto para adolescentes como para familias. y experto en psiquiatr\u00eda, se ha destacado como autor de m\u00e1s de 40 libros relacionados con\u2026","rel":"","context":"En \u00abEntrevistas\u00bb","block_context":{"text":"Entrevistas","link":"https:\/\/webdelmaestrocmf.com\/portal\/category\/noticias\/entrevistas\/"},"img":{"alt_text":"I\u00e7ami Tiba","src":"https:\/\/i0.wp.com\/webdelmaestrocmf.com\/portal\/wp-content\/uploads\/2023\/08\/A12B3C4D-52.jpg?resize=350%2C200&ssl=1","width":350,"height":200,"srcset":"https:\/\/i0.wp.com\/webdelmaestrocmf.com\/portal\/wp-content\/uploads\/2023\/08\/A12B3C4D-52.jpg?resize=350%2C200&ssl=1 1x, https:\/\/i0.wp.com\/webdelmaestrocmf.com\/portal\/wp-content\/uploads\/2023\/08\/A12B3C4D-52.jpg?resize=525%2C300&ssl=1 1.5x, https:\/\/i0.wp.com\/webdelmaestrocmf.com\/portal\/wp-content\/uploads\/2023\/08\/A12B3C4D-52.jpg?resize=700%2C400&ssl=1 2x"},"classes":[]},{"id":116873,"url":"https:\/\/webdelmaestrocmf.com\/portal\/esta-es-la-peor-generacion-de-padres-de-la-historia-hacen-cosas-de-completos-idiotas\/","url_meta":{"origin":118381,"position":3},"title":"Esta es la peor generaci\u00f3n de padres de la historia, hacen cosas de completos idiotas","author":"Web del Maestro CMF","date":"24 marzo, 2026","format":false,"excerpt":"La sobreprotecci\u00f3n parental debilita la autonom\u00eda infantil y traslada responsabilidades al entorno escolar. Evitar la frustraci\u00f3n impide formar estudiantes responsables, resilientes y capaces de enfrentar las exigencias reales de la vida.","rel":"","context":"En \u00abNoticias Internacionales\u00bb","block_context":{"text":"Noticias Internacionales","link":"https:\/\/webdelmaestrocmf.com\/portal\/category\/noticias-internacionales\/"},"img":{"alt_text":"","src":"https:\/\/i0.wp.com\/webdelmaestrocmf.com\/portal\/wp-content\/uploads\/2026\/03\/1AA-Banner-1-portada-imagen-10-1-copia-10-2.webp?resize=350%2C200&ssl=1","width":350,"height":200,"srcset":"https:\/\/i0.wp.com\/webdelmaestrocmf.com\/portal\/wp-content\/uploads\/2026\/03\/1AA-Banner-1-portada-imagen-10-1-copia-10-2.webp?resize=350%2C200&ssl=1 1x, https:\/\/i0.wp.com\/webdelmaestrocmf.com\/portal\/wp-content\/uploads\/2026\/03\/1AA-Banner-1-portada-imagen-10-1-copia-10-2.webp?resize=525%2C300&ssl=1 1.5x, https:\/\/i0.wp.com\/webdelmaestrocmf.com\/portal\/wp-content\/uploads\/2026\/03\/1AA-Banner-1-portada-imagen-10-1-copia-10-2.webp?resize=700%2C400&ssl=1 2x, https:\/\/i0.wp.com\/webdelmaestrocmf.com\/portal\/wp-content\/uploads\/2026\/03\/1AA-Banner-1-portada-imagen-10-1-copia-10-2.webp?resize=1050%2C600&ssl=1 3x"},"classes":[]},{"id":94928,"url":"https:\/\/webdelmaestrocmf.com\/portal\/eva-millet-los-padres-asistentes-personales-tienen-como-lema-resolver-sistematicamente-los-problemas-de-sus-hijos\/","url_meta":{"origin":118381,"position":4},"title":"Eva Millet: Los padres \u201casistentes personales\u201d tienen como lema resolver sistem\u00e1ticamente los problemas de sus hijos","author":"Web del Maestro CMF","date":"12 julio, 2025","format":false,"excerpt":"Eva Millet advierte que estos padres \u201casistentes personales\u201d \u2014siempre disponibles, resolviendo cada problema, anticipando cada necesidad\u2014 lo hacen con la mejor intenci\u00f3n, pero sin darse cuenta anulan el desarrollo de la autonom\u00eda, la tolerancia a la frustraci\u00f3n y la autoestima de sus hijos","rel":"","context":"En \u00abEntrevistas\u00bb","block_context":{"text":"Entrevistas","link":"https:\/\/webdelmaestrocmf.com\/portal\/category\/noticias\/entrevistas\/"},"img":{"alt_text":"hijos","src":"https:\/\/i0.wp.com\/webdelmaestrocmf.com\/portal\/wp-content\/uploads\/2023\/09\/A12B3C4D-8-1.jpg?resize=350%2C200&ssl=1","width":350,"height":200,"srcset":"https:\/\/i0.wp.com\/webdelmaestrocmf.com\/portal\/wp-content\/uploads\/2023\/09\/A12B3C4D-8-1.jpg?resize=350%2C200&ssl=1 1x, https:\/\/i0.wp.com\/webdelmaestrocmf.com\/portal\/wp-content\/uploads\/2023\/09\/A12B3C4D-8-1.jpg?resize=525%2C300&ssl=1 1.5x, https:\/\/i0.wp.com\/webdelmaestrocmf.com\/portal\/wp-content\/uploads\/2023\/09\/A12B3C4D-8-1.jpg?resize=700%2C400&ssl=1 2x"},"classes":[]},{"id":96217,"url":"https:\/\/webdelmaestrocmf.com\/portal\/los-padres-de-algodon-y-sus-hijos-de-cristal-el-desafio-de-criar-una-generacion-resiliente\/","url_meta":{"origin":118381,"position":5},"title":"Los padres de algod\u00f3n y sus hijos de cristal: el desaf\u00edo de criar una generaci\u00f3n resiliente","author":"Web del Maestro CMF","date":"6 julio, 2025","format":false,"excerpt":"A menudo, observamos una tendencia preocupante: la crianza excesivamente protectora, lo que algunos han llamado \"crianza de algod\u00f3n\".","rel":"","context":"En \u00abPadres\u00bb","block_context":{"text":"Padres","link":"https:\/\/webdelmaestrocmf.com\/portal\/category\/pedagogia\/padres\/"},"img":{"alt_text":"","src":"https:\/\/i0.wp.com\/webdelmaestrocmf.com\/portal\/wp-content\/uploads\/2023\/09\/1A-Banner-1-portada-imagen-10-1-98.jpg?resize=350%2C200&ssl=1","width":350,"height":200,"srcset":"https:\/\/i0.wp.com\/webdelmaestrocmf.com\/portal\/wp-content\/uploads\/2023\/09\/1A-Banner-1-portada-imagen-10-1-98.jpg?resize=350%2C200&ssl=1 1x, https:\/\/i0.wp.com\/webdelmaestrocmf.com\/portal\/wp-content\/uploads\/2023\/09\/1A-Banner-1-portada-imagen-10-1-98.jpg?resize=525%2C300&ssl=1 1.5x, https:\/\/i0.wp.com\/webdelmaestrocmf.com\/portal\/wp-content\/uploads\/2023\/09\/1A-Banner-1-portada-imagen-10-1-98.jpg?resize=700%2C400&ssl=1 2x"},"classes":[]}],"_links":{"self":[{"href":"https:\/\/webdelmaestrocmf.com\/portal\/wp-json\/wp\/v2\/posts\/118381","targetHints":{"allow":["GET"]}}],"collection":[{"href":"https:\/\/webdelmaestrocmf.com\/portal\/wp-json\/wp\/v2\/posts"}],"about":[{"href":"https:\/\/webdelmaestrocmf.com\/portal\/wp-json\/wp\/v2\/types\/post"}],"author":[{"embeddable":true,"href":"https:\/\/webdelmaestrocmf.com\/portal\/wp-json\/wp\/v2\/users\/1"}],"replies":[{"embeddable":true,"href":"https:\/\/webdelmaestrocmf.com\/portal\/wp-json\/wp\/v2\/comments?post=118381"}],"version-history":[{"count":1,"href":"https:\/\/webdelmaestrocmf.com\/portal\/wp-json\/wp\/v2\/posts\/118381\/revisions"}],"predecessor-version":[{"id":118383,"href":"https:\/\/webdelmaestrocmf.com\/portal\/wp-json\/wp\/v2\/posts\/118381\/revisions\/118383"}],"wp:featuredmedia":[{"embeddable":true,"href":"https:\/\/webdelmaestrocmf.com\/portal\/wp-json\/wp\/v2\/media\/118384"}],"wp:attachment":[{"href":"https:\/\/webdelmaestrocmf.com\/portal\/wp-json\/wp\/v2\/media?parent=118381"}],"wp:term":[{"taxonomy":"category","embeddable":true,"href":"https:\/\/webdelmaestrocmf.com\/portal\/wp-json\/wp\/v2\/categories?post=118381"},{"taxonomy":"post_tag","embeddable":true,"href":"https:\/\/webdelmaestrocmf.com\/portal\/wp-json\/wp\/v2\/tags?post=118381"}],"curies":[{"name":"wp","href":"https:\/\/api.w.org\/{rel}","templated":true}]}}