{"id":118371,"date":"2026-04-27T18:40:16","date_gmt":"2026-04-27T22:40:16","guid":{"rendered":"https:\/\/webdelmaestrocmf.com\/portal\/?p=118371"},"modified":"2026-04-27T18:54:00","modified_gmt":"2026-04-27T22:54:00","slug":"no-importa-si-grita-papa-o-mama-importa-la-frecuencia-y-la-huella-que-deja-en-el-nino","status":"publish","type":"post","link":"https:\/\/webdelmaestrocmf.com\/portal\/no-importa-si-grita-papa-o-mama-importa-la-frecuencia-y-la-huella-que-deja-en-el-nino\/","title":{"rendered":"No importa si grita pap\u00e1 o mam\u00e1\u2026 importa la frecuencia y la huella que deja en el ni\u00f1o"},"content":{"rendered":"\n<p>La idea de que la voz de un adulto, especialmente en contextos familiares, tiene un impacto profundo en los ni\u00f1os no es una simple percepci\u00f3n emocional, sino una realidad respaldada por la ciencia. Sin embargo, es necesario comprender este fen\u00f3meno con precisi\u00f3n para evitar interpretaciones extremas o simplistas. <strong>No se trata de dramatizar el error adulto, sino de entender c\u00f3mo se construyen los efectos en el tiempo y en la relaci\u00f3n.<\/strong><\/p>\n\n\n\n<h2 class=\"wp-block-heading\"><strong>El v\u00ednculo emocional como base del desarrollo<\/strong><\/h2>\n\n\n\n<p>Durante la infancia, los ni\u00f1os construyen su mundo emocional a partir de las interacciones con las figuras que los cuidan. <strong>No es el rol de \u201cpadre\u201d o \u201cmadre\u201d lo que determina el impacto, sino la calidad del v\u00ednculo emocional.<\/strong> Cuando un adulto representa seguridad, coherencia y contenci\u00f3n, el ni\u00f1o desarrolla confianza, estabilidad y capacidad para autorregularse.<\/p>\n\n\n\n<p>En este contexto, la voz no es solo un medio de comunicaci\u00f3n. <strong>Es un canal emocional que transmite intenci\u00f3n, seguridad o amenaza.<\/strong> El tono, la frecuencia y la forma en que se usa la voz influyen directamente en c\u00f3mo el ni\u00f1o interpreta el mundo y a s\u00ed mismo.<\/p>\n\n\n\n<figure class=\"wp-block-embed is-type-video is-provider-youtube wp-block-embed-youtube wp-embed-aspect-16-9 wp-has-aspect-ratio\"><div class=\"wp-block-embed__wrapper\">\n<iframe loading=\"lazy\" title=\"CONSECUENCIAS en el CEREBRO, de los GRITOS Y CASTIGOS\" width=\"1200\" height=\"675\" src=\"https:\/\/www.youtube.com\/embed\/glxx2MCUTIM?feature=oembed\" frameborder=\"0\" allow=\"accelerometer; autoplay; clipboard-write; encrypted-media; gyroscope; picture-in-picture; web-share\" referrerpolicy=\"strict-origin-when-cross-origin\" allowfullscreen><\/iframe>\n<\/div><\/figure>\n\n\n\n<h2 class=\"wp-block-heading\"><strong>El efecto de los gritos en el desarrollo emocional<\/strong><\/h2>\n\n\n\n<p>La evidencia es consistente en un punto clave: <strong>la exposici\u00f3n frecuente a gritos o agresi\u00f3n verbal genera efectos negativos en el desarrollo emocional.<\/strong> No se trata \u00fanicamente del contenido del mensaje, sino de la intensidad y repetici\u00f3n con que se expresa.<\/p>\n\n\n\n<p>Los ni\u00f1os que crecen en entornos donde el enojo se expresa mediante gritos tienden a desarrollar dificultades en tres \u00e1reas fundamentales. <strong>Primero, en la regulaci\u00f3n emocional, ya que aprenden que la reacci\u00f3n intensa es una forma v\u00e1lida de responder. Segundo, en la autoestima, al asociar el error con rechazo o desvalorizaci\u00f3n. Tercero, en las relaciones interpersonales, replicando o temiendo ese patr\u00f3n aprendido.<\/strong><\/p>\n\n\n\n<h2 class=\"wp-block-heading\"><strong>La diferencia entre un error y un patr\u00f3n<\/strong><\/h2>\n\n\n\n<p>Es fundamental hacer una distinci\u00f3n que muchas veces se pierde en discursos emocionales. <strong>Un evento aislado no define el desarrollo de un ni\u00f1o; lo que realmente impacta es la repetici\u00f3n.<\/strong> Un adulto puede equivocarse, perder la paciencia o levantar la voz en un momento de tensi\u00f3n sin que eso genere un da\u00f1o permanente.<\/p>\n\n\n\n<p>El problema surge cuando esa conducta se vuelve constante. <strong>El cerebro infantil no responde a hechos aislados, sino a patrones repetidos que construyen significado.<\/strong> Es esa repetici\u00f3n la que configura la forma en que el ni\u00f1o interpreta el enojo, la autoridad y el afecto.<\/p>\n\n\n\n<figure class=\"wp-block-embed is-type-video is-provider-youtube wp-block-embed-youtube wp-embed-aspect-16-9 wp-has-aspect-ratio\"><div class=\"wp-block-embed__wrapper\">\n<iframe loading=\"lazy\" title=\"Por qu\u00e9 grito a mi hijo si lo amo: la explicaci\u00f3n que nadie te dio\" width=\"1200\" height=\"675\" src=\"https:\/\/www.youtube.com\/embed\/_KkrGTeOzNs?feature=oembed\" frameborder=\"0\" allow=\"accelerometer; autoplay; clipboard-write; encrypted-media; gyroscope; picture-in-picture; web-share\" referrerpolicy=\"strict-origin-when-cross-origin\" allowfullscreen><\/iframe>\n<\/div><\/figure>\n\n\n\n<h2 class=\"wp-block-heading\"><strong>El aprendizaje por modelamiento: lo que el ni\u00f1o observa, lo reproduce<\/strong><\/h2>\n\n\n\n<p>Los ni\u00f1os no aprenden principalmente de lo que se les dice, sino de lo que observan. <strong>El comportamiento adulto funciona como un modelo directo de aprendizaje.<\/strong> Si un ni\u00f1o ve que el enojo se expresa con gritos, es probable que adopte esa misma estrategia o, en el extremo opuesto, desarrolle miedo frente al conflicto.<\/p>\n\n\n\n<p>Este aprendizaje no es consciente ni inmediato, pero s\u00ed profundo. <strong>Se instala como una forma autom\u00e1tica de reaccionar ante situaciones de estr\u00e9s.<\/strong> Por ello, el entorno emocional no solo influye en el presente del ni\u00f1o, sino en su forma futura de relacionarse.<\/p>\n\n\n\n<h2 class=\"wp-block-heading\"><strong>El rol de la reparaci\u00f3n emocional<\/strong><\/h2>\n\n\n\n<p>Un aspecto clave que suele omitirse es la capacidad de reparar el v\u00ednculo. <strong>El da\u00f1o no se define solo por el conflicto, sino por la ausencia de reparaci\u00f3n.<\/strong> Cuando un adulto reconoce su error, se disculpa y restablece la conexi\u00f3n emocional, est\u00e1 ense\u00f1ando una habilidad esencial.<\/p>\n\n\n\n<p>Este proceso no debilita la autoridad. <strong>Por el contrario, fortalece el v\u00ednculo y modela conductas maduras de regulaci\u00f3n emocional.<\/strong> El ni\u00f1o aprende que equivocarse es parte de la experiencia humana y que las relaciones pueden reconstruirse.<\/p>\n\n\n\n<h2 class=\"wp-block-heading\"><strong>Implicancias directas para el contexto educativo<\/strong><\/h2>\n\n\n\n<p>Aunque este fen\u00f3meno se observa principalmente en el \u00e1mbito familiar, su impacto es directamente trasladable al aula. <strong>El docente tambi\u00e9n es una figura de referencia emocional.<\/strong> Su forma de comunicarse influye en la seguridad, la motivaci\u00f3n y la disposici\u00f3n al aprendizaje de los estudiantes.<\/p>\n\n\n\n<p>Un entorno educativo donde predomina el grito o la descalificaci\u00f3n genera resistencia, miedo o desconexi\u00f3n. En cambio, <strong>una comunicaci\u00f3n firme, clara y respetuosa favorece la atenci\u00f3n, la confianza y la participaci\u00f3n activa.<\/strong> La disciplina no se construye desde la imposici\u00f3n emocional, sino desde la coherencia y la regulaci\u00f3n.<\/p>\n\n\n\n<h2 class=\"wp-block-heading\"><strong>Conclusi\u00f3n: precisi\u00f3n antes que exageraci\u00f3n<\/strong><\/h2>\n\n\n\n<p>La afirmaci\u00f3n de que la voz de un adulto puede marcar a un ni\u00f1o es, en esencia, correcta, pero requiere matices. <strong>No es el grito ocasional lo que deja huella, sino el patr\u00f3n repetido sin reparaci\u00f3n.<\/strong> Tampoco es el rol espec\u00edfico lo que define el impacto, sino la calidad del v\u00ednculo construido.<\/p>\n\n\n\n<p>Comprender esto permite abandonar discursos alarmistas y avanzar hacia una pr\u00e1ctica m\u00e1s consciente. <strong>Educar, tanto en casa como en el aula, implica reconocer el poder de la interacci\u00f3n cotidiana.<\/strong> No se trata de evitar todo error, sino de construir relaciones donde el respeto, la regulaci\u00f3n y la reparaci\u00f3n sean la norma.<\/p>\n\n\n\n<p class=\"has-text-align-right\"><strong>Redacci\u00f3n | Web del Maestro CMF<\/strong><\/p>\n\n\n\t\t<div class=\"pk-inline-posts\">\n\t\t\t\t\t\t\t<h5 class=\"pk-inline-posts-title pk-title pk-font-block\">\n\t\t\t\t\t\u00daltimas entradas\t\t\t\t<\/h5>\n\t\t\t\n\t\t\t<div class=\"pk-inline-posts-container pk-inline-posts-template-list\"\n\t\t\t\tdata-columns=\"1\">\n\t\t\t\t\t\t<article id=\"post-118381\" class=\"post-118381 post type-post status-publish format-standard has-post-thumbnail category-bienestar-familiar category-pedagogia tag-aprendizaje tag-autonomia-3 tag-crianza-consciente tag-desarrollo-infantil tag-docentes tag-educacion-infantil tag-empatia-2 tag-funciones-ejecutivas tag-padres tag-responsabilidad cs-entry cs-video-wrap\">\n\t\t\t<div class=\"pk-post-outer\">\n\n\t\t\t\t\t\t\t\t<div class=\"pk-post-inner\">\n\t\t\t\t\t<div class=\"entry-thumbnail\">\n\t\t\t\t\t\t<div class=\"pk-overlay pk-overlay-ratio pk-ratio-landscape\">\n\t\t\t\t\t\t\t<div class=\"pk-overlay-background\">\n\t\t\t\t\t\t\t\t<a href=\"https:\/\/webdelmaestrocmf.com\/portal\/si-tu-hijo-hace-estas-3-cosas-felicidades-tienes-un-hijo-listo-para-toda-la-vida\/\" class=\"pk-overlay-link\">\n\t\t\t\t\t\t\t\t\t<img loading=\"lazy\" decoding=\"async\" width=\"300\" height=\"225\" src=\"https:\/\/webdelmaestrocmf.com\/portal\/wp-content\/uploads\/2026\/04\/1AA-Banner-1-portada-imagen-10-1-copia-3-7-300x225.webp\" class=\"attachment-pk-thumbnail size-pk-thumbnail wp-post-image\" alt=\"\" \/>\t\t\t\t\t\t\t\t<\/a>\n\t\t\t\t\t\t\t<\/div>\n\t\t\t\t\t\t<\/div>\n\t\t\t\t\t<\/div>\n\t\t\t\t<\/div>\n\t\t\t\t\n\t\t\t\t<div class=\"pk-post-inner\">\n\t\t\t\t\t<header>\n\t\t\t\t\t\t<h3 class=\"pk-title\"><a href=\"https:\/\/webdelmaestrocmf.com\/portal\/si-tu-hijo-hace-estas-3-cosas-felicidades-tienes-un-hijo-listo-para-toda-la-vida\/\" rel=\"bookmark\">Si tu hijo hace estas 3 cosas, felicidades: tienes un hijo listo para toda la vida<\/a><\/h3>\t\t\t\t\t<\/header><!-- .entry-header -->\n\t\t\t\t<\/div><!-- .post-inner -->\n\n\t\t\t<\/div><!-- .post-outer -->\n\t\t<\/article>\n\t\t\t<article id=\"post-38151\" class=\"post-38151 post type-post status-publish format-standard has-post-thumbnail category-bienestar-familiar category-pedagogia tag-alumno tag-construccion tag-educar tag-ensenar tag-escuela tag-familia tag-hijo cs-entry cs-video-wrap\">\n\t\t\t<div class=\"pk-post-outer\">\n\n\t\t\t\t\t\t\t\t<div class=\"pk-post-inner\">\n\t\t\t\t\t<div class=\"entry-thumbnail\">\n\t\t\t\t\t\t<div class=\"pk-overlay pk-overlay-ratio pk-ratio-landscape\">\n\t\t\t\t\t\t\t<div class=\"pk-overlay-background\">\n\t\t\t\t\t\t\t\t<a href=\"https:\/\/webdelmaestrocmf.com\/portal\/la-construccion-de-un-hijo-alumno-la-familia-tiene-que-educar-para-que-la-escuela-pueda-ensenar\/\" class=\"pk-overlay-link\">\n\t\t\t\t\t\t\t\t\t<img loading=\"lazy\" decoding=\"async\" width=\"300\" height=\"225\" src=\"https:\/\/webdelmaestrocmf.com\/portal\/wp-content\/uploads\/2026\/04\/1AA-Banner-1-portada-imagen-10-1-copia-7-3-300x225.webp\" class=\"attachment-pk-thumbnail size-pk-thumbnail wp-post-image\" alt=\"\" \/>\t\t\t\t\t\t\t\t<\/a>\n\t\t\t\t\t\t\t<\/div>\n\t\t\t\t\t\t<\/div>\n\t\t\t\t\t<\/div>\n\t\t\t\t<\/div>\n\t\t\t\t\n\t\t\t\t<div class=\"pk-post-inner\">\n\t\t\t\t\t<header>\n\t\t\t\t\t\t<h3 class=\"pk-title\"><a href=\"https:\/\/webdelmaestrocmf.com\/portal\/la-construccion-de-un-hijo-alumno-la-familia-tiene-que-educar-para-que-la-escuela-pueda-ensenar\/\" rel=\"bookmark\">La familia tiene que educar para que la escuela pueda ense\u00f1ar<\/a><\/h3>\t\t\t\t\t<\/header><!-- .entry-header -->\n\t\t\t\t<\/div><!-- .post-inner -->\n\n\t\t\t<\/div><!-- .post-outer -->\n\t\t<\/article>\n\t\t\t<article id=\"post-118197\" class=\"post-118197 post type-post status-publish format-standard has-post-thumbnail category-bienestar-familiar category-pedagogia category-violencia tag-convivencia-escolar tag-crianza tag-educacion-emocional-2 tag-estudiantes tag-familia tag-intervencion tag-prevencion tag-rol-docente tag-salud-mental tag-violencia-escolar cs-entry cs-video-wrap\">\n\t\t\t<div class=\"pk-post-outer\">\n\n\t\t\t\t\t\t\t\t<div class=\"pk-post-inner\">\n\t\t\t\t\t<div class=\"entry-thumbnail\">\n\t\t\t\t\t\t<div class=\"pk-overlay pk-overlay-ratio pk-ratio-landscape\">\n\t\t\t\t\t\t\t<div class=\"pk-overlay-background\">\n\t\t\t\t\t\t\t\t<a href=\"https:\/\/webdelmaestrocmf.com\/portal\/tu-hijo-normaliza-la-violencia-y-habla-de-venganza-senales-que-pueden-escalar-y-como-actuar-a-tiempo\/\" class=\"pk-overlay-link\">\n\t\t\t\t\t\t\t\t\t<img loading=\"lazy\" decoding=\"async\" width=\"300\" height=\"225\" src=\"https:\/\/webdelmaestrocmf.com\/portal\/wp-content\/uploads\/2026\/04\/1AA-Banner-1-portada-imagen-10-1-copia-3-6-300x225.webp\" class=\"attachment-pk-thumbnail size-pk-thumbnail wp-post-image\" alt=\"\" \/>\t\t\t\t\t\t\t\t<\/a>\n\t\t\t\t\t\t\t<\/div>\n\t\t\t\t\t\t<\/div>\n\t\t\t\t\t<\/div>\n\t\t\t\t<\/div>\n\t\t\t\t\n\t\t\t\t<div class=\"pk-post-inner\">\n\t\t\t\t\t<header>\n\t\t\t\t\t\t<h3 class=\"pk-title\"><a href=\"https:\/\/webdelmaestrocmf.com\/portal\/tu-hijo-normaliza-la-violencia-y-habla-de-venganza-senales-que-pueden-escalar-y-como-actuar-a-tiempo\/\" rel=\"bookmark\">\u00bfTu hijo normaliza la violencia y habla de venganza? Estas son las se\u00f1ales que pueden escalar y c\u00f3mo actuar a tiempo<\/a><\/h3>\t\t\t\t\t<\/header><!-- .entry-header -->\n\t\t\t\t<\/div><!-- .post-inner -->\n\n\t\t\t<\/div><!-- .post-outer -->\n\t\t<\/article>\n\t\t\t\t<\/div>\n\t\t<\/div>\n\t\t\n","protected":false},"excerpt":{"rendered":"No importa qui\u00e9n grite, sino la frecuencia y la reparaci\u00f3n. Los ni\u00f1os aprenden del ejemplo: el grito repetido afecta emociones, relaciones y autoestima, mientras que reparar fortalece el v\u00ednculo y ense\u00f1a regulaci\u00f3n.","protected":false},"author":1,"featured_media":118378,"comment_status":"open","ping_status":"closed","sticky":false,"template":"","format":"standard","meta":{"csco_display_header_overlay":false,"csco_singular_sidebar":"","csco_page_header_type":"","csco_page_load_nextpost":"","csco_post_video_location":[],"csco_post_video_location_hash":"","csco_post_video_url":"","csco_post_video_bg_start_time":0,"csco_post_video_bg_end_time":0,"csco_post_video_bg_volume":false,"_jetpack_memberships_contains_paid_content":false,"footnotes":""},"categories":[464,735],"tags":[19082,21268,25702,24580,2894,24938,25175,25701,3023,25703],"class_list":{"0":"post-118371","1":"post","2":"type-post","3":"status-publish","4":"format-standard","5":"has-post-thumbnail","7":"category-bienestar-familiar","8":"category-pedagogia","9":"tag-aprendizaje-social","10":"tag-bienestar-infantil","11":"tag-conducta-infantil","12":"tag-crianza-consciente","13":"tag-desarrollo-infantil","14":"tag-disciplina-positiva-2","15":"tag-educacion-emocional-3","16":"tag-regulacion-emocional-2","17":"tag-rol-docente","18":"tag-vinculo-afectivo-2","19":"cs-entry","20":"cs-video-wrap"},"yoast_head":"<!-- This site is optimized with the Yoast SEO plugin v27.4 - https:\/\/yoast.com\/product\/yoast-seo-wordpress\/ -->\n<title>No importa si grita pap\u00e1 o mam\u00e1\u2026 importa la frecuencia y la huella que deja en el ni\u00f1o - 2026<\/title>\n<meta name=\"description\" content=\"La idea de que la voz de un adulto, especialmente en contextos familiares, tiene un impacto profundo en los ni\u00f1os no es una simple...\" \/>\n<meta name=\"robots\" content=\"index, follow, max-snippet:-1, max-image-preview:large, max-video-preview:-1\" \/>\n<link rel=\"canonical\" href=\"https:\/\/webdelmaestrocmf.com\/portal\/no-importa-si-grita-papa-o-mama-importa-la-frecuencia-y-la-huella-que-deja-en-el-nino\/\" \/>\n<meta property=\"og:locale\" content=\"es_ES\" \/>\n<meta property=\"og:type\" content=\"article\" \/>\n<meta property=\"og:title\" content=\"No importa si grita pap\u00e1 o mam\u00e1\u2026 importa la frecuencia y la huella que deja en el ni\u00f1o - 2026\" \/>\n<meta property=\"og:description\" content=\"La idea de que la voz de un adulto, especialmente en contextos familiares, tiene un impacto profundo en los ni\u00f1os no es una simple...\" \/>\n<meta property=\"og:url\" content=\"https:\/\/webdelmaestrocmf.com\/portal\/no-importa-si-grita-papa-o-mama-importa-la-frecuencia-y-la-huella-que-deja-en-el-nino\/\" \/>\n<meta property=\"og:site_name\" content=\"Web del Maestro CMF\" \/>\n<meta property=\"article:publisher\" content=\"https:\/\/www.facebook.com\/WebdelMaestroCMF\/\" \/>\n<meta property=\"article:author\" content=\"https:\/\/www.facebook.com\/WebdelMaestroCMF\/\" \/>\n<meta property=\"article:published_time\" content=\"2026-04-27T22:40:16+00:00\" \/>\n<meta property=\"article:modified_time\" content=\"2026-04-27T22:54:00+00:00\" \/>\n<meta property=\"og:image\" content=\"https:\/\/webdelmaestrocmf.com\/portal\/wp-content\/uploads\/2026\/04\/1AA-Banner-1-portada-imagen-10-1-copia-2-8.webp\" \/>\n\t<meta property=\"og:image:width\" content=\"1200\" \/>\n\t<meta property=\"og:image:height\" content=\"675\" \/>\n\t<meta property=\"og:image:type\" content=\"image\/webp\" \/>\n<meta name=\"author\" content=\"Web del Maestro CMF\" \/>\n<meta name=\"twitter:card\" content=\"summary_large_image\" \/>\n<meta name=\"twitter:creator\" content=\"@cmf_w\" \/>\n<meta name=\"twitter:site\" content=\"@cmf_w\" \/>\n<meta name=\"twitter:label1\" content=\"Escrito por\" \/>\n\t<meta name=\"twitter:data1\" content=\"Web del Maestro CMF\" \/>\n\t<meta name=\"twitter:label2\" content=\"Tiempo de lectura\" \/>\n\t<meta name=\"twitter:data2\" content=\"4 minutos\" \/>\n<script type=\"application\/ld+json\" class=\"yoast-schema-graph\">{\"@context\":\"https:\\\/\\\/schema.org\",\"@graph\":[{\"@type\":\"ScholarlyArticle\",\"@id\":\"https:\\\/\\\/webdelmaestrocmf.com\\\/portal\\\/no-importa-si-grita-papa-o-mama-importa-la-frecuencia-y-la-huella-que-deja-en-el-nino\\\/#article\",\"isPartOf\":{\"@id\":\"https:\\\/\\\/webdelmaestrocmf.com\\\/portal\\\/no-importa-si-grita-papa-o-mama-importa-la-frecuencia-y-la-huella-que-deja-en-el-nino\\\/\"},\"author\":{\"name\":\"Web del Maestro CMF\",\"@id\":\"https:\\\/\\\/webdelmaestrocmf.com\\\/portal\\\/#\\\/schema\\\/person\\\/1072a2ed7bd960df8ef99a551fa35dc5\"},\"headline\":\"No importa si grita pap\u00e1 o mam\u00e1\u2026 importa la frecuencia y la huella que deja en el ni\u00f1o\",\"datePublished\":\"2026-04-27T22:40:16+00:00\",\"dateModified\":\"2026-04-27T22:54:00+00:00\",\"mainEntityOfPage\":{\"@id\":\"https:\\\/\\\/webdelmaestrocmf.com\\\/portal\\\/no-importa-si-grita-papa-o-mama-importa-la-frecuencia-y-la-huella-que-deja-en-el-nino\\\/\"},\"wordCount\":930,\"commentCount\":0,\"publisher\":{\"@id\":\"https:\\\/\\\/webdelmaestrocmf.com\\\/portal\\\/#organization\"},\"image\":{\"@id\":\"https:\\\/\\\/webdelmaestrocmf.com\\\/portal\\\/no-importa-si-grita-papa-o-mama-importa-la-frecuencia-y-la-huella-que-deja-en-el-nino\\\/#primaryimage\"},\"thumbnailUrl\":\"https:\\\/\\\/webdelmaestrocmf.com\\\/portal\\\/wp-content\\\/uploads\\\/2026\\\/04\\\/1AA-Banner-1-portada-imagen-10-1-copia-2-8.webp\",\"keywords\":[\"Aprendizaje social\",\"Bienestar infantil\",\"conducta infantil\",\"crianza consciente\",\"DESARROLLO INFANTIL\",\"disciplina positiva\",\"educacion emocional\",\"regulacion emocional\",\"ROL DOCENTE\",\"vinculo afectivo\"],\"articleSection\":[\"Bienestar Familiar\",\"Recursos\"],\"inLanguage\":\"es\",\"potentialAction\":[{\"@type\":\"CommentAction\",\"name\":\"Comment\",\"target\":[\"https:\\\/\\\/webdelmaestrocmf.com\\\/portal\\\/no-importa-si-grita-papa-o-mama-importa-la-frecuencia-y-la-huella-que-deja-en-el-nino\\\/#respond\"]}]},{\"@type\":\"WebPage\",\"@id\":\"https:\\\/\\\/webdelmaestrocmf.com\\\/portal\\\/no-importa-si-grita-papa-o-mama-importa-la-frecuencia-y-la-huella-que-deja-en-el-nino\\\/\",\"url\":\"https:\\\/\\\/webdelmaestrocmf.com\\\/portal\\\/no-importa-si-grita-papa-o-mama-importa-la-frecuencia-y-la-huella-que-deja-en-el-nino\\\/\",\"name\":\"No importa si grita pap\u00e1 o mam\u00e1\u2026 importa la frecuencia y la huella que deja en el ni\u00f1o - 2026\",\"isPartOf\":{\"@id\":\"https:\\\/\\\/webdelmaestrocmf.com\\\/portal\\\/#website\"},\"primaryImageOfPage\":{\"@id\":\"https:\\\/\\\/webdelmaestrocmf.com\\\/portal\\\/no-importa-si-grita-papa-o-mama-importa-la-frecuencia-y-la-huella-que-deja-en-el-nino\\\/#primaryimage\"},\"image\":{\"@id\":\"https:\\\/\\\/webdelmaestrocmf.com\\\/portal\\\/no-importa-si-grita-papa-o-mama-importa-la-frecuencia-y-la-huella-que-deja-en-el-nino\\\/#primaryimage\"},\"thumbnailUrl\":\"https:\\\/\\\/webdelmaestrocmf.com\\\/portal\\\/wp-content\\\/uploads\\\/2026\\\/04\\\/1AA-Banner-1-portada-imagen-10-1-copia-2-8.webp\",\"datePublished\":\"2026-04-27T22:40:16+00:00\",\"dateModified\":\"2026-04-27T22:54:00+00:00\",\"description\":\"La idea de que la voz de un adulto, especialmente en contextos familiares, tiene un impacto profundo en los ni\u00f1os no es una simple...\",\"breadcrumb\":{\"@id\":\"https:\\\/\\\/webdelmaestrocmf.com\\\/portal\\\/no-importa-si-grita-papa-o-mama-importa-la-frecuencia-y-la-huella-que-deja-en-el-nino\\\/#breadcrumb\"},\"inLanguage\":\"es\",\"potentialAction\":[{\"@type\":\"ReadAction\",\"target\":[\"https:\\\/\\\/webdelmaestrocmf.com\\\/portal\\\/no-importa-si-grita-papa-o-mama-importa-la-frecuencia-y-la-huella-que-deja-en-el-nino\\\/\"]}]},{\"@type\":\"ImageObject\",\"inLanguage\":\"es\",\"@id\":\"https:\\\/\\\/webdelmaestrocmf.com\\\/portal\\\/no-importa-si-grita-papa-o-mama-importa-la-frecuencia-y-la-huella-que-deja-en-el-nino\\\/#primaryimage\",\"url\":\"https:\\\/\\\/webdelmaestrocmf.com\\\/portal\\\/wp-content\\\/uploads\\\/2026\\\/04\\\/1AA-Banner-1-portada-imagen-10-1-copia-2-8.webp\",\"contentUrl\":\"https:\\\/\\\/webdelmaestrocmf.com\\\/portal\\\/wp-content\\\/uploads\\\/2026\\\/04\\\/1AA-Banner-1-portada-imagen-10-1-copia-2-8.webp\",\"width\":1200,\"height\":675},{\"@type\":\"BreadcrumbList\",\"@id\":\"https:\\\/\\\/webdelmaestrocmf.com\\\/portal\\\/no-importa-si-grita-papa-o-mama-importa-la-frecuencia-y-la-huella-que-deja-en-el-nino\\\/#breadcrumb\",\"itemListElement\":[{\"@type\":\"ListItem\",\"position\":1,\"name\":\"Portada\",\"item\":\"https:\\\/\\\/webdelmaestrocmf.com\\\/portal\\\/\"},{\"@type\":\"ListItem\",\"position\":2,\"name\":\"Recursos\",\"item\":\"https:\\\/\\\/webdelmaestrocmf.com\\\/portal\\\/category\\\/pedagogia\\\/\"},{\"@type\":\"ListItem\",\"position\":3,\"name\":\"No importa si grita pap\u00e1 o mam\u00e1\u2026 importa la frecuencia y la huella que deja en el ni\u00f1o\"}]},{\"@type\":\"WebSite\",\"@id\":\"https:\\\/\\\/webdelmaestrocmf.com\\\/portal\\\/#website\",\"url\":\"https:\\\/\\\/webdelmaestrocmf.com\\\/portal\\\/\",\"name\":\"Web del Maestro CMF\",\"description\":\"Maestros al servicio de la educaci\u00f3n\",\"publisher\":{\"@id\":\"https:\\\/\\\/webdelmaestrocmf.com\\\/portal\\\/#organization\"},\"alternateName\":\"WMCMF\",\"potentialAction\":[{\"@type\":\"SearchAction\",\"target\":{\"@type\":\"EntryPoint\",\"urlTemplate\":\"https:\\\/\\\/webdelmaestrocmf.com\\\/portal\\\/?s={search_term_string}\"},\"query-input\":{\"@type\":\"PropertyValueSpecification\",\"valueRequired\":true,\"valueName\":\"search_term_string\"}}],\"inLanguage\":\"es\"},{\"@type\":\"Organization\",\"@id\":\"https:\\\/\\\/webdelmaestrocmf.com\\\/portal\\\/#organization\",\"name\":\"Web del Maestro CMF\",\"alternateName\":\"WMCMF\",\"url\":\"https:\\\/\\\/webdelmaestrocmf.com\\\/portal\\\/\",\"logo\":{\"@type\":\"ImageObject\",\"inLanguage\":\"es\",\"@id\":\"https:\\\/\\\/webdelmaestrocmf.com\\\/portal\\\/#\\\/schema\\\/logo\\\/image\\\/\",\"url\":\"https:\\\/\\\/webdelmaestrocmf.com\\\/portal\\\/wp-content\\\/uploads\\\/2023\\\/01\\\/logo-wmcmf-2.png\",\"contentUrl\":\"https:\\\/\\\/webdelmaestrocmf.com\\\/portal\\\/wp-content\\\/uploads\\\/2023\\\/01\\\/logo-wmcmf-2.png\",\"width\":200,\"height\":60,\"caption\":\"Web del Maestro CMF\"},\"image\":{\"@id\":\"https:\\\/\\\/webdelmaestrocmf.com\\\/portal\\\/#\\\/schema\\\/logo\\\/image\\\/\"},\"sameAs\":[\"https:\\\/\\\/www.facebook.com\\\/WebdelMaestroCMF\\\/\",\"https:\\\/\\\/x.com\\\/cmf_w\",\"https:\\\/\\\/www.pinterest.com\\\/WMCMF\\\/\",\"https:\\\/\\\/www.linkedin.com\\\/company\\\/web-del-maestro-cmf\\\/\",\"https:\\\/\\\/www.instagram.com\\\/wmcmf\\\/\",\"https:\\\/\\\/www.youtube.com\\\/channel\\\/UCDPSvjbdodE5sHnC3OxutHw\",\"https:\\\/\\\/mastodon.social\\\/@wmcmf\",\"https:\\\/\\\/www.tiktok.com\\\/@webdelmaestrocmf\"]},{\"@type\":\"Person\",\"@id\":\"https:\\\/\\\/webdelmaestrocmf.com\\\/portal\\\/#\\\/schema\\\/person\\\/1072a2ed7bd960df8ef99a551fa35dc5\",\"name\":\"Web del Maestro CMF\",\"image\":{\"@type\":\"ImageObject\",\"inLanguage\":\"es\",\"@id\":\"https:\\\/\\\/secure.gravatar.com\\\/avatar\\\/23291dd5b5ae1077dcff3dbb04c3e02bd28403fa75af6d8787d5e97c5bbbe30b?s=96&d=mm&r=g\",\"url\":\"https:\\\/\\\/secure.gravatar.com\\\/avatar\\\/23291dd5b5ae1077dcff3dbb04c3e02bd28403fa75af6d8787d5e97c5bbbe30b?s=96&d=mm&r=g\",\"contentUrl\":\"https:\\\/\\\/secure.gravatar.com\\\/avatar\\\/23291dd5b5ae1077dcff3dbb04c3e02bd28403fa75af6d8787d5e97c5bbbe30b?s=96&d=mm&r=g\",\"caption\":\"Web del Maestro CMF\"},\"description\":\"Esta Web se cre\u00f3 sin fines de lucro, con fines educativos, cient\u00edficos y acad\u00e9micos, para personas que tengan dificultades y\\\/o inconvenientes en visualizar el material original. El objetivo es entregar recursos, compartir experiencias y materiales que ayuden a los padres de familia, maestros y estudiantes en su actualizaci\u00f3n y formaci\u00f3n permanente, en bien de la Educaci\u00f3n.\",\"sameAs\":[\"http:\\\/\\\/webdelmaestrocmf.com\\\/portal\",\"https:\\\/\\\/www.facebook.com\\\/WebdelMaestroCMF\\\/\",\"https:\\\/\\\/www.instagram.com\\\/wmcmf\\\/\",\"https:\\\/\\\/cl.linkedin.com\\\/company\\\/web-del-maestro-cmf\",\"https:\\\/\\\/www.pinterest.com\\\/WMCMF\\\/publicaciones\\\/\",\"https:\\\/\\\/x.com\\\/cmf_w\",\"https:\\\/\\\/www.youtube.com\\\/@WMCMF\"]}]}<\/script>\n<!-- \/ Yoast SEO plugin. -->","yoast_head_json":{"title":"No importa si grita pap\u00e1 o mam\u00e1\u2026 importa la frecuencia y la huella que deja en el ni\u00f1o - 2026","description":"La idea de que la voz de un adulto, especialmente en contextos familiares, tiene un impacto profundo en los ni\u00f1os no es una simple...","robots":{"index":"index","follow":"follow","max-snippet":"max-snippet:-1","max-image-preview":"max-image-preview:large","max-video-preview":"max-video-preview:-1"},"canonical":"https:\/\/webdelmaestrocmf.com\/portal\/no-importa-si-grita-papa-o-mama-importa-la-frecuencia-y-la-huella-que-deja-en-el-nino\/","og_locale":"es_ES","og_type":"article","og_title":"No importa si grita pap\u00e1 o mam\u00e1\u2026 importa la frecuencia y la huella que deja en el ni\u00f1o - 2026","og_description":"La idea de que la voz de un adulto, especialmente en contextos familiares, tiene un impacto profundo en los ni\u00f1os no es una simple...","og_url":"https:\/\/webdelmaestrocmf.com\/portal\/no-importa-si-grita-papa-o-mama-importa-la-frecuencia-y-la-huella-que-deja-en-el-nino\/","og_site_name":"Web del Maestro CMF","article_publisher":"https:\/\/www.facebook.com\/WebdelMaestroCMF\/","article_author":"https:\/\/www.facebook.com\/WebdelMaestroCMF\/","article_published_time":"2026-04-27T22:40:16+00:00","article_modified_time":"2026-04-27T22:54:00+00:00","og_image":[{"width":1200,"height":675,"url":"https:\/\/webdelmaestrocmf.com\/portal\/wp-content\/uploads\/2026\/04\/1AA-Banner-1-portada-imagen-10-1-copia-2-8.webp","type":"image\/webp"}],"author":"Web del Maestro CMF","twitter_card":"summary_large_image","twitter_creator":"@cmf_w","twitter_site":"@cmf_w","twitter_misc":{"Escrito por":"Web del Maestro CMF","Tiempo de lectura":"4 minutos"},"schema":{"@context":"https:\/\/schema.org","@graph":[{"@type":"ScholarlyArticle","@id":"https:\/\/webdelmaestrocmf.com\/portal\/no-importa-si-grita-papa-o-mama-importa-la-frecuencia-y-la-huella-que-deja-en-el-nino\/#article","isPartOf":{"@id":"https:\/\/webdelmaestrocmf.com\/portal\/no-importa-si-grita-papa-o-mama-importa-la-frecuencia-y-la-huella-que-deja-en-el-nino\/"},"author":{"name":"Web del Maestro CMF","@id":"https:\/\/webdelmaestrocmf.com\/portal\/#\/schema\/person\/1072a2ed7bd960df8ef99a551fa35dc5"},"headline":"No importa si grita pap\u00e1 o mam\u00e1\u2026 importa la frecuencia y la huella que deja en el ni\u00f1o","datePublished":"2026-04-27T22:40:16+00:00","dateModified":"2026-04-27T22:54:00+00:00","mainEntityOfPage":{"@id":"https:\/\/webdelmaestrocmf.com\/portal\/no-importa-si-grita-papa-o-mama-importa-la-frecuencia-y-la-huella-que-deja-en-el-nino\/"},"wordCount":930,"commentCount":0,"publisher":{"@id":"https:\/\/webdelmaestrocmf.com\/portal\/#organization"},"image":{"@id":"https:\/\/webdelmaestrocmf.com\/portal\/no-importa-si-grita-papa-o-mama-importa-la-frecuencia-y-la-huella-que-deja-en-el-nino\/#primaryimage"},"thumbnailUrl":"https:\/\/webdelmaestrocmf.com\/portal\/wp-content\/uploads\/2026\/04\/1AA-Banner-1-portada-imagen-10-1-copia-2-8.webp","keywords":["Aprendizaje social","Bienestar infantil","conducta infantil","crianza consciente","DESARROLLO INFANTIL","disciplina positiva","educacion emocional","regulacion emocional","ROL DOCENTE","vinculo afectivo"],"articleSection":["Bienestar Familiar","Recursos"],"inLanguage":"es","potentialAction":[{"@type":"CommentAction","name":"Comment","target":["https:\/\/webdelmaestrocmf.com\/portal\/no-importa-si-grita-papa-o-mama-importa-la-frecuencia-y-la-huella-que-deja-en-el-nino\/#respond"]}]},{"@type":"WebPage","@id":"https:\/\/webdelmaestrocmf.com\/portal\/no-importa-si-grita-papa-o-mama-importa-la-frecuencia-y-la-huella-que-deja-en-el-nino\/","url":"https:\/\/webdelmaestrocmf.com\/portal\/no-importa-si-grita-papa-o-mama-importa-la-frecuencia-y-la-huella-que-deja-en-el-nino\/","name":"No importa si grita pap\u00e1 o mam\u00e1\u2026 importa la frecuencia y la huella que deja en el ni\u00f1o - 2026","isPartOf":{"@id":"https:\/\/webdelmaestrocmf.com\/portal\/#website"},"primaryImageOfPage":{"@id":"https:\/\/webdelmaestrocmf.com\/portal\/no-importa-si-grita-papa-o-mama-importa-la-frecuencia-y-la-huella-que-deja-en-el-nino\/#primaryimage"},"image":{"@id":"https:\/\/webdelmaestrocmf.com\/portal\/no-importa-si-grita-papa-o-mama-importa-la-frecuencia-y-la-huella-que-deja-en-el-nino\/#primaryimage"},"thumbnailUrl":"https:\/\/webdelmaestrocmf.com\/portal\/wp-content\/uploads\/2026\/04\/1AA-Banner-1-portada-imagen-10-1-copia-2-8.webp","datePublished":"2026-04-27T22:40:16+00:00","dateModified":"2026-04-27T22:54:00+00:00","description":"La idea de que la voz de un adulto, especialmente en contextos familiares, tiene un impacto profundo en los ni\u00f1os no es una simple...","breadcrumb":{"@id":"https:\/\/webdelmaestrocmf.com\/portal\/no-importa-si-grita-papa-o-mama-importa-la-frecuencia-y-la-huella-que-deja-en-el-nino\/#breadcrumb"},"inLanguage":"es","potentialAction":[{"@type":"ReadAction","target":["https:\/\/webdelmaestrocmf.com\/portal\/no-importa-si-grita-papa-o-mama-importa-la-frecuencia-y-la-huella-que-deja-en-el-nino\/"]}]},{"@type":"ImageObject","inLanguage":"es","@id":"https:\/\/webdelmaestrocmf.com\/portal\/no-importa-si-grita-papa-o-mama-importa-la-frecuencia-y-la-huella-que-deja-en-el-nino\/#primaryimage","url":"https:\/\/webdelmaestrocmf.com\/portal\/wp-content\/uploads\/2026\/04\/1AA-Banner-1-portada-imagen-10-1-copia-2-8.webp","contentUrl":"https:\/\/webdelmaestrocmf.com\/portal\/wp-content\/uploads\/2026\/04\/1AA-Banner-1-portada-imagen-10-1-copia-2-8.webp","width":1200,"height":675},{"@type":"BreadcrumbList","@id":"https:\/\/webdelmaestrocmf.com\/portal\/no-importa-si-grita-papa-o-mama-importa-la-frecuencia-y-la-huella-que-deja-en-el-nino\/#breadcrumb","itemListElement":[{"@type":"ListItem","position":1,"name":"Portada","item":"https:\/\/webdelmaestrocmf.com\/portal\/"},{"@type":"ListItem","position":2,"name":"Recursos","item":"https:\/\/webdelmaestrocmf.com\/portal\/category\/pedagogia\/"},{"@type":"ListItem","position":3,"name":"No importa si grita pap\u00e1 o mam\u00e1\u2026 importa la frecuencia y la huella que deja en el ni\u00f1o"}]},{"@type":"WebSite","@id":"https:\/\/webdelmaestrocmf.com\/portal\/#website","url":"https:\/\/webdelmaestrocmf.com\/portal\/","name":"Web del Maestro CMF","description":"Maestros al servicio de la educaci\u00f3n","publisher":{"@id":"https:\/\/webdelmaestrocmf.com\/portal\/#organization"},"alternateName":"WMCMF","potentialAction":[{"@type":"SearchAction","target":{"@type":"EntryPoint","urlTemplate":"https:\/\/webdelmaestrocmf.com\/portal\/?s={search_term_string}"},"query-input":{"@type":"PropertyValueSpecification","valueRequired":true,"valueName":"search_term_string"}}],"inLanguage":"es"},{"@type":"Organization","@id":"https:\/\/webdelmaestrocmf.com\/portal\/#organization","name":"Web del Maestro CMF","alternateName":"WMCMF","url":"https:\/\/webdelmaestrocmf.com\/portal\/","logo":{"@type":"ImageObject","inLanguage":"es","@id":"https:\/\/webdelmaestrocmf.com\/portal\/#\/schema\/logo\/image\/","url":"https:\/\/webdelmaestrocmf.com\/portal\/wp-content\/uploads\/2023\/01\/logo-wmcmf-2.png","contentUrl":"https:\/\/webdelmaestrocmf.com\/portal\/wp-content\/uploads\/2023\/01\/logo-wmcmf-2.png","width":200,"height":60,"caption":"Web del Maestro CMF"},"image":{"@id":"https:\/\/webdelmaestrocmf.com\/portal\/#\/schema\/logo\/image\/"},"sameAs":["https:\/\/www.facebook.com\/WebdelMaestroCMF\/","https:\/\/x.com\/cmf_w","https:\/\/www.pinterest.com\/WMCMF\/","https:\/\/www.linkedin.com\/company\/web-del-maestro-cmf\/","https:\/\/www.instagram.com\/wmcmf\/","https:\/\/www.youtube.com\/channel\/UCDPSvjbdodE5sHnC3OxutHw","https:\/\/mastodon.social\/@wmcmf","https:\/\/www.tiktok.com\/@webdelmaestrocmf"]},{"@type":"Person","@id":"https:\/\/webdelmaestrocmf.com\/portal\/#\/schema\/person\/1072a2ed7bd960df8ef99a551fa35dc5","name":"Web del Maestro CMF","image":{"@type":"ImageObject","inLanguage":"es","@id":"https:\/\/secure.gravatar.com\/avatar\/23291dd5b5ae1077dcff3dbb04c3e02bd28403fa75af6d8787d5e97c5bbbe30b?s=96&d=mm&r=g","url":"https:\/\/secure.gravatar.com\/avatar\/23291dd5b5ae1077dcff3dbb04c3e02bd28403fa75af6d8787d5e97c5bbbe30b?s=96&d=mm&r=g","contentUrl":"https:\/\/secure.gravatar.com\/avatar\/23291dd5b5ae1077dcff3dbb04c3e02bd28403fa75af6d8787d5e97c5bbbe30b?s=96&d=mm&r=g","caption":"Web del Maestro CMF"},"description":"Esta Web se cre\u00f3 sin fines de lucro, con fines educativos, cient\u00edficos y acad\u00e9micos, para personas que tengan dificultades y\/o inconvenientes en visualizar el material original. El objetivo es entregar recursos, compartir experiencias y materiales que ayuden a los padres de familia, maestros y estudiantes en su actualizaci\u00f3n y formaci\u00f3n permanente, en bien de la Educaci\u00f3n.","sameAs":["http:\/\/webdelmaestrocmf.com\/portal","https:\/\/www.facebook.com\/WebdelMaestroCMF\/","https:\/\/www.instagram.com\/wmcmf\/","https:\/\/cl.linkedin.com\/company\/web-del-maestro-cmf","https:\/\/www.pinterest.com\/WMCMF\/publicaciones\/","https:\/\/x.com\/cmf_w","https:\/\/www.youtube.com\/@WMCMF"]}]}},"jetpack_featured_media_url":"https:\/\/webdelmaestrocmf.com\/portal\/wp-content\/uploads\/2026\/04\/1AA-Banner-1-portada-imagen-10-1-copia-2-8.webp","jetpack_sharing_enabled":true,"jetpack-related-posts":[{"id":114892,"url":"https:\/\/webdelmaestrocmf.com\/portal\/chatbots-emociones-y-ninos-lo-que-los-adultos-deben-comprender-para-proteger-el-desarrollo-emocional\/","url_meta":{"origin":118371,"position":0},"title":"Chatbots, emociones y ni\u00f1os: lo que los adultos deben comprender para proteger el desarrollo emocional","author":"Web del Maestro CMF","date":"20 enero, 2026","format":false,"excerpt":"Los chatbots pueden ser \u00fatiles, pero nunca reemplazan el v\u00ednculo humano; el acompa\u00f1amiento adulto y los l\u00edmites protegen el desarrollo emocional infantil.","rel":"","context":"En \u00abIA\u00bb","block_context":{"text":"IA","link":"https:\/\/webdelmaestrocmf.com\/portal\/category\/tecnologia\/ia\/"},"img":{"alt_text":"","src":"https:\/\/i0.wp.com\/webdelmaestrocmf.com\/portal\/wp-content\/uploads\/2026\/01\/1A-Banner-1-portada-imagen-10-1-copia-19.webp?resize=350%2C200&ssl=1","width":350,"height":200,"srcset":"https:\/\/i0.wp.com\/webdelmaestrocmf.com\/portal\/wp-content\/uploads\/2026\/01\/1A-Banner-1-portada-imagen-10-1-copia-19.webp?resize=350%2C200&ssl=1 1x, https:\/\/i0.wp.com\/webdelmaestrocmf.com\/portal\/wp-content\/uploads\/2026\/01\/1A-Banner-1-portada-imagen-10-1-copia-19.webp?resize=525%2C300&ssl=1 1.5x, https:\/\/i0.wp.com\/webdelmaestrocmf.com\/portal\/wp-content\/uploads\/2026\/01\/1A-Banner-1-portada-imagen-10-1-copia-19.webp?resize=700%2C400&ssl=1 2x"},"classes":[]},{"id":108679,"url":"https:\/\/webdelmaestrocmf.com\/portal\/por-que-es-importante-la-escuela-de-padres-en-estos-tiempos\/","url_meta":{"origin":118371,"position":1},"title":"\u00bfPor qu\u00e9 es importante la Escuela de Padres en estos tiempos?","author":"Web del Maestro CMF","date":"6 abril, 2025","format":false,"excerpt":"En la actualidad, la escuela enfrenta retos cada vez m\u00e1s complejos. No solo debe transmitir conocimientos, sino tambi\u00e9n sostener emocionalmente a estudiantes que muchas veces llegan al aula con historias de abandono, violencia, consumo problem\u00e1tico, conflictos judiciales y exclusi\u00f3n social. Frente a este panorama, surge una necesidad urgente: volver a\u2026","rel":"","context":"En \u00abEscuela de adres\u00bb","block_context":{"text":"Escuela de adres","link":"https:\/\/webdelmaestrocmf.com\/portal\/category\/pedagogia\/escuela-de-adres\/"},"img":{"alt_text":"","src":"https:\/\/i0.wp.com\/webdelmaestrocmf.com\/portal\/wp-content\/uploads\/2025\/04\/1A-Banner-1-portada-imagen-10-1-43.jpg?resize=350%2C200&ssl=1","width":350,"height":200,"srcset":"https:\/\/i0.wp.com\/webdelmaestrocmf.com\/portal\/wp-content\/uploads\/2025\/04\/1A-Banner-1-portada-imagen-10-1-43.jpg?resize=350%2C200&ssl=1 1x, https:\/\/i0.wp.com\/webdelmaestrocmf.com\/portal\/wp-content\/uploads\/2025\/04\/1A-Banner-1-portada-imagen-10-1-43.jpg?resize=525%2C300&ssl=1 1.5x, https:\/\/i0.wp.com\/webdelmaestrocmf.com\/portal\/wp-content\/uploads\/2025\/04\/1A-Banner-1-portada-imagen-10-1-43.jpg?resize=700%2C400&ssl=1 2x"},"classes":[]},{"id":112892,"url":"https:\/\/webdelmaestrocmf.com\/portal\/ultimamente-se-ve-con-mas-frecuencia-a-padres-que-parecen-mas-los-hermanos-mayores-de-sus-hijos-que-los-adultos-de-la-casa-por-que-crees-que-pasa-eso\/","url_meta":{"origin":118371,"position":2},"title":"Juan Jes\u00fas Guerra: \u00daltimamente se ve con m\u00e1s frecuencia a padres que parecen m\u00e1s los hermanos mayores de sus hijos que los adultos de la casa","author":"Web del Maestro CMF","date":"28 octubre, 2025","format":false,"excerpt":"Muchos padres buscan ser cercanos, pero al igualarse con sus hijos pierden autoridad y estabilidad emocional en la crianza.","rel":"","context":"En \u00abEntrevistas\u00bb","block_context":{"text":"Entrevistas","link":"https:\/\/webdelmaestrocmf.com\/portal\/category\/noticias\/entrevistas\/"},"img":{"alt_text":"","src":"https:\/\/i0.wp.com\/webdelmaestrocmf.com\/portal\/wp-content\/uploads\/2025\/10\/1A-Banner-1-portada-imagen-10-1-copia-23.webp?resize=350%2C200&ssl=1","width":350,"height":200,"srcset":"https:\/\/i0.wp.com\/webdelmaestrocmf.com\/portal\/wp-content\/uploads\/2025\/10\/1A-Banner-1-portada-imagen-10-1-copia-23.webp?resize=350%2C200&ssl=1 1x, https:\/\/i0.wp.com\/webdelmaestrocmf.com\/portal\/wp-content\/uploads\/2025\/10\/1A-Banner-1-portada-imagen-10-1-copia-23.webp?resize=525%2C300&ssl=1 1.5x, https:\/\/i0.wp.com\/webdelmaestrocmf.com\/portal\/wp-content\/uploads\/2025\/10\/1A-Banner-1-portada-imagen-10-1-copia-23.webp?resize=700%2C400&ssl=1 2x"},"classes":[]},{"id":108094,"url":"https:\/\/webdelmaestrocmf.com\/portal\/asi-deben-fomentar-los-docentes-la-educacion-emocional\/","url_meta":{"origin":118371,"position":3},"title":"La inteligencia emocional se forma, se ense\u00f1a y se moldea en casa, y se fortalece en la escuela","author":"Web del Maestro CMF","date":"23 febrero, 2025","format":false,"excerpt":"La inteligencia emocional se forma en casa y se fortalece en la escuela. Sin gu\u00eda, el ni\u00f1o no regula emociones. Padres y docentes deben ense\u00f1ar, modelar y acompa\u00f1ar su desarrollo emocional continuo.","rel":"","context":"En \u00abInteligencia Emocional\u00bb","block_context":{"text":"Inteligencia Emocional","link":"https:\/\/webdelmaestrocmf.com\/portal\/category\/pedagogia\/inteligencia-emocional-educacion-y-familia\/"},"img":{"alt_text":"","src":"https:\/\/i0.wp.com\/webdelmaestrocmf.com\/portal\/wp-content\/uploads\/2025\/02\/1-3.jpg?resize=350%2C200&ssl=1","width":350,"height":200,"srcset":"https:\/\/i0.wp.com\/webdelmaestrocmf.com\/portal\/wp-content\/uploads\/2025\/02\/1-3.jpg?resize=350%2C200&ssl=1 1x, https:\/\/i0.wp.com\/webdelmaestrocmf.com\/portal\/wp-content\/uploads\/2025\/02\/1-3.jpg?resize=525%2C300&ssl=1 1.5x, https:\/\/i0.wp.com\/webdelmaestrocmf.com\/portal\/wp-content\/uploads\/2025\/02\/1-3.jpg?resize=700%2C400&ssl=1 2x, https:\/\/i0.wp.com\/webdelmaestrocmf.com\/portal\/wp-content\/uploads\/2025\/02\/1-3.jpg?resize=1050%2C600&ssl=1 3x"},"classes":[]},{"id":113330,"url":"https:\/\/webdelmaestrocmf.com\/portal\/tania-garcia-nos-ensenaron-a-tratar-a-las-personas-como-si-fueran-perros-con-el-conductismo-pero-no-lo-somos\/","url_meta":{"origin":118371,"position":4},"title":"Tania Garc\u00eda: Nos ense\u00f1aron a tratar a las personas como si fueran perros, con el conductismo, pero no lo somos","author":"Web del Maestro CMF","date":"9 noviembre, 2025","format":false,"excerpt":"Tania Garc\u00eda defiende una educaci\u00f3n sin castigos ni gritos, basada en respeto, empat\u00eda y acompa\u00f1amiento emocional, no en el conductismo.","rel":"","context":"En \u00abEntrevistas\u00bb","block_context":{"text":"Entrevistas","link":"https:\/\/webdelmaestrocmf.com\/portal\/category\/noticias\/entrevistas\/"},"img":{"alt_text":"","src":"https:\/\/i0.wp.com\/webdelmaestrocmf.com\/portal\/wp-content\/uploads\/2025\/11\/sdcsd1A-Banner-1-portada-imagen-10-1-copia-3.jpg?resize=350%2C200&ssl=1","width":350,"height":200,"srcset":"https:\/\/i0.wp.com\/webdelmaestrocmf.com\/portal\/wp-content\/uploads\/2025\/11\/sdcsd1A-Banner-1-portada-imagen-10-1-copia-3.jpg?resize=350%2C200&ssl=1 1x, https:\/\/i0.wp.com\/webdelmaestrocmf.com\/portal\/wp-content\/uploads\/2025\/11\/sdcsd1A-Banner-1-portada-imagen-10-1-copia-3.jpg?resize=525%2C300&ssl=1 1.5x, https:\/\/i0.wp.com\/webdelmaestrocmf.com\/portal\/wp-content\/uploads\/2025\/11\/sdcsd1A-Banner-1-portada-imagen-10-1-copia-3.jpg?resize=700%2C400&ssl=1 2x"},"classes":[]},{"id":108950,"url":"https:\/\/webdelmaestrocmf.com\/portal\/infancia-en-crisis-aumento-de-conductas-disruptivas-en-jardines-infantiles-preocupa-a-educadores\/","url_meta":{"origin":118371,"position":5},"title":"Infancia en crisis: aumento de conductas disruptivas en jardines infantiles preocupa a educadores","author":"Web del Maestro CMF","date":"22 mayo, 2025","format":false,"excerpt":"El aumento de desregulaci\u00f3n emocional en ni\u00f1os peque\u00f1os preocupa a docentes. Conductas agresivas, impulsividad y baja tolerancia a la frustraci\u00f3n se vinculan a pantallas, estr\u00e9s familiar y falta de contenci\u00f3n adecuada.","rel":"","context":"En \u00abNoticias Internacionales\u00bb","block_context":{"text":"Noticias Internacionales","link":"https:\/\/webdelmaestrocmf.com\/portal\/category\/noticias-internacionales\/"},"img":{"alt_text":"","src":"https:\/\/i0.wp.com\/webdelmaestrocmf.com\/portal\/wp-content\/uploads\/2025\/05\/1A-Banner-1-portada-imagen-10-1-11.jpg?resize=350%2C200&ssl=1","width":350,"height":200,"srcset":"https:\/\/i0.wp.com\/webdelmaestrocmf.com\/portal\/wp-content\/uploads\/2025\/05\/1A-Banner-1-portada-imagen-10-1-11.jpg?resize=350%2C200&ssl=1 1x, https:\/\/i0.wp.com\/webdelmaestrocmf.com\/portal\/wp-content\/uploads\/2025\/05\/1A-Banner-1-portada-imagen-10-1-11.jpg?resize=525%2C300&ssl=1 1.5x, https:\/\/i0.wp.com\/webdelmaestrocmf.com\/portal\/wp-content\/uploads\/2025\/05\/1A-Banner-1-portada-imagen-10-1-11.jpg?resize=700%2C400&ssl=1 2x"},"classes":[]}],"_links":{"self":[{"href":"https:\/\/webdelmaestrocmf.com\/portal\/wp-json\/wp\/v2\/posts\/118371","targetHints":{"allow":["GET"]}}],"collection":[{"href":"https:\/\/webdelmaestrocmf.com\/portal\/wp-json\/wp\/v2\/posts"}],"about":[{"href":"https:\/\/webdelmaestrocmf.com\/portal\/wp-json\/wp\/v2\/types\/post"}],"author":[{"embeddable":true,"href":"https:\/\/webdelmaestrocmf.com\/portal\/wp-json\/wp\/v2\/users\/1"}],"replies":[{"embeddable":true,"href":"https:\/\/webdelmaestrocmf.com\/portal\/wp-json\/wp\/v2\/comments?post=118371"}],"version-history":[{"count":2,"href":"https:\/\/webdelmaestrocmf.com\/portal\/wp-json\/wp\/v2\/posts\/118371\/revisions"}],"predecessor-version":[{"id":118375,"href":"https:\/\/webdelmaestrocmf.com\/portal\/wp-json\/wp\/v2\/posts\/118371\/revisions\/118375"}],"wp:featuredmedia":[{"embeddable":true,"href":"https:\/\/webdelmaestrocmf.com\/portal\/wp-json\/wp\/v2\/media\/118378"}],"wp:attachment":[{"href":"https:\/\/webdelmaestrocmf.com\/portal\/wp-json\/wp\/v2\/media?parent=118371"}],"wp:term":[{"taxonomy":"category","embeddable":true,"href":"https:\/\/webdelmaestrocmf.com\/portal\/wp-json\/wp\/v2\/categories?post=118371"},{"taxonomy":"post_tag","embeddable":true,"href":"https:\/\/webdelmaestrocmf.com\/portal\/wp-json\/wp\/v2\/tags?post=118371"}],"curies":[{"name":"wp","href":"https:\/\/api.w.org\/{rel}","templated":true}]}}