{"id":118365,"date":"2026-04-27T17:34:09","date_gmt":"2026-04-27T21:34:09","guid":{"rendered":"https:\/\/webdelmaestrocmf.com\/portal\/?p=118365"},"modified":"2026-04-27T17:47:47","modified_gmt":"2026-04-27T21:47:47","slug":"descarga-la-secuencia-de-aprendizaje-semana-loca-del-dia-del-nino-para-desarrollar-creatividad-emociones-e-identidad-en-el-aula","status":"publish","type":"post","link":"https:\/\/webdelmaestrocmf.com\/portal\/descarga-la-secuencia-de-aprendizaje-semana-loca-del-dia-del-nino-para-desarrollar-creatividad-emociones-e-identidad-en-el-aula\/","title":{"rendered":"Descarga la Secuencia de aprendizaje: \u00abSemana loca del D\u00eda del Ni\u00f1o\u00bb para desarrollar creatividad, emociones e identidad en el aula"},"content":{"rendered":"\n<p>La profesora <strong>Elsa L\u00f3pez<\/strong> comparti\u00f3 el siguiente material titulado <em>\u201cSecuencia de aprendizaje: Semana loca\u201d<\/em>, una propuesta dise\u00f1ada para educaci\u00f3n primaria que organiza una semana completa de actividades l\u00fadicas con un prop\u00f3sito claro: que los estudiantes <strong>expresen su identidad, emociones y creatividad<\/strong>, fortaleciendo al mismo tiempo la comunicaci\u00f3n, la convivencia y el pensamiento reflexivo.<\/p>\n\n\n\n<h2 class=\"wp-block-heading\"><strong>\u00bfQu\u00e9 es una secuencia de aprendizaje y por qu\u00e9 es clave?<\/strong><\/h2>\n\n\n\n<p>Una <strong>secuencia de aprendizaje<\/strong> es una planificaci\u00f3n estructurada que organiza las actividades en funci\u00f3n de objetivos pedag\u00f3gicos concretos. No se trata de hacer actividades aisladas, sino de <strong>construir experiencias con sentido<\/strong>, donde cada d\u00eda aporta al desarrollo de competencias. En este caso, la propuesta abarca cinco d\u00edas, articulando \u00e1reas como lenguaje, pensamiento cient\u00edfico y desarrollo socioemocional.<\/p>\n\n\n\n<p>Su valor radica en que permite al docente <strong>anticipar, organizar y evaluar<\/strong> el aprendizaje, evitando la improvisaci\u00f3n y asegurando coherencia entre lo que se ense\u00f1a, c\u00f3mo se ense\u00f1a y lo que se espera lograr.<\/p>\n\n\n\n<h2 class=\"wp-block-heading\"><strong>Estructura pedag\u00f3gica: ense\u00f1ar con intenci\u00f3n<\/strong><\/h2>\n\n\n\n<p>El material sigue una estructura did\u00e1ctica s\u00f3lida basada en tres momentos:<\/p>\n\n\n\n<ul class=\"wp-block-list\">\n<li><strong>Inicio:<\/strong> activa conocimientos previos y motiva al estudiante.<\/li>\n\n\n\n<li><strong>Desarrollo:<\/strong> propone actividades centrales que generan aprendizaje significativo.<\/li>\n\n\n\n<li><strong>Cierre:<\/strong> promueve la reflexi\u00f3n y consolidaci\u00f3n de lo aprendido.<\/li>\n<\/ul>\n\n\n\n<p>Por ejemplo, el primer d\u00eda, con la actividad <em>\u201cCalcetas locas\u201d<\/em>, los estudiantes exploran la identidad a trav\u00e9s de la creatividad, conectando lo simb\u00f3lico con lo personal. No es solo un juego: es una estrategia para <strong>dar voz al estudiante y construir significado<\/strong>.<\/p>\n\n\n\n<h2 class=\"wp-block-heading\"><strong>Aprender jugando: el valor pedag\u00f3gico de lo l\u00fadico<\/strong><\/h2>\n\n\n\n<p>La propuesta utiliza actividades como:<\/p>\n\n\n\n<ul class=\"wp-block-list\">\n<li>Peinados creativos para trabajar emociones<\/li>\n\n\n\n<li>Soluciones sin mochila para fomentar pensamiento creativo<\/li>\n\n\n\n<li>Din\u00e1micas grupales para fortalecer la convivencia<\/li>\n<\/ul>\n\n\n\n<p>Esto responde a un principio clave en educaci\u00f3n: <strong>el aprendizaje significativo ocurre cuando el estudiante se involucra emocionalmente<\/strong>. Lejos de ser superficial, el juego bien dise\u00f1ado permite desarrollar habilidades profundas como la expresi\u00f3n, la toma de decisiones y la empat\u00eda.<\/p>\n\n\n\n<h2 class=\"wp-block-heading\"><strong>Desarrollo de competencias integrales<\/strong><\/h2>\n\n\n\n<p>Uno de los puntos fuertes del material es que no se limita a contenidos acad\u00e9micos. Integra:<\/p>\n\n\n\n<ul class=\"wp-block-list\">\n<li><strong>Lenguaje:<\/strong> narraci\u00f3n de experiencias personales<\/li>\n\n\n\n<li><strong>Pensamiento cient\u00edfico:<\/strong> observaci\u00f3n y an\u00e1lisis del entorno<\/li>\n\n\n\n<li><strong>Desarrollo personal:<\/strong> reconocimiento y regulaci\u00f3n de emociones<\/li>\n<\/ul>\n\n\n\n<p>Esto evidencia un enfoque moderno: <strong>educar no es solo transmitir informaci\u00f3n, sino formar personas capaces de pensar, sentir y convivir<\/strong>.<\/p>\n\n\n\n<h2 class=\"wp-block-heading\"><strong>Evaluaci\u00f3n formativa: observar m\u00e1s all\u00e1 de la nota<\/strong><\/h2>\n\n\n\n<p>La propuesta incluye una r\u00fabrica clara con criterios como participaci\u00f3n, creatividad, expresi\u00f3n de ideas y trabajo en equipo. Esto permite una evaluaci\u00f3n <strong>m\u00e1s justa y formativa<\/strong>, centrada en el proceso y no solo en el resultado.<\/p>\n\n\n\n<p>Evaluar as\u00ed implica que el docente observe, acompa\u00f1e y retroalimente, en lugar de limitarse a calificar.<\/p>\n\n\n\n<h2 class=\"wp-block-heading\"><strong>Inclusi\u00f3n y atenci\u00f3n a la diversidad<\/strong><\/h2>\n\n\n\n<p>El material tambi\u00e9n contempla <strong>ajustes razonables<\/strong>, como:<\/p>\n\n\n\n<ul class=\"wp-block-list\">\n<li>Uso de apoyos visuales<\/li>\n\n\n\n<li>Instrucciones claras y paso a paso<\/li>\n\n\n\n<li>Opciones de respuesta (dibujar, escribir o expresar oralmente)<\/li>\n\n\n\n<li>Tiempo adicional<\/li>\n<\/ul>\n\n\n\n<p>Esto es fundamental, porque reconoce que <strong>no todos los estudiantes aprenden de la misma manera<\/strong>, y adapta la ense\u00f1anza para que todos puedan participar.<\/p>\n\n\n\n<h2 class=\"wp-block-heading\"><strong>\u00bfC\u00f3mo implementar esta propuesta en el aula?<\/strong><\/h2>\n\n\n\n<p>Para que este tipo de secuencia funcione, el docente debe considerar lo siguiente:<\/p>\n\n\n\n<p><strong>1. Adaptar al contexto<\/strong><br>No todos los grupos son iguales. Es clave ajustar las actividades seg\u00fan la edad, intereses y realidad de los estudiantes.<\/p>\n\n\n\n<p><strong>2. Priorizar el prop\u00f3sito, no la actividad<\/strong><br>El objetivo no es \u201chacer algo divertido\u201d, sino lograr un aprendizaje. Cada din\u00e1mica debe tener intenci\u00f3n pedag\u00f3gica.<\/p>\n\n\n\n<p><strong>3. Facilitar, no dirigir todo<\/strong><br>El docente act\u00faa como gu\u00eda. Debe permitir que los estudiantes exploren, opinen y construyan sus propias ideas.<\/p>\n\n\n\n<p><strong>4. Observar y retroalimentar constantemente<\/strong><br>La evaluaci\u00f3n ocurre durante todo el proceso, no solo al final.<\/p>\n\n\n\n<p><strong>5. Generar un clima seguro<\/strong><br>Las actividades funcionan cuando el estudiante se siente libre de expresarse sin miedo a equivocarse.<\/p>\n\n\n\n<h2 class=\"wp-block-heading\"><strong>Reflexi\u00f3n final<\/strong><\/h2>\n\n\n\n<p>Materiales como el compartido por la profesora Elsa L\u00f3pez evidencian un cambio necesario en la educaci\u00f3n: pasar de clases r\u00edgidas y centradas en contenidos, a experiencias que integren lo cognitivo, lo emocional y lo social. No se trata de \u201chacer juegos\u201d, sino de <strong>ense\u00f1ar con intenci\u00f3n, creatividad y sentido pedag\u00f3gico<\/strong>.<\/p>\n\n\n\n<p>La pregunta clave no es si este tipo de propuestas funcionan, sino si estamos dispuestos, como docentes, a salir del esquema tradicional y asumir el reto de ense\u00f1ar de una manera m\u00e1s humana, significativa y coherente con las necesidades reales de nuestros estudiantes.<\/p>\n\n\n\n<p class=\"has-text-align-right\"><strong>Redacci\u00f3n | Web del Maestro CMF<\/strong><\/p>\n\n\n\n<p class=\"has-text-align-center\">MATERIAL DE DESCARGA: <a href=\"https:\/\/drive.google.com\/drive\/folders\/1jq0vZ6RDZdk92VXeoBF7e_PQ6GRUKFSV?usp=sharing\" target=\"_blank\" rel=\"noreferrer noopener\">SECUENCIA DE APRENDIZAJE SEMANA LOCA <\/a><\/p>\n\n\n\t\t<div class=\"pk-inline-posts\">\n\t\t\t\t\t\t\t<h5 class=\"pk-inline-posts-title pk-title pk-font-block\">\n\t\t\t\t\t\u00daltimas entradas\t\t\t\t<\/h5>\n\t\t\t\n\t\t\t<div class=\"pk-inline-posts-container pk-inline-posts-template-list\"\n\t\t\t\tdata-columns=\"1\">\n\t\t\t\t\t\t<article id=\"post-118355\" class=\"post-118355 post type-post status-publish format-standard has-post-thumbnail category-descarga category-ninos category-pedagogia tag-aprendizaje tag-comprension-lectora tag-dia-del-nino tag-docentes tag-educacion tag-infancia tag-lectura-infantil tag-pensamiento-critico tag-recursos-educativos cs-entry cs-video-wrap\">\n\t\t\t<div class=\"pk-post-outer\">\n\n\t\t\t\t\t\t\t\t<div class=\"pk-post-inner\">\n\t\t\t\t\t<div class=\"entry-thumbnail\">\n\t\t\t\t\t\t<div class=\"pk-overlay pk-overlay-ratio pk-ratio-landscape\">\n\t\t\t\t\t\t\t<div class=\"pk-overlay-background\">\n\t\t\t\t\t\t\t\t<a href=\"https:\/\/webdelmaestrocmf.com\/portal\/dia-del-nino-aprende-reflexiona-y-fortalece-la-comprension-lectora-descarga-el-cuadernillo-listo-para-usar\/\" class=\"pk-overlay-link\">\n\t\t\t\t\t\t\t\t\t<img loading=\"lazy\" decoding=\"async\" width=\"300\" height=\"225\" src=\"https:\/\/webdelmaestrocmf.com\/portal\/wp-content\/uploads\/2026\/04\/1AA-Banner-1-portada-imagen-10-1-copia-35-300x225.webp\" class=\"attachment-pk-thumbnail size-pk-thumbnail wp-post-image\" alt=\"\" \/>\t\t\t\t\t\t\t\t<\/a>\n\t\t\t\t\t\t\t<\/div>\n\t\t\t\t\t\t<\/div>\n\t\t\t\t\t<\/div>\n\t\t\t\t<\/div>\n\t\t\t\t\n\t\t\t\t<div class=\"pk-post-inner\">\n\t\t\t\t\t<header>\n\t\t\t\t\t\t<h3 class=\"pk-title\"><a href=\"https:\/\/webdelmaestrocmf.com\/portal\/dia-del-nino-aprende-reflexiona-y-fortalece-la-comprension-lectora-descarga-el-cuadernillo-listo-para-usar\/\" rel=\"bookmark\">D\u00eda del Ni\u00f1o: aprende, reflexiona y fortalece la comprensi\u00f3n lectora | Descarga el cuadernillo sobre el \u00abD\u00eda del ni\u00f1o\u00bb listo para usar<\/a><\/h3>\t\t\t\t\t<\/header><!-- .entry-header -->\n\t\t\t\t<\/div><!-- .post-inner -->\n\n\t\t\t<\/div><!-- .post-outer -->\n\t\t<\/article>\n\t\t\t<article id=\"post-20592\" class=\"post-20592 post type-post status-publish format-standard has-post-thumbnail category-descarga category-descargas-manuales-pdf category-estres category-pedagogia tag-docentes tag-educadores tag-guia tag-mindfulness tag-practica cs-entry cs-video-wrap\">\n\t\t\t<div class=\"pk-post-outer\">\n\n\t\t\t\t\t\t\t\t<div class=\"pk-post-inner\">\n\t\t\t\t\t<div class=\"entry-thumbnail\">\n\t\t\t\t\t\t<div class=\"pk-overlay pk-overlay-ratio pk-ratio-landscape\">\n\t\t\t\t\t\t\t<div class=\"pk-overlay-background\">\n\t\t\t\t\t\t\t\t<a href=\"https:\/\/webdelmaestrocmf.com\/portal\/mindfulness-guia-practica-docentes-educadores\/\" class=\"pk-overlay-link\">\n\t\t\t\t\t\t\t\t\t<img loading=\"lazy\" decoding=\"async\" width=\"300\" height=\"225\" src=\"https:\/\/webdelmaestrocmf.com\/portal\/wp-content\/uploads\/2020\/03\/1AA-Banner-1-portada-imagen-10-1-copia-4-300x225.webp\" class=\"attachment-pk-thumbnail size-pk-thumbnail wp-post-image\" alt=\"\" \/>\t\t\t\t\t\t\t\t<\/a>\n\t\t\t\t\t\t\t<\/div>\n\t\t\t\t\t\t<\/div>\n\t\t\t\t\t<\/div>\n\t\t\t\t<\/div>\n\t\t\t\t\n\t\t\t\t<div class=\"pk-post-inner\">\n\t\t\t\t\t<header>\n\t\t\t\t\t\t<h3 class=\"pk-title\"><a href=\"https:\/\/webdelmaestrocmf.com\/portal\/mindfulness-guia-practica-docentes-educadores\/\" rel=\"bookmark\">Mindfulness: Gu\u00eda pr\u00e1ctica para docentes y educadores<\/a><\/h3>\t\t\t\t\t<\/header><!-- .entry-header -->\n\t\t\t\t<\/div><!-- .post-inner -->\n\n\t\t\t<\/div><!-- .post-outer -->\n\t\t<\/article>\n\t\t\t<article id=\"post-118272\" class=\"post-118272 post type-post status-publish format-standard has-post-thumbnail category-descarga category-descargas-manuales-pdf category-pedagogia tag-clima-de-aula tag-convivencia-escolar tag-disciplina-positiva tag-gestion-educativa tag-herramientas-educativas tag-incidencias-escolares tag-organizacion-docente tag-practica-pedagogica tag-registro-escolar tag-seguimiento-docente cs-entry cs-video-wrap\">\n\t\t\t<div class=\"pk-post-outer\">\n\n\t\t\t\t\t\t\t\t<div class=\"pk-post-inner\">\n\t\t\t\t\t<div class=\"entry-thumbnail\">\n\t\t\t\t\t\t<div class=\"pk-overlay pk-overlay-ratio pk-ratio-landscape\">\n\t\t\t\t\t\t\t<div class=\"pk-overlay-background\">\n\t\t\t\t\t\t\t\t<a href=\"https:\/\/webdelmaestrocmf.com\/portal\/descarga-las-nuevas-fichas-de-registro-de-incidencias-escolar\/\" class=\"pk-overlay-link\">\n\t\t\t\t\t\t\t\t\t<img loading=\"lazy\" decoding=\"async\" width=\"300\" height=\"225\" src=\"https:\/\/webdelmaestrocmf.com\/portal\/wp-content\/uploads\/2026\/04\/1AA-Banner-1-portada-imagen-10-1-copia-34-300x225.webp\" class=\"attachment-pk-thumbnail size-pk-thumbnail wp-post-image\" alt=\"\" \/>\t\t\t\t\t\t\t\t<\/a>\n\t\t\t\t\t\t\t<\/div>\n\t\t\t\t\t\t<\/div>\n\t\t\t\t\t<\/div>\n\t\t\t\t<\/div>\n\t\t\t\t\n\t\t\t\t<div class=\"pk-post-inner\">\n\t\t\t\t\t<header>\n\t\t\t\t\t\t<h3 class=\"pk-title\"><a href=\"https:\/\/webdelmaestrocmf.com\/portal\/descarga-las-nuevas-fichas-de-registro-de-incidencias-escolar\/\" rel=\"bookmark\">Descarga las nuevas fichas de registro de incidencias escolar<\/a><\/h3>\t\t\t\t\t<\/header><!-- .entry-header -->\n\t\t\t\t<\/div><!-- .post-inner -->\n\n\t\t\t<\/div><!-- .post-outer -->\n\t\t<\/article>\n\t\t\t\t<\/div>\n\t\t<\/div>\n\t\t\n","protected":false},"excerpt":{"rendered":"Secuencia de aprendizaje para el D\u00eda del Ni\u00f1o que promueve creatividad, identidad y emociones mediante actividades l\u00fadicas, organizadas por d\u00edas, con evaluaci\u00f3n formativa e inclusi\u00f3n, facilitando experiencias significativas en el aula.","protected":false},"author":1,"featured_media":118369,"comment_status":"open","ping_status":"open","sticky":false,"template":"","format":"standard","meta":{"csco_display_header_overlay":false,"csco_singular_sidebar":"","csco_page_header_type":"","csco_page_load_nextpost":"","csco_post_video_location":[],"csco_post_video_location_hash":"","csco_post_video_url":"","csco_post_video_bg_start_time":0,"csco_post_video_bg_end_time":0,"csco_post_video_bg_volume":false,"_jetpack_memberships_contains_paid_content":false,"footnotes":""},"categories":[23408,735,16209],"tags":[77,596,73,25695,58,55,305,4351,20311],"class_list":{"0":"post-118365","1":"post","2":"type-post","3":"status-publish","4":"format-standard","5":"has-post-thumbnail","7":"category-descarga","8":"category-pedagogia","9":"category-secuencia-didactica","10":"tag-aprendizaje","11":"tag-aula","12":"tag-creatividad","13":"tag-dia-del-nino","14":"tag-docentes","15":"tag-educacion","16":"tag-educacion-emocional","17":"tag-planificacion","18":"tag-secuencia-didactica","19":"cs-entry","20":"cs-video-wrap"},"yoast_head":"<!-- This site is optimized with the Yoast SEO plugin v27.4 - https:\/\/yoast.com\/product\/yoast-seo-wordpress\/ -->\n<title>Descarga la Secuencia de aprendizaje: &quot;Semana loca del D\u00eda del Ni\u00f1o&quot; para desarrollar creatividad, emociones e identidad en el aula - 2026<\/title>\n<meta name=\"description\" content=\"La profesora Elsa L\u00f3pez comparti\u00f3 el siguiente material titulado \u201cSecuencia de aprendizaje: Semana loca\u201d, una propuesta dise\u00f1ada para...\" \/>\n<meta name=\"robots\" content=\"index, follow, max-snippet:-1, max-image-preview:large, max-video-preview:-1\" \/>\n<link rel=\"canonical\" href=\"https:\/\/webdelmaestrocmf.com\/portal\/descarga-la-secuencia-de-aprendizaje-semana-loca-del-dia-del-nino-para-desarrollar-creatividad-emociones-e-identidad-en-el-aula\/\" \/>\n<meta property=\"og:locale\" content=\"es_ES\" \/>\n<meta property=\"og:type\" content=\"article\" \/>\n<meta property=\"og:title\" content=\"Descarga la Secuencia de aprendizaje: &quot;Semana loca del D\u00eda del Ni\u00f1o&quot; para desarrollar creatividad, emociones e identidad en el aula - 2026\" \/>\n<meta property=\"og:description\" content=\"La profesora Elsa L\u00f3pez comparti\u00f3 el siguiente material titulado \u201cSecuencia de aprendizaje: Semana loca\u201d, una propuesta dise\u00f1ada para...\" \/>\n<meta property=\"og:url\" content=\"https:\/\/webdelmaestrocmf.com\/portal\/descarga-la-secuencia-de-aprendizaje-semana-loca-del-dia-del-nino-para-desarrollar-creatividad-emociones-e-identidad-en-el-aula\/\" \/>\n<meta property=\"og:site_name\" content=\"Web del Maestro CMF\" \/>\n<meta property=\"article:publisher\" content=\"https:\/\/www.facebook.com\/WebdelMaestroCMF\/\" \/>\n<meta property=\"article:author\" content=\"https:\/\/www.facebook.com\/WebdelMaestroCMF\/\" \/>\n<meta property=\"article:published_time\" content=\"2026-04-27T21:34:09+00:00\" \/>\n<meta property=\"article:modified_time\" content=\"2026-04-27T21:47:47+00:00\" \/>\n<meta property=\"og:image\" content=\"https:\/\/webdelmaestrocmf.com\/portal\/wp-content\/uploads\/2026\/04\/1AA-Banner-1-portada-imagen-10-1-copia-37.webp\" \/>\n\t<meta property=\"og:image:width\" content=\"1200\" \/>\n\t<meta property=\"og:image:height\" content=\"675\" \/>\n\t<meta property=\"og:image:type\" content=\"image\/webp\" \/>\n<meta name=\"author\" content=\"Web del Maestro CMF\" \/>\n<meta name=\"twitter:card\" content=\"summary_large_image\" \/>\n<meta name=\"twitter:creator\" content=\"@cmf_w\" \/>\n<meta name=\"twitter:site\" content=\"@cmf_w\" \/>\n<meta name=\"twitter:label1\" content=\"Escrito por\" \/>\n\t<meta name=\"twitter:data1\" content=\"Web del Maestro CMF\" \/>\n\t<meta name=\"twitter:label2\" content=\"Tiempo de lectura\" \/>\n\t<meta name=\"twitter:data2\" content=\"4 minutos\" \/>\n<script type=\"application\/ld+json\" class=\"yoast-schema-graph\">{\"@context\":\"https:\\\/\\\/schema.org\",\"@graph\":[{\"@type\":\"ScholarlyArticle\",\"@id\":\"https:\\\/\\\/webdelmaestrocmf.com\\\/portal\\\/descarga-la-secuencia-de-aprendizaje-semana-loca-del-dia-del-nino-para-desarrollar-creatividad-emociones-e-identidad-en-el-aula\\\/#article\",\"isPartOf\":{\"@id\":\"https:\\\/\\\/webdelmaestrocmf.com\\\/portal\\\/descarga-la-secuencia-de-aprendizaje-semana-loca-del-dia-del-nino-para-desarrollar-creatividad-emociones-e-identidad-en-el-aula\\\/\"},\"author\":{\"name\":\"Web del Maestro CMF\",\"@id\":\"https:\\\/\\\/webdelmaestrocmf.com\\\/portal\\\/#\\\/schema\\\/person\\\/1072a2ed7bd960df8ef99a551fa35dc5\"},\"headline\":\"Descarga la Secuencia de aprendizaje: \u00abSemana loca del D\u00eda del Ni\u00f1o\u00bb para desarrollar creatividad, emociones e identidad en el aula\",\"datePublished\":\"2026-04-27T21:34:09+00:00\",\"dateModified\":\"2026-04-27T21:47:47+00:00\",\"mainEntityOfPage\":{\"@id\":\"https:\\\/\\\/webdelmaestrocmf.com\\\/portal\\\/descarga-la-secuencia-de-aprendizaje-semana-loca-del-dia-del-nino-para-desarrollar-creatividad-emociones-e-identidad-en-el-aula\\\/\"},\"wordCount\":824,\"commentCount\":3,\"publisher\":{\"@id\":\"https:\\\/\\\/webdelmaestrocmf.com\\\/portal\\\/#organization\"},\"image\":{\"@id\":\"https:\\\/\\\/webdelmaestrocmf.com\\\/portal\\\/descarga-la-secuencia-de-aprendizaje-semana-loca-del-dia-del-nino-para-desarrollar-creatividad-emociones-e-identidad-en-el-aula\\\/#primaryimage\"},\"thumbnailUrl\":\"https:\\\/\\\/webdelmaestrocmf.com\\\/portal\\\/wp-content\\\/uploads\\\/2026\\\/04\\\/1AA-Banner-1-portada-imagen-10-1-copia-37.webp\",\"keywords\":[\"aprendizaje\",\"aula\",\"creatividad\",\"dia del ni\u00f1o\",\"DOCENTES\",\"EDUCACI\u00d3N\",\"EDUCACI\u00d3N EMOCIONAL\",\"PLANIFICACI\u00d3N\",\"Secuencia did\u00e1ctica\"],\"articleSection\":[\"Descarga\",\"Recursos\",\"Secuencia did\u00e1ctica\"],\"inLanguage\":\"es\",\"potentialAction\":[{\"@type\":\"CommentAction\",\"name\":\"Comment\",\"target\":[\"https:\\\/\\\/webdelmaestrocmf.com\\\/portal\\\/descarga-la-secuencia-de-aprendizaje-semana-loca-del-dia-del-nino-para-desarrollar-creatividad-emociones-e-identidad-en-el-aula\\\/#respond\"]}]},{\"@type\":\"WebPage\",\"@id\":\"https:\\\/\\\/webdelmaestrocmf.com\\\/portal\\\/descarga-la-secuencia-de-aprendizaje-semana-loca-del-dia-del-nino-para-desarrollar-creatividad-emociones-e-identidad-en-el-aula\\\/\",\"url\":\"https:\\\/\\\/webdelmaestrocmf.com\\\/portal\\\/descarga-la-secuencia-de-aprendizaje-semana-loca-del-dia-del-nino-para-desarrollar-creatividad-emociones-e-identidad-en-el-aula\\\/\",\"name\":\"Descarga la Secuencia de aprendizaje: \\\"Semana loca del D\u00eda del Ni\u00f1o\\\" para desarrollar creatividad, emociones e identidad en el aula - 2026\",\"isPartOf\":{\"@id\":\"https:\\\/\\\/webdelmaestrocmf.com\\\/portal\\\/#website\"},\"primaryImageOfPage\":{\"@id\":\"https:\\\/\\\/webdelmaestrocmf.com\\\/portal\\\/descarga-la-secuencia-de-aprendizaje-semana-loca-del-dia-del-nino-para-desarrollar-creatividad-emociones-e-identidad-en-el-aula\\\/#primaryimage\"},\"image\":{\"@id\":\"https:\\\/\\\/webdelmaestrocmf.com\\\/portal\\\/descarga-la-secuencia-de-aprendizaje-semana-loca-del-dia-del-nino-para-desarrollar-creatividad-emociones-e-identidad-en-el-aula\\\/#primaryimage\"},\"thumbnailUrl\":\"https:\\\/\\\/webdelmaestrocmf.com\\\/portal\\\/wp-content\\\/uploads\\\/2026\\\/04\\\/1AA-Banner-1-portada-imagen-10-1-copia-37.webp\",\"datePublished\":\"2026-04-27T21:34:09+00:00\",\"dateModified\":\"2026-04-27T21:47:47+00:00\",\"description\":\"La profesora Elsa L\u00f3pez comparti\u00f3 el siguiente material titulado \u201cSecuencia de aprendizaje: Semana loca\u201d, una propuesta dise\u00f1ada para...\",\"breadcrumb\":{\"@id\":\"https:\\\/\\\/webdelmaestrocmf.com\\\/portal\\\/descarga-la-secuencia-de-aprendizaje-semana-loca-del-dia-del-nino-para-desarrollar-creatividad-emociones-e-identidad-en-el-aula\\\/#breadcrumb\"},\"inLanguage\":\"es\",\"potentialAction\":[{\"@type\":\"ReadAction\",\"target\":[\"https:\\\/\\\/webdelmaestrocmf.com\\\/portal\\\/descarga-la-secuencia-de-aprendizaje-semana-loca-del-dia-del-nino-para-desarrollar-creatividad-emociones-e-identidad-en-el-aula\\\/\"]}]},{\"@type\":\"ImageObject\",\"inLanguage\":\"es\",\"@id\":\"https:\\\/\\\/webdelmaestrocmf.com\\\/portal\\\/descarga-la-secuencia-de-aprendizaje-semana-loca-del-dia-del-nino-para-desarrollar-creatividad-emociones-e-identidad-en-el-aula\\\/#primaryimage\",\"url\":\"https:\\\/\\\/webdelmaestrocmf.com\\\/portal\\\/wp-content\\\/uploads\\\/2026\\\/04\\\/1AA-Banner-1-portada-imagen-10-1-copia-37.webp\",\"contentUrl\":\"https:\\\/\\\/webdelmaestrocmf.com\\\/portal\\\/wp-content\\\/uploads\\\/2026\\\/04\\\/1AA-Banner-1-portada-imagen-10-1-copia-37.webp\",\"width\":1200,\"height\":675},{\"@type\":\"BreadcrumbList\",\"@id\":\"https:\\\/\\\/webdelmaestrocmf.com\\\/portal\\\/descarga-la-secuencia-de-aprendizaje-semana-loca-del-dia-del-nino-para-desarrollar-creatividad-emociones-e-identidad-en-el-aula\\\/#breadcrumb\",\"itemListElement\":[{\"@type\":\"ListItem\",\"position\":1,\"name\":\"Portada\",\"item\":\"https:\\\/\\\/webdelmaestrocmf.com\\\/portal\\\/\"},{\"@type\":\"ListItem\",\"position\":2,\"name\":\"Descarga\",\"item\":\"https:\\\/\\\/webdelmaestrocmf.com\\\/portal\\\/category\\\/descarga\\\/\"},{\"@type\":\"ListItem\",\"position\":3,\"name\":\"Descarga la Secuencia de aprendizaje: \u00abSemana loca del D\u00eda del Ni\u00f1o\u00bb para desarrollar creatividad, emociones e identidad en el aula\"}]},{\"@type\":\"WebSite\",\"@id\":\"https:\\\/\\\/webdelmaestrocmf.com\\\/portal\\\/#website\",\"url\":\"https:\\\/\\\/webdelmaestrocmf.com\\\/portal\\\/\",\"name\":\"Web del Maestro CMF\",\"description\":\"Maestros al servicio de la educaci\u00f3n\",\"publisher\":{\"@id\":\"https:\\\/\\\/webdelmaestrocmf.com\\\/portal\\\/#organization\"},\"alternateName\":\"WMCMF\",\"potentialAction\":[{\"@type\":\"SearchAction\",\"target\":{\"@type\":\"EntryPoint\",\"urlTemplate\":\"https:\\\/\\\/webdelmaestrocmf.com\\\/portal\\\/?s={search_term_string}\"},\"query-input\":{\"@type\":\"PropertyValueSpecification\",\"valueRequired\":true,\"valueName\":\"search_term_string\"}}],\"inLanguage\":\"es\"},{\"@type\":\"Organization\",\"@id\":\"https:\\\/\\\/webdelmaestrocmf.com\\\/portal\\\/#organization\",\"name\":\"Web del Maestro CMF\",\"alternateName\":\"WMCMF\",\"url\":\"https:\\\/\\\/webdelmaestrocmf.com\\\/portal\\\/\",\"logo\":{\"@type\":\"ImageObject\",\"inLanguage\":\"es\",\"@id\":\"https:\\\/\\\/webdelmaestrocmf.com\\\/portal\\\/#\\\/schema\\\/logo\\\/image\\\/\",\"url\":\"https:\\\/\\\/webdelmaestrocmf.com\\\/portal\\\/wp-content\\\/uploads\\\/2023\\\/01\\\/logo-wmcmf-2.png\",\"contentUrl\":\"https:\\\/\\\/webdelmaestrocmf.com\\\/portal\\\/wp-content\\\/uploads\\\/2023\\\/01\\\/logo-wmcmf-2.png\",\"width\":200,\"height\":60,\"caption\":\"Web del Maestro CMF\"},\"image\":{\"@id\":\"https:\\\/\\\/webdelmaestrocmf.com\\\/portal\\\/#\\\/schema\\\/logo\\\/image\\\/\"},\"sameAs\":[\"https:\\\/\\\/www.facebook.com\\\/WebdelMaestroCMF\\\/\",\"https:\\\/\\\/x.com\\\/cmf_w\",\"https:\\\/\\\/www.pinterest.com\\\/WMCMF\\\/\",\"https:\\\/\\\/www.linkedin.com\\\/company\\\/web-del-maestro-cmf\\\/\",\"https:\\\/\\\/www.instagram.com\\\/wmcmf\\\/\",\"https:\\\/\\\/www.youtube.com\\\/channel\\\/UCDPSvjbdodE5sHnC3OxutHw\",\"https:\\\/\\\/mastodon.social\\\/@wmcmf\",\"https:\\\/\\\/www.tiktok.com\\\/@webdelmaestrocmf\"]},{\"@type\":\"Person\",\"@id\":\"https:\\\/\\\/webdelmaestrocmf.com\\\/portal\\\/#\\\/schema\\\/person\\\/1072a2ed7bd960df8ef99a551fa35dc5\",\"name\":\"Web del Maestro CMF\",\"image\":{\"@type\":\"ImageObject\",\"inLanguage\":\"es\",\"@id\":\"https:\\\/\\\/secure.gravatar.com\\\/avatar\\\/23291dd5b5ae1077dcff3dbb04c3e02bd28403fa75af6d8787d5e97c5bbbe30b?s=96&d=mm&r=g\",\"url\":\"https:\\\/\\\/secure.gravatar.com\\\/avatar\\\/23291dd5b5ae1077dcff3dbb04c3e02bd28403fa75af6d8787d5e97c5bbbe30b?s=96&d=mm&r=g\",\"contentUrl\":\"https:\\\/\\\/secure.gravatar.com\\\/avatar\\\/23291dd5b5ae1077dcff3dbb04c3e02bd28403fa75af6d8787d5e97c5bbbe30b?s=96&d=mm&r=g\",\"caption\":\"Web del Maestro CMF\"},\"description\":\"Esta Web se cre\u00f3 sin fines de lucro, con fines educativos, cient\u00edficos y acad\u00e9micos, para personas que tengan dificultades y\\\/o inconvenientes en visualizar el material original. El objetivo es entregar recursos, compartir experiencias y materiales que ayuden a los padres de familia, maestros y estudiantes en su actualizaci\u00f3n y formaci\u00f3n permanente, en bien de la Educaci\u00f3n.\",\"sameAs\":[\"http:\\\/\\\/webdelmaestrocmf.com\\\/portal\",\"https:\\\/\\\/www.facebook.com\\\/WebdelMaestroCMF\\\/\",\"https:\\\/\\\/www.instagram.com\\\/wmcmf\\\/\",\"https:\\\/\\\/cl.linkedin.com\\\/company\\\/web-del-maestro-cmf\",\"https:\\\/\\\/www.pinterest.com\\\/WMCMF\\\/publicaciones\\\/\",\"https:\\\/\\\/x.com\\\/cmf_w\",\"https:\\\/\\\/www.youtube.com\\\/@WMCMF\"]}]}<\/script>\n<!-- \/ Yoast SEO plugin. -->","yoast_head_json":{"title":"Descarga la Secuencia de aprendizaje: \"Semana loca del D\u00eda del Ni\u00f1o\" para desarrollar creatividad, emociones e identidad en el aula - 2026","description":"La profesora Elsa L\u00f3pez comparti\u00f3 el siguiente material titulado \u201cSecuencia de aprendizaje: Semana loca\u201d, una propuesta dise\u00f1ada para...","robots":{"index":"index","follow":"follow","max-snippet":"max-snippet:-1","max-image-preview":"max-image-preview:large","max-video-preview":"max-video-preview:-1"},"canonical":"https:\/\/webdelmaestrocmf.com\/portal\/descarga-la-secuencia-de-aprendizaje-semana-loca-del-dia-del-nino-para-desarrollar-creatividad-emociones-e-identidad-en-el-aula\/","og_locale":"es_ES","og_type":"article","og_title":"Descarga la Secuencia de aprendizaje: \"Semana loca del D\u00eda del Ni\u00f1o\" para desarrollar creatividad, emociones e identidad en el aula - 2026","og_description":"La profesora Elsa L\u00f3pez comparti\u00f3 el siguiente material titulado \u201cSecuencia de aprendizaje: Semana loca\u201d, una propuesta dise\u00f1ada para...","og_url":"https:\/\/webdelmaestrocmf.com\/portal\/descarga-la-secuencia-de-aprendizaje-semana-loca-del-dia-del-nino-para-desarrollar-creatividad-emociones-e-identidad-en-el-aula\/","og_site_name":"Web del Maestro CMF","article_publisher":"https:\/\/www.facebook.com\/WebdelMaestroCMF\/","article_author":"https:\/\/www.facebook.com\/WebdelMaestroCMF\/","article_published_time":"2026-04-27T21:34:09+00:00","article_modified_time":"2026-04-27T21:47:47+00:00","og_image":[{"width":1200,"height":675,"url":"https:\/\/webdelmaestrocmf.com\/portal\/wp-content\/uploads\/2026\/04\/1AA-Banner-1-portada-imagen-10-1-copia-37.webp","type":"image\/webp"}],"author":"Web del Maestro CMF","twitter_card":"summary_large_image","twitter_creator":"@cmf_w","twitter_site":"@cmf_w","twitter_misc":{"Escrito por":"Web del Maestro CMF","Tiempo de lectura":"4 minutos"},"schema":{"@context":"https:\/\/schema.org","@graph":[{"@type":"ScholarlyArticle","@id":"https:\/\/webdelmaestrocmf.com\/portal\/descarga-la-secuencia-de-aprendizaje-semana-loca-del-dia-del-nino-para-desarrollar-creatividad-emociones-e-identidad-en-el-aula\/#article","isPartOf":{"@id":"https:\/\/webdelmaestrocmf.com\/portal\/descarga-la-secuencia-de-aprendizaje-semana-loca-del-dia-del-nino-para-desarrollar-creatividad-emociones-e-identidad-en-el-aula\/"},"author":{"name":"Web del Maestro CMF","@id":"https:\/\/webdelmaestrocmf.com\/portal\/#\/schema\/person\/1072a2ed7bd960df8ef99a551fa35dc5"},"headline":"Descarga la Secuencia de aprendizaje: \u00abSemana loca del D\u00eda del Ni\u00f1o\u00bb para desarrollar creatividad, emociones e identidad en el aula","datePublished":"2026-04-27T21:34:09+00:00","dateModified":"2026-04-27T21:47:47+00:00","mainEntityOfPage":{"@id":"https:\/\/webdelmaestrocmf.com\/portal\/descarga-la-secuencia-de-aprendizaje-semana-loca-del-dia-del-nino-para-desarrollar-creatividad-emociones-e-identidad-en-el-aula\/"},"wordCount":824,"commentCount":3,"publisher":{"@id":"https:\/\/webdelmaestrocmf.com\/portal\/#organization"},"image":{"@id":"https:\/\/webdelmaestrocmf.com\/portal\/descarga-la-secuencia-de-aprendizaje-semana-loca-del-dia-del-nino-para-desarrollar-creatividad-emociones-e-identidad-en-el-aula\/#primaryimage"},"thumbnailUrl":"https:\/\/webdelmaestrocmf.com\/portal\/wp-content\/uploads\/2026\/04\/1AA-Banner-1-portada-imagen-10-1-copia-37.webp","keywords":["aprendizaje","aula","creatividad","dia del ni\u00f1o","DOCENTES","EDUCACI\u00d3N","EDUCACI\u00d3N EMOCIONAL","PLANIFICACI\u00d3N","Secuencia did\u00e1ctica"],"articleSection":["Descarga","Recursos","Secuencia did\u00e1ctica"],"inLanguage":"es","potentialAction":[{"@type":"CommentAction","name":"Comment","target":["https:\/\/webdelmaestrocmf.com\/portal\/descarga-la-secuencia-de-aprendizaje-semana-loca-del-dia-del-nino-para-desarrollar-creatividad-emociones-e-identidad-en-el-aula\/#respond"]}]},{"@type":"WebPage","@id":"https:\/\/webdelmaestrocmf.com\/portal\/descarga-la-secuencia-de-aprendizaje-semana-loca-del-dia-del-nino-para-desarrollar-creatividad-emociones-e-identidad-en-el-aula\/","url":"https:\/\/webdelmaestrocmf.com\/portal\/descarga-la-secuencia-de-aprendizaje-semana-loca-del-dia-del-nino-para-desarrollar-creatividad-emociones-e-identidad-en-el-aula\/","name":"Descarga la Secuencia de aprendizaje: \"Semana loca del D\u00eda del Ni\u00f1o\" para desarrollar creatividad, emociones e identidad en el aula - 2026","isPartOf":{"@id":"https:\/\/webdelmaestrocmf.com\/portal\/#website"},"primaryImageOfPage":{"@id":"https:\/\/webdelmaestrocmf.com\/portal\/descarga-la-secuencia-de-aprendizaje-semana-loca-del-dia-del-nino-para-desarrollar-creatividad-emociones-e-identidad-en-el-aula\/#primaryimage"},"image":{"@id":"https:\/\/webdelmaestrocmf.com\/portal\/descarga-la-secuencia-de-aprendizaje-semana-loca-del-dia-del-nino-para-desarrollar-creatividad-emociones-e-identidad-en-el-aula\/#primaryimage"},"thumbnailUrl":"https:\/\/webdelmaestrocmf.com\/portal\/wp-content\/uploads\/2026\/04\/1AA-Banner-1-portada-imagen-10-1-copia-37.webp","datePublished":"2026-04-27T21:34:09+00:00","dateModified":"2026-04-27T21:47:47+00:00","description":"La profesora Elsa L\u00f3pez comparti\u00f3 el siguiente material titulado \u201cSecuencia de aprendizaje: Semana loca\u201d, una propuesta dise\u00f1ada para...","breadcrumb":{"@id":"https:\/\/webdelmaestrocmf.com\/portal\/descarga-la-secuencia-de-aprendizaje-semana-loca-del-dia-del-nino-para-desarrollar-creatividad-emociones-e-identidad-en-el-aula\/#breadcrumb"},"inLanguage":"es","potentialAction":[{"@type":"ReadAction","target":["https:\/\/webdelmaestrocmf.com\/portal\/descarga-la-secuencia-de-aprendizaje-semana-loca-del-dia-del-nino-para-desarrollar-creatividad-emociones-e-identidad-en-el-aula\/"]}]},{"@type":"ImageObject","inLanguage":"es","@id":"https:\/\/webdelmaestrocmf.com\/portal\/descarga-la-secuencia-de-aprendizaje-semana-loca-del-dia-del-nino-para-desarrollar-creatividad-emociones-e-identidad-en-el-aula\/#primaryimage","url":"https:\/\/webdelmaestrocmf.com\/portal\/wp-content\/uploads\/2026\/04\/1AA-Banner-1-portada-imagen-10-1-copia-37.webp","contentUrl":"https:\/\/webdelmaestrocmf.com\/portal\/wp-content\/uploads\/2026\/04\/1AA-Banner-1-portada-imagen-10-1-copia-37.webp","width":1200,"height":675},{"@type":"BreadcrumbList","@id":"https:\/\/webdelmaestrocmf.com\/portal\/descarga-la-secuencia-de-aprendizaje-semana-loca-del-dia-del-nino-para-desarrollar-creatividad-emociones-e-identidad-en-el-aula\/#breadcrumb","itemListElement":[{"@type":"ListItem","position":1,"name":"Portada","item":"https:\/\/webdelmaestrocmf.com\/portal\/"},{"@type":"ListItem","position":2,"name":"Descarga","item":"https:\/\/webdelmaestrocmf.com\/portal\/category\/descarga\/"},{"@type":"ListItem","position":3,"name":"Descarga la Secuencia de aprendizaje: \u00abSemana loca del D\u00eda del Ni\u00f1o\u00bb para desarrollar creatividad, emociones e identidad en el aula"}]},{"@type":"WebSite","@id":"https:\/\/webdelmaestrocmf.com\/portal\/#website","url":"https:\/\/webdelmaestrocmf.com\/portal\/","name":"Web del Maestro CMF","description":"Maestros al servicio de la educaci\u00f3n","publisher":{"@id":"https:\/\/webdelmaestrocmf.com\/portal\/#organization"},"alternateName":"WMCMF","potentialAction":[{"@type":"SearchAction","target":{"@type":"EntryPoint","urlTemplate":"https:\/\/webdelmaestrocmf.com\/portal\/?s={search_term_string}"},"query-input":{"@type":"PropertyValueSpecification","valueRequired":true,"valueName":"search_term_string"}}],"inLanguage":"es"},{"@type":"Organization","@id":"https:\/\/webdelmaestrocmf.com\/portal\/#organization","name":"Web del Maestro CMF","alternateName":"WMCMF","url":"https:\/\/webdelmaestrocmf.com\/portal\/","logo":{"@type":"ImageObject","inLanguage":"es","@id":"https:\/\/webdelmaestrocmf.com\/portal\/#\/schema\/logo\/image\/","url":"https:\/\/webdelmaestrocmf.com\/portal\/wp-content\/uploads\/2023\/01\/logo-wmcmf-2.png","contentUrl":"https:\/\/webdelmaestrocmf.com\/portal\/wp-content\/uploads\/2023\/01\/logo-wmcmf-2.png","width":200,"height":60,"caption":"Web del Maestro CMF"},"image":{"@id":"https:\/\/webdelmaestrocmf.com\/portal\/#\/schema\/logo\/image\/"},"sameAs":["https:\/\/www.facebook.com\/WebdelMaestroCMF\/","https:\/\/x.com\/cmf_w","https:\/\/www.pinterest.com\/WMCMF\/","https:\/\/www.linkedin.com\/company\/web-del-maestro-cmf\/","https:\/\/www.instagram.com\/wmcmf\/","https:\/\/www.youtube.com\/channel\/UCDPSvjbdodE5sHnC3OxutHw","https:\/\/mastodon.social\/@wmcmf","https:\/\/www.tiktok.com\/@webdelmaestrocmf"]},{"@type":"Person","@id":"https:\/\/webdelmaestrocmf.com\/portal\/#\/schema\/person\/1072a2ed7bd960df8ef99a551fa35dc5","name":"Web del Maestro CMF","image":{"@type":"ImageObject","inLanguage":"es","@id":"https:\/\/secure.gravatar.com\/avatar\/23291dd5b5ae1077dcff3dbb04c3e02bd28403fa75af6d8787d5e97c5bbbe30b?s=96&d=mm&r=g","url":"https:\/\/secure.gravatar.com\/avatar\/23291dd5b5ae1077dcff3dbb04c3e02bd28403fa75af6d8787d5e97c5bbbe30b?s=96&d=mm&r=g","contentUrl":"https:\/\/secure.gravatar.com\/avatar\/23291dd5b5ae1077dcff3dbb04c3e02bd28403fa75af6d8787d5e97c5bbbe30b?s=96&d=mm&r=g","caption":"Web del Maestro CMF"},"description":"Esta Web se cre\u00f3 sin fines de lucro, con fines educativos, cient\u00edficos y acad\u00e9micos, para personas que tengan dificultades y\/o inconvenientes en visualizar el material original. El objetivo es entregar recursos, compartir experiencias y materiales que ayuden a los padres de familia, maestros y estudiantes en su actualizaci\u00f3n y formaci\u00f3n permanente, en bien de la Educaci\u00f3n.","sameAs":["http:\/\/webdelmaestrocmf.com\/portal","https:\/\/www.facebook.com\/WebdelMaestroCMF\/","https:\/\/www.instagram.com\/wmcmf\/","https:\/\/cl.linkedin.com\/company\/web-del-maestro-cmf","https:\/\/www.pinterest.com\/WMCMF\/publicaciones\/","https:\/\/x.com\/cmf_w","https:\/\/www.youtube.com\/@WMCMF"]}]}},"jetpack_featured_media_url":"https:\/\/webdelmaestrocmf.com\/portal\/wp-content\/uploads\/2026\/04\/1AA-Banner-1-portada-imagen-10-1-copia-37.webp","jetpack_sharing_enabled":true,"jetpack-related-posts":[{"id":101256,"url":"https:\/\/webdelmaestrocmf.com\/portal\/que-es-y-como-se-desarrolla-una-secuencia-didactica\/","url_meta":{"origin":118365,"position":0},"title":"Qu\u00e9 es y c\u00f3mo se desarrolla una secuencia did\u00e1ctica","author":"Web del Maestro CMF","date":"6 febrero, 2026","format":false,"excerpt":"Una secuencia did\u00e1ctica organiza objetivos, contenidos, actividades y evaluaci\u00f3n para guiar la ense\u00f1anza, promoviendo aprendizajes significativos mediante procesos flexibles y coherentes.","rel":"","context":"En \u00abRecursos\u00bb","block_context":{"text":"Recursos","link":"https:\/\/webdelmaestrocmf.com\/portal\/category\/pedagogia\/"},"img":{"alt_text":"","src":"https:\/\/i0.wp.com\/webdelmaestrocmf.com\/portal\/wp-content\/uploads\/2026\/02\/1A-Banner-1-portada-imagen-10-1-copia-6-1.webp?resize=350%2C200&ssl=1","width":350,"height":200,"srcset":"https:\/\/i0.wp.com\/webdelmaestrocmf.com\/portal\/wp-content\/uploads\/2026\/02\/1A-Banner-1-portada-imagen-10-1-copia-6-1.webp?resize=350%2C200&ssl=1 1x, https:\/\/i0.wp.com\/webdelmaestrocmf.com\/portal\/wp-content\/uploads\/2026\/02\/1A-Banner-1-portada-imagen-10-1-copia-6-1.webp?resize=525%2C300&ssl=1 1.5x, https:\/\/i0.wp.com\/webdelmaestrocmf.com\/portal\/wp-content\/uploads\/2026\/02\/1A-Banner-1-portada-imagen-10-1-copia-6-1.webp?resize=700%2C400&ssl=1 2x"},"classes":[]},{"id":26455,"url":"https:\/\/webdelmaestrocmf.com\/portal\/secuencias-didacticas-matematicas\/","url_meta":{"origin":118365,"position":1},"title":"Secuencias did\u00e1cticas en matem\u00e1ticas","author":"Web del Maestro CMF","date":"14 febrero, 2020","format":false,"excerpt":"Las secuencias did\u00e1cticas son un ejercicio y un posible modelo que se propone al docente interesado en explorar nuevas formas de ense\u00f1ar las matem\u00e1ticas. En este apartado se presentan las secuencias did\u00e1cticas del \u00e1rea de matem\u00e1ticas, que con una tem\u00e1tica seleccionada apropiada para cada grado, tienen el prop\u00f3sito de ayudar\u2026","rel":"","context":"En \u00abDescargas Manuales PDF\u00bb","block_context":{"text":"Descargas Manuales PDF","link":"https:\/\/webdelmaestrocmf.com\/portal\/category\/pedagogia\/descargas-manuales-pdf\/"},"img":{"alt_text":"","src":"https:\/\/i0.wp.com\/webdelmaestrocmf.com\/portal\/wp-content\/uploads\/2020\/02\/A12B3C4D-15.jpg?resize=350%2C200&ssl=1","width":350,"height":200,"srcset":"https:\/\/i0.wp.com\/webdelmaestrocmf.com\/portal\/wp-content\/uploads\/2020\/02\/A12B3C4D-15.jpg?resize=350%2C200&ssl=1 1x, https:\/\/i0.wp.com\/webdelmaestrocmf.com\/portal\/wp-content\/uploads\/2020\/02\/A12B3C4D-15.jpg?resize=525%2C300&ssl=1 1.5x, https:\/\/i0.wp.com\/webdelmaestrocmf.com\/portal\/wp-content\/uploads\/2020\/02\/A12B3C4D-15.jpg?resize=700%2C400&ssl=1 2x"},"classes":[]},{"id":107904,"url":"https:\/\/webdelmaestrocmf.com\/portal\/descarga-la-guia-con-ejemplos-de-secuencias-didacticas\/","url_meta":{"origin":118365,"position":2},"title":"Descarga la gu\u00eda con ejemplos de secuencias did\u00e1cticas","author":"Web del Maestro CMF","date":"9 febrero, 2025","format":false,"excerpt":"La ense\u00f1anza efectiva no ocurre por casualidad, sino que es el resultado de la aplicaci\u00f3n de metodolog\u00edas probadas y bien estructuradas. La gu\u00eda \"\u00bfC\u00f3mo usar las pr\u00e1cticas esenciales en el aula? Ejemplos de secuencias did\u00e1cticas\" es una herramienta dise\u00f1ada para ayudar a los docentes a implementar estrategias pedag\u00f3gicas fundamentales en\u2026","rel":"","context":"En \u00abDescargas Manuales PDF\u00bb","block_context":{"text":"Descargas Manuales PDF","link":"https:\/\/webdelmaestrocmf.com\/portal\/category\/pedagogia\/descargas-manuales-pdf\/"},"img":{"alt_text":"","src":"https:\/\/i0.wp.com\/webdelmaestrocmf.com\/portal\/wp-content\/uploads\/2025\/02\/1A-Banner-1-portada-imagen-10-1-60.jpg?resize=350%2C200&ssl=1","width":350,"height":200,"srcset":"https:\/\/i0.wp.com\/webdelmaestrocmf.com\/portal\/wp-content\/uploads\/2025\/02\/1A-Banner-1-portada-imagen-10-1-60.jpg?resize=350%2C200&ssl=1 1x, https:\/\/i0.wp.com\/webdelmaestrocmf.com\/portal\/wp-content\/uploads\/2025\/02\/1A-Banner-1-portada-imagen-10-1-60.jpg?resize=525%2C300&ssl=1 1.5x, https:\/\/i0.wp.com\/webdelmaestrocmf.com\/portal\/wp-content\/uploads\/2025\/02\/1A-Banner-1-portada-imagen-10-1-60.jpg?resize=700%2C400&ssl=1 2x"},"classes":[]},{"id":44605,"url":"https:\/\/webdelmaestrocmf.com\/portal\/sesiones-de-aprendizaje-2020-nivel-secundaria\/","url_meta":{"origin":118365,"position":3},"title":"Sesiones de Aprendizaje &#8211; Nivel Secundaria","author":"Web del Maestro CMF","date":"1 mayo, 2024","format":false,"excerpt":"Sesiones de Aprendizaje son una secuencia de situaciones de aprendizaje, en cuyo desarrollo interact\u00faan los alumnos, el docente y el objeto de aprendizaje con la finalidad de generar en los estudiantes procesos cognitivos que les permita aprender y aprender a pensar. Tambi\u00e9n podr\u00edamos decir que es un sistema de operaciones\u2026","rel":"","context":"En \u00abDescargas Manuales PDF\u00bb","block_context":{"text":"Descargas Manuales PDF","link":"https:\/\/webdelmaestrocmf.com\/portal\/category\/pedagogia\/descargas-manuales-pdf\/"},"img":{"alt_text":"","src":"https:\/\/i0.wp.com\/webdelmaestrocmf.com\/portal\/wp-content\/uploads\/2021\/02\/Banner-1-portada-imagen-10-1-63.jpg?resize=350%2C200&ssl=1","width":350,"height":200,"srcset":"https:\/\/i0.wp.com\/webdelmaestrocmf.com\/portal\/wp-content\/uploads\/2021\/02\/Banner-1-portada-imagen-10-1-63.jpg?resize=350%2C200&ssl=1 1x, https:\/\/i0.wp.com\/webdelmaestrocmf.com\/portal\/wp-content\/uploads\/2021\/02\/Banner-1-portada-imagen-10-1-63.jpg?resize=525%2C300&ssl=1 1.5x, https:\/\/i0.wp.com\/webdelmaestrocmf.com\/portal\/wp-content\/uploads\/2021\/02\/Banner-1-portada-imagen-10-1-63.jpg?resize=700%2C400&ssl=1 2x"},"classes":[]},{"id":89796,"url":"https:\/\/webdelmaestrocmf.com\/portal\/como-realizar-una-planeacion-secuencia-didactica-y-rubrica-en-10-minutos-con-chatgpt\/","url_meta":{"origin":118365,"position":4},"title":"C\u00f3mo realizar una Planeaci\u00f3n, Secuencia did\u00e1ctica y R\u00fabrica en 10 minutos con ChatGPT","author":"Web del Maestro CMF","date":"4 junio, 2023","format":false,"excerpt":"La planeaci\u00f3n y la secuencia did\u00e1ctica son dos conceptos clave en el \u00e1mbito educativo que se complementan para organizar y desarrollar el proceso de ense\u00f1anza-aprendizaje. A continuaci\u00f3n, te explico qu\u00e9 es cada uno y c\u00f3mo se relacionan: La planeaci\u00f3n educativa es un proceso mediante el cual los docentes establecen los\u2026","rel":"","context":"En \u00abPlaneaci\u00f3n\u00bb","block_context":{"text":"Planeaci\u00f3n","link":"https:\/\/webdelmaestrocmf.com\/portal\/category\/pedagogia\/planeacion\/"},"img":{"alt_text":"planeaci\u00f3n","src":"https:\/\/i0.wp.com\/webdelmaestrocmf.com\/portal\/wp-content\/uploads\/2023\/06\/A12B3C4D-2023-06-04T192402.177.jpg?resize=350%2C200&ssl=1","width":350,"height":200,"srcset":"https:\/\/i0.wp.com\/webdelmaestrocmf.com\/portal\/wp-content\/uploads\/2023\/06\/A12B3C4D-2023-06-04T192402.177.jpg?resize=350%2C200&ssl=1 1x, https:\/\/i0.wp.com\/webdelmaestrocmf.com\/portal\/wp-content\/uploads\/2023\/06\/A12B3C4D-2023-06-04T192402.177.jpg?resize=525%2C300&ssl=1 1.5x, https:\/\/i0.wp.com\/webdelmaestrocmf.com\/portal\/wp-content\/uploads\/2023\/06\/A12B3C4D-2023-06-04T192402.177.jpg?resize=700%2C400&ssl=1 2x"},"classes":[]},{"id":37195,"url":"https:\/\/webdelmaestrocmf.com\/portal\/la-evaluacion-en-el-inicio-desarrollo-y-cierre-de-una-secuencia-didactica\/","url_meta":{"origin":118365,"position":5},"title":"La evaluaci\u00f3n en el inicio, desarrollo y cierre de una Secuencia Did\u00e1ctica","author":"Web del Maestro CMF","date":"16 marzo, 2024","format":false,"excerpt":"La elaboraci\u00f3n de una secuencia did\u00e1ctica es una tarea importante para organizar situaciones de aprendizaje que se desarrollar\u00e1n en el trabajo de los estudiantes. El debate did\u00e1ctico contempor\u00e1neo enfatiza que la responsabilidad del docente para proponer a sus alumnos actividades secuenciadas que permitan establecer un clima de aprendizaje, ese es\u2026","rel":"","context":"En \u00abDescargas Manuales PDF\u00bb","block_context":{"text":"Descargas Manuales PDF","link":"https:\/\/webdelmaestrocmf.com\/portal\/category\/pedagogia\/descargas-manuales-pdf\/"},"img":{"alt_text":"","src":"https:\/\/i0.wp.com\/webdelmaestrocmf.com\/portal\/wp-content\/uploads\/2020\/01\/Banner-1-portada-imagen-10-1-19.jpg?resize=350%2C200&ssl=1","width":350,"height":200,"srcset":"https:\/\/i0.wp.com\/webdelmaestrocmf.com\/portal\/wp-content\/uploads\/2020\/01\/Banner-1-portada-imagen-10-1-19.jpg?resize=350%2C200&ssl=1 1x, https:\/\/i0.wp.com\/webdelmaestrocmf.com\/portal\/wp-content\/uploads\/2020\/01\/Banner-1-portada-imagen-10-1-19.jpg?resize=525%2C300&ssl=1 1.5x, https:\/\/i0.wp.com\/webdelmaestrocmf.com\/portal\/wp-content\/uploads\/2020\/01\/Banner-1-portada-imagen-10-1-19.jpg?resize=700%2C400&ssl=1 2x"},"classes":[]}],"_links":{"self":[{"href":"https:\/\/webdelmaestrocmf.com\/portal\/wp-json\/wp\/v2\/posts\/118365","targetHints":{"allow":["GET"]}}],"collection":[{"href":"https:\/\/webdelmaestrocmf.com\/portal\/wp-json\/wp\/v2\/posts"}],"about":[{"href":"https:\/\/webdelmaestrocmf.com\/portal\/wp-json\/wp\/v2\/types\/post"}],"author":[{"embeddable":true,"href":"https:\/\/webdelmaestrocmf.com\/portal\/wp-json\/wp\/v2\/users\/1"}],"replies":[{"embeddable":true,"href":"https:\/\/webdelmaestrocmf.com\/portal\/wp-json\/wp\/v2\/comments?post=118365"}],"version-history":[{"count":1,"href":"https:\/\/webdelmaestrocmf.com\/portal\/wp-json\/wp\/v2\/posts\/118365\/revisions"}],"predecessor-version":[{"id":118367,"href":"https:\/\/webdelmaestrocmf.com\/portal\/wp-json\/wp\/v2\/posts\/118365\/revisions\/118367"}],"wp:featuredmedia":[{"embeddable":true,"href":"https:\/\/webdelmaestrocmf.com\/portal\/wp-json\/wp\/v2\/media\/118369"}],"wp:attachment":[{"href":"https:\/\/webdelmaestrocmf.com\/portal\/wp-json\/wp\/v2\/media?parent=118365"}],"wp:term":[{"taxonomy":"category","embeddable":true,"href":"https:\/\/webdelmaestrocmf.com\/portal\/wp-json\/wp\/v2\/categories?post=118365"},{"taxonomy":"post_tag","embeddable":true,"href":"https:\/\/webdelmaestrocmf.com\/portal\/wp-json\/wp\/v2\/tags?post=118365"}],"curies":[{"name":"wp","href":"https:\/\/api.w.org\/{rel}","templated":true}]}}