{"id":118355,"date":"2026-04-27T11:01:01","date_gmt":"2026-04-27T15:01:01","guid":{"rendered":"https:\/\/webdelmaestrocmf.com\/portal\/?p=118355"},"modified":"2026-04-27T13:18:33","modified_gmt":"2026-04-27T17:18:33","slug":"dia-del-nino-aprende-reflexiona-y-fortalece-la-comprension-lectora-descarga-el-cuadernillo-listo-para-usar","status":"publish","type":"post","link":"https:\/\/webdelmaestrocmf.com\/portal\/dia-del-nino-aprende-reflexiona-y-fortalece-la-comprension-lectora-descarga-el-cuadernillo-listo-para-usar\/","title":{"rendered":"D\u00eda del Ni\u00f1o: aprende, reflexiona y fortalece la comprensi\u00f3n lectora | Descarga el cuadernillo sobre el \u00abD\u00eda del ni\u00f1o\u00bb listo para usar"},"content":{"rendered":"\n<p>El D\u00eda del Ni\u00f1o no debe entenderse \u00fanicamente como una fecha festiva, sino como una <strong>oportunidad educativa clave para fortalecer el desarrollo integral de los estudiantes<\/strong>. Esta celebraci\u00f3n, nacida con el prop\u00f3sito de <strong>proteger los derechos de la infancia y reconocer su valor en la sociedad<\/strong>, invita a docentes y familias a reflexionar sobre el verdadero significado de educar: formar personas capaces de pensar, sentir y convivir. En este contexto, el aula se convierte en un espacio privilegiado donde el juego, la lectura y la emoci\u00f3n pueden integrarse de manera estrat\u00e9gica para potenciar aprendizajes significativos.<\/p>\n\n\n\n<h2 class=\"wp-block-heading\"><strong>La lectura como eje central del desarrollo infantil<\/strong><\/h2>\n\n\n\n<p>Uno de los aspectos m\u00e1s relevantes en la educaci\u00f3n de los ni\u00f1os es el fortalecimiento de la comprensi\u00f3n lectora. No se trata solo de leer palabras, sino de <strong>interpretar, reflexionar y conectar ideas con la realidad<\/strong>. El cuadernillo presentado propone precisamente este enfoque, utilizando lecturas contextualizadas en el D\u00eda del Ni\u00f1o que permiten trabajar distintos niveles de comprensi\u00f3n.<\/p>\n\n\n\n<p>Por ejemplo, en la lectura \u201cEl parque volvi\u00f3 a la vida\u201d, se evidencia c\u00f3mo los ni\u00f1os dejan de jugar por el uso excesivo de pantallas y c\u00f3mo recuperan el valor del juego y la interacci\u00f3n social . Este tipo de texto no solo desarrolla habilidades lectoras, sino que tambi\u00e9n <strong>genera conciencia sobre problem\u00e1ticas actuales que afectan a la infancia<\/strong>.<\/p>\n\n\n\n<h2 class=\"wp-block-heading\"><strong>Actividades que desarrollan pensamiento cr\u00edtico y creatividad<\/strong><\/h2>\n\n\n\n<p>El cuadernillo no se limita a presentar textos, sino que incluye actividades dise\u00f1adas para estimular distintos niveles cognitivos. Las preguntas literales, inferenciales y cr\u00edticas permiten que el estudiante avance progresivamente hacia un pensamiento m\u00e1s complejo. Adem\u00e1s, las actividades creativas, como proponer finales alternativos o reflexionar sobre situaciones, fomentan la imaginaci\u00f3n y la expresi\u00f3n personal.<\/p>\n\n\n\n<p>En otra lectura, \u201cEl regalo invisible\u201d, se plantea una reflexi\u00f3n profunda sobre el valor del tiempo y las experiencias frente a los bienes materiales . Este tipo de contenido permite trabajar <strong>educaci\u00f3n emocional, valores y comprensi\u00f3n profunda<\/strong>, aspectos fundamentales en la formaci\u00f3n integral del ni\u00f1o.<\/p>\n\n\n\n<p>Asimismo, actividades l\u00fadicas como sopas de letras refuerzan el aprendizaje de manera entretenida, facilitando la retenci\u00f3n de vocabulario y la concentraci\u00f3n.<\/p>\n\n\n\n<h2 class=\"wp-block-heading\"><strong>El rol del docente: guiar, provocar y dar sentido<\/strong><\/h2>\n\n\n\n<p>El verdadero impacto de este tipo de recursos depende del docente. No basta con entregar una ficha; es necesario <strong>mediar, guiar y provocar el pensamiento del estudiante<\/strong>. El D\u00eda del Ni\u00f1o es una excusa pedag\u00f3gica para dise\u00f1ar experiencias que conecten con la realidad del estudiante, que despierten su curiosidad y que lo inviten a participar activamente.<\/p>\n\n\n\n<p>El docente debe aprovechar estas lecturas para generar di\u00e1logo, cuestionar, relacionar con la vida cotidiana y, sobre todo, <strong>dar sentido a lo que se aprende<\/strong>. Solo as\u00ed la lectura deja de ser una obligaci\u00f3n y se convierte en una herramienta de transformaci\u00f3n.<\/p>\n\n\n\n<h2 class=\"wp-block-heading\"><strong>Promoci\u00f3n del cuadernillo: un recurso listo para aplicar<\/strong><\/h2>\n\n\n\n<p>Este cuadernillo representa una herramienta pr\u00e1ctica, clara y efectiva para trabajar en el aula. Contiene lecturas significativas, actividades variadas y un enfoque pedag\u00f3gico coherente con las necesidades actuales. Es un material pensado para facilitar el trabajo docente y, al mismo tiempo, enriquecer la experiencia de aprendizaje del estudiante.<\/p>\n\n\n\n<p><strong>Incorporar este recurso en la celebraci\u00f3n del D\u00eda del Ni\u00f1o permite transformar una fecha simb\u00f3lica en una experiencia educativa real<\/strong>, donde los ni\u00f1os no solo celebran, sino que tambi\u00e9n aprenden, reflexionan y desarrollan habilidades fundamentales.<\/p>\n\n\n\n<h2 class=\"wp-block-heading\"><strong>Reflexi\u00f3n final<\/strong><\/h2>\n\n\n\n<p>El D\u00eda del Ni\u00f1o no deber\u00eda reducirse a regalos o actividades superficiales. Es una oportunidad para preguntarnos qu\u00e9 tipo de infancia estamos construyendo y qu\u00e9 experiencias educativas estamos ofreciendo. <strong>Educar es mucho m\u00e1s que ense\u00f1ar contenidos: es formar seres humanos capaces de comprender el mundo y actuar en \u00e9l con sentido<\/strong>.<\/p>\n\n\n\n<p class=\"has-text-align-right\"><strong>Redacci\u00f3n | Web del Maestro CMF<\/strong><\/p>\n\n\n\n<p class=\"has-text-align-center\">MATERIAL DE DESCARGA: <a href=\"https:\/\/drive.google.com\/drive\/folders\/1i6qlLSezIybmvXzkX4HBzT4Fpgl1xbWF?usp=sharing\" target=\"_blank\" rel=\"noreferrer noopener\">CUADERNILLO DEL DIA DEL NI\u00d1O<\/a><\/p>\n\n\n\t\t<div class=\"pk-inline-posts\">\n\t\t\t\t\t\t\t<h5 class=\"pk-inline-posts-title pk-title pk-font-block\">\n\t\t\t\t\t\u00daltimas entradas\t\t\t\t<\/h5>\n\t\t\t\n\t\t\t<div class=\"pk-inline-posts-container pk-inline-posts-template-list\"\n\t\t\t\tdata-columns=\"1\">\n\t\t\t\t\t\t<article id=\"post-20592\" class=\"post-20592 post type-post status-publish format-standard has-post-thumbnail category-descarga category-descargas-manuales-pdf category-estres category-pedagogia tag-docentes tag-educadores tag-guia tag-mindfulness tag-practica cs-entry cs-video-wrap\">\n\t\t\t<div class=\"pk-post-outer\">\n\n\t\t\t\t\t\t\t\t<div class=\"pk-post-inner\">\n\t\t\t\t\t<div class=\"entry-thumbnail\">\n\t\t\t\t\t\t<div class=\"pk-overlay pk-overlay-ratio pk-ratio-landscape\">\n\t\t\t\t\t\t\t<div class=\"pk-overlay-background\">\n\t\t\t\t\t\t\t\t<a href=\"https:\/\/webdelmaestrocmf.com\/portal\/mindfulness-guia-practica-docentes-educadores\/\" class=\"pk-overlay-link\">\n\t\t\t\t\t\t\t\t\t<img loading=\"lazy\" decoding=\"async\" width=\"300\" height=\"225\" src=\"https:\/\/webdelmaestrocmf.com\/portal\/wp-content\/uploads\/2020\/03\/1AA-Banner-1-portada-imagen-10-1-copia-4-300x225.webp\" class=\"attachment-pk-thumbnail size-pk-thumbnail wp-post-image\" alt=\"\" \/>\t\t\t\t\t\t\t\t<\/a>\n\t\t\t\t\t\t\t<\/div>\n\t\t\t\t\t\t<\/div>\n\t\t\t\t\t<\/div>\n\t\t\t\t<\/div>\n\t\t\t\t\n\t\t\t\t<div class=\"pk-post-inner\">\n\t\t\t\t\t<header>\n\t\t\t\t\t\t<h3 class=\"pk-title\"><a href=\"https:\/\/webdelmaestrocmf.com\/portal\/mindfulness-guia-practica-docentes-educadores\/\" rel=\"bookmark\">Mindfulness: Gu\u00eda pr\u00e1ctica para docentes y educadores<\/a><\/h3>\t\t\t\t\t<\/header><!-- .entry-header -->\n\t\t\t\t<\/div><!-- .post-inner -->\n\n\t\t\t<\/div><!-- .post-outer -->\n\t\t<\/article>\n\t\t\t<article id=\"post-118272\" class=\"post-118272 post type-post status-publish format-standard has-post-thumbnail category-descarga category-descargas-manuales-pdf category-pedagogia tag-clima-de-aula tag-convivencia-escolar tag-disciplina-positiva-2 tag-gestion-educativa-2 tag-herramientas-educativas tag-incidencias-escolares tag-organizacion-docente tag-practica-pedagogica tag-registro-escolar tag-seguimiento-docente cs-entry cs-video-wrap\">\n\t\t\t<div class=\"pk-post-outer\">\n\n\t\t\t\t\t\t\t\t<div class=\"pk-post-inner\">\n\t\t\t\t\t<div class=\"entry-thumbnail\">\n\t\t\t\t\t\t<div class=\"pk-overlay pk-overlay-ratio pk-ratio-landscape\">\n\t\t\t\t\t\t\t<div class=\"pk-overlay-background\">\n\t\t\t\t\t\t\t\t<a href=\"https:\/\/webdelmaestrocmf.com\/portal\/descarga-las-nuevas-fichas-de-registro-de-incidencias-escolar\/\" class=\"pk-overlay-link\">\n\t\t\t\t\t\t\t\t\t<img loading=\"lazy\" decoding=\"async\" width=\"300\" height=\"225\" src=\"https:\/\/webdelmaestrocmf.com\/portal\/wp-content\/uploads\/2026\/04\/1AA-Banner-1-portada-imagen-10-1-copia-34-300x225.webp\" class=\"attachment-pk-thumbnail size-pk-thumbnail wp-post-image\" alt=\"\" \/>\t\t\t\t\t\t\t\t<\/a>\n\t\t\t\t\t\t\t<\/div>\n\t\t\t\t\t\t<\/div>\n\t\t\t\t\t<\/div>\n\t\t\t\t<\/div>\n\t\t\t\t\n\t\t\t\t<div class=\"pk-post-inner\">\n\t\t\t\t\t<header>\n\t\t\t\t\t\t<h3 class=\"pk-title\"><a href=\"https:\/\/webdelmaestrocmf.com\/portal\/descarga-las-nuevas-fichas-de-registro-de-incidencias-escolar\/\" rel=\"bookmark\">Descarga las nuevas fichas de registro de incidencias escolar<\/a><\/h3>\t\t\t\t\t<\/header><!-- .entry-header -->\n\t\t\t\t<\/div><!-- .post-inner -->\n\n\t\t\t<\/div><!-- .post-outer -->\n\t\t<\/article>\n\t\t\t<article id=\"post-118158\" class=\"post-118158 post type-post status-publish format-standard has-post-thumbnail category-descarga category-descargas-manuales-pdf category-pedagogia tag-aprendizaje-visual tag-ciencias-naturales tag-cuerpo-humano tag-educacion-inicial tag-educacion-primaria tag-ensenanza-de-ciencias tag-fichas-educativas tag-material-didactico tag-recursos-docentes tag-sistemas-humanos cs-entry cs-video-wrap\">\n\t\t\t<div class=\"pk-post-outer\">\n\n\t\t\t\t\t\t\t\t<div class=\"pk-post-inner\">\n\t\t\t\t\t<div class=\"entry-thumbnail\">\n\t\t\t\t\t\t<div class=\"pk-overlay pk-overlay-ratio pk-ratio-landscape\">\n\t\t\t\t\t\t\t<div class=\"pk-overlay-background\">\n\t\t\t\t\t\t\t\t<a href=\"https:\/\/webdelmaestrocmf.com\/portal\/descarga-las-fichas-educativas-de-los-sistemas-del-cuerpo-humano-tres-modelos-y-disenos\/\" class=\"pk-overlay-link\">\n\t\t\t\t\t\t\t\t\t<img loading=\"lazy\" decoding=\"async\" width=\"300\" height=\"225\" src=\"https:\/\/webdelmaestrocmf.com\/portal\/wp-content\/uploads\/2026\/04\/1AA-Banner-1-portada-imagen-10-1-copia-33-300x225.webp\" class=\"attachment-pk-thumbnail size-pk-thumbnail wp-post-image\" alt=\"\" \/>\t\t\t\t\t\t\t\t<\/a>\n\t\t\t\t\t\t\t<\/div>\n\t\t\t\t\t\t<\/div>\n\t\t\t\t\t<\/div>\n\t\t\t\t<\/div>\n\t\t\t\t\n\t\t\t\t<div class=\"pk-post-inner\">\n\t\t\t\t\t<header>\n\t\t\t\t\t\t<h3 class=\"pk-title\"><a href=\"https:\/\/webdelmaestrocmf.com\/portal\/descarga-las-fichas-educativas-de-los-sistemas-del-cuerpo-humano-tres-modelos-y-disenos\/\" rel=\"bookmark\">Descarga las fichas educativas de los Sistemas del cuerpo humano: tres modelos y dise\u00f1os<\/a><\/h3>\t\t\t\t\t<\/header><!-- .entry-header -->\n\t\t\t\t<\/div><!-- .post-inner -->\n\n\t\t\t<\/div><!-- .post-outer -->\n\t\t<\/article>\n\t\t\t\t<\/div>\n\t\t<\/div>\n\t\t\n","protected":false},"excerpt":{"rendered":"El D\u00eda del Ni\u00f1o es una oportunidad educativa para fortalecer la comprensi\u00f3n lectora, promover valores y desarrollar el pensamiento cr\u00edtico mediante lecturas significativas y actividades que conectan con la realidad infantil.","protected":false},"author":1,"featured_media":118360,"comment_status":"open","ping_status":"closed","sticky":false,"template":"","format":"standard","meta":{"csco_display_header_overlay":false,"csco_singular_sidebar":"","csco_page_header_type":"","csco_page_load_nextpost":"","csco_post_video_location":[],"csco_post_video_location_hash":"","csco_post_video_url":"","csco_post_video_bg_start_time":0,"csco_post_video_bg_end_time":0,"csco_post_video_bg_volume":false,"_jetpack_memberships_contains_paid_content":false,"footnotes":""},"categories":[23408,21419,735],"tags":[77,25567,25695,58,24919,673,25696,25390,16426],"class_list":{"0":"post-118355","1":"post","2":"type-post","3":"status-publish","4":"format-standard","5":"has-post-thumbnail","7":"category-descarga","8":"category-ninos","9":"category-pedagogia","10":"tag-aprendizaje","11":"tag-comprension-lectora-2","12":"tag-dia-del-nino","13":"tag-docentes","14":"tag-educacion-3","15":"tag-infancia","16":"tag-lectura-infantil","17":"tag-pensamiento-critico-3","18":"tag-recursos-educativos","19":"cs-entry","20":"cs-video-wrap"},"yoast_head":"<!-- This site is optimized with the Yoast SEO plugin v27.4 - https:\/\/yoast.com\/product\/yoast-seo-wordpress\/ -->\n<title>D\u00eda del Ni\u00f1o: aprende, reflexiona y fortalece la comprensi\u00f3n lectora | Descarga el cuadernillo sobre el &quot;D\u00eda del ni\u00f1o&quot; listo para usar - 2026<\/title>\n<meta name=\"description\" content=\"El D\u00eda del Ni\u00f1o no debe entenderse \u00fanicamente como una fecha festiva, sino como una oportunidad educativa clave para...\" \/>\n<meta name=\"robots\" content=\"index, follow, max-snippet:-1, max-image-preview:large, max-video-preview:-1\" \/>\n<link rel=\"canonical\" href=\"https:\/\/webdelmaestrocmf.com\/portal\/dia-del-nino-aprende-reflexiona-y-fortalece-la-comprension-lectora-descarga-el-cuadernillo-listo-para-usar\/\" \/>\n<meta property=\"og:locale\" content=\"es_ES\" \/>\n<meta property=\"og:type\" content=\"article\" \/>\n<meta property=\"og:title\" content=\"D\u00eda del Ni\u00f1o: aprende, reflexiona y fortalece la comprensi\u00f3n lectora | Descarga el cuadernillo sobre el &quot;D\u00eda del ni\u00f1o&quot; listo para usar - 2026\" \/>\n<meta property=\"og:description\" content=\"El D\u00eda del Ni\u00f1o no debe entenderse \u00fanicamente como una fecha festiva, sino como una oportunidad educativa clave para...\" \/>\n<meta property=\"og:url\" content=\"https:\/\/webdelmaestrocmf.com\/portal\/dia-del-nino-aprende-reflexiona-y-fortalece-la-comprension-lectora-descarga-el-cuadernillo-listo-para-usar\/\" \/>\n<meta property=\"og:site_name\" content=\"Web del Maestro CMF\" \/>\n<meta property=\"article:publisher\" content=\"https:\/\/www.facebook.com\/WebdelMaestroCMF\/\" \/>\n<meta property=\"article:author\" content=\"https:\/\/www.facebook.com\/WebdelMaestroCMF\/\" \/>\n<meta property=\"article:published_time\" content=\"2026-04-27T15:01:01+00:00\" \/>\n<meta property=\"article:modified_time\" content=\"2026-04-27T17:18:33+00:00\" \/>\n<meta property=\"og:image\" content=\"https:\/\/webdelmaestrocmf.com\/portal\/wp-content\/uploads\/2026\/04\/1AA-Banner-1-portada-imagen-10-1-copia-35.webp\" \/>\n\t<meta property=\"og:image:width\" content=\"1200\" \/>\n\t<meta property=\"og:image:height\" content=\"675\" \/>\n\t<meta property=\"og:image:type\" content=\"image\/webp\" \/>\n<meta name=\"author\" content=\"Web del Maestro CMF\" \/>\n<meta name=\"twitter:card\" content=\"summary_large_image\" \/>\n<meta name=\"twitter:creator\" content=\"@cmf_w\" \/>\n<meta name=\"twitter:site\" content=\"@cmf_w\" \/>\n<meta name=\"twitter:label1\" content=\"Escrito por\" \/>\n\t<meta name=\"twitter:data1\" content=\"Web del Maestro CMF\" \/>\n\t<meta name=\"twitter:label2\" content=\"Tiempo de lectura\" \/>\n\t<meta name=\"twitter:data2\" content=\"4 minutos\" \/>\n<script type=\"application\/ld+json\" class=\"yoast-schema-graph\">{\"@context\":\"https:\\\/\\\/schema.org\",\"@graph\":[{\"@type\":\"ScholarlyArticle\",\"@id\":\"https:\\\/\\\/webdelmaestrocmf.com\\\/portal\\\/dia-del-nino-aprende-reflexiona-y-fortalece-la-comprension-lectora-descarga-el-cuadernillo-listo-para-usar\\\/#article\",\"isPartOf\":{\"@id\":\"https:\\\/\\\/webdelmaestrocmf.com\\\/portal\\\/dia-del-nino-aprende-reflexiona-y-fortalece-la-comprension-lectora-descarga-el-cuadernillo-listo-para-usar\\\/\"},\"author\":{\"name\":\"Web del Maestro CMF\",\"@id\":\"https:\\\/\\\/webdelmaestrocmf.com\\\/portal\\\/#\\\/schema\\\/person\\\/1072a2ed7bd960df8ef99a551fa35dc5\"},\"headline\":\"D\u00eda del Ni\u00f1o: aprende, reflexiona y fortalece la comprensi\u00f3n lectora | Descarga el cuadernillo sobre el \u00abD\u00eda del ni\u00f1o\u00bb listo para usar\",\"datePublished\":\"2026-04-27T15:01:01+00:00\",\"dateModified\":\"2026-04-27T17:18:33+00:00\",\"mainEntityOfPage\":{\"@id\":\"https:\\\/\\\/webdelmaestrocmf.com\\\/portal\\\/dia-del-nino-aprende-reflexiona-y-fortalece-la-comprension-lectora-descarga-el-cuadernillo-listo-para-usar\\\/\"},\"wordCount\":711,\"commentCount\":0,\"publisher\":{\"@id\":\"https:\\\/\\\/webdelmaestrocmf.com\\\/portal\\\/#organization\"},\"image\":{\"@id\":\"https:\\\/\\\/webdelmaestrocmf.com\\\/portal\\\/dia-del-nino-aprende-reflexiona-y-fortalece-la-comprension-lectora-descarga-el-cuadernillo-listo-para-usar\\\/#primaryimage\"},\"thumbnailUrl\":\"https:\\\/\\\/webdelmaestrocmf.com\\\/portal\\\/wp-content\\\/uploads\\\/2026\\\/04\\\/1AA-Banner-1-portada-imagen-10-1-copia-35.webp\",\"keywords\":[\"aprendizaje\",\"comprension lectora\",\"dia del ni\u00f1o\",\"DOCENTES\",\"educacion\",\"infancia\",\"lectura infantil\",\"pensamiento critico\",\"Recursos Educativos\"],\"articleSection\":[\"Descarga\",\"Ni\u00f1os\",\"Recursos\"],\"inLanguage\":\"es\",\"potentialAction\":[{\"@type\":\"CommentAction\",\"name\":\"Comment\",\"target\":[\"https:\\\/\\\/webdelmaestrocmf.com\\\/portal\\\/dia-del-nino-aprende-reflexiona-y-fortalece-la-comprension-lectora-descarga-el-cuadernillo-listo-para-usar\\\/#respond\"]}]},{\"@type\":\"WebPage\",\"@id\":\"https:\\\/\\\/webdelmaestrocmf.com\\\/portal\\\/dia-del-nino-aprende-reflexiona-y-fortalece-la-comprension-lectora-descarga-el-cuadernillo-listo-para-usar\\\/\",\"url\":\"https:\\\/\\\/webdelmaestrocmf.com\\\/portal\\\/dia-del-nino-aprende-reflexiona-y-fortalece-la-comprension-lectora-descarga-el-cuadernillo-listo-para-usar\\\/\",\"name\":\"D\u00eda del Ni\u00f1o: aprende, reflexiona y fortalece la comprensi\u00f3n lectora | Descarga el cuadernillo sobre el \\\"D\u00eda del ni\u00f1o\\\" listo para usar - 2026\",\"isPartOf\":{\"@id\":\"https:\\\/\\\/webdelmaestrocmf.com\\\/portal\\\/#website\"},\"primaryImageOfPage\":{\"@id\":\"https:\\\/\\\/webdelmaestrocmf.com\\\/portal\\\/dia-del-nino-aprende-reflexiona-y-fortalece-la-comprension-lectora-descarga-el-cuadernillo-listo-para-usar\\\/#primaryimage\"},\"image\":{\"@id\":\"https:\\\/\\\/webdelmaestrocmf.com\\\/portal\\\/dia-del-nino-aprende-reflexiona-y-fortalece-la-comprension-lectora-descarga-el-cuadernillo-listo-para-usar\\\/#primaryimage\"},\"thumbnailUrl\":\"https:\\\/\\\/webdelmaestrocmf.com\\\/portal\\\/wp-content\\\/uploads\\\/2026\\\/04\\\/1AA-Banner-1-portada-imagen-10-1-copia-35.webp\",\"datePublished\":\"2026-04-27T15:01:01+00:00\",\"dateModified\":\"2026-04-27T17:18:33+00:00\",\"description\":\"El D\u00eda del Ni\u00f1o no debe entenderse \u00fanicamente como una fecha festiva, sino como una oportunidad educativa clave para...\",\"breadcrumb\":{\"@id\":\"https:\\\/\\\/webdelmaestrocmf.com\\\/portal\\\/dia-del-nino-aprende-reflexiona-y-fortalece-la-comprension-lectora-descarga-el-cuadernillo-listo-para-usar\\\/#breadcrumb\"},\"inLanguage\":\"es\",\"potentialAction\":[{\"@type\":\"ReadAction\",\"target\":[\"https:\\\/\\\/webdelmaestrocmf.com\\\/portal\\\/dia-del-nino-aprende-reflexiona-y-fortalece-la-comprension-lectora-descarga-el-cuadernillo-listo-para-usar\\\/\"]}]},{\"@type\":\"ImageObject\",\"inLanguage\":\"es\",\"@id\":\"https:\\\/\\\/webdelmaestrocmf.com\\\/portal\\\/dia-del-nino-aprende-reflexiona-y-fortalece-la-comprension-lectora-descarga-el-cuadernillo-listo-para-usar\\\/#primaryimage\",\"url\":\"https:\\\/\\\/webdelmaestrocmf.com\\\/portal\\\/wp-content\\\/uploads\\\/2026\\\/04\\\/1AA-Banner-1-portada-imagen-10-1-copia-35.webp\",\"contentUrl\":\"https:\\\/\\\/webdelmaestrocmf.com\\\/portal\\\/wp-content\\\/uploads\\\/2026\\\/04\\\/1AA-Banner-1-portada-imagen-10-1-copia-35.webp\",\"width\":1200,\"height\":675},{\"@type\":\"BreadcrumbList\",\"@id\":\"https:\\\/\\\/webdelmaestrocmf.com\\\/portal\\\/dia-del-nino-aprende-reflexiona-y-fortalece-la-comprension-lectora-descarga-el-cuadernillo-listo-para-usar\\\/#breadcrumb\",\"itemListElement\":[{\"@type\":\"ListItem\",\"position\":1,\"name\":\"Portada\",\"item\":\"https:\\\/\\\/webdelmaestrocmf.com\\\/portal\\\/\"},{\"@type\":\"ListItem\",\"position\":2,\"name\":\"Descarga\",\"item\":\"https:\\\/\\\/webdelmaestrocmf.com\\\/portal\\\/category\\\/descarga\\\/\"},{\"@type\":\"ListItem\",\"position\":3,\"name\":\"D\u00eda del Ni\u00f1o: aprende, reflexiona y fortalece la comprensi\u00f3n lectora | Descarga el cuadernillo sobre el \u00abD\u00eda del ni\u00f1o\u00bb listo para usar\"}]},{\"@type\":\"WebSite\",\"@id\":\"https:\\\/\\\/webdelmaestrocmf.com\\\/portal\\\/#website\",\"url\":\"https:\\\/\\\/webdelmaestrocmf.com\\\/portal\\\/\",\"name\":\"Web del Maestro CMF\",\"description\":\"Maestros al servicio de la educaci\u00f3n\",\"publisher\":{\"@id\":\"https:\\\/\\\/webdelmaestrocmf.com\\\/portal\\\/#organization\"},\"alternateName\":\"WMCMF\",\"potentialAction\":[{\"@type\":\"SearchAction\",\"target\":{\"@type\":\"EntryPoint\",\"urlTemplate\":\"https:\\\/\\\/webdelmaestrocmf.com\\\/portal\\\/?s={search_term_string}\"},\"query-input\":{\"@type\":\"PropertyValueSpecification\",\"valueRequired\":true,\"valueName\":\"search_term_string\"}}],\"inLanguage\":\"es\"},{\"@type\":\"Organization\",\"@id\":\"https:\\\/\\\/webdelmaestrocmf.com\\\/portal\\\/#organization\",\"name\":\"Web del Maestro CMF\",\"alternateName\":\"WMCMF\",\"url\":\"https:\\\/\\\/webdelmaestrocmf.com\\\/portal\\\/\",\"logo\":{\"@type\":\"ImageObject\",\"inLanguage\":\"es\",\"@id\":\"https:\\\/\\\/webdelmaestrocmf.com\\\/portal\\\/#\\\/schema\\\/logo\\\/image\\\/\",\"url\":\"https:\\\/\\\/webdelmaestrocmf.com\\\/portal\\\/wp-content\\\/uploads\\\/2023\\\/01\\\/logo-wmcmf-2.png\",\"contentUrl\":\"https:\\\/\\\/webdelmaestrocmf.com\\\/portal\\\/wp-content\\\/uploads\\\/2023\\\/01\\\/logo-wmcmf-2.png\",\"width\":200,\"height\":60,\"caption\":\"Web del Maestro CMF\"},\"image\":{\"@id\":\"https:\\\/\\\/webdelmaestrocmf.com\\\/portal\\\/#\\\/schema\\\/logo\\\/image\\\/\"},\"sameAs\":[\"https:\\\/\\\/www.facebook.com\\\/WebdelMaestroCMF\\\/\",\"https:\\\/\\\/x.com\\\/cmf_w\",\"https:\\\/\\\/www.pinterest.com\\\/WMCMF\\\/\",\"https:\\\/\\\/www.linkedin.com\\\/company\\\/web-del-maestro-cmf\\\/\",\"https:\\\/\\\/www.instagram.com\\\/wmcmf\\\/\",\"https:\\\/\\\/www.youtube.com\\\/channel\\\/UCDPSvjbdodE5sHnC3OxutHw\",\"https:\\\/\\\/mastodon.social\\\/@wmcmf\",\"https:\\\/\\\/www.tiktok.com\\\/@webdelmaestrocmf\"]},{\"@type\":\"Person\",\"@id\":\"https:\\\/\\\/webdelmaestrocmf.com\\\/portal\\\/#\\\/schema\\\/person\\\/1072a2ed7bd960df8ef99a551fa35dc5\",\"name\":\"Web del Maestro CMF\",\"image\":{\"@type\":\"ImageObject\",\"inLanguage\":\"es\",\"@id\":\"https:\\\/\\\/secure.gravatar.com\\\/avatar\\\/23291dd5b5ae1077dcff3dbb04c3e02bd28403fa75af6d8787d5e97c5bbbe30b?s=96&d=mm&r=g\",\"url\":\"https:\\\/\\\/secure.gravatar.com\\\/avatar\\\/23291dd5b5ae1077dcff3dbb04c3e02bd28403fa75af6d8787d5e97c5bbbe30b?s=96&d=mm&r=g\",\"contentUrl\":\"https:\\\/\\\/secure.gravatar.com\\\/avatar\\\/23291dd5b5ae1077dcff3dbb04c3e02bd28403fa75af6d8787d5e97c5bbbe30b?s=96&d=mm&r=g\",\"caption\":\"Web del Maestro CMF\"},\"description\":\"Esta Web se cre\u00f3 sin fines de lucro, con fines educativos, cient\u00edficos y acad\u00e9micos, para personas que tengan dificultades y\\\/o inconvenientes en visualizar el material original. El objetivo es entregar recursos, compartir experiencias y materiales que ayuden a los padres de familia, maestros y estudiantes en su actualizaci\u00f3n y formaci\u00f3n permanente, en bien de la Educaci\u00f3n.\",\"sameAs\":[\"http:\\\/\\\/webdelmaestrocmf.com\\\/portal\",\"https:\\\/\\\/www.facebook.com\\\/WebdelMaestroCMF\\\/\",\"https:\\\/\\\/www.instagram.com\\\/wmcmf\\\/\",\"https:\\\/\\\/cl.linkedin.com\\\/company\\\/web-del-maestro-cmf\",\"https:\\\/\\\/www.pinterest.com\\\/WMCMF\\\/publicaciones\\\/\",\"https:\\\/\\\/x.com\\\/cmf_w\",\"https:\\\/\\\/www.youtube.com\\\/@WMCMF\"]}]}<\/script>\n<!-- \/ Yoast SEO plugin. -->","yoast_head_json":{"title":"D\u00eda del Ni\u00f1o: aprende, reflexiona y fortalece la comprensi\u00f3n lectora | Descarga el cuadernillo sobre el \"D\u00eda del ni\u00f1o\" listo para usar - 2026","description":"El D\u00eda del Ni\u00f1o no debe entenderse \u00fanicamente como una fecha festiva, sino como una oportunidad educativa clave para...","robots":{"index":"index","follow":"follow","max-snippet":"max-snippet:-1","max-image-preview":"max-image-preview:large","max-video-preview":"max-video-preview:-1"},"canonical":"https:\/\/webdelmaestrocmf.com\/portal\/dia-del-nino-aprende-reflexiona-y-fortalece-la-comprension-lectora-descarga-el-cuadernillo-listo-para-usar\/","og_locale":"es_ES","og_type":"article","og_title":"D\u00eda del Ni\u00f1o: aprende, reflexiona y fortalece la comprensi\u00f3n lectora | Descarga el cuadernillo sobre el \"D\u00eda del ni\u00f1o\" listo para usar - 2026","og_description":"El D\u00eda del Ni\u00f1o no debe entenderse \u00fanicamente como una fecha festiva, sino como una oportunidad educativa clave para...","og_url":"https:\/\/webdelmaestrocmf.com\/portal\/dia-del-nino-aprende-reflexiona-y-fortalece-la-comprension-lectora-descarga-el-cuadernillo-listo-para-usar\/","og_site_name":"Web del Maestro CMF","article_publisher":"https:\/\/www.facebook.com\/WebdelMaestroCMF\/","article_author":"https:\/\/www.facebook.com\/WebdelMaestroCMF\/","article_published_time":"2026-04-27T15:01:01+00:00","article_modified_time":"2026-04-27T17:18:33+00:00","og_image":[{"width":1200,"height":675,"url":"https:\/\/webdelmaestrocmf.com\/portal\/wp-content\/uploads\/2026\/04\/1AA-Banner-1-portada-imagen-10-1-copia-35.webp","type":"image\/webp"}],"author":"Web del Maestro CMF","twitter_card":"summary_large_image","twitter_creator":"@cmf_w","twitter_site":"@cmf_w","twitter_misc":{"Escrito por":"Web del Maestro CMF","Tiempo de lectura":"4 minutos"},"schema":{"@context":"https:\/\/schema.org","@graph":[{"@type":"ScholarlyArticle","@id":"https:\/\/webdelmaestrocmf.com\/portal\/dia-del-nino-aprende-reflexiona-y-fortalece-la-comprension-lectora-descarga-el-cuadernillo-listo-para-usar\/#article","isPartOf":{"@id":"https:\/\/webdelmaestrocmf.com\/portal\/dia-del-nino-aprende-reflexiona-y-fortalece-la-comprension-lectora-descarga-el-cuadernillo-listo-para-usar\/"},"author":{"name":"Web del Maestro CMF","@id":"https:\/\/webdelmaestrocmf.com\/portal\/#\/schema\/person\/1072a2ed7bd960df8ef99a551fa35dc5"},"headline":"D\u00eda del Ni\u00f1o: aprende, reflexiona y fortalece la comprensi\u00f3n lectora | Descarga el cuadernillo sobre el \u00abD\u00eda del ni\u00f1o\u00bb listo para usar","datePublished":"2026-04-27T15:01:01+00:00","dateModified":"2026-04-27T17:18:33+00:00","mainEntityOfPage":{"@id":"https:\/\/webdelmaestrocmf.com\/portal\/dia-del-nino-aprende-reflexiona-y-fortalece-la-comprension-lectora-descarga-el-cuadernillo-listo-para-usar\/"},"wordCount":711,"commentCount":0,"publisher":{"@id":"https:\/\/webdelmaestrocmf.com\/portal\/#organization"},"image":{"@id":"https:\/\/webdelmaestrocmf.com\/portal\/dia-del-nino-aprende-reflexiona-y-fortalece-la-comprension-lectora-descarga-el-cuadernillo-listo-para-usar\/#primaryimage"},"thumbnailUrl":"https:\/\/webdelmaestrocmf.com\/portal\/wp-content\/uploads\/2026\/04\/1AA-Banner-1-portada-imagen-10-1-copia-35.webp","keywords":["aprendizaje","comprension lectora","dia del ni\u00f1o","DOCENTES","educacion","infancia","lectura infantil","pensamiento critico","Recursos Educativos"],"articleSection":["Descarga","Ni\u00f1os","Recursos"],"inLanguage":"es","potentialAction":[{"@type":"CommentAction","name":"Comment","target":["https:\/\/webdelmaestrocmf.com\/portal\/dia-del-nino-aprende-reflexiona-y-fortalece-la-comprension-lectora-descarga-el-cuadernillo-listo-para-usar\/#respond"]}]},{"@type":"WebPage","@id":"https:\/\/webdelmaestrocmf.com\/portal\/dia-del-nino-aprende-reflexiona-y-fortalece-la-comprension-lectora-descarga-el-cuadernillo-listo-para-usar\/","url":"https:\/\/webdelmaestrocmf.com\/portal\/dia-del-nino-aprende-reflexiona-y-fortalece-la-comprension-lectora-descarga-el-cuadernillo-listo-para-usar\/","name":"D\u00eda del Ni\u00f1o: aprende, reflexiona y fortalece la comprensi\u00f3n lectora | Descarga el cuadernillo sobre el \"D\u00eda del ni\u00f1o\" listo para usar - 2026","isPartOf":{"@id":"https:\/\/webdelmaestrocmf.com\/portal\/#website"},"primaryImageOfPage":{"@id":"https:\/\/webdelmaestrocmf.com\/portal\/dia-del-nino-aprende-reflexiona-y-fortalece-la-comprension-lectora-descarga-el-cuadernillo-listo-para-usar\/#primaryimage"},"image":{"@id":"https:\/\/webdelmaestrocmf.com\/portal\/dia-del-nino-aprende-reflexiona-y-fortalece-la-comprension-lectora-descarga-el-cuadernillo-listo-para-usar\/#primaryimage"},"thumbnailUrl":"https:\/\/webdelmaestrocmf.com\/portal\/wp-content\/uploads\/2026\/04\/1AA-Banner-1-portada-imagen-10-1-copia-35.webp","datePublished":"2026-04-27T15:01:01+00:00","dateModified":"2026-04-27T17:18:33+00:00","description":"El D\u00eda del Ni\u00f1o no debe entenderse \u00fanicamente como una fecha festiva, sino como una oportunidad educativa clave para...","breadcrumb":{"@id":"https:\/\/webdelmaestrocmf.com\/portal\/dia-del-nino-aprende-reflexiona-y-fortalece-la-comprension-lectora-descarga-el-cuadernillo-listo-para-usar\/#breadcrumb"},"inLanguage":"es","potentialAction":[{"@type":"ReadAction","target":["https:\/\/webdelmaestrocmf.com\/portal\/dia-del-nino-aprende-reflexiona-y-fortalece-la-comprension-lectora-descarga-el-cuadernillo-listo-para-usar\/"]}]},{"@type":"ImageObject","inLanguage":"es","@id":"https:\/\/webdelmaestrocmf.com\/portal\/dia-del-nino-aprende-reflexiona-y-fortalece-la-comprension-lectora-descarga-el-cuadernillo-listo-para-usar\/#primaryimage","url":"https:\/\/webdelmaestrocmf.com\/portal\/wp-content\/uploads\/2026\/04\/1AA-Banner-1-portada-imagen-10-1-copia-35.webp","contentUrl":"https:\/\/webdelmaestrocmf.com\/portal\/wp-content\/uploads\/2026\/04\/1AA-Banner-1-portada-imagen-10-1-copia-35.webp","width":1200,"height":675},{"@type":"BreadcrumbList","@id":"https:\/\/webdelmaestrocmf.com\/portal\/dia-del-nino-aprende-reflexiona-y-fortalece-la-comprension-lectora-descarga-el-cuadernillo-listo-para-usar\/#breadcrumb","itemListElement":[{"@type":"ListItem","position":1,"name":"Portada","item":"https:\/\/webdelmaestrocmf.com\/portal\/"},{"@type":"ListItem","position":2,"name":"Descarga","item":"https:\/\/webdelmaestrocmf.com\/portal\/category\/descarga\/"},{"@type":"ListItem","position":3,"name":"D\u00eda del Ni\u00f1o: aprende, reflexiona y fortalece la comprensi\u00f3n lectora | Descarga el cuadernillo sobre el \u00abD\u00eda del ni\u00f1o\u00bb listo para usar"}]},{"@type":"WebSite","@id":"https:\/\/webdelmaestrocmf.com\/portal\/#website","url":"https:\/\/webdelmaestrocmf.com\/portal\/","name":"Web del Maestro CMF","description":"Maestros al servicio de la educaci\u00f3n","publisher":{"@id":"https:\/\/webdelmaestrocmf.com\/portal\/#organization"},"alternateName":"WMCMF","potentialAction":[{"@type":"SearchAction","target":{"@type":"EntryPoint","urlTemplate":"https:\/\/webdelmaestrocmf.com\/portal\/?s={search_term_string}"},"query-input":{"@type":"PropertyValueSpecification","valueRequired":true,"valueName":"search_term_string"}}],"inLanguage":"es"},{"@type":"Organization","@id":"https:\/\/webdelmaestrocmf.com\/portal\/#organization","name":"Web del Maestro CMF","alternateName":"WMCMF","url":"https:\/\/webdelmaestrocmf.com\/portal\/","logo":{"@type":"ImageObject","inLanguage":"es","@id":"https:\/\/webdelmaestrocmf.com\/portal\/#\/schema\/logo\/image\/","url":"https:\/\/webdelmaestrocmf.com\/portal\/wp-content\/uploads\/2023\/01\/logo-wmcmf-2.png","contentUrl":"https:\/\/webdelmaestrocmf.com\/portal\/wp-content\/uploads\/2023\/01\/logo-wmcmf-2.png","width":200,"height":60,"caption":"Web del Maestro CMF"},"image":{"@id":"https:\/\/webdelmaestrocmf.com\/portal\/#\/schema\/logo\/image\/"},"sameAs":["https:\/\/www.facebook.com\/WebdelMaestroCMF\/","https:\/\/x.com\/cmf_w","https:\/\/www.pinterest.com\/WMCMF\/","https:\/\/www.linkedin.com\/company\/web-del-maestro-cmf\/","https:\/\/www.instagram.com\/wmcmf\/","https:\/\/www.youtube.com\/channel\/UCDPSvjbdodE5sHnC3OxutHw","https:\/\/mastodon.social\/@wmcmf","https:\/\/www.tiktok.com\/@webdelmaestrocmf"]},{"@type":"Person","@id":"https:\/\/webdelmaestrocmf.com\/portal\/#\/schema\/person\/1072a2ed7bd960df8ef99a551fa35dc5","name":"Web del Maestro CMF","image":{"@type":"ImageObject","inLanguage":"es","@id":"https:\/\/secure.gravatar.com\/avatar\/23291dd5b5ae1077dcff3dbb04c3e02bd28403fa75af6d8787d5e97c5bbbe30b?s=96&d=mm&r=g","url":"https:\/\/secure.gravatar.com\/avatar\/23291dd5b5ae1077dcff3dbb04c3e02bd28403fa75af6d8787d5e97c5bbbe30b?s=96&d=mm&r=g","contentUrl":"https:\/\/secure.gravatar.com\/avatar\/23291dd5b5ae1077dcff3dbb04c3e02bd28403fa75af6d8787d5e97c5bbbe30b?s=96&d=mm&r=g","caption":"Web del Maestro CMF"},"description":"Esta Web se cre\u00f3 sin fines de lucro, con fines educativos, cient\u00edficos y acad\u00e9micos, para personas que tengan dificultades y\/o inconvenientes en visualizar el material original. El objetivo es entregar recursos, compartir experiencias y materiales que ayuden a los padres de familia, maestros y estudiantes en su actualizaci\u00f3n y formaci\u00f3n permanente, en bien de la Educaci\u00f3n.","sameAs":["http:\/\/webdelmaestrocmf.com\/portal","https:\/\/www.facebook.com\/WebdelMaestroCMF\/","https:\/\/www.instagram.com\/wmcmf\/","https:\/\/cl.linkedin.com\/company\/web-del-maestro-cmf","https:\/\/www.pinterest.com\/WMCMF\/publicaciones\/","https:\/\/x.com\/cmf_w","https:\/\/www.youtube.com\/@WMCMF"]}]}},"jetpack_featured_media_url":"https:\/\/webdelmaestrocmf.com\/portal\/wp-content\/uploads\/2026\/04\/1AA-Banner-1-portada-imagen-10-1-copia-35.webp","jetpack_sharing_enabled":true,"jetpack-related-posts":[{"id":118087,"url":"https:\/\/webdelmaestrocmf.com\/portal\/cuadernillo-del-dia-de-la-tierra-lecturas-para-fortalecer-la-comprension-lectora-en-ninos-de-5-a-9-anos\/","url_meta":{"origin":118355,"position":0},"title":"Cuadernillo del D\u00eda de la Tierra: Lecturas para fortalecer la comprensi\u00f3n lectora en ni\u00f1os de 5 a 9 a\u00f1os","author":"Web del Maestro CMF","date":"21 abril, 2026","format":false,"excerpt":"Cuadernillo del D\u00eda de la Tierra con lecturas significativas que fortalecen la comprensi\u00f3n lectora y la conciencia ambiental en ni\u00f1os de 5 a 9 a\u00f1os, mediante actividades reflexivas, cr\u00edticas y creativas.","rel":"","context":"En \u00abDescarga\u00bb","block_context":{"text":"Descarga","link":"https:\/\/webdelmaestrocmf.com\/portal\/category\/descarga\/"},"img":{"alt_text":"","src":"https:\/\/i0.wp.com\/webdelmaestrocmf.com\/portal\/wp-content\/uploads\/2026\/04\/1AA-Banner-1-portada-imagen-10-1-copia-27.webp?resize=350%2C200&ssl=1","width":350,"height":200,"srcset":"https:\/\/i0.wp.com\/webdelmaestrocmf.com\/portal\/wp-content\/uploads\/2026\/04\/1AA-Banner-1-portada-imagen-10-1-copia-27.webp?resize=350%2C200&ssl=1 1x, https:\/\/i0.wp.com\/webdelmaestrocmf.com\/portal\/wp-content\/uploads\/2026\/04\/1AA-Banner-1-portada-imagen-10-1-copia-27.webp?resize=525%2C300&ssl=1 1.5x, https:\/\/i0.wp.com\/webdelmaestrocmf.com\/portal\/wp-content\/uploads\/2026\/04\/1AA-Banner-1-portada-imagen-10-1-copia-27.webp?resize=700%2C400&ssl=1 2x, https:\/\/i0.wp.com\/webdelmaestrocmf.com\/portal\/wp-content\/uploads\/2026\/04\/1AA-Banner-1-portada-imagen-10-1-copia-27.webp?resize=1050%2C600&ssl=1 3x"},"classes":[]},{"id":118051,"url":"https:\/\/webdelmaestrocmf.com\/portal\/dia-del-libro-23-de-abril-descarga-las-actividades-recursos-fichas-manualidades-y-materiales-motivadores-para-transformar-la-lectura-en-el-aula\/","url_meta":{"origin":118355,"position":1},"title":"D\u00eda del Libro (23 de abril): Descarga las actividades, recursos, fichas, manualidades, materiales y pulseras motivadores para transformar la lectura en el aula","author":"Web del Maestro CMF","date":"23 abril, 2026","format":false,"excerpt":"Recursos del D\u00eda del Libro listos para imprimir permiten desarrollar comprensi\u00f3n lectora, creatividad y motivaci\u00f3n en el aula, facilitando al docente actividades pr\u00e1cticas, din\u00e1micas y aplicables de forma inmediata.","rel":"","context":"En \u00abLectoescritura\u00bb","block_context":{"text":"Lectoescritura","link":"https:\/\/webdelmaestrocmf.com\/portal\/category\/pedagogia\/lectoescritura\/"},"img":{"alt_text":"","src":"https:\/\/i0.wp.com\/webdelmaestrocmf.com\/portal\/wp-content\/uploads\/2026\/04\/1AA-Banner-1-portada-imagen-10-1-copia-23.webp?resize=350%2C200&ssl=1","width":350,"height":200,"srcset":"https:\/\/i0.wp.com\/webdelmaestrocmf.com\/portal\/wp-content\/uploads\/2026\/04\/1AA-Banner-1-portada-imagen-10-1-copia-23.webp?resize=350%2C200&ssl=1 1x, https:\/\/i0.wp.com\/webdelmaestrocmf.com\/portal\/wp-content\/uploads\/2026\/04\/1AA-Banner-1-portada-imagen-10-1-copia-23.webp?resize=525%2C300&ssl=1 1.5x, https:\/\/i0.wp.com\/webdelmaestrocmf.com\/portal\/wp-content\/uploads\/2026\/04\/1AA-Banner-1-portada-imagen-10-1-copia-23.webp?resize=700%2C400&ssl=1 2x, https:\/\/i0.wp.com\/webdelmaestrocmf.com\/portal\/wp-content\/uploads\/2026\/04\/1AA-Banner-1-portada-imagen-10-1-copia-23.webp?resize=1050%2C600&ssl=1 3x"},"classes":[]},{"id":100097,"url":"https:\/\/webdelmaestrocmf.com\/portal\/60-ejercicios-esenciales-para-compresion-lectora\/","url_meta":{"origin":118355,"position":2},"title":"60 ejercicios de comprensi\u00f3n lectora esenciales para ni\u00f1os","author":"Web del Maestro CMF","date":"13 noviembre, 2023","format":false,"excerpt":"La habilidad de comprensi\u00f3n lectora es esencial en el proceso de aprendizaje y desarrollo personal. Este art\u00edculo explora la importancia de los ejercicios de comprensi\u00f3n lectora y presentamos un cuaderno o cuadernillo en donde podr\u00e1 descargar los 60 ejercicios de compresi\u00f3n lectora, dise\u00f1adas para fortalecer esta habilidad en los ni\u00f1os.\u2026","rel":"","context":"En \u00abComprensi\u00f3n lectora\u00bb","block_context":{"text":"Comprensi\u00f3n lectora","link":"https:\/\/webdelmaestrocmf.com\/portal\/category\/pedagogia\/comprension-lectora\/"},"img":{"alt_text":"ejercicios de comprensi\u00f3n lectora","src":"https:\/\/i0.wp.com\/webdelmaestrocmf.com\/portal\/wp-content\/uploads\/2023\/11\/A12B3C4D-9-1.jpg?resize=350%2C200&ssl=1","width":350,"height":200,"srcset":"https:\/\/i0.wp.com\/webdelmaestrocmf.com\/portal\/wp-content\/uploads\/2023\/11\/A12B3C4D-9-1.jpg?resize=350%2C200&ssl=1 1x, https:\/\/i0.wp.com\/webdelmaestrocmf.com\/portal\/wp-content\/uploads\/2023\/11\/A12B3C4D-9-1.jpg?resize=525%2C300&ssl=1 1.5x, https:\/\/i0.wp.com\/webdelmaestrocmf.com\/portal\/wp-content\/uploads\/2023\/11\/A12B3C4D-9-1.jpg?resize=700%2C400&ssl=1 2x"},"classes":[]},{"id":117555,"url":"https:\/\/webdelmaestrocmf.com\/portal\/descarga-las-fichas-de-leyendas-del-futbol-y-desarrolla-la-comprension-lectora-en-tus-alumnos\/","url_meta":{"origin":118355,"position":3},"title":"Descarga las fichas de \u201cLeyendas del f\u00fatbol\u201d y desarrolla la comprensi\u00f3n lectora en tus alumnos","author":"Web del Maestro CMF","date":"9 abril, 2026","format":false,"excerpt":"El uso del f\u00fatbol en el aula permite motivar a los estudiantes, desarrollar la comprensi\u00f3n lectora en distintos niveles y fomentar el pensamiento cr\u00edtico mediante textos significativos y cercanos a sus intereses.","rel":"","context":"En \u00abComprensi\u00f3n lectora\u00bb","block_context":{"text":"Comprensi\u00f3n lectora","link":"https:\/\/webdelmaestrocmf.com\/portal\/category\/pedagogia\/comprension-lectora\/"},"img":{"alt_text":"","src":"https:\/\/i0.wp.com\/webdelmaestrocmf.com\/portal\/wp-content\/uploads\/2026\/04\/1AA-Banner-1-portada-imagen-10-1-copia-8.webp?resize=350%2C200&ssl=1","width":350,"height":200,"srcset":"https:\/\/i0.wp.com\/webdelmaestrocmf.com\/portal\/wp-content\/uploads\/2026\/04\/1AA-Banner-1-portada-imagen-10-1-copia-8.webp?resize=350%2C200&ssl=1 1x, https:\/\/i0.wp.com\/webdelmaestrocmf.com\/portal\/wp-content\/uploads\/2026\/04\/1AA-Banner-1-portada-imagen-10-1-copia-8.webp?resize=525%2C300&ssl=1 1.5x, https:\/\/i0.wp.com\/webdelmaestrocmf.com\/portal\/wp-content\/uploads\/2026\/04\/1AA-Banner-1-portada-imagen-10-1-copia-8.webp?resize=700%2C400&ssl=1 2x, https:\/\/i0.wp.com\/webdelmaestrocmf.com\/portal\/wp-content\/uploads\/2026\/04\/1AA-Banner-1-portada-imagen-10-1-copia-8.webp?resize=1050%2C600&ssl=1 3x"},"classes":[]},{"id":117886,"url":"https:\/\/webdelmaestrocmf.com\/portal\/admirable-barbero-corta-el-pelo-gratis-a-los-ninos-que-le-lean-un-cuento\/","url_meta":{"origin":118355,"position":4},"title":"Admirable: barbero corta el pelo gratis a los ni\u00f1os que le lean un cuento","author":"Web del Maestro CMF","date":"16 abril, 2026","format":false,"excerpt":"Un barbero en Iowa corta el cabello gratis a ni\u00f1os que leen cuentos, fomentando la lectura, reduciendo el miedo a leer en voz alta y creando un entorno seguro, motivador y educativo.","rel":"","context":"En \u00abNoticias Internacionales\u00bb","block_context":{"text":"Noticias Internacionales","link":"https:\/\/webdelmaestrocmf.com\/portal\/category\/noticias-internacionales\/"},"img":{"alt_text":"","src":"https:\/\/i0.wp.com\/webdelmaestrocmf.com\/portal\/wp-content\/uploads\/2026\/04\/1-1-1.jpg?resize=350%2C200&ssl=1","width":350,"height":200,"srcset":"https:\/\/i0.wp.com\/webdelmaestrocmf.com\/portal\/wp-content\/uploads\/2026\/04\/1-1-1.jpg?resize=350%2C200&ssl=1 1x, https:\/\/i0.wp.com\/webdelmaestrocmf.com\/portal\/wp-content\/uploads\/2026\/04\/1-1-1.jpg?resize=525%2C300&ssl=1 1.5x, https:\/\/i0.wp.com\/webdelmaestrocmf.com\/portal\/wp-content\/uploads\/2026\/04\/1-1-1.jpg?resize=700%2C400&ssl=1 2x, https:\/\/i0.wp.com\/webdelmaestrocmf.com\/portal\/wp-content\/uploads\/2026\/04\/1-1-1.jpg?resize=1050%2C600&ssl=1 3x"},"classes":[]},{"id":102950,"url":"https:\/\/webdelmaestrocmf.com\/portal\/nuevo-cuadernillo-de-sumas-con-llevadas-para-ninos\/","url_meta":{"origin":118355,"position":5},"title":"Nuevo cuadernillo de sumas con llevadas para ni\u00f1os","author":"Web del Maestro CMF","date":"22 enero, 2024","format":false,"excerpt":"Descubre un enfoque educativo innovador con nuestro nuevo cuadernillo, \"Aprende Sumas con Llevadas\". Este recurso ha sido dise\u00f1ado para proporcionar a los estudiantes una experiencia de aprendizaje atractiva y comprensible en el intrigante universo de las sumas con llevadas. Abordaremos este desaf\u00edo matem\u00e1tico paso a paso, brindando a los j\u00f3venes\u2026","rel":"","context":"En \u00abCuadernillos\u00bb","block_context":{"text":"Cuadernillos","link":"https:\/\/webdelmaestrocmf.com\/portal\/category\/pedagogia\/cuadernillos\/"},"img":{"alt_text":"sumas","src":"https:\/\/i0.wp.com\/webdelmaestrocmf.com\/portal\/wp-content\/uploads\/2024\/01\/Banner-1-portada-imagen-10-12.jpg?resize=350%2C200&ssl=1","width":350,"height":200,"srcset":"https:\/\/i0.wp.com\/webdelmaestrocmf.com\/portal\/wp-content\/uploads\/2024\/01\/Banner-1-portada-imagen-10-12.jpg?resize=350%2C200&ssl=1 1x, https:\/\/i0.wp.com\/webdelmaestrocmf.com\/portal\/wp-content\/uploads\/2024\/01\/Banner-1-portada-imagen-10-12.jpg?resize=525%2C300&ssl=1 1.5x, https:\/\/i0.wp.com\/webdelmaestrocmf.com\/portal\/wp-content\/uploads\/2024\/01\/Banner-1-portada-imagen-10-12.jpg?resize=700%2C400&ssl=1 2x"},"classes":[]}],"_links":{"self":[{"href":"https:\/\/webdelmaestrocmf.com\/portal\/wp-json\/wp\/v2\/posts\/118355","targetHints":{"allow":["GET"]}}],"collection":[{"href":"https:\/\/webdelmaestrocmf.com\/portal\/wp-json\/wp\/v2\/posts"}],"about":[{"href":"https:\/\/webdelmaestrocmf.com\/portal\/wp-json\/wp\/v2\/types\/post"}],"author":[{"embeddable":true,"href":"https:\/\/webdelmaestrocmf.com\/portal\/wp-json\/wp\/v2\/users\/1"}],"replies":[{"embeddable":true,"href":"https:\/\/webdelmaestrocmf.com\/portal\/wp-json\/wp\/v2\/comments?post=118355"}],"version-history":[{"count":2,"href":"https:\/\/webdelmaestrocmf.com\/portal\/wp-json\/wp\/v2\/posts\/118355\/revisions"}],"predecessor-version":[{"id":118361,"href":"https:\/\/webdelmaestrocmf.com\/portal\/wp-json\/wp\/v2\/posts\/118355\/revisions\/118361"}],"wp:featuredmedia":[{"embeddable":true,"href":"https:\/\/webdelmaestrocmf.com\/portal\/wp-json\/wp\/v2\/media\/118360"}],"wp:attachment":[{"href":"https:\/\/webdelmaestrocmf.com\/portal\/wp-json\/wp\/v2\/media?parent=118355"}],"wp:term":[{"taxonomy":"category","embeddable":true,"href":"https:\/\/webdelmaestrocmf.com\/portal\/wp-json\/wp\/v2\/categories?post=118355"},{"taxonomy":"post_tag","embeddable":true,"href":"https:\/\/webdelmaestrocmf.com\/portal\/wp-json\/wp\/v2\/tags?post=118355"}],"curies":[{"name":"wp","href":"https:\/\/api.w.org\/{rel}","templated":true}]}}