{"id":118337,"date":"2026-04-26T18:35:23","date_gmt":"2026-04-26T22:35:23","guid":{"rendered":"https:\/\/webdelmaestrocmf.com\/portal\/?p=118337"},"modified":"2026-04-26T18:40:49","modified_gmt":"2026-04-26T22:40:49","slug":"sociedades-medicas-advierten-con-contundencia-es-el-mayor-hackeo-cerebral-de-la-historia-hay-una-epidemia-de-entontecimiento-masivo-por-las-pantallas","status":"publish","type":"post","link":"https:\/\/webdelmaestrocmf.com\/portal\/sociedades-medicas-advierten-con-contundencia-es-el-mayor-hackeo-cerebral-de-la-historia-hay-una-epidemia-de-entontecimiento-masivo-por-las-pantallas\/","title":{"rendered":"Sociedades m\u00e9dicas advierten con contundencia: \u00abEs el mayor hackeo cerebral de la historia\u00bb. \u00abHay una epidemia de entontecimiento masivo por las pantallas\u00bb"},"content":{"rendered":"\n<p>La creciente preocupaci\u00f3n por el uso de pantallas en la infancia ha alcanzado un punto cr\u00edtico en la discusi\u00f3n educativa y sanitaria. <strong>Diversas sociedades m\u00e9dicas han advertido que la exposici\u00f3n temprana a dispositivos digitales puede constituir un riesgo significativo para el desarrollo integral de los menores<\/strong>, especialmente en los primeros a\u00f1os de vida. Este posicionamiento no surge de una opini\u00f3n aislada, sino de un consenso respaldado por m\u00faltiples investigaciones que alertan sobre efectos adversos en el desarrollo cognitivo, emocional y social de ni\u00f1os y adolescentes .<\/p>\n\n\n\n<h2 class=\"wp-block-heading\"><strong>La primera infancia: una etapa cr\u00edtica para el desarrollo cerebral<\/strong><\/h2>\n\n\n\n<p>Durante los primeros a\u00f1os de vida, el cerebro experimenta una fase de desarrollo intensivo en la que <strong>la interacci\u00f3n humana directa es un requisito biol\u00f3gico esencial<\/strong>. La evidencia muestra que cuando las pantallas sustituyen estas interacciones, se generan impactos negativos en \u00e1reas clave como el lenguaje, la autorregulaci\u00f3n y las funciones ejecutivas. <strong>El problema no radica \u00fanicamente en el tiempo de exposici\u00f3n, sino en el desplazamiento de experiencias fundamentales para el aprendizaje<\/strong>, como el juego, la conversaci\u00f3n y el v\u00ednculo afectivo con los adultos.<\/p>\n\n\n\n<h2 class=\"wp-block-heading\"><strong>Pantallas y aprendizaje: una relaci\u00f3n compleja<\/strong><\/h2>\n\n\n\n<p>El uso de dispositivos digitales en edades tempranas no puede analizarse de manera simplista. <strong>No se trata de demonizar la tecnolog\u00eda, sino de comprender sus efectos en contextos espec\u00edficos<\/strong>. La exposici\u00f3n pasiva, prolongada o sin supervisi\u00f3n se asocia con dificultades en la atenci\u00f3n, la comprensi\u00f3n y la construcci\u00f3n del pensamiento cr\u00edtico. En este sentido, <strong>la tecnolog\u00eda deja de ser una herramienta educativa cuando reemplaza procesos activos de aprendizaje<\/strong>, especialmente aquellos que requieren interacci\u00f3n, exploraci\u00f3n y mediaci\u00f3n docente.<\/p>\n\n\n\n<h2 class=\"wp-block-heading\"><strong>Dependencia emocional y p\u00e9rdida de criterio en adolescentes<\/strong><\/h2>\n\n\n\n<p>Uno de los aspectos m\u00e1s preocupantes es la aparici\u00f3n de una <strong>dependencia emocional hacia herramientas digitales, incluyendo sistemas de inteligencia artificial<\/strong>. Se ha observado que algunos adolescentes no solo consumen informaci\u00f3n sin cuestionarla, sino que <strong>otorgan mayor credibilidad a respuestas automatizadas que al criterio adulto o profesional<\/strong>. Esta tendencia refleja una debilidad en habilidades fundamentales como el pensamiento cr\u00edtico, la evaluaci\u00f3n de fuentes y la toma de decisiones informadas.<\/p>\n\n\n\n<h2 class=\"wp-block-heading\"><strong>El rol del adulto: entre la regulaci\u00f3n y el acompa\u00f1amiento<\/strong><\/h2>\n\n\n\n<p>Los expertos coinciden en que <strong>los menores no poseen la capacidad de autorregular su uso de pantallas<\/strong>, lo que exige una intervenci\u00f3n activa por parte de padres y docentes. La regulaci\u00f3n no debe entenderse \u00fanicamente como restricci\u00f3n, sino como un proceso educativo que promueva el uso consciente y equilibrado de la tecnolog\u00eda. <strong>El ejemplo adulto resulta determinante<\/strong>, ya que el uso excesivo de dispositivos por parte de los cuidadores tambi\u00e9n impacta en el desarrollo emocional y social de los ni\u00f1os.<\/p>\n\n\n\n<h2 class=\"wp-block-heading\"><strong>Recomendaciones y l\u00edmites: una gu\u00eda orientativa, no absoluta<\/strong><\/h2>\n\n\n\n<p>Las orientaciones actuales proponen <strong>evitar completamente el uso de pantallas en menores de seis a\u00f1os<\/strong>, limitar su uso en etapas posteriores y priorizar siempre contenidos adecuados y supervisados. Sin embargo, <strong>los especialistas advierten que el tiempo de uso no es el \u00fanico indicador relevante<\/strong>, ya que influyen factores como el tipo de contenido, el contexto familiar y el estilo de crianza. Esto obliga a una mirada m\u00e1s profunda y personalizada en el \u00e1mbito educativo.<\/p>\n\n\n\n<h2 class=\"wp-block-heading\"><strong>Un desaf\u00edo para la escuela del siglo XXI<\/strong><\/h2>\n\n\n\n<p>La escuela enfrenta un escenario complejo en el que debe equilibrar el potencial de la tecnolog\u00eda con sus riesgos. <strong>El verdadero desaf\u00edo no es incorporar m\u00e1s pantallas, sino formar estudiantes capaces de utilizarlas con criterio, autonom\u00eda y responsabilidad<\/strong>. Esto implica fortalecer habilidades cognitivas, emocionales y sociales que permitan a los alumnos desenvolverse en entornos digitales sin perder su capacidad de pensar, cuestionar y relacionarse de manera saludable.<\/p>\n\n\n\n<p>En este contexto, <strong>la educaci\u00f3n no puede delegar su funci\u00f3n formativa en la tecnolog\u00eda<\/strong>, sino que debe reafirmar su papel como espacio de desarrollo humano integral.<\/p>\n\n\n\n<p class=\"has-text-align-right\"><strong>Redacci\u00f3n | Web del Maestro CMF<\/strong><\/p>\n\n\n\t\t<div class=\"pk-inline-posts\">\n\t\t\t\t\t\t\t<h5 class=\"pk-inline-posts-title pk-title pk-font-block\">\n\t\t\t\t\t\u00daltimas entradas\t\t\t\t<\/h5>\n\t\t\t\n\t\t\t<div class=\"pk-inline-posts-container pk-inline-posts-template-list\"\n\t\t\t\tdata-columns=\"1\">\n\t\t\t\t\t\t<article id=\"post-118342\" class=\"post-118342 post type-post status-publish format-standard has-post-thumbnail category-noticias-internacionales tag-alfabetizacion-3 tag-aprendizaje tag-comprension-lectora-2 tag-docentes tag-educacion-3 tag-escuela tag-innovacion-educativa-3 tag-lectura tag-pedagogia-3 tag-tecnologia-educativa-3 cs-entry cs-video-wrap\">\n\t\t\t<div class=\"pk-post-outer\">\n\n\t\t\t\t\t\t\t\t<div class=\"pk-post-inner\">\n\t\t\t\t\t<div class=\"entry-thumbnail\">\n\t\t\t\t\t\t<div class=\"pk-overlay pk-overlay-ratio pk-ratio-landscape\">\n\t\t\t\t\t\t\t<div class=\"pk-overlay-background\">\n\t\t\t\t\t\t\t\t<a href=\"https:\/\/webdelmaestrocmf.com\/portal\/apagon-digital-en-la-escuela-suecia-frena-la-inversion-en-pantallas-y-vuelve-a-los-libros\/\" class=\"pk-overlay-link\">\n\t\t\t\t\t\t\t\t\t<img loading=\"lazy\" decoding=\"async\" width=\"300\" height=\"225\" src=\"https:\/\/webdelmaestrocmf.com\/portal\/wp-content\/uploads\/2026\/04\/1AA-Banner-1-portada-imagen-10-1-copia-8-2-300x225.webp\" class=\"attachment-pk-thumbnail size-pk-thumbnail wp-post-image\" alt=\"\" \/>\t\t\t\t\t\t\t\t<\/a>\n\t\t\t\t\t\t\t<\/div>\n\t\t\t\t\t\t<\/div>\n\t\t\t\t\t<\/div>\n\t\t\t\t<\/div>\n\t\t\t\t\n\t\t\t\t<div class=\"pk-post-inner\">\n\t\t\t\t\t<header>\n\t\t\t\t\t\t<h3 class=\"pk-title\"><a href=\"https:\/\/webdelmaestrocmf.com\/portal\/apagon-digital-en-la-escuela-suecia-frena-la-inversion-en-pantallas-y-vuelve-a-los-libros\/\" rel=\"bookmark\">\u00bfApag\u00f3n digital en la escuela? Suecia frena la inversi\u00f3n en pantallas y vuelve a los libros<\/a><\/h3>\t\t\t\t\t<\/header><!-- .entry-header -->\n\t\t\t\t<\/div><!-- .post-inner -->\n\n\t\t\t<\/div><!-- .post-outer -->\n\t\t<\/article>\n\t\t\t<article id=\"post-118307\" class=\"post-118307 post type-post status-publish format-standard has-post-thumbnail category-noticias-internacionales tag-actualidad tag-atentado tag-crisis tag-eventos tag-liderazgo tag-politica-3 tag-riesgo tag-seguridad tag-violencia cs-entry cs-video-wrap\">\n\t\t\t<div class=\"pk-post-outer\">\n\n\t\t\t\t\t\t\t\t<div class=\"pk-post-inner\">\n\t\t\t\t\t<div class=\"entry-thumbnail\">\n\t\t\t\t\t\t<div class=\"pk-overlay pk-overlay-ratio pk-ratio-landscape\">\n\t\t\t\t\t\t\t<div class=\"pk-overlay-background\">\n\t\t\t\t\t\t\t\t<a href=\"https:\/\/webdelmaestrocmf.com\/portal\/ultimo-momento-trump-evacuado-de-la-cena-de-corresponsales-de-la-casa-blanca-por-un-intento-de-atentado\/\" class=\"pk-overlay-link\">\n\t\t\t\t\t\t\t\t\t<img loading=\"lazy\" decoding=\"async\" width=\"300\" height=\"225\" src=\"https:\/\/webdelmaestrocmf.com\/portal\/wp-content\/uploads\/2026\/04\/1AA-Banner-1-portada-imagen-10-1-copia-5-4-300x225.webp\" class=\"attachment-pk-thumbnail size-pk-thumbnail wp-post-image\" alt=\"\" \/>\t\t\t\t\t\t\t\t<\/a>\n\t\t\t\t\t\t\t<\/div>\n\t\t\t\t\t\t<\/div>\n\t\t\t\t\t<\/div>\n\t\t\t\t<\/div>\n\t\t\t\t\n\t\t\t\t<div class=\"pk-post-inner\">\n\t\t\t\t\t<header>\n\t\t\t\t\t\t<h3 class=\"pk-title\"><a href=\"https:\/\/webdelmaestrocmf.com\/portal\/ultimo-momento-trump-evacuado-de-la-cena-de-corresponsales-de-la-casa-blanca-por-un-intento-de-atentado\/\" rel=\"bookmark\">\u00daltimo momento: Trump, evacuado de la Cena de Corresponsales de la Casa Blanca por un intento de atentado<\/a><\/h3>\t\t\t\t\t<\/header><!-- .entry-header -->\n\t\t\t\t<\/div><!-- .post-inner -->\n\n\t\t\t<\/div><!-- .post-outer -->\n\t\t<\/article>\n\t\t\t<article id=\"post-118293\" class=\"post-118293 post type-post status-publish format-standard has-post-thumbnail category-noticias-internacionales tag-ciberseguridad tag-educacion-digital tag-estafas-digitales tag-familia tag-inteligencia-artificial tag-pensamiento-critico-2 tag-prevencion tag-seguridad tag-tecnologia cs-entry cs-video-wrap\">\n\t\t\t<div class=\"pk-post-outer\">\n\n\t\t\t\t\t\t\t\t<div class=\"pk-post-inner\">\n\t\t\t\t\t<div class=\"entry-thumbnail\">\n\t\t\t\t\t\t<div class=\"pk-overlay pk-overlay-ratio pk-ratio-landscape\">\n\t\t\t\t\t\t\t<div class=\"pk-overlay-background\">\n\t\t\t\t\t\t\t\t<a href=\"https:\/\/webdelmaestrocmf.com\/portal\/mama-ayudame-estafadores-utilizan-la-inteligencia-artificial-para-clonar-voces-y-fingir-emergencias-familiares\/\" class=\"pk-overlay-link\">\n\t\t\t\t\t\t\t\t\t<img loading=\"lazy\" decoding=\"async\" width=\"300\" height=\"225\" src=\"https:\/\/webdelmaestrocmf.com\/portal\/wp-content\/uploads\/2026\/04\/1AA-Banner-1-portada-imagen-10-1-copia-2-7-300x225.webp\" class=\"attachment-pk-thumbnail size-pk-thumbnail wp-post-image\" alt=\"\" \/>\t\t\t\t\t\t\t\t<\/a>\n\t\t\t\t\t\t\t<\/div>\n\t\t\t\t\t\t<\/div>\n\t\t\t\t\t<\/div>\n\t\t\t\t<\/div>\n\t\t\t\t\n\t\t\t\t<div class=\"pk-post-inner\">\n\t\t\t\t\t<header>\n\t\t\t\t\t\t<h3 class=\"pk-title\"><a href=\"https:\/\/webdelmaestrocmf.com\/portal\/mama-ayudame-estafadores-utilizan-la-inteligencia-artificial-para-clonar-voces-y-fingir-emergencias-familiares\/\" rel=\"bookmark\">\u00abMam\u00e1, ay\u00fadame\u00bb: estafadores utilizan la inteligencia artificial para clonar voces y fingir emergencias familiares<\/a><\/h3>\t\t\t\t\t<\/header><!-- .entry-header -->\n\t\t\t\t<\/div><!-- .post-inner -->\n\n\t\t\t<\/div><!-- .post-outer -->\n\t\t<\/article>\n\t\t\t\t<\/div>\n\t\t<\/div>\n\t\t\n","protected":false},"excerpt":{"rendered":"Las pantallas en la infancia afectan lenguaje, cognici\u00f3n y autorregulaci\u00f3n, desplazando la interacci\u00f3n humana. Crece la dependencia a la IA en adolescentes, evidenciando riesgos educativos, emocionales y de desarrollo integral.","protected":false},"author":1,"featured_media":118340,"comment_status":"open","ping_status":"closed","sticky":false,"template":"","format":"standard","meta":{"csco_display_header_overlay":false,"csco_singular_sidebar":"","csco_page_header_type":"","csco_page_load_nextpost":"","csco_post_video_location":[],"csco_post_video_location_hash":"","csco_post_video_url":"","csco_post_video_bg_start_time":0,"csco_post_video_bg_end_time":0,"csco_post_video_bg_volume":false,"_jetpack_memberships_contains_paid_content":false,"footnotes":""},"categories":[23790],"tags":[77,25173,2894,58,25134,5779,24923,25693,19830,25692],"class_list":{"0":"post-118337","1":"post","2":"type-post","3":"status-publish","4":"format-standard","5":"has-post-thumbnail","7":"category-noticias-internacionales","8":"tag-aprendizaje","9":"tag-crianza-responsable","10":"tag-desarrollo-infantil","11":"tag-docentes","12":"tag-educacion-digital-2","13":"tag-inteligencia-artificial","14":"tag-neuroeducacion-2","15":"tag-pantallas-en-ninos","16":"tag-salud-mental-infantil","17":"tag-tecnologia-en-educacion","18":"cs-entry","19":"cs-video-wrap"},"yoast_head":"<!-- This site is optimized with the Yoast SEO plugin v27.4 - https:\/\/yoast.com\/product\/yoast-seo-wordpress\/ -->\n<title>Sociedades m\u00e9dicas advierten con contundencia: &quot;Es el mayor hackeo cerebral de la historia&quot;. &quot;Hay una epidemia de entontecimiento masivo por las pantallas&quot; - 2026<\/title>\n<meta name=\"description\" content=\"La creciente preocupaci\u00f3n por el uso de pantallas en la infancia ha alcanzado un punto cr\u00edtico en la discusi\u00f3n educativa y sanitaria.\" \/>\n<meta name=\"robots\" content=\"index, follow, max-snippet:-1, max-image-preview:large, max-video-preview:-1\" \/>\n<link rel=\"canonical\" href=\"https:\/\/webdelmaestrocmf.com\/portal\/sociedades-medicas-advierten-con-contundencia-es-el-mayor-hackeo-cerebral-de-la-historia-hay-una-epidemia-de-entontecimiento-masivo-por-las-pantallas\/\" \/>\n<meta property=\"og:locale\" content=\"es_ES\" \/>\n<meta property=\"og:type\" content=\"article\" \/>\n<meta property=\"og:title\" content=\"Sociedades m\u00e9dicas advierten con contundencia: &quot;Es el mayor hackeo cerebral de la historia&quot;. &quot;Hay una epidemia de entontecimiento masivo por las pantallas&quot; - 2026\" \/>\n<meta property=\"og:description\" content=\"La creciente preocupaci\u00f3n por el uso de pantallas en la infancia ha alcanzado un punto cr\u00edtico en la discusi\u00f3n educativa y sanitaria.\" \/>\n<meta property=\"og:url\" content=\"https:\/\/webdelmaestrocmf.com\/portal\/sociedades-medicas-advierten-con-contundencia-es-el-mayor-hackeo-cerebral-de-la-historia-hay-una-epidemia-de-entontecimiento-masivo-por-las-pantallas\/\" \/>\n<meta property=\"og:site_name\" content=\"Web del Maestro CMF\" \/>\n<meta property=\"article:publisher\" content=\"https:\/\/www.facebook.com\/WebdelMaestroCMF\/\" \/>\n<meta property=\"article:author\" content=\"https:\/\/www.facebook.com\/WebdelMaestroCMF\/\" \/>\n<meta property=\"article:published_time\" content=\"2026-04-26T22:35:23+00:00\" \/>\n<meta property=\"article:modified_time\" content=\"2026-04-26T22:40:49+00:00\" \/>\n<meta property=\"og:image\" content=\"https:\/\/webdelmaestrocmf.com\/portal\/wp-content\/uploads\/2026\/04\/1AA-Banner-1-portada-imagen-10-1-copia-7-4.webp\" \/>\n\t<meta property=\"og:image:width\" content=\"1200\" \/>\n\t<meta property=\"og:image:height\" content=\"675\" \/>\n\t<meta property=\"og:image:type\" content=\"image\/webp\" \/>\n<meta name=\"author\" content=\"Web del Maestro CMF\" \/>\n<meta name=\"twitter:card\" content=\"summary_large_image\" \/>\n<meta name=\"twitter:creator\" content=\"@cmf_w\" \/>\n<meta name=\"twitter:site\" content=\"@cmf_w\" \/>\n<meta name=\"twitter:label1\" content=\"Escrito por\" \/>\n\t<meta name=\"twitter:data1\" content=\"Web del Maestro CMF\" \/>\n\t<meta name=\"twitter:label2\" content=\"Tiempo de lectura\" \/>\n\t<meta name=\"twitter:data2\" content=\"4 minutos\" \/>\n<script type=\"application\/ld+json\" class=\"yoast-schema-graph\">{\"@context\":\"https:\\\/\\\/schema.org\",\"@graph\":[{\"@type\":\"ScholarlyArticle\",\"@id\":\"https:\\\/\\\/webdelmaestrocmf.com\\\/portal\\\/sociedades-medicas-advierten-con-contundencia-es-el-mayor-hackeo-cerebral-de-la-historia-hay-una-epidemia-de-entontecimiento-masivo-por-las-pantallas\\\/#article\",\"isPartOf\":{\"@id\":\"https:\\\/\\\/webdelmaestrocmf.com\\\/portal\\\/sociedades-medicas-advierten-con-contundencia-es-el-mayor-hackeo-cerebral-de-la-historia-hay-una-epidemia-de-entontecimiento-masivo-por-las-pantallas\\\/\"},\"author\":{\"name\":\"Web del Maestro CMF\",\"@id\":\"https:\\\/\\\/webdelmaestrocmf.com\\\/portal\\\/#\\\/schema\\\/person\\\/1072a2ed7bd960df8ef99a551fa35dc5\"},\"headline\":\"Sociedades m\u00e9dicas advierten con contundencia: \u00abEs el mayor hackeo cerebral de la historia\u00bb. \u00abHay una epidemia de entontecimiento masivo por las pantallas\u00bb\",\"datePublished\":\"2026-04-26T22:35:23+00:00\",\"dateModified\":\"2026-04-26T22:40:49+00:00\",\"mainEntityOfPage\":{\"@id\":\"https:\\\/\\\/webdelmaestrocmf.com\\\/portal\\\/sociedades-medicas-advierten-con-contundencia-es-el-mayor-hackeo-cerebral-de-la-historia-hay-una-epidemia-de-entontecimiento-masivo-por-las-pantallas\\\/\"},\"wordCount\":715,\"commentCount\":0,\"publisher\":{\"@id\":\"https:\\\/\\\/webdelmaestrocmf.com\\\/portal\\\/#organization\"},\"image\":{\"@id\":\"https:\\\/\\\/webdelmaestrocmf.com\\\/portal\\\/sociedades-medicas-advierten-con-contundencia-es-el-mayor-hackeo-cerebral-de-la-historia-hay-una-epidemia-de-entontecimiento-masivo-por-las-pantallas\\\/#primaryimage\"},\"thumbnailUrl\":\"https:\\\/\\\/webdelmaestrocmf.com\\\/portal\\\/wp-content\\\/uploads\\\/2026\\\/04\\\/1AA-Banner-1-portada-imagen-10-1-copia-7-4.webp\",\"keywords\":[\"aprendizaje\",\"crianza responsable\",\"DESARROLLO INFANTIL\",\"DOCENTES\",\"educacion digital\",\"INTELIGENCIA ARTIFICIAL\",\"neuroeducacion\",\"pantallas en ni\u00f1os\",\"Salud mental infantil\",\"tecnologia en educacion\"],\"articleSection\":[\"Noticias Internacionales\"],\"inLanguage\":\"es\",\"potentialAction\":[{\"@type\":\"CommentAction\",\"name\":\"Comment\",\"target\":[\"https:\\\/\\\/webdelmaestrocmf.com\\\/portal\\\/sociedades-medicas-advierten-con-contundencia-es-el-mayor-hackeo-cerebral-de-la-historia-hay-una-epidemia-de-entontecimiento-masivo-por-las-pantallas\\\/#respond\"]}]},{\"@type\":\"WebPage\",\"@id\":\"https:\\\/\\\/webdelmaestrocmf.com\\\/portal\\\/sociedades-medicas-advierten-con-contundencia-es-el-mayor-hackeo-cerebral-de-la-historia-hay-una-epidemia-de-entontecimiento-masivo-por-las-pantallas\\\/\",\"url\":\"https:\\\/\\\/webdelmaestrocmf.com\\\/portal\\\/sociedades-medicas-advierten-con-contundencia-es-el-mayor-hackeo-cerebral-de-la-historia-hay-una-epidemia-de-entontecimiento-masivo-por-las-pantallas\\\/\",\"name\":\"Sociedades m\u00e9dicas advierten con contundencia: \\\"Es el mayor hackeo cerebral de la historia\\\". \\\"Hay una epidemia de entontecimiento masivo por las pantallas\\\" - 2026\",\"isPartOf\":{\"@id\":\"https:\\\/\\\/webdelmaestrocmf.com\\\/portal\\\/#website\"},\"primaryImageOfPage\":{\"@id\":\"https:\\\/\\\/webdelmaestrocmf.com\\\/portal\\\/sociedades-medicas-advierten-con-contundencia-es-el-mayor-hackeo-cerebral-de-la-historia-hay-una-epidemia-de-entontecimiento-masivo-por-las-pantallas\\\/#primaryimage\"},\"image\":{\"@id\":\"https:\\\/\\\/webdelmaestrocmf.com\\\/portal\\\/sociedades-medicas-advierten-con-contundencia-es-el-mayor-hackeo-cerebral-de-la-historia-hay-una-epidemia-de-entontecimiento-masivo-por-las-pantallas\\\/#primaryimage\"},\"thumbnailUrl\":\"https:\\\/\\\/webdelmaestrocmf.com\\\/portal\\\/wp-content\\\/uploads\\\/2026\\\/04\\\/1AA-Banner-1-portada-imagen-10-1-copia-7-4.webp\",\"datePublished\":\"2026-04-26T22:35:23+00:00\",\"dateModified\":\"2026-04-26T22:40:49+00:00\",\"description\":\"La creciente preocupaci\u00f3n por el uso de pantallas en la infancia ha alcanzado un punto cr\u00edtico en la discusi\u00f3n educativa y sanitaria.\",\"breadcrumb\":{\"@id\":\"https:\\\/\\\/webdelmaestrocmf.com\\\/portal\\\/sociedades-medicas-advierten-con-contundencia-es-el-mayor-hackeo-cerebral-de-la-historia-hay-una-epidemia-de-entontecimiento-masivo-por-las-pantallas\\\/#breadcrumb\"},\"inLanguage\":\"es\",\"potentialAction\":[{\"@type\":\"ReadAction\",\"target\":[\"https:\\\/\\\/webdelmaestrocmf.com\\\/portal\\\/sociedades-medicas-advierten-con-contundencia-es-el-mayor-hackeo-cerebral-de-la-historia-hay-una-epidemia-de-entontecimiento-masivo-por-las-pantallas\\\/\"]}]},{\"@type\":\"ImageObject\",\"inLanguage\":\"es\",\"@id\":\"https:\\\/\\\/webdelmaestrocmf.com\\\/portal\\\/sociedades-medicas-advierten-con-contundencia-es-el-mayor-hackeo-cerebral-de-la-historia-hay-una-epidemia-de-entontecimiento-masivo-por-las-pantallas\\\/#primaryimage\",\"url\":\"https:\\\/\\\/webdelmaestrocmf.com\\\/portal\\\/wp-content\\\/uploads\\\/2026\\\/04\\\/1AA-Banner-1-portada-imagen-10-1-copia-7-4.webp\",\"contentUrl\":\"https:\\\/\\\/webdelmaestrocmf.com\\\/portal\\\/wp-content\\\/uploads\\\/2026\\\/04\\\/1AA-Banner-1-portada-imagen-10-1-copia-7-4.webp\",\"width\":1200,\"height\":675},{\"@type\":\"BreadcrumbList\",\"@id\":\"https:\\\/\\\/webdelmaestrocmf.com\\\/portal\\\/sociedades-medicas-advierten-con-contundencia-es-el-mayor-hackeo-cerebral-de-la-historia-hay-una-epidemia-de-entontecimiento-masivo-por-las-pantallas\\\/#breadcrumb\",\"itemListElement\":[{\"@type\":\"ListItem\",\"position\":1,\"name\":\"Portada\",\"item\":\"https:\\\/\\\/webdelmaestrocmf.com\\\/portal\\\/\"},{\"@type\":\"ListItem\",\"position\":2,\"name\":\"Noticias Internacionales\",\"item\":\"https:\\\/\\\/webdelmaestrocmf.com\\\/portal\\\/category\\\/noticias-internacionales\\\/\"},{\"@type\":\"ListItem\",\"position\":3,\"name\":\"Sociedades m\u00e9dicas advierten con contundencia: \u00abEs el mayor hackeo cerebral de la historia\u00bb. \u00abHay una epidemia de entontecimiento masivo por las pantallas\u00bb\"}]},{\"@type\":\"WebSite\",\"@id\":\"https:\\\/\\\/webdelmaestrocmf.com\\\/portal\\\/#website\",\"url\":\"https:\\\/\\\/webdelmaestrocmf.com\\\/portal\\\/\",\"name\":\"Web del Maestro CMF\",\"description\":\"Maestros al servicio de la educaci\u00f3n\",\"publisher\":{\"@id\":\"https:\\\/\\\/webdelmaestrocmf.com\\\/portal\\\/#organization\"},\"alternateName\":\"WMCMF\",\"potentialAction\":[{\"@type\":\"SearchAction\",\"target\":{\"@type\":\"EntryPoint\",\"urlTemplate\":\"https:\\\/\\\/webdelmaestrocmf.com\\\/portal\\\/?s={search_term_string}\"},\"query-input\":{\"@type\":\"PropertyValueSpecification\",\"valueRequired\":true,\"valueName\":\"search_term_string\"}}],\"inLanguage\":\"es\"},{\"@type\":\"Organization\",\"@id\":\"https:\\\/\\\/webdelmaestrocmf.com\\\/portal\\\/#organization\",\"name\":\"Web del Maestro CMF\",\"alternateName\":\"WMCMF\",\"url\":\"https:\\\/\\\/webdelmaestrocmf.com\\\/portal\\\/\",\"logo\":{\"@type\":\"ImageObject\",\"inLanguage\":\"es\",\"@id\":\"https:\\\/\\\/webdelmaestrocmf.com\\\/portal\\\/#\\\/schema\\\/logo\\\/image\\\/\",\"url\":\"https:\\\/\\\/webdelmaestrocmf.com\\\/portal\\\/wp-content\\\/uploads\\\/2023\\\/01\\\/logo-wmcmf-2.png\",\"contentUrl\":\"https:\\\/\\\/webdelmaestrocmf.com\\\/portal\\\/wp-content\\\/uploads\\\/2023\\\/01\\\/logo-wmcmf-2.png\",\"width\":200,\"height\":60,\"caption\":\"Web del Maestro CMF\"},\"image\":{\"@id\":\"https:\\\/\\\/webdelmaestrocmf.com\\\/portal\\\/#\\\/schema\\\/logo\\\/image\\\/\"},\"sameAs\":[\"https:\\\/\\\/www.facebook.com\\\/WebdelMaestroCMF\\\/\",\"https:\\\/\\\/x.com\\\/cmf_w\",\"https:\\\/\\\/www.pinterest.com\\\/WMCMF\\\/\",\"https:\\\/\\\/www.linkedin.com\\\/company\\\/web-del-maestro-cmf\\\/\",\"https:\\\/\\\/www.instagram.com\\\/wmcmf\\\/\",\"https:\\\/\\\/www.youtube.com\\\/channel\\\/UCDPSvjbdodE5sHnC3OxutHw\",\"https:\\\/\\\/mastodon.social\\\/@wmcmf\",\"https:\\\/\\\/www.tiktok.com\\\/@webdelmaestrocmf\"]},{\"@type\":\"Person\",\"@id\":\"https:\\\/\\\/webdelmaestrocmf.com\\\/portal\\\/#\\\/schema\\\/person\\\/1072a2ed7bd960df8ef99a551fa35dc5\",\"name\":\"Web del Maestro CMF\",\"image\":{\"@type\":\"ImageObject\",\"inLanguage\":\"es\",\"@id\":\"https:\\\/\\\/secure.gravatar.com\\\/avatar\\\/23291dd5b5ae1077dcff3dbb04c3e02bd28403fa75af6d8787d5e97c5bbbe30b?s=96&d=mm&r=g\",\"url\":\"https:\\\/\\\/secure.gravatar.com\\\/avatar\\\/23291dd5b5ae1077dcff3dbb04c3e02bd28403fa75af6d8787d5e97c5bbbe30b?s=96&d=mm&r=g\",\"contentUrl\":\"https:\\\/\\\/secure.gravatar.com\\\/avatar\\\/23291dd5b5ae1077dcff3dbb04c3e02bd28403fa75af6d8787d5e97c5bbbe30b?s=96&d=mm&r=g\",\"caption\":\"Web del Maestro CMF\"},\"description\":\"Esta Web se cre\u00f3 sin fines de lucro, con fines educativos, cient\u00edficos y acad\u00e9micos, para personas que tengan dificultades y\\\/o inconvenientes en visualizar el material original. El objetivo es entregar recursos, compartir experiencias y materiales que ayuden a los padres de familia, maestros y estudiantes en su actualizaci\u00f3n y formaci\u00f3n permanente, en bien de la Educaci\u00f3n.\",\"sameAs\":[\"http:\\\/\\\/webdelmaestrocmf.com\\\/portal\",\"https:\\\/\\\/www.facebook.com\\\/WebdelMaestroCMF\\\/\",\"https:\\\/\\\/www.instagram.com\\\/wmcmf\\\/\",\"https:\\\/\\\/cl.linkedin.com\\\/company\\\/web-del-maestro-cmf\",\"https:\\\/\\\/www.pinterest.com\\\/WMCMF\\\/publicaciones\\\/\",\"https:\\\/\\\/x.com\\\/cmf_w\",\"https:\\\/\\\/www.youtube.com\\\/@WMCMF\"]}]}<\/script>\n<!-- \/ Yoast SEO plugin. -->","yoast_head_json":{"title":"Sociedades m\u00e9dicas advierten con contundencia: \"Es el mayor hackeo cerebral de la historia\". \"Hay una epidemia de entontecimiento masivo por las pantallas\" - 2026","description":"La creciente preocupaci\u00f3n por el uso de pantallas en la infancia ha alcanzado un punto cr\u00edtico en la discusi\u00f3n educativa y sanitaria.","robots":{"index":"index","follow":"follow","max-snippet":"max-snippet:-1","max-image-preview":"max-image-preview:large","max-video-preview":"max-video-preview:-1"},"canonical":"https:\/\/webdelmaestrocmf.com\/portal\/sociedades-medicas-advierten-con-contundencia-es-el-mayor-hackeo-cerebral-de-la-historia-hay-una-epidemia-de-entontecimiento-masivo-por-las-pantallas\/","og_locale":"es_ES","og_type":"article","og_title":"Sociedades m\u00e9dicas advierten con contundencia: \"Es el mayor hackeo cerebral de la historia\". \"Hay una epidemia de entontecimiento masivo por las pantallas\" - 2026","og_description":"La creciente preocupaci\u00f3n por el uso de pantallas en la infancia ha alcanzado un punto cr\u00edtico en la discusi\u00f3n educativa y sanitaria.","og_url":"https:\/\/webdelmaestrocmf.com\/portal\/sociedades-medicas-advierten-con-contundencia-es-el-mayor-hackeo-cerebral-de-la-historia-hay-una-epidemia-de-entontecimiento-masivo-por-las-pantallas\/","og_site_name":"Web del Maestro CMF","article_publisher":"https:\/\/www.facebook.com\/WebdelMaestroCMF\/","article_author":"https:\/\/www.facebook.com\/WebdelMaestroCMF\/","article_published_time":"2026-04-26T22:35:23+00:00","article_modified_time":"2026-04-26T22:40:49+00:00","og_image":[{"width":1200,"height":675,"url":"https:\/\/webdelmaestrocmf.com\/portal\/wp-content\/uploads\/2026\/04\/1AA-Banner-1-portada-imagen-10-1-copia-7-4.webp","type":"image\/webp"}],"author":"Web del Maestro CMF","twitter_card":"summary_large_image","twitter_creator":"@cmf_w","twitter_site":"@cmf_w","twitter_misc":{"Escrito por":"Web del Maestro CMF","Tiempo de lectura":"4 minutos"},"schema":{"@context":"https:\/\/schema.org","@graph":[{"@type":"ScholarlyArticle","@id":"https:\/\/webdelmaestrocmf.com\/portal\/sociedades-medicas-advierten-con-contundencia-es-el-mayor-hackeo-cerebral-de-la-historia-hay-una-epidemia-de-entontecimiento-masivo-por-las-pantallas\/#article","isPartOf":{"@id":"https:\/\/webdelmaestrocmf.com\/portal\/sociedades-medicas-advierten-con-contundencia-es-el-mayor-hackeo-cerebral-de-la-historia-hay-una-epidemia-de-entontecimiento-masivo-por-las-pantallas\/"},"author":{"name":"Web del Maestro CMF","@id":"https:\/\/webdelmaestrocmf.com\/portal\/#\/schema\/person\/1072a2ed7bd960df8ef99a551fa35dc5"},"headline":"Sociedades m\u00e9dicas advierten con contundencia: \u00abEs el mayor hackeo cerebral de la historia\u00bb. \u00abHay una epidemia de entontecimiento masivo por las pantallas\u00bb","datePublished":"2026-04-26T22:35:23+00:00","dateModified":"2026-04-26T22:40:49+00:00","mainEntityOfPage":{"@id":"https:\/\/webdelmaestrocmf.com\/portal\/sociedades-medicas-advierten-con-contundencia-es-el-mayor-hackeo-cerebral-de-la-historia-hay-una-epidemia-de-entontecimiento-masivo-por-las-pantallas\/"},"wordCount":715,"commentCount":0,"publisher":{"@id":"https:\/\/webdelmaestrocmf.com\/portal\/#organization"},"image":{"@id":"https:\/\/webdelmaestrocmf.com\/portal\/sociedades-medicas-advierten-con-contundencia-es-el-mayor-hackeo-cerebral-de-la-historia-hay-una-epidemia-de-entontecimiento-masivo-por-las-pantallas\/#primaryimage"},"thumbnailUrl":"https:\/\/webdelmaestrocmf.com\/portal\/wp-content\/uploads\/2026\/04\/1AA-Banner-1-portada-imagen-10-1-copia-7-4.webp","keywords":["aprendizaje","crianza responsable","DESARROLLO INFANTIL","DOCENTES","educacion digital","INTELIGENCIA ARTIFICIAL","neuroeducacion","pantallas en ni\u00f1os","Salud mental infantil","tecnologia en educacion"],"articleSection":["Noticias Internacionales"],"inLanguage":"es","potentialAction":[{"@type":"CommentAction","name":"Comment","target":["https:\/\/webdelmaestrocmf.com\/portal\/sociedades-medicas-advierten-con-contundencia-es-el-mayor-hackeo-cerebral-de-la-historia-hay-una-epidemia-de-entontecimiento-masivo-por-las-pantallas\/#respond"]}]},{"@type":"WebPage","@id":"https:\/\/webdelmaestrocmf.com\/portal\/sociedades-medicas-advierten-con-contundencia-es-el-mayor-hackeo-cerebral-de-la-historia-hay-una-epidemia-de-entontecimiento-masivo-por-las-pantallas\/","url":"https:\/\/webdelmaestrocmf.com\/portal\/sociedades-medicas-advierten-con-contundencia-es-el-mayor-hackeo-cerebral-de-la-historia-hay-una-epidemia-de-entontecimiento-masivo-por-las-pantallas\/","name":"Sociedades m\u00e9dicas advierten con contundencia: \"Es el mayor hackeo cerebral de la historia\". \"Hay una epidemia de entontecimiento masivo por las pantallas\" - 2026","isPartOf":{"@id":"https:\/\/webdelmaestrocmf.com\/portal\/#website"},"primaryImageOfPage":{"@id":"https:\/\/webdelmaestrocmf.com\/portal\/sociedades-medicas-advierten-con-contundencia-es-el-mayor-hackeo-cerebral-de-la-historia-hay-una-epidemia-de-entontecimiento-masivo-por-las-pantallas\/#primaryimage"},"image":{"@id":"https:\/\/webdelmaestrocmf.com\/portal\/sociedades-medicas-advierten-con-contundencia-es-el-mayor-hackeo-cerebral-de-la-historia-hay-una-epidemia-de-entontecimiento-masivo-por-las-pantallas\/#primaryimage"},"thumbnailUrl":"https:\/\/webdelmaestrocmf.com\/portal\/wp-content\/uploads\/2026\/04\/1AA-Banner-1-portada-imagen-10-1-copia-7-4.webp","datePublished":"2026-04-26T22:35:23+00:00","dateModified":"2026-04-26T22:40:49+00:00","description":"La creciente preocupaci\u00f3n por el uso de pantallas en la infancia ha alcanzado un punto cr\u00edtico en la discusi\u00f3n educativa y sanitaria.","breadcrumb":{"@id":"https:\/\/webdelmaestrocmf.com\/portal\/sociedades-medicas-advierten-con-contundencia-es-el-mayor-hackeo-cerebral-de-la-historia-hay-una-epidemia-de-entontecimiento-masivo-por-las-pantallas\/#breadcrumb"},"inLanguage":"es","potentialAction":[{"@type":"ReadAction","target":["https:\/\/webdelmaestrocmf.com\/portal\/sociedades-medicas-advierten-con-contundencia-es-el-mayor-hackeo-cerebral-de-la-historia-hay-una-epidemia-de-entontecimiento-masivo-por-las-pantallas\/"]}]},{"@type":"ImageObject","inLanguage":"es","@id":"https:\/\/webdelmaestrocmf.com\/portal\/sociedades-medicas-advierten-con-contundencia-es-el-mayor-hackeo-cerebral-de-la-historia-hay-una-epidemia-de-entontecimiento-masivo-por-las-pantallas\/#primaryimage","url":"https:\/\/webdelmaestrocmf.com\/portal\/wp-content\/uploads\/2026\/04\/1AA-Banner-1-portada-imagen-10-1-copia-7-4.webp","contentUrl":"https:\/\/webdelmaestrocmf.com\/portal\/wp-content\/uploads\/2026\/04\/1AA-Banner-1-portada-imagen-10-1-copia-7-4.webp","width":1200,"height":675},{"@type":"BreadcrumbList","@id":"https:\/\/webdelmaestrocmf.com\/portal\/sociedades-medicas-advierten-con-contundencia-es-el-mayor-hackeo-cerebral-de-la-historia-hay-una-epidemia-de-entontecimiento-masivo-por-las-pantallas\/#breadcrumb","itemListElement":[{"@type":"ListItem","position":1,"name":"Portada","item":"https:\/\/webdelmaestrocmf.com\/portal\/"},{"@type":"ListItem","position":2,"name":"Noticias Internacionales","item":"https:\/\/webdelmaestrocmf.com\/portal\/category\/noticias-internacionales\/"},{"@type":"ListItem","position":3,"name":"Sociedades m\u00e9dicas advierten con contundencia: \u00abEs el mayor hackeo cerebral de la historia\u00bb. \u00abHay una epidemia de entontecimiento masivo por las pantallas\u00bb"}]},{"@type":"WebSite","@id":"https:\/\/webdelmaestrocmf.com\/portal\/#website","url":"https:\/\/webdelmaestrocmf.com\/portal\/","name":"Web del Maestro CMF","description":"Maestros al servicio de la educaci\u00f3n","publisher":{"@id":"https:\/\/webdelmaestrocmf.com\/portal\/#organization"},"alternateName":"WMCMF","potentialAction":[{"@type":"SearchAction","target":{"@type":"EntryPoint","urlTemplate":"https:\/\/webdelmaestrocmf.com\/portal\/?s={search_term_string}"},"query-input":{"@type":"PropertyValueSpecification","valueRequired":true,"valueName":"search_term_string"}}],"inLanguage":"es"},{"@type":"Organization","@id":"https:\/\/webdelmaestrocmf.com\/portal\/#organization","name":"Web del Maestro CMF","alternateName":"WMCMF","url":"https:\/\/webdelmaestrocmf.com\/portal\/","logo":{"@type":"ImageObject","inLanguage":"es","@id":"https:\/\/webdelmaestrocmf.com\/portal\/#\/schema\/logo\/image\/","url":"https:\/\/webdelmaestrocmf.com\/portal\/wp-content\/uploads\/2023\/01\/logo-wmcmf-2.png","contentUrl":"https:\/\/webdelmaestrocmf.com\/portal\/wp-content\/uploads\/2023\/01\/logo-wmcmf-2.png","width":200,"height":60,"caption":"Web del Maestro CMF"},"image":{"@id":"https:\/\/webdelmaestrocmf.com\/portal\/#\/schema\/logo\/image\/"},"sameAs":["https:\/\/www.facebook.com\/WebdelMaestroCMF\/","https:\/\/x.com\/cmf_w","https:\/\/www.pinterest.com\/WMCMF\/","https:\/\/www.linkedin.com\/company\/web-del-maestro-cmf\/","https:\/\/www.instagram.com\/wmcmf\/","https:\/\/www.youtube.com\/channel\/UCDPSvjbdodE5sHnC3OxutHw","https:\/\/mastodon.social\/@wmcmf","https:\/\/www.tiktok.com\/@webdelmaestrocmf"]},{"@type":"Person","@id":"https:\/\/webdelmaestrocmf.com\/portal\/#\/schema\/person\/1072a2ed7bd960df8ef99a551fa35dc5","name":"Web del Maestro CMF","image":{"@type":"ImageObject","inLanguage":"es","@id":"https:\/\/secure.gravatar.com\/avatar\/23291dd5b5ae1077dcff3dbb04c3e02bd28403fa75af6d8787d5e97c5bbbe30b?s=96&d=mm&r=g","url":"https:\/\/secure.gravatar.com\/avatar\/23291dd5b5ae1077dcff3dbb04c3e02bd28403fa75af6d8787d5e97c5bbbe30b?s=96&d=mm&r=g","contentUrl":"https:\/\/secure.gravatar.com\/avatar\/23291dd5b5ae1077dcff3dbb04c3e02bd28403fa75af6d8787d5e97c5bbbe30b?s=96&d=mm&r=g","caption":"Web del Maestro CMF"},"description":"Esta Web se cre\u00f3 sin fines de lucro, con fines educativos, cient\u00edficos y acad\u00e9micos, para personas que tengan dificultades y\/o inconvenientes en visualizar el material original. El objetivo es entregar recursos, compartir experiencias y materiales que ayuden a los padres de familia, maestros y estudiantes en su actualizaci\u00f3n y formaci\u00f3n permanente, en bien de la Educaci\u00f3n.","sameAs":["http:\/\/webdelmaestrocmf.com\/portal","https:\/\/www.facebook.com\/WebdelMaestroCMF\/","https:\/\/www.instagram.com\/wmcmf\/","https:\/\/cl.linkedin.com\/company\/web-del-maestro-cmf","https:\/\/www.pinterest.com\/WMCMF\/publicaciones\/","https:\/\/x.com\/cmf_w","https:\/\/www.youtube.com\/@WMCMF"]}]}},"jetpack_featured_media_url":"https:\/\/webdelmaestrocmf.com\/portal\/wp-content\/uploads\/2026\/04\/1AA-Banner-1-portada-imagen-10-1-copia-7-4.webp","jetpack_sharing_enabled":true,"jetpack-related-posts":[{"id":111652,"url":"https:\/\/webdelmaestrocmf.com\/portal\/las-sociedades-medicas-se-unen-por-primera-vez-para-instar-a-que-los-adolescentes-no-vean-mas-de-2-horas-al-dia-de-pantallas-crean-adiccion-como-las-tragaperras\/","url_meta":{"origin":118337,"position":0},"title":"Las sociedades m\u00e9dicas se unen por primera vez para instar a que los adolescentes no vean m\u00e1s de 2 horas al d\u00eda de pantallas: \u00abCrean adicci\u00f3n como las tragaperras\u00bb","author":"Web del Maestro CMF","date":"1 agosto, 2025","format":false,"excerpt":"La sobreexposici\u00f3n a pantallas est\u00e1 afectando el desarrollo cerebral, emocional y social de ni\u00f1os y adolescentes, advierten expertos en salud.","rel":"","context":"En \u00abNoticias Internacionales\u00bb","block_context":{"text":"Noticias Internacionales","link":"https:\/\/webdelmaestrocmf.com\/portal\/category\/noticias-internacionales\/"},"img":{"alt_text":"","src":"https:\/\/i0.wp.com\/webdelmaestrocmf.com\/portal\/wp-content\/uploads\/2025\/08\/1A-Banner-1-portada-imagen-10-1-copia-1.webp?resize=350%2C200&ssl=1","width":350,"height":200,"srcset":"https:\/\/i0.wp.com\/webdelmaestrocmf.com\/portal\/wp-content\/uploads\/2025\/08\/1A-Banner-1-portada-imagen-10-1-copia-1.webp?resize=350%2C200&ssl=1 1x, https:\/\/i0.wp.com\/webdelmaestrocmf.com\/portal\/wp-content\/uploads\/2025\/08\/1A-Banner-1-portada-imagen-10-1-copia-1.webp?resize=525%2C300&ssl=1 1.5x, https:\/\/i0.wp.com\/webdelmaestrocmf.com\/portal\/wp-content\/uploads\/2025\/08\/1A-Banner-1-portada-imagen-10-1-copia-1.webp?resize=700%2C400&ssl=1 2x"},"classes":[]},{"id":116649,"url":"https:\/\/webdelmaestrocmf.com\/portal\/maria-couso-pedagoga-muchos-docentes-siguen-creyendo-que-se-pierde-el-tiempo-jugando-cuando-es-justo-lo-contrario\/","url_meta":{"origin":118337,"position":1},"title":"Mar\u00eda Couso, pedagoga: \u201cMuchos docentes siguen creyendo que se pierde el tiempo jugando, cuando es justo lo contrario\u201d","author":"Web del Maestro CMF","date":"20 marzo, 2026","format":false,"excerpt":"El juego no es p\u00e9rdida de tiempo, es clave para desarrollar atenci\u00f3n, memoria, emociones y habilidades sociales, siendo una herramienta educativa esencial frente al exceso de pantallas en la infancia actual.","rel":"","context":"En \u00abEntrevistas\u00bb","block_context":{"text":"Entrevistas","link":"https:\/\/webdelmaestrocmf.com\/portal\/category\/noticias\/entrevistas\/"},"img":{"alt_text":"","src":"https:\/\/i0.wp.com\/webdelmaestrocmf.com\/portal\/wp-content\/uploads\/2026\/03\/1AA-Banner-1-portada-imagen-10-1-copia-4-1.webp?resize=350%2C200&ssl=1","width":350,"height":200,"srcset":"https:\/\/i0.wp.com\/webdelmaestrocmf.com\/portal\/wp-content\/uploads\/2026\/03\/1AA-Banner-1-portada-imagen-10-1-copia-4-1.webp?resize=350%2C200&ssl=1 1x, https:\/\/i0.wp.com\/webdelmaestrocmf.com\/portal\/wp-content\/uploads\/2026\/03\/1AA-Banner-1-portada-imagen-10-1-copia-4-1.webp?resize=525%2C300&ssl=1 1.5x, https:\/\/i0.wp.com\/webdelmaestrocmf.com\/portal\/wp-content\/uploads\/2026\/03\/1AA-Banner-1-portada-imagen-10-1-copia-4-1.webp?resize=700%2C400&ssl=1 2x, https:\/\/i0.wp.com\/webdelmaestrocmf.com\/portal\/wp-content\/uploads\/2026\/03\/1AA-Banner-1-portada-imagen-10-1-copia-4-1.webp?resize=1050%2C600&ssl=1 3x"},"classes":[]},{"id":14459,"url":"https:\/\/webdelmaestrocmf.com\/portal\/flor-carrozza-nazhira-presenta-libro-bebes-entornos-cotidianos\/","url_meta":{"origin":118337,"position":2},"title":"[Flor Carrozza] Nazhira presenta el libro \u201cBeb\u00e9s en sus entornos cotidianos\u201d","author":"Web del Maestro CMF","date":"9 febrero, 2017","format":false,"excerpt":"Editorial Nazhira\u00a0Primera Infancia, presenta para las mam\u00e1s, los pap\u00e1s y los adultos responsables de la crianza, as\u00ed como para el gran desaf\u00edo de ser docente de maternal, \u201cBeb\u00e9s en sus entornos cotidianos\u201d\u00a0de\u00a0Luc\u00eda Moreau de Linares,\u00a0un libro para conocer c\u00f3mo aprenden los ni\u00f1os desde que nacen, cu\u00e1les son sus necesidades y\u2026","rel":"","context":"En \u00abZ-Colaboradores\u00bb","block_context":{"text":"Z-Colaboradores","link":"https:\/\/webdelmaestrocmf.com\/portal\/category\/colaborador\/"},"img":{"alt_text":"","src":"https:\/\/i0.wp.com\/webdelmaestrocmf.com\/portal\/wp-content\/uploads\/2017\/02\/A12B3C4D-28.jpg?resize=350%2C200&ssl=1","width":350,"height":200,"srcset":"https:\/\/i0.wp.com\/webdelmaestrocmf.com\/portal\/wp-content\/uploads\/2017\/02\/A12B3C4D-28.jpg?resize=350%2C200&ssl=1 1x, https:\/\/i0.wp.com\/webdelmaestrocmf.com\/portal\/wp-content\/uploads\/2017\/02\/A12B3C4D-28.jpg?resize=525%2C300&ssl=1 1.5x, https:\/\/i0.wp.com\/webdelmaestrocmf.com\/portal\/wp-content\/uploads\/2017\/02\/A12B3C4D-28.jpg?resize=700%2C400&ssl=1 2x"},"classes":[]},{"id":107494,"url":"https:\/\/webdelmaestrocmf.com\/portal\/la-neuroplasticidad-en-el-aula-como-los-docentes-pueden-aprovecharla\/","url_meta":{"origin":118337,"position":3},"title":"La neuroplasticidad en el aula: c\u00f3mo los docentes pueden aprovecharla","author":"Web del Maestro CMF","date":"14 enero, 2025","format":false,"excerpt":"La neuroplasticidad, la capacidad del cerebro para adaptarse y cambiar a lo largo de la vida, es un concepto revolucionario que ofrece a los docentes la posibilidad de transformar sus pr\u00e1cticas pedag\u00f3gicas. Al comprender c\u00f3mo funciona el cerebro y aplicar este conocimiento en el aula, los educadores pueden crear experiencias\u2026","rel":"","context":"En \u00abNeurociencia\u00bb","block_context":{"text":"Neurociencia","link":"https:\/\/webdelmaestrocmf.com\/portal\/category\/pedagogia\/neurociencia\/"},"img":{"alt_text":"","src":"https:\/\/i0.wp.com\/webdelmaestrocmf.com\/portal\/wp-content\/uploads\/2025\/01\/1A-Banner-1-portada-imagen-10-1-1-1.jpg?resize=350%2C200&ssl=1","width":350,"height":200,"srcset":"https:\/\/i0.wp.com\/webdelmaestrocmf.com\/portal\/wp-content\/uploads\/2025\/01\/1A-Banner-1-portada-imagen-10-1-1-1.jpg?resize=350%2C200&ssl=1 1x, https:\/\/i0.wp.com\/webdelmaestrocmf.com\/portal\/wp-content\/uploads\/2025\/01\/1A-Banner-1-portada-imagen-10-1-1-1.jpg?resize=525%2C300&ssl=1 1.5x, https:\/\/i0.wp.com\/webdelmaestrocmf.com\/portal\/wp-content\/uploads\/2025\/01\/1A-Banner-1-portada-imagen-10-1-1-1.jpg?resize=700%2C400&ssl=1 2x"},"classes":[]},{"id":22967,"url":"https:\/\/webdelmaestrocmf.com\/portal\/libro-docentes-neuropsicologia-del-desarrollo-infantil\/","url_meta":{"origin":118337,"position":4},"title":"Libro para docentes y psic\u00f3logos: Neuropsicolog\u00eda del desarrollo infantil","author":"Web del Maestro CMF","date":"20 marzo, 2022","format":false,"excerpt":"La obra se divide en cuatro secciones. La primera secci\u00f3n incluye una Introducci\u00f3n al tema donde se describe la historia de la neuropsicolog\u00eda infantil, se analiza el desarrollo de los ni\u00f1os desde la perspectiva neuropsicol\u00f3gica y su relaci\u00f3n con la maduraci\u00f3n del sistema nervioso, apoyados por t\u00e9cnicas de neuroimagen. Adem\u00e1s\u2026","rel":"","context":"En \u00abLibros\u00bb","block_context":{"text":"Libros","link":"https:\/\/webdelmaestrocmf.com\/portal\/category\/pedagogia\/libros\/"},"img":{"alt_text":"","src":"https:\/\/i0.wp.com\/webdelmaestrocmf.com\/portal\/wp-content\/uploads\/2022\/03\/1-43.jpg?resize=350%2C200&ssl=1","width":350,"height":200,"srcset":"https:\/\/i0.wp.com\/webdelmaestrocmf.com\/portal\/wp-content\/uploads\/2022\/03\/1-43.jpg?resize=350%2C200&ssl=1 1x, https:\/\/i0.wp.com\/webdelmaestrocmf.com\/portal\/wp-content\/uploads\/2022\/03\/1-43.jpg?resize=525%2C300&ssl=1 1.5x, https:\/\/i0.wp.com\/webdelmaestrocmf.com\/portal\/wp-content\/uploads\/2022\/03\/1-43.jpg?resize=700%2C400&ssl=1 2x, https:\/\/i0.wp.com\/webdelmaestrocmf.com\/portal\/wp-content\/uploads\/2022\/03\/1-43.jpg?resize=1050%2C600&ssl=1 3x"},"classes":[]},{"id":8956,"url":"https:\/\/webdelmaestrocmf.com\/portal\/alerta-padres-estas-son-las-enfermedades-que-celulares-provocan-a-los-ninos-y-no-lo-sabes\/","url_meta":{"origin":118337,"position":5},"title":"Enfermedades que los celulares provocan a los ni\u00f1os","author":"Web del Maestro CMF","date":"20 febrero, 2020","format":false,"excerpt":"El uso excesivo de celulares en ni\u00f1os puede afectar su desarrollo cerebral, atenci\u00f3n, sue\u00f1o y salud mental, generando adicci\u00f3n, sedentarismo y dificultades sociales, lo que exige l\u00edmites y supervisi\u00f3n parental.","rel":"","context":"En \u00abTecnolog\u00eda\u00bb","block_context":{"text":"Tecnolog\u00eda","link":"https:\/\/webdelmaestrocmf.com\/portal\/category\/tecnologia\/"},"img":{"alt_text":"","src":"https:\/\/i0.wp.com\/webdelmaestrocmf.com\/portal\/wp-content\/uploads\/2020\/02\/Banner-1-portada-imagen-10-1-3-2.jpg?resize=350%2C200&ssl=1","width":350,"height":200,"srcset":"https:\/\/i0.wp.com\/webdelmaestrocmf.com\/portal\/wp-content\/uploads\/2020\/02\/Banner-1-portada-imagen-10-1-3-2.jpg?resize=350%2C200&ssl=1 1x, https:\/\/i0.wp.com\/webdelmaestrocmf.com\/portal\/wp-content\/uploads\/2020\/02\/Banner-1-portada-imagen-10-1-3-2.jpg?resize=525%2C300&ssl=1 1.5x, https:\/\/i0.wp.com\/webdelmaestrocmf.com\/portal\/wp-content\/uploads\/2020\/02\/Banner-1-portada-imagen-10-1-3-2.jpg?resize=700%2C400&ssl=1 2x"},"classes":[]}],"_links":{"self":[{"href":"https:\/\/webdelmaestrocmf.com\/portal\/wp-json\/wp\/v2\/posts\/118337","targetHints":{"allow":["GET"]}}],"collection":[{"href":"https:\/\/webdelmaestrocmf.com\/portal\/wp-json\/wp\/v2\/posts"}],"about":[{"href":"https:\/\/webdelmaestrocmf.com\/portal\/wp-json\/wp\/v2\/types\/post"}],"author":[{"embeddable":true,"href":"https:\/\/webdelmaestrocmf.com\/portal\/wp-json\/wp\/v2\/users\/1"}],"replies":[{"embeddable":true,"href":"https:\/\/webdelmaestrocmf.com\/portal\/wp-json\/wp\/v2\/comments?post=118337"}],"version-history":[{"count":1,"href":"https:\/\/webdelmaestrocmf.com\/portal\/wp-json\/wp\/v2\/posts\/118337\/revisions"}],"predecessor-version":[{"id":118339,"href":"https:\/\/webdelmaestrocmf.com\/portal\/wp-json\/wp\/v2\/posts\/118337\/revisions\/118339"}],"wp:featuredmedia":[{"embeddable":true,"href":"https:\/\/webdelmaestrocmf.com\/portal\/wp-json\/wp\/v2\/media\/118340"}],"wp:attachment":[{"href":"https:\/\/webdelmaestrocmf.com\/portal\/wp-json\/wp\/v2\/media?parent=118337"}],"wp:term":[{"taxonomy":"category","embeddable":true,"href":"https:\/\/webdelmaestrocmf.com\/portal\/wp-json\/wp\/v2\/categories?post=118337"},{"taxonomy":"post_tag","embeddable":true,"href":"https:\/\/webdelmaestrocmf.com\/portal\/wp-json\/wp\/v2\/tags?post=118337"}],"curies":[{"name":"wp","href":"https:\/\/api.w.org\/{rel}","templated":true}]}}