{"id":118324,"date":"2026-04-26T13:58:48","date_gmt":"2026-04-26T17:58:48","guid":{"rendered":"https:\/\/webdelmaestrocmf.com\/portal\/?p=118324"},"modified":"2026-04-26T14:01:14","modified_gmt":"2026-04-26T18:01:14","slug":"la-administracion-educativa-el-pilar-silencioso-que-sostiene-la-escuela-administrar-o-gestionar-una-comunidad-educativa-es-lo-mismo","status":"publish","type":"post","link":"https:\/\/webdelmaestrocmf.com\/portal\/la-administracion-educativa-el-pilar-silencioso-que-sostiene-la-escuela-administrar-o-gestionar-una-comunidad-educativa-es-lo-mismo\/","title":{"rendered":"La administraci\u00f3n educativa: el pilar silencioso que sostiene la escuela. \u00bfAdministrar o gestionar una comunidad educativa es lo mismo?"},"content":{"rendered":"\n<p>En casi todas nuestras comunidades educativas -con algunas excepciones- existe<strong> un equipo que muchas veces pasa desapercibido<\/strong>: el personal administrativo. Aunque su labor suele considerarse rutinaria o secundaria, es esencial. Estos profesionales <strong>organizan, coordinan y hacen posible que las actividades escolares funcionen<\/strong> d\u00eda a d\u00eda, aportando compromiso, creatividad y eficacia. Como se\u00f1ala Philippe Meirieu, <em>\u201cla escuela solo puede ense\u00f1ar si puede funcionar, y para funcionar necesita ser organizada con sentido pedag\u00f3gico\u201d, optimizando la organizaci\u00f3n, gestionando recursos (financieros, humanos y materiales), con personal auxiliar administrativo que facilita la comunicaci\u00f3n entre profesores, estudiantes y padres de familia, el uso y cuidado de la infraestructura y material did\u00e1ctico, proporcionando adem\u00e1s la informaci\u00f3n y los datos para la toma de decisiones estrat\u00e9gicas. Esto permite que los docentes se enfoquen en la ense\u00f1anza, la instituci\u00f3n funcione de manera m\u00e1s eficiente y se mejore la calidad educativa general.<\/em><\/p>\n\n\n\n<p><strong>Publicaci\u00f3n recomendada:<\/strong> <\/p>\n\n\n\n<figure class=\"wp-block-embed is-type-wp-embed is-provider-web-del-maestro-cmf wp-block-embed-web-del-maestro-cmf\"><div class=\"wp-block-embed__wrapper\">\n<blockquote class=\"wp-embedded-content\" data-secret=\"moqZVPSHoM\"><a href=\"https:\/\/webdelmaestrocmf.com\/portal\/el-lastre-de-la-burocracia-cuando-ensenar-pasa-a-segundo-plano\/\">El lastre de la burocracia: cuando ense\u00f1ar pasa a segundo plano<\/a><\/blockquote><iframe loading=\"lazy\" class=\"wp-embedded-content\" sandbox=\"allow-scripts\" security=\"restricted\" style=\"position: absolute; visibility: hidden;\" title=\"\u00abEl lastre de la burocracia: cuando ense\u00f1ar pasa a segundo plano\u00bb \u2014 Web del Maestro CMF\" src=\"https:\/\/webdelmaestrocmf.com\/portal\/el-lastre-de-la-burocracia-cuando-ensenar-pasa-a-segundo-plano\/embed\/#?secret=a8a3512BBI#?secret=moqZVPSHoM\" data-secret=\"moqZVPSHoM\" width=\"600\" height=\"338\" frameborder=\"0\" marginwidth=\"0\" marginheight=\"0\" scrolling=\"no\"><\/iframe>\n<\/div><\/figure>\n\n\n\n<h2 class=\"wp-block-heading\"><strong>\u00bfQu\u00e9 es la administraci\u00f3n educativa?<\/strong><\/h2>\n\n\n\n<p>La administraci\u00f3n educativa es <strong>una especializaci\u00f3n dentro de la administraci\u00f3n general<\/strong>. Toma sus principios fundamentales -planificaci\u00f3n, organizaci\u00f3n, direcci\u00f3n y control- y los <strong>adapta al contexto educativo. a esa escuela, en ese lugar y con esas personas, <\/strong>para asegurar el buen funcionamiento institucional, desde la infraestructura hasta la mejora del aprendizaje. No solo debe adaptarse a lo digital: <strong>debe liderar esa transformaci\u00f3n con visi\u00f3n pedag\u00f3gica y sentido de justicia<\/strong>. Como afirma Michael Fullan: <em>\u201cEl liderazgo eficaz en educaci\u00f3n combina tecnolog\u00eda, prop\u00f3sito y equidad para lograr un cambio real.\u201d<\/em><\/p>\n\n\n\n<p><em>La administraci\u00f3n educativa, en todo centro educativo no es un ornamento o un grupo humano u oficinas para orientar, sino que \u201c<strong>debe ser emprendedora, visionaria, transparente, creativa, basada en la comunicaci\u00f3n y en la participaci\u00f3n<\/strong>, pero tambi\u00e9n no debe dejar por fuera los valores o principios morales que la definen como organizaci\u00f3n\u201d <\/em>a un centro educativo. (cf Mar\u00eda Elena Hill, Universidad de Panam\u00e1). La <em>\u201cadministraci\u00f3n <strong>es la herramienta, la funci\u00f3n o el instrumento que hace que las organizaciones sean capaces de generar resultados y producir desarrollo<\/strong>\u201d. (Idalberto Chiavenato).<\/em><\/p>\n\n\n\n<p>Principios compartidos con la administraci\u00f3n general:<\/p>\n\n\n\n<ul class=\"wp-block-list\">\n<li><strong>Organizaci\u00f3n estructural<\/strong>: Uso de jerarqu\u00edas, divisi\u00f3n del trabajo y coordinaci\u00f3n eficiente.<\/li>\n\n\n\n<li><strong>Gesti\u00f3n de recursos<\/strong>: Manejo responsable de los recursos humanos, materiales y financieros.<\/li>\n\n\n\n<li><strong>Planificaci\u00f3n estrat\u00e9gica<\/strong>: Toma de decisiones orientadas a cumplir objetivos educativos a corto y largo plazo.<\/li>\n\n\n\n<li><strong>Evaluaci\u00f3n y mejora:<\/strong> Implementaci\u00f3n de sistemas de control y evaluaci\u00f3n del desempe\u00f1o institucional y pedag\u00f3gico.<\/li>\n<\/ul>\n\n\n\n<p>Seg\u00fan el pedagogo brit\u00e1nico Lawrence Stenhouse, <strong><em>\u201cuna escuela no se mejora solo con ideas pedag\u00f3gicas; se mejora cuando esas ideas se articulan con una gesti\u00f3n s\u00f3lida y orientada a la misi\u00f3n educativa\u201d<\/em><\/strong><em>.<\/em> Esta afirmaci\u00f3n nos recuerda que so\u00f1ar con una escuela mejor es muy importante, porque nos manifiesta que hay vida, pero no es suficiente: <strong>necesitamos transformar esos ideales en planes concretos<\/strong>, sostenidos por una gesti\u00f3n comprometida y vinculada a toda actividad burocr\u00e1tica.<\/p>\n\n\n\n<p>Cuando una comunidad educativa tiene una <strong>visi\u00f3n clara, compartida y asumida por todos sobre el tipo de escuela que desea construir<\/strong>, se crea un ambiente propicio para la innovaci\u00f3n, la creatividad y el trabajo colaborativo. En este contexto, <strong>el rol del administrador educativo no es solo t\u00e9cnico, sino tambi\u00e9n inspirador:<\/strong> su tarea es motivar, alinear esfuerzos y sostener el \u00e1nimo colectivo para que los objetivos no se queden en el papel, sino que se conviertan en acciones reales y transformadoras.<\/p>\n\n\n\n<p>\u00bfSu equipo administrativo da esta talla? \u00bfCada cu\u00e1nto tiempo verifica el rumbo administrativo de su comunidad educativa? \u00bfQu\u00e9 capacidad tiene su personal administrativo para no anquilosarse en lo que est\u00e1 haciendo?<\/p>\n\n\n\n<p>Como afirmaba Thomas Alva Edison, \u201c<em>la buena fortuna es lo que ocurre cuando la oportunidad se encuentra con la planificaci\u00f3n\u201d.<\/em> En educaci\u00f3n, esa \u00abfortuna\u00bb es el logro de aprendizajes significativos, ambientes sanos y comunidades comprometidas, fruto de una gesti\u00f3n que une visi\u00f3n, organizaci\u00f3n y voluntad de mejora.<\/p>\n\n\n\n<p><strong>Publicaci\u00f3n relacionada:<\/strong> <\/p>\n\n\n\n<figure class=\"wp-block-embed is-type-wp-embed is-provider-web-del-maestro-cmf wp-block-embed-web-del-maestro-cmf\"><div class=\"wp-block-embed__wrapper\">\n<blockquote class=\"wp-embedded-content\" data-secret=\"ClrGywK97Z\"><a href=\"https:\/\/webdelmaestrocmf.com\/portal\/los-educadores-debemos-trabajar-siempre-juntos-y-en-equipo-y-con-el-dialogo-como-la-herramienta\/\">Los educadores debemos trabajar siempre juntos y en equipo. Y con el di\u00e1logo como la herramienta<\/a><\/blockquote><iframe loading=\"lazy\" class=\"wp-embedded-content\" sandbox=\"allow-scripts\" security=\"restricted\" style=\"position: absolute; visibility: hidden;\" title=\"\u00abLos educadores debemos trabajar siempre juntos y en equipo. Y con el di\u00e1logo como la herramienta\u00bb \u2014 Web del Maestro CMF\" src=\"https:\/\/webdelmaestrocmf.com\/portal\/los-educadores-debemos-trabajar-siempre-juntos-y-en-equipo-y-con-el-dialogo-como-la-herramienta\/embed\/#?secret=0kV7UlFzjR#?secret=ClrGywK97Z\" data-secret=\"ClrGywK97Z\" width=\"600\" height=\"338\" frameborder=\"0\" marginwidth=\"0\" marginheight=\"0\" scrolling=\"no\"><\/iframe>\n<\/div><\/figure>\n\n\n\n<p><strong>La administraci\u00f3n educativa asume hoy un papel estrat\u00e9gico en la incorporaci\u00f3n efectiva de las nuevas tecnolog\u00edas <\/strong>al proceso de ense\u00f1anza-aprendizaje<strong>.<\/strong> Este desaf\u00edo no se limita a digitalizar procedimientos, sino que exige <strong>repensar la gesti\u00f3n escolar<\/strong> para responder a los cambios culturales, pedag\u00f3gicos y tecnol\u00f3gicos del presente. Implica garantizar el <strong>acceso equitativo a herramientas digitales, optimizar el uso de los recursos, fortalecer la comunicaci\u00f3n <\/strong>entre los actores educativos y asegurar una educaci\u00f3n m\u00e1s inclusiva, innovadora y de calidad para todos.<\/p>\n\n\n\n<p>\u00bfTiene usted una administraci\u00f3n con estas o mejores caracter\u00edsticas? \u00bfC\u00f3mo puede optimizar su administraci\u00f3n para lograr el acceso equitativo el ordinario uso de herramientas digitales, optimizar los recursos que tiene y fortalecer la comunicaci\u00f3n?<\/p>\n\n\n\n<h2 class=\"wp-block-heading\"><strong>\u00bfPor qu\u00e9 es clave la administraci\u00f3n educativa en la era digital?<\/strong><\/h2>\n\n\n\n<h4 class=\"wp-block-heading\"><strong>Gesti\u00f3n eficiente de recursos tecnol\u00f3gicos<\/strong><\/h4>\n\n\n\n<p>La administraci\u00f3n debe asegurar que la infraestructura digital, los dispositivos y el software educativo est\u00e9n disponibles, <strong>sean funcionales y lleguen a toda la comunidad educativa.<\/strong> Como afirma Tony Bates, experto en educaci\u00f3n y tecnolog\u00eda: <em>\u201cLa tecnolog\u00eda no mejora la educaci\u00f3n por s\u00ed sola; necesita una planificaci\u00f3n y gesti\u00f3n inteligente para tener impacto.\u201d<\/em><\/p>\n\n\n\n<h4 class=\"wp-block-heading\"><strong>Apoyo a nuevas metodolog\u00edas pedag\u00f3gicas<\/strong><\/h4>\n\n\n\n<p>Modelos como el aula invertida o el aprendizaje basado en proyectos requieren soporte institucional y formaci\u00f3n docente. <strong>La administraci\u00f3n debe garantizar tiempo, recursos y acompa\u00f1amiento<\/strong> para su implementaci\u00f3n. Seg\u00fan la profesora norteamericana Linda Darling-Hammond: <em>\u201cLa innovaci\u00f3n pedag\u00f3gica solo prospera cuando est\u00e1 respaldada por una organizaci\u00f3n que cree en ella.\u201d<\/em><\/p>\n\n\n\n<h4 class=\"wp-block-heading\"><strong>Mejora de la comunicaci\u00f3n institucional<\/strong><\/h4>\n\n\n\n<p>Plataformas virtuales permiten una comunicaci\u00f3n \u00e1gil entre profesores, estudiantes y familias. Usadas correctamente, <strong>fortalecen el v\u00ednculo escuela-familia y comunidad<\/strong> y agilizan procesos de sumar esfuerzos y encontrar nuevas y mejores rutas did\u00e1cticas y pedag\u00f3gicas.<\/p>\n\n\n\n<h4 class=\"wp-block-heading\"><strong>Promoci\u00f3n de la equidad digital<\/strong><\/h4>\n\n\n\n<p>Cerrar la brecha digital es una responsabilidad prioritaria. <strong>La administraci\u00f3n debe garantizar que todos los estudiantes <\/strong>-y profesores-<strong> accedan a dispositivos, conectividad y contenidos de calidad<\/strong>. Como recuerda Sugata Mitra: <em>\u201cLa tecnolog\u00eda puede ser una gran igualadora, si se garantiza el acceso para todos.\u201d<\/em><\/p>\n\n\n\n<p><strong>Art\u00edculo de lectura complementaria interesante:<\/strong><\/p>\n\n\n\n<figure class=\"wp-block-embed is-type-wp-embed is-provider-web-del-maestro-cmf wp-block-embed-web-del-maestro-cmf\"><div class=\"wp-block-embed__wrapper\">\n<blockquote class=\"wp-embedded-content\" data-secret=\"h0Kh0I398j\"><a href=\"https:\/\/webdelmaestrocmf.com\/portal\/los-examenes-ya-no-sirven-una-amenaza\/\">Sugata Mitra: Los ex\u00e1menes ya no sirven, son una amenaza<\/a><\/blockquote><iframe loading=\"lazy\" class=\"wp-embedded-content\" sandbox=\"allow-scripts\" security=\"restricted\" style=\"position: absolute; visibility: hidden;\" title=\"\u00abSugata Mitra: Los ex\u00e1menes ya no sirven, son una amenaza\u00bb \u2014 Web del Maestro CMF\" src=\"https:\/\/webdelmaestrocmf.com\/portal\/los-examenes-ya-no-sirven-una-amenaza\/embed\/#?secret=xtLr7h9CEF#?secret=h0Kh0I398j\" data-secret=\"h0Kh0I398j\" width=\"600\" height=\"338\" frameborder=\"0\" marginwidth=\"0\" marginheight=\"0\" scrolling=\"no\"><\/iframe>\n<\/div><\/figure>\n\n\n\n<h4 class=\"wp-block-heading\"><strong>Desarrollo de competencias digitales<\/strong><\/h4>\n\n\n\n<p>La escuela debe formar ciudadanos cr\u00edticos y creativos en el uso de las TIC. La administraci\u00f3n <strong>tiene el deber de incluir la alfabetizaci\u00f3n digital<\/strong> como parte del curr\u00edculo y de la formaci\u00f3n docente continua.<\/p>\n\n\n\n<h4 class=\"wp-block-heading\"><strong>Innovaci\u00f3n y mejora educativa<\/strong><\/h4>\n\n\n\n<p>La integraci\u00f3n tecnol\u00f3gica bien gestionada hace la ense\u00f1anza m\u00e1s atractiva, motivadora y personalizada, potenciando la creatividad estudiantil y la calidad educativa.<\/p>\n\n\n\n<h4 class=\"wp-block-heading\"><strong>Decisiones basadas en datos<\/strong><\/h4>\n\n\n\n<p>Las herramientas digitales ofrecen informaci\u00f3n valiosa sobre el rendimiento acad\u00e9mico y la eficacia institucional. Usar estos datos de forma \u00e9tica permite tomar decisiones m\u00e1s informadas, transparentes y orientadas a la mejora.<\/p>\n\n\n\n<h2 class=\"wp-block-heading\"><strong>\u00bfPor qu\u00e9 pertenece al \u00e1mbito de la educaci\u00f3n?<\/strong><\/h2>\n\n\n\n<p>Porque <strong>no solo busca eficacia organizativa, sino que est\u00e1 orientada al logro de fines educativos<\/strong>. Sus funciones impactan directamente en la calidad de la ense\u00f1anza y el aprendizaje.<\/p>\n\n\n\n<ul class=\"wp-block-list\">\n<li><strong>Foco pedag\u00f3gico:<\/strong> Mejora la calidad del proceso educativo.<\/li>\n\n\n\n<li><strong>Recursos educativos:<\/strong> Optimiza su distribuci\u00f3n y uso.<\/li>\n\n\n\n<li><strong>Cumplimiento normativo:<\/strong> Asegura el respeto por leyes y pol\u00edticas del sector.<\/li>\n\n\n\n<li><strong>Apoyo al aprendizaje:<\/strong> Impulsa estrategias para elevar el rendimiento escolar.<\/li>\n\n\n\n<li><strong>Trabajo colaborativo:<\/strong> Articula a todos los actores de la comunidad educativa.<\/li>\n<\/ul>\n\n\n\n<p>Mar\u00eda Victoria Peralta, educadora chilena y referente latinoamericana, nos dice que: \u201c<em>Administrar una escuela no es solo mover papeles, sino mover sue\u00f1os. Y eso exige pensar, planificar, acompa\u00f1ar, evaluar y corregir constantemente, con el foco en los estudiantes\u201d.<\/em><\/p>\n\n\n\n<p><strong>Publicaciones recomendadas:<\/strong><\/p>\n\n\n\n<figure class=\"wp-block-embed is-type-wp-embed is-provider-web-del-maestro-cmf wp-block-embed-web-del-maestro-cmf\"><div class=\"wp-block-embed__wrapper\">\n<blockquote class=\"wp-embedded-content\" data-secret=\"MBhDKdhmMY\"><a href=\"https:\/\/webdelmaestrocmf.com\/portal\/hemos-ensenado-a-la-gente-de-la-misma-forma-durante-los-ultimos-100-anos\/\">David Roberts: Hemos ense\u00f1ado a la gente de la misma forma durante los \u00faltimos 100 a\u00f1os<\/a><\/blockquote><iframe loading=\"lazy\" class=\"wp-embedded-content\" sandbox=\"allow-scripts\" security=\"restricted\" style=\"position: absolute; visibility: hidden;\" title=\"\u00abDavid Roberts: Hemos ense\u00f1ado a la gente de la misma forma durante los \u00faltimos 100 a\u00f1os\u00bb \u2014 Web del Maestro CMF\" src=\"https:\/\/webdelmaestrocmf.com\/portal\/hemos-ensenado-a-la-gente-de-la-misma-forma-durante-los-ultimos-100-anos\/embed\/#?secret=PFLjMBsRbR#?secret=MBhDKdhmMY\" data-secret=\"MBhDKdhmMY\" width=\"600\" height=\"338\" frameborder=\"0\" marginwidth=\"0\" marginheight=\"0\" scrolling=\"no\"><\/iframe>\n<\/div><\/figure>\n\n\n\n<p><strong>Bego\u00f1a Ibarrola:  <\/strong><\/p>\n\n\n\n<figure class=\"wp-block-embed is-type-wp-embed is-provider-web-del-maestro-cmf wp-block-embed-web-del-maestro-cmf\"><div class=\"wp-block-embed__wrapper\">\n<blockquote class=\"wp-embedded-content\" data-secret=\"dvRlzJZGPF\"><a href=\"https:\/\/webdelmaestrocmf.com\/portal\/el-sistema-educativo-estara-cojo-mientras-no-incorpore-la-inteligencia-emocional\/\">Bego\u00f1a Ibarrola: El sistema educativo estar\u00e1 cojo mientras no incorpore la inteligencia emocional<\/a><\/blockquote><iframe loading=\"lazy\" class=\"wp-embedded-content\" sandbox=\"allow-scripts\" security=\"restricted\" style=\"position: absolute; visibility: hidden;\" title=\"\u00abBego\u00f1a Ibarrola: El sistema educativo estar\u00e1 cojo mientras no incorpore la inteligencia emocional\u00bb \u2014 Web del Maestro CMF\" src=\"https:\/\/webdelmaestrocmf.com\/portal\/el-sistema-educativo-estara-cojo-mientras-no-incorpore-la-inteligencia-emocional\/embed\/#?secret=6djoFn6Gbu#?secret=dvRlzJZGPF\" data-secret=\"dvRlzJZGPF\" width=\"600\" height=\"338\" frameborder=\"0\" marginwidth=\"0\" marginheight=\"0\" scrolling=\"no\"><\/iframe>\n<\/div><\/figure>\n\n\n\n<h2 class=\"wp-block-heading\"><strong>\u00bfY cu\u00e1l es la diferencia entre dirigir, administrar y gestionar?<\/strong><\/h2>\n\n\n\n<p>Es muy importante -salvo mejor opini\u00f3n- tener claro el consenso en <strong>qu\u00e9 entendemos por algunos t\u00e9rminos que usamos corrientemente<\/strong>, y que debemos manejar con la misma concordancia, coincidencia o unanimidad en la comprensi\u00f3n de ellos.<\/p>\n\n\n\n<p>Definamos t\u00e9rminos y tendremos un mejor entendimiento y delimitaci\u00f3n de responsabilidades:<\/p>\n\n\n\n<ul class=\"wp-block-list\">\n<li><strong>Administrar <\/strong>es coordinar recursos y procesos para que la instituci\u00f3n funcione.<\/li>\n\n\n\n<li><strong>Dirigir i<\/strong>mplica tomar decisiones, liderar personas y marcar rumbo institucional.<\/li>\n\n\n\n<li><strong>Gestionar<\/strong> supone integrar ambas dimensiones (direcci\u00f3n y administraci\u00f3n) con visi\u00f3n estrat\u00e9gica, articulando medios y fines para transformar la realidad educativa.<\/li>\n<\/ul>\n\n\n\n<p>Michael Fullan, experto en liderazgo escolar, lo resume as\u00ed: \u201c<strong><em>Liderar no es mandar. Es gestionar el cambio con sentido, movilizando recursos y personas hacia una mejora continua\u201d.<\/em><\/strong><\/p>\n\n\n\n<p><strong>Art\u00edculo recomendado:<\/strong><\/p>\n\n\n\n<p><strong>\u00c1lex Rovira Celma:  <\/strong><\/p>\n\n\n\n<figure class=\"wp-block-embed is-type-wp-embed is-provider-web-del-maestro-cmf wp-block-embed-web-del-maestro-cmf\"><div class=\"wp-block-embed__wrapper\">\n<blockquote class=\"wp-embedded-content\" data-secret=\"D7t49pVzCc\"><a href=\"https:\/\/webdelmaestrocmf.com\/portal\/yo-creo-que-la-educacion-tiene-mucho-que-ver-con-el-corazon\/\">\u00c1lex Rovira Celma: Yo creo que la educaci\u00f3n tiene mucho que ver con el coraz\u00f3n<\/a><\/blockquote><iframe loading=\"lazy\" class=\"wp-embedded-content\" sandbox=\"allow-scripts\" security=\"restricted\" style=\"position: absolute; visibility: hidden;\" title=\"\u00ab\u00c1lex Rovira Celma: Yo creo que la educaci\u00f3n tiene mucho que ver con el coraz\u00f3n\u00bb \u2014 Web del Maestro CMF\" src=\"https:\/\/webdelmaestrocmf.com\/portal\/yo-creo-que-la-educacion-tiene-mucho-que-ver-con-el-corazon\/embed\/#?secret=a0znGBIusg#?secret=D7t49pVzCc\" data-secret=\"D7t49pVzCc\" width=\"600\" height=\"338\" frameborder=\"0\" marginwidth=\"0\" marginheight=\"0\" scrolling=\"no\"><\/iframe>\n<\/div><\/figure>\n\n\n\n<p>Ojal\u00e1 que esta publicaci\u00f3n de la Web del Maestro CMF nos inspire a <strong>revisar y afinar nuestras tareas y roles dentro de la comunidad educativa. <\/strong>Porque una escuela verdaderamente eficaz no solo se sostiene con buenos docentes, estudiantes motivados y familias comprometidas, sino tambi\u00e9n en <strong>una administraci\u00f3n profesional que planifique con visi\u00f3n, coordine con inteligencia emocional, lidere con prop\u00f3sito y gestione para transformar.<\/strong><\/p>\n\n\n\n<p>El rol del director, en este contexto, va mucho m\u00e1s all\u00e1 de supervisar: se convierte en un facilitador de v\u00ednculos, un gestor de entornos significativos y un l\u00edder que articula las capacidades de toda la comunidad. Como se\u00f1alan autores de la neuroeducaci\u00f3n como David Bueno y Jes\u00fas Guill\u00e9n<em>, \u201cel cerebro aprende mejor en contextos emocionalmente positivos, seguros y colaborativos\u201d.<\/em> Y esos contextos no se improvisan: se construyen con una gesti\u00f3n sensible, coherente y bien estructurada. Con el liderazgo de un director que se capatacita permanentemente para humanizar la educaci\u00f3n y mejorar las relaciones entre todos. cf <strong>Un buen Director Educativo, se capacita constantemente y trata de ser mejor ser humano cada d\u00eda.<\/strong><\/p>\n\n\n\n<figure class=\"wp-block-embed is-type-wp-embed is-provider-web-del-maestro-cmf wp-block-embed-web-del-maestro-cmf\"><div class=\"wp-block-embed__wrapper\">\n<blockquote class=\"wp-embedded-content\" data-secret=\"C2LnW0drmy\"><a href=\"https:\/\/webdelmaestrocmf.com\/portal\/un-buen-director-no-nace-se-forma-constantemente-recomendando\/\">Un buen Director educativo se capacita constantemente y trata de ser mejor ser humano cada d\u00eda<\/a><\/blockquote><iframe loading=\"lazy\" class=\"wp-embedded-content\" sandbox=\"allow-scripts\" security=\"restricted\" style=\"position: absolute; visibility: hidden;\" title=\"\u00abUn buen Director educativo se capacita constantemente y trata de ser mejor ser humano cada d\u00eda\u00bb \u2014 Web del Maestro CMF\" src=\"https:\/\/webdelmaestrocmf.com\/portal\/un-buen-director-no-nace-se-forma-constantemente-recomendando\/embed\/#?secret=DjH8xuMuuf#?secret=C2LnW0drmy\" data-secret=\"C2LnW0drmy\" width=\"600\" height=\"338\" frameborder=\"0\" marginwidth=\"0\" marginheight=\"0\" scrolling=\"no\"><\/iframe>\n<\/div><\/figure>\n\n\n\n<p>Comprender la dimensi\u00f3n administrativa y relacional del liderazgo, manejo, gesti\u00f3n, conducci\u00f3n, animaci\u00f3n, &#8230; escolar es clave para valorar cada rol dentro de la instituci\u00f3n y trabajar de forma m\u00e1s integrada y colaborativa. Porque solo <strong>cuando se unen la pedagog\u00eda, la direcci\u00f3n, la administraci\u00f3n, la gesti\u00f3n y el compromiso colectivo<\/strong>, se hace posible educar de verdad, desde el coraz\u00f3n y con sentido.<\/p>\n\n\n\n<blockquote class=\"wp-block-quote has-text-align-center is-layout-flow wp-block-quote-is-layout-flow\">\n<p><em>\u201cNo hay transformaci\u00f3n educativa sin una gesti\u00f3n educativa comprometida, \u00e9tica y visionaria.\u201d<\/em> (Emilio Tenti).<\/p>\n<\/blockquote>\n\n\n\n<p class=\"has-text-align-right\"><strong>Redacci\u00f3n | Web del Maestro CMF<\/strong><\/p>\n\n\n\t\t<div class=\"pk-inline-posts\">\n\t\t\t\t\t\t\t<h5 class=\"pk-inline-posts-title pk-title pk-font-block\">\n\t\t\t\t\t\u00daltimas entradas\t\t\t\t<\/h5>\n\t\t\t\n\t\t\t<div class=\"pk-inline-posts-container pk-inline-posts-template-list\"\n\t\t\t\tdata-columns=\"1\">\n\t\t\t\t\t\t<article id=\"post-118333\" class=\"post-118333 post type-post status-publish format-standard has-post-thumbnail category-jamb tag-apego tag-crianza tag-docentes tag-educacion-3 tag-escuela tag-familia tag-infancia tag-responsabilidad tag-vinculo-2 cs-entry cs-video-wrap\">\n\t\t\t<div class=\"pk-post-outer\">\n\n\t\t\t\t\t\t\t\t<div class=\"pk-post-inner\">\n\t\t\t\t\t<div class=\"entry-thumbnail\">\n\t\t\t\t\t\t<div class=\"pk-overlay pk-overlay-ratio pk-ratio-landscape\">\n\t\t\t\t\t\t\t<div class=\"pk-overlay-background\">\n\t\t\t\t\t\t\t\t<a href=\"https:\/\/webdelmaestrocmf.com\/portal\/el-sistema-nos-rompe-a-todos-y-a-los-ninos-primero\/\" class=\"pk-overlay-link\">\n\t\t\t\t\t\t\t\t\t<img loading=\"lazy\" decoding=\"async\" width=\"300\" height=\"225\" src=\"https:\/\/webdelmaestrocmf.com\/portal\/wp-content\/uploads\/2026\/04\/1AA-Banner-1-portada-imagen-10-1-copia-2-300x225.jpg\" class=\"attachment-pk-thumbnail size-pk-thumbnail wp-post-image\" alt=\"\" \/>\t\t\t\t\t\t\t\t<\/a>\n\t\t\t\t\t\t\t<\/div>\n\t\t\t\t\t\t<\/div>\n\t\t\t\t\t<\/div>\n\t\t\t\t<\/div>\n\t\t\t\t\n\t\t\t\t<div class=\"pk-post-inner\">\n\t\t\t\t\t<header>\n\t\t\t\t\t\t<h3 class=\"pk-title\"><a href=\"https:\/\/webdelmaestrocmf.com\/portal\/el-sistema-nos-rompe-a-todos-y-a-los-ninos-primero\/\" rel=\"bookmark\">El sistema nos rompe a todos\u2026 y a los ni\u00f1os primero<\/a><\/h3>\t\t\t\t\t<\/header><!-- .entry-header -->\n\t\t\t\t<\/div><!-- .post-inner -->\n\n\t\t\t<\/div><!-- .post-outer -->\n\t\t<\/article>\n\t\t\t<article id=\"post-118319\" class=\"post-118319 post type-post status-publish format-standard has-post-thumbnail category-jamb tag-bienestar-docente tag-clima-escolar tag-convivencia-escolar tag-cultura-escolar tag-direccion-escolar-2 tag-empatia-3 tag-gestion-escolar-2 tag-gestion-institucional-2 tag-laura-lewin tag-liderazgo-educativo tag-trabajo-en-equipo cs-entry cs-video-wrap\">\n\t\t\t<div class=\"pk-post-outer\">\n\n\t\t\t\t\t\t\t\t<div class=\"pk-post-inner\">\n\t\t\t\t\t<div class=\"entry-thumbnail\">\n\t\t\t\t\t\t<div class=\"pk-overlay pk-overlay-ratio pk-ratio-landscape\">\n\t\t\t\t\t\t\t<div class=\"pk-overlay-background\">\n\t\t\t\t\t\t\t\t<a href=\"https:\/\/webdelmaestrocmf.com\/portal\/el-liderazgo-directivo-entre-la-firmeza-institucional-y-la-humanidad\/\" class=\"pk-overlay-link\">\n\t\t\t\t\t\t\t\t\t<img loading=\"lazy\" decoding=\"async\" width=\"300\" height=\"225\" src=\"https:\/\/webdelmaestrocmf.com\/portal\/wp-content\/uploads\/2026\/04\/1AA-Banner-1-portada-imagen-10-1-copia-5-5-300x225.webp\" class=\"attachment-pk-thumbnail size-pk-thumbnail wp-post-image\" alt=\"\" \/>\t\t\t\t\t\t\t\t<\/a>\n\t\t\t\t\t\t\t<\/div>\n\t\t\t\t\t\t<\/div>\n\t\t\t\t\t<\/div>\n\t\t\t\t<\/div>\n\t\t\t\t\n\t\t\t\t<div class=\"pk-post-inner\">\n\t\t\t\t\t<header>\n\t\t\t\t\t\t<h3 class=\"pk-title\"><a href=\"https:\/\/webdelmaestrocmf.com\/portal\/el-liderazgo-directivo-entre-la-firmeza-institucional-y-la-humanidad\/\" rel=\"bookmark\">El liderazgo directivo: entre la firmeza institucional y la humanidad<\/a><\/h3>\t\t\t\t\t<\/header><!-- .entry-header -->\n\t\t\t\t<\/div><!-- .post-inner -->\n\n\t\t\t<\/div><!-- .post-outer -->\n\t\t<\/article>\n\t\t\t<article id=\"post-50813\" class=\"post-50813 post type-post status-publish format-standard has-post-thumbnail category-jamb tag-boris-cyrulnik tag-crisis tag-educacion-emocional tag-estres tag-mental tag-miguel-angel-cornejo tag-pandemia tag-resiliencia tag-rol-docente tag-salud tag-trauma tag-videos cs-entry cs-video-wrap\">\n\t\t\t<div class=\"pk-post-outer\">\n\n\t\t\t\t\t\t\t\t<div class=\"pk-post-inner\">\n\t\t\t\t\t<div class=\"entry-thumbnail\">\n\t\t\t\t\t\t<div class=\"pk-overlay pk-overlay-ratio pk-ratio-landscape\">\n\t\t\t\t\t\t\t<div class=\"pk-overlay-background\">\n\t\t\t\t\t\t\t\t<a href=\"https:\/\/webdelmaestrocmf.com\/portal\/recursos-para-reforzar-la-resiliencia-docente-en-tiempos-traumaticos\/\" class=\"pk-overlay-link\">\n\t\t\t\t\t\t\t\t\t<img loading=\"lazy\" decoding=\"async\" width=\"300\" height=\"225\" src=\"https:\/\/webdelmaestrocmf.com\/portal\/wp-content\/uploads\/2026\/04\/1AA-Banner-1-portada-imagen-10-1-copia-5-2-300x225.webp\" class=\"attachment-pk-thumbnail size-pk-thumbnail wp-post-image\" alt=\"\" \/>\t\t\t\t\t\t\t\t<\/a>\n\t\t\t\t\t\t\t<\/div>\n\t\t\t\t\t\t<\/div>\n\t\t\t\t\t<\/div>\n\t\t\t\t<\/div>\n\t\t\t\t\n\t\t\t\t<div class=\"pk-post-inner\">\n\t\t\t\t\t<header>\n\t\t\t\t\t\t<h3 class=\"pk-title\"><a href=\"https:\/\/webdelmaestrocmf.com\/portal\/recursos-para-reforzar-la-resiliencia-docente-en-tiempos-traumaticos\/\" rel=\"bookmark\">Recursos para reforzar la resiliencia docente: Descarga el Manual de ejercicios de Psicolog\u00eda Positiva<\/a><\/h3>\t\t\t\t\t<\/header><!-- .entry-header -->\n\t\t\t\t<\/div><!-- .post-inner -->\n\n\t\t\t<\/div><!-- .post-outer -->\n\t\t<\/article>\n\t\t\t\t<\/div>\n\t\t<\/div>\n\t\t\n","protected":false},"excerpt":{"rendered":"La administraci\u00f3n educativa, aunque invisible, sostiene el funcionamiento escolar. Organiza recursos, coordina procesos y permite ense\u00f1ar mejor. Sin gesti\u00f3n eficiente, no hay calidad educativa ni innovaci\u00f3n real en las escuelas.","protected":false},"author":1,"featured_media":118327,"comment_status":"open","ping_status":"closed","sticky":false,"template":"","format":"standard","meta":{"csco_display_header_overlay":false,"csco_singular_sidebar":"","csco_page_header_type":"","csco_page_load_nextpost":"","csco_post_video_location":[],"csco_post_video_location_hash":"","csco_post_video_url":"","csco_post_video_bg_start_time":0,"csco_post_video_bg_end_time":0,"csco_post_video_bg_volume":false,"_jetpack_memberships_contains_paid_content":false,"footnotes":""},"categories":[61],"tags":[25690,165,17245,21012,18598,2579,24421,18260,16804,16626],"class_list":{"0":"post-118324","1":"post","2":"type-post","3":"status-publish","4":"format-standard","5":"has-post-thumbnail","7":"category-jamb","8":"tag-administracion-educativa","9":"tag-calidad-educativa","10":"tag-comunidad-educativa","11":"tag-direccion-escolar","12":"tag-educacion-digital","13":"tag-gestion-escolar","14":"tag-innovacion-educativa-2","15":"tag-liderazgo-educativo","16":"tag-mejora-continua","17":"tag-planificacion-educativa","18":"cs-entry","19":"cs-video-wrap"},"yoast_head":"<!-- This site is optimized with the Yoast SEO plugin v27.4 - https:\/\/yoast.com\/product\/yoast-seo-wordpress\/ -->\n<title>La administraci\u00f3n educativa: el pilar silencioso que sostiene la escuela. \u00bfAdministrar o gestionar una comunidad educativa es lo mismo? - 2026<\/title>\n<meta name=\"description\" content=\"En casi todas nuestras comunidades educativas -con algunas excepciones- existeun equipo que muchas veces pasa desapercibido...\" \/>\n<meta name=\"robots\" content=\"index, follow, max-snippet:-1, max-image-preview:large, max-video-preview:-1\" \/>\n<link rel=\"canonical\" href=\"https:\/\/webdelmaestrocmf.com\/portal\/la-administracion-educativa-el-pilar-silencioso-que-sostiene-la-escuela-administrar-o-gestionar-una-comunidad-educativa-es-lo-mismo\/\" \/>\n<meta property=\"og:locale\" content=\"es_ES\" \/>\n<meta property=\"og:type\" content=\"article\" \/>\n<meta property=\"og:title\" content=\"La administraci\u00f3n educativa: el pilar silencioso que sostiene la escuela. \u00bfAdministrar o gestionar una comunidad educativa es lo mismo? - 2026\" \/>\n<meta property=\"og:description\" content=\"En casi todas nuestras comunidades educativas -con algunas excepciones- existeun equipo que muchas veces pasa desapercibido...\" \/>\n<meta property=\"og:url\" content=\"https:\/\/webdelmaestrocmf.com\/portal\/la-administracion-educativa-el-pilar-silencioso-que-sostiene-la-escuela-administrar-o-gestionar-una-comunidad-educativa-es-lo-mismo\/\" \/>\n<meta property=\"og:site_name\" content=\"Web del Maestro CMF\" \/>\n<meta property=\"article:publisher\" content=\"https:\/\/www.facebook.com\/WebdelMaestroCMF\/\" \/>\n<meta property=\"article:author\" content=\"https:\/\/www.facebook.com\/WebdelMaestroCMF\/\" \/>\n<meta property=\"article:published_time\" content=\"2026-04-26T17:58:48+00:00\" \/>\n<meta property=\"article:modified_time\" content=\"2026-04-26T18:01:14+00:00\" \/>\n<meta property=\"og:image\" content=\"https:\/\/webdelmaestrocmf.com\/portal\/wp-content\/uploads\/2026\/04\/1AA-Banner-1-portada-imagen-10-1-copia-6-4.webp\" \/>\n\t<meta property=\"og:image:width\" content=\"1200\" \/>\n\t<meta property=\"og:image:height\" content=\"675\" \/>\n\t<meta property=\"og:image:type\" content=\"image\/webp\" \/>\n<meta name=\"author\" content=\"Web del Maestro CMF\" \/>\n<meta name=\"twitter:card\" content=\"summary_large_image\" \/>\n<meta name=\"twitter:creator\" content=\"@cmf_w\" \/>\n<meta name=\"twitter:site\" content=\"@cmf_w\" \/>\n<meta name=\"twitter:label1\" content=\"Escrito por\" \/>\n\t<meta name=\"twitter:data1\" content=\"Web del Maestro CMF\" \/>\n\t<meta name=\"twitter:label2\" content=\"Tiempo de lectura\" \/>\n\t<meta name=\"twitter:data2\" content=\"8 minutos\" \/>\n<script type=\"application\/ld+json\" class=\"yoast-schema-graph\">{\"@context\":\"https:\\\/\\\/schema.org\",\"@graph\":[{\"@type\":\"ScholarlyArticle\",\"@id\":\"https:\\\/\\\/webdelmaestrocmf.com\\\/portal\\\/la-administracion-educativa-el-pilar-silencioso-que-sostiene-la-escuela-administrar-o-gestionar-una-comunidad-educativa-es-lo-mismo\\\/#article\",\"isPartOf\":{\"@id\":\"https:\\\/\\\/webdelmaestrocmf.com\\\/portal\\\/la-administracion-educativa-el-pilar-silencioso-que-sostiene-la-escuela-administrar-o-gestionar-una-comunidad-educativa-es-lo-mismo\\\/\"},\"author\":{\"name\":\"Web del Maestro CMF\",\"@id\":\"https:\\\/\\\/webdelmaestrocmf.com\\\/portal\\\/#\\\/schema\\\/person\\\/1072a2ed7bd960df8ef99a551fa35dc5\"},\"headline\":\"La administraci\u00f3n educativa: el pilar silencioso que sostiene la escuela. \u00bfAdministrar o gestionar una comunidad educativa es lo mismo?\",\"datePublished\":\"2026-04-26T17:58:48+00:00\",\"dateModified\":\"2026-04-26T18:01:14+00:00\",\"mainEntityOfPage\":{\"@id\":\"https:\\\/\\\/webdelmaestrocmf.com\\\/portal\\\/la-administracion-educativa-el-pilar-silencioso-que-sostiene-la-escuela-administrar-o-gestionar-una-comunidad-educativa-es-lo-mismo\\\/\"},\"wordCount\":1804,\"commentCount\":0,\"publisher\":{\"@id\":\"https:\\\/\\\/webdelmaestrocmf.com\\\/portal\\\/#organization\"},\"image\":{\"@id\":\"https:\\\/\\\/webdelmaestrocmf.com\\\/portal\\\/la-administracion-educativa-el-pilar-silencioso-que-sostiene-la-escuela-administrar-o-gestionar-una-comunidad-educativa-es-lo-mismo\\\/#primaryimage\"},\"thumbnailUrl\":\"https:\\\/\\\/webdelmaestrocmf.com\\\/portal\\\/wp-content\\\/uploads\\\/2026\\\/04\\\/1AA-Banner-1-portada-imagen-10-1-copia-6-4.webp\",\"keywords\":[\"administraci\u00f3n educativa\",\"CALIDAD EDUCATIVA\",\"comunidad educativa\",\"Direcci\u00f3n Escolar\",\"Educaci\u00f3n Digital\",\"gesti\u00f3n escolar\",\"Innovaci\u00f3n educativa\",\"Liderazgo educativo\",\"Mejora continua\",\"planificaci\u00f3n educativa\"],\"articleSection\":[\"Yo opino - WMCMF\"],\"inLanguage\":\"es\",\"potentialAction\":[{\"@type\":\"CommentAction\",\"name\":\"Comment\",\"target\":[\"https:\\\/\\\/webdelmaestrocmf.com\\\/portal\\\/la-administracion-educativa-el-pilar-silencioso-que-sostiene-la-escuela-administrar-o-gestionar-una-comunidad-educativa-es-lo-mismo\\\/#respond\"]}]},{\"@type\":\"WebPage\",\"@id\":\"https:\\\/\\\/webdelmaestrocmf.com\\\/portal\\\/la-administracion-educativa-el-pilar-silencioso-que-sostiene-la-escuela-administrar-o-gestionar-una-comunidad-educativa-es-lo-mismo\\\/\",\"url\":\"https:\\\/\\\/webdelmaestrocmf.com\\\/portal\\\/la-administracion-educativa-el-pilar-silencioso-que-sostiene-la-escuela-administrar-o-gestionar-una-comunidad-educativa-es-lo-mismo\\\/\",\"name\":\"La administraci\u00f3n educativa: el pilar silencioso que sostiene la escuela. \u00bfAdministrar o gestionar una comunidad educativa es lo mismo? - 2026\",\"isPartOf\":{\"@id\":\"https:\\\/\\\/webdelmaestrocmf.com\\\/portal\\\/#website\"},\"primaryImageOfPage\":{\"@id\":\"https:\\\/\\\/webdelmaestrocmf.com\\\/portal\\\/la-administracion-educativa-el-pilar-silencioso-que-sostiene-la-escuela-administrar-o-gestionar-una-comunidad-educativa-es-lo-mismo\\\/#primaryimage\"},\"image\":{\"@id\":\"https:\\\/\\\/webdelmaestrocmf.com\\\/portal\\\/la-administracion-educativa-el-pilar-silencioso-que-sostiene-la-escuela-administrar-o-gestionar-una-comunidad-educativa-es-lo-mismo\\\/#primaryimage\"},\"thumbnailUrl\":\"https:\\\/\\\/webdelmaestrocmf.com\\\/portal\\\/wp-content\\\/uploads\\\/2026\\\/04\\\/1AA-Banner-1-portada-imagen-10-1-copia-6-4.webp\",\"datePublished\":\"2026-04-26T17:58:48+00:00\",\"dateModified\":\"2026-04-26T18:01:14+00:00\",\"description\":\"En casi todas nuestras comunidades educativas -con algunas excepciones- existeun equipo que muchas veces pasa desapercibido...\",\"breadcrumb\":{\"@id\":\"https:\\\/\\\/webdelmaestrocmf.com\\\/portal\\\/la-administracion-educativa-el-pilar-silencioso-que-sostiene-la-escuela-administrar-o-gestionar-una-comunidad-educativa-es-lo-mismo\\\/#breadcrumb\"},\"inLanguage\":\"es\",\"potentialAction\":[{\"@type\":\"ReadAction\",\"target\":[\"https:\\\/\\\/webdelmaestrocmf.com\\\/portal\\\/la-administracion-educativa-el-pilar-silencioso-que-sostiene-la-escuela-administrar-o-gestionar-una-comunidad-educativa-es-lo-mismo\\\/\"]}]},{\"@type\":\"ImageObject\",\"inLanguage\":\"es\",\"@id\":\"https:\\\/\\\/webdelmaestrocmf.com\\\/portal\\\/la-administracion-educativa-el-pilar-silencioso-que-sostiene-la-escuela-administrar-o-gestionar-una-comunidad-educativa-es-lo-mismo\\\/#primaryimage\",\"url\":\"https:\\\/\\\/webdelmaestrocmf.com\\\/portal\\\/wp-content\\\/uploads\\\/2026\\\/04\\\/1AA-Banner-1-portada-imagen-10-1-copia-6-4.webp\",\"contentUrl\":\"https:\\\/\\\/webdelmaestrocmf.com\\\/portal\\\/wp-content\\\/uploads\\\/2026\\\/04\\\/1AA-Banner-1-portada-imagen-10-1-copia-6-4.webp\",\"width\":1200,\"height\":675},{\"@type\":\"BreadcrumbList\",\"@id\":\"https:\\\/\\\/webdelmaestrocmf.com\\\/portal\\\/la-administracion-educativa-el-pilar-silencioso-que-sostiene-la-escuela-administrar-o-gestionar-una-comunidad-educativa-es-lo-mismo\\\/#breadcrumb\",\"itemListElement\":[{\"@type\":\"ListItem\",\"position\":1,\"name\":\"Portada\",\"item\":\"https:\\\/\\\/webdelmaestrocmf.com\\\/portal\\\/\"},{\"@type\":\"ListItem\",\"position\":2,\"name\":\"Yo opino - WMCMF\",\"item\":\"https:\\\/\\\/webdelmaestrocmf.com\\\/portal\\\/category\\\/jamb\\\/\"},{\"@type\":\"ListItem\",\"position\":3,\"name\":\"La administraci\u00f3n educativa: el pilar silencioso que sostiene la escuela. \u00bfAdministrar o gestionar una comunidad educativa es lo mismo?\"}]},{\"@type\":\"WebSite\",\"@id\":\"https:\\\/\\\/webdelmaestrocmf.com\\\/portal\\\/#website\",\"url\":\"https:\\\/\\\/webdelmaestrocmf.com\\\/portal\\\/\",\"name\":\"Web del Maestro CMF\",\"description\":\"Maestros al servicio de la educaci\u00f3n\",\"publisher\":{\"@id\":\"https:\\\/\\\/webdelmaestrocmf.com\\\/portal\\\/#organization\"},\"alternateName\":\"WMCMF\",\"potentialAction\":[{\"@type\":\"SearchAction\",\"target\":{\"@type\":\"EntryPoint\",\"urlTemplate\":\"https:\\\/\\\/webdelmaestrocmf.com\\\/portal\\\/?s={search_term_string}\"},\"query-input\":{\"@type\":\"PropertyValueSpecification\",\"valueRequired\":true,\"valueName\":\"search_term_string\"}}],\"inLanguage\":\"es\"},{\"@type\":\"Organization\",\"@id\":\"https:\\\/\\\/webdelmaestrocmf.com\\\/portal\\\/#organization\",\"name\":\"Web del Maestro CMF\",\"alternateName\":\"WMCMF\",\"url\":\"https:\\\/\\\/webdelmaestrocmf.com\\\/portal\\\/\",\"logo\":{\"@type\":\"ImageObject\",\"inLanguage\":\"es\",\"@id\":\"https:\\\/\\\/webdelmaestrocmf.com\\\/portal\\\/#\\\/schema\\\/logo\\\/image\\\/\",\"url\":\"https:\\\/\\\/webdelmaestrocmf.com\\\/portal\\\/wp-content\\\/uploads\\\/2023\\\/01\\\/logo-wmcmf-2.png\",\"contentUrl\":\"https:\\\/\\\/webdelmaestrocmf.com\\\/portal\\\/wp-content\\\/uploads\\\/2023\\\/01\\\/logo-wmcmf-2.png\",\"width\":200,\"height\":60,\"caption\":\"Web del Maestro CMF\"},\"image\":{\"@id\":\"https:\\\/\\\/webdelmaestrocmf.com\\\/portal\\\/#\\\/schema\\\/logo\\\/image\\\/\"},\"sameAs\":[\"https:\\\/\\\/www.facebook.com\\\/WebdelMaestroCMF\\\/\",\"https:\\\/\\\/x.com\\\/cmf_w\",\"https:\\\/\\\/www.pinterest.com\\\/WMCMF\\\/\",\"https:\\\/\\\/www.linkedin.com\\\/company\\\/web-del-maestro-cmf\\\/\",\"https:\\\/\\\/www.instagram.com\\\/wmcmf\\\/\",\"https:\\\/\\\/www.youtube.com\\\/channel\\\/UCDPSvjbdodE5sHnC3OxutHw\",\"https:\\\/\\\/mastodon.social\\\/@wmcmf\",\"https:\\\/\\\/www.tiktok.com\\\/@webdelmaestrocmf\"]},{\"@type\":\"Person\",\"@id\":\"https:\\\/\\\/webdelmaestrocmf.com\\\/portal\\\/#\\\/schema\\\/person\\\/1072a2ed7bd960df8ef99a551fa35dc5\",\"name\":\"Web del Maestro CMF\",\"image\":{\"@type\":\"ImageObject\",\"inLanguage\":\"es\",\"@id\":\"https:\\\/\\\/secure.gravatar.com\\\/avatar\\\/23291dd5b5ae1077dcff3dbb04c3e02bd28403fa75af6d8787d5e97c5bbbe30b?s=96&d=mm&r=g\",\"url\":\"https:\\\/\\\/secure.gravatar.com\\\/avatar\\\/23291dd5b5ae1077dcff3dbb04c3e02bd28403fa75af6d8787d5e97c5bbbe30b?s=96&d=mm&r=g\",\"contentUrl\":\"https:\\\/\\\/secure.gravatar.com\\\/avatar\\\/23291dd5b5ae1077dcff3dbb04c3e02bd28403fa75af6d8787d5e97c5bbbe30b?s=96&d=mm&r=g\",\"caption\":\"Web del Maestro CMF\"},\"description\":\"Esta Web se cre\u00f3 sin fines de lucro, con fines educativos, cient\u00edficos y acad\u00e9micos, para personas que tengan dificultades y\\\/o inconvenientes en visualizar el material original. El objetivo es entregar recursos, compartir experiencias y materiales que ayuden a los padres de familia, maestros y estudiantes en su actualizaci\u00f3n y formaci\u00f3n permanente, en bien de la Educaci\u00f3n.\",\"sameAs\":[\"http:\\\/\\\/webdelmaestrocmf.com\\\/portal\",\"https:\\\/\\\/www.facebook.com\\\/WebdelMaestroCMF\\\/\",\"https:\\\/\\\/www.instagram.com\\\/wmcmf\\\/\",\"https:\\\/\\\/cl.linkedin.com\\\/company\\\/web-del-maestro-cmf\",\"https:\\\/\\\/www.pinterest.com\\\/WMCMF\\\/publicaciones\\\/\",\"https:\\\/\\\/x.com\\\/cmf_w\",\"https:\\\/\\\/www.youtube.com\\\/@WMCMF\"]}]}<\/script>\n<!-- \/ Yoast SEO plugin. -->","yoast_head_json":{"title":"La administraci\u00f3n educativa: el pilar silencioso que sostiene la escuela. \u00bfAdministrar o gestionar una comunidad educativa es lo mismo? - 2026","description":"En casi todas nuestras comunidades educativas -con algunas excepciones- existeun equipo que muchas veces pasa desapercibido...","robots":{"index":"index","follow":"follow","max-snippet":"max-snippet:-1","max-image-preview":"max-image-preview:large","max-video-preview":"max-video-preview:-1"},"canonical":"https:\/\/webdelmaestrocmf.com\/portal\/la-administracion-educativa-el-pilar-silencioso-que-sostiene-la-escuela-administrar-o-gestionar-una-comunidad-educativa-es-lo-mismo\/","og_locale":"es_ES","og_type":"article","og_title":"La administraci\u00f3n educativa: el pilar silencioso que sostiene la escuela. \u00bfAdministrar o gestionar una comunidad educativa es lo mismo? - 2026","og_description":"En casi todas nuestras comunidades educativas -con algunas excepciones- existeun equipo que muchas veces pasa desapercibido...","og_url":"https:\/\/webdelmaestrocmf.com\/portal\/la-administracion-educativa-el-pilar-silencioso-que-sostiene-la-escuela-administrar-o-gestionar-una-comunidad-educativa-es-lo-mismo\/","og_site_name":"Web del Maestro CMF","article_publisher":"https:\/\/www.facebook.com\/WebdelMaestroCMF\/","article_author":"https:\/\/www.facebook.com\/WebdelMaestroCMF\/","article_published_time":"2026-04-26T17:58:48+00:00","article_modified_time":"2026-04-26T18:01:14+00:00","og_image":[{"width":1200,"height":675,"url":"https:\/\/webdelmaestrocmf.com\/portal\/wp-content\/uploads\/2026\/04\/1AA-Banner-1-portada-imagen-10-1-copia-6-4.webp","type":"image\/webp"}],"author":"Web del Maestro CMF","twitter_card":"summary_large_image","twitter_creator":"@cmf_w","twitter_site":"@cmf_w","twitter_misc":{"Escrito por":"Web del Maestro CMF","Tiempo de lectura":"8 minutos"},"schema":{"@context":"https:\/\/schema.org","@graph":[{"@type":"ScholarlyArticle","@id":"https:\/\/webdelmaestrocmf.com\/portal\/la-administracion-educativa-el-pilar-silencioso-que-sostiene-la-escuela-administrar-o-gestionar-una-comunidad-educativa-es-lo-mismo\/#article","isPartOf":{"@id":"https:\/\/webdelmaestrocmf.com\/portal\/la-administracion-educativa-el-pilar-silencioso-que-sostiene-la-escuela-administrar-o-gestionar-una-comunidad-educativa-es-lo-mismo\/"},"author":{"name":"Web del Maestro CMF","@id":"https:\/\/webdelmaestrocmf.com\/portal\/#\/schema\/person\/1072a2ed7bd960df8ef99a551fa35dc5"},"headline":"La administraci\u00f3n educativa: el pilar silencioso que sostiene la escuela. \u00bfAdministrar o gestionar una comunidad educativa es lo mismo?","datePublished":"2026-04-26T17:58:48+00:00","dateModified":"2026-04-26T18:01:14+00:00","mainEntityOfPage":{"@id":"https:\/\/webdelmaestrocmf.com\/portal\/la-administracion-educativa-el-pilar-silencioso-que-sostiene-la-escuela-administrar-o-gestionar-una-comunidad-educativa-es-lo-mismo\/"},"wordCount":1804,"commentCount":0,"publisher":{"@id":"https:\/\/webdelmaestrocmf.com\/portal\/#organization"},"image":{"@id":"https:\/\/webdelmaestrocmf.com\/portal\/la-administracion-educativa-el-pilar-silencioso-que-sostiene-la-escuela-administrar-o-gestionar-una-comunidad-educativa-es-lo-mismo\/#primaryimage"},"thumbnailUrl":"https:\/\/webdelmaestrocmf.com\/portal\/wp-content\/uploads\/2026\/04\/1AA-Banner-1-portada-imagen-10-1-copia-6-4.webp","keywords":["administraci\u00f3n educativa","CALIDAD EDUCATIVA","comunidad educativa","Direcci\u00f3n Escolar","Educaci\u00f3n Digital","gesti\u00f3n escolar","Innovaci\u00f3n educativa","Liderazgo educativo","Mejora continua","planificaci\u00f3n educativa"],"articleSection":["Yo opino - WMCMF"],"inLanguage":"es","potentialAction":[{"@type":"CommentAction","name":"Comment","target":["https:\/\/webdelmaestrocmf.com\/portal\/la-administracion-educativa-el-pilar-silencioso-que-sostiene-la-escuela-administrar-o-gestionar-una-comunidad-educativa-es-lo-mismo\/#respond"]}]},{"@type":"WebPage","@id":"https:\/\/webdelmaestrocmf.com\/portal\/la-administracion-educativa-el-pilar-silencioso-que-sostiene-la-escuela-administrar-o-gestionar-una-comunidad-educativa-es-lo-mismo\/","url":"https:\/\/webdelmaestrocmf.com\/portal\/la-administracion-educativa-el-pilar-silencioso-que-sostiene-la-escuela-administrar-o-gestionar-una-comunidad-educativa-es-lo-mismo\/","name":"La administraci\u00f3n educativa: el pilar silencioso que sostiene la escuela. \u00bfAdministrar o gestionar una comunidad educativa es lo mismo? - 2026","isPartOf":{"@id":"https:\/\/webdelmaestrocmf.com\/portal\/#website"},"primaryImageOfPage":{"@id":"https:\/\/webdelmaestrocmf.com\/portal\/la-administracion-educativa-el-pilar-silencioso-que-sostiene-la-escuela-administrar-o-gestionar-una-comunidad-educativa-es-lo-mismo\/#primaryimage"},"image":{"@id":"https:\/\/webdelmaestrocmf.com\/portal\/la-administracion-educativa-el-pilar-silencioso-que-sostiene-la-escuela-administrar-o-gestionar-una-comunidad-educativa-es-lo-mismo\/#primaryimage"},"thumbnailUrl":"https:\/\/webdelmaestrocmf.com\/portal\/wp-content\/uploads\/2026\/04\/1AA-Banner-1-portada-imagen-10-1-copia-6-4.webp","datePublished":"2026-04-26T17:58:48+00:00","dateModified":"2026-04-26T18:01:14+00:00","description":"En casi todas nuestras comunidades educativas -con algunas excepciones- existeun equipo que muchas veces pasa desapercibido...","breadcrumb":{"@id":"https:\/\/webdelmaestrocmf.com\/portal\/la-administracion-educativa-el-pilar-silencioso-que-sostiene-la-escuela-administrar-o-gestionar-una-comunidad-educativa-es-lo-mismo\/#breadcrumb"},"inLanguage":"es","potentialAction":[{"@type":"ReadAction","target":["https:\/\/webdelmaestrocmf.com\/portal\/la-administracion-educativa-el-pilar-silencioso-que-sostiene-la-escuela-administrar-o-gestionar-una-comunidad-educativa-es-lo-mismo\/"]}]},{"@type":"ImageObject","inLanguage":"es","@id":"https:\/\/webdelmaestrocmf.com\/portal\/la-administracion-educativa-el-pilar-silencioso-que-sostiene-la-escuela-administrar-o-gestionar-una-comunidad-educativa-es-lo-mismo\/#primaryimage","url":"https:\/\/webdelmaestrocmf.com\/portal\/wp-content\/uploads\/2026\/04\/1AA-Banner-1-portada-imagen-10-1-copia-6-4.webp","contentUrl":"https:\/\/webdelmaestrocmf.com\/portal\/wp-content\/uploads\/2026\/04\/1AA-Banner-1-portada-imagen-10-1-copia-6-4.webp","width":1200,"height":675},{"@type":"BreadcrumbList","@id":"https:\/\/webdelmaestrocmf.com\/portal\/la-administracion-educativa-el-pilar-silencioso-que-sostiene-la-escuela-administrar-o-gestionar-una-comunidad-educativa-es-lo-mismo\/#breadcrumb","itemListElement":[{"@type":"ListItem","position":1,"name":"Portada","item":"https:\/\/webdelmaestrocmf.com\/portal\/"},{"@type":"ListItem","position":2,"name":"Yo opino - WMCMF","item":"https:\/\/webdelmaestrocmf.com\/portal\/category\/jamb\/"},{"@type":"ListItem","position":3,"name":"La administraci\u00f3n educativa: el pilar silencioso que sostiene la escuela. \u00bfAdministrar o gestionar una comunidad educativa es lo mismo?"}]},{"@type":"WebSite","@id":"https:\/\/webdelmaestrocmf.com\/portal\/#website","url":"https:\/\/webdelmaestrocmf.com\/portal\/","name":"Web del Maestro CMF","description":"Maestros al servicio de la educaci\u00f3n","publisher":{"@id":"https:\/\/webdelmaestrocmf.com\/portal\/#organization"},"alternateName":"WMCMF","potentialAction":[{"@type":"SearchAction","target":{"@type":"EntryPoint","urlTemplate":"https:\/\/webdelmaestrocmf.com\/portal\/?s={search_term_string}"},"query-input":{"@type":"PropertyValueSpecification","valueRequired":true,"valueName":"search_term_string"}}],"inLanguage":"es"},{"@type":"Organization","@id":"https:\/\/webdelmaestrocmf.com\/portal\/#organization","name":"Web del Maestro CMF","alternateName":"WMCMF","url":"https:\/\/webdelmaestrocmf.com\/portal\/","logo":{"@type":"ImageObject","inLanguage":"es","@id":"https:\/\/webdelmaestrocmf.com\/portal\/#\/schema\/logo\/image\/","url":"https:\/\/webdelmaestrocmf.com\/portal\/wp-content\/uploads\/2023\/01\/logo-wmcmf-2.png","contentUrl":"https:\/\/webdelmaestrocmf.com\/portal\/wp-content\/uploads\/2023\/01\/logo-wmcmf-2.png","width":200,"height":60,"caption":"Web del Maestro CMF"},"image":{"@id":"https:\/\/webdelmaestrocmf.com\/portal\/#\/schema\/logo\/image\/"},"sameAs":["https:\/\/www.facebook.com\/WebdelMaestroCMF\/","https:\/\/x.com\/cmf_w","https:\/\/www.pinterest.com\/WMCMF\/","https:\/\/www.linkedin.com\/company\/web-del-maestro-cmf\/","https:\/\/www.instagram.com\/wmcmf\/","https:\/\/www.youtube.com\/channel\/UCDPSvjbdodE5sHnC3OxutHw","https:\/\/mastodon.social\/@wmcmf","https:\/\/www.tiktok.com\/@webdelmaestrocmf"]},{"@type":"Person","@id":"https:\/\/webdelmaestrocmf.com\/portal\/#\/schema\/person\/1072a2ed7bd960df8ef99a551fa35dc5","name":"Web del Maestro CMF","image":{"@type":"ImageObject","inLanguage":"es","@id":"https:\/\/secure.gravatar.com\/avatar\/23291dd5b5ae1077dcff3dbb04c3e02bd28403fa75af6d8787d5e97c5bbbe30b?s=96&d=mm&r=g","url":"https:\/\/secure.gravatar.com\/avatar\/23291dd5b5ae1077dcff3dbb04c3e02bd28403fa75af6d8787d5e97c5bbbe30b?s=96&d=mm&r=g","contentUrl":"https:\/\/secure.gravatar.com\/avatar\/23291dd5b5ae1077dcff3dbb04c3e02bd28403fa75af6d8787d5e97c5bbbe30b?s=96&d=mm&r=g","caption":"Web del Maestro CMF"},"description":"Esta Web se cre\u00f3 sin fines de lucro, con fines educativos, cient\u00edficos y acad\u00e9micos, para personas que tengan dificultades y\/o inconvenientes en visualizar el material original. El objetivo es entregar recursos, compartir experiencias y materiales que ayuden a los padres de familia, maestros y estudiantes en su actualizaci\u00f3n y formaci\u00f3n permanente, en bien de la Educaci\u00f3n.","sameAs":["http:\/\/webdelmaestrocmf.com\/portal","https:\/\/www.facebook.com\/WebdelMaestroCMF\/","https:\/\/www.instagram.com\/wmcmf\/","https:\/\/cl.linkedin.com\/company\/web-del-maestro-cmf","https:\/\/www.pinterest.com\/WMCMF\/publicaciones\/","https:\/\/x.com\/cmf_w","https:\/\/www.youtube.com\/@WMCMF"]}]}},"jetpack_featured_media_url":"https:\/\/webdelmaestrocmf.com\/portal\/wp-content\/uploads\/2026\/04\/1AA-Banner-1-portada-imagen-10-1-copia-6-4.webp","jetpack_sharing_enabled":true,"jetpack-related-posts":[{"id":102124,"url":"https:\/\/webdelmaestrocmf.com\/portal\/el-liderazgo-de-un-director-es-un-servicio-no-un-espectaculo\/","url_meta":{"origin":118324,"position":0},"title":"El liderazgo de un director es un servicio, no un espect\u00e1culo","author":"Web del Maestro CMF","date":"20 junio, 2025","format":false,"excerpt":"Un director que busca constantemente destacarse puede caer en la trampa de centrarse en su propio ego en lugar de priorizar el \u00e9xito de la escuela","rel":"","context":"En \u00abDirector\u00bb","block_context":{"text":"Director","link":"https:\/\/webdelmaestrocmf.com\/portal\/category\/pedagogia\/director\/"},"img":{"alt_text":"El liderazgo de un director es un servicio, no un espect\u00e1culo","src":"https:\/\/i0.wp.com\/webdelmaestrocmf.com\/portal\/wp-content\/uploads\/2024\/01\/B-dibujos-1-12.webp?resize=350%2C200&ssl=1","width":350,"height":200,"srcset":"https:\/\/i0.wp.com\/webdelmaestrocmf.com\/portal\/wp-content\/uploads\/2024\/01\/B-dibujos-1-12.webp?resize=350%2C200&ssl=1 1x, https:\/\/i0.wp.com\/webdelmaestrocmf.com\/portal\/wp-content\/uploads\/2024\/01\/B-dibujos-1-12.webp?resize=525%2C300&ssl=1 1.5x, https:\/\/i0.wp.com\/webdelmaestrocmf.com\/portal\/wp-content\/uploads\/2024\/01\/B-dibujos-1-12.webp?resize=700%2C400&ssl=1 2x"},"classes":[]},{"id":115383,"url":"https:\/\/webdelmaestrocmf.com\/portal\/las-buenas-escuelas-necesitan-buenos-directores-liderazgo-profesional-para-mejorar-la-educacion-publica\/","url_meta":{"origin":118324,"position":1},"title":"Las buenas escuelas necesitan buenos directores: liderazgo profesional para mejorar la educaci\u00f3n p\u00fablica","author":"Web del Maestro CMF","date":"15 febrero, 2026","format":false,"excerpt":"El \u00faltimo informe de la UNESCO sobre liderazgo educativo es claro: las buenas escuelas necesitan buenos directores.","rel":"","context":"En \u00abDirector\u00bb","block_context":{"text":"Director","link":"https:\/\/webdelmaestrocmf.com\/portal\/category\/pedagogia\/director\/"},"img":{"alt_text":"","src":"https:\/\/i0.wp.com\/webdelmaestrocmf.com\/portal\/wp-content\/uploads\/2026\/02\/1A-Banner-1-portada-imagen-10-1-copia-17.webp?resize=350%2C200&ssl=1","width":350,"height":200,"srcset":"https:\/\/i0.wp.com\/webdelmaestrocmf.com\/portal\/wp-content\/uploads\/2026\/02\/1A-Banner-1-portada-imagen-10-1-copia-17.webp?resize=350%2C200&ssl=1 1x, https:\/\/i0.wp.com\/webdelmaestrocmf.com\/portal\/wp-content\/uploads\/2026\/02\/1A-Banner-1-portada-imagen-10-1-copia-17.webp?resize=525%2C300&ssl=1 1.5x, https:\/\/i0.wp.com\/webdelmaestrocmf.com\/portal\/wp-content\/uploads\/2026\/02\/1A-Banner-1-portada-imagen-10-1-copia-17.webp?resize=700%2C400&ssl=1 2x"},"classes":[]},{"id":114129,"url":"https:\/\/webdelmaestrocmf.com\/portal\/como-elaborar-el-programa-de-mejora-continua-en-la-escuela\/","url_meta":{"origin":118324,"position":2},"title":"\u00bfC\u00f3mo elaborar el Programa de Mejora Continua en la escuela?","author":"Web del Maestro CMF","date":"17 diciembre, 2025","format":false,"excerpt":"El Programa de Mejora Continua es una herramienta clave para que las escuelas analicen su realidad, identifiquen problem\u00e1ticas prioritarias y planifiquen acciones concretas orientadas a mejorar la calidad educativa mediante el trabajo colaborativo del Consejo T\u00e9cnico Escolar.","rel":"","context":"En \u00abInforme\u00bb","block_context":{"text":"Informe","link":"https:\/\/webdelmaestrocmf.com\/portal\/category\/pedagogia\/informe\/"},"img":{"alt_text":"","src":"https:\/\/i0.wp.com\/webdelmaestrocmf.com\/portal\/wp-content\/uploads\/2025\/12\/1A-Banner-1-portada-imagen-10-1-copia-5-1.webp?resize=350%2C200&ssl=1","width":350,"height":200,"srcset":"https:\/\/i0.wp.com\/webdelmaestrocmf.com\/portal\/wp-content\/uploads\/2025\/12\/1A-Banner-1-portada-imagen-10-1-copia-5-1.webp?resize=350%2C200&ssl=1 1x, https:\/\/i0.wp.com\/webdelmaestrocmf.com\/portal\/wp-content\/uploads\/2025\/12\/1A-Banner-1-portada-imagen-10-1-copia-5-1.webp?resize=525%2C300&ssl=1 1.5x, https:\/\/i0.wp.com\/webdelmaestrocmf.com\/portal\/wp-content\/uploads\/2025\/12\/1A-Banner-1-portada-imagen-10-1-copia-5-1.webp?resize=700%2C400&ssl=1 2x"},"classes":[]},{"id":114668,"url":"https:\/\/webdelmaestrocmf.com\/portal\/la-comunidad-de-madrid-incorpora-inteligencia-artificial-para-reducir-la-carga-burocratica-docente\/","url_meta":{"origin":118324,"position":3},"title":"La Comunidad de Madrid incorpora inteligencia artificial para reducir la carga burocr\u00e1tica docente","author":"Web del Maestro CMF","date":"9 enero, 2026","format":false,"excerpt":"Madrid incorporar\u00e1 un asistente de inteligencia artificial en EducaMadrid para reducir burocracia docente y liberar tiempo para tareas acad\u00e9micas esenciales.","rel":"","context":"En \u00abNoticias Internacionales\u00bb","block_context":{"text":"Noticias Internacionales","link":"https:\/\/webdelmaestrocmf.com\/portal\/category\/noticias-internacionales\/"},"img":{"alt_text":"","src":"https:\/\/i0.wp.com\/webdelmaestrocmf.com\/portal\/wp-content\/uploads\/2026\/01\/1A-Banner-1-portada-imagen-10-1-copia-11.webp?resize=350%2C200&ssl=1","width":350,"height":200,"srcset":"https:\/\/i0.wp.com\/webdelmaestrocmf.com\/portal\/wp-content\/uploads\/2026\/01\/1A-Banner-1-portada-imagen-10-1-copia-11.webp?resize=350%2C200&ssl=1 1x, https:\/\/i0.wp.com\/webdelmaestrocmf.com\/portal\/wp-content\/uploads\/2026\/01\/1A-Banner-1-portada-imagen-10-1-copia-11.webp?resize=525%2C300&ssl=1 1.5x, https:\/\/i0.wp.com\/webdelmaestrocmf.com\/portal\/wp-content\/uploads\/2026\/01\/1A-Banner-1-portada-imagen-10-1-copia-11.webp?resize=700%2C400&ssl=1 2x"},"classes":[]},{"id":112688,"url":"https:\/\/webdelmaestrocmf.com\/portal\/el-rol-del-auxiliar-de-educacion-funciones-propositos-y-responsabilidades-en-el-sistema-educativo\/","url_meta":{"origin":118324,"position":4},"title":"El rol del auxiliar de educaci\u00f3n: funciones, prop\u00f3sitos y responsabilidades en el sistema educativo","author":"Web del Maestro CMF","date":"18 octubre, 2025","format":false,"excerpt":"El auxiliar de educaci\u00f3n garantiza orden, seguridad, convivencia y apoyo emocional en las escuelas, contribuyendo al desarrollo integral de los estudiantes.","rel":"","context":"En \u00abRecursos\u00bb","block_context":{"text":"Recursos","link":"https:\/\/webdelmaestrocmf.com\/portal\/category\/pedagogia\/"},"img":{"alt_text":"","src":"https:\/\/i0.wp.com\/webdelmaestrocmf.com\/portal\/wp-content\/uploads\/2025\/10\/1A-Banner-1-portada-imagen-10-1-copia-15.webp?resize=350%2C200&ssl=1","width":350,"height":200,"srcset":"https:\/\/i0.wp.com\/webdelmaestrocmf.com\/portal\/wp-content\/uploads\/2025\/10\/1A-Banner-1-portada-imagen-10-1-copia-15.webp?resize=350%2C200&ssl=1 1x, https:\/\/i0.wp.com\/webdelmaestrocmf.com\/portal\/wp-content\/uploads\/2025\/10\/1A-Banner-1-portada-imagen-10-1-copia-15.webp?resize=525%2C300&ssl=1 1.5x, https:\/\/i0.wp.com\/webdelmaestrocmf.com\/portal\/wp-content\/uploads\/2025\/10\/1A-Banner-1-portada-imagen-10-1-copia-15.webp?resize=700%2C400&ssl=1 2x"},"classes":[]},{"id":117144,"url":"https:\/\/webdelmaestrocmf.com\/portal\/el-valor-de-las-fichas-educativas-en-la-gestion-docente-y-el-seguimiento-integral-del-estudiante\/","url_meta":{"origin":118324,"position":5},"title":"El valor de las fichas educativas en la gesti\u00f3n docente y el seguimiento integral del estudiante","author":"Web del Maestro CMF","date":"30 marzo, 2026","format":false,"excerpt":"Las fichas educativas permiten organizar, evidenciar y mejorar el seguimiento del estudiante y la gesti\u00f3n docente, facilitando decisiones pedag\u00f3gicas oportunas, fortaleciendo la comunicaci\u00f3n con las familias y promoviendo la responsabilidad compartida.","rel":"","context":"En \u00abDescarga\u00bb","block_context":{"text":"Descarga","link":"https:\/\/webdelmaestrocmf.com\/portal\/category\/descarga\/"},"img":{"alt_text":"","src":"https:\/\/i0.wp.com\/webdelmaestrocmf.com\/portal\/wp-content\/uploads\/2026\/03\/1AA-Banner-1-portada-imagen-10-1-copia-1-5.webp?resize=350%2C200&ssl=1","width":350,"height":200,"srcset":"https:\/\/i0.wp.com\/webdelmaestrocmf.com\/portal\/wp-content\/uploads\/2026\/03\/1AA-Banner-1-portada-imagen-10-1-copia-1-5.webp?resize=350%2C200&ssl=1 1x, https:\/\/i0.wp.com\/webdelmaestrocmf.com\/portal\/wp-content\/uploads\/2026\/03\/1AA-Banner-1-portada-imagen-10-1-copia-1-5.webp?resize=525%2C300&ssl=1 1.5x, https:\/\/i0.wp.com\/webdelmaestrocmf.com\/portal\/wp-content\/uploads\/2026\/03\/1AA-Banner-1-portada-imagen-10-1-copia-1-5.webp?resize=700%2C400&ssl=1 2x, https:\/\/i0.wp.com\/webdelmaestrocmf.com\/portal\/wp-content\/uploads\/2026\/03\/1AA-Banner-1-portada-imagen-10-1-copia-1-5.webp?resize=1050%2C600&ssl=1 3x"},"classes":[]}],"_links":{"self":[{"href":"https:\/\/webdelmaestrocmf.com\/portal\/wp-json\/wp\/v2\/posts\/118324","targetHints":{"allow":["GET"]}}],"collection":[{"href":"https:\/\/webdelmaestrocmf.com\/portal\/wp-json\/wp\/v2\/posts"}],"about":[{"href":"https:\/\/webdelmaestrocmf.com\/portal\/wp-json\/wp\/v2\/types\/post"}],"author":[{"embeddable":true,"href":"https:\/\/webdelmaestrocmf.com\/portal\/wp-json\/wp\/v2\/users\/1"}],"replies":[{"embeddable":true,"href":"https:\/\/webdelmaestrocmf.com\/portal\/wp-json\/wp\/v2\/comments?post=118324"}],"version-history":[{"count":1,"href":"https:\/\/webdelmaestrocmf.com\/portal\/wp-json\/wp\/v2\/posts\/118324\/revisions"}],"predecessor-version":[{"id":118326,"href":"https:\/\/webdelmaestrocmf.com\/portal\/wp-json\/wp\/v2\/posts\/118324\/revisions\/118326"}],"wp:featuredmedia":[{"embeddable":true,"href":"https:\/\/webdelmaestrocmf.com\/portal\/wp-json\/wp\/v2\/media\/118327"}],"wp:attachment":[{"href":"https:\/\/webdelmaestrocmf.com\/portal\/wp-json\/wp\/v2\/media?parent=118324"}],"wp:term":[{"taxonomy":"category","embeddable":true,"href":"https:\/\/webdelmaestrocmf.com\/portal\/wp-json\/wp\/v2\/categories?post=118324"},{"taxonomy":"post_tag","embeddable":true,"href":"https:\/\/webdelmaestrocmf.com\/portal\/wp-json\/wp\/v2\/tags?post=118324"}],"curies":[{"name":"wp","href":"https:\/\/api.w.org\/{rel}","templated":true}]}}