{"id":118319,"date":"2026-04-26T13:02:05","date_gmt":"2026-04-26T17:02:05","guid":{"rendered":"https:\/\/webdelmaestrocmf.com\/portal\/?p=118319"},"modified":"2026-04-26T13:28:16","modified_gmt":"2026-04-26T17:28:16","slug":"el-liderazgo-directivo-entre-la-firmeza-institucional-y-la-humanidad","status":"publish","type":"post","link":"https:\/\/webdelmaestrocmf.com\/portal\/el-liderazgo-directivo-entre-la-firmeza-institucional-y-la-humanidad\/","title":{"rendered":"El liderazgo directivo: entre la firmeza institucional y la humanidad"},"content":{"rendered":"\n<p>En el contexto educativo actual, <strong>la figura del directivo enfrenta una tensi\u00f3n constante entre la exigencia de resultados y la necesidad de sostener v\u00ednculos humanos significativos<\/strong>. A partir de la reflexi\u00f3n de Laura Lewin, especialista en educaci\u00f3n y liderazgo escolar, se desprende una idea clave que orienta este an\u00e1lisis: <strong>el directivo no es terapeuta ni salvador emocional del equipo<\/strong>. Asumir ese rol no solo desordena la gesti\u00f3n, sino que tambi\u00e9n genera un desgaste innecesario. Este art\u00edculo se construye desde esa mirada, que invita a repensar el liderazgo escolar desde su verdadera esencia: tomar decisiones, acompa\u00f1ar procesos pedag\u00f3gicos y sostener el rumbo institucional con claridad y sentido.<\/p>\n\n\n\n<p>Sin embargo, <strong>rechazar ese rol no implica adoptar una postura distante o fr\u00eda<\/strong>. Por el contrario, el liderazgo efectivo en la escuela requiere una comprensi\u00f3n profunda de las personas que conforman el equipo. <strong>La autoridad pedag\u00f3gica no se construye desde la rigidez, sino desde la coherencia entre lo que se exige y lo que se comprende<\/strong>. En este sentido, liderar implica tambi\u00e9n saber escuchar, observar y actuar con criterio.<\/p>\n\n\n\n<blockquote class=\"wp-block-quote is-layout-flow wp-block-quote-is-layout-flow\">\n<p>No sos psic\u00f3logo, ni terapeuta, ni salvador emocional del equipo. Y no deber\u00edas serlo. Tu rol es liderar, tomar decisiones, acompa\u00f1ar procesos pedag\u00f3gicos y sostener el rumbo institucional. Pero eso no significa hacerlo desde la frialdad de la gesti\u00f3n t\u00e9cnica, sino desde la cercan\u00eda de un liderazgo humano.<\/p>\n\n\n\n<p>Liderar con humanidad no es resolver los conflictos emocionales de todos, sino crear un entorno donde las personas se sientan escuchadas, respetadas y contenidas. Es mirar m\u00e1s all\u00e1 del error y preguntarse qu\u00e9 est\u00e1 pasando con quien lo comete. Es sostener con firmeza, pero sin perder la empat\u00eda.<\/p>\n\n\n\n<p>La escuela necesita l\u00edderes que gestionen con claridad, s\u00ed. Pero tambi\u00e9n que comprendan que detr\u00e1s de cada docente hay una historia, un cansancio, una vida. Humanizar la gesti\u00f3n no es debilitarla: es fortalecerla desde el v\u00ednculo.  <strong>Laura Lewin<\/strong><\/p>\n<\/blockquote>\n\n\n\n<h2 class=\"wp-block-heading\"><strong>Humanizar la gesti\u00f3n sin perder el foco institucional<\/strong><\/h2>\n\n\n\n<p>Uno de los mayores desaf\u00edos del liderazgo escolar es <strong>encontrar el equilibrio entre la gesti\u00f3n t\u00e9cnica y la sensibilidad humana<\/strong>. Humanizar la gesti\u00f3n no significa asumir las emociones de todos ni resolver conflictos personales de manera directa. <strong>Significa crear condiciones institucionales donde cada docente se sienta respetado, valorado y escuchado<\/strong>, lo que impacta directamente en su desempe\u00f1o profesional.<\/p>\n\n\n\n<p><strong>El error, en este enfoque, deja de ser un problema a sancionar y se convierte en una oportunidad para comprender y mejorar<\/strong>. Un liderazgo humano no ignora las dificultades, pero tampoco las personaliza ni las dramatiza. <strong>Se centra en analizar qu\u00e9 hay detr\u00e1s de cada situaci\u00f3n y c\u00f3mo intervenir de manera justa y formativa<\/strong>. Esto requiere madurez profesional, autocontrol y una mirada pedag\u00f3gica amplia.<\/p>\n\n\n\n<p>Adem\u00e1s, <strong>la gesti\u00f3n con humanidad no debilita la autoridad, sino que la fortalece<\/strong>, porque genera confianza. Un equipo que se siente comprendido no necesita ser controlado constantemente; responde desde el compromiso. <strong>La confianza institucional es un activo que se construye con acciones coherentes y sostenidas en el tiempo<\/strong>.<\/p>\n\n\n\n<h2 class=\"wp-block-heading\"><strong>El v\u00ednculo como eje del liderazgo educativo<\/strong><\/h2>\n\n\n\n<p>En toda instituci\u00f3n educativa, <strong>el v\u00ednculo es el elemento que sostiene el funcionamiento cotidiano<\/strong>. No se trata de generar relaciones complacientes ni de evitar conflictos, sino de <strong>construir un clima donde el respeto sea la base de todas las interacciones<\/strong>. El directivo que comprende esto entiende que cada docente llega al aula con una historia personal, con desaf\u00edos propios y con niveles distintos de desgaste.<\/p>\n\n\n\n<p><strong>Ignorar esta dimensi\u00f3n humana es un error que impacta directamente en la calidad educativa<\/strong>. Un docente desbordado, no escuchado o desvalorizado dif\u00edcilmente podr\u00e1 ofrecer su mejor versi\u00f3n en el aula. Por eso, <strong>liderar con humanidad implica reconocer esa realidad sin perder el foco en la tarea educativa<\/strong>.<\/p>\n\n\n\n<p>Este tipo de liderazgo exige habilidades espec\u00edficas: <strong>capacidad de observaci\u00f3n, escucha activa, toma de decisiones justa y comunicaci\u00f3n clara<\/strong>. No se trata de ser cercano sin l\u00edmites, sino de <strong>establecer relaciones profesionales basadas en el respeto mutuo y en objetivos compartidos<\/strong>. El v\u00ednculo no reemplaza la norma, pero la hace m\u00e1s comprensible y aceptable.<\/p>\n\n\n\n<h2 class=\"wp-block-heading\"><strong>Firmeza con empat\u00eda: una combinaci\u00f3n necesaria<\/strong><\/h2>\n\n\n\n<p>Uno de los errores m\u00e1s comunes en la gesti\u00f3n educativa es <strong>confundir empat\u00eda con permisividad<\/strong>. Liderar con humanidad no implica ceder ante todas las situaciones ni evitar decisiones dif\u00edciles. <strong>La firmeza es una condici\u00f3n indispensable del liderazgo<\/strong>, pero debe ejercerse con criterio y sensibilidad.<\/p>\n\n\n\n<p><strong>La empat\u00eda permite entender, pero no justifica todo<\/strong>. Un directivo que logra combinar ambas dimensiones puede intervenir de manera m\u00e1s efectiva, porque sus decisiones no son percibidas como arbitrarias, sino como justas. <strong>La legitimidad del liderazgo se construye cuando el equipo reconoce coherencia entre el discurso y la acci\u00f3n<\/strong>.<\/p>\n\n\n\n<p>Adem\u00e1s, <strong>la claridad en las decisiones reduce la incertidumbre y fortalece la organizaci\u00f3n<\/strong>. Los equipos necesitan saber hacia d\u00f3nde van, qu\u00e9 se espera de ellos y cu\u00e1les son los l\u00edmites. <strong>La empat\u00eda sin claridad genera confusi\u00f3n; la firmeza sin empat\u00eda genera rechazo<\/strong>. El equilibrio entre ambas es lo que define un liderazgo maduro.<\/p>\n\n\n\n<h2 class=\"wp-block-heading\"><strong>Humanizar para fortalecer la escuela<\/strong><\/h2>\n\n\n\n<p>La escuela no necesita directivos que asuman roles que no les corresponden, sino <strong>l\u00edderes capaces de sostener el rumbo institucional sin perder de vista a las personas<\/strong>. Humanizar la gesti\u00f3n no es una opci\u00f3n secundaria, es una condici\u00f3n necesaria para construir instituciones s\u00f3lidas.<\/p>\n\n\n\n<p><strong>Cuando el liderazgo se ejerce desde el v\u00ednculo, la coherencia y el respeto, los resultados no solo mejoran, sino que se sostienen en el tiempo<\/strong>. La calidad educativa no depende \u00fanicamente de los contenidos o de las metodolog\u00edas, sino tambi\u00e9n de las condiciones humanas en las que se desarrollan.<\/p>\n\n\n\n<p>En este sentido, <strong>liderar con humanidad es una decisi\u00f3n profesional consciente<\/strong>. Implica entender que la gesti\u00f3n no se reduce a tareas administrativas, sino que involucra personas, emociones y procesos complejos. <strong>Fortalecer la escuela comienza por reconocer que detr\u00e1s de cada docente hay una vida, y que ese reconocimiento no debilita la gesti\u00f3n, la hace m\u00e1s efectiva<\/strong>.<\/p>\n\n\n\n<p class=\"has-text-align-right\"><strong>Redacci\u00f3n | Web del Maestro CMF<\/strong><\/p>\n\n\n\t\t<div class=\"pk-inline-posts\">\n\t\t\t\t\t\t\t<h5 class=\"pk-inline-posts-title pk-title pk-font-block\">\n\t\t\t\t\t\u00daltimas entradas\t\t\t\t<\/h5>\n\t\t\t\n\t\t\t<div class=\"pk-inline-posts-container pk-inline-posts-template-list\"\n\t\t\t\tdata-columns=\"1\">\n\t\t\t\t\t\t<article id=\"post-118324\" class=\"post-118324 post type-post status-publish format-standard has-post-thumbnail category-jamb tag-administracion-educativa tag-calidad-educativa tag-comunidad-educativa tag-direccion-escolar tag-educacion-digital tag-gestion-escolar tag-innovacion-educativa-2 tag-liderazgo-educativo tag-mejora-continua tag-planificacion-educativa cs-entry cs-video-wrap\">\n\t\t\t<div class=\"pk-post-outer\">\n\n\t\t\t\t\t\t\t\t<div class=\"pk-post-inner\">\n\t\t\t\t\t<div class=\"entry-thumbnail\">\n\t\t\t\t\t\t<div class=\"pk-overlay pk-overlay-ratio pk-ratio-landscape\">\n\t\t\t\t\t\t\t<div class=\"pk-overlay-background\">\n\t\t\t\t\t\t\t\t<a href=\"https:\/\/webdelmaestrocmf.com\/portal\/la-administracion-educativa-el-pilar-silencioso-que-sostiene-la-escuela-administrar-o-gestionar-una-comunidad-educativa-es-lo-mismo\/\" class=\"pk-overlay-link\">\n\t\t\t\t\t\t\t\t\t<img loading=\"lazy\" decoding=\"async\" width=\"300\" height=\"225\" src=\"https:\/\/webdelmaestrocmf.com\/portal\/wp-content\/uploads\/2026\/04\/1AA-Banner-1-portada-imagen-10-1-copia-6-4-300x225.webp\" class=\"attachment-pk-thumbnail size-pk-thumbnail wp-post-image\" alt=\"\" \/>\t\t\t\t\t\t\t\t<\/a>\n\t\t\t\t\t\t\t<\/div>\n\t\t\t\t\t\t<\/div>\n\t\t\t\t\t<\/div>\n\t\t\t\t<\/div>\n\t\t\t\t\n\t\t\t\t<div class=\"pk-post-inner\">\n\t\t\t\t\t<header>\n\t\t\t\t\t\t<h3 class=\"pk-title\"><a href=\"https:\/\/webdelmaestrocmf.com\/portal\/la-administracion-educativa-el-pilar-silencioso-que-sostiene-la-escuela-administrar-o-gestionar-una-comunidad-educativa-es-lo-mismo\/\" rel=\"bookmark\">La administraci\u00f3n educativa: el pilar silencioso que sostiene la escuela. \u00bfAdministrar o gestionar una comunidad educativa es lo mismo?<\/a><\/h3>\t\t\t\t\t<\/header><!-- .entry-header -->\n\t\t\t\t<\/div><!-- .post-inner -->\n\n\t\t\t<\/div><!-- .post-outer -->\n\t\t<\/article>\n\t\t\t<article id=\"post-50813\" class=\"post-50813 post type-post status-publish format-standard has-post-thumbnail category-jamb tag-boris-cyrulnik tag-crisis tag-educacion-emocional tag-estres tag-mental tag-miguel-angel-cornejo tag-pandemia tag-resiliencia tag-rol-docente tag-salud tag-trauma tag-videos cs-entry cs-video-wrap\">\n\t\t\t<div class=\"pk-post-outer\">\n\n\t\t\t\t\t\t\t\t<div class=\"pk-post-inner\">\n\t\t\t\t\t<div class=\"entry-thumbnail\">\n\t\t\t\t\t\t<div class=\"pk-overlay pk-overlay-ratio pk-ratio-landscape\">\n\t\t\t\t\t\t\t<div class=\"pk-overlay-background\">\n\t\t\t\t\t\t\t\t<a href=\"https:\/\/webdelmaestrocmf.com\/portal\/recursos-para-reforzar-la-resiliencia-docente-en-tiempos-traumaticos\/\" class=\"pk-overlay-link\">\n\t\t\t\t\t\t\t\t\t<img loading=\"lazy\" decoding=\"async\" width=\"300\" height=\"225\" src=\"https:\/\/webdelmaestrocmf.com\/portal\/wp-content\/uploads\/2026\/04\/1AA-Banner-1-portada-imagen-10-1-copia-5-2-300x225.webp\" class=\"attachment-pk-thumbnail size-pk-thumbnail wp-post-image\" alt=\"\" \/>\t\t\t\t\t\t\t\t<\/a>\n\t\t\t\t\t\t\t<\/div>\n\t\t\t\t\t\t<\/div>\n\t\t\t\t\t<\/div>\n\t\t\t\t<\/div>\n\t\t\t\t\n\t\t\t\t<div class=\"pk-post-inner\">\n\t\t\t\t\t<header>\n\t\t\t\t\t\t<h3 class=\"pk-title\"><a href=\"https:\/\/webdelmaestrocmf.com\/portal\/recursos-para-reforzar-la-resiliencia-docente-en-tiempos-traumaticos\/\" rel=\"bookmark\">Recursos para reforzar la resiliencia docente: Descarga el Manual de ejercicios de Psicolog\u00eda Positiva<\/a><\/h3>\t\t\t\t\t<\/header><!-- .entry-header -->\n\t\t\t\t<\/div><!-- .post-inner -->\n\n\t\t\t<\/div><!-- .post-outer -->\n\t\t<\/article>\n\t\t\t<article id=\"post-17299\" class=\"post-17299 post type-post status-publish format-standard has-post-thumbnail category-jamb tag-cuidar tag-dia tag-educar tag-responsabilidad tag-tierra cs-entry cs-video-wrap\">\n\t\t\t<div class=\"pk-post-outer\">\n\n\t\t\t\t\t\t\t\t<div class=\"pk-post-inner\">\n\t\t\t\t\t<div class=\"entry-thumbnail\">\n\t\t\t\t\t\t<div class=\"pk-overlay pk-overlay-ratio pk-ratio-landscape\">\n\t\t\t\t\t\t\t<div class=\"pk-overlay-background\">\n\t\t\t\t\t\t\t\t<a href=\"https:\/\/webdelmaestrocmf.com\/portal\/dia-la-tierra-responsabilidad-educar-cuidar-la-casa-comun\/\" class=\"pk-overlay-link\">\n\t\t\t\t\t\t\t\t\t<img loading=\"lazy\" decoding=\"async\" width=\"300\" height=\"225\" src=\"https:\/\/webdelmaestrocmf.com\/portal\/wp-content\/uploads\/2017\/04\/1AA-Banner-1-portada-imagen-10-1-copia-3-300x225.webp\" class=\"attachment-pk-thumbnail size-pk-thumbnail wp-post-image\" alt=\"\" \/>\t\t\t\t\t\t\t\t<\/a>\n\t\t\t\t\t\t\t<\/div>\n\t\t\t\t\t\t<\/div>\n\t\t\t\t\t<\/div>\n\t\t\t\t<\/div>\n\t\t\t\t\n\t\t\t\t<div class=\"pk-post-inner\">\n\t\t\t\t\t<header>\n\t\t\t\t\t\t<h3 class=\"pk-title\"><a href=\"https:\/\/webdelmaestrocmf.com\/portal\/dia-la-tierra-responsabilidad-educar-cuidar-la-casa-comun\/\" rel=\"bookmark\">D\u00eda de la Tierra: educar hoy para cuidar nuestra casa com\u00fan | Descarga un cuento con 15 historias y un manual con 13 actividades<\/a><\/h3>\t\t\t\t\t<\/header><!-- .entry-header -->\n\t\t\t\t<\/div><!-- .post-inner -->\n\n\t\t\t<\/div><!-- .post-outer -->\n\t\t<\/article>\n\t\t\t\t<\/div>\n\t\t<\/div>\n\t\t\n","protected":false},"excerpt":{"rendered":"El directivo no es terapeuta, pero debe liderar con humanidad, combinando firmeza y empat\u00eda para construir confianza, fortalecer v\u00ednculos y mejorar el clima institucional sin perder el rumbo pedag\u00f3gico.","protected":false},"author":1,"featured_media":118322,"comment_status":"open","ping_status":"closed","sticky":false,"template":"","format":"standard","meta":{"csco_display_header_overlay":false,"csco_singular_sidebar":"","csco_page_header_type":"","csco_page_load_nextpost":"","csco_post_video_location":[],"csco_post_video_location_hash":"","csco_post_video_url":"","csco_post_video_bg_start_time":0,"csco_post_video_bg_end_time":0,"csco_post_video_bg_volume":false,"_jetpack_memberships_contains_paid_content":false,"footnotes":""},"categories":[61],"tags":[24415,2276,14753,17273,25688,25655,25396,25689,23474,18260,16513],"class_list":{"0":"post-118319","1":"post","2":"type-post","3":"status-publish","4":"format-standard","5":"has-post-thumbnail","7":"category-jamb","8":"tag-bienestar-docente","9":"tag-clima-escolar","10":"tag-convivencia-escolar","11":"tag-cultura-escolar","12":"tag-direccion-escolar-2","13":"tag-empatia-3","14":"tag-gestion-escolar-2","15":"tag-gestion-institucional-2","16":"tag-laura-lewin","17":"tag-liderazgo-educativo","18":"tag-trabajo-en-equipo","19":"cs-entry","20":"cs-video-wrap"},"yoast_head":"<!-- This site is optimized with the Yoast SEO plugin v27.4 - https:\/\/yoast.com\/product\/yoast-seo-wordpress\/ -->\n<title>El liderazgo directivo: entre la firmeza institucional y la humanidad - 2026<\/title>\n<meta name=\"description\" content=\"A partir de la reflexi\u00f3n de Laura Lewin, especialista en educaci\u00f3n y liderazgo escolar, se desprende una idea clave que orienta este...\" \/>\n<meta name=\"robots\" content=\"index, follow, max-snippet:-1, max-image-preview:large, max-video-preview:-1\" \/>\n<link rel=\"canonical\" href=\"https:\/\/webdelmaestrocmf.com\/portal\/el-liderazgo-directivo-entre-la-firmeza-institucional-y-la-humanidad\/\" \/>\n<meta property=\"og:locale\" content=\"es_ES\" \/>\n<meta property=\"og:type\" content=\"article\" \/>\n<meta property=\"og:title\" content=\"El liderazgo directivo: entre la firmeza institucional y la humanidad - 2026\" \/>\n<meta property=\"og:description\" content=\"A partir de la reflexi\u00f3n de Laura Lewin, especialista en educaci\u00f3n y liderazgo escolar, se desprende una idea clave que orienta este...\" \/>\n<meta property=\"og:url\" content=\"https:\/\/webdelmaestrocmf.com\/portal\/el-liderazgo-directivo-entre-la-firmeza-institucional-y-la-humanidad\/\" \/>\n<meta property=\"og:site_name\" content=\"Web del Maestro CMF\" \/>\n<meta property=\"article:publisher\" content=\"https:\/\/www.facebook.com\/WebdelMaestroCMF\/\" \/>\n<meta property=\"article:author\" content=\"https:\/\/www.facebook.com\/WebdelMaestroCMF\/\" \/>\n<meta property=\"article:published_time\" content=\"2026-04-26T17:02:05+00:00\" \/>\n<meta property=\"article:modified_time\" content=\"2026-04-26T17:28:16+00:00\" \/>\n<meta property=\"og:image\" content=\"https:\/\/webdelmaestrocmf.com\/portal\/wp-content\/uploads\/2026\/04\/1AA-Banner-1-portada-imagen-10-1-copia-5-5.webp\" \/>\n\t<meta property=\"og:image:width\" content=\"1200\" \/>\n\t<meta property=\"og:image:height\" content=\"675\" \/>\n\t<meta property=\"og:image:type\" content=\"image\/webp\" \/>\n<meta name=\"author\" content=\"Web del Maestro CMF\" \/>\n<meta name=\"twitter:card\" content=\"summary_large_image\" \/>\n<meta name=\"twitter:creator\" content=\"@cmf_w\" \/>\n<meta name=\"twitter:site\" content=\"@cmf_w\" \/>\n<meta name=\"twitter:label1\" content=\"Escrito por\" \/>\n\t<meta name=\"twitter:data1\" content=\"Web del Maestro CMF\" \/>\n\t<meta name=\"twitter:label2\" content=\"Tiempo de lectura\" \/>\n\t<meta name=\"twitter:data2\" content=\"5 minutos\" \/>\n<script type=\"application\/ld+json\" class=\"yoast-schema-graph\">{\"@context\":\"https:\\\/\\\/schema.org\",\"@graph\":[{\"@type\":\"ScholarlyArticle\",\"@id\":\"https:\\\/\\\/webdelmaestrocmf.com\\\/portal\\\/el-liderazgo-directivo-entre-la-firmeza-institucional-y-la-humanidad\\\/#article\",\"isPartOf\":{\"@id\":\"https:\\\/\\\/webdelmaestrocmf.com\\\/portal\\\/el-liderazgo-directivo-entre-la-firmeza-institucional-y-la-humanidad\\\/\"},\"author\":{\"name\":\"Web del Maestro CMF\",\"@id\":\"https:\\\/\\\/webdelmaestrocmf.com\\\/portal\\\/#\\\/schema\\\/person\\\/1072a2ed7bd960df8ef99a551fa35dc5\"},\"headline\":\"El liderazgo directivo: entre la firmeza institucional y la humanidad\",\"datePublished\":\"2026-04-26T17:02:05+00:00\",\"dateModified\":\"2026-04-26T17:28:16+00:00\",\"mainEntityOfPage\":{\"@id\":\"https:\\\/\\\/webdelmaestrocmf.com\\\/portal\\\/el-liderazgo-directivo-entre-la-firmeza-institucional-y-la-humanidad\\\/\"},\"wordCount\":1083,\"commentCount\":0,\"publisher\":{\"@id\":\"https:\\\/\\\/webdelmaestrocmf.com\\\/portal\\\/#organization\"},\"image\":{\"@id\":\"https:\\\/\\\/webdelmaestrocmf.com\\\/portal\\\/el-liderazgo-directivo-entre-la-firmeza-institucional-y-la-humanidad\\\/#primaryimage\"},\"thumbnailUrl\":\"https:\\\/\\\/webdelmaestrocmf.com\\\/portal\\\/wp-content\\\/uploads\\\/2026\\\/04\\\/1AA-Banner-1-portada-imagen-10-1-copia-5-5.webp\",\"keywords\":[\"bienestar docente\",\"CLIMA ESCOLAR\",\"Convivencia Escolar\",\"cultura escolar\",\"direccion escolar\",\"empatia\",\"gestion escolar\",\"gestion institucional\",\"Laura Lewin\",\"Liderazgo educativo\",\"Trabajo en equipo\"],\"articleSection\":[\"Yo opino - WMCMF\"],\"inLanguage\":\"es\",\"potentialAction\":[{\"@type\":\"CommentAction\",\"name\":\"Comment\",\"target\":[\"https:\\\/\\\/webdelmaestrocmf.com\\\/portal\\\/el-liderazgo-directivo-entre-la-firmeza-institucional-y-la-humanidad\\\/#respond\"]}]},{\"@type\":\"WebPage\",\"@id\":\"https:\\\/\\\/webdelmaestrocmf.com\\\/portal\\\/el-liderazgo-directivo-entre-la-firmeza-institucional-y-la-humanidad\\\/\",\"url\":\"https:\\\/\\\/webdelmaestrocmf.com\\\/portal\\\/el-liderazgo-directivo-entre-la-firmeza-institucional-y-la-humanidad\\\/\",\"name\":\"El liderazgo directivo: entre la firmeza institucional y la humanidad - 2026\",\"isPartOf\":{\"@id\":\"https:\\\/\\\/webdelmaestrocmf.com\\\/portal\\\/#website\"},\"primaryImageOfPage\":{\"@id\":\"https:\\\/\\\/webdelmaestrocmf.com\\\/portal\\\/el-liderazgo-directivo-entre-la-firmeza-institucional-y-la-humanidad\\\/#primaryimage\"},\"image\":{\"@id\":\"https:\\\/\\\/webdelmaestrocmf.com\\\/portal\\\/el-liderazgo-directivo-entre-la-firmeza-institucional-y-la-humanidad\\\/#primaryimage\"},\"thumbnailUrl\":\"https:\\\/\\\/webdelmaestrocmf.com\\\/portal\\\/wp-content\\\/uploads\\\/2026\\\/04\\\/1AA-Banner-1-portada-imagen-10-1-copia-5-5.webp\",\"datePublished\":\"2026-04-26T17:02:05+00:00\",\"dateModified\":\"2026-04-26T17:28:16+00:00\",\"description\":\"A partir de la reflexi\u00f3n de Laura Lewin, especialista en educaci\u00f3n y liderazgo escolar, se desprende una idea clave que orienta este...\",\"breadcrumb\":{\"@id\":\"https:\\\/\\\/webdelmaestrocmf.com\\\/portal\\\/el-liderazgo-directivo-entre-la-firmeza-institucional-y-la-humanidad\\\/#breadcrumb\"},\"inLanguage\":\"es\",\"potentialAction\":[{\"@type\":\"ReadAction\",\"target\":[\"https:\\\/\\\/webdelmaestrocmf.com\\\/portal\\\/el-liderazgo-directivo-entre-la-firmeza-institucional-y-la-humanidad\\\/\"]}]},{\"@type\":\"ImageObject\",\"inLanguage\":\"es\",\"@id\":\"https:\\\/\\\/webdelmaestrocmf.com\\\/portal\\\/el-liderazgo-directivo-entre-la-firmeza-institucional-y-la-humanidad\\\/#primaryimage\",\"url\":\"https:\\\/\\\/webdelmaestrocmf.com\\\/portal\\\/wp-content\\\/uploads\\\/2026\\\/04\\\/1AA-Banner-1-portada-imagen-10-1-copia-5-5.webp\",\"contentUrl\":\"https:\\\/\\\/webdelmaestrocmf.com\\\/portal\\\/wp-content\\\/uploads\\\/2026\\\/04\\\/1AA-Banner-1-portada-imagen-10-1-copia-5-5.webp\",\"width\":1200,\"height\":675},{\"@type\":\"BreadcrumbList\",\"@id\":\"https:\\\/\\\/webdelmaestrocmf.com\\\/portal\\\/el-liderazgo-directivo-entre-la-firmeza-institucional-y-la-humanidad\\\/#breadcrumb\",\"itemListElement\":[{\"@type\":\"ListItem\",\"position\":1,\"name\":\"Portada\",\"item\":\"https:\\\/\\\/webdelmaestrocmf.com\\\/portal\\\/\"},{\"@type\":\"ListItem\",\"position\":2,\"name\":\"Yo opino - WMCMF\",\"item\":\"https:\\\/\\\/webdelmaestrocmf.com\\\/portal\\\/category\\\/jamb\\\/\"},{\"@type\":\"ListItem\",\"position\":3,\"name\":\"El liderazgo directivo: entre la firmeza institucional y la humanidad\"}]},{\"@type\":\"WebSite\",\"@id\":\"https:\\\/\\\/webdelmaestrocmf.com\\\/portal\\\/#website\",\"url\":\"https:\\\/\\\/webdelmaestrocmf.com\\\/portal\\\/\",\"name\":\"Web del Maestro CMF\",\"description\":\"Maestros al servicio de la educaci\u00f3n\",\"publisher\":{\"@id\":\"https:\\\/\\\/webdelmaestrocmf.com\\\/portal\\\/#organization\"},\"alternateName\":\"WMCMF\",\"potentialAction\":[{\"@type\":\"SearchAction\",\"target\":{\"@type\":\"EntryPoint\",\"urlTemplate\":\"https:\\\/\\\/webdelmaestrocmf.com\\\/portal\\\/?s={search_term_string}\"},\"query-input\":{\"@type\":\"PropertyValueSpecification\",\"valueRequired\":true,\"valueName\":\"search_term_string\"}}],\"inLanguage\":\"es\"},{\"@type\":\"Organization\",\"@id\":\"https:\\\/\\\/webdelmaestrocmf.com\\\/portal\\\/#organization\",\"name\":\"Web del Maestro CMF\",\"alternateName\":\"WMCMF\",\"url\":\"https:\\\/\\\/webdelmaestrocmf.com\\\/portal\\\/\",\"logo\":{\"@type\":\"ImageObject\",\"inLanguage\":\"es\",\"@id\":\"https:\\\/\\\/webdelmaestrocmf.com\\\/portal\\\/#\\\/schema\\\/logo\\\/image\\\/\",\"url\":\"https:\\\/\\\/webdelmaestrocmf.com\\\/portal\\\/wp-content\\\/uploads\\\/2023\\\/01\\\/logo-wmcmf-2.png\",\"contentUrl\":\"https:\\\/\\\/webdelmaestrocmf.com\\\/portal\\\/wp-content\\\/uploads\\\/2023\\\/01\\\/logo-wmcmf-2.png\",\"width\":200,\"height\":60,\"caption\":\"Web del Maestro CMF\"},\"image\":{\"@id\":\"https:\\\/\\\/webdelmaestrocmf.com\\\/portal\\\/#\\\/schema\\\/logo\\\/image\\\/\"},\"sameAs\":[\"https:\\\/\\\/www.facebook.com\\\/WebdelMaestroCMF\\\/\",\"https:\\\/\\\/x.com\\\/cmf_w\",\"https:\\\/\\\/www.pinterest.com\\\/WMCMF\\\/\",\"https:\\\/\\\/www.linkedin.com\\\/company\\\/web-del-maestro-cmf\\\/\",\"https:\\\/\\\/www.instagram.com\\\/wmcmf\\\/\",\"https:\\\/\\\/www.youtube.com\\\/channel\\\/UCDPSvjbdodE5sHnC3OxutHw\",\"https:\\\/\\\/mastodon.social\\\/@wmcmf\",\"https:\\\/\\\/www.tiktok.com\\\/@webdelmaestrocmf\"]},{\"@type\":\"Person\",\"@id\":\"https:\\\/\\\/webdelmaestrocmf.com\\\/portal\\\/#\\\/schema\\\/person\\\/1072a2ed7bd960df8ef99a551fa35dc5\",\"name\":\"Web del Maestro CMF\",\"image\":{\"@type\":\"ImageObject\",\"inLanguage\":\"es\",\"@id\":\"https:\\\/\\\/secure.gravatar.com\\\/avatar\\\/23291dd5b5ae1077dcff3dbb04c3e02bd28403fa75af6d8787d5e97c5bbbe30b?s=96&d=mm&r=g\",\"url\":\"https:\\\/\\\/secure.gravatar.com\\\/avatar\\\/23291dd5b5ae1077dcff3dbb04c3e02bd28403fa75af6d8787d5e97c5bbbe30b?s=96&d=mm&r=g\",\"contentUrl\":\"https:\\\/\\\/secure.gravatar.com\\\/avatar\\\/23291dd5b5ae1077dcff3dbb04c3e02bd28403fa75af6d8787d5e97c5bbbe30b?s=96&d=mm&r=g\",\"caption\":\"Web del Maestro CMF\"},\"description\":\"Esta Web se cre\u00f3 sin fines de lucro, con fines educativos, cient\u00edficos y acad\u00e9micos, para personas que tengan dificultades y\\\/o inconvenientes en visualizar el material original. El objetivo es entregar recursos, compartir experiencias y materiales que ayuden a los padres de familia, maestros y estudiantes en su actualizaci\u00f3n y formaci\u00f3n permanente, en bien de la Educaci\u00f3n.\",\"sameAs\":[\"http:\\\/\\\/webdelmaestrocmf.com\\\/portal\",\"https:\\\/\\\/www.facebook.com\\\/WebdelMaestroCMF\\\/\",\"https:\\\/\\\/www.instagram.com\\\/wmcmf\\\/\",\"https:\\\/\\\/cl.linkedin.com\\\/company\\\/web-del-maestro-cmf\",\"https:\\\/\\\/www.pinterest.com\\\/WMCMF\\\/publicaciones\\\/\",\"https:\\\/\\\/x.com\\\/cmf_w\",\"https:\\\/\\\/www.youtube.com\\\/@WMCMF\"]}]}<\/script>\n<!-- \/ Yoast SEO plugin. -->","yoast_head_json":{"title":"El liderazgo directivo: entre la firmeza institucional y la humanidad - 2026","description":"A partir de la reflexi\u00f3n de Laura Lewin, especialista en educaci\u00f3n y liderazgo escolar, se desprende una idea clave que orienta este...","robots":{"index":"index","follow":"follow","max-snippet":"max-snippet:-1","max-image-preview":"max-image-preview:large","max-video-preview":"max-video-preview:-1"},"canonical":"https:\/\/webdelmaestrocmf.com\/portal\/el-liderazgo-directivo-entre-la-firmeza-institucional-y-la-humanidad\/","og_locale":"es_ES","og_type":"article","og_title":"El liderazgo directivo: entre la firmeza institucional y la humanidad - 2026","og_description":"A partir de la reflexi\u00f3n de Laura Lewin, especialista en educaci\u00f3n y liderazgo escolar, se desprende una idea clave que orienta este...","og_url":"https:\/\/webdelmaestrocmf.com\/portal\/el-liderazgo-directivo-entre-la-firmeza-institucional-y-la-humanidad\/","og_site_name":"Web del Maestro CMF","article_publisher":"https:\/\/www.facebook.com\/WebdelMaestroCMF\/","article_author":"https:\/\/www.facebook.com\/WebdelMaestroCMF\/","article_published_time":"2026-04-26T17:02:05+00:00","article_modified_time":"2026-04-26T17:28:16+00:00","og_image":[{"width":1200,"height":675,"url":"https:\/\/webdelmaestrocmf.com\/portal\/wp-content\/uploads\/2026\/04\/1AA-Banner-1-portada-imagen-10-1-copia-5-5.webp","type":"image\/webp"}],"author":"Web del Maestro CMF","twitter_card":"summary_large_image","twitter_creator":"@cmf_w","twitter_site":"@cmf_w","twitter_misc":{"Escrito por":"Web del Maestro CMF","Tiempo de lectura":"5 minutos"},"schema":{"@context":"https:\/\/schema.org","@graph":[{"@type":"ScholarlyArticle","@id":"https:\/\/webdelmaestrocmf.com\/portal\/el-liderazgo-directivo-entre-la-firmeza-institucional-y-la-humanidad\/#article","isPartOf":{"@id":"https:\/\/webdelmaestrocmf.com\/portal\/el-liderazgo-directivo-entre-la-firmeza-institucional-y-la-humanidad\/"},"author":{"name":"Web del Maestro CMF","@id":"https:\/\/webdelmaestrocmf.com\/portal\/#\/schema\/person\/1072a2ed7bd960df8ef99a551fa35dc5"},"headline":"El liderazgo directivo: entre la firmeza institucional y la humanidad","datePublished":"2026-04-26T17:02:05+00:00","dateModified":"2026-04-26T17:28:16+00:00","mainEntityOfPage":{"@id":"https:\/\/webdelmaestrocmf.com\/portal\/el-liderazgo-directivo-entre-la-firmeza-institucional-y-la-humanidad\/"},"wordCount":1083,"commentCount":0,"publisher":{"@id":"https:\/\/webdelmaestrocmf.com\/portal\/#organization"},"image":{"@id":"https:\/\/webdelmaestrocmf.com\/portal\/el-liderazgo-directivo-entre-la-firmeza-institucional-y-la-humanidad\/#primaryimage"},"thumbnailUrl":"https:\/\/webdelmaestrocmf.com\/portal\/wp-content\/uploads\/2026\/04\/1AA-Banner-1-portada-imagen-10-1-copia-5-5.webp","keywords":["bienestar docente","CLIMA ESCOLAR","Convivencia Escolar","cultura escolar","direccion escolar","empatia","gestion escolar","gestion institucional","Laura Lewin","Liderazgo educativo","Trabajo en equipo"],"articleSection":["Yo opino - WMCMF"],"inLanguage":"es","potentialAction":[{"@type":"CommentAction","name":"Comment","target":["https:\/\/webdelmaestrocmf.com\/portal\/el-liderazgo-directivo-entre-la-firmeza-institucional-y-la-humanidad\/#respond"]}]},{"@type":"WebPage","@id":"https:\/\/webdelmaestrocmf.com\/portal\/el-liderazgo-directivo-entre-la-firmeza-institucional-y-la-humanidad\/","url":"https:\/\/webdelmaestrocmf.com\/portal\/el-liderazgo-directivo-entre-la-firmeza-institucional-y-la-humanidad\/","name":"El liderazgo directivo: entre la firmeza institucional y la humanidad - 2026","isPartOf":{"@id":"https:\/\/webdelmaestrocmf.com\/portal\/#website"},"primaryImageOfPage":{"@id":"https:\/\/webdelmaestrocmf.com\/portal\/el-liderazgo-directivo-entre-la-firmeza-institucional-y-la-humanidad\/#primaryimage"},"image":{"@id":"https:\/\/webdelmaestrocmf.com\/portal\/el-liderazgo-directivo-entre-la-firmeza-institucional-y-la-humanidad\/#primaryimage"},"thumbnailUrl":"https:\/\/webdelmaestrocmf.com\/portal\/wp-content\/uploads\/2026\/04\/1AA-Banner-1-portada-imagen-10-1-copia-5-5.webp","datePublished":"2026-04-26T17:02:05+00:00","dateModified":"2026-04-26T17:28:16+00:00","description":"A partir de la reflexi\u00f3n de Laura Lewin, especialista en educaci\u00f3n y liderazgo escolar, se desprende una idea clave que orienta este...","breadcrumb":{"@id":"https:\/\/webdelmaestrocmf.com\/portal\/el-liderazgo-directivo-entre-la-firmeza-institucional-y-la-humanidad\/#breadcrumb"},"inLanguage":"es","potentialAction":[{"@type":"ReadAction","target":["https:\/\/webdelmaestrocmf.com\/portal\/el-liderazgo-directivo-entre-la-firmeza-institucional-y-la-humanidad\/"]}]},{"@type":"ImageObject","inLanguage":"es","@id":"https:\/\/webdelmaestrocmf.com\/portal\/el-liderazgo-directivo-entre-la-firmeza-institucional-y-la-humanidad\/#primaryimage","url":"https:\/\/webdelmaestrocmf.com\/portal\/wp-content\/uploads\/2026\/04\/1AA-Banner-1-portada-imagen-10-1-copia-5-5.webp","contentUrl":"https:\/\/webdelmaestrocmf.com\/portal\/wp-content\/uploads\/2026\/04\/1AA-Banner-1-portada-imagen-10-1-copia-5-5.webp","width":1200,"height":675},{"@type":"BreadcrumbList","@id":"https:\/\/webdelmaestrocmf.com\/portal\/el-liderazgo-directivo-entre-la-firmeza-institucional-y-la-humanidad\/#breadcrumb","itemListElement":[{"@type":"ListItem","position":1,"name":"Portada","item":"https:\/\/webdelmaestrocmf.com\/portal\/"},{"@type":"ListItem","position":2,"name":"Yo opino - WMCMF","item":"https:\/\/webdelmaestrocmf.com\/portal\/category\/jamb\/"},{"@type":"ListItem","position":3,"name":"El liderazgo directivo: entre la firmeza institucional y la humanidad"}]},{"@type":"WebSite","@id":"https:\/\/webdelmaestrocmf.com\/portal\/#website","url":"https:\/\/webdelmaestrocmf.com\/portal\/","name":"Web del Maestro CMF","description":"Maestros al servicio de la educaci\u00f3n","publisher":{"@id":"https:\/\/webdelmaestrocmf.com\/portal\/#organization"},"alternateName":"WMCMF","potentialAction":[{"@type":"SearchAction","target":{"@type":"EntryPoint","urlTemplate":"https:\/\/webdelmaestrocmf.com\/portal\/?s={search_term_string}"},"query-input":{"@type":"PropertyValueSpecification","valueRequired":true,"valueName":"search_term_string"}}],"inLanguage":"es"},{"@type":"Organization","@id":"https:\/\/webdelmaestrocmf.com\/portal\/#organization","name":"Web del Maestro CMF","alternateName":"WMCMF","url":"https:\/\/webdelmaestrocmf.com\/portal\/","logo":{"@type":"ImageObject","inLanguage":"es","@id":"https:\/\/webdelmaestrocmf.com\/portal\/#\/schema\/logo\/image\/","url":"https:\/\/webdelmaestrocmf.com\/portal\/wp-content\/uploads\/2023\/01\/logo-wmcmf-2.png","contentUrl":"https:\/\/webdelmaestrocmf.com\/portal\/wp-content\/uploads\/2023\/01\/logo-wmcmf-2.png","width":200,"height":60,"caption":"Web del Maestro CMF"},"image":{"@id":"https:\/\/webdelmaestrocmf.com\/portal\/#\/schema\/logo\/image\/"},"sameAs":["https:\/\/www.facebook.com\/WebdelMaestroCMF\/","https:\/\/x.com\/cmf_w","https:\/\/www.pinterest.com\/WMCMF\/","https:\/\/www.linkedin.com\/company\/web-del-maestro-cmf\/","https:\/\/www.instagram.com\/wmcmf\/","https:\/\/www.youtube.com\/channel\/UCDPSvjbdodE5sHnC3OxutHw","https:\/\/mastodon.social\/@wmcmf","https:\/\/www.tiktok.com\/@webdelmaestrocmf"]},{"@type":"Person","@id":"https:\/\/webdelmaestrocmf.com\/portal\/#\/schema\/person\/1072a2ed7bd960df8ef99a551fa35dc5","name":"Web del Maestro CMF","image":{"@type":"ImageObject","inLanguage":"es","@id":"https:\/\/secure.gravatar.com\/avatar\/23291dd5b5ae1077dcff3dbb04c3e02bd28403fa75af6d8787d5e97c5bbbe30b?s=96&d=mm&r=g","url":"https:\/\/secure.gravatar.com\/avatar\/23291dd5b5ae1077dcff3dbb04c3e02bd28403fa75af6d8787d5e97c5bbbe30b?s=96&d=mm&r=g","contentUrl":"https:\/\/secure.gravatar.com\/avatar\/23291dd5b5ae1077dcff3dbb04c3e02bd28403fa75af6d8787d5e97c5bbbe30b?s=96&d=mm&r=g","caption":"Web del Maestro CMF"},"description":"Esta Web se cre\u00f3 sin fines de lucro, con fines educativos, cient\u00edficos y acad\u00e9micos, para personas que tengan dificultades y\/o inconvenientes en visualizar el material original. El objetivo es entregar recursos, compartir experiencias y materiales que ayuden a los padres de familia, maestros y estudiantes en su actualizaci\u00f3n y formaci\u00f3n permanente, en bien de la Educaci\u00f3n.","sameAs":["http:\/\/webdelmaestrocmf.com\/portal","https:\/\/www.facebook.com\/WebdelMaestroCMF\/","https:\/\/www.instagram.com\/wmcmf\/","https:\/\/cl.linkedin.com\/company\/web-del-maestro-cmf","https:\/\/www.pinterest.com\/WMCMF\/publicaciones\/","https:\/\/x.com\/cmf_w","https:\/\/www.youtube.com\/@WMCMF"]}]}},"jetpack_featured_media_url":"https:\/\/webdelmaestrocmf.com\/portal\/wp-content\/uploads\/2026\/04\/1AA-Banner-1-portada-imagen-10-1-copia-5-5.webp","jetpack_sharing_enabled":true,"jetpack-related-posts":[{"id":31101,"url":"https:\/\/webdelmaestrocmf.com\/portal\/responsabilidades-claves-de-un-director-y-rol-del-equipo-directivo\/","url_meta":{"origin":118319,"position":0},"title":"Responsabilidades claves de un Director y rol del Equipo Directivo","author":"Web del Maestro CMF","date":"3 septiembre, 2018","format":false,"excerpt":"Las responsabilidades del l\u00edder como catalizador es importante de subrayar.\u00a0 En la qu\u00edmica, cuando se habla de un catalizador, se trata de un ingrediente clave que hace que los otros elementos del sistema se combinen, produciendo efectos que no son posibles sin su presencia.\u00a0 Similar situaci\u00f3n ocurre con la influencia\u2026","rel":"","context":"En \u00abDirector\u00bb","block_context":{"text":"Director","link":"https:\/\/webdelmaestrocmf.com\/portal\/category\/pedagogia\/director\/"},"img":{"alt_text":"","src":"https:\/\/i0.wp.com\/webdelmaestrocmf.com\/portal\/wp-content\/uploads\/2018\/09\/A12B3C4D-18.jpg?resize=350%2C200&ssl=1","width":350,"height":200,"srcset":"https:\/\/i0.wp.com\/webdelmaestrocmf.com\/portal\/wp-content\/uploads\/2018\/09\/A12B3C4D-18.jpg?resize=350%2C200&ssl=1 1x, https:\/\/i0.wp.com\/webdelmaestrocmf.com\/portal\/wp-content\/uploads\/2018\/09\/A12B3C4D-18.jpg?resize=525%2C300&ssl=1 1.5x, https:\/\/i0.wp.com\/webdelmaestrocmf.com\/portal\/wp-content\/uploads\/2018\/09\/A12B3C4D-18.jpg?resize=700%2C400&ssl=1 2x"},"classes":[]},{"id":115383,"url":"https:\/\/webdelmaestrocmf.com\/portal\/las-buenas-escuelas-necesitan-buenos-directores-liderazgo-profesional-para-mejorar-la-educacion-publica\/","url_meta":{"origin":118319,"position":1},"title":"Las buenas escuelas necesitan buenos directores: liderazgo profesional para mejorar la educaci\u00f3n p\u00fablica","author":"Web del Maestro CMF","date":"15 febrero, 2026","format":false,"excerpt":"El \u00faltimo informe de la UNESCO sobre liderazgo educativo es claro: las buenas escuelas necesitan buenos directores.","rel":"","context":"En \u00abDirector\u00bb","block_context":{"text":"Director","link":"https:\/\/webdelmaestrocmf.com\/portal\/category\/pedagogia\/director\/"},"img":{"alt_text":"","src":"https:\/\/i0.wp.com\/webdelmaestrocmf.com\/portal\/wp-content\/uploads\/2026\/02\/1A-Banner-1-portada-imagen-10-1-copia-17.webp?resize=350%2C200&ssl=1","width":350,"height":200,"srcset":"https:\/\/i0.wp.com\/webdelmaestrocmf.com\/portal\/wp-content\/uploads\/2026\/02\/1A-Banner-1-portada-imagen-10-1-copia-17.webp?resize=350%2C200&ssl=1 1x, https:\/\/i0.wp.com\/webdelmaestrocmf.com\/portal\/wp-content\/uploads\/2026\/02\/1A-Banner-1-portada-imagen-10-1-copia-17.webp?resize=525%2C300&ssl=1 1.5x, https:\/\/i0.wp.com\/webdelmaestrocmf.com\/portal\/wp-content\/uploads\/2026\/02\/1A-Banner-1-portada-imagen-10-1-copia-17.webp?resize=700%2C400&ssl=1 2x"},"classes":[]},{"id":19467,"url":"https:\/\/webdelmaestrocmf.com\/portal\/un-buen-director-no-nace-se-forma-constantemente-recomendando\/","url_meta":{"origin":118319,"position":2},"title":"Un buen Director educativo se capacita constantemente y trata de ser mejor ser humano cada d\u00eda","author":"Web del Maestro CMF","date":"19 febrero, 2024","format":false,"excerpt":"En todo centro educativo, la figura del director es fundamental y, por lo tanto, debe de poseer las necesarias cualidades acad\u00e9micas, pedag\u00f3gicas, administrativas y de pol\u00edticas de gesti\u00f3n. Esas cualidades le permitir\u00e1n desarrollar las aptitudes m\u00e1s precisas para una buena gesti\u00f3n. Seleccionar a la persona m\u00e1s id\u00f3nea, para dirigir un\u2026","rel":"","context":"En \u00abDirector\u00bb","block_context":{"text":"Director","link":"https:\/\/webdelmaestrocmf.com\/portal\/category\/pedagogia\/director\/"},"img":{"alt_text":"","src":"https:\/\/i0.wp.com\/webdelmaestrocmf.com\/portal\/wp-content\/uploads\/2020\/02\/Banner-1-portada-imagen-10-1-22.jpg?resize=350%2C200&ssl=1","width":350,"height":200,"srcset":"https:\/\/i0.wp.com\/webdelmaestrocmf.com\/portal\/wp-content\/uploads\/2020\/02\/Banner-1-portada-imagen-10-1-22.jpg?resize=350%2C200&ssl=1 1x, https:\/\/i0.wp.com\/webdelmaestrocmf.com\/portal\/wp-content\/uploads\/2020\/02\/Banner-1-portada-imagen-10-1-22.jpg?resize=525%2C300&ssl=1 1.5x, https:\/\/i0.wp.com\/webdelmaestrocmf.com\/portal\/wp-content\/uploads\/2020\/02\/Banner-1-portada-imagen-10-1-22.jpg?resize=700%2C400&ssl=1 2x"},"classes":[]},{"id":26414,"url":"https:\/\/webdelmaestrocmf.com\/portal\/manual-del-lider-pedagogico-y-manual-del-buen-desempeno-del-directivo\/","url_meta":{"origin":118319,"position":3},"title":"Manual del l\u00edder pedag\u00f3gico y del buen desempe\u00f1o del directivo","author":"Web del Maestro CMF","date":"10 junio, 2024","format":false,"excerpt":"La figura del l\u00edder pedag\u00f3gico emerge como un faro gu\u00eda, desempe\u00f1ando un papel crucial en el desarrollo y \u00e9xito de una instituci\u00f3n educativa. Este manual se erige como un compendio detallado, destinado a armar a los l\u00edderes pedag\u00f3gicos y directivos con las herramientas esenciales para orquestar un desempe\u00f1o excepcional. En\u2026","rel":"","context":"En \u00abDirector\u00bb","block_context":{"text":"Director","link":"https:\/\/webdelmaestrocmf.com\/portal\/category\/pedagogia\/director\/"},"img":{"alt_text":"manual del lider pedag\u00f3gico","src":"https:\/\/i0.wp.com\/webdelmaestrocmf.com\/portal\/wp-content\/uploads\/2020\/07\/Banner-1-portada-imagen-10-5.jpg?resize=350%2C200&ssl=1","width":350,"height":200,"srcset":"https:\/\/i0.wp.com\/webdelmaestrocmf.com\/portal\/wp-content\/uploads\/2020\/07\/Banner-1-portada-imagen-10-5.jpg?resize=350%2C200&ssl=1 1x, https:\/\/i0.wp.com\/webdelmaestrocmf.com\/portal\/wp-content\/uploads\/2020\/07\/Banner-1-portada-imagen-10-5.jpg?resize=525%2C300&ssl=1 1.5x, https:\/\/i0.wp.com\/webdelmaestrocmf.com\/portal\/wp-content\/uploads\/2020\/07\/Banner-1-portada-imagen-10-5.jpg?resize=700%2C400&ssl=1 2x"},"classes":[]},{"id":108673,"url":"https:\/\/webdelmaestrocmf.com\/portal\/es-un-peligro-poner-a-analfabetos-emocionales-al-mando-de-una-institucion-sobre-todo-si-es-educativa\/","url_meta":{"origin":118319,"position":4},"title":"Es un peligro poner a \u00abanalfabetos emocionales\u00bb al mando de una instituci\u00f3n, sobre todo si es educativa","author":"Web del Maestro CMF","date":"6 abril, 2025","format":false,"excerpt":"Se habla con frecuencia de competencias curriculares, planificaci\u00f3n estrat\u00e9gica y liderazgo pedag\u00f3gico, existe una amenaza silenciosa que rara vez se aborda con la seriedad que merece: el analfabetismo emocional en cargos directivos. Esta carencia representa un riesgo real para las comunidades escolares, ya que impacta directamente en el clima institucional,\u2026","rel":"","context":"En \u00abEmociones\u00bb","block_context":{"text":"Emociones","link":"https:\/\/webdelmaestrocmf.com\/portal\/category\/pedagogia\/emociones\/"},"img":{"alt_text":"","src":"https:\/\/i0.wp.com\/webdelmaestrocmf.com\/portal\/wp-content\/uploads\/2025\/04\/1A-Banner-1-portada-imagen-10-1-42.jpg?resize=350%2C200&ssl=1","width":350,"height":200,"srcset":"https:\/\/i0.wp.com\/webdelmaestrocmf.com\/portal\/wp-content\/uploads\/2025\/04\/1A-Banner-1-portada-imagen-10-1-42.jpg?resize=350%2C200&ssl=1 1x, https:\/\/i0.wp.com\/webdelmaestrocmf.com\/portal\/wp-content\/uploads\/2025\/04\/1A-Banner-1-portada-imagen-10-1-42.jpg?resize=525%2C300&ssl=1 1.5x, https:\/\/i0.wp.com\/webdelmaestrocmf.com\/portal\/wp-content\/uploads\/2025\/04\/1A-Banner-1-portada-imagen-10-1-42.jpg?resize=700%2C400&ssl=1 2x"},"classes":[]},{"id":23193,"url":"https:\/\/webdelmaestrocmf.com\/portal\/directivos-toxicos-indentificarlos\/","url_meta":{"origin":118319,"position":5},"title":"Directivos altamente t\u00f3xicos, c\u00f3mo identificarlos y qu\u00e9 hacer al respecto","author":"Web del Maestro CMF","date":"11 abril, 2026","format":false,"excerpt":"Los malos l\u00edderes generan entornos t\u00f3xicos que afectan la motivaci\u00f3n, el respeto y el rendimiento. La falta de empat\u00eda, comunicaci\u00f3n y reconocimiento deteriora equipos, mientras el liderazgo positivo impulsa confianza y desarrollo.","rel":"","context":"En \u00abDirector\u00bb","block_context":{"text":"Director","link":"https:\/\/webdelmaestrocmf.com\/portal\/category\/pedagogia\/director\/"},"img":{"alt_text":"","src":"https:\/\/i0.wp.com\/webdelmaestrocmf.com\/portal\/wp-content\/uploads\/2024\/02\/1AA-Banner-1-portada-imagen-10-1-copia-1.webp?resize=350%2C200&ssl=1","width":350,"height":200,"srcset":"https:\/\/i0.wp.com\/webdelmaestrocmf.com\/portal\/wp-content\/uploads\/2024\/02\/1AA-Banner-1-portada-imagen-10-1-copia-1.webp?resize=350%2C200&ssl=1 1x, https:\/\/i0.wp.com\/webdelmaestrocmf.com\/portal\/wp-content\/uploads\/2024\/02\/1AA-Banner-1-portada-imagen-10-1-copia-1.webp?resize=525%2C300&ssl=1 1.5x, https:\/\/i0.wp.com\/webdelmaestrocmf.com\/portal\/wp-content\/uploads\/2024\/02\/1AA-Banner-1-portada-imagen-10-1-copia-1.webp?resize=700%2C400&ssl=1 2x, https:\/\/i0.wp.com\/webdelmaestrocmf.com\/portal\/wp-content\/uploads\/2024\/02\/1AA-Banner-1-portada-imagen-10-1-copia-1.webp?resize=1050%2C600&ssl=1 3x"},"classes":[]}],"_links":{"self":[{"href":"https:\/\/webdelmaestrocmf.com\/portal\/wp-json\/wp\/v2\/posts\/118319","targetHints":{"allow":["GET"]}}],"collection":[{"href":"https:\/\/webdelmaestrocmf.com\/portal\/wp-json\/wp\/v2\/posts"}],"about":[{"href":"https:\/\/webdelmaestrocmf.com\/portal\/wp-json\/wp\/v2\/types\/post"}],"author":[{"embeddable":true,"href":"https:\/\/webdelmaestrocmf.com\/portal\/wp-json\/wp\/v2\/users\/1"}],"replies":[{"embeddable":true,"href":"https:\/\/webdelmaestrocmf.com\/portal\/wp-json\/wp\/v2\/comments?post=118319"}],"version-history":[{"count":2,"href":"https:\/\/webdelmaestrocmf.com\/portal\/wp-json\/wp\/v2\/posts\/118319\/revisions"}],"predecessor-version":[{"id":118323,"href":"https:\/\/webdelmaestrocmf.com\/portal\/wp-json\/wp\/v2\/posts\/118319\/revisions\/118323"}],"wp:featuredmedia":[{"embeddable":true,"href":"https:\/\/webdelmaestrocmf.com\/portal\/wp-json\/wp\/v2\/media\/118322"}],"wp:attachment":[{"href":"https:\/\/webdelmaestrocmf.com\/portal\/wp-json\/wp\/v2\/media?parent=118319"}],"wp:term":[{"taxonomy":"category","embeddable":true,"href":"https:\/\/webdelmaestrocmf.com\/portal\/wp-json\/wp\/v2\/categories?post=118319"},{"taxonomy":"post_tag","embeddable":true,"href":"https:\/\/webdelmaestrocmf.com\/portal\/wp-json\/wp\/v2\/tags?post=118319"}],"curies":[{"name":"wp","href":"https:\/\/api.w.org\/{rel}","templated":true}]}}