{"id":118307,"date":"2026-04-25T22:35:23","date_gmt":"2026-04-26T02:35:23","guid":{"rendered":"https:\/\/webdelmaestrocmf.com\/portal\/?p=118307"},"modified":"2026-04-25T22:39:24","modified_gmt":"2026-04-26T02:39:24","slug":"ultimo-momento-trump-evacuado-de-la-cena-de-corresponsales-de-la-casa-blanca-por-un-intento-de-atentado","status":"publish","type":"post","link":"https:\/\/webdelmaestrocmf.com\/portal\/ultimo-momento-trump-evacuado-de-la-cena-de-corresponsales-de-la-casa-blanca-por-un-intento-de-atentado\/","title":{"rendered":"\u00daltimo momento: Trump, evacuado de la Cena de Corresponsales de la Casa Blanca por un intento de atentado"},"content":{"rendered":"\n<p>Un grave incidente de seguridad interrumpi\u00f3 la tradicional Cena de Corresponsales de la Casa Blanca la noche del s\u00e1bado, cuando el presidente de Estados Unidos, Donald Trump, fue evacuado de emergencia tras un intento de atentado en el hotel Hilton de Washington.<\/p>\n\n\n\n<p>Seg\u00fan informaci\u00f3n oficial del Servicio Secreto de Estados Unidos, un individuo armado logr\u00f3 ingresar al vest\u00edbulo del hotel y abri\u00f3 fuego en la zona de seguridad, generando p\u00e1nico entre los asistentes. En el interior del sal\u00f3n principal, donde se desarrollaba la Cena de Corresponsales de la Casa Blanca, se escucharon al menos cinco disparos, lo que activ\u00f3 de inmediato los protocolos de evacuaci\u00f3n.<\/p>\n\n\n\n<figure class=\"wp-block-embed is-type-video is-provider-youtube wp-block-embed-youtube wp-embed-aspect-16-9 wp-has-aspect-ratio\"><div class=\"wp-block-embed__wrapper\">\n<iframe loading=\"lazy\" title=\"Donald Trump fue evacuado de la cena de corresponsales de la Casa Blanca ante posible ataque\" width=\"1200\" height=\"675\" src=\"https:\/\/www.youtube.com\/embed\/mNbi8Kfsxdo?feature=oembed\" frameborder=\"0\" allow=\"accelerometer; autoplay; clipboard-write; encrypted-media; gyroscope; picture-in-picture; web-share\" referrerpolicy=\"strict-origin-when-cross-origin\" allowfullscreen><\/iframe>\n<\/div><\/figure>\n\n\n\n<p>El mandatario, acompa\u00f1ado por la primera dama Melania Trump y miembros de su gabinete, fue escoltado fuera del recinto en medio del caos. Las autoridades confirmaron posteriormente que todos los funcionarios del Gobierno resultaron ilesos, aunque inicialmente no se descart\u00f3 la posibilidad de v\u00edctimas, dado que el estado de otras personas involucradas no estaba completamente claro.<\/p>\n\n\n\n<p>El \u00e1rea fue r\u00e1pidamente acordonada por fuerzas policiales, mientras helic\u00f3pteros sobrevolaban la zona y ambulancias acud\u00edan al lugar. Testigos describieron una escena de confusi\u00f3n y tensi\u00f3n, con cientos de asistentes evacuados hacia el exterior del hotel, donde se concentr\u00f3 un amplio despliegue de seguridad.<\/p>\n\n\n\n<p>El sospechoso fue detenido poco despu\u00e9s del ataque, seg\u00fan confirmaron fuentes oficiales. Sin embargo, a\u00fan se investiga si el objetivo directo del agresor era el presidente. De confirmarse esta hip\u00f3tesis, se tratar\u00eda del tercer intento de atentado contra Trump en los \u00faltimos a\u00f1os, lo que refuerza las preocupaciones sobre la seguridad presidencial en eventos p\u00fablicos.<\/p>\n\n\n\n<p>A trav\u00e9s de su red social Truth Social, el mandatario calific\u00f3 la situaci\u00f3n como una \u201cnoche intensa\u201d y destac\u00f3 la r\u00e1pida actuaci\u00f3n de las fuerzas de seguridad. Asimismo, se\u00f1al\u00f3 que hab\u00eda sugerido que el evento continuara, aunque dej\u00f3 la decisi\u00f3n final en manos de las autoridades.<\/p>\n\n\n\n<p>Inicialmente, los organizadores evaluaron retomar la cena, pero minutos m\u00e1s tarde se confirm\u00f3 su suspensi\u00f3n por recomendaci\u00f3n del Servicio Secreto. La presidenta de la Asociaci\u00f3n de Corresponsales anunci\u00f3 adem\u00e1s que el evento podr\u00eda ser reprogramado en los pr\u00f3ximos d\u00edas.<\/p>\n\n\n\n<p>Este incidente reabre el debate sobre la seguridad en actos p\u00fablicos de alto perfil en Estados Unidos, especialmente en un contexto pol\u00edtico marcado por la polarizaci\u00f3n y los antecedentes recientes de violencia dirigida a figuras p\u00fablicas.<\/p>\n\n\n\n<p class=\"has-text-align-right\"><strong>Redacci\u00f3n | Web del Maestro CMF<\/strong><\/p>\n\n\n\t\t<div class=\"pk-inline-posts\">\n\t\t\t\t\t\t\t<h5 class=\"pk-inline-posts-title pk-title pk-font-block\">\n\t\t\t\t\t\u00daltimas entradas\t\t\t\t<\/h5>\n\t\t\t\n\t\t\t<div class=\"pk-inline-posts-container pk-inline-posts-template-list\"\n\t\t\t\tdata-columns=\"1\">\n\t\t\t\t\t\t<article id=\"post-118293\" class=\"post-118293 post type-post status-publish format-standard has-post-thumbnail category-noticias-internacionales tag-ciberseguridad tag-educacion-digital tag-estafas-digitales tag-familia tag-inteligencia-artificial tag-pensamiento-critico-2 tag-prevencion tag-seguridad tag-tecnologia cs-entry cs-video-wrap\">\n\t\t\t<div class=\"pk-post-outer\">\n\n\t\t\t\t\t\t\t\t<div class=\"pk-post-inner\">\n\t\t\t\t\t<div class=\"entry-thumbnail\">\n\t\t\t\t\t\t<div class=\"pk-overlay pk-overlay-ratio pk-ratio-landscape\">\n\t\t\t\t\t\t\t<div class=\"pk-overlay-background\">\n\t\t\t\t\t\t\t\t<a href=\"https:\/\/webdelmaestrocmf.com\/portal\/mama-ayudame-estafadores-utilizan-la-inteligencia-artificial-para-clonar-voces-y-fingir-emergencias-familiares\/\" class=\"pk-overlay-link\">\n\t\t\t\t\t\t\t\t\t<img loading=\"lazy\" decoding=\"async\" width=\"300\" height=\"225\" src=\"https:\/\/webdelmaestrocmf.com\/portal\/wp-content\/uploads\/2026\/04\/1AA-Banner-1-portada-imagen-10-1-copia-2-7-300x225.webp\" class=\"attachment-pk-thumbnail size-pk-thumbnail wp-post-image\" alt=\"\" \/>\t\t\t\t\t\t\t\t<\/a>\n\t\t\t\t\t\t\t<\/div>\n\t\t\t\t\t\t<\/div>\n\t\t\t\t\t<\/div>\n\t\t\t\t<\/div>\n\t\t\t\t\n\t\t\t\t<div class=\"pk-post-inner\">\n\t\t\t\t\t<header>\n\t\t\t\t\t\t<h3 class=\"pk-title\"><a href=\"https:\/\/webdelmaestrocmf.com\/portal\/mama-ayudame-estafadores-utilizan-la-inteligencia-artificial-para-clonar-voces-y-fingir-emergencias-familiares\/\" rel=\"bookmark\">\u00abMam\u00e1, ay\u00fadame\u00bb: estafadores utilizan la inteligencia artificial para clonar voces y fingir emergencias familiares<\/a><\/h3>\t\t\t\t\t<\/header><!-- .entry-header -->\n\t\t\t\t<\/div><!-- .post-inner -->\n\n\t\t\t<\/div><!-- .post-outer -->\n\t\t<\/article>\n\t\t\t<article id=\"post-118267\" class=\"post-118267 post type-post status-publish format-standard has-post-thumbnail category-noticias-internacionales tag-aprendizaje tag-calidadeducativa tag-china tag-docencia tag-educacion-3 tag-equidad tag-escuela tag-estudiantes-china tag-politicaseducativas tag-reflexion-2 tag-sistemaeducativo cs-entry cs-video-wrap\">\n\t\t\t<div class=\"pk-post-outer\">\n\n\t\t\t\t\t\t\t\t<div class=\"pk-post-inner\">\n\t\t\t\t\t<div class=\"entry-thumbnail\">\n\t\t\t\t\t\t<div class=\"pk-overlay pk-overlay-ratio pk-ratio-landscape\">\n\t\t\t\t\t\t\t<div class=\"pk-overlay-background\">\n\t\t\t\t\t\t\t\t<a href=\"https:\/\/webdelmaestrocmf.com\/portal\/china-elimino-el-lucro-en-la-educacion-obligatoria-las-escuelas-privadas-para-ninos-de-6-a-15-anos-pueden-existir-pero-no-pueden-generar-ganancias-o-lucrar-con-la-educacion\/\" class=\"pk-overlay-link\">\n\t\t\t\t\t\t\t\t\t<img loading=\"lazy\" decoding=\"async\" width=\"300\" height=\"225\" src=\"https:\/\/webdelmaestrocmf.com\/portal\/wp-content\/uploads\/2026\/04\/1AA-Banner-1-portada-imagen-10-1-copia-11-2-300x225.webp\" class=\"attachment-pk-thumbnail size-pk-thumbnail wp-post-image\" alt=\"\" \/>\t\t\t\t\t\t\t\t<\/a>\n\t\t\t\t\t\t\t<\/div>\n\t\t\t\t\t\t<\/div>\n\t\t\t\t\t<\/div>\n\t\t\t\t<\/div>\n\t\t\t\t\n\t\t\t\t<div class=\"pk-post-inner\">\n\t\t\t\t\t<header>\n\t\t\t\t\t\t<h3 class=\"pk-title\"><a href=\"https:\/\/webdelmaestrocmf.com\/portal\/china-elimino-el-lucro-en-la-educacion-obligatoria-las-escuelas-privadas-para-ninos-de-6-a-15-anos-pueden-existir-pero-no-pueden-generar-ganancias-o-lucrar-con-la-educacion\/\" rel=\"bookmark\">China elimin\u00f3 el lucro en la educaci\u00f3n obligatoria: las escuelas privadas para ni\u00f1os de 6 a 15 a\u00f1os pueden existir, pero no pueden generar ganancias o lucrar con la educaci\u00f3n<\/a><\/h3>\t\t\t\t\t<\/header><!-- .entry-header -->\n\t\t\t\t<\/div><!-- .post-inner -->\n\n\t\t\t<\/div><!-- .post-outer -->\n\t\t<\/article>\n\t\t\t<article id=\"post-118260\" class=\"post-118260 post type-post status-publish format-standard has-post-thumbnail category-noticias-internacionales tag-aprendizaje tag-docentes tag-educacion-2 tag-formacion-docente-2 tag-futuro-educativo-2 tag-habilidades tag-innovacion-2 tag-inteligencia-artificial tag-tecnologia-educativa-2 cs-entry cs-video-wrap\">\n\t\t\t<div class=\"pk-post-outer\">\n\n\t\t\t\t\t\t\t\t<div class=\"pk-post-inner\">\n\t\t\t\t\t<div class=\"entry-thumbnail\">\n\t\t\t\t\t\t<div class=\"pk-overlay pk-overlay-ratio pk-ratio-landscape\">\n\t\t\t\t\t\t\t<div class=\"pk-overlay-background\">\n\t\t\t\t\t\t\t\t<a href=\"https:\/\/webdelmaestrocmf.com\/portal\/la-ia-elimina-16-carreras-universitarias-en-china\/\" class=\"pk-overlay-link\">\n\t\t\t\t\t\t\t\t\t<img loading=\"lazy\" decoding=\"async\" width=\"300\" height=\"225\" src=\"https:\/\/webdelmaestrocmf.com\/portal\/wp-content\/uploads\/2026\/04\/1AA-Banner-1-portada-imagen-10-1-copia-10-2-300x225.webp\" class=\"attachment-pk-thumbnail size-pk-thumbnail wp-post-image\" alt=\"\" \/>\t\t\t\t\t\t\t\t<\/a>\n\t\t\t\t\t\t\t<\/div>\n\t\t\t\t\t\t<\/div>\n\t\t\t\t\t<\/div>\n\t\t\t\t<\/div>\n\t\t\t\t\n\t\t\t\t<div class=\"pk-post-inner\">\n\t\t\t\t\t<header>\n\t\t\t\t\t\t<h3 class=\"pk-title\"><a href=\"https:\/\/webdelmaestrocmf.com\/portal\/la-ia-elimina-16-carreras-universitarias-en-china\/\" rel=\"bookmark\">La IA elimina 16 carreras universitarias en China<\/a><\/h3>\t\t\t\t\t<\/header><!-- .entry-header -->\n\t\t\t\t<\/div><!-- .post-inner -->\n\n\t\t\t<\/div><!-- .post-outer -->\n\t\t<\/article>\n\t\t\t\t<\/div>\n\t\t<\/div>\n\t\t\n","protected":false},"excerpt":{"rendered":"Trump fue evacuado tras un tiroteo en un evento oficial en Washington. El atacante fue detenido y no hubo v\u00edctimas mortales. El incidente reabre el debate sobre seguridad pol\u00edtica.","protected":false},"author":1,"featured_media":118310,"comment_status":"open","ping_status":"closed","sticky":false,"template":"","format":"standard","meta":{"csco_display_header_overlay":false,"csco_singular_sidebar":"","csco_page_header_type":"","csco_page_load_nextpost":"","csco_post_video_location":[],"csco_post_video_location_hash":"","csco_post_video_url":"","csco_post_video_bg_start_time":0,"csco_post_video_bg_end_time":0,"csco_post_video_bg_volume":false,"_jetpack_memberships_contains_paid_content":false,"footnotes":""},"categories":[23790],"tags":[645,2953,1464,6277,2687,25687,6734,1062,675],"class_list":{"0":"post-118307","1":"post","2":"type-post","3":"status-publish","4":"format-standard","5":"has-post-thumbnail","7":"category-noticias-internacionales","8":"tag-actualidad","9":"tag-atentado","10":"tag-crisis","11":"tag-eventos","12":"tag-liderazgo","13":"tag-politica-3","14":"tag-riesgo","15":"tag-seguridad","16":"tag-violencia","17":"cs-entry","18":"cs-video-wrap"},"yoast_head":"<!-- This site is optimized with the Yoast SEO plugin v27.4 - https:\/\/yoast.com\/product\/yoast-seo-wordpress\/ -->\n<title>\u00daltimo momento: Trump, evacuado de la Cena de Corresponsales de la Casa Blanca por un intento de atentado - 2026<\/title>\n<meta name=\"description\" content=\"Donald Trump, fue evacuado de emergencia tras un intento de atentado en el hotel Hilton de Washington...\" \/>\n<meta name=\"robots\" content=\"index, follow, max-snippet:-1, max-image-preview:large, max-video-preview:-1\" \/>\n<link rel=\"canonical\" href=\"https:\/\/webdelmaestrocmf.com\/portal\/ultimo-momento-trump-evacuado-de-la-cena-de-corresponsales-de-la-casa-blanca-por-un-intento-de-atentado\/\" \/>\n<meta property=\"og:locale\" content=\"es_ES\" \/>\n<meta property=\"og:type\" content=\"article\" \/>\n<meta property=\"og:title\" content=\"\u00daltimo momento: Trump, evacuado de la Cena de Corresponsales de la Casa Blanca por un intento de atentado - 2026\" \/>\n<meta property=\"og:description\" content=\"Donald Trump, fue evacuado de emergencia tras un intento de atentado en el hotel Hilton de Washington...\" \/>\n<meta property=\"og:url\" content=\"https:\/\/webdelmaestrocmf.com\/portal\/ultimo-momento-trump-evacuado-de-la-cena-de-corresponsales-de-la-casa-blanca-por-un-intento-de-atentado\/\" \/>\n<meta property=\"og:site_name\" content=\"Web del Maestro CMF\" \/>\n<meta property=\"article:publisher\" content=\"https:\/\/www.facebook.com\/WebdelMaestroCMF\/\" \/>\n<meta property=\"article:author\" content=\"https:\/\/www.facebook.com\/WebdelMaestroCMF\/\" \/>\n<meta property=\"article:published_time\" content=\"2026-04-26T02:35:23+00:00\" \/>\n<meta property=\"article:modified_time\" content=\"2026-04-26T02:39:24+00:00\" \/>\n<meta property=\"og:image\" content=\"https:\/\/webdelmaestrocmf.com\/portal\/wp-content\/uploads\/2026\/04\/1AA-Banner-1-portada-imagen-10-1-copia-5-4.webp\" \/>\n\t<meta property=\"og:image:width\" content=\"1200\" \/>\n\t<meta property=\"og:image:height\" content=\"675\" \/>\n\t<meta property=\"og:image:type\" content=\"image\/webp\" \/>\n<meta name=\"author\" content=\"Web del Maestro CMF\" \/>\n<meta name=\"twitter:card\" content=\"summary_large_image\" \/>\n<meta name=\"twitter:creator\" content=\"@cmf_w\" \/>\n<meta name=\"twitter:site\" content=\"@cmf_w\" \/>\n<meta name=\"twitter:label1\" content=\"Escrito por\" \/>\n\t<meta name=\"twitter:data1\" content=\"Web del Maestro CMF\" \/>\n\t<meta name=\"twitter:label2\" content=\"Tiempo de lectura\" \/>\n\t<meta name=\"twitter:data2\" content=\"3 minutos\" \/>\n<script type=\"application\/ld+json\" class=\"yoast-schema-graph\">{\"@context\":\"https:\\\/\\\/schema.org\",\"@graph\":[{\"@type\":\"ScholarlyArticle\",\"@id\":\"https:\\\/\\\/webdelmaestrocmf.com\\\/portal\\\/ultimo-momento-trump-evacuado-de-la-cena-de-corresponsales-de-la-casa-blanca-por-un-intento-de-atentado\\\/#article\",\"isPartOf\":{\"@id\":\"https:\\\/\\\/webdelmaestrocmf.com\\\/portal\\\/ultimo-momento-trump-evacuado-de-la-cena-de-corresponsales-de-la-casa-blanca-por-un-intento-de-atentado\\\/\"},\"author\":{\"name\":\"Web del Maestro CMF\",\"@id\":\"https:\\\/\\\/webdelmaestrocmf.com\\\/portal\\\/#\\\/schema\\\/person\\\/1072a2ed7bd960df8ef99a551fa35dc5\"},\"headline\":\"\u00daltimo momento: Trump, evacuado de la Cena de Corresponsales de la Casa Blanca por un intento de atentado\",\"datePublished\":\"2026-04-26T02:35:23+00:00\",\"dateModified\":\"2026-04-26T02:39:24+00:00\",\"mainEntityOfPage\":{\"@id\":\"https:\\\/\\\/webdelmaestrocmf.com\\\/portal\\\/ultimo-momento-trump-evacuado-de-la-cena-de-corresponsales-de-la-casa-blanca-por-un-intento-de-atentado\\\/\"},\"wordCount\":471,\"commentCount\":0,\"publisher\":{\"@id\":\"https:\\\/\\\/webdelmaestrocmf.com\\\/portal\\\/#organization\"},\"image\":{\"@id\":\"https:\\\/\\\/webdelmaestrocmf.com\\\/portal\\\/ultimo-momento-trump-evacuado-de-la-cena-de-corresponsales-de-la-casa-blanca-por-un-intento-de-atentado\\\/#primaryimage\"},\"thumbnailUrl\":\"https:\\\/\\\/webdelmaestrocmf.com\\\/portal\\\/wp-content\\\/uploads\\\/2026\\\/04\\\/1AA-Banner-1-portada-imagen-10-1-copia-5-4.webp\",\"keywords\":[\"ACTUALIDAD\",\"ATENTADO\",\"CRISIS\",\"eventos\",\"LIDERAZGO\",\"politica\",\"riesgo\",\"seguridad\",\"VIOLENCIA\"],\"articleSection\":[\"Noticias Internacionales\"],\"inLanguage\":\"es\",\"potentialAction\":[{\"@type\":\"CommentAction\",\"name\":\"Comment\",\"target\":[\"https:\\\/\\\/webdelmaestrocmf.com\\\/portal\\\/ultimo-momento-trump-evacuado-de-la-cena-de-corresponsales-de-la-casa-blanca-por-un-intento-de-atentado\\\/#respond\"]}]},{\"@type\":\"WebPage\",\"@id\":\"https:\\\/\\\/webdelmaestrocmf.com\\\/portal\\\/ultimo-momento-trump-evacuado-de-la-cena-de-corresponsales-de-la-casa-blanca-por-un-intento-de-atentado\\\/\",\"url\":\"https:\\\/\\\/webdelmaestrocmf.com\\\/portal\\\/ultimo-momento-trump-evacuado-de-la-cena-de-corresponsales-de-la-casa-blanca-por-un-intento-de-atentado\\\/\",\"name\":\"\u00daltimo momento: Trump, evacuado de la Cena de Corresponsales de la Casa Blanca por un intento de atentado - 2026\",\"isPartOf\":{\"@id\":\"https:\\\/\\\/webdelmaestrocmf.com\\\/portal\\\/#website\"},\"primaryImageOfPage\":{\"@id\":\"https:\\\/\\\/webdelmaestrocmf.com\\\/portal\\\/ultimo-momento-trump-evacuado-de-la-cena-de-corresponsales-de-la-casa-blanca-por-un-intento-de-atentado\\\/#primaryimage\"},\"image\":{\"@id\":\"https:\\\/\\\/webdelmaestrocmf.com\\\/portal\\\/ultimo-momento-trump-evacuado-de-la-cena-de-corresponsales-de-la-casa-blanca-por-un-intento-de-atentado\\\/#primaryimage\"},\"thumbnailUrl\":\"https:\\\/\\\/webdelmaestrocmf.com\\\/portal\\\/wp-content\\\/uploads\\\/2026\\\/04\\\/1AA-Banner-1-portada-imagen-10-1-copia-5-4.webp\",\"datePublished\":\"2026-04-26T02:35:23+00:00\",\"dateModified\":\"2026-04-26T02:39:24+00:00\",\"description\":\"Donald Trump, fue evacuado de emergencia tras un intento de atentado en el hotel Hilton de Washington...\",\"breadcrumb\":{\"@id\":\"https:\\\/\\\/webdelmaestrocmf.com\\\/portal\\\/ultimo-momento-trump-evacuado-de-la-cena-de-corresponsales-de-la-casa-blanca-por-un-intento-de-atentado\\\/#breadcrumb\"},\"inLanguage\":\"es\",\"potentialAction\":[{\"@type\":\"ReadAction\",\"target\":[\"https:\\\/\\\/webdelmaestrocmf.com\\\/portal\\\/ultimo-momento-trump-evacuado-de-la-cena-de-corresponsales-de-la-casa-blanca-por-un-intento-de-atentado\\\/\"]}]},{\"@type\":\"ImageObject\",\"inLanguage\":\"es\",\"@id\":\"https:\\\/\\\/webdelmaestrocmf.com\\\/portal\\\/ultimo-momento-trump-evacuado-de-la-cena-de-corresponsales-de-la-casa-blanca-por-un-intento-de-atentado\\\/#primaryimage\",\"url\":\"https:\\\/\\\/webdelmaestrocmf.com\\\/portal\\\/wp-content\\\/uploads\\\/2026\\\/04\\\/1AA-Banner-1-portada-imagen-10-1-copia-5-4.webp\",\"contentUrl\":\"https:\\\/\\\/webdelmaestrocmf.com\\\/portal\\\/wp-content\\\/uploads\\\/2026\\\/04\\\/1AA-Banner-1-portada-imagen-10-1-copia-5-4.webp\",\"width\":1200,\"height\":675},{\"@type\":\"BreadcrumbList\",\"@id\":\"https:\\\/\\\/webdelmaestrocmf.com\\\/portal\\\/ultimo-momento-trump-evacuado-de-la-cena-de-corresponsales-de-la-casa-blanca-por-un-intento-de-atentado\\\/#breadcrumb\",\"itemListElement\":[{\"@type\":\"ListItem\",\"position\":1,\"name\":\"Portada\",\"item\":\"https:\\\/\\\/webdelmaestrocmf.com\\\/portal\\\/\"},{\"@type\":\"ListItem\",\"position\":2,\"name\":\"Noticias Internacionales\",\"item\":\"https:\\\/\\\/webdelmaestrocmf.com\\\/portal\\\/category\\\/noticias-internacionales\\\/\"},{\"@type\":\"ListItem\",\"position\":3,\"name\":\"\u00daltimo momento: Trump, evacuado de la Cena de Corresponsales de la Casa Blanca por un intento de atentado\"}]},{\"@type\":\"WebSite\",\"@id\":\"https:\\\/\\\/webdelmaestrocmf.com\\\/portal\\\/#website\",\"url\":\"https:\\\/\\\/webdelmaestrocmf.com\\\/portal\\\/\",\"name\":\"Web del Maestro CMF\",\"description\":\"Maestros al servicio de la educaci\u00f3n\",\"publisher\":{\"@id\":\"https:\\\/\\\/webdelmaestrocmf.com\\\/portal\\\/#organization\"},\"alternateName\":\"WMCMF\",\"potentialAction\":[{\"@type\":\"SearchAction\",\"target\":{\"@type\":\"EntryPoint\",\"urlTemplate\":\"https:\\\/\\\/webdelmaestrocmf.com\\\/portal\\\/?s={search_term_string}\"},\"query-input\":{\"@type\":\"PropertyValueSpecification\",\"valueRequired\":true,\"valueName\":\"search_term_string\"}}],\"inLanguage\":\"es\"},{\"@type\":\"Organization\",\"@id\":\"https:\\\/\\\/webdelmaestrocmf.com\\\/portal\\\/#organization\",\"name\":\"Web del Maestro CMF\",\"alternateName\":\"WMCMF\",\"url\":\"https:\\\/\\\/webdelmaestrocmf.com\\\/portal\\\/\",\"logo\":{\"@type\":\"ImageObject\",\"inLanguage\":\"es\",\"@id\":\"https:\\\/\\\/webdelmaestrocmf.com\\\/portal\\\/#\\\/schema\\\/logo\\\/image\\\/\",\"url\":\"https:\\\/\\\/webdelmaestrocmf.com\\\/portal\\\/wp-content\\\/uploads\\\/2023\\\/01\\\/logo-wmcmf-2.png\",\"contentUrl\":\"https:\\\/\\\/webdelmaestrocmf.com\\\/portal\\\/wp-content\\\/uploads\\\/2023\\\/01\\\/logo-wmcmf-2.png\",\"width\":200,\"height\":60,\"caption\":\"Web del Maestro CMF\"},\"image\":{\"@id\":\"https:\\\/\\\/webdelmaestrocmf.com\\\/portal\\\/#\\\/schema\\\/logo\\\/image\\\/\"},\"sameAs\":[\"https:\\\/\\\/www.facebook.com\\\/WebdelMaestroCMF\\\/\",\"https:\\\/\\\/x.com\\\/cmf_w\",\"https:\\\/\\\/www.pinterest.com\\\/WMCMF\\\/\",\"https:\\\/\\\/www.linkedin.com\\\/company\\\/web-del-maestro-cmf\\\/\",\"https:\\\/\\\/www.instagram.com\\\/wmcmf\\\/\",\"https:\\\/\\\/www.youtube.com\\\/channel\\\/UCDPSvjbdodE5sHnC3OxutHw\",\"https:\\\/\\\/mastodon.social\\\/@wmcmf\",\"https:\\\/\\\/www.tiktok.com\\\/@webdelmaestrocmf\"]},{\"@type\":\"Person\",\"@id\":\"https:\\\/\\\/webdelmaestrocmf.com\\\/portal\\\/#\\\/schema\\\/person\\\/1072a2ed7bd960df8ef99a551fa35dc5\",\"name\":\"Web del Maestro CMF\",\"image\":{\"@type\":\"ImageObject\",\"inLanguage\":\"es\",\"@id\":\"https:\\\/\\\/secure.gravatar.com\\\/avatar\\\/23291dd5b5ae1077dcff3dbb04c3e02bd28403fa75af6d8787d5e97c5bbbe30b?s=96&d=mm&r=g\",\"url\":\"https:\\\/\\\/secure.gravatar.com\\\/avatar\\\/23291dd5b5ae1077dcff3dbb04c3e02bd28403fa75af6d8787d5e97c5bbbe30b?s=96&d=mm&r=g\",\"contentUrl\":\"https:\\\/\\\/secure.gravatar.com\\\/avatar\\\/23291dd5b5ae1077dcff3dbb04c3e02bd28403fa75af6d8787d5e97c5bbbe30b?s=96&d=mm&r=g\",\"caption\":\"Web del Maestro CMF\"},\"description\":\"Esta Web se cre\u00f3 sin fines de lucro, con fines educativos, cient\u00edficos y acad\u00e9micos, para personas que tengan dificultades y\\\/o inconvenientes en visualizar el material original. El objetivo es entregar recursos, compartir experiencias y materiales que ayuden a los padres de familia, maestros y estudiantes en su actualizaci\u00f3n y formaci\u00f3n permanente, en bien de la Educaci\u00f3n.\",\"sameAs\":[\"http:\\\/\\\/webdelmaestrocmf.com\\\/portal\",\"https:\\\/\\\/www.facebook.com\\\/WebdelMaestroCMF\\\/\",\"https:\\\/\\\/www.instagram.com\\\/wmcmf\\\/\",\"https:\\\/\\\/cl.linkedin.com\\\/company\\\/web-del-maestro-cmf\",\"https:\\\/\\\/www.pinterest.com\\\/WMCMF\\\/publicaciones\\\/\",\"https:\\\/\\\/x.com\\\/cmf_w\",\"https:\\\/\\\/www.youtube.com\\\/@WMCMF\"]}]}<\/script>\n<!-- \/ Yoast SEO plugin. -->","yoast_head_json":{"title":"\u00daltimo momento: Trump, evacuado de la Cena de Corresponsales de la Casa Blanca por un intento de atentado - 2026","description":"Donald Trump, fue evacuado de emergencia tras un intento de atentado en el hotel Hilton de Washington...","robots":{"index":"index","follow":"follow","max-snippet":"max-snippet:-1","max-image-preview":"max-image-preview:large","max-video-preview":"max-video-preview:-1"},"canonical":"https:\/\/webdelmaestrocmf.com\/portal\/ultimo-momento-trump-evacuado-de-la-cena-de-corresponsales-de-la-casa-blanca-por-un-intento-de-atentado\/","og_locale":"es_ES","og_type":"article","og_title":"\u00daltimo momento: Trump, evacuado de la Cena de Corresponsales de la Casa Blanca por un intento de atentado - 2026","og_description":"Donald Trump, fue evacuado de emergencia tras un intento de atentado en el hotel Hilton de Washington...","og_url":"https:\/\/webdelmaestrocmf.com\/portal\/ultimo-momento-trump-evacuado-de-la-cena-de-corresponsales-de-la-casa-blanca-por-un-intento-de-atentado\/","og_site_name":"Web del Maestro CMF","article_publisher":"https:\/\/www.facebook.com\/WebdelMaestroCMF\/","article_author":"https:\/\/www.facebook.com\/WebdelMaestroCMF\/","article_published_time":"2026-04-26T02:35:23+00:00","article_modified_time":"2026-04-26T02:39:24+00:00","og_image":[{"width":1200,"height":675,"url":"https:\/\/webdelmaestrocmf.com\/portal\/wp-content\/uploads\/2026\/04\/1AA-Banner-1-portada-imagen-10-1-copia-5-4.webp","type":"image\/webp"}],"author":"Web del Maestro CMF","twitter_card":"summary_large_image","twitter_creator":"@cmf_w","twitter_site":"@cmf_w","twitter_misc":{"Escrito por":"Web del Maestro CMF","Tiempo de lectura":"3 minutos"},"schema":{"@context":"https:\/\/schema.org","@graph":[{"@type":"ScholarlyArticle","@id":"https:\/\/webdelmaestrocmf.com\/portal\/ultimo-momento-trump-evacuado-de-la-cena-de-corresponsales-de-la-casa-blanca-por-un-intento-de-atentado\/#article","isPartOf":{"@id":"https:\/\/webdelmaestrocmf.com\/portal\/ultimo-momento-trump-evacuado-de-la-cena-de-corresponsales-de-la-casa-blanca-por-un-intento-de-atentado\/"},"author":{"name":"Web del Maestro CMF","@id":"https:\/\/webdelmaestrocmf.com\/portal\/#\/schema\/person\/1072a2ed7bd960df8ef99a551fa35dc5"},"headline":"\u00daltimo momento: Trump, evacuado de la Cena de Corresponsales de la Casa Blanca por un intento de atentado","datePublished":"2026-04-26T02:35:23+00:00","dateModified":"2026-04-26T02:39:24+00:00","mainEntityOfPage":{"@id":"https:\/\/webdelmaestrocmf.com\/portal\/ultimo-momento-trump-evacuado-de-la-cena-de-corresponsales-de-la-casa-blanca-por-un-intento-de-atentado\/"},"wordCount":471,"commentCount":0,"publisher":{"@id":"https:\/\/webdelmaestrocmf.com\/portal\/#organization"},"image":{"@id":"https:\/\/webdelmaestrocmf.com\/portal\/ultimo-momento-trump-evacuado-de-la-cena-de-corresponsales-de-la-casa-blanca-por-un-intento-de-atentado\/#primaryimage"},"thumbnailUrl":"https:\/\/webdelmaestrocmf.com\/portal\/wp-content\/uploads\/2026\/04\/1AA-Banner-1-portada-imagen-10-1-copia-5-4.webp","keywords":["ACTUALIDAD","ATENTADO","CRISIS","eventos","LIDERAZGO","politica","riesgo","seguridad","VIOLENCIA"],"articleSection":["Noticias Internacionales"],"inLanguage":"es","potentialAction":[{"@type":"CommentAction","name":"Comment","target":["https:\/\/webdelmaestrocmf.com\/portal\/ultimo-momento-trump-evacuado-de-la-cena-de-corresponsales-de-la-casa-blanca-por-un-intento-de-atentado\/#respond"]}]},{"@type":"WebPage","@id":"https:\/\/webdelmaestrocmf.com\/portal\/ultimo-momento-trump-evacuado-de-la-cena-de-corresponsales-de-la-casa-blanca-por-un-intento-de-atentado\/","url":"https:\/\/webdelmaestrocmf.com\/portal\/ultimo-momento-trump-evacuado-de-la-cena-de-corresponsales-de-la-casa-blanca-por-un-intento-de-atentado\/","name":"\u00daltimo momento: Trump, evacuado de la Cena de Corresponsales de la Casa Blanca por un intento de atentado - 2026","isPartOf":{"@id":"https:\/\/webdelmaestrocmf.com\/portal\/#website"},"primaryImageOfPage":{"@id":"https:\/\/webdelmaestrocmf.com\/portal\/ultimo-momento-trump-evacuado-de-la-cena-de-corresponsales-de-la-casa-blanca-por-un-intento-de-atentado\/#primaryimage"},"image":{"@id":"https:\/\/webdelmaestrocmf.com\/portal\/ultimo-momento-trump-evacuado-de-la-cena-de-corresponsales-de-la-casa-blanca-por-un-intento-de-atentado\/#primaryimage"},"thumbnailUrl":"https:\/\/webdelmaestrocmf.com\/portal\/wp-content\/uploads\/2026\/04\/1AA-Banner-1-portada-imagen-10-1-copia-5-4.webp","datePublished":"2026-04-26T02:35:23+00:00","dateModified":"2026-04-26T02:39:24+00:00","description":"Donald Trump, fue evacuado de emergencia tras un intento de atentado en el hotel Hilton de Washington...","breadcrumb":{"@id":"https:\/\/webdelmaestrocmf.com\/portal\/ultimo-momento-trump-evacuado-de-la-cena-de-corresponsales-de-la-casa-blanca-por-un-intento-de-atentado\/#breadcrumb"},"inLanguage":"es","potentialAction":[{"@type":"ReadAction","target":["https:\/\/webdelmaestrocmf.com\/portal\/ultimo-momento-trump-evacuado-de-la-cena-de-corresponsales-de-la-casa-blanca-por-un-intento-de-atentado\/"]}]},{"@type":"ImageObject","inLanguage":"es","@id":"https:\/\/webdelmaestrocmf.com\/portal\/ultimo-momento-trump-evacuado-de-la-cena-de-corresponsales-de-la-casa-blanca-por-un-intento-de-atentado\/#primaryimage","url":"https:\/\/webdelmaestrocmf.com\/portal\/wp-content\/uploads\/2026\/04\/1AA-Banner-1-portada-imagen-10-1-copia-5-4.webp","contentUrl":"https:\/\/webdelmaestrocmf.com\/portal\/wp-content\/uploads\/2026\/04\/1AA-Banner-1-portada-imagen-10-1-copia-5-4.webp","width":1200,"height":675},{"@type":"BreadcrumbList","@id":"https:\/\/webdelmaestrocmf.com\/portal\/ultimo-momento-trump-evacuado-de-la-cena-de-corresponsales-de-la-casa-blanca-por-un-intento-de-atentado\/#breadcrumb","itemListElement":[{"@type":"ListItem","position":1,"name":"Portada","item":"https:\/\/webdelmaestrocmf.com\/portal\/"},{"@type":"ListItem","position":2,"name":"Noticias Internacionales","item":"https:\/\/webdelmaestrocmf.com\/portal\/category\/noticias-internacionales\/"},{"@type":"ListItem","position":3,"name":"\u00daltimo momento: Trump, evacuado de la Cena de Corresponsales de la Casa Blanca por un intento de atentado"}]},{"@type":"WebSite","@id":"https:\/\/webdelmaestrocmf.com\/portal\/#website","url":"https:\/\/webdelmaestrocmf.com\/portal\/","name":"Web del Maestro CMF","description":"Maestros al servicio de la educaci\u00f3n","publisher":{"@id":"https:\/\/webdelmaestrocmf.com\/portal\/#organization"},"alternateName":"WMCMF","potentialAction":[{"@type":"SearchAction","target":{"@type":"EntryPoint","urlTemplate":"https:\/\/webdelmaestrocmf.com\/portal\/?s={search_term_string}"},"query-input":{"@type":"PropertyValueSpecification","valueRequired":true,"valueName":"search_term_string"}}],"inLanguage":"es"},{"@type":"Organization","@id":"https:\/\/webdelmaestrocmf.com\/portal\/#organization","name":"Web del Maestro CMF","alternateName":"WMCMF","url":"https:\/\/webdelmaestrocmf.com\/portal\/","logo":{"@type":"ImageObject","inLanguage":"es","@id":"https:\/\/webdelmaestrocmf.com\/portal\/#\/schema\/logo\/image\/","url":"https:\/\/webdelmaestrocmf.com\/portal\/wp-content\/uploads\/2023\/01\/logo-wmcmf-2.png","contentUrl":"https:\/\/webdelmaestrocmf.com\/portal\/wp-content\/uploads\/2023\/01\/logo-wmcmf-2.png","width":200,"height":60,"caption":"Web del Maestro CMF"},"image":{"@id":"https:\/\/webdelmaestrocmf.com\/portal\/#\/schema\/logo\/image\/"},"sameAs":["https:\/\/www.facebook.com\/WebdelMaestroCMF\/","https:\/\/x.com\/cmf_w","https:\/\/www.pinterest.com\/WMCMF\/","https:\/\/www.linkedin.com\/company\/web-del-maestro-cmf\/","https:\/\/www.instagram.com\/wmcmf\/","https:\/\/www.youtube.com\/channel\/UCDPSvjbdodE5sHnC3OxutHw","https:\/\/mastodon.social\/@wmcmf","https:\/\/www.tiktok.com\/@webdelmaestrocmf"]},{"@type":"Person","@id":"https:\/\/webdelmaestrocmf.com\/portal\/#\/schema\/person\/1072a2ed7bd960df8ef99a551fa35dc5","name":"Web del Maestro CMF","image":{"@type":"ImageObject","inLanguage":"es","@id":"https:\/\/secure.gravatar.com\/avatar\/23291dd5b5ae1077dcff3dbb04c3e02bd28403fa75af6d8787d5e97c5bbbe30b?s=96&d=mm&r=g","url":"https:\/\/secure.gravatar.com\/avatar\/23291dd5b5ae1077dcff3dbb04c3e02bd28403fa75af6d8787d5e97c5bbbe30b?s=96&d=mm&r=g","contentUrl":"https:\/\/secure.gravatar.com\/avatar\/23291dd5b5ae1077dcff3dbb04c3e02bd28403fa75af6d8787d5e97c5bbbe30b?s=96&d=mm&r=g","caption":"Web del Maestro CMF"},"description":"Esta Web se cre\u00f3 sin fines de lucro, con fines educativos, cient\u00edficos y acad\u00e9micos, para personas que tengan dificultades y\/o inconvenientes en visualizar el material original. El objetivo es entregar recursos, compartir experiencias y materiales que ayuden a los padres de familia, maestros y estudiantes en su actualizaci\u00f3n y formaci\u00f3n permanente, en bien de la Educaci\u00f3n.","sameAs":["http:\/\/webdelmaestrocmf.com\/portal","https:\/\/www.facebook.com\/WebdelMaestroCMF\/","https:\/\/www.instagram.com\/wmcmf\/","https:\/\/cl.linkedin.com\/company\/web-del-maestro-cmf","https:\/\/www.pinterest.com\/WMCMF\/publicaciones\/","https:\/\/x.com\/cmf_w","https:\/\/www.youtube.com\/@WMCMF"]}]}},"jetpack_featured_media_url":"https:\/\/webdelmaestrocmf.com\/portal\/wp-content\/uploads\/2026\/04\/1AA-Banner-1-portada-imagen-10-1-copia-5-4.webp","jetpack_sharing_enabled":true,"jetpack-related-posts":[{"id":111043,"url":"https:\/\/webdelmaestrocmf.com\/portal\/netanyahu-nomina-a-trump-al-nobel-de-la-paz-en-medio-de-una-ofensiva-diplomatica-y-militar-en-gaza\/","url_meta":{"origin":118307,"position":0},"title":"Netanyahu nomina a Trump al Nobel de la Paz en medio de una ofensiva diplom\u00e1tica y militar en Gaza","author":"Web del Maestro CMF","date":"9 julio, 2025","format":false,"excerpt":"El primer ministro israel\u00ed entreg\u00f3 personalmente la nominaci\u00f3n durante una cena en la Casa Blanca, elogiando los esfuerzos del presidente estadounidense en Medio Oriente y respaldando su pol\u00e9mico plan para el futuro de Gaza","rel":"","context":"En \u00abNoticias Internacionales\u00bb","block_context":{"text":"Noticias Internacionales","link":"https:\/\/webdelmaestrocmf.com\/portal\/category\/noticias-internacionales\/"},"img":{"alt_text":"","src":"https:\/\/i0.wp.com\/webdelmaestrocmf.com\/portal\/wp-content\/uploads\/2025\/07\/1A-Banner-1-portada-imagen-10-1-copia-59.jpg?resize=350%2C200&ssl=1","width":350,"height":200,"srcset":"https:\/\/i0.wp.com\/webdelmaestrocmf.com\/portal\/wp-content\/uploads\/2025\/07\/1A-Banner-1-portada-imagen-10-1-copia-59.jpg?resize=350%2C200&ssl=1 1x, https:\/\/i0.wp.com\/webdelmaestrocmf.com\/portal\/wp-content\/uploads\/2025\/07\/1A-Banner-1-portada-imagen-10-1-copia-59.jpg?resize=525%2C300&ssl=1 1.5x, https:\/\/i0.wp.com\/webdelmaestrocmf.com\/portal\/wp-content\/uploads\/2025\/07\/1A-Banner-1-portada-imagen-10-1-copia-59.jpg?resize=700%2C400&ssl=1 2x"},"classes":[]},{"id":109872,"url":"https:\/\/webdelmaestrocmf.com\/portal\/el-g-7-aprueba-por-unanimidad-una-declaracion-sobre-el-conflicto-entre-israel-e-iran\/","url_meta":{"origin":118307,"position":1},"title":"El G-7 aprueba por unanimidad una declaraci\u00f3n sobre el conflicto entre Israel e Ir\u00e1n","author":"Web del Maestro CMF","date":"17 junio, 2025","format":false,"excerpt":"El grupo, integrado por Alemania, Canad\u00e1, Estados Unidos, Francia, Italia, Jap\u00f3n y el Reino Unido, emiti\u00f3 una declaraci\u00f3n conjunta en la que tambi\u00e9n subray\u00f3 que el r\u00e9gimen de Teher\u00e1n no debe poseer armas nucleares","rel":"","context":"En \u00abNoticias Internacionales\u00bb","block_context":{"text":"Noticias Internacionales","link":"https:\/\/webdelmaestrocmf.com\/portal\/category\/noticias-internacionales\/"},"img":{"alt_text":"","src":"https:\/\/i0.wp.com\/webdelmaestrocmf.com\/portal\/wp-content\/uploads\/2025\/06\/1A-Banner-1-portada-imagen-10-1-42.jpg?resize=350%2C200&ssl=1","width":350,"height":200,"srcset":"https:\/\/i0.wp.com\/webdelmaestrocmf.com\/portal\/wp-content\/uploads\/2025\/06\/1A-Banner-1-portada-imagen-10-1-42.jpg?resize=350%2C200&ssl=1 1x, https:\/\/i0.wp.com\/webdelmaestrocmf.com\/portal\/wp-content\/uploads\/2025\/06\/1A-Banner-1-portada-imagen-10-1-42.jpg?resize=525%2C300&ssl=1 1.5x, https:\/\/i0.wp.com\/webdelmaestrocmf.com\/portal\/wp-content\/uploads\/2025\/06\/1A-Banner-1-portada-imagen-10-1-42.jpg?resize=700%2C400&ssl=1 2x"},"classes":[]},{"id":111683,"url":"https:\/\/webdelmaestrocmf.com\/portal\/tension-nuclear-entre-estados-unidos-y-rusia-trump-ordena-despliegue-de-submarinos-nucleares-tras-advertencias-de-medvedev\/","url_meta":{"origin":118307,"position":2},"title":"Tensi\u00f3n nuclear entre Estados Unidos y Rusia: Trump ordena despliegue de submarinos nucleares tras advertencias de Medvedev","author":"Web del Maestro CMF","date":"2 agosto, 2025","format":false,"excerpt":"Trump ordena desplegar submarinos nucleares tras amenazas rusas, aumentando la tensi\u00f3n internacional y enviando un mensaje de disuasi\u00f3n contundente.","rel":"","context":"En \u00abNoticias Internacionales\u00bb","block_context":{"text":"Noticias Internacionales","link":"https:\/\/webdelmaestrocmf.com\/portal\/category\/noticias-internacionales\/"},"img":{"alt_text":"","src":"https:\/\/i0.wp.com\/webdelmaestrocmf.com\/portal\/wp-content\/uploads\/2025\/08\/1A-Banner-1-portada-imagen-10-1-copia-3.webp?resize=350%2C200&ssl=1","width":350,"height":200,"srcset":"https:\/\/i0.wp.com\/webdelmaestrocmf.com\/portal\/wp-content\/uploads\/2025\/08\/1A-Banner-1-portada-imagen-10-1-copia-3.webp?resize=350%2C200&ssl=1 1x, https:\/\/i0.wp.com\/webdelmaestrocmf.com\/portal\/wp-content\/uploads\/2025\/08\/1A-Banner-1-portada-imagen-10-1-copia-3.webp?resize=525%2C300&ssl=1 1.5x, https:\/\/i0.wp.com\/webdelmaestrocmf.com\/portal\/wp-content\/uploads\/2025\/08\/1A-Banner-1-portada-imagen-10-1-copia-3.webp?resize=700%2C400&ssl=1 2x"},"classes":[]},{"id":112157,"url":"https:\/\/webdelmaestrocmf.com\/portal\/trump-anuncia-el-hundimiento-de-un-segundo-barco-venezolano-acusado-de-narcotrafico\/","url_meta":{"origin":118307,"position":3},"title":"Trump anuncia el hundimiento de un segundo barco venezolano acusado de narcotr\u00e1fico","author":"Web del Maestro CMF","date":"15 septiembre, 2025","format":false,"excerpt":"Trump ordena hundir un segundo barco venezolano acusado de narcotr\u00e1fico; murieron tres hombres, generando tensiones internacionales y cr\u00edticas legales crecientes.","rel":"","context":"En \u00abNoticias Internacionales\u00bb","block_context":{"text":"Noticias Internacionales","link":"https:\/\/webdelmaestrocmf.com\/portal\/category\/noticias-internacionales\/"},"img":{"alt_text":"","src":"https:\/\/i0.wp.com\/webdelmaestrocmf.com\/portal\/wp-content\/uploads\/2025\/09\/1A-Banner-1-portada-imagen-10-1-copia-2025-09-15T191120.547.webp?resize=350%2C200&ssl=1","width":350,"height":200,"srcset":"https:\/\/i0.wp.com\/webdelmaestrocmf.com\/portal\/wp-content\/uploads\/2025\/09\/1A-Banner-1-portada-imagen-10-1-copia-2025-09-15T191120.547.webp?resize=350%2C200&ssl=1 1x, https:\/\/i0.wp.com\/webdelmaestrocmf.com\/portal\/wp-content\/uploads\/2025\/09\/1A-Banner-1-portada-imagen-10-1-copia-2025-09-15T191120.547.webp?resize=525%2C300&ssl=1 1.5x, https:\/\/i0.wp.com\/webdelmaestrocmf.com\/portal\/wp-content\/uploads\/2025\/09\/1A-Banner-1-portada-imagen-10-1-copia-2025-09-15T191120.547.webp?resize=700%2C400&ssl=1 2x"},"classes":[]},{"id":111005,"url":"https:\/\/webdelmaestrocmf.com\/portal\/trump-endurece-su-guerra-comercial-aranceles-del-50-al-cobre-amenaza-del-200-a-farmacos-y-veto-a-compras-chinas-de-tierras-agricolas\/","url_meta":{"origin":118307,"position":4},"title":"Trump endurece su guerra comercial: aranceles del 50% al cobre, amenaza del 200% a f\u00e1rmacos y veto a compras chinas de tierras agr\u00edcolas","author":"Web del Maestro CMF","date":"8 julio, 2025","format":false,"excerpt":"El enfoque agresivo de Trump en materia comercial marca una intensificaci\u00f3n de su doctrina econ\u00f3mica nacionalista, cuyo impacto se extender\u00e1 tanto a las relaciones diplom\u00e1ticas como a las cadenas de suministro global","rel":"","context":"En \u00abNoticias Internacionales\u00bb","block_context":{"text":"Noticias Internacionales","link":"https:\/\/webdelmaestrocmf.com\/portal\/category\/noticias-internacionales\/"},"img":{"alt_text":"","src":"https:\/\/i0.wp.com\/webdelmaestrocmf.com\/portal\/wp-content\/uploads\/2025\/07\/1A-Banner-1-portada-imagen-10-1-copia-57.jpg?resize=350%2C200&ssl=1","width":350,"height":200,"srcset":"https:\/\/i0.wp.com\/webdelmaestrocmf.com\/portal\/wp-content\/uploads\/2025\/07\/1A-Banner-1-portada-imagen-10-1-copia-57.jpg?resize=350%2C200&ssl=1 1x, https:\/\/i0.wp.com\/webdelmaestrocmf.com\/portal\/wp-content\/uploads\/2025\/07\/1A-Banner-1-portada-imagen-10-1-copia-57.jpg?resize=525%2C300&ssl=1 1.5x, https:\/\/i0.wp.com\/webdelmaestrocmf.com\/portal\/wp-content\/uploads\/2025\/07\/1A-Banner-1-portada-imagen-10-1-copia-57.jpg?resize=700%2C400&ssl=1 2x"},"classes":[]},{"id":114449,"url":"https:\/\/webdelmaestrocmf.com\/portal\/eeuu-anuncia-la-captura-de-nicolas-maduro-tras-una-operacion-militar-aerea-sobre-caracas-y-regiones-cercanas\/","url_meta":{"origin":118307,"position":5},"title":"\u00daltima hora del ataque de Estados Unidos a Venezuela | EE UU ataca Venezuela y Trump afirma que Maduro ha sido \u201ccapturado y trasladado\u201d fuera del pa\u00eds","author":"Web del Maestro CMF","date":"3 enero, 2026","format":false,"excerpt":"Trump confirma la detenci\u00f2n de Maduro.","rel":"","context":"En \u00abNoticias Internacionales\u00bb","block_context":{"text":"Noticias Internacionales","link":"https:\/\/webdelmaestrocmf.com\/portal\/category\/noticias-internacionales\/"},"img":{"alt_text":"","src":"https:\/\/i0.wp.com\/webdelmaestrocmf.com\/portal\/wp-content\/uploads\/2026\/01\/1A-Banner-1-portada-imagen-10-1-copia-5.webp?resize=350%2C200&ssl=1","width":350,"height":200,"srcset":"https:\/\/i0.wp.com\/webdelmaestrocmf.com\/portal\/wp-content\/uploads\/2026\/01\/1A-Banner-1-portada-imagen-10-1-copia-5.webp?resize=350%2C200&ssl=1 1x, https:\/\/i0.wp.com\/webdelmaestrocmf.com\/portal\/wp-content\/uploads\/2026\/01\/1A-Banner-1-portada-imagen-10-1-copia-5.webp?resize=525%2C300&ssl=1 1.5x, https:\/\/i0.wp.com\/webdelmaestrocmf.com\/portal\/wp-content\/uploads\/2026\/01\/1A-Banner-1-portada-imagen-10-1-copia-5.webp?resize=700%2C400&ssl=1 2x"},"classes":[]}],"_links":{"self":[{"href":"https:\/\/webdelmaestrocmf.com\/portal\/wp-json\/wp\/v2\/posts\/118307","targetHints":{"allow":["GET"]}}],"collection":[{"href":"https:\/\/webdelmaestrocmf.com\/portal\/wp-json\/wp\/v2\/posts"}],"about":[{"href":"https:\/\/webdelmaestrocmf.com\/portal\/wp-json\/wp\/v2\/types\/post"}],"author":[{"embeddable":true,"href":"https:\/\/webdelmaestrocmf.com\/portal\/wp-json\/wp\/v2\/users\/1"}],"replies":[{"embeddable":true,"href":"https:\/\/webdelmaestrocmf.com\/portal\/wp-json\/wp\/v2\/comments?post=118307"}],"version-history":[{"count":1,"href":"https:\/\/webdelmaestrocmf.com\/portal\/wp-json\/wp\/v2\/posts\/118307\/revisions"}],"predecessor-version":[{"id":118309,"href":"https:\/\/webdelmaestrocmf.com\/portal\/wp-json\/wp\/v2\/posts\/118307\/revisions\/118309"}],"wp:featuredmedia":[{"embeddable":true,"href":"https:\/\/webdelmaestrocmf.com\/portal\/wp-json\/wp\/v2\/media\/118310"}],"wp:attachment":[{"href":"https:\/\/webdelmaestrocmf.com\/portal\/wp-json\/wp\/v2\/media?parent=118307"}],"wp:term":[{"taxonomy":"category","embeddable":true,"href":"https:\/\/webdelmaestrocmf.com\/portal\/wp-json\/wp\/v2\/categories?post=118307"},{"taxonomy":"post_tag","embeddable":true,"href":"https:\/\/webdelmaestrocmf.com\/portal\/wp-json\/wp\/v2\/tags?post=118307"}],"curies":[{"name":"wp","href":"https:\/\/api.w.org\/{rel}","templated":true}]}}