{"id":117574,"date":"2026-04-09T21:40:30","date_gmt":"2026-04-10T01:40:30","guid":{"rendered":"https:\/\/webdelmaestrocmf.com\/portal\/?p=117574"},"modified":"2026-04-09T21:44:56","modified_gmt":"2026-04-10T01:44:56","slug":"docente-lanza-un-mensaje-firme-a-los-padres-de-familia-que-tu-hijo-tenga-una-cuenta-de-tiktok-a-los-10-anos-no-es-culpa-de-la-escuela","status":"publish","type":"post","link":"https:\/\/webdelmaestrocmf.com\/portal\/docente-lanza-un-mensaje-firme-a-los-padres-de-familia-que-tu-hijo-tenga-una-cuenta-de-tiktok-a-los-10-anos-no-es-culpa-de-la-escuela\/","title":{"rendered":"Docente lanza un mensaje firme a los padres de familia: Que tu hijo tenga una cuenta de TikTok a los 10 a\u00f1os NO es culpa de la escuela"},"content":{"rendered":"\n<p class=\"wp-block-paragraph\">El profesor <strong>Jordi Mart\u00ed <\/strong>es un docente con formaci\u00f3n en ingenier\u00eda agr\u00f3noma y especializaci\u00f3n en educaci\u00f3n y nuevas tecnolog\u00edas. Autor del blog <a href=\"https:\/\/xarxatic.com\/\" target=\"_blank\" rel=\"noreferrer noopener\">Xarxatic<\/a>, se ha consolidado como un referente en la reflexi\u00f3n educativa contempor\u00e1nea, donde combina experiencia, pensamiento cr\u00edtico y una defensa firme de la coherencia profesional. Desde esta perspectiva, plantea una idea tan inc\u00f3moda como necesaria: <strong>la escuela no puede asumir responsabilidades que pertenecen al \u00e1mbito familiar<\/strong>, especialmente cuando se trata del uso temprano de tecnolog\u00edas y redes sociales.<\/p>\n\n\n\n<h2 class=\"wp-block-heading\"><strong>El error de fondo: confundir roles educativos<\/strong><\/h2>\n\n\n\n<p class=\"wp-block-paragraph\">Uno de los puntos centrales del planteamiento es que <strong>existe una confusi\u00f3n profunda entre educar y escolarizar<\/strong>. La escuela instruye, orienta y acompa\u00f1a, pero no sustituye la funci\u00f3n de la familia. Cuando un ni\u00f1o accede a redes sociales a edades tempranas, no es una falla del sistema educativo, sino el resultado de decisiones tomadas en casa.<\/p>\n\n\n\n<p class=\"wp-block-paragraph\">Como se\u00f1ala el propio docente: <strong>\u201cQue tu hijo tenga TikTok a los 10 a\u00f1os no es culpa de la escuela\u201d<\/strong>. Esta afirmaci\u00f3n no busca confrontar, sino <strong>poner en evidencia una realidad que muchas veces se evita reconocer<\/strong>. La educaci\u00f3n digital, los l\u00edmites y la supervisi\u00f3n son tareas que nacen en el hogar.<\/p>\n\n\n\n<h2 class=\"wp-block-heading\"><strong>La sobrecarga invisible del docente<\/strong><\/h2>\n\n\n\n<p class=\"wp-block-paragraph\">En el contexto actual, <strong>los docentes enfrentan una presi\u00f3n creciente que va m\u00e1s all\u00e1 de la ense\u00f1anza<\/strong>. Se les exige intervenir en la conducta digital, en la crianza, en la gesti\u00f3n emocional y en la formaci\u00f3n de h\u00e1bitos que no se han consolidado previamente en casa. Esta expectativa no solo es irreal, sino tambi\u00e9n injusta.<\/p>\n\n\n\n<p class=\"wp-block-paragraph\">El propio Mart\u00ed lo expresa con claridad al se\u00f1alar que <strong>\u201cla escuela no puede ser el lugar donde se solucionen todos los problemas que vienen de fuera\u201d<\/strong>. Esta frase resume una problem\u00e1tica estructural: <strong>la sobrecarga del rol docente como sustituto de responsabilidades familiares<\/strong>.<\/p>\n\n\n\n<h2 class=\"wp-block-heading\"><strong>Tecnolog\u00eda sin criterio: una decisi\u00f3n adulta, no infantil<\/strong><\/h2>\n\n\n\n<p class=\"wp-block-paragraph\">Otro aspecto clave es comprender que <strong>los ni\u00f1os no toman decisiones aut\u00f3nomas sobre el uso de tecnolog\u00eda<\/strong>. El acceso a dispositivos, redes sociales y contenidos digitales responde a autorizaciones expl\u00edcitas o impl\u00edcitas de los adultos.<\/p>\n\n\n\n<p class=\"wp-block-paragraph\">En este sentido, el mensaje es directo: <strong>\u201cLos padres son quienes deben decidir cu\u00e1ndo y c\u00f3mo sus hijos acceden a determinados entornos digitales\u201d<\/strong>. La escuela puede educar en el uso responsable, pero <strong>no puede controlar ni regular lo que ocurre fuera de su \u00e1mbito<\/strong>.<\/p>\n\n\n\n<p class=\"wp-block-paragraph\">Esta reflexi\u00f3n es especialmente relevante en una \u00e9poca donde la tecnolog\u00eda avanza m\u00e1s r\u00e1pido que la conciencia educativa sobre su uso. <strong>Permitir acceso sin acompa\u00f1amiento no es libertad, es abandono formativo<\/strong>.<\/p>\n\n\n\n<h2 class=\"wp-block-heading\"><strong>La escuela como chivo expiatorio<\/strong><\/h2>\n\n\n\n<p class=\"wp-block-paragraph\">Una de las cr\u00edticas m\u00e1s contundentes del planteamiento es la tendencia social a <strong>buscar culpables externos cuando las decisiones internas fallan<\/strong>. En muchos casos, la escuela se convierte en el blanco m\u00e1s visible y accesible.<\/p>\n\n\n\n<p class=\"wp-block-paragraph\">Mart\u00ed lo sintetiza con una idea poderosa: <strong>\u201cEs m\u00e1s f\u00e1cil culpar a la escuela que asumir responsabilidades en casa\u201d<\/strong>. Esta afirmaci\u00f3n refleja una din\u00e1mica preocupante, donde <strong>la autocr\u00edtica familiar se reemplaza por la exigencia institucional<\/strong>.<\/p>\n\n\n\n<h2 class=\"wp-block-heading\"><strong>Una llamada a la coherencia educativa<\/strong><\/h2>\n\n\n\n<p class=\"wp-block-paragraph\">El verdadero valor de este planteamiento no est\u00e1 en la cr\u00edtica, sino en la invitaci\u00f3n a la coherencia. <strong>Educar implica asumir responsabilidades compartidas, pero diferenciadas<\/strong>. La familia establece bases, valores y l\u00edmites; la escuela potencia, orienta y desarrolla aprendizajes.<\/p>\n\n\n\n<p class=\"wp-block-paragraph\">Cuando estos roles se confunden, el resultado es un sistema tensionado, donde los docentes se ven desbordados y los estudiantes carecen de referentes claros.<\/p>\n\n\n\n<h2 class=\"wp-block-heading\"><strong>Conclusi\u00f3n: educar es asumir, no delegar<\/strong><\/h2>\n\n\n\n<p class=\"wp-block-paragraph\">El mensaje de fondo es claro: <strong>no se puede delegar la educaci\u00f3n integral de un hijo en la escuela<\/strong>. La tecnolog\u00eda, los valores y los h\u00e1bitos comienzan en casa. La escuela acompa\u00f1a, pero no sustituye.<\/p>\n\n\n\n<p class=\"wp-block-paragraph\">Este enfoque no solo reivindica el rol docente, sino que tambi\u00e9n <strong>revaloriza la responsabilidad familiar como pilar esencial del desarrollo educativo<\/strong>. En tiempos de cambios acelerados, esta claridad no es opcional, es imprescindible.<\/p>\n\n\n\n<p class=\"wp-block-paragraph\">En caso desee leer el art\u00edculo del profesor Jordi Mart\u00ed, aqu\u00ed le dejamos el enlace: <strong>\u201c<a href=\"https:\/\/xarxatic.com\/que-tu-hijo-tenga-una-cuenta-de-tiktok-a-los-10-anos-no-es-culpa-de-la-escuela\/\" target=\"_blank\" rel=\"noreferrer noopener\">Que tu hijo tenga una cuenta de TikTok a los 10 a\u00f1os NO es culpa de la escuela<\/a>\u201d<\/strong>.<\/p>\n\n\n\n<p class=\"has-text-align-right wp-block-paragraph\"><strong>Redacci\u00f3n | Web del Maestro CMF<\/strong><\/p>\n\n\n\t\t<div class=\"pk-inline-posts\">\n\t\t\t\t\t\t\t<h5 class=\"pk-inline-posts-title pk-title pk-font-block\">\n\t\t\t\t\t\u00daltimas entradas\t\t\t\t<\/h5>\n\t\t\t\n\t\t\t<div class=\"pk-inline-posts-container pk-inline-posts-template-list\"\n\t\t\t\tdata-columns=\"1\">\n\t\t\t\t\t\t<article id=\"post-121053\" class=\"post-121053 post type-post status-publish format-standard has-post-thumbnail category-noticias-internacionales tag-deporte tag-educacion-2 tag-fair-play tag-formacion-deportiva tag-futbol-2 tag-infancia tag-juego-limpio tag-mundial tag-trabajo-en-equipo tag-valores cs-entry cs-video-wrap\">\n\t\t\t<div class=\"pk-post-outer\">\n\n\t\t\t\t\t\t\t\t<div class=\"pk-post-inner\">\n\t\t\t\t\t<div class=\"entry-thumbnail\">\n\t\t\t\t\t\t<div class=\"pk-overlay pk-overlay-ratio pk-ratio-landscape\">\n\t\t\t\t\t\t\t<div class=\"pk-overlay-background\">\n\t\t\t\t\t\t\t\t<a href=\"https:\/\/webdelmaestrocmf.com\/portal\/javier-bardem-elogia-a-la-seleccion-campeona-y-destaca-el-juego-limpio-como-ejemplo-para-millones-de-ninos\/\" class=\"pk-overlay-link\">\n\t\t\t\t\t\t\t\t\t<img loading=\"lazy\" decoding=\"async\" width=\"300\" height=\"225\" src=\"https:\/\/webdelmaestrocmf.com\/portal\/wp-content\/uploads\/2026\/07\/1AA-Banner-1-portada-imagen-10-1-copia-16-1-300x225.webp\" class=\"attachment-pk-thumbnail size-pk-thumbnail wp-post-image\" alt=\"\" \/>\t\t\t\t\t\t\t\t<\/a>\n\t\t\t\t\t\t\t<\/div>\n\t\t\t\t\t\t<\/div>\n\t\t\t\t\t<\/div>\n\t\t\t\t<\/div>\n\t\t\t\t\n\t\t\t\t<div class=\"pk-post-inner\">\n\t\t\t\t\t<header>\n\t\t\t\t\t\t<h3 class=\"pk-title\"><a href=\"https:\/\/webdelmaestrocmf.com\/portal\/javier-bardem-elogia-a-la-seleccion-campeona-y-destaca-el-juego-limpio-como-ejemplo-para-millones-de-ninos\/\" rel=\"bookmark\">Javier Bardem elogia a la selecci\u00f3n campeona y destaca el juego limpio como ejemplo para millones de ni\u00f1os<\/a><\/h3>\t\t\t\t\t<\/header><!-- .entry-header -->\n\t\t\t\t<\/div><!-- .post-inner -->\n\n\t\t\t<\/div><!-- .post-outer -->\n\t\t<\/article>\n\t\t\t<article id=\"post-121041\" class=\"post-121041 post type-post status-publish format-standard has-post-thumbnail category-noticias-internacionales tag-agresion-a-docente tag-apoderados tag-comunidad-educativa tag-convivencia-escolar tag-ley-karin tag-proteccion-docente tag-salud-mental tag-seguridad-escolar tag-violencia-escolar cs-entry cs-video-wrap\">\n\t\t\t<div class=\"pk-post-outer\">\n\n\t\t\t\t\t\t\t\t<div class=\"pk-post-inner\">\n\t\t\t\t\t<div class=\"entry-thumbnail\">\n\t\t\t\t\t\t<div class=\"pk-overlay pk-overlay-ratio pk-ratio-landscape\">\n\t\t\t\t\t\t\t<div class=\"pk-overlay-background\">\n\t\t\t\t\t\t\t\t<a href=\"https:\/\/webdelmaestrocmf.com\/portal\/municipalidad-de-temuco-anuncia-acciones-legales-tras-agresion-de-un-apoderado-a-un-profesor-dentro-de-un-establecimiento-educacional\/\" class=\"pk-overlay-link\">\n\t\t\t\t\t\t\t\t\t<img loading=\"lazy\" decoding=\"async\" width=\"300\" height=\"225\" src=\"https:\/\/webdelmaestrocmf.com\/portal\/wp-content\/uploads\/2026\/07\/1AA-Banner-1-portada-imagen-10-1-copia-14-1-300x225.webp\" class=\"attachment-pk-thumbnail size-pk-thumbnail wp-post-image\" alt=\"\" \/>\t\t\t\t\t\t\t\t<\/a>\n\t\t\t\t\t\t\t<\/div>\n\t\t\t\t\t\t<\/div>\n\t\t\t\t\t<\/div>\n\t\t\t\t<\/div>\n\t\t\t\t\n\t\t\t\t<div class=\"pk-post-inner\">\n\t\t\t\t\t<header>\n\t\t\t\t\t\t<h3 class=\"pk-title\"><a href=\"https:\/\/webdelmaestrocmf.com\/portal\/municipalidad-de-temuco-anuncia-acciones-legales-tras-agresion-de-un-apoderado-a-un-profesor-dentro-de-un-establecimiento-educacional\/\" rel=\"bookmark\">Municipalidad de Temuco anuncia acciones legales tras agresi\u00f3n de un apoderado a un profesor dentro de un establecimiento educacional<\/a><\/h3>\t\t\t\t\t<\/header><!-- .entry-header -->\n\t\t\t\t<\/div><!-- .post-inner -->\n\n\t\t\t<\/div><!-- .post-outer -->\n\t\t<\/article>\n\t\t\t<article id=\"post-121036\" class=\"post-121036 post type-post status-publish format-standard has-post-thumbnail category-noticias-internacionales tag-autoridad-docente tag-convivencia-escolar tag-disciplina-escolar tag-docentes tag-educacion-2 tag-estudiantes tag-redes-sociales tag-respeto tag-tiktok tag-valores cs-entry cs-video-wrap\">\n\t\t\t<div class=\"pk-post-outer\">\n\n\t\t\t\t\t\t\t\t<div class=\"pk-post-inner\">\n\t\t\t\t\t<div class=\"entry-thumbnail\">\n\t\t\t\t\t\t<div class=\"pk-overlay pk-overlay-ratio pk-ratio-landscape\">\n\t\t\t\t\t\t\t<div class=\"pk-overlay-background\">\n\t\t\t\t\t\t\t\t<a href=\"https:\/\/webdelmaestrocmf.com\/portal\/alumnos-le-hacen-una-broma-pesada-y-le-faltan-el-respeto-a-su-maestra-ella-se-hizo-respetar-reprobando-a-todos\/\" class=\"pk-overlay-link\">\n\t\t\t\t\t\t\t\t\t<img loading=\"lazy\" decoding=\"async\" width=\"300\" height=\"225\" src=\"https:\/\/webdelmaestrocmf.com\/portal\/wp-content\/uploads\/2026\/07\/1AA-Banner-1-portada-imagen-10-1-copia-13-1-300x225.webp\" class=\"attachment-pk-thumbnail size-pk-thumbnail wp-post-image\" alt=\"\" \/>\t\t\t\t\t\t\t\t<\/a>\n\t\t\t\t\t\t\t<\/div>\n\t\t\t\t\t\t<\/div>\n\t\t\t\t\t<\/div>\n\t\t\t\t<\/div>\n\t\t\t\t\n\t\t\t\t<div class=\"pk-post-inner\">\n\t\t\t\t\t<header>\n\t\t\t\t\t\t<h3 class=\"pk-title\"><a href=\"https:\/\/webdelmaestrocmf.com\/portal\/alumnos-le-hacen-una-broma-pesada-y-le-faltan-el-respeto-a-su-maestra-ella-se-hizo-respetar-reprobando-a-todos\/\" rel=\"bookmark\">Alumnos le hacen una broma pesada y le faltan el respeto a su maestra; ella se hizo respetar reprobando a todos<\/a><\/h3>\t\t\t\t\t<\/header><!-- .entry-header -->\n\t\t\t\t<\/div><!-- .post-inner -->\n\n\t\t\t<\/div><!-- .post-outer -->\n\t\t<\/article>\n\t\t\t\t<\/div>\n\t\t<\/div>\n\t\t\n","protected":false},"excerpt":{"rendered":"Jordi Mart\u00ed advierte que la escuela no reemplaza a la familia. El uso temprano de tecnolog\u00eda es responsabilidad parental. Educar implica coherencia: asumir roles claros y no delegar lo esencial.","protected":false},"author":1,"featured_media":117577,"comment_status":"open","ping_status":"closed","sticky":false,"template":"","format":"standard","meta":{"_jetpack_newsletter_access":"","_jetpack_dont_email_post_to_subs":false,"_jetpack_newsletter_tier_id":0,"_jetpack_memberships_contains_paywalled_content":false,"csco_display_header_overlay":false,"csco_singular_sidebar":"","csco_page_header_type":"","csco_page_load_nextpost":"","csco_post_video_location":[],"csco_post_video_location_hash":"","csco_post_video_url":"","csco_post_video_bg_start_time":0,"csco_post_video_bg_end_time":0,"csco_post_video_bg_volume":false,"_jetpack_feature_clip_id":0,"_jetpack_memberships_contains_paid_content":false,"footnotes":"","jetpack_post_was_ever_published":false},"categories":[23790],"tags":[1620,58,23808,97,1040,903,19078,3023,763],"class_list":["post-117574","post","type-post","status-publish","format-standard","has-post-thumbnail","category-noticias-internacionales","tag-crianza","tag-docentes","tag-educacion-2","tag-familia","tag-limites","tag-redes-sociales","tag-responsabilidad-parental","tag-rol-docente","tag-tecnologia","cs-entry","cs-video-wrap"],"yoast_head":"<!-- This site is optimized with the Yoast SEO plugin v28.1 - https:\/\/yoast.com\/product\/yoast-seo-wordpress\/ -->\n<title>Docente lanza un mensaje firme a los padres de familia: Que tu hijo tenga una cuenta de TikTok a los 10 a\u00f1os NO es culpa de la escuela - 2026<\/title>\n<meta name=\"description\" content=\"...la escuela no puede asumir responsabilidades que pertenecen al \u00e1mbito familiar, especialmente cuando se trata del uso temprano...\" \/>\n<meta name=\"robots\" content=\"index, follow, max-snippet:-1, max-image-preview:large, max-video-preview:-1\" \/>\n<link rel=\"canonical\" href=\"https:\/\/webdelmaestrocmf.com\/portal\/docente-lanza-un-mensaje-firme-a-los-padres-de-familia-que-tu-hijo-tenga-una-cuenta-de-tiktok-a-los-10-anos-no-es-culpa-de-la-escuela\/\" \/>\n<meta property=\"og:locale\" content=\"es_ES\" \/>\n<meta property=\"og:type\" content=\"article\" \/>\n<meta property=\"og:title\" content=\"Docente lanza un mensaje firme a los padres de familia: Que tu hijo tenga una cuenta de TikTok a los 10 a\u00f1os NO es culpa de la escuela - 2026\" \/>\n<meta property=\"og:description\" content=\"...la escuela no puede asumir responsabilidades que pertenecen al \u00e1mbito familiar, especialmente cuando se trata del uso temprano...\" \/>\n<meta property=\"og:url\" content=\"https:\/\/webdelmaestrocmf.com\/portal\/docente-lanza-un-mensaje-firme-a-los-padres-de-familia-que-tu-hijo-tenga-una-cuenta-de-tiktok-a-los-10-anos-no-es-culpa-de-la-escuela\/\" \/>\n<meta property=\"og:site_name\" content=\"Web del Maestro CMF\" \/>\n<meta property=\"article:publisher\" content=\"https:\/\/www.facebook.com\/WebdelMaestroCMF\/\" \/>\n<meta property=\"article:author\" content=\"https:\/\/www.facebook.com\/WebdelMaestroCMF\/\" \/>\n<meta property=\"article:published_time\" content=\"2026-04-10T01:40:30+00:00\" \/>\n<meta property=\"article:modified_time\" content=\"2026-04-10T01:44:56+00:00\" \/>\n<meta property=\"og:image\" content=\"https:\/\/webdelmaestrocmf.com\/portal\/wp-content\/uploads\/2026\/04\/1AA-Banner-1-portada-imagen-10-1-copia-2-2.webp\" \/>\n\t<meta property=\"og:image:width\" content=\"1200\" \/>\n\t<meta property=\"og:image:height\" content=\"675\" \/>\n\t<meta property=\"og:image:type\" content=\"image\/webp\" \/>\n<meta name=\"author\" content=\"Web del Maestro CMF\" \/>\n<meta name=\"twitter:card\" content=\"summary_large_image\" \/>\n<meta name=\"twitter:creator\" content=\"@cmf_w\" \/>\n<meta name=\"twitter:site\" content=\"@cmf_w\" \/>\n<script type=\"application\/ld+json\" class=\"yoast-schema-graph\">{\"@context\":\"https:\\\/\\\/schema.org\",\"@graph\":[{\"@type\":\"ScholarlyArticle\",\"@id\":\"https:\\\/\\\/webdelmaestrocmf.com\\\/portal\\\/docente-lanza-un-mensaje-firme-a-los-padres-de-familia-que-tu-hijo-tenga-una-cuenta-de-tiktok-a-los-10-anos-no-es-culpa-de-la-escuela\\\/#article\",\"isPartOf\":{\"@id\":\"https:\\\/\\\/webdelmaestrocmf.com\\\/portal\\\/docente-lanza-un-mensaje-firme-a-los-padres-de-familia-que-tu-hijo-tenga-una-cuenta-de-tiktok-a-los-10-anos-no-es-culpa-de-la-escuela\\\/\"},\"author\":{\"name\":\"Web del Maestro CMF\",\"@id\":\"https:\\\/\\\/webdelmaestrocmf.com\\\/portal\\\/#\\\/schema\\\/person\\\/1072a2ed7bd960df8ef99a551fa35dc5\"},\"headline\":\"Docente lanza un mensaje firme a los padres de familia: Que tu hijo tenga una cuenta de TikTok a los 10 a\u00f1os NO es culpa de la escuela\",\"datePublished\":\"2026-04-10T01:40:30+00:00\",\"dateModified\":\"2026-04-10T01:44:56+00:00\",\"mainEntityOfPage\":{\"@id\":\"https:\\\/\\\/webdelmaestrocmf.com\\\/portal\\\/docente-lanza-un-mensaje-firme-a-los-padres-de-familia-que-tu-hijo-tenga-una-cuenta-de-tiktok-a-los-10-anos-no-es-culpa-de-la-escuela\\\/\"},\"wordCount\":780,\"commentCount\":0,\"publisher\":{\"@id\":\"https:\\\/\\\/webdelmaestrocmf.com\\\/portal\\\/#organization\"},\"image\":{\"@id\":\"https:\\\/\\\/webdelmaestrocmf.com\\\/portal\\\/docente-lanza-un-mensaje-firme-a-los-padres-de-familia-que-tu-hijo-tenga-una-cuenta-de-tiktok-a-los-10-anos-no-es-culpa-de-la-escuela\\\/#primaryimage\"},\"thumbnailUrl\":\"https:\\\/\\\/webdelmaestrocmf.com\\\/portal\\\/wp-content\\\/uploads\\\/2026\\\/04\\\/1AA-Banner-1-portada-imagen-10-1-copia-2-2.webp\",\"keywords\":[\"CRIANZA\",\"DOCENTES\",\"educaci\u00f3n\",\"familia\",\"l\u00edmites\",\"redes sociales\",\"Responsabilidad parental\",\"ROL DOCENTE\",\"tecnolog\u00eda\"],\"articleSection\":[\"Noticias Internacionales\"],\"inLanguage\":\"es\",\"potentialAction\":[{\"@type\":\"CommentAction\",\"name\":\"Comment\",\"target\":[\"https:\\\/\\\/webdelmaestrocmf.com\\\/portal\\\/docente-lanza-un-mensaje-firme-a-los-padres-de-familia-que-tu-hijo-tenga-una-cuenta-de-tiktok-a-los-10-anos-no-es-culpa-de-la-escuela\\\/#respond\"]}]},{\"@type\":\"WebPage\",\"@id\":\"https:\\\/\\\/webdelmaestrocmf.com\\\/portal\\\/docente-lanza-un-mensaje-firme-a-los-padres-de-familia-que-tu-hijo-tenga-una-cuenta-de-tiktok-a-los-10-anos-no-es-culpa-de-la-escuela\\\/\",\"url\":\"https:\\\/\\\/webdelmaestrocmf.com\\\/portal\\\/docente-lanza-un-mensaje-firme-a-los-padres-de-familia-que-tu-hijo-tenga-una-cuenta-de-tiktok-a-los-10-anos-no-es-culpa-de-la-escuela\\\/\",\"name\":\"Docente lanza un mensaje firme a los padres de familia: Que tu hijo tenga una cuenta de TikTok a los 10 a\u00f1os NO es culpa de la escuela - 2026\",\"isPartOf\":{\"@id\":\"https:\\\/\\\/webdelmaestrocmf.com\\\/portal\\\/#website\"},\"primaryImageOfPage\":{\"@id\":\"https:\\\/\\\/webdelmaestrocmf.com\\\/portal\\\/docente-lanza-un-mensaje-firme-a-los-padres-de-familia-que-tu-hijo-tenga-una-cuenta-de-tiktok-a-los-10-anos-no-es-culpa-de-la-escuela\\\/#primaryimage\"},\"image\":{\"@id\":\"https:\\\/\\\/webdelmaestrocmf.com\\\/portal\\\/docente-lanza-un-mensaje-firme-a-los-padres-de-familia-que-tu-hijo-tenga-una-cuenta-de-tiktok-a-los-10-anos-no-es-culpa-de-la-escuela\\\/#primaryimage\"},\"thumbnailUrl\":\"https:\\\/\\\/webdelmaestrocmf.com\\\/portal\\\/wp-content\\\/uploads\\\/2026\\\/04\\\/1AA-Banner-1-portada-imagen-10-1-copia-2-2.webp\",\"datePublished\":\"2026-04-10T01:40:30+00:00\",\"dateModified\":\"2026-04-10T01:44:56+00:00\",\"description\":\"...la escuela no puede asumir responsabilidades que pertenecen al \u00e1mbito familiar, especialmente cuando se trata del uso temprano...\",\"breadcrumb\":{\"@id\":\"https:\\\/\\\/webdelmaestrocmf.com\\\/portal\\\/docente-lanza-un-mensaje-firme-a-los-padres-de-familia-que-tu-hijo-tenga-una-cuenta-de-tiktok-a-los-10-anos-no-es-culpa-de-la-escuela\\\/#breadcrumb\"},\"inLanguage\":\"es\",\"potentialAction\":[{\"@type\":\"ReadAction\",\"target\":[\"https:\\\/\\\/webdelmaestrocmf.com\\\/portal\\\/docente-lanza-un-mensaje-firme-a-los-padres-de-familia-que-tu-hijo-tenga-una-cuenta-de-tiktok-a-los-10-anos-no-es-culpa-de-la-escuela\\\/\"]}]},{\"@type\":\"ImageObject\",\"inLanguage\":\"es\",\"@id\":\"https:\\\/\\\/webdelmaestrocmf.com\\\/portal\\\/docente-lanza-un-mensaje-firme-a-los-padres-de-familia-que-tu-hijo-tenga-una-cuenta-de-tiktok-a-los-10-anos-no-es-culpa-de-la-escuela\\\/#primaryimage\",\"url\":\"https:\\\/\\\/webdelmaestrocmf.com\\\/portal\\\/wp-content\\\/uploads\\\/2026\\\/04\\\/1AA-Banner-1-portada-imagen-10-1-copia-2-2.webp\",\"contentUrl\":\"https:\\\/\\\/webdelmaestrocmf.com\\\/portal\\\/wp-content\\\/uploads\\\/2026\\\/04\\\/1AA-Banner-1-portada-imagen-10-1-copia-2-2.webp\",\"width\":1200,\"height\":675},{\"@type\":\"BreadcrumbList\",\"@id\":\"https:\\\/\\\/webdelmaestrocmf.com\\\/portal\\\/docente-lanza-un-mensaje-firme-a-los-padres-de-familia-que-tu-hijo-tenga-una-cuenta-de-tiktok-a-los-10-anos-no-es-culpa-de-la-escuela\\\/#breadcrumb\",\"itemListElement\":[{\"@type\":\"ListItem\",\"position\":1,\"name\":\"Portada\",\"item\":\"https:\\\/\\\/webdelmaestrocmf.com\\\/portal\\\/\"},{\"@type\":\"ListItem\",\"position\":2,\"name\":\"Noticias Internacionales\",\"item\":\"https:\\\/\\\/webdelmaestrocmf.com\\\/portal\\\/category\\\/noticias-internacionales\\\/\"},{\"@type\":\"ListItem\",\"position\":3,\"name\":\"Docente lanza un mensaje firme a los padres de familia: Que tu hijo tenga una cuenta de TikTok a los 10 a\u00f1os NO es culpa de la escuela\"}]},{\"@type\":\"WebSite\",\"@id\":\"https:\\\/\\\/webdelmaestrocmf.com\\\/portal\\\/#website\",\"url\":\"https:\\\/\\\/webdelmaestrocmf.com\\\/portal\\\/\",\"name\":\"Web del Maestro CMF\",\"description\":\"Maestros al servicio de la educaci\u00f3n\",\"publisher\":{\"@id\":\"https:\\\/\\\/webdelmaestrocmf.com\\\/portal\\\/#organization\"},\"alternateName\":\"WMCMF\",\"potentialAction\":[{\"@type\":\"SearchAction\",\"target\":{\"@type\":\"EntryPoint\",\"urlTemplate\":\"https:\\\/\\\/webdelmaestrocmf.com\\\/portal\\\/?s={search_term_string}\"},\"query-input\":{\"@type\":\"PropertyValueSpecification\",\"valueRequired\":true,\"valueName\":\"search_term_string\"}}],\"inLanguage\":\"es\"},{\"@type\":\"Organization\",\"@id\":\"https:\\\/\\\/webdelmaestrocmf.com\\\/portal\\\/#organization\",\"name\":\"Web del Maestro CMF\",\"alternateName\":\"WMCMF\",\"url\":\"https:\\\/\\\/webdelmaestrocmf.com\\\/portal\\\/\",\"logo\":{\"@type\":\"ImageObject\",\"inLanguage\":\"es\",\"@id\":\"https:\\\/\\\/webdelmaestrocmf.com\\\/portal\\\/#\\\/schema\\\/logo\\\/image\\\/\",\"url\":\"https:\\\/\\\/webdelmaestrocmf.com\\\/portal\\\/wp-content\\\/uploads\\\/2023\\\/01\\\/logo-wmcmf-2.png\",\"contentUrl\":\"https:\\\/\\\/webdelmaestrocmf.com\\\/portal\\\/wp-content\\\/uploads\\\/2023\\\/01\\\/logo-wmcmf-2.png\",\"width\":200,\"height\":60,\"caption\":\"Web del Maestro CMF\"},\"image\":{\"@id\":\"https:\\\/\\\/webdelmaestrocmf.com\\\/portal\\\/#\\\/schema\\\/logo\\\/image\\\/\"},\"sameAs\":[\"https:\\\/\\\/www.facebook.com\\\/WebdelMaestroCMF\\\/\",\"https:\\\/\\\/x.com\\\/cmf_w\",\"https:\\\/\\\/www.pinterest.com\\\/WMCMF\\\/\",\"https:\\\/\\\/www.linkedin.com\\\/company\\\/web-del-maestro-cmf\\\/\",\"https:\\\/\\\/www.instagram.com\\\/wmcmf\\\/\",\"https:\\\/\\\/www.youtube.com\\\/channel\\\/UCDPSvjbdodE5sHnC3OxutHw\",\"https:\\\/\\\/mastodon.social\\\/@wmcmf\",\"https:\\\/\\\/www.tiktok.com\\\/@webdelmaestrocmf\"]},{\"@type\":\"Person\",\"@id\":\"https:\\\/\\\/webdelmaestrocmf.com\\\/portal\\\/#\\\/schema\\\/person\\\/1072a2ed7bd960df8ef99a551fa35dc5\",\"name\":\"Web del Maestro CMF\",\"image\":{\"@type\":\"ImageObject\",\"inLanguage\":\"es\",\"@id\":\"https:\\\/\\\/secure.gravatar.com\\\/avatar\\\/23291dd5b5ae1077dcff3dbb04c3e02bd28403fa75af6d8787d5e97c5bbbe30b?s=96&d=mm&r=g\",\"url\":\"https:\\\/\\\/secure.gravatar.com\\\/avatar\\\/23291dd5b5ae1077dcff3dbb04c3e02bd28403fa75af6d8787d5e97c5bbbe30b?s=96&d=mm&r=g\",\"contentUrl\":\"https:\\\/\\\/secure.gravatar.com\\\/avatar\\\/23291dd5b5ae1077dcff3dbb04c3e02bd28403fa75af6d8787d5e97c5bbbe30b?s=96&d=mm&r=g\",\"caption\":\"Web del Maestro CMF\"},\"description\":\"Esta Web se cre\u00f3 sin fines de lucro, con fines educativos, cient\u00edficos y acad\u00e9micos, para personas que tengan dificultades y\\\/o inconvenientes en visualizar el material original. El objetivo es entregar recursos, compartir experiencias y materiales que ayuden a los padres de familia, maestros y estudiantes en su actualizaci\u00f3n y formaci\u00f3n permanente, en bien de la Educaci\u00f3n.\",\"sameAs\":[\"http:\\\/\\\/webdelmaestrocmf.com\\\/portal\",\"https:\\\/\\\/www.facebook.com\\\/WebdelMaestroCMF\\\/\",\"https:\\\/\\\/www.instagram.com\\\/wmcmf\\\/\",\"https:\\\/\\\/cl.linkedin.com\\\/company\\\/web-del-maestro-cmf\",\"https:\\\/\\\/www.pinterest.com\\\/WMCMF\\\/publicaciones\\\/\",\"https:\\\/\\\/x.com\\\/cmf_w\",\"https:\\\/\\\/www.youtube.com\\\/@WMCMF\"]}]}<\/script>\n<!-- \/ Yoast SEO plugin. -->","yoast_head_json":{"title":"Docente lanza un mensaje firme a los padres de familia: Que tu hijo tenga una cuenta de TikTok a los 10 a\u00f1os NO es culpa de la escuela - 2026","description":"...la escuela no puede asumir responsabilidades que pertenecen al \u00e1mbito familiar, especialmente cuando se trata del uso temprano...","robots":{"index":"index","follow":"follow","max-snippet":"max-snippet:-1","max-image-preview":"max-image-preview:large","max-video-preview":"max-video-preview:-1"},"canonical":"https:\/\/webdelmaestrocmf.com\/portal\/docente-lanza-un-mensaje-firme-a-los-padres-de-familia-que-tu-hijo-tenga-una-cuenta-de-tiktok-a-los-10-anos-no-es-culpa-de-la-escuela\/","og_locale":"es_ES","og_type":"article","og_title":"Docente lanza un mensaje firme a los padres de familia: Que tu hijo tenga una cuenta de TikTok a los 10 a\u00f1os NO es culpa de la escuela - 2026","og_description":"...la escuela no puede asumir responsabilidades que pertenecen al \u00e1mbito familiar, especialmente cuando se trata del uso temprano...","og_url":"https:\/\/webdelmaestrocmf.com\/portal\/docente-lanza-un-mensaje-firme-a-los-padres-de-familia-que-tu-hijo-tenga-una-cuenta-de-tiktok-a-los-10-anos-no-es-culpa-de-la-escuela\/","og_site_name":"Web del Maestro CMF","article_publisher":"https:\/\/www.facebook.com\/WebdelMaestroCMF\/","article_author":"https:\/\/www.facebook.com\/WebdelMaestroCMF\/","article_published_time":"2026-04-10T01:40:30+00:00","article_modified_time":"2026-04-10T01:44:56+00:00","og_image":[{"width":1200,"height":675,"url":"https:\/\/webdelmaestrocmf.com\/portal\/wp-content\/uploads\/2026\/04\/1AA-Banner-1-portada-imagen-10-1-copia-2-2.webp","type":"image\/webp"}],"author":"Web del Maestro CMF","twitter_card":"summary_large_image","twitter_creator":"@cmf_w","twitter_site":"@cmf_w","schema":{"@context":"https:\/\/schema.org","@graph":[{"@type":"ScholarlyArticle","@id":"https:\/\/webdelmaestrocmf.com\/portal\/docente-lanza-un-mensaje-firme-a-los-padres-de-familia-que-tu-hijo-tenga-una-cuenta-de-tiktok-a-los-10-anos-no-es-culpa-de-la-escuela\/#article","isPartOf":{"@id":"https:\/\/webdelmaestrocmf.com\/portal\/docente-lanza-un-mensaje-firme-a-los-padres-de-familia-que-tu-hijo-tenga-una-cuenta-de-tiktok-a-los-10-anos-no-es-culpa-de-la-escuela\/"},"author":{"name":"Web del Maestro CMF","@id":"https:\/\/webdelmaestrocmf.com\/portal\/#\/schema\/person\/1072a2ed7bd960df8ef99a551fa35dc5"},"headline":"Docente lanza un mensaje firme a los padres de familia: Que tu hijo tenga una cuenta de TikTok a los 10 a\u00f1os NO es culpa de la escuela","datePublished":"2026-04-10T01:40:30+00:00","dateModified":"2026-04-10T01:44:56+00:00","mainEntityOfPage":{"@id":"https:\/\/webdelmaestrocmf.com\/portal\/docente-lanza-un-mensaje-firme-a-los-padres-de-familia-que-tu-hijo-tenga-una-cuenta-de-tiktok-a-los-10-anos-no-es-culpa-de-la-escuela\/"},"wordCount":780,"commentCount":0,"publisher":{"@id":"https:\/\/webdelmaestrocmf.com\/portal\/#organization"},"image":{"@id":"https:\/\/webdelmaestrocmf.com\/portal\/docente-lanza-un-mensaje-firme-a-los-padres-de-familia-que-tu-hijo-tenga-una-cuenta-de-tiktok-a-los-10-anos-no-es-culpa-de-la-escuela\/#primaryimage"},"thumbnailUrl":"https:\/\/webdelmaestrocmf.com\/portal\/wp-content\/uploads\/2026\/04\/1AA-Banner-1-portada-imagen-10-1-copia-2-2.webp","keywords":["CRIANZA","DOCENTES","educaci\u00f3n","familia","l\u00edmites","redes sociales","Responsabilidad parental","ROL DOCENTE","tecnolog\u00eda"],"articleSection":["Noticias Internacionales"],"inLanguage":"es","potentialAction":[{"@type":"CommentAction","name":"Comment","target":["https:\/\/webdelmaestrocmf.com\/portal\/docente-lanza-un-mensaje-firme-a-los-padres-de-familia-que-tu-hijo-tenga-una-cuenta-de-tiktok-a-los-10-anos-no-es-culpa-de-la-escuela\/#respond"]}]},{"@type":"WebPage","@id":"https:\/\/webdelmaestrocmf.com\/portal\/docente-lanza-un-mensaje-firme-a-los-padres-de-familia-que-tu-hijo-tenga-una-cuenta-de-tiktok-a-los-10-anos-no-es-culpa-de-la-escuela\/","url":"https:\/\/webdelmaestrocmf.com\/portal\/docente-lanza-un-mensaje-firme-a-los-padres-de-familia-que-tu-hijo-tenga-una-cuenta-de-tiktok-a-los-10-anos-no-es-culpa-de-la-escuela\/","name":"Docente lanza un mensaje firme a los padres de familia: Que tu hijo tenga una cuenta de TikTok a los 10 a\u00f1os NO es culpa de la escuela - 2026","isPartOf":{"@id":"https:\/\/webdelmaestrocmf.com\/portal\/#website"},"primaryImageOfPage":{"@id":"https:\/\/webdelmaestrocmf.com\/portal\/docente-lanza-un-mensaje-firme-a-los-padres-de-familia-que-tu-hijo-tenga-una-cuenta-de-tiktok-a-los-10-anos-no-es-culpa-de-la-escuela\/#primaryimage"},"image":{"@id":"https:\/\/webdelmaestrocmf.com\/portal\/docente-lanza-un-mensaje-firme-a-los-padres-de-familia-que-tu-hijo-tenga-una-cuenta-de-tiktok-a-los-10-anos-no-es-culpa-de-la-escuela\/#primaryimage"},"thumbnailUrl":"https:\/\/webdelmaestrocmf.com\/portal\/wp-content\/uploads\/2026\/04\/1AA-Banner-1-portada-imagen-10-1-copia-2-2.webp","datePublished":"2026-04-10T01:40:30+00:00","dateModified":"2026-04-10T01:44:56+00:00","description":"...la escuela no puede asumir responsabilidades que pertenecen al \u00e1mbito familiar, especialmente cuando se trata del uso temprano...","breadcrumb":{"@id":"https:\/\/webdelmaestrocmf.com\/portal\/docente-lanza-un-mensaje-firme-a-los-padres-de-familia-que-tu-hijo-tenga-una-cuenta-de-tiktok-a-los-10-anos-no-es-culpa-de-la-escuela\/#breadcrumb"},"inLanguage":"es","potentialAction":[{"@type":"ReadAction","target":["https:\/\/webdelmaestrocmf.com\/portal\/docente-lanza-un-mensaje-firme-a-los-padres-de-familia-que-tu-hijo-tenga-una-cuenta-de-tiktok-a-los-10-anos-no-es-culpa-de-la-escuela\/"]}]},{"@type":"ImageObject","inLanguage":"es","@id":"https:\/\/webdelmaestrocmf.com\/portal\/docente-lanza-un-mensaje-firme-a-los-padres-de-familia-que-tu-hijo-tenga-una-cuenta-de-tiktok-a-los-10-anos-no-es-culpa-de-la-escuela\/#primaryimage","url":"https:\/\/webdelmaestrocmf.com\/portal\/wp-content\/uploads\/2026\/04\/1AA-Banner-1-portada-imagen-10-1-copia-2-2.webp","contentUrl":"https:\/\/webdelmaestrocmf.com\/portal\/wp-content\/uploads\/2026\/04\/1AA-Banner-1-portada-imagen-10-1-copia-2-2.webp","width":1200,"height":675},{"@type":"BreadcrumbList","@id":"https:\/\/webdelmaestrocmf.com\/portal\/docente-lanza-un-mensaje-firme-a-los-padres-de-familia-que-tu-hijo-tenga-una-cuenta-de-tiktok-a-los-10-anos-no-es-culpa-de-la-escuela\/#breadcrumb","itemListElement":[{"@type":"ListItem","position":1,"name":"Portada","item":"https:\/\/webdelmaestrocmf.com\/portal\/"},{"@type":"ListItem","position":2,"name":"Noticias Internacionales","item":"https:\/\/webdelmaestrocmf.com\/portal\/category\/noticias-internacionales\/"},{"@type":"ListItem","position":3,"name":"Docente lanza un mensaje firme a los padres de familia: Que tu hijo tenga una cuenta de TikTok a los 10 a\u00f1os NO es culpa de la escuela"}]},{"@type":"WebSite","@id":"https:\/\/webdelmaestrocmf.com\/portal\/#website","url":"https:\/\/webdelmaestrocmf.com\/portal\/","name":"Web del Maestro CMF","description":"Maestros al servicio de la educaci\u00f3n","publisher":{"@id":"https:\/\/webdelmaestrocmf.com\/portal\/#organization"},"alternateName":"WMCMF","potentialAction":[{"@type":"SearchAction","target":{"@type":"EntryPoint","urlTemplate":"https:\/\/webdelmaestrocmf.com\/portal\/?s={search_term_string}"},"query-input":{"@type":"PropertyValueSpecification","valueRequired":true,"valueName":"search_term_string"}}],"inLanguage":"es"},{"@type":"Organization","@id":"https:\/\/webdelmaestrocmf.com\/portal\/#organization","name":"Web del Maestro CMF","alternateName":"WMCMF","url":"https:\/\/webdelmaestrocmf.com\/portal\/","logo":{"@type":"ImageObject","inLanguage":"es","@id":"https:\/\/webdelmaestrocmf.com\/portal\/#\/schema\/logo\/image\/","url":"https:\/\/webdelmaestrocmf.com\/portal\/wp-content\/uploads\/2023\/01\/logo-wmcmf-2.png","contentUrl":"https:\/\/webdelmaestrocmf.com\/portal\/wp-content\/uploads\/2023\/01\/logo-wmcmf-2.png","width":200,"height":60,"caption":"Web del Maestro CMF"},"image":{"@id":"https:\/\/webdelmaestrocmf.com\/portal\/#\/schema\/logo\/image\/"},"sameAs":["https:\/\/www.facebook.com\/WebdelMaestroCMF\/","https:\/\/x.com\/cmf_w","https:\/\/www.pinterest.com\/WMCMF\/","https:\/\/www.linkedin.com\/company\/web-del-maestro-cmf\/","https:\/\/www.instagram.com\/wmcmf\/","https:\/\/www.youtube.com\/channel\/UCDPSvjbdodE5sHnC3OxutHw","https:\/\/mastodon.social\/@wmcmf","https:\/\/www.tiktok.com\/@webdelmaestrocmf"]},{"@type":"Person","@id":"https:\/\/webdelmaestrocmf.com\/portal\/#\/schema\/person\/1072a2ed7bd960df8ef99a551fa35dc5","name":"Web del Maestro CMF","image":{"@type":"ImageObject","inLanguage":"es","@id":"https:\/\/secure.gravatar.com\/avatar\/23291dd5b5ae1077dcff3dbb04c3e02bd28403fa75af6d8787d5e97c5bbbe30b?s=96&d=mm&r=g","url":"https:\/\/secure.gravatar.com\/avatar\/23291dd5b5ae1077dcff3dbb04c3e02bd28403fa75af6d8787d5e97c5bbbe30b?s=96&d=mm&r=g","contentUrl":"https:\/\/secure.gravatar.com\/avatar\/23291dd5b5ae1077dcff3dbb04c3e02bd28403fa75af6d8787d5e97c5bbbe30b?s=96&d=mm&r=g","caption":"Web del Maestro CMF"},"description":"Esta Web se cre\u00f3 sin fines de lucro, con fines educativos, cient\u00edficos y acad\u00e9micos, para personas que tengan dificultades y\/o inconvenientes en visualizar el material original. El objetivo es entregar recursos, compartir experiencias y materiales que ayuden a los padres de familia, maestros y estudiantes en su actualizaci\u00f3n y formaci\u00f3n permanente, en bien de la Educaci\u00f3n.","sameAs":["http:\/\/webdelmaestrocmf.com\/portal","https:\/\/www.facebook.com\/WebdelMaestroCMF\/","https:\/\/www.instagram.com\/wmcmf\/","https:\/\/cl.linkedin.com\/company\/web-del-maestro-cmf","https:\/\/www.pinterest.com\/WMCMF\/publicaciones\/","https:\/\/x.com\/cmf_w","https:\/\/www.youtube.com\/@WMCMF"]}]}},"jetpack_featured_media_url":"https:\/\/webdelmaestrocmf.com\/portal\/wp-content\/uploads\/2026\/04\/1AA-Banner-1-portada-imagen-10-1-copia-2-2.webp","jetpack_sharing_enabled":true,"jetpack-related-posts":[{"id":114754,"url":"https:\/\/webdelmaestrocmf.com\/portal\/vestimenta-docente-redes-sociales-y-limites-profesionales-reflexiones-a-partir-de-un-caso-polemico\/","url_meta":{"origin":117574,"position":0},"title":"Vestimenta docente, redes sociales y l\u00edmites profesionales: reflexiones a partir de un caso pol\u00e9mico","author":"Web del Maestro CMF","date":"14 enero, 2026","format":false,"excerpt":"El debate sobre la vestimenta docente reabre preguntas sobre profesionalismo, l\u00edmites del rol educativo, percepci\u00f3n social y responsabilidad frente al aula.","rel":"","context":"En \u00abNoticias Internacionales\u00bb","block_context":{"text":"Noticias Internacionales","link":"https:\/\/webdelmaestrocmf.com\/portal\/category\/noticias-internacionales\/"},"img":{"alt_text":"","src":"https:\/\/i0.wp.com\/webdelmaestrocmf.com\/portal\/wp-content\/uploads\/2026\/01\/1A-Banner-1-portada-imagen-10-1-copia-12.webp?resize=350%2C200&ssl=1","width":350,"height":200,"srcset":"https:\/\/i0.wp.com\/webdelmaestrocmf.com\/portal\/wp-content\/uploads\/2026\/01\/1A-Banner-1-portada-imagen-10-1-copia-12.webp?resize=350%2C200&ssl=1 1x, https:\/\/i0.wp.com\/webdelmaestrocmf.com\/portal\/wp-content\/uploads\/2026\/01\/1A-Banner-1-portada-imagen-10-1-copia-12.webp?resize=525%2C300&ssl=1 1.5x, https:\/\/i0.wp.com\/webdelmaestrocmf.com\/portal\/wp-content\/uploads\/2026\/01\/1A-Banner-1-portada-imagen-10-1-copia-12.webp?resize=700%2C400&ssl=1 2x"},"classes":[]},{"id":114010,"url":"https:\/\/webdelmaestrocmf.com\/portal\/maestra-desata-conmocion-en-tiktok-al-decir-hay-algunos-padres-que-quieren-que-el-colegio-lo-haga-todo\/","url_meta":{"origin":117574,"position":1},"title":"Maestra desata conmoci\u00f3n en TikTok al decir: \u201cHay algunos padres que quieren que el colegio lo haga todo\u00bb","author":"Web del Maestro CMF","date":"13 diciembre, 2025","format":false,"excerpt":"En casa no hay reglas, ni tiempo, ni disposici\u00f3n para criar.","rel":"","context":"En \u00abNoticias Internacionales\u00bb","block_context":{"text":"Noticias Internacionales","link":"https:\/\/webdelmaestrocmf.com\/portal\/category\/noticias-internacionales\/"},"img":{"alt_text":"","src":"https:\/\/i0.wp.com\/webdelmaestrocmf.com\/portal\/wp-content\/uploads\/2025\/12\/1A-Banner-1-portada-imagen-10-1-copia-1-9.webp?resize=350%2C200&ssl=1","width":350,"height":200,"srcset":"https:\/\/i0.wp.com\/webdelmaestrocmf.com\/portal\/wp-content\/uploads\/2025\/12\/1A-Banner-1-portada-imagen-10-1-copia-1-9.webp?resize=350%2C200&ssl=1 1x, https:\/\/i0.wp.com\/webdelmaestrocmf.com\/portal\/wp-content\/uploads\/2025\/12\/1A-Banner-1-portada-imagen-10-1-copia-1-9.webp?resize=525%2C300&ssl=1 1.5x, https:\/\/i0.wp.com\/webdelmaestrocmf.com\/portal\/wp-content\/uploads\/2025\/12\/1A-Banner-1-portada-imagen-10-1-copia-1-9.webp?resize=700%2C400&ssl=1 2x"},"classes":[]},{"id":120733,"url":"https:\/\/webdelmaestrocmf.com\/portal\/carta-de-una-maestra-jubilada-reabre-el-debate-sobre-el-papel-de-los-padres-en-la-educacion\/","url_meta":{"origin":117574,"position":2},"title":"Carta de una maestra jubilada reabre el debate sobre el papel de los padres en la educaci\u00f3n","author":"Web del Maestro CMF","date":"6 julio, 2026","format":false,"excerpt":"Una carta de una maestra jubilada reaviv\u00f3 el debate sobre la responsabilidad de los padres en la educaci\u00f3n, al sostener que la escuela no puede reemplazar la formaci\u00f3n recibida en casa.","rel":"","context":"En \u00abNoticias Internacionales\u00bb","block_context":{"text":"Noticias Internacionales","link":"https:\/\/webdelmaestrocmf.com\/portal\/category\/noticias-internacionales\/"},"img":{"alt_text":"","src":"https:\/\/i0.wp.com\/webdelmaestrocmf.com\/portal\/wp-content\/uploads\/2026\/07\/1AA-Banner-1-portada-imagen-10-1-copia-15.webp?resize=350%2C200&ssl=1","width":350,"height":200,"srcset":"https:\/\/i0.wp.com\/webdelmaestrocmf.com\/portal\/wp-content\/uploads\/2026\/07\/1AA-Banner-1-portada-imagen-10-1-copia-15.webp?resize=350%2C200&ssl=1 1x, https:\/\/i0.wp.com\/webdelmaestrocmf.com\/portal\/wp-content\/uploads\/2026\/07\/1AA-Banner-1-portada-imagen-10-1-copia-15.webp?resize=525%2C300&ssl=1 1.5x, https:\/\/i0.wp.com\/webdelmaestrocmf.com\/portal\/wp-content\/uploads\/2026\/07\/1AA-Banner-1-portada-imagen-10-1-copia-15.webp?resize=700%2C400&ssl=1 2x, https:\/\/i0.wp.com\/webdelmaestrocmf.com\/portal\/wp-content\/uploads\/2026\/07\/1AA-Banner-1-portada-imagen-10-1-copia-15.webp?resize=1050%2C600&ssl=1 3x"},"classes":[]},{"id":117866,"url":"https:\/\/webdelmaestrocmf.com\/portal\/padre-de-familia-escribe-una-polemica-carta-al-profesor-de-su-hijo-la-educacion-de-mi-hijo-es-su-trabajo\/","url_meta":{"origin":117574,"position":3},"title":"Padre de familia escribe una pol\u00e9mica carta al profesor de su hijo: \u201cLa educaci\u00f3n de mi hijo es su trabajo\u201d","author":"Web del Maestro CMF","date":"16 abril, 2026","format":false,"excerpt":"La educaci\u00f3n no es responsabilidad exclusiva del docente. Sin el compromiso de la familia, el aprendizaje se debilita. Educar exige corresponsabilidad, respeto mutuo y una alianza s\u00f3lida entre hogar y escuela.","rel":"","context":"En \u00abNoticias Internacionales\u00bb","block_context":{"text":"Noticias Internacionales","link":"https:\/\/webdelmaestrocmf.com\/portal\/category\/noticias-internacionales\/"},"img":{"alt_text":"","src":"https:\/\/i0.wp.com\/webdelmaestrocmf.com\/portal\/wp-content\/uploads\/2026\/04\/1AA-Banner-1-portada-imagen-10-1-copia-24.webp?resize=350%2C200&ssl=1","width":350,"height":200,"srcset":"https:\/\/i0.wp.com\/webdelmaestrocmf.com\/portal\/wp-content\/uploads\/2026\/04\/1AA-Banner-1-portada-imagen-10-1-copia-24.webp?resize=350%2C200&ssl=1 1x, https:\/\/i0.wp.com\/webdelmaestrocmf.com\/portal\/wp-content\/uploads\/2026\/04\/1AA-Banner-1-portada-imagen-10-1-copia-24.webp?resize=525%2C300&ssl=1 1.5x, https:\/\/i0.wp.com\/webdelmaestrocmf.com\/portal\/wp-content\/uploads\/2026\/04\/1AA-Banner-1-portada-imagen-10-1-copia-24.webp?resize=700%2C400&ssl=1 2x, https:\/\/i0.wp.com\/webdelmaestrocmf.com\/portal\/wp-content\/uploads\/2026\/04\/1AA-Banner-1-portada-imagen-10-1-copia-24.webp?resize=1050%2C600&ssl=1 3x"},"classes":[]},{"id":117060,"url":"https:\/\/webdelmaestrocmf.com\/portal\/meta-y-youtube-pierden-el-juicio-sobre-la-adiccion-de-los-menores-a-redes-sociales-y-son-declaradas-negligentes\/","url_meta":{"origin":117574,"position":4},"title":"Meta y YouTube pierden el juicio sobre la adicci\u00f3n de los menores a redes sociales y son declaradas \u201cnegligentes\u201d","author":"Web del Maestro CMF","date":"29 marzo, 2026","format":false,"excerpt":"Las redes sociales no son neutras: su dise\u00f1o genera dependencia, afecta la salud mental y debilita el aprendizaje. Urge responsabilidad de plataformas, familias y escuelas para proteger a los estudiantes.","rel":"","context":"En \u00abNoticias Internacionales\u00bb","block_context":{"text":"Noticias Internacionales","link":"https:\/\/webdelmaestrocmf.com\/portal\/category\/noticias-internacionales\/"},"img":{"alt_text":"","src":"https:\/\/i0.wp.com\/webdelmaestrocmf.com\/portal\/wp-content\/uploads\/2026\/03\/1AA-Banner-1-portada-imagen-10-1-copia-15-1.webp?resize=350%2C200&ssl=1","width":350,"height":200,"srcset":"https:\/\/i0.wp.com\/webdelmaestrocmf.com\/portal\/wp-content\/uploads\/2026\/03\/1AA-Banner-1-portada-imagen-10-1-copia-15-1.webp?resize=350%2C200&ssl=1 1x, https:\/\/i0.wp.com\/webdelmaestrocmf.com\/portal\/wp-content\/uploads\/2026\/03\/1AA-Banner-1-portada-imagen-10-1-copia-15-1.webp?resize=525%2C300&ssl=1 1.5x, https:\/\/i0.wp.com\/webdelmaestrocmf.com\/portal\/wp-content\/uploads\/2026\/03\/1AA-Banner-1-portada-imagen-10-1-copia-15-1.webp?resize=700%2C400&ssl=1 2x, https:\/\/i0.wp.com\/webdelmaestrocmf.com\/portal\/wp-content\/uploads\/2026\/03\/1AA-Banner-1-portada-imagen-10-1-copia-15-1.webp?resize=1050%2C600&ssl=1 3x"},"classes":[]},{"id":114162,"url":"https:\/\/webdelmaestrocmf.com\/portal\/madre-de-familia-le-pide-a-la-maestra-que-deje-de-enviarle-mucha-tarea-a-su-hija-asi-no-va-a-aprender-se-va-a-fastidiar\/","url_meta":{"origin":117574,"position":5},"title":"Madre de familia le pide a la maestra que deje de enviarle mucha tarea a su hija: \u201cAs\u00ed no va a aprender, se va a fastidiar\u201d","author":"Web del Maestro CMF","date":"17 diciembre, 2025","format":false,"excerpt":"Cuando la familia cuestiona la tarea sin contexto, se debilita la autoridad docente y se perjudica la responsabilidad y autonom\u00eda del alumno.","rel":"","context":"En \u00abNoticias Internacionales\u00bb","block_context":{"text":"Noticias Internacionales","link":"https:\/\/webdelmaestrocmf.com\/portal\/category\/noticias-internacionales\/"},"img":{"alt_text":"","src":"https:\/\/i0.wp.com\/webdelmaestrocmf.com\/portal\/wp-content\/uploads\/2025\/12\/1A-Banner-1-portada-imagen-10-1-copia-8-1.webp?resize=350%2C200&ssl=1","width":350,"height":200,"srcset":"https:\/\/i0.wp.com\/webdelmaestrocmf.com\/portal\/wp-content\/uploads\/2025\/12\/1A-Banner-1-portada-imagen-10-1-copia-8-1.webp?resize=350%2C200&ssl=1 1x, https:\/\/i0.wp.com\/webdelmaestrocmf.com\/portal\/wp-content\/uploads\/2025\/12\/1A-Banner-1-portada-imagen-10-1-copia-8-1.webp?resize=525%2C300&ssl=1 1.5x, https:\/\/i0.wp.com\/webdelmaestrocmf.com\/portal\/wp-content\/uploads\/2025\/12\/1A-Banner-1-portada-imagen-10-1-copia-8-1.webp?resize=700%2C400&ssl=1 2x"},"classes":[]}],"_links":{"self":[{"href":"https:\/\/webdelmaestrocmf.com\/portal\/wp-json\/wp\/v2\/posts\/117574","targetHints":{"allow":["GET"]}}],"collection":[{"href":"https:\/\/webdelmaestrocmf.com\/portal\/wp-json\/wp\/v2\/posts"}],"about":[{"href":"https:\/\/webdelmaestrocmf.com\/portal\/wp-json\/wp\/v2\/types\/post"}],"author":[{"embeddable":true,"href":"https:\/\/webdelmaestrocmf.com\/portal\/wp-json\/wp\/v2\/users\/1"}],"replies":[{"embeddable":true,"href":"https:\/\/webdelmaestrocmf.com\/portal\/wp-json\/wp\/v2\/comments?post=117574"}],"version-history":[{"count":2,"href":"https:\/\/webdelmaestrocmf.com\/portal\/wp-json\/wp\/v2\/posts\/117574\/revisions"}],"predecessor-version":[{"id":117579,"href":"https:\/\/webdelmaestrocmf.com\/portal\/wp-json\/wp\/v2\/posts\/117574\/revisions\/117579"}],"wp:featuredmedia":[{"embeddable":true,"href":"https:\/\/webdelmaestrocmf.com\/portal\/wp-json\/wp\/v2\/media\/117577"}],"wp:attachment":[{"href":"https:\/\/webdelmaestrocmf.com\/portal\/wp-json\/wp\/v2\/media?parent=117574"}],"wp:term":[{"taxonomy":"category","embeddable":true,"href":"https:\/\/webdelmaestrocmf.com\/portal\/wp-json\/wp\/v2\/categories?post=117574"},{"taxonomy":"post_tag","embeddable":true,"href":"https:\/\/webdelmaestrocmf.com\/portal\/wp-json\/wp\/v2\/tags?post=117574"}],"curies":[{"name":"wp","href":"https:\/\/api.w.org\/{rel}","templated":true}]}}