{"id":117473,"date":"2026-04-08T20:49:18","date_gmt":"2026-04-09T00:49:18","guid":{"rendered":"https:\/\/webdelmaestrocmf.com\/portal\/?p=117473"},"modified":"2026-04-08T21:22:05","modified_gmt":"2026-04-09T01:22:05","slug":"china-replantea-su-modelo-educativo-menos-presion-mas-bienestar","status":"publish","type":"post","link":"https:\/\/webdelmaestrocmf.com\/portal\/china-replantea-su-modelo-educativo-menos-presion-mas-bienestar\/","title":{"rendered":"China replantea su modelo educativo: menos presi\u00f3n, m\u00e1s bienestar"},"content":{"rendered":"\n<p>Durante d\u00e9cadas, el sistema educativo en China ha sido sin\u00f3nimo de <strong>alta exigencia, competitividad extrema y obsesi\u00f3n por el rendimiento acad\u00e9mico<\/strong>. Este modelo, profundamente arraigado en la cultura y reforzado por din\u00e1micas sociales y familiares, ha convertido la educaci\u00f3n en una carrera intensa desde edades muy tempranas. Sin embargo, las consecuencias de esta l\u00f3gica han comenzado a generar preocupaci\u00f3n, obligando a las autoridades a impulsar cambios significativos.<\/p>\n\n\n\n<p>En este contexto, se ha evidenciado que <strong>ni\u00f1os cada vez m\u00e1s peque\u00f1os presentan s\u00edntomas de ansiedad, insomnio y agotamiento mental<\/strong>, producto de una presi\u00f3n constante por alcanzar altos resultados. La competencia no se limita al acceso a la universidad, sino que se inicia incluso antes, con evaluaciones que determinan trayectorias educativas desde etapas tempranas. Esta realidad ha puesto en evidencia un desequilibrio entre el rendimiento acad\u00e9mico y el bienestar emocional de los estudiantes.<\/p>\n\n\n\n<figure class=\"wp-block-embed is-type-video is-provider-youtube wp-block-embed-youtube wp-embed-aspect-16-9 wp-has-aspect-ratio\"><div class=\"wp-block-embed__wrapper\">\n<iframe loading=\"lazy\" title=\"China anuncia cambios en sistema educativo para proteger a estudiantes contra ansiedad y suicidio\" width=\"1200\" height=\"675\" src=\"https:\/\/www.youtube.com\/embed\/C5IneozwZfw?feature=oembed\" frameborder=\"0\" allow=\"accelerometer; autoplay; clipboard-write; encrypted-media; gyroscope; picture-in-picture; web-share\" referrerpolicy=\"strict-origin-when-cross-origin\" allowfullscreen><\/iframe>\n<\/div><\/figure>\n\n\n\n<h2 class=\"wp-block-heading\"><strong>Un sistema exigente con efectos visibles en la salud mental<\/strong><\/h2>\n\n\n\n<p>La intensidad del sistema educativo ha generado un escenario donde el aprendizaje pierde su sentido formativo. <strong>Los estudiantes no solo estudian para aprender, sino para sobrevivir dentro de un sistema altamente selectivo<\/strong>, donde cualquier error puede percibirse como una amenaza al futuro. Esta presi\u00f3n sostenida ha impactado directamente en la salud mental, afectando la capacidad de concentraci\u00f3n, descanso y socializaci\u00f3n.<\/p>\n\n\n\n<p>Adem\u00e1s, las familias, impulsadas por el deseo de asegurar el \u00e9xito de sus hijos, refuerzan esta din\u00e1mica mediante actividades extracurriculares y exigencias adicionales. Como resultado, <strong>los estudiantes viven en un entorno donde el tiempo libre, el juego y el descanso son desplazados por la productividad constante<\/strong>, debilitando aspectos esenciales del desarrollo infantil.<\/p>\n\n\n\n<figure class=\"wp-block-embed is-type-video is-provider-youtube wp-block-embed-youtube wp-embed-aspect-16-9 wp-has-aspect-ratio\"><div class=\"wp-block-embed__wrapper\">\n<iframe loading=\"lazy\" title=\"El sistema educativo chino baja la exigencia ante el aumento de la ansiedad infantil\" width=\"1200\" height=\"675\" src=\"https:\/\/www.youtube.com\/embed\/iVZtZOZ0jNw?feature=oembed\" frameborder=\"0\" allow=\"accelerometer; autoplay; clipboard-write; encrypted-media; gyroscope; picture-in-picture; web-share\" referrerpolicy=\"strict-origin-when-cross-origin\" allowfullscreen><\/iframe>\n<\/div><\/figure>\n\n\n\n<h2 class=\"wp-block-heading\"><strong>Las nuevas medidas: reducir la carga y devolver el equilibrio<\/strong><\/h2>\n\n\n\n<p>Ante este panorama, el gobierno chino ha comenzado a implementar reformas orientadas a disminuir la presi\u00f3n acad\u00e9mica. Entre ellas destacan la <strong>reducci\u00f3n de tareas excesivas, la limitaci\u00f3n de ex\u00e1menes y la protecci\u00f3n del tiempo de recreo<\/strong>, reconociendo que el descanso tambi\u00e9n es parte del aprendizaje. Incluso se ha promovido la incorporaci\u00f3n de actividades f\u00edsicas y salidas al aire libre durante la jornada escolar.<\/p>\n\n\n\n<p>Asimismo, se han establecido medidas para <strong>evitar que los docentes sean evaluados \u00fanicamente por los resultados acad\u00e9micos de sus estudiantes<\/strong>, una pr\u00e1ctica que incrementaba la presi\u00f3n dentro del aula. Tambi\u00e9n se ha restringido el adelanto de contenidos en niveles iniciales, buscando respetar los procesos naturales de desarrollo infantil.<\/p>\n\n\n\n<h2 class=\"wp-block-heading\"><strong>El verdadero desaf\u00edo: cambiar la mentalidad social<\/strong><\/h2>\n\n\n\n<p>A pesar de estas reformas, el problema de fondo sigue siendo cultural. En China, la educaci\u00f3n ha sido hist\u00f3ricamente el principal medio de movilidad social, lo que ha consolidado una mentalidad donde <strong>el \u00e9xito se mide casi exclusivamente por el rendimiento acad\u00e9mico<\/strong>. Mientras esta creencia persista, la presi\u00f3n tender\u00e1 a mantenerse, incluso si el sistema escolar intenta reducirla.<\/p>\n\n\n\n<p>Las familias contin\u00faan desempe\u00f1ando un rol clave en esta din\u00e1mica. Sus expectativas, muchas veces elevadas, pueden reforzar la exigencia m\u00e1s all\u00e1 de las medidas institucionales. Por ello, <strong>el cambio educativo no puede limitarse a la escuela, sino que debe involucrar una transformaci\u00f3n en la forma en que la sociedad entiende el \u00e9xito y el aprendizaje<\/strong>.<\/p>\n\n\n\n<h2 class=\"wp-block-heading\"><strong>Lecciones para los docentes: educar con equilibrio<\/strong><\/h2>\n\n\n\n<p>El caso chino ofrece una reflexi\u00f3n relevante para los docentes en cualquier contexto. La ense\u00f1anza no puede centrarse \u00fanicamente en los resultados, sino en las condiciones que hacen posible el aprendizaje. <strong>Un estudiante emocionalmente saturado dif\u00edcilmente podr\u00e1 aprender de manera significativa<\/strong>, por m\u00e1s contenidos que se le presenten.<\/p>\n\n\n\n<p>Por ello, es fundamental que los docentes promuevan entornos donde la exigencia est\u00e9 equilibrada con el bienestar. Esto implica valorar el descanso, el juego, la participaci\u00f3n activa y el desarrollo emocional como elementos centrales del proceso educativo. <strong>Educar no es presionar hasta el l\u00edmite, sino acompa\u00f1ar el desarrollo integral del estudiante<\/strong>.<\/p>\n\n\n\n<p>En definitiva, el giro que est\u00e1 intentando dar China pone sobre la mesa una pregunta clave para todos los sistemas educativos: \u00bfhasta qu\u00e9 punto vale la pena el \u00e9xito acad\u00e9mico si se obtiene a costa del bienestar de los estudiantes? La respuesta invita a repensar profundamente el sentido de educar.<\/p>\n\n\n\n<p class=\"has-text-align-right\"><strong>Redacci\u00f3n | Web del Maestro CMF<\/strong><\/p>\n\n\n\t\t<div class=\"pk-inline-posts\">\n\t\t\t\t\t\t\t<h5 class=\"pk-inline-posts-title pk-title pk-font-block\">\n\t\t\t\t\t\u00daltimas entradas\t\t\t\t<\/h5>\n\t\t\t\n\t\t\t<div class=\"pk-inline-posts-container pk-inline-posts-template-list\"\n\t\t\t\tdata-columns=\"1\">\n\t\t\t\t\t\t<article id=\"post-118473\" class=\"post-118473 post type-post status-publish format-standard has-post-thumbnail category-noticias-internacionales tag-convivencia tag-docentes tag-educacion-3 tag-gestion-escolar-2 tag-protocolos tag-salud-mental tag-seguridad-escolar tag-simulacros tag-violencia-escolar cs-entry cs-video-wrap\">\n\t\t\t<div class=\"pk-post-outer\">\n\n\t\t\t\t\t\t\t\t<div class=\"pk-post-inner\">\n\t\t\t\t\t<div class=\"entry-thumbnail\">\n\t\t\t\t\t\t<div class=\"pk-overlay pk-overlay-ratio pk-ratio-landscape\">\n\t\t\t\t\t\t\t<div class=\"pk-overlay-background\">\n\t\t\t\t\t\t\t\t<a href=\"https:\/\/webdelmaestrocmf.com\/portal\/se-confirma-que-habra-simulacros-de-tiroteos-en-las-escuelas\/\" class=\"pk-overlay-link\">\n\t\t\t\t\t\t\t\t\t<img loading=\"lazy\" decoding=\"async\" width=\"300\" height=\"225\" src=\"https:\/\/webdelmaestrocmf.com\/portal\/wp-content\/uploads\/2026\/04\/1AA-Banner-1-portada-imagen-10-1-copia-1-11-300x225.webp\" class=\"attachment-pk-thumbnail size-pk-thumbnail wp-post-image\" alt=\"\" \/>\t\t\t\t\t\t\t\t<\/a>\n\t\t\t\t\t\t\t<\/div>\n\t\t\t\t\t\t<\/div>\n\t\t\t\t\t<\/div>\n\t\t\t\t<\/div>\n\t\t\t\t\n\t\t\t\t<div class=\"pk-post-inner\">\n\t\t\t\t\t<header>\n\t\t\t\t\t\t<h3 class=\"pk-title\"><a href=\"https:\/\/webdelmaestrocmf.com\/portal\/se-confirma-que-habra-simulacros-de-tiroteos-en-las-escuelas\/\" rel=\"bookmark\">Se confirma que habr\u00e1 simulacros de tiroteos en las escuelas<\/a><\/h3>\t\t\t\t\t<\/header><!-- .entry-header -->\n\t\t\t\t<\/div><!-- .post-inner -->\n\n\t\t\t<\/div><!-- .post-outer -->\n\t\t<\/article>\n\t\t\t<article id=\"post-118464\" class=\"post-118464 post type-post status-publish format-standard has-post-thumbnail category-noticias-internacionales tag-aula tag-convivencia-escolar tag-disciplina tag-docentes tag-educacion-3 tag-estudiantes tag-gestion-educativa-3 tag-normativa tag-pedagogia-3 tag-violencia-escolar cs-entry cs-video-wrap\">\n\t\t\t<div class=\"pk-post-outer\">\n\n\t\t\t\t\t\t\t\t<div class=\"pk-post-inner\">\n\t\t\t\t\t<div class=\"entry-thumbnail\">\n\t\t\t\t\t\t<div class=\"pk-overlay pk-overlay-ratio pk-ratio-landscape\">\n\t\t\t\t\t\t\t<div class=\"pk-overlay-background\">\n\t\t\t\t\t\t\t\t<a href=\"https:\/\/webdelmaestrocmf.com\/portal\/peru-pone-limites-estudiantes-violentos-podrian-salir-del-aula-presencial-y-pasar-a-otra-modalidad-educativa\/\" class=\"pk-overlay-link\">\n\t\t\t\t\t\t\t\t\t<img loading=\"lazy\" decoding=\"async\" width=\"300\" height=\"225\" src=\"https:\/\/webdelmaestrocmf.com\/portal\/wp-content\/uploads\/2026\/04\/1AA-Banner-1-portada-imagen-10-1-copia-38-300x225.webp\" class=\"attachment-pk-thumbnail size-pk-thumbnail wp-post-image\" alt=\"\" \/>\t\t\t\t\t\t\t\t<\/a>\n\t\t\t\t\t\t\t<\/div>\n\t\t\t\t\t\t<\/div>\n\t\t\t\t\t<\/div>\n\t\t\t\t<\/div>\n\t\t\t\t\n\t\t\t\t<div class=\"pk-post-inner\">\n\t\t\t\t\t<header>\n\t\t\t\t\t\t<h3 class=\"pk-title\"><a href=\"https:\/\/webdelmaestrocmf.com\/portal\/peru-pone-limites-estudiantes-violentos-podrian-salir-del-aula-presencial-y-pasar-a-otra-modalidad-educativa\/\" rel=\"bookmark\">Per\u00fa pone l\u00edmites: estudiantes violentos podr\u00edan salir del aula presencial y pasar a otra modalidad educativa<\/a><\/h3>\t\t\t\t\t<\/header><!-- .entry-header -->\n\t\t\t\t<\/div><!-- .post-inner -->\n\n\t\t\t<\/div><!-- .post-outer -->\n\t\t<\/article>\n\t\t\t<article id=\"post-118433\" class=\"post-118433 post type-post status-publish format-standard has-post-thumbnail category-noticias-internacionales tag-aprendizaje tag-atencion-en-el-aula-2 tag-docentes tag-educacion-3 tag-estrategias-didacticas-2 tag-innovacion-educativa-3 tag-motivacion-escolar-2 tag-neuroeducacion-2 tag-pedagogia-3 tag-tecnologia-educativa-3 cs-entry cs-video-wrap\">\n\t\t\t<div class=\"pk-post-outer\">\n\n\t\t\t\t\t\t\t\t<div class=\"pk-post-inner\">\n\t\t\t\t\t<div class=\"entry-thumbnail\">\n\t\t\t\t\t\t<div class=\"pk-overlay pk-overlay-ratio pk-ratio-landscape\">\n\t\t\t\t\t\t\t<div class=\"pk-overlay-background\">\n\t\t\t\t\t\t\t\t<a href=\"https:\/\/webdelmaestrocmf.com\/portal\/9-de-cada-10-maestros-confirman-que-los-alumnos-ya-no-prestan-atencion-en-clase\/\" class=\"pk-overlay-link\">\n\t\t\t\t\t\t\t\t\t<img loading=\"lazy\" decoding=\"async\" width=\"300\" height=\"225\" src=\"https:\/\/webdelmaestrocmf.com\/portal\/wp-content\/uploads\/2026\/04\/1AA-Banner-1-portada-imagen-10-1-copia-1-10-300x225.webp\" class=\"attachment-pk-thumbnail size-pk-thumbnail wp-post-image\" alt=\"\" \/>\t\t\t\t\t\t\t\t<\/a>\n\t\t\t\t\t\t\t<\/div>\n\t\t\t\t\t\t<\/div>\n\t\t\t\t\t<\/div>\n\t\t\t\t<\/div>\n\t\t\t\t\n\t\t\t\t<div class=\"pk-post-inner\">\n\t\t\t\t\t<header>\n\t\t\t\t\t\t<h3 class=\"pk-title\"><a href=\"https:\/\/webdelmaestrocmf.com\/portal\/9-de-cada-10-maestros-confirman-que-los-alumnos-ya-no-prestan-atencion-en-clase\/\" rel=\"bookmark\">9 de cada 10 maestros confirman que los alumnos ya no prestan atenci\u00f3n en clase<\/a><\/h3>\t\t\t\t\t<\/header><!-- .entry-header -->\n\t\t\t\t<\/div><!-- .post-inner -->\n\n\t\t\t<\/div><!-- .post-outer -->\n\t\t<\/article>\n\t\t\t\t<\/div>\n\t\t<\/div>\n\t\t\n","protected":false},"excerpt":{"rendered":"La presi\u00f3n acad\u00e9mica excesiva afecta el bienestar estudiantil. Reducir tareas, limitar evaluaciones y priorizar el equilibrio emocional es clave para una educaci\u00f3n que forme personas, no solo estudiantes competitivos y eficientes.","protected":false},"author":1,"featured_media":117478,"comment_status":"open","ping_status":"closed","sticky":false,"template":"","format":"standard","meta":{"csco_display_header_overlay":false,"csco_singular_sidebar":"","csco_page_header_type":"","csco_page_load_nextpost":"","csco_post_video_location":[],"csco_post_video_location_hash":"","csco_post_video_url":"","csco_post_video_bg_start_time":0,"csco_post_video_bg_end_time":0,"csco_post_video_bg_volume":false,"_jetpack_memberships_contains_paid_content":false,"footnotes":""},"categories":[23790],"tags":[77,17278,58,24919,25612,25613,25544,673,25028,316],"class_list":{"0":"post-117473","1":"post","2":"type-post","3":"status-publish","4":"format-standard","5":"has-post-thumbnail","7":"category-noticias-internacionales","8":"tag-aprendizaje","9":"tag-bienestar-estudiantil","10":"tag-docentes","11":"tag-educacion-3","12":"tag-estres-academico","13":"tag-evaluacion-3","14":"tag-formacion-integral-2","15":"tag-infancia","16":"tag-pedagogia-3","17":"tag-salud-mental","18":"cs-entry","19":"cs-video-wrap"},"yoast_head":"<!-- This site is optimized with the Yoast SEO plugin v27.5 - https:\/\/yoast.com\/product\/yoast-seo-wordpress\/ -->\n<title>China replantea su modelo educativo: menos presi\u00f3n, m\u00e1s bienestar - 2026<\/title>\n<meta name=\"description\" content=\"Durante d\u00e9cadas, el sistema educativo en China ha sido sin\u00f3nimo de alta exigencia, competitividad extrema y obsesi\u00f3n por el rendimiento...\" \/>\n<meta name=\"robots\" content=\"index, follow, max-snippet:-1, max-image-preview:large, max-video-preview:-1\" \/>\n<link rel=\"canonical\" href=\"https:\/\/webdelmaestrocmf.com\/portal\/china-replantea-su-modelo-educativo-menos-presion-mas-bienestar\/\" \/>\n<meta property=\"og:locale\" content=\"es_ES\" \/>\n<meta property=\"og:type\" content=\"article\" \/>\n<meta property=\"og:title\" content=\"China replantea su modelo educativo: menos presi\u00f3n, m\u00e1s bienestar - 2026\" \/>\n<meta property=\"og:description\" content=\"Durante d\u00e9cadas, el sistema educativo en China ha sido sin\u00f3nimo de alta exigencia, competitividad extrema y obsesi\u00f3n por el rendimiento...\" \/>\n<meta property=\"og:url\" content=\"https:\/\/webdelmaestrocmf.com\/portal\/china-replantea-su-modelo-educativo-menos-presion-mas-bienestar\/\" \/>\n<meta property=\"og:site_name\" content=\"Web del Maestro CMF\" \/>\n<meta property=\"article:publisher\" content=\"https:\/\/www.facebook.com\/WebdelMaestroCMF\/\" \/>\n<meta property=\"article:author\" content=\"https:\/\/www.facebook.com\/WebdelMaestroCMF\/\" \/>\n<meta property=\"article:published_time\" content=\"2026-04-09T00:49:18+00:00\" \/>\n<meta property=\"article:modified_time\" content=\"2026-04-09T01:22:05+00:00\" \/>\n<meta property=\"og:image\" content=\"https:\/\/webdelmaestrocmf.com\/portal\/wp-content\/uploads\/2026\/04\/1-4.webp\" \/>\n\t<meta property=\"og:image:width\" content=\"1200\" \/>\n\t<meta property=\"og:image:height\" content=\"675\" \/>\n\t<meta property=\"og:image:type\" content=\"image\/webp\" \/>\n<meta name=\"author\" content=\"Web del Maestro CMF\" \/>\n<meta name=\"twitter:card\" content=\"summary_large_image\" \/>\n<meta name=\"twitter:creator\" content=\"@cmf_w\" \/>\n<meta name=\"twitter:site\" content=\"@cmf_w\" \/>\n<script type=\"application\/ld+json\" class=\"yoast-schema-graph\">{\"@context\":\"https:\\\/\\\/schema.org\",\"@graph\":[{\"@type\":\"ScholarlyArticle\",\"@id\":\"https:\\\/\\\/webdelmaestrocmf.com\\\/portal\\\/china-replantea-su-modelo-educativo-menos-presion-mas-bienestar\\\/#article\",\"isPartOf\":{\"@id\":\"https:\\\/\\\/webdelmaestrocmf.com\\\/portal\\\/china-replantea-su-modelo-educativo-menos-presion-mas-bienestar\\\/\"},\"author\":{\"name\":\"Web del Maestro CMF\",\"@id\":\"https:\\\/\\\/webdelmaestrocmf.com\\\/portal\\\/#\\\/schema\\\/person\\\/1072a2ed7bd960df8ef99a551fa35dc5\"},\"headline\":\"China replantea su modelo educativo: menos presi\u00f3n, m\u00e1s bienestar\",\"datePublished\":\"2026-04-09T00:49:18+00:00\",\"dateModified\":\"2026-04-09T01:22:05+00:00\",\"mainEntityOfPage\":{\"@id\":\"https:\\\/\\\/webdelmaestrocmf.com\\\/portal\\\/china-replantea-su-modelo-educativo-menos-presion-mas-bienestar\\\/\"},\"wordCount\":762,\"commentCount\":0,\"publisher\":{\"@id\":\"https:\\\/\\\/webdelmaestrocmf.com\\\/portal\\\/#organization\"},\"image\":{\"@id\":\"https:\\\/\\\/webdelmaestrocmf.com\\\/portal\\\/china-replantea-su-modelo-educativo-menos-presion-mas-bienestar\\\/#primaryimage\"},\"thumbnailUrl\":\"https:\\\/\\\/webdelmaestrocmf.com\\\/portal\\\/wp-content\\\/uploads\\\/2026\\\/04\\\/1-4.webp\",\"keywords\":[\"aprendizaje\",\"bienestar estudiantil\",\"DOCENTES\",\"educacion\",\"estres academico\",\"evaluacion\",\"formacion integral\",\"infancia\",\"pedagogia\",\"SALUD MENTAL\"],\"articleSection\":[\"Noticias Internacionales\"],\"inLanguage\":\"es\",\"potentialAction\":[{\"@type\":\"CommentAction\",\"name\":\"Comment\",\"target\":[\"https:\\\/\\\/webdelmaestrocmf.com\\\/portal\\\/china-replantea-su-modelo-educativo-menos-presion-mas-bienestar\\\/#respond\"]}]},{\"@type\":\"WebPage\",\"@id\":\"https:\\\/\\\/webdelmaestrocmf.com\\\/portal\\\/china-replantea-su-modelo-educativo-menos-presion-mas-bienestar\\\/\",\"url\":\"https:\\\/\\\/webdelmaestrocmf.com\\\/portal\\\/china-replantea-su-modelo-educativo-menos-presion-mas-bienestar\\\/\",\"name\":\"China replantea su modelo educativo: menos presi\u00f3n, m\u00e1s bienestar - 2026\",\"isPartOf\":{\"@id\":\"https:\\\/\\\/webdelmaestrocmf.com\\\/portal\\\/#website\"},\"primaryImageOfPage\":{\"@id\":\"https:\\\/\\\/webdelmaestrocmf.com\\\/portal\\\/china-replantea-su-modelo-educativo-menos-presion-mas-bienestar\\\/#primaryimage\"},\"image\":{\"@id\":\"https:\\\/\\\/webdelmaestrocmf.com\\\/portal\\\/china-replantea-su-modelo-educativo-menos-presion-mas-bienestar\\\/#primaryimage\"},\"thumbnailUrl\":\"https:\\\/\\\/webdelmaestrocmf.com\\\/portal\\\/wp-content\\\/uploads\\\/2026\\\/04\\\/1-4.webp\",\"datePublished\":\"2026-04-09T00:49:18+00:00\",\"dateModified\":\"2026-04-09T01:22:05+00:00\",\"description\":\"Durante d\u00e9cadas, el sistema educativo en China ha sido sin\u00f3nimo de alta exigencia, competitividad extrema y obsesi\u00f3n por el rendimiento...\",\"breadcrumb\":{\"@id\":\"https:\\\/\\\/webdelmaestrocmf.com\\\/portal\\\/china-replantea-su-modelo-educativo-menos-presion-mas-bienestar\\\/#breadcrumb\"},\"inLanguage\":\"es\",\"potentialAction\":[{\"@type\":\"ReadAction\",\"target\":[\"https:\\\/\\\/webdelmaestrocmf.com\\\/portal\\\/china-replantea-su-modelo-educativo-menos-presion-mas-bienestar\\\/\"]}]},{\"@type\":\"ImageObject\",\"inLanguage\":\"es\",\"@id\":\"https:\\\/\\\/webdelmaestrocmf.com\\\/portal\\\/china-replantea-su-modelo-educativo-menos-presion-mas-bienestar\\\/#primaryimage\",\"url\":\"https:\\\/\\\/webdelmaestrocmf.com\\\/portal\\\/wp-content\\\/uploads\\\/2026\\\/04\\\/1-4.webp\",\"contentUrl\":\"https:\\\/\\\/webdelmaestrocmf.com\\\/portal\\\/wp-content\\\/uploads\\\/2026\\\/04\\\/1-4.webp\",\"width\":1200,\"height\":675},{\"@type\":\"BreadcrumbList\",\"@id\":\"https:\\\/\\\/webdelmaestrocmf.com\\\/portal\\\/china-replantea-su-modelo-educativo-menos-presion-mas-bienestar\\\/#breadcrumb\",\"itemListElement\":[{\"@type\":\"ListItem\",\"position\":1,\"name\":\"Portada\",\"item\":\"https:\\\/\\\/webdelmaestrocmf.com\\\/portal\\\/\"},{\"@type\":\"ListItem\",\"position\":2,\"name\":\"Noticias Internacionales\",\"item\":\"https:\\\/\\\/webdelmaestrocmf.com\\\/portal\\\/category\\\/noticias-internacionales\\\/\"},{\"@type\":\"ListItem\",\"position\":3,\"name\":\"China replantea su modelo educativo: menos presi\u00f3n, m\u00e1s bienestar\"}]},{\"@type\":\"WebSite\",\"@id\":\"https:\\\/\\\/webdelmaestrocmf.com\\\/portal\\\/#website\",\"url\":\"https:\\\/\\\/webdelmaestrocmf.com\\\/portal\\\/\",\"name\":\"Web del Maestro CMF\",\"description\":\"Maestros al servicio de la educaci\u00f3n\",\"publisher\":{\"@id\":\"https:\\\/\\\/webdelmaestrocmf.com\\\/portal\\\/#organization\"},\"alternateName\":\"WMCMF\",\"potentialAction\":[{\"@type\":\"SearchAction\",\"target\":{\"@type\":\"EntryPoint\",\"urlTemplate\":\"https:\\\/\\\/webdelmaestrocmf.com\\\/portal\\\/?s={search_term_string}\"},\"query-input\":{\"@type\":\"PropertyValueSpecification\",\"valueRequired\":true,\"valueName\":\"search_term_string\"}}],\"inLanguage\":\"es\"},{\"@type\":\"Organization\",\"@id\":\"https:\\\/\\\/webdelmaestrocmf.com\\\/portal\\\/#organization\",\"name\":\"Web del Maestro CMF\",\"alternateName\":\"WMCMF\",\"url\":\"https:\\\/\\\/webdelmaestrocmf.com\\\/portal\\\/\",\"logo\":{\"@type\":\"ImageObject\",\"inLanguage\":\"es\",\"@id\":\"https:\\\/\\\/webdelmaestrocmf.com\\\/portal\\\/#\\\/schema\\\/logo\\\/image\\\/\",\"url\":\"https:\\\/\\\/webdelmaestrocmf.com\\\/portal\\\/wp-content\\\/uploads\\\/2023\\\/01\\\/logo-wmcmf-2.png\",\"contentUrl\":\"https:\\\/\\\/webdelmaestrocmf.com\\\/portal\\\/wp-content\\\/uploads\\\/2023\\\/01\\\/logo-wmcmf-2.png\",\"width\":200,\"height\":60,\"caption\":\"Web del Maestro CMF\"},\"image\":{\"@id\":\"https:\\\/\\\/webdelmaestrocmf.com\\\/portal\\\/#\\\/schema\\\/logo\\\/image\\\/\"},\"sameAs\":[\"https:\\\/\\\/www.facebook.com\\\/WebdelMaestroCMF\\\/\",\"https:\\\/\\\/x.com\\\/cmf_w\",\"https:\\\/\\\/www.pinterest.com\\\/WMCMF\\\/\",\"https:\\\/\\\/www.linkedin.com\\\/company\\\/web-del-maestro-cmf\\\/\",\"https:\\\/\\\/www.instagram.com\\\/wmcmf\\\/\",\"https:\\\/\\\/www.youtube.com\\\/channel\\\/UCDPSvjbdodE5sHnC3OxutHw\",\"https:\\\/\\\/mastodon.social\\\/@wmcmf\",\"https:\\\/\\\/www.tiktok.com\\\/@webdelmaestrocmf\"]},{\"@type\":\"Person\",\"@id\":\"https:\\\/\\\/webdelmaestrocmf.com\\\/portal\\\/#\\\/schema\\\/person\\\/1072a2ed7bd960df8ef99a551fa35dc5\",\"name\":\"Web del Maestro CMF\",\"image\":{\"@type\":\"ImageObject\",\"inLanguage\":\"es\",\"@id\":\"https:\\\/\\\/secure.gravatar.com\\\/avatar\\\/23291dd5b5ae1077dcff3dbb04c3e02bd28403fa75af6d8787d5e97c5bbbe30b?s=96&d=mm&r=g\",\"url\":\"https:\\\/\\\/secure.gravatar.com\\\/avatar\\\/23291dd5b5ae1077dcff3dbb04c3e02bd28403fa75af6d8787d5e97c5bbbe30b?s=96&d=mm&r=g\",\"contentUrl\":\"https:\\\/\\\/secure.gravatar.com\\\/avatar\\\/23291dd5b5ae1077dcff3dbb04c3e02bd28403fa75af6d8787d5e97c5bbbe30b?s=96&d=mm&r=g\",\"caption\":\"Web del Maestro CMF\"},\"description\":\"Esta Web se cre\u00f3 sin fines de lucro, con fines educativos, cient\u00edficos y acad\u00e9micos, para personas que tengan dificultades y\\\/o inconvenientes en visualizar el material original. El objetivo es entregar recursos, compartir experiencias y materiales que ayuden a los padres de familia, maestros y estudiantes en su actualizaci\u00f3n y formaci\u00f3n permanente, en bien de la Educaci\u00f3n.\",\"sameAs\":[\"http:\\\/\\\/webdelmaestrocmf.com\\\/portal\",\"https:\\\/\\\/www.facebook.com\\\/WebdelMaestroCMF\\\/\",\"https:\\\/\\\/www.instagram.com\\\/wmcmf\\\/\",\"https:\\\/\\\/cl.linkedin.com\\\/company\\\/web-del-maestro-cmf\",\"https:\\\/\\\/www.pinterest.com\\\/WMCMF\\\/publicaciones\\\/\",\"https:\\\/\\\/x.com\\\/cmf_w\",\"https:\\\/\\\/www.youtube.com\\\/@WMCMF\"]}]}<\/script>\n<!-- \/ Yoast SEO plugin. -->","yoast_head_json":{"title":"China replantea su modelo educativo: menos presi\u00f3n, m\u00e1s bienestar - 2026","description":"Durante d\u00e9cadas, el sistema educativo en China ha sido sin\u00f3nimo de alta exigencia, competitividad extrema y obsesi\u00f3n por el rendimiento...","robots":{"index":"index","follow":"follow","max-snippet":"max-snippet:-1","max-image-preview":"max-image-preview:large","max-video-preview":"max-video-preview:-1"},"canonical":"https:\/\/webdelmaestrocmf.com\/portal\/china-replantea-su-modelo-educativo-menos-presion-mas-bienestar\/","og_locale":"es_ES","og_type":"article","og_title":"China replantea su modelo educativo: menos presi\u00f3n, m\u00e1s bienestar - 2026","og_description":"Durante d\u00e9cadas, el sistema educativo en China ha sido sin\u00f3nimo de alta exigencia, competitividad extrema y obsesi\u00f3n por el rendimiento...","og_url":"https:\/\/webdelmaestrocmf.com\/portal\/china-replantea-su-modelo-educativo-menos-presion-mas-bienestar\/","og_site_name":"Web del Maestro CMF","article_publisher":"https:\/\/www.facebook.com\/WebdelMaestroCMF\/","article_author":"https:\/\/www.facebook.com\/WebdelMaestroCMF\/","article_published_time":"2026-04-09T00:49:18+00:00","article_modified_time":"2026-04-09T01:22:05+00:00","og_image":[{"width":1200,"height":675,"url":"https:\/\/webdelmaestrocmf.com\/portal\/wp-content\/uploads\/2026\/04\/1-4.webp","type":"image\/webp"}],"author":"Web del Maestro CMF","twitter_card":"summary_large_image","twitter_creator":"@cmf_w","twitter_site":"@cmf_w","schema":{"@context":"https:\/\/schema.org","@graph":[{"@type":"ScholarlyArticle","@id":"https:\/\/webdelmaestrocmf.com\/portal\/china-replantea-su-modelo-educativo-menos-presion-mas-bienestar\/#article","isPartOf":{"@id":"https:\/\/webdelmaestrocmf.com\/portal\/china-replantea-su-modelo-educativo-menos-presion-mas-bienestar\/"},"author":{"name":"Web del Maestro CMF","@id":"https:\/\/webdelmaestrocmf.com\/portal\/#\/schema\/person\/1072a2ed7bd960df8ef99a551fa35dc5"},"headline":"China replantea su modelo educativo: menos presi\u00f3n, m\u00e1s bienestar","datePublished":"2026-04-09T00:49:18+00:00","dateModified":"2026-04-09T01:22:05+00:00","mainEntityOfPage":{"@id":"https:\/\/webdelmaestrocmf.com\/portal\/china-replantea-su-modelo-educativo-menos-presion-mas-bienestar\/"},"wordCount":762,"commentCount":0,"publisher":{"@id":"https:\/\/webdelmaestrocmf.com\/portal\/#organization"},"image":{"@id":"https:\/\/webdelmaestrocmf.com\/portal\/china-replantea-su-modelo-educativo-menos-presion-mas-bienestar\/#primaryimage"},"thumbnailUrl":"https:\/\/webdelmaestrocmf.com\/portal\/wp-content\/uploads\/2026\/04\/1-4.webp","keywords":["aprendizaje","bienestar estudiantil","DOCENTES","educacion","estres academico","evaluacion","formacion integral","infancia","pedagogia","SALUD MENTAL"],"articleSection":["Noticias Internacionales"],"inLanguage":"es","potentialAction":[{"@type":"CommentAction","name":"Comment","target":["https:\/\/webdelmaestrocmf.com\/portal\/china-replantea-su-modelo-educativo-menos-presion-mas-bienestar\/#respond"]}]},{"@type":"WebPage","@id":"https:\/\/webdelmaestrocmf.com\/portal\/china-replantea-su-modelo-educativo-menos-presion-mas-bienestar\/","url":"https:\/\/webdelmaestrocmf.com\/portal\/china-replantea-su-modelo-educativo-menos-presion-mas-bienestar\/","name":"China replantea su modelo educativo: menos presi\u00f3n, m\u00e1s bienestar - 2026","isPartOf":{"@id":"https:\/\/webdelmaestrocmf.com\/portal\/#website"},"primaryImageOfPage":{"@id":"https:\/\/webdelmaestrocmf.com\/portal\/china-replantea-su-modelo-educativo-menos-presion-mas-bienestar\/#primaryimage"},"image":{"@id":"https:\/\/webdelmaestrocmf.com\/portal\/china-replantea-su-modelo-educativo-menos-presion-mas-bienestar\/#primaryimage"},"thumbnailUrl":"https:\/\/webdelmaestrocmf.com\/portal\/wp-content\/uploads\/2026\/04\/1-4.webp","datePublished":"2026-04-09T00:49:18+00:00","dateModified":"2026-04-09T01:22:05+00:00","description":"Durante d\u00e9cadas, el sistema educativo en China ha sido sin\u00f3nimo de alta exigencia, competitividad extrema y obsesi\u00f3n por el rendimiento...","breadcrumb":{"@id":"https:\/\/webdelmaestrocmf.com\/portal\/china-replantea-su-modelo-educativo-menos-presion-mas-bienestar\/#breadcrumb"},"inLanguage":"es","potentialAction":[{"@type":"ReadAction","target":["https:\/\/webdelmaestrocmf.com\/portal\/china-replantea-su-modelo-educativo-menos-presion-mas-bienestar\/"]}]},{"@type":"ImageObject","inLanguage":"es","@id":"https:\/\/webdelmaestrocmf.com\/portal\/china-replantea-su-modelo-educativo-menos-presion-mas-bienestar\/#primaryimage","url":"https:\/\/webdelmaestrocmf.com\/portal\/wp-content\/uploads\/2026\/04\/1-4.webp","contentUrl":"https:\/\/webdelmaestrocmf.com\/portal\/wp-content\/uploads\/2026\/04\/1-4.webp","width":1200,"height":675},{"@type":"BreadcrumbList","@id":"https:\/\/webdelmaestrocmf.com\/portal\/china-replantea-su-modelo-educativo-menos-presion-mas-bienestar\/#breadcrumb","itemListElement":[{"@type":"ListItem","position":1,"name":"Portada","item":"https:\/\/webdelmaestrocmf.com\/portal\/"},{"@type":"ListItem","position":2,"name":"Noticias Internacionales","item":"https:\/\/webdelmaestrocmf.com\/portal\/category\/noticias-internacionales\/"},{"@type":"ListItem","position":3,"name":"China replantea su modelo educativo: menos presi\u00f3n, m\u00e1s bienestar"}]},{"@type":"WebSite","@id":"https:\/\/webdelmaestrocmf.com\/portal\/#website","url":"https:\/\/webdelmaestrocmf.com\/portal\/","name":"Web del Maestro CMF","description":"Maestros al servicio de la educaci\u00f3n","publisher":{"@id":"https:\/\/webdelmaestrocmf.com\/portal\/#organization"},"alternateName":"WMCMF","potentialAction":[{"@type":"SearchAction","target":{"@type":"EntryPoint","urlTemplate":"https:\/\/webdelmaestrocmf.com\/portal\/?s={search_term_string}"},"query-input":{"@type":"PropertyValueSpecification","valueRequired":true,"valueName":"search_term_string"}}],"inLanguage":"es"},{"@type":"Organization","@id":"https:\/\/webdelmaestrocmf.com\/portal\/#organization","name":"Web del Maestro CMF","alternateName":"WMCMF","url":"https:\/\/webdelmaestrocmf.com\/portal\/","logo":{"@type":"ImageObject","inLanguage":"es","@id":"https:\/\/webdelmaestrocmf.com\/portal\/#\/schema\/logo\/image\/","url":"https:\/\/webdelmaestrocmf.com\/portal\/wp-content\/uploads\/2023\/01\/logo-wmcmf-2.png","contentUrl":"https:\/\/webdelmaestrocmf.com\/portal\/wp-content\/uploads\/2023\/01\/logo-wmcmf-2.png","width":200,"height":60,"caption":"Web del Maestro CMF"},"image":{"@id":"https:\/\/webdelmaestrocmf.com\/portal\/#\/schema\/logo\/image\/"},"sameAs":["https:\/\/www.facebook.com\/WebdelMaestroCMF\/","https:\/\/x.com\/cmf_w","https:\/\/www.pinterest.com\/WMCMF\/","https:\/\/www.linkedin.com\/company\/web-del-maestro-cmf\/","https:\/\/www.instagram.com\/wmcmf\/","https:\/\/www.youtube.com\/channel\/UCDPSvjbdodE5sHnC3OxutHw","https:\/\/mastodon.social\/@wmcmf","https:\/\/www.tiktok.com\/@webdelmaestrocmf"]},{"@type":"Person","@id":"https:\/\/webdelmaestrocmf.com\/portal\/#\/schema\/person\/1072a2ed7bd960df8ef99a551fa35dc5","name":"Web del Maestro CMF","image":{"@type":"ImageObject","inLanguage":"es","@id":"https:\/\/secure.gravatar.com\/avatar\/23291dd5b5ae1077dcff3dbb04c3e02bd28403fa75af6d8787d5e97c5bbbe30b?s=96&d=mm&r=g","url":"https:\/\/secure.gravatar.com\/avatar\/23291dd5b5ae1077dcff3dbb04c3e02bd28403fa75af6d8787d5e97c5bbbe30b?s=96&d=mm&r=g","contentUrl":"https:\/\/secure.gravatar.com\/avatar\/23291dd5b5ae1077dcff3dbb04c3e02bd28403fa75af6d8787d5e97c5bbbe30b?s=96&d=mm&r=g","caption":"Web del Maestro CMF"},"description":"Esta Web se cre\u00f3 sin fines de lucro, con fines educativos, cient\u00edficos y acad\u00e9micos, para personas que tengan dificultades y\/o inconvenientes en visualizar el material original. El objetivo es entregar recursos, compartir experiencias y materiales que ayuden a los padres de familia, maestros y estudiantes en su actualizaci\u00f3n y formaci\u00f3n permanente, en bien de la Educaci\u00f3n.","sameAs":["http:\/\/webdelmaestrocmf.com\/portal","https:\/\/www.facebook.com\/WebdelMaestroCMF\/","https:\/\/www.instagram.com\/wmcmf\/","https:\/\/cl.linkedin.com\/company\/web-del-maestro-cmf","https:\/\/www.pinterest.com\/WMCMF\/publicaciones\/","https:\/\/x.com\/cmf_w","https:\/\/www.youtube.com\/@WMCMF"]}]}},"jetpack_featured_media_url":"https:\/\/webdelmaestrocmf.com\/portal\/wp-content\/uploads\/2026\/04\/1-4.webp","jetpack_sharing_enabled":true,"jetpack-related-posts":[{"id":117380,"url":"https:\/\/webdelmaestrocmf.com\/portal\/el-sistema-educativo-chino-baja-la-exigencia-ante-el-aumento-de-la-ansiedad-infantil\/","url_meta":{"origin":117473,"position":0},"title":"El sistema educativo chino baja la exigencia ante el aumento de la ansiedad infantil","author":"Web del Maestro CMF","date":"6 abril, 2026","format":false,"excerpt":"China reduce la presi\u00f3n escolar ante el aumento de ansiedad infantil, promoviendo menos tareas y m\u00e1s recreo. El reto sigue siendo cambiar una cultura que mide el \u00e9xito solo por notas.","rel":"","context":"En \u00abNoticias Internacionales\u00bb","block_context":{"text":"Noticias Internacionales","link":"https:\/\/webdelmaestrocmf.com\/portal\/category\/noticias-internacionales\/"},"img":{"alt_text":"","src":"https:\/\/i0.wp.com\/webdelmaestrocmf.com\/portal\/wp-content\/uploads\/2026\/04\/1AA-Banner-1-portada-imagen-10-1-copia-1-1.webp?resize=350%2C200&ssl=1","width":350,"height":200,"srcset":"https:\/\/i0.wp.com\/webdelmaestrocmf.com\/portal\/wp-content\/uploads\/2026\/04\/1AA-Banner-1-portada-imagen-10-1-copia-1-1.webp?resize=350%2C200&ssl=1 1x, https:\/\/i0.wp.com\/webdelmaestrocmf.com\/portal\/wp-content\/uploads\/2026\/04\/1AA-Banner-1-portada-imagen-10-1-copia-1-1.webp?resize=525%2C300&ssl=1 1.5x, https:\/\/i0.wp.com\/webdelmaestrocmf.com\/portal\/wp-content\/uploads\/2026\/04\/1AA-Banner-1-portada-imagen-10-1-copia-1-1.webp?resize=700%2C400&ssl=1 2x, https:\/\/i0.wp.com\/webdelmaestrocmf.com\/portal\/wp-content\/uploads\/2026\/04\/1AA-Banner-1-portada-imagen-10-1-copia-1-1.webp?resize=1050%2C600&ssl=1 3x"},"classes":[]},{"id":112857,"url":"https:\/\/webdelmaestrocmf.com\/portal\/china-reactiva-su-plan-educativo-de-habilidades-para-la-vida-clases-obligatorias-de-limpieza-y-cocina-en-las-escuelas\/","url_meta":{"origin":117473,"position":1},"title":"China reactiva su plan educativo de \u201chabilidades para la vida\u201d: clases obligatorias de limpieza y cocina en las escuelas","author":"Web del Maestro CMF","date":"27 octubre, 2025","format":false,"excerpt":"China reactiv\u00f3 en 2025 su plan educativo de 2020 que ense\u00f1a limpieza y cocina en escuelas para fomentar autonom\u00eda y responsabilidad infantil.","rel":"","context":"En \u00abNoticias Internacionales\u00bb","block_context":{"text":"Noticias Internacionales","link":"https:\/\/webdelmaestrocmf.com\/portal\/category\/noticias-internacionales\/"},"img":{"alt_text":"","src":"https:\/\/i0.wp.com\/webdelmaestrocmf.com\/portal\/wp-content\/uploads\/2025\/10\/1AA-Banner-1-portada-imagen-10-1-copia-1.webp?resize=350%2C200&ssl=1","width":350,"height":200,"srcset":"https:\/\/i0.wp.com\/webdelmaestrocmf.com\/portal\/wp-content\/uploads\/2025\/10\/1AA-Banner-1-portada-imagen-10-1-copia-1.webp?resize=350%2C200&ssl=1 1x, https:\/\/i0.wp.com\/webdelmaestrocmf.com\/portal\/wp-content\/uploads\/2025\/10\/1AA-Banner-1-portada-imagen-10-1-copia-1.webp?resize=525%2C300&ssl=1 1.5x, https:\/\/i0.wp.com\/webdelmaestrocmf.com\/portal\/wp-content\/uploads\/2025\/10\/1AA-Banner-1-portada-imagen-10-1-copia-1.webp?resize=700%2C400&ssl=1 2x, https:\/\/i0.wp.com\/webdelmaestrocmf.com\/portal\/wp-content\/uploads\/2025\/10\/1AA-Banner-1-portada-imagen-10-1-copia-1.webp?resize=1050%2C600&ssl=1 3x"},"classes":[]},{"id":112842,"url":"https:\/\/webdelmaestrocmf.com\/portal\/como-va-la-salud-mental-de-sus-padres-de-familia-y-estudiantes-ii-parte\/","url_meta":{"origin":117473,"position":2},"title":"C\u00f3mo va la salud mental y emocional de sus padres de familia y estudiantes? (II Parte)","author":"Web del Maestro CMF","date":"26 octubre, 2025","format":false,"excerpt":"La salud mental es el pilar invisible que sostiene la educaci\u00f3n: sin bienestar emocional no hay aprendizaje posible ni convivencia sana en las escuelas.","rel":"","context":"En \u00abYo opino - WMCMF\u00bb","block_context":{"text":"Yo opino - WMCMF","link":"https:\/\/webdelmaestrocmf.com\/portal\/category\/jamb\/"},"img":{"alt_text":"","src":"https:\/\/i0.wp.com\/webdelmaestrocmf.com\/portal\/wp-content\/uploads\/2025\/10\/1A-Banner-1-portada-imagen-10-1-copia-21.webp?resize=350%2C200&ssl=1","width":350,"height":200,"srcset":"https:\/\/i0.wp.com\/webdelmaestrocmf.com\/portal\/wp-content\/uploads\/2025\/10\/1A-Banner-1-portada-imagen-10-1-copia-21.webp?resize=350%2C200&ssl=1 1x, https:\/\/i0.wp.com\/webdelmaestrocmf.com\/portal\/wp-content\/uploads\/2025\/10\/1A-Banner-1-portada-imagen-10-1-copia-21.webp?resize=525%2C300&ssl=1 1.5x, https:\/\/i0.wp.com\/webdelmaestrocmf.com\/portal\/wp-content\/uploads\/2025\/10\/1A-Banner-1-portada-imagen-10-1-copia-21.webp?resize=700%2C400&ssl=1 2x"},"classes":[]},{"id":115422,"url":"https:\/\/webdelmaestrocmf.com\/portal\/la-salud-mental-del-profesorado-en-crisis-una-vocacion-bajo-presion\/","url_meta":{"origin":117473,"position":3},"title":"La salud mental del profesorado en crisis: una vocaci\u00f3n bajo presi\u00f3n","author":"Web del Maestro CMF","date":"17 febrero, 2026","format":false,"excerpt":"Uno de cada cinco docentes de Secundaria se plantea abandonar la ense\u00f1anza por estr\u00e9s, burocracia, falta de apoyo institucional y desgaste emocional.","rel":"","context":"En \u00abBienestar docente\u00bb","block_context":{"text":"Bienestar docente","link":"https:\/\/webdelmaestrocmf.com\/portal\/category\/pedagogia\/bienestar-docente\/"},"img":{"alt_text":"","src":"https:\/\/i0.wp.com\/webdelmaestrocmf.com\/portal\/wp-content\/uploads\/2026\/02\/1A-Banner-1-portada-imagen-10-1-copia-1-5.webp?resize=350%2C200&ssl=1","width":350,"height":200,"srcset":"https:\/\/i0.wp.com\/webdelmaestrocmf.com\/portal\/wp-content\/uploads\/2026\/02\/1A-Banner-1-portada-imagen-10-1-copia-1-5.webp?resize=350%2C200&ssl=1 1x, https:\/\/i0.wp.com\/webdelmaestrocmf.com\/portal\/wp-content\/uploads\/2026\/02\/1A-Banner-1-portada-imagen-10-1-copia-1-5.webp?resize=525%2C300&ssl=1 1.5x, https:\/\/i0.wp.com\/webdelmaestrocmf.com\/portal\/wp-content\/uploads\/2026\/02\/1A-Banner-1-portada-imagen-10-1-copia-1-5.webp?resize=700%2C400&ssl=1 2x"},"classes":[]},{"id":107316,"url":"https:\/\/webdelmaestrocmf.com\/portal\/inger-enkvist-un-profesor-que-no-se-preocupa-de-su-bienestar-tiende-a-descuidar-el-de-sus-alumnos\/","url_meta":{"origin":117473,"position":4},"title":"Inger Enkvist: \u00abUn profesor que no se preocupa de su bienestar tiende a descuidar el de sus alumnos\u00bb","author":"Web del Maestro CMF","date":"2 enero, 2025","format":false,"excerpt":"La figura del docente desempe\u00f1a un papel crucial no solo en la transmisi\u00f3n de conocimientos, sino tambi\u00e9n en la formaci\u00f3n integral de los estudiantes. Inger Enkvist, acad\u00e9mica sueca y exasesora del Ministerio de Educaci\u00f3n de Suecia, destaca la importancia de que los profesores cuiden su propio bienestar para garantizar el\u2026","rel":"","context":"En \u00abEntrevistas\u00bb","block_context":{"text":"Entrevistas","link":"https:\/\/webdelmaestrocmf.com\/portal\/category\/noticias\/entrevistas\/"},"img":{"alt_text":"","src":"https:\/\/i0.wp.com\/webdelmaestrocmf.com\/portal\/wp-content\/uploads\/2025\/01\/Banner-1-portada-imagen-10-1-58.jpg?resize=350%2C200&ssl=1","width":350,"height":200,"srcset":"https:\/\/i0.wp.com\/webdelmaestrocmf.com\/portal\/wp-content\/uploads\/2025\/01\/Banner-1-portada-imagen-10-1-58.jpg?resize=350%2C200&ssl=1 1x, https:\/\/i0.wp.com\/webdelmaestrocmf.com\/portal\/wp-content\/uploads\/2025\/01\/Banner-1-portada-imagen-10-1-58.jpg?resize=525%2C300&ssl=1 1.5x, https:\/\/i0.wp.com\/webdelmaestrocmf.com\/portal\/wp-content\/uploads\/2025\/01\/Banner-1-portada-imagen-10-1-58.jpg?resize=700%2C400&ssl=1 2x"},"classes":[]},{"id":90703,"url":"https:\/\/webdelmaestrocmf.com\/portal\/la-profesora-una-leccion-que-no-olvidaran-pelicula-completa-para-docentes-lecciones-que-aplicar-en-el-aula\/","url_meta":{"origin":117473,"position":5},"title":"\u00abLa profesora: una lecci\u00f3n que no olvidar\u00e1n\u00bb | Pel\u00edcula completa para docentes | Lecciones que aplicar en el aula","author":"Web del Maestro CMF","date":"17 julio, 2023","format":false,"excerpt":"En el a\u00f1o 1983, en medio de la \u00e9poca comunista en la antigua Checoslovaquia, un colegio en los suburbios de Bratislava se ve sacudido por la llegada de la profesora Maria Drazdechova, una figura que revolucionar\u00e1 la instituci\u00f3n, los alumnos y sus padres. Sin embargo, su impacto no ser\u00e1 positivo,\u2026","rel":"","context":"En \u00abPel\u00edculas\u00bb","block_context":{"text":"Pel\u00edculas","link":"https:\/\/webdelmaestrocmf.com\/portal\/category\/pedagogia\/peliculas\/"},"img":{"alt_text":"","src":"https:\/\/i0.wp.com\/webdelmaestrocmf.com\/portal\/wp-content\/uploads\/2023\/07\/A12B3C4D-37.jpg?resize=350%2C200&ssl=1","width":350,"height":200,"srcset":"https:\/\/i0.wp.com\/webdelmaestrocmf.com\/portal\/wp-content\/uploads\/2023\/07\/A12B3C4D-37.jpg?resize=350%2C200&ssl=1 1x, https:\/\/i0.wp.com\/webdelmaestrocmf.com\/portal\/wp-content\/uploads\/2023\/07\/A12B3C4D-37.jpg?resize=525%2C300&ssl=1 1.5x, https:\/\/i0.wp.com\/webdelmaestrocmf.com\/portal\/wp-content\/uploads\/2023\/07\/A12B3C4D-37.jpg?resize=700%2C400&ssl=1 2x"},"classes":[]}],"_links":{"self":[{"href":"https:\/\/webdelmaestrocmf.com\/portal\/wp-json\/wp\/v2\/posts\/117473","targetHints":{"allow":["GET"]}}],"collection":[{"href":"https:\/\/webdelmaestrocmf.com\/portal\/wp-json\/wp\/v2\/posts"}],"about":[{"href":"https:\/\/webdelmaestrocmf.com\/portal\/wp-json\/wp\/v2\/types\/post"}],"author":[{"embeddable":true,"href":"https:\/\/webdelmaestrocmf.com\/portal\/wp-json\/wp\/v2\/users\/1"}],"replies":[{"embeddable":true,"href":"https:\/\/webdelmaestrocmf.com\/portal\/wp-json\/wp\/v2\/comments?post=117473"}],"version-history":[{"count":2,"href":"https:\/\/webdelmaestrocmf.com\/portal\/wp-json\/wp\/v2\/posts\/117473\/revisions"}],"predecessor-version":[{"id":117477,"href":"https:\/\/webdelmaestrocmf.com\/portal\/wp-json\/wp\/v2\/posts\/117473\/revisions\/117477"}],"wp:featuredmedia":[{"embeddable":true,"href":"https:\/\/webdelmaestrocmf.com\/portal\/wp-json\/wp\/v2\/media\/117478"}],"wp:attachment":[{"href":"https:\/\/webdelmaestrocmf.com\/portal\/wp-json\/wp\/v2\/media?parent=117473"}],"wp:term":[{"taxonomy":"category","embeddable":true,"href":"https:\/\/webdelmaestrocmf.com\/portal\/wp-json\/wp\/v2\/categories?post=117473"},{"taxonomy":"post_tag","embeddable":true,"href":"https:\/\/webdelmaestrocmf.com\/portal\/wp-json\/wp\/v2\/tags?post=117473"}],"curies":[{"name":"wp","href":"https:\/\/api.w.org\/{rel}","templated":true}]}}