{"id":117434,"date":"2026-04-07T20:39:02","date_gmt":"2026-04-08T00:39:02","guid":{"rendered":"https:\/\/webdelmaestrocmf.com\/portal\/?p=117434"},"modified":"2026-04-07T21:07:40","modified_gmt":"2026-04-08T01:07:40","slug":"cual-es-la-mision-de-la-universidad-segun-el-papa-francisco-formar-personas-completas-no-solo-profesionales","status":"publish","type":"post","link":"https:\/\/webdelmaestrocmf.com\/portal\/cual-es-la-mision-de-la-universidad-segun-el-papa-francisco-formar-personas-completas-no-solo-profesionales\/","title":{"rendered":"Cu\u00e1l es la misi\u00f3n de la universidad seg\u00fan el Papa Francisco: formar personas completas, no solo profesionales"},"content":{"rendered":"\n<p>El debate sobre la misi\u00f3n de la universidad ha cobrado una relevancia especial en un contexto marcado por crisis sociales, culturales y ambientales que interpelan directamente al sistema educativo. En este escenario, la educaci\u00f3n superior ya no puede limitarse a formar profesionales competentes en lo t\u00e9cnico, sino que est\u00e1 llamada a <strong>formar personas capaces de comprender, sentir y transformar la realidad<\/strong>. Esta necesidad de replantear su sentido encuentra una de sus expresiones m\u00e1s claras en el pensamiento del Papa Francisco, quien <strong>insisti\u00f3 en la urgencia de una formaci\u00f3n integral que supere la fragmentaci\u00f3n del ser humano<\/strong>.<\/p>\n\n\n\n<p>Francisco, el 266.\u00ba papa de la Iglesia cat\u00f3lica, fallecido el 21 de abril de 2025, desarroll\u00f3 una mirada profundamente humanista sobre la educaci\u00f3n, influida por su formaci\u00f3n jesuita y su constante preocupaci\u00f3n por los desaf\u00edos contempor\u00e1neos. En un encuentro con rectores y autoridades universitarias de Am\u00e9rica Latina, <strong>expuso con claridad el fin de la educaci\u00f3n superior<\/strong>, subrayando que <strong>la universidad debe asumir un rol activo en la construcci\u00f3n del bien com\u00fan<\/strong>. Su intervenci\u00f3n respondi\u00f3 a la necesidad de orientar la formaci\u00f3n universitaria hacia el desarrollo de l\u00edderes capaces de integrar conocimiento, \u00e9tica y acci\u00f3n en un mundo que exige respuestas m\u00e1s humanas y coherentes.<\/p>\n\n\n\n<h2 class=\"wp-block-heading\"><strong>El fin de la universidad: formar integralmente al ser humano<\/strong><\/h2>\n\n\n\n<p>El Papa Francisco desarroll\u00f3 una visi\u00f3n profunda y exigente sobre la educaci\u00f3n, anclada en un enfoque claramente humanista. Su planteamiento no se limita a mejorar m\u00e9todos o contenidos, sino que cuestiona el sentido mismo de la formaci\u00f3n universitaria. En este marco, se\u00f1al\u00f3 con claridad que <strong>la misi\u00f3n de la universidad no es solamente aprender cosas, sino formar integralmente a la persona<\/strong>, articulando los tres lenguajes humanos: cabeza, coraz\u00f3n y manos. Esta propuesta implica que el estudiante debe <strong>pensar, sentir y actuar de manera coherente<\/strong>, evitando la fragmentaci\u00f3n del conocimiento.<\/p>\n\n\n\n<figure class=\"wp-block-embed is-type-video is-provider-youtube wp-block-embed-youtube wp-embed-aspect-16-9 wp-has-aspect-ratio\"><div class=\"wp-block-embed__wrapper\">\n<iframe loading=\"lazy\" title=\"Audiencia del Papa Francisco con rectores universitarios de Latinoam\u00e9rica\" width=\"1200\" height=\"675\" src=\"https:\/\/www.youtube.com\/embed\/CZxAnDPvLcs?feature=oembed\" frameborder=\"0\" allow=\"accelerometer; autoplay; clipboard-write; encrypted-media; gyroscope; picture-in-picture; web-share\" referrerpolicy=\"strict-origin-when-cross-origin\" allowfullscreen><\/iframe>\n<\/div><\/figure>\n\n\n\n<p>Durante un encuentro con autoridades universitarias, expres\u00f3 una idea que sintetiza esta visi\u00f3n con gran precisi\u00f3n: <strong>\u201cLa misi\u00f3n de la universidad no es solamente aprender cosas: ustedes tienen que formar a los chicos y a las chicas en los tres lenguajes humanos: el de la cabeza, el del coraz\u00f3n y el de las manos; de tal manera que aprendan a pensar lo que sienten y lo que hacen, a sentir lo que hacen y lo que piensan y a hacer lo que sienten y lo que piensan.\u201d<\/strong><\/p>\n\n\n\n<p>Desde esta perspectiva, se hace evidente una cr\u00edtica directa a la educaci\u00f3n tradicional, que ha privilegiado lo cognitivo por encima de otras dimensiones esenciales del desarrollo humano. <strong>Reducir la formaci\u00f3n a lo acad\u00e9mico produce individuos incompletos<\/strong>, incapaces de integrar lo que saben con lo que sienten y hacen. De ah\u00ed su advertencia contundente: <strong>formar solo la cabeza no forma profesionales, sino seres desproporcionados en su desarrollo humano<\/strong>.<\/p>\n\n\n\n<p>El desaf\u00edo educativo, por tanto, es claro: <strong>superar un modelo centrado exclusivamente en el rendimiento intelectual y avanzar hacia una educaci\u00f3n que desarrolle todas las dimensiones de la persona<\/strong>, incluyendo lo emocional, lo \u00e9tico, lo social y lo pr\u00e1ctico. Solo as\u00ed la universidad podr\u00e1 cumplir su verdadero fin: formar personas \u00edntegras, capaces de comprender la realidad, comprometerse con ella y transformarla.<\/p>\n\n\n\n<figure class=\"wp-block-embed is-type-video is-provider-youtube wp-block-embed-youtube wp-embed-aspect-9-16 wp-has-aspect-ratio\"><div class=\"wp-block-embed__wrapper\">\n<iframe loading=\"lazy\" title=\"Di\u00e1logo del papa Francisco con los rectores de las universidades de Am\u00e9rica Latina\" width=\"563\" height=\"1000\" src=\"https:\/\/www.youtube.com\/embed\/jsNSy7XYP4c?feature=oembed\" frameborder=\"0\" allow=\"accelerometer; autoplay; clipboard-write; encrypted-media; gyroscope; picture-in-picture; web-share\" referrerpolicy=\"strict-origin-when-cross-origin\" allowfullscreen><\/iframe>\n<\/div><\/figure>\n\n\n\n<h2 class=\"wp-block-heading\"><strong>Los tres lenguajes humanos: una propuesta educativa integral<\/strong><\/h2>\n\n\n\n<p>El n\u00facleo de su propuesta se sintetiza en una triple articulaci\u00f3n:<\/p>\n\n\n\n<ul class=\"wp-block-list\">\n<li><strong>Cabeza (pensar):<\/strong> desarrollar pensamiento cr\u00edtico, comprensi\u00f3n profunda y capacidad de an\u00e1lisis.<\/li>\n\n\n\n<li><strong>Coraz\u00f3n (sentir):<\/strong> formar sensibilidad \u00e9tica, empat\u00eda y compromiso humano.<\/li>\n\n\n\n<li><strong>Manos (hacer):<\/strong> llevar el conocimiento a la acci\u00f3n concreta, transformadora y responsable.<\/li>\n<\/ul>\n\n\n\n<p>Pero el Papa no se queda en la divisi\u00f3n de estos \u00e1mbitos, sino que plantea una integraci\u00f3n din\u00e1mica: <strong>pensar lo que se siente y se hace, sentir lo que se hace y se piensa, y actuar conforme a esa coherencia interna<\/strong>. Aqu\u00ed se encuentra una de las mayores exigencias educativas: <strong>formar personas coherentes, no fragmentadas<\/strong>.<\/p>\n\n\n\n<h2 class=\"wp-block-heading\"><strong>Cr\u00edtica a la universidad desconectada de la realidad<\/strong><\/h2>\n\n\n\n<p>Francisco advierte un problema grave en algunas instituciones: <strong>la formaci\u00f3n abstracta, desconectada de la vida real<\/strong>. Se\u00f1ala el riesgo de formar profesionales que dominan teor\u00edas, pero que no saben enfrentarse a la complejidad del mundo.<\/p>\n\n\n\n<p>Describe este fen\u00f3meno como la formaci\u00f3n de especialistas que evitan \u201ccontaminarse\u201d con la realidad, incapaces de asumir conflictos, dilemas y responsabilidades concretas. <strong>Una universidad que no se vincula con la realidad termina formando profesionales que no comprenden el mundo que deben transformar<\/strong>.<\/p>\n\n\n\n<h2 class=\"wp-block-heading\"><strong>La universidad como agente de transformaci\u00f3n social<\/strong><\/h2>\n\n\n\n<p>El Papa redefine el rol de la universidad como una instituci\u00f3n llamada a influir activamente en la sociedad. No basta con producir conocimiento; es necesario <strong>orientarlo al bien com\u00fan y a la construcci\u00f3n de una sociedad m\u00e1s justa<\/strong>.<\/p>\n\n\n\n<p>En este sentido, destaca la necesidad de:<\/p>\n\n\n\n<ul class=\"wp-block-list\">\n<li><strong>Formar liderazgos comprometidos<\/strong><\/li>\n\n\n\n<li><strong>Responder a la crisis socioambiental<\/strong><\/li>\n\n\n\n<li><strong>Combatir la cultura del descarte<\/strong><\/li>\n\n\n\n<li><strong>Promover una ciudadan\u00eda responsable<\/strong><\/li>\n<\/ul>\n\n\n\n<p>Adem\u00e1s, subraya una idea clave para la educaci\u00f3n superior: <strong>la universidad no solo debe diagnosticar problemas, sino tambi\u00e9n proponer soluciones concretas<\/strong>.<\/p>\n\n\n\n<h2 class=\"wp-block-heading\"><strong>Formar para la responsabilidad y la acci\u00f3n<\/strong><\/h2>\n\n\n\n<p>Otro elemento central es la formaci\u00f3n de estudiantes activos y comprometidos. El Papa incluso valora la incomodidad que generan los j\u00f3venes cr\u00edticos, aquellos que cuestionan, interpelan y exigen cambios.<\/p>\n\n\n\n<p>Para \u00e9l, una universidad viva es aquella donde:<\/p>\n\n\n\n<ul class=\"wp-block-list\">\n<li>Hay debate<\/li>\n\n\n\n<li>Hay cuestionamiento<\/li>\n\n\n\n<li>Hay compromiso<\/li>\n<\/ul>\n\n\n\n<p>Porque <strong>sin inquietud intelectual y sin responsabilidad social, la formaci\u00f3n universitaria pierde sentido<\/strong>.<\/p>\n\n\n\n<p>Asimismo, resalta la importancia de formar en la dimensi\u00f3n pol\u00edtica entendida como servicio. <strong>La pol\u00edtica, bien entendida, es una de las formas m\u00e1s altas de compromiso con la sociedad<\/strong>, y la universidad debe preparar a los j\u00f3venes para asumir ese rol con madurez.<\/p>\n\n\n\n<h2 class=\"wp-block-heading\"><strong>Una educaci\u00f3n con sentido humano frente a la crisis actual<\/strong><\/h2>\n\n\n\n<p>El contexto actual exige una educaci\u00f3n distinta. El Papa advierte sobre fen\u00f3menos como:<\/p>\n\n\n\n<ul class=\"wp-block-list\">\n<li>La cultura del descarte<\/li>\n\n\n\n<li>La desigualdad<\/li>\n\n\n\n<li>La degradaci\u00f3n ambiental<\/li>\n\n\n\n<li>Los modelos econ\u00f3micos excluyentes<\/li>\n<\/ul>\n\n\n\n<p>Frente a ello, la universidad debe formar personas capaces de:<\/p>\n\n\n\n<ul class=\"wp-block-list\">\n<li><strong>Cuidar la vida y el entorno<\/strong><\/li>\n\n\n\n<li><strong>Promover justicia social<\/strong><\/li>\n\n\n\n<li><strong>Construir alternativas m\u00e1s humanas<\/strong><\/li>\n<\/ul>\n\n\n\n<p>No se trata solo de formar profesionales exitosos, sino de <strong>formar ciudadanos responsables y comprometidos con el futuro<\/strong>.<\/p>\n\n\n\n<h2 class=\"wp-block-heading\"><strong>Implicancias para docentes y educadores<\/strong><\/h2>\n\n\n\n<p>Esta visi\u00f3n plantea exigencias concretas para la pr\u00e1ctica docente:<\/p>\n\n\n\n<ul class=\"wp-block-list\">\n<li><strong>Integrar lo cognitivo, lo emocional y lo pr\u00e1ctico<\/strong><\/li>\n\n\n\n<li><strong>Dise\u00f1ar experiencias de aprendizaje significativas<\/strong><\/li>\n\n\n\n<li><strong>Fomentar el pensamiento cr\u00edtico<\/strong><\/li>\n\n\n\n<li><strong>Evaluar m\u00e1s all\u00e1 del conocimiento memor\u00edstico<\/strong><\/li>\n<\/ul>\n\n\n\n<p>En t\u00e9rminos claros: <strong>la universidad debe dejar de ser un espacio de acumulaci\u00f3n de informaci\u00f3n para convertirse en un espacio de transformaci\u00f3n personal y social<\/strong>.<\/p>\n\n\n\n<h2 class=\"wp-block-heading\"><strong>Conclusi\u00f3n: educar para la coherencia y la humanidad<\/strong><\/h2>\n\n\n\n<p>La propuesta del Papa Francisco redefine la misi\u00f3n universitaria con una claridad contundente: <strong>no se trata de formar profesionales competentes, sino personas coherentes, integrales y comprometidas<\/strong>.<\/p>\n\n\n\n<p>Educar, en este enfoque, significa <strong>unir pensamiento, emoci\u00f3n y acci\u00f3n<\/strong>, formar l\u00edderes \u00e9ticos y construir una sociedad m\u00e1s justa.<\/p>\n\n\n\n<p>En definitiva, la universidad est\u00e1 llamada a cumplir una tarea mayor: <strong>formar seres humanos completos, capaces de vivir con sentido, actuar con responsabilidad y transformar el mundo con humanidad<\/strong>.<\/p>\n\n\n\n<p class=\"has-text-align-right\"><strong>Redacci\u00f3n | Web del Maestro CMF<\/strong><\/p>\n\n\n\t\t<div class=\"pk-inline-posts\">\n\t\t\t\t\t\t\t<h5 class=\"pk-inline-posts-title pk-title pk-font-block\">\n\t\t\t\t\t\u00daltimas entradas\t\t\t\t<\/h5>\n\t\t\t\n\t\t\t<div class=\"pk-inline-posts-container pk-inline-posts-template-list\"\n\t\t\t\tdata-columns=\"1\">\n\t\t\t\t\t\t<article id=\"post-37424\" class=\"post-37424 post type-post status-publish format-standard has-post-thumbnail category-entrevistas category-noticias tag-desarrollo tag-heckman tag-james tag-leer tag-ninos cs-entry cs-video-wrap\">\n\t\t\t<div class=\"pk-post-outer\">\n\n\t\t\t\t\t\t\t\t<div class=\"pk-post-inner\">\n\t\t\t\t\t<div class=\"entry-thumbnail\">\n\t\t\t\t\t\t<div class=\"pk-overlay pk-overlay-ratio pk-ratio-landscape\">\n\t\t\t\t\t\t\t<div class=\"pk-overlay-background\">\n\t\t\t\t\t\t\t\t<a href=\"https:\/\/webdelmaestrocmf.com\/portal\/james-heckman-leerles-a-los-ninos-tiene-un-impacto-enorme-en-su-desarrollo\/\" class=\"pk-overlay-link\">\n\t\t\t\t\t\t\t\t\t<img loading=\"lazy\" decoding=\"async\" width=\"300\" height=\"225\" src=\"https:\/\/webdelmaestrocmf.com\/portal\/wp-content\/uploads\/2023\/01\/1AA-Banner-1-portada-imagen-10-1-copia-3-300x225.webp\" class=\"attachment-pk-thumbnail size-pk-thumbnail wp-post-image\" alt=\"\" \/>\t\t\t\t\t\t\t\t<\/a>\n\t\t\t\t\t\t\t<\/div>\n\t\t\t\t\t\t<\/div>\n\t\t\t\t\t<\/div>\n\t\t\t\t<\/div>\n\t\t\t\t\n\t\t\t\t<div class=\"pk-post-inner\">\n\t\t\t\t\t<header>\n\t\t\t\t\t\t<h3 class=\"pk-title\"><a href=\"https:\/\/webdelmaestrocmf.com\/portal\/james-heckman-leerles-a-los-ninos-tiene-un-impacto-enorme-en-su-desarrollo\/\" rel=\"bookmark\">James Heckman: Leerles a los ni\u00f1os tiene un impacto enorme en su desarrollo<\/a><\/h3>\t\t\t\t\t<\/header><!-- .entry-header -->\n\t\t\t\t<\/div><!-- .post-inner -->\n\n\t\t\t<\/div><!-- .post-outer -->\n\t\t<\/article>\n\t\t\t<article id=\"post-55421\" class=\"post-55421 post type-post status-publish format-standard has-post-thumbnail category-entrevistas category-noticias tag-ayudar tag-buena tag-debe tag-lider tag-pasion tag-persona tag-tener tag-victor-kuppers cs-entry cs-video-wrap\">\n\t\t\t<div class=\"pk-post-outer\">\n\n\t\t\t\t\t\t\t\t<div class=\"pk-post-inner\">\n\t\t\t\t\t<div class=\"entry-thumbnail\">\n\t\t\t\t\t\t<div class=\"pk-overlay pk-overlay-ratio pk-ratio-landscape\">\n\t\t\t\t\t\t\t<div class=\"pk-overlay-background\">\n\t\t\t\t\t\t\t\t<a href=\"https:\/\/webdelmaestrocmf.com\/portal\/victor-kuppers-un-lider-debe-ser-buena-persona-y-tener-pasion-por-ayudar\/\" class=\"pk-overlay-link\">\n\t\t\t\t\t\t\t\t\t<img loading=\"lazy\" decoding=\"async\" width=\"300\" height=\"225\" src=\"https:\/\/webdelmaestrocmf.com\/portal\/wp-content\/uploads\/2020\/12\/1AA-Banner-1-portada-imagen-10-1-copia-3-300x225.webp\" class=\"attachment-pk-thumbnail size-pk-thumbnail wp-post-image\" alt=\"\" \/>\t\t\t\t\t\t\t\t<\/a>\n\t\t\t\t\t\t\t<\/div>\n\t\t\t\t\t\t<\/div>\n\t\t\t\t\t<\/div>\n\t\t\t\t<\/div>\n\t\t\t\t\n\t\t\t\t<div class=\"pk-post-inner\">\n\t\t\t\t\t<header>\n\t\t\t\t\t\t<h3 class=\"pk-title\"><a href=\"https:\/\/webdelmaestrocmf.com\/portal\/victor-kuppers-un-lider-debe-ser-buena-persona-y-tener-pasion-por-ayudar\/\" rel=\"bookmark\">V\u00edctor K\u00fcppers: Un l\u00edder debe ser buena persona y tener pasi\u00f3n por ayudar<\/a><\/h3>\t\t\t\t\t<\/header><!-- .entry-header -->\n\t\t\t\t<\/div><!-- .post-inner -->\n\n\t\t\t<\/div><!-- .post-outer -->\n\t\t<\/article>\n\t\t\t<article id=\"post-118242\" class=\"post-118242 post type-post status-publish format-standard has-post-thumbnail category-entrevistas category-noticias tag-adolescencia tag-autoridad tag-convivencia-escolar tag-disciplina tag-docentes tag-educacion tag-escuela tag-familia tag-infancia tag-valores cs-entry cs-video-wrap\">\n\t\t\t<div class=\"pk-post-outer\">\n\n\t\t\t\t\t\t\t\t<div class=\"pk-post-inner\">\n\t\t\t\t\t<div class=\"entry-thumbnail\">\n\t\t\t\t\t\t<div class=\"pk-overlay pk-overlay-ratio pk-ratio-landscape\">\n\t\t\t\t\t\t\t<div class=\"pk-overlay-background\">\n\t\t\t\t\t\t\t\t<a href=\"https:\/\/webdelmaestrocmf.com\/portal\/emilio-calatayud-los-padres-tenemos-la-obligacion-de-devolver-el-prestigio-a-los-maestros\/\" class=\"pk-overlay-link\">\n\t\t\t\t\t\t\t\t\t<img loading=\"lazy\" decoding=\"async\" width=\"300\" height=\"225\" src=\"https:\/\/webdelmaestrocmf.com\/portal\/wp-content\/uploads\/2026\/04\/1-61-300x225.jpg\" class=\"attachment-pk-thumbnail size-pk-thumbnail wp-post-image\" alt=\"\" \/>\t\t\t\t\t\t\t\t<\/a>\n\t\t\t\t\t\t\t<\/div>\n\t\t\t\t\t\t<\/div>\n\t\t\t\t\t<\/div>\n\t\t\t\t<\/div>\n\t\t\t\t\n\t\t\t\t<div class=\"pk-post-inner\">\n\t\t\t\t\t<header>\n\t\t\t\t\t\t<h3 class=\"pk-title\"><a href=\"https:\/\/webdelmaestrocmf.com\/portal\/emilio-calatayud-los-padres-tenemos-la-obligacion-de-devolver-el-prestigio-a-los-maestros\/\" rel=\"bookmark\">Emilio Calatayud: \u00abLos padres tenemos la obligaci\u00f3n de devolver el prestigio a los maestros\u00bb<\/a><\/h3>\t\t\t\t\t<\/header><!-- .entry-header -->\n\t\t\t\t<\/div><!-- .post-inner -->\n\n\t\t\t<\/div><!-- .post-outer -->\n\t\t<\/article>\n\t\t\t\t<\/div>\n\t\t<\/div>\n\t\t\n","protected":false},"excerpt":{"rendered":"La universidad debe formar personas integrales, uniendo pensamiento, emoci\u00f3n y acci\u00f3n. No basta ense\u00f1ar contenidos; debe formar l\u00edderes comprometidos, capaces de transformar la sociedad con coherencia, \u00e9tica y sentido humano.","protected":false},"author":1,"featured_media":117439,"comment_status":"open","ping_status":"closed","sticky":false,"template":"","format":"standard","meta":{"csco_display_header_overlay":false,"csco_singular_sidebar":"","csco_page_header_type":"","csco_page_load_nextpost":"","csco_post_video_location":[],"csco_post_video_location_hash":"","csco_post_video_url":"","csco_post_video_bg_start_time":0,"csco_post_video_bg_end_time":0,"csco_post_video_bg_volume":false,"_jetpack_memberships_contains_paid_content":false,"footnotes":""},"categories":[48,430,431,47],"tags":[77,724,25610,25609,25544,2687,218,25028,542,1014],"class_list":{"0":"post-117434","1":"post","2":"type-post","3":"status-publish","4":"format-standard","5":"has-post-thumbnail","7":"category-entrevistas","8":"category-iglesia-catolica","9":"category-pastoral","10":"category-noticias","11":"tag-aprendizaje","12":"tag-docencia","13":"tag-educacion-humanista","14":"tag-educacion-superior-2","15":"tag-formacion-integral-2","16":"tag-liderazgo","17":"tag-papa-francisco","18":"tag-pedagogia-3","19":"tag-universidad","20":"tag-valores","21":"cs-entry","22":"cs-video-wrap"},"yoast_head":"<!-- This site is optimized with the Yoast SEO plugin v27.5 - https:\/\/yoast.com\/product\/yoast-seo-wordpress\/ -->\n<title>Cu\u00e1l es la misi\u00f3n de la universidad seg\u00fan el Papa Francisco: formar personas completas, no solo profesionales - 2026<\/title>\n<meta name=\"description\" content=\"El pensamiento del Papa Francisco, quien insisti\u00f3 en la urgencia de una formaci\u00f3n integral que supere la fragmentaci\u00f3n del ser humano.\" \/>\n<meta name=\"robots\" content=\"index, follow, max-snippet:-1, max-image-preview:large, max-video-preview:-1\" \/>\n<link rel=\"canonical\" href=\"https:\/\/webdelmaestrocmf.com\/portal\/cual-es-la-mision-de-la-universidad-segun-el-papa-francisco-formar-personas-completas-no-solo-profesionales\/\" \/>\n<meta property=\"og:locale\" content=\"es_ES\" \/>\n<meta property=\"og:type\" content=\"article\" \/>\n<meta property=\"og:title\" content=\"Cu\u00e1l es la misi\u00f3n de la universidad seg\u00fan el Papa Francisco: formar personas completas, no solo profesionales - 2026\" \/>\n<meta property=\"og:description\" content=\"El pensamiento del Papa Francisco, quien insisti\u00f3 en la urgencia de una formaci\u00f3n integral que supere la fragmentaci\u00f3n del ser humano.\" \/>\n<meta property=\"og:url\" content=\"https:\/\/webdelmaestrocmf.com\/portal\/cual-es-la-mision-de-la-universidad-segun-el-papa-francisco-formar-personas-completas-no-solo-profesionales\/\" \/>\n<meta property=\"og:site_name\" content=\"Web del Maestro CMF\" \/>\n<meta property=\"article:publisher\" content=\"https:\/\/www.facebook.com\/WebdelMaestroCMF\/\" \/>\n<meta property=\"article:author\" content=\"https:\/\/www.facebook.com\/WebdelMaestroCMF\/\" \/>\n<meta property=\"article:published_time\" content=\"2026-04-08T00:39:02+00:00\" \/>\n<meta property=\"article:modified_time\" content=\"2026-04-08T01:07:40+00:00\" \/>\n<meta property=\"og:image\" content=\"https:\/\/webdelmaestrocmf.com\/portal\/wp-content\/uploads\/2026\/04\/1-3.webp\" \/>\n\t<meta property=\"og:image:width\" content=\"1200\" \/>\n\t<meta property=\"og:image:height\" content=\"675\" \/>\n\t<meta property=\"og:image:type\" content=\"image\/webp\" \/>\n<meta name=\"author\" content=\"Web del Maestro CMF\" \/>\n<meta name=\"twitter:card\" content=\"summary_large_image\" \/>\n<meta name=\"twitter:creator\" content=\"@cmf_w\" \/>\n<meta name=\"twitter:site\" content=\"@cmf_w\" \/>\n<script type=\"application\/ld+json\" class=\"yoast-schema-graph\">{\"@context\":\"https:\\\/\\\/schema.org\",\"@graph\":[{\"@type\":\"ScholarlyArticle\",\"@id\":\"https:\\\/\\\/webdelmaestrocmf.com\\\/portal\\\/cual-es-la-mision-de-la-universidad-segun-el-papa-francisco-formar-personas-completas-no-solo-profesionales\\\/#article\",\"isPartOf\":{\"@id\":\"https:\\\/\\\/webdelmaestrocmf.com\\\/portal\\\/cual-es-la-mision-de-la-universidad-segun-el-papa-francisco-formar-personas-completas-no-solo-profesionales\\\/\"},\"author\":{\"name\":\"Web del Maestro CMF\",\"@id\":\"https:\\\/\\\/webdelmaestrocmf.com\\\/portal\\\/#\\\/schema\\\/person\\\/1072a2ed7bd960df8ef99a551fa35dc5\"},\"headline\":\"Cu\u00e1l es la misi\u00f3n de la universidad seg\u00fan el Papa Francisco: formar personas completas, no solo profesionales\",\"datePublished\":\"2026-04-08T00:39:02+00:00\",\"dateModified\":\"2026-04-08T01:07:40+00:00\",\"mainEntityOfPage\":{\"@id\":\"https:\\\/\\\/webdelmaestrocmf.com\\\/portal\\\/cual-es-la-mision-de-la-universidad-segun-el-papa-francisco-formar-personas-completas-no-solo-profesionales\\\/\"},\"wordCount\":1277,\"commentCount\":0,\"publisher\":{\"@id\":\"https:\\\/\\\/webdelmaestrocmf.com\\\/portal\\\/#organization\"},\"image\":{\"@id\":\"https:\\\/\\\/webdelmaestrocmf.com\\\/portal\\\/cual-es-la-mision-de-la-universidad-segun-el-papa-francisco-formar-personas-completas-no-solo-profesionales\\\/#primaryimage\"},\"thumbnailUrl\":\"https:\\\/\\\/webdelmaestrocmf.com\\\/portal\\\/wp-content\\\/uploads\\\/2026\\\/04\\\/1-3.webp\",\"keywords\":[\"aprendizaje\",\"DOCENCIA\",\"educacion humanista\",\"educacion superior\",\"formacion integral\",\"LIDERAZGO\",\"Papa Francisco\",\"pedagogia\",\"UNIVERSIDAD\",\"valores\"],\"articleSection\":[\"Entrevistas\",\"Igles\u00eda Cat\u00f3lica\",\"Mundo cart\u00f3lico\",\"Noticias\"],\"inLanguage\":\"es\",\"potentialAction\":[{\"@type\":\"CommentAction\",\"name\":\"Comment\",\"target\":[\"https:\\\/\\\/webdelmaestrocmf.com\\\/portal\\\/cual-es-la-mision-de-la-universidad-segun-el-papa-francisco-formar-personas-completas-no-solo-profesionales\\\/#respond\"]}]},{\"@type\":\"WebPage\",\"@id\":\"https:\\\/\\\/webdelmaestrocmf.com\\\/portal\\\/cual-es-la-mision-de-la-universidad-segun-el-papa-francisco-formar-personas-completas-no-solo-profesionales\\\/\",\"url\":\"https:\\\/\\\/webdelmaestrocmf.com\\\/portal\\\/cual-es-la-mision-de-la-universidad-segun-el-papa-francisco-formar-personas-completas-no-solo-profesionales\\\/\",\"name\":\"Cu\u00e1l es la misi\u00f3n de la universidad seg\u00fan el Papa Francisco: formar personas completas, no solo profesionales - 2026\",\"isPartOf\":{\"@id\":\"https:\\\/\\\/webdelmaestrocmf.com\\\/portal\\\/#website\"},\"primaryImageOfPage\":{\"@id\":\"https:\\\/\\\/webdelmaestrocmf.com\\\/portal\\\/cual-es-la-mision-de-la-universidad-segun-el-papa-francisco-formar-personas-completas-no-solo-profesionales\\\/#primaryimage\"},\"image\":{\"@id\":\"https:\\\/\\\/webdelmaestrocmf.com\\\/portal\\\/cual-es-la-mision-de-la-universidad-segun-el-papa-francisco-formar-personas-completas-no-solo-profesionales\\\/#primaryimage\"},\"thumbnailUrl\":\"https:\\\/\\\/webdelmaestrocmf.com\\\/portal\\\/wp-content\\\/uploads\\\/2026\\\/04\\\/1-3.webp\",\"datePublished\":\"2026-04-08T00:39:02+00:00\",\"dateModified\":\"2026-04-08T01:07:40+00:00\",\"description\":\"El pensamiento del Papa Francisco, quien insisti\u00f3 en la urgencia de una formaci\u00f3n integral que supere la fragmentaci\u00f3n del ser humano.\",\"breadcrumb\":{\"@id\":\"https:\\\/\\\/webdelmaestrocmf.com\\\/portal\\\/cual-es-la-mision-de-la-universidad-segun-el-papa-francisco-formar-personas-completas-no-solo-profesionales\\\/#breadcrumb\"},\"inLanguage\":\"es\",\"potentialAction\":[{\"@type\":\"ReadAction\",\"target\":[\"https:\\\/\\\/webdelmaestrocmf.com\\\/portal\\\/cual-es-la-mision-de-la-universidad-segun-el-papa-francisco-formar-personas-completas-no-solo-profesionales\\\/\"]}]},{\"@type\":\"ImageObject\",\"inLanguage\":\"es\",\"@id\":\"https:\\\/\\\/webdelmaestrocmf.com\\\/portal\\\/cual-es-la-mision-de-la-universidad-segun-el-papa-francisco-formar-personas-completas-no-solo-profesionales\\\/#primaryimage\",\"url\":\"https:\\\/\\\/webdelmaestrocmf.com\\\/portal\\\/wp-content\\\/uploads\\\/2026\\\/04\\\/1-3.webp\",\"contentUrl\":\"https:\\\/\\\/webdelmaestrocmf.com\\\/portal\\\/wp-content\\\/uploads\\\/2026\\\/04\\\/1-3.webp\",\"width\":1200,\"height\":675},{\"@type\":\"BreadcrumbList\",\"@id\":\"https:\\\/\\\/webdelmaestrocmf.com\\\/portal\\\/cual-es-la-mision-de-la-universidad-segun-el-papa-francisco-formar-personas-completas-no-solo-profesionales\\\/#breadcrumb\",\"itemListElement\":[{\"@type\":\"ListItem\",\"position\":1,\"name\":\"Portada\",\"item\":\"https:\\\/\\\/webdelmaestrocmf.com\\\/portal\\\/\"},{\"@type\":\"ListItem\",\"position\":2,\"name\":\"Mundo cart\u00f3lico\",\"item\":\"https:\\\/\\\/webdelmaestrocmf.com\\\/portal\\\/category\\\/pastoral\\\/\"},{\"@type\":\"ListItem\",\"position\":3,\"name\":\"Cu\u00e1l es la misi\u00f3n de la universidad seg\u00fan el Papa Francisco: formar personas completas, no solo profesionales\"}]},{\"@type\":\"WebSite\",\"@id\":\"https:\\\/\\\/webdelmaestrocmf.com\\\/portal\\\/#website\",\"url\":\"https:\\\/\\\/webdelmaestrocmf.com\\\/portal\\\/\",\"name\":\"Web del Maestro CMF\",\"description\":\"Maestros al servicio de la educaci\u00f3n\",\"publisher\":{\"@id\":\"https:\\\/\\\/webdelmaestrocmf.com\\\/portal\\\/#organization\"},\"alternateName\":\"WMCMF\",\"potentialAction\":[{\"@type\":\"SearchAction\",\"target\":{\"@type\":\"EntryPoint\",\"urlTemplate\":\"https:\\\/\\\/webdelmaestrocmf.com\\\/portal\\\/?s={search_term_string}\"},\"query-input\":{\"@type\":\"PropertyValueSpecification\",\"valueRequired\":true,\"valueName\":\"search_term_string\"}}],\"inLanguage\":\"es\"},{\"@type\":\"Organization\",\"@id\":\"https:\\\/\\\/webdelmaestrocmf.com\\\/portal\\\/#organization\",\"name\":\"Web del Maestro CMF\",\"alternateName\":\"WMCMF\",\"url\":\"https:\\\/\\\/webdelmaestrocmf.com\\\/portal\\\/\",\"logo\":{\"@type\":\"ImageObject\",\"inLanguage\":\"es\",\"@id\":\"https:\\\/\\\/webdelmaestrocmf.com\\\/portal\\\/#\\\/schema\\\/logo\\\/image\\\/\",\"url\":\"https:\\\/\\\/webdelmaestrocmf.com\\\/portal\\\/wp-content\\\/uploads\\\/2023\\\/01\\\/logo-wmcmf-2.png\",\"contentUrl\":\"https:\\\/\\\/webdelmaestrocmf.com\\\/portal\\\/wp-content\\\/uploads\\\/2023\\\/01\\\/logo-wmcmf-2.png\",\"width\":200,\"height\":60,\"caption\":\"Web del Maestro CMF\"},\"image\":{\"@id\":\"https:\\\/\\\/webdelmaestrocmf.com\\\/portal\\\/#\\\/schema\\\/logo\\\/image\\\/\"},\"sameAs\":[\"https:\\\/\\\/www.facebook.com\\\/WebdelMaestroCMF\\\/\",\"https:\\\/\\\/x.com\\\/cmf_w\",\"https:\\\/\\\/www.pinterest.com\\\/WMCMF\\\/\",\"https:\\\/\\\/www.linkedin.com\\\/company\\\/web-del-maestro-cmf\\\/\",\"https:\\\/\\\/www.instagram.com\\\/wmcmf\\\/\",\"https:\\\/\\\/www.youtube.com\\\/channel\\\/UCDPSvjbdodE5sHnC3OxutHw\",\"https:\\\/\\\/mastodon.social\\\/@wmcmf\",\"https:\\\/\\\/www.tiktok.com\\\/@webdelmaestrocmf\"]},{\"@type\":\"Person\",\"@id\":\"https:\\\/\\\/webdelmaestrocmf.com\\\/portal\\\/#\\\/schema\\\/person\\\/1072a2ed7bd960df8ef99a551fa35dc5\",\"name\":\"Web del Maestro CMF\",\"image\":{\"@type\":\"ImageObject\",\"inLanguage\":\"es\",\"@id\":\"https:\\\/\\\/secure.gravatar.com\\\/avatar\\\/23291dd5b5ae1077dcff3dbb04c3e02bd28403fa75af6d8787d5e97c5bbbe30b?s=96&d=mm&r=g\",\"url\":\"https:\\\/\\\/secure.gravatar.com\\\/avatar\\\/23291dd5b5ae1077dcff3dbb04c3e02bd28403fa75af6d8787d5e97c5bbbe30b?s=96&d=mm&r=g\",\"contentUrl\":\"https:\\\/\\\/secure.gravatar.com\\\/avatar\\\/23291dd5b5ae1077dcff3dbb04c3e02bd28403fa75af6d8787d5e97c5bbbe30b?s=96&d=mm&r=g\",\"caption\":\"Web del Maestro CMF\"},\"description\":\"Esta Web se cre\u00f3 sin fines de lucro, con fines educativos, cient\u00edficos y acad\u00e9micos, para personas que tengan dificultades y\\\/o inconvenientes en visualizar el material original. El objetivo es entregar recursos, compartir experiencias y materiales que ayuden a los padres de familia, maestros y estudiantes en su actualizaci\u00f3n y formaci\u00f3n permanente, en bien de la Educaci\u00f3n.\",\"sameAs\":[\"http:\\\/\\\/webdelmaestrocmf.com\\\/portal\",\"https:\\\/\\\/www.facebook.com\\\/WebdelMaestroCMF\\\/\",\"https:\\\/\\\/www.instagram.com\\\/wmcmf\\\/\",\"https:\\\/\\\/cl.linkedin.com\\\/company\\\/web-del-maestro-cmf\",\"https:\\\/\\\/www.pinterest.com\\\/WMCMF\\\/publicaciones\\\/\",\"https:\\\/\\\/x.com\\\/cmf_w\",\"https:\\\/\\\/www.youtube.com\\\/@WMCMF\"]}]}<\/script>\n<!-- \/ Yoast SEO plugin. -->","yoast_head_json":{"title":"Cu\u00e1l es la misi\u00f3n de la universidad seg\u00fan el Papa Francisco: formar personas completas, no solo profesionales - 2026","description":"El pensamiento del Papa Francisco, quien insisti\u00f3 en la urgencia de una formaci\u00f3n integral que supere la fragmentaci\u00f3n del ser humano.","robots":{"index":"index","follow":"follow","max-snippet":"max-snippet:-1","max-image-preview":"max-image-preview:large","max-video-preview":"max-video-preview:-1"},"canonical":"https:\/\/webdelmaestrocmf.com\/portal\/cual-es-la-mision-de-la-universidad-segun-el-papa-francisco-formar-personas-completas-no-solo-profesionales\/","og_locale":"es_ES","og_type":"article","og_title":"Cu\u00e1l es la misi\u00f3n de la universidad seg\u00fan el Papa Francisco: formar personas completas, no solo profesionales - 2026","og_description":"El pensamiento del Papa Francisco, quien insisti\u00f3 en la urgencia de una formaci\u00f3n integral que supere la fragmentaci\u00f3n del ser humano.","og_url":"https:\/\/webdelmaestrocmf.com\/portal\/cual-es-la-mision-de-la-universidad-segun-el-papa-francisco-formar-personas-completas-no-solo-profesionales\/","og_site_name":"Web del Maestro CMF","article_publisher":"https:\/\/www.facebook.com\/WebdelMaestroCMF\/","article_author":"https:\/\/www.facebook.com\/WebdelMaestroCMF\/","article_published_time":"2026-04-08T00:39:02+00:00","article_modified_time":"2026-04-08T01:07:40+00:00","og_image":[{"width":1200,"height":675,"url":"https:\/\/webdelmaestrocmf.com\/portal\/wp-content\/uploads\/2026\/04\/1-3.webp","type":"image\/webp"}],"author":"Web del Maestro CMF","twitter_card":"summary_large_image","twitter_creator":"@cmf_w","twitter_site":"@cmf_w","schema":{"@context":"https:\/\/schema.org","@graph":[{"@type":"ScholarlyArticle","@id":"https:\/\/webdelmaestrocmf.com\/portal\/cual-es-la-mision-de-la-universidad-segun-el-papa-francisco-formar-personas-completas-no-solo-profesionales\/#article","isPartOf":{"@id":"https:\/\/webdelmaestrocmf.com\/portal\/cual-es-la-mision-de-la-universidad-segun-el-papa-francisco-formar-personas-completas-no-solo-profesionales\/"},"author":{"name":"Web del Maestro CMF","@id":"https:\/\/webdelmaestrocmf.com\/portal\/#\/schema\/person\/1072a2ed7bd960df8ef99a551fa35dc5"},"headline":"Cu\u00e1l es la misi\u00f3n de la universidad seg\u00fan el Papa Francisco: formar personas completas, no solo profesionales","datePublished":"2026-04-08T00:39:02+00:00","dateModified":"2026-04-08T01:07:40+00:00","mainEntityOfPage":{"@id":"https:\/\/webdelmaestrocmf.com\/portal\/cual-es-la-mision-de-la-universidad-segun-el-papa-francisco-formar-personas-completas-no-solo-profesionales\/"},"wordCount":1277,"commentCount":0,"publisher":{"@id":"https:\/\/webdelmaestrocmf.com\/portal\/#organization"},"image":{"@id":"https:\/\/webdelmaestrocmf.com\/portal\/cual-es-la-mision-de-la-universidad-segun-el-papa-francisco-formar-personas-completas-no-solo-profesionales\/#primaryimage"},"thumbnailUrl":"https:\/\/webdelmaestrocmf.com\/portal\/wp-content\/uploads\/2026\/04\/1-3.webp","keywords":["aprendizaje","DOCENCIA","educacion humanista","educacion superior","formacion integral","LIDERAZGO","Papa Francisco","pedagogia","UNIVERSIDAD","valores"],"articleSection":["Entrevistas","Igles\u00eda Cat\u00f3lica","Mundo cart\u00f3lico","Noticias"],"inLanguage":"es","potentialAction":[{"@type":"CommentAction","name":"Comment","target":["https:\/\/webdelmaestrocmf.com\/portal\/cual-es-la-mision-de-la-universidad-segun-el-papa-francisco-formar-personas-completas-no-solo-profesionales\/#respond"]}]},{"@type":"WebPage","@id":"https:\/\/webdelmaestrocmf.com\/portal\/cual-es-la-mision-de-la-universidad-segun-el-papa-francisco-formar-personas-completas-no-solo-profesionales\/","url":"https:\/\/webdelmaestrocmf.com\/portal\/cual-es-la-mision-de-la-universidad-segun-el-papa-francisco-formar-personas-completas-no-solo-profesionales\/","name":"Cu\u00e1l es la misi\u00f3n de la universidad seg\u00fan el Papa Francisco: formar personas completas, no solo profesionales - 2026","isPartOf":{"@id":"https:\/\/webdelmaestrocmf.com\/portal\/#website"},"primaryImageOfPage":{"@id":"https:\/\/webdelmaestrocmf.com\/portal\/cual-es-la-mision-de-la-universidad-segun-el-papa-francisco-formar-personas-completas-no-solo-profesionales\/#primaryimage"},"image":{"@id":"https:\/\/webdelmaestrocmf.com\/portal\/cual-es-la-mision-de-la-universidad-segun-el-papa-francisco-formar-personas-completas-no-solo-profesionales\/#primaryimage"},"thumbnailUrl":"https:\/\/webdelmaestrocmf.com\/portal\/wp-content\/uploads\/2026\/04\/1-3.webp","datePublished":"2026-04-08T00:39:02+00:00","dateModified":"2026-04-08T01:07:40+00:00","description":"El pensamiento del Papa Francisco, quien insisti\u00f3 en la urgencia de una formaci\u00f3n integral que supere la fragmentaci\u00f3n del ser humano.","breadcrumb":{"@id":"https:\/\/webdelmaestrocmf.com\/portal\/cual-es-la-mision-de-la-universidad-segun-el-papa-francisco-formar-personas-completas-no-solo-profesionales\/#breadcrumb"},"inLanguage":"es","potentialAction":[{"@type":"ReadAction","target":["https:\/\/webdelmaestrocmf.com\/portal\/cual-es-la-mision-de-la-universidad-segun-el-papa-francisco-formar-personas-completas-no-solo-profesionales\/"]}]},{"@type":"ImageObject","inLanguage":"es","@id":"https:\/\/webdelmaestrocmf.com\/portal\/cual-es-la-mision-de-la-universidad-segun-el-papa-francisco-formar-personas-completas-no-solo-profesionales\/#primaryimage","url":"https:\/\/webdelmaestrocmf.com\/portal\/wp-content\/uploads\/2026\/04\/1-3.webp","contentUrl":"https:\/\/webdelmaestrocmf.com\/portal\/wp-content\/uploads\/2026\/04\/1-3.webp","width":1200,"height":675},{"@type":"BreadcrumbList","@id":"https:\/\/webdelmaestrocmf.com\/portal\/cual-es-la-mision-de-la-universidad-segun-el-papa-francisco-formar-personas-completas-no-solo-profesionales\/#breadcrumb","itemListElement":[{"@type":"ListItem","position":1,"name":"Portada","item":"https:\/\/webdelmaestrocmf.com\/portal\/"},{"@type":"ListItem","position":2,"name":"Mundo cart\u00f3lico","item":"https:\/\/webdelmaestrocmf.com\/portal\/category\/pastoral\/"},{"@type":"ListItem","position":3,"name":"Cu\u00e1l es la misi\u00f3n de la universidad seg\u00fan el Papa Francisco: formar personas completas, no solo profesionales"}]},{"@type":"WebSite","@id":"https:\/\/webdelmaestrocmf.com\/portal\/#website","url":"https:\/\/webdelmaestrocmf.com\/portal\/","name":"Web del Maestro CMF","description":"Maestros al servicio de la educaci\u00f3n","publisher":{"@id":"https:\/\/webdelmaestrocmf.com\/portal\/#organization"},"alternateName":"WMCMF","potentialAction":[{"@type":"SearchAction","target":{"@type":"EntryPoint","urlTemplate":"https:\/\/webdelmaestrocmf.com\/portal\/?s={search_term_string}"},"query-input":{"@type":"PropertyValueSpecification","valueRequired":true,"valueName":"search_term_string"}}],"inLanguage":"es"},{"@type":"Organization","@id":"https:\/\/webdelmaestrocmf.com\/portal\/#organization","name":"Web del Maestro CMF","alternateName":"WMCMF","url":"https:\/\/webdelmaestrocmf.com\/portal\/","logo":{"@type":"ImageObject","inLanguage":"es","@id":"https:\/\/webdelmaestrocmf.com\/portal\/#\/schema\/logo\/image\/","url":"https:\/\/webdelmaestrocmf.com\/portal\/wp-content\/uploads\/2023\/01\/logo-wmcmf-2.png","contentUrl":"https:\/\/webdelmaestrocmf.com\/portal\/wp-content\/uploads\/2023\/01\/logo-wmcmf-2.png","width":200,"height":60,"caption":"Web del Maestro CMF"},"image":{"@id":"https:\/\/webdelmaestrocmf.com\/portal\/#\/schema\/logo\/image\/"},"sameAs":["https:\/\/www.facebook.com\/WebdelMaestroCMF\/","https:\/\/x.com\/cmf_w","https:\/\/www.pinterest.com\/WMCMF\/","https:\/\/www.linkedin.com\/company\/web-del-maestro-cmf\/","https:\/\/www.instagram.com\/wmcmf\/","https:\/\/www.youtube.com\/channel\/UCDPSvjbdodE5sHnC3OxutHw","https:\/\/mastodon.social\/@wmcmf","https:\/\/www.tiktok.com\/@webdelmaestrocmf"]},{"@type":"Person","@id":"https:\/\/webdelmaestrocmf.com\/portal\/#\/schema\/person\/1072a2ed7bd960df8ef99a551fa35dc5","name":"Web del Maestro CMF","image":{"@type":"ImageObject","inLanguage":"es","@id":"https:\/\/secure.gravatar.com\/avatar\/23291dd5b5ae1077dcff3dbb04c3e02bd28403fa75af6d8787d5e97c5bbbe30b?s=96&d=mm&r=g","url":"https:\/\/secure.gravatar.com\/avatar\/23291dd5b5ae1077dcff3dbb04c3e02bd28403fa75af6d8787d5e97c5bbbe30b?s=96&d=mm&r=g","contentUrl":"https:\/\/secure.gravatar.com\/avatar\/23291dd5b5ae1077dcff3dbb04c3e02bd28403fa75af6d8787d5e97c5bbbe30b?s=96&d=mm&r=g","caption":"Web del Maestro CMF"},"description":"Esta Web se cre\u00f3 sin fines de lucro, con fines educativos, cient\u00edficos y acad\u00e9micos, para personas que tengan dificultades y\/o inconvenientes en visualizar el material original. El objetivo es entregar recursos, compartir experiencias y materiales que ayuden a los padres de familia, maestros y estudiantes en su actualizaci\u00f3n y formaci\u00f3n permanente, en bien de la Educaci\u00f3n.","sameAs":["http:\/\/webdelmaestrocmf.com\/portal","https:\/\/www.facebook.com\/WebdelMaestroCMF\/","https:\/\/www.instagram.com\/wmcmf\/","https:\/\/cl.linkedin.com\/company\/web-del-maestro-cmf","https:\/\/www.pinterest.com\/WMCMF\/publicaciones\/","https:\/\/x.com\/cmf_w","https:\/\/www.youtube.com\/@WMCMF"]}]}},"jetpack_featured_media_url":"https:\/\/webdelmaestrocmf.com\/portal\/wp-content\/uploads\/2026\/04\/1-3.webp","jetpack_sharing_enabled":true,"jetpack-related-posts":[{"id":35897,"url":"https:\/\/webdelmaestrocmf.com\/portal\/curso-gratuito-en-linea-el-pensamiento-del-papa-francisco\/","url_meta":{"origin":117434,"position":0},"title":"CURSO GRATUITO EN L\u00cdNEA: EL PENSAMIENTO DEL PAPA FRANCISCO","author":"Web del Maestro CMF","date":"25 marzo, 2019","format":false,"excerpt":"La Universidad Cat\u00f3lica de Trujillo (Per\u00fa), Benedicto XVI inici\u00f3 su servicio educativo en el a\u00f1o 2000 con el prop\u00f3sito de colaborar en la formaci\u00f3n de nuevos l\u00edderes con alma y valores. Durante estos a\u00f1os, somos muchos los que nos hemos educado profesionalmente en sus aulas. Y es por eso que,\u2026","rel":"","context":"En \u00abCursos\u00bb","block_context":{"text":"Cursos","link":"https:\/\/webdelmaestrocmf.com\/portal\/category\/cursos\/"},"img":{"alt_text":"","src":"https:\/\/i0.wp.com\/webdelmaestrocmf.com\/portal\/wp-content\/uploads\/2019\/03\/1-49.jpg?resize=350%2C200&ssl=1","width":350,"height":200,"srcset":"https:\/\/i0.wp.com\/webdelmaestrocmf.com\/portal\/wp-content\/uploads\/2019\/03\/1-49.jpg?resize=350%2C200&ssl=1 1x, https:\/\/i0.wp.com\/webdelmaestrocmf.com\/portal\/wp-content\/uploads\/2019\/03\/1-49.jpg?resize=525%2C300&ssl=1 1.5x, https:\/\/i0.wp.com\/webdelmaestrocmf.com\/portal\/wp-content\/uploads\/2019\/03\/1-49.jpg?resize=700%2C400&ssl=1 2x, https:\/\/i0.wp.com\/webdelmaestrocmf.com\/portal\/wp-content\/uploads\/2019\/03\/1-49.jpg?resize=1050%2C600&ssl=1 3x"},"classes":[]},{"id":52084,"url":"https:\/\/webdelmaestrocmf.com\/portal\/papa-francisco-el-comunicador-nunca-debe-ocultar-la-verdad-o-manipular-la-informacion\/","url_meta":{"origin":117434,"position":1},"title":"Papa Francisco: El comunicador nunca debe ocultar la verdad o manipular la informaci\u00f3n","author":"Web del Maestro CMF","date":"25 septiembre, 2020","format":false,"excerpt":"El Papa Francisco en su mensaje con motivo de la Jornada de las Comunicaciones Sociales 2020, nos dijo que \u201cen medio de la confusi\u00f3n de las voces y de los mensajes que nos rodean, necesitamos una narraci\u00f3n humana, que nos hable de nosotros y de la belleza que poseemos. Una\u2026","rel":"","context":"En \u00abMundo cart\u00f3lico\u00bb","block_context":{"text":"Mundo cart\u00f3lico","link":"https:\/\/webdelmaestrocmf.com\/portal\/category\/pastoral\/"},"img":{"alt_text":"","src":"https:\/\/i0.wp.com\/webdelmaestrocmf.com\/portal\/wp-content\/uploads\/2020\/09\/1-copia-91.jpg?resize=350%2C200&ssl=1","width":350,"height":200,"srcset":"https:\/\/i0.wp.com\/webdelmaestrocmf.com\/portal\/wp-content\/uploads\/2020\/09\/1-copia-91.jpg?resize=350%2C200&ssl=1 1x, https:\/\/i0.wp.com\/webdelmaestrocmf.com\/portal\/wp-content\/uploads\/2020\/09\/1-copia-91.jpg?resize=525%2C300&ssl=1 1.5x, https:\/\/i0.wp.com\/webdelmaestrocmf.com\/portal\/wp-content\/uploads\/2020\/09\/1-copia-91.jpg?resize=700%2C400&ssl=1 2x, https:\/\/i0.wp.com\/webdelmaestrocmf.com\/portal\/wp-content\/uploads\/2020\/09\/1-copia-91.jpg?resize=1050%2C600&ssl=1 3x"},"classes":[]},{"id":29780,"url":"https:\/\/webdelmaestrocmf.com\/portal\/papa-francisco-educar-es-afrontar-positivamente-los-cambios-sociales\/","url_meta":{"origin":117434,"position":2},"title":"Papa Francisco: educar es afrontar positivamente los cambios sociales","author":"Web del Maestro CMF","date":"2 agosto, 2018","format":false,"excerpt":"\u201cSolo si se cambia la educaci\u00f3n se puede cambiar el mundo\u201d, afirma el Papa Francisco, como un llamado a los educadores a encontrar un momento y reflexionar sobre su tarea educativa, tanto como padres de familia, y\/o como maestros en los hogares y en las escuelas; para consolidar lo bueno\u2026","rel":"","context":"En \u00abMundo cart\u00f3lico\u00bb","block_context":{"text":"Mundo cart\u00f3lico","link":"https:\/\/webdelmaestrocmf.com\/portal\/category\/pastoral\/"},"img":{"alt_text":"","src":"https:\/\/i0.wp.com\/webdelmaestrocmf.com\/portal\/wp-content\/uploads\/2018\/08\/1-8.jpg?resize=350%2C200&ssl=1","width":350,"height":200,"srcset":"https:\/\/i0.wp.com\/webdelmaestrocmf.com\/portal\/wp-content\/uploads\/2018\/08\/1-8.jpg?resize=350%2C200&ssl=1 1x, https:\/\/i0.wp.com\/webdelmaestrocmf.com\/portal\/wp-content\/uploads\/2018\/08\/1-8.jpg?resize=525%2C300&ssl=1 1.5x, https:\/\/i0.wp.com\/webdelmaestrocmf.com\/portal\/wp-content\/uploads\/2018\/08\/1-8.jpg?resize=700%2C400&ssl=1 2x, https:\/\/i0.wp.com\/webdelmaestrocmf.com\/portal\/wp-content\/uploads\/2018\/08\/1-8.jpg?resize=1050%2C600&ssl=1 3x, https:\/\/i0.wp.com\/webdelmaestrocmf.com\/portal\/wp-content\/uploads\/2018\/08\/1-8.jpg?resize=1400%2C800&ssl=1 4x"},"classes":[]},{"id":113589,"url":"https:\/\/webdelmaestrocmf.com\/portal\/papa-leon-xiv-las-tecnologias-deben-servir-a-la-persona-no-sustituirla-enriquecer-el-proceso-de-aprendizaje-las-relaciones-y-las-comunidades-educar-es-una-tarea-de-amor-que-se-transmite-de-genera\/","url_meta":{"origin":117434,"position":3},"title":"Papa Le\u00f3n XIV: Las tecnolog\u00edas deben servir a la persona, no sustituirla; enriquecer el proceso de aprendizaje, las relaciones y las comunidades. Educar es una tarea de amor que se transmite de generaci\u00f3n en generaci\u00f3n","author":"Web del Maestro CMF","date":"23 noviembre, 2025","format":false,"excerpt":"La educaci\u00f3n cristiana integra fe, raz\u00f3n y comunidad; la tecnolog\u00eda acompa\u00f1a, no sustituye, transmitiendo amor y esperanza generacional.","rel":"","context":"En \u00abMundo cart\u00f3lico\u00bb","block_context":{"text":"Mundo cart\u00f3lico","link":"https:\/\/webdelmaestrocmf.com\/portal\/category\/pastoral\/"},"img":{"alt_text":"","src":"https:\/\/i0.wp.com\/webdelmaestrocmf.com\/portal\/wp-content\/uploads\/2025\/11\/1A-Banner-1-portada-imagen-10-1-copia-17.webp?resize=350%2C200&ssl=1","width":350,"height":200,"srcset":"https:\/\/i0.wp.com\/webdelmaestrocmf.com\/portal\/wp-content\/uploads\/2025\/11\/1A-Banner-1-portada-imagen-10-1-copia-17.webp?resize=350%2C200&ssl=1 1x, https:\/\/i0.wp.com\/webdelmaestrocmf.com\/portal\/wp-content\/uploads\/2025\/11\/1A-Banner-1-portada-imagen-10-1-copia-17.webp?resize=525%2C300&ssl=1 1.5x, https:\/\/i0.wp.com\/webdelmaestrocmf.com\/portal\/wp-content\/uploads\/2025\/11\/1A-Banner-1-portada-imagen-10-1-copia-17.webp?resize=700%2C400&ssl=1 2x"},"classes":[]},{"id":25894,"url":"https:\/\/webdelmaestrocmf.com\/portal\/papa-francisco-desterrar-una-educacion-competitiva-agresiva-dura-los-demas\/","url_meta":{"origin":117434,"position":4},"title":"Papa Francisco: hay que desterrar una educaci\u00f3n competitiva, agresiva, y dura contra los dem\u00e1s","author":"Web del Maestro CMF","date":"17 enero, 2018","format":false,"excerpt":"El di\u00e1logo y el entendimiento entre la escuela y el hogar, son el soporte para lograr que los estudiantes logren los objetivos de la Educaci\u00f3n. El padre de familia y el profesor tienen que remar juntos en la misma direcci\u00f3n. Pero es el profesor o maestro, quien debe dar el\u2026","rel":"","context":"En \u00abMundo cart\u00f3lico\u00bb","block_context":{"text":"Mundo cart\u00f3lico","link":"https:\/\/webdelmaestrocmf.com\/portal\/category\/pastoral\/"},"img":{"alt_text":"","src":"https:\/\/i0.wp.com\/webdelmaestrocmf.com\/portal\/wp-content\/uploads\/2018\/01\/1-25.jpg?resize=350%2C200&ssl=1","width":350,"height":200,"srcset":"https:\/\/i0.wp.com\/webdelmaestrocmf.com\/portal\/wp-content\/uploads\/2018\/01\/1-25.jpg?resize=350%2C200&ssl=1 1x, https:\/\/i0.wp.com\/webdelmaestrocmf.com\/portal\/wp-content\/uploads\/2018\/01\/1-25.jpg?resize=525%2C300&ssl=1 1.5x, https:\/\/i0.wp.com\/webdelmaestrocmf.com\/portal\/wp-content\/uploads\/2018\/01\/1-25.jpg?resize=700%2C400&ssl=1 2x, https:\/\/i0.wp.com\/webdelmaestrocmf.com\/portal\/wp-content\/uploads\/2018\/01\/1-25.jpg?resize=1050%2C600&ssl=1 3x"},"classes":[]},{"id":35285,"url":"https:\/\/webdelmaestrocmf.com\/portal\/papa-francisco-debemos-combatir-los-abusos-sexuales-hasta-el-final\/","url_meta":{"origin":117434,"position":5},"title":"Papa Francisco: debemos combatir los abusos sexuales hasta el final","author":"Web del Maestro CMF","date":"25 febrero, 2019","format":false,"excerpt":"En el \u00e1ngelus del domingo, el Papa Francisco explic\u00f3 que amar a los enemigos no es una opci\u00f3n, sino una orden de Jes\u00fas. Incluso dio claves para lidiar con las personas que cotillean. \u201cRecordad las cosas buenas de la gente, y cuando uno venga con un chisme, y hable mal\u2026","rel":"","context":"En \u00abMundo cart\u00f3lico\u00bb","block_context":{"text":"Mundo cart\u00f3lico","link":"https:\/\/webdelmaestrocmf.com\/portal\/category\/pastoral\/"},"img":{"alt_text":"","src":"https:\/\/i0.wp.com\/webdelmaestrocmf.com\/portal\/wp-content\/uploads\/2019\/02\/1-36.jpg?resize=350%2C200&ssl=1","width":350,"height":200,"srcset":"https:\/\/i0.wp.com\/webdelmaestrocmf.com\/portal\/wp-content\/uploads\/2019\/02\/1-36.jpg?resize=350%2C200&ssl=1 1x, https:\/\/i0.wp.com\/webdelmaestrocmf.com\/portal\/wp-content\/uploads\/2019\/02\/1-36.jpg?resize=525%2C300&ssl=1 1.5x, https:\/\/i0.wp.com\/webdelmaestrocmf.com\/portal\/wp-content\/uploads\/2019\/02\/1-36.jpg?resize=700%2C400&ssl=1 2x, https:\/\/i0.wp.com\/webdelmaestrocmf.com\/portal\/wp-content\/uploads\/2019\/02\/1-36.jpg?resize=1050%2C600&ssl=1 3x"},"classes":[]}],"_links":{"self":[{"href":"https:\/\/webdelmaestrocmf.com\/portal\/wp-json\/wp\/v2\/posts\/117434","targetHints":{"allow":["GET"]}}],"collection":[{"href":"https:\/\/webdelmaestrocmf.com\/portal\/wp-json\/wp\/v2\/posts"}],"about":[{"href":"https:\/\/webdelmaestrocmf.com\/portal\/wp-json\/wp\/v2\/types\/post"}],"author":[{"embeddable":true,"href":"https:\/\/webdelmaestrocmf.com\/portal\/wp-json\/wp\/v2\/users\/1"}],"replies":[{"embeddable":true,"href":"https:\/\/webdelmaestrocmf.com\/portal\/wp-json\/wp\/v2\/comments?post=117434"}],"version-history":[{"count":1,"href":"https:\/\/webdelmaestrocmf.com\/portal\/wp-json\/wp\/v2\/posts\/117434\/revisions"}],"predecessor-version":[{"id":117436,"href":"https:\/\/webdelmaestrocmf.com\/portal\/wp-json\/wp\/v2\/posts\/117434\/revisions\/117436"}],"wp:featuredmedia":[{"embeddable":true,"href":"https:\/\/webdelmaestrocmf.com\/portal\/wp-json\/wp\/v2\/media\/117439"}],"wp:attachment":[{"href":"https:\/\/webdelmaestrocmf.com\/portal\/wp-json\/wp\/v2\/media?parent=117434"}],"wp:term":[{"taxonomy":"category","embeddable":true,"href":"https:\/\/webdelmaestrocmf.com\/portal\/wp-json\/wp\/v2\/categories?post=117434"},{"taxonomy":"post_tag","embeddable":true,"href":"https:\/\/webdelmaestrocmf.com\/portal\/wp-json\/wp\/v2\/tags?post=117434"}],"curies":[{"name":"wp","href":"https:\/\/api.w.org\/{rel}","templated":true}]}}