{"id":117413,"date":"2026-04-07T16:00:00","date_gmt":"2026-04-07T20:00:00","guid":{"rendered":"https:\/\/webdelmaestrocmf.com\/portal\/?p=117413"},"modified":"2026-04-07T16:13:13","modified_gmt":"2026-04-07T20:13:13","slug":"los-docentes-de-educacion-inicial-en-madrid-inician-una-huelga-indefinida-para-exigir-menos-alumnos-por-aula-y-mejores-salarios","status":"publish","type":"post","link":"https:\/\/webdelmaestrocmf.com\/portal\/los-docentes-de-educacion-inicial-en-madrid-inician-una-huelga-indefinida-para-exigir-menos-alumnos-por-aula-y-mejores-salarios\/","title":{"rendered":"Los docentes de educaci\u00f3n inicial en Madrid inician una huelga indefinida para exigir menos alumnos por aula y mejores salarios"},"content":{"rendered":"\n<p>El reciente inicio de una huelga indefinida por parte de docentes del primer ciclo de Educaci\u00f3n Infantil refleja una problem\u00e1tica estructural que trasciende lo laboral y se instala en el coraz\u00f3n mismo del sistema educativo. <strong>No se trata \u00fanicamente de una demanda salarial, sino de una alerta sobre las condiciones en las que se est\u00e1 educando a los ni\u00f1os m\u00e1s peque\u00f1os<\/strong>, una etapa clave para el desarrollo cognitivo, emocional y social.<\/p>\n\n\n\n<h2 class=\"wp-block-heading\"><strong>Ratios elevadas: el l\u00edmite invisible de la calidad educativa<\/strong><\/h2>\n\n\n\n<p>Uno de los principales reclamos del profesorado es la reducci\u00f3n de las ratios, es decir, la cantidad de ni\u00f1os por docente. <strong>Cuando un educador debe atender a un n\u00famero excesivo de estudiantes, la calidad de la atenci\u00f3n se deteriora inevitablemente<\/strong>. En edades tempranas, donde el v\u00ednculo afectivo, la observaci\u00f3n individualizada y la intervenci\u00f3n oportuna son esenciales, este problema se agrava.<\/p>\n\n\n\n<p>Desde una perspectiva pedag\u00f3gica, <strong>las altas ratios impiden aplicar metodolog\u00edas activas, personalizadas y centradas en el ni\u00f1o<\/strong>, reduciendo la labor docente a una gesti\u00f3n b\u00e1sica de cuidado m\u00e1s que a una verdadera acci\u00f3n educativa. Esto contradice directamente los principios actuales de la neuroeducaci\u00f3n y del desarrollo infantil temprano.<\/p>\n\n\n\n<figure class=\"wp-block-embed is-type-video is-provider-youtube wp-block-embed-youtube wp-embed-aspect-9-16 wp-has-aspect-ratio\"><div class=\"wp-block-embed__wrapper\">\n<iframe loading=\"lazy\" title=\"Comienza la huelga indefinida de las trabajadoras del primer ciclo de Educaci\u00f3n Infantil de Madrid\" width=\"563\" height=\"1000\" src=\"https:\/\/www.youtube.com\/embed\/6XzAq62qztY?feature=oembed\" frameborder=\"0\" allow=\"accelerometer; autoplay; clipboard-write; encrypted-media; gyroscope; picture-in-picture; web-share\" referrerpolicy=\"strict-origin-when-cross-origin\" allowfullscreen><\/iframe>\n<\/div><\/figure>\n\n\n\n<h2 class=\"wp-block-heading\"><strong>La precarizaci\u00f3n docente: un problema que impacta directamente en el aula<\/strong><\/h2>\n\n\n\n<p>El segundo eje de la protesta est\u00e1 relacionado con los salarios y las condiciones laborales. <strong>Un docente que trabaja en condiciones precarias no solo enfrenta desgaste emocional, sino que tambi\u00e9n ve limitada su capacidad de innovaci\u00f3n y compromiso profesional<\/strong>.<\/p>\n\n\n\n<p>El problema es m\u00e1s profundo de lo que parece: <strong>la desvalorizaci\u00f3n del docente en los primeros a\u00f1os educativos refuerza la idea err\u00f3nea de que esta etapa es menos importante<\/strong>, cuando en realidad es la base sobre la cual se construyen todos los aprendizajes posteriores.<\/p>\n\n\n\n<p>Adem\u00e1s, se evidencia un fen\u00f3meno cr\u00edtico: <strong>la dificultad de sostener movilizaciones prolongadas debido a los bajos ingresos<\/strong>, lo que revela un c\u00edrculo vicioso donde la precariedad limita incluso la capacidad de exigir mejoras.<\/p>\n\n\n\n<h2 class=\"wp-block-heading\"><strong>Un sector invisibilizado en las pol\u00edticas educativas<\/strong><\/h2>\n\n\n\n<p>Uno de los aspectos m\u00e1s preocupantes es que este nivel educativo no siempre es considerado prioritario en las normativas oficiales. <strong>El hecho de que la educaci\u00f3n de 0 a 3 a\u00f1os no sea plenamente integrada en regulaciones clave refleja una desconexi\u00f3n entre la pol\u00edtica educativa y la evidencia cient\u00edfica sobre el desarrollo infantil<\/strong>.<\/p>\n\n\n\n<p>Esta invisibilizaci\u00f3n tiene consecuencias directas: menor financiamiento, menor regulaci\u00f3n de condiciones y una percepci\u00f3n social disminuida del rol docente en esta etapa. <strong>Se trata de un error estrat\u00e9gico, ya que invertir en educaci\u00f3n temprana es una de las decisiones m\u00e1s efectivas para mejorar los sistemas educativos a largo plazo<\/strong>.<\/p>\n\n\n\n<h2 class=\"wp-block-heading\"><strong>El conflicto no es laboral, es educativo<\/strong><\/h2>\n\n\n\n<p>Un elemento clave del movimiento docente es la claridad con la que se define el conflicto. <strong>No se plantea como una disputa entre trabajadores y empleadores, sino como una tensi\u00f3n entre el sector educativo y las instituciones responsables de garantizar su calidad<\/strong>. Esta distinci\u00f3n es fundamental.<\/p>\n\n\n\n<p>Desde la perspectiva docente, <strong>las condiciones actuales no solo afectan a los profesionales, sino que comprometen directamente el derecho de los ni\u00f1os a una educaci\u00f3n de calidad<\/strong>. Por ello, el conflicto adquiere una dimensi\u00f3n \u00e9tica y pedag\u00f3gica.<\/p>\n\n\n\n<h2 class=\"wp-block-heading\"><strong>Lecciones para el contexto latinoamericano<\/strong><\/h2>\n\n\n\n<p>Este escenario no es exclusivo de un pa\u00eds. <strong>En gran parte de Am\u00e9rica Latina, la educaci\u00f3n inicial enfrenta problemas similares: sobrecarga laboral, baja valoraci\u00f3n social y escasa inversi\u00f3n p\u00fablica<\/strong>. Lo que ocurre aqu\u00ed debe interpretarse como una se\u00f1al de alerta para toda la regi\u00f3n.<\/p>\n\n\n\n<p>Para los docentes, este caso deja varias lecciones clave. <strong>Primero, la importancia de visibilizar el rol educativo en los primeros a\u00f1os y no reducirlo a una funci\u00f3n asistencial<\/strong>. Segundo, <strong>la necesidad de articular demandas pedag\u00f3gicas con argumentos t\u00e9cnicos s\u00f3lidos<\/strong>, basados en evidencia del desarrollo infantil. Y tercero, <strong>la urgencia de construir una narrativa social que reconozca el valor estrat\u00e9gico de la educaci\u00f3n inicial<\/strong>.<\/p>\n\n\n\n<h2 class=\"wp-block-heading\"><strong>Educar no es guardar: una afirmaci\u00f3n que exige coherencia<\/strong><\/h2>\n\n\n\n<p>Uno de los mensajes m\u00e1s potentes que emergen de esta movilizaci\u00f3n es la idea de que educar no es simplemente cuidar. <strong>Educar implica intencionalidad, conocimiento, planificaci\u00f3n y v\u00ednculo<\/strong>, elementos que requieren condiciones adecuadas para desarrollarse.<\/p>\n\n\n\n<p>Cuando el sistema no garantiza estas condiciones, <strong>no solo falla al docente, sino que compromete el futuro de los estudiantes desde sus primeros a\u00f1os de vida<\/strong>. Y ese es, sin duda, el problema m\u00e1s grave. <\/p>\n\n\n\n<p class=\"has-text-align-right\"><strong>Redacci\u00f3n | Web del Maestro CMF<\/strong><\/p>\n\n\n\t\t<div class=\"pk-inline-posts\">\n\t\t\t\t\t\t\t<h5 class=\"pk-inline-posts-title pk-title pk-font-block\">\n\t\t\t\t\t\u00daltimas entradas\t\t\t\t<\/h5>\n\t\t\t\n\t\t\t<div class=\"pk-inline-posts-container pk-inline-posts-template-list\"\n\t\t\t\tdata-columns=\"1\">\n\t\t\t\t\t\t<article id=\"post-118433\" class=\"post-118433 post type-post status-publish format-standard has-post-thumbnail category-noticias-internacionales tag-aprendizaje tag-atencion-en-el-aula-2 tag-docentes tag-educacion-3 tag-estrategias-didacticas-2 tag-innovacion-educativa-3 tag-motivacion-escolar-2 tag-neuroeducacion-2 tag-pedagogia-3 tag-tecnologia-educativa-3 cs-entry cs-video-wrap\">\n\t\t\t<div class=\"pk-post-outer\">\n\n\t\t\t\t\t\t\t\t<div class=\"pk-post-inner\">\n\t\t\t\t\t<div class=\"entry-thumbnail\">\n\t\t\t\t\t\t<div class=\"pk-overlay pk-overlay-ratio pk-ratio-landscape\">\n\t\t\t\t\t\t\t<div class=\"pk-overlay-background\">\n\t\t\t\t\t\t\t\t<a href=\"https:\/\/webdelmaestrocmf.com\/portal\/9-de-cada-10-maestros-confirman-que-los-alumnos-ya-no-prestan-atencion-en-clase\/\" class=\"pk-overlay-link\">\n\t\t\t\t\t\t\t\t\t<img loading=\"lazy\" decoding=\"async\" width=\"300\" height=\"225\" src=\"https:\/\/webdelmaestrocmf.com\/portal\/wp-content\/uploads\/2026\/04\/1AA-Banner-1-portada-imagen-10-1-copia-1-10-300x225.webp\" class=\"attachment-pk-thumbnail size-pk-thumbnail wp-post-image\" alt=\"\" \/>\t\t\t\t\t\t\t\t<\/a>\n\t\t\t\t\t\t\t<\/div>\n\t\t\t\t\t\t<\/div>\n\t\t\t\t\t<\/div>\n\t\t\t\t<\/div>\n\t\t\t\t\n\t\t\t\t<div class=\"pk-post-inner\">\n\t\t\t\t\t<header>\n\t\t\t\t\t\t<h3 class=\"pk-title\"><a href=\"https:\/\/webdelmaestrocmf.com\/portal\/9-de-cada-10-maestros-confirman-que-los-alumnos-ya-no-prestan-atencion-en-clase\/\" rel=\"bookmark\">9 de cada 10 maestros confirman que los alumnos ya no prestan atenci\u00f3n en clase<\/a><\/h3>\t\t\t\t\t<\/header><!-- .entry-header -->\n\t\t\t\t<\/div><!-- .post-inner -->\n\n\t\t\t<\/div><!-- .post-outer -->\n\t\t<\/article>\n\t\t\t<article id=\"post-118385\" class=\"post-118385 post type-post status-publish format-standard has-post-thumbnail category-noticias-internacionales tag-accidente-escolar tag-comunidad-escolar tag-cuidado-infantil tag-derechos-del-nino tag-educacion-segura tag-gestion-educativa-3 tag-prevencion-riesgos tag-responsabilidad-educativa tag-seguridad-escolar tag-supervision-docente cs-entry cs-video-wrap\">\n\t\t\t<div class=\"pk-post-outer\">\n\n\t\t\t\t\t\t\t\t<div class=\"pk-post-inner\">\n\t\t\t\t\t<div class=\"entry-thumbnail\">\n\t\t\t\t\t\t<div class=\"pk-overlay pk-overlay-ratio pk-ratio-landscape\">\n\t\t\t\t\t\t\t<div class=\"pk-overlay-background\">\n\t\t\t\t\t\t\t\t<a href=\"https:\/\/webdelmaestrocmf.com\/portal\/nina-fallece-tras-presunto-tropiezo-en-escuela-pero-su-padre-desmiente-la-version-me-encontre-a-mi-hija-toda-ensangrentada\/\" class=\"pk-overlay-link\">\n\t\t\t\t\t\t\t\t\t<img loading=\"lazy\" decoding=\"async\" width=\"300\" height=\"225\" src=\"https:\/\/webdelmaestrocmf.com\/portal\/wp-content\/uploads\/2026\/04\/1AA-Banner-1-portada-imagen-10-1-copia-4-3-300x225.webp\" class=\"attachment-pk-thumbnail size-pk-thumbnail wp-post-image\" alt=\"\" \/>\t\t\t\t\t\t\t\t<\/a>\n\t\t\t\t\t\t\t<\/div>\n\t\t\t\t\t\t<\/div>\n\t\t\t\t\t<\/div>\n\t\t\t\t<\/div>\n\t\t\t\t\n\t\t\t\t<div class=\"pk-post-inner\">\n\t\t\t\t\t<header>\n\t\t\t\t\t\t<h3 class=\"pk-title\"><a href=\"https:\/\/webdelmaestrocmf.com\/portal\/nina-fallece-tras-presunto-tropiezo-en-escuela-pero-su-padre-desmiente-la-version-me-encontre-a-mi-hija-toda-ensangrentada\/\" rel=\"bookmark\">Ni\u00f1a fallece tras presunto tropiezo en escuela, pero su padre desmiente la versi\u00f3n: \u201cMe encontr\u00e9 a mi hija toda ensangrentada\u201d<\/a><\/h3>\t\t\t\t\t<\/header><!-- .entry-header -->\n\t\t\t\t<\/div><!-- .post-inner -->\n\n\t\t\t<\/div><!-- .post-outer -->\n\t\t<\/article>\n\t\t\t<article id=\"post-118342\" class=\"post-118342 post type-post status-publish format-standard has-post-thumbnail category-noticias-internacionales tag-alfabetizacion tag-aprendizaje tag-comprension-lectora tag-docentes tag-educacion tag-escuela tag-innovacion-educativa tag-lectura tag-pedagogia tag-tecnologia-educativa cs-entry cs-video-wrap\">\n\t\t\t<div class=\"pk-post-outer\">\n\n\t\t\t\t\t\t\t\t<div class=\"pk-post-inner\">\n\t\t\t\t\t<div class=\"entry-thumbnail\">\n\t\t\t\t\t\t<div class=\"pk-overlay pk-overlay-ratio pk-ratio-landscape\">\n\t\t\t\t\t\t\t<div class=\"pk-overlay-background\">\n\t\t\t\t\t\t\t\t<a href=\"https:\/\/webdelmaestrocmf.com\/portal\/apagon-digital-en-la-escuela-suecia-frena-la-inversion-en-pantallas-y-vuelve-a-los-libros\/\" class=\"pk-overlay-link\">\n\t\t\t\t\t\t\t\t\t<img loading=\"lazy\" decoding=\"async\" width=\"300\" height=\"225\" src=\"https:\/\/webdelmaestrocmf.com\/portal\/wp-content\/uploads\/2026\/04\/1AA-Banner-1-portada-imagen-10-1-copia-8-2-300x225.webp\" class=\"attachment-pk-thumbnail size-pk-thumbnail wp-post-image\" alt=\"\" \/>\t\t\t\t\t\t\t\t<\/a>\n\t\t\t\t\t\t\t<\/div>\n\t\t\t\t\t\t<\/div>\n\t\t\t\t\t<\/div>\n\t\t\t\t<\/div>\n\t\t\t\t\n\t\t\t\t<div class=\"pk-post-inner\">\n\t\t\t\t\t<header>\n\t\t\t\t\t\t<h3 class=\"pk-title\"><a href=\"https:\/\/webdelmaestrocmf.com\/portal\/apagon-digital-en-la-escuela-suecia-frena-la-inversion-en-pantallas-y-vuelve-a-los-libros\/\" rel=\"bookmark\">\u00bfApag\u00f3n digital en la escuela? Suecia frena la inversi\u00f3n en pantallas y vuelve a los libros<\/a><\/h3>\t\t\t\t\t<\/header><!-- .entry-header -->\n\t\t\t\t<\/div><!-- .post-inner -->\n\n\t\t\t<\/div><!-- .post-outer -->\n\t\t<\/article>\n\t\t\t\t<\/div>\n\t\t<\/div>\n\t\t\n","protected":false},"excerpt":{"rendered":"Docentes de educaci\u00f3n infantil inician huelga denunciando altas ratios, bajos salarios y falta de reconocimiento. La crisis evidencia un sistema que compromete la calidad educativa desde los primeros a\u00f1os.","protected":false},"author":1,"featured_media":117416,"comment_status":"open","ping_status":"closed","sticky":false,"template":"","format":"standard","meta":{"csco_display_header_overlay":false,"csco_singular_sidebar":"","csco_page_header_type":"","csco_page_load_nextpost":"","csco_post_video_location":[],"csco_post_video_location_hash":"","csco_post_video_url":"","csco_post_video_bg_start_time":0,"csco_post_video_bg_end_time":0,"csco_post_video_bg_volume":false,"_jetpack_memberships_contains_paid_content":false,"footnotes":""},"categories":[23790],"tags":[165,25153,2894,58,25489,25325,24447,24416,4568,377],"class_list":{"0":"post-117413","1":"post","2":"type-post","3":"status-publish","4":"format-standard","5":"has-post-thumbnail","7":"category-noticias-internacionales","8":"tag-calidad-educativa","9":"tag-condiciones-laborales","10":"tag-desarrollo-infantil","11":"tag-docentes","12":"tag-educacion-inicial-2","13":"tag-politica-educativa-2","14":"tag-primera-infancia","15":"tag-ratios","16":"tag-salario-docente","17":"tag-sistema-educativo","18":"cs-entry","19":"cs-video-wrap"},"yoast_head":"<!-- This site is optimized with the Yoast SEO plugin v27.5 - https:\/\/yoast.com\/product\/yoast-seo-wordpress\/ -->\n<title>Los docentes de educaci\u00f3n inicial en Madrid inician una huelga indefinida para exigir menos alumnos por aula y mejores salarios - 2026<\/title>\n<meta name=\"description\" content=\"El reciente inicio de una huelga indefinida por parte de docentes del primer ciclo de Educaci\u00f3n Infantil refleja una problem\u00e1tica...\" \/>\n<meta name=\"robots\" content=\"index, follow, max-snippet:-1, max-image-preview:large, max-video-preview:-1\" \/>\n<link rel=\"canonical\" href=\"https:\/\/webdelmaestrocmf.com\/portal\/los-docentes-de-educacion-inicial-en-madrid-inician-una-huelga-indefinida-para-exigir-menos-alumnos-por-aula-y-mejores-salarios\/\" \/>\n<meta property=\"og:locale\" content=\"es_ES\" \/>\n<meta property=\"og:type\" content=\"article\" \/>\n<meta property=\"og:title\" content=\"Los docentes de educaci\u00f3n inicial en Madrid inician una huelga indefinida para exigir menos alumnos por aula y mejores salarios - 2026\" \/>\n<meta property=\"og:description\" content=\"El reciente inicio de una huelga indefinida por parte de docentes del primer ciclo de Educaci\u00f3n Infantil refleja una problem\u00e1tica...\" \/>\n<meta property=\"og:url\" content=\"https:\/\/webdelmaestrocmf.com\/portal\/los-docentes-de-educacion-inicial-en-madrid-inician-una-huelga-indefinida-para-exigir-menos-alumnos-por-aula-y-mejores-salarios\/\" \/>\n<meta property=\"og:site_name\" content=\"Web del Maestro CMF\" \/>\n<meta property=\"article:publisher\" content=\"https:\/\/www.facebook.com\/WebdelMaestroCMF\/\" \/>\n<meta property=\"article:author\" content=\"https:\/\/www.facebook.com\/WebdelMaestroCMF\/\" \/>\n<meta property=\"article:published_time\" content=\"2026-04-07T20:00:00+00:00\" \/>\n<meta property=\"article:modified_time\" content=\"2026-04-07T20:13:13+00:00\" \/>\n<meta property=\"og:image\" content=\"https:\/\/webdelmaestrocmf.com\/portal\/wp-content\/uploads\/2026\/04\/1-2.webp\" \/>\n\t<meta property=\"og:image:width\" content=\"1200\" \/>\n\t<meta property=\"og:image:height\" content=\"675\" \/>\n\t<meta property=\"og:image:type\" content=\"image\/webp\" \/>\n<meta name=\"author\" content=\"Web del Maestro CMF\" \/>\n<meta name=\"twitter:card\" content=\"summary_large_image\" \/>\n<meta name=\"twitter:creator\" content=\"@cmf_w\" \/>\n<meta name=\"twitter:site\" content=\"@cmf_w\" \/>\n<script type=\"application\/ld+json\" class=\"yoast-schema-graph\">{\"@context\":\"https:\\\/\\\/schema.org\",\"@graph\":[{\"@type\":\"ScholarlyArticle\",\"@id\":\"https:\\\/\\\/webdelmaestrocmf.com\\\/portal\\\/los-docentes-de-educacion-inicial-en-madrid-inician-una-huelga-indefinida-para-exigir-menos-alumnos-por-aula-y-mejores-salarios\\\/#article\",\"isPartOf\":{\"@id\":\"https:\\\/\\\/webdelmaestrocmf.com\\\/portal\\\/los-docentes-de-educacion-inicial-en-madrid-inician-una-huelga-indefinida-para-exigir-menos-alumnos-por-aula-y-mejores-salarios\\\/\"},\"author\":{\"name\":\"Web del Maestro CMF\",\"@id\":\"https:\\\/\\\/webdelmaestrocmf.com\\\/portal\\\/#\\\/schema\\\/person\\\/1072a2ed7bd960df8ef99a551fa35dc5\"},\"headline\":\"Los docentes de educaci\u00f3n inicial en Madrid inician una huelga indefinida para exigir menos alumnos por aula y mejores salarios\",\"datePublished\":\"2026-04-07T20:00:00+00:00\",\"dateModified\":\"2026-04-07T20:13:13+00:00\",\"mainEntityOfPage\":{\"@id\":\"https:\\\/\\\/webdelmaestrocmf.com\\\/portal\\\/los-docentes-de-educacion-inicial-en-madrid-inician-una-huelga-indefinida-para-exigir-menos-alumnos-por-aula-y-mejores-salarios\\\/\"},\"wordCount\":829,\"commentCount\":0,\"publisher\":{\"@id\":\"https:\\\/\\\/webdelmaestrocmf.com\\\/portal\\\/#organization\"},\"image\":{\"@id\":\"https:\\\/\\\/webdelmaestrocmf.com\\\/portal\\\/los-docentes-de-educacion-inicial-en-madrid-inician-una-huelga-indefinida-para-exigir-menos-alumnos-por-aula-y-mejores-salarios\\\/#primaryimage\"},\"thumbnailUrl\":\"https:\\\/\\\/webdelmaestrocmf.com\\\/portal\\\/wp-content\\\/uploads\\\/2026\\\/04\\\/1-2.webp\",\"keywords\":[\"CALIDAD EDUCATIVA\",\"condiciones laborales\",\"DESARROLLO INFANTIL\",\"DOCENTES\",\"educacion inicial\",\"politica educativa\",\"primera infancia\",\"ratios\",\"SALARIO DOCENTE\",\"sistema educativo\"],\"articleSection\":[\"Noticias Internacionales\"],\"inLanguage\":\"es\",\"potentialAction\":[{\"@type\":\"CommentAction\",\"name\":\"Comment\",\"target\":[\"https:\\\/\\\/webdelmaestrocmf.com\\\/portal\\\/los-docentes-de-educacion-inicial-en-madrid-inician-una-huelga-indefinida-para-exigir-menos-alumnos-por-aula-y-mejores-salarios\\\/#respond\"]}]},{\"@type\":\"WebPage\",\"@id\":\"https:\\\/\\\/webdelmaestrocmf.com\\\/portal\\\/los-docentes-de-educacion-inicial-en-madrid-inician-una-huelga-indefinida-para-exigir-menos-alumnos-por-aula-y-mejores-salarios\\\/\",\"url\":\"https:\\\/\\\/webdelmaestrocmf.com\\\/portal\\\/los-docentes-de-educacion-inicial-en-madrid-inician-una-huelga-indefinida-para-exigir-menos-alumnos-por-aula-y-mejores-salarios\\\/\",\"name\":\"Los docentes de educaci\u00f3n inicial en Madrid inician una huelga indefinida para exigir menos alumnos por aula y mejores salarios - 2026\",\"isPartOf\":{\"@id\":\"https:\\\/\\\/webdelmaestrocmf.com\\\/portal\\\/#website\"},\"primaryImageOfPage\":{\"@id\":\"https:\\\/\\\/webdelmaestrocmf.com\\\/portal\\\/los-docentes-de-educacion-inicial-en-madrid-inician-una-huelga-indefinida-para-exigir-menos-alumnos-por-aula-y-mejores-salarios\\\/#primaryimage\"},\"image\":{\"@id\":\"https:\\\/\\\/webdelmaestrocmf.com\\\/portal\\\/los-docentes-de-educacion-inicial-en-madrid-inician-una-huelga-indefinida-para-exigir-menos-alumnos-por-aula-y-mejores-salarios\\\/#primaryimage\"},\"thumbnailUrl\":\"https:\\\/\\\/webdelmaestrocmf.com\\\/portal\\\/wp-content\\\/uploads\\\/2026\\\/04\\\/1-2.webp\",\"datePublished\":\"2026-04-07T20:00:00+00:00\",\"dateModified\":\"2026-04-07T20:13:13+00:00\",\"description\":\"El reciente inicio de una huelga indefinida por parte de docentes del primer ciclo de Educaci\u00f3n Infantil refleja una problem\u00e1tica...\",\"breadcrumb\":{\"@id\":\"https:\\\/\\\/webdelmaestrocmf.com\\\/portal\\\/los-docentes-de-educacion-inicial-en-madrid-inician-una-huelga-indefinida-para-exigir-menos-alumnos-por-aula-y-mejores-salarios\\\/#breadcrumb\"},\"inLanguage\":\"es\",\"potentialAction\":[{\"@type\":\"ReadAction\",\"target\":[\"https:\\\/\\\/webdelmaestrocmf.com\\\/portal\\\/los-docentes-de-educacion-inicial-en-madrid-inician-una-huelga-indefinida-para-exigir-menos-alumnos-por-aula-y-mejores-salarios\\\/\"]}]},{\"@type\":\"ImageObject\",\"inLanguage\":\"es\",\"@id\":\"https:\\\/\\\/webdelmaestrocmf.com\\\/portal\\\/los-docentes-de-educacion-inicial-en-madrid-inician-una-huelga-indefinida-para-exigir-menos-alumnos-por-aula-y-mejores-salarios\\\/#primaryimage\",\"url\":\"https:\\\/\\\/webdelmaestrocmf.com\\\/portal\\\/wp-content\\\/uploads\\\/2026\\\/04\\\/1-2.webp\",\"contentUrl\":\"https:\\\/\\\/webdelmaestrocmf.com\\\/portal\\\/wp-content\\\/uploads\\\/2026\\\/04\\\/1-2.webp\",\"width\":1200,\"height\":675},{\"@type\":\"BreadcrumbList\",\"@id\":\"https:\\\/\\\/webdelmaestrocmf.com\\\/portal\\\/los-docentes-de-educacion-inicial-en-madrid-inician-una-huelga-indefinida-para-exigir-menos-alumnos-por-aula-y-mejores-salarios\\\/#breadcrumb\",\"itemListElement\":[{\"@type\":\"ListItem\",\"position\":1,\"name\":\"Portada\",\"item\":\"https:\\\/\\\/webdelmaestrocmf.com\\\/portal\\\/\"},{\"@type\":\"ListItem\",\"position\":2,\"name\":\"Noticias Internacionales\",\"item\":\"https:\\\/\\\/webdelmaestrocmf.com\\\/portal\\\/category\\\/noticias-internacionales\\\/\"},{\"@type\":\"ListItem\",\"position\":3,\"name\":\"Los docentes de educaci\u00f3n inicial en Madrid inician una huelga indefinida para exigir menos alumnos por aula y mejores salarios\"}]},{\"@type\":\"WebSite\",\"@id\":\"https:\\\/\\\/webdelmaestrocmf.com\\\/portal\\\/#website\",\"url\":\"https:\\\/\\\/webdelmaestrocmf.com\\\/portal\\\/\",\"name\":\"Web del Maestro CMF\",\"description\":\"Maestros al servicio de la educaci\u00f3n\",\"publisher\":{\"@id\":\"https:\\\/\\\/webdelmaestrocmf.com\\\/portal\\\/#organization\"},\"alternateName\":\"WMCMF\",\"potentialAction\":[{\"@type\":\"SearchAction\",\"target\":{\"@type\":\"EntryPoint\",\"urlTemplate\":\"https:\\\/\\\/webdelmaestrocmf.com\\\/portal\\\/?s={search_term_string}\"},\"query-input\":{\"@type\":\"PropertyValueSpecification\",\"valueRequired\":true,\"valueName\":\"search_term_string\"}}],\"inLanguage\":\"es\"},{\"@type\":\"Organization\",\"@id\":\"https:\\\/\\\/webdelmaestrocmf.com\\\/portal\\\/#organization\",\"name\":\"Web del Maestro CMF\",\"alternateName\":\"WMCMF\",\"url\":\"https:\\\/\\\/webdelmaestrocmf.com\\\/portal\\\/\",\"logo\":{\"@type\":\"ImageObject\",\"inLanguage\":\"es\",\"@id\":\"https:\\\/\\\/webdelmaestrocmf.com\\\/portal\\\/#\\\/schema\\\/logo\\\/image\\\/\",\"url\":\"https:\\\/\\\/webdelmaestrocmf.com\\\/portal\\\/wp-content\\\/uploads\\\/2023\\\/01\\\/logo-wmcmf-2.png\",\"contentUrl\":\"https:\\\/\\\/webdelmaestrocmf.com\\\/portal\\\/wp-content\\\/uploads\\\/2023\\\/01\\\/logo-wmcmf-2.png\",\"width\":200,\"height\":60,\"caption\":\"Web del Maestro CMF\"},\"image\":{\"@id\":\"https:\\\/\\\/webdelmaestrocmf.com\\\/portal\\\/#\\\/schema\\\/logo\\\/image\\\/\"},\"sameAs\":[\"https:\\\/\\\/www.facebook.com\\\/WebdelMaestroCMF\\\/\",\"https:\\\/\\\/x.com\\\/cmf_w\",\"https:\\\/\\\/www.pinterest.com\\\/WMCMF\\\/\",\"https:\\\/\\\/www.linkedin.com\\\/company\\\/web-del-maestro-cmf\\\/\",\"https:\\\/\\\/www.instagram.com\\\/wmcmf\\\/\",\"https:\\\/\\\/www.youtube.com\\\/channel\\\/UCDPSvjbdodE5sHnC3OxutHw\",\"https:\\\/\\\/mastodon.social\\\/@wmcmf\",\"https:\\\/\\\/www.tiktok.com\\\/@webdelmaestrocmf\"]},{\"@type\":\"Person\",\"@id\":\"https:\\\/\\\/webdelmaestrocmf.com\\\/portal\\\/#\\\/schema\\\/person\\\/1072a2ed7bd960df8ef99a551fa35dc5\",\"name\":\"Web del Maestro CMF\",\"image\":{\"@type\":\"ImageObject\",\"inLanguage\":\"es\",\"@id\":\"https:\\\/\\\/secure.gravatar.com\\\/avatar\\\/23291dd5b5ae1077dcff3dbb04c3e02bd28403fa75af6d8787d5e97c5bbbe30b?s=96&d=mm&r=g\",\"url\":\"https:\\\/\\\/secure.gravatar.com\\\/avatar\\\/23291dd5b5ae1077dcff3dbb04c3e02bd28403fa75af6d8787d5e97c5bbbe30b?s=96&d=mm&r=g\",\"contentUrl\":\"https:\\\/\\\/secure.gravatar.com\\\/avatar\\\/23291dd5b5ae1077dcff3dbb04c3e02bd28403fa75af6d8787d5e97c5bbbe30b?s=96&d=mm&r=g\",\"caption\":\"Web del Maestro CMF\"},\"description\":\"Esta Web se cre\u00f3 sin fines de lucro, con fines educativos, cient\u00edficos y acad\u00e9micos, para personas que tengan dificultades y\\\/o inconvenientes en visualizar el material original. El objetivo es entregar recursos, compartir experiencias y materiales que ayuden a los padres de familia, maestros y estudiantes en su actualizaci\u00f3n y formaci\u00f3n permanente, en bien de la Educaci\u00f3n.\",\"sameAs\":[\"http:\\\/\\\/webdelmaestrocmf.com\\\/portal\",\"https:\\\/\\\/www.facebook.com\\\/WebdelMaestroCMF\\\/\",\"https:\\\/\\\/www.instagram.com\\\/wmcmf\\\/\",\"https:\\\/\\\/cl.linkedin.com\\\/company\\\/web-del-maestro-cmf\",\"https:\\\/\\\/www.pinterest.com\\\/WMCMF\\\/publicaciones\\\/\",\"https:\\\/\\\/x.com\\\/cmf_w\",\"https:\\\/\\\/www.youtube.com\\\/@WMCMF\"]}]}<\/script>\n<!-- \/ Yoast SEO plugin. -->","yoast_head_json":{"title":"Los docentes de educaci\u00f3n inicial en Madrid inician una huelga indefinida para exigir menos alumnos por aula y mejores salarios - 2026","description":"El reciente inicio de una huelga indefinida por parte de docentes del primer ciclo de Educaci\u00f3n Infantil refleja una problem\u00e1tica...","robots":{"index":"index","follow":"follow","max-snippet":"max-snippet:-1","max-image-preview":"max-image-preview:large","max-video-preview":"max-video-preview:-1"},"canonical":"https:\/\/webdelmaestrocmf.com\/portal\/los-docentes-de-educacion-inicial-en-madrid-inician-una-huelga-indefinida-para-exigir-menos-alumnos-por-aula-y-mejores-salarios\/","og_locale":"es_ES","og_type":"article","og_title":"Los docentes de educaci\u00f3n inicial en Madrid inician una huelga indefinida para exigir menos alumnos por aula y mejores salarios - 2026","og_description":"El reciente inicio de una huelga indefinida por parte de docentes del primer ciclo de Educaci\u00f3n Infantil refleja una problem\u00e1tica...","og_url":"https:\/\/webdelmaestrocmf.com\/portal\/los-docentes-de-educacion-inicial-en-madrid-inician-una-huelga-indefinida-para-exigir-menos-alumnos-por-aula-y-mejores-salarios\/","og_site_name":"Web del Maestro CMF","article_publisher":"https:\/\/www.facebook.com\/WebdelMaestroCMF\/","article_author":"https:\/\/www.facebook.com\/WebdelMaestroCMF\/","article_published_time":"2026-04-07T20:00:00+00:00","article_modified_time":"2026-04-07T20:13:13+00:00","og_image":[{"width":1200,"height":675,"url":"https:\/\/webdelmaestrocmf.com\/portal\/wp-content\/uploads\/2026\/04\/1-2.webp","type":"image\/webp"}],"author":"Web del Maestro CMF","twitter_card":"summary_large_image","twitter_creator":"@cmf_w","twitter_site":"@cmf_w","schema":{"@context":"https:\/\/schema.org","@graph":[{"@type":"ScholarlyArticle","@id":"https:\/\/webdelmaestrocmf.com\/portal\/los-docentes-de-educacion-inicial-en-madrid-inician-una-huelga-indefinida-para-exigir-menos-alumnos-por-aula-y-mejores-salarios\/#article","isPartOf":{"@id":"https:\/\/webdelmaestrocmf.com\/portal\/los-docentes-de-educacion-inicial-en-madrid-inician-una-huelga-indefinida-para-exigir-menos-alumnos-por-aula-y-mejores-salarios\/"},"author":{"name":"Web del Maestro CMF","@id":"https:\/\/webdelmaestrocmf.com\/portal\/#\/schema\/person\/1072a2ed7bd960df8ef99a551fa35dc5"},"headline":"Los docentes de educaci\u00f3n inicial en Madrid inician una huelga indefinida para exigir menos alumnos por aula y mejores salarios","datePublished":"2026-04-07T20:00:00+00:00","dateModified":"2026-04-07T20:13:13+00:00","mainEntityOfPage":{"@id":"https:\/\/webdelmaestrocmf.com\/portal\/los-docentes-de-educacion-inicial-en-madrid-inician-una-huelga-indefinida-para-exigir-menos-alumnos-por-aula-y-mejores-salarios\/"},"wordCount":829,"commentCount":0,"publisher":{"@id":"https:\/\/webdelmaestrocmf.com\/portal\/#organization"},"image":{"@id":"https:\/\/webdelmaestrocmf.com\/portal\/los-docentes-de-educacion-inicial-en-madrid-inician-una-huelga-indefinida-para-exigir-menos-alumnos-por-aula-y-mejores-salarios\/#primaryimage"},"thumbnailUrl":"https:\/\/webdelmaestrocmf.com\/portal\/wp-content\/uploads\/2026\/04\/1-2.webp","keywords":["CALIDAD EDUCATIVA","condiciones laborales","DESARROLLO INFANTIL","DOCENTES","educacion inicial","politica educativa","primera infancia","ratios","SALARIO DOCENTE","sistema educativo"],"articleSection":["Noticias Internacionales"],"inLanguage":"es","potentialAction":[{"@type":"CommentAction","name":"Comment","target":["https:\/\/webdelmaestrocmf.com\/portal\/los-docentes-de-educacion-inicial-en-madrid-inician-una-huelga-indefinida-para-exigir-menos-alumnos-por-aula-y-mejores-salarios\/#respond"]}]},{"@type":"WebPage","@id":"https:\/\/webdelmaestrocmf.com\/portal\/los-docentes-de-educacion-inicial-en-madrid-inician-una-huelga-indefinida-para-exigir-menos-alumnos-por-aula-y-mejores-salarios\/","url":"https:\/\/webdelmaestrocmf.com\/portal\/los-docentes-de-educacion-inicial-en-madrid-inician-una-huelga-indefinida-para-exigir-menos-alumnos-por-aula-y-mejores-salarios\/","name":"Los docentes de educaci\u00f3n inicial en Madrid inician una huelga indefinida para exigir menos alumnos por aula y mejores salarios - 2026","isPartOf":{"@id":"https:\/\/webdelmaestrocmf.com\/portal\/#website"},"primaryImageOfPage":{"@id":"https:\/\/webdelmaestrocmf.com\/portal\/los-docentes-de-educacion-inicial-en-madrid-inician-una-huelga-indefinida-para-exigir-menos-alumnos-por-aula-y-mejores-salarios\/#primaryimage"},"image":{"@id":"https:\/\/webdelmaestrocmf.com\/portal\/los-docentes-de-educacion-inicial-en-madrid-inician-una-huelga-indefinida-para-exigir-menos-alumnos-por-aula-y-mejores-salarios\/#primaryimage"},"thumbnailUrl":"https:\/\/webdelmaestrocmf.com\/portal\/wp-content\/uploads\/2026\/04\/1-2.webp","datePublished":"2026-04-07T20:00:00+00:00","dateModified":"2026-04-07T20:13:13+00:00","description":"El reciente inicio de una huelga indefinida por parte de docentes del primer ciclo de Educaci\u00f3n Infantil refleja una problem\u00e1tica...","breadcrumb":{"@id":"https:\/\/webdelmaestrocmf.com\/portal\/los-docentes-de-educacion-inicial-en-madrid-inician-una-huelga-indefinida-para-exigir-menos-alumnos-por-aula-y-mejores-salarios\/#breadcrumb"},"inLanguage":"es","potentialAction":[{"@type":"ReadAction","target":["https:\/\/webdelmaestrocmf.com\/portal\/los-docentes-de-educacion-inicial-en-madrid-inician-una-huelga-indefinida-para-exigir-menos-alumnos-por-aula-y-mejores-salarios\/"]}]},{"@type":"ImageObject","inLanguage":"es","@id":"https:\/\/webdelmaestrocmf.com\/portal\/los-docentes-de-educacion-inicial-en-madrid-inician-una-huelga-indefinida-para-exigir-menos-alumnos-por-aula-y-mejores-salarios\/#primaryimage","url":"https:\/\/webdelmaestrocmf.com\/portal\/wp-content\/uploads\/2026\/04\/1-2.webp","contentUrl":"https:\/\/webdelmaestrocmf.com\/portal\/wp-content\/uploads\/2026\/04\/1-2.webp","width":1200,"height":675},{"@type":"BreadcrumbList","@id":"https:\/\/webdelmaestrocmf.com\/portal\/los-docentes-de-educacion-inicial-en-madrid-inician-una-huelga-indefinida-para-exigir-menos-alumnos-por-aula-y-mejores-salarios\/#breadcrumb","itemListElement":[{"@type":"ListItem","position":1,"name":"Portada","item":"https:\/\/webdelmaestrocmf.com\/portal\/"},{"@type":"ListItem","position":2,"name":"Noticias Internacionales","item":"https:\/\/webdelmaestrocmf.com\/portal\/category\/noticias-internacionales\/"},{"@type":"ListItem","position":3,"name":"Los docentes de educaci\u00f3n inicial en Madrid inician una huelga indefinida para exigir menos alumnos por aula y mejores salarios"}]},{"@type":"WebSite","@id":"https:\/\/webdelmaestrocmf.com\/portal\/#website","url":"https:\/\/webdelmaestrocmf.com\/portal\/","name":"Web del Maestro CMF","description":"Maestros al servicio de la educaci\u00f3n","publisher":{"@id":"https:\/\/webdelmaestrocmf.com\/portal\/#organization"},"alternateName":"WMCMF","potentialAction":[{"@type":"SearchAction","target":{"@type":"EntryPoint","urlTemplate":"https:\/\/webdelmaestrocmf.com\/portal\/?s={search_term_string}"},"query-input":{"@type":"PropertyValueSpecification","valueRequired":true,"valueName":"search_term_string"}}],"inLanguage":"es"},{"@type":"Organization","@id":"https:\/\/webdelmaestrocmf.com\/portal\/#organization","name":"Web del Maestro CMF","alternateName":"WMCMF","url":"https:\/\/webdelmaestrocmf.com\/portal\/","logo":{"@type":"ImageObject","inLanguage":"es","@id":"https:\/\/webdelmaestrocmf.com\/portal\/#\/schema\/logo\/image\/","url":"https:\/\/webdelmaestrocmf.com\/portal\/wp-content\/uploads\/2023\/01\/logo-wmcmf-2.png","contentUrl":"https:\/\/webdelmaestrocmf.com\/portal\/wp-content\/uploads\/2023\/01\/logo-wmcmf-2.png","width":200,"height":60,"caption":"Web del Maestro CMF"},"image":{"@id":"https:\/\/webdelmaestrocmf.com\/portal\/#\/schema\/logo\/image\/"},"sameAs":["https:\/\/www.facebook.com\/WebdelMaestroCMF\/","https:\/\/x.com\/cmf_w","https:\/\/www.pinterest.com\/WMCMF\/","https:\/\/www.linkedin.com\/company\/web-del-maestro-cmf\/","https:\/\/www.instagram.com\/wmcmf\/","https:\/\/www.youtube.com\/channel\/UCDPSvjbdodE5sHnC3OxutHw","https:\/\/mastodon.social\/@wmcmf","https:\/\/www.tiktok.com\/@webdelmaestrocmf"]},{"@type":"Person","@id":"https:\/\/webdelmaestrocmf.com\/portal\/#\/schema\/person\/1072a2ed7bd960df8ef99a551fa35dc5","name":"Web del Maestro CMF","image":{"@type":"ImageObject","inLanguage":"es","@id":"https:\/\/secure.gravatar.com\/avatar\/23291dd5b5ae1077dcff3dbb04c3e02bd28403fa75af6d8787d5e97c5bbbe30b?s=96&d=mm&r=g","url":"https:\/\/secure.gravatar.com\/avatar\/23291dd5b5ae1077dcff3dbb04c3e02bd28403fa75af6d8787d5e97c5bbbe30b?s=96&d=mm&r=g","contentUrl":"https:\/\/secure.gravatar.com\/avatar\/23291dd5b5ae1077dcff3dbb04c3e02bd28403fa75af6d8787d5e97c5bbbe30b?s=96&d=mm&r=g","caption":"Web del Maestro CMF"},"description":"Esta Web se cre\u00f3 sin fines de lucro, con fines educativos, cient\u00edficos y acad\u00e9micos, para personas que tengan dificultades y\/o inconvenientes en visualizar el material original. El objetivo es entregar recursos, compartir experiencias y materiales que ayuden a los padres de familia, maestros y estudiantes en su actualizaci\u00f3n y formaci\u00f3n permanente, en bien de la Educaci\u00f3n.","sameAs":["http:\/\/webdelmaestrocmf.com\/portal","https:\/\/www.facebook.com\/WebdelMaestroCMF\/","https:\/\/www.instagram.com\/wmcmf\/","https:\/\/cl.linkedin.com\/company\/web-del-maestro-cmf","https:\/\/www.pinterest.com\/WMCMF\/publicaciones\/","https:\/\/x.com\/cmf_w","https:\/\/www.youtube.com\/@WMCMF"]}]}},"jetpack_featured_media_url":"https:\/\/webdelmaestrocmf.com\/portal\/wp-content\/uploads\/2026\/04\/1-2.webp","jetpack_sharing_enabled":true,"jetpack-related-posts":[{"id":115322,"url":"https:\/\/webdelmaestrocmf.com\/portal\/se-propone-una-ley-para-reducir-el-numero-de-alumnos-por-aula-y-mejorar-la-calidad-de-ensenanza\/","url_meta":{"origin":117413,"position":0},"title":"Se propone una ley para reducir el n\u00famero de alumnos por aula y mejorar la calidad de ense\u00f1anza.","author":"Web del Maestro CMF","date":"12 febrero, 2026","format":false,"excerpt":"El Consejo Escolar del Estado ha apoyado este jueves sin oposici\u00f3n el anteproyecto de ley elaborado por el Gobierno para reducir el n\u00famero de estudiantes por clase y las horas lectivas del profesorado.","rel":"","context":"En \u00abNoticias Internacionales\u00bb","block_context":{"text":"Noticias Internacionales","link":"https:\/\/webdelmaestrocmf.com\/portal\/category\/noticias-internacionales\/"},"img":{"alt_text":"","src":"https:\/\/i0.wp.com\/webdelmaestrocmf.com\/portal\/wp-content\/uploads\/2026\/02\/1A-Banner-1-portada-imagen-10-1-copia-12.webp?resize=350%2C200&ssl=1","width":350,"height":200,"srcset":"https:\/\/i0.wp.com\/webdelmaestrocmf.com\/portal\/wp-content\/uploads\/2026\/02\/1A-Banner-1-portada-imagen-10-1-copia-12.webp?resize=350%2C200&ssl=1 1x, https:\/\/i0.wp.com\/webdelmaestrocmf.com\/portal\/wp-content\/uploads\/2026\/02\/1A-Banner-1-portada-imagen-10-1-copia-12.webp?resize=525%2C300&ssl=1 1.5x, https:\/\/i0.wp.com\/webdelmaestrocmf.com\/portal\/wp-content\/uploads\/2026\/02\/1A-Banner-1-portada-imagen-10-1-copia-12.webp?resize=700%2C400&ssl=1 2x"},"classes":[]},{"id":100393,"url":"https:\/\/webdelmaestrocmf.com\/portal\/david-auris-continua-la-huelga-de-los-docentes-universitarios-del-peru\/","url_meta":{"origin":117413,"position":1},"title":"[David Auris] Contin\u00faa la huelga de los docentes universitarios del Per\u00fa","author":"Web del Maestro CMF","date":"17 noviembre, 2023","format":false,"excerpt":"La huelga indefinida de los docentes universitarios no se basa exclusivamente en una demanda salarial, sino tambi\u00e9n, es un llamado al reconocimiento de la relevancia de la educaci\u00f3n superior como motor principal de innovaci\u00f3n. En ese sentido, detr\u00e1s de cada pancarta y en cada marcha sindical, se encuentra la intenci\u00f3n\u2026","rel":"","context":"En \u00abZ-Colaborador-David-Auris\u00bb","block_context":{"text":"Z-Colaborador-David-Auris","link":"https:\/\/webdelmaestrocmf.com\/portal\/category\/colaborador\/z-colaborador-david-auris\/"},"img":{"alt_text":"","src":"https:\/\/i0.wp.com\/webdelmaestrocmf.com\/portal\/wp-content\/uploads\/2023\/11\/A12B3C4D-9-3.jpg?resize=350%2C200&ssl=1","width":350,"height":200,"srcset":"https:\/\/i0.wp.com\/webdelmaestrocmf.com\/portal\/wp-content\/uploads\/2023\/11\/A12B3C4D-9-3.jpg?resize=350%2C200&ssl=1 1x, https:\/\/i0.wp.com\/webdelmaestrocmf.com\/portal\/wp-content\/uploads\/2023\/11\/A12B3C4D-9-3.jpg?resize=525%2C300&ssl=1 1.5x, https:\/\/i0.wp.com\/webdelmaestrocmf.com\/portal\/wp-content\/uploads\/2023\/11\/A12B3C4D-9-3.jpg?resize=700%2C400&ssl=1 2x"},"classes":[]},{"id":118100,"url":"https:\/\/webdelmaestrocmf.com\/portal\/el-gobierno-espanol-aprueba-un-proyecto-de-ley-para-reducir-el-numero-de-alumnos-por-clase\/","url_meta":{"origin":117413,"position":2},"title":"El Gobierno espa\u00f1ol aprueba un proyecto de ley para reducir el n\u00famero de alumnos por clase","author":"Web del Maestro CMF","date":"21 abril, 2026","format":false,"excerpt":"El Gobierno espa\u00f1ol aprueba un proyecto de ley para reducir el n\u00famero de alumnos por clase: 25 en secundaria y 22 en primaria. La iniciativa tambi\u00e9n blinda las horas lectivas del profesorado. Una medida que deber\u00eda replicarse en toda LATAM.","rel":"","context":"En \u00abNoticias Internacionales\u00bb","block_context":{"text":"Noticias Internacionales","link":"https:\/\/webdelmaestrocmf.com\/portal\/category\/noticias-internacionales\/"},"img":{"alt_text":"","src":"https:\/\/i0.wp.com\/webdelmaestrocmf.com\/portal\/wp-content\/uploads\/2026\/04\/1AA-Banner-1-portada-imagen-10-1-copia-29.webp?resize=350%2C200&ssl=1","width":350,"height":200,"srcset":"https:\/\/i0.wp.com\/webdelmaestrocmf.com\/portal\/wp-content\/uploads\/2026\/04\/1AA-Banner-1-portada-imagen-10-1-copia-29.webp?resize=350%2C200&ssl=1 1x, https:\/\/i0.wp.com\/webdelmaestrocmf.com\/portal\/wp-content\/uploads\/2026\/04\/1AA-Banner-1-portada-imagen-10-1-copia-29.webp?resize=525%2C300&ssl=1 1.5x, https:\/\/i0.wp.com\/webdelmaestrocmf.com\/portal\/wp-content\/uploads\/2026\/04\/1AA-Banner-1-portada-imagen-10-1-copia-29.webp?resize=700%2C400&ssl=1 2x, https:\/\/i0.wp.com\/webdelmaestrocmf.com\/portal\/wp-content\/uploads\/2026\/04\/1AA-Banner-1-portada-imagen-10-1-copia-29.webp?resize=1050%2C600&ssl=1 3x"},"classes":[]},{"id":113468,"url":"https:\/\/webdelmaestrocmf.com\/portal\/crisis-de-bienestar-docente-en-cataluna-el-84-del-profesorado-declara-sentirse-exhausto\/","url_meta":{"origin":117413,"position":3},"title":"Crisis de bienestar docente en Catalu\u00f1a: el 84% del profesorado declara sentirse exhausto","author":"Web del Maestro CMF","date":"12 noviembre, 2025","format":false,"excerpt":"El 84% del profesorado catal\u00e1n se declara exhausto por burocracia, altos ratios, curr\u00edculums poco \u00fatiles y falta de recursos para la inclusi\u00f3n.","rel":"","context":"En \u00abNoticias Internacionales\u00bb","block_context":{"text":"Noticias Internacionales","link":"https:\/\/webdelmaestrocmf.com\/portal\/category\/noticias-internacionales\/"},"img":{"alt_text":"","src":"https:\/\/i0.wp.com\/webdelmaestrocmf.com\/portal\/wp-content\/uploads\/2025\/11\/Portada-descarga-5.jpg?resize=350%2C200&ssl=1","width":350,"height":200,"srcset":"https:\/\/i0.wp.com\/webdelmaestrocmf.com\/portal\/wp-content\/uploads\/2025\/11\/Portada-descarga-5.jpg?resize=350%2C200&ssl=1 1x, https:\/\/i0.wp.com\/webdelmaestrocmf.com\/portal\/wp-content\/uploads\/2025\/11\/Portada-descarga-5.jpg?resize=525%2C300&ssl=1 1.5x, https:\/\/i0.wp.com\/webdelmaestrocmf.com\/portal\/wp-content\/uploads\/2025\/11\/Portada-descarga-5.jpg?resize=700%2C400&ssl=1 2x"},"classes":[]},{"id":107692,"url":"https:\/\/webdelmaestrocmf.com\/portal\/lo-dificil-de-ser-profesor-precarizacion-sobrecarga-laboral-y-burocratizacion\/","url_meta":{"origin":117413,"position":4},"title":"Lo dif\u00edcil de ser profesor: inestabilidad, sobrecarga laboral y burocratizaci\u00f3n","author":"Web del Maestro CMF","date":"26 enero, 2025","format":false,"excerpt":"El pasado 16 de octubre, en el marco del D\u00eda del Profesor, el investigador y acad\u00e9mico C\u00e9sar Maldonado invita a reflexionar sobre los profundos desaf\u00edos estructurales que enfrentan los docentes en Chile. Esta fecha no deber\u00eda limitarse a un reconocimiento simb\u00f3lico, sino convertirse en un llamado a la acci\u00f3n para\u2026","rel":"","context":"En \u00abNoticias Internacionales\u00bb","block_context":{"text":"Noticias Internacionales","link":"https:\/\/webdelmaestrocmf.com\/portal\/category\/noticias-internacionales\/"},"img":{"alt_text":"","src":"https:\/\/i0.wp.com\/webdelmaestrocmf.com\/portal\/wp-content\/uploads\/2025\/01\/1A-Banner-1-portada-imagen-10-1-39.jpg?resize=350%2C200&ssl=1","width":350,"height":200,"srcset":"https:\/\/i0.wp.com\/webdelmaestrocmf.com\/portal\/wp-content\/uploads\/2025\/01\/1A-Banner-1-portada-imagen-10-1-39.jpg?resize=350%2C200&ssl=1 1x, https:\/\/i0.wp.com\/webdelmaestrocmf.com\/portal\/wp-content\/uploads\/2025\/01\/1A-Banner-1-portada-imagen-10-1-39.jpg?resize=525%2C300&ssl=1 1.5x, https:\/\/i0.wp.com\/webdelmaestrocmf.com\/portal\/wp-content\/uploads\/2025\/01\/1A-Banner-1-portada-imagen-10-1-39.jpg?resize=700%2C400&ssl=1 2x"},"classes":[]},{"id":116697,"url":"https:\/\/webdelmaestrocmf.com\/portal\/faltan-profesores-o-falta-voluntad-para-contratarlos-y-cuidarlos\/","url_meta":{"origin":117413,"position":5},"title":"\u00bfFaltan profesores o falta voluntad para contratarlos y cuidarlos?","author":"Web del Maestro CMF","date":"20 marzo, 2026","format":false,"excerpt":"No faltan docentes: sobran profesionales sin oportunidades. Lo que falta es voluntad, estabilidad y respeto. Sin condiciones dignas, la educaci\u00f3n seguir\u00e1 perdiendo a quienes la sostienen diariamente.","rel":"","context":"En \u00abBienestar docente\u00bb","block_context":{"text":"Bienestar docente","link":"https:\/\/webdelmaestrocmf.com\/portal\/category\/pedagogia\/bienestar-docente\/"},"img":{"alt_text":"","src":"https:\/\/i0.wp.com\/webdelmaestrocmf.com\/portal\/wp-content\/uploads\/2026\/03\/1AA-Banner-1-portada-imagen-10-1-copia-9-1.webp?resize=350%2C200&ssl=1","width":350,"height":200,"srcset":"https:\/\/i0.wp.com\/webdelmaestrocmf.com\/portal\/wp-content\/uploads\/2026\/03\/1AA-Banner-1-portada-imagen-10-1-copia-9-1.webp?resize=350%2C200&ssl=1 1x, https:\/\/i0.wp.com\/webdelmaestrocmf.com\/portal\/wp-content\/uploads\/2026\/03\/1AA-Banner-1-portada-imagen-10-1-copia-9-1.webp?resize=525%2C300&ssl=1 1.5x, https:\/\/i0.wp.com\/webdelmaestrocmf.com\/portal\/wp-content\/uploads\/2026\/03\/1AA-Banner-1-portada-imagen-10-1-copia-9-1.webp?resize=700%2C400&ssl=1 2x, https:\/\/i0.wp.com\/webdelmaestrocmf.com\/portal\/wp-content\/uploads\/2026\/03\/1AA-Banner-1-portada-imagen-10-1-copia-9-1.webp?resize=1050%2C600&ssl=1 3x"},"classes":[]}],"_links":{"self":[{"href":"https:\/\/webdelmaestrocmf.com\/portal\/wp-json\/wp\/v2\/posts\/117413","targetHints":{"allow":["GET"]}}],"collection":[{"href":"https:\/\/webdelmaestrocmf.com\/portal\/wp-json\/wp\/v2\/posts"}],"about":[{"href":"https:\/\/webdelmaestrocmf.com\/portal\/wp-json\/wp\/v2\/types\/post"}],"author":[{"embeddable":true,"href":"https:\/\/webdelmaestrocmf.com\/portal\/wp-json\/wp\/v2\/users\/1"}],"replies":[{"embeddable":true,"href":"https:\/\/webdelmaestrocmf.com\/portal\/wp-json\/wp\/v2\/comments?post=117413"}],"version-history":[{"count":1,"href":"https:\/\/webdelmaestrocmf.com\/portal\/wp-json\/wp\/v2\/posts\/117413\/revisions"}],"predecessor-version":[{"id":117415,"href":"https:\/\/webdelmaestrocmf.com\/portal\/wp-json\/wp\/v2\/posts\/117413\/revisions\/117415"}],"wp:featuredmedia":[{"embeddable":true,"href":"https:\/\/webdelmaestrocmf.com\/portal\/wp-json\/wp\/v2\/media\/117416"}],"wp:attachment":[{"href":"https:\/\/webdelmaestrocmf.com\/portal\/wp-json\/wp\/v2\/media?parent=117413"}],"wp:term":[{"taxonomy":"category","embeddable":true,"href":"https:\/\/webdelmaestrocmf.com\/portal\/wp-json\/wp\/v2\/categories?post=117413"},{"taxonomy":"post_tag","embeddable":true,"href":"https:\/\/webdelmaestrocmf.com\/portal\/wp-json\/wp\/v2\/tags?post=117413"}],"curies":[{"name":"wp","href":"https:\/\/api.w.org\/{rel}","templated":true}]}}