{"id":117405,"date":"2026-04-08T21:00:00","date_gmt":"2026-04-09T01:00:00","guid":{"rendered":"https:\/\/webdelmaestrocmf.com\/portal\/?p=117405"},"modified":"2026-04-08T21:30:00","modified_gmt":"2026-04-09T01:30:00","slug":"trump-advierte-a-iran-a-que-responda-a-su-ultimatum-una-civilizacion-entera-morira-hoy","status":"publish","type":"post","link":"https:\/\/webdelmaestrocmf.com\/portal\/trump-advierte-a-iran-a-que-responda-a-su-ultimatum-una-civilizacion-entera-morira-hoy\/","title":{"rendered":"\u00daltima hora de la guerra de EEUU e Israel contra Ir\u00e1n, en directo | Nuevos ataques en Oriente Pr\u00f3ximo muestran la fragilidad del alto el fuego entre Estados Unidos e Ir\u00e1n"},"content":{"rendered":"\n<p>El reciente acuerdo entre Estados Unidos e Ir\u00e1n evidencia que <strong>no toda tregua implica estabilidad real<\/strong>, sino m\u00e1s bien una pausa condicionada por intereses estrat\u00e9gicos y desconfianza mutua. Aunque ambas partes proclaman victoria, la persistencia de ataques indirectos y contradicciones en los t\u00e9rminos del acuerdo muestran que el conflicto sigue latente. <\/p>\n\n\n\n<p><strong>La aparente calma oculta una tensi\u00f3n estructural no resuelta<\/strong>, donde actores regionales contin\u00faan interviniendo y ampliando el conflicto, lo que refuerza la idea de que la paz no se construye \u00fanicamente con acuerdos, sino con coherencia pol\u00edtica y compromiso sostenido.<\/p>\n\n\n\n<figure class=\"wp-block-embed is-type-video is-provider-youtube wp-block-embed-youtube wp-embed-aspect-16-9 wp-has-aspect-ratio\"><div class=\"wp-block-embed__wrapper\">\n<iframe loading=\"lazy\" title=\"GUERRA ORIENTE MEDIO | El ALTO el FUEGO muestra su FRAGILIDAD menos de 24 HORAS despu\u00e9s | RTVE\" width=\"1200\" height=\"675\" src=\"https:\/\/www.youtube.com\/embed\/Zq3ANdT1in4?feature=oembed\" frameborder=\"0\" allow=\"accelerometer; autoplay; clipboard-write; encrypted-media; gyroscope; picture-in-picture; web-share\" referrerpolicy=\"strict-origin-when-cross-origin\" allowfullscreen><\/iframe>\n<\/div><\/figure>\n\n\n\n<h3 class=\"wp-block-heading\"><strong>Impacto geopol\u00edtico y econ\u00f3mico en un mundo interdependiente<\/strong><\/h3>\n\n\n\n<p>El alto el fuego ha generado efectos inmediatos en la econom\u00eda global, como la ca\u00edda del precio del petr\u00f3leo, lo que demuestra que <strong>los conflictos internacionales afectan directamente la vida cotidiana a nivel mundial<\/strong>. Sin embargo, la incertidumbre sobre puntos clave como el control del estrecho de Ormuz o el programa nuclear iran\u00ed refleja que <strong>los acuerdos incompletos generan m\u00e1s inestabilidad que certezas<\/strong>. Para los docentes, este contexto ofrece una oportunidad valiosa para trabajar el pensamiento cr\u00edtico, ayudando a los estudiantes a comprender c\u00f3mo las decisiones pol\u00edticas influyen en la econom\u00eda, la seguridad y la vida social en distintas partes del mundo.<\/p>\n\n\n\n<h3 class=\"wp-block-heading\"><strong>Una oportunidad pedag\u00f3gica para formar ciudadanos cr\u00edticos<\/strong><\/h3>\n\n\n\n<p>Este escenario internacional permite reflexionar en el aula sobre la importancia de analizar la informaci\u00f3n m\u00e1s all\u00e1 de los discursos oficiales. <strong>Educar no solo implica transmitir contenidos, sino formar ciudadanos capaces de interpretar, cuestionar y comprender la complejidad del mundo actual<\/strong>. La coexistencia de versiones contradictorias, intereses geopol\u00edticos y acciones simult\u00e1neas evidencia la necesidad de desarrollar habilidades de an\u00e1lisis en los estudiantes. En este sentido, el conflicto y su fr\u00e1gil tregua se convierten en un recurso pedag\u00f3gico para abordar temas como la \u00e9tica, la responsabilidad global y la construcci\u00f3n de la paz desde una mirada cr\u00edtica y reflexiva.<\/p>\n\n\n\n<h2 class=\"wp-block-heading\">\ud83d\udd34<strong>Trump suspende el ultim\u00e1tum a Ir\u00e1n y declara un alto el fuego de dos semanas<\/strong><\/h2>\n\n\n\n<p>El escenario internacional descrito evidencia una <strong>tensi\u00f3n geopol\u00edtica cr\u00edtica en torno al estrecho de Ormuz<\/strong>, donde las decisiones de las principales potencias pueden desencadenar consecuencias globales inmediatas. La exigencia de apertura por parte de Estados Unidos y la respuesta firme de Ir\u00e1n reflejan un <strong>equilibrio inestable marcado por amenazas, presi\u00f3n pol\u00edtica y riesgo energ\u00e9tico<\/strong>, en un contexto donde cualquier escalada impactar\u00eda directamente en la econom\u00eda mundial y la seguridad regional.<\/p>\n\n\n\n<figure class=\"wp-block-image size-large\"><img loading=\"lazy\" decoding=\"async\" width=\"1024\" height=\"576\" src=\"https:\/\/webdelmaestrocmf.com\/portal\/wp-content\/uploads\/2026\/04\/1AA-Banner-1-portada-imagen-10-1-copia-2-1-1024x576.webp\" alt=\"\" class=\"wp-image-117430\" srcset=\"https:\/\/webdelmaestrocmf.com\/portal\/wp-content\/uploads\/2026\/04\/1AA-Banner-1-portada-imagen-10-1-copia-2-1-1024x576.webp 1024w, https:\/\/webdelmaestrocmf.com\/portal\/wp-content\/uploads\/2026\/04\/1AA-Banner-1-portada-imagen-10-1-copia-2-1-300x169.webp 300w, https:\/\/webdelmaestrocmf.com\/portal\/wp-content\/uploads\/2026\/04\/1AA-Banner-1-portada-imagen-10-1-copia-2-1-768x432.webp 768w, https:\/\/webdelmaestrocmf.com\/portal\/wp-content\/uploads\/2026\/04\/1AA-Banner-1-portada-imagen-10-1-copia-2-1-528x297.webp 528w, https:\/\/webdelmaestrocmf.com\/portal\/wp-content\/uploads\/2026\/04\/1AA-Banner-1-portada-imagen-10-1-copia-2-1-1056x594.webp 1056w, https:\/\/webdelmaestrocmf.com\/portal\/wp-content\/uploads\/2026\/04\/1AA-Banner-1-portada-imagen-10-1-copia-2-1-820x461.webp 820w, https:\/\/webdelmaestrocmf.com\/portal\/wp-content\/uploads\/2026\/04\/1AA-Banner-1-portada-imagen-10-1-copia-2-1.webp 1200w\" sizes=\"auto, (max-width: 1024px) 100vw, 1024px\" \/><\/figure>\n\n\n\n<p>En este contexto, la intervenci\u00f3n diplom\u00e1tica de Pakist\u00e1n introduce un elemento clave: la <strong>b\u00fasqueda de una salida negociada frente al conflicto<\/strong>, proponiendo una tregua temporal que permita construir acuerdos sostenibles. La disposici\u00f3n inicial de ambas partes a considerar esta propuesta sugiere que, incluso en escenarios de alta confrontaci\u00f3n, <strong>la diplomacia sigue siendo una herramienta viable para evitar crisis mayores<\/strong>, aunque condicionada por intereses estrat\u00e9gicos y tensiones acumuladas.<\/p>\n\n\n\n<p>Desde una perspectiva formativa, este tipo de situaciones ofrece a los docentes una oportunidad para <strong>analizar con los estudiantes c\u00f3mo se construyen los conflictos internacionales, c\u00f3mo operan los discursos pol\u00edticos y c\u00f3mo influyen las decisiones globales en la vida cotidiana<\/strong>. Comprender estos procesos no solo fortalece el pensamiento cr\u00edtico, sino que permite desarrollar una <strong>lectura informada y reflexiva del mundo actual<\/strong>, donde la incertidumbre y la negociaci\u00f3n son elementos permanentes.<\/p>\n\n\n\n<h2 class=\"wp-block-heading\">\ud83d\udd34<strong>Trump asegura que est\u00e1 en \u201cnegociaciones intensas\u201d con Ir\u00e1n a cuatro horas del plazo<\/strong><\/h2>\n\n\n\n<p>El escenario internacional atraviesa un momento cr\u00edtico marcado por <strong>negociaciones de alta tensi\u00f3n entre Estados Unidos e Ir\u00e1n<\/strong>, en un contexto donde los plazos, los ultim\u00e1tums y las amenazas generan un clima de extrema incertidumbre. Mientras se anuncian posibles acuerdos diplom\u00e1ticos, tambi\u00e9n emergen declaraciones que anticipan consecuencias devastadoras, lo que evidencia una peligrosa dualidad entre di\u00e1logo y confrontaci\u00f3n. Esta situaci\u00f3n no solo pone en riesgo la estabilidad regional, sino que tambi\u00e9n proyecta <strong>un impacto global en t\u00e9rminos pol\u00edticos, econ\u00f3micos y humanitarios<\/strong>, especialmente considerando la relevancia estrat\u00e9gica del estrecho de Ormuz para el suministro energ\u00e9tico mundial.<\/p>\n\n\n\n<figure class=\"wp-block-image size-large\"><img loading=\"lazy\" decoding=\"async\" width=\"1024\" height=\"576\" src=\"https:\/\/webdelmaestrocmf.com\/portal\/wp-content\/uploads\/2026\/04\/1AA-Banner-1-portada-imagen-10-1-copia-4-1024x576.webp\" alt=\"\" class=\"wp-image-117427\" srcset=\"https:\/\/webdelmaestrocmf.com\/portal\/wp-content\/uploads\/2026\/04\/1AA-Banner-1-portada-imagen-10-1-copia-4-1024x576.webp 1024w, https:\/\/webdelmaestrocmf.com\/portal\/wp-content\/uploads\/2026\/04\/1AA-Banner-1-portada-imagen-10-1-copia-4-300x169.webp 300w, https:\/\/webdelmaestrocmf.com\/portal\/wp-content\/uploads\/2026\/04\/1AA-Banner-1-portada-imagen-10-1-copia-4-768x432.webp 768w, https:\/\/webdelmaestrocmf.com\/portal\/wp-content\/uploads\/2026\/04\/1AA-Banner-1-portada-imagen-10-1-copia-4-528x297.webp 528w, https:\/\/webdelmaestrocmf.com\/portal\/wp-content\/uploads\/2026\/04\/1AA-Banner-1-portada-imagen-10-1-copia-4-1056x594.webp 1056w, https:\/\/webdelmaestrocmf.com\/portal\/wp-content\/uploads\/2026\/04\/1AA-Banner-1-portada-imagen-10-1-copia-4-820x461.webp 820w, https:\/\/webdelmaestrocmf.com\/portal\/wp-content\/uploads\/2026\/04\/1AA-Banner-1-portada-imagen-10-1-copia-4.webp 1200w\" sizes=\"auto, (max-width: 1024px) 100vw, 1024px\" \/><\/figure>\n\n\n\n<p>Ante el inminente riesgo de escalada, diversos actores internacionales han comenzado a intervenir para evitar un conflicto mayor. Destaca la propuesta de un alto el fuego temporal impulsada por Pakist\u00e1n, que busca abrir un espacio para la negociaci\u00f3n y reducir las tensiones inmediatas. Paralelamente, m\u00e1s de treinta pa\u00edses eval\u00faan la creaci\u00f3n de una coalici\u00f3n internacional para garantizar la seguridad en el estrecho de Ormuz una vez finalizadas las hostilidades. Estas acciones reflejan que, pese al clima de confrontaci\u00f3n, <strong>existe una voluntad internacional por priorizar la v\u00eda diplom\u00e1tica y evitar consecuencias irreversibles<\/strong>, reconociendo la magnitud de los riesgos involucrados.<\/p>\n\n\n\n<p>Desde una perspectiva educativa, este tipo de acontecimientos plantea la necesidad de formar estudiantes capaces de <strong>analizar cr\u00edticamente la informaci\u00f3n, comprender los conflictos internacionales y reflexionar sobre sus implicancias \u00e9ticas y sociales<\/strong>. Los docentes tienen el desaf\u00edo de transformar estos hechos en oportunidades pedag\u00f3gicas que fomenten el pensamiento reflexivo, el di\u00e1logo informado y la comprensi\u00f3n de la interdependencia global. En un mundo donde la informaci\u00f3n circula de manera inmediata y muchas veces polarizada, <strong>educar en el an\u00e1lisis riguroso y la responsabilidad social se vuelve una prioridad<\/strong>, permitiendo que los estudiantes no solo comprendan la realidad, sino que tambi\u00e9n participen de manera consciente en ella.<\/p>\n\n\n\n<h2 class=\"wp-block-heading\">\ud83d\udd34<strong>Trump advierte a Ir\u00e1n a que responda a su ultim\u00e1tum: \u00abUna civilizaci\u00f3n entera morir\u00e1 hoy\u00bb<\/strong><\/h2>\n\n\n\n<p>El reciente aumento de tensiones internacionales, evidenciado por las amenazas de gran magnitud del presidente Donald Trump y ultim\u00e1tums de posibles consecuencias devastadoras, revela un escenario donde la <strong>estabilidad global se torna cada vez m\u00e1s fr\u00e1gil, siendo la incertidumbre su \u00fanica constante predecible.<\/strong><\/p>\n\n\n\n<p>Cuando un l\u00edder pol\u00edtico advierte sobre la posible desaparici\u00f3n de una civilizaci\u00f3n entera, no solo se est\u00e1 frente a una declaraci\u00f3n geopol\u00edtica, sino ante un mensaje que repercute profundamente en la conciencia colectiva, incluyendo a las comunidades educativas.<\/p>\n\n\n\n<figure class=\"wp-block-embed is-type-video is-provider-youtube wp-block-embed-youtube wp-embed-aspect-16-9 wp-has-aspect-ratio\"><div class=\"wp-block-embed__wrapper\">\n<iframe loading=\"lazy\" title=\"Trump advierte que &quot;una civilizaci\u00f3n entera morir\u00e1&quot; este martes si Ir\u00e1n no acata ultim\u00e1tum\" width=\"1200\" height=\"675\" src=\"https:\/\/www.youtube.com\/embed\/kRlV-DwD6M8?feature=oembed\" frameborder=\"0\" allow=\"accelerometer; autoplay; clipboard-write; encrypted-media; gyroscope; picture-in-picture; web-share\" referrerpolicy=\"strict-origin-when-cross-origin\" allowfullscreen><\/iframe>\n<\/div><\/figure>\n\n\n\n<h3 class=\"wp-block-heading\"><strong>El conflicto como fen\u00f3meno que trasciende lo pol\u00edtico<\/strong><\/h3>\n\n\n\n<p>M\u00e1s all\u00e1 de las decisiones estrat\u00e9gicas o militares, <strong>los conflictos internacionales afectan directamente la percepci\u00f3n de seguridad, el bienestar emocional y la construcci\u00f3n de sentido en las nuevas generaciones<\/strong>. La amenaza de una guerra de gran escala, especialmente cuando involucra recursos estrat\u00e9gicos como el petr\u00f3leo o rutas comerciales clave, genera un clima de ansiedad global que no distingue fronteras.<\/p>\n\n\n\n<p>En este contexto, el sistema educativo no puede permanecer indiferente. <strong>La escuela se convierte en un espacio donde los estudiantes intentan comprender un mundo que parece cada vez m\u00e1s complejo y, en ocasiones, hostil<\/strong>. La narrativa de destrucci\u00f3n, poder y dominio puede influir en su forma de interpretar la realidad, moldeando sus valores, temores y expectativas de futuro.<\/p>\n\n\n\n<h3 class=\"wp-block-heading\"><strong>El rol del docente frente a la incertidumbre global<\/strong><\/h3>\n\n\n\n<p>Ante escenarios de tensi\u00f3n internacional, <strong>el docente adquiere un papel fundamental como mediador de la informaci\u00f3n y gu\u00eda emocional<\/strong>. No se trata \u00fanicamente de explicar los hechos, sino de ayudar a los estudiantes a desarrollar pensamiento cr\u00edtico, capacidad de an\u00e1lisis y una comprensi\u00f3n m\u00e1s profunda de las causas y consecuencias de los conflictos.<\/p>\n\n\n\n<p>Es imprescindible que el aula se transforme en un espacio de reflexi\u00f3n donde <strong>los estudiantes puedan cuestionar, debatir y construir una visi\u00f3n informada, evitando caer en discursos simplistas o polarizados<\/strong>. La educaci\u00f3n debe ofrecer herramientas para interpretar la realidad, no para reproducirla sin an\u00e1lisis.<\/p>\n\n\n\n<h3 class=\"wp-block-heading\"><strong>Impacto emocional y cognitivo en los estudiantes<\/strong><\/h3>\n\n\n\n<p>Las noticias que anuncian posibles cat\u00e1strofes o enfrentamientos a gran escala generan un efecto emocional significativo. <strong>El miedo, la ansiedad y la incertidumbre pueden afectar la concentraci\u00f3n, la motivaci\u00f3n y el rendimiento acad\u00e9mico de los estudiantes<\/strong>. Este impacto es a\u00fan mayor en contextos donde la sobreexposici\u00f3n a la informaci\u00f3n es constante y poco filtrada.<\/p>\n\n\n\n<p>Por ello, es necesario que los docentes integren estrategias que permitan abordar estas emociones. <strong>Educar no solo implica transmitir conocimientos, sino tambi\u00e9n acompa\u00f1ar procesos emocionales que influyen directamente en el aprendizaje<\/strong>. Ignorar este aspecto es dejar incompleto el proceso educativo.<\/p>\n\n\n\n<h3 class=\"wp-block-heading\"><strong>La educaci\u00f3n como espacio de construcci\u00f3n de paz<\/strong><\/h3>\n\n\n\n<p>Frente a un mundo donde los discursos de confrontaci\u00f3n ganan protagonismo, <strong>la educaci\u00f3n debe posicionarse como un espacio de construcci\u00f3n de paz, di\u00e1logo y comprensi\u00f3n intercultural<\/strong>. Esto implica fomentar valores como la empat\u00eda, el respeto y la cooperaci\u00f3n, elementos esenciales para contrarrestar narrativas basadas en la violencia o la imposici\u00f3n.<\/p>\n\n\n\n<p>Los acontecimientos internacionales deben ser utilizados como oportunidades pedag\u00f3gicas para analizar el funcionamiento del mundo, pero tambi\u00e9n para cuestionar las formas en que se resuelven los conflictos. <strong>Formar ciudadanos cr\u00edticos implica ense\u00f1arles que existen alternativas al enfrentamiento y que el di\u00e1logo sigue siendo una herramienta fundamental<\/strong>.<\/p>\n\n\n\n<h3 class=\"wp-block-heading\"><strong>Una oportunidad para repensar la educaci\u00f3n en tiempos de crisis<\/strong><\/h3>\n\n\n\n<p>Situaciones como esta obligan a replantear el rol de la educaci\u00f3n en la sociedad contempor\u00e1nea. <strong>No basta con ense\u00f1ar contenidos; es necesario preparar a los estudiantes para enfrentar un mundo incierto, complejo y en constante cambio<\/strong>. La educaci\u00f3n debe evolucionar hacia un enfoque que integre conocimiento, pensamiento cr\u00edtico y desarrollo socioemocional.<\/p>\n\n\n\n<p>En un contexto donde las decisiones de unos pocos pueden afectar a millones, <strong>la formaci\u00f3n de individuos capaces de comprender, analizar y actuar con responsabilidad se vuelve una prioridad educativa ineludible<\/strong>. La escuela, lejos de ser un espacio aislado, debe convertirse en un reflejo consciente de la realidad, pero tambi\u00e9n en un lugar donde se construyan respuestas m\u00e1s humanas y sostenibles frente a ella.<\/p>\n\n\n\n<p class=\"has-text-align-right\"><strong>Redacci\u00f3n | Web del Maestro CMF<\/strong><\/p>\n\n\n\t\t<div class=\"pk-inline-posts\">\n\t\t\t\t\t\t\t<h5 class=\"pk-inline-posts-title pk-title pk-font-block\">\n\t\t\t\t\t\u00daltimas entradas\t\t\t\t<\/h5>\n\t\t\t\n\t\t\t<div class=\"pk-inline-posts-container pk-inline-posts-template-list\"\n\t\t\t\tdata-columns=\"1\">\n\t\t\t\t\t\t<article id=\"post-118553\" class=\"post-118553 post type-post status-publish format-standard has-post-thumbnail category-noticias-internacionales tag-agresion-estudiantil tag-autoridad-docente tag-convivencia-escolar tag-disciplina-escolar tag-justicia-educativa tag-respeto-en-el-aula tag-rol-del-docente tag-seguridad-docente tag-sistema-educativo tag-violencia-escolar cs-entry cs-video-wrap\">\n\t\t\t<div class=\"pk-post-outer\">\n\n\t\t\t\t\t\t\t\t<div class=\"pk-post-inner\">\n\t\t\t\t\t<div class=\"entry-thumbnail\">\n\t\t\t\t\t\t<div class=\"pk-overlay pk-overlay-ratio pk-ratio-landscape\">\n\t\t\t\t\t\t\t<div class=\"pk-overlay-background\">\n\t\t\t\t\t\t\t\t<a href=\"https:\/\/webdelmaestrocmf.com\/portal\/existen-casos-en-paises-como-ee-uu-y-chile-donde-estudiantes-han-recibido-penas-privativas-de-libertad-por-agredir-a-docentes-esta-de-acuerdo-con-esta-medida-la-implementaria-en-su-pais\/\" class=\"pk-overlay-link\">\n\t\t\t\t\t\t\t\t\t<img loading=\"lazy\" decoding=\"async\" width=\"300\" height=\"225\" src=\"https:\/\/webdelmaestrocmf.com\/portal\/wp-content\/uploads\/2026\/05\/1AA-Banner-1-portada-imagen-10-1-copia-2-300x225.webp\" class=\"attachment-pk-thumbnail size-pk-thumbnail wp-post-image\" alt=\"\" \/>\t\t\t\t\t\t\t\t<\/a>\n\t\t\t\t\t\t\t<\/div>\n\t\t\t\t\t\t<\/div>\n\t\t\t\t\t<\/div>\n\t\t\t\t<\/div>\n\t\t\t\t\n\t\t\t\t<div class=\"pk-post-inner\">\n\t\t\t\t\t<header>\n\t\t\t\t\t\t<h3 class=\"pk-title\"><a href=\"https:\/\/webdelmaestrocmf.com\/portal\/existen-casos-en-paises-como-ee-uu-y-chile-donde-estudiantes-han-recibido-penas-privativas-de-libertad-por-agredir-a-docentes-esta-de-acuerdo-con-esta-medida-la-implementaria-en-su-pais\/\" rel=\"bookmark\">Existen casos en pa\u00edses como EE.UU. y Chile donde estudiantes han recibido penas privativas de libertad por agredir a docentes. \u00bfEst\u00e1 de acuerdo con esta medida? \u00bfLa implementar\u00eda en su pa\u00eds?<\/a><\/h3>\t\t\t\t\t<\/header><!-- .entry-header -->\n\t\t\t\t<\/div><!-- .post-inner -->\n\n\t\t\t<\/div><!-- .post-outer -->\n\t\t<\/article>\n\t\t\t<article id=\"post-118546\" class=\"post-118546 post type-post status-publish format-standard has-post-thumbnail category-noticias-internacionales tag-aprendizaje tag-conflicto tag-crisis tag-docentes tag-educacion-3 tag-escuela tag-guerra tag-infancia tag-resiliencia tag-sociedad cs-entry cs-video-wrap\">\n\t\t\t<div class=\"pk-post-outer\">\n\n\t\t\t\t\t\t\t\t<div class=\"pk-post-inner\">\n\t\t\t\t\t<div class=\"entry-thumbnail\">\n\t\t\t\t\t\t<div class=\"pk-overlay pk-overlay-ratio pk-ratio-landscape\">\n\t\t\t\t\t\t\t<div class=\"pk-overlay-background\">\n\t\t\t\t\t\t\t\t<a href=\"https:\/\/webdelmaestrocmf.com\/portal\/rusia-bombardea-orfanato-y-escuela-judia-en-odesa-en-el-sur-de-ucrania\/\" class=\"pk-overlay-link\">\n\t\t\t\t\t\t\t\t\t<img loading=\"lazy\" decoding=\"async\" width=\"300\" height=\"225\" src=\"https:\/\/webdelmaestrocmf.com\/portal\/wp-content\/uploads\/2026\/05\/1AA-Banner-1-portada-imagen-10-1-copia-1-1-300x225.webp\" class=\"attachment-pk-thumbnail size-pk-thumbnail wp-post-image\" alt=\"\" \/>\t\t\t\t\t\t\t\t<\/a>\n\t\t\t\t\t\t\t<\/div>\n\t\t\t\t\t\t<\/div>\n\t\t\t\t\t<\/div>\n\t\t\t\t<\/div>\n\t\t\t\t\n\t\t\t\t<div class=\"pk-post-inner\">\n\t\t\t\t\t<header>\n\t\t\t\t\t\t<h3 class=\"pk-title\"><a href=\"https:\/\/webdelmaestrocmf.com\/portal\/rusia-bombardea-orfanato-y-escuela-judia-en-odesa-en-el-sur-de-ucrania\/\" rel=\"bookmark\">Rusia bombardea orfanato y escuela jud\u00eda en Odesa, en el sur de Ucrania<\/a><\/h3>\t\t\t\t\t<\/header><!-- .entry-header -->\n\t\t\t\t<\/div><!-- .post-inner -->\n\n\t\t\t<\/div><!-- .post-outer -->\n\t\t<\/article>\n\t\t\t<article id=\"post-118533\" class=\"post-118533 post type-post status-publish format-standard has-post-thumbnail category-noticias-internacionales tag-convivencia-escolar tag-docentes tag-educacion-2 tag-etica-educativa tag-normativa-escolar tag-preescolar tag-primaria tag-protocolos tag-rol-docente tag-seguridad-docente cs-entry cs-video-wrap\">\n\t\t\t<div class=\"pk-post-outer\">\n\n\t\t\t\t\t\t\t\t<div class=\"pk-post-inner\">\n\t\t\t\t\t<div class=\"entry-thumbnail\">\n\t\t\t\t\t\t<div class=\"pk-overlay pk-overlay-ratio pk-ratio-landscape\">\n\t\t\t\t\t\t\t<div class=\"pk-overlay-background\">\n\t\t\t\t\t\t\t\t<a href=\"https:\/\/webdelmaestrocmf.com\/portal\/profesor-advierte-a-docentes-no-pueden-asistir-a-un-nino-en-el-bano-por-riesgo-de-cargos-legales\/\" class=\"pk-overlay-link\">\n\t\t\t\t\t\t\t\t\t<img loading=\"lazy\" decoding=\"async\" width=\"300\" height=\"225\" src=\"https:\/\/webdelmaestrocmf.com\/portal\/wp-content\/uploads\/2026\/05\/1AA-Banner-1-portada-imagen-10-1-copia-300x225.webp\" class=\"attachment-pk-thumbnail size-pk-thumbnail wp-post-image\" alt=\"\" \/>\t\t\t\t\t\t\t\t<\/a>\n\t\t\t\t\t\t\t<\/div>\n\t\t\t\t\t\t<\/div>\n\t\t\t\t\t<\/div>\n\t\t\t\t<\/div>\n\t\t\t\t\n\t\t\t\t<div class=\"pk-post-inner\">\n\t\t\t\t\t<header>\n\t\t\t\t\t\t<h3 class=\"pk-title\"><a href=\"https:\/\/webdelmaestrocmf.com\/portal\/profesor-advierte-a-docentes-no-pueden-asistir-a-un-nino-en-el-bano-por-riesgo-de-cargos-legales\/\" rel=\"bookmark\">Profesor advierte a docentes: \u201cNo pueden asistir a un ni\u00f1o en el ba\u00f1o\u201d por riesgo de cargos legales<\/a><\/h3>\t\t\t\t\t<\/header><!-- .entry-header -->\n\t\t\t\t<\/div><!-- .post-inner -->\n\n\t\t\t<\/div><!-- .post-outer -->\n\t\t<\/article>\n\t\t\t\t<\/div>\n\t\t<\/div>\n\t\t\n","protected":false},"excerpt":{"rendered":"El mandatario no dio detalles, pero ya ha dicho que las fuerzas armadas estadounidenses podr\u00edan bombardear los puentes, las centrales el\u00e9ctricas y otras infraestructuras civiles de Ir\u00e1n hasta regresarlo a la \u00abEdad de Piedra\u00bb.","protected":false},"author":1,"featured_media":117483,"comment_status":"open","ping_status":"closed","sticky":false,"template":"","format":"standard","meta":{"csco_display_header_overlay":false,"csco_singular_sidebar":"","csco_page_header_type":"featured","csco_page_load_nextpost":"","csco_post_video_location":[],"csco_post_video_location_hash":"","csco_post_video_url":"","csco_post_video_bg_start_time":0,"csco_post_video_bg_end_time":0,"csco_post_video_bg_volume":false,"_jetpack_memberships_contains_paid_content":false,"footnotes":""},"categories":[23790],"tags":[25606,25226,596,25607,58,23808,18453,18455,23860],"class_list":{"0":"post-117405","1":"post","2":"type-post","3":"status-publish","4":"format-standard","5":"has-post-thumbnail","7":"category-noticias-internacionales","8":"tag-actualidad-educativa","9":"tag-analisis-educativo","10":"tag-aula","11":"tag-conflictos-globales","12":"tag-docentes","13":"tag-educacion-2","14":"tag-educacion-emocional-2","15":"tag-formacion-docente-2","16":"tag-pensamiento-critico-2","17":"cs-entry","18":"cs-video-wrap"},"yoast_head":"<!-- This site is optimized with the Yoast SEO plugin v27.5 - https:\/\/yoast.com\/product\/yoast-seo-wordpress\/ -->\n<title>\u00daltima hora de la guerra de EEUU e Israel contra Ir\u00e1n, en directo | Nuevos ataques en Oriente Pr\u00f3ximo muestran la fragilidad del alto el fuego entre Estados Unidos e Ir\u00e1n - 2026<\/title>\n<meta name=\"description\" content=\"Donald Trump y ultim\u00e1tums de posibles consecuencias devastadoras, revela un escenario donde la estabilidad global se...\" \/>\n<meta name=\"robots\" content=\"index, follow, max-snippet:-1, max-image-preview:large, max-video-preview:-1\" \/>\n<link rel=\"canonical\" href=\"https:\/\/webdelmaestrocmf.com\/portal\/trump-advierte-a-iran-a-que-responda-a-su-ultimatum-una-civilizacion-entera-morira-hoy\/\" \/>\n<meta property=\"og:locale\" content=\"es_ES\" \/>\n<meta property=\"og:type\" content=\"article\" \/>\n<meta property=\"og:title\" content=\"\u00daltima hora de la guerra de EEUU e Israel contra Ir\u00e1n, en directo | Nuevos ataques en Oriente Pr\u00f3ximo muestran la fragilidad del alto el fuego entre Estados Unidos e Ir\u00e1n - 2026\" \/>\n<meta property=\"og:description\" content=\"Donald Trump y ultim\u00e1tums de posibles consecuencias devastadoras, revela un escenario donde la estabilidad global se...\" \/>\n<meta property=\"og:url\" content=\"https:\/\/webdelmaestrocmf.com\/portal\/trump-advierte-a-iran-a-que-responda-a-su-ultimatum-una-civilizacion-entera-morira-hoy\/\" \/>\n<meta property=\"og:site_name\" content=\"Web del Maestro CMF\" \/>\n<meta property=\"article:publisher\" content=\"https:\/\/www.facebook.com\/WebdelMaestroCMF\/\" \/>\n<meta property=\"article:author\" content=\"https:\/\/www.facebook.com\/WebdelMaestroCMF\/\" \/>\n<meta property=\"article:published_time\" content=\"2026-04-09T01:00:00+00:00\" \/>\n<meta property=\"article:modified_time\" content=\"2026-04-09T01:30:00+00:00\" \/>\n<meta property=\"og:image\" content=\"https:\/\/webdelmaestrocmf.com\/portal\/wp-content\/uploads\/2026\/04\/1AA-Banner-1-portada-imagen-10-1-copia-1-3.webp\" \/>\n\t<meta property=\"og:image:width\" content=\"1200\" \/>\n\t<meta property=\"og:image:height\" content=\"675\" \/>\n\t<meta property=\"og:image:type\" content=\"image\/webp\" \/>\n<meta name=\"author\" content=\"Web del Maestro CMF\" \/>\n<meta name=\"twitter:card\" content=\"summary_large_image\" \/>\n<meta name=\"twitter:creator\" content=\"@cmf_w\" \/>\n<meta name=\"twitter:site\" content=\"@cmf_w\" \/>\n<script type=\"application\/ld+json\" class=\"yoast-schema-graph\">{\"@context\":\"https:\\\/\\\/schema.org\",\"@graph\":[{\"@type\":\"ScholarlyArticle\",\"@id\":\"https:\\\/\\\/webdelmaestrocmf.com\\\/portal\\\/trump-advierte-a-iran-a-que-responda-a-su-ultimatum-una-civilizacion-entera-morira-hoy\\\/#article\",\"isPartOf\":{\"@id\":\"https:\\\/\\\/webdelmaestrocmf.com\\\/portal\\\/trump-advierte-a-iran-a-que-responda-a-su-ultimatum-una-civilizacion-entera-morira-hoy\\\/\"},\"author\":{\"name\":\"Web del Maestro CMF\",\"@id\":\"https:\\\/\\\/webdelmaestrocmf.com\\\/portal\\\/#\\\/schema\\\/person\\\/1072a2ed7bd960df8ef99a551fa35dc5\"},\"headline\":\"\u00daltima hora de la guerra de EEUU e Israel contra Ir\u00e1n, en directo | Nuevos ataques en Oriente Pr\u00f3ximo muestran la fragilidad del alto el fuego entre Estados Unidos e Ir\u00e1n\",\"datePublished\":\"2026-04-09T01:00:00+00:00\",\"dateModified\":\"2026-04-09T01:30:00+00:00\",\"mainEntityOfPage\":{\"@id\":\"https:\\\/\\\/webdelmaestrocmf.com\\\/portal\\\/trump-advierte-a-iran-a-que-responda-a-su-ultimatum-una-civilizacion-entera-morira-hoy\\\/\"},\"wordCount\":1723,\"commentCount\":0,\"publisher\":{\"@id\":\"https:\\\/\\\/webdelmaestrocmf.com\\\/portal\\\/#organization\"},\"image\":{\"@id\":\"https:\\\/\\\/webdelmaestrocmf.com\\\/portal\\\/trump-advierte-a-iran-a-que-responda-a-su-ultimatum-una-civilizacion-entera-morira-hoy\\\/#primaryimage\"},\"thumbnailUrl\":\"https:\\\/\\\/webdelmaestrocmf.com\\\/portal\\\/wp-content\\\/uploads\\\/2026\\\/04\\\/1AA-Banner-1-portada-imagen-10-1-copia-1-3.webp\",\"keywords\":[\"actualidad educativa\",\"an\u00e1lisis educativo\",\"aula\",\"conflictos globales\",\"DOCENTES\",\"educaci\u00f3n\",\"Educaci\u00f3n Emocional\",\"Formaci\u00f3n docente\",\"Pensamiento Cr\u00edtico\"],\"articleSection\":[\"Noticias Internacionales\"],\"inLanguage\":\"es\",\"potentialAction\":[{\"@type\":\"CommentAction\",\"name\":\"Comment\",\"target\":[\"https:\\\/\\\/webdelmaestrocmf.com\\\/portal\\\/trump-advierte-a-iran-a-que-responda-a-su-ultimatum-una-civilizacion-entera-morira-hoy\\\/#respond\"]}]},{\"@type\":\"WebPage\",\"@id\":\"https:\\\/\\\/webdelmaestrocmf.com\\\/portal\\\/trump-advierte-a-iran-a-que-responda-a-su-ultimatum-una-civilizacion-entera-morira-hoy\\\/\",\"url\":\"https:\\\/\\\/webdelmaestrocmf.com\\\/portal\\\/trump-advierte-a-iran-a-que-responda-a-su-ultimatum-una-civilizacion-entera-morira-hoy\\\/\",\"name\":\"\u00daltima hora de la guerra de EEUU e Israel contra Ir\u00e1n, en directo | Nuevos ataques en Oriente Pr\u00f3ximo muestran la fragilidad del alto el fuego entre Estados Unidos e Ir\u00e1n - 2026\",\"isPartOf\":{\"@id\":\"https:\\\/\\\/webdelmaestrocmf.com\\\/portal\\\/#website\"},\"primaryImageOfPage\":{\"@id\":\"https:\\\/\\\/webdelmaestrocmf.com\\\/portal\\\/trump-advierte-a-iran-a-que-responda-a-su-ultimatum-una-civilizacion-entera-morira-hoy\\\/#primaryimage\"},\"image\":{\"@id\":\"https:\\\/\\\/webdelmaestrocmf.com\\\/portal\\\/trump-advierte-a-iran-a-que-responda-a-su-ultimatum-una-civilizacion-entera-morira-hoy\\\/#primaryimage\"},\"thumbnailUrl\":\"https:\\\/\\\/webdelmaestrocmf.com\\\/portal\\\/wp-content\\\/uploads\\\/2026\\\/04\\\/1AA-Banner-1-portada-imagen-10-1-copia-1-3.webp\",\"datePublished\":\"2026-04-09T01:00:00+00:00\",\"dateModified\":\"2026-04-09T01:30:00+00:00\",\"description\":\"Donald Trump y ultim\u00e1tums de posibles consecuencias devastadoras, revela un escenario donde la estabilidad global se...\",\"breadcrumb\":{\"@id\":\"https:\\\/\\\/webdelmaestrocmf.com\\\/portal\\\/trump-advierte-a-iran-a-que-responda-a-su-ultimatum-una-civilizacion-entera-morira-hoy\\\/#breadcrumb\"},\"inLanguage\":\"es\",\"potentialAction\":[{\"@type\":\"ReadAction\",\"target\":[\"https:\\\/\\\/webdelmaestrocmf.com\\\/portal\\\/trump-advierte-a-iran-a-que-responda-a-su-ultimatum-una-civilizacion-entera-morira-hoy\\\/\"]}]},{\"@type\":\"ImageObject\",\"inLanguage\":\"es\",\"@id\":\"https:\\\/\\\/webdelmaestrocmf.com\\\/portal\\\/trump-advierte-a-iran-a-que-responda-a-su-ultimatum-una-civilizacion-entera-morira-hoy\\\/#primaryimage\",\"url\":\"https:\\\/\\\/webdelmaestrocmf.com\\\/portal\\\/wp-content\\\/uploads\\\/2026\\\/04\\\/1AA-Banner-1-portada-imagen-10-1-copia-1-3.webp\",\"contentUrl\":\"https:\\\/\\\/webdelmaestrocmf.com\\\/portal\\\/wp-content\\\/uploads\\\/2026\\\/04\\\/1AA-Banner-1-portada-imagen-10-1-copia-1-3.webp\",\"width\":1200,\"height\":675},{\"@type\":\"BreadcrumbList\",\"@id\":\"https:\\\/\\\/webdelmaestrocmf.com\\\/portal\\\/trump-advierte-a-iran-a-que-responda-a-su-ultimatum-una-civilizacion-entera-morira-hoy\\\/#breadcrumb\",\"itemListElement\":[{\"@type\":\"ListItem\",\"position\":1,\"name\":\"Portada\",\"item\":\"https:\\\/\\\/webdelmaestrocmf.com\\\/portal\\\/\"},{\"@type\":\"ListItem\",\"position\":2,\"name\":\"Noticias Internacionales\",\"item\":\"https:\\\/\\\/webdelmaestrocmf.com\\\/portal\\\/category\\\/noticias-internacionales\\\/\"},{\"@type\":\"ListItem\",\"position\":3,\"name\":\"\u00daltima hora de la guerra de EEUU e Israel contra Ir\u00e1n, en directo | Nuevos ataques en Oriente Pr\u00f3ximo muestran la fragilidad del alto el fuego entre Estados Unidos e Ir\u00e1n\"}]},{\"@type\":\"WebSite\",\"@id\":\"https:\\\/\\\/webdelmaestrocmf.com\\\/portal\\\/#website\",\"url\":\"https:\\\/\\\/webdelmaestrocmf.com\\\/portal\\\/\",\"name\":\"Web del Maestro CMF\",\"description\":\"Maestros al servicio de la educaci\u00f3n\",\"publisher\":{\"@id\":\"https:\\\/\\\/webdelmaestrocmf.com\\\/portal\\\/#organization\"},\"alternateName\":\"WMCMF\",\"potentialAction\":[{\"@type\":\"SearchAction\",\"target\":{\"@type\":\"EntryPoint\",\"urlTemplate\":\"https:\\\/\\\/webdelmaestrocmf.com\\\/portal\\\/?s={search_term_string}\"},\"query-input\":{\"@type\":\"PropertyValueSpecification\",\"valueRequired\":true,\"valueName\":\"search_term_string\"}}],\"inLanguage\":\"es\"},{\"@type\":\"Organization\",\"@id\":\"https:\\\/\\\/webdelmaestrocmf.com\\\/portal\\\/#organization\",\"name\":\"Web del Maestro CMF\",\"alternateName\":\"WMCMF\",\"url\":\"https:\\\/\\\/webdelmaestrocmf.com\\\/portal\\\/\",\"logo\":{\"@type\":\"ImageObject\",\"inLanguage\":\"es\",\"@id\":\"https:\\\/\\\/webdelmaestrocmf.com\\\/portal\\\/#\\\/schema\\\/logo\\\/image\\\/\",\"url\":\"https:\\\/\\\/webdelmaestrocmf.com\\\/portal\\\/wp-content\\\/uploads\\\/2023\\\/01\\\/logo-wmcmf-2.png\",\"contentUrl\":\"https:\\\/\\\/webdelmaestrocmf.com\\\/portal\\\/wp-content\\\/uploads\\\/2023\\\/01\\\/logo-wmcmf-2.png\",\"width\":200,\"height\":60,\"caption\":\"Web del Maestro CMF\"},\"image\":{\"@id\":\"https:\\\/\\\/webdelmaestrocmf.com\\\/portal\\\/#\\\/schema\\\/logo\\\/image\\\/\"},\"sameAs\":[\"https:\\\/\\\/www.facebook.com\\\/WebdelMaestroCMF\\\/\",\"https:\\\/\\\/x.com\\\/cmf_w\",\"https:\\\/\\\/www.pinterest.com\\\/WMCMF\\\/\",\"https:\\\/\\\/www.linkedin.com\\\/company\\\/web-del-maestro-cmf\\\/\",\"https:\\\/\\\/www.instagram.com\\\/wmcmf\\\/\",\"https:\\\/\\\/www.youtube.com\\\/channel\\\/UCDPSvjbdodE5sHnC3OxutHw\",\"https:\\\/\\\/mastodon.social\\\/@wmcmf\",\"https:\\\/\\\/www.tiktok.com\\\/@webdelmaestrocmf\"]},{\"@type\":\"Person\",\"@id\":\"https:\\\/\\\/webdelmaestrocmf.com\\\/portal\\\/#\\\/schema\\\/person\\\/1072a2ed7bd960df8ef99a551fa35dc5\",\"name\":\"Web del Maestro CMF\",\"image\":{\"@type\":\"ImageObject\",\"inLanguage\":\"es\",\"@id\":\"https:\\\/\\\/secure.gravatar.com\\\/avatar\\\/23291dd5b5ae1077dcff3dbb04c3e02bd28403fa75af6d8787d5e97c5bbbe30b?s=96&d=mm&r=g\",\"url\":\"https:\\\/\\\/secure.gravatar.com\\\/avatar\\\/23291dd5b5ae1077dcff3dbb04c3e02bd28403fa75af6d8787d5e97c5bbbe30b?s=96&d=mm&r=g\",\"contentUrl\":\"https:\\\/\\\/secure.gravatar.com\\\/avatar\\\/23291dd5b5ae1077dcff3dbb04c3e02bd28403fa75af6d8787d5e97c5bbbe30b?s=96&d=mm&r=g\",\"caption\":\"Web del Maestro CMF\"},\"description\":\"Esta Web se cre\u00f3 sin fines de lucro, con fines educativos, cient\u00edficos y acad\u00e9micos, para personas que tengan dificultades y\\\/o inconvenientes en visualizar el material original. El objetivo es entregar recursos, compartir experiencias y materiales que ayuden a los padres de familia, maestros y estudiantes en su actualizaci\u00f3n y formaci\u00f3n permanente, en bien de la Educaci\u00f3n.\",\"sameAs\":[\"http:\\\/\\\/webdelmaestrocmf.com\\\/portal\",\"https:\\\/\\\/www.facebook.com\\\/WebdelMaestroCMF\\\/\",\"https:\\\/\\\/www.instagram.com\\\/wmcmf\\\/\",\"https:\\\/\\\/cl.linkedin.com\\\/company\\\/web-del-maestro-cmf\",\"https:\\\/\\\/www.pinterest.com\\\/WMCMF\\\/publicaciones\\\/\",\"https:\\\/\\\/x.com\\\/cmf_w\",\"https:\\\/\\\/www.youtube.com\\\/@WMCMF\"]}]}<\/script>\n<!-- \/ Yoast SEO plugin. -->","yoast_head_json":{"title":"\u00daltima hora de la guerra de EEUU e Israel contra Ir\u00e1n, en directo | Nuevos ataques en Oriente Pr\u00f3ximo muestran la fragilidad del alto el fuego entre Estados Unidos e Ir\u00e1n - 2026","description":"Donald Trump y ultim\u00e1tums de posibles consecuencias devastadoras, revela un escenario donde la estabilidad global se...","robots":{"index":"index","follow":"follow","max-snippet":"max-snippet:-1","max-image-preview":"max-image-preview:large","max-video-preview":"max-video-preview:-1"},"canonical":"https:\/\/webdelmaestrocmf.com\/portal\/trump-advierte-a-iran-a-que-responda-a-su-ultimatum-una-civilizacion-entera-morira-hoy\/","og_locale":"es_ES","og_type":"article","og_title":"\u00daltima hora de la guerra de EEUU e Israel contra Ir\u00e1n, en directo | Nuevos ataques en Oriente Pr\u00f3ximo muestran la fragilidad del alto el fuego entre Estados Unidos e Ir\u00e1n - 2026","og_description":"Donald Trump y ultim\u00e1tums de posibles consecuencias devastadoras, revela un escenario donde la estabilidad global se...","og_url":"https:\/\/webdelmaestrocmf.com\/portal\/trump-advierte-a-iran-a-que-responda-a-su-ultimatum-una-civilizacion-entera-morira-hoy\/","og_site_name":"Web del Maestro CMF","article_publisher":"https:\/\/www.facebook.com\/WebdelMaestroCMF\/","article_author":"https:\/\/www.facebook.com\/WebdelMaestroCMF\/","article_published_time":"2026-04-09T01:00:00+00:00","article_modified_time":"2026-04-09T01:30:00+00:00","og_image":[{"width":1200,"height":675,"url":"https:\/\/webdelmaestrocmf.com\/portal\/wp-content\/uploads\/2026\/04\/1AA-Banner-1-portada-imagen-10-1-copia-1-3.webp","type":"image\/webp"}],"author":"Web del Maestro CMF","twitter_card":"summary_large_image","twitter_creator":"@cmf_w","twitter_site":"@cmf_w","schema":{"@context":"https:\/\/schema.org","@graph":[{"@type":"ScholarlyArticle","@id":"https:\/\/webdelmaestrocmf.com\/portal\/trump-advierte-a-iran-a-que-responda-a-su-ultimatum-una-civilizacion-entera-morira-hoy\/#article","isPartOf":{"@id":"https:\/\/webdelmaestrocmf.com\/portal\/trump-advierte-a-iran-a-que-responda-a-su-ultimatum-una-civilizacion-entera-morira-hoy\/"},"author":{"name":"Web del Maestro CMF","@id":"https:\/\/webdelmaestrocmf.com\/portal\/#\/schema\/person\/1072a2ed7bd960df8ef99a551fa35dc5"},"headline":"\u00daltima hora de la guerra de EEUU e Israel contra Ir\u00e1n, en directo | Nuevos ataques en Oriente Pr\u00f3ximo muestran la fragilidad del alto el fuego entre Estados Unidos e Ir\u00e1n","datePublished":"2026-04-09T01:00:00+00:00","dateModified":"2026-04-09T01:30:00+00:00","mainEntityOfPage":{"@id":"https:\/\/webdelmaestrocmf.com\/portal\/trump-advierte-a-iran-a-que-responda-a-su-ultimatum-una-civilizacion-entera-morira-hoy\/"},"wordCount":1723,"commentCount":0,"publisher":{"@id":"https:\/\/webdelmaestrocmf.com\/portal\/#organization"},"image":{"@id":"https:\/\/webdelmaestrocmf.com\/portal\/trump-advierte-a-iran-a-que-responda-a-su-ultimatum-una-civilizacion-entera-morira-hoy\/#primaryimage"},"thumbnailUrl":"https:\/\/webdelmaestrocmf.com\/portal\/wp-content\/uploads\/2026\/04\/1AA-Banner-1-portada-imagen-10-1-copia-1-3.webp","keywords":["actualidad educativa","an\u00e1lisis educativo","aula","conflictos globales","DOCENTES","educaci\u00f3n","Educaci\u00f3n Emocional","Formaci\u00f3n docente","Pensamiento Cr\u00edtico"],"articleSection":["Noticias Internacionales"],"inLanguage":"es","potentialAction":[{"@type":"CommentAction","name":"Comment","target":["https:\/\/webdelmaestrocmf.com\/portal\/trump-advierte-a-iran-a-que-responda-a-su-ultimatum-una-civilizacion-entera-morira-hoy\/#respond"]}]},{"@type":"WebPage","@id":"https:\/\/webdelmaestrocmf.com\/portal\/trump-advierte-a-iran-a-que-responda-a-su-ultimatum-una-civilizacion-entera-morira-hoy\/","url":"https:\/\/webdelmaestrocmf.com\/portal\/trump-advierte-a-iran-a-que-responda-a-su-ultimatum-una-civilizacion-entera-morira-hoy\/","name":"\u00daltima hora de la guerra de EEUU e Israel contra Ir\u00e1n, en directo | Nuevos ataques en Oriente Pr\u00f3ximo muestran la fragilidad del alto el fuego entre Estados Unidos e Ir\u00e1n - 2026","isPartOf":{"@id":"https:\/\/webdelmaestrocmf.com\/portal\/#website"},"primaryImageOfPage":{"@id":"https:\/\/webdelmaestrocmf.com\/portal\/trump-advierte-a-iran-a-que-responda-a-su-ultimatum-una-civilizacion-entera-morira-hoy\/#primaryimage"},"image":{"@id":"https:\/\/webdelmaestrocmf.com\/portal\/trump-advierte-a-iran-a-que-responda-a-su-ultimatum-una-civilizacion-entera-morira-hoy\/#primaryimage"},"thumbnailUrl":"https:\/\/webdelmaestrocmf.com\/portal\/wp-content\/uploads\/2026\/04\/1AA-Banner-1-portada-imagen-10-1-copia-1-3.webp","datePublished":"2026-04-09T01:00:00+00:00","dateModified":"2026-04-09T01:30:00+00:00","description":"Donald Trump y ultim\u00e1tums de posibles consecuencias devastadoras, revela un escenario donde la estabilidad global se...","breadcrumb":{"@id":"https:\/\/webdelmaestrocmf.com\/portal\/trump-advierte-a-iran-a-que-responda-a-su-ultimatum-una-civilizacion-entera-morira-hoy\/#breadcrumb"},"inLanguage":"es","potentialAction":[{"@type":"ReadAction","target":["https:\/\/webdelmaestrocmf.com\/portal\/trump-advierte-a-iran-a-que-responda-a-su-ultimatum-una-civilizacion-entera-morira-hoy\/"]}]},{"@type":"ImageObject","inLanguage":"es","@id":"https:\/\/webdelmaestrocmf.com\/portal\/trump-advierte-a-iran-a-que-responda-a-su-ultimatum-una-civilizacion-entera-morira-hoy\/#primaryimage","url":"https:\/\/webdelmaestrocmf.com\/portal\/wp-content\/uploads\/2026\/04\/1AA-Banner-1-portada-imagen-10-1-copia-1-3.webp","contentUrl":"https:\/\/webdelmaestrocmf.com\/portal\/wp-content\/uploads\/2026\/04\/1AA-Banner-1-portada-imagen-10-1-copia-1-3.webp","width":1200,"height":675},{"@type":"BreadcrumbList","@id":"https:\/\/webdelmaestrocmf.com\/portal\/trump-advierte-a-iran-a-que-responda-a-su-ultimatum-una-civilizacion-entera-morira-hoy\/#breadcrumb","itemListElement":[{"@type":"ListItem","position":1,"name":"Portada","item":"https:\/\/webdelmaestrocmf.com\/portal\/"},{"@type":"ListItem","position":2,"name":"Noticias Internacionales","item":"https:\/\/webdelmaestrocmf.com\/portal\/category\/noticias-internacionales\/"},{"@type":"ListItem","position":3,"name":"\u00daltima hora de la guerra de EEUU e Israel contra Ir\u00e1n, en directo | Nuevos ataques en Oriente Pr\u00f3ximo muestran la fragilidad del alto el fuego entre Estados Unidos e Ir\u00e1n"}]},{"@type":"WebSite","@id":"https:\/\/webdelmaestrocmf.com\/portal\/#website","url":"https:\/\/webdelmaestrocmf.com\/portal\/","name":"Web del Maestro CMF","description":"Maestros al servicio de la educaci\u00f3n","publisher":{"@id":"https:\/\/webdelmaestrocmf.com\/portal\/#organization"},"alternateName":"WMCMF","potentialAction":[{"@type":"SearchAction","target":{"@type":"EntryPoint","urlTemplate":"https:\/\/webdelmaestrocmf.com\/portal\/?s={search_term_string}"},"query-input":{"@type":"PropertyValueSpecification","valueRequired":true,"valueName":"search_term_string"}}],"inLanguage":"es"},{"@type":"Organization","@id":"https:\/\/webdelmaestrocmf.com\/portal\/#organization","name":"Web del Maestro CMF","alternateName":"WMCMF","url":"https:\/\/webdelmaestrocmf.com\/portal\/","logo":{"@type":"ImageObject","inLanguage":"es","@id":"https:\/\/webdelmaestrocmf.com\/portal\/#\/schema\/logo\/image\/","url":"https:\/\/webdelmaestrocmf.com\/portal\/wp-content\/uploads\/2023\/01\/logo-wmcmf-2.png","contentUrl":"https:\/\/webdelmaestrocmf.com\/portal\/wp-content\/uploads\/2023\/01\/logo-wmcmf-2.png","width":200,"height":60,"caption":"Web del Maestro CMF"},"image":{"@id":"https:\/\/webdelmaestrocmf.com\/portal\/#\/schema\/logo\/image\/"},"sameAs":["https:\/\/www.facebook.com\/WebdelMaestroCMF\/","https:\/\/x.com\/cmf_w","https:\/\/www.pinterest.com\/WMCMF\/","https:\/\/www.linkedin.com\/company\/web-del-maestro-cmf\/","https:\/\/www.instagram.com\/wmcmf\/","https:\/\/www.youtube.com\/channel\/UCDPSvjbdodE5sHnC3OxutHw","https:\/\/mastodon.social\/@wmcmf","https:\/\/www.tiktok.com\/@webdelmaestrocmf"]},{"@type":"Person","@id":"https:\/\/webdelmaestrocmf.com\/portal\/#\/schema\/person\/1072a2ed7bd960df8ef99a551fa35dc5","name":"Web del Maestro CMF","image":{"@type":"ImageObject","inLanguage":"es","@id":"https:\/\/secure.gravatar.com\/avatar\/23291dd5b5ae1077dcff3dbb04c3e02bd28403fa75af6d8787d5e97c5bbbe30b?s=96&d=mm&r=g","url":"https:\/\/secure.gravatar.com\/avatar\/23291dd5b5ae1077dcff3dbb04c3e02bd28403fa75af6d8787d5e97c5bbbe30b?s=96&d=mm&r=g","contentUrl":"https:\/\/secure.gravatar.com\/avatar\/23291dd5b5ae1077dcff3dbb04c3e02bd28403fa75af6d8787d5e97c5bbbe30b?s=96&d=mm&r=g","caption":"Web del Maestro CMF"},"description":"Esta Web se cre\u00f3 sin fines de lucro, con fines educativos, cient\u00edficos y acad\u00e9micos, para personas que tengan dificultades y\/o inconvenientes en visualizar el material original. El objetivo es entregar recursos, compartir experiencias y materiales que ayuden a los padres de familia, maestros y estudiantes en su actualizaci\u00f3n y formaci\u00f3n permanente, en bien de la Educaci\u00f3n.","sameAs":["http:\/\/webdelmaestrocmf.com\/portal","https:\/\/www.facebook.com\/WebdelMaestroCMF\/","https:\/\/www.instagram.com\/wmcmf\/","https:\/\/cl.linkedin.com\/company\/web-del-maestro-cmf","https:\/\/www.pinterest.com\/WMCMF\/publicaciones\/","https:\/\/x.com\/cmf_w","https:\/\/www.youtube.com\/@WMCMF"]}]}},"jetpack_featured_media_url":"https:\/\/webdelmaestrocmf.com\/portal\/wp-content\/uploads\/2026\/04\/1AA-Banner-1-portada-imagen-10-1-copia-1-3.webp","jetpack_sharing_enabled":true,"jetpack-related-posts":[{"id":116429,"url":"https:\/\/webdelmaestrocmf.com\/portal\/escalada-de-tensiones-en-el-golfo-persico-ataques-petroleo-y-costos-militares\/","url_meta":{"origin":117405,"position":0},"title":"Escalada de tensiones en el Golfo P\u00e9rsico: ataques, petr\u00f3leo y costos militares","author":"Web del Maestro CMF","date":"12 marzo, 2026","format":false,"excerpt":"EE. UU. gasta m\u00e1s de 11.000 millones de d\u00f3lares mientras Ir\u00e1n apenas supera los 300 millones en la guerra del Golfo.","rel":"","context":"En \u00abNoticias Internacionales\u00bb","block_context":{"text":"Noticias Internacionales","link":"https:\/\/webdelmaestrocmf.com\/portal\/category\/noticias-internacionales\/"},"img":{"alt_text":"","src":"https:\/\/i0.wp.com\/webdelmaestrocmf.com\/portal\/wp-content\/uploads\/2026\/03\/1AA-Banner-1-portada-imagen-10-1-copia-8.webp?resize=350%2C200&ssl=1","width":350,"height":200,"srcset":"https:\/\/i0.wp.com\/webdelmaestrocmf.com\/portal\/wp-content\/uploads\/2026\/03\/1AA-Banner-1-portada-imagen-10-1-copia-8.webp?resize=350%2C200&ssl=1 1x, https:\/\/i0.wp.com\/webdelmaestrocmf.com\/portal\/wp-content\/uploads\/2026\/03\/1AA-Banner-1-portada-imagen-10-1-copia-8.webp?resize=525%2C300&ssl=1 1.5x, https:\/\/i0.wp.com\/webdelmaestrocmf.com\/portal\/wp-content\/uploads\/2026\/03\/1AA-Banner-1-portada-imagen-10-1-copia-8.webp?resize=700%2C400&ssl=1 2x, https:\/\/i0.wp.com\/webdelmaestrocmf.com\/portal\/wp-content\/uploads\/2026\/03\/1AA-Banner-1-portada-imagen-10-1-copia-8.webp?resize=1050%2C600&ssl=1 3x"},"classes":[]},{"id":118222,"url":"https:\/\/webdelmaestrocmf.com\/portal\/trump-ordena-disparar-a-matar-a-los-barcos-que-minen-ormuz-y-dice-que-iran-no-sabe-quien-es-su-lider\/","url_meta":{"origin":117405,"position":1},"title":"Trump ordena \u201cdisparar a matar\u201d a los barcos que minen Ormuz y dice que Ir\u00e1n no sabe \u201cqui\u00e9n es su l\u00edder\u201d","author":"Web del Maestro CMF","date":"23 abril, 2026","format":false,"excerpt":"La escalada geopol\u00edtica en Ormuz revela tensiones que impactan la econom\u00eda mundial, evidenciando la fragilidad de las negociaciones y la urgencia de formar ciudadanos cr\u00edticos capaces de comprender estos conflictos.","rel":"","context":"En \u00abNoticias Internacionales\u00bb","block_context":{"text":"Noticias Internacionales","link":"https:\/\/webdelmaestrocmf.com\/portal\/category\/noticias-internacionales\/"},"img":{"alt_text":"","src":"https:\/\/i0.wp.com\/webdelmaestrocmf.com\/portal\/wp-content\/uploads\/2026\/04\/1AA-Banner-1-portada-imagen-10-1-copia-6-3.webp?resize=350%2C200&ssl=1","width":350,"height":200,"srcset":"https:\/\/i0.wp.com\/webdelmaestrocmf.com\/portal\/wp-content\/uploads\/2026\/04\/1AA-Banner-1-portada-imagen-10-1-copia-6-3.webp?resize=350%2C200&ssl=1 1x, https:\/\/i0.wp.com\/webdelmaestrocmf.com\/portal\/wp-content\/uploads\/2026\/04\/1AA-Banner-1-portada-imagen-10-1-copia-6-3.webp?resize=525%2C300&ssl=1 1.5x, https:\/\/i0.wp.com\/webdelmaestrocmf.com\/portal\/wp-content\/uploads\/2026\/04\/1AA-Banner-1-portada-imagen-10-1-copia-6-3.webp?resize=700%2C400&ssl=1 2x, https:\/\/i0.wp.com\/webdelmaestrocmf.com\/portal\/wp-content\/uploads\/2026\/04\/1AA-Banner-1-portada-imagen-10-1-copia-6-3.webp?resize=1050%2C600&ssl=1 3x"},"classes":[]},{"id":115584,"url":"https:\/\/webdelmaestrocmf.com\/portal\/ataque-contra-escuela-en-minab-decenas-de-ninas-fallecidas-en-el-marco-de-la-ofensiva-sobre-iran\/","url_meta":{"origin":117405,"position":2},"title":"Ataque contra escuela en Minab: decenas de ni\u00f1as fallecidas en el marco de la ofensiva sobre Ir\u00e1n","author":"Web del Maestro CMF","date":"28 febrero, 2026","format":false,"excerpt":"Mueren 53 ni\u00f1as tras el ataque israel\u00ed contra una escuela en Iran.","rel":"","context":"En \u00abNoticias Internacionales\u00bb","block_context":{"text":"Noticias Internacionales","link":"https:\/\/webdelmaestrocmf.com\/portal\/category\/noticias-internacionales\/"},"img":{"alt_text":"","src":"https:\/\/i0.wp.com\/webdelmaestrocmf.com\/portal\/wp-content\/uploads\/2026\/02\/1A-Banner-1-portada-imagen-10-1-copia-1-8.webp?resize=350%2C200&ssl=1","width":350,"height":200,"srcset":"https:\/\/i0.wp.com\/webdelmaestrocmf.com\/portal\/wp-content\/uploads\/2026\/02\/1A-Banner-1-portada-imagen-10-1-copia-1-8.webp?resize=350%2C200&ssl=1 1x, https:\/\/i0.wp.com\/webdelmaestrocmf.com\/portal\/wp-content\/uploads\/2026\/02\/1A-Banner-1-portada-imagen-10-1-copia-1-8.webp?resize=525%2C300&ssl=1 1.5x, https:\/\/i0.wp.com\/webdelmaestrocmf.com\/portal\/wp-content\/uploads\/2026\/02\/1A-Banner-1-portada-imagen-10-1-copia-1-8.webp?resize=700%2C400&ssl=1 2x"},"classes":[]},{"id":110638,"url":"https:\/\/webdelmaestrocmf.com\/portal\/iran-confirma-graves-danos-en-sus-instalaciones-nucleares-y-exigira-indemnizacion-a-estados-unidos\/","url_meta":{"origin":117405,"position":3},"title":"Ir\u00e1n confirma graves da\u00f1os en sus instalaciones nucleares y exigir\u00e1 indemnizaci\u00f3n a Estados Unidos","author":"Web del Maestro CMF","date":"27 junio, 2025","format":false,"excerpt":"El ministro de Asuntos Exteriores de Ir\u00e1n, Abbas Araqchi, confirm\u00f3 que los da\u00f1os causados por Estados Unidos a sus centrales nucleares fueron \"considerables y graves\" y advirti\u00f3 que ahora \"muchas realidades han cambiado\" para nuevas exigencias en una eventual negociaci\u00f3n","rel":"","context":"En \u00abNoticias Internacionales\u00bb","block_context":{"text":"Noticias Internacionales","link":"https:\/\/webdelmaestrocmf.com\/portal\/category\/noticias-internacionales\/"},"img":{"alt_text":"","src":"https:\/\/i0.wp.com\/webdelmaestrocmf.com\/portal\/wp-content\/uploads\/2025\/06\/1A-Banner-1-portada-imagen-10-1-copia-33.jpg?resize=350%2C200&ssl=1","width":350,"height":200,"srcset":"https:\/\/i0.wp.com\/webdelmaestrocmf.com\/portal\/wp-content\/uploads\/2025\/06\/1A-Banner-1-portada-imagen-10-1-copia-33.jpg?resize=350%2C200&ssl=1 1x, https:\/\/i0.wp.com\/webdelmaestrocmf.com\/portal\/wp-content\/uploads\/2025\/06\/1A-Banner-1-portada-imagen-10-1-copia-33.jpg?resize=525%2C300&ssl=1 1.5x, https:\/\/i0.wp.com\/webdelmaestrocmf.com\/portal\/wp-content\/uploads\/2025\/06\/1A-Banner-1-portada-imagen-10-1-copia-33.jpg?resize=700%2C400&ssl=1 2x"},"classes":[]},{"id":110377,"url":"https:\/\/webdelmaestrocmf.com\/portal\/ejercito-de-iran-advierte-a-trump-tu-empezaste-esta-guerra-pero-la-acabaremos-nosotros\/","url_meta":{"origin":117405,"position":4},"title":"Ej\u00e9rcito de Ir\u00e1n advierte a Trump: \u00abT\u00fa empezaste esta guerra, pero la acabaremos nosotros\u00bb","author":"Web del Maestro CMF","date":"23 junio, 2025","format":false,"excerpt":"Ir\u00e1n y amenazas a Estados Unidos: Se intensifica la guerra en Medio Oriente","rel":"","context":"En \u00abNoticias Internacionales\u00bb","block_context":{"text":"Noticias Internacionales","link":"https:\/\/webdelmaestrocmf.com\/portal\/category\/noticias-internacionales\/"},"img":{"alt_text":"","src":"https:\/\/i0.wp.com\/webdelmaestrocmf.com\/portal\/wp-content\/uploads\/2025\/06\/1A-Banner-1-portada-imagen-10-1-copia-4.webp?resize=350%2C200&ssl=1","width":350,"height":200,"srcset":"https:\/\/i0.wp.com\/webdelmaestrocmf.com\/portal\/wp-content\/uploads\/2025\/06\/1A-Banner-1-portada-imagen-10-1-copia-4.webp?resize=350%2C200&ssl=1 1x, https:\/\/i0.wp.com\/webdelmaestrocmf.com\/portal\/wp-content\/uploads\/2025\/06\/1A-Banner-1-portada-imagen-10-1-copia-4.webp?resize=525%2C300&ssl=1 1.5x, https:\/\/i0.wp.com\/webdelmaestrocmf.com\/portal\/wp-content\/uploads\/2025\/06\/1A-Banner-1-portada-imagen-10-1-copia-4.webp?resize=700%2C400&ssl=1 2x"},"classes":[]},{"id":110383,"url":"https:\/\/webdelmaestrocmf.com\/portal\/trump-anuncia-un-alto-el-fuego-total-entre-israel-e-iran-y-dice-que-entrara-en-vigor-en-seis-horas\/","url_meta":{"origin":117405,"position":5},"title":"Trump anuncia un \u201calto el fuego total\u201d entre Israel e Ir\u00e1n y dice que entrar\u00e1 en vigor \u201cen seis horas\u201d","author":"Web del Maestro CMF","date":"23 junio, 2025","format":false,"excerpt":"El presidente de Estados Unidos detalla un plan por fases en 24 horas y da por terminado el conflicto entre ambos pa\u00edses, que bautiza como \u201cla guerra de los 12 d\u00edas\u201d","rel":"","context":"En \u00abNoticias Internacionales\u00bb","block_context":{"text":"Noticias Internacionales","link":"https:\/\/webdelmaestrocmf.com\/portal\/category\/noticias-internacionales\/"},"img":{"alt_text":"","src":"https:\/\/i0.wp.com\/webdelmaestrocmf.com\/portal\/wp-content\/uploads\/2025\/06\/1A-Banner-1-portada-imagen-10-1-copia-26.jpg?resize=350%2C200&ssl=1","width":350,"height":200,"srcset":"https:\/\/i0.wp.com\/webdelmaestrocmf.com\/portal\/wp-content\/uploads\/2025\/06\/1A-Banner-1-portada-imagen-10-1-copia-26.jpg?resize=350%2C200&ssl=1 1x, https:\/\/i0.wp.com\/webdelmaestrocmf.com\/portal\/wp-content\/uploads\/2025\/06\/1A-Banner-1-portada-imagen-10-1-copia-26.jpg?resize=525%2C300&ssl=1 1.5x, https:\/\/i0.wp.com\/webdelmaestrocmf.com\/portal\/wp-content\/uploads\/2025\/06\/1A-Banner-1-portada-imagen-10-1-copia-26.jpg?resize=700%2C400&ssl=1 2x"},"classes":[]}],"_links":{"self":[{"href":"https:\/\/webdelmaestrocmf.com\/portal\/wp-json\/wp\/v2\/posts\/117405","targetHints":{"allow":["GET"]}}],"collection":[{"href":"https:\/\/webdelmaestrocmf.com\/portal\/wp-json\/wp\/v2\/posts"}],"about":[{"href":"https:\/\/webdelmaestrocmf.com\/portal\/wp-json\/wp\/v2\/types\/post"}],"author":[{"embeddable":true,"href":"https:\/\/webdelmaestrocmf.com\/portal\/wp-json\/wp\/v2\/users\/1"}],"replies":[{"embeddable":true,"href":"https:\/\/webdelmaestrocmf.com\/portal\/wp-json\/wp\/v2\/comments?post=117405"}],"version-history":[{"count":9,"href":"https:\/\/webdelmaestrocmf.com\/portal\/wp-json\/wp\/v2\/posts\/117405\/revisions"}],"predecessor-version":[{"id":117484,"href":"https:\/\/webdelmaestrocmf.com\/portal\/wp-json\/wp\/v2\/posts\/117405\/revisions\/117484"}],"wp:featuredmedia":[{"embeddable":true,"href":"https:\/\/webdelmaestrocmf.com\/portal\/wp-json\/wp\/v2\/media\/117483"}],"wp:attachment":[{"href":"https:\/\/webdelmaestrocmf.com\/portal\/wp-json\/wp\/v2\/media?parent=117405"}],"wp:term":[{"taxonomy":"category","embeddable":true,"href":"https:\/\/webdelmaestrocmf.com\/portal\/wp-json\/wp\/v2\/categories?post=117405"},{"taxonomy":"post_tag","embeddable":true,"href":"https:\/\/webdelmaestrocmf.com\/portal\/wp-json\/wp\/v2\/tags?post=117405"}],"curies":[{"name":"wp","href":"https:\/\/api.w.org\/{rel}","templated":true}]}}