{"id":117380,"date":"2026-04-06T22:52:19","date_gmt":"2026-04-07T02:52:19","guid":{"rendered":"https:\/\/webdelmaestrocmf.com\/portal\/?p=117380"},"modified":"2026-04-07T14:04:42","modified_gmt":"2026-04-07T18:04:42","slug":"el-sistema-educativo-chino-baja-la-exigencia-ante-el-aumento-de-la-ansiedad-infantil","status":"publish","type":"post","link":"https:\/\/webdelmaestrocmf.com\/portal\/el-sistema-educativo-chino-baja-la-exigencia-ante-el-aumento-de-la-ansiedad-infantil\/","title":{"rendered":"El sistema educativo chino baja la exigencia ante el aumento de la ansiedad infantil"},"content":{"rendered":"\n<p>Durante d\u00e9cadas, el sistema educativo chino ha sido sin\u00f3nimo de exigencia, disciplina y alto rendimiento acad\u00e9mico. <strong>La educaci\u00f3n ha funcionado como el principal mecanismo de movilidad social<\/strong>, impulsando a millones de estudiantes a competir intensamente desde edades cada vez m\u00e1s tempranas. Sin embargo, este modelo, centrado en la memorizaci\u00f3n y la evaluaci\u00f3n constante, ha comenzado a mostrar sus l\u00edmites. Hoy, la presi\u00f3n ya no solo impacta el rendimiento, sino tambi\u00e9n la salud emocional de los estudiantes, evidenciando un desequilibrio profundo entre aprendizaje y bienestar.<\/p>\n\n\n\n<h2 class=\"wp-block-heading\"><strong>Infancia bajo presi\u00f3n: el costo invisible del rendimiento acad\u00e9mico<\/strong><\/h2>\n\n\n\n<p>Uno de los aspectos m\u00e1s preocupantes es que <strong>la exigencia educativa se ha adelantado peligrosamente hacia la primera infancia<\/strong>. Ni\u00f1os que apenas inician su etapa escolar ya enfrentan rutinas cargadas de tareas, actividades extracurriculares y expectativas familiares elevadas. Esta din\u00e1mica genera un entorno donde el error no es parte del aprendizaje, sino una amenaza al futuro.<\/p>\n\n\n\n<p>El resultado es evidente: <strong>aumento de la ansiedad, dificultades para dormir, agotamiento emocional y p\u00e9rdida del inter\u00e9s por aprender<\/strong>. Cuando el proceso educativo se transforma en una carrera constante, el ni\u00f1o deja de explorar, de jugar y de desarrollar habilidades sociales fundamentales. El aprendizaje pierde su sentido formativo y se convierte en una obligaci\u00f3n mec\u00e1nica.<\/p>\n\n\n\n<figure class=\"wp-block-embed is-type-video is-provider-youtube wp-block-embed-youtube wp-embed-aspect-9-16 wp-has-aspect-ratio\"><div class=\"wp-block-embed__wrapper\">\n<iframe loading=\"lazy\" title=\"El #sistema #educativo #chino #baja la #exigencia ante el #aumento de la #ansiedad #infantil\" width=\"563\" height=\"1000\" src=\"https:\/\/www.youtube.com\/embed\/QTuWzEiSCDA?feature=oembed\" frameborder=\"0\" allow=\"accelerometer; autoplay; clipboard-write; encrypted-media; gyroscope; picture-in-picture; web-share\" referrerpolicy=\"strict-origin-when-cross-origin\" allowfullscreen><\/iframe>\n<\/div><\/figure>\n\n\n\n<h2 class=\"wp-block-heading\"><strong>Reformas necesarias: menos tareas, m\u00e1s tiempo para vivir<\/strong><\/h2>\n\n\n\n<p>Frente a este escenario, las autoridades han impulsado una serie de cambios que marcan un giro relevante. <strong>Reducir la carga de tareas, limitar los ex\u00e1menes y proteger el tiempo de recreo<\/strong> no son decisiones menores, sino un reconocimiento impl\u00edcito de que el sistema hab\u00eda sobrepasado sus propios l\u00edmites.<\/p>\n\n\n\n<p>La recuperaci\u00f3n del tiempo libre adquiere un valor central. <strong>El recreo deja de ser un espacio accesorio y pasa a ser una necesidad pedag\u00f3gica<\/strong>, fundamental para el desarrollo cognitivo, emocional y social. Incorporar actividades al aire libre y disminuir la presi\u00f3n evaluativa apunta a reequilibrar el proceso educativo, devolviendo al estudiante su condici\u00f3n de sujeto activo y no de simple receptor de contenidos.<\/p>\n\n\n\n<h2 class=\"wp-block-heading\"><strong>El rol del docente en un sistema menos punitivo<\/strong><\/h2>\n\n\n\n<p>Otro cambio significativo es la decisi\u00f3n de no responsabilizar exclusivamente a los docentes por los resultados acad\u00e9micos de sus estudiantes. <strong>Esta medida reduce la presi\u00f3n institucional sobre el profesorado<\/strong>, permiti\u00e9ndole enfocarse en procesos de aprendizaje m\u00e1s integrales y menos centrados en la calificaci\u00f3n.<\/p>\n\n\n\n<p>Para el docente, este contexto abre una oportunidad clave: <strong>replantear su pr\u00e1ctica pedag\u00f3gica hacia enfoques m\u00e1s humanos, flexibles y centrados en el estudiante<\/strong>. La ense\u00f1anza deja de ser una carrera contra el tiempo y se transforma en un proceso donde el acompa\u00f1amiento, la motivaci\u00f3n y la comprensi\u00f3n del alumno cobran mayor relevancia.<\/p>\n\n\n\n<h2 class=\"wp-block-heading\"><strong>El verdadero problema: una cultura que mide el \u00e9xito solo con notas<\/strong><\/h2>\n\n\n\n<p>A pesar de las reformas, existe un desaf\u00edo estructural que no puede ignorarse. <strong>El sistema educativo no opera de manera aislada, sino dentro de una cultura que valora el \u00e9xito exclusivamente en t\u00e9rminos acad\u00e9micos<\/strong>. Las familias, en su af\u00e1n de asegurar el futuro de sus hijos, contin\u00faan reforzando la presi\u00f3n mediante expectativas elevadas y una constante comparaci\u00f3n.<\/p>\n\n\n\n<p>Mientras esta mentalidad persista, cualquier cambio institucional tendr\u00e1 un impacto limitado. <strong>La presi\u00f3n no desaparece, solo se transforma<\/strong>, desplaz\u00e1ndose del aula al hogar o a otros espacios formativos. Por ello, la transformaci\u00f3n educativa requiere no solo ajustes normativos, sino tambi\u00e9n un cambio profundo en la concepci\u00f3n social del aprendizaje y del \u00e9xito.<\/p>\n\n\n\n<h2 class=\"wp-block-heading\"><strong>Lecciones para los sistemas educativos actuales<\/strong><\/h2>\n\n\n\n<p>Este escenario ofrece una reflexi\u00f3n clave para otros contextos educativos. <strong>La b\u00fasqueda de la excelencia no puede sostenerse a costa del bienestar emocional de los estudiantes<\/strong>. Un sistema que forma alumnos agotados, ansiosos y desmotivados est\u00e1 comprometiendo no solo el presente, sino tambi\u00e9n el futuro.<\/p>\n\n\n\n<p>Para los docentes, el mensaje es claro. <strong>Educar implica equilibrar exigencia y cuidado, conocimiento y humanidad, rendimiento y bienestar<\/strong>. El aprendizaje significativo no se construye bajo presi\u00f3n constante, sino en entornos donde el estudiante puede desarrollarse de manera integral.<\/p>\n\n\n\n<p>El caso chino evidencia que incluso los sistemas m\u00e1s s\u00f3lidos deben detenerse a revisar sus fundamentos. <strong>Cuando aprender comienza a afectar la salud, el problema ya no es del estudiante, sino del sistema que lo exige<\/strong>.<\/p>\n\n\n\n<p class=\"has-text-align-right\"><strong>Redacci\u00f3n | Web del Maestro CMF<\/strong><\/p>\n\n\n\t\t<div class=\"pk-inline-posts\">\n\t\t\t\t\t\t\t<h5 class=\"pk-inline-posts-title pk-title pk-font-block\">\n\t\t\t\t\t\u00daltimas entradas\t\t\t\t<\/h5>\n\t\t\t\n\t\t\t<div class=\"pk-inline-posts-container pk-inline-posts-template-list\"\n\t\t\t\tdata-columns=\"1\">\n\t\t\t\t\t\t<article id=\"post-118473\" class=\"post-118473 post type-post status-publish format-standard has-post-thumbnail category-noticias-internacionales tag-convivencia tag-docentes tag-educacion-3 tag-gestion-escolar-2 tag-protocolos tag-salud-mental tag-seguridad-escolar tag-simulacros tag-violencia-escolar cs-entry cs-video-wrap\">\n\t\t\t<div class=\"pk-post-outer\">\n\n\t\t\t\t\t\t\t\t<div class=\"pk-post-inner\">\n\t\t\t\t\t<div class=\"entry-thumbnail\">\n\t\t\t\t\t\t<div class=\"pk-overlay pk-overlay-ratio pk-ratio-landscape\">\n\t\t\t\t\t\t\t<div class=\"pk-overlay-background\">\n\t\t\t\t\t\t\t\t<a href=\"https:\/\/webdelmaestrocmf.com\/portal\/se-confirma-que-habra-simulacros-de-tiroteos-en-las-escuelas\/\" class=\"pk-overlay-link\">\n\t\t\t\t\t\t\t\t\t<img loading=\"lazy\" decoding=\"async\" width=\"300\" height=\"225\" src=\"https:\/\/webdelmaestrocmf.com\/portal\/wp-content\/uploads\/2026\/04\/1AA-Banner-1-portada-imagen-10-1-copia-1-11-300x225.webp\" class=\"attachment-pk-thumbnail size-pk-thumbnail wp-post-image\" alt=\"\" \/>\t\t\t\t\t\t\t\t<\/a>\n\t\t\t\t\t\t\t<\/div>\n\t\t\t\t\t\t<\/div>\n\t\t\t\t\t<\/div>\n\t\t\t\t<\/div>\n\t\t\t\t\n\t\t\t\t<div class=\"pk-post-inner\">\n\t\t\t\t\t<header>\n\t\t\t\t\t\t<h3 class=\"pk-title\"><a href=\"https:\/\/webdelmaestrocmf.com\/portal\/se-confirma-que-habra-simulacros-de-tiroteos-en-las-escuelas\/\" rel=\"bookmark\">Se confirma que habr\u00e1 simulacros de tiroteos en las escuelas<\/a><\/h3>\t\t\t\t\t<\/header><!-- .entry-header -->\n\t\t\t\t<\/div><!-- .post-inner -->\n\n\t\t\t<\/div><!-- .post-outer -->\n\t\t<\/article>\n\t\t\t<article id=\"post-118464\" class=\"post-118464 post type-post status-publish format-standard has-post-thumbnail category-noticias-internacionales tag-aula tag-convivencia-escolar tag-disciplina tag-docentes tag-educacion-3 tag-estudiantes tag-gestion-educativa-3 tag-normativa tag-pedagogia-3 tag-violencia-escolar cs-entry cs-video-wrap\">\n\t\t\t<div class=\"pk-post-outer\">\n\n\t\t\t\t\t\t\t\t<div class=\"pk-post-inner\">\n\t\t\t\t\t<div class=\"entry-thumbnail\">\n\t\t\t\t\t\t<div class=\"pk-overlay pk-overlay-ratio pk-ratio-landscape\">\n\t\t\t\t\t\t\t<div class=\"pk-overlay-background\">\n\t\t\t\t\t\t\t\t<a href=\"https:\/\/webdelmaestrocmf.com\/portal\/peru-pone-limites-estudiantes-violentos-podrian-salir-del-aula-presencial-y-pasar-a-otra-modalidad-educativa\/\" class=\"pk-overlay-link\">\n\t\t\t\t\t\t\t\t\t<img loading=\"lazy\" decoding=\"async\" width=\"300\" height=\"225\" src=\"https:\/\/webdelmaestrocmf.com\/portal\/wp-content\/uploads\/2026\/04\/1AA-Banner-1-portada-imagen-10-1-copia-38-300x225.webp\" class=\"attachment-pk-thumbnail size-pk-thumbnail wp-post-image\" alt=\"\" \/>\t\t\t\t\t\t\t\t<\/a>\n\t\t\t\t\t\t\t<\/div>\n\t\t\t\t\t\t<\/div>\n\t\t\t\t\t<\/div>\n\t\t\t\t<\/div>\n\t\t\t\t\n\t\t\t\t<div class=\"pk-post-inner\">\n\t\t\t\t\t<header>\n\t\t\t\t\t\t<h3 class=\"pk-title\"><a href=\"https:\/\/webdelmaestrocmf.com\/portal\/peru-pone-limites-estudiantes-violentos-podrian-salir-del-aula-presencial-y-pasar-a-otra-modalidad-educativa\/\" rel=\"bookmark\">Per\u00fa pone l\u00edmites: estudiantes violentos podr\u00edan salir del aula presencial y pasar a otra modalidad educativa<\/a><\/h3>\t\t\t\t\t<\/header><!-- .entry-header -->\n\t\t\t\t<\/div><!-- .post-inner -->\n\n\t\t\t<\/div><!-- .post-outer -->\n\t\t<\/article>\n\t\t\t<article id=\"post-118433\" class=\"post-118433 post type-post status-publish format-standard has-post-thumbnail category-noticias-internacionales tag-aprendizaje tag-atencion-en-el-aula-2 tag-docentes tag-educacion-3 tag-estrategias-didacticas-2 tag-innovacion-educativa-3 tag-motivacion-escolar-2 tag-neuroeducacion-2 tag-pedagogia-3 tag-tecnologia-educativa-3 cs-entry cs-video-wrap\">\n\t\t\t<div class=\"pk-post-outer\">\n\n\t\t\t\t\t\t\t\t<div class=\"pk-post-inner\">\n\t\t\t\t\t<div class=\"entry-thumbnail\">\n\t\t\t\t\t\t<div class=\"pk-overlay pk-overlay-ratio pk-ratio-landscape\">\n\t\t\t\t\t\t\t<div class=\"pk-overlay-background\">\n\t\t\t\t\t\t\t\t<a href=\"https:\/\/webdelmaestrocmf.com\/portal\/9-de-cada-10-maestros-confirman-que-los-alumnos-ya-no-prestan-atencion-en-clase\/\" class=\"pk-overlay-link\">\n\t\t\t\t\t\t\t\t\t<img loading=\"lazy\" decoding=\"async\" width=\"300\" height=\"225\" src=\"https:\/\/webdelmaestrocmf.com\/portal\/wp-content\/uploads\/2026\/04\/1AA-Banner-1-portada-imagen-10-1-copia-1-10-300x225.webp\" class=\"attachment-pk-thumbnail size-pk-thumbnail wp-post-image\" alt=\"\" \/>\t\t\t\t\t\t\t\t<\/a>\n\t\t\t\t\t\t\t<\/div>\n\t\t\t\t\t\t<\/div>\n\t\t\t\t\t<\/div>\n\t\t\t\t<\/div>\n\t\t\t\t\n\t\t\t\t<div class=\"pk-post-inner\">\n\t\t\t\t\t<header>\n\t\t\t\t\t\t<h3 class=\"pk-title\"><a href=\"https:\/\/webdelmaestrocmf.com\/portal\/9-de-cada-10-maestros-confirman-que-los-alumnos-ya-no-prestan-atencion-en-clase\/\" rel=\"bookmark\">9 de cada 10 maestros confirman que los alumnos ya no prestan atenci\u00f3n en clase<\/a><\/h3>\t\t\t\t\t<\/header><!-- .entry-header -->\n\t\t\t\t<\/div><!-- .post-inner -->\n\n\t\t\t<\/div><!-- .post-outer -->\n\t\t<\/article>\n\t\t\t\t<\/div>\n\t\t<\/div>\n\t\t\n","protected":false},"excerpt":{"rendered":"China reduce la presi\u00f3n escolar ante el aumento de ansiedad infantil, promoviendo menos tareas y m\u00e1s recreo. El reto sigue siendo cambiar una cultura que mide el \u00e9xito solo por notas.","protected":false},"author":1,"featured_media":117383,"comment_status":"open","ping_status":"closed","sticky":false,"template":"","format":"standard","meta":{"csco_display_header_overlay":false,"csco_singular_sidebar":"","csco_page_header_type":"","csco_page_load_nextpost":"","csco_post_video_location":[],"csco_post_video_location_hash":"","csco_post_video_url":"","csco_post_video_bg_start_time":0,"csco_post_video_bg_end_time":0,"csco_post_video_bg_volume":false,"_jetpack_memberships_contains_paid_content":false,"footnotes":""},"categories":[23790],"tags":[25605,17278,58,23808,21429,15068,316,377,514],"class_list":{"0":"post-117380","1":"post","2":"type-post","3":"status-publish","4":"format-standard","5":"has-post-thumbnail","7":"category-noticias-internacionales","8":"tag-ansiedad-infantil","9":"tag-bienestar-estudiantil","10":"tag-docentes","11":"tag-educacion-2","12":"tag-estres-escolar","13":"tag-recreo","14":"tag-salud-mental","15":"tag-sistema-educativo","16":"tag-tareas-escolares","17":"cs-entry","18":"cs-video-wrap"},"yoast_head":"<!-- This site is optimized with the Yoast SEO plugin v27.5 - https:\/\/yoast.com\/product\/yoast-seo-wordpress\/ -->\n<title>El sistema educativo chino baja la exigencia ante el aumento de la ansiedad infantil - 2026<\/title>\n<meta name=\"description\" content=\"Durante d\u00e9cadas, el sistema educativo chino ha sido sin\u00f3nimo de exigencia, disciplina y alto rendimiento acad\u00e9mico. La educaci\u00f3n...\" \/>\n<meta name=\"robots\" content=\"index, follow, max-snippet:-1, max-image-preview:large, max-video-preview:-1\" \/>\n<link rel=\"canonical\" href=\"https:\/\/webdelmaestrocmf.com\/portal\/el-sistema-educativo-chino-baja-la-exigencia-ante-el-aumento-de-la-ansiedad-infantil\/\" \/>\n<meta property=\"og:locale\" content=\"es_ES\" \/>\n<meta property=\"og:type\" content=\"article\" \/>\n<meta property=\"og:title\" content=\"El sistema educativo chino baja la exigencia ante el aumento de la ansiedad infantil - 2026\" \/>\n<meta property=\"og:description\" content=\"Durante d\u00e9cadas, el sistema educativo chino ha sido sin\u00f3nimo de exigencia, disciplina y alto rendimiento acad\u00e9mico. La educaci\u00f3n...\" \/>\n<meta property=\"og:url\" content=\"https:\/\/webdelmaestrocmf.com\/portal\/el-sistema-educativo-chino-baja-la-exigencia-ante-el-aumento-de-la-ansiedad-infantil\/\" \/>\n<meta property=\"og:site_name\" content=\"Web del Maestro CMF\" \/>\n<meta property=\"article:publisher\" content=\"https:\/\/www.facebook.com\/WebdelMaestroCMF\/\" \/>\n<meta property=\"article:author\" content=\"https:\/\/www.facebook.com\/WebdelMaestroCMF\/\" \/>\n<meta property=\"article:published_time\" content=\"2026-04-07T02:52:19+00:00\" \/>\n<meta property=\"article:modified_time\" content=\"2026-04-07T18:04:42+00:00\" \/>\n<meta property=\"og:image\" content=\"https:\/\/webdelmaestrocmf.com\/portal\/wp-content\/uploads\/2026\/04\/1AA-Banner-1-portada-imagen-10-1-copia-1-1.webp\" \/>\n\t<meta property=\"og:image:width\" content=\"1200\" \/>\n\t<meta property=\"og:image:height\" content=\"675\" \/>\n\t<meta property=\"og:image:type\" content=\"image\/webp\" \/>\n<meta name=\"author\" content=\"Web del Maestro CMF\" \/>\n<meta name=\"twitter:card\" content=\"summary_large_image\" \/>\n<meta name=\"twitter:creator\" content=\"@cmf_w\" \/>\n<meta name=\"twitter:site\" content=\"@cmf_w\" \/>\n<script type=\"application\/ld+json\" class=\"yoast-schema-graph\">{\"@context\":\"https:\\\/\\\/schema.org\",\"@graph\":[{\"@type\":\"ScholarlyArticle\",\"@id\":\"https:\\\/\\\/webdelmaestrocmf.com\\\/portal\\\/el-sistema-educativo-chino-baja-la-exigencia-ante-el-aumento-de-la-ansiedad-infantil\\\/#article\",\"isPartOf\":{\"@id\":\"https:\\\/\\\/webdelmaestrocmf.com\\\/portal\\\/el-sistema-educativo-chino-baja-la-exigencia-ante-el-aumento-de-la-ansiedad-infantil\\\/\"},\"author\":{\"name\":\"Web del Maestro CMF\",\"@id\":\"https:\\\/\\\/webdelmaestrocmf.com\\\/portal\\\/#\\\/schema\\\/person\\\/1072a2ed7bd960df8ef99a551fa35dc5\"},\"headline\":\"El sistema educativo chino baja la exigencia ante el aumento de la ansiedad infantil\",\"datePublished\":\"2026-04-07T02:52:19+00:00\",\"dateModified\":\"2026-04-07T18:04:42+00:00\",\"mainEntityOfPage\":{\"@id\":\"https:\\\/\\\/webdelmaestrocmf.com\\\/portal\\\/el-sistema-educativo-chino-baja-la-exigencia-ante-el-aumento-de-la-ansiedad-infantil\\\/\"},\"wordCount\":777,\"commentCount\":3,\"publisher\":{\"@id\":\"https:\\\/\\\/webdelmaestrocmf.com\\\/portal\\\/#organization\"},\"image\":{\"@id\":\"https:\\\/\\\/webdelmaestrocmf.com\\\/portal\\\/el-sistema-educativo-chino-baja-la-exigencia-ante-el-aumento-de-la-ansiedad-infantil\\\/#primaryimage\"},\"thumbnailUrl\":\"https:\\\/\\\/webdelmaestrocmf.com\\\/portal\\\/wp-content\\\/uploads\\\/2026\\\/04\\\/1AA-Banner-1-portada-imagen-10-1-copia-1-1.webp\",\"keywords\":[\"ansiedad infantil\",\"bienestar estudiantil\",\"DOCENTES\",\"educaci\u00f3n\",\"Estr\u00e9s escolar\",\"recreo\",\"SALUD MENTAL\",\"sistema educativo\",\"tareas escolares\"],\"articleSection\":[\"Noticias Internacionales\"],\"inLanguage\":\"es\",\"potentialAction\":[{\"@type\":\"CommentAction\",\"name\":\"Comment\",\"target\":[\"https:\\\/\\\/webdelmaestrocmf.com\\\/portal\\\/el-sistema-educativo-chino-baja-la-exigencia-ante-el-aumento-de-la-ansiedad-infantil\\\/#respond\"]}]},{\"@type\":\"WebPage\",\"@id\":\"https:\\\/\\\/webdelmaestrocmf.com\\\/portal\\\/el-sistema-educativo-chino-baja-la-exigencia-ante-el-aumento-de-la-ansiedad-infantil\\\/\",\"url\":\"https:\\\/\\\/webdelmaestrocmf.com\\\/portal\\\/el-sistema-educativo-chino-baja-la-exigencia-ante-el-aumento-de-la-ansiedad-infantil\\\/\",\"name\":\"El sistema educativo chino baja la exigencia ante el aumento de la ansiedad infantil - 2026\",\"isPartOf\":{\"@id\":\"https:\\\/\\\/webdelmaestrocmf.com\\\/portal\\\/#website\"},\"primaryImageOfPage\":{\"@id\":\"https:\\\/\\\/webdelmaestrocmf.com\\\/portal\\\/el-sistema-educativo-chino-baja-la-exigencia-ante-el-aumento-de-la-ansiedad-infantil\\\/#primaryimage\"},\"image\":{\"@id\":\"https:\\\/\\\/webdelmaestrocmf.com\\\/portal\\\/el-sistema-educativo-chino-baja-la-exigencia-ante-el-aumento-de-la-ansiedad-infantil\\\/#primaryimage\"},\"thumbnailUrl\":\"https:\\\/\\\/webdelmaestrocmf.com\\\/portal\\\/wp-content\\\/uploads\\\/2026\\\/04\\\/1AA-Banner-1-portada-imagen-10-1-copia-1-1.webp\",\"datePublished\":\"2026-04-07T02:52:19+00:00\",\"dateModified\":\"2026-04-07T18:04:42+00:00\",\"description\":\"Durante d\u00e9cadas, el sistema educativo chino ha sido sin\u00f3nimo de exigencia, disciplina y alto rendimiento acad\u00e9mico. La educaci\u00f3n...\",\"breadcrumb\":{\"@id\":\"https:\\\/\\\/webdelmaestrocmf.com\\\/portal\\\/el-sistema-educativo-chino-baja-la-exigencia-ante-el-aumento-de-la-ansiedad-infantil\\\/#breadcrumb\"},\"inLanguage\":\"es\",\"potentialAction\":[{\"@type\":\"ReadAction\",\"target\":[\"https:\\\/\\\/webdelmaestrocmf.com\\\/portal\\\/el-sistema-educativo-chino-baja-la-exigencia-ante-el-aumento-de-la-ansiedad-infantil\\\/\"]}]},{\"@type\":\"ImageObject\",\"inLanguage\":\"es\",\"@id\":\"https:\\\/\\\/webdelmaestrocmf.com\\\/portal\\\/el-sistema-educativo-chino-baja-la-exigencia-ante-el-aumento-de-la-ansiedad-infantil\\\/#primaryimage\",\"url\":\"https:\\\/\\\/webdelmaestrocmf.com\\\/portal\\\/wp-content\\\/uploads\\\/2026\\\/04\\\/1AA-Banner-1-portada-imagen-10-1-copia-1-1.webp\",\"contentUrl\":\"https:\\\/\\\/webdelmaestrocmf.com\\\/portal\\\/wp-content\\\/uploads\\\/2026\\\/04\\\/1AA-Banner-1-portada-imagen-10-1-copia-1-1.webp\",\"width\":1200,\"height\":675},{\"@type\":\"BreadcrumbList\",\"@id\":\"https:\\\/\\\/webdelmaestrocmf.com\\\/portal\\\/el-sistema-educativo-chino-baja-la-exigencia-ante-el-aumento-de-la-ansiedad-infantil\\\/#breadcrumb\",\"itemListElement\":[{\"@type\":\"ListItem\",\"position\":1,\"name\":\"Portada\",\"item\":\"https:\\\/\\\/webdelmaestrocmf.com\\\/portal\\\/\"},{\"@type\":\"ListItem\",\"position\":2,\"name\":\"Noticias Internacionales\",\"item\":\"https:\\\/\\\/webdelmaestrocmf.com\\\/portal\\\/category\\\/noticias-internacionales\\\/\"},{\"@type\":\"ListItem\",\"position\":3,\"name\":\"El sistema educativo chino baja la exigencia ante el aumento de la ansiedad infantil\"}]},{\"@type\":\"WebSite\",\"@id\":\"https:\\\/\\\/webdelmaestrocmf.com\\\/portal\\\/#website\",\"url\":\"https:\\\/\\\/webdelmaestrocmf.com\\\/portal\\\/\",\"name\":\"Web del Maestro CMF\",\"description\":\"Maestros al servicio de la educaci\u00f3n\",\"publisher\":{\"@id\":\"https:\\\/\\\/webdelmaestrocmf.com\\\/portal\\\/#organization\"},\"alternateName\":\"WMCMF\",\"potentialAction\":[{\"@type\":\"SearchAction\",\"target\":{\"@type\":\"EntryPoint\",\"urlTemplate\":\"https:\\\/\\\/webdelmaestrocmf.com\\\/portal\\\/?s={search_term_string}\"},\"query-input\":{\"@type\":\"PropertyValueSpecification\",\"valueRequired\":true,\"valueName\":\"search_term_string\"}}],\"inLanguage\":\"es\"},{\"@type\":\"Organization\",\"@id\":\"https:\\\/\\\/webdelmaestrocmf.com\\\/portal\\\/#organization\",\"name\":\"Web del Maestro CMF\",\"alternateName\":\"WMCMF\",\"url\":\"https:\\\/\\\/webdelmaestrocmf.com\\\/portal\\\/\",\"logo\":{\"@type\":\"ImageObject\",\"inLanguage\":\"es\",\"@id\":\"https:\\\/\\\/webdelmaestrocmf.com\\\/portal\\\/#\\\/schema\\\/logo\\\/image\\\/\",\"url\":\"https:\\\/\\\/webdelmaestrocmf.com\\\/portal\\\/wp-content\\\/uploads\\\/2023\\\/01\\\/logo-wmcmf-2.png\",\"contentUrl\":\"https:\\\/\\\/webdelmaestrocmf.com\\\/portal\\\/wp-content\\\/uploads\\\/2023\\\/01\\\/logo-wmcmf-2.png\",\"width\":200,\"height\":60,\"caption\":\"Web del Maestro CMF\"},\"image\":{\"@id\":\"https:\\\/\\\/webdelmaestrocmf.com\\\/portal\\\/#\\\/schema\\\/logo\\\/image\\\/\"},\"sameAs\":[\"https:\\\/\\\/www.facebook.com\\\/WebdelMaestroCMF\\\/\",\"https:\\\/\\\/x.com\\\/cmf_w\",\"https:\\\/\\\/www.pinterest.com\\\/WMCMF\\\/\",\"https:\\\/\\\/www.linkedin.com\\\/company\\\/web-del-maestro-cmf\\\/\",\"https:\\\/\\\/www.instagram.com\\\/wmcmf\\\/\",\"https:\\\/\\\/www.youtube.com\\\/channel\\\/UCDPSvjbdodE5sHnC3OxutHw\",\"https:\\\/\\\/mastodon.social\\\/@wmcmf\",\"https:\\\/\\\/www.tiktok.com\\\/@webdelmaestrocmf\"]},{\"@type\":\"Person\",\"@id\":\"https:\\\/\\\/webdelmaestrocmf.com\\\/portal\\\/#\\\/schema\\\/person\\\/1072a2ed7bd960df8ef99a551fa35dc5\",\"name\":\"Web del Maestro CMF\",\"image\":{\"@type\":\"ImageObject\",\"inLanguage\":\"es\",\"@id\":\"https:\\\/\\\/secure.gravatar.com\\\/avatar\\\/23291dd5b5ae1077dcff3dbb04c3e02bd28403fa75af6d8787d5e97c5bbbe30b?s=96&d=mm&r=g\",\"url\":\"https:\\\/\\\/secure.gravatar.com\\\/avatar\\\/23291dd5b5ae1077dcff3dbb04c3e02bd28403fa75af6d8787d5e97c5bbbe30b?s=96&d=mm&r=g\",\"contentUrl\":\"https:\\\/\\\/secure.gravatar.com\\\/avatar\\\/23291dd5b5ae1077dcff3dbb04c3e02bd28403fa75af6d8787d5e97c5bbbe30b?s=96&d=mm&r=g\",\"caption\":\"Web del Maestro CMF\"},\"description\":\"Esta Web se cre\u00f3 sin fines de lucro, con fines educativos, cient\u00edficos y acad\u00e9micos, para personas que tengan dificultades y\\\/o inconvenientes en visualizar el material original. El objetivo es entregar recursos, compartir experiencias y materiales que ayuden a los padres de familia, maestros y estudiantes en su actualizaci\u00f3n y formaci\u00f3n permanente, en bien de la Educaci\u00f3n.\",\"sameAs\":[\"http:\\\/\\\/webdelmaestrocmf.com\\\/portal\",\"https:\\\/\\\/www.facebook.com\\\/WebdelMaestroCMF\\\/\",\"https:\\\/\\\/www.instagram.com\\\/wmcmf\\\/\",\"https:\\\/\\\/cl.linkedin.com\\\/company\\\/web-del-maestro-cmf\",\"https:\\\/\\\/www.pinterest.com\\\/WMCMF\\\/publicaciones\\\/\",\"https:\\\/\\\/x.com\\\/cmf_w\",\"https:\\\/\\\/www.youtube.com\\\/@WMCMF\"]}]}<\/script>\n<!-- \/ Yoast SEO plugin. -->","yoast_head_json":{"title":"El sistema educativo chino baja la exigencia ante el aumento de la ansiedad infantil - 2026","description":"Durante d\u00e9cadas, el sistema educativo chino ha sido sin\u00f3nimo de exigencia, disciplina y alto rendimiento acad\u00e9mico. La educaci\u00f3n...","robots":{"index":"index","follow":"follow","max-snippet":"max-snippet:-1","max-image-preview":"max-image-preview:large","max-video-preview":"max-video-preview:-1"},"canonical":"https:\/\/webdelmaestrocmf.com\/portal\/el-sistema-educativo-chino-baja-la-exigencia-ante-el-aumento-de-la-ansiedad-infantil\/","og_locale":"es_ES","og_type":"article","og_title":"El sistema educativo chino baja la exigencia ante el aumento de la ansiedad infantil - 2026","og_description":"Durante d\u00e9cadas, el sistema educativo chino ha sido sin\u00f3nimo de exigencia, disciplina y alto rendimiento acad\u00e9mico. La educaci\u00f3n...","og_url":"https:\/\/webdelmaestrocmf.com\/portal\/el-sistema-educativo-chino-baja-la-exigencia-ante-el-aumento-de-la-ansiedad-infantil\/","og_site_name":"Web del Maestro CMF","article_publisher":"https:\/\/www.facebook.com\/WebdelMaestroCMF\/","article_author":"https:\/\/www.facebook.com\/WebdelMaestroCMF\/","article_published_time":"2026-04-07T02:52:19+00:00","article_modified_time":"2026-04-07T18:04:42+00:00","og_image":[{"width":1200,"height":675,"url":"https:\/\/webdelmaestrocmf.com\/portal\/wp-content\/uploads\/2026\/04\/1AA-Banner-1-portada-imagen-10-1-copia-1-1.webp","type":"image\/webp"}],"author":"Web del Maestro CMF","twitter_card":"summary_large_image","twitter_creator":"@cmf_w","twitter_site":"@cmf_w","schema":{"@context":"https:\/\/schema.org","@graph":[{"@type":"ScholarlyArticle","@id":"https:\/\/webdelmaestrocmf.com\/portal\/el-sistema-educativo-chino-baja-la-exigencia-ante-el-aumento-de-la-ansiedad-infantil\/#article","isPartOf":{"@id":"https:\/\/webdelmaestrocmf.com\/portal\/el-sistema-educativo-chino-baja-la-exigencia-ante-el-aumento-de-la-ansiedad-infantil\/"},"author":{"name":"Web del Maestro CMF","@id":"https:\/\/webdelmaestrocmf.com\/portal\/#\/schema\/person\/1072a2ed7bd960df8ef99a551fa35dc5"},"headline":"El sistema educativo chino baja la exigencia ante el aumento de la ansiedad infantil","datePublished":"2026-04-07T02:52:19+00:00","dateModified":"2026-04-07T18:04:42+00:00","mainEntityOfPage":{"@id":"https:\/\/webdelmaestrocmf.com\/portal\/el-sistema-educativo-chino-baja-la-exigencia-ante-el-aumento-de-la-ansiedad-infantil\/"},"wordCount":777,"commentCount":3,"publisher":{"@id":"https:\/\/webdelmaestrocmf.com\/portal\/#organization"},"image":{"@id":"https:\/\/webdelmaestrocmf.com\/portal\/el-sistema-educativo-chino-baja-la-exigencia-ante-el-aumento-de-la-ansiedad-infantil\/#primaryimage"},"thumbnailUrl":"https:\/\/webdelmaestrocmf.com\/portal\/wp-content\/uploads\/2026\/04\/1AA-Banner-1-portada-imagen-10-1-copia-1-1.webp","keywords":["ansiedad infantil","bienestar estudiantil","DOCENTES","educaci\u00f3n","Estr\u00e9s escolar","recreo","SALUD MENTAL","sistema educativo","tareas escolares"],"articleSection":["Noticias Internacionales"],"inLanguage":"es","potentialAction":[{"@type":"CommentAction","name":"Comment","target":["https:\/\/webdelmaestrocmf.com\/portal\/el-sistema-educativo-chino-baja-la-exigencia-ante-el-aumento-de-la-ansiedad-infantil\/#respond"]}]},{"@type":"WebPage","@id":"https:\/\/webdelmaestrocmf.com\/portal\/el-sistema-educativo-chino-baja-la-exigencia-ante-el-aumento-de-la-ansiedad-infantil\/","url":"https:\/\/webdelmaestrocmf.com\/portal\/el-sistema-educativo-chino-baja-la-exigencia-ante-el-aumento-de-la-ansiedad-infantil\/","name":"El sistema educativo chino baja la exigencia ante el aumento de la ansiedad infantil - 2026","isPartOf":{"@id":"https:\/\/webdelmaestrocmf.com\/portal\/#website"},"primaryImageOfPage":{"@id":"https:\/\/webdelmaestrocmf.com\/portal\/el-sistema-educativo-chino-baja-la-exigencia-ante-el-aumento-de-la-ansiedad-infantil\/#primaryimage"},"image":{"@id":"https:\/\/webdelmaestrocmf.com\/portal\/el-sistema-educativo-chino-baja-la-exigencia-ante-el-aumento-de-la-ansiedad-infantil\/#primaryimage"},"thumbnailUrl":"https:\/\/webdelmaestrocmf.com\/portal\/wp-content\/uploads\/2026\/04\/1AA-Banner-1-portada-imagen-10-1-copia-1-1.webp","datePublished":"2026-04-07T02:52:19+00:00","dateModified":"2026-04-07T18:04:42+00:00","description":"Durante d\u00e9cadas, el sistema educativo chino ha sido sin\u00f3nimo de exigencia, disciplina y alto rendimiento acad\u00e9mico. La educaci\u00f3n...","breadcrumb":{"@id":"https:\/\/webdelmaestrocmf.com\/portal\/el-sistema-educativo-chino-baja-la-exigencia-ante-el-aumento-de-la-ansiedad-infantil\/#breadcrumb"},"inLanguage":"es","potentialAction":[{"@type":"ReadAction","target":["https:\/\/webdelmaestrocmf.com\/portal\/el-sistema-educativo-chino-baja-la-exigencia-ante-el-aumento-de-la-ansiedad-infantil\/"]}]},{"@type":"ImageObject","inLanguage":"es","@id":"https:\/\/webdelmaestrocmf.com\/portal\/el-sistema-educativo-chino-baja-la-exigencia-ante-el-aumento-de-la-ansiedad-infantil\/#primaryimage","url":"https:\/\/webdelmaestrocmf.com\/portal\/wp-content\/uploads\/2026\/04\/1AA-Banner-1-portada-imagen-10-1-copia-1-1.webp","contentUrl":"https:\/\/webdelmaestrocmf.com\/portal\/wp-content\/uploads\/2026\/04\/1AA-Banner-1-portada-imagen-10-1-copia-1-1.webp","width":1200,"height":675},{"@type":"BreadcrumbList","@id":"https:\/\/webdelmaestrocmf.com\/portal\/el-sistema-educativo-chino-baja-la-exigencia-ante-el-aumento-de-la-ansiedad-infantil\/#breadcrumb","itemListElement":[{"@type":"ListItem","position":1,"name":"Portada","item":"https:\/\/webdelmaestrocmf.com\/portal\/"},{"@type":"ListItem","position":2,"name":"Noticias Internacionales","item":"https:\/\/webdelmaestrocmf.com\/portal\/category\/noticias-internacionales\/"},{"@type":"ListItem","position":3,"name":"El sistema educativo chino baja la exigencia ante el aumento de la ansiedad infantil"}]},{"@type":"WebSite","@id":"https:\/\/webdelmaestrocmf.com\/portal\/#website","url":"https:\/\/webdelmaestrocmf.com\/portal\/","name":"Web del Maestro CMF","description":"Maestros al servicio de la educaci\u00f3n","publisher":{"@id":"https:\/\/webdelmaestrocmf.com\/portal\/#organization"},"alternateName":"WMCMF","potentialAction":[{"@type":"SearchAction","target":{"@type":"EntryPoint","urlTemplate":"https:\/\/webdelmaestrocmf.com\/portal\/?s={search_term_string}"},"query-input":{"@type":"PropertyValueSpecification","valueRequired":true,"valueName":"search_term_string"}}],"inLanguage":"es"},{"@type":"Organization","@id":"https:\/\/webdelmaestrocmf.com\/portal\/#organization","name":"Web del Maestro CMF","alternateName":"WMCMF","url":"https:\/\/webdelmaestrocmf.com\/portal\/","logo":{"@type":"ImageObject","inLanguage":"es","@id":"https:\/\/webdelmaestrocmf.com\/portal\/#\/schema\/logo\/image\/","url":"https:\/\/webdelmaestrocmf.com\/portal\/wp-content\/uploads\/2023\/01\/logo-wmcmf-2.png","contentUrl":"https:\/\/webdelmaestrocmf.com\/portal\/wp-content\/uploads\/2023\/01\/logo-wmcmf-2.png","width":200,"height":60,"caption":"Web del Maestro CMF"},"image":{"@id":"https:\/\/webdelmaestrocmf.com\/portal\/#\/schema\/logo\/image\/"},"sameAs":["https:\/\/www.facebook.com\/WebdelMaestroCMF\/","https:\/\/x.com\/cmf_w","https:\/\/www.pinterest.com\/WMCMF\/","https:\/\/www.linkedin.com\/company\/web-del-maestro-cmf\/","https:\/\/www.instagram.com\/wmcmf\/","https:\/\/www.youtube.com\/channel\/UCDPSvjbdodE5sHnC3OxutHw","https:\/\/mastodon.social\/@wmcmf","https:\/\/www.tiktok.com\/@webdelmaestrocmf"]},{"@type":"Person","@id":"https:\/\/webdelmaestrocmf.com\/portal\/#\/schema\/person\/1072a2ed7bd960df8ef99a551fa35dc5","name":"Web del Maestro CMF","image":{"@type":"ImageObject","inLanguage":"es","@id":"https:\/\/secure.gravatar.com\/avatar\/23291dd5b5ae1077dcff3dbb04c3e02bd28403fa75af6d8787d5e97c5bbbe30b?s=96&d=mm&r=g","url":"https:\/\/secure.gravatar.com\/avatar\/23291dd5b5ae1077dcff3dbb04c3e02bd28403fa75af6d8787d5e97c5bbbe30b?s=96&d=mm&r=g","contentUrl":"https:\/\/secure.gravatar.com\/avatar\/23291dd5b5ae1077dcff3dbb04c3e02bd28403fa75af6d8787d5e97c5bbbe30b?s=96&d=mm&r=g","caption":"Web del Maestro CMF"},"description":"Esta Web se cre\u00f3 sin fines de lucro, con fines educativos, cient\u00edficos y acad\u00e9micos, para personas que tengan dificultades y\/o inconvenientes en visualizar el material original. El objetivo es entregar recursos, compartir experiencias y materiales que ayuden a los padres de familia, maestros y estudiantes en su actualizaci\u00f3n y formaci\u00f3n permanente, en bien de la Educaci\u00f3n.","sameAs":["http:\/\/webdelmaestrocmf.com\/portal","https:\/\/www.facebook.com\/WebdelMaestroCMF\/","https:\/\/www.instagram.com\/wmcmf\/","https:\/\/cl.linkedin.com\/company\/web-del-maestro-cmf","https:\/\/www.pinterest.com\/WMCMF\/publicaciones\/","https:\/\/x.com\/cmf_w","https:\/\/www.youtube.com\/@WMCMF"]}]}},"jetpack_featured_media_url":"https:\/\/webdelmaestrocmf.com\/portal\/wp-content\/uploads\/2026\/04\/1AA-Banner-1-portada-imagen-10-1-copia-1-1.webp","jetpack_sharing_enabled":true,"jetpack-related-posts":[{"id":117473,"url":"https:\/\/webdelmaestrocmf.com\/portal\/china-replantea-su-modelo-educativo-menos-presion-mas-bienestar\/","url_meta":{"origin":117380,"position":0},"title":"China replantea su modelo educativo: menos presi\u00f3n, m\u00e1s bienestar","author":"Web del Maestro CMF","date":"8 abril, 2026","format":false,"excerpt":"La presi\u00f3n acad\u00e9mica excesiva afecta el bienestar estudiantil. Reducir tareas, limitar evaluaciones y priorizar el equilibrio emocional es clave para una educaci\u00f3n que forme personas, no solo estudiantes competitivos y eficientes.","rel":"","context":"En \u00abNoticias Internacionales\u00bb","block_context":{"text":"Noticias Internacionales","link":"https:\/\/webdelmaestrocmf.com\/portal\/category\/noticias-internacionales\/"},"img":{"alt_text":"","src":"https:\/\/i0.wp.com\/webdelmaestrocmf.com\/portal\/wp-content\/uploads\/2026\/04\/1-4.webp?resize=350%2C200&ssl=1","width":350,"height":200,"srcset":"https:\/\/i0.wp.com\/webdelmaestrocmf.com\/portal\/wp-content\/uploads\/2026\/04\/1-4.webp?resize=350%2C200&ssl=1 1x, https:\/\/i0.wp.com\/webdelmaestrocmf.com\/portal\/wp-content\/uploads\/2026\/04\/1-4.webp?resize=525%2C300&ssl=1 1.5x, https:\/\/i0.wp.com\/webdelmaestrocmf.com\/portal\/wp-content\/uploads\/2026\/04\/1-4.webp?resize=700%2C400&ssl=1 2x, https:\/\/i0.wp.com\/webdelmaestrocmf.com\/portal\/wp-content\/uploads\/2026\/04\/1-4.webp?resize=1050%2C600&ssl=1 3x"},"classes":[]},{"id":113447,"url":"https:\/\/webdelmaestrocmf.com\/portal\/sistema-educativo-en-japon-una-combinacion-de-valores-y-exigencia-academica\/","url_meta":{"origin":117380,"position":1},"title":"Sistema educativo en Jap\u00f3n: una combinaci\u00f3n de valores y exigencia acad\u00e9mica","author":"Web del Maestro CMF","date":"5 abril, 2026","format":false,"excerpt":"En Jap\u00f3n, la educaci\u00f3n no se limita a las calificaciones. Desde los primeros a\u00f1os, los estudiantes aprenden valores como la disciplina, el respeto y la responsabilidad a trav\u00e9s de acciones concretas, como limpiar sus aulas y trabajar en equipo. Estas pr\u00e1cticas conviven con una s\u00f3lida exigencia acad\u00e9mica.","rel":"","context":"En \u00abRecursos\u00bb","block_context":{"text":"Recursos","link":"https:\/\/webdelmaestrocmf.com\/portal\/category\/pedagogia\/"},"img":{"alt_text":"","src":"https:\/\/i0.wp.com\/webdelmaestrocmf.com\/portal\/wp-content\/uploads\/2025\/11\/Portada-descarga-18.jpg?resize=350%2C200&ssl=1","width":350,"height":200,"srcset":"https:\/\/i0.wp.com\/webdelmaestrocmf.com\/portal\/wp-content\/uploads\/2025\/11\/Portada-descarga-18.jpg?resize=350%2C200&ssl=1 1x, https:\/\/i0.wp.com\/webdelmaestrocmf.com\/portal\/wp-content\/uploads\/2025\/11\/Portada-descarga-18.jpg?resize=525%2C300&ssl=1 1.5x, https:\/\/i0.wp.com\/webdelmaestrocmf.com\/portal\/wp-content\/uploads\/2025\/11\/Portada-descarga-18.jpg?resize=700%2C400&ssl=1 2x"},"classes":[]},{"id":90580,"url":"https:\/\/webdelmaestrocmf.com\/portal\/los-profesores-se-estresan-lloran-se-desesperan-pero-nunca-se-rinden\/","url_meta":{"origin":117380,"position":2},"title":"Los profesores se estresan, lloran, se desesperan, pero nunca se rinden","author":"Web del Maestro CMF","date":"15 julio, 2023","format":false,"excerpt":"La profesi\u00f3n de ense\u00f1anza es una labor noble y desafiante que requiere un compromiso significativo por parte de los educadores. A lo largo de su carrera, los profesores se enfrentan a una variedad de desaf\u00edos y presiones que pueden generar estr\u00e9s y emociones abrumadoras. Sin embargo, a pesar de estos\u2026","rel":"","context":"En \u00abEstr\u00e9s\u00bb","block_context":{"text":"Estr\u00e9s","link":"https:\/\/webdelmaestrocmf.com\/portal\/category\/pedagogia\/estres\/"},"img":{"alt_text":"","src":"https:\/\/i0.wp.com\/webdelmaestrocmf.com\/portal\/wp-content\/uploads\/2023\/07\/A12B3C4D-2023-07-15T184045.678.jpg?resize=350%2C200&ssl=1","width":350,"height":200,"srcset":"https:\/\/i0.wp.com\/webdelmaestrocmf.com\/portal\/wp-content\/uploads\/2023\/07\/A12B3C4D-2023-07-15T184045.678.jpg?resize=350%2C200&ssl=1 1x, https:\/\/i0.wp.com\/webdelmaestrocmf.com\/portal\/wp-content\/uploads\/2023\/07\/A12B3C4D-2023-07-15T184045.678.jpg?resize=525%2C300&ssl=1 1.5x, https:\/\/i0.wp.com\/webdelmaestrocmf.com\/portal\/wp-content\/uploads\/2023\/07\/A12B3C4D-2023-07-15T184045.678.jpg?resize=700%2C400&ssl=1 2x"},"classes":[]},{"id":113880,"url":"https:\/\/webdelmaestrocmf.com\/portal\/profesora-es-criticada-por-decir-que-sus-alumnos-no-saben-nada-y-que-el-sistema-los-hace-pasar-de-curso-sin-aprender\/","url_meta":{"origin":117380,"position":3},"title":"Profesora es criticada por decir que \u201csus alumnos no saben nada\u201d y que el sistema los hace pasar de curso sin aprender","author":"Web del Maestro CMF","date":"9 abril, 2026","format":false,"excerpt":"Una profesora denuncia el bajo nivel acad\u00e9mico, cuestiona la promoci\u00f3n autom\u00e1tica y provoca un fuerte debate nacional tras revelar m\u00faltiples ceros en sus ex\u00e1menes.","rel":"","context":"En \u00abNoticias Internacionales\u00bb","block_context":{"text":"Noticias Internacionales","link":"https:\/\/webdelmaestrocmf.com\/portal\/category\/noticias-internacionales\/"},"img":{"alt_text":"","src":"https:\/\/i0.wp.com\/webdelmaestrocmf.com\/portal\/wp-content\/uploads\/2025\/12\/1AA-Banner-1-portada-imagen-10-1-copia-2.webp?resize=350%2C200&ssl=1","width":350,"height":200,"srcset":"https:\/\/i0.wp.com\/webdelmaestrocmf.com\/portal\/wp-content\/uploads\/2025\/12\/1AA-Banner-1-portada-imagen-10-1-copia-2.webp?resize=350%2C200&ssl=1 1x, https:\/\/i0.wp.com\/webdelmaestrocmf.com\/portal\/wp-content\/uploads\/2025\/12\/1AA-Banner-1-portada-imagen-10-1-copia-2.webp?resize=525%2C300&ssl=1 1.5x, https:\/\/i0.wp.com\/webdelmaestrocmf.com\/portal\/wp-content\/uploads\/2025\/12\/1AA-Banner-1-portada-imagen-10-1-copia-2.webp?resize=700%2C400&ssl=1 2x, https:\/\/i0.wp.com\/webdelmaestrocmf.com\/portal\/wp-content\/uploads\/2025\/12\/1AA-Banner-1-portada-imagen-10-1-copia-2.webp?resize=1050%2C600&ssl=1 3x"},"classes":[]},{"id":68839,"url":"https:\/\/webdelmaestrocmf.com\/portal\/china-implementa-nueva-reforma-educativa-que-opinion-le-merecen-sus-nuevas-normas\/","url_meta":{"origin":117380,"position":4},"title":"China implementa nueva reforma educativa \u00bfQu\u00e9 opini\u00f3n le merecen sus nuevas normas?","author":"Web del Maestro CMF","date":"4 octubre, 2021","format":false,"excerpt":"Seg\u00fan los \u00faltimos resultados (2019) del Programa para la Evaluaci\u00f3n Internacional de los Alumnos (PISA, por sus siglas en ingl\u00e9s), que eval\u00faa las habilidades de los estudiantes en las materias de lectura, matem\u00e1tica y ciencias, los estudiantes de los dos municipios (Pek\u00edn y Shangh\u00e1i) y dos provincias (Jiangsu y Zhejiang)\u2026","rel":"","context":"En \u00abYo opino - WMCMF\u00bb","block_context":{"text":"Yo opino - WMCMF","link":"https:\/\/webdelmaestrocmf.com\/portal\/category\/jamb\/"},"img":{"alt_text":"","src":"https:\/\/i0.wp.com\/webdelmaestrocmf.com\/portal\/wp-content\/uploads\/2021\/10\/1-31.jpg?resize=350%2C200&ssl=1","width":350,"height":200,"srcset":"https:\/\/i0.wp.com\/webdelmaestrocmf.com\/portal\/wp-content\/uploads\/2021\/10\/1-31.jpg?resize=350%2C200&ssl=1 1x, https:\/\/i0.wp.com\/webdelmaestrocmf.com\/portal\/wp-content\/uploads\/2021\/10\/1-31.jpg?resize=525%2C300&ssl=1 1.5x, https:\/\/i0.wp.com\/webdelmaestrocmf.com\/portal\/wp-content\/uploads\/2021\/10\/1-31.jpg?resize=700%2C400&ssl=1 2x, https:\/\/i0.wp.com\/webdelmaestrocmf.com\/portal\/wp-content\/uploads\/2021\/10\/1-31.jpg?resize=1050%2C600&ssl=1 3x"},"classes":[]},{"id":115422,"url":"https:\/\/webdelmaestrocmf.com\/portal\/la-salud-mental-del-profesorado-en-crisis-una-vocacion-bajo-presion\/","url_meta":{"origin":117380,"position":5},"title":"La salud mental del profesorado en crisis: una vocaci\u00f3n bajo presi\u00f3n","author":"Web del Maestro CMF","date":"17 febrero, 2026","format":false,"excerpt":"Uno de cada cinco docentes de Secundaria se plantea abandonar la ense\u00f1anza por estr\u00e9s, burocracia, falta de apoyo institucional y desgaste emocional.","rel":"","context":"En \u00abBienestar docente\u00bb","block_context":{"text":"Bienestar docente","link":"https:\/\/webdelmaestrocmf.com\/portal\/category\/pedagogia\/bienestar-docente\/"},"img":{"alt_text":"","src":"https:\/\/i0.wp.com\/webdelmaestrocmf.com\/portal\/wp-content\/uploads\/2026\/02\/1A-Banner-1-portada-imagen-10-1-copia-1-5.webp?resize=350%2C200&ssl=1","width":350,"height":200,"srcset":"https:\/\/i0.wp.com\/webdelmaestrocmf.com\/portal\/wp-content\/uploads\/2026\/02\/1A-Banner-1-portada-imagen-10-1-copia-1-5.webp?resize=350%2C200&ssl=1 1x, https:\/\/i0.wp.com\/webdelmaestrocmf.com\/portal\/wp-content\/uploads\/2026\/02\/1A-Banner-1-portada-imagen-10-1-copia-1-5.webp?resize=525%2C300&ssl=1 1.5x, https:\/\/i0.wp.com\/webdelmaestrocmf.com\/portal\/wp-content\/uploads\/2026\/02\/1A-Banner-1-portada-imagen-10-1-copia-1-5.webp?resize=700%2C400&ssl=1 2x"},"classes":[]}],"_links":{"self":[{"href":"https:\/\/webdelmaestrocmf.com\/portal\/wp-json\/wp\/v2\/posts\/117380","targetHints":{"allow":["GET"]}}],"collection":[{"href":"https:\/\/webdelmaestrocmf.com\/portal\/wp-json\/wp\/v2\/posts"}],"about":[{"href":"https:\/\/webdelmaestrocmf.com\/portal\/wp-json\/wp\/v2\/types\/post"}],"author":[{"embeddable":true,"href":"https:\/\/webdelmaestrocmf.com\/portal\/wp-json\/wp\/v2\/users\/1"}],"replies":[{"embeddable":true,"href":"https:\/\/webdelmaestrocmf.com\/portal\/wp-json\/wp\/v2\/comments?post=117380"}],"version-history":[{"count":2,"href":"https:\/\/webdelmaestrocmf.com\/portal\/wp-json\/wp\/v2\/posts\/117380\/revisions"}],"predecessor-version":[{"id":117404,"href":"https:\/\/webdelmaestrocmf.com\/portal\/wp-json\/wp\/v2\/posts\/117380\/revisions\/117404"}],"wp:featuredmedia":[{"embeddable":true,"href":"https:\/\/webdelmaestrocmf.com\/portal\/wp-json\/wp\/v2\/media\/117383"}],"wp:attachment":[{"href":"https:\/\/webdelmaestrocmf.com\/portal\/wp-json\/wp\/v2\/media?parent=117380"}],"wp:term":[{"taxonomy":"category","embeddable":true,"href":"https:\/\/webdelmaestrocmf.com\/portal\/wp-json\/wp\/v2\/categories?post=117380"},{"taxonomy":"post_tag","embeddable":true,"href":"https:\/\/webdelmaestrocmf.com\/portal\/wp-json\/wp\/v2\/tags?post=117380"}],"curies":[{"name":"wp","href":"https:\/\/api.w.org\/{rel}","templated":true}]}}