{"id":116517,"date":"2026-03-16T10:36:40","date_gmt":"2026-03-16T13:36:40","guid":{"rendered":"https:\/\/webdelmaestrocmf.com\/portal\/?p=116517"},"modified":"2026-03-16T12:48:43","modified_gmt":"2026-03-16T15:48:43","slug":"graves-denuncias-en-chile-investigacion-por-presunta-sedacion-de-ninos-en-un-jardin-infantil-y-cuestionamientos-a-la-transparencia-del-proceso","status":"publish","type":"post","link":"https:\/\/webdelmaestrocmf.com\/portal\/graves-denuncias-en-chile-investigacion-por-presunta-sedacion-de-ninos-en-un-jardin-infantil-y-cuestionamientos-a-la-transparencia-del-proceso\/","title":{"rendered":"Graves denuncias en Chile: investigaci\u00f3n por presunta sedaci\u00f3n de ni\u00f1os en un jard\u00edn infantil y cuestionamientos a la transparencia del proceso"},"content":{"rendered":"\n<p>Un reportaje period\u00edstico reciente ha vuelto a poner en el centro del debate p\u00fablico un caso que ha generado profunda preocupaci\u00f3n en Chile: la presunta sedaci\u00f3n de ni\u00f1os peque\u00f1os con medicamentos psicotr\u00f3picos en un jard\u00edn infantil perteneciente a la red p\u00fablica de la <strong>Fundaci\u00f3n Integra<\/strong>. Las denuncias, que comenzaron a conocerse en noviembre de 2025, involucran a menores de apenas tres y cuatro a\u00f1os de edad y han motivado una investigaci\u00f3n judicial que contin\u00faa en curso.<\/p>\n\n\n\n<h2 class=\"wp-block-heading\"><strong>Los primeros indicios: ni\u00f1os somnolientos y comportamientos inusuales<\/strong><\/h2>\n\n\n\n<p>El caso comenz\u00f3 a llamar la atenci\u00f3n cuando varios padres observaron cambios preocupantes en el comportamiento de sus hijos. Seg\u00fan los testimonios recogidos por medios de comunicaci\u00f3n, algunos ni\u00f1os presentaban <strong>somnolencia extrema, decaimiento y dificultades para despertarse<\/strong>, s\u00edntomas inusuales para menores que asist\u00edan normalmente al jard\u00edn infantil.<\/p>\n\n\n\n<p>Una madre relat\u00f3 que fue contactada por la directora del establecimiento porque su hijo permanec\u00eda dormido desde la ma\u00f1ana. Al llegar al jard\u00edn, lo encontr\u00f3 acostado en una colchoneta y, seg\u00fan su relato, <strong>no lograba despertarlo con facilidad<\/strong>, lo que gener\u00f3 una profunda angustia.<\/p>\n\n\n\n<p>Otros padres describieron episodios similares. Algunos menores incluso habr\u00edan sufrido <strong>desmayos o p\u00e9rdida de conciencia<\/strong>, lo que motiv\u00f3 consultas m\u00e9dicas y ex\u00e1menes para determinar qu\u00e9 estaba ocurriendo.<\/p>\n\n\n\n<figure class=\"wp-block-embed is-type-video is-provider-youtube wp-block-embed-youtube wp-embed-aspect-16-9 wp-has-aspect-ratio\"><div class=\"wp-block-embed__wrapper\">\n<iframe loading=\"lazy\" title=\"Crecen denuncias de ni\u00f1os sedados en jard\u00edn de Tiltil: Padres acusan que se les neg\u00f3 ver ex\u00e1menes\" width=\"1200\" height=\"675\" src=\"https:\/\/www.youtube.com\/embed\/2tn4UB6tJWM?feature=oembed\" frameborder=\"0\" allow=\"accelerometer; autoplay; clipboard-write; encrypted-media; gyroscope; picture-in-picture; web-share\" referrerpolicy=\"strict-origin-when-cross-origin\" allowfullscreen><\/iframe>\n<\/div><\/figure>\n\n\n\n<h2 class=\"wp-block-heading\"><strong>M\u00e1s casos de los inicialmente denunciados<\/strong><\/h2>\n\n\n\n<p>En un comienzo, las denuncias involucraban a alrededor de <strong>diez ni\u00f1os de un mismo nivel educativo<\/strong>, pero con el avance de la investigaci\u00f3n las cifras habr\u00edan aumentado. Seg\u00fan antecedentes mencionados en el reportaje televisivo, actualmente <strong>al menos 14 menores<\/strong> habr\u00edan sido identificados como posibles afectados.<\/p>\n\n\n\n<p>Algunas familias aseguran que los s\u00edntomas de sus hijos comenzaron a aparecer meses antes, manifest\u00e1ndose primero como episodios de somnolencia breves que luego se prolongaban durante horas. En ciertos casos, los ni\u00f1os no despertaban hasta el d\u00eda siguiente, lo que oblig\u00f3 a hospitalizaciones e incluso ingresos a unidades de cuidados intensivos.<\/p>\n\n\n\n<p>Estas situaciones despertaron la sospecha de que <strong>los menores podr\u00edan haber recibido alg\u00fan tipo de medicaci\u00f3n sin autorizaci\u00f3n de sus padres<\/strong>, lo que llev\u00f3 a presentar denuncias formales ante la polic\u00eda y el Ministerio P\u00fablico.<\/p>\n\n\n\n<figure class=\"wp-block-embed is-type-rich is-provider-instagram wp-block-embed-instagram\"><div class=\"wp-block-embed__wrapper\">\n<blockquote class=\"instagram-media\" data-instgrm-captioned data-instgrm-permalink=\"https:\/\/www.instagram.com\/reel\/DVrMuhikekZ\/?utm_source=ig_embed&amp;utm_campaign=loading\" data-instgrm-version=\"14\" style=\" background:#FFF; border:0; border-radius:3px; box-shadow:0 0 1px 0 rgba(0,0,0,0.5),0 1px 10px 0 rgba(0,0,0,0.15); margin: 1px; max-width:658px; min-width:326px; padding:0; width:99.375%; width:-webkit-calc(100% - 2px); width:calc(100% - 2px);\"><div style=\"padding:16px;\"> <a href=\"https:\/\/www.instagram.com\/reel\/DVrMuhikekZ\/?utm_source=ig_embed&amp;utm_campaign=loading\" style=\" background:#FFFFFF; line-height:0; padding:0 0; text-align:center; text-decoration:none; width:100%;\" target=\"_blank\"> <div style=\" display: flex; flex-direction: row; align-items: center;\"> <div style=\"background-color: #F4F4F4; border-radius: 50%; flex-grow: 0; height: 40px; margin-right: 14px; width: 40px;\"><\/div> <div style=\"display: flex; flex-direction: column; flex-grow: 1; justify-content: center;\"> <div style=\" background-color: #F4F4F4; border-radius: 4px; flex-grow: 0; height: 14px; margin-bottom: 6px; width: 100px;\"><\/div> <div style=\" background-color: #F4F4F4; border-radius: 4px; flex-grow: 0; height: 14px; width: 60px;\"><\/div><\/div><\/div><div style=\"padding: 19% 0;\"><\/div> <div style=\"display:block; height:50px; margin:0 auto 12px; width:50px;\"><svg width=\"50px\" height=\"50px\" viewBox=\"0 0 60 60\" version=\"1.1\" xmlns=\"https:\/\/www.w3.org\/2000\/svg\" xmlns:xlink=\"https:\/\/www.w3.org\/1999\/xlink\"><g stroke=\"none\" stroke-width=\"1\" fill=\"none\" fill-rule=\"evenodd\"><g transform=\"translate(-511.000000, -20.000000)\" fill=\"#000000\"><g><path d=\"M556.869,30.41 C554.814,30.41 553.148,32.076 553.148,34.131 C553.148,36.186 554.814,37.852 556.869,37.852 C558.924,37.852 560.59,36.186 560.59,34.131 C560.59,32.076 558.924,30.41 556.869,30.41 M541,60.657 C535.114,60.657 530.342,55.887 530.342,50 C530.342,44.114 535.114,39.342 541,39.342 C546.887,39.342 551.658,44.114 551.658,50 C551.658,55.887 546.887,60.657 541,60.657 M541,33.886 C532.1,33.886 524.886,41.1 524.886,50 C524.886,58.899 532.1,66.113 541,66.113 C549.9,66.113 557.115,58.899 557.115,50 C557.115,41.1 549.9,33.886 541,33.886 M565.378,62.101 C565.244,65.022 564.756,66.606 564.346,67.663 C563.803,69.06 563.154,70.057 562.106,71.106 C561.058,72.155 560.06,72.803 558.662,73.347 C557.607,73.757 556.021,74.244 553.102,74.378 C549.944,74.521 548.997,74.552 541,74.552 C533.003,74.552 532.056,74.521 528.898,74.378 C525.979,74.244 524.393,73.757 523.338,73.347 C521.94,72.803 520.942,72.155 519.894,71.106 C518.846,70.057 518.197,69.06 517.654,67.663 C517.244,66.606 516.755,65.022 516.623,62.101 C516.479,58.943 516.448,57.996 516.448,50 C516.448,42.003 516.479,41.056 516.623,37.899 C516.755,34.978 517.244,33.391 517.654,32.338 C518.197,30.938 518.846,29.942 519.894,28.894 C520.942,27.846 521.94,27.196 523.338,26.654 C524.393,26.244 525.979,25.756 528.898,25.623 C532.057,25.479 533.004,25.448 541,25.448 C548.997,25.448 549.943,25.479 553.102,25.623 C556.021,25.756 557.607,26.244 558.662,26.654 C560.06,27.196 561.058,27.846 562.106,28.894 C563.154,29.942 563.803,30.938 564.346,32.338 C564.756,33.391 565.244,34.978 565.378,37.899 C565.522,41.056 565.552,42.003 565.552,50 C565.552,57.996 565.522,58.943 565.378,62.101 M570.82,37.631 C570.674,34.438 570.167,32.258 569.425,30.349 C568.659,28.377 567.633,26.702 565.965,25.035 C564.297,23.368 562.623,22.342 560.652,21.575 C558.743,20.834 556.562,20.326 553.369,20.18 C550.169,20.033 549.148,20 541,20 C532.853,20 531.831,20.033 528.631,20.18 C525.438,20.326 523.257,20.834 521.349,21.575 C519.376,22.342 517.703,23.368 516.035,25.035 C514.368,26.702 513.342,28.377 512.574,30.349 C511.834,32.258 511.326,34.438 511.181,37.631 C511.035,40.831 511,41.851 511,50 C511,58.147 511.035,59.17 511.181,62.369 C511.326,65.562 511.834,67.743 512.574,69.651 C513.342,71.625 514.368,73.296 516.035,74.965 C517.703,76.634 519.376,77.658 521.349,78.425 C523.257,79.167 525.438,79.673 528.631,79.82 C531.831,79.965 532.853,80.001 541,80.001 C549.148,80.001 550.169,79.965 553.369,79.82 C556.562,79.673 558.743,79.167 560.652,78.425 C562.623,77.658 564.297,76.634 565.965,74.965 C567.633,73.296 568.659,71.625 569.425,69.651 C570.167,67.743 570.674,65.562 570.82,62.369 C570.966,59.17 571,58.147 571,50 C571,41.851 570.966,40.831 570.82,37.631\"><\/path><\/g><\/g><\/g><\/svg><\/div><div style=\"padding-top: 8px;\"> <div style=\" color:#3897f0; font-family:Arial,sans-serif; font-size:14px; font-style:normal; font-weight:550; line-height:18px;\">View this post on Instagram<\/div><\/div><div style=\"padding: 12.5% 0;\"><\/div> <div style=\"display: flex; flex-direction: row; margin-bottom: 14px; align-items: center;\"><div> <div style=\"background-color: #F4F4F4; border-radius: 50%; height: 12.5px; width: 12.5px; transform: translateX(0px) translateY(7px);\"><\/div> <div style=\"background-color: #F4F4F4; height: 12.5px; transform: rotate(-45deg) translateX(3px) translateY(1px); width: 12.5px; flex-grow: 0; margin-right: 14px; margin-left: 2px;\"><\/div> <div style=\"background-color: #F4F4F4; border-radius: 50%; height: 12.5px; width: 12.5px; transform: translateX(9px) translateY(-18px);\"><\/div><\/div><div style=\"margin-left: 8px;\"> <div style=\" background-color: #F4F4F4; border-radius: 50%; flex-grow: 0; height: 20px; width: 20px;\"><\/div> <div style=\" width: 0; height: 0; border-top: 2px solid transparent; border-left: 6px solid #f4f4f4; border-bottom: 2px solid transparent; transform: translateX(16px) translateY(-4px) rotate(30deg)\"><\/div><\/div><div style=\"margin-left: auto;\"> <div style=\" width: 0px; border-top: 8px solid #F4F4F4; border-right: 8px solid transparent; transform: translateY(16px);\"><\/div> <div style=\" background-color: #F4F4F4; flex-grow: 0; height: 12px; width: 16px; transform: translateY(-4px);\"><\/div> <div style=\" width: 0; height: 0; border-top: 8px solid #F4F4F4; border-left: 8px solid transparent; transform: translateY(-4px) translateX(8px);\"><\/div><\/div><\/div> <div style=\"display: flex; flex-direction: column; flex-grow: 1; justify-content: center; margin-bottom: 24px;\"> <div style=\" background-color: #F4F4F4; border-radius: 4px; flex-grow: 0; height: 14px; margin-bottom: 6px; width: 224px;\"><\/div> <div style=\" background-color: #F4F4F4; border-radius: 4px; flex-grow: 0; height: 14px; width: 144px;\"><\/div><\/div><\/a><\/div><\/blockquote><script async src=\"\/\/platform.instagram.com\/en_US\/embeds.js\"><\/script>\n<\/div><\/figure>\n\n\n\n<h2 class=\"wp-block-heading\"><strong>Ex\u00e1menes m\u00e9dicos y controversia por el acceso a la informaci\u00f3n<\/strong><\/h2>\n\n\n\n<p>Como parte de la investigaci\u00f3n, los ni\u00f1os fueron sometidos a diversos ex\u00e1menes m\u00e9dicos para detectar la posible presencia de sustancias en su organismo. Sin embargo, los padres han denunciado que <strong>la fiscal\u00eda no les ha entregado los resultados de dichos an\u00e1lisis<\/strong>, argumentando que el caso se encuentra bajo car\u00e1cter reservado.<\/p>\n\n\n\n<p>Esta decisi\u00f3n ha generado molestia entre las familias afectadas, quienes sostienen que tienen derecho a conocer la informaci\u00f3n m\u00e9dica de sus hijos. La controversia se intensific\u00f3 luego de que un reportaje revelara que la <strong>Fundaci\u00f3n Integra s\u00ed habr\u00eda tenido acceso a parte de los resultados<\/strong>, a pesar de ser una de las instituciones cuestionadas en la investigaci\u00f3n.<\/p>\n\n\n\n<p>Seg\u00fan declaraciones recogidas por la prensa, al menos <strong>cinco ex\u00e1menes habr\u00edan dado positivo a un f\u00e1rmaco espec\u00edfico<\/strong>, aunque no se ha revelado p\u00fablicamente cu\u00e1l ser\u00eda la sustancia detectada.<\/p>\n\n\n\n<p>De acuerdo con los antecedentes preliminares, los medicamentos podr\u00edan corresponder a <strong>f\u00e1rmacos utilizados para tratar ansiedad o depresi\u00f3n<\/strong>, los cuales tambi\u00e9n producen efectos sedantes y relajantes.<\/p>\n\n\n\n<h3 class=\"wp-block-heading\"><strong>Funcionarios desvinculados y medidas internas<\/strong><\/h3>\n\n\n\n<p>En paralelo a la investigaci\u00f3n judicial, la Fundaci\u00f3n Integra inici\u00f3 un proceso interno para revisar lo ocurrido en el establecimiento. Como resultado de estas indagaciones administrativas, <strong>nueve trabajadoras del jard\u00edn infantil fueron separadas de sus funciones<\/strong>, mientras que una d\u00e9cima persona vinculada al recinto tambi\u00e9n habr\u00eda sido desvinculada posteriormente.<\/p>\n\n\n\n<p>La instituci\u00f3n ha se\u00f1alado que <strong>todos los antecedentes recopilados fueron puestos a disposici\u00f3n del Ministerio P\u00fablico<\/strong> y que adem\u00e1s se present\u00f3 una querella contra quienes resulten responsables.<\/p>\n\n\n\n<p>No obstante, las familias afectadas sostienen que la informaci\u00f3n entregada por la instituci\u00f3n ha sido insuficiente y reclaman mayor claridad sobre lo ocurrido.<\/p>\n\n\n\n<h2 class=\"wp-block-heading\"><strong>Posibles responsabilidades penales<\/strong><\/h2>\n\n\n\n<p>Expertos en derecho penal han explicado que, si se confirma la administraci\u00f3n de medicamentos sin autorizaci\u00f3n, los responsables podr\u00edan enfrentar cargos por <strong>delito de lesiones<\/strong>, dependiendo de la gravedad de los da\u00f1os causados.<\/p>\n\n\n\n<p>En particular, se ha mencionado la posible aplicaci\u00f3n del <strong>art\u00edculo 398 del C\u00f3digo Penal chileno<\/strong>, que sanciona las lesiones graves provocadas mediante la administraci\u00f3n de sustancias t\u00f3xicas o peligrosas.<\/p>\n\n\n\n<p>Las penas en este tipo de delitos pueden incluir <strong>multas e incluso sanciones de c\u00e1rcel<\/strong>, especialmente si se demuestra que los hechos pusieron en riesgo la salud o la vida de los menores.<\/p>\n\n\n\n<h2 class=\"wp-block-heading\"><strong>El reclamo de las familias: verdad y justicia<\/strong><\/h2>\n\n\n\n<p>M\u00e1s all\u00e1 de las responsabilidades penales, los padres afectados expresan una preocupaci\u00f3n adicional: <strong>las posibles secuelas que estos hechos podr\u00edan dejar en la salud de sus hijos<\/strong>.<\/p>\n\n\n\n<p>Algunas familias han se\u00f1alado que a\u00fan desconocen si las sustancias administradas podr\u00edan generar efectos a largo plazo en el desarrollo neurol\u00f3gico o f\u00edsico de los ni\u00f1os.<\/p>\n\n\n\n<p>Por ello, adem\u00e1s de exigir justicia, los padres solicitan <strong>transparencia en la investigaci\u00f3n y acceso completo a los resultados m\u00e9dicos<\/strong>.<\/p>\n\n\n\n<h2 class=\"wp-block-heading\"><strong>Un caso que reabre el debate sobre la seguridad en la educaci\u00f3n inicial<\/strong><\/h2>\n\n\n\n<p>El caso ha generado un fuerte impacto en la opini\u00f3n p\u00fablica, especialmente por tratarse de menores de edad que se encontraban bajo el cuidado de una instituci\u00f3n educativa.<\/p>\n\n\n\n<p>Especialistas en educaci\u00f3n inicial han se\u00f1alado que situaciones como esta subrayan la importancia de contar con <strong>protocolos estrictos de supervisi\u00f3n, transparencia institucional y control sanitario<\/strong> en los centros que atienden a ni\u00f1os peque\u00f1os.<\/p>\n\n\n\n<p>Asimismo, el caso ha reactivado el debate sobre la necesidad de <strong>mecanismos m\u00e1s claros de fiscalizaci\u00f3n y rendici\u00f3n de cuentas<\/strong> en instituciones que trabajan con la primera infancia.<\/p>\n\n\n\n<p>Mientras la investigaci\u00f3n contin\u00faa, las familias esperan que la justicia determine lo ocurrido y establezca las responsabilidades correspondientes. Entretanto, el caso sigue siendo observado con atenci\u00f3n por autoridades, especialistas y la sociedad en general, debido a la gravedad de las acusaciones y a la vulnerabilidad de las v\u00edctimas involucradas.<\/p>\n\n\n\n<p class=\"has-text-align-right\"><strong>Redacci\u00f3n | Web del Maestro CMF<\/strong><\/p>\n\n\n\t\t<div class=\"pk-inline-posts\">\n\t\t\t\t\t\t\t<h5 class=\"pk-inline-posts-title pk-title pk-font-block\">\n\t\t\t\t\t\u00daltimas entradas\t\t\t\t<\/h5>\n\t\t\t\n\t\t\t<div class=\"pk-inline-posts-container pk-inline-posts-template-list\"\n\t\t\t\tdata-columns=\"1\">\n\t\t\t\t\t\t<article id=\"post-118505\" class=\"post-118505 post type-post status-publish format-standard has-post-thumbnail category-noticias-internacionales tag-acoso-laboral-docente tag-clima-laboral-educativo tag-denuncia-laboral tag-derechos-laborales-docentes tag-ley-karin tag-maltrato-en-escuelas tag-salud-mental-docente tag-sistema-educativo-crisis tag-violencia-en-escuelas cs-entry cs-video-wrap\">\n\t\t\t<div class=\"pk-post-outer\">\n\n\t\t\t\t\t\t\t\t<div class=\"pk-post-inner\">\n\t\t\t\t\t<div class=\"entry-thumbnail\">\n\t\t\t\t\t\t<div class=\"pk-overlay pk-overlay-ratio pk-ratio-landscape\">\n\t\t\t\t\t\t\t<div class=\"pk-overlay-background\">\n\t\t\t\t\t\t\t\t<a href=\"https:\/\/webdelmaestrocmf.com\/portal\/maestra-consulta-que-hacer-tras-sufrir-acoso-laboral-por-parte-de-una-profesora-y-directora-teme-denunciar-y-quedar-vetada-de-por-vida-como-se-debe-de-proceder-en-estos-casos\/\" class=\"pk-overlay-link\">\n\t\t\t\t\t\t\t\t\t<img loading=\"lazy\" decoding=\"async\" width=\"300\" height=\"225\" src=\"https:\/\/webdelmaestrocmf.com\/portal\/wp-content\/uploads\/2026\/04\/1AA-Banner-1-portada-imagen-10-1-copia-4-4-300x225.webp\" class=\"attachment-pk-thumbnail size-pk-thumbnail wp-post-image\" alt=\"\" \/>\t\t\t\t\t\t\t\t<\/a>\n\t\t\t\t\t\t\t<\/div>\n\t\t\t\t\t\t<\/div>\n\t\t\t\t\t<\/div>\n\t\t\t\t<\/div>\n\t\t\t\t\n\t\t\t\t<div class=\"pk-post-inner\">\n\t\t\t\t\t<header>\n\t\t\t\t\t\t<h3 class=\"pk-title\"><a href=\"https:\/\/webdelmaestrocmf.com\/portal\/maestra-consulta-que-hacer-tras-sufrir-acoso-laboral-por-parte-de-una-profesora-y-directora-teme-denunciar-y-quedar-vetada-de-por-vida-como-se-debe-de-proceder-en-estos-casos\/\" rel=\"bookmark\">Maestra consulta qu\u00e9 hacer tras sufrir acoso laboral por parte de una profesora y directora, teme denunciar y quedar vetada de por vida \u00bfC\u00f3mo se debe de proceder en estos casos?<\/a><\/h3>\t\t\t\t\t<\/header><!-- .entry-header -->\n\t\t\t\t<\/div><!-- .post-inner -->\n\n\t\t\t<\/div><!-- .post-outer -->\n\t\t<\/article>\n\t\t\t<article id=\"post-118473\" class=\"post-118473 post type-post status-publish format-standard has-post-thumbnail category-noticias-internacionales tag-convivencia tag-docentes tag-educacion-3 tag-gestion-escolar-2 tag-protocolos tag-salud-mental tag-seguridad-escolar tag-simulacros tag-violencia-escolar cs-entry cs-video-wrap\">\n\t\t\t<div class=\"pk-post-outer\">\n\n\t\t\t\t\t\t\t\t<div class=\"pk-post-inner\">\n\t\t\t\t\t<div class=\"entry-thumbnail\">\n\t\t\t\t\t\t<div class=\"pk-overlay pk-overlay-ratio pk-ratio-landscape\">\n\t\t\t\t\t\t\t<div class=\"pk-overlay-background\">\n\t\t\t\t\t\t\t\t<a href=\"https:\/\/webdelmaestrocmf.com\/portal\/se-confirma-que-habra-simulacros-de-tiroteos-en-las-escuelas\/\" class=\"pk-overlay-link\">\n\t\t\t\t\t\t\t\t\t<img loading=\"lazy\" decoding=\"async\" width=\"300\" height=\"225\" src=\"https:\/\/webdelmaestrocmf.com\/portal\/wp-content\/uploads\/2026\/04\/1AA-Banner-1-portada-imagen-10-1-copia-1-11-300x225.webp\" class=\"attachment-pk-thumbnail size-pk-thumbnail wp-post-image\" alt=\"\" \/>\t\t\t\t\t\t\t\t<\/a>\n\t\t\t\t\t\t\t<\/div>\n\t\t\t\t\t\t<\/div>\n\t\t\t\t\t<\/div>\n\t\t\t\t<\/div>\n\t\t\t\t\n\t\t\t\t<div class=\"pk-post-inner\">\n\t\t\t\t\t<header>\n\t\t\t\t\t\t<h3 class=\"pk-title\"><a href=\"https:\/\/webdelmaestrocmf.com\/portal\/se-confirma-que-habra-simulacros-de-tiroteos-en-las-escuelas\/\" rel=\"bookmark\">Se confirma que habr\u00e1 simulacros de tiroteos en las escuelas<\/a><\/h3>\t\t\t\t\t<\/header><!-- .entry-header -->\n\t\t\t\t<\/div><!-- .post-inner -->\n\n\t\t\t<\/div><!-- .post-outer -->\n\t\t<\/article>\n\t\t\t<article id=\"post-118464\" class=\"post-118464 post type-post status-publish format-standard has-post-thumbnail category-noticias-internacionales tag-aula tag-convivencia-escolar tag-disciplina tag-docentes tag-educacion-3 tag-estudiantes tag-gestion-educativa-3 tag-normativa tag-pedagogia-3 tag-violencia-escolar cs-entry cs-video-wrap\">\n\t\t\t<div class=\"pk-post-outer\">\n\n\t\t\t\t\t\t\t\t<div class=\"pk-post-inner\">\n\t\t\t\t\t<div class=\"entry-thumbnail\">\n\t\t\t\t\t\t<div class=\"pk-overlay pk-overlay-ratio pk-ratio-landscape\">\n\t\t\t\t\t\t\t<div class=\"pk-overlay-background\">\n\t\t\t\t\t\t\t\t<a href=\"https:\/\/webdelmaestrocmf.com\/portal\/peru-pone-limites-estudiantes-violentos-podrian-salir-del-aula-presencial-y-pasar-a-otra-modalidad-educativa\/\" class=\"pk-overlay-link\">\n\t\t\t\t\t\t\t\t\t<img loading=\"lazy\" decoding=\"async\" width=\"300\" height=\"225\" src=\"https:\/\/webdelmaestrocmf.com\/portal\/wp-content\/uploads\/2026\/04\/1AA-Banner-1-portada-imagen-10-1-copia-38-300x225.webp\" class=\"attachment-pk-thumbnail size-pk-thumbnail wp-post-image\" alt=\"\" \/>\t\t\t\t\t\t\t\t<\/a>\n\t\t\t\t\t\t\t<\/div>\n\t\t\t\t\t\t<\/div>\n\t\t\t\t\t<\/div>\n\t\t\t\t<\/div>\n\t\t\t\t\n\t\t\t\t<div class=\"pk-post-inner\">\n\t\t\t\t\t<header>\n\t\t\t\t\t\t<h3 class=\"pk-title\"><a href=\"https:\/\/webdelmaestrocmf.com\/portal\/peru-pone-limites-estudiantes-violentos-podrian-salir-del-aula-presencial-y-pasar-a-otra-modalidad-educativa\/\" rel=\"bookmark\">Per\u00fa pone l\u00edmites: estudiantes violentos podr\u00edan salir del aula presencial y pasar a otra modalidad educativa<\/a><\/h3>\t\t\t\t\t<\/header><!-- .entry-header -->\n\t\t\t\t<\/div><!-- .post-inner -->\n\n\t\t\t<\/div><!-- .post-outer -->\n\t\t<\/article>\n\t\t\t\t<\/div>\n\t\t<\/div>\n\t\t\n","protected":false},"excerpt":{"rendered":"Las denuncias involucran a menores de apenas tres y cuatro a\u00f1os de edad y han motivado una investigaci\u00f3n judicial que contin\u00faa en curso.","protected":false},"author":1,"featured_media":116522,"comment_status":"open","ping_status":"closed","sticky":false,"template":"","format":"standard","meta":{"csco_display_header_overlay":false,"csco_singular_sidebar":"","csco_page_header_type":"","csco_page_load_nextpost":"","csco_post_video_location":[],"csco_post_video_location_hash":"","csco_post_video_url":"","csco_post_video_bg_start_time":0,"csco_post_video_bg_end_time":0,"csco_post_video_bg_volume":false,"_jetpack_memberships_contains_paid_content":false,"footnotes":""},"categories":[23790],"tags":[21268,17245,25535,25022,18812,21770,24447,25536,25534],"class_list":{"0":"post-116517","1":"post","2":"type-post","3":"status-publish","4":"format-standard","5":"has-post-thumbnail","7":"category-noticias-internacionales","8":"tag-bienestar-infantil","9":"tag-comunidad-educativa","10":"tag-cuidado-infantil","11":"tag-derechos-del-nino","12":"tag-educacion-inicial","13":"tag-etica-educativa","14":"tag-primera-infancia","15":"tag-proteccion-de-la-infancia","16":"tag-seguridad-infantil","17":"cs-entry","18":"cs-video-wrap"},"yoast_head":"<!-- This site is optimized with the Yoast SEO plugin v27.5 - https:\/\/yoast.com\/product\/yoast-seo-wordpress\/ -->\n<title>Graves denuncias en Chile: investigaci\u00f3n por presunta sedaci\u00f3n de ni\u00f1os en un jard\u00edn infantil y cuestionamientos a la transparencia del proceso - 2026<\/title>\n<meta name=\"description\" content=\"en Chile: la presunta sedaci\u00f3n de ni\u00f1os peque\u00f1os con medicamentos psicotr\u00f3picos en un jard\u00edn infantil perteneciente a la red p\u00fablica de la...\" \/>\n<meta name=\"robots\" content=\"index, follow, max-snippet:-1, max-image-preview:large, max-video-preview:-1\" \/>\n<link rel=\"canonical\" href=\"https:\/\/webdelmaestrocmf.com\/portal\/graves-denuncias-en-chile-investigacion-por-presunta-sedacion-de-ninos-en-un-jardin-infantil-y-cuestionamientos-a-la-transparencia-del-proceso\/\" \/>\n<meta property=\"og:locale\" content=\"es_ES\" \/>\n<meta property=\"og:type\" content=\"article\" \/>\n<meta property=\"og:title\" content=\"Graves denuncias en Chile: investigaci\u00f3n por presunta sedaci\u00f3n de ni\u00f1os en un jard\u00edn infantil y cuestionamientos a la transparencia del proceso - 2026\" \/>\n<meta property=\"og:description\" content=\"en Chile: la presunta sedaci\u00f3n de ni\u00f1os peque\u00f1os con medicamentos psicotr\u00f3picos en un jard\u00edn infantil perteneciente a la red p\u00fablica de la...\" \/>\n<meta property=\"og:url\" content=\"https:\/\/webdelmaestrocmf.com\/portal\/graves-denuncias-en-chile-investigacion-por-presunta-sedacion-de-ninos-en-un-jardin-infantil-y-cuestionamientos-a-la-transparencia-del-proceso\/\" \/>\n<meta property=\"og:site_name\" content=\"Web del Maestro CMF\" \/>\n<meta property=\"article:publisher\" content=\"https:\/\/www.facebook.com\/WebdelMaestroCMF\/\" \/>\n<meta property=\"article:author\" content=\"https:\/\/www.facebook.com\/WebdelMaestroCMF\/\" \/>\n<meta property=\"article:published_time\" content=\"2026-03-16T13:36:40+00:00\" \/>\n<meta property=\"article:modified_time\" content=\"2026-03-16T15:48:43+00:00\" \/>\n<meta property=\"og:image\" content=\"https:\/\/webdelmaestrocmf.com\/portal\/wp-content\/uploads\/2026\/03\/1AA-Banner-1-portada-imagen-10-1-copia-5.webp\" \/>\n\t<meta property=\"og:image:width\" content=\"1200\" \/>\n\t<meta property=\"og:image:height\" content=\"675\" \/>\n\t<meta property=\"og:image:type\" content=\"image\/webp\" \/>\n<meta name=\"author\" content=\"Web del Maestro CMF\" \/>\n<meta name=\"twitter:card\" content=\"summary_large_image\" \/>\n<meta name=\"twitter:creator\" content=\"@cmf_w\" \/>\n<meta name=\"twitter:site\" content=\"@cmf_w\" \/>\n<script type=\"application\/ld+json\" class=\"yoast-schema-graph\">{\"@context\":\"https:\\\/\\\/schema.org\",\"@graph\":[{\"@type\":\"ScholarlyArticle\",\"@id\":\"https:\\\/\\\/webdelmaestrocmf.com\\\/portal\\\/graves-denuncias-en-chile-investigacion-por-presunta-sedacion-de-ninos-en-un-jardin-infantil-y-cuestionamientos-a-la-transparencia-del-proceso\\\/#article\",\"isPartOf\":{\"@id\":\"https:\\\/\\\/webdelmaestrocmf.com\\\/portal\\\/graves-denuncias-en-chile-investigacion-por-presunta-sedacion-de-ninos-en-un-jardin-infantil-y-cuestionamientos-a-la-transparencia-del-proceso\\\/\"},\"author\":{\"name\":\"Web del Maestro CMF\",\"@id\":\"https:\\\/\\\/webdelmaestrocmf.com\\\/portal\\\/#\\\/schema\\\/person\\\/1072a2ed7bd960df8ef99a551fa35dc5\"},\"headline\":\"Graves denuncias en Chile: investigaci\u00f3n por presunta sedaci\u00f3n de ni\u00f1os en un jard\u00edn infantil y cuestionamientos a la transparencia del proceso\",\"datePublished\":\"2026-03-16T13:36:40+00:00\",\"dateModified\":\"2026-03-16T15:48:43+00:00\",\"mainEntityOfPage\":{\"@id\":\"https:\\\/\\\/webdelmaestrocmf.com\\\/portal\\\/graves-denuncias-en-chile-investigacion-por-presunta-sedacion-de-ninos-en-un-jardin-infantil-y-cuestionamientos-a-la-transparencia-del-proceso\\\/\"},\"wordCount\":1140,\"commentCount\":0,\"publisher\":{\"@id\":\"https:\\\/\\\/webdelmaestrocmf.com\\\/portal\\\/#organization\"},\"image\":{\"@id\":\"https:\\\/\\\/webdelmaestrocmf.com\\\/portal\\\/graves-denuncias-en-chile-investigacion-por-presunta-sedacion-de-ninos-en-un-jardin-infantil-y-cuestionamientos-a-la-transparencia-del-proceso\\\/#primaryimage\"},\"thumbnailUrl\":\"https:\\\/\\\/webdelmaestrocmf.com\\\/portal\\\/wp-content\\\/uploads\\\/2026\\\/03\\\/1AA-Banner-1-portada-imagen-10-1-copia-5.webp\",\"keywords\":[\"Bienestar infantil\",\"comunidad educativa\",\"cuidado infantil\",\"derechos del ni\u00f1o\",\"Educaci\u00f3n inicial\",\"\u00e9tica educativa\",\"primera infancia\",\"protecci\u00f3n de la infancia\",\"seguridad infantil\"],\"articleSection\":[\"Noticias Internacionales\"],\"inLanguage\":\"es\",\"potentialAction\":[{\"@type\":\"CommentAction\",\"name\":\"Comment\",\"target\":[\"https:\\\/\\\/webdelmaestrocmf.com\\\/portal\\\/graves-denuncias-en-chile-investigacion-por-presunta-sedacion-de-ninos-en-un-jardin-infantil-y-cuestionamientos-a-la-transparencia-del-proceso\\\/#respond\"]}]},{\"@type\":\"WebPage\",\"@id\":\"https:\\\/\\\/webdelmaestrocmf.com\\\/portal\\\/graves-denuncias-en-chile-investigacion-por-presunta-sedacion-de-ninos-en-un-jardin-infantil-y-cuestionamientos-a-la-transparencia-del-proceso\\\/\",\"url\":\"https:\\\/\\\/webdelmaestrocmf.com\\\/portal\\\/graves-denuncias-en-chile-investigacion-por-presunta-sedacion-de-ninos-en-un-jardin-infantil-y-cuestionamientos-a-la-transparencia-del-proceso\\\/\",\"name\":\"Graves denuncias en Chile: investigaci\u00f3n por presunta sedaci\u00f3n de ni\u00f1os en un jard\u00edn infantil y cuestionamientos a la transparencia del proceso - 2026\",\"isPartOf\":{\"@id\":\"https:\\\/\\\/webdelmaestrocmf.com\\\/portal\\\/#website\"},\"primaryImageOfPage\":{\"@id\":\"https:\\\/\\\/webdelmaestrocmf.com\\\/portal\\\/graves-denuncias-en-chile-investigacion-por-presunta-sedacion-de-ninos-en-un-jardin-infantil-y-cuestionamientos-a-la-transparencia-del-proceso\\\/#primaryimage\"},\"image\":{\"@id\":\"https:\\\/\\\/webdelmaestrocmf.com\\\/portal\\\/graves-denuncias-en-chile-investigacion-por-presunta-sedacion-de-ninos-en-un-jardin-infantil-y-cuestionamientos-a-la-transparencia-del-proceso\\\/#primaryimage\"},\"thumbnailUrl\":\"https:\\\/\\\/webdelmaestrocmf.com\\\/portal\\\/wp-content\\\/uploads\\\/2026\\\/03\\\/1AA-Banner-1-portada-imagen-10-1-copia-5.webp\",\"datePublished\":\"2026-03-16T13:36:40+00:00\",\"dateModified\":\"2026-03-16T15:48:43+00:00\",\"description\":\"en Chile: la presunta sedaci\u00f3n de ni\u00f1os peque\u00f1os con medicamentos psicotr\u00f3picos en un jard\u00edn infantil perteneciente a la red p\u00fablica de la...\",\"breadcrumb\":{\"@id\":\"https:\\\/\\\/webdelmaestrocmf.com\\\/portal\\\/graves-denuncias-en-chile-investigacion-por-presunta-sedacion-de-ninos-en-un-jardin-infantil-y-cuestionamientos-a-la-transparencia-del-proceso\\\/#breadcrumb\"},\"inLanguage\":\"es\",\"potentialAction\":[{\"@type\":\"ReadAction\",\"target\":[\"https:\\\/\\\/webdelmaestrocmf.com\\\/portal\\\/graves-denuncias-en-chile-investigacion-por-presunta-sedacion-de-ninos-en-un-jardin-infantil-y-cuestionamientos-a-la-transparencia-del-proceso\\\/\"]}]},{\"@type\":\"ImageObject\",\"inLanguage\":\"es\",\"@id\":\"https:\\\/\\\/webdelmaestrocmf.com\\\/portal\\\/graves-denuncias-en-chile-investigacion-por-presunta-sedacion-de-ninos-en-un-jardin-infantil-y-cuestionamientos-a-la-transparencia-del-proceso\\\/#primaryimage\",\"url\":\"https:\\\/\\\/webdelmaestrocmf.com\\\/portal\\\/wp-content\\\/uploads\\\/2026\\\/03\\\/1AA-Banner-1-portada-imagen-10-1-copia-5.webp\",\"contentUrl\":\"https:\\\/\\\/webdelmaestrocmf.com\\\/portal\\\/wp-content\\\/uploads\\\/2026\\\/03\\\/1AA-Banner-1-portada-imagen-10-1-copia-5.webp\",\"width\":1200,\"height\":675},{\"@type\":\"BreadcrumbList\",\"@id\":\"https:\\\/\\\/webdelmaestrocmf.com\\\/portal\\\/graves-denuncias-en-chile-investigacion-por-presunta-sedacion-de-ninos-en-un-jardin-infantil-y-cuestionamientos-a-la-transparencia-del-proceso\\\/#breadcrumb\",\"itemListElement\":[{\"@type\":\"ListItem\",\"position\":1,\"name\":\"Portada\",\"item\":\"https:\\\/\\\/webdelmaestrocmf.com\\\/portal\\\/\"},{\"@type\":\"ListItem\",\"position\":2,\"name\":\"Noticias Internacionales\",\"item\":\"https:\\\/\\\/webdelmaestrocmf.com\\\/portal\\\/category\\\/noticias-internacionales\\\/\"},{\"@type\":\"ListItem\",\"position\":3,\"name\":\"Graves denuncias en Chile: investigaci\u00f3n por presunta sedaci\u00f3n de ni\u00f1os en un jard\u00edn infantil y cuestionamientos a la transparencia del proceso\"}]},{\"@type\":\"WebSite\",\"@id\":\"https:\\\/\\\/webdelmaestrocmf.com\\\/portal\\\/#website\",\"url\":\"https:\\\/\\\/webdelmaestrocmf.com\\\/portal\\\/\",\"name\":\"Web del Maestro CMF\",\"description\":\"Maestros al servicio de la educaci\u00f3n\",\"publisher\":{\"@id\":\"https:\\\/\\\/webdelmaestrocmf.com\\\/portal\\\/#organization\"},\"alternateName\":\"WMCMF\",\"potentialAction\":[{\"@type\":\"SearchAction\",\"target\":{\"@type\":\"EntryPoint\",\"urlTemplate\":\"https:\\\/\\\/webdelmaestrocmf.com\\\/portal\\\/?s={search_term_string}\"},\"query-input\":{\"@type\":\"PropertyValueSpecification\",\"valueRequired\":true,\"valueName\":\"search_term_string\"}}],\"inLanguage\":\"es\"},{\"@type\":\"Organization\",\"@id\":\"https:\\\/\\\/webdelmaestrocmf.com\\\/portal\\\/#organization\",\"name\":\"Web del Maestro CMF\",\"alternateName\":\"WMCMF\",\"url\":\"https:\\\/\\\/webdelmaestrocmf.com\\\/portal\\\/\",\"logo\":{\"@type\":\"ImageObject\",\"inLanguage\":\"es\",\"@id\":\"https:\\\/\\\/webdelmaestrocmf.com\\\/portal\\\/#\\\/schema\\\/logo\\\/image\\\/\",\"url\":\"https:\\\/\\\/webdelmaestrocmf.com\\\/portal\\\/wp-content\\\/uploads\\\/2023\\\/01\\\/logo-wmcmf-2.png\",\"contentUrl\":\"https:\\\/\\\/webdelmaestrocmf.com\\\/portal\\\/wp-content\\\/uploads\\\/2023\\\/01\\\/logo-wmcmf-2.png\",\"width\":200,\"height\":60,\"caption\":\"Web del Maestro CMF\"},\"image\":{\"@id\":\"https:\\\/\\\/webdelmaestrocmf.com\\\/portal\\\/#\\\/schema\\\/logo\\\/image\\\/\"},\"sameAs\":[\"https:\\\/\\\/www.facebook.com\\\/WebdelMaestroCMF\\\/\",\"https:\\\/\\\/x.com\\\/cmf_w\",\"https:\\\/\\\/www.pinterest.com\\\/WMCMF\\\/\",\"https:\\\/\\\/www.linkedin.com\\\/company\\\/web-del-maestro-cmf\\\/\",\"https:\\\/\\\/www.instagram.com\\\/wmcmf\\\/\",\"https:\\\/\\\/www.youtube.com\\\/channel\\\/UCDPSvjbdodE5sHnC3OxutHw\",\"https:\\\/\\\/mastodon.social\\\/@wmcmf\",\"https:\\\/\\\/www.tiktok.com\\\/@webdelmaestrocmf\"]},{\"@type\":\"Person\",\"@id\":\"https:\\\/\\\/webdelmaestrocmf.com\\\/portal\\\/#\\\/schema\\\/person\\\/1072a2ed7bd960df8ef99a551fa35dc5\",\"name\":\"Web del Maestro CMF\",\"image\":{\"@type\":\"ImageObject\",\"inLanguage\":\"es\",\"@id\":\"https:\\\/\\\/secure.gravatar.com\\\/avatar\\\/23291dd5b5ae1077dcff3dbb04c3e02bd28403fa75af6d8787d5e97c5bbbe30b?s=96&d=mm&r=g\",\"url\":\"https:\\\/\\\/secure.gravatar.com\\\/avatar\\\/23291dd5b5ae1077dcff3dbb04c3e02bd28403fa75af6d8787d5e97c5bbbe30b?s=96&d=mm&r=g\",\"contentUrl\":\"https:\\\/\\\/secure.gravatar.com\\\/avatar\\\/23291dd5b5ae1077dcff3dbb04c3e02bd28403fa75af6d8787d5e97c5bbbe30b?s=96&d=mm&r=g\",\"caption\":\"Web del Maestro CMF\"},\"description\":\"Esta Web se cre\u00f3 sin fines de lucro, con fines educativos, cient\u00edficos y acad\u00e9micos, para personas que tengan dificultades y\\\/o inconvenientes en visualizar el material original. El objetivo es entregar recursos, compartir experiencias y materiales que ayuden a los padres de familia, maestros y estudiantes en su actualizaci\u00f3n y formaci\u00f3n permanente, en bien de la Educaci\u00f3n.\",\"sameAs\":[\"http:\\\/\\\/webdelmaestrocmf.com\\\/portal\",\"https:\\\/\\\/www.facebook.com\\\/WebdelMaestroCMF\\\/\",\"https:\\\/\\\/www.instagram.com\\\/wmcmf\\\/\",\"https:\\\/\\\/cl.linkedin.com\\\/company\\\/web-del-maestro-cmf\",\"https:\\\/\\\/www.pinterest.com\\\/WMCMF\\\/publicaciones\\\/\",\"https:\\\/\\\/x.com\\\/cmf_w\",\"https:\\\/\\\/www.youtube.com\\\/@WMCMF\"]}]}<\/script>\n<!-- \/ Yoast SEO plugin. -->","yoast_head_json":{"title":"Graves denuncias en Chile: investigaci\u00f3n por presunta sedaci\u00f3n de ni\u00f1os en un jard\u00edn infantil y cuestionamientos a la transparencia del proceso - 2026","description":"en Chile: la presunta sedaci\u00f3n de ni\u00f1os peque\u00f1os con medicamentos psicotr\u00f3picos en un jard\u00edn infantil perteneciente a la red p\u00fablica de la...","robots":{"index":"index","follow":"follow","max-snippet":"max-snippet:-1","max-image-preview":"max-image-preview:large","max-video-preview":"max-video-preview:-1"},"canonical":"https:\/\/webdelmaestrocmf.com\/portal\/graves-denuncias-en-chile-investigacion-por-presunta-sedacion-de-ninos-en-un-jardin-infantil-y-cuestionamientos-a-la-transparencia-del-proceso\/","og_locale":"es_ES","og_type":"article","og_title":"Graves denuncias en Chile: investigaci\u00f3n por presunta sedaci\u00f3n de ni\u00f1os en un jard\u00edn infantil y cuestionamientos a la transparencia del proceso - 2026","og_description":"en Chile: la presunta sedaci\u00f3n de ni\u00f1os peque\u00f1os con medicamentos psicotr\u00f3picos en un jard\u00edn infantil perteneciente a la red p\u00fablica de la...","og_url":"https:\/\/webdelmaestrocmf.com\/portal\/graves-denuncias-en-chile-investigacion-por-presunta-sedacion-de-ninos-en-un-jardin-infantil-y-cuestionamientos-a-la-transparencia-del-proceso\/","og_site_name":"Web del Maestro CMF","article_publisher":"https:\/\/www.facebook.com\/WebdelMaestroCMF\/","article_author":"https:\/\/www.facebook.com\/WebdelMaestroCMF\/","article_published_time":"2026-03-16T13:36:40+00:00","article_modified_time":"2026-03-16T15:48:43+00:00","og_image":[{"width":1200,"height":675,"url":"https:\/\/webdelmaestrocmf.com\/portal\/wp-content\/uploads\/2026\/03\/1AA-Banner-1-portada-imagen-10-1-copia-5.webp","type":"image\/webp"}],"author":"Web del Maestro CMF","twitter_card":"summary_large_image","twitter_creator":"@cmf_w","twitter_site":"@cmf_w","schema":{"@context":"https:\/\/schema.org","@graph":[{"@type":"ScholarlyArticle","@id":"https:\/\/webdelmaestrocmf.com\/portal\/graves-denuncias-en-chile-investigacion-por-presunta-sedacion-de-ninos-en-un-jardin-infantil-y-cuestionamientos-a-la-transparencia-del-proceso\/#article","isPartOf":{"@id":"https:\/\/webdelmaestrocmf.com\/portal\/graves-denuncias-en-chile-investigacion-por-presunta-sedacion-de-ninos-en-un-jardin-infantil-y-cuestionamientos-a-la-transparencia-del-proceso\/"},"author":{"name":"Web del Maestro CMF","@id":"https:\/\/webdelmaestrocmf.com\/portal\/#\/schema\/person\/1072a2ed7bd960df8ef99a551fa35dc5"},"headline":"Graves denuncias en Chile: investigaci\u00f3n por presunta sedaci\u00f3n de ni\u00f1os en un jard\u00edn infantil y cuestionamientos a la transparencia del proceso","datePublished":"2026-03-16T13:36:40+00:00","dateModified":"2026-03-16T15:48:43+00:00","mainEntityOfPage":{"@id":"https:\/\/webdelmaestrocmf.com\/portal\/graves-denuncias-en-chile-investigacion-por-presunta-sedacion-de-ninos-en-un-jardin-infantil-y-cuestionamientos-a-la-transparencia-del-proceso\/"},"wordCount":1140,"commentCount":0,"publisher":{"@id":"https:\/\/webdelmaestrocmf.com\/portal\/#organization"},"image":{"@id":"https:\/\/webdelmaestrocmf.com\/portal\/graves-denuncias-en-chile-investigacion-por-presunta-sedacion-de-ninos-en-un-jardin-infantil-y-cuestionamientos-a-la-transparencia-del-proceso\/#primaryimage"},"thumbnailUrl":"https:\/\/webdelmaestrocmf.com\/portal\/wp-content\/uploads\/2026\/03\/1AA-Banner-1-portada-imagen-10-1-copia-5.webp","keywords":["Bienestar infantil","comunidad educativa","cuidado infantil","derechos del ni\u00f1o","Educaci\u00f3n inicial","\u00e9tica educativa","primera infancia","protecci\u00f3n de la infancia","seguridad infantil"],"articleSection":["Noticias Internacionales"],"inLanguage":"es","potentialAction":[{"@type":"CommentAction","name":"Comment","target":["https:\/\/webdelmaestrocmf.com\/portal\/graves-denuncias-en-chile-investigacion-por-presunta-sedacion-de-ninos-en-un-jardin-infantil-y-cuestionamientos-a-la-transparencia-del-proceso\/#respond"]}]},{"@type":"WebPage","@id":"https:\/\/webdelmaestrocmf.com\/portal\/graves-denuncias-en-chile-investigacion-por-presunta-sedacion-de-ninos-en-un-jardin-infantil-y-cuestionamientos-a-la-transparencia-del-proceso\/","url":"https:\/\/webdelmaestrocmf.com\/portal\/graves-denuncias-en-chile-investigacion-por-presunta-sedacion-de-ninos-en-un-jardin-infantil-y-cuestionamientos-a-la-transparencia-del-proceso\/","name":"Graves denuncias en Chile: investigaci\u00f3n por presunta sedaci\u00f3n de ni\u00f1os en un jard\u00edn infantil y cuestionamientos a la transparencia del proceso - 2026","isPartOf":{"@id":"https:\/\/webdelmaestrocmf.com\/portal\/#website"},"primaryImageOfPage":{"@id":"https:\/\/webdelmaestrocmf.com\/portal\/graves-denuncias-en-chile-investigacion-por-presunta-sedacion-de-ninos-en-un-jardin-infantil-y-cuestionamientos-a-la-transparencia-del-proceso\/#primaryimage"},"image":{"@id":"https:\/\/webdelmaestrocmf.com\/portal\/graves-denuncias-en-chile-investigacion-por-presunta-sedacion-de-ninos-en-un-jardin-infantil-y-cuestionamientos-a-la-transparencia-del-proceso\/#primaryimage"},"thumbnailUrl":"https:\/\/webdelmaestrocmf.com\/portal\/wp-content\/uploads\/2026\/03\/1AA-Banner-1-portada-imagen-10-1-copia-5.webp","datePublished":"2026-03-16T13:36:40+00:00","dateModified":"2026-03-16T15:48:43+00:00","description":"en Chile: la presunta sedaci\u00f3n de ni\u00f1os peque\u00f1os con medicamentos psicotr\u00f3picos en un jard\u00edn infantil perteneciente a la red p\u00fablica de la...","breadcrumb":{"@id":"https:\/\/webdelmaestrocmf.com\/portal\/graves-denuncias-en-chile-investigacion-por-presunta-sedacion-de-ninos-en-un-jardin-infantil-y-cuestionamientos-a-la-transparencia-del-proceso\/#breadcrumb"},"inLanguage":"es","potentialAction":[{"@type":"ReadAction","target":["https:\/\/webdelmaestrocmf.com\/portal\/graves-denuncias-en-chile-investigacion-por-presunta-sedacion-de-ninos-en-un-jardin-infantil-y-cuestionamientos-a-la-transparencia-del-proceso\/"]}]},{"@type":"ImageObject","inLanguage":"es","@id":"https:\/\/webdelmaestrocmf.com\/portal\/graves-denuncias-en-chile-investigacion-por-presunta-sedacion-de-ninos-en-un-jardin-infantil-y-cuestionamientos-a-la-transparencia-del-proceso\/#primaryimage","url":"https:\/\/webdelmaestrocmf.com\/portal\/wp-content\/uploads\/2026\/03\/1AA-Banner-1-portada-imagen-10-1-copia-5.webp","contentUrl":"https:\/\/webdelmaestrocmf.com\/portal\/wp-content\/uploads\/2026\/03\/1AA-Banner-1-portada-imagen-10-1-copia-5.webp","width":1200,"height":675},{"@type":"BreadcrumbList","@id":"https:\/\/webdelmaestrocmf.com\/portal\/graves-denuncias-en-chile-investigacion-por-presunta-sedacion-de-ninos-en-un-jardin-infantil-y-cuestionamientos-a-la-transparencia-del-proceso\/#breadcrumb","itemListElement":[{"@type":"ListItem","position":1,"name":"Portada","item":"https:\/\/webdelmaestrocmf.com\/portal\/"},{"@type":"ListItem","position":2,"name":"Noticias Internacionales","item":"https:\/\/webdelmaestrocmf.com\/portal\/category\/noticias-internacionales\/"},{"@type":"ListItem","position":3,"name":"Graves denuncias en Chile: investigaci\u00f3n por presunta sedaci\u00f3n de ni\u00f1os en un jard\u00edn infantil y cuestionamientos a la transparencia del proceso"}]},{"@type":"WebSite","@id":"https:\/\/webdelmaestrocmf.com\/portal\/#website","url":"https:\/\/webdelmaestrocmf.com\/portal\/","name":"Web del Maestro CMF","description":"Maestros al servicio de la educaci\u00f3n","publisher":{"@id":"https:\/\/webdelmaestrocmf.com\/portal\/#organization"},"alternateName":"WMCMF","potentialAction":[{"@type":"SearchAction","target":{"@type":"EntryPoint","urlTemplate":"https:\/\/webdelmaestrocmf.com\/portal\/?s={search_term_string}"},"query-input":{"@type":"PropertyValueSpecification","valueRequired":true,"valueName":"search_term_string"}}],"inLanguage":"es"},{"@type":"Organization","@id":"https:\/\/webdelmaestrocmf.com\/portal\/#organization","name":"Web del Maestro CMF","alternateName":"WMCMF","url":"https:\/\/webdelmaestrocmf.com\/portal\/","logo":{"@type":"ImageObject","inLanguage":"es","@id":"https:\/\/webdelmaestrocmf.com\/portal\/#\/schema\/logo\/image\/","url":"https:\/\/webdelmaestrocmf.com\/portal\/wp-content\/uploads\/2023\/01\/logo-wmcmf-2.png","contentUrl":"https:\/\/webdelmaestrocmf.com\/portal\/wp-content\/uploads\/2023\/01\/logo-wmcmf-2.png","width":200,"height":60,"caption":"Web del Maestro CMF"},"image":{"@id":"https:\/\/webdelmaestrocmf.com\/portal\/#\/schema\/logo\/image\/"},"sameAs":["https:\/\/www.facebook.com\/WebdelMaestroCMF\/","https:\/\/x.com\/cmf_w","https:\/\/www.pinterest.com\/WMCMF\/","https:\/\/www.linkedin.com\/company\/web-del-maestro-cmf\/","https:\/\/www.instagram.com\/wmcmf\/","https:\/\/www.youtube.com\/channel\/UCDPSvjbdodE5sHnC3OxutHw","https:\/\/mastodon.social\/@wmcmf","https:\/\/www.tiktok.com\/@webdelmaestrocmf"]},{"@type":"Person","@id":"https:\/\/webdelmaestrocmf.com\/portal\/#\/schema\/person\/1072a2ed7bd960df8ef99a551fa35dc5","name":"Web del Maestro CMF","image":{"@type":"ImageObject","inLanguage":"es","@id":"https:\/\/secure.gravatar.com\/avatar\/23291dd5b5ae1077dcff3dbb04c3e02bd28403fa75af6d8787d5e97c5bbbe30b?s=96&d=mm&r=g","url":"https:\/\/secure.gravatar.com\/avatar\/23291dd5b5ae1077dcff3dbb04c3e02bd28403fa75af6d8787d5e97c5bbbe30b?s=96&d=mm&r=g","contentUrl":"https:\/\/secure.gravatar.com\/avatar\/23291dd5b5ae1077dcff3dbb04c3e02bd28403fa75af6d8787d5e97c5bbbe30b?s=96&d=mm&r=g","caption":"Web del Maestro CMF"},"description":"Esta Web se cre\u00f3 sin fines de lucro, con fines educativos, cient\u00edficos y acad\u00e9micos, para personas que tengan dificultades y\/o inconvenientes en visualizar el material original. El objetivo es entregar recursos, compartir experiencias y materiales que ayuden a los padres de familia, maestros y estudiantes en su actualizaci\u00f3n y formaci\u00f3n permanente, en bien de la Educaci\u00f3n.","sameAs":["http:\/\/webdelmaestrocmf.com\/portal","https:\/\/www.facebook.com\/WebdelMaestroCMF\/","https:\/\/www.instagram.com\/wmcmf\/","https:\/\/cl.linkedin.com\/company\/web-del-maestro-cmf","https:\/\/www.pinterest.com\/WMCMF\/publicaciones\/","https:\/\/x.com\/cmf_w","https:\/\/www.youtube.com\/@WMCMF"]}]}},"jetpack_featured_media_url":"https:\/\/webdelmaestrocmf.com\/portal\/wp-content\/uploads\/2026\/03\/1AA-Banner-1-portada-imagen-10-1-copia-5.webp","jetpack_sharing_enabled":true,"jetpack-related-posts":[{"id":108950,"url":"https:\/\/webdelmaestrocmf.com\/portal\/infancia-en-crisis-aumento-de-conductas-disruptivas-en-jardines-infantiles-preocupa-a-educadores\/","url_meta":{"origin":116517,"position":0},"title":"Infancia en crisis: aumento de conductas disruptivas en jardines infantiles preocupa a educadores","author":"Web del Maestro CMF","date":"22 mayo, 2025","format":false,"excerpt":"El aumento de desregulaci\u00f3n emocional en ni\u00f1os peque\u00f1os preocupa a docentes. Conductas agresivas, impulsividad y baja tolerancia a la frustraci\u00f3n se vinculan a pantallas, estr\u00e9s familiar y falta de contenci\u00f3n adecuada.","rel":"","context":"En \u00abNoticias Internacionales\u00bb","block_context":{"text":"Noticias Internacionales","link":"https:\/\/webdelmaestrocmf.com\/portal\/category\/noticias-internacionales\/"},"img":{"alt_text":"","src":"https:\/\/i0.wp.com\/webdelmaestrocmf.com\/portal\/wp-content\/uploads\/2025\/05\/1A-Banner-1-portada-imagen-10-1-11.jpg?resize=350%2C200&ssl=1","width":350,"height":200,"srcset":"https:\/\/i0.wp.com\/webdelmaestrocmf.com\/portal\/wp-content\/uploads\/2025\/05\/1A-Banner-1-portada-imagen-10-1-11.jpg?resize=350%2C200&ssl=1 1x, https:\/\/i0.wp.com\/webdelmaestrocmf.com\/portal\/wp-content\/uploads\/2025\/05\/1A-Banner-1-portada-imagen-10-1-11.jpg?resize=525%2C300&ssl=1 1.5x, https:\/\/i0.wp.com\/webdelmaestrocmf.com\/portal\/wp-content\/uploads\/2025\/05\/1A-Banner-1-portada-imagen-10-1-11.jpg?resize=700%2C400&ssl=1 2x"},"classes":[]},{"id":108638,"url":"https:\/\/webdelmaestrocmf.com\/portal\/delincuentes-armados-ingresan-a-jardin-infantil-en-maipu-ninos-y-educadores-estaban-al-interior-del-recinto\/","url_meta":{"origin":116517,"position":1},"title":"Delincuentes armados ingresan a un jard\u00edn infantil para asaltar a una mujer poniendo en riesgo a ni\u00f1os y docentes","author":"Web del Maestro CMF","date":"4 abril, 2025","format":false,"excerpt":"\u200bLa tarde de este viernes, 4 de abril de 2025, se registr\u00f3 un intento de asalto en la comuna de Maip\u00fa, Regi\u00f3n Metropolitana, Chile. Seg\u00fan informaci\u00f3n preliminar, una mujer fue v\u00edctima de un robo tipo \"salida de banco\" por parte de delincuentes conocidos como \"motochorros\" cerca de la intersecci\u00f3n de\u2026","rel":"","context":"En \u00abNoticias Internacionales\u00bb","block_context":{"text":"Noticias Internacionales","link":"https:\/\/webdelmaestrocmf.com\/portal\/category\/noticias-internacionales\/"},"img":{"alt_text":"","src":"https:\/\/i0.wp.com\/webdelmaestrocmf.com\/portal\/wp-content\/uploads\/2025\/04\/NOTICIA.png?resize=350%2C200&ssl=1","width":350,"height":200,"srcset":"https:\/\/i0.wp.com\/webdelmaestrocmf.com\/portal\/wp-content\/uploads\/2025\/04\/NOTICIA.png?resize=350%2C200&ssl=1 1x, https:\/\/i0.wp.com\/webdelmaestrocmf.com\/portal\/wp-content\/uploads\/2025\/04\/NOTICIA.png?resize=525%2C300&ssl=1 1.5x"},"classes":[]},{"id":111591,"url":"https:\/\/webdelmaestrocmf.com\/portal\/grave-denuncia-en-escuela-de-los-lagos-educadora-es-acusada-de-encerrar-a-nino-de-5-anos-en-una-caja-y-sentarse-encima\/","url_meta":{"origin":116517,"position":2},"title":"Grave denuncia en escuela de Los Lagos: educadora es acusada de encerrar a ni\u00f1o de 5 a\u00f1os en una caja y sentarse encima","author":"Web del Maestro CMF","date":"29 julio, 2025","format":false,"excerpt":"Educadora es acusada de encerrar a un ni\u00f1o en una caja y sentarse encima, frente a toda la clase.","rel":"","context":"En \u00abNoticias Internacionales\u00bb","block_context":{"text":"Noticias Internacionales","link":"https:\/\/webdelmaestrocmf.com\/portal\/category\/noticias-internacionales\/"},"img":{"alt_text":"","src":"https:\/\/i0.wp.com\/webdelmaestrocmf.com\/portal\/wp-content\/uploads\/2025\/07\/1A-Banner-1-portada-imagen-10-1-copia-87.webp?resize=350%2C200&ssl=1","width":350,"height":200,"srcset":"https:\/\/i0.wp.com\/webdelmaestrocmf.com\/portal\/wp-content\/uploads\/2025\/07\/1A-Banner-1-portada-imagen-10-1-copia-87.webp?resize=350%2C200&ssl=1 1x, https:\/\/i0.wp.com\/webdelmaestrocmf.com\/portal\/wp-content\/uploads\/2025\/07\/1A-Banner-1-portada-imagen-10-1-copia-87.webp?resize=525%2C300&ssl=1 1.5x, https:\/\/i0.wp.com\/webdelmaestrocmf.com\/portal\/wp-content\/uploads\/2025\/07\/1A-Banner-1-portada-imagen-10-1-copia-87.webp?resize=700%2C400&ssl=1 2x"},"classes":[]},{"id":114881,"url":"https:\/\/webdelmaestrocmf.com\/portal\/destituyeron-a-maestra-de-kinder-por-hacer-broma-pesada-a-una-nina\/","url_meta":{"origin":116517,"position":3},"title":"Destituyeron a maestra de k\u00ednder por hacer \u201cbroma pesada\u201d a una ni\u00f1a","author":"Web del Maestro CMF","date":"19 enero, 2026","format":false,"excerpt":"Lo que fue presentado como una \u201cbroma\u201d expuso a una ni\u00f1a al rid\u00edculo, vulner\u00f3 su integridad y convirti\u00f3 el aula en un espect\u00e1culo para redes sociales.","rel":"","context":"En \u00abNoticias Internacionales\u00bb","block_context":{"text":"Noticias Internacionales","link":"https:\/\/webdelmaestrocmf.com\/portal\/category\/noticias-internacionales\/"},"img":{"alt_text":"","src":"https:\/\/i0.wp.com\/webdelmaestrocmf.com\/portal\/wp-content\/uploads\/2026\/01\/1A-Banner-1-portada-imagen-10-1-copia-2-8.webp?resize=350%2C200&ssl=1","width":350,"height":200,"srcset":"https:\/\/i0.wp.com\/webdelmaestrocmf.com\/portal\/wp-content\/uploads\/2026\/01\/1A-Banner-1-portada-imagen-10-1-copia-2-8.webp?resize=350%2C200&ssl=1 1x, https:\/\/i0.wp.com\/webdelmaestrocmf.com\/portal\/wp-content\/uploads\/2026\/01\/1A-Banner-1-portada-imagen-10-1-copia-2-8.webp?resize=525%2C300&ssl=1 1.5x, https:\/\/i0.wp.com\/webdelmaestrocmf.com\/portal\/wp-content\/uploads\/2026\/01\/1A-Banner-1-portada-imagen-10-1-copia-2-8.webp?resize=700%2C400&ssl=1 2x"},"classes":[]},{"id":118385,"url":"https:\/\/webdelmaestrocmf.com\/portal\/nina-fallece-tras-presunto-tropiezo-en-escuela-pero-su-padre-desmiente-la-version-me-encontre-a-mi-hija-toda-ensangrentada\/","url_meta":{"origin":116517,"position":4},"title":"Ni\u00f1a fallece tras presunto tropiezo en escuela, pero su padre desmiente la versi\u00f3n: \u201cMe encontr\u00e9 a mi hija toda ensangrentada\u201d","author":"Web del Maestro CMF","date":"27 abril, 2026","format":false,"excerpt":"Una ni\u00f1a de seis a\u00f1os muri\u00f3 tras un incidente en su escuela durante el recreo. La familia cuestiona la versi\u00f3n oficial y denuncia falta de supervisi\u00f3n. El caso expone posibles negligencias y exige esclarecer qu\u00e9 ocurri\u00f3 realmente dentro del establecimiento educativo.","rel":"","context":"En \u00abNoticias Internacionales\u00bb","block_context":{"text":"Noticias Internacionales","link":"https:\/\/webdelmaestrocmf.com\/portal\/category\/noticias-internacionales\/"},"img":{"alt_text":"","src":"https:\/\/i0.wp.com\/webdelmaestrocmf.com\/portal\/wp-content\/uploads\/2026\/04\/1AA-Banner-1-portada-imagen-10-1-copia-4-3.webp?resize=350%2C200&ssl=1","width":350,"height":200,"srcset":"https:\/\/i0.wp.com\/webdelmaestrocmf.com\/portal\/wp-content\/uploads\/2026\/04\/1AA-Banner-1-portada-imagen-10-1-copia-4-3.webp?resize=350%2C200&ssl=1 1x, https:\/\/i0.wp.com\/webdelmaestrocmf.com\/portal\/wp-content\/uploads\/2026\/04\/1AA-Banner-1-portada-imagen-10-1-copia-4-3.webp?resize=525%2C300&ssl=1 1.5x, https:\/\/i0.wp.com\/webdelmaestrocmf.com\/portal\/wp-content\/uploads\/2026\/04\/1AA-Banner-1-portada-imagen-10-1-copia-4-3.webp?resize=700%2C400&ssl=1 2x, https:\/\/i0.wp.com\/webdelmaestrocmf.com\/portal\/wp-content\/uploads\/2026\/04\/1AA-Banner-1-portada-imagen-10-1-copia-4-3.webp?resize=1050%2C600&ssl=1 3x"},"classes":[]},{"id":112307,"url":"https:\/\/webdelmaestrocmf.com\/portal\/madre-de-familia-denuncia-ante-la-fiscalia-un-presunto-abuso-sexual-contra-su-hija-de-7-anos-dentro-de-la-primaria\/","url_meta":{"origin":116517,"position":5},"title":"Madre de familia denuncia ante la Fiscal\u00eda un presunto abuso sexual contra su hija de 7 a\u00f1os dentro de la primaria","author":"Web del Maestro CMF","date":"25 septiembre, 2025","format":false,"excerpt":"El caso de abuso en la primaria Carmen Cerd\u00e1n de Chalco expone graves fallas de seguridad escolar y exige justicia inmediata.","rel":"","context":"En \u00abNoticias Internacionales\u00bb","block_context":{"text":"Noticias Internacionales","link":"https:\/\/webdelmaestrocmf.com\/portal\/category\/noticias-internacionales\/"},"img":{"alt_text":"","src":"https:\/\/i0.wp.com\/webdelmaestrocmf.com\/portal\/wp-content\/uploads\/2025\/09\/1A-Banner-1-portada-imagen-10-1-copia-3-2.webp?resize=350%2C200&ssl=1","width":350,"height":200,"srcset":"https:\/\/i0.wp.com\/webdelmaestrocmf.com\/portal\/wp-content\/uploads\/2025\/09\/1A-Banner-1-portada-imagen-10-1-copia-3-2.webp?resize=350%2C200&ssl=1 1x, https:\/\/i0.wp.com\/webdelmaestrocmf.com\/portal\/wp-content\/uploads\/2025\/09\/1A-Banner-1-portada-imagen-10-1-copia-3-2.webp?resize=525%2C300&ssl=1 1.5x, https:\/\/i0.wp.com\/webdelmaestrocmf.com\/portal\/wp-content\/uploads\/2025\/09\/1A-Banner-1-portada-imagen-10-1-copia-3-2.webp?resize=700%2C400&ssl=1 2x"},"classes":[]}],"_links":{"self":[{"href":"https:\/\/webdelmaestrocmf.com\/portal\/wp-json\/wp\/v2\/posts\/116517","targetHints":{"allow":["GET"]}}],"collection":[{"href":"https:\/\/webdelmaestrocmf.com\/portal\/wp-json\/wp\/v2\/posts"}],"about":[{"href":"https:\/\/webdelmaestrocmf.com\/portal\/wp-json\/wp\/v2\/types\/post"}],"author":[{"embeddable":true,"href":"https:\/\/webdelmaestrocmf.com\/portal\/wp-json\/wp\/v2\/users\/1"}],"replies":[{"embeddable":true,"href":"https:\/\/webdelmaestrocmf.com\/portal\/wp-json\/wp\/v2\/comments?post=116517"}],"version-history":[{"count":3,"href":"https:\/\/webdelmaestrocmf.com\/portal\/wp-json\/wp\/v2\/posts\/116517\/revisions"}],"predecessor-version":[{"id":116524,"href":"https:\/\/webdelmaestrocmf.com\/portal\/wp-json\/wp\/v2\/posts\/116517\/revisions\/116524"}],"wp:featuredmedia":[{"embeddable":true,"href":"https:\/\/webdelmaestrocmf.com\/portal\/wp-json\/wp\/v2\/media\/116522"}],"wp:attachment":[{"href":"https:\/\/webdelmaestrocmf.com\/portal\/wp-json\/wp\/v2\/media?parent=116517"}],"wp:term":[{"taxonomy":"category","embeddable":true,"href":"https:\/\/webdelmaestrocmf.com\/portal\/wp-json\/wp\/v2\/categories?post=116517"},{"taxonomy":"post_tag","embeddable":true,"href":"https:\/\/webdelmaestrocmf.com\/portal\/wp-json\/wp\/v2\/tags?post=116517"}],"curies":[{"name":"wp","href":"https:\/\/api.w.org\/{rel}","templated":true}]}}