{"id":116478,"date":"2026-03-14T19:02:41","date_gmt":"2026-03-14T22:02:41","guid":{"rendered":"https:\/\/webdelmaestrocmf.com\/portal\/?p=116478"},"modified":"2026-04-25T17:47:38","modified_gmt":"2026-04-25T21:47:38","slug":"como-va-la-salud-mental-de-sus-padres-de-familia-y-estudiantes-iii-parte","status":"publish","type":"post","link":"https:\/\/webdelmaestrocmf.com\/portal\/como-va-la-salud-mental-de-sus-padres-de-familia-y-estudiantes-iii-parte\/","title":{"rendered":"\u00bfC\u00f3mo va la salud mental y emocional de sus padres de familia y estudiantes? (III Parte)"},"content":{"rendered":"\n<p>Crear comunidades educativas mental y emocionalmente sanas no es un complemento opcional, sino una <strong>condici\u00f3n indispensable para que la educaci\u00f3n cumpla su prop\u00f3sito.<\/strong> La salud socioemocional de estudiantes, familias y profesores constituye un factor decisivo para construir un <strong>clima de di\u00e1logo, sinceridad, honestidad, respeto, apoyo y confianza, <\/strong>elementos que sostienen un aprendizaje aut\u00e9nticamente activo y significativo.<\/p>\n\n\n\n<p>En un contexto marcado por <strong>la aceleraci\u00f3n de la vida cotidiana, la sobreexposici\u00f3n a la tecnolog\u00eda y la presi\u00f3n constante por el rendimiento<\/strong>, la educaci\u00f3n enfrenta un desaf\u00edo cada vez m\u00e1s evidente: cuidar la dimensi\u00f3n humana del aprendizaje. Las metodolog\u00edas y las herramientas tecnol\u00f3gicas y digitales, no bastan. El desarrollo social, cient\u00edfico y digital necesita ir acompa\u00f1ado de <strong>empat\u00eda, cuidado y responsabilidad<\/strong>, algo especialmente relevante en la educaci\u00f3n actual, donde el desaf\u00edo consiste en <strong>integrar la tecnolog\u00eda sin perder de vista la formaci\u00f3n integral de la persona<\/strong>.<\/p>\n\n\n\n<p>Todo esto nos recuerda que <strong>la educaci\u00f3n no puede reducirse al desarrollo de habilidades cognitivas o tecnol\u00f3gicas<\/strong>, sino que debe atender tambi\u00e9n <strong>la formaci\u00f3n emocional, \u00e9tica y relacional de las personas<\/strong>, condici\u00f3n necesaria para que la vida escolar y familiar se sostenga de manera saludable.<\/p>\n\n\n\n<p>La inmediatez de la informaci\u00f3n y nuevas formas de relaci\u00f3n mediadas por pantallas, exigen que la educaci\u00f3n refuerce con mayor claridad su dimensi\u00f3n humana. En medio de este escenario de aceleraci\u00f3n y sobreestimulaci\u00f3n, <strong>poner el coraz\u00f3n en la educaci\u00f3n significa reconocer el valor de las emociones, la empat\u00eda y el cuidado de las personas<\/strong> como condiciones esenciales para aprender y convivir. Necesitamos <strong>personas capaces de comprenderse a s\u00ed mismas, relacionarse sanamente con los dem\u00e1s y encontrar sentido a su vida<\/strong>, integrando inteligencia y afectividad en un proceso educativo verdaderamente humanizador.<\/p>\n\n\n\n<p>Ante este panorama -no tan diferente en la mayor\u00eda de escuelas- , <strong>el profesorado necesita desarrollar competencias para reconocer, acompa\u00f1ar y gestionar las dimensiones emocionales <\/strong>presentes en la vida escolar que tiene entre manos. Sin un entorno afectivo equilibrado, dif\u00edcilmente puede desplegarse una ense\u00f1anza eficaz, porque el aprendizaje requiere estabilidad emocional, relaciones de confianza y una comunidad educativa capaz de cuidar el bienestar integral de todos sus miembros.<\/p>\n\n\n\n<figure class=\"wp-block-embed is-type-wp-embed is-provider-web-del-maestro-cmf wp-block-embed-web-del-maestro-cmf\"><div class=\"wp-block-embed__wrapper\">\n<blockquote class=\"wp-embedded-content\" data-secret=\"BLZEHcN5ih\"><a href=\"https:\/\/webdelmaestrocmf.com\/portal\/el-sistema-educativo-estara-cojo-mientras-no-incorpore-la-inteligencia-emocional\/\">Bego\u00f1a Ibarrola: El sistema educativo estar\u00e1 cojo mientras no incorpore la inteligencia emocional<\/a><\/blockquote><iframe loading=\"lazy\" class=\"wp-embedded-content\" sandbox=\"allow-scripts\" security=\"restricted\" style=\"position: absolute; visibility: hidden;\" title=\"\u00abBego\u00f1a Ibarrola: El sistema educativo estar\u00e1 cojo mientras no incorpore la inteligencia emocional\u00bb \u2014 Web del Maestro CMF\" src=\"https:\/\/webdelmaestrocmf.com\/portal\/el-sistema-educativo-estara-cojo-mientras-no-incorpore-la-inteligencia-emocional\/embed\/#?secret=xNj6TlhzIy#?secret=BLZEHcN5ih\" data-secret=\"BLZEHcN5ih\" width=\"600\" height=\"338\" frameborder=\"0\" marginwidth=\"0\" marginheight=\"0\" scrolling=\"no\"><\/iframe>\n<\/div><\/figure>\n\n\n\n<p>Como se\u00f1al\u00f3 Paulo Freire, <em>\u201cla educaci\u00f3n no cambia el mundo, cambia a las personas que van a cambiar el mundo\u201d<\/em>; pero para cambiar, esas personas deben estar emocionalmente equilibradas, sostenidas y acompa\u00f1adas. Tambi\u00e9n el profesor Jos\u00e9 Antonio Marina considera que <em>\u201cuna buena educaci\u00f3n no es posible sin una educaci\u00f3n emocional que permita a cada uno manejar sus estados de \u00e1nimo y relacionarse sanamente con los dem\u00e1s\u201d. <\/em>Crear espacios y personas sanas es, por tanto, un desaf\u00edo necesario y responsabilidad de todos, pues la salud socioemocional de los agentes del proceso educativo es un factor cr\u00edtico para lograr un ambiente de di\u00e1logo, sinceridad, empat\u00eda, honestidad, respeto, apoyo y confianza, que nutren el aprendizaje activo y efectivo.<\/p>\n\n\n\n<p><strong>Lecturas previas recomendadas:<\/strong><\/p>\n\n\n\n<ul class=\"wp-block-list\">\n<li><a href=\"https:\/\/webdelmaestrocmf.com\/portal\/como-va-la-salud-mental-de-sus-padres-de-familia-y-estudiantes-i-parte-2\/\">\u00bfC\u00f3mo va la salud mental y emocional de sus padres de familia y estudiantes? (Parte I)<\/a><\/li>\n\n\n\n<li><a href=\"https:\/\/webdelmaestrocmf.com\/portal\/como-va-la-salud-mental-de-sus-padres-de-familia-y-estudiantes-ii-parte\/\">\u00bfC\u00f3mo va la salud mental y emocional de sus padres de familia y estudiantes? (Parte II)<\/a><\/li>\n<\/ul>\n\n\n\n<p>La educaci\u00f3n y el cuidado de las personas no recaen en un solo actor, sino que son una responsabilidad compartida entre familias, profesores, escuela y comunidad educativa. En el proceso ense\u00f1anza- aprendizaje <strong>el bienestar, el acompa\u00f1amiento y el crecimiento de los estudiantes dependen del compromiso conjunto de todos los miembros de la comunidad educativa<\/strong>.<\/p>\n\n\n\n<p>El ambiente escolar sano <strong>fortalece la autoestima de estudiantes, reduce conflictos y estr\u00e9s, fomenta la colaboraci\u00f3n y estimula la creatividad<\/strong>. La salud socioemocional colectiva en la escuela permite que todos los actores se desarrollen integralmente y enfrenten desaf\u00edos educativos con resiliencia y motivaci\u00f3n.<\/p>\n\n\n\n<p>Sabemos que nuestros estudiantes llegan al aula provenientes de experiencias familiares distintas. Algunos viven en un entorno familiar inestable o tenso, y que suele reflejarse en su rendimiento escolar deficiente y reacciones inesperadas y disruptivas, lo que demuestra que lo que trae de casa <strong>influye en su desarrollo emocional, social e intelectual<\/strong>. Y adem\u00e1s cada uno es reflejo de la vida familiar en que est\u00e1 creciendo.<\/p>\n\n\n\n<p><strong>\u00bfC\u00f3mo llegan nuestros estudiantes?<\/strong><\/p>\n\n\n\n<p>Los estudiantes no llegan al aula como una \u201ctabla en blanco\u201d: <strong>traen consigo la historia, los valores, las emociones y las experiencias de sus familias<\/strong>. Cada hogar transmite h\u00e1bitos, formas de relacionarse, expectativas y modos de afrontar las dificultades, lo que influye directamente en la manera en que los ni\u00f1os aprenden, participan y se relacionan con sus compa\u00f1eros y docentes. Por ello, <strong>la salud socioemocional de los estudiantes y de sus familias se convierte en un elemento clave para el aprendizaje<\/strong>, pues de ella dependen la autoestima, la seguridad personal, la capacidad de colaborar y la disposici\u00f3n para enfrentar los desaf\u00edos escolares.<\/p>\n\n\n\n<p>Reconocer esta diversidad no es un obst\u00e1culo, sino <strong>una oportunidad para construir una educaci\u00f3n m\u00e1s humana, comprensiva e inclusiva<\/strong>. Cuando la escuela atiende la dimensi\u00f3n emocional de los estudiantes y promueve el bienestar de las familias, se fortalece un clima de empat\u00eda, respeto y confianza que facilita el aprendizaje y la convivencia. <strong>Cuidar la salud socioemocional de la comunidad educativa no es solo una tarea complementaria: es una condici\u00f3n esencial para que la educaci\u00f3n forme personas seguras, solidarias y capaces de aprender juntos.<\/strong><\/p>\n\n\n\n<p><strong>Art\u00edculo recomendado:<\/strong><\/p>\n\n\n\n<ul class=\"wp-block-list\">\n<li><a href=\"https:\/\/webdelmaestrocmf.com\/portal\/si-usted-no-cree-en-la-necesidad-de-la-formacion-permanente-no-sirve-para-ser-docente-ii-parte\/\">Si usted no cree en la necesidad de la formaci\u00f3n permanente, no sirve para ser docente (II Parte)<\/a><\/li>\n<\/ul>\n\n\n\n<p><strong>Importancia de conocer a los estudiantes y sus familias<\/strong><\/p>\n\n\n\n<p>Para dise\u00f1ar estrategias pedag\u00f3gicas pertinentes a cada aula o grupo de estudiantes, es imprescindible <strong>conocer los antecedentes familiares<\/strong>, lo que permite -con ayuda de profesionales especializados, algunas veces- ajustar m\u00e9todos, reglamentos y contenidos, incorporando ejemplos, din\u00e1micas y apoyos que conecten con la realidad de cada estudiante y potencien su aprendizaje.<\/p>\n\n\n\n<p>El primer acto acad\u00e9mico no deber\u00eda limitarse a la bienvenida formal: debe ser un espacio de di\u00e1logo de conocimiento entre padres y profesores, donde <strong>se compartan expectativas, experiencias y necesidades personales y del estudiante.<\/strong> Este encuentro inicial permite conocer la realidad familiar, establecer canales de comunicaci\u00f3n abiertos y sentar las bases para decisiones conjuntas. Solo a partir de esta relaci\u00f3n mutua, sincera y&nbsp; confiada, es posible tomar medidas acordadas y efectivas que promuever la salud socioemocional de los estudiantes, de sus familias y del profesorado, fortaleciendo as\u00ed el bienestar integral y el \u00e9xito educativo.<\/p>\n\n\n\n<p>Para garantizar el bienestar de los estudiantes en el aula, es fundamental que la escuela, liderada por el director y con el apoyo activo de profesores y familias, logre <strong>conectar con los estudiantes<\/strong>. Nuestra tarea no es solo comunicar informaci\u00f3n, sino que, desde nuestra posici\u00f3n privilegiada, podemos <strong>intuir, detectar, informar, alertar y derivar <\/strong>a los especialistas aquellos casos que necesitan ayuda especial. Un ambiente educativo seguro y saludable no es solo un derecho de los estudiantes, sino una responsabilidad compartida por toda la comunidad educativa.<\/p>\n\n\n\n<p><strong>Lectura recomendada:<\/strong><\/p>\n\n\n\n<ul class=\"wp-block-list\">\n<li><a href=\"https:\/\/webdelmaestrocmf.com\/portal\/hoy-se-le-exige-al-maestro-tener-mas-herramientas-de-tipo-psicologicos-que-pedagogicas\/\">Hoy se le exige al maestro tener m\u00e1s herramientas de tipo psicol\u00f3gico que pedag\u00f3gicas<\/a><\/li>\n<\/ul>\n\n\n\n<p>Las alteraciones en la salud socioemocional <strong>no afectan de manera aislada<\/strong>, sino que impactan simult\u00e1neamente a estudiantes, padres de familia y profesores, <strong>generando efectos interrelacionados dentro de la comunidad educativa<\/strong>. Cuando uno de estos actores experimenta desequilibrios emocionales, sus consecuencias tienden a reflejarse en los dem\u00e1s, influyendo en el clima escolar, en las relaciones y en los procesos de ense\u00f1anza y aprendizaje.<\/p>\n\n\n\n<p>En los estudiantes suelen manifestarse como <strong>ansiedad y estr\u00e9s acad\u00e9mico, depresi\u00f3n, problemas de conducta, baja autoestima y trastornos del sue\u00f1o<\/strong>, lo que repercute directamente en su aprendizaje, motivaci\u00f3n y relaciones sociales. En padres y profesores, estas alteraciones se expresan como <strong>estr\u00e9s, agotamiento emocional, ansiedad, desmotivaci\u00f3n y dificultad para equilibrar la vida personal y laboral<\/strong>. <\/p>\n\n\n\n<p>Espec\u00edficamente en el caso de los docentes, adem\u00e1s, pueden aparecer <strong>sobrecarga profesional, desgaste o <em>burnout<\/em>, p\u00e9rdida de entusiasmo por la ense\u00f1anza, dificultad para gestionar la disciplina en el aula y sensaci\u00f3n de falta de apoyo institucional<\/strong>, lo que termina afectando tanto la calidad de la ense\u00f1anza como el clima escolar.<\/p>\n\n\n\n<figure class=\"wp-block-embed is-type-wp-embed is-provider-web-del-maestro-cmf wp-block-embed-web-del-maestro-cmf\"><div class=\"wp-block-embed__wrapper\">\n<blockquote class=\"wp-embedded-content\" data-secret=\"d9kwvdqaGf\"><a href=\"https:\/\/webdelmaestrocmf.com\/portal\/pedro-saenz-lopez-bunuel-la-motivacion-del-docente-es-mas-importante-que-la-del-alumno\/\">Pedro S\u00e1enz-L\u00f3pez Bu\u00f1uel: La motivaci\u00f3n del docente es m\u00e1s importante que la del alumno<\/a><\/blockquote><iframe loading=\"lazy\" class=\"wp-embedded-content\" sandbox=\"allow-scripts\" security=\"restricted\" style=\"position: absolute; visibility: hidden;\" title=\"\u00abPedro S\u00e1enz-L\u00f3pez Bu\u00f1uel: La motivaci\u00f3n del docente es m\u00e1s importante que la del alumno\u00bb \u2014 Web del Maestro CMF\" src=\"https:\/\/webdelmaestrocmf.com\/portal\/pedro-saenz-lopez-bunuel-la-motivacion-del-docente-es-mas-importante-que-la-del-alumno\/embed\/#?secret=O2cCJ6I366#?secret=d9kwvdqaGf\" data-secret=\"d9kwvdqaGf\" width=\"600\" height=\"338\" frameborder=\"0\" marginwidth=\"0\" marginheight=\"0\" scrolling=\"no\"><\/iframe>\n<\/div><\/figure>\n\n\n\n<p>Abordar estas situaciones de manera <strong>preventiva, colaborativa y consciente<\/strong> es fundamental para fortalecer la salud socioemocional de toda la comunidad educativa. Solo cuando estudiantes, familias y profesores se sienten acompa\u00f1ados, valorados y emocionalmente sostenidos, es posible construir <strong>un ambiente de confianza, equilibrio y respeto que favorezca el aprendizaje y el desarrollo integral de las personas<\/strong>.<\/p>\n\n\n\n<p>Ojal\u00e1 logremos que las autoridades nos faciliten el acceso a servicios de salud socioemocional para los estudiantes que los necesitan, ya sea a trav\u00e9s de servicios escolares propios o de asociaciones, hospitales o centros de salud socioemocional en el \u00e1rea en que trabajamos. <strong>Aqu\u00ed la tarea del profesor es fundamental para informar, alertar y derivar a los especialistas<\/strong> los casos que observe, detecte, vea qu\u00e9 medidas ser\u00edan las adecuadas, y siga los protopcolos establecidos. As\u00ed podremos asegurar un ambiente educativo seguro, que es un derecho y una responsabilidad de toda la comunidad educativa.<\/p>\n\n\n\n<h2 class=\"wp-block-heading\"><strong>Maestros preparados, mentes protegidas: \u00bfPor qu\u00e9 invertir en salud mental y salud emocional escolar?<\/strong><\/h2>\n\n\n\n<p>La salud socioemocional en el entorno escolar es un tema crucial que ha ganado cada vez m\u00e1s visibilizaci\u00f3n y atenci\u00f3n en las \u00faltimas d\u00e9cadas. <strong>Aunque se ha avanzado en su abordaje en la educaci\u00f3n primaria y secundaria, sigue siendo un desaf\u00edo pendiente<\/strong> para garantizar el bienestar integral de todos los estudiantes y el acompa\u00f1amiento efectivo a sus familias. Los problemas de salud mental y socioemocional entre los estudiantes son bastante comunes y su prevalencia var\u00eda seg\u00fan pa\u00eds, regi\u00f3n y factores socioecon\u00f3micos y culturales. Incluso debemos prestar atenci\u00f3n a la salud socioemocional de los padres de familia, porque sin padres sanos y \u201csanantes\u201d nuestra tarea educativa se puede volver imposible.<\/p>\n\n\n\n<p><strong>Art\u00edculo recomendado:<\/strong><\/p>\n\n\n\n<ul class=\"wp-block-list\">\n<li><a href=\"https:\/\/webdelmaestrocmf.com\/portal\/sylvie-perez-no-es-funcion-docente-describir-sintomatologias-opinar-sobre-la-necesidad-de-medicacion-o-sospechar-posibles-diagnosticos\/\">Sylvie P\u00e9rez: No es funci\u00f3n docente describir sintomatolog\u00edas, opinar sobre medicaci\u00f3n o sospechar diagn\u00f3sticos<\/a><\/li>\n<\/ul>\n\n\n\n<p>Pensar y trabajar por mantener una \u00f3ptima salud socioemocional en los entornos educativos implica crear y mantener un ambiente que promueva el desarrollo integral con las habilidades sociales, el manejo de las emociones y la prevenci\u00f3n de problemas y soluci\u00f3n de conflictos, adem\u00e1s de <strong>implementar protocolos de intervenci\u00f3n adecuados y a tiempo para aquellos estudiantes y padres que enfrentan dificultades emocionales o psicol\u00f3gicas.<\/strong> La <strong>salud socioemocional<\/strong> es fundamental para el rendimiento acad\u00e9mico, el bienestar general y el desarrollo de cada estudiante, y repercute en toda la comunidad.<\/p>\n\n\n\n<p>Es importante aclarar que la salud socioemociona<strong>l<\/strong> escolar se refiere a la <strong>atenci\u00f3n especial que debemos brindar a todos los miembros de la comunidad educativa,<\/strong> no solo a los estudiantes. Y adem\u00e1s debe concebirse como un sistema integral que contemple, al menos, estas premisas:<\/p>\n\n\n\n<ul class=\"wp-block-list\">\n<li>Identificar necesidades emergentes.<\/li>\n\n\n\n<li>Realizar detecciones tempranas de posibles alteraciones.<\/li>\n\n\n\n<li>Llevar registros precisos de los casos.<\/li>\n\n\n\n<li>Emitir informes y opiniones fundamentadas.<\/li>\n<\/ul>\n\n\n\n<p>Todo esto no puede facilitar y permitir <strong>transformar las observaciones en acciones concretas y soluciones efectivas,<\/strong> superando cualquier situaci\u00f3n que afecte el equilibrio emocional y las relaciones humanas, impactando directamente en el proceso de ense\u00f1anza-aprendizaje y el bienestar de toda la comunidad.<\/p>\n\n\n\n<p>La identificaci\u00f3n temprana de signos de problemas de <strong>salud socioemocional<\/strong> es crucial para una intervenci\u00f3n efectiva. Para ello se requiere de profesores capacitados en las nociones m\u00ednimas de <strong>salud socioemocional<\/strong> y de una formaci\u00f3n cuidadosa en gesti\u00f3n para obrar con mesura y con acierto.<\/p>\n\n\n\n<p>Tambi\u00e9n es importante recordar \u2013y que no tiene menor importancia- que los estudiantes pasan muchas horas del su vida con sus profesores, quienes pueden detectar r\u00e1pidamente se\u00f1ales de alerta, conversar con los padres -seg\u00fan los protocolos establecidos-  y derivar a los especialistas, para tomar las acciones adecuadas. (Sonia Almada, cf. INFOBAE, 25\/10\/23).<\/p>\n\n\n\n<p><strong>Publicaciones relacionadas:<\/strong><\/p>\n\n\n\n<ul class=\"wp-block-list\">\n<li><a href=\"https:\/\/webdelmaestrocmf.com\/portal\/recursos-para-fortalecer-y-mejorar-el-equilibrio-emocional-y-la-salud-mental-de-los-docentes-parte-i\/\">Recursos para fortalecer y mejorar el equilibrio emocional y la salud mental de los docentes (Parte I)<\/a><\/li>\n\n\n\n<li><a href=\"https:\/\/webdelmaestrocmf.com\/portal\/si-tu-ves-a-un-alumno-y-crees-que-es-torpe-lo-vas-a-tratar-como-tal\/\">Si t\u00fa ves a un alumno y crees que es torpe, lo vas a tratar como tal<\/a><\/li>\n<\/ul>\n\n\n\n<p>La UNESCO sostiene que una buena salud socioemocional en las escuelas <strong>mejora la convivencia, optimiza las relaciones, fomenta la inteligencia emocional, construye puentes de entendimiento y desarrolla el equilibrio emocional para educadores de excelencia<\/strong>. \u201c<em>Se trata de un derecho humano. La <strong>salud socioemocional<\/strong> existe en un espectro continuo: para muchas personas, en alg\u00fan momento, pasamos de disfrutar de una buena salud mental a estados de angustia o a trastornos duraderos.<\/em>\u201d<\/p>\n\n\n\n<p>Las dos primeras d\u00e9cadas de la vida de nuestros estudiantes son cr\u00edticas para desarrollar competencias b\u00e1sicas que moldean su futura <strong>salud socioemocional<\/strong>.  Vivencias y entornos -en la escuela- pueden ser perjudiciales o protectores. UNESCO, UNICEF y OMS llaman a los gobiernos a promover y proteger la salud mental y el bienestar psicosocial del estudiante, asegurando entornos de aprendizaje seguros y adaptados a sus necesidades.<\/p>\n\n\n\n<p>Como afirma el investigador de Imhay, <em>\u201cno es que los adolescentes est\u00e9n m\u00e1s fr\u00e1giles, sino que el mundo en que crecen les exige m\u00e1s adaptaci\u00f3n a desaf\u00edos cada vez mayores. Tenemos la responsabilidad profesional de darles herramientas y acompa\u00f1amiento para enfrentarlos\u201d.<\/em><\/p>\n\n\n\n<h2 class=\"wp-block-heading\"><strong>Consideraci\u00f3n Final<\/strong><\/h2>\n\n\n\n<p>Identificar estresores, s\u00edntomas y estrategias de afrontamiento permite <strong>revisar pr\u00e1cticas acad\u00e9micas y administrativas, reduciendo factores que afectan la salud mental y emocional de estudiantes, profesores y padres.<\/strong> La salud socioemocional de cada miembro de la comunidad impacta directamente en el clima escolar, el rendimiento y el sentido de pertenencia. Cuidarla fortalece el bienestar colectivo.<\/p>\n\n\n\n<p>Como afirma el Dr. Daniel Siegel, \u201c<em>La mente puede transformar el cerebro\u201d<\/em>, y Rafael Bisquerra recuerda que <em>\u201cuna de las carencias m\u00e1s grandes de la infancia y juventud es la capacidad para regular y gestionar emociones de forma apropiada\u201d.<\/em> Es nuestra responsabilidad dotar a los estudiantes de estas herramientas, construyendo un futuro donde la <strong>salud socioemocional<\/strong> sea un pilar importante de la educaci\u00f3n.<\/p>\n\n\n\n<p><strong>Web del Maestro CMF<\/strong>&nbsp;enfatiza -una vez m\u00e1s- la importancia de que el profesor cuide -y mucho- su propio estado emocional, ya que su entusiasmo y energ\u00eda son motores fundamentales para motivar a los estudiantes y mejorar el aprendizaje en el aula.<\/p>\n\n\n\n<p><em>\u201cLa salud mental no es un destino, sino un proceso. Es algo en lo que tienes que trabajar constantemente\u201d (<\/em>Noah Shpancer).<\/p>\n\n\n\n<p class=\"has-text-align-right\"><strong>Redacci\u00f3n | Web del Maestro CMF<\/strong><\/p>\n\n\n\n<p class=\"has-text-align-center\">MATERIAL DE DESCARGA: <a href=\"https:\/\/drive.google.com\/drive\/folders\/14j01GIgjW0ILszJ7KUz4LzwS80gfiMND?usp=sharing\" target=\"_blank\" rel=\"noreferrer noopener\">DESARGA KAS FICHAS DE INFORME DE CASO DE CONCLIDCTO DOCENTE &#8211; PADRE DE FAMILIA<\/a><\/p>\n\n\n\t\t<div class=\"pk-inline-posts\">\n\t\t\t\t\t\t\t<h5 class=\"pk-inline-posts-title pk-title pk-font-block\">\n\t\t\t\t\t\u00daltimas entradas\t\t\t\t<\/h5>\n\t\t\t\n\t\t\t<div class=\"pk-inline-posts-container pk-inline-posts-template-list\"\n\t\t\t\tdata-columns=\"1\">\n\t\t\t\t\t\t<article id=\"post-118333\" class=\"post-118333 post type-post status-publish format-standard has-post-thumbnail category-jamb tag-apego tag-crianza tag-docentes tag-educacion tag-escuela tag-familia tag-infancia tag-responsabilidad tag-vinculo cs-entry cs-video-wrap\">\n\t\t\t<div class=\"pk-post-outer\">\n\n\t\t\t\t\t\t\t\t<div class=\"pk-post-inner\">\n\t\t\t\t\t<div class=\"entry-thumbnail\">\n\t\t\t\t\t\t<div class=\"pk-overlay pk-overlay-ratio pk-ratio-landscape\">\n\t\t\t\t\t\t\t<div class=\"pk-overlay-background\">\n\t\t\t\t\t\t\t\t<a href=\"https:\/\/webdelmaestrocmf.com\/portal\/el-sistema-nos-rompe-a-todos-y-a-los-ninos-primero\/\" class=\"pk-overlay-link\">\n\t\t\t\t\t\t\t\t\t<img loading=\"lazy\" decoding=\"async\" width=\"300\" height=\"225\" src=\"https:\/\/webdelmaestrocmf.com\/portal\/wp-content\/uploads\/2026\/04\/1AA-Banner-1-portada-imagen-10-1-copia-2-300x225.jpg\" class=\"attachment-pk-thumbnail size-pk-thumbnail wp-post-image\" alt=\"\" \/>\t\t\t\t\t\t\t\t<\/a>\n\t\t\t\t\t\t\t<\/div>\n\t\t\t\t\t\t<\/div>\n\t\t\t\t\t<\/div>\n\t\t\t\t<\/div>\n\t\t\t\t\n\t\t\t\t<div class=\"pk-post-inner\">\n\t\t\t\t\t<header>\n\t\t\t\t\t\t<h3 class=\"pk-title\"><a href=\"https:\/\/webdelmaestrocmf.com\/portal\/el-sistema-nos-rompe-a-todos-y-a-los-ninos-primero\/\" rel=\"bookmark\">El sistema nos rompe a todos\u2026 y a los ni\u00f1os primero<\/a><\/h3>\t\t\t\t\t<\/header><!-- .entry-header -->\n\t\t\t\t<\/div><!-- .post-inner -->\n\n\t\t\t<\/div><!-- .post-outer -->\n\t\t<\/article>\n\t\t\t<article id=\"post-118324\" class=\"post-118324 post type-post status-publish format-standard has-post-thumbnail category-jamb tag-administracion-educativa tag-calidad-educativa tag-comunidad-educativa tag-direccion-escolar tag-educacion-digital tag-gestion-escolar tag-innovacion-educativa tag-liderazgo-educativo tag-mejora-continua tag-planificacion-educativa cs-entry cs-video-wrap\">\n\t\t\t<div class=\"pk-post-outer\">\n\n\t\t\t\t\t\t\t\t<div class=\"pk-post-inner\">\n\t\t\t\t\t<div class=\"entry-thumbnail\">\n\t\t\t\t\t\t<div class=\"pk-overlay pk-overlay-ratio pk-ratio-landscape\">\n\t\t\t\t\t\t\t<div class=\"pk-overlay-background\">\n\t\t\t\t\t\t\t\t<a href=\"https:\/\/webdelmaestrocmf.com\/portal\/la-administracion-educativa-el-pilar-silencioso-que-sostiene-la-escuela-administrar-o-gestionar-una-comunidad-educativa-es-lo-mismo\/\" class=\"pk-overlay-link\">\n\t\t\t\t\t\t\t\t\t<img loading=\"lazy\" decoding=\"async\" width=\"300\" height=\"225\" src=\"https:\/\/webdelmaestrocmf.com\/portal\/wp-content\/uploads\/2026\/04\/1AA-Banner-1-portada-imagen-10-1-copia-6-4-300x225.webp\" class=\"attachment-pk-thumbnail size-pk-thumbnail wp-post-image\" alt=\"\" \/>\t\t\t\t\t\t\t\t<\/a>\n\t\t\t\t\t\t\t<\/div>\n\t\t\t\t\t\t<\/div>\n\t\t\t\t\t<\/div>\n\t\t\t\t<\/div>\n\t\t\t\t\n\t\t\t\t<div class=\"pk-post-inner\">\n\t\t\t\t\t<header>\n\t\t\t\t\t\t<h3 class=\"pk-title\"><a href=\"https:\/\/webdelmaestrocmf.com\/portal\/la-administracion-educativa-el-pilar-silencioso-que-sostiene-la-escuela-administrar-o-gestionar-una-comunidad-educativa-es-lo-mismo\/\" rel=\"bookmark\">La administraci\u00f3n educativa: el pilar silencioso que sostiene la escuela. \u00bfAdministrar o gestionar una comunidad educativa es lo mismo?<\/a><\/h3>\t\t\t\t\t<\/header><!-- .entry-header -->\n\t\t\t\t<\/div><!-- .post-inner -->\n\n\t\t\t<\/div><!-- .post-outer -->\n\t\t<\/article>\n\t\t\t<article id=\"post-118319\" class=\"post-118319 post type-post status-publish format-standard has-post-thumbnail category-jamb tag-bienestar-docente tag-clima-escolar tag-convivencia-escolar tag-cultura-escolar tag-direccion-escolar tag-empatia tag-gestion-escolar tag-gestion-institucional tag-laura-lewin tag-liderazgo-educativo tag-trabajo-en-equipo cs-entry cs-video-wrap\">\n\t\t\t<div class=\"pk-post-outer\">\n\n\t\t\t\t\t\t\t\t<div class=\"pk-post-inner\">\n\t\t\t\t\t<div class=\"entry-thumbnail\">\n\t\t\t\t\t\t<div class=\"pk-overlay pk-overlay-ratio pk-ratio-landscape\">\n\t\t\t\t\t\t\t<div class=\"pk-overlay-background\">\n\t\t\t\t\t\t\t\t<a href=\"https:\/\/webdelmaestrocmf.com\/portal\/el-liderazgo-directivo-entre-la-firmeza-institucional-y-la-humanidad\/\" class=\"pk-overlay-link\">\n\t\t\t\t\t\t\t\t\t<img loading=\"lazy\" decoding=\"async\" width=\"300\" height=\"225\" src=\"https:\/\/webdelmaestrocmf.com\/portal\/wp-content\/uploads\/2026\/04\/1AA-Banner-1-portada-imagen-10-1-copia-5-5-300x225.webp\" class=\"attachment-pk-thumbnail size-pk-thumbnail wp-post-image\" alt=\"\" \/>\t\t\t\t\t\t\t\t<\/a>\n\t\t\t\t\t\t\t<\/div>\n\t\t\t\t\t\t<\/div>\n\t\t\t\t\t<\/div>\n\t\t\t\t<\/div>\n\t\t\t\t\n\t\t\t\t<div class=\"pk-post-inner\">\n\t\t\t\t\t<header>\n\t\t\t\t\t\t<h3 class=\"pk-title\"><a href=\"https:\/\/webdelmaestrocmf.com\/portal\/el-liderazgo-directivo-entre-la-firmeza-institucional-y-la-humanidad\/\" rel=\"bookmark\">El liderazgo directivo: entre la firmeza institucional y la humanidad<\/a><\/h3>\t\t\t\t\t<\/header><!-- .entry-header -->\n\t\t\t\t<\/div><!-- .post-inner -->\n\n\t\t\t<\/div><!-- .post-outer -->\n\t\t<\/article>\n\t\t\t\t<\/div>\n\t\t<\/div>\n\t\t\n","protected":false},"excerpt":{"rendered":"Ninguna metodolog\u00eda, por innovadora que sea, puede reemplazar el equilibrio emocional que deber\u00eda formarse primero en la familia. Sin esa base, ense\u00f1ar se vuelve mucho m\u00e1s dif\u00edcil.","protected":false},"author":1,"featured_media":116481,"comment_status":"open","ping_status":"closed","sticky":false,"template":"","format":"standard","meta":{"csco_display_header_overlay":false,"csco_singular_sidebar":"","csco_page_header_type":"","csco_page_load_nextpost":"","csco_post_video_location":[],"csco_post_video_location_hash":"","csco_post_video_url":"","csco_post_video_bg_start_time":0,"csco_post_video_bg_end_time":0,"csco_post_video_bg_volume":false,"_jetpack_memberships_contains_paid_content":false,"footnotes":""},"categories":[61],"tags":[17169,16408,17278,2276,17245,14753,18453,308,24600,25533],"class_list":{"0":"post-116478","1":"post","2":"type-post","3":"status-publish","4":"format-standard","5":"has-post-thumbnail","7":"category-jamb","8":"tag-apoyo-familiar","9":"tag-aprendizaje-integral","10":"tag-bienestar-estudiantil","11":"tag-clima-escolar","12":"tag-comunidad-educativa","13":"tag-convivencia-escolar","14":"tag-educacion-emocional-2","15":"tag-inteligencia-emocional","16":"tag-salud-mental-escolar","17":"tag-salud-socioemocional","18":"cs-entry","19":"cs-video-wrap"},"yoast_head":"<!-- This site is optimized with the Yoast SEO plugin v27.5 - https:\/\/yoast.com\/product\/yoast-seo-wordpress\/ -->\n<title>\u00bfC\u00f3mo va la salud mental y emocional de sus padres de familia y estudiantes? (III Parte) - 2026<\/title>\n<meta name=\"description\" content=\"La salud mental y la salud emocional, que llamaremos salud socioemocional, no es un lujo, ni un tema secundario, ni una opci\u00f3n: es un...\" \/>\n<meta name=\"robots\" content=\"index, follow, max-snippet:-1, max-image-preview:large, max-video-preview:-1\" \/>\n<link rel=\"canonical\" href=\"https:\/\/webdelmaestrocmf.com\/portal\/como-va-la-salud-mental-de-sus-padres-de-familia-y-estudiantes-iii-parte\/\" \/>\n<meta property=\"og:locale\" content=\"es_ES\" \/>\n<meta property=\"og:type\" content=\"article\" \/>\n<meta property=\"og:title\" content=\"\u00bfC\u00f3mo va la salud mental y emocional de sus padres de familia y estudiantes? (III Parte) - 2026\" \/>\n<meta property=\"og:description\" content=\"La salud mental y la salud emocional, que llamaremos salud socioemocional, no es un lujo, ni un tema secundario, ni una opci\u00f3n: es un...\" \/>\n<meta property=\"og:url\" content=\"https:\/\/webdelmaestrocmf.com\/portal\/como-va-la-salud-mental-de-sus-padres-de-familia-y-estudiantes-iii-parte\/\" \/>\n<meta property=\"og:site_name\" content=\"Web del Maestro CMF\" \/>\n<meta property=\"article:publisher\" content=\"https:\/\/www.facebook.com\/WebdelMaestroCMF\/\" \/>\n<meta property=\"article:author\" content=\"https:\/\/www.facebook.com\/WebdelMaestroCMF\/\" \/>\n<meta property=\"article:published_time\" content=\"2026-03-14T22:02:41+00:00\" \/>\n<meta property=\"article:modified_time\" content=\"2026-04-25T21:47:38+00:00\" \/>\n<meta property=\"og:image\" content=\"https:\/\/webdelmaestrocmf.com\/portal\/wp-content\/uploads\/2026\/03\/1AA-Banner-1-portada-imagen-10-1-copia-2-3.webp\" \/>\n\t<meta property=\"og:image:width\" content=\"1200\" \/>\n\t<meta property=\"og:image:height\" content=\"675\" \/>\n\t<meta property=\"og:image:type\" content=\"image\/webp\" \/>\n<meta name=\"author\" content=\"Web del Maestro CMF\" \/>\n<meta name=\"twitter:card\" content=\"summary_large_image\" \/>\n<meta name=\"twitter:creator\" content=\"@cmf_w\" \/>\n<meta name=\"twitter:site\" content=\"@cmf_w\" \/>\n<script type=\"application\/ld+json\" class=\"yoast-schema-graph\">{\"@context\":\"https:\\\/\\\/schema.org\",\"@graph\":[{\"@type\":\"ScholarlyArticle\",\"@id\":\"https:\\\/\\\/webdelmaestrocmf.com\\\/portal\\\/como-va-la-salud-mental-de-sus-padres-de-familia-y-estudiantes-iii-parte\\\/#article\",\"isPartOf\":{\"@id\":\"https:\\\/\\\/webdelmaestrocmf.com\\\/portal\\\/como-va-la-salud-mental-de-sus-padres-de-familia-y-estudiantes-iii-parte\\\/\"},\"author\":{\"name\":\"Web del Maestro CMF\",\"@id\":\"https:\\\/\\\/webdelmaestrocmf.com\\\/portal\\\/#\\\/schema\\\/person\\\/1072a2ed7bd960df8ef99a551fa35dc5\"},\"headline\":\"\u00bfC\u00f3mo va la salud mental y emocional de sus padres de familia y estudiantes? (III Parte)\",\"datePublished\":\"2026-03-14T22:02:41+00:00\",\"dateModified\":\"2026-04-25T21:47:38+00:00\",\"mainEntityOfPage\":{\"@id\":\"https:\\\/\\\/webdelmaestrocmf.com\\\/portal\\\/como-va-la-salud-mental-de-sus-padres-de-familia-y-estudiantes-iii-parte\\\/\"},\"wordCount\":2492,\"commentCount\":0,\"publisher\":{\"@id\":\"https:\\\/\\\/webdelmaestrocmf.com\\\/portal\\\/#organization\"},\"image\":{\"@id\":\"https:\\\/\\\/webdelmaestrocmf.com\\\/portal\\\/como-va-la-salud-mental-de-sus-padres-de-familia-y-estudiantes-iii-parte\\\/#primaryimage\"},\"thumbnailUrl\":\"https:\\\/\\\/webdelmaestrocmf.com\\\/portal\\\/wp-content\\\/uploads\\\/2026\\\/03\\\/1AA-Banner-1-portada-imagen-10-1-copia-2-3.webp\",\"keywords\":[\"apoyo familiar\",\"Aprendizaje Integral\",\"bienestar estudiantil\",\"CLIMA ESCOLAR\",\"comunidad educativa\",\"Convivencia Escolar\",\"Educaci\u00f3n Emocional\",\"Inteligencia Emocional\",\"salud mental escolar\",\"salud socioemocional\"],\"articleSection\":[\"Yo opino - WMCMF\"],\"inLanguage\":\"es\",\"potentialAction\":[{\"@type\":\"CommentAction\",\"name\":\"Comment\",\"target\":[\"https:\\\/\\\/webdelmaestrocmf.com\\\/portal\\\/como-va-la-salud-mental-de-sus-padres-de-familia-y-estudiantes-iii-parte\\\/#respond\"]}]},{\"@type\":\"WebPage\",\"@id\":\"https:\\\/\\\/webdelmaestrocmf.com\\\/portal\\\/como-va-la-salud-mental-de-sus-padres-de-familia-y-estudiantes-iii-parte\\\/\",\"url\":\"https:\\\/\\\/webdelmaestrocmf.com\\\/portal\\\/como-va-la-salud-mental-de-sus-padres-de-familia-y-estudiantes-iii-parte\\\/\",\"name\":\"\u00bfC\u00f3mo va la salud mental y emocional de sus padres de familia y estudiantes? (III Parte) - 2026\",\"isPartOf\":{\"@id\":\"https:\\\/\\\/webdelmaestrocmf.com\\\/portal\\\/#website\"},\"primaryImageOfPage\":{\"@id\":\"https:\\\/\\\/webdelmaestrocmf.com\\\/portal\\\/como-va-la-salud-mental-de-sus-padres-de-familia-y-estudiantes-iii-parte\\\/#primaryimage\"},\"image\":{\"@id\":\"https:\\\/\\\/webdelmaestrocmf.com\\\/portal\\\/como-va-la-salud-mental-de-sus-padres-de-familia-y-estudiantes-iii-parte\\\/#primaryimage\"},\"thumbnailUrl\":\"https:\\\/\\\/webdelmaestrocmf.com\\\/portal\\\/wp-content\\\/uploads\\\/2026\\\/03\\\/1AA-Banner-1-portada-imagen-10-1-copia-2-3.webp\",\"datePublished\":\"2026-03-14T22:02:41+00:00\",\"dateModified\":\"2026-04-25T21:47:38+00:00\",\"description\":\"La salud mental y la salud emocional, que llamaremos salud socioemocional, no es un lujo, ni un tema secundario, ni una opci\u00f3n: es un...\",\"breadcrumb\":{\"@id\":\"https:\\\/\\\/webdelmaestrocmf.com\\\/portal\\\/como-va-la-salud-mental-de-sus-padres-de-familia-y-estudiantes-iii-parte\\\/#breadcrumb\"},\"inLanguage\":\"es\",\"potentialAction\":[{\"@type\":\"ReadAction\",\"target\":[\"https:\\\/\\\/webdelmaestrocmf.com\\\/portal\\\/como-va-la-salud-mental-de-sus-padres-de-familia-y-estudiantes-iii-parte\\\/\"]}]},{\"@type\":\"ImageObject\",\"inLanguage\":\"es\",\"@id\":\"https:\\\/\\\/webdelmaestrocmf.com\\\/portal\\\/como-va-la-salud-mental-de-sus-padres-de-familia-y-estudiantes-iii-parte\\\/#primaryimage\",\"url\":\"https:\\\/\\\/webdelmaestrocmf.com\\\/portal\\\/wp-content\\\/uploads\\\/2026\\\/03\\\/1AA-Banner-1-portada-imagen-10-1-copia-2-3.webp\",\"contentUrl\":\"https:\\\/\\\/webdelmaestrocmf.com\\\/portal\\\/wp-content\\\/uploads\\\/2026\\\/03\\\/1AA-Banner-1-portada-imagen-10-1-copia-2-3.webp\",\"width\":1200,\"height\":675},{\"@type\":\"BreadcrumbList\",\"@id\":\"https:\\\/\\\/webdelmaestrocmf.com\\\/portal\\\/como-va-la-salud-mental-de-sus-padres-de-familia-y-estudiantes-iii-parte\\\/#breadcrumb\",\"itemListElement\":[{\"@type\":\"ListItem\",\"position\":1,\"name\":\"Portada\",\"item\":\"https:\\\/\\\/webdelmaestrocmf.com\\\/portal\\\/\"},{\"@type\":\"ListItem\",\"position\":2,\"name\":\"Yo opino - WMCMF\",\"item\":\"https:\\\/\\\/webdelmaestrocmf.com\\\/portal\\\/category\\\/jamb\\\/\"},{\"@type\":\"ListItem\",\"position\":3,\"name\":\"\u00bfC\u00f3mo va la salud mental y emocional de sus padres de familia y estudiantes? (III Parte)\"}]},{\"@type\":\"WebSite\",\"@id\":\"https:\\\/\\\/webdelmaestrocmf.com\\\/portal\\\/#website\",\"url\":\"https:\\\/\\\/webdelmaestrocmf.com\\\/portal\\\/\",\"name\":\"Web del Maestro CMF\",\"description\":\"Maestros al servicio de la educaci\u00f3n\",\"publisher\":{\"@id\":\"https:\\\/\\\/webdelmaestrocmf.com\\\/portal\\\/#organization\"},\"alternateName\":\"WMCMF\",\"potentialAction\":[{\"@type\":\"SearchAction\",\"target\":{\"@type\":\"EntryPoint\",\"urlTemplate\":\"https:\\\/\\\/webdelmaestrocmf.com\\\/portal\\\/?s={search_term_string}\"},\"query-input\":{\"@type\":\"PropertyValueSpecification\",\"valueRequired\":true,\"valueName\":\"search_term_string\"}}],\"inLanguage\":\"es\"},{\"@type\":\"Organization\",\"@id\":\"https:\\\/\\\/webdelmaestrocmf.com\\\/portal\\\/#organization\",\"name\":\"Web del Maestro CMF\",\"alternateName\":\"WMCMF\",\"url\":\"https:\\\/\\\/webdelmaestrocmf.com\\\/portal\\\/\",\"logo\":{\"@type\":\"ImageObject\",\"inLanguage\":\"es\",\"@id\":\"https:\\\/\\\/webdelmaestrocmf.com\\\/portal\\\/#\\\/schema\\\/logo\\\/image\\\/\",\"url\":\"https:\\\/\\\/webdelmaestrocmf.com\\\/portal\\\/wp-content\\\/uploads\\\/2023\\\/01\\\/logo-wmcmf-2.png\",\"contentUrl\":\"https:\\\/\\\/webdelmaestrocmf.com\\\/portal\\\/wp-content\\\/uploads\\\/2023\\\/01\\\/logo-wmcmf-2.png\",\"width\":200,\"height\":60,\"caption\":\"Web del Maestro CMF\"},\"image\":{\"@id\":\"https:\\\/\\\/webdelmaestrocmf.com\\\/portal\\\/#\\\/schema\\\/logo\\\/image\\\/\"},\"sameAs\":[\"https:\\\/\\\/www.facebook.com\\\/WebdelMaestroCMF\\\/\",\"https:\\\/\\\/x.com\\\/cmf_w\",\"https:\\\/\\\/www.pinterest.com\\\/WMCMF\\\/\",\"https:\\\/\\\/www.linkedin.com\\\/company\\\/web-del-maestro-cmf\\\/\",\"https:\\\/\\\/www.instagram.com\\\/wmcmf\\\/\",\"https:\\\/\\\/www.youtube.com\\\/channel\\\/UCDPSvjbdodE5sHnC3OxutHw\",\"https:\\\/\\\/mastodon.social\\\/@wmcmf\",\"https:\\\/\\\/www.tiktok.com\\\/@webdelmaestrocmf\"]},{\"@type\":\"Person\",\"@id\":\"https:\\\/\\\/webdelmaestrocmf.com\\\/portal\\\/#\\\/schema\\\/person\\\/1072a2ed7bd960df8ef99a551fa35dc5\",\"name\":\"Web del Maestro CMF\",\"image\":{\"@type\":\"ImageObject\",\"inLanguage\":\"es\",\"@id\":\"https:\\\/\\\/secure.gravatar.com\\\/avatar\\\/23291dd5b5ae1077dcff3dbb04c3e02bd28403fa75af6d8787d5e97c5bbbe30b?s=96&d=mm&r=g\",\"url\":\"https:\\\/\\\/secure.gravatar.com\\\/avatar\\\/23291dd5b5ae1077dcff3dbb04c3e02bd28403fa75af6d8787d5e97c5bbbe30b?s=96&d=mm&r=g\",\"contentUrl\":\"https:\\\/\\\/secure.gravatar.com\\\/avatar\\\/23291dd5b5ae1077dcff3dbb04c3e02bd28403fa75af6d8787d5e97c5bbbe30b?s=96&d=mm&r=g\",\"caption\":\"Web del Maestro CMF\"},\"description\":\"Esta Web se cre\u00f3 sin fines de lucro, con fines educativos, cient\u00edficos y acad\u00e9micos, para personas que tengan dificultades y\\\/o inconvenientes en visualizar el material original. El objetivo es entregar recursos, compartir experiencias y materiales que ayuden a los padres de familia, maestros y estudiantes en su actualizaci\u00f3n y formaci\u00f3n permanente, en bien de la Educaci\u00f3n.\",\"sameAs\":[\"http:\\\/\\\/webdelmaestrocmf.com\\\/portal\",\"https:\\\/\\\/www.facebook.com\\\/WebdelMaestroCMF\\\/\",\"https:\\\/\\\/www.instagram.com\\\/wmcmf\\\/\",\"https:\\\/\\\/cl.linkedin.com\\\/company\\\/web-del-maestro-cmf\",\"https:\\\/\\\/www.pinterest.com\\\/WMCMF\\\/publicaciones\\\/\",\"https:\\\/\\\/x.com\\\/cmf_w\",\"https:\\\/\\\/www.youtube.com\\\/@WMCMF\"]}]}<\/script>\n<!-- \/ Yoast SEO plugin. -->","yoast_head_json":{"title":"\u00bfC\u00f3mo va la salud mental y emocional de sus padres de familia y estudiantes? (III Parte) - 2026","description":"La salud mental y la salud emocional, que llamaremos salud socioemocional, no es un lujo, ni un tema secundario, ni una opci\u00f3n: es un...","robots":{"index":"index","follow":"follow","max-snippet":"max-snippet:-1","max-image-preview":"max-image-preview:large","max-video-preview":"max-video-preview:-1"},"canonical":"https:\/\/webdelmaestrocmf.com\/portal\/como-va-la-salud-mental-de-sus-padres-de-familia-y-estudiantes-iii-parte\/","og_locale":"es_ES","og_type":"article","og_title":"\u00bfC\u00f3mo va la salud mental y emocional de sus padres de familia y estudiantes? (III Parte) - 2026","og_description":"La salud mental y la salud emocional, que llamaremos salud socioemocional, no es un lujo, ni un tema secundario, ni una opci\u00f3n: es un...","og_url":"https:\/\/webdelmaestrocmf.com\/portal\/como-va-la-salud-mental-de-sus-padres-de-familia-y-estudiantes-iii-parte\/","og_site_name":"Web del Maestro CMF","article_publisher":"https:\/\/www.facebook.com\/WebdelMaestroCMF\/","article_author":"https:\/\/www.facebook.com\/WebdelMaestroCMF\/","article_published_time":"2026-03-14T22:02:41+00:00","article_modified_time":"2026-04-25T21:47:38+00:00","og_image":[{"width":1200,"height":675,"url":"https:\/\/webdelmaestrocmf.com\/portal\/wp-content\/uploads\/2026\/03\/1AA-Banner-1-portada-imagen-10-1-copia-2-3.webp","type":"image\/webp"}],"author":"Web del Maestro CMF","twitter_card":"summary_large_image","twitter_creator":"@cmf_w","twitter_site":"@cmf_w","schema":{"@context":"https:\/\/schema.org","@graph":[{"@type":"ScholarlyArticle","@id":"https:\/\/webdelmaestrocmf.com\/portal\/como-va-la-salud-mental-de-sus-padres-de-familia-y-estudiantes-iii-parte\/#article","isPartOf":{"@id":"https:\/\/webdelmaestrocmf.com\/portal\/como-va-la-salud-mental-de-sus-padres-de-familia-y-estudiantes-iii-parte\/"},"author":{"name":"Web del Maestro CMF","@id":"https:\/\/webdelmaestrocmf.com\/portal\/#\/schema\/person\/1072a2ed7bd960df8ef99a551fa35dc5"},"headline":"\u00bfC\u00f3mo va la salud mental y emocional de sus padres de familia y estudiantes? (III Parte)","datePublished":"2026-03-14T22:02:41+00:00","dateModified":"2026-04-25T21:47:38+00:00","mainEntityOfPage":{"@id":"https:\/\/webdelmaestrocmf.com\/portal\/como-va-la-salud-mental-de-sus-padres-de-familia-y-estudiantes-iii-parte\/"},"wordCount":2492,"commentCount":0,"publisher":{"@id":"https:\/\/webdelmaestrocmf.com\/portal\/#organization"},"image":{"@id":"https:\/\/webdelmaestrocmf.com\/portal\/como-va-la-salud-mental-de-sus-padres-de-familia-y-estudiantes-iii-parte\/#primaryimage"},"thumbnailUrl":"https:\/\/webdelmaestrocmf.com\/portal\/wp-content\/uploads\/2026\/03\/1AA-Banner-1-portada-imagen-10-1-copia-2-3.webp","keywords":["apoyo familiar","Aprendizaje Integral","bienestar estudiantil","CLIMA ESCOLAR","comunidad educativa","Convivencia Escolar","Educaci\u00f3n Emocional","Inteligencia Emocional","salud mental escolar","salud socioemocional"],"articleSection":["Yo opino - WMCMF"],"inLanguage":"es","potentialAction":[{"@type":"CommentAction","name":"Comment","target":["https:\/\/webdelmaestrocmf.com\/portal\/como-va-la-salud-mental-de-sus-padres-de-familia-y-estudiantes-iii-parte\/#respond"]}]},{"@type":"WebPage","@id":"https:\/\/webdelmaestrocmf.com\/portal\/como-va-la-salud-mental-de-sus-padres-de-familia-y-estudiantes-iii-parte\/","url":"https:\/\/webdelmaestrocmf.com\/portal\/como-va-la-salud-mental-de-sus-padres-de-familia-y-estudiantes-iii-parte\/","name":"\u00bfC\u00f3mo va la salud mental y emocional de sus padres de familia y estudiantes? (III Parte) - 2026","isPartOf":{"@id":"https:\/\/webdelmaestrocmf.com\/portal\/#website"},"primaryImageOfPage":{"@id":"https:\/\/webdelmaestrocmf.com\/portal\/como-va-la-salud-mental-de-sus-padres-de-familia-y-estudiantes-iii-parte\/#primaryimage"},"image":{"@id":"https:\/\/webdelmaestrocmf.com\/portal\/como-va-la-salud-mental-de-sus-padres-de-familia-y-estudiantes-iii-parte\/#primaryimage"},"thumbnailUrl":"https:\/\/webdelmaestrocmf.com\/portal\/wp-content\/uploads\/2026\/03\/1AA-Banner-1-portada-imagen-10-1-copia-2-3.webp","datePublished":"2026-03-14T22:02:41+00:00","dateModified":"2026-04-25T21:47:38+00:00","description":"La salud mental y la salud emocional, que llamaremos salud socioemocional, no es un lujo, ni un tema secundario, ni una opci\u00f3n: es un...","breadcrumb":{"@id":"https:\/\/webdelmaestrocmf.com\/portal\/como-va-la-salud-mental-de-sus-padres-de-familia-y-estudiantes-iii-parte\/#breadcrumb"},"inLanguage":"es","potentialAction":[{"@type":"ReadAction","target":["https:\/\/webdelmaestrocmf.com\/portal\/como-va-la-salud-mental-de-sus-padres-de-familia-y-estudiantes-iii-parte\/"]}]},{"@type":"ImageObject","inLanguage":"es","@id":"https:\/\/webdelmaestrocmf.com\/portal\/como-va-la-salud-mental-de-sus-padres-de-familia-y-estudiantes-iii-parte\/#primaryimage","url":"https:\/\/webdelmaestrocmf.com\/portal\/wp-content\/uploads\/2026\/03\/1AA-Banner-1-portada-imagen-10-1-copia-2-3.webp","contentUrl":"https:\/\/webdelmaestrocmf.com\/portal\/wp-content\/uploads\/2026\/03\/1AA-Banner-1-portada-imagen-10-1-copia-2-3.webp","width":1200,"height":675},{"@type":"BreadcrumbList","@id":"https:\/\/webdelmaestrocmf.com\/portal\/como-va-la-salud-mental-de-sus-padres-de-familia-y-estudiantes-iii-parte\/#breadcrumb","itemListElement":[{"@type":"ListItem","position":1,"name":"Portada","item":"https:\/\/webdelmaestrocmf.com\/portal\/"},{"@type":"ListItem","position":2,"name":"Yo opino - WMCMF","item":"https:\/\/webdelmaestrocmf.com\/portal\/category\/jamb\/"},{"@type":"ListItem","position":3,"name":"\u00bfC\u00f3mo va la salud mental y emocional de sus padres de familia y estudiantes? (III Parte)"}]},{"@type":"WebSite","@id":"https:\/\/webdelmaestrocmf.com\/portal\/#website","url":"https:\/\/webdelmaestrocmf.com\/portal\/","name":"Web del Maestro CMF","description":"Maestros al servicio de la educaci\u00f3n","publisher":{"@id":"https:\/\/webdelmaestrocmf.com\/portal\/#organization"},"alternateName":"WMCMF","potentialAction":[{"@type":"SearchAction","target":{"@type":"EntryPoint","urlTemplate":"https:\/\/webdelmaestrocmf.com\/portal\/?s={search_term_string}"},"query-input":{"@type":"PropertyValueSpecification","valueRequired":true,"valueName":"search_term_string"}}],"inLanguage":"es"},{"@type":"Organization","@id":"https:\/\/webdelmaestrocmf.com\/portal\/#organization","name":"Web del Maestro CMF","alternateName":"WMCMF","url":"https:\/\/webdelmaestrocmf.com\/portal\/","logo":{"@type":"ImageObject","inLanguage":"es","@id":"https:\/\/webdelmaestrocmf.com\/portal\/#\/schema\/logo\/image\/","url":"https:\/\/webdelmaestrocmf.com\/portal\/wp-content\/uploads\/2023\/01\/logo-wmcmf-2.png","contentUrl":"https:\/\/webdelmaestrocmf.com\/portal\/wp-content\/uploads\/2023\/01\/logo-wmcmf-2.png","width":200,"height":60,"caption":"Web del Maestro CMF"},"image":{"@id":"https:\/\/webdelmaestrocmf.com\/portal\/#\/schema\/logo\/image\/"},"sameAs":["https:\/\/www.facebook.com\/WebdelMaestroCMF\/","https:\/\/x.com\/cmf_w","https:\/\/www.pinterest.com\/WMCMF\/","https:\/\/www.linkedin.com\/company\/web-del-maestro-cmf\/","https:\/\/www.instagram.com\/wmcmf\/","https:\/\/www.youtube.com\/channel\/UCDPSvjbdodE5sHnC3OxutHw","https:\/\/mastodon.social\/@wmcmf","https:\/\/www.tiktok.com\/@webdelmaestrocmf"]},{"@type":"Person","@id":"https:\/\/webdelmaestrocmf.com\/portal\/#\/schema\/person\/1072a2ed7bd960df8ef99a551fa35dc5","name":"Web del Maestro CMF","image":{"@type":"ImageObject","inLanguage":"es","@id":"https:\/\/secure.gravatar.com\/avatar\/23291dd5b5ae1077dcff3dbb04c3e02bd28403fa75af6d8787d5e97c5bbbe30b?s=96&d=mm&r=g","url":"https:\/\/secure.gravatar.com\/avatar\/23291dd5b5ae1077dcff3dbb04c3e02bd28403fa75af6d8787d5e97c5bbbe30b?s=96&d=mm&r=g","contentUrl":"https:\/\/secure.gravatar.com\/avatar\/23291dd5b5ae1077dcff3dbb04c3e02bd28403fa75af6d8787d5e97c5bbbe30b?s=96&d=mm&r=g","caption":"Web del Maestro CMF"},"description":"Esta Web se cre\u00f3 sin fines de lucro, con fines educativos, cient\u00edficos y acad\u00e9micos, para personas que tengan dificultades y\/o inconvenientes en visualizar el material original. El objetivo es entregar recursos, compartir experiencias y materiales que ayuden a los padres de familia, maestros y estudiantes en su actualizaci\u00f3n y formaci\u00f3n permanente, en bien de la Educaci\u00f3n.","sameAs":["http:\/\/webdelmaestrocmf.com\/portal","https:\/\/www.facebook.com\/WebdelMaestroCMF\/","https:\/\/www.instagram.com\/wmcmf\/","https:\/\/cl.linkedin.com\/company\/web-del-maestro-cmf","https:\/\/www.pinterest.com\/WMCMF\/publicaciones\/","https:\/\/x.com\/cmf_w","https:\/\/www.youtube.com\/@WMCMF"]}]}},"jetpack_featured_media_url":"https:\/\/webdelmaestrocmf.com\/portal\/wp-content\/uploads\/2026\/03\/1AA-Banner-1-portada-imagen-10-1-copia-2-3.webp","jetpack_sharing_enabled":true,"jetpack-related-posts":[{"id":112842,"url":"https:\/\/webdelmaestrocmf.com\/portal\/como-va-la-salud-mental-de-sus-padres-de-familia-y-estudiantes-ii-parte\/","url_meta":{"origin":116478,"position":0},"title":"C\u00f3mo va la salud mental y emocional de sus padres de familia y estudiantes? (II Parte)","author":"Web del Maestro CMF","date":"26 octubre, 2025","format":false,"excerpt":"La salud mental es el pilar invisible que sostiene la educaci\u00f3n: sin bienestar emocional no hay aprendizaje posible ni convivencia sana en las escuelas.","rel":"","context":"En \u00abYo opino - WMCMF\u00bb","block_context":{"text":"Yo opino - WMCMF","link":"https:\/\/webdelmaestrocmf.com\/portal\/category\/jamb\/"},"img":{"alt_text":"","src":"https:\/\/i0.wp.com\/webdelmaestrocmf.com\/portal\/wp-content\/uploads\/2025\/10\/1A-Banner-1-portada-imagen-10-1-copia-21.webp?resize=350%2C200&ssl=1","width":350,"height":200,"srcset":"https:\/\/i0.wp.com\/webdelmaestrocmf.com\/portal\/wp-content\/uploads\/2025\/10\/1A-Banner-1-portada-imagen-10-1-copia-21.webp?resize=350%2C200&ssl=1 1x, https:\/\/i0.wp.com\/webdelmaestrocmf.com\/portal\/wp-content\/uploads\/2025\/10\/1A-Banner-1-portada-imagen-10-1-copia-21.webp?resize=525%2C300&ssl=1 1.5x, https:\/\/i0.wp.com\/webdelmaestrocmf.com\/portal\/wp-content\/uploads\/2025\/10\/1A-Banner-1-portada-imagen-10-1-copia-21.webp?resize=700%2C400&ssl=1 2x"},"classes":[]},{"id":110226,"url":"https:\/\/webdelmaestrocmf.com\/portal\/como-va-la-salud-mental-de-sus-padres-de-familia-y-estudiantes-i-parte\/","url_meta":{"origin":116478,"position":1},"title":"C\u00f3mo va la salud mental de sus padres de familia y estudiantes? (I Parte)","author":"Web del Maestro CMF","date":"20 junio, 2025","format":false,"excerpt":"Ahora los profesores debemos y tenemos que actualizarnos en Salud Mental","rel":"","context":"En \u00abYo opino - WMCMF\u00bb","block_context":{"text":"Yo opino - WMCMF","link":"https:\/\/webdelmaestrocmf.com\/portal\/category\/jamb\/"},"img":{"alt_text":"","src":"https:\/\/i0.wp.com\/webdelmaestrocmf.com\/portal\/wp-content\/uploads\/2025\/06\/1A-Banner-1-portada-imagen-10-1-copia-15.jpg?resize=350%2C200&ssl=1","width":350,"height":200,"srcset":"https:\/\/i0.wp.com\/webdelmaestrocmf.com\/portal\/wp-content\/uploads\/2025\/06\/1A-Banner-1-portada-imagen-10-1-copia-15.jpg?resize=350%2C200&ssl=1 1x, https:\/\/i0.wp.com\/webdelmaestrocmf.com\/portal\/wp-content\/uploads\/2025\/06\/1A-Banner-1-portada-imagen-10-1-copia-15.jpg?resize=525%2C300&ssl=1 1.5x, https:\/\/i0.wp.com\/webdelmaestrocmf.com\/portal\/wp-content\/uploads\/2025\/06\/1A-Banner-1-portada-imagen-10-1-copia-15.jpg?resize=700%2C400&ssl=1 2x"},"classes":[]},{"id":117878,"url":"https:\/\/webdelmaestrocmf.com\/portal\/los-detectores-de-metales-en-colegios-no-sirven-porque-no-detectan-problemas-de-salud-mental\/","url_meta":{"origin":116478,"position":2},"title":"Los detectores de metales en colegios \u201cNo sirven\u201d, porque no detectan problemas de \u201csalud mental\u201d","author":"Web del Maestro CMF","date":"16 abril, 2026","format":false,"excerpt":"Los detectores de metales no resuelven la violencia escolar. El problema es m\u00e1s profundo: requiere atenci\u00f3n a la salud mental, prevenci\u00f3n, educaci\u00f3n emocional y acompa\u00f1amiento real a los estudiantes.","rel":"","context":"En \u00abNoticias Internacionales\u00bb","block_context":{"text":"Noticias Internacionales","link":"https:\/\/webdelmaestrocmf.com\/portal\/category\/noticias-internacionales\/"},"img":{"alt_text":"","src":"https:\/\/i0.wp.com\/webdelmaestrocmf.com\/portal\/wp-content\/uploads\/2026\/04\/1AA-Banner-1-portada-imagen-10-1-copia-26.webp?resize=350%2C200&ssl=1","width":350,"height":200,"srcset":"https:\/\/i0.wp.com\/webdelmaestrocmf.com\/portal\/wp-content\/uploads\/2026\/04\/1AA-Banner-1-portada-imagen-10-1-copia-26.webp?resize=350%2C200&ssl=1 1x, https:\/\/i0.wp.com\/webdelmaestrocmf.com\/portal\/wp-content\/uploads\/2026\/04\/1AA-Banner-1-portada-imagen-10-1-copia-26.webp?resize=525%2C300&ssl=1 1.5x, https:\/\/i0.wp.com\/webdelmaestrocmf.com\/portal\/wp-content\/uploads\/2026\/04\/1AA-Banner-1-portada-imagen-10-1-copia-26.webp?resize=700%2C400&ssl=1 2x, https:\/\/i0.wp.com\/webdelmaestrocmf.com\/portal\/wp-content\/uploads\/2026\/04\/1AA-Banner-1-portada-imagen-10-1-copia-26.webp?resize=1050%2C600&ssl=1 3x"},"classes":[]},{"id":21710,"url":"https:\/\/webdelmaestrocmf.com\/portal\/educacion-socioemocional-mejora-la-salud-mental-las-habilidades-sociales-los-resultados-academicos\/","url_meta":{"origin":116478,"position":3},"title":"Educaci\u00f3n socioemocional: mejora la salud mental, las habilidades sociales y los resultados acad\u00e9micos","author":"Web del Maestro CMF","date":"5 septiembre, 2017","format":false,"excerpt":"La educaci\u00f3n tiene hoy el gran reto de orientar hacia metas claras y capacitar para trabajar con otros, con una fuerte habilidad para autorregular emociones. Las habilidades sociales y emocionales que requerir\u00e1n los estudiantes para progresar en un contexto global hipercompetitivo e hiperexclusivo y excluyente, necesitan algo m\u00e1s que un\u2026","rel":"","context":"En \u00abYo opino - WMCMF\u00bb","block_context":{"text":"Yo opino - WMCMF","link":"https:\/\/webdelmaestrocmf.com\/portal\/category\/jamb\/"},"img":{"alt_text":"","src":"https:\/\/i0.wp.com\/webdelmaestrocmf.com\/portal\/wp-content\/uploads\/2017\/09\/A12B3C4D-2023-05-24T191731.935.jpg?resize=350%2C200&ssl=1","width":350,"height":200,"srcset":"https:\/\/i0.wp.com\/webdelmaestrocmf.com\/portal\/wp-content\/uploads\/2017\/09\/A12B3C4D-2023-05-24T191731.935.jpg?resize=350%2C200&ssl=1 1x, https:\/\/i0.wp.com\/webdelmaestrocmf.com\/portal\/wp-content\/uploads\/2017\/09\/A12B3C4D-2023-05-24T191731.935.jpg?resize=525%2C300&ssl=1 1.5x, https:\/\/i0.wp.com\/webdelmaestrocmf.com\/portal\/wp-content\/uploads\/2017\/09\/A12B3C4D-2023-05-24T191731.935.jpg?resize=700%2C400&ssl=1 2x"},"classes":[]},{"id":111273,"url":"https:\/\/webdelmaestrocmf.com\/portal\/como-va-la-salud-mental-de-sus-padres-de-familia-y-estudiantes-i-parte-2\/","url_meta":{"origin":116478,"position":4},"title":"\u00bfC\u00f3mo va la salud mental de sus padres de familia y estudiantes? (I Parte)","author":"Web del Maestro CMF","date":"16 julio, 2025","format":false,"excerpt":"El aula refleja el estado emocional de sus protagonistas: sin salud mental, no hay aprendizaje, v\u00ednculos sanos ni futuro posible.","rel":"","context":"En \u00abYo opino - WMCMF\u00bb","block_context":{"text":"Yo opino - WMCMF","link":"https:\/\/webdelmaestrocmf.com\/portal\/category\/jamb\/"},"img":{"alt_text":"","src":"https:\/\/i0.wp.com\/webdelmaestrocmf.com\/portal\/wp-content\/uploads\/2025\/07\/1A-Banner-1-portada-imagen-10-1-copia-68.jpg?resize=350%2C200&ssl=1","width":350,"height":200,"srcset":"https:\/\/i0.wp.com\/webdelmaestrocmf.com\/portal\/wp-content\/uploads\/2025\/07\/1A-Banner-1-portada-imagen-10-1-copia-68.jpg?resize=350%2C200&ssl=1 1x, https:\/\/i0.wp.com\/webdelmaestrocmf.com\/portal\/wp-content\/uploads\/2025\/07\/1A-Banner-1-portada-imagen-10-1-copia-68.jpg?resize=525%2C300&ssl=1 1.5x, https:\/\/i0.wp.com\/webdelmaestrocmf.com\/portal\/wp-content\/uploads\/2025\/07\/1A-Banner-1-portada-imagen-10-1-copia-68.jpg?resize=700%2C400&ssl=1 2x"},"classes":[]},{"id":117128,"url":"https:\/\/webdelmaestrocmf.com\/portal\/un-alumno-dispara-con-una-escopeta-en-una-escuela-argentina-y-mata-a-un-companero-de-13-anos\/","url_meta":{"origin":116478,"position":5},"title":"Un alumno dispara con una escopeta en una escuela argentina y mata a un compa\u00f1ero de 13 a\u00f1os","author":"Web del Maestro CMF","date":"30 marzo, 2026","format":false,"excerpt":"Un hecho de violencia extrema en una escuela evidencia fallas en prevenci\u00f3n, convivencia y apoyo emocional. Urge fortalecer protocolos, detecci\u00f3n temprana y corresponsabilidad educativa para proteger a estudiantes, docentes y comunidades.","rel":"","context":"En \u00abNoticias Internacionales\u00bb","block_context":{"text":"Noticias Internacionales","link":"https:\/\/webdelmaestrocmf.com\/portal\/category\/noticias-internacionales\/"},"img":{"alt_text":"","src":"https:\/\/i0.wp.com\/webdelmaestrocmf.com\/portal\/wp-content\/uploads\/2026\/03\/1AA-Banner-1-portada-imagen-10-1-copia-20.webp?resize=350%2C200&ssl=1","width":350,"height":200,"srcset":"https:\/\/i0.wp.com\/webdelmaestrocmf.com\/portal\/wp-content\/uploads\/2026\/03\/1AA-Banner-1-portada-imagen-10-1-copia-20.webp?resize=350%2C200&ssl=1 1x, https:\/\/i0.wp.com\/webdelmaestrocmf.com\/portal\/wp-content\/uploads\/2026\/03\/1AA-Banner-1-portada-imagen-10-1-copia-20.webp?resize=525%2C300&ssl=1 1.5x, https:\/\/i0.wp.com\/webdelmaestrocmf.com\/portal\/wp-content\/uploads\/2026\/03\/1AA-Banner-1-portada-imagen-10-1-copia-20.webp?resize=700%2C400&ssl=1 2x, https:\/\/i0.wp.com\/webdelmaestrocmf.com\/portal\/wp-content\/uploads\/2026\/03\/1AA-Banner-1-portada-imagen-10-1-copia-20.webp?resize=1050%2C600&ssl=1 3x"},"classes":[]}],"_links":{"self":[{"href":"https:\/\/webdelmaestrocmf.com\/portal\/wp-json\/wp\/v2\/posts\/116478","targetHints":{"allow":["GET"]}}],"collection":[{"href":"https:\/\/webdelmaestrocmf.com\/portal\/wp-json\/wp\/v2\/posts"}],"about":[{"href":"https:\/\/webdelmaestrocmf.com\/portal\/wp-json\/wp\/v2\/types\/post"}],"author":[{"embeddable":true,"href":"https:\/\/webdelmaestrocmf.com\/portal\/wp-json\/wp\/v2\/users\/1"}],"replies":[{"embeddable":true,"href":"https:\/\/webdelmaestrocmf.com\/portal\/wp-json\/wp\/v2\/comments?post=116478"}],"version-history":[{"count":6,"href":"https:\/\/webdelmaestrocmf.com\/portal\/wp-json\/wp\/v2\/posts\/116478\/revisions"}],"predecessor-version":[{"id":118290,"href":"https:\/\/webdelmaestrocmf.com\/portal\/wp-json\/wp\/v2\/posts\/116478\/revisions\/118290"}],"wp:featuredmedia":[{"embeddable":true,"href":"https:\/\/webdelmaestrocmf.com\/portal\/wp-json\/wp\/v2\/media\/116481"}],"wp:attachment":[{"href":"https:\/\/webdelmaestrocmf.com\/portal\/wp-json\/wp\/v2\/media?parent=116478"}],"wp:term":[{"taxonomy":"category","embeddable":true,"href":"https:\/\/webdelmaestrocmf.com\/portal\/wp-json\/wp\/v2\/categories?post=116478"},{"taxonomy":"post_tag","embeddable":true,"href":"https:\/\/webdelmaestrocmf.com\/portal\/wp-json\/wp\/v2\/tags?post=116478"}],"curies":[{"name":"wp","href":"https:\/\/api.w.org\/{rel}","templated":true}]}}