{"id":116473,"date":"2026-03-14T17:07:43","date_gmt":"2026-03-14T20:07:43","guid":{"rendered":"https:\/\/webdelmaestrocmf.com\/portal\/?p=116473"},"modified":"2026-03-29T12:20:46","modified_gmt":"2026-03-29T15:20:46","slug":"maestra-llama-la-atencion-a-los-padres-y-les-dice-esperas-que-el-maestro-de-el-100-por-tu-hijo-entonces-da-tu-tambien-el-100-como-padre","status":"publish","type":"post","link":"https:\/\/webdelmaestrocmf.com\/portal\/maestra-llama-la-atencion-a-los-padres-y-les-dice-esperas-que-el-maestro-de-el-100-por-tu-hijo-entonces-da-tu-tambien-el-100-como-padre\/","title":{"rendered":"Maestra llama la atenci\u00f3n a los padres y les dice: \u00bfEsperas que el maestro d\u00e9 el 100% por tu hijo? Entonces da t\u00fa tambi\u00e9n el 100% como padre"},"content":{"rendered":"\n<p>En un mensaje directo y contundente, una maestra de educaci\u00f3n b\u00e1sica expres\u00f3 p\u00fablicamente una preocupaci\u00f3n que muchos docentes comparten pero que pocas veces se dice con tanta claridad. Su reflexi\u00f3n parte de una experiencia cotidiana en las escuelas: <strong>la falta de compromiso de algunos padres con la educaci\u00f3n de sus hijos<\/strong>. No se trata de una cr\u00edtica generalizada, sino de un llamado de atenci\u00f3n a una realidad que afecta directamente el aprendizaje de muchos estudiantes.<\/p>\n\n\n\n<p>La docente lo resume con una frase que sintetiza su frustraci\u00f3n profesional: <strong>\u201cEstoy cansada de los padres que no llegan a las reuniones, que piden una reuni\u00f3n y no llegan, y despu\u00e9s se atreven a decir que se les olvid\u00f3.\u201d<\/strong> Detr\u00e1s de esa afirmaci\u00f3n no hay un reproche vac\u00edo, sino la descripci\u00f3n de una situaci\u00f3n que se repite con frecuencia en muchos centros educativos.<\/p>\n\n\n\n<h2 class=\"wp-block-heading\"><strong>La corresponsabilidad entre familia y escuela<\/strong><\/h2>\n\n\n\n<p>La maestra explica que su mensaje es sencillo: <strong>si un padre espera que el docente d\u00e9 el 100% por su hijo, lo m\u00ednimo que se espera es que ese padre tambi\u00e9n asuma su responsabilidad con la misma seriedad<\/strong>. La educaci\u00f3n no es una tarea que pueda recaer \u00fanicamente en la escuela. Es un proceso compartido donde la familia cumple un papel fundamental.<\/p>\n\n\n\n<p>Cuando un padre solicita una reuni\u00f3n con un docente y luego no asiste, o cuando se justifica diciendo que \u201cse le olvid\u00f3\u201d, el mensaje que se transmite es preocupante: <strong>la educaci\u00f3n del propio hijo no ocupa un lugar prioritario<\/strong>. Para la docente, ese tipo de situaciones refleja una falta de compromiso que termina afectando al estudiante.<\/p>\n\n\n\n<p>La profesora plantea una pregunta directa: <strong>\u00bfqui\u00e9n deber\u00eda recordar a los padres las responsabilidades relacionadas con sus hijos?<\/strong> Si un padre pide una reuni\u00f3n, lo l\u00f3gico es que la anote, que la recuerde y que la considere importante. No se trata de un tr\u00e1mite menor, sino de una instancia para acompa\u00f1ar el proceso educativo del ni\u00f1o o adolescente.<\/p>\n\n\n\n<figure class=\"wp-block-embed is-type-rich is-provider-instagram wp-block-embed-instagram\"><div class=\"wp-block-embed__wrapper\">\n<blockquote class=\"instagram-media\" data-instgrm-captioned data-instgrm-permalink=\"https:\/\/www.instagram.com\/reel\/DOgP6lKCMDr\/?utm_source=ig_embed&amp;utm_campaign=loading\" data-instgrm-version=\"14\" style=\" background:#FFF; border:0; border-radius:3px; box-shadow:0 0 1px 0 rgba(0,0,0,0.5),0 1px 10px 0 rgba(0,0,0,0.15); margin: 1px; max-width:658px; min-width:326px; padding:0; width:99.375%; width:-webkit-calc(100% - 2px); width:calc(100% - 2px);\"><div style=\"padding:16px;\"> <a href=\"https:\/\/www.instagram.com\/reel\/DOgP6lKCMDr\/?utm_source=ig_embed&amp;utm_campaign=loading\" style=\" background:#FFFFFF; line-height:0; padding:0 0; text-align:center; text-decoration:none; width:100%;\" target=\"_blank\"> <div style=\" display: flex; flex-direction: row; align-items: center;\"> <div style=\"background-color: #F4F4F4; border-radius: 50%; flex-grow: 0; height: 40px; margin-right: 14px; width: 40px;\"><\/div> <div style=\"display: flex; flex-direction: column; flex-grow: 1; justify-content: center;\"> <div style=\" background-color: #F4F4F4; border-radius: 4px; flex-grow: 0; height: 14px; margin-bottom: 6px; width: 100px;\"><\/div> <div style=\" background-color: #F4F4F4; border-radius: 4px; flex-grow: 0; height: 14px; width: 60px;\"><\/div><\/div><\/div><div style=\"padding: 19% 0;\"><\/div> <div style=\"display:block; height:50px; margin:0 auto 12px; width:50px;\"><svg width=\"50px\" height=\"50px\" viewBox=\"0 0 60 60\" version=\"1.1\" xmlns=\"https:\/\/www.w3.org\/2000\/svg\" xmlns:xlink=\"https:\/\/www.w3.org\/1999\/xlink\"><g stroke=\"none\" stroke-width=\"1\" fill=\"none\" fill-rule=\"evenodd\"><g transform=\"translate(-511.000000, -20.000000)\" fill=\"#000000\"><g><path d=\"M556.869,30.41 C554.814,30.41 553.148,32.076 553.148,34.131 C553.148,36.186 554.814,37.852 556.869,37.852 C558.924,37.852 560.59,36.186 560.59,34.131 C560.59,32.076 558.924,30.41 556.869,30.41 M541,60.657 C535.114,60.657 530.342,55.887 530.342,50 C530.342,44.114 535.114,39.342 541,39.342 C546.887,39.342 551.658,44.114 551.658,50 C551.658,55.887 546.887,60.657 541,60.657 M541,33.886 C532.1,33.886 524.886,41.1 524.886,50 C524.886,58.899 532.1,66.113 541,66.113 C549.9,66.113 557.115,58.899 557.115,50 C557.115,41.1 549.9,33.886 541,33.886 M565.378,62.101 C565.244,65.022 564.756,66.606 564.346,67.663 C563.803,69.06 563.154,70.057 562.106,71.106 C561.058,72.155 560.06,72.803 558.662,73.347 C557.607,73.757 556.021,74.244 553.102,74.378 C549.944,74.521 548.997,74.552 541,74.552 C533.003,74.552 532.056,74.521 528.898,74.378 C525.979,74.244 524.393,73.757 523.338,73.347 C521.94,72.803 520.942,72.155 519.894,71.106 C518.846,70.057 518.197,69.06 517.654,67.663 C517.244,66.606 516.755,65.022 516.623,62.101 C516.479,58.943 516.448,57.996 516.448,50 C516.448,42.003 516.479,41.056 516.623,37.899 C516.755,34.978 517.244,33.391 517.654,32.338 C518.197,30.938 518.846,29.942 519.894,28.894 C520.942,27.846 521.94,27.196 523.338,26.654 C524.393,26.244 525.979,25.756 528.898,25.623 C532.057,25.479 533.004,25.448 541,25.448 C548.997,25.448 549.943,25.479 553.102,25.623 C556.021,25.756 557.607,26.244 558.662,26.654 C560.06,27.196 561.058,27.846 562.106,28.894 C563.154,29.942 563.803,30.938 564.346,32.338 C564.756,33.391 565.244,34.978 565.378,37.899 C565.522,41.056 565.552,42.003 565.552,50 C565.552,57.996 565.522,58.943 565.378,62.101 M570.82,37.631 C570.674,34.438 570.167,32.258 569.425,30.349 C568.659,28.377 567.633,26.702 565.965,25.035 C564.297,23.368 562.623,22.342 560.652,21.575 C558.743,20.834 556.562,20.326 553.369,20.18 C550.169,20.033 549.148,20 541,20 C532.853,20 531.831,20.033 528.631,20.18 C525.438,20.326 523.257,20.834 521.349,21.575 C519.376,22.342 517.703,23.368 516.035,25.035 C514.368,26.702 513.342,28.377 512.574,30.349 C511.834,32.258 511.326,34.438 511.181,37.631 C511.035,40.831 511,41.851 511,50 C511,58.147 511.035,59.17 511.181,62.369 C511.326,65.562 511.834,67.743 512.574,69.651 C513.342,71.625 514.368,73.296 516.035,74.965 C517.703,76.634 519.376,77.658 521.349,78.425 C523.257,79.167 525.438,79.673 528.631,79.82 C531.831,79.965 532.853,80.001 541,80.001 C549.148,80.001 550.169,79.965 553.369,79.82 C556.562,79.673 558.743,79.167 560.652,78.425 C562.623,77.658 564.297,76.634 565.965,74.965 C567.633,73.296 568.659,71.625 569.425,69.651 C570.167,67.743 570.674,65.562 570.82,62.369 C570.966,59.17 571,58.147 571,50 C571,41.851 570.966,40.831 570.82,37.631\"><\/path><\/g><\/g><\/g><\/svg><\/div><div style=\"padding-top: 8px;\"> <div style=\" color:#3897f0; font-family:Arial,sans-serif; font-size:14px; font-style:normal; font-weight:550; line-height:18px;\">View this post on Instagram<\/div><\/div><div style=\"padding: 12.5% 0;\"><\/div> <div style=\"display: flex; flex-direction: row; margin-bottom: 14px; align-items: center;\"><div> <div style=\"background-color: #F4F4F4; border-radius: 50%; height: 12.5px; width: 12.5px; transform: translateX(0px) translateY(7px);\"><\/div> <div style=\"background-color: #F4F4F4; height: 12.5px; transform: rotate(-45deg) translateX(3px) translateY(1px); width: 12.5px; flex-grow: 0; margin-right: 14px; margin-left: 2px;\"><\/div> <div style=\"background-color: #F4F4F4; border-radius: 50%; height: 12.5px; width: 12.5px; transform: translateX(9px) translateY(-18px);\"><\/div><\/div><div style=\"margin-left: 8px;\"> <div style=\" background-color: #F4F4F4; border-radius: 50%; flex-grow: 0; height: 20px; width: 20px;\"><\/div> <div style=\" width: 0; height: 0; border-top: 2px solid transparent; border-left: 6px solid #f4f4f4; border-bottom: 2px solid transparent; transform: translateX(16px) translateY(-4px) rotate(30deg)\"><\/div><\/div><div style=\"margin-left: auto;\"> <div style=\" width: 0px; border-top: 8px solid #F4F4F4; border-right: 8px solid transparent; transform: translateY(16px);\"><\/div> <div style=\" background-color: #F4F4F4; flex-grow: 0; height: 12px; width: 16px; transform: translateY(-4px);\"><\/div> <div style=\" width: 0; height: 0; border-top: 8px solid #F4F4F4; border-left: 8px solid transparent; transform: translateY(-4px) translateX(8px);\"><\/div><\/div><\/div> <div style=\"display: flex; flex-direction: column; flex-grow: 1; justify-content: center; margin-bottom: 24px;\"> <div style=\" background-color: #F4F4F4; border-radius: 4px; flex-grow: 0; height: 14px; margin-bottom: 6px; width: 224px;\"><\/div> <div style=\" background-color: #F4F4F4; border-radius: 4px; flex-grow: 0; height: 14px; width: 144px;\"><\/div><\/div><\/a><\/div><\/blockquote><script async src=\"\/\/platform.instagram.com\/en_US\/embeds.js\"><\/script>\n<\/div><\/figure>\n\n\n\n<h2 class=\"wp-block-heading\"><strong>Exigir sin participar: una contradicci\u00f3n frecuente<\/strong><\/h2>\n\n\n\n<p>Otro punto que la maestra destaca es una actitud que muchos docentes reconocen: <strong>padres que exigen mucho a la escuela pero que participan muy poco en el proceso educativo de sus hijos<\/strong>.<\/p>\n\n\n\n<p>La profesora se\u00f1ala que <strong>no le molesta que un padre exija<\/strong>, siempre que ese padre tambi\u00e9n est\u00e9 comprometido desde casa. Cuando familia y escuela trabajan juntas, el resultado suele ser positivo. En sus propias palabras, cuando ambos colaboran \u201cvamos a trabajar juntos y nos va a ir muy bien\u201d.<\/p>\n\n\n\n<p>El problema surge cuando la exigencia es unilateral: cuando los padres reclaman resultados acad\u00e9micos, disciplina o rendimiento, pero <strong>no acompa\u00f1an el proceso educativo en el hogar<\/strong>.<\/p>\n\n\n\n<p>Esto incluye acciones b\u00e1sicas como revisar tareas, estar atentos a las calificaciones, comunicarse con los docentes o supervisar el trabajo escolar. Sin ese apoyo, el trabajo del maestro se vuelve mucho m\u00e1s dif\u00edcil.<\/p>\n\n\n\n<h2 class=\"wp-block-heading\"><strong>Una realidad cotidiana en muchas escuelas<\/strong><\/h2>\n\n\n\n<p>La docente tambi\u00e9n se\u00f1ala que muchas personas fuera del sistema educativo <strong>no alcanzan a dimensionar lo que ocurre diariamente en las escuelas p\u00fablicas<\/strong>. Cada d\u00eda los maestros observan casos de estudiantes que fracasan acad\u00e9micamente no por falta de capacidad, sino por falta de acompa\u00f1amiento familiar.<\/p>\n\n\n\n<p>Seg\u00fan su experiencia, <strong>una parte del fracaso escolar est\u00e1 directamente relacionada con la ausencia de apoyo en casa<\/strong>. Cuando los padres no se involucran, el estudiante pierde un soporte fundamental para su aprendizaje.<\/p>\n\n\n\n<p>La profesora plantea una pregunta que resume este problema: <strong>\u00bfqu\u00e9 esperan algunos padres? \u00bfQue el maestro lo haga todo?<\/strong><\/p>\n\n\n\n<p>La respuesta, desde su perspectiva, es clara: <strong>la educaci\u00f3n es un trabajo en equipo<\/strong>. El maestro no trabaja solo. El docente ense\u00f1a, gu\u00eda y acompa\u00f1a, pero el entorno familiar tambi\u00e9n tiene una responsabilidad decisiva.<\/p>\n\n\n\n<h2 class=\"wp-block-heading\"><strong>Cuando familia y escuela trabajan juntas<\/strong><\/h2>\n\n\n\n<p>A pesar de su cr\u00edtica, la maestra tambi\u00e9n reconoce que <strong>muchos padres s\u00ed cumplen un rol activo y comprometido<\/strong>. De hecho, afirma que le gusta cuando los padres escriben para preguntar c\u00f3mo va su hijo, cuando revisan el trabajo escolar o cuando motivan a sus hijos a comunicarse con los profesores.<\/p>\n\n\n\n<p>Valora especialmente cuando los padres revisan las plataformas escolares, observan las calificaciones o incluso env\u00edan capturas de pantalla para preguntar por el progreso acad\u00e9mico de sus hijos. Ese tipo de actitud demuestra inter\u00e9s y compromiso.<\/p>\n\n\n\n<p>Tambi\u00e9n considera positivo cuando los padres ense\u00f1an a sus hijos a responsabilizarse de su aprendizaje, por ejemplo, anim\u00e1ndolos a escribir correos electr\u00f3nicos a sus profesores para resolver dudas o aclarar situaciones acad\u00e9micas.<\/p>\n\n\n\n<p>Ese tipo de colaboraci\u00f3n <strong>fortalece la relaci\u00f3n entre familia y escuela<\/strong>, y crea un entorno mucho m\u00e1s favorable para el aprendizaje.<\/p>\n\n\n\n<h2 class=\"wp-block-heading\"><strong>Un llamado a la responsabilidad familiar<\/strong><\/h2>\n\n\n\n<p>La reflexi\u00f3n de esta maestra no pretende atacar a todos los padres, sino <strong>hacer visible una responsabilidad que muchas veces se pasa por alto<\/strong>. Cuando un estudiante fracasa, la explicaci\u00f3n no siempre est\u00e1 \u00fanicamente en la escuela.<\/p>\n\n\n\n<p>El rendimiento escolar depende de m\u00faltiples factores, y <strong>la participaci\u00f3n familiar es uno de los m\u00e1s determinantes<\/strong>. La educaci\u00f3n de un ni\u00f1o o de un adolescente no puede delegarse completamente a los docentes.<\/p>\n\n\n\n<p>Los maestros pueden ense\u00f1ar, orientar y apoyar, pero el compromiso de la familia sigue siendo indispensable.<\/p>\n\n\n\n<p>En definitiva, el mensaje de la docente es claro: <strong>la educaci\u00f3n funciona mejor cuando padres y maestros trabajan como aliados<\/strong>. Cuando ambos se involucran, los estudiantes tienen m\u00e1s oportunidades de aprender, avanzar y desarrollar su potencial.<\/p>\n\n\n\n<p>Cuando esa alianza no existe, el proceso educativo se vuelve mucho m\u00e1s dif\u00edcil. Y quienes terminan pagando el precio m\u00e1s alto son, inevitablemente, los propios estudiantes.<\/p>\n\n\n\n<p class=\"has-text-align-right\"><strong>Redacci\u00f3n | Web del Maestro CMF<\/strong><\/p>\n\n\n\t\t<div class=\"pk-inline-posts\">\n\t\t\t\t\t\t\t<h5 class=\"pk-inline-posts-title pk-title pk-font-block\">\n\t\t\t\t\t\u00daltimas entradas\t\t\t\t<\/h5>\n\t\t\t\n\t\t\t<div class=\"pk-inline-posts-container pk-inline-posts-template-list\"\n\t\t\t\tdata-columns=\"1\">\n\t\t\t\t\t\t<article id=\"post-118553\" class=\"post-118553 post type-post status-publish format-standard has-post-thumbnail category-noticias-internacionales tag-agresion-estudiantil tag-autoridad-docente tag-convivencia-escolar tag-disciplina-escolar tag-justicia-educativa tag-respeto-en-el-aula tag-rol-del-docente tag-seguridad-docente tag-sistema-educativo tag-violencia-escolar cs-entry cs-video-wrap\">\n\t\t\t<div class=\"pk-post-outer\">\n\n\t\t\t\t\t\t\t\t<div class=\"pk-post-inner\">\n\t\t\t\t\t<div class=\"entry-thumbnail\">\n\t\t\t\t\t\t<div class=\"pk-overlay pk-overlay-ratio pk-ratio-landscape\">\n\t\t\t\t\t\t\t<div class=\"pk-overlay-background\">\n\t\t\t\t\t\t\t\t<a href=\"https:\/\/webdelmaestrocmf.com\/portal\/existen-casos-en-paises-como-ee-uu-y-chile-donde-estudiantes-han-recibido-penas-privativas-de-libertad-por-agredir-a-docentes-esta-de-acuerdo-con-esta-medida-la-implementaria-en-su-pais\/\" class=\"pk-overlay-link\">\n\t\t\t\t\t\t\t\t\t<img loading=\"lazy\" decoding=\"async\" width=\"300\" height=\"225\" src=\"https:\/\/webdelmaestrocmf.com\/portal\/wp-content\/uploads\/2026\/05\/1AA-Banner-1-portada-imagen-10-1-copia-2-300x225.webp\" class=\"attachment-pk-thumbnail size-pk-thumbnail wp-post-image\" alt=\"\" \/>\t\t\t\t\t\t\t\t<\/a>\n\t\t\t\t\t\t\t<\/div>\n\t\t\t\t\t\t<\/div>\n\t\t\t\t\t<\/div>\n\t\t\t\t<\/div>\n\t\t\t\t\n\t\t\t\t<div class=\"pk-post-inner\">\n\t\t\t\t\t<header>\n\t\t\t\t\t\t<h3 class=\"pk-title\"><a href=\"https:\/\/webdelmaestrocmf.com\/portal\/existen-casos-en-paises-como-ee-uu-y-chile-donde-estudiantes-han-recibido-penas-privativas-de-libertad-por-agredir-a-docentes-esta-de-acuerdo-con-esta-medida-la-implementaria-en-su-pais\/\" rel=\"bookmark\">Existen casos en pa\u00edses como EE.UU. y Chile donde estudiantes han recibido penas privativas de libertad por agredir a docentes. \u00bfEst\u00e1 de acuerdo con esta medida? \u00bfLa implementar\u00eda en su pa\u00eds?<\/a><\/h3>\t\t\t\t\t<\/header><!-- .entry-header -->\n\t\t\t\t<\/div><!-- .post-inner -->\n\n\t\t\t<\/div><!-- .post-outer -->\n\t\t<\/article>\n\t\t\t<article id=\"post-118546\" class=\"post-118546 post type-post status-publish format-standard has-post-thumbnail category-noticias-internacionales tag-aprendizaje tag-conflicto tag-crisis tag-docentes tag-educacion-3 tag-escuela tag-guerra tag-infancia tag-resiliencia tag-sociedad cs-entry cs-video-wrap\">\n\t\t\t<div class=\"pk-post-outer\">\n\n\t\t\t\t\t\t\t\t<div class=\"pk-post-inner\">\n\t\t\t\t\t<div class=\"entry-thumbnail\">\n\t\t\t\t\t\t<div class=\"pk-overlay pk-overlay-ratio pk-ratio-landscape\">\n\t\t\t\t\t\t\t<div class=\"pk-overlay-background\">\n\t\t\t\t\t\t\t\t<a href=\"https:\/\/webdelmaestrocmf.com\/portal\/rusia-bombardea-orfanato-y-escuela-judia-en-odesa-en-el-sur-de-ucrania\/\" class=\"pk-overlay-link\">\n\t\t\t\t\t\t\t\t\t<img loading=\"lazy\" decoding=\"async\" width=\"300\" height=\"225\" src=\"https:\/\/webdelmaestrocmf.com\/portal\/wp-content\/uploads\/2026\/05\/1AA-Banner-1-portada-imagen-10-1-copia-1-1-300x225.webp\" class=\"attachment-pk-thumbnail size-pk-thumbnail wp-post-image\" alt=\"\" \/>\t\t\t\t\t\t\t\t<\/a>\n\t\t\t\t\t\t\t<\/div>\n\t\t\t\t\t\t<\/div>\n\t\t\t\t\t<\/div>\n\t\t\t\t<\/div>\n\t\t\t\t\n\t\t\t\t<div class=\"pk-post-inner\">\n\t\t\t\t\t<header>\n\t\t\t\t\t\t<h3 class=\"pk-title\"><a href=\"https:\/\/webdelmaestrocmf.com\/portal\/rusia-bombardea-orfanato-y-escuela-judia-en-odesa-en-el-sur-de-ucrania\/\" rel=\"bookmark\">Rusia bombardea orfanato y escuela jud\u00eda en Odesa, en el sur de Ucrania<\/a><\/h3>\t\t\t\t\t<\/header><!-- .entry-header -->\n\t\t\t\t<\/div><!-- .post-inner -->\n\n\t\t\t<\/div><!-- .post-outer -->\n\t\t<\/article>\n\t\t\t<article id=\"post-118533\" class=\"post-118533 post type-post status-publish format-standard has-post-thumbnail category-noticias-internacionales tag-convivencia-escolar tag-docentes tag-educacion-2 tag-etica-educativa tag-normativa-escolar tag-preescolar tag-primaria tag-protocolos tag-rol-docente tag-seguridad-docente cs-entry cs-video-wrap\">\n\t\t\t<div class=\"pk-post-outer\">\n\n\t\t\t\t\t\t\t\t<div class=\"pk-post-inner\">\n\t\t\t\t\t<div class=\"entry-thumbnail\">\n\t\t\t\t\t\t<div class=\"pk-overlay pk-overlay-ratio pk-ratio-landscape\">\n\t\t\t\t\t\t\t<div class=\"pk-overlay-background\">\n\t\t\t\t\t\t\t\t<a href=\"https:\/\/webdelmaestrocmf.com\/portal\/profesor-advierte-a-docentes-no-pueden-asistir-a-un-nino-en-el-bano-por-riesgo-de-cargos-legales\/\" class=\"pk-overlay-link\">\n\t\t\t\t\t\t\t\t\t<img loading=\"lazy\" decoding=\"async\" width=\"300\" height=\"225\" src=\"https:\/\/webdelmaestrocmf.com\/portal\/wp-content\/uploads\/2026\/05\/1AA-Banner-1-portada-imagen-10-1-copia-300x225.webp\" class=\"attachment-pk-thumbnail size-pk-thumbnail wp-post-image\" alt=\"\" \/>\t\t\t\t\t\t\t\t<\/a>\n\t\t\t\t\t\t\t<\/div>\n\t\t\t\t\t\t<\/div>\n\t\t\t\t\t<\/div>\n\t\t\t\t<\/div>\n\t\t\t\t\n\t\t\t\t<div class=\"pk-post-inner\">\n\t\t\t\t\t<header>\n\t\t\t\t\t\t<h3 class=\"pk-title\"><a href=\"https:\/\/webdelmaestrocmf.com\/portal\/profesor-advierte-a-docentes-no-pueden-asistir-a-un-nino-en-el-bano-por-riesgo-de-cargos-legales\/\" rel=\"bookmark\">Profesor advierte a docentes: \u201cNo pueden asistir a un ni\u00f1o en el ba\u00f1o\u201d por riesgo de cargos legales<\/a><\/h3>\t\t\t\t\t<\/header><!-- .entry-header -->\n\t\t\t\t<\/div><!-- .post-inner -->\n\n\t\t\t<\/div><!-- .post-outer -->\n\t\t<\/article>\n\t\t\t\t<\/div>\n\t\t<\/div>\n\t\t\n","protected":false},"excerpt":{"rendered":"Una maestra advierte que la educaci\u00f3n requiere compromiso real de los padres. Sin participaci\u00f3n familiar, reuniones atendidas y acompa\u00f1amiento en casa, el trabajo docente se debilita y quienes terminan perjudicados son los estudiantes.","protected":false},"author":1,"featured_media":116476,"comment_status":"open","ping_status":"closed","sticky":false,"template":"","format":"standard","meta":{"csco_display_header_overlay":false,"csco_singular_sidebar":"","csco_page_header_type":"","csco_page_load_nextpost":"","csco_post_video_location":[],"csco_post_video_location_hash":"","csco_post_video_url":"","csco_post_video_bg_start_time":0,"csco_post_video_bg_end_time":0,"csco_post_video_bg_volume":false,"_jetpack_memberships_contains_paid_content":false,"footnotes":""},"categories":[23790],"tags":[25532,25220,17245,58,24919,445,25531,17637,19963,25530],"class_list":{"0":"post-116473","1":"post","2":"type-post","3":"status-publish","4":"format-standard","5":"has-post-thumbnail","7":"category-noticias-internacionales","8":"tag-acompanamiento-escolar","9":"tag-compromiso-familiar","10":"tag-comunidad-educativa","11":"tag-docentes","12":"tag-educacion-3","13":"tag-padres-de-familia","14":"tag-participacion-de-los-padres-2","15":"tag-responsabilidad-educativa","16":"tag-rol-de-los-padres","17":"tag-trabajo-escuela-familia","18":"cs-entry","19":"cs-video-wrap"},"yoast_head":"<!-- This site is optimized with the Yoast SEO plugin v27.5 - https:\/\/yoast.com\/product\/yoast-seo-wordpress\/ -->\n<title>Maestra llama la atenci\u00f3n a los padres y les dice: \u00bfEsperas que el maestro d\u00e9 el 100% por tu hijo? Entonces da t\u00fa tambi\u00e9n el 100% como padre - 2026<\/title>\n<meta name=\"description\" content=\"En un mensaje directo y contundente, una maestra de educaci\u00f3n b\u00e1sica expres\u00f3 p\u00fablicamente una preocupaci\u00f3n que muchos...\" \/>\n<meta name=\"robots\" content=\"index, follow, max-snippet:-1, max-image-preview:large, max-video-preview:-1\" \/>\n<link rel=\"canonical\" href=\"https:\/\/webdelmaestrocmf.com\/portal\/maestra-llama-la-atencion-a-los-padres-y-les-dice-esperas-que-el-maestro-de-el-100-por-tu-hijo-entonces-da-tu-tambien-el-100-como-padre\/\" \/>\n<meta property=\"og:locale\" content=\"es_ES\" \/>\n<meta property=\"og:type\" content=\"article\" \/>\n<meta property=\"og:title\" content=\"Maestra llama la atenci\u00f3n a los padres y les dice: \u00bfEsperas que el maestro d\u00e9 el 100% por tu hijo? Entonces da t\u00fa tambi\u00e9n el 100% como padre - 2026\" \/>\n<meta property=\"og:description\" content=\"En un mensaje directo y contundente, una maestra de educaci\u00f3n b\u00e1sica expres\u00f3 p\u00fablicamente una preocupaci\u00f3n que muchos...\" \/>\n<meta property=\"og:url\" content=\"https:\/\/webdelmaestrocmf.com\/portal\/maestra-llama-la-atencion-a-los-padres-y-les-dice-esperas-que-el-maestro-de-el-100-por-tu-hijo-entonces-da-tu-tambien-el-100-como-padre\/\" \/>\n<meta property=\"og:site_name\" content=\"Web del Maestro CMF\" \/>\n<meta property=\"article:publisher\" content=\"https:\/\/www.facebook.com\/WebdelMaestroCMF\/\" \/>\n<meta property=\"article:author\" content=\"https:\/\/www.facebook.com\/WebdelMaestroCMF\/\" \/>\n<meta property=\"article:published_time\" content=\"2026-03-14T20:07:43+00:00\" \/>\n<meta property=\"article:modified_time\" content=\"2026-03-29T15:20:46+00:00\" \/>\n<meta property=\"og:image\" content=\"https:\/\/webdelmaestrocmf.com\/portal\/wp-content\/uploads\/2026\/03\/image-1.png\" \/>\n\t<meta property=\"og:image:width\" content=\"678\" \/>\n\t<meta property=\"og:image:height\" content=\"544\" \/>\n\t<meta property=\"og:image:type\" content=\"image\/png\" \/>\n<meta name=\"author\" content=\"Web del Maestro CMF\" \/>\n<meta name=\"twitter:card\" content=\"summary_large_image\" \/>\n<meta name=\"twitter:creator\" content=\"@cmf_w\" \/>\n<meta name=\"twitter:site\" content=\"@cmf_w\" \/>\n<script type=\"application\/ld+json\" class=\"yoast-schema-graph\">{\"@context\":\"https:\\\/\\\/schema.org\",\"@graph\":[{\"@type\":\"ScholarlyArticle\",\"@id\":\"https:\\\/\\\/webdelmaestrocmf.com\\\/portal\\\/maestra-llama-la-atencion-a-los-padres-y-les-dice-esperas-que-el-maestro-de-el-100-por-tu-hijo-entonces-da-tu-tambien-el-100-como-padre\\\/#article\",\"isPartOf\":{\"@id\":\"https:\\\/\\\/webdelmaestrocmf.com\\\/portal\\\/maestra-llama-la-atencion-a-los-padres-y-les-dice-esperas-que-el-maestro-de-el-100-por-tu-hijo-entonces-da-tu-tambien-el-100-como-padre\\\/\"},\"author\":{\"name\":\"Web del Maestro CMF\",\"@id\":\"https:\\\/\\\/webdelmaestrocmf.com\\\/portal\\\/#\\\/schema\\\/person\\\/1072a2ed7bd960df8ef99a551fa35dc5\"},\"headline\":\"Maestra llama la atenci\u00f3n a los padres y les dice: \u00bfEsperas que el maestro d\u00e9 el 100% por tu hijo? Entonces da t\u00fa tambi\u00e9n el 100% como padre\",\"datePublished\":\"2026-03-14T20:07:43+00:00\",\"dateModified\":\"2026-03-29T15:20:46+00:00\",\"mainEntityOfPage\":{\"@id\":\"https:\\\/\\\/webdelmaestrocmf.com\\\/portal\\\/maestra-llama-la-atencion-a-los-padres-y-les-dice-esperas-que-el-maestro-de-el-100-por-tu-hijo-entonces-da-tu-tambien-el-100-como-padre\\\/\"},\"wordCount\":1047,\"commentCount\":0,\"publisher\":{\"@id\":\"https:\\\/\\\/webdelmaestrocmf.com\\\/portal\\\/#organization\"},\"image\":{\"@id\":\"https:\\\/\\\/webdelmaestrocmf.com\\\/portal\\\/maestra-llama-la-atencion-a-los-padres-y-les-dice-esperas-que-el-maestro-de-el-100-por-tu-hijo-entonces-da-tu-tambien-el-100-como-padre\\\/#primaryimage\"},\"thumbnailUrl\":\"https:\\\/\\\/webdelmaestrocmf.com\\\/portal\\\/wp-content\\\/uploads\\\/2026\\\/03\\\/image-1.png\",\"keywords\":[\"acompa\u00f1amiento escolar\",\"compromiso familiar\",\"comunidad educativa\",\"DOCENTES\",\"educacion\",\"Padres de Familia\",\"participacion de los padres\",\"responsabilidad educativa\",\"rol de los padres\",\"trabajo escuela familia\"],\"articleSection\":[\"Noticias Internacionales\"],\"inLanguage\":\"es\",\"potentialAction\":[{\"@type\":\"CommentAction\",\"name\":\"Comment\",\"target\":[\"https:\\\/\\\/webdelmaestrocmf.com\\\/portal\\\/maestra-llama-la-atencion-a-los-padres-y-les-dice-esperas-que-el-maestro-de-el-100-por-tu-hijo-entonces-da-tu-tambien-el-100-como-padre\\\/#respond\"]}]},{\"@type\":\"WebPage\",\"@id\":\"https:\\\/\\\/webdelmaestrocmf.com\\\/portal\\\/maestra-llama-la-atencion-a-los-padres-y-les-dice-esperas-que-el-maestro-de-el-100-por-tu-hijo-entonces-da-tu-tambien-el-100-como-padre\\\/\",\"url\":\"https:\\\/\\\/webdelmaestrocmf.com\\\/portal\\\/maestra-llama-la-atencion-a-los-padres-y-les-dice-esperas-que-el-maestro-de-el-100-por-tu-hijo-entonces-da-tu-tambien-el-100-como-padre\\\/\",\"name\":\"Maestra llama la atenci\u00f3n a los padres y les dice: \u00bfEsperas que el maestro d\u00e9 el 100% por tu hijo? Entonces da t\u00fa tambi\u00e9n el 100% como padre - 2026\",\"isPartOf\":{\"@id\":\"https:\\\/\\\/webdelmaestrocmf.com\\\/portal\\\/#website\"},\"primaryImageOfPage\":{\"@id\":\"https:\\\/\\\/webdelmaestrocmf.com\\\/portal\\\/maestra-llama-la-atencion-a-los-padres-y-les-dice-esperas-que-el-maestro-de-el-100-por-tu-hijo-entonces-da-tu-tambien-el-100-como-padre\\\/#primaryimage\"},\"image\":{\"@id\":\"https:\\\/\\\/webdelmaestrocmf.com\\\/portal\\\/maestra-llama-la-atencion-a-los-padres-y-les-dice-esperas-que-el-maestro-de-el-100-por-tu-hijo-entonces-da-tu-tambien-el-100-como-padre\\\/#primaryimage\"},\"thumbnailUrl\":\"https:\\\/\\\/webdelmaestrocmf.com\\\/portal\\\/wp-content\\\/uploads\\\/2026\\\/03\\\/image-1.png\",\"datePublished\":\"2026-03-14T20:07:43+00:00\",\"dateModified\":\"2026-03-29T15:20:46+00:00\",\"description\":\"En un mensaje directo y contundente, una maestra de educaci\u00f3n b\u00e1sica expres\u00f3 p\u00fablicamente una preocupaci\u00f3n que muchos...\",\"breadcrumb\":{\"@id\":\"https:\\\/\\\/webdelmaestrocmf.com\\\/portal\\\/maestra-llama-la-atencion-a-los-padres-y-les-dice-esperas-que-el-maestro-de-el-100-por-tu-hijo-entonces-da-tu-tambien-el-100-como-padre\\\/#breadcrumb\"},\"inLanguage\":\"es\",\"potentialAction\":[{\"@type\":\"ReadAction\",\"target\":[\"https:\\\/\\\/webdelmaestrocmf.com\\\/portal\\\/maestra-llama-la-atencion-a-los-padres-y-les-dice-esperas-que-el-maestro-de-el-100-por-tu-hijo-entonces-da-tu-tambien-el-100-como-padre\\\/\"]}]},{\"@type\":\"ImageObject\",\"inLanguage\":\"es\",\"@id\":\"https:\\\/\\\/webdelmaestrocmf.com\\\/portal\\\/maestra-llama-la-atencion-a-los-padres-y-les-dice-esperas-que-el-maestro-de-el-100-por-tu-hijo-entonces-da-tu-tambien-el-100-como-padre\\\/#primaryimage\",\"url\":\"https:\\\/\\\/webdelmaestrocmf.com\\\/portal\\\/wp-content\\\/uploads\\\/2026\\\/03\\\/image-1.png\",\"contentUrl\":\"https:\\\/\\\/webdelmaestrocmf.com\\\/portal\\\/wp-content\\\/uploads\\\/2026\\\/03\\\/image-1.png\",\"width\":678,\"height\":544},{\"@type\":\"BreadcrumbList\",\"@id\":\"https:\\\/\\\/webdelmaestrocmf.com\\\/portal\\\/maestra-llama-la-atencion-a-los-padres-y-les-dice-esperas-que-el-maestro-de-el-100-por-tu-hijo-entonces-da-tu-tambien-el-100-como-padre\\\/#breadcrumb\",\"itemListElement\":[{\"@type\":\"ListItem\",\"position\":1,\"name\":\"Portada\",\"item\":\"https:\\\/\\\/webdelmaestrocmf.com\\\/portal\\\/\"},{\"@type\":\"ListItem\",\"position\":2,\"name\":\"Noticias Internacionales\",\"item\":\"https:\\\/\\\/webdelmaestrocmf.com\\\/portal\\\/category\\\/noticias-internacionales\\\/\"},{\"@type\":\"ListItem\",\"position\":3,\"name\":\"Maestra llama la atenci\u00f3n a los padres y les dice: \u00bfEsperas que el maestro d\u00e9 el 100% por tu hijo? Entonces da t\u00fa tambi\u00e9n el 100% como padre\"}]},{\"@type\":\"WebSite\",\"@id\":\"https:\\\/\\\/webdelmaestrocmf.com\\\/portal\\\/#website\",\"url\":\"https:\\\/\\\/webdelmaestrocmf.com\\\/portal\\\/\",\"name\":\"Web del Maestro CMF\",\"description\":\"Maestros al servicio de la educaci\u00f3n\",\"publisher\":{\"@id\":\"https:\\\/\\\/webdelmaestrocmf.com\\\/portal\\\/#organization\"},\"alternateName\":\"WMCMF\",\"potentialAction\":[{\"@type\":\"SearchAction\",\"target\":{\"@type\":\"EntryPoint\",\"urlTemplate\":\"https:\\\/\\\/webdelmaestrocmf.com\\\/portal\\\/?s={search_term_string}\"},\"query-input\":{\"@type\":\"PropertyValueSpecification\",\"valueRequired\":true,\"valueName\":\"search_term_string\"}}],\"inLanguage\":\"es\"},{\"@type\":\"Organization\",\"@id\":\"https:\\\/\\\/webdelmaestrocmf.com\\\/portal\\\/#organization\",\"name\":\"Web del Maestro CMF\",\"alternateName\":\"WMCMF\",\"url\":\"https:\\\/\\\/webdelmaestrocmf.com\\\/portal\\\/\",\"logo\":{\"@type\":\"ImageObject\",\"inLanguage\":\"es\",\"@id\":\"https:\\\/\\\/webdelmaestrocmf.com\\\/portal\\\/#\\\/schema\\\/logo\\\/image\\\/\",\"url\":\"https:\\\/\\\/webdelmaestrocmf.com\\\/portal\\\/wp-content\\\/uploads\\\/2023\\\/01\\\/logo-wmcmf-2.png\",\"contentUrl\":\"https:\\\/\\\/webdelmaestrocmf.com\\\/portal\\\/wp-content\\\/uploads\\\/2023\\\/01\\\/logo-wmcmf-2.png\",\"width\":200,\"height\":60,\"caption\":\"Web del Maestro CMF\"},\"image\":{\"@id\":\"https:\\\/\\\/webdelmaestrocmf.com\\\/portal\\\/#\\\/schema\\\/logo\\\/image\\\/\"},\"sameAs\":[\"https:\\\/\\\/www.facebook.com\\\/WebdelMaestroCMF\\\/\",\"https:\\\/\\\/x.com\\\/cmf_w\",\"https:\\\/\\\/www.pinterest.com\\\/WMCMF\\\/\",\"https:\\\/\\\/www.linkedin.com\\\/company\\\/web-del-maestro-cmf\\\/\",\"https:\\\/\\\/www.instagram.com\\\/wmcmf\\\/\",\"https:\\\/\\\/www.youtube.com\\\/channel\\\/UCDPSvjbdodE5sHnC3OxutHw\",\"https:\\\/\\\/mastodon.social\\\/@wmcmf\",\"https:\\\/\\\/www.tiktok.com\\\/@webdelmaestrocmf\"]},{\"@type\":\"Person\",\"@id\":\"https:\\\/\\\/webdelmaestrocmf.com\\\/portal\\\/#\\\/schema\\\/person\\\/1072a2ed7bd960df8ef99a551fa35dc5\",\"name\":\"Web del Maestro CMF\",\"image\":{\"@type\":\"ImageObject\",\"inLanguage\":\"es\",\"@id\":\"https:\\\/\\\/secure.gravatar.com\\\/avatar\\\/23291dd5b5ae1077dcff3dbb04c3e02bd28403fa75af6d8787d5e97c5bbbe30b?s=96&d=mm&r=g\",\"url\":\"https:\\\/\\\/secure.gravatar.com\\\/avatar\\\/23291dd5b5ae1077dcff3dbb04c3e02bd28403fa75af6d8787d5e97c5bbbe30b?s=96&d=mm&r=g\",\"contentUrl\":\"https:\\\/\\\/secure.gravatar.com\\\/avatar\\\/23291dd5b5ae1077dcff3dbb04c3e02bd28403fa75af6d8787d5e97c5bbbe30b?s=96&d=mm&r=g\",\"caption\":\"Web del Maestro CMF\"},\"description\":\"Esta Web se cre\u00f3 sin fines de lucro, con fines educativos, cient\u00edficos y acad\u00e9micos, para personas que tengan dificultades y\\\/o inconvenientes en visualizar el material original. El objetivo es entregar recursos, compartir experiencias y materiales que ayuden a los padres de familia, maestros y estudiantes en su actualizaci\u00f3n y formaci\u00f3n permanente, en bien de la Educaci\u00f3n.\",\"sameAs\":[\"http:\\\/\\\/webdelmaestrocmf.com\\\/portal\",\"https:\\\/\\\/www.facebook.com\\\/WebdelMaestroCMF\\\/\",\"https:\\\/\\\/www.instagram.com\\\/wmcmf\\\/\",\"https:\\\/\\\/cl.linkedin.com\\\/company\\\/web-del-maestro-cmf\",\"https:\\\/\\\/www.pinterest.com\\\/WMCMF\\\/publicaciones\\\/\",\"https:\\\/\\\/x.com\\\/cmf_w\",\"https:\\\/\\\/www.youtube.com\\\/@WMCMF\"]}]}<\/script>\n<!-- \/ Yoast SEO plugin. -->","yoast_head_json":{"title":"Maestra llama la atenci\u00f3n a los padres y les dice: \u00bfEsperas que el maestro d\u00e9 el 100% por tu hijo? Entonces da t\u00fa tambi\u00e9n el 100% como padre - 2026","description":"En un mensaje directo y contundente, una maestra de educaci\u00f3n b\u00e1sica expres\u00f3 p\u00fablicamente una preocupaci\u00f3n que muchos...","robots":{"index":"index","follow":"follow","max-snippet":"max-snippet:-1","max-image-preview":"max-image-preview:large","max-video-preview":"max-video-preview:-1"},"canonical":"https:\/\/webdelmaestrocmf.com\/portal\/maestra-llama-la-atencion-a-los-padres-y-les-dice-esperas-que-el-maestro-de-el-100-por-tu-hijo-entonces-da-tu-tambien-el-100-como-padre\/","og_locale":"es_ES","og_type":"article","og_title":"Maestra llama la atenci\u00f3n a los padres y les dice: \u00bfEsperas que el maestro d\u00e9 el 100% por tu hijo? Entonces da t\u00fa tambi\u00e9n el 100% como padre - 2026","og_description":"En un mensaje directo y contundente, una maestra de educaci\u00f3n b\u00e1sica expres\u00f3 p\u00fablicamente una preocupaci\u00f3n que muchos...","og_url":"https:\/\/webdelmaestrocmf.com\/portal\/maestra-llama-la-atencion-a-los-padres-y-les-dice-esperas-que-el-maestro-de-el-100-por-tu-hijo-entonces-da-tu-tambien-el-100-como-padre\/","og_site_name":"Web del Maestro CMF","article_publisher":"https:\/\/www.facebook.com\/WebdelMaestroCMF\/","article_author":"https:\/\/www.facebook.com\/WebdelMaestroCMF\/","article_published_time":"2026-03-14T20:07:43+00:00","article_modified_time":"2026-03-29T15:20:46+00:00","og_image":[{"width":678,"height":544,"url":"https:\/\/webdelmaestrocmf.com\/portal\/wp-content\/uploads\/2026\/03\/image-1.png","type":"image\/png"}],"author":"Web del Maestro CMF","twitter_card":"summary_large_image","twitter_creator":"@cmf_w","twitter_site":"@cmf_w","schema":{"@context":"https:\/\/schema.org","@graph":[{"@type":"ScholarlyArticle","@id":"https:\/\/webdelmaestrocmf.com\/portal\/maestra-llama-la-atencion-a-los-padres-y-les-dice-esperas-que-el-maestro-de-el-100-por-tu-hijo-entonces-da-tu-tambien-el-100-como-padre\/#article","isPartOf":{"@id":"https:\/\/webdelmaestrocmf.com\/portal\/maestra-llama-la-atencion-a-los-padres-y-les-dice-esperas-que-el-maestro-de-el-100-por-tu-hijo-entonces-da-tu-tambien-el-100-como-padre\/"},"author":{"name":"Web del Maestro CMF","@id":"https:\/\/webdelmaestrocmf.com\/portal\/#\/schema\/person\/1072a2ed7bd960df8ef99a551fa35dc5"},"headline":"Maestra llama la atenci\u00f3n a los padres y les dice: \u00bfEsperas que el maestro d\u00e9 el 100% por tu hijo? Entonces da t\u00fa tambi\u00e9n el 100% como padre","datePublished":"2026-03-14T20:07:43+00:00","dateModified":"2026-03-29T15:20:46+00:00","mainEntityOfPage":{"@id":"https:\/\/webdelmaestrocmf.com\/portal\/maestra-llama-la-atencion-a-los-padres-y-les-dice-esperas-que-el-maestro-de-el-100-por-tu-hijo-entonces-da-tu-tambien-el-100-como-padre\/"},"wordCount":1047,"commentCount":0,"publisher":{"@id":"https:\/\/webdelmaestrocmf.com\/portal\/#organization"},"image":{"@id":"https:\/\/webdelmaestrocmf.com\/portal\/maestra-llama-la-atencion-a-los-padres-y-les-dice-esperas-que-el-maestro-de-el-100-por-tu-hijo-entonces-da-tu-tambien-el-100-como-padre\/#primaryimage"},"thumbnailUrl":"https:\/\/webdelmaestrocmf.com\/portal\/wp-content\/uploads\/2026\/03\/image-1.png","keywords":["acompa\u00f1amiento escolar","compromiso familiar","comunidad educativa","DOCENTES","educacion","Padres de Familia","participacion de los padres","responsabilidad educativa","rol de los padres","trabajo escuela familia"],"articleSection":["Noticias Internacionales"],"inLanguage":"es","potentialAction":[{"@type":"CommentAction","name":"Comment","target":["https:\/\/webdelmaestrocmf.com\/portal\/maestra-llama-la-atencion-a-los-padres-y-les-dice-esperas-que-el-maestro-de-el-100-por-tu-hijo-entonces-da-tu-tambien-el-100-como-padre\/#respond"]}]},{"@type":"WebPage","@id":"https:\/\/webdelmaestrocmf.com\/portal\/maestra-llama-la-atencion-a-los-padres-y-les-dice-esperas-que-el-maestro-de-el-100-por-tu-hijo-entonces-da-tu-tambien-el-100-como-padre\/","url":"https:\/\/webdelmaestrocmf.com\/portal\/maestra-llama-la-atencion-a-los-padres-y-les-dice-esperas-que-el-maestro-de-el-100-por-tu-hijo-entonces-da-tu-tambien-el-100-como-padre\/","name":"Maestra llama la atenci\u00f3n a los padres y les dice: \u00bfEsperas que el maestro d\u00e9 el 100% por tu hijo? Entonces da t\u00fa tambi\u00e9n el 100% como padre - 2026","isPartOf":{"@id":"https:\/\/webdelmaestrocmf.com\/portal\/#website"},"primaryImageOfPage":{"@id":"https:\/\/webdelmaestrocmf.com\/portal\/maestra-llama-la-atencion-a-los-padres-y-les-dice-esperas-que-el-maestro-de-el-100-por-tu-hijo-entonces-da-tu-tambien-el-100-como-padre\/#primaryimage"},"image":{"@id":"https:\/\/webdelmaestrocmf.com\/portal\/maestra-llama-la-atencion-a-los-padres-y-les-dice-esperas-que-el-maestro-de-el-100-por-tu-hijo-entonces-da-tu-tambien-el-100-como-padre\/#primaryimage"},"thumbnailUrl":"https:\/\/webdelmaestrocmf.com\/portal\/wp-content\/uploads\/2026\/03\/image-1.png","datePublished":"2026-03-14T20:07:43+00:00","dateModified":"2026-03-29T15:20:46+00:00","description":"En un mensaje directo y contundente, una maestra de educaci\u00f3n b\u00e1sica expres\u00f3 p\u00fablicamente una preocupaci\u00f3n que muchos...","breadcrumb":{"@id":"https:\/\/webdelmaestrocmf.com\/portal\/maestra-llama-la-atencion-a-los-padres-y-les-dice-esperas-que-el-maestro-de-el-100-por-tu-hijo-entonces-da-tu-tambien-el-100-como-padre\/#breadcrumb"},"inLanguage":"es","potentialAction":[{"@type":"ReadAction","target":["https:\/\/webdelmaestrocmf.com\/portal\/maestra-llama-la-atencion-a-los-padres-y-les-dice-esperas-que-el-maestro-de-el-100-por-tu-hijo-entonces-da-tu-tambien-el-100-como-padre\/"]}]},{"@type":"ImageObject","inLanguage":"es","@id":"https:\/\/webdelmaestrocmf.com\/portal\/maestra-llama-la-atencion-a-los-padres-y-les-dice-esperas-que-el-maestro-de-el-100-por-tu-hijo-entonces-da-tu-tambien-el-100-como-padre\/#primaryimage","url":"https:\/\/webdelmaestrocmf.com\/portal\/wp-content\/uploads\/2026\/03\/image-1.png","contentUrl":"https:\/\/webdelmaestrocmf.com\/portal\/wp-content\/uploads\/2026\/03\/image-1.png","width":678,"height":544},{"@type":"BreadcrumbList","@id":"https:\/\/webdelmaestrocmf.com\/portal\/maestra-llama-la-atencion-a-los-padres-y-les-dice-esperas-que-el-maestro-de-el-100-por-tu-hijo-entonces-da-tu-tambien-el-100-como-padre\/#breadcrumb","itemListElement":[{"@type":"ListItem","position":1,"name":"Portada","item":"https:\/\/webdelmaestrocmf.com\/portal\/"},{"@type":"ListItem","position":2,"name":"Noticias Internacionales","item":"https:\/\/webdelmaestrocmf.com\/portal\/category\/noticias-internacionales\/"},{"@type":"ListItem","position":3,"name":"Maestra llama la atenci\u00f3n a los padres y les dice: \u00bfEsperas que el maestro d\u00e9 el 100% por tu hijo? Entonces da t\u00fa tambi\u00e9n el 100% como padre"}]},{"@type":"WebSite","@id":"https:\/\/webdelmaestrocmf.com\/portal\/#website","url":"https:\/\/webdelmaestrocmf.com\/portal\/","name":"Web del Maestro CMF","description":"Maestros al servicio de la educaci\u00f3n","publisher":{"@id":"https:\/\/webdelmaestrocmf.com\/portal\/#organization"},"alternateName":"WMCMF","potentialAction":[{"@type":"SearchAction","target":{"@type":"EntryPoint","urlTemplate":"https:\/\/webdelmaestrocmf.com\/portal\/?s={search_term_string}"},"query-input":{"@type":"PropertyValueSpecification","valueRequired":true,"valueName":"search_term_string"}}],"inLanguage":"es"},{"@type":"Organization","@id":"https:\/\/webdelmaestrocmf.com\/portal\/#organization","name":"Web del Maestro CMF","alternateName":"WMCMF","url":"https:\/\/webdelmaestrocmf.com\/portal\/","logo":{"@type":"ImageObject","inLanguage":"es","@id":"https:\/\/webdelmaestrocmf.com\/portal\/#\/schema\/logo\/image\/","url":"https:\/\/webdelmaestrocmf.com\/portal\/wp-content\/uploads\/2023\/01\/logo-wmcmf-2.png","contentUrl":"https:\/\/webdelmaestrocmf.com\/portal\/wp-content\/uploads\/2023\/01\/logo-wmcmf-2.png","width":200,"height":60,"caption":"Web del Maestro CMF"},"image":{"@id":"https:\/\/webdelmaestrocmf.com\/portal\/#\/schema\/logo\/image\/"},"sameAs":["https:\/\/www.facebook.com\/WebdelMaestroCMF\/","https:\/\/x.com\/cmf_w","https:\/\/www.pinterest.com\/WMCMF\/","https:\/\/www.linkedin.com\/company\/web-del-maestro-cmf\/","https:\/\/www.instagram.com\/wmcmf\/","https:\/\/www.youtube.com\/channel\/UCDPSvjbdodE5sHnC3OxutHw","https:\/\/mastodon.social\/@wmcmf","https:\/\/www.tiktok.com\/@webdelmaestrocmf"]},{"@type":"Person","@id":"https:\/\/webdelmaestrocmf.com\/portal\/#\/schema\/person\/1072a2ed7bd960df8ef99a551fa35dc5","name":"Web del Maestro CMF","image":{"@type":"ImageObject","inLanguage":"es","@id":"https:\/\/secure.gravatar.com\/avatar\/23291dd5b5ae1077dcff3dbb04c3e02bd28403fa75af6d8787d5e97c5bbbe30b?s=96&d=mm&r=g","url":"https:\/\/secure.gravatar.com\/avatar\/23291dd5b5ae1077dcff3dbb04c3e02bd28403fa75af6d8787d5e97c5bbbe30b?s=96&d=mm&r=g","contentUrl":"https:\/\/secure.gravatar.com\/avatar\/23291dd5b5ae1077dcff3dbb04c3e02bd28403fa75af6d8787d5e97c5bbbe30b?s=96&d=mm&r=g","caption":"Web del Maestro CMF"},"description":"Esta Web se cre\u00f3 sin fines de lucro, con fines educativos, cient\u00edficos y acad\u00e9micos, para personas que tengan dificultades y\/o inconvenientes en visualizar el material original. El objetivo es entregar recursos, compartir experiencias y materiales que ayuden a los padres de familia, maestros y estudiantes en su actualizaci\u00f3n y formaci\u00f3n permanente, en bien de la Educaci\u00f3n.","sameAs":["http:\/\/webdelmaestrocmf.com\/portal","https:\/\/www.facebook.com\/WebdelMaestroCMF\/","https:\/\/www.instagram.com\/wmcmf\/","https:\/\/cl.linkedin.com\/company\/web-del-maestro-cmf","https:\/\/www.pinterest.com\/WMCMF\/publicaciones\/","https:\/\/x.com\/cmf_w","https:\/\/www.youtube.com\/@WMCMF"]}]}},"jetpack_featured_media_url":"https:\/\/webdelmaestrocmf.com\/portal\/wp-content\/uploads\/2026\/03\/image-1.png","jetpack_sharing_enabled":true,"jetpack-related-posts":[{"id":114907,"url":"https:\/\/webdelmaestrocmf.com\/portal\/descarga-la-boleta-de-autoevaluacion-para-padres-de-familia-una-herramienta-clave-para-fortalecer-el-vinculo-escuela-familia\/","url_meta":{"origin":116473,"position":0},"title":"Descarga la Boleta de autoevaluaci\u00f3n para padres de familia: una herramienta clave para fortalecer el v\u00ednculo escuela\u2013familia","author":"Web del Maestro CMF","date":"21 enero, 2026","format":false,"excerpt":"Herramienta pedag\u00f3gica que invita a los padres a reflexionar sobre su compromiso educativo y fortalecer la corresponsabilidad familia escuela hogar.","rel":"","context":"En \u00abDescargas Manuales PDF\u00bb","block_context":{"text":"Descargas Manuales PDF","link":"https:\/\/webdelmaestrocmf.com\/portal\/category\/pedagogia\/descargas-manuales-pdf\/"},"img":{"alt_text":"","src":"https:\/\/i0.wp.com\/webdelmaestrocmf.com\/portal\/wp-content\/uploads\/2026\/01\/1A-Banner-1-portada-imagen-10-1-copia-1-10.webp?resize=350%2C200&ssl=1","width":350,"height":200,"srcset":"https:\/\/i0.wp.com\/webdelmaestrocmf.com\/portal\/wp-content\/uploads\/2026\/01\/1A-Banner-1-portada-imagen-10-1-copia-1-10.webp?resize=350%2C200&ssl=1 1x, https:\/\/i0.wp.com\/webdelmaestrocmf.com\/portal\/wp-content\/uploads\/2026\/01\/1A-Banner-1-portada-imagen-10-1-copia-1-10.webp?resize=525%2C300&ssl=1 1.5x, https:\/\/i0.wp.com\/webdelmaestrocmf.com\/portal\/wp-content\/uploads\/2026\/01\/1A-Banner-1-portada-imagen-10-1-copia-1-10.webp?resize=700%2C400&ssl=1 2x"},"classes":[]},{"id":114010,"url":"https:\/\/webdelmaestrocmf.com\/portal\/maestra-desata-conmocion-en-tiktok-al-decir-hay-algunos-padres-que-quieren-que-el-colegio-lo-haga-todo\/","url_meta":{"origin":116473,"position":1},"title":"Maestra desata conmoci\u00f3n en TikTok al decir: \u201cHay algunos padres que quieren que el colegio lo haga todo\u00bb","author":"Web del Maestro CMF","date":"13 diciembre, 2025","format":false,"excerpt":"En casa no hay reglas, ni tiempo, ni disposici\u00f3n para criar.","rel":"","context":"En \u00abNoticias Internacionales\u00bb","block_context":{"text":"Noticias Internacionales","link":"https:\/\/webdelmaestrocmf.com\/portal\/category\/noticias-internacionales\/"},"img":{"alt_text":"","src":"https:\/\/i0.wp.com\/webdelmaestrocmf.com\/portal\/wp-content\/uploads\/2025\/12\/1A-Banner-1-portada-imagen-10-1-copia-1-9.webp?resize=350%2C200&ssl=1","width":350,"height":200,"srcset":"https:\/\/i0.wp.com\/webdelmaestrocmf.com\/portal\/wp-content\/uploads\/2025\/12\/1A-Banner-1-portada-imagen-10-1-copia-1-9.webp?resize=350%2C200&ssl=1 1x, https:\/\/i0.wp.com\/webdelmaestrocmf.com\/portal\/wp-content\/uploads\/2025\/12\/1A-Banner-1-portada-imagen-10-1-copia-1-9.webp?resize=525%2C300&ssl=1 1.5x, https:\/\/i0.wp.com\/webdelmaestrocmf.com\/portal\/wp-content\/uploads\/2025\/12\/1A-Banner-1-portada-imagen-10-1-copia-1-9.webp?resize=700%2C400&ssl=1 2x"},"classes":[]},{"id":117866,"url":"https:\/\/webdelmaestrocmf.com\/portal\/padre-de-familia-escribe-una-polemica-carta-al-profesor-de-su-hijo-la-educacion-de-mi-hijo-es-su-trabajo\/","url_meta":{"origin":116473,"position":2},"title":"Padre de familia escribe una pol\u00e9mica carta al profesor de su hijo: \u201cLa educaci\u00f3n de mi hijo es su trabajo\u201d","author":"Web del Maestro CMF","date":"16 abril, 2026","format":false,"excerpt":"La educaci\u00f3n no es responsabilidad exclusiva del docente. Sin el compromiso de la familia, el aprendizaje se debilita. Educar exige corresponsabilidad, respeto mutuo y una alianza s\u00f3lida entre hogar y escuela.","rel":"","context":"En \u00abNoticias Internacionales\u00bb","block_context":{"text":"Noticias Internacionales","link":"https:\/\/webdelmaestrocmf.com\/portal\/category\/noticias-internacionales\/"},"img":{"alt_text":"","src":"https:\/\/i0.wp.com\/webdelmaestrocmf.com\/portal\/wp-content\/uploads\/2026\/04\/1AA-Banner-1-portada-imagen-10-1-copia-24.webp?resize=350%2C200&ssl=1","width":350,"height":200,"srcset":"https:\/\/i0.wp.com\/webdelmaestrocmf.com\/portal\/wp-content\/uploads\/2026\/04\/1AA-Banner-1-portada-imagen-10-1-copia-24.webp?resize=350%2C200&ssl=1 1x, https:\/\/i0.wp.com\/webdelmaestrocmf.com\/portal\/wp-content\/uploads\/2026\/04\/1AA-Banner-1-portada-imagen-10-1-copia-24.webp?resize=525%2C300&ssl=1 1.5x, https:\/\/i0.wp.com\/webdelmaestrocmf.com\/portal\/wp-content\/uploads\/2026\/04\/1AA-Banner-1-portada-imagen-10-1-copia-24.webp?resize=700%2C400&ssl=1 2x, https:\/\/i0.wp.com\/webdelmaestrocmf.com\/portal\/wp-content\/uploads\/2026\/04\/1AA-Banner-1-portada-imagen-10-1-copia-24.webp?resize=1050%2C600&ssl=1 3x"},"classes":[]},{"id":117228,"url":"https:\/\/webdelmaestrocmf.com\/portal\/el-presidente-de-chile-hace-un-llamado-a-los-padres-de-familia-a-hacerse-cargo\/","url_meta":{"origin":116473,"position":3},"title":"El presidente de Chile hace un llamado a los padres de familia a \u201chacerse cargo\u201d","author":"Web del Maestro CMF","date":"3 abril, 2026","format":false,"excerpt":"La violencia escolar refleja una crisis educativa profunda. Sin compromiso familiar, respeto a la autoridad docente y disciplina, no es posible garantizar un ambiente seguro que permita aprender y convivir adecuadamente.","rel":"","context":"En \u00abNoticias Internacionales\u00bb","block_context":{"text":"Noticias Internacionales","link":"https:\/\/webdelmaestrocmf.com\/portal\/category\/noticias-internacionales\/"},"img":{"alt_text":"","src":"https:\/\/i0.wp.com\/webdelmaestrocmf.com\/portal\/wp-content\/uploads\/2026\/04\/1AA-Banner-1-portada-imagen-10-1-copia-11.webp?resize=350%2C200&ssl=1","width":350,"height":200,"srcset":"https:\/\/i0.wp.com\/webdelmaestrocmf.com\/portal\/wp-content\/uploads\/2026\/04\/1AA-Banner-1-portada-imagen-10-1-copia-11.webp?resize=350%2C200&ssl=1 1x, https:\/\/i0.wp.com\/webdelmaestrocmf.com\/portal\/wp-content\/uploads\/2026\/04\/1AA-Banner-1-portada-imagen-10-1-copia-11.webp?resize=525%2C300&ssl=1 1.5x, https:\/\/i0.wp.com\/webdelmaestrocmf.com\/portal\/wp-content\/uploads\/2026\/04\/1AA-Banner-1-portada-imagen-10-1-copia-11.webp?resize=700%2C400&ssl=1 2x, https:\/\/i0.wp.com\/webdelmaestrocmf.com\/portal\/wp-content\/uploads\/2026\/04\/1AA-Banner-1-portada-imagen-10-1-copia-11.webp?resize=1050%2C600&ssl=1 3x"},"classes":[]},{"id":103124,"url":"https:\/\/webdelmaestrocmf.com\/portal\/13-nuevos-modelos-de-acta-de-compromiso-del-padre-de-familia\/","url_meta":{"origin":116473,"position":4},"title":"13 nuevos modelos de Acta de compromiso del padre de familia","author":"Web del Maestro CMF","date":"2 julio, 2025","format":false,"excerpt":"\u00a1Aprovecha! Compartimos hoy 13 modelos de formatos editables en Word, teniendo como modelo el Acta de Compromiso del Padre de Familia","rel":"","context":"En \u00abDescarga\u00bb","block_context":{"text":"Descarga","link":"https:\/\/webdelmaestrocmf.com\/portal\/category\/descarga\/"},"img":{"alt_text":"Acta de compromiso","src":"https:\/\/i0.wp.com\/webdelmaestrocmf.com\/portal\/wp-content\/uploads\/2024\/01\/Banner-1-portada-imagen-10-11-1.jpg?resize=350%2C200&ssl=1","width":350,"height":200,"srcset":"https:\/\/i0.wp.com\/webdelmaestrocmf.com\/portal\/wp-content\/uploads\/2024\/01\/Banner-1-portada-imagen-10-11-1.jpg?resize=350%2C200&ssl=1 1x, https:\/\/i0.wp.com\/webdelmaestrocmf.com\/portal\/wp-content\/uploads\/2024\/01\/Banner-1-portada-imagen-10-11-1.jpg?resize=525%2C300&ssl=1 1.5x, https:\/\/i0.wp.com\/webdelmaestrocmf.com\/portal\/wp-content\/uploads\/2024\/01\/Banner-1-portada-imagen-10-11-1.jpg?resize=700%2C400&ssl=1 2x"},"classes":[]},{"id":112795,"url":"https:\/\/webdelmaestrocmf.com\/portal\/hijos-huerfanos-de-padres-vivos-una-herida-silenciosa-en-la-escuela\/","url_meta":{"origin":116473,"position":5},"title":"Hijos hu\u00e9rfanos de padres vivos: una herida silenciosa en la escuela","author":"Web del Maestro CMF","date":"22 octubre, 2025","format":false,"excerpt":"Muchos ni\u00f1os hoy tienen padres vivos, pero ausentes. Llegan a la escuela buscando el afecto, la atenci\u00f3n y los l\u00edmites que en casa no encuentran.","rel":"","context":"En \u00abYo opino - WMCMF\u00bb","block_context":{"text":"Yo opino - WMCMF","link":"https:\/\/webdelmaestrocmf.com\/portal\/category\/jamb\/"},"img":{"alt_text":"","src":"https:\/\/i0.wp.com\/webdelmaestrocmf.com\/portal\/wp-content\/uploads\/2025\/10\/dsvs.jpg?resize=350%2C200&ssl=1","width":350,"height":200,"srcset":"https:\/\/i0.wp.com\/webdelmaestrocmf.com\/portal\/wp-content\/uploads\/2025\/10\/dsvs.jpg?resize=350%2C200&ssl=1 1x, https:\/\/i0.wp.com\/webdelmaestrocmf.com\/portal\/wp-content\/uploads\/2025\/10\/dsvs.jpg?resize=525%2C300&ssl=1 1.5x, https:\/\/i0.wp.com\/webdelmaestrocmf.com\/portal\/wp-content\/uploads\/2025\/10\/dsvs.jpg?resize=700%2C400&ssl=1 2x"},"classes":[]}],"_links":{"self":[{"href":"https:\/\/webdelmaestrocmf.com\/portal\/wp-json\/wp\/v2\/posts\/116473","targetHints":{"allow":["GET"]}}],"collection":[{"href":"https:\/\/webdelmaestrocmf.com\/portal\/wp-json\/wp\/v2\/posts"}],"about":[{"href":"https:\/\/webdelmaestrocmf.com\/portal\/wp-json\/wp\/v2\/types\/post"}],"author":[{"embeddable":true,"href":"https:\/\/webdelmaestrocmf.com\/portal\/wp-json\/wp\/v2\/users\/1"}],"replies":[{"embeddable":true,"href":"https:\/\/webdelmaestrocmf.com\/portal\/wp-json\/wp\/v2\/comments?post=116473"}],"version-history":[{"count":1,"href":"https:\/\/webdelmaestrocmf.com\/portal\/wp-json\/wp\/v2\/posts\/116473\/revisions"}],"predecessor-version":[{"id":116475,"href":"https:\/\/webdelmaestrocmf.com\/portal\/wp-json\/wp\/v2\/posts\/116473\/revisions\/116475"}],"wp:featuredmedia":[{"embeddable":true,"href":"https:\/\/webdelmaestrocmf.com\/portal\/wp-json\/wp\/v2\/media\/116476"}],"wp:attachment":[{"href":"https:\/\/webdelmaestrocmf.com\/portal\/wp-json\/wp\/v2\/media?parent=116473"}],"wp:term":[{"taxonomy":"category","embeddable":true,"href":"https:\/\/webdelmaestrocmf.com\/portal\/wp-json\/wp\/v2\/categories?post=116473"},{"taxonomy":"post_tag","embeddable":true,"href":"https:\/\/webdelmaestrocmf.com\/portal\/wp-json\/wp\/v2\/tags?post=116473"}],"curies":[{"name":"wp","href":"https:\/\/api.w.org\/{rel}","templated":true}]}}