{"id":116429,"date":"2026-03-12T21:57:19","date_gmt":"2026-03-13T00:57:19","guid":{"rendered":"https:\/\/webdelmaestrocmf.com\/portal\/?p=116429"},"modified":"2026-03-12T21:58:38","modified_gmt":"2026-03-13T00:58:38","slug":"escalada-de-tensiones-en-el-golfo-persico-ataques-petroleo-y-costos-militares","status":"publish","type":"post","link":"https:\/\/webdelmaestrocmf.com\/portal\/escalada-de-tensiones-en-el-golfo-persico-ataques-petroleo-y-costos-militares\/","title":{"rendered":"Escalada de tensiones en el Golfo P\u00e9rsico: ataques, petr\u00f3leo y costos militares"},"content":{"rendered":"\n<p>La tensi\u00f3n en Medio Oriente vuelve a intensificarse tras una nueva serie de ataques atribuidos a Ir\u00e1n contra instalaciones petroleras y buques en el Golfo P\u00e9rsico. Mientras el presidente de Estados Unidos, Donald Trump, sostiene p\u00fablicamente que la situaci\u00f3n militar est\u00e1 \u201cbajo control\u201d y que su pa\u00eds se encuentra \u201cen muy buena forma\u201d, los acontecimientos sobre el terreno parecen mostrar un escenario mucho m\u00e1s complejo y vol\u00e1til.<\/p>\n\n\n\n<h3 class=\"wp-block-heading\"><strong>Ataques a infraestructuras petroleras y buques<\/strong><\/h3>\n\n\n\n<p>Durante la madrugada, Ir\u00e1n habr\u00eda lanzado una nueva oleada de ataques contra objetivos energ\u00e9ticos en la regi\u00f3n. Entre los blancos se encuentran <strong>instalaciones petroleras en pa\u00edses situados al otro lado del Golfo P\u00e9rsico<\/strong>, as\u00ed como <strong>dos petroleros que navegaban frente a las costas de Irak<\/strong>. Adem\u00e1s, se reportaron <strong>impactos en tanques de combustible en Bar\u00e9in y Arabia Saudita<\/strong>, lo que provoc\u00f3 da\u00f1os materiales significativos y la muerte de al menos una persona.<\/p>\n\n\n\n<p>Estos ataques han tenido un impacto inmediato en los mercados energ\u00e9ticos internacionales. El precio del crudo se dispar\u00f3 hasta <strong>119 d\u00f3lares por barril<\/strong>, reflejando la preocupaci\u00f3n global por la seguridad del suministro petrolero en una de las regiones m\u00e1s estrat\u00e9gicas del planeta.<\/p>\n\n\n\n<p>Posteriormente, el precio retrocedi\u00f3 tras el anuncio de una <strong>liberaci\u00f3n hist\u00f3rica de reservas estrat\u00e9gicas de petr\u00f3leo<\/strong>, medida destinada a estabilizar el mercado y evitar una crisis energ\u00e9tica global.<\/p>\n\n\n\n<h3 class=\"wp-block-heading\"><strong>El papel del estrecho de Ormuz<\/strong><\/h3>\n\n\n\n<p>Uno de los puntos m\u00e1s sensibles del conflicto es el Estrecho de Ormuz, un paso mar\u00edtimo fundamental por donde circula una parte significativa del petr\u00f3leo mundial.<\/p>\n\n\n\n<p>Seg\u00fan declaraciones del gobierno estadounidense, el estrecho se mantiene bajo vigilancia y control militar. Sin embargo, los ataques contra petroleros y la amenaza de minas mar\u00edtimas han generado preocupaci\u00f3n entre las compa\u00f1\u00edas energ\u00e9ticas y las navieras que operan en la zona.<\/p>\n\n\n\n<p>La estrategia iran\u00ed parece centrarse precisamente en <strong>presionar la econom\u00eda global mediante la interrupci\u00f3n del tr\u00e1fico petrolero<\/strong>, utilizando ataques a infraestructuras energ\u00e9ticas y buques comerciales.<\/p>\n\n\n\n<h3 class=\"wp-block-heading\"><strong>La guerra del costo: tecnolog\u00eda cara contra armas baratas<\/strong><\/h3>\n\n\n\n<p>Uno de los elementos m\u00e1s llamativos del conflicto es <strong>la enorme diferencia en el costo de las operaciones militares entre Estados Unidos e Ir\u00e1n<\/strong>.<\/p>\n\n\n\n<p>De acuerdo con estimaciones iniciales:<\/p>\n\n\n\n<ul class=\"wp-block-list\">\n<li><strong>Estados Unidos habr\u00eda gastado cerca de 9.545 millones de d\u00f3lares en los primeros seis o siete d\u00edas de operaciones.<\/strong><\/li>\n\n\n\n<li><strong>Ir\u00e1n, en el mismo per\u00edodo, habr\u00eda gastado aproximadamente 295 millones de d\u00f3lares.<\/strong><\/li>\n<\/ul>\n\n\n\n<p>La disparidad se explica en gran medida por el tipo de armamento utilizado por cada pa\u00eds.<\/p>\n\n\n\n<p>Estados Unidos emplea sistemas de defensa avanzados, como interceptores Patriot, cuyo costo es extremadamente elevado. En cambio, Ir\u00e1n ha apostado durante d\u00e9cadas por desarrollar <strong>armamento m\u00e1s simple, barato y f\u00e1cilmente reemplazable<\/strong>, como drones y misiles de bajo costo.<\/p>\n\n\n\n<p>Por ejemplo:<\/p>\n\n\n\n<ul class=\"wp-block-list\">\n<li>Un <strong>drone o misil iran\u00ed puede costar alrededor de 50.000 d\u00f3lares<\/strong>.<\/li>\n\n\n\n<li>Interceptarlo con sistemas avanzados occidentales puede requerir <strong>misiles cuyo costo supera el mill\u00f3n de d\u00f3lares<\/strong>.<\/li>\n<\/ul>\n\n\n\n<p>Esta diferencia crea un escenario en el que <strong>Ir\u00e1n puede saturar las defensas adversarias con ataques relativamente baratos<\/strong>, obligando a sus rivales a gastar cantidades mucho mayores para neutralizarlos.<\/p>\n\n\n\n<h3 class=\"wp-block-heading\"><strong>Impacto econ\u00f3mico y presi\u00f3n pol\u00edtica<\/strong><\/h3>\n\n\n\n<p>El costo del conflicto tambi\u00e9n afecta a los aliados de Estados Unidos en la regi\u00f3n. En Israel, por ejemplo, el gasto militar asociado a la crisis ya <strong>bordea los 3.000 millones de d\u00f3lares<\/strong>, lo que ha generado advertencias internas sobre la sostenibilidad financiera de las operaciones.<\/p>\n\n\n\n<p>Mientras tanto, dentro de Estados Unidos comienzan a aparecer se\u00f1ales de desgaste pol\u00edtico. Algunas encuestas indican que <strong>m\u00e1s del 75% de los estadounidenses no respaldan una escalada militar contra Ir\u00e1n<\/strong>, especialmente si el conflicto se prolonga y contin\u00faa aumentando el gasto p\u00fablico.<\/p>\n\n\n\n<p>Adem\u00e1s, informes filtrados desde el entorno militar estadounidense se\u00f1alan <strong>descontento entre estrategas y mandos militares<\/strong>, quienes habr\u00edan advertido previamente sobre los riesgos y costos de involucrarse en una confrontaci\u00f3n directa en la regi\u00f3n.<\/p>\n\n\n\n<h3 class=\"wp-block-heading\"><strong>Ir\u00e1n: una estrategia de autosuficiencia militar<\/strong><\/h3>\n\n\n\n<p>Parte de la capacidad de Ir\u00e1n para sostener este tipo de confrontaciones se explica por su estrategia hist\u00f3rica de autosuficiencia militar. Tras la ruptura de alianzas estrat\u00e9gicas en la regi\u00f3n a finales del siglo XX y los cambios pol\u00edticos ocurridos en 1979, el pa\u00eds invirti\u00f3 durante d\u00e9cadas en el desarrollo de <strong>una industria militar propia orientada a sistemas de bajo costo y producci\u00f3n nacional<\/strong>.<\/p>\n\n\n\n<p>Este enfoque permiti\u00f3 a Ir\u00e1n desarrollar drones, misiles y tecnolog\u00edas militares que, aunque menos sofisticadas que las occidentales, resultan <strong>efectivas y relativamente baratas de producir<\/strong>.<\/p>\n\n\n\n<h3 class=\"wp-block-heading\"><strong>Un conflicto con implicaciones globales<\/strong><\/h3>\n\n\n\n<p>El escenario actual refleja un conflicto que no solo es militar, sino tambi\u00e9n econ\u00f3mico y estrat\u00e9gico. El control o la desestabilizaci\u00f3n del Golfo P\u00e9rsico y del estrecho de Ormuz podr\u00eda tener consecuencias directas en:<\/p>\n\n\n\n<ul class=\"wp-block-list\">\n<li>el comercio mundial de energ\u00eda<\/li>\n\n\n\n<li>la estabilidad de los precios del petr\u00f3leo<\/li>\n\n\n\n<li>las econom\u00edas dependientes de combustibles f\u00f3siles<\/li>\n<\/ul>\n\n\n\n<p>Si los ataques contin\u00faan y las tensiones aumentan, el riesgo de una <strong>crisis energ\u00e9tica global<\/strong> se vuelve cada vez m\u00e1s real.<\/p>\n\n\n\n<p>Por ahora, el conflicto parece entrar en una fase en la que <strong>ninguna de las partes muestra se\u00f1ales claras de retroceder<\/strong>, mientras el mundo observa con preocupaci\u00f3n c\u00f3mo una disputa regional podr\u00eda escalar hacia consecuencias econ\u00f3micas y geopol\u00edticas de alcance mundial.<\/p>\n\n\n\n<p class=\"has-text-align-right\"><strong>Redacci\u00f3n | Web del Maestro CMF<\/strong><\/p>\n\n\n\t\t<div class=\"pk-inline-posts\">\n\t\t\t\t\t\t\t<h5 class=\"pk-inline-posts-title pk-title pk-font-block\">\n\t\t\t\t\t\u00daltimas entradas\t\t\t\t<\/h5>\n\t\t\t\n\t\t\t<div class=\"pk-inline-posts-container pk-inline-posts-template-list\"\n\t\t\t\tdata-columns=\"1\">\n\t\t\t\t\t\t<article id=\"post-118473\" class=\"post-118473 post type-post status-publish format-standard has-post-thumbnail category-noticias-internacionales tag-convivencia tag-docentes tag-educacion-3 tag-gestion-escolar-2 tag-protocolos tag-salud-mental tag-seguridad-escolar tag-simulacros tag-violencia-escolar cs-entry cs-video-wrap\">\n\t\t\t<div class=\"pk-post-outer\">\n\n\t\t\t\t\t\t\t\t<div class=\"pk-post-inner\">\n\t\t\t\t\t<div class=\"entry-thumbnail\">\n\t\t\t\t\t\t<div class=\"pk-overlay pk-overlay-ratio pk-ratio-landscape\">\n\t\t\t\t\t\t\t<div class=\"pk-overlay-background\">\n\t\t\t\t\t\t\t\t<a href=\"https:\/\/webdelmaestrocmf.com\/portal\/se-confirma-que-habra-simulacros-de-tiroteos-en-las-escuelas\/\" class=\"pk-overlay-link\">\n\t\t\t\t\t\t\t\t\t<img loading=\"lazy\" decoding=\"async\" width=\"300\" height=\"225\" src=\"https:\/\/webdelmaestrocmf.com\/portal\/wp-content\/uploads\/2026\/04\/1AA-Banner-1-portada-imagen-10-1-copia-1-11-300x225.webp\" class=\"attachment-pk-thumbnail size-pk-thumbnail wp-post-image\" alt=\"\" \/>\t\t\t\t\t\t\t\t<\/a>\n\t\t\t\t\t\t\t<\/div>\n\t\t\t\t\t\t<\/div>\n\t\t\t\t\t<\/div>\n\t\t\t\t<\/div>\n\t\t\t\t\n\t\t\t\t<div class=\"pk-post-inner\">\n\t\t\t\t\t<header>\n\t\t\t\t\t\t<h3 class=\"pk-title\"><a href=\"https:\/\/webdelmaestrocmf.com\/portal\/se-confirma-que-habra-simulacros-de-tiroteos-en-las-escuelas\/\" rel=\"bookmark\">Se confirma que habr\u00e1 simulacros de tiroteos en las escuelas<\/a><\/h3>\t\t\t\t\t<\/header><!-- .entry-header -->\n\t\t\t\t<\/div><!-- .post-inner -->\n\n\t\t\t<\/div><!-- .post-outer -->\n\t\t<\/article>\n\t\t\t<article id=\"post-118464\" class=\"post-118464 post type-post status-publish format-standard has-post-thumbnail category-noticias-internacionales tag-aula tag-convivencia-escolar tag-disciplina tag-docentes tag-educacion-3 tag-estudiantes tag-gestion-educativa-3 tag-normativa tag-pedagogia-3 tag-violencia-escolar cs-entry cs-video-wrap\">\n\t\t\t<div class=\"pk-post-outer\">\n\n\t\t\t\t\t\t\t\t<div class=\"pk-post-inner\">\n\t\t\t\t\t<div class=\"entry-thumbnail\">\n\t\t\t\t\t\t<div class=\"pk-overlay pk-overlay-ratio pk-ratio-landscape\">\n\t\t\t\t\t\t\t<div class=\"pk-overlay-background\">\n\t\t\t\t\t\t\t\t<a href=\"https:\/\/webdelmaestrocmf.com\/portal\/peru-pone-limites-estudiantes-violentos-podrian-salir-del-aula-presencial-y-pasar-a-otra-modalidad-educativa\/\" class=\"pk-overlay-link\">\n\t\t\t\t\t\t\t\t\t<img loading=\"lazy\" decoding=\"async\" width=\"300\" height=\"225\" src=\"https:\/\/webdelmaestrocmf.com\/portal\/wp-content\/uploads\/2026\/04\/1AA-Banner-1-portada-imagen-10-1-copia-38-300x225.webp\" class=\"attachment-pk-thumbnail size-pk-thumbnail wp-post-image\" alt=\"\" \/>\t\t\t\t\t\t\t\t<\/a>\n\t\t\t\t\t\t\t<\/div>\n\t\t\t\t\t\t<\/div>\n\t\t\t\t\t<\/div>\n\t\t\t\t<\/div>\n\t\t\t\t\n\t\t\t\t<div class=\"pk-post-inner\">\n\t\t\t\t\t<header>\n\t\t\t\t\t\t<h3 class=\"pk-title\"><a href=\"https:\/\/webdelmaestrocmf.com\/portal\/peru-pone-limites-estudiantes-violentos-podrian-salir-del-aula-presencial-y-pasar-a-otra-modalidad-educativa\/\" rel=\"bookmark\">Per\u00fa pone l\u00edmites: estudiantes violentos podr\u00edan salir del aula presencial y pasar a otra modalidad educativa<\/a><\/h3>\t\t\t\t\t<\/header><!-- .entry-header -->\n\t\t\t\t<\/div><!-- .post-inner -->\n\n\t\t\t<\/div><!-- .post-outer -->\n\t\t<\/article>\n\t\t\t<article id=\"post-118433\" class=\"post-118433 post type-post status-publish format-standard has-post-thumbnail category-noticias-internacionales tag-aprendizaje tag-atencion-en-el-aula-2 tag-docentes tag-educacion-3 tag-estrategias-didacticas-2 tag-innovacion-educativa-3 tag-motivacion-escolar-2 tag-neuroeducacion-2 tag-pedagogia-3 tag-tecnologia-educativa-3 cs-entry cs-video-wrap\">\n\t\t\t<div class=\"pk-post-outer\">\n\n\t\t\t\t\t\t\t\t<div class=\"pk-post-inner\">\n\t\t\t\t\t<div class=\"entry-thumbnail\">\n\t\t\t\t\t\t<div class=\"pk-overlay pk-overlay-ratio pk-ratio-landscape\">\n\t\t\t\t\t\t\t<div class=\"pk-overlay-background\">\n\t\t\t\t\t\t\t\t<a href=\"https:\/\/webdelmaestrocmf.com\/portal\/9-de-cada-10-maestros-confirman-que-los-alumnos-ya-no-prestan-atencion-en-clase\/\" class=\"pk-overlay-link\">\n\t\t\t\t\t\t\t\t\t<img loading=\"lazy\" decoding=\"async\" width=\"300\" height=\"225\" src=\"https:\/\/webdelmaestrocmf.com\/portal\/wp-content\/uploads\/2026\/04\/1AA-Banner-1-portada-imagen-10-1-copia-1-10-300x225.webp\" class=\"attachment-pk-thumbnail size-pk-thumbnail wp-post-image\" alt=\"\" \/>\t\t\t\t\t\t\t\t<\/a>\n\t\t\t\t\t\t\t<\/div>\n\t\t\t\t\t\t<\/div>\n\t\t\t\t\t<\/div>\n\t\t\t\t<\/div>\n\t\t\t\t\n\t\t\t\t<div class=\"pk-post-inner\">\n\t\t\t\t\t<header>\n\t\t\t\t\t\t<h3 class=\"pk-title\"><a href=\"https:\/\/webdelmaestrocmf.com\/portal\/9-de-cada-10-maestros-confirman-que-los-alumnos-ya-no-prestan-atencion-en-clase\/\" rel=\"bookmark\">9 de cada 10 maestros confirman que los alumnos ya no prestan atenci\u00f3n en clase<\/a><\/h3>\t\t\t\t\t<\/header><!-- .entry-header -->\n\t\t\t\t<\/div><!-- .post-inner -->\n\n\t\t\t<\/div><!-- .post-outer -->\n\t\t<\/article>\n\t\t\t\t<\/div>\n\t\t<\/div>\n\t\t\n","protected":false},"excerpt":{"rendered":"EE. UU. gasta m\u00e1s de 11.000 millones de d\u00f3lares mientras Ir\u00e1n apenas supera los 300 millones en la guerra del Golfo.","protected":false},"author":1,"featured_media":116432,"comment_status":"open","ping_status":"closed","sticky":false,"template":"","format":"standard","meta":{"csco_display_header_overlay":false,"csco_singular_sidebar":"","csco_page_header_type":"","csco_page_load_nextpost":"","csco_post_video_location":[],"csco_post_video_location_hash":"","csco_post_video_url":"","csco_post_video_bg_start_time":0,"csco_post_video_bg_end_time":0,"csco_post_video_bg_volume":false,"_jetpack_memberships_contains_paid_content":false,"footnotes":""},"categories":[23790],"tags":[25521,25518,25519,25523,25517,25429,25516,25069,25522,25520],"class_list":{"0":"post-116429","1":"post","2":"type-post","3":"status-publish","4":"format-standard","5":"has-post-thumbnail","7":"category-noticias-internacionales","8":"tag-analisis-internacional","9":"tag-conflictos-internacionales","10":"tag-crisis-energetica","11":"tag-defensa-aerea","12":"tag-economia-global","13":"tag-estrategia-militar","14":"tag-gasto-militar","15":"tag-geopolitica","16":"tag-mercado-petrolero","17":"tag-seguridad-energetica","18":"cs-entry","19":"cs-video-wrap"},"yoast_head":"<!-- This site is optimized with the Yoast SEO plugin v27.5 - https:\/\/yoast.com\/product\/yoast-seo-wordpress\/ -->\n<title>Escalada de tensiones en el Golfo P\u00e9rsico: ataques, petr\u00f3leo y costos militares - 2026<\/title>\n<meta name=\"description\" content=\"La tensi\u00f3n en Medio Oriente vuelve a intensificarse tras una nueva serie de ataques atribuidos a Ir\u00e1n contra instalaciones petroleras y buques en el Golfo P\u00e9rsico.\" \/>\n<meta name=\"robots\" content=\"index, follow, max-snippet:-1, max-image-preview:large, max-video-preview:-1\" \/>\n<link rel=\"canonical\" href=\"https:\/\/webdelmaestrocmf.com\/portal\/escalada-de-tensiones-en-el-golfo-persico-ataques-petroleo-y-costos-militares\/\" \/>\n<meta property=\"og:locale\" content=\"es_ES\" \/>\n<meta property=\"og:type\" content=\"article\" \/>\n<meta property=\"og:title\" content=\"Escalada de tensiones en el Golfo P\u00e9rsico: ataques, petr\u00f3leo y costos militares - 2026\" \/>\n<meta property=\"og:description\" content=\"La tensi\u00f3n en Medio Oriente vuelve a intensificarse tras una nueva serie de ataques atribuidos a Ir\u00e1n contra instalaciones petroleras y buques en el Golfo P\u00e9rsico.\" \/>\n<meta property=\"og:url\" content=\"https:\/\/webdelmaestrocmf.com\/portal\/escalada-de-tensiones-en-el-golfo-persico-ataques-petroleo-y-costos-militares\/\" \/>\n<meta property=\"og:site_name\" content=\"Web del Maestro CMF\" \/>\n<meta property=\"article:publisher\" content=\"https:\/\/www.facebook.com\/WebdelMaestroCMF\/\" \/>\n<meta property=\"article:author\" content=\"https:\/\/www.facebook.com\/WebdelMaestroCMF\/\" \/>\n<meta property=\"article:published_time\" content=\"2026-03-13T00:57:19+00:00\" \/>\n<meta property=\"article:modified_time\" content=\"2026-03-13T00:58:38+00:00\" \/>\n<meta property=\"og:image\" content=\"https:\/\/webdelmaestrocmf.com\/portal\/wp-content\/uploads\/2026\/03\/1AA-Banner-1-portada-imagen-10-1-copia-8.webp\" \/>\n\t<meta property=\"og:image:width\" content=\"1200\" \/>\n\t<meta property=\"og:image:height\" content=\"675\" \/>\n\t<meta property=\"og:image:type\" content=\"image\/webp\" \/>\n<meta name=\"author\" content=\"Web del Maestro CMF\" \/>\n<meta name=\"twitter:card\" content=\"summary_large_image\" \/>\n<meta name=\"twitter:creator\" content=\"@cmf_w\" \/>\n<meta name=\"twitter:site\" content=\"@cmf_w\" \/>\n<script type=\"application\/ld+json\" class=\"yoast-schema-graph\">{\"@context\":\"https:\\\/\\\/schema.org\",\"@graph\":[{\"@type\":\"ScholarlyArticle\",\"@id\":\"https:\\\/\\\/webdelmaestrocmf.com\\\/portal\\\/escalada-de-tensiones-en-el-golfo-persico-ataques-petroleo-y-costos-militares\\\/#article\",\"isPartOf\":{\"@id\":\"https:\\\/\\\/webdelmaestrocmf.com\\\/portal\\\/escalada-de-tensiones-en-el-golfo-persico-ataques-petroleo-y-costos-militares\\\/\"},\"author\":{\"name\":\"Web del Maestro CMF\",\"@id\":\"https:\\\/\\\/webdelmaestrocmf.com\\\/portal\\\/#\\\/schema\\\/person\\\/1072a2ed7bd960df8ef99a551fa35dc5\"},\"headline\":\"Escalada de tensiones en el Golfo P\u00e9rsico: ataques, petr\u00f3leo y costos militares\",\"datePublished\":\"2026-03-13T00:57:19+00:00\",\"dateModified\":\"2026-03-13T00:58:38+00:00\",\"mainEntityOfPage\":{\"@id\":\"https:\\\/\\\/webdelmaestrocmf.com\\\/portal\\\/escalada-de-tensiones-en-el-golfo-persico-ataques-petroleo-y-costos-militares\\\/\"},\"wordCount\":969,\"commentCount\":0,\"publisher\":{\"@id\":\"https:\\\/\\\/webdelmaestrocmf.com\\\/portal\\\/#organization\"},\"image\":{\"@id\":\"https:\\\/\\\/webdelmaestrocmf.com\\\/portal\\\/escalada-de-tensiones-en-el-golfo-persico-ataques-petroleo-y-costos-militares\\\/#primaryimage\"},\"thumbnailUrl\":\"https:\\\/\\\/webdelmaestrocmf.com\\\/portal\\\/wp-content\\\/uploads\\\/2026\\\/03\\\/1AA-Banner-1-portada-imagen-10-1-copia-8.webp\",\"keywords\":[\"an\u00e1lisis internacional\",\"conflictos internacionales\",\"crisis energ\u00e9tica\",\"defensa a\u00e9rea\",\"econom\u00eda global\",\"estrategia militar\",\"gasto militar\",\"geopol\u00edtica\",\"mercado petrolero\",\"seguridad energ\u00e9tica\"],\"articleSection\":[\"Noticias Internacionales\"],\"inLanguage\":\"es\",\"potentialAction\":[{\"@type\":\"CommentAction\",\"name\":\"Comment\",\"target\":[\"https:\\\/\\\/webdelmaestrocmf.com\\\/portal\\\/escalada-de-tensiones-en-el-golfo-persico-ataques-petroleo-y-costos-militares\\\/#respond\"]}]},{\"@type\":\"WebPage\",\"@id\":\"https:\\\/\\\/webdelmaestrocmf.com\\\/portal\\\/escalada-de-tensiones-en-el-golfo-persico-ataques-petroleo-y-costos-militares\\\/\",\"url\":\"https:\\\/\\\/webdelmaestrocmf.com\\\/portal\\\/escalada-de-tensiones-en-el-golfo-persico-ataques-petroleo-y-costos-militares\\\/\",\"name\":\"Escalada de tensiones en el Golfo P\u00e9rsico: ataques, petr\u00f3leo y costos militares - 2026\",\"isPartOf\":{\"@id\":\"https:\\\/\\\/webdelmaestrocmf.com\\\/portal\\\/#website\"},\"primaryImageOfPage\":{\"@id\":\"https:\\\/\\\/webdelmaestrocmf.com\\\/portal\\\/escalada-de-tensiones-en-el-golfo-persico-ataques-petroleo-y-costos-militares\\\/#primaryimage\"},\"image\":{\"@id\":\"https:\\\/\\\/webdelmaestrocmf.com\\\/portal\\\/escalada-de-tensiones-en-el-golfo-persico-ataques-petroleo-y-costos-militares\\\/#primaryimage\"},\"thumbnailUrl\":\"https:\\\/\\\/webdelmaestrocmf.com\\\/portal\\\/wp-content\\\/uploads\\\/2026\\\/03\\\/1AA-Banner-1-portada-imagen-10-1-copia-8.webp\",\"datePublished\":\"2026-03-13T00:57:19+00:00\",\"dateModified\":\"2026-03-13T00:58:38+00:00\",\"description\":\"La tensi\u00f3n en Medio Oriente vuelve a intensificarse tras una nueva serie de ataques atribuidos a Ir\u00e1n contra instalaciones petroleras y buques en el Golfo P\u00e9rsico.\",\"breadcrumb\":{\"@id\":\"https:\\\/\\\/webdelmaestrocmf.com\\\/portal\\\/escalada-de-tensiones-en-el-golfo-persico-ataques-petroleo-y-costos-militares\\\/#breadcrumb\"},\"inLanguage\":\"es\",\"potentialAction\":[{\"@type\":\"ReadAction\",\"target\":[\"https:\\\/\\\/webdelmaestrocmf.com\\\/portal\\\/escalada-de-tensiones-en-el-golfo-persico-ataques-petroleo-y-costos-militares\\\/\"]}]},{\"@type\":\"ImageObject\",\"inLanguage\":\"es\",\"@id\":\"https:\\\/\\\/webdelmaestrocmf.com\\\/portal\\\/escalada-de-tensiones-en-el-golfo-persico-ataques-petroleo-y-costos-militares\\\/#primaryimage\",\"url\":\"https:\\\/\\\/webdelmaestrocmf.com\\\/portal\\\/wp-content\\\/uploads\\\/2026\\\/03\\\/1AA-Banner-1-portada-imagen-10-1-copia-8.webp\",\"contentUrl\":\"https:\\\/\\\/webdelmaestrocmf.com\\\/portal\\\/wp-content\\\/uploads\\\/2026\\\/03\\\/1AA-Banner-1-portada-imagen-10-1-copia-8.webp\",\"width\":1200,\"height\":675},{\"@type\":\"BreadcrumbList\",\"@id\":\"https:\\\/\\\/webdelmaestrocmf.com\\\/portal\\\/escalada-de-tensiones-en-el-golfo-persico-ataques-petroleo-y-costos-militares\\\/#breadcrumb\",\"itemListElement\":[{\"@type\":\"ListItem\",\"position\":1,\"name\":\"Portada\",\"item\":\"https:\\\/\\\/webdelmaestrocmf.com\\\/portal\\\/\"},{\"@type\":\"ListItem\",\"position\":2,\"name\":\"Noticias Internacionales\",\"item\":\"https:\\\/\\\/webdelmaestrocmf.com\\\/portal\\\/category\\\/noticias-internacionales\\\/\"},{\"@type\":\"ListItem\",\"position\":3,\"name\":\"Escalada de tensiones en el Golfo P\u00e9rsico: ataques, petr\u00f3leo y costos militares\"}]},{\"@type\":\"WebSite\",\"@id\":\"https:\\\/\\\/webdelmaestrocmf.com\\\/portal\\\/#website\",\"url\":\"https:\\\/\\\/webdelmaestrocmf.com\\\/portal\\\/\",\"name\":\"Web del Maestro CMF\",\"description\":\"Maestros al servicio de la educaci\u00f3n\",\"publisher\":{\"@id\":\"https:\\\/\\\/webdelmaestrocmf.com\\\/portal\\\/#organization\"},\"alternateName\":\"WMCMF\",\"potentialAction\":[{\"@type\":\"SearchAction\",\"target\":{\"@type\":\"EntryPoint\",\"urlTemplate\":\"https:\\\/\\\/webdelmaestrocmf.com\\\/portal\\\/?s={search_term_string}\"},\"query-input\":{\"@type\":\"PropertyValueSpecification\",\"valueRequired\":true,\"valueName\":\"search_term_string\"}}],\"inLanguage\":\"es\"},{\"@type\":\"Organization\",\"@id\":\"https:\\\/\\\/webdelmaestrocmf.com\\\/portal\\\/#organization\",\"name\":\"Web del Maestro CMF\",\"alternateName\":\"WMCMF\",\"url\":\"https:\\\/\\\/webdelmaestrocmf.com\\\/portal\\\/\",\"logo\":{\"@type\":\"ImageObject\",\"inLanguage\":\"es\",\"@id\":\"https:\\\/\\\/webdelmaestrocmf.com\\\/portal\\\/#\\\/schema\\\/logo\\\/image\\\/\",\"url\":\"https:\\\/\\\/webdelmaestrocmf.com\\\/portal\\\/wp-content\\\/uploads\\\/2023\\\/01\\\/logo-wmcmf-2.png\",\"contentUrl\":\"https:\\\/\\\/webdelmaestrocmf.com\\\/portal\\\/wp-content\\\/uploads\\\/2023\\\/01\\\/logo-wmcmf-2.png\",\"width\":200,\"height\":60,\"caption\":\"Web del Maestro CMF\"},\"image\":{\"@id\":\"https:\\\/\\\/webdelmaestrocmf.com\\\/portal\\\/#\\\/schema\\\/logo\\\/image\\\/\"},\"sameAs\":[\"https:\\\/\\\/www.facebook.com\\\/WebdelMaestroCMF\\\/\",\"https:\\\/\\\/x.com\\\/cmf_w\",\"https:\\\/\\\/www.pinterest.com\\\/WMCMF\\\/\",\"https:\\\/\\\/www.linkedin.com\\\/company\\\/web-del-maestro-cmf\\\/\",\"https:\\\/\\\/www.instagram.com\\\/wmcmf\\\/\",\"https:\\\/\\\/www.youtube.com\\\/channel\\\/UCDPSvjbdodE5sHnC3OxutHw\",\"https:\\\/\\\/mastodon.social\\\/@wmcmf\",\"https:\\\/\\\/www.tiktok.com\\\/@webdelmaestrocmf\"]},{\"@type\":\"Person\",\"@id\":\"https:\\\/\\\/webdelmaestrocmf.com\\\/portal\\\/#\\\/schema\\\/person\\\/1072a2ed7bd960df8ef99a551fa35dc5\",\"name\":\"Web del Maestro CMF\",\"image\":{\"@type\":\"ImageObject\",\"inLanguage\":\"es\",\"@id\":\"https:\\\/\\\/secure.gravatar.com\\\/avatar\\\/23291dd5b5ae1077dcff3dbb04c3e02bd28403fa75af6d8787d5e97c5bbbe30b?s=96&d=mm&r=g\",\"url\":\"https:\\\/\\\/secure.gravatar.com\\\/avatar\\\/23291dd5b5ae1077dcff3dbb04c3e02bd28403fa75af6d8787d5e97c5bbbe30b?s=96&d=mm&r=g\",\"contentUrl\":\"https:\\\/\\\/secure.gravatar.com\\\/avatar\\\/23291dd5b5ae1077dcff3dbb04c3e02bd28403fa75af6d8787d5e97c5bbbe30b?s=96&d=mm&r=g\",\"caption\":\"Web del Maestro CMF\"},\"description\":\"Esta Web se cre\u00f3 sin fines de lucro, con fines educativos, cient\u00edficos y acad\u00e9micos, para personas que tengan dificultades y\\\/o inconvenientes en visualizar el material original. El objetivo es entregar recursos, compartir experiencias y materiales que ayuden a los padres de familia, maestros y estudiantes en su actualizaci\u00f3n y formaci\u00f3n permanente, en bien de la Educaci\u00f3n.\",\"sameAs\":[\"http:\\\/\\\/webdelmaestrocmf.com\\\/portal\",\"https:\\\/\\\/www.facebook.com\\\/WebdelMaestroCMF\\\/\",\"https:\\\/\\\/www.instagram.com\\\/wmcmf\\\/\",\"https:\\\/\\\/cl.linkedin.com\\\/company\\\/web-del-maestro-cmf\",\"https:\\\/\\\/www.pinterest.com\\\/WMCMF\\\/publicaciones\\\/\",\"https:\\\/\\\/x.com\\\/cmf_w\",\"https:\\\/\\\/www.youtube.com\\\/@WMCMF\"]}]}<\/script>\n<!-- \/ Yoast SEO plugin. -->","yoast_head_json":{"title":"Escalada de tensiones en el Golfo P\u00e9rsico: ataques, petr\u00f3leo y costos militares - 2026","description":"La tensi\u00f3n en Medio Oriente vuelve a intensificarse tras una nueva serie de ataques atribuidos a Ir\u00e1n contra instalaciones petroleras y buques en el Golfo P\u00e9rsico.","robots":{"index":"index","follow":"follow","max-snippet":"max-snippet:-1","max-image-preview":"max-image-preview:large","max-video-preview":"max-video-preview:-1"},"canonical":"https:\/\/webdelmaestrocmf.com\/portal\/escalada-de-tensiones-en-el-golfo-persico-ataques-petroleo-y-costos-militares\/","og_locale":"es_ES","og_type":"article","og_title":"Escalada de tensiones en el Golfo P\u00e9rsico: ataques, petr\u00f3leo y costos militares - 2026","og_description":"La tensi\u00f3n en Medio Oriente vuelve a intensificarse tras una nueva serie de ataques atribuidos a Ir\u00e1n contra instalaciones petroleras y buques en el Golfo P\u00e9rsico.","og_url":"https:\/\/webdelmaestrocmf.com\/portal\/escalada-de-tensiones-en-el-golfo-persico-ataques-petroleo-y-costos-militares\/","og_site_name":"Web del Maestro CMF","article_publisher":"https:\/\/www.facebook.com\/WebdelMaestroCMF\/","article_author":"https:\/\/www.facebook.com\/WebdelMaestroCMF\/","article_published_time":"2026-03-13T00:57:19+00:00","article_modified_time":"2026-03-13T00:58:38+00:00","og_image":[{"width":1200,"height":675,"url":"https:\/\/webdelmaestrocmf.com\/portal\/wp-content\/uploads\/2026\/03\/1AA-Banner-1-portada-imagen-10-1-copia-8.webp","type":"image\/webp"}],"author":"Web del Maestro CMF","twitter_card":"summary_large_image","twitter_creator":"@cmf_w","twitter_site":"@cmf_w","schema":{"@context":"https:\/\/schema.org","@graph":[{"@type":"ScholarlyArticle","@id":"https:\/\/webdelmaestrocmf.com\/portal\/escalada-de-tensiones-en-el-golfo-persico-ataques-petroleo-y-costos-militares\/#article","isPartOf":{"@id":"https:\/\/webdelmaestrocmf.com\/portal\/escalada-de-tensiones-en-el-golfo-persico-ataques-petroleo-y-costos-militares\/"},"author":{"name":"Web del Maestro CMF","@id":"https:\/\/webdelmaestrocmf.com\/portal\/#\/schema\/person\/1072a2ed7bd960df8ef99a551fa35dc5"},"headline":"Escalada de tensiones en el Golfo P\u00e9rsico: ataques, petr\u00f3leo y costos militares","datePublished":"2026-03-13T00:57:19+00:00","dateModified":"2026-03-13T00:58:38+00:00","mainEntityOfPage":{"@id":"https:\/\/webdelmaestrocmf.com\/portal\/escalada-de-tensiones-en-el-golfo-persico-ataques-petroleo-y-costos-militares\/"},"wordCount":969,"commentCount":0,"publisher":{"@id":"https:\/\/webdelmaestrocmf.com\/portal\/#organization"},"image":{"@id":"https:\/\/webdelmaestrocmf.com\/portal\/escalada-de-tensiones-en-el-golfo-persico-ataques-petroleo-y-costos-militares\/#primaryimage"},"thumbnailUrl":"https:\/\/webdelmaestrocmf.com\/portal\/wp-content\/uploads\/2026\/03\/1AA-Banner-1-portada-imagen-10-1-copia-8.webp","keywords":["an\u00e1lisis internacional","conflictos internacionales","crisis energ\u00e9tica","defensa a\u00e9rea","econom\u00eda global","estrategia militar","gasto militar","geopol\u00edtica","mercado petrolero","seguridad energ\u00e9tica"],"articleSection":["Noticias Internacionales"],"inLanguage":"es","potentialAction":[{"@type":"CommentAction","name":"Comment","target":["https:\/\/webdelmaestrocmf.com\/portal\/escalada-de-tensiones-en-el-golfo-persico-ataques-petroleo-y-costos-militares\/#respond"]}]},{"@type":"WebPage","@id":"https:\/\/webdelmaestrocmf.com\/portal\/escalada-de-tensiones-en-el-golfo-persico-ataques-petroleo-y-costos-militares\/","url":"https:\/\/webdelmaestrocmf.com\/portal\/escalada-de-tensiones-en-el-golfo-persico-ataques-petroleo-y-costos-militares\/","name":"Escalada de tensiones en el Golfo P\u00e9rsico: ataques, petr\u00f3leo y costos militares - 2026","isPartOf":{"@id":"https:\/\/webdelmaestrocmf.com\/portal\/#website"},"primaryImageOfPage":{"@id":"https:\/\/webdelmaestrocmf.com\/portal\/escalada-de-tensiones-en-el-golfo-persico-ataques-petroleo-y-costos-militares\/#primaryimage"},"image":{"@id":"https:\/\/webdelmaestrocmf.com\/portal\/escalada-de-tensiones-en-el-golfo-persico-ataques-petroleo-y-costos-militares\/#primaryimage"},"thumbnailUrl":"https:\/\/webdelmaestrocmf.com\/portal\/wp-content\/uploads\/2026\/03\/1AA-Banner-1-portada-imagen-10-1-copia-8.webp","datePublished":"2026-03-13T00:57:19+00:00","dateModified":"2026-03-13T00:58:38+00:00","description":"La tensi\u00f3n en Medio Oriente vuelve a intensificarse tras una nueva serie de ataques atribuidos a Ir\u00e1n contra instalaciones petroleras y buques en el Golfo P\u00e9rsico.","breadcrumb":{"@id":"https:\/\/webdelmaestrocmf.com\/portal\/escalada-de-tensiones-en-el-golfo-persico-ataques-petroleo-y-costos-militares\/#breadcrumb"},"inLanguage":"es","potentialAction":[{"@type":"ReadAction","target":["https:\/\/webdelmaestrocmf.com\/portal\/escalada-de-tensiones-en-el-golfo-persico-ataques-petroleo-y-costos-militares\/"]}]},{"@type":"ImageObject","inLanguage":"es","@id":"https:\/\/webdelmaestrocmf.com\/portal\/escalada-de-tensiones-en-el-golfo-persico-ataques-petroleo-y-costos-militares\/#primaryimage","url":"https:\/\/webdelmaestrocmf.com\/portal\/wp-content\/uploads\/2026\/03\/1AA-Banner-1-portada-imagen-10-1-copia-8.webp","contentUrl":"https:\/\/webdelmaestrocmf.com\/portal\/wp-content\/uploads\/2026\/03\/1AA-Banner-1-portada-imagen-10-1-copia-8.webp","width":1200,"height":675},{"@type":"BreadcrumbList","@id":"https:\/\/webdelmaestrocmf.com\/portal\/escalada-de-tensiones-en-el-golfo-persico-ataques-petroleo-y-costos-militares\/#breadcrumb","itemListElement":[{"@type":"ListItem","position":1,"name":"Portada","item":"https:\/\/webdelmaestrocmf.com\/portal\/"},{"@type":"ListItem","position":2,"name":"Noticias Internacionales","item":"https:\/\/webdelmaestrocmf.com\/portal\/category\/noticias-internacionales\/"},{"@type":"ListItem","position":3,"name":"Escalada de tensiones en el Golfo P\u00e9rsico: ataques, petr\u00f3leo y costos militares"}]},{"@type":"WebSite","@id":"https:\/\/webdelmaestrocmf.com\/portal\/#website","url":"https:\/\/webdelmaestrocmf.com\/portal\/","name":"Web del Maestro CMF","description":"Maestros al servicio de la educaci\u00f3n","publisher":{"@id":"https:\/\/webdelmaestrocmf.com\/portal\/#organization"},"alternateName":"WMCMF","potentialAction":[{"@type":"SearchAction","target":{"@type":"EntryPoint","urlTemplate":"https:\/\/webdelmaestrocmf.com\/portal\/?s={search_term_string}"},"query-input":{"@type":"PropertyValueSpecification","valueRequired":true,"valueName":"search_term_string"}}],"inLanguage":"es"},{"@type":"Organization","@id":"https:\/\/webdelmaestrocmf.com\/portal\/#organization","name":"Web del Maestro CMF","alternateName":"WMCMF","url":"https:\/\/webdelmaestrocmf.com\/portal\/","logo":{"@type":"ImageObject","inLanguage":"es","@id":"https:\/\/webdelmaestrocmf.com\/portal\/#\/schema\/logo\/image\/","url":"https:\/\/webdelmaestrocmf.com\/portal\/wp-content\/uploads\/2023\/01\/logo-wmcmf-2.png","contentUrl":"https:\/\/webdelmaestrocmf.com\/portal\/wp-content\/uploads\/2023\/01\/logo-wmcmf-2.png","width":200,"height":60,"caption":"Web del Maestro CMF"},"image":{"@id":"https:\/\/webdelmaestrocmf.com\/portal\/#\/schema\/logo\/image\/"},"sameAs":["https:\/\/www.facebook.com\/WebdelMaestroCMF\/","https:\/\/x.com\/cmf_w","https:\/\/www.pinterest.com\/WMCMF\/","https:\/\/www.linkedin.com\/company\/web-del-maestro-cmf\/","https:\/\/www.instagram.com\/wmcmf\/","https:\/\/www.youtube.com\/channel\/UCDPSvjbdodE5sHnC3OxutHw","https:\/\/mastodon.social\/@wmcmf","https:\/\/www.tiktok.com\/@webdelmaestrocmf"]},{"@type":"Person","@id":"https:\/\/webdelmaestrocmf.com\/portal\/#\/schema\/person\/1072a2ed7bd960df8ef99a551fa35dc5","name":"Web del Maestro CMF","image":{"@type":"ImageObject","inLanguage":"es","@id":"https:\/\/secure.gravatar.com\/avatar\/23291dd5b5ae1077dcff3dbb04c3e02bd28403fa75af6d8787d5e97c5bbbe30b?s=96&d=mm&r=g","url":"https:\/\/secure.gravatar.com\/avatar\/23291dd5b5ae1077dcff3dbb04c3e02bd28403fa75af6d8787d5e97c5bbbe30b?s=96&d=mm&r=g","contentUrl":"https:\/\/secure.gravatar.com\/avatar\/23291dd5b5ae1077dcff3dbb04c3e02bd28403fa75af6d8787d5e97c5bbbe30b?s=96&d=mm&r=g","caption":"Web del Maestro CMF"},"description":"Esta Web se cre\u00f3 sin fines de lucro, con fines educativos, cient\u00edficos y acad\u00e9micos, para personas que tengan dificultades y\/o inconvenientes en visualizar el material original. El objetivo es entregar recursos, compartir experiencias y materiales que ayuden a los padres de familia, maestros y estudiantes en su actualizaci\u00f3n y formaci\u00f3n permanente, en bien de la Educaci\u00f3n.","sameAs":["http:\/\/webdelmaestrocmf.com\/portal","https:\/\/www.facebook.com\/WebdelMaestroCMF\/","https:\/\/www.instagram.com\/wmcmf\/","https:\/\/cl.linkedin.com\/company\/web-del-maestro-cmf","https:\/\/www.pinterest.com\/WMCMF\/publicaciones\/","https:\/\/x.com\/cmf_w","https:\/\/www.youtube.com\/@WMCMF"]}]}},"jetpack_featured_media_url":"https:\/\/webdelmaestrocmf.com\/portal\/wp-content\/uploads\/2026\/03\/1AA-Banner-1-portada-imagen-10-1-copia-8.webp","jetpack_sharing_enabled":true,"jetpack-related-posts":[{"id":115584,"url":"https:\/\/webdelmaestrocmf.com\/portal\/ataque-contra-escuela-en-minab-decenas-de-ninas-fallecidas-en-el-marco-de-la-ofensiva-sobre-iran\/","url_meta":{"origin":116429,"position":0},"title":"Ataque contra escuela en Minab: decenas de ni\u00f1as fallecidas en el marco de la ofensiva sobre Ir\u00e1n","author":"Web del Maestro CMF","date":"28 febrero, 2026","format":false,"excerpt":"Mueren 53 ni\u00f1as tras el ataque israel\u00ed contra una escuela en Iran.","rel":"","context":"En \u00abNoticias Internacionales\u00bb","block_context":{"text":"Noticias Internacionales","link":"https:\/\/webdelmaestrocmf.com\/portal\/category\/noticias-internacionales\/"},"img":{"alt_text":"","src":"https:\/\/i0.wp.com\/webdelmaestrocmf.com\/portal\/wp-content\/uploads\/2026\/02\/1A-Banner-1-portada-imagen-10-1-copia-1-8.webp?resize=350%2C200&ssl=1","width":350,"height":200,"srcset":"https:\/\/i0.wp.com\/webdelmaestrocmf.com\/portal\/wp-content\/uploads\/2026\/02\/1A-Banner-1-portada-imagen-10-1-copia-1-8.webp?resize=350%2C200&ssl=1 1x, https:\/\/i0.wp.com\/webdelmaestrocmf.com\/portal\/wp-content\/uploads\/2026\/02\/1A-Banner-1-portada-imagen-10-1-copia-1-8.webp?resize=525%2C300&ssl=1 1.5x, https:\/\/i0.wp.com\/webdelmaestrocmf.com\/portal\/wp-content\/uploads\/2026\/02\/1A-Banner-1-portada-imagen-10-1-copia-1-8.webp?resize=700%2C400&ssl=1 2x"},"classes":[]},{"id":115580,"url":"https:\/\/webdelmaestrocmf.com\/portal\/que-se-sabe-del-ataque-de-ee-uu-e-israel-contra-iran-y-de-la-respuesta-de-teheran-en-medio-oriente\/","url_meta":{"origin":116429,"position":1},"title":"\u00daltimo minuto: El Ministerio de Defensa de Kuwait confirm\u00f3 que varios aviones militares de EEUU se estrellaron en su territorio","author":"Web del Maestro CMF","date":"28 febrero, 2026","format":false,"excerpt":"Varios aviones militares estadounidenses se estrellaron la ma\u00f1ana de este lunes en Kuwait, pero sus tripulantes sobrevivieron. Mientras tanto, Israel llev\u00f3 a cabo bombardeos en L\u00edbano, en un contexto de creciente tensi\u00f3n y escalada militar.","rel":"","context":"En \u00abNoticias Internacionales\u00bb","block_context":{"text":"Noticias Internacionales","link":"https:\/\/webdelmaestrocmf.com\/portal\/category\/noticias-internacionales\/"},"img":{"alt_text":"","src":"https:\/\/i0.wp.com\/webdelmaestrocmf.com\/portal\/wp-content\/uploads\/2026\/02\/1A-Banner-1-portada-imagen-10-1-copia-7-2.webp?resize=350%2C200&ssl=1","width":350,"height":200,"srcset":"https:\/\/i0.wp.com\/webdelmaestrocmf.com\/portal\/wp-content\/uploads\/2026\/02\/1A-Banner-1-portada-imagen-10-1-copia-7-2.webp?resize=350%2C200&ssl=1 1x, https:\/\/i0.wp.com\/webdelmaestrocmf.com\/portal\/wp-content\/uploads\/2026\/02\/1A-Banner-1-portada-imagen-10-1-copia-7-2.webp?resize=525%2C300&ssl=1 1.5x, https:\/\/i0.wp.com\/webdelmaestrocmf.com\/portal\/wp-content\/uploads\/2026\/02\/1A-Banner-1-portada-imagen-10-1-copia-7-2.webp?resize=700%2C400&ssl=1 2x"},"classes":[]},{"id":118222,"url":"https:\/\/webdelmaestrocmf.com\/portal\/trump-ordena-disparar-a-matar-a-los-barcos-que-minen-ormuz-y-dice-que-iran-no-sabe-quien-es-su-lider\/","url_meta":{"origin":116429,"position":2},"title":"Trump ordena \u201cdisparar a matar\u201d a los barcos que minen Ormuz y dice que Ir\u00e1n no sabe \u201cqui\u00e9n es su l\u00edder\u201d","author":"Web del Maestro CMF","date":"23 abril, 2026","format":false,"excerpt":"La escalada geopol\u00edtica en Ormuz revela tensiones que impactan la econom\u00eda mundial, evidenciando la fragilidad de las negociaciones y la urgencia de formar ciudadanos cr\u00edticos capaces de comprender estos conflictos.","rel":"","context":"En \u00abNoticias Internacionales\u00bb","block_context":{"text":"Noticias Internacionales","link":"https:\/\/webdelmaestrocmf.com\/portal\/category\/noticias-internacionales\/"},"img":{"alt_text":"","src":"https:\/\/i0.wp.com\/webdelmaestrocmf.com\/portal\/wp-content\/uploads\/2026\/04\/1AA-Banner-1-portada-imagen-10-1-copia-6-3.webp?resize=350%2C200&ssl=1","width":350,"height":200,"srcset":"https:\/\/i0.wp.com\/webdelmaestrocmf.com\/portal\/wp-content\/uploads\/2026\/04\/1AA-Banner-1-portada-imagen-10-1-copia-6-3.webp?resize=350%2C200&ssl=1 1x, https:\/\/i0.wp.com\/webdelmaestrocmf.com\/portal\/wp-content\/uploads\/2026\/04\/1AA-Banner-1-portada-imagen-10-1-copia-6-3.webp?resize=525%2C300&ssl=1 1.5x, https:\/\/i0.wp.com\/webdelmaestrocmf.com\/portal\/wp-content\/uploads\/2026\/04\/1AA-Banner-1-portada-imagen-10-1-copia-6-3.webp?resize=700%2C400&ssl=1 2x, https:\/\/i0.wp.com\/webdelmaestrocmf.com\/portal\/wp-content\/uploads\/2026\/04\/1AA-Banner-1-portada-imagen-10-1-copia-6-3.webp?resize=1050%2C600&ssl=1 3x"},"classes":[]},{"id":114449,"url":"https:\/\/webdelmaestrocmf.com\/portal\/eeuu-anuncia-la-captura-de-nicolas-maduro-tras-una-operacion-militar-aerea-sobre-caracas-y-regiones-cercanas\/","url_meta":{"origin":116429,"position":3},"title":"\u00daltima hora del ataque de Estados Unidos a Venezuela | EE UU ataca Venezuela y Trump afirma que Maduro ha sido \u201ccapturado y trasladado\u201d fuera del pa\u00eds","author":"Web del Maestro CMF","date":"3 enero, 2026","format":false,"excerpt":"Trump confirma la detenci\u00f2n de Maduro.","rel":"","context":"En \u00abNoticias Internacionales\u00bb","block_context":{"text":"Noticias Internacionales","link":"https:\/\/webdelmaestrocmf.com\/portal\/category\/noticias-internacionales\/"},"img":{"alt_text":"","src":"https:\/\/i0.wp.com\/webdelmaestrocmf.com\/portal\/wp-content\/uploads\/2026\/01\/1A-Banner-1-portada-imagen-10-1-copia-5.webp?resize=350%2C200&ssl=1","width":350,"height":200,"srcset":"https:\/\/i0.wp.com\/webdelmaestrocmf.com\/portal\/wp-content\/uploads\/2026\/01\/1A-Banner-1-portada-imagen-10-1-copia-5.webp?resize=350%2C200&ssl=1 1x, https:\/\/i0.wp.com\/webdelmaestrocmf.com\/portal\/wp-content\/uploads\/2026\/01\/1A-Banner-1-portada-imagen-10-1-copia-5.webp?resize=525%2C300&ssl=1 1.5x, https:\/\/i0.wp.com\/webdelmaestrocmf.com\/portal\/wp-content\/uploads\/2026\/01\/1A-Banner-1-portada-imagen-10-1-copia-5.webp?resize=700%2C400&ssl=1 2x"},"classes":[]},{"id":109978,"url":"https:\/\/webdelmaestrocmf.com\/portal\/era-necesario-hacerlo-pero-no-esperabamos-que-nos-afectara-asi-los-israelies-que-apoyan-el-ataque-a-iran-en-un-barrio-de-tel-aviv-golpeado-por-misiles\/","url_meta":{"origin":116429,"position":4},"title":"\u00abEra necesario hacerlo, pero no esper\u00e1bamos que nos afectara as\u00ed\u00bb: los israel\u00edes que apoyan el ataque a Ir\u00e1n en un barrio de Tel Aviv golpeado por misiles","author":"Web del Maestro CMF","date":"17 junio, 2025","format":false,"excerpt":"La casa de Veronica Osipchik, de 33 a\u00f1os, qued\u00f3 da\u00f1ada por la explosi\u00f3n.","rel":"","context":"En \u00abNoticias Internacionales\u00bb","block_context":{"text":"Noticias Internacionales","link":"https:\/\/webdelmaestrocmf.com\/portal\/category\/noticias-internacionales\/"},"img":{"alt_text":"","src":"https:\/\/i0.wp.com\/webdelmaestrocmf.com\/portal\/wp-content\/uploads\/2025\/06\/1A-Banner-1-portada-imagen-10-1-copia-1.jpg?resize=350%2C200&ssl=1","width":350,"height":200,"srcset":"https:\/\/i0.wp.com\/webdelmaestrocmf.com\/portal\/wp-content\/uploads\/2025\/06\/1A-Banner-1-portada-imagen-10-1-copia-1.jpg?resize=350%2C200&ssl=1 1x, https:\/\/i0.wp.com\/webdelmaestrocmf.com\/portal\/wp-content\/uploads\/2025\/06\/1A-Banner-1-portada-imagen-10-1-copia-1.jpg?resize=525%2C300&ssl=1 1.5x, https:\/\/i0.wp.com\/webdelmaestrocmf.com\/portal\/wp-content\/uploads\/2025\/06\/1A-Banner-1-portada-imagen-10-1-copia-1.jpg?resize=700%2C400&ssl=1 2x"},"classes":[]},{"id":117282,"url":"https:\/\/webdelmaestrocmf.com\/portal\/el-tuit-mas-hostil-de-donald-trump-abran-el-maldito-estrecho-bastardos-locos\/","url_meta":{"origin":116429,"position":5},"title":"El tuit m\u00e1s hostil de Donald Trump: \u00ab\u00a1Abran el maldito estrecho, bastardos locos!\u00bb","author":"Web del Maestro CMF","date":"5 abril, 2026","format":false,"excerpt":"Trump lanz\u00f3 una amenaza directa a Ir\u00e1n exigiendo reabrir el estrecho de Ormuz, advirtiendo ataques a instalaciones energ\u00e9ticas, en un contexto de alta tensi\u00f3n con impacto econ\u00f3mico global.","rel":"","context":"En \u00abNoticias Internacionales\u00bb","block_context":{"text":"Noticias Internacionales","link":"https:\/\/webdelmaestrocmf.com\/portal\/category\/noticias-internacionales\/"},"img":{"alt_text":"","src":"https:\/\/i0.wp.com\/webdelmaestrocmf.com\/portal\/wp-content\/uploads\/2026\/04\/1AA-Banner-1-portada-imagen-10-1-copia-16.webp?resize=350%2C200&ssl=1","width":350,"height":200,"srcset":"https:\/\/i0.wp.com\/webdelmaestrocmf.com\/portal\/wp-content\/uploads\/2026\/04\/1AA-Banner-1-portada-imagen-10-1-copia-16.webp?resize=350%2C200&ssl=1 1x, https:\/\/i0.wp.com\/webdelmaestrocmf.com\/portal\/wp-content\/uploads\/2026\/04\/1AA-Banner-1-portada-imagen-10-1-copia-16.webp?resize=525%2C300&ssl=1 1.5x, https:\/\/i0.wp.com\/webdelmaestrocmf.com\/portal\/wp-content\/uploads\/2026\/04\/1AA-Banner-1-portada-imagen-10-1-copia-16.webp?resize=700%2C400&ssl=1 2x, https:\/\/i0.wp.com\/webdelmaestrocmf.com\/portal\/wp-content\/uploads\/2026\/04\/1AA-Banner-1-portada-imagen-10-1-copia-16.webp?resize=1050%2C600&ssl=1 3x"},"classes":[]}],"_links":{"self":[{"href":"https:\/\/webdelmaestrocmf.com\/portal\/wp-json\/wp\/v2\/posts\/116429","targetHints":{"allow":["GET"]}}],"collection":[{"href":"https:\/\/webdelmaestrocmf.com\/portal\/wp-json\/wp\/v2\/posts"}],"about":[{"href":"https:\/\/webdelmaestrocmf.com\/portal\/wp-json\/wp\/v2\/types\/post"}],"author":[{"embeddable":true,"href":"https:\/\/webdelmaestrocmf.com\/portal\/wp-json\/wp\/v2\/users\/1"}],"replies":[{"embeddable":true,"href":"https:\/\/webdelmaestrocmf.com\/portal\/wp-json\/wp\/v2\/comments?post=116429"}],"version-history":[{"count":1,"href":"https:\/\/webdelmaestrocmf.com\/portal\/wp-json\/wp\/v2\/posts\/116429\/revisions"}],"predecessor-version":[{"id":116431,"href":"https:\/\/webdelmaestrocmf.com\/portal\/wp-json\/wp\/v2\/posts\/116429\/revisions\/116431"}],"wp:featuredmedia":[{"embeddable":true,"href":"https:\/\/webdelmaestrocmf.com\/portal\/wp-json\/wp\/v2\/media\/116432"}],"wp:attachment":[{"href":"https:\/\/webdelmaestrocmf.com\/portal\/wp-json\/wp\/v2\/media?parent=116429"}],"wp:term":[{"taxonomy":"category","embeddable":true,"href":"https:\/\/webdelmaestrocmf.com\/portal\/wp-json\/wp\/v2\/categories?post=116429"},{"taxonomy":"post_tag","embeddable":true,"href":"https:\/\/webdelmaestrocmf.com\/portal\/wp-json\/wp\/v2\/tags?post=116429"}],"curies":[{"name":"wp","href":"https:\/\/api.w.org\/{rel}","templated":true}]}}