{"id":116422,"date":"2026-03-12T21:22:39","date_gmt":"2026-03-13T00:22:39","guid":{"rendered":"https:\/\/webdelmaestrocmf.com\/portal\/?p=116422"},"modified":"2026-03-12T21:26:28","modified_gmt":"2026-03-13T00:26:28","slug":"la-nasa-prepara-el-regreso-de-astronautas-a-la-luna-despues-de-mas-de-50-anos","status":"publish","type":"post","link":"https:\/\/webdelmaestrocmf.com\/portal\/la-nasa-prepara-el-regreso-de-astronautas-a-la-luna-despues-de-mas-de-50-anos\/","title":{"rendered":"La NASA prepara el regreso de astronautas a la Luna despu\u00e9s de m\u00e1s de 50 a\u00f1os"},"content":{"rendered":"\n<p>La NASA anunci\u00f3 que <strong>todo est\u00e1 listo para intentar el lanzamiento de la misi\u00f3n Artemis 2<\/strong>, el primer viaje tripulado hacia la Luna en m\u00e1s de medio siglo. La agencia espacial estadounidense confirm\u00f3 que la <strong>primera oportunidad de despegue ser\u00e1 el 1 de abril<\/strong>, tras semanas de reparaciones y pruebas t\u00e9cnicas en el cohete SLS y en los sistemas que permitir\u00e1n transportar a cuatro astronautas alrededor del sat\u00e9lite natural de la Tierra.<\/p>\n\n\n\n<p>El anuncio fue realizado durante una rueda de prensa en la que responsables del programa Artemis explicaron que <strong>el cohete Space Launch System (SLS)<\/strong> \u2014el m\u00e1s potente construido por la NASA\u2014 ha superado los an\u00e1lisis de preparaci\u00f3n t\u00e9cnica necesarios para el lanzamiento. Esta misi\u00f3n marcar\u00e1 un hito hist\u00f3rico: ser\u00e1 <strong>la primera vez desde el programa Apolo, hace m\u00e1s de 50 a\u00f1os, que una tripulaci\u00f3n humana viajar\u00e1 hacia la Luna<\/strong>.<\/p>\n\n\n\n<figure class=\"wp-block-embed is-type-video is-provider-youtube wp-block-embed-youtube wp-embed-aspect-16-9 wp-has-aspect-ratio\"><div class=\"wp-block-embed__wrapper\">\n<iframe loading=\"lazy\" title=\"\u00daLTIMA HORA | Anuncio hist\u00f3rico en la NASA: lista para su primera misi\u00f3n a la Luna en 50 a\u00f1os\" width=\"1200\" height=\"675\" src=\"https:\/\/www.youtube.com\/embed\/7sbWbAG77N8?start=13&#038;feature=oembed\" frameborder=\"0\" allow=\"accelerometer; autoplay; clipboard-write; encrypted-media; gyroscope; picture-in-picture; web-share\" referrerpolicy=\"strict-origin-when-cross-origin\" allowfullscreen><\/iframe>\n<\/div><\/figure>\n\n\n\n<h2 class=\"wp-block-heading\"><strong>Una misi\u00f3n hist\u00f3rica del programa Artemis<\/strong><\/h2>\n\n\n\n<p>La misi\u00f3n Artemis 2 representa el siguiente paso en el ambicioso programa lunar de la NASA, cuyo objetivo final es <strong>establecer una presencia humana sostenible en la Luna y preparar futuras misiones hacia Marte<\/strong>.<\/p>\n\n\n\n<p>En esta misi\u00f3n participar\u00e1n <strong>cuatro astronautas<\/strong>, entre ellos <strong>la primera mujer y el primer astronauta afrodescendiente que viajar\u00e1n hacia la Luna<\/strong>. Aunque la nave no aterrizar\u00e1 en la superficie lunar, la tripulaci\u00f3n realizar\u00e1 un vuelo alrededor del sat\u00e9lite antes de regresar a la Tierra.<\/p>\n\n\n\n<p>Durante la presentaci\u00f3n oficial, <strong>Lori Glaze<\/strong>, administradora asociada en funciones de la NASA, afirm\u00f3 que <strong>todos los equipos est\u00e1n preparados para proceder con el lanzamiento<\/strong>. Seg\u00fan el calendario actual, el cohete ser\u00e1 trasladado desde el edificio de ensamblaje hasta la plataforma de lanzamiento en los pr\u00f3ximos d\u00edas. Paralelamente, los astronautas entrar\u00e1n en cuarentena como medida preventiva para evitar cualquier problema m\u00e9dico que pueda retrasar la misi\u00f3n.<\/p>\n\n\n\n<figure class=\"wp-block-image\"><img decoding=\"async\" src=\"https:\/\/www.lanacion.com.py\/resizer\/v2\/EDFATTJJPBCXFEWXWQUMMQVHCI.jpg?auth=412f2c605afe8613cad8761f174e6c6d9e70019d95869bf60e83fde2335f9ebe\" alt=\"\"\/><\/figure>\n\n\n\n<h2 class=\"wp-block-heading\"><strong>Problemas t\u00e9cnicos que retrasaron el lanzamiento<\/strong><\/h2>\n\n\n\n<p>Aunque el lanzamiento estaba previsto inicialmente para febrero, <strong>varios problemas t\u00e9cnicos obligaron a retrasar la misi\u00f3n<\/strong>. Durante una prueba de carga de combustible realizada el 2 de febrero, el cohete present\u00f3 <strong>fugas de hidr\u00f3geno<\/strong>, lo que oblig\u00f3 a detener el procedimiento y revisar posibles fallos.<\/p>\n\n\n\n<p>Posteriormente, el 19 de febrero, una nueva prueba de combustible se complet\u00f3 sin incidentes. Sin embargo, poco despu\u00e9s se detectaron <strong>fugas de helio en la segunda etapa del cohete<\/strong>, que mide cerca de 100 metros de altura.<\/p>\n\n\n\n<p>Debido a la complejidad de las reparaciones, el enorme veh\u00edculo \u2014que pesa m\u00e1s de <strong>2.500 toneladas<\/strong>\u2014 tuvo que ser trasladado nuevamente al edificio de ensamblaje de veh\u00edculos de la NASA. All\u00ed los t\u00e9cnicos reemplazaron el sellado de varias conexiones que conducen el gas hacia el cohete.<\/p>\n\n\n\n<p><strong>Shawn Quinn<\/strong>, responsable del Programa de Sistemas Terrestres de Exploraci\u00f3n, explic\u00f3 que las nuevas piezas han sido sometidas a m\u00faltiples pruebas para garantizar su funcionamiento.<\/p>\n\n\n\n<p><strong>\u201cLas hemos vuelto a probar muchas veces y confiamos en que funcionar\u00e1n correctamente\u201d,<\/strong> afirm\u00f3.<\/p>\n\n\n\n<h2 class=\"wp-block-heading\"><strong>El cohete SLS: el m\u00e1s potente desarrollado por la NASA<\/strong><\/h2>\n\n\n\n<p>El <strong>Space Launch System (SLS)<\/strong> es el cohete m\u00e1s potente construido por la NASA hasta la fecha y constituye el n\u00facleo del programa Artemis. Su primer vuelo se realiz\u00f3 en noviembre de 2022 durante la misi\u00f3n <strong>Artemis 1<\/strong>, que envi\u00f3 la nave Orion alrededor de la Luna sin tripulaci\u00f3n.<\/p>\n\n\n\n<p>Ese lanzamiento tambi\u00e9n sufri\u00f3 retrasos por problemas t\u00e9cnicos similares, incluyendo fugas de combustible. Sin embargo, el \u00e9xito de Artemis 1 permiti\u00f3 validar muchos de los sistemas que ahora se utilizar\u00e1n en la misi\u00f3n tripulada.<\/p>\n\n\n\n<p>Si todo avanza seg\u00fan lo previsto, Artemis 2 ser\u00e1 el primer paso para <strong>retomar los vuelos humanos hacia el entorno lunar desde el final del programa Apolo en 1972<\/strong>.<\/p>\n\n\n\n<h2 class=\"wp-block-heading\"><strong>Cambios en el calendario de las futuras misiones lunares<\/strong><\/h2>\n\n\n\n<p>Mientras se realizaban las reparaciones del cohete SLS, la NASA tambi\u00e9n anunci\u00f3 <strong>cambios en el calendario de sus futuras misiones<\/strong>.<\/p>\n\n\n\n<p>El nuevo plan fue presentado por el administrador de la agencia, <strong>Jared Isaacman<\/strong>, con el objetivo de aumentar el ritmo de los lanzamientos y reducir los problemas t\u00e9cnicos que han afectado al programa.<\/p>\n\n\n\n<p>Seg\u00fan este nuevo calendario, <strong>Artemis 3 ya no incluir\u00e1 un aterrizaje en la Luna<\/strong> como se hab\u00eda previsto originalmente. En su lugar, la misi\u00f3n se centrar\u00e1 en probar el acoplamiento entre la nave Orion y el m\u00f3dulo de aterrizaje lunar desarrollado por empresas privadas como <strong>SpaceX o Blue Origin<\/strong>, en una prueba prevista para 2027.<\/p>\n\n\n\n<p>El primer aterrizaje tripulado del programa Artemis podr\u00eda realizarse <strong>en 2028<\/strong>, si los sistemas de aterrizaje est\u00e1n listos y superan todas las pruebas necesarias.<\/p>\n\n\n\n<h2 class=\"wp-block-heading\"><strong>Una nueva carrera espacial con China<\/strong><\/h2>\n\n\n\n<p>El regreso de astronautas a la Luna tambi\u00e9n tiene una dimensi\u00f3n geopol\u00edtica. <strong>China ha declarado su objetivo de llevar astronautas al sat\u00e9lite alrededor del a\u00f1o 2030<\/strong>, lo que ha reactivado la competencia internacional por la exploraci\u00f3n lunar.<\/p>\n\n\n\n<p>Los retrasos del programa estadounidense podr\u00edan influir en esta carrera. El principal punto de incertidumbre del plan de la NASA es <strong>si las empresas privadas encargadas de desarrollar los m\u00f3dulos de aterrizaje y los sistemas de transporte estar\u00e1n listas a tiempo<\/strong>.<\/p>\n\n\n\n<h2 class=\"wp-block-heading\"><strong>Dudas sobre la seguridad y la log\u00edstica de futuras misiones<\/strong><\/h2>\n\n\n\n<p>Esta misma semana, la Oficina del Inspector General de la NASA \u2014un organismo independiente encargado de supervisar la agencia\u2014 public\u00f3 un informe en el que <strong>expresaba dudas sobre los calendarios actuales del programa lunar<\/strong>.<\/p>\n\n\n\n<p>El informe se\u00f1ala que <strong>los cohetes y m\u00f3dulos de aterrizaje desarrollados por empresas privadas podr\u00edan no estar listos dentro de los plazos previstos<\/strong>. Tambi\u00e9n advierte sobre posibles desaf\u00edos relacionados con la seguridad de los astronautas durante futuras misiones en la superficie lunar.<\/p>\n\n\n\n<p>Uno de los principales problemas se\u00f1alados es que <strong>la NASA a\u00fan no cuenta con un sistema claro de rescate en caso de emergencia en la Luna<\/strong>, lo que plantea interrogantes sobre la gesti\u00f3n de riesgos en futuras misiones de larga duraci\u00f3n.<\/p>\n\n\n\n<h2 class=\"wp-block-heading\"><strong>Un paso decisivo hacia el regreso humano a la Luna<\/strong><\/h2>\n\n\n\n<p>A pesar de los retrasos y desaf\u00edos t\u00e9cnicos, Artemis 2 representa <strong>un momento clave en el regreso de la humanidad al entorno lunar<\/strong>. M\u00e1s de cinco d\u00e9cadas despu\u00e9s de la \u00faltima misi\u00f3n del programa Apolo, la NASA se prepara para enviar nuevamente astronautas hacia nuestro sat\u00e9lite natural.<\/p>\n\n\n\n<p>Si el lanzamiento se realiza seg\u00fan lo previsto, <strong>la misi\u00f3n marcar\u00e1 el inicio de una nueva etapa en la exploraci\u00f3n espacial<\/strong>, con la Luna como plataforma para futuras misiones cient\u00edficas y tecnol\u00f3gicas que podr\u00edan abrir el camino hacia la exploraci\u00f3n de Marte.<\/p>\n\n\n\n<p class=\"has-text-align-right\"><strong>Redacci\u00f3n | Web del Maestro CMF<\/strong><\/p>\n\n\n\t\t<div class=\"pk-inline-posts\">\n\t\t\t\t\t\t\t<h5 class=\"pk-inline-posts-title pk-title pk-font-block\">\n\t\t\t\t\t\u00daltimas entradas\t\t\t\t<\/h5>\n\t\t\t\n\t\t\t<div class=\"pk-inline-posts-container pk-inline-posts-template-list\"\n\t\t\t\tdata-columns=\"1\">\n\t\t\t\t\t\t<article id=\"post-118546\" class=\"post-118546 post type-post status-publish format-standard has-post-thumbnail category-noticias-internacionales tag-aprendizaje tag-conflicto tag-crisis tag-docentes tag-educacion-3 tag-escuela tag-guerra tag-infancia tag-resiliencia tag-sociedad cs-entry cs-video-wrap\">\n\t\t\t<div class=\"pk-post-outer\">\n\n\t\t\t\t\t\t\t\t<div class=\"pk-post-inner\">\n\t\t\t\t\t<div class=\"entry-thumbnail\">\n\t\t\t\t\t\t<div class=\"pk-overlay pk-overlay-ratio pk-ratio-landscape\">\n\t\t\t\t\t\t\t<div class=\"pk-overlay-background\">\n\t\t\t\t\t\t\t\t<a href=\"https:\/\/webdelmaestrocmf.com\/portal\/rusia-bombardea-orfanato-y-escuela-judia-en-odesa-en-el-sur-de-ucrania\/\" class=\"pk-overlay-link\">\n\t\t\t\t\t\t\t\t\t<img loading=\"lazy\" decoding=\"async\" width=\"300\" height=\"225\" src=\"https:\/\/webdelmaestrocmf.com\/portal\/wp-content\/uploads\/2026\/05\/1AA-Banner-1-portada-imagen-10-1-copia-1-1-300x225.webp\" class=\"attachment-pk-thumbnail size-pk-thumbnail wp-post-image\" alt=\"\" \/>\t\t\t\t\t\t\t\t<\/a>\n\t\t\t\t\t\t\t<\/div>\n\t\t\t\t\t\t<\/div>\n\t\t\t\t\t<\/div>\n\t\t\t\t<\/div>\n\t\t\t\t\n\t\t\t\t<div class=\"pk-post-inner\">\n\t\t\t\t\t<header>\n\t\t\t\t\t\t<h3 class=\"pk-title\"><a href=\"https:\/\/webdelmaestrocmf.com\/portal\/rusia-bombardea-orfanato-y-escuela-judia-en-odesa-en-el-sur-de-ucrania\/\" rel=\"bookmark\">Rusia bombardea orfanato y escuela jud\u00eda en Odesa, en el sur de Ucrania<\/a><\/h3>\t\t\t\t\t<\/header><!-- .entry-header -->\n\t\t\t\t<\/div><!-- .post-inner -->\n\n\t\t\t<\/div><!-- .post-outer -->\n\t\t<\/article>\n\t\t\t<article id=\"post-118533\" class=\"post-118533 post type-post status-publish format-standard has-post-thumbnail category-noticias-internacionales tag-convivencia-escolar tag-docentes tag-educacion-2 tag-etica-educativa tag-normativa-escolar tag-preescolar tag-primaria tag-protocolos tag-rol-docente tag-seguridad-docente cs-entry cs-video-wrap\">\n\t\t\t<div class=\"pk-post-outer\">\n\n\t\t\t\t\t\t\t\t<div class=\"pk-post-inner\">\n\t\t\t\t\t<div class=\"entry-thumbnail\">\n\t\t\t\t\t\t<div class=\"pk-overlay pk-overlay-ratio pk-ratio-landscape\">\n\t\t\t\t\t\t\t<div class=\"pk-overlay-background\">\n\t\t\t\t\t\t\t\t<a href=\"https:\/\/webdelmaestrocmf.com\/portal\/profesor-advierte-a-docentes-no-pueden-asistir-a-un-nino-en-el-bano-por-riesgo-de-cargos-legales\/\" class=\"pk-overlay-link\">\n\t\t\t\t\t\t\t\t\t<img loading=\"lazy\" decoding=\"async\" width=\"300\" height=\"225\" src=\"https:\/\/webdelmaestrocmf.com\/portal\/wp-content\/uploads\/2026\/05\/1AA-Banner-1-portada-imagen-10-1-copia-300x225.webp\" class=\"attachment-pk-thumbnail size-pk-thumbnail wp-post-image\" alt=\"\" \/>\t\t\t\t\t\t\t\t<\/a>\n\t\t\t\t\t\t\t<\/div>\n\t\t\t\t\t\t<\/div>\n\t\t\t\t\t<\/div>\n\t\t\t\t<\/div>\n\t\t\t\t\n\t\t\t\t<div class=\"pk-post-inner\">\n\t\t\t\t\t<header>\n\t\t\t\t\t\t<h3 class=\"pk-title\"><a href=\"https:\/\/webdelmaestrocmf.com\/portal\/profesor-advierte-a-docentes-no-pueden-asistir-a-un-nino-en-el-bano-por-riesgo-de-cargos-legales\/\" rel=\"bookmark\">Profesor advierte a docentes: \u201cNo pueden asistir a un ni\u00f1o en el ba\u00f1o\u201d por riesgo de cargos legales<\/a><\/h3>\t\t\t\t\t<\/header><!-- .entry-header -->\n\t\t\t\t<\/div><!-- .post-inner -->\n\n\t\t\t<\/div><!-- .post-outer -->\n\t\t<\/article>\n\t\t\t<article id=\"post-118505\" class=\"post-118505 post type-post status-publish format-standard has-post-thumbnail category-noticias-internacionales tag-acoso-laboral-docente tag-clima-laboral-educativo tag-denuncia-laboral tag-derechos-laborales-docentes tag-ley-karin tag-maltrato-en-escuelas tag-salud-mental-docente tag-sistema-educativo-crisis tag-violencia-en-escuelas cs-entry cs-video-wrap\">\n\t\t\t<div class=\"pk-post-outer\">\n\n\t\t\t\t\t\t\t\t<div class=\"pk-post-inner\">\n\t\t\t\t\t<div class=\"entry-thumbnail\">\n\t\t\t\t\t\t<div class=\"pk-overlay pk-overlay-ratio pk-ratio-landscape\">\n\t\t\t\t\t\t\t<div class=\"pk-overlay-background\">\n\t\t\t\t\t\t\t\t<a href=\"https:\/\/webdelmaestrocmf.com\/portal\/maestra-consulta-que-hacer-tras-sufrir-acoso-laboral-por-parte-de-una-profesora-y-directora-teme-denunciar-y-quedar-vetada-de-por-vida-como-se-debe-de-proceder-en-estos-casos\/\" class=\"pk-overlay-link\">\n\t\t\t\t\t\t\t\t\t<img loading=\"lazy\" decoding=\"async\" width=\"300\" height=\"225\" src=\"https:\/\/webdelmaestrocmf.com\/portal\/wp-content\/uploads\/2026\/04\/1AA-Banner-1-portada-imagen-10-1-copia-4-4-300x225.webp\" class=\"attachment-pk-thumbnail size-pk-thumbnail wp-post-image\" alt=\"\" \/>\t\t\t\t\t\t\t\t<\/a>\n\t\t\t\t\t\t\t<\/div>\n\t\t\t\t\t\t<\/div>\n\t\t\t\t\t<\/div>\n\t\t\t\t<\/div>\n\t\t\t\t\n\t\t\t\t<div class=\"pk-post-inner\">\n\t\t\t\t\t<header>\n\t\t\t\t\t\t<h3 class=\"pk-title\"><a href=\"https:\/\/webdelmaestrocmf.com\/portal\/maestra-consulta-que-hacer-tras-sufrir-acoso-laboral-por-parte-de-una-profesora-y-directora-teme-denunciar-y-quedar-vetada-de-por-vida-como-se-debe-de-proceder-en-estos-casos\/\" rel=\"bookmark\">Maestra consulta qu\u00e9 hacer tras sufrir acoso laboral por parte de una profesora y directora, teme denunciar y quedar vetada de por vida \u00bfC\u00f3mo se debe de proceder en estos casos?<\/a><\/h3>\t\t\t\t\t<\/header><!-- .entry-header -->\n\t\t\t\t<\/div><!-- .post-inner -->\n\n\t\t\t<\/div><!-- .post-outer -->\n\t\t<\/article>\n\t\t\t\t<\/div>\n\t\t<\/div>\n\t\t\n","protected":false},"excerpt":{"rendered":"Los responsables de la misi\u00f3n Artemis 2 anuncian que el cohete SLS y el resto de componentes est\u00e1n listos para el despegue.","protected":false},"author":1,"featured_media":116427,"comment_status":"open","ping_status":"closed","sticky":false,"template":"","format":"standard","meta":{"csco_display_header_overlay":false,"csco_singular_sidebar":"","csco_page_header_type":"","csco_page_load_nextpost":"","csco_post_video_location":[],"csco_post_video_location_hash":"","csco_post_video_url":"","csco_post_video_bg_start_time":0,"csco_post_video_bg_end_time":0,"csco_post_video_bg_volume":false,"_jetpack_memberships_contains_paid_content":false,"footnotes":""},"categories":[23790],"tags":[25510,25512,2964,25514,834,25513,25509,25511,6173,25515],"class_list":{"0":"post-116422","1":"post","2":"type-post","3":"status-publish","4":"format-standard","5":"has-post-thumbnail","7":"category-noticias-internacionales","8":"tag-artemis","9":"tag-artemis2","10":"tag-astronautas","11":"tag-astronomia-2","12":"tag-ciencia","13":"tag-cohete-sls","14":"tag-exploracion-espacial-2","15":"tag-mision-lunar","16":"tag-nasa","17":"tag-tecnologia-espacial","18":"cs-entry","19":"cs-video-wrap"},"yoast_head":"<!-- This site is optimized with the Yoast SEO plugin v27.5 - https:\/\/yoast.com\/product\/yoast-seo-wordpress\/ -->\n<title>La NASA prepara el regreso de astronautas a la Luna despu\u00e9s de m\u00e1s de 50 a\u00f1os - 2026<\/title>\n<meta name=\"description\" content=\"La NASA anunci\u00f3 que todo est\u00e1 listo para intentar el lanzamiento de la misi\u00f3n Artemis 2, el primer viaje tripulado hacia la Luna en m\u00e1s...\" \/>\n<meta name=\"robots\" content=\"index, follow, max-snippet:-1, max-image-preview:large, max-video-preview:-1\" \/>\n<link rel=\"canonical\" href=\"https:\/\/webdelmaestrocmf.com\/portal\/la-nasa-prepara-el-regreso-de-astronautas-a-la-luna-despues-de-mas-de-50-anos\/\" \/>\n<meta property=\"og:locale\" content=\"es_ES\" \/>\n<meta property=\"og:type\" content=\"article\" \/>\n<meta property=\"og:title\" content=\"La NASA prepara el regreso de astronautas a la Luna despu\u00e9s de m\u00e1s de 50 a\u00f1os - 2026\" \/>\n<meta property=\"og:description\" content=\"La NASA anunci\u00f3 que todo est\u00e1 listo para intentar el lanzamiento de la misi\u00f3n Artemis 2, el primer viaje tripulado hacia la Luna en m\u00e1s...\" \/>\n<meta property=\"og:url\" content=\"https:\/\/webdelmaestrocmf.com\/portal\/la-nasa-prepara-el-regreso-de-astronautas-a-la-luna-despues-de-mas-de-50-anos\/\" \/>\n<meta property=\"og:site_name\" content=\"Web del Maestro CMF\" \/>\n<meta property=\"article:publisher\" content=\"https:\/\/www.facebook.com\/WebdelMaestroCMF\/\" \/>\n<meta property=\"article:author\" content=\"https:\/\/www.facebook.com\/WebdelMaestroCMF\/\" \/>\n<meta property=\"article:published_time\" content=\"2026-03-13T00:22:39+00:00\" \/>\n<meta property=\"article:modified_time\" content=\"2026-03-13T00:26:28+00:00\" \/>\n<meta property=\"og:image\" content=\"https:\/\/webdelmaestrocmf.com\/portal\/wp-content\/uploads\/2026\/03\/1AA-Banner-1-portada-imagen-10-1-copia-7.webp\" \/>\n\t<meta property=\"og:image:width\" content=\"1200\" \/>\n\t<meta property=\"og:image:height\" content=\"675\" \/>\n\t<meta property=\"og:image:type\" content=\"image\/webp\" \/>\n<meta name=\"author\" content=\"Web del Maestro CMF\" \/>\n<meta name=\"twitter:card\" content=\"summary_large_image\" \/>\n<meta name=\"twitter:creator\" content=\"@cmf_w\" \/>\n<meta name=\"twitter:site\" content=\"@cmf_w\" \/>\n<script type=\"application\/ld+json\" class=\"yoast-schema-graph\">{\"@context\":\"https:\\\/\\\/schema.org\",\"@graph\":[{\"@type\":\"ScholarlyArticle\",\"@id\":\"https:\\\/\\\/webdelmaestrocmf.com\\\/portal\\\/la-nasa-prepara-el-regreso-de-astronautas-a-la-luna-despues-de-mas-de-50-anos\\\/#article\",\"isPartOf\":{\"@id\":\"https:\\\/\\\/webdelmaestrocmf.com\\\/portal\\\/la-nasa-prepara-el-regreso-de-astronautas-a-la-luna-despues-de-mas-de-50-anos\\\/\"},\"author\":{\"name\":\"Web del Maestro CMF\",\"@id\":\"https:\\\/\\\/webdelmaestrocmf.com\\\/portal\\\/#\\\/schema\\\/person\\\/1072a2ed7bd960df8ef99a551fa35dc5\"},\"headline\":\"La NASA prepara el regreso de astronautas a la Luna despu\u00e9s de m\u00e1s de 50 a\u00f1os\",\"datePublished\":\"2026-03-13T00:22:39+00:00\",\"dateModified\":\"2026-03-13T00:26:28+00:00\",\"mainEntityOfPage\":{\"@id\":\"https:\\\/\\\/webdelmaestrocmf.com\\\/portal\\\/la-nasa-prepara-el-regreso-de-astronautas-a-la-luna-despues-de-mas-de-50-anos\\\/\"},\"wordCount\":1164,\"commentCount\":0,\"publisher\":{\"@id\":\"https:\\\/\\\/webdelmaestrocmf.com\\\/portal\\\/#organization\"},\"image\":{\"@id\":\"https:\\\/\\\/webdelmaestrocmf.com\\\/portal\\\/la-nasa-prepara-el-regreso-de-astronautas-a-la-luna-despues-de-mas-de-50-anos\\\/#primaryimage\"},\"thumbnailUrl\":\"https:\\\/\\\/webdelmaestrocmf.com\\\/portal\\\/wp-content\\\/uploads\\\/2026\\\/03\\\/1AA-Banner-1-portada-imagen-10-1-copia-7.webp\",\"keywords\":[\"artemis\",\"artemis2\",\"ASTRONAUTAS\",\"astronomia\",\"CIENCIA\",\"cohete sls\",\"exploracion espacial\",\"mision lunar\",\"NASA\",\"tecnologia espacial\"],\"articleSection\":[\"Noticias Internacionales\"],\"inLanguage\":\"es\",\"potentialAction\":[{\"@type\":\"CommentAction\",\"name\":\"Comment\",\"target\":[\"https:\\\/\\\/webdelmaestrocmf.com\\\/portal\\\/la-nasa-prepara-el-regreso-de-astronautas-a-la-luna-despues-de-mas-de-50-anos\\\/#respond\"]}]},{\"@type\":\"WebPage\",\"@id\":\"https:\\\/\\\/webdelmaestrocmf.com\\\/portal\\\/la-nasa-prepara-el-regreso-de-astronautas-a-la-luna-despues-de-mas-de-50-anos\\\/\",\"url\":\"https:\\\/\\\/webdelmaestrocmf.com\\\/portal\\\/la-nasa-prepara-el-regreso-de-astronautas-a-la-luna-despues-de-mas-de-50-anos\\\/\",\"name\":\"La NASA prepara el regreso de astronautas a la Luna despu\u00e9s de m\u00e1s de 50 a\u00f1os - 2026\",\"isPartOf\":{\"@id\":\"https:\\\/\\\/webdelmaestrocmf.com\\\/portal\\\/#website\"},\"primaryImageOfPage\":{\"@id\":\"https:\\\/\\\/webdelmaestrocmf.com\\\/portal\\\/la-nasa-prepara-el-regreso-de-astronautas-a-la-luna-despues-de-mas-de-50-anos\\\/#primaryimage\"},\"image\":{\"@id\":\"https:\\\/\\\/webdelmaestrocmf.com\\\/portal\\\/la-nasa-prepara-el-regreso-de-astronautas-a-la-luna-despues-de-mas-de-50-anos\\\/#primaryimage\"},\"thumbnailUrl\":\"https:\\\/\\\/webdelmaestrocmf.com\\\/portal\\\/wp-content\\\/uploads\\\/2026\\\/03\\\/1AA-Banner-1-portada-imagen-10-1-copia-7.webp\",\"datePublished\":\"2026-03-13T00:22:39+00:00\",\"dateModified\":\"2026-03-13T00:26:28+00:00\",\"description\":\"La NASA anunci\u00f3 que todo est\u00e1 listo para intentar el lanzamiento de la misi\u00f3n Artemis 2, el primer viaje tripulado hacia la Luna en m\u00e1s...\",\"breadcrumb\":{\"@id\":\"https:\\\/\\\/webdelmaestrocmf.com\\\/portal\\\/la-nasa-prepara-el-regreso-de-astronautas-a-la-luna-despues-de-mas-de-50-anos\\\/#breadcrumb\"},\"inLanguage\":\"es\",\"potentialAction\":[{\"@type\":\"ReadAction\",\"target\":[\"https:\\\/\\\/webdelmaestrocmf.com\\\/portal\\\/la-nasa-prepara-el-regreso-de-astronautas-a-la-luna-despues-de-mas-de-50-anos\\\/\"]}]},{\"@type\":\"ImageObject\",\"inLanguage\":\"es\",\"@id\":\"https:\\\/\\\/webdelmaestrocmf.com\\\/portal\\\/la-nasa-prepara-el-regreso-de-astronautas-a-la-luna-despues-de-mas-de-50-anos\\\/#primaryimage\",\"url\":\"https:\\\/\\\/webdelmaestrocmf.com\\\/portal\\\/wp-content\\\/uploads\\\/2026\\\/03\\\/1AA-Banner-1-portada-imagen-10-1-copia-7.webp\",\"contentUrl\":\"https:\\\/\\\/webdelmaestrocmf.com\\\/portal\\\/wp-content\\\/uploads\\\/2026\\\/03\\\/1AA-Banner-1-portada-imagen-10-1-copia-7.webp\",\"width\":1200,\"height\":675},{\"@type\":\"BreadcrumbList\",\"@id\":\"https:\\\/\\\/webdelmaestrocmf.com\\\/portal\\\/la-nasa-prepara-el-regreso-de-astronautas-a-la-luna-despues-de-mas-de-50-anos\\\/#breadcrumb\",\"itemListElement\":[{\"@type\":\"ListItem\",\"position\":1,\"name\":\"Portada\",\"item\":\"https:\\\/\\\/webdelmaestrocmf.com\\\/portal\\\/\"},{\"@type\":\"ListItem\",\"position\":2,\"name\":\"Noticias Internacionales\",\"item\":\"https:\\\/\\\/webdelmaestrocmf.com\\\/portal\\\/category\\\/noticias-internacionales\\\/\"},{\"@type\":\"ListItem\",\"position\":3,\"name\":\"La NASA prepara el regreso de astronautas a la Luna despu\u00e9s de m\u00e1s de 50 a\u00f1os\"}]},{\"@type\":\"WebSite\",\"@id\":\"https:\\\/\\\/webdelmaestrocmf.com\\\/portal\\\/#website\",\"url\":\"https:\\\/\\\/webdelmaestrocmf.com\\\/portal\\\/\",\"name\":\"Web del Maestro CMF\",\"description\":\"Maestros al servicio de la educaci\u00f3n\",\"publisher\":{\"@id\":\"https:\\\/\\\/webdelmaestrocmf.com\\\/portal\\\/#organization\"},\"alternateName\":\"WMCMF\",\"potentialAction\":[{\"@type\":\"SearchAction\",\"target\":{\"@type\":\"EntryPoint\",\"urlTemplate\":\"https:\\\/\\\/webdelmaestrocmf.com\\\/portal\\\/?s={search_term_string}\"},\"query-input\":{\"@type\":\"PropertyValueSpecification\",\"valueRequired\":true,\"valueName\":\"search_term_string\"}}],\"inLanguage\":\"es\"},{\"@type\":\"Organization\",\"@id\":\"https:\\\/\\\/webdelmaestrocmf.com\\\/portal\\\/#organization\",\"name\":\"Web del Maestro CMF\",\"alternateName\":\"WMCMF\",\"url\":\"https:\\\/\\\/webdelmaestrocmf.com\\\/portal\\\/\",\"logo\":{\"@type\":\"ImageObject\",\"inLanguage\":\"es\",\"@id\":\"https:\\\/\\\/webdelmaestrocmf.com\\\/portal\\\/#\\\/schema\\\/logo\\\/image\\\/\",\"url\":\"https:\\\/\\\/webdelmaestrocmf.com\\\/portal\\\/wp-content\\\/uploads\\\/2023\\\/01\\\/logo-wmcmf-2.png\",\"contentUrl\":\"https:\\\/\\\/webdelmaestrocmf.com\\\/portal\\\/wp-content\\\/uploads\\\/2023\\\/01\\\/logo-wmcmf-2.png\",\"width\":200,\"height\":60,\"caption\":\"Web del Maestro CMF\"},\"image\":{\"@id\":\"https:\\\/\\\/webdelmaestrocmf.com\\\/portal\\\/#\\\/schema\\\/logo\\\/image\\\/\"},\"sameAs\":[\"https:\\\/\\\/www.facebook.com\\\/WebdelMaestroCMF\\\/\",\"https:\\\/\\\/x.com\\\/cmf_w\",\"https:\\\/\\\/www.pinterest.com\\\/WMCMF\\\/\",\"https:\\\/\\\/www.linkedin.com\\\/company\\\/web-del-maestro-cmf\\\/\",\"https:\\\/\\\/www.instagram.com\\\/wmcmf\\\/\",\"https:\\\/\\\/www.youtube.com\\\/channel\\\/UCDPSvjbdodE5sHnC3OxutHw\",\"https:\\\/\\\/mastodon.social\\\/@wmcmf\",\"https:\\\/\\\/www.tiktok.com\\\/@webdelmaestrocmf\"]},{\"@type\":\"Person\",\"@id\":\"https:\\\/\\\/webdelmaestrocmf.com\\\/portal\\\/#\\\/schema\\\/person\\\/1072a2ed7bd960df8ef99a551fa35dc5\",\"name\":\"Web del Maestro CMF\",\"image\":{\"@type\":\"ImageObject\",\"inLanguage\":\"es\",\"@id\":\"https:\\\/\\\/secure.gravatar.com\\\/avatar\\\/23291dd5b5ae1077dcff3dbb04c3e02bd28403fa75af6d8787d5e97c5bbbe30b?s=96&d=mm&r=g\",\"url\":\"https:\\\/\\\/secure.gravatar.com\\\/avatar\\\/23291dd5b5ae1077dcff3dbb04c3e02bd28403fa75af6d8787d5e97c5bbbe30b?s=96&d=mm&r=g\",\"contentUrl\":\"https:\\\/\\\/secure.gravatar.com\\\/avatar\\\/23291dd5b5ae1077dcff3dbb04c3e02bd28403fa75af6d8787d5e97c5bbbe30b?s=96&d=mm&r=g\",\"caption\":\"Web del Maestro CMF\"},\"description\":\"Esta Web se cre\u00f3 sin fines de lucro, con fines educativos, cient\u00edficos y acad\u00e9micos, para personas que tengan dificultades y\\\/o inconvenientes en visualizar el material original. El objetivo es entregar recursos, compartir experiencias y materiales que ayuden a los padres de familia, maestros y estudiantes en su actualizaci\u00f3n y formaci\u00f3n permanente, en bien de la Educaci\u00f3n.\",\"sameAs\":[\"http:\\\/\\\/webdelmaestrocmf.com\\\/portal\",\"https:\\\/\\\/www.facebook.com\\\/WebdelMaestroCMF\\\/\",\"https:\\\/\\\/www.instagram.com\\\/wmcmf\\\/\",\"https:\\\/\\\/cl.linkedin.com\\\/company\\\/web-del-maestro-cmf\",\"https:\\\/\\\/www.pinterest.com\\\/WMCMF\\\/publicaciones\\\/\",\"https:\\\/\\\/x.com\\\/cmf_w\",\"https:\\\/\\\/www.youtube.com\\\/@WMCMF\"]}]}<\/script>\n<!-- \/ Yoast SEO plugin. -->","yoast_head_json":{"title":"La NASA prepara el regreso de astronautas a la Luna despu\u00e9s de m\u00e1s de 50 a\u00f1os - 2026","description":"La NASA anunci\u00f3 que todo est\u00e1 listo para intentar el lanzamiento de la misi\u00f3n Artemis 2, el primer viaje tripulado hacia la Luna en m\u00e1s...","robots":{"index":"index","follow":"follow","max-snippet":"max-snippet:-1","max-image-preview":"max-image-preview:large","max-video-preview":"max-video-preview:-1"},"canonical":"https:\/\/webdelmaestrocmf.com\/portal\/la-nasa-prepara-el-regreso-de-astronautas-a-la-luna-despues-de-mas-de-50-anos\/","og_locale":"es_ES","og_type":"article","og_title":"La NASA prepara el regreso de astronautas a la Luna despu\u00e9s de m\u00e1s de 50 a\u00f1os - 2026","og_description":"La NASA anunci\u00f3 que todo est\u00e1 listo para intentar el lanzamiento de la misi\u00f3n Artemis 2, el primer viaje tripulado hacia la Luna en m\u00e1s...","og_url":"https:\/\/webdelmaestrocmf.com\/portal\/la-nasa-prepara-el-regreso-de-astronautas-a-la-luna-despues-de-mas-de-50-anos\/","og_site_name":"Web del Maestro CMF","article_publisher":"https:\/\/www.facebook.com\/WebdelMaestroCMF\/","article_author":"https:\/\/www.facebook.com\/WebdelMaestroCMF\/","article_published_time":"2026-03-13T00:22:39+00:00","article_modified_time":"2026-03-13T00:26:28+00:00","og_image":[{"width":1200,"height":675,"url":"https:\/\/webdelmaestrocmf.com\/portal\/wp-content\/uploads\/2026\/03\/1AA-Banner-1-portada-imagen-10-1-copia-7.webp","type":"image\/webp"}],"author":"Web del Maestro CMF","twitter_card":"summary_large_image","twitter_creator":"@cmf_w","twitter_site":"@cmf_w","schema":{"@context":"https:\/\/schema.org","@graph":[{"@type":"ScholarlyArticle","@id":"https:\/\/webdelmaestrocmf.com\/portal\/la-nasa-prepara-el-regreso-de-astronautas-a-la-luna-despues-de-mas-de-50-anos\/#article","isPartOf":{"@id":"https:\/\/webdelmaestrocmf.com\/portal\/la-nasa-prepara-el-regreso-de-astronautas-a-la-luna-despues-de-mas-de-50-anos\/"},"author":{"name":"Web del Maestro CMF","@id":"https:\/\/webdelmaestrocmf.com\/portal\/#\/schema\/person\/1072a2ed7bd960df8ef99a551fa35dc5"},"headline":"La NASA prepara el regreso de astronautas a la Luna despu\u00e9s de m\u00e1s de 50 a\u00f1os","datePublished":"2026-03-13T00:22:39+00:00","dateModified":"2026-03-13T00:26:28+00:00","mainEntityOfPage":{"@id":"https:\/\/webdelmaestrocmf.com\/portal\/la-nasa-prepara-el-regreso-de-astronautas-a-la-luna-despues-de-mas-de-50-anos\/"},"wordCount":1164,"commentCount":0,"publisher":{"@id":"https:\/\/webdelmaestrocmf.com\/portal\/#organization"},"image":{"@id":"https:\/\/webdelmaestrocmf.com\/portal\/la-nasa-prepara-el-regreso-de-astronautas-a-la-luna-despues-de-mas-de-50-anos\/#primaryimage"},"thumbnailUrl":"https:\/\/webdelmaestrocmf.com\/portal\/wp-content\/uploads\/2026\/03\/1AA-Banner-1-portada-imagen-10-1-copia-7.webp","keywords":["artemis","artemis2","ASTRONAUTAS","astronomia","CIENCIA","cohete sls","exploracion espacial","mision lunar","NASA","tecnologia espacial"],"articleSection":["Noticias Internacionales"],"inLanguage":"es","potentialAction":[{"@type":"CommentAction","name":"Comment","target":["https:\/\/webdelmaestrocmf.com\/portal\/la-nasa-prepara-el-regreso-de-astronautas-a-la-luna-despues-de-mas-de-50-anos\/#respond"]}]},{"@type":"WebPage","@id":"https:\/\/webdelmaestrocmf.com\/portal\/la-nasa-prepara-el-regreso-de-astronautas-a-la-luna-despues-de-mas-de-50-anos\/","url":"https:\/\/webdelmaestrocmf.com\/portal\/la-nasa-prepara-el-regreso-de-astronautas-a-la-luna-despues-de-mas-de-50-anos\/","name":"La NASA prepara el regreso de astronautas a la Luna despu\u00e9s de m\u00e1s de 50 a\u00f1os - 2026","isPartOf":{"@id":"https:\/\/webdelmaestrocmf.com\/portal\/#website"},"primaryImageOfPage":{"@id":"https:\/\/webdelmaestrocmf.com\/portal\/la-nasa-prepara-el-regreso-de-astronautas-a-la-luna-despues-de-mas-de-50-anos\/#primaryimage"},"image":{"@id":"https:\/\/webdelmaestrocmf.com\/portal\/la-nasa-prepara-el-regreso-de-astronautas-a-la-luna-despues-de-mas-de-50-anos\/#primaryimage"},"thumbnailUrl":"https:\/\/webdelmaestrocmf.com\/portal\/wp-content\/uploads\/2026\/03\/1AA-Banner-1-portada-imagen-10-1-copia-7.webp","datePublished":"2026-03-13T00:22:39+00:00","dateModified":"2026-03-13T00:26:28+00:00","description":"La NASA anunci\u00f3 que todo est\u00e1 listo para intentar el lanzamiento de la misi\u00f3n Artemis 2, el primer viaje tripulado hacia la Luna en m\u00e1s...","breadcrumb":{"@id":"https:\/\/webdelmaestrocmf.com\/portal\/la-nasa-prepara-el-regreso-de-astronautas-a-la-luna-despues-de-mas-de-50-anos\/#breadcrumb"},"inLanguage":"es","potentialAction":[{"@type":"ReadAction","target":["https:\/\/webdelmaestrocmf.com\/portal\/la-nasa-prepara-el-regreso-de-astronautas-a-la-luna-despues-de-mas-de-50-anos\/"]}]},{"@type":"ImageObject","inLanguage":"es","@id":"https:\/\/webdelmaestrocmf.com\/portal\/la-nasa-prepara-el-regreso-de-astronautas-a-la-luna-despues-de-mas-de-50-anos\/#primaryimage","url":"https:\/\/webdelmaestrocmf.com\/portal\/wp-content\/uploads\/2026\/03\/1AA-Banner-1-portada-imagen-10-1-copia-7.webp","contentUrl":"https:\/\/webdelmaestrocmf.com\/portal\/wp-content\/uploads\/2026\/03\/1AA-Banner-1-portada-imagen-10-1-copia-7.webp","width":1200,"height":675},{"@type":"BreadcrumbList","@id":"https:\/\/webdelmaestrocmf.com\/portal\/la-nasa-prepara-el-regreso-de-astronautas-a-la-luna-despues-de-mas-de-50-anos\/#breadcrumb","itemListElement":[{"@type":"ListItem","position":1,"name":"Portada","item":"https:\/\/webdelmaestrocmf.com\/portal\/"},{"@type":"ListItem","position":2,"name":"Noticias Internacionales","item":"https:\/\/webdelmaestrocmf.com\/portal\/category\/noticias-internacionales\/"},{"@type":"ListItem","position":3,"name":"La NASA prepara el regreso de astronautas a la Luna despu\u00e9s de m\u00e1s de 50 a\u00f1os"}]},{"@type":"WebSite","@id":"https:\/\/webdelmaestrocmf.com\/portal\/#website","url":"https:\/\/webdelmaestrocmf.com\/portal\/","name":"Web del Maestro CMF","description":"Maestros al servicio de la educaci\u00f3n","publisher":{"@id":"https:\/\/webdelmaestrocmf.com\/portal\/#organization"},"alternateName":"WMCMF","potentialAction":[{"@type":"SearchAction","target":{"@type":"EntryPoint","urlTemplate":"https:\/\/webdelmaestrocmf.com\/portal\/?s={search_term_string}"},"query-input":{"@type":"PropertyValueSpecification","valueRequired":true,"valueName":"search_term_string"}}],"inLanguage":"es"},{"@type":"Organization","@id":"https:\/\/webdelmaestrocmf.com\/portal\/#organization","name":"Web del Maestro CMF","alternateName":"WMCMF","url":"https:\/\/webdelmaestrocmf.com\/portal\/","logo":{"@type":"ImageObject","inLanguage":"es","@id":"https:\/\/webdelmaestrocmf.com\/portal\/#\/schema\/logo\/image\/","url":"https:\/\/webdelmaestrocmf.com\/portal\/wp-content\/uploads\/2023\/01\/logo-wmcmf-2.png","contentUrl":"https:\/\/webdelmaestrocmf.com\/portal\/wp-content\/uploads\/2023\/01\/logo-wmcmf-2.png","width":200,"height":60,"caption":"Web del Maestro CMF"},"image":{"@id":"https:\/\/webdelmaestrocmf.com\/portal\/#\/schema\/logo\/image\/"},"sameAs":["https:\/\/www.facebook.com\/WebdelMaestroCMF\/","https:\/\/x.com\/cmf_w","https:\/\/www.pinterest.com\/WMCMF\/","https:\/\/www.linkedin.com\/company\/web-del-maestro-cmf\/","https:\/\/www.instagram.com\/wmcmf\/","https:\/\/www.youtube.com\/channel\/UCDPSvjbdodE5sHnC3OxutHw","https:\/\/mastodon.social\/@wmcmf","https:\/\/www.tiktok.com\/@webdelmaestrocmf"]},{"@type":"Person","@id":"https:\/\/webdelmaestrocmf.com\/portal\/#\/schema\/person\/1072a2ed7bd960df8ef99a551fa35dc5","name":"Web del Maestro CMF","image":{"@type":"ImageObject","inLanguage":"es","@id":"https:\/\/secure.gravatar.com\/avatar\/23291dd5b5ae1077dcff3dbb04c3e02bd28403fa75af6d8787d5e97c5bbbe30b?s=96&d=mm&r=g","url":"https:\/\/secure.gravatar.com\/avatar\/23291dd5b5ae1077dcff3dbb04c3e02bd28403fa75af6d8787d5e97c5bbbe30b?s=96&d=mm&r=g","contentUrl":"https:\/\/secure.gravatar.com\/avatar\/23291dd5b5ae1077dcff3dbb04c3e02bd28403fa75af6d8787d5e97c5bbbe30b?s=96&d=mm&r=g","caption":"Web del Maestro CMF"},"description":"Esta Web se cre\u00f3 sin fines de lucro, con fines educativos, cient\u00edficos y acad\u00e9micos, para personas que tengan dificultades y\/o inconvenientes en visualizar el material original. El objetivo es entregar recursos, compartir experiencias y materiales que ayuden a los padres de familia, maestros y estudiantes en su actualizaci\u00f3n y formaci\u00f3n permanente, en bien de la Educaci\u00f3n.","sameAs":["http:\/\/webdelmaestrocmf.com\/portal","https:\/\/www.facebook.com\/WebdelMaestroCMF\/","https:\/\/www.instagram.com\/wmcmf\/","https:\/\/cl.linkedin.com\/company\/web-del-maestro-cmf","https:\/\/www.pinterest.com\/WMCMF\/publicaciones\/","https:\/\/x.com\/cmf_w","https:\/\/www.youtube.com\/@WMCMF"]}]}},"jetpack_featured_media_url":"https:\/\/webdelmaestrocmf.com\/portal\/wp-content\/uploads\/2026\/03\/1AA-Banner-1-portada-imagen-10-1-copia-7.webp","jetpack_sharing_enabled":true,"jetpack-related-posts":[{"id":23377,"url":"https:\/\/webdelmaestrocmf.com\/portal\/papa-francisco-dialoga-los-astronautas-la-estacion-espacial-internacional\/","url_meta":{"origin":116422,"position":0},"title":"Papa Francisco dialoga con los astronautas de la estaci\u00f3n espacial internacional","author":"Web del Maestro CMF","date":"4 noviembre, 2017","format":false,"excerpt":"El Papa Francisco convers\u00f3 en directo desde un escritorio en el Vaticano con los seis astronautas que se encuentran en la Estaci\u00f3n Espacial Internacional (ISS), \u201ccentro de investigaci\u00f3n en la \u00f3rbita terrestre, cuya administraci\u00f3n, gesti\u00f3n y desarrollo est\u00e1 a cargo de la cooperaci\u00f3n internacional, [\u2026] en la que rotan equipos\u2026","rel":"","context":"En \u00abMundo cart\u00f3lico\u00bb","block_context":{"text":"Mundo cart\u00f3lico","link":"https:\/\/webdelmaestrocmf.com\/portal\/category\/pastoral\/"},"img":{"alt_text":"","src":"https:\/\/i0.wp.com\/webdelmaestrocmf.com\/portal\/wp-content\/uploads\/2017\/10\/1ss.jpg?resize=350%2C200&ssl=1","width":350,"height":200,"srcset":"https:\/\/i0.wp.com\/webdelmaestrocmf.com\/portal\/wp-content\/uploads\/2017\/10\/1ss.jpg?resize=350%2C200&ssl=1 1x, https:\/\/i0.wp.com\/webdelmaestrocmf.com\/portal\/wp-content\/uploads\/2017\/10\/1ss.jpg?resize=525%2C300&ssl=1 1.5x"},"classes":[]},{"id":111838,"url":"https:\/\/webdelmaestrocmf.com\/portal\/fallece-james-a-lovell-comandante-del-apolo-13-y-leyenda-de-la-nasa\/","url_meta":{"origin":116422,"position":1},"title":"Fallece James A. Lovell, comandante del Apolo 13 y leyenda de la NASA","author":"Web del Maestro CMF","date":"9 agosto, 2025","format":false,"excerpt":"James A. Lovell, comandante del Apolo 13, falleci\u00f3 a los 97 a\u00f1os. Su liderazgo salv\u00f3 la misi\u00f3n tras una explosi\u00f3n en 1970.","rel":"","context":"En \u00abNoticias Internacionales\u00bb","block_context":{"text":"Noticias Internacionales","link":"https:\/\/webdelmaestrocmf.com\/portal\/category\/noticias-internacionales\/"},"img":{"alt_text":"","src":"https:\/\/i0.wp.com\/webdelmaestrocmf.com\/portal\/wp-content\/uploads\/2025\/08\/1A-Banner-1-portada-imagen-10-1-copia-2025-08-09T131448.898.webp?resize=350%2C200&ssl=1","width":350,"height":200,"srcset":"https:\/\/i0.wp.com\/webdelmaestrocmf.com\/portal\/wp-content\/uploads\/2025\/08\/1A-Banner-1-portada-imagen-10-1-copia-2025-08-09T131448.898.webp?resize=350%2C200&ssl=1 1x, https:\/\/i0.wp.com\/webdelmaestrocmf.com\/portal\/wp-content\/uploads\/2025\/08\/1A-Banner-1-portada-imagen-10-1-copia-2025-08-09T131448.898.webp?resize=525%2C300&ssl=1 1.5x, https:\/\/i0.wp.com\/webdelmaestrocmf.com\/portal\/wp-content\/uploads\/2025\/08\/1A-Banner-1-portada-imagen-10-1-copia-2025-08-09T131448.898.webp?resize=700%2C400&ssl=1 2x"},"classes":[]},{"id":110778,"url":"https:\/\/webdelmaestrocmf.com\/portal\/trump-amenaza-con-cancelar-contratos-de-spacex-y-pone-en-jaque-la-seguridad-espacial-de-ee-uu\/","url_meta":{"origin":116422,"position":2},"title":"Trump amenaza con cancelar contratos de SpaceX y pone en jaque la seguridad espacial de EE.\u202fUU.","author":"Web del Maestro CMF","date":"1 julio, 2025","format":false,"excerpt":"La amenaza de Trump de cancelar contratos con SpaceX sacude al Pent\u00e1gono y la NASA, poniendo en riesgo misiones cr\u00edticas y la capacidad de acceso al espacio de Estados Unidos","rel":"","context":"En \u00abNoticias Internacionales\u00bb","block_context":{"text":"Noticias Internacionales","link":"https:\/\/webdelmaestrocmf.com\/portal\/category\/noticias-internacionales\/"},"img":{"alt_text":"","src":"https:\/\/i0.wp.com\/webdelmaestrocmf.com\/portal\/wp-content\/uploads\/2025\/07\/1A-Banner-1-portada-imagen-10-1-copia-19.webp?resize=350%2C200&ssl=1","width":350,"height":200,"srcset":"https:\/\/i0.wp.com\/webdelmaestrocmf.com\/portal\/wp-content\/uploads\/2025\/07\/1A-Banner-1-portada-imagen-10-1-copia-19.webp?resize=350%2C200&ssl=1 1x, https:\/\/i0.wp.com\/webdelmaestrocmf.com\/portal\/wp-content\/uploads\/2025\/07\/1A-Banner-1-portada-imagen-10-1-copia-19.webp?resize=525%2C300&ssl=1 1.5x, https:\/\/i0.wp.com\/webdelmaestrocmf.com\/portal\/wp-content\/uploads\/2025\/07\/1A-Banner-1-portada-imagen-10-1-copia-19.webp?resize=700%2C400&ssl=1 2x"},"classes":[]},{"id":55779,"url":"https:\/\/webdelmaestrocmf.com\/portal\/un-profesor-debe-ser-una-persona-que-te-hagan-saber-pensar-y-arribar-a-tus-propias-conclusiones-con-tus-propios-razonamientos\/","url_meta":{"origin":116422,"position":3},"title":"Un profesor debe ser una persona que te haga saber pensar y arribar a tus propias conclusiones con tus propios razonamientos","author":"Web del Maestro CMF","date":"10 diciembre, 2020","format":"video","excerpt":"El ingeniero Alejandro Miguel San Mart\u00edn\u200b (Villa Regina, Argentina, 1959) es un ingeniero electr\u00f3nico. Investigador en la agencia NASA. Como an\u00e9cdota confiesa que fue viendo a Neil Armstrong pisar la Luna, desde su Argentina natal y en su televisor blanco y negro, cuando despert\u00f3 su vocaci\u00f3n por la exploraci\u00f3n del\u2026","rel":"","context":"En \u00abCharlas\u00bb","block_context":{"text":"Charlas","link":"https:\/\/webdelmaestrocmf.com\/portal\/category\/charlas\/"},"img":{"alt_text":"","src":"https:\/\/i0.wp.com\/webdelmaestrocmf.com\/portal\/wp-content\/uploads\/2020\/12\/1-copia-27.jpg?resize=350%2C200&ssl=1","width":350,"height":200,"srcset":"https:\/\/i0.wp.com\/webdelmaestrocmf.com\/portal\/wp-content\/uploads\/2020\/12\/1-copia-27.jpg?resize=350%2C200&ssl=1 1x, https:\/\/i0.wp.com\/webdelmaestrocmf.com\/portal\/wp-content\/uploads\/2020\/12\/1-copia-27.jpg?resize=525%2C300&ssl=1 1.5x, https:\/\/i0.wp.com\/webdelmaestrocmf.com\/portal\/wp-content\/uploads\/2020\/12\/1-copia-27.jpg?resize=700%2C400&ssl=1 2x, https:\/\/i0.wp.com\/webdelmaestrocmf.com\/portal\/wp-content\/uploads\/2020\/12\/1-copia-27.jpg?resize=1050%2C600&ssl=1 3x"},"classes":[]},{"id":36236,"url":"https:\/\/webdelmaestrocmf.com\/portal\/coin-operated-un-bello-corto-que-ayudara-a-explicar-a-los-ninos-acerca-de-como-alcanzar-los-suenos\/","url_meta":{"origin":116422,"position":4},"title":"Coin Operated: un corto sobre importancia de perseguir nuestros sue\u00f1os","author":"Web del Maestro CMF","date":"25 febrero, 2021","format":"video","excerpt":"\"Coin Operated\" es un cortometraje que nos sumerge en una emotiva historia que toca fibras sensibles y nos recuerda la importancia de perseguir nuestros sue\u00f1os a lo largo de la vida. Dirigida por el talentoso Nicholas Arioli, esta obra ha recibido el reconocimiento en diversos festivales de cine y nos\u2026","rel":"","context":"En \u00abPel\u00edculas\u00bb","block_context":{"text":"Pel\u00edculas","link":"https:\/\/webdelmaestrocmf.com\/portal\/category\/pedagogia\/peliculas\/"},"img":{"alt_text":"Coin Operated perseguir nuestros sue\u00f1os","src":"https:\/\/i0.wp.com\/webdelmaestrocmf.com\/portal\/wp-content\/uploads\/2019\/04\/1.jpeg?resize=350%2C200&ssl=1","width":350,"height":200,"srcset":"https:\/\/i0.wp.com\/webdelmaestrocmf.com\/portal\/wp-content\/uploads\/2019\/04\/1.jpeg?resize=350%2C200&ssl=1 1x, https:\/\/i0.wp.com\/webdelmaestrocmf.com\/portal\/wp-content\/uploads\/2019\/04\/1.jpeg?resize=525%2C300&ssl=1 1.5x, https:\/\/i0.wp.com\/webdelmaestrocmf.com\/portal\/wp-content\/uploads\/2019\/04\/1.jpeg?resize=700%2C400&ssl=1 2x, https:\/\/i0.wp.com\/webdelmaestrocmf.com\/portal\/wp-content\/uploads\/2019\/04\/1.jpeg?resize=1050%2C600&ssl=1 3x"},"classes":[]},{"id":35729,"url":"https:\/\/webdelmaestrocmf.com\/portal\/el-uso-de-pi-%cf%80-por-la-nasa-la-telefonia-celular-el-gps-y-la-relojeria-pendular\/","url_meta":{"origin":116422,"position":5},"title":"EL USO DE PI (\u03c0) POR LA NASA, LA TELEFON\u00cdA CELULAR, EL GPS Y LA RELOJER\u00cdA PENDULAR","author":"Web del Maestro CMF","date":"14 marzo, 2019","format":false,"excerpt":"\u201cEs probable que \u03c0 no lo contenga todo, pero est\u00e1 en todas partes. Incluso dentro de ti (tus ojos son esf\u00e9ricos, tu ADN es una doble h\u00e9lice, tu coraz\u00f3n es una cardioide, tu ri\u00f1\u00f3n, tus pulmones, algunos de tus huesos, el caracol de tu o\u00eddo, la vibraci\u00f3n de tus cuerdas\u2026","rel":"","context":"En \u00abINTER\u00c9S\u00bb","block_context":{"text":"INTER\u00c9S","link":"https:\/\/webdelmaestrocmf.com\/portal\/category\/noticias-educacion\/"},"img":{"alt_text":"","src":"https:\/\/i0.wp.com\/webdelmaestrocmf.com\/portal\/wp-content\/uploads\/2019\/03\/1-38.jpg?resize=350%2C200&ssl=1","width":350,"height":200,"srcset":"https:\/\/i0.wp.com\/webdelmaestrocmf.com\/portal\/wp-content\/uploads\/2019\/03\/1-38.jpg?resize=350%2C200&ssl=1 1x, https:\/\/i0.wp.com\/webdelmaestrocmf.com\/portal\/wp-content\/uploads\/2019\/03\/1-38.jpg?resize=525%2C300&ssl=1 1.5x, https:\/\/i0.wp.com\/webdelmaestrocmf.com\/portal\/wp-content\/uploads\/2019\/03\/1-38.jpg?resize=700%2C400&ssl=1 2x, https:\/\/i0.wp.com\/webdelmaestrocmf.com\/portal\/wp-content\/uploads\/2019\/03\/1-38.jpg?resize=1050%2C600&ssl=1 3x"},"classes":[]}],"_links":{"self":[{"href":"https:\/\/webdelmaestrocmf.com\/portal\/wp-json\/wp\/v2\/posts\/116422","targetHints":{"allow":["GET"]}}],"collection":[{"href":"https:\/\/webdelmaestrocmf.com\/portal\/wp-json\/wp\/v2\/posts"}],"about":[{"href":"https:\/\/webdelmaestrocmf.com\/portal\/wp-json\/wp\/v2\/types\/post"}],"author":[{"embeddable":true,"href":"https:\/\/webdelmaestrocmf.com\/portal\/wp-json\/wp\/v2\/users\/1"}],"replies":[{"embeddable":true,"href":"https:\/\/webdelmaestrocmf.com\/portal\/wp-json\/wp\/v2\/comments?post=116422"}],"version-history":[{"count":3,"href":"https:\/\/webdelmaestrocmf.com\/portal\/wp-json\/wp\/v2\/posts\/116422\/revisions"}],"predecessor-version":[{"id":116428,"href":"https:\/\/webdelmaestrocmf.com\/portal\/wp-json\/wp\/v2\/posts\/116422\/revisions\/116428"}],"wp:featuredmedia":[{"embeddable":true,"href":"https:\/\/webdelmaestrocmf.com\/portal\/wp-json\/wp\/v2\/media\/116427"}],"wp:attachment":[{"href":"https:\/\/webdelmaestrocmf.com\/portal\/wp-json\/wp\/v2\/media?parent=116422"}],"wp:term":[{"taxonomy":"category","embeddable":true,"href":"https:\/\/webdelmaestrocmf.com\/portal\/wp-json\/wp\/v2\/categories?post=116422"},{"taxonomy":"post_tag","embeddable":true,"href":"https:\/\/webdelmaestrocmf.com\/portal\/wp-json\/wp\/v2\/tags?post=116422"}],"curies":[{"name":"wp","href":"https:\/\/api.w.org\/{rel}","templated":true}]}}