{"id":115932,"date":"2026-03-08T16:30:57","date_gmt":"2026-03-08T19:30:57","guid":{"rendered":"https:\/\/webdelmaestrocmf.com\/portal\/?p=115932"},"modified":"2026-03-08T16:32:28","modified_gmt":"2026-03-08T19:32:28","slug":"corea-del-sur-revisa-el-sistema-de-uniformes-escolares-entre-la-tradicion-el-costo-y-nuevas-alternativas","status":"publish","type":"post","link":"https:\/\/webdelmaestrocmf.com\/portal\/corea-del-sur-revisa-el-sistema-de-uniformes-escolares-entre-la-tradicion-el-costo-y-nuevas-alternativas\/","title":{"rendered":"Corea del Sur revisa el sistema de uniformes escolares: entre la tradici\u00f3n, el costo y nuevas alternativas"},"content":{"rendered":"\n<p>En los \u00faltimos meses, el debate sobre los uniformes escolares en Corea del Sur ha vuelto a ocupar un lugar importante en la agenda educativa del pa\u00eds. Diversos medios asi\u00e1ticos han informado que el gobierno surcoreano est\u00e1 evaluando cambios en el sistema de uniformes de secundaria y preparatoria, principalmente debido al alto costo que representan para muchas familias. Sin embargo, algunas publicaciones en redes sociales han presentado la noticia de manera exagerada, sugiriendo que el pa\u00eds planea eliminar los uniformes y reemplazarlos por ropa deportiva. La realidad es m\u00e1s compleja y merece un an\u00e1lisis serio.<\/p>\n\n\n\n<h2 class=\"wp-block-heading\">El problema: uniformes escolares cada vez m\u00e1s caros<\/h2>\n\n\n\n<p>El punto de partida del debate es el precio de los uniformes. En Corea del Sur, un conjunto completo puede alcanzar alrededor de <strong>600.000 wones<\/strong> (aproximadamente entre 400 y 450 d\u00f3lares, dependiendo del cambio). Este costo incluye varias prendas obligatorias, como chaqueta, camisa, pantal\u00f3n o falda, corbata y, en algunos casos, uniformes de invierno y verano.<\/p>\n\n\n\n<p>Para muchas familias, especialmente aquellas con varios hijos en edad escolar, estos precios representan una carga econ\u00f3mica significativa. El problema se agrava porque los uniformes suelen comprarse a trav\u00e9s de <strong>contratos exclusivos con empresas proveedoras<\/strong>, lo que reduce la competencia y eleva los precios.<\/p>\n\n\n\n<p>Ante esta situaci\u00f3n, el gobierno surcoreano ha decidido iniciar una revisi\u00f3n del sistema.<\/p>\n\n\n\n<h2 class=\"wp-block-heading\">La respuesta del gobierno: investigaci\u00f3n y control de precios<\/h2>\n\n\n\n<p>El Ministerio de Educaci\u00f3n anunci\u00f3 que realizar\u00e1 <strong>una encuesta nacional para evaluar el valor y la percepci\u00f3n de los uniformes escolares<\/strong>. El objetivo es comprender si estos siguen cumpliendo una funci\u00f3n educativa y social o si se han convertido en un gasto innecesario para las familias.<\/p>\n\n\n\n<p>Adem\u00e1s, las autoridades revisar\u00e1n <strong>los procesos de licitaci\u00f3n y contrataci\u00f3n de las empresas que fabrican los uniformes<\/strong>, ya que existen sospechas de que algunos sistemas de contrataci\u00f3n podr\u00edan estar inflando los precios.<\/p>\n\n\n\n<p>Entre las medidas que se est\u00e1n evaluando se encuentran:<\/p>\n\n\n\n<ul class=\"wp-block-list\">\n<li>Establecer <strong>topes m\u00e1ximos de precio para cada prenda<\/strong>.<\/li>\n\n\n\n<li>Supervisar los procesos de contrataci\u00f3n de proveedores.<\/li>\n\n\n\n<li>Incentivar modelos de uniforme m\u00e1s simples y econ\u00f3micos.<\/li>\n<\/ul>\n\n\n\n<p>Estas medidas podr\u00edan aplicarse progresivamente a partir de 2026.<\/p>\n\n\n\n<h2 class=\"wp-block-heading\">\u00bfSe eliminar\u00e1n los uniformes escolares?<\/h2>\n\n\n\n<p>A pesar de lo que circula en redes sociales, <strong>no existe un plan oficial para eliminar los uniformes escolares en Corea del Sur<\/strong>. Los uniformes siguen siendo una parte importante de la cultura educativa del pa\u00eds.<\/p>\n\n\n\n<p>Hist\u00f3ricamente, el uniforme ha cumplido varias funciones:<\/p>\n\n\n\n<ul class=\"wp-block-list\">\n<li>Reducir diferencias visibles entre estudiantes de distintos niveles socioecon\u00f3micos.<\/li>\n\n\n\n<li>Fomentar el sentido de pertenencia a la escuela.<\/li>\n\n\n\n<li>Promover disciplina y formalidad en el entorno educativo.<\/li>\n<\/ul>\n\n\n\n<p>Por esta raz\u00f3n, la mayor\u00eda de las autoridades educativas considera que el uniforme continuar\u00e1 siendo parte del sistema escolar.<\/p>\n\n\n\n<p>Lo que s\u00ed se est\u00e1 evaluando es <strong>flexibilizar su dise\u00f1o y uso<\/strong>.<\/p>\n\n\n\n<h2 class=\"wp-block-heading\">Uniformes informales y ropa deportiva: una alternativa posible<\/h2>\n\n\n\n<p>Una de las propuestas que se discuten es permitir que las escuelas adopten <strong>uniformes m\u00e1s informales o deportivos<\/strong> como vestimenta principal.<\/p>\n\n\n\n<p>Este modelo ya existe en algunas instituciones del pa\u00eds. En lugar del cl\u00e1sico uniforme formal con blazer y corbata, los estudiantes utilizan:<\/p>\n\n\n\n<ul class=\"wp-block-list\">\n<li>pantalones deportivos<\/li>\n\n\n\n<li>chaquetas escolares<\/li>\n\n\n\n<li>camisetas institucionales<\/li>\n<\/ul>\n\n\n\n<p>El objetivo es <strong>reducir costos, aumentar la comodidad y facilitar la actividad f\u00edsica durante la jornada escolar<\/strong>.<\/p>\n\n\n\n<p>Sin embargo, la adopci\u00f3n de estos modelos depender\u00eda de cada escuela, ya que el sistema educativo surcoreano permite cierto grado de autonom\u00eda institucional.<\/p>\n\n\n\n<h2 class=\"wp-block-heading\">La influencia cultural de los uniformes en Corea del Sur<\/h2>\n\n\n\n<p>Los uniformes escolares en Corea del Sur no son solo una prenda escolar; tambi\u00e9n forman parte de la cultura popular. Series de televisi\u00f3n, pel\u00edculas y especialmente los conocidos <strong>K-dramas<\/strong> han convertido estos uniformes en un s\u00edmbolo cultural reconocido internacionalmente.<\/p>\n\n\n\n<p>Muchos dise\u00f1os incluso se han vuelto populares entre j\u00f3venes fuera del \u00e1mbito escolar, lo que ha contribuido a que algunas empresas de moda escolar desarrollen uniformes m\u00e1s estilizados y costosos.<\/p>\n\n\n\n<p>Esta mezcla entre tradici\u00f3n, moda y mercado es una de las razones por las que el precio de los uniformes ha aumentado con el tiempo.<\/p>\n\n\n\n<h2 class=\"wp-block-heading\">Un debate entre tradici\u00f3n y modernizaci\u00f3n<\/h2>\n\n\n\n<p>La discusi\u00f3n actual refleja un dilema com\u00fan en muchos sistemas educativos: c\u00f3mo mantener tradiciones que forman parte de la identidad escolar sin generar cargas econ\u00f3micas innecesarias para las familias.<\/p>\n\n\n\n<p>Corea del Sur no parece dirigirse hacia la eliminaci\u00f3n de los uniformes, pero s\u00ed hacia <strong>una modernizaci\u00f3n del sistema<\/strong>, donde se busque mayor transparencia en los contratos, precios m\u00e1s accesibles y dise\u00f1os m\u00e1s pr\u00e1cticos.<\/p>\n\n\n\n<p>En otras palabras, m\u00e1s que el fin del uniforme escolar, lo que se est\u00e1 planteando es <strong>una adaptaci\u00f3n del uniforme a las necesidades del presente<\/strong>.<\/p>\n\n\n\n<h2 class=\"wp-block-heading\">Una lecci\u00f3n para otros sistemas educativos<\/h2>\n\n\n\n<p>El debate surcoreano tambi\u00e9n abre una reflexi\u00f3n relevante para otros pa\u00edses. Las decisiones sobre vestimenta escolar no son solo cuestiones est\u00e9ticas; implican temas de equidad social, costos familiares, identidad institucional y cultura educativa.<\/p>\n\n\n\n<p>En este sentido, la discusi\u00f3n en Corea del Sur muestra c\u00f3mo incluso los sistemas educativos altamente estructurados deben revisar peri\u00f3dicamente sus tradiciones para adaptarse a los cambios sociales y econ\u00f3micos.<\/p>\n\n\n\n<p>M\u00e1s que abandonar el uniforme, el pa\u00eds parece estar buscando una soluci\u00f3n intermedia: <strong>preservar su valor simb\u00f3lico, pero hacerlo m\u00e1s accesible y funcional para las nuevas generaciones de estudiantes.<\/strong><\/p>\n\n\n\n<p class=\"has-text-align-right\"><strong>Redacci\u00f3n | Web del Maestro CMF<\/strong><\/p>\n\n\n\t\t<div class=\"pk-inline-posts\">\n\t\t\t\n\t\t\t<div class=\"pk-inline-posts-container pk-inline-posts-template-list\"\n\t\t\t\tdata-columns=\"1\">\n\t\t\t\t\t\t<article id=\"post-118473\" class=\"post-118473 post type-post status-publish format-standard has-post-thumbnail category-noticias-internacionales tag-convivencia tag-docentes tag-educacion-3 tag-gestion-escolar-2 tag-protocolos tag-salud-mental tag-seguridad-escolar tag-simulacros tag-violencia-escolar cs-entry cs-video-wrap\">\n\t\t\t<div class=\"pk-post-outer\">\n\n\t\t\t\t\t\t\t\t<div class=\"pk-post-inner\">\n\t\t\t\t\t<div class=\"entry-thumbnail\">\n\t\t\t\t\t\t<div class=\"pk-overlay pk-overlay-ratio pk-ratio-landscape\">\n\t\t\t\t\t\t\t<div class=\"pk-overlay-background\">\n\t\t\t\t\t\t\t\t<a href=\"https:\/\/webdelmaestrocmf.com\/portal\/se-confirma-que-habra-simulacros-de-tiroteos-en-las-escuelas\/\" class=\"pk-overlay-link\">\n\t\t\t\t\t\t\t\t\t<img loading=\"lazy\" decoding=\"async\" width=\"300\" height=\"225\" src=\"https:\/\/webdelmaestrocmf.com\/portal\/wp-content\/uploads\/2026\/04\/1AA-Banner-1-portada-imagen-10-1-copia-1-11-300x225.webp\" class=\"attachment-pk-thumbnail size-pk-thumbnail wp-post-image\" alt=\"\" \/>\t\t\t\t\t\t\t\t<\/a>\n\t\t\t\t\t\t\t<\/div>\n\t\t\t\t\t\t<\/div>\n\t\t\t\t\t<\/div>\n\t\t\t\t<\/div>\n\t\t\t\t\n\t\t\t\t<div class=\"pk-post-inner\">\n\t\t\t\t\t<header>\n\t\t\t\t\t\t<h3 class=\"pk-title\"><a href=\"https:\/\/webdelmaestrocmf.com\/portal\/se-confirma-que-habra-simulacros-de-tiroteos-en-las-escuelas\/\" rel=\"bookmark\">Se confirma que habr\u00e1 simulacros de tiroteos en las escuelas<\/a><\/h3>\t\t\t\t\t<\/header><!-- .entry-header -->\n\t\t\t\t<\/div><!-- .post-inner -->\n\n\t\t\t<\/div><!-- .post-outer -->\n\t\t<\/article>\n\t\t\t<article id=\"post-118464\" class=\"post-118464 post type-post status-publish format-standard has-post-thumbnail category-noticias-internacionales tag-aula tag-convivencia-escolar tag-disciplina tag-docentes tag-educacion-3 tag-estudiantes tag-gestion-educativa-3 tag-normativa tag-pedagogia-3 tag-violencia-escolar cs-entry cs-video-wrap\">\n\t\t\t<div class=\"pk-post-outer\">\n\n\t\t\t\t\t\t\t\t<div class=\"pk-post-inner\">\n\t\t\t\t\t<div class=\"entry-thumbnail\">\n\t\t\t\t\t\t<div class=\"pk-overlay pk-overlay-ratio pk-ratio-landscape\">\n\t\t\t\t\t\t\t<div class=\"pk-overlay-background\">\n\t\t\t\t\t\t\t\t<a href=\"https:\/\/webdelmaestrocmf.com\/portal\/peru-pone-limites-estudiantes-violentos-podrian-salir-del-aula-presencial-y-pasar-a-otra-modalidad-educativa\/\" class=\"pk-overlay-link\">\n\t\t\t\t\t\t\t\t\t<img loading=\"lazy\" decoding=\"async\" width=\"300\" height=\"225\" src=\"https:\/\/webdelmaestrocmf.com\/portal\/wp-content\/uploads\/2026\/04\/1AA-Banner-1-portada-imagen-10-1-copia-38-300x225.webp\" class=\"attachment-pk-thumbnail size-pk-thumbnail wp-post-image\" alt=\"\" \/>\t\t\t\t\t\t\t\t<\/a>\n\t\t\t\t\t\t\t<\/div>\n\t\t\t\t\t\t<\/div>\n\t\t\t\t\t<\/div>\n\t\t\t\t<\/div>\n\t\t\t\t\n\t\t\t\t<div class=\"pk-post-inner\">\n\t\t\t\t\t<header>\n\t\t\t\t\t\t<h3 class=\"pk-title\"><a href=\"https:\/\/webdelmaestrocmf.com\/portal\/peru-pone-limites-estudiantes-violentos-podrian-salir-del-aula-presencial-y-pasar-a-otra-modalidad-educativa\/\" rel=\"bookmark\">Per\u00fa pone l\u00edmites: estudiantes violentos podr\u00edan salir del aula presencial y pasar a otra modalidad educativa<\/a><\/h3>\t\t\t\t\t<\/header><!-- .entry-header -->\n\t\t\t\t<\/div><!-- .post-inner -->\n\n\t\t\t<\/div><!-- .post-outer -->\n\t\t<\/article>\n\t\t\t<article id=\"post-118433\" class=\"post-118433 post type-post status-publish format-standard has-post-thumbnail category-noticias-internacionales tag-aprendizaje tag-atencion-en-el-aula-2 tag-docentes tag-educacion-3 tag-estrategias-didacticas-2 tag-innovacion-educativa-3 tag-motivacion-escolar-2 tag-neuroeducacion-2 tag-pedagogia-3 tag-tecnologia-educativa-3 cs-entry cs-video-wrap\">\n\t\t\t<div class=\"pk-post-outer\">\n\n\t\t\t\t\t\t\t\t<div class=\"pk-post-inner\">\n\t\t\t\t\t<div class=\"entry-thumbnail\">\n\t\t\t\t\t\t<div class=\"pk-overlay pk-overlay-ratio pk-ratio-landscape\">\n\t\t\t\t\t\t\t<div class=\"pk-overlay-background\">\n\t\t\t\t\t\t\t\t<a href=\"https:\/\/webdelmaestrocmf.com\/portal\/9-de-cada-10-maestros-confirman-que-los-alumnos-ya-no-prestan-atencion-en-clase\/\" class=\"pk-overlay-link\">\n\t\t\t\t\t\t\t\t\t<img loading=\"lazy\" decoding=\"async\" width=\"300\" height=\"225\" src=\"https:\/\/webdelmaestrocmf.com\/portal\/wp-content\/uploads\/2026\/04\/1AA-Banner-1-portada-imagen-10-1-copia-1-10-300x225.webp\" class=\"attachment-pk-thumbnail size-pk-thumbnail wp-post-image\" alt=\"\" \/>\t\t\t\t\t\t\t\t<\/a>\n\t\t\t\t\t\t\t<\/div>\n\t\t\t\t\t\t<\/div>\n\t\t\t\t\t<\/div>\n\t\t\t\t<\/div>\n\t\t\t\t\n\t\t\t\t<div class=\"pk-post-inner\">\n\t\t\t\t\t<header>\n\t\t\t\t\t\t<h3 class=\"pk-title\"><a href=\"https:\/\/webdelmaestrocmf.com\/portal\/9-de-cada-10-maestros-confirman-que-los-alumnos-ya-no-prestan-atencion-en-clase\/\" rel=\"bookmark\">9 de cada 10 maestros confirman que los alumnos ya no prestan atenci\u00f3n en clase<\/a><\/h3>\t\t\t\t\t<\/header><!-- .entry-header -->\n\t\t\t\t<\/div><!-- .post-inner -->\n\n\t\t\t<\/div><!-- .post-outer -->\n\t\t<\/article>\n\t\t\t\t<\/div>\n\t\t<\/div>\n\t\t\n","protected":false},"excerpt":{"rendered":"Corea del Sur revisa el sistema de uniformes escolares para reducir costos y evaluar alternativas m\u00e1s c\u00f3modas, como ropa deportiva.","protected":false},"author":1,"featured_media":115936,"comment_status":"open","ping_status":"closed","sticky":false,"template":"","format":"standard","meta":{"csco_display_header_overlay":false,"csco_singular_sidebar":"","csco_page_header_type":"","csco_page_load_nextpost":"","csco_post_video_location":[],"csco_post_video_location_hash":"","csco_post_video_url":"","csco_post_video_bg_start_time":0,"csco_post_video_bg_end_time":0,"csco_post_video_bg_volume":false,"_jetpack_memberships_contains_paid_content":false,"footnotes":""},"categories":[23790],"tags":[17273,18445,25492,25126,24421,17728,3022,377,25299],"class_list":{"0":"post-115932","1":"post","2":"type-post","3":"status-publish","4":"format-standard","5":"has-post-thumbnail","7":"category-noticias-internacionales","8":"tag-cultura-escolar","9":"tag-debate-educativo","10":"tag-educacion-moderna","11":"tag-gestion-educativa-2","12":"tag-innovacion-educativa-2","13":"tag-politica-educativa","14":"tag-reforma-educativa","15":"tag-sistema-educativo","16":"tag-uniformes-escolares","17":"cs-entry","18":"cs-video-wrap"},"yoast_head":"<!-- This site is optimized with the Yoast SEO plugin v27.5 - https:\/\/yoast.com\/product\/yoast-seo-wordpress\/ -->\n<title>Corea del Sur revisa el sistema de uniformes escolares: entre la tradici\u00f3n, el costo y nuevas alternativas - 2026<\/title>\n<meta name=\"description\" content=\"En los \u00faltimos meses, el debate sobre los uniformes escolares en Corea del Sur ha vuelto a ocupar un lugar importante en la agenda...\" \/>\n<meta name=\"robots\" content=\"index, follow, max-snippet:-1, max-image-preview:large, max-video-preview:-1\" \/>\n<link rel=\"canonical\" href=\"https:\/\/webdelmaestrocmf.com\/portal\/corea-del-sur-revisa-el-sistema-de-uniformes-escolares-entre-la-tradicion-el-costo-y-nuevas-alternativas\/\" \/>\n<meta property=\"og:locale\" content=\"es_ES\" \/>\n<meta property=\"og:type\" content=\"article\" \/>\n<meta property=\"og:title\" content=\"Corea del Sur revisa el sistema de uniformes escolares: entre la tradici\u00f3n, el costo y nuevas alternativas - 2026\" \/>\n<meta property=\"og:description\" content=\"En los \u00faltimos meses, el debate sobre los uniformes escolares en Corea del Sur ha vuelto a ocupar un lugar importante en la agenda...\" \/>\n<meta property=\"og:url\" content=\"https:\/\/webdelmaestrocmf.com\/portal\/corea-del-sur-revisa-el-sistema-de-uniformes-escolares-entre-la-tradicion-el-costo-y-nuevas-alternativas\/\" \/>\n<meta property=\"og:site_name\" content=\"Web del Maestro CMF\" \/>\n<meta property=\"article:publisher\" content=\"https:\/\/www.facebook.com\/WebdelMaestroCMF\/\" \/>\n<meta property=\"article:author\" content=\"https:\/\/www.facebook.com\/WebdelMaestroCMF\/\" \/>\n<meta property=\"article:published_time\" content=\"2026-03-08T19:30:57+00:00\" \/>\n<meta property=\"article:modified_time\" content=\"2026-03-08T19:32:28+00:00\" \/>\n<meta property=\"og:image\" content=\"https:\/\/webdelmaestrocmf.com\/portal\/wp-content\/uploads\/2026\/03\/1A-Banner-1-portada-imagen-10-1-copia-4.webp\" \/>\n\t<meta property=\"og:image:width\" content=\"1000\" \/>\n\t<meta property=\"og:image:height\" content=\"667\" \/>\n\t<meta property=\"og:image:type\" content=\"image\/webp\" \/>\n<meta name=\"author\" content=\"Web del Maestro CMF\" \/>\n<meta name=\"twitter:card\" content=\"summary_large_image\" \/>\n<meta name=\"twitter:creator\" content=\"@cmf_w\" \/>\n<meta name=\"twitter:site\" content=\"@cmf_w\" \/>\n<script type=\"application\/ld+json\" class=\"yoast-schema-graph\">{\"@context\":\"https:\\\/\\\/schema.org\",\"@graph\":[{\"@type\":\"ScholarlyArticle\",\"@id\":\"https:\\\/\\\/webdelmaestrocmf.com\\\/portal\\\/corea-del-sur-revisa-el-sistema-de-uniformes-escolares-entre-la-tradicion-el-costo-y-nuevas-alternativas\\\/#article\",\"isPartOf\":{\"@id\":\"https:\\\/\\\/webdelmaestrocmf.com\\\/portal\\\/corea-del-sur-revisa-el-sistema-de-uniformes-escolares-entre-la-tradicion-el-costo-y-nuevas-alternativas\\\/\"},\"author\":{\"name\":\"Web del Maestro CMF\",\"@id\":\"https:\\\/\\\/webdelmaestrocmf.com\\\/portal\\\/#\\\/schema\\\/person\\\/1072a2ed7bd960df8ef99a551fa35dc5\"},\"headline\":\"Corea del Sur revisa el sistema de uniformes escolares: entre la tradici\u00f3n, el costo y nuevas alternativas\",\"datePublished\":\"2026-03-08T19:30:57+00:00\",\"dateModified\":\"2026-03-08T19:32:28+00:00\",\"mainEntityOfPage\":{\"@id\":\"https:\\\/\\\/webdelmaestrocmf.com\\\/portal\\\/corea-del-sur-revisa-el-sistema-de-uniformes-escolares-entre-la-tradicion-el-costo-y-nuevas-alternativas\\\/\"},\"wordCount\":942,\"commentCount\":0,\"publisher\":{\"@id\":\"https:\\\/\\\/webdelmaestrocmf.com\\\/portal\\\/#organization\"},\"image\":{\"@id\":\"https:\\\/\\\/webdelmaestrocmf.com\\\/portal\\\/corea-del-sur-revisa-el-sistema-de-uniformes-escolares-entre-la-tradicion-el-costo-y-nuevas-alternativas\\\/#primaryimage\"},\"thumbnailUrl\":\"https:\\\/\\\/webdelmaestrocmf.com\\\/portal\\\/wp-content\\\/uploads\\\/2026\\\/03\\\/1A-Banner-1-portada-imagen-10-1-copia-4.webp\",\"keywords\":[\"cultura escolar\",\"debate educativo\",\"educaci\u00f3n moderna\",\"gesti\u00f3n educativa\",\"Innovaci\u00f3n educativa\",\"Pol\u00edtica educativa\",\"REFORMA EDUCATIVA\",\"sistema educativo\",\"uniformes escolares\"],\"articleSection\":[\"Noticias Internacionales\"],\"inLanguage\":\"es\",\"potentialAction\":[{\"@type\":\"CommentAction\",\"name\":\"Comment\",\"target\":[\"https:\\\/\\\/webdelmaestrocmf.com\\\/portal\\\/corea-del-sur-revisa-el-sistema-de-uniformes-escolares-entre-la-tradicion-el-costo-y-nuevas-alternativas\\\/#respond\"]}]},{\"@type\":\"WebPage\",\"@id\":\"https:\\\/\\\/webdelmaestrocmf.com\\\/portal\\\/corea-del-sur-revisa-el-sistema-de-uniformes-escolares-entre-la-tradicion-el-costo-y-nuevas-alternativas\\\/\",\"url\":\"https:\\\/\\\/webdelmaestrocmf.com\\\/portal\\\/corea-del-sur-revisa-el-sistema-de-uniformes-escolares-entre-la-tradicion-el-costo-y-nuevas-alternativas\\\/\",\"name\":\"Corea del Sur revisa el sistema de uniformes escolares: entre la tradici\u00f3n, el costo y nuevas alternativas - 2026\",\"isPartOf\":{\"@id\":\"https:\\\/\\\/webdelmaestrocmf.com\\\/portal\\\/#website\"},\"primaryImageOfPage\":{\"@id\":\"https:\\\/\\\/webdelmaestrocmf.com\\\/portal\\\/corea-del-sur-revisa-el-sistema-de-uniformes-escolares-entre-la-tradicion-el-costo-y-nuevas-alternativas\\\/#primaryimage\"},\"image\":{\"@id\":\"https:\\\/\\\/webdelmaestrocmf.com\\\/portal\\\/corea-del-sur-revisa-el-sistema-de-uniformes-escolares-entre-la-tradicion-el-costo-y-nuevas-alternativas\\\/#primaryimage\"},\"thumbnailUrl\":\"https:\\\/\\\/webdelmaestrocmf.com\\\/portal\\\/wp-content\\\/uploads\\\/2026\\\/03\\\/1A-Banner-1-portada-imagen-10-1-copia-4.webp\",\"datePublished\":\"2026-03-08T19:30:57+00:00\",\"dateModified\":\"2026-03-08T19:32:28+00:00\",\"description\":\"En los \u00faltimos meses, el debate sobre los uniformes escolares en Corea del Sur ha vuelto a ocupar un lugar importante en la agenda...\",\"breadcrumb\":{\"@id\":\"https:\\\/\\\/webdelmaestrocmf.com\\\/portal\\\/corea-del-sur-revisa-el-sistema-de-uniformes-escolares-entre-la-tradicion-el-costo-y-nuevas-alternativas\\\/#breadcrumb\"},\"inLanguage\":\"es\",\"potentialAction\":[{\"@type\":\"ReadAction\",\"target\":[\"https:\\\/\\\/webdelmaestrocmf.com\\\/portal\\\/corea-del-sur-revisa-el-sistema-de-uniformes-escolares-entre-la-tradicion-el-costo-y-nuevas-alternativas\\\/\"]}]},{\"@type\":\"ImageObject\",\"inLanguage\":\"es\",\"@id\":\"https:\\\/\\\/webdelmaestrocmf.com\\\/portal\\\/corea-del-sur-revisa-el-sistema-de-uniformes-escolares-entre-la-tradicion-el-costo-y-nuevas-alternativas\\\/#primaryimage\",\"url\":\"https:\\\/\\\/webdelmaestrocmf.com\\\/portal\\\/wp-content\\\/uploads\\\/2026\\\/03\\\/1A-Banner-1-portada-imagen-10-1-copia-4.webp\",\"contentUrl\":\"https:\\\/\\\/webdelmaestrocmf.com\\\/portal\\\/wp-content\\\/uploads\\\/2026\\\/03\\\/1A-Banner-1-portada-imagen-10-1-copia-4.webp\",\"width\":1000,\"height\":667},{\"@type\":\"BreadcrumbList\",\"@id\":\"https:\\\/\\\/webdelmaestrocmf.com\\\/portal\\\/corea-del-sur-revisa-el-sistema-de-uniformes-escolares-entre-la-tradicion-el-costo-y-nuevas-alternativas\\\/#breadcrumb\",\"itemListElement\":[{\"@type\":\"ListItem\",\"position\":1,\"name\":\"Portada\",\"item\":\"https:\\\/\\\/webdelmaestrocmf.com\\\/portal\\\/\"},{\"@type\":\"ListItem\",\"position\":2,\"name\":\"Noticias Internacionales\",\"item\":\"https:\\\/\\\/webdelmaestrocmf.com\\\/portal\\\/category\\\/noticias-internacionales\\\/\"},{\"@type\":\"ListItem\",\"position\":3,\"name\":\"Corea del Sur revisa el sistema de uniformes escolares: entre la tradici\u00f3n, el costo y nuevas alternativas\"}]},{\"@type\":\"WebSite\",\"@id\":\"https:\\\/\\\/webdelmaestrocmf.com\\\/portal\\\/#website\",\"url\":\"https:\\\/\\\/webdelmaestrocmf.com\\\/portal\\\/\",\"name\":\"Web del Maestro CMF\",\"description\":\"Maestros al servicio de la educaci\u00f3n\",\"publisher\":{\"@id\":\"https:\\\/\\\/webdelmaestrocmf.com\\\/portal\\\/#organization\"},\"alternateName\":\"WMCMF\",\"potentialAction\":[{\"@type\":\"SearchAction\",\"target\":{\"@type\":\"EntryPoint\",\"urlTemplate\":\"https:\\\/\\\/webdelmaestrocmf.com\\\/portal\\\/?s={search_term_string}\"},\"query-input\":{\"@type\":\"PropertyValueSpecification\",\"valueRequired\":true,\"valueName\":\"search_term_string\"}}],\"inLanguage\":\"es\"},{\"@type\":\"Organization\",\"@id\":\"https:\\\/\\\/webdelmaestrocmf.com\\\/portal\\\/#organization\",\"name\":\"Web del Maestro CMF\",\"alternateName\":\"WMCMF\",\"url\":\"https:\\\/\\\/webdelmaestrocmf.com\\\/portal\\\/\",\"logo\":{\"@type\":\"ImageObject\",\"inLanguage\":\"es\",\"@id\":\"https:\\\/\\\/webdelmaestrocmf.com\\\/portal\\\/#\\\/schema\\\/logo\\\/image\\\/\",\"url\":\"https:\\\/\\\/webdelmaestrocmf.com\\\/portal\\\/wp-content\\\/uploads\\\/2023\\\/01\\\/logo-wmcmf-2.png\",\"contentUrl\":\"https:\\\/\\\/webdelmaestrocmf.com\\\/portal\\\/wp-content\\\/uploads\\\/2023\\\/01\\\/logo-wmcmf-2.png\",\"width\":200,\"height\":60,\"caption\":\"Web del Maestro CMF\"},\"image\":{\"@id\":\"https:\\\/\\\/webdelmaestrocmf.com\\\/portal\\\/#\\\/schema\\\/logo\\\/image\\\/\"},\"sameAs\":[\"https:\\\/\\\/www.facebook.com\\\/WebdelMaestroCMF\\\/\",\"https:\\\/\\\/x.com\\\/cmf_w\",\"https:\\\/\\\/www.pinterest.com\\\/WMCMF\\\/\",\"https:\\\/\\\/www.linkedin.com\\\/company\\\/web-del-maestro-cmf\\\/\",\"https:\\\/\\\/www.instagram.com\\\/wmcmf\\\/\",\"https:\\\/\\\/www.youtube.com\\\/channel\\\/UCDPSvjbdodE5sHnC3OxutHw\",\"https:\\\/\\\/mastodon.social\\\/@wmcmf\",\"https:\\\/\\\/www.tiktok.com\\\/@webdelmaestrocmf\"]},{\"@type\":\"Person\",\"@id\":\"https:\\\/\\\/webdelmaestrocmf.com\\\/portal\\\/#\\\/schema\\\/person\\\/1072a2ed7bd960df8ef99a551fa35dc5\",\"name\":\"Web del Maestro CMF\",\"image\":{\"@type\":\"ImageObject\",\"inLanguage\":\"es\",\"@id\":\"https:\\\/\\\/secure.gravatar.com\\\/avatar\\\/23291dd5b5ae1077dcff3dbb04c3e02bd28403fa75af6d8787d5e97c5bbbe30b?s=96&d=mm&r=g\",\"url\":\"https:\\\/\\\/secure.gravatar.com\\\/avatar\\\/23291dd5b5ae1077dcff3dbb04c3e02bd28403fa75af6d8787d5e97c5bbbe30b?s=96&d=mm&r=g\",\"contentUrl\":\"https:\\\/\\\/secure.gravatar.com\\\/avatar\\\/23291dd5b5ae1077dcff3dbb04c3e02bd28403fa75af6d8787d5e97c5bbbe30b?s=96&d=mm&r=g\",\"caption\":\"Web del Maestro CMF\"},\"description\":\"Esta Web se cre\u00f3 sin fines de lucro, con fines educativos, cient\u00edficos y acad\u00e9micos, para personas que tengan dificultades y\\\/o inconvenientes en visualizar el material original. El objetivo es entregar recursos, compartir experiencias y materiales que ayuden a los padres de familia, maestros y estudiantes en su actualizaci\u00f3n y formaci\u00f3n permanente, en bien de la Educaci\u00f3n.\",\"sameAs\":[\"http:\\\/\\\/webdelmaestrocmf.com\\\/portal\",\"https:\\\/\\\/www.facebook.com\\\/WebdelMaestroCMF\\\/\",\"https:\\\/\\\/www.instagram.com\\\/wmcmf\\\/\",\"https:\\\/\\\/cl.linkedin.com\\\/company\\\/web-del-maestro-cmf\",\"https:\\\/\\\/www.pinterest.com\\\/WMCMF\\\/publicaciones\\\/\",\"https:\\\/\\\/x.com\\\/cmf_w\",\"https:\\\/\\\/www.youtube.com\\\/@WMCMF\"]}]}<\/script>\n<!-- \/ Yoast SEO plugin. -->","yoast_head_json":{"title":"Corea del Sur revisa el sistema de uniformes escolares: entre la tradici\u00f3n, el costo y nuevas alternativas - 2026","description":"En los \u00faltimos meses, el debate sobre los uniformes escolares en Corea del Sur ha vuelto a ocupar un lugar importante en la agenda...","robots":{"index":"index","follow":"follow","max-snippet":"max-snippet:-1","max-image-preview":"max-image-preview:large","max-video-preview":"max-video-preview:-1"},"canonical":"https:\/\/webdelmaestrocmf.com\/portal\/corea-del-sur-revisa-el-sistema-de-uniformes-escolares-entre-la-tradicion-el-costo-y-nuevas-alternativas\/","og_locale":"es_ES","og_type":"article","og_title":"Corea del Sur revisa el sistema de uniformes escolares: entre la tradici\u00f3n, el costo y nuevas alternativas - 2026","og_description":"En los \u00faltimos meses, el debate sobre los uniformes escolares en Corea del Sur ha vuelto a ocupar un lugar importante en la agenda...","og_url":"https:\/\/webdelmaestrocmf.com\/portal\/corea-del-sur-revisa-el-sistema-de-uniformes-escolares-entre-la-tradicion-el-costo-y-nuevas-alternativas\/","og_site_name":"Web del Maestro CMF","article_publisher":"https:\/\/www.facebook.com\/WebdelMaestroCMF\/","article_author":"https:\/\/www.facebook.com\/WebdelMaestroCMF\/","article_published_time":"2026-03-08T19:30:57+00:00","article_modified_time":"2026-03-08T19:32:28+00:00","og_image":[{"width":1000,"height":667,"url":"https:\/\/webdelmaestrocmf.com\/portal\/wp-content\/uploads\/2026\/03\/1A-Banner-1-portada-imagen-10-1-copia-4.webp","type":"image\/webp"}],"author":"Web del Maestro CMF","twitter_card":"summary_large_image","twitter_creator":"@cmf_w","twitter_site":"@cmf_w","schema":{"@context":"https:\/\/schema.org","@graph":[{"@type":"ScholarlyArticle","@id":"https:\/\/webdelmaestrocmf.com\/portal\/corea-del-sur-revisa-el-sistema-de-uniformes-escolares-entre-la-tradicion-el-costo-y-nuevas-alternativas\/#article","isPartOf":{"@id":"https:\/\/webdelmaestrocmf.com\/portal\/corea-del-sur-revisa-el-sistema-de-uniformes-escolares-entre-la-tradicion-el-costo-y-nuevas-alternativas\/"},"author":{"name":"Web del Maestro CMF","@id":"https:\/\/webdelmaestrocmf.com\/portal\/#\/schema\/person\/1072a2ed7bd960df8ef99a551fa35dc5"},"headline":"Corea del Sur revisa el sistema de uniformes escolares: entre la tradici\u00f3n, el costo y nuevas alternativas","datePublished":"2026-03-08T19:30:57+00:00","dateModified":"2026-03-08T19:32:28+00:00","mainEntityOfPage":{"@id":"https:\/\/webdelmaestrocmf.com\/portal\/corea-del-sur-revisa-el-sistema-de-uniformes-escolares-entre-la-tradicion-el-costo-y-nuevas-alternativas\/"},"wordCount":942,"commentCount":0,"publisher":{"@id":"https:\/\/webdelmaestrocmf.com\/portal\/#organization"},"image":{"@id":"https:\/\/webdelmaestrocmf.com\/portal\/corea-del-sur-revisa-el-sistema-de-uniformes-escolares-entre-la-tradicion-el-costo-y-nuevas-alternativas\/#primaryimage"},"thumbnailUrl":"https:\/\/webdelmaestrocmf.com\/portal\/wp-content\/uploads\/2026\/03\/1A-Banner-1-portada-imagen-10-1-copia-4.webp","keywords":["cultura escolar","debate educativo","educaci\u00f3n moderna","gesti\u00f3n educativa","Innovaci\u00f3n educativa","Pol\u00edtica educativa","REFORMA EDUCATIVA","sistema educativo","uniformes escolares"],"articleSection":["Noticias Internacionales"],"inLanguage":"es","potentialAction":[{"@type":"CommentAction","name":"Comment","target":["https:\/\/webdelmaestrocmf.com\/portal\/corea-del-sur-revisa-el-sistema-de-uniformes-escolares-entre-la-tradicion-el-costo-y-nuevas-alternativas\/#respond"]}]},{"@type":"WebPage","@id":"https:\/\/webdelmaestrocmf.com\/portal\/corea-del-sur-revisa-el-sistema-de-uniformes-escolares-entre-la-tradicion-el-costo-y-nuevas-alternativas\/","url":"https:\/\/webdelmaestrocmf.com\/portal\/corea-del-sur-revisa-el-sistema-de-uniformes-escolares-entre-la-tradicion-el-costo-y-nuevas-alternativas\/","name":"Corea del Sur revisa el sistema de uniformes escolares: entre la tradici\u00f3n, el costo y nuevas alternativas - 2026","isPartOf":{"@id":"https:\/\/webdelmaestrocmf.com\/portal\/#website"},"primaryImageOfPage":{"@id":"https:\/\/webdelmaestrocmf.com\/portal\/corea-del-sur-revisa-el-sistema-de-uniformes-escolares-entre-la-tradicion-el-costo-y-nuevas-alternativas\/#primaryimage"},"image":{"@id":"https:\/\/webdelmaestrocmf.com\/portal\/corea-del-sur-revisa-el-sistema-de-uniformes-escolares-entre-la-tradicion-el-costo-y-nuevas-alternativas\/#primaryimage"},"thumbnailUrl":"https:\/\/webdelmaestrocmf.com\/portal\/wp-content\/uploads\/2026\/03\/1A-Banner-1-portada-imagen-10-1-copia-4.webp","datePublished":"2026-03-08T19:30:57+00:00","dateModified":"2026-03-08T19:32:28+00:00","description":"En los \u00faltimos meses, el debate sobre los uniformes escolares en Corea del Sur ha vuelto a ocupar un lugar importante en la agenda...","breadcrumb":{"@id":"https:\/\/webdelmaestrocmf.com\/portal\/corea-del-sur-revisa-el-sistema-de-uniformes-escolares-entre-la-tradicion-el-costo-y-nuevas-alternativas\/#breadcrumb"},"inLanguage":"es","potentialAction":[{"@type":"ReadAction","target":["https:\/\/webdelmaestrocmf.com\/portal\/corea-del-sur-revisa-el-sistema-de-uniformes-escolares-entre-la-tradicion-el-costo-y-nuevas-alternativas\/"]}]},{"@type":"ImageObject","inLanguage":"es","@id":"https:\/\/webdelmaestrocmf.com\/portal\/corea-del-sur-revisa-el-sistema-de-uniformes-escolares-entre-la-tradicion-el-costo-y-nuevas-alternativas\/#primaryimage","url":"https:\/\/webdelmaestrocmf.com\/portal\/wp-content\/uploads\/2026\/03\/1A-Banner-1-portada-imagen-10-1-copia-4.webp","contentUrl":"https:\/\/webdelmaestrocmf.com\/portal\/wp-content\/uploads\/2026\/03\/1A-Banner-1-portada-imagen-10-1-copia-4.webp","width":1000,"height":667},{"@type":"BreadcrumbList","@id":"https:\/\/webdelmaestrocmf.com\/portal\/corea-del-sur-revisa-el-sistema-de-uniformes-escolares-entre-la-tradicion-el-costo-y-nuevas-alternativas\/#breadcrumb","itemListElement":[{"@type":"ListItem","position":1,"name":"Portada","item":"https:\/\/webdelmaestrocmf.com\/portal\/"},{"@type":"ListItem","position":2,"name":"Noticias Internacionales","item":"https:\/\/webdelmaestrocmf.com\/portal\/category\/noticias-internacionales\/"},{"@type":"ListItem","position":3,"name":"Corea del Sur revisa el sistema de uniformes escolares: entre la tradici\u00f3n, el costo y nuevas alternativas"}]},{"@type":"WebSite","@id":"https:\/\/webdelmaestrocmf.com\/portal\/#website","url":"https:\/\/webdelmaestrocmf.com\/portal\/","name":"Web del Maestro CMF","description":"Maestros al servicio de la educaci\u00f3n","publisher":{"@id":"https:\/\/webdelmaestrocmf.com\/portal\/#organization"},"alternateName":"WMCMF","potentialAction":[{"@type":"SearchAction","target":{"@type":"EntryPoint","urlTemplate":"https:\/\/webdelmaestrocmf.com\/portal\/?s={search_term_string}"},"query-input":{"@type":"PropertyValueSpecification","valueRequired":true,"valueName":"search_term_string"}}],"inLanguage":"es"},{"@type":"Organization","@id":"https:\/\/webdelmaestrocmf.com\/portal\/#organization","name":"Web del Maestro CMF","alternateName":"WMCMF","url":"https:\/\/webdelmaestrocmf.com\/portal\/","logo":{"@type":"ImageObject","inLanguage":"es","@id":"https:\/\/webdelmaestrocmf.com\/portal\/#\/schema\/logo\/image\/","url":"https:\/\/webdelmaestrocmf.com\/portal\/wp-content\/uploads\/2023\/01\/logo-wmcmf-2.png","contentUrl":"https:\/\/webdelmaestrocmf.com\/portal\/wp-content\/uploads\/2023\/01\/logo-wmcmf-2.png","width":200,"height":60,"caption":"Web del Maestro CMF"},"image":{"@id":"https:\/\/webdelmaestrocmf.com\/portal\/#\/schema\/logo\/image\/"},"sameAs":["https:\/\/www.facebook.com\/WebdelMaestroCMF\/","https:\/\/x.com\/cmf_w","https:\/\/www.pinterest.com\/WMCMF\/","https:\/\/www.linkedin.com\/company\/web-del-maestro-cmf\/","https:\/\/www.instagram.com\/wmcmf\/","https:\/\/www.youtube.com\/channel\/UCDPSvjbdodE5sHnC3OxutHw","https:\/\/mastodon.social\/@wmcmf","https:\/\/www.tiktok.com\/@webdelmaestrocmf"]},{"@type":"Person","@id":"https:\/\/webdelmaestrocmf.com\/portal\/#\/schema\/person\/1072a2ed7bd960df8ef99a551fa35dc5","name":"Web del Maestro CMF","image":{"@type":"ImageObject","inLanguage":"es","@id":"https:\/\/secure.gravatar.com\/avatar\/23291dd5b5ae1077dcff3dbb04c3e02bd28403fa75af6d8787d5e97c5bbbe30b?s=96&d=mm&r=g","url":"https:\/\/secure.gravatar.com\/avatar\/23291dd5b5ae1077dcff3dbb04c3e02bd28403fa75af6d8787d5e97c5bbbe30b?s=96&d=mm&r=g","contentUrl":"https:\/\/secure.gravatar.com\/avatar\/23291dd5b5ae1077dcff3dbb04c3e02bd28403fa75af6d8787d5e97c5bbbe30b?s=96&d=mm&r=g","caption":"Web del Maestro CMF"},"description":"Esta Web se cre\u00f3 sin fines de lucro, con fines educativos, cient\u00edficos y acad\u00e9micos, para personas que tengan dificultades y\/o inconvenientes en visualizar el material original. El objetivo es entregar recursos, compartir experiencias y materiales que ayuden a los padres de familia, maestros y estudiantes en su actualizaci\u00f3n y formaci\u00f3n permanente, en bien de la Educaci\u00f3n.","sameAs":["http:\/\/webdelmaestrocmf.com\/portal","https:\/\/www.facebook.com\/WebdelMaestroCMF\/","https:\/\/www.instagram.com\/wmcmf\/","https:\/\/cl.linkedin.com\/company\/web-del-maestro-cmf","https:\/\/www.pinterest.com\/WMCMF\/publicaciones\/","https:\/\/x.com\/cmf_w","https:\/\/www.youtube.com\/@WMCMF"]}]}},"jetpack_featured_media_url":"https:\/\/webdelmaestrocmf.com\/portal\/wp-content\/uploads\/2026\/03\/1A-Banner-1-portada-imagen-10-1-copia-4.webp","jetpack_sharing_enabled":true,"jetpack-related-posts":[{"id":114999,"url":"https:\/\/webdelmaestrocmf.com\/portal\/el-gobierno-de-bukele-presento-los-kits-escolares-2026-con-tecnologia-para-reducir-la-brecha-digital-desde-la-infancia\/","url_meta":{"origin":115932,"position":0},"title":"El gobierno de Bukele present\u00f3 los kits escolares 2026 con tecnolog\u00eda para reducir la brecha digital desde la infancia","author":"Web del Maestro CMF","date":"27 enero, 2026","format":false,"excerpt":"El Salvador entregar\u00e1 kits escolares con tecnolog\u00eda a m\u00e1s de 1,2 millones de estudiantes para reducir la brecha digital educativa.","rel":"","context":"En \u00abNoticias Internacionales\u00bb","block_context":{"text":"Noticias Internacionales","link":"https:\/\/webdelmaestrocmf.com\/portal\/category\/noticias-internacionales\/"},"img":{"alt_text":"","src":"https:\/\/i0.wp.com\/webdelmaestrocmf.com\/portal\/wp-content\/uploads\/2026\/01\/1A-Banner-1-portada-imagen-10-1-copia-6-1.webp?resize=350%2C200&ssl=1","width":350,"height":200,"srcset":"https:\/\/i0.wp.com\/webdelmaestrocmf.com\/portal\/wp-content\/uploads\/2026\/01\/1A-Banner-1-portada-imagen-10-1-copia-6-1.webp?resize=350%2C200&ssl=1 1x, https:\/\/i0.wp.com\/webdelmaestrocmf.com\/portal\/wp-content\/uploads\/2026\/01\/1A-Banner-1-portada-imagen-10-1-copia-6-1.webp?resize=525%2C300&ssl=1 1.5x, https:\/\/i0.wp.com\/webdelmaestrocmf.com\/portal\/wp-content\/uploads\/2026\/01\/1A-Banner-1-portada-imagen-10-1-copia-6-1.webp?resize=700%2C400&ssl=1 2x"},"classes":[]},{"id":115268,"url":"https:\/\/webdelmaestrocmf.com\/portal\/colegios-que-obliguen-a-comprar-marcas-especificas-de-utiles-o-uniformes-recibiran-multas\/","url_meta":{"origin":115932,"position":1},"title":"Colegios que obliguen a comprar marcas espec\u00edficas de \u00fatiles o uniformes recibir\u00e1n multas severas","author":"Web del Maestro CMF","date":"11 febrero, 2026","format":false,"excerpt":"Indecopi advierte sanciones de hasta S\/ 2.4 millones a colegios privados por direccionamiento de compras","rel":"","context":"En \u00abNoticias Internacionales\u00bb","block_context":{"text":"Noticias Internacionales","link":"https:\/\/webdelmaestrocmf.com\/portal\/category\/noticias-internacionales\/"},"img":{"alt_text":"","src":"https:\/\/i0.wp.com\/webdelmaestrocmf.com\/portal\/wp-content\/uploads\/2026\/02\/1A-Banner-1-portada-imagen-10-1-copia-2.jpg?resize=350%2C200&ssl=1","width":350,"height":200,"srcset":"https:\/\/i0.wp.com\/webdelmaestrocmf.com\/portal\/wp-content\/uploads\/2026\/02\/1A-Banner-1-portada-imagen-10-1-copia-2.jpg?resize=350%2C200&ssl=1 1x, https:\/\/i0.wp.com\/webdelmaestrocmf.com\/portal\/wp-content\/uploads\/2026\/02\/1A-Banner-1-portada-imagen-10-1-copia-2.jpg?resize=525%2C300&ssl=1 1.5x, https:\/\/i0.wp.com\/webdelmaestrocmf.com\/portal\/wp-content\/uploads\/2026\/02\/1A-Banner-1-portada-imagen-10-1-copia-2.jpg?resize=700%2C400&ssl=1 2x"},"classes":[]},{"id":112425,"url":"https:\/\/webdelmaestrocmf.com\/portal\/bukele-prohibe-el-lenguaje-inclusivo-en-escuelas-de-el-salvador\/","url_meta":{"origin":115932,"position":2},"title":"Bukele proh\u00edbe el \u00ablenguaje inclusivo\u00bb en escuelas de El Salvador","author":"Web del Maestro CMF","date":"3 octubre, 2025","format":false,"excerpt":"\"Desde hoy queda prohibido el mal llamado 'lenguaje inclusivo' en todos los centros educativos p\u00fablicos de nuestro pa\u00eds\", afirm\u00f3 el mandatario en X.","rel":"","context":"En \u00abNoticias Internacionales\u00bb","block_context":{"text":"Noticias Internacionales","link":"https:\/\/webdelmaestrocmf.com\/portal\/category\/noticias-internacionales\/"},"img":{"alt_text":"","src":"https:\/\/i0.wp.com\/webdelmaestrocmf.com\/portal\/wp-content\/uploads\/2025\/10\/1A-Banner-1-portada-imagen-10-1-copia-3.webp?resize=350%2C200&ssl=1","width":350,"height":200,"srcset":"https:\/\/i0.wp.com\/webdelmaestrocmf.com\/portal\/wp-content\/uploads\/2025\/10\/1A-Banner-1-portada-imagen-10-1-copia-3.webp?resize=350%2C200&ssl=1 1x, https:\/\/i0.wp.com\/webdelmaestrocmf.com\/portal\/wp-content\/uploads\/2025\/10\/1A-Banner-1-portada-imagen-10-1-copia-3.webp?resize=525%2C300&ssl=1 1.5x, https:\/\/i0.wp.com\/webdelmaestrocmf.com\/portal\/wp-content\/uploads\/2025\/10\/1A-Banner-1-portada-imagen-10-1-copia-3.webp?resize=700%2C400&ssl=1 2x"},"classes":[]},{"id":116678,"url":"https:\/\/webdelmaestrocmf.com\/portal\/autoridades-de-el-salvador-impulsan-corte-de-cabello-basado-en-estilo-de-channing-tatum-la-disciplina-impuesta-por-nayib-bukele-en-las-escuelas\/","url_meta":{"origin":115932,"position":3},"title":"Autoridades de El Salvador impulsan corte de cabello basado en estilo de \u00abChanning Tatum\u00bb. La disciplina impuesta por Nayib Bukele en las escuelas","author":"Web del Maestro CMF","date":"20 marzo, 2026","format":false,"excerpt":"El Salvador impone un corte de cabello obligatorio en escuelas como medida de disciplina, generando debate sobre los l\u00edmites entre orden institucional, libertad individual y formaci\u00f3n integral de los estudiantes.","rel":"","context":"En \u00abNoticias Internacionales\u00bb","block_context":{"text":"Noticias Internacionales","link":"https:\/\/webdelmaestrocmf.com\/portal\/category\/noticias-internacionales\/"},"img":{"alt_text":"","src":"https:\/\/i0.wp.com\/webdelmaestrocmf.com\/portal\/wp-content\/uploads\/2026\/03\/1AA-Banner-1-portada-imagen-10-1-copia-1-4.webp?resize=350%2C200&ssl=1","width":350,"height":200,"srcset":"https:\/\/i0.wp.com\/webdelmaestrocmf.com\/portal\/wp-content\/uploads\/2026\/03\/1AA-Banner-1-portada-imagen-10-1-copia-1-4.webp?resize=350%2C200&ssl=1 1x, https:\/\/i0.wp.com\/webdelmaestrocmf.com\/portal\/wp-content\/uploads\/2026\/03\/1AA-Banner-1-portada-imagen-10-1-copia-1-4.webp?resize=525%2C300&ssl=1 1.5x, https:\/\/i0.wp.com\/webdelmaestrocmf.com\/portal\/wp-content\/uploads\/2026\/03\/1AA-Banner-1-portada-imagen-10-1-copia-1-4.webp?resize=700%2C400&ssl=1 2x, https:\/\/i0.wp.com\/webdelmaestrocmf.com\/portal\/wp-content\/uploads\/2026\/03\/1AA-Banner-1-portada-imagen-10-1-copia-1-4.webp?resize=1050%2C600&ssl=1 3x"},"classes":[]},{"id":115122,"url":"https:\/\/webdelmaestrocmf.com\/portal\/italia-prohibe-los-simbolos-de-genero-neutro-en-las-escuelas-y-reabre-el-debate-cultural-sobre-lenguaje-y-educacion\/","url_meta":{"origin":115932,"position":4},"title":"Italia proh\u00edbe los s\u00edmbolos de g\u00e9nero neutro en las escuelas y reabre el debate cultural sobre lenguaje y educaci\u00f3n","author":"Web del Maestro CMF","date":"4 febrero, 2026","format":false,"excerpt":"Italia proh\u00edbe s\u00edmbolos de g\u00e9nero neutro en escuelas p\u00fablicas, reabriendo un intenso debate cultural sobre lenguaje, educaci\u00f3n y comunicaci\u00f3n institucional.","rel":"","context":"En \u00abNoticias Internacionales\u00bb","block_context":{"text":"Noticias Internacionales","link":"https:\/\/webdelmaestrocmf.com\/portal\/category\/noticias-internacionales\/"},"img":{"alt_text":"","src":"https:\/\/i0.wp.com\/webdelmaestrocmf.com\/portal\/wp-content\/uploads\/2026\/02\/1A-Banner-1-portada-imagen-10-1-copia-5.webp?resize=350%2C200&ssl=1","width":350,"height":200,"srcset":"https:\/\/i0.wp.com\/webdelmaestrocmf.com\/portal\/wp-content\/uploads\/2026\/02\/1A-Banner-1-portada-imagen-10-1-copia-5.webp?resize=350%2C200&ssl=1 1x, https:\/\/i0.wp.com\/webdelmaestrocmf.com\/portal\/wp-content\/uploads\/2026\/02\/1A-Banner-1-portada-imagen-10-1-copia-5.webp?resize=525%2C300&ssl=1 1.5x, https:\/\/i0.wp.com\/webdelmaestrocmf.com\/portal\/wp-content\/uploads\/2026\/02\/1A-Banner-1-portada-imagen-10-1-copia-5.webp?resize=700%2C400&ssl=1 2x"},"classes":[]},{"id":111964,"url":"https:\/\/webdelmaestrocmf.com\/portal\/director-se-corta-la-colita-para-dar-ejemplo-en-medio-de-nuevas-normas-escolares-en-el-salvador\/","url_meta":{"origin":115932,"position":5},"title":"Director se corta la \u201ccolita\u201d para dar ejemplo en medio de nuevas normas escolares en El Salvador.","author":"Web del Maestro CMF","date":"21 agosto, 2025","format":false,"excerpt":"Ministerio de Educaci\u00f3n exige orden y disciplina; director responde con un cambio personal y da el ejemplo.","rel":"","context":"En \u00abNoticias Internacionales\u00bb","block_context":{"text":"Noticias Internacionales","link":"https:\/\/webdelmaestrocmf.com\/portal\/category\/noticias-internacionales\/"},"img":{"alt_text":"","src":"https:\/\/i0.wp.com\/webdelmaestrocmf.com\/portal\/wp-content\/uploads\/2025\/08\/1A-Banner-1-portada-imagen-10-1-copia-7-1.webp?resize=350%2C200&ssl=1","width":350,"height":200,"srcset":"https:\/\/i0.wp.com\/webdelmaestrocmf.com\/portal\/wp-content\/uploads\/2025\/08\/1A-Banner-1-portada-imagen-10-1-copia-7-1.webp?resize=350%2C200&ssl=1 1x, https:\/\/i0.wp.com\/webdelmaestrocmf.com\/portal\/wp-content\/uploads\/2025\/08\/1A-Banner-1-portada-imagen-10-1-copia-7-1.webp?resize=525%2C300&ssl=1 1.5x, https:\/\/i0.wp.com\/webdelmaestrocmf.com\/portal\/wp-content\/uploads\/2025\/08\/1A-Banner-1-portada-imagen-10-1-copia-7-1.webp?resize=700%2C400&ssl=1 2x"},"classes":[]}],"_links":{"self":[{"href":"https:\/\/webdelmaestrocmf.com\/portal\/wp-json\/wp\/v2\/posts\/115932","targetHints":{"allow":["GET"]}}],"collection":[{"href":"https:\/\/webdelmaestrocmf.com\/portal\/wp-json\/wp\/v2\/posts"}],"about":[{"href":"https:\/\/webdelmaestrocmf.com\/portal\/wp-json\/wp\/v2\/types\/post"}],"author":[{"embeddable":true,"href":"https:\/\/webdelmaestrocmf.com\/portal\/wp-json\/wp\/v2\/users\/1"}],"replies":[{"embeddable":true,"href":"https:\/\/webdelmaestrocmf.com\/portal\/wp-json\/wp\/v2\/comments?post=115932"}],"version-history":[{"count":1,"href":"https:\/\/webdelmaestrocmf.com\/portal\/wp-json\/wp\/v2\/posts\/115932\/revisions"}],"predecessor-version":[{"id":115935,"href":"https:\/\/webdelmaestrocmf.com\/portal\/wp-json\/wp\/v2\/posts\/115932\/revisions\/115935"}],"wp:featuredmedia":[{"embeddable":true,"href":"https:\/\/webdelmaestrocmf.com\/portal\/wp-json\/wp\/v2\/media\/115936"}],"wp:attachment":[{"href":"https:\/\/webdelmaestrocmf.com\/portal\/wp-json\/wp\/v2\/media?parent=115932"}],"wp:term":[{"taxonomy":"category","embeddable":true,"href":"https:\/\/webdelmaestrocmf.com\/portal\/wp-json\/wp\/v2\/categories?post=115932"},{"taxonomy":"post_tag","embeddable":true,"href":"https:\/\/webdelmaestrocmf.com\/portal\/wp-json\/wp\/v2\/tags?post=115932"}],"curies":[{"name":"wp","href":"https:\/\/api.w.org\/{rel}","templated":true}]}}