{"id":115920,"date":"2026-03-08T12:07:09","date_gmt":"2026-03-08T15:07:09","guid":{"rendered":"https:\/\/webdelmaestrocmf.com\/portal\/?p=115920"},"modified":"2026-03-09T09:41:15","modified_gmt":"2026-03-09T12:41:15","slug":"descarga-los-cuadernos-de-computacion-para-educacion-inicial-y-toda-primaria-un-recurso-practico-para-introducir-la-alfabetizacion-digital-en-el-aula","status":"publish","type":"post","link":"https:\/\/webdelmaestrocmf.com\/portal\/descarga-los-cuadernos-de-computacion-para-educacion-inicial-y-toda-primaria-un-recurso-practico-para-introducir-la-alfabetizacion-digital-en-el-aula\/","title":{"rendered":"Descarga los cuadernos de computaci\u00f3n para Educaci\u00f3n Inicial y toda Primaria: un recurso pr\u00e1ctico para introducir la alfabetizaci\u00f3n digital en el aula"},"content":{"rendered":"\n<p>En la educaci\u00f3n actual, <strong>introducir a los estudiantes en el mundo de la tecnolog\u00eda desde los primeros a\u00f1os se ha vuelto una necesidad pedag\u00f3gica<\/strong>. Los ni\u00f1os crecen rodeados de dispositivos digitales, aplicaciones y entornos tecnol\u00f3gicos, por lo que la escuela tiene la responsabilidad de ofrecer una formaci\u00f3n b\u00e1sica que les permita comprender c\u00f3mo funciona este mundo digital. En este contexto, el <strong>cuaderno de computaci\u00f3n para educaci\u00f3n inicial y primaria<\/strong> se presenta como un recurso educativo que facilita a los docentes ense\u00f1ar los fundamentos de la inform\u00e1tica mediante actividades claras, visuales y adaptadas a las edades escolares.<\/p>\n\n\n\n<p>Este cuaderno re\u00fane <strong>actividades pedag\u00f3gicas dise\u00f1adas para que los estudiantes aprendan los conceptos b\u00e1sicos de la computaci\u00f3n de manera progresiva y comprensible<\/strong>. A trav\u00e9s de ejercicios pr\u00e1cticos, ilustraciones y actividades de reconocimiento, los alumnos pueden comenzar a familiarizarse con los componentes tecnol\u00f3gicos que forman parte de su vida cotidiana.<\/p>\n\n\n\n<h2 class=\"wp-block-heading\"><strong>Un recurso pensado para el aprendizaje tecnol\u00f3gico desde edades tempranas<\/strong><\/h2>\n\n\n\n<p>El cuaderno est\u00e1 dise\u00f1ado para que los estudiantes <strong>comprendan los elementos esenciales de una computadora y su funcionamiento b\u00e1sico<\/strong>. En lugar de centrarse \u00fanicamente en el uso de dispositivos, el material busca que los ni\u00f1os desarrollen una comprensi\u00f3n inicial del entorno digital.<\/p>\n\n\n\n<p>Entre los contenidos principales se encuentran actividades para que los estudiantes puedan:<\/p>\n\n\n\n<p>\u2022 <strong>Reconocer las partes de la computadora<\/strong>, como monitor, teclado, mouse y CPU.<br>\u2022 <strong>Diferenciar entre hardware y software<\/strong>, conceptos fundamentales en inform\u00e1tica.<br>\u2022 <strong>Identificar dispositivos tecnol\u00f3gicos y su funci\u00f3n<\/strong> dentro del sistema inform\u00e1tico.<br>\u2022 <strong>Desarrollar habilidades de observaci\u00f3n, clasificaci\u00f3n y reconocimiento visual<\/strong> relacionadas con la tecnolog\u00eda.<\/p>\n\n\n\n<p>Este tipo de actividades facilita que los ni\u00f1os <strong>relacionen los conceptos tecnol\u00f3gicos con objetos que observan en su vida diaria<\/strong>, lo que mejora la comprensi\u00f3n y favorece un aprendizaje significativo.<\/p>\n\n\n\n<h2 class=\"wp-block-heading\"><strong>Una estructura did\u00e1ctica clara y progresiva<\/strong><\/h2>\n\n\n\n<p>El cuaderno est\u00e1 organizado de manera que los contenidos se desarrollan <strong>de forma gradual, comenzando por los conceptos m\u00e1s simples y avanzando hacia ideas m\u00e1s complejas<\/strong>. Esta estructura permite que los docentes utilicen el material en distintos niveles educativos sin generar confusi\u00f3n en los estudiantes.<\/p>\n\n\n\n<p>Las actividades suelen abordar temas como:<\/p>\n\n\n\n<p>\u2022 Introducci\u00f3n a la computadora y su utilidad en la vida cotidiana<br>\u2022 Identificaci\u00f3n de los componentes de un equipo inform\u00e1tico<br>\u2022 Reconocimiento de dispositivos tecnol\u00f3gicos<br>\u2022 Comprensi\u00f3n b\u00e1sica de software y hardware<br>\u2022 Actividades de observaci\u00f3n y clasificaci\u00f3n tecnol\u00f3gica<\/p>\n\n\n\n<p>Este enfoque facilita que los docentes <strong>integren la inform\u00e1tica dentro del proceso educativo sin necesidad de contar con conocimientos t\u00e9cnicos avanzados<\/strong>, lo que resulta especialmente \u00fatil en instituciones donde la ense\u00f1anza de tecnolog\u00eda todav\u00eda se encuentra en desarrollo.<\/p>\n\n\n\n<h2 class=\"wp-block-heading\"><strong>El valor del pensamiento computacional en la educaci\u00f3n<\/strong><\/h2>\n\n\n\n<p>M\u00e1s all\u00e1 del uso de dispositivos, la ense\u00f1anza de la inform\u00e1tica busca desarrollar lo que se conoce como <strong>pensamiento computacional<\/strong>, una habilidad cognitiva que permite a los estudiantes analizar problemas, organizar informaci\u00f3n y dise\u00f1ar soluciones de manera l\u00f3gica.<\/p>\n\n\n\n<p>El pensamiento computacional implica que los estudiantes aprendan a:<\/p>\n\n\n\n<p>\u2022 <strong>Analizar situaciones y dividir problemas en partes m\u00e1s simples<\/strong><br>\u2022 <strong>Reconocer patrones y relaciones entre elementos<\/strong><br>\u2022 <strong>Seguir instrucciones o secuencias l\u00f3gicas<\/strong><br>\u2022 <strong>Proponer soluciones organizadas a distintos problemas<\/strong><\/p>\n\n\n\n<p>Estas habilidades son fundamentales en la educaci\u00f3n contempor\u00e1nea, ya que <strong>fortalecen el razonamiento l\u00f3gico, el pensamiento cr\u00edtico y la capacidad de resolver problemas<\/strong>, competencias cada vez m\u00e1s valoradas en el \u00e1mbito acad\u00e9mico y profesional.<\/p>\n\n\n\n<h2 class=\"wp-block-heading\"><strong>El rol del docente en la alfabetizaci\u00f3n digital<\/strong><\/h2>\n\n\n\n<p>La incorporaci\u00f3n de la tecnolog\u00eda en el aula requiere <strong>docentes que act\u00faen como mediadores del aprendizaje digital<\/strong>. En los primeros a\u00f1os escolares, el objetivo no es formar programadores, sino <strong>ayudar a los estudiantes a comprender la tecnolog\u00eda que los rodea y utilizarla de manera responsable<\/strong>.<\/p>\n\n\n\n<p>Por ello, contar con materiales did\u00e1cticos estructurados resulta clave para facilitar esta tarea. Los cuadernos de trabajo permiten que el docente <strong>explique conceptos tecnol\u00f3gicos de forma visual, sencilla y accesible<\/strong>, adaptando los contenidos a la edad y nivel de desarrollo de los estudiantes.<\/p>\n\n\n\n<p>Adem\u00e1s, estos recursos favorecen <strong>metodolog\u00edas activas de aprendizaje<\/strong>, donde los alumnos participan en actividades de identificaci\u00f3n, an\u00e1lisis y reflexi\u00f3n sobre el uso de la tecnolog\u00eda.<\/p>\n\n\n\n<h2 class=\"wp-block-heading\"><strong>Un apoyo pr\u00e1ctico para el trabajo docente<\/strong><\/h2>\n\n\n\n<p>Uno de los principales beneficios de este tipo de cuadernos es que <strong>ofrecen material listo para aplicar en el aula<\/strong>, lo que permite a los docentes ahorrar tiempo en la planificaci\u00f3n de actividades y contar con recursos organizados para trabajar la inform\u00e1tica con los estudiantes.<\/p>\n\n\n\n<p>Entre sus ventajas pedag\u00f3gicas destacan:<\/p>\n\n\n\n<p>\u2022 Actividades visuales y f\u00e1ciles de comprender<br>\u2022 Ejercicios adaptados a estudiantes de educaci\u00f3n inicial y primaria<br>\u2022 Material que puede utilizarse tanto en clase como en actividades de refuerzo<br>\u2022 Un enfoque progresivo que facilita la comprensi\u00f3n de los conceptos tecnol\u00f3gicos<\/p>\n\n\n\n<p>De esta manera, el cuaderno se convierte en <strong>una herramienta \u00fatil para introducir la alfabetizaci\u00f3n digital desde los primeros niveles educativos<\/strong>, permitiendo que los estudiantes comiencen a entender el funcionamiento de las tecnolog\u00edas que forman parte de su vida cotidiana.<\/p>\n\n\n\n<h2 class=\"wp-block-heading\"><strong>Conclusi\u00f3n<\/strong><\/h2>\n\n\n\n<p>En un mundo cada vez m\u00e1s digital, <strong>la alfabetizaci\u00f3n tecnol\u00f3gica debe comenzar desde las primeras etapas educativas<\/strong>. Los estudiantes necesitan comprender c\u00f3mo funcionan las herramientas digitales que utilizan diariamente y desarrollar habilidades que les permitan interactuar con la tecnolog\u00eda de forma cr\u00edtica y responsable.<\/p>\n\n\n\n<p>El cuaderno de computaci\u00f3n para educaci\u00f3n inicial y primaria representa <strong>un recurso pedag\u00f3gico accesible y pr\u00e1ctico para los docentes<\/strong>, ya que facilita la ense\u00f1anza de los fundamentos de la inform\u00e1tica mediante actividades claras, visuales y adaptadas a la edad de los estudiantes.<\/p>\n\n\n\n<p>A trav\u00e9s de materiales como este, <strong>la escuela puede comenzar a formar a los alumnos no solo como usuarios de tecnolog\u00eda, sino como ciudadanos capaces de comprender el mundo digital en el que viven<\/strong>.<\/p>\n\n\n\n<p class=\"has-text-align-right\"><strong>Redacci\u00f3n | Web del Maestro CMF<\/strong><\/p>\n\n\n\n<p class=\"has-text-align-center\">MATERIAL DE DESCARGA: <a href=\"https:\/\/drive.google.com\/drive\/folders\/1kDCMTb4BLIg1kydLAD_c_DQCvX_kN8rQ?usp=sharing\" target=\"_blank\" rel=\"noreferrer noopener\">CUADERNOS DE COMPUTACI\u00d3N PARA INICIAL Y PRIMARIA<\/a><\/p>\n\n\n\t\t<div class=\"pk-inline-posts\">\n\t\t\t\n\t\t\t<div class=\"pk-inline-posts-container pk-inline-posts-template-list\"\n\t\t\t\tdata-columns=\"1\">\n\t\t\t\t\t\t<article id=\"post-96416\" class=\"post-96416 post type-post status-publish format-standard has-post-thumbnail category-cuadernillos category-matematica category-pedagogia tag-algoritmo-de-division tag-alumnos-de-primaria tag-aplicacion-practica tag-aprendizaje tag-aprendizaje-divertido tag-comprension-matematica tag-conceptos-basicos tag-conceptos-de-division tag-conceptos-matematicos tag-cuadernillo-de-ejercicios tag-cuadernillo-de-matematicas tag-division-exacta tag-division-inexacta tag-divisiones tag-educacion-primaria tag-ejercicios-de-matematicas tag-ejercicios-de-practica tag-ejercicios-practicos tag-ensenanza-de-las-divisiones tag-estrategias-de-ensenanza tag-habilidades-matematicas tag-matematicas tag-matematicas-para-ninos tag-numeros-de-dos-digitos tag-operaciones-matematicas tag-practica-matematica tag-primer-ano tag-resolucion-de-problemas tag-resolucion-de-problemas-matematicos tag-segundo-ano cs-entry cs-video-wrap\">\n\t\t\t<div class=\"pk-post-outer\">\n\n\t\t\t\t\t\t\t\t<div class=\"pk-post-inner\">\n\t\t\t\t\t<div class=\"entry-thumbnail\">\n\t\t\t\t\t\t<div class=\"pk-overlay pk-overlay-ratio pk-ratio-landscape\">\n\t\t\t\t\t\t\t<div class=\"pk-overlay-background\">\n\t\t\t\t\t\t\t\t<a href=\"https:\/\/webdelmaestrocmf.com\/portal\/cuadernillo-de-divisiones-para-primer-y-segundo-ano-de-primaria\/\" class=\"pk-overlay-link\">\n\t\t\t\t\t\t\t\t\t<img loading=\"lazy\" decoding=\"async\" width=\"300\" height=\"225\" src=\"https:\/\/webdelmaestrocmf.com\/portal\/wp-content\/uploads\/2023\/10\/1AA-Banner-1-portada-imagen-10-1-copia-29-300x225.webp\" class=\"attachment-pk-thumbnail size-pk-thumbnail wp-post-image\" alt=\"\" \/>\t\t\t\t\t\t\t\t<\/a>\n\t\t\t\t\t\t\t<\/div>\n\t\t\t\t\t\t<\/div>\n\t\t\t\t\t<\/div>\n\t\t\t\t<\/div>\n\t\t\t\t\n\t\t\t\t<div class=\"pk-post-inner\">\n\t\t\t\t\t<header>\n\t\t\t\t\t\t<h3 class=\"pk-title\"><a href=\"https:\/\/webdelmaestrocmf.com\/portal\/cuadernillo-de-divisiones-para-primer-y-segundo-ano-de-primaria\/\" rel=\"bookmark\">Cuadernillo de divisiones para Primer y Segundo a\u00f1o de primaria<\/a><\/h3>\t\t\t\t\t<\/header><!-- .entry-header -->\n\t\t\t\t<\/div><!-- .post-inner -->\n\n\t\t\t<\/div><!-- .post-outer -->\n\t\t<\/article>\n\t\t\t<article id=\"post-95508\" class=\"post-95508 post type-post status-publish format-standard has-post-thumbnail category-cuadernillos category-matematica category-pedagogia tag-5-anos tag-cuadernillo tag-matematicas tag-ninos cs-entry cs-video-wrap\">\n\t\t\t<div class=\"pk-post-outer\">\n\n\t\t\t\t\t\t\t\t<div class=\"pk-post-inner\">\n\t\t\t\t\t<div class=\"entry-thumbnail\">\n\t\t\t\t\t\t<div class=\"pk-overlay pk-overlay-ratio pk-ratio-landscape\">\n\t\t\t\t\t\t\t<div class=\"pk-overlay-background\">\n\t\t\t\t\t\t\t\t<a href=\"https:\/\/webdelmaestrocmf.com\/portal\/descubre-el-maravilloso-cuadernillo-de-matematicas-para-ninos-de-3-4-y-5-anos-aprende-jugando\/\" class=\"pk-overlay-link\">\n\t\t\t\t\t\t\t\t\t<img loading=\"lazy\" decoding=\"async\" width=\"300\" height=\"225\" src=\"https:\/\/webdelmaestrocmf.com\/portal\/wp-content\/uploads\/2023\/11\/Banner-1-portada-imagen-10-34-300x225.jpg\" class=\"attachment-pk-thumbnail size-pk-thumbnail wp-post-image\" alt=\"Cuadernillo de Matem\u00e1ticas\" \/>\t\t\t\t\t\t\t\t<\/a>\n\t\t\t\t\t\t\t<\/div>\n\t\t\t\t\t\t<\/div>\n\t\t\t\t\t<\/div>\n\t\t\t\t<\/div>\n\t\t\t\t\n\t\t\t\t<div class=\"pk-post-inner\">\n\t\t\t\t\t<header>\n\t\t\t\t\t\t<h3 class=\"pk-title\"><a href=\"https:\/\/webdelmaestrocmf.com\/portal\/descubre-el-maravilloso-cuadernillo-de-matematicas-para-ninos-de-3-4-y-5-anos-aprende-jugando\/\" rel=\"bookmark\">Descarga los cuadernillos de Matem\u00e1ticas para ni\u00f1os de 3, 4 y 5 a\u00f1os<\/a><\/h3>\t\t\t\t\t<\/header><!-- .entry-header -->\n\t\t\t\t<\/div><!-- .post-inner -->\n\n\t\t\t<\/div><!-- .post-outer -->\n\t\t<\/article>\n\t\t\t<article id=\"post-97674\" class=\"post-97674 post type-post status-publish format-standard has-post-thumbnail category-comprencion category-comprension-lectora category-cuadernillos category-lectoescritura category-leer tag-1o-de-primaria tag-2o-de-primaria tag-actividades tag-comprension-lectora tag-cuadernillo tag-cuaderno tag-lecturas cs-entry cs-video-wrap\">\n\t\t\t<div class=\"pk-post-outer\">\n\n\t\t\t\t\t\t\t\t<div class=\"pk-post-inner\">\n\t\t\t\t\t<div class=\"entry-thumbnail\">\n\t\t\t\t\t\t<div class=\"pk-overlay pk-overlay-ratio pk-ratio-landscape\">\n\t\t\t\t\t\t\t<div class=\"pk-overlay-background\">\n\t\t\t\t\t\t\t\t<a href=\"https:\/\/webdelmaestrocmf.com\/portal\/cuadernillo-de-comprension-lectora-lecturas-y-actividades-para-1o-y-2o-de-primaria\/\" class=\"pk-overlay-link\">\n\t\t\t\t\t\t\t\t\t<img loading=\"lazy\" decoding=\"async\" width=\"300\" height=\"225\" src=\"https:\/\/webdelmaestrocmf.com\/portal\/wp-content\/uploads\/2026\/02\/1A-Banner-1-portada-imagen-10-1-copia-1-4-300x225.webp\" class=\"attachment-pk-thumbnail size-pk-thumbnail wp-post-image\" alt=\"\" \/>\t\t\t\t\t\t\t\t<\/a>\n\t\t\t\t\t\t\t<\/div>\n\t\t\t\t\t\t<\/div>\n\t\t\t\t\t<\/div>\n\t\t\t\t<\/div>\n\t\t\t\t\n\t\t\t\t<div class=\"pk-post-inner\">\n\t\t\t\t\t<header>\n\t\t\t\t\t\t<h3 class=\"pk-title\"><a href=\"https:\/\/webdelmaestrocmf.com\/portal\/cuadernillo-de-comprension-lectora-lecturas-y-actividades-para-1o-y-2o-de-primaria\/\" rel=\"bookmark\">Descarga el cuadernillo de comprensi\u00f3n lectora, las 300 lecturas cortas, lecturas piramidales y las actividades para 1\u00ba y 2\u00ba de primaria<\/a><\/h3>\t\t\t\t\t<\/header><!-- .entry-header -->\n\t\t\t\t<\/div><!-- .post-inner -->\n\n\t\t\t<\/div><!-- .post-outer -->\n\t\t<\/article>\n\t\t\t\t<\/div>\n\t\t<\/div>\n\t\t\n","protected":false},"excerpt":{"rendered":"Cuaderno de computaci\u00f3n con actividades claras para inicial y primaria que introduce inform\u00e1tica b\u00e1sica y facilita la ense\u00f1anza tecnol\u00f3gica en el aula.","protected":false},"author":1,"featured_media":115981,"comment_status":"open","ping_status":"closed","sticky":false,"template":"","format":"standard","meta":{"csco_display_header_overlay":false,"csco_singular_sidebar":"","csco_page_header_type":"","csco_page_load_nextpost":"","csco_post_video_location":[],"csco_post_video_location_hash":"","csco_post_video_url":"","csco_post_video_bg_start_time":0,"csco_post_video_bg_end_time":0,"csco_post_video_bg_volume":false,"_jetpack_memberships_contains_paid_content":false,"footnotes":""},"categories":[13814,735],"tags":[25491,20491,25490,25489,25488,25487,15817,24934,25131],"class_list":{"0":"post-115920","1":"post","2":"type-post","3":"status-publish","4":"format-standard","5":"has-post-thumbnail","7":"category-cuadernillos","8":"category-pedagogia","9":"tag-alfabetizacion-digital-2","10":"tag-aula-digital","11":"tag-computacion-educativa","12":"tag-educacion-inicial-2","13":"tag-educacion-primaria-2","14":"tag-material-didactico-2","15":"tag-pensamiento-computacional","16":"tag-recursos-docentes","17":"tag-tecnologia-educativa-3","18":"cs-entry","19":"cs-video-wrap"},"yoast_head":"<!-- This site is optimized with the Yoast SEO plugin v27.5 - https:\/\/yoast.com\/product\/yoast-seo-wordpress\/ -->\n<title>Descarga los cuadernos de computaci\u00f3n para Educaci\u00f3n Inicial y toda Primaria: un recurso pr\u00e1ctico para introducir la alfabetizaci\u00f3n digital en el aula - 2026<\/title>\n<meta name=\"description\" content=\"En este contexto, el cuaderno de computaci\u00f3n para educaci\u00f3n inicial y primaria se presenta como un recurso educativo que facilita...\" \/>\n<meta name=\"robots\" content=\"index, follow, max-snippet:-1, max-image-preview:large, max-video-preview:-1\" \/>\n<link rel=\"canonical\" href=\"https:\/\/webdelmaestrocmf.com\/portal\/descarga-los-cuadernos-de-computacion-para-educacion-inicial-y-toda-primaria-un-recurso-practico-para-introducir-la-alfabetizacion-digital-en-el-aula\/\" \/>\n<meta property=\"og:locale\" content=\"es_ES\" \/>\n<meta property=\"og:type\" content=\"article\" \/>\n<meta property=\"og:title\" content=\"Descarga los cuadernos de computaci\u00f3n para Educaci\u00f3n Inicial y toda Primaria: un recurso pr\u00e1ctico para introducir la alfabetizaci\u00f3n digital en el aula - 2026\" \/>\n<meta property=\"og:description\" content=\"En este contexto, el cuaderno de computaci\u00f3n para educaci\u00f3n inicial y primaria se presenta como un recurso educativo que facilita...\" \/>\n<meta property=\"og:url\" content=\"https:\/\/webdelmaestrocmf.com\/portal\/descarga-los-cuadernos-de-computacion-para-educacion-inicial-y-toda-primaria-un-recurso-practico-para-introducir-la-alfabetizacion-digital-en-el-aula\/\" \/>\n<meta property=\"og:site_name\" content=\"Web del Maestro CMF\" \/>\n<meta property=\"article:publisher\" content=\"https:\/\/www.facebook.com\/WebdelMaestroCMF\/\" \/>\n<meta property=\"article:author\" content=\"https:\/\/www.facebook.com\/WebdelMaestroCMF\/\" \/>\n<meta property=\"article:published_time\" content=\"2026-03-08T15:07:09+00:00\" \/>\n<meta property=\"article:modified_time\" content=\"2026-03-09T12:41:15+00:00\" \/>\n<meta property=\"og:image\" content=\"https:\/\/webdelmaestrocmf.com\/portal\/wp-content\/uploads\/2026\/03\/1A-Banner-1-portada-imagen-10-1-copia-1-2.webp\" \/>\n\t<meta property=\"og:image:width\" content=\"1200\" \/>\n\t<meta property=\"og:image:height\" content=\"675\" \/>\n\t<meta property=\"og:image:type\" content=\"image\/webp\" \/>\n<meta name=\"author\" content=\"Web del Maestro CMF\" \/>\n<meta name=\"twitter:card\" content=\"summary_large_image\" \/>\n<meta name=\"twitter:creator\" content=\"@cmf_w\" \/>\n<meta name=\"twitter:site\" content=\"@cmf_w\" \/>\n<script type=\"application\/ld+json\" class=\"yoast-schema-graph\">{\"@context\":\"https:\\\/\\\/schema.org\",\"@graph\":[{\"@type\":\"ScholarlyArticle\",\"@id\":\"https:\\\/\\\/webdelmaestrocmf.com\\\/portal\\\/descarga-los-cuadernos-de-computacion-para-educacion-inicial-y-toda-primaria-un-recurso-practico-para-introducir-la-alfabetizacion-digital-en-el-aula\\\/#article\",\"isPartOf\":{\"@id\":\"https:\\\/\\\/webdelmaestrocmf.com\\\/portal\\\/descarga-los-cuadernos-de-computacion-para-educacion-inicial-y-toda-primaria-un-recurso-practico-para-introducir-la-alfabetizacion-digital-en-el-aula\\\/\"},\"author\":{\"name\":\"Web del Maestro CMF\",\"@id\":\"https:\\\/\\\/webdelmaestrocmf.com\\\/portal\\\/#\\\/schema\\\/person\\\/1072a2ed7bd960df8ef99a551fa35dc5\"},\"headline\":\"Descarga los cuadernos de computaci\u00f3n para Educaci\u00f3n Inicial y toda Primaria: un recurso pr\u00e1ctico para introducir la alfabetizaci\u00f3n digital en el aula\",\"datePublished\":\"2026-03-08T15:07:09+00:00\",\"dateModified\":\"2026-03-09T12:41:15+00:00\",\"mainEntityOfPage\":{\"@id\":\"https:\\\/\\\/webdelmaestrocmf.com\\\/portal\\\/descarga-los-cuadernos-de-computacion-para-educacion-inicial-y-toda-primaria-un-recurso-practico-para-introducir-la-alfabetizacion-digital-en-el-aula\\\/\"},\"wordCount\":1058,\"commentCount\":1,\"publisher\":{\"@id\":\"https:\\\/\\\/webdelmaestrocmf.com\\\/portal\\\/#organization\"},\"image\":{\"@id\":\"https:\\\/\\\/webdelmaestrocmf.com\\\/portal\\\/descarga-los-cuadernos-de-computacion-para-educacion-inicial-y-toda-primaria-un-recurso-practico-para-introducir-la-alfabetizacion-digital-en-el-aula\\\/#primaryimage\"},\"thumbnailUrl\":\"https:\\\/\\\/webdelmaestrocmf.com\\\/portal\\\/wp-content\\\/uploads\\\/2026\\\/03\\\/1A-Banner-1-portada-imagen-10-1-copia-1-2.webp\",\"keywords\":[\"alfabetizacion digital\",\"Aula digital\",\"computacion educativa\",\"educacion inicial\",\"educacion primaria\",\"material didactico\",\"Pensamiento computacional\",\"recursos docentes\",\"tecnologia educativa\"],\"articleSection\":[\"Cuadernillos\",\"Recursos\"],\"inLanguage\":\"es\",\"potentialAction\":[{\"@type\":\"CommentAction\",\"name\":\"Comment\",\"target\":[\"https:\\\/\\\/webdelmaestrocmf.com\\\/portal\\\/descarga-los-cuadernos-de-computacion-para-educacion-inicial-y-toda-primaria-un-recurso-practico-para-introducir-la-alfabetizacion-digital-en-el-aula\\\/#respond\"]}]},{\"@type\":\"WebPage\",\"@id\":\"https:\\\/\\\/webdelmaestrocmf.com\\\/portal\\\/descarga-los-cuadernos-de-computacion-para-educacion-inicial-y-toda-primaria-un-recurso-practico-para-introducir-la-alfabetizacion-digital-en-el-aula\\\/\",\"url\":\"https:\\\/\\\/webdelmaestrocmf.com\\\/portal\\\/descarga-los-cuadernos-de-computacion-para-educacion-inicial-y-toda-primaria-un-recurso-practico-para-introducir-la-alfabetizacion-digital-en-el-aula\\\/\",\"name\":\"Descarga los cuadernos de computaci\u00f3n para Educaci\u00f3n Inicial y toda Primaria: un recurso pr\u00e1ctico para introducir la alfabetizaci\u00f3n digital en el aula - 2026\",\"isPartOf\":{\"@id\":\"https:\\\/\\\/webdelmaestrocmf.com\\\/portal\\\/#website\"},\"primaryImageOfPage\":{\"@id\":\"https:\\\/\\\/webdelmaestrocmf.com\\\/portal\\\/descarga-los-cuadernos-de-computacion-para-educacion-inicial-y-toda-primaria-un-recurso-practico-para-introducir-la-alfabetizacion-digital-en-el-aula\\\/#primaryimage\"},\"image\":{\"@id\":\"https:\\\/\\\/webdelmaestrocmf.com\\\/portal\\\/descarga-los-cuadernos-de-computacion-para-educacion-inicial-y-toda-primaria-un-recurso-practico-para-introducir-la-alfabetizacion-digital-en-el-aula\\\/#primaryimage\"},\"thumbnailUrl\":\"https:\\\/\\\/webdelmaestrocmf.com\\\/portal\\\/wp-content\\\/uploads\\\/2026\\\/03\\\/1A-Banner-1-portada-imagen-10-1-copia-1-2.webp\",\"datePublished\":\"2026-03-08T15:07:09+00:00\",\"dateModified\":\"2026-03-09T12:41:15+00:00\",\"description\":\"En este contexto, el cuaderno de computaci\u00f3n para educaci\u00f3n inicial y primaria se presenta como un recurso educativo que facilita...\",\"breadcrumb\":{\"@id\":\"https:\\\/\\\/webdelmaestrocmf.com\\\/portal\\\/descarga-los-cuadernos-de-computacion-para-educacion-inicial-y-toda-primaria-un-recurso-practico-para-introducir-la-alfabetizacion-digital-en-el-aula\\\/#breadcrumb\"},\"inLanguage\":\"es\",\"potentialAction\":[{\"@type\":\"ReadAction\",\"target\":[\"https:\\\/\\\/webdelmaestrocmf.com\\\/portal\\\/descarga-los-cuadernos-de-computacion-para-educacion-inicial-y-toda-primaria-un-recurso-practico-para-introducir-la-alfabetizacion-digital-en-el-aula\\\/\"]}]},{\"@type\":\"ImageObject\",\"inLanguage\":\"es\",\"@id\":\"https:\\\/\\\/webdelmaestrocmf.com\\\/portal\\\/descarga-los-cuadernos-de-computacion-para-educacion-inicial-y-toda-primaria-un-recurso-practico-para-introducir-la-alfabetizacion-digital-en-el-aula\\\/#primaryimage\",\"url\":\"https:\\\/\\\/webdelmaestrocmf.com\\\/portal\\\/wp-content\\\/uploads\\\/2026\\\/03\\\/1A-Banner-1-portada-imagen-10-1-copia-1-2.webp\",\"contentUrl\":\"https:\\\/\\\/webdelmaestrocmf.com\\\/portal\\\/wp-content\\\/uploads\\\/2026\\\/03\\\/1A-Banner-1-portada-imagen-10-1-copia-1-2.webp\",\"width\":1200,\"height\":675},{\"@type\":\"BreadcrumbList\",\"@id\":\"https:\\\/\\\/webdelmaestrocmf.com\\\/portal\\\/descarga-los-cuadernos-de-computacion-para-educacion-inicial-y-toda-primaria-un-recurso-practico-para-introducir-la-alfabetizacion-digital-en-el-aula\\\/#breadcrumb\",\"itemListElement\":[{\"@type\":\"ListItem\",\"position\":1,\"name\":\"Portada\",\"item\":\"https:\\\/\\\/webdelmaestrocmf.com\\\/portal\\\/\"},{\"@type\":\"ListItem\",\"position\":2,\"name\":\"Recursos\",\"item\":\"https:\\\/\\\/webdelmaestrocmf.com\\\/portal\\\/category\\\/pedagogia\\\/\"},{\"@type\":\"ListItem\",\"position\":3,\"name\":\"Descarga los cuadernos de computaci\u00f3n para Educaci\u00f3n Inicial y toda Primaria: un recurso pr\u00e1ctico para introducir la alfabetizaci\u00f3n digital en el aula\"}]},{\"@type\":\"WebSite\",\"@id\":\"https:\\\/\\\/webdelmaestrocmf.com\\\/portal\\\/#website\",\"url\":\"https:\\\/\\\/webdelmaestrocmf.com\\\/portal\\\/\",\"name\":\"Web del Maestro CMF\",\"description\":\"Maestros al servicio de la educaci\u00f3n\",\"publisher\":{\"@id\":\"https:\\\/\\\/webdelmaestrocmf.com\\\/portal\\\/#organization\"},\"alternateName\":\"WMCMF\",\"potentialAction\":[{\"@type\":\"SearchAction\",\"target\":{\"@type\":\"EntryPoint\",\"urlTemplate\":\"https:\\\/\\\/webdelmaestrocmf.com\\\/portal\\\/?s={search_term_string}\"},\"query-input\":{\"@type\":\"PropertyValueSpecification\",\"valueRequired\":true,\"valueName\":\"search_term_string\"}}],\"inLanguage\":\"es\"},{\"@type\":\"Organization\",\"@id\":\"https:\\\/\\\/webdelmaestrocmf.com\\\/portal\\\/#organization\",\"name\":\"Web del Maestro CMF\",\"alternateName\":\"WMCMF\",\"url\":\"https:\\\/\\\/webdelmaestrocmf.com\\\/portal\\\/\",\"logo\":{\"@type\":\"ImageObject\",\"inLanguage\":\"es\",\"@id\":\"https:\\\/\\\/webdelmaestrocmf.com\\\/portal\\\/#\\\/schema\\\/logo\\\/image\\\/\",\"url\":\"https:\\\/\\\/webdelmaestrocmf.com\\\/portal\\\/wp-content\\\/uploads\\\/2023\\\/01\\\/logo-wmcmf-2.png\",\"contentUrl\":\"https:\\\/\\\/webdelmaestrocmf.com\\\/portal\\\/wp-content\\\/uploads\\\/2023\\\/01\\\/logo-wmcmf-2.png\",\"width\":200,\"height\":60,\"caption\":\"Web del Maestro CMF\"},\"image\":{\"@id\":\"https:\\\/\\\/webdelmaestrocmf.com\\\/portal\\\/#\\\/schema\\\/logo\\\/image\\\/\"},\"sameAs\":[\"https:\\\/\\\/www.facebook.com\\\/WebdelMaestroCMF\\\/\",\"https:\\\/\\\/x.com\\\/cmf_w\",\"https:\\\/\\\/www.pinterest.com\\\/WMCMF\\\/\",\"https:\\\/\\\/www.linkedin.com\\\/company\\\/web-del-maestro-cmf\\\/\",\"https:\\\/\\\/www.instagram.com\\\/wmcmf\\\/\",\"https:\\\/\\\/www.youtube.com\\\/channel\\\/UCDPSvjbdodE5sHnC3OxutHw\",\"https:\\\/\\\/mastodon.social\\\/@wmcmf\",\"https:\\\/\\\/www.tiktok.com\\\/@webdelmaestrocmf\"]},{\"@type\":\"Person\",\"@id\":\"https:\\\/\\\/webdelmaestrocmf.com\\\/portal\\\/#\\\/schema\\\/person\\\/1072a2ed7bd960df8ef99a551fa35dc5\",\"name\":\"Web del Maestro CMF\",\"image\":{\"@type\":\"ImageObject\",\"inLanguage\":\"es\",\"@id\":\"https:\\\/\\\/secure.gravatar.com\\\/avatar\\\/23291dd5b5ae1077dcff3dbb04c3e02bd28403fa75af6d8787d5e97c5bbbe30b?s=96&d=mm&r=g\",\"url\":\"https:\\\/\\\/secure.gravatar.com\\\/avatar\\\/23291dd5b5ae1077dcff3dbb04c3e02bd28403fa75af6d8787d5e97c5bbbe30b?s=96&d=mm&r=g\",\"contentUrl\":\"https:\\\/\\\/secure.gravatar.com\\\/avatar\\\/23291dd5b5ae1077dcff3dbb04c3e02bd28403fa75af6d8787d5e97c5bbbe30b?s=96&d=mm&r=g\",\"caption\":\"Web del Maestro CMF\"},\"description\":\"Esta Web se cre\u00f3 sin fines de lucro, con fines educativos, cient\u00edficos y acad\u00e9micos, para personas que tengan dificultades y\\\/o inconvenientes en visualizar el material original. El objetivo es entregar recursos, compartir experiencias y materiales que ayuden a los padres de familia, maestros y estudiantes en su actualizaci\u00f3n y formaci\u00f3n permanente, en bien de la Educaci\u00f3n.\",\"sameAs\":[\"http:\\\/\\\/webdelmaestrocmf.com\\\/portal\",\"https:\\\/\\\/www.facebook.com\\\/WebdelMaestroCMF\\\/\",\"https:\\\/\\\/www.instagram.com\\\/wmcmf\\\/\",\"https:\\\/\\\/cl.linkedin.com\\\/company\\\/web-del-maestro-cmf\",\"https:\\\/\\\/www.pinterest.com\\\/WMCMF\\\/publicaciones\\\/\",\"https:\\\/\\\/x.com\\\/cmf_w\",\"https:\\\/\\\/www.youtube.com\\\/@WMCMF\"]}]}<\/script>\n<!-- \/ Yoast SEO plugin. -->","yoast_head_json":{"title":"Descarga los cuadernos de computaci\u00f3n para Educaci\u00f3n Inicial y toda Primaria: un recurso pr\u00e1ctico para introducir la alfabetizaci\u00f3n digital en el aula - 2026","description":"En este contexto, el cuaderno de computaci\u00f3n para educaci\u00f3n inicial y primaria se presenta como un recurso educativo que facilita...","robots":{"index":"index","follow":"follow","max-snippet":"max-snippet:-1","max-image-preview":"max-image-preview:large","max-video-preview":"max-video-preview:-1"},"canonical":"https:\/\/webdelmaestrocmf.com\/portal\/descarga-los-cuadernos-de-computacion-para-educacion-inicial-y-toda-primaria-un-recurso-practico-para-introducir-la-alfabetizacion-digital-en-el-aula\/","og_locale":"es_ES","og_type":"article","og_title":"Descarga los cuadernos de computaci\u00f3n para Educaci\u00f3n Inicial y toda Primaria: un recurso pr\u00e1ctico para introducir la alfabetizaci\u00f3n digital en el aula - 2026","og_description":"En este contexto, el cuaderno de computaci\u00f3n para educaci\u00f3n inicial y primaria se presenta como un recurso educativo que facilita...","og_url":"https:\/\/webdelmaestrocmf.com\/portal\/descarga-los-cuadernos-de-computacion-para-educacion-inicial-y-toda-primaria-un-recurso-practico-para-introducir-la-alfabetizacion-digital-en-el-aula\/","og_site_name":"Web del Maestro CMF","article_publisher":"https:\/\/www.facebook.com\/WebdelMaestroCMF\/","article_author":"https:\/\/www.facebook.com\/WebdelMaestroCMF\/","article_published_time":"2026-03-08T15:07:09+00:00","article_modified_time":"2026-03-09T12:41:15+00:00","og_image":[{"width":1200,"height":675,"url":"https:\/\/webdelmaestrocmf.com\/portal\/wp-content\/uploads\/2026\/03\/1A-Banner-1-portada-imagen-10-1-copia-1-2.webp","type":"image\/webp"}],"author":"Web del Maestro CMF","twitter_card":"summary_large_image","twitter_creator":"@cmf_w","twitter_site":"@cmf_w","schema":{"@context":"https:\/\/schema.org","@graph":[{"@type":"ScholarlyArticle","@id":"https:\/\/webdelmaestrocmf.com\/portal\/descarga-los-cuadernos-de-computacion-para-educacion-inicial-y-toda-primaria-un-recurso-practico-para-introducir-la-alfabetizacion-digital-en-el-aula\/#article","isPartOf":{"@id":"https:\/\/webdelmaestrocmf.com\/portal\/descarga-los-cuadernos-de-computacion-para-educacion-inicial-y-toda-primaria-un-recurso-practico-para-introducir-la-alfabetizacion-digital-en-el-aula\/"},"author":{"name":"Web del Maestro CMF","@id":"https:\/\/webdelmaestrocmf.com\/portal\/#\/schema\/person\/1072a2ed7bd960df8ef99a551fa35dc5"},"headline":"Descarga los cuadernos de computaci\u00f3n para Educaci\u00f3n Inicial y toda Primaria: un recurso pr\u00e1ctico para introducir la alfabetizaci\u00f3n digital en el aula","datePublished":"2026-03-08T15:07:09+00:00","dateModified":"2026-03-09T12:41:15+00:00","mainEntityOfPage":{"@id":"https:\/\/webdelmaestrocmf.com\/portal\/descarga-los-cuadernos-de-computacion-para-educacion-inicial-y-toda-primaria-un-recurso-practico-para-introducir-la-alfabetizacion-digital-en-el-aula\/"},"wordCount":1058,"commentCount":1,"publisher":{"@id":"https:\/\/webdelmaestrocmf.com\/portal\/#organization"},"image":{"@id":"https:\/\/webdelmaestrocmf.com\/portal\/descarga-los-cuadernos-de-computacion-para-educacion-inicial-y-toda-primaria-un-recurso-practico-para-introducir-la-alfabetizacion-digital-en-el-aula\/#primaryimage"},"thumbnailUrl":"https:\/\/webdelmaestrocmf.com\/portal\/wp-content\/uploads\/2026\/03\/1A-Banner-1-portada-imagen-10-1-copia-1-2.webp","keywords":["alfabetizacion digital","Aula digital","computacion educativa","educacion inicial","educacion primaria","material didactico","Pensamiento computacional","recursos docentes","tecnologia educativa"],"articleSection":["Cuadernillos","Recursos"],"inLanguage":"es","potentialAction":[{"@type":"CommentAction","name":"Comment","target":["https:\/\/webdelmaestrocmf.com\/portal\/descarga-los-cuadernos-de-computacion-para-educacion-inicial-y-toda-primaria-un-recurso-practico-para-introducir-la-alfabetizacion-digital-en-el-aula\/#respond"]}]},{"@type":"WebPage","@id":"https:\/\/webdelmaestrocmf.com\/portal\/descarga-los-cuadernos-de-computacion-para-educacion-inicial-y-toda-primaria-un-recurso-practico-para-introducir-la-alfabetizacion-digital-en-el-aula\/","url":"https:\/\/webdelmaestrocmf.com\/portal\/descarga-los-cuadernos-de-computacion-para-educacion-inicial-y-toda-primaria-un-recurso-practico-para-introducir-la-alfabetizacion-digital-en-el-aula\/","name":"Descarga los cuadernos de computaci\u00f3n para Educaci\u00f3n Inicial y toda Primaria: un recurso pr\u00e1ctico para introducir la alfabetizaci\u00f3n digital en el aula - 2026","isPartOf":{"@id":"https:\/\/webdelmaestrocmf.com\/portal\/#website"},"primaryImageOfPage":{"@id":"https:\/\/webdelmaestrocmf.com\/portal\/descarga-los-cuadernos-de-computacion-para-educacion-inicial-y-toda-primaria-un-recurso-practico-para-introducir-la-alfabetizacion-digital-en-el-aula\/#primaryimage"},"image":{"@id":"https:\/\/webdelmaestrocmf.com\/portal\/descarga-los-cuadernos-de-computacion-para-educacion-inicial-y-toda-primaria-un-recurso-practico-para-introducir-la-alfabetizacion-digital-en-el-aula\/#primaryimage"},"thumbnailUrl":"https:\/\/webdelmaestrocmf.com\/portal\/wp-content\/uploads\/2026\/03\/1A-Banner-1-portada-imagen-10-1-copia-1-2.webp","datePublished":"2026-03-08T15:07:09+00:00","dateModified":"2026-03-09T12:41:15+00:00","description":"En este contexto, el cuaderno de computaci\u00f3n para educaci\u00f3n inicial y primaria se presenta como un recurso educativo que facilita...","breadcrumb":{"@id":"https:\/\/webdelmaestrocmf.com\/portal\/descarga-los-cuadernos-de-computacion-para-educacion-inicial-y-toda-primaria-un-recurso-practico-para-introducir-la-alfabetizacion-digital-en-el-aula\/#breadcrumb"},"inLanguage":"es","potentialAction":[{"@type":"ReadAction","target":["https:\/\/webdelmaestrocmf.com\/portal\/descarga-los-cuadernos-de-computacion-para-educacion-inicial-y-toda-primaria-un-recurso-practico-para-introducir-la-alfabetizacion-digital-en-el-aula\/"]}]},{"@type":"ImageObject","inLanguage":"es","@id":"https:\/\/webdelmaestrocmf.com\/portal\/descarga-los-cuadernos-de-computacion-para-educacion-inicial-y-toda-primaria-un-recurso-practico-para-introducir-la-alfabetizacion-digital-en-el-aula\/#primaryimage","url":"https:\/\/webdelmaestrocmf.com\/portal\/wp-content\/uploads\/2026\/03\/1A-Banner-1-portada-imagen-10-1-copia-1-2.webp","contentUrl":"https:\/\/webdelmaestrocmf.com\/portal\/wp-content\/uploads\/2026\/03\/1A-Banner-1-portada-imagen-10-1-copia-1-2.webp","width":1200,"height":675},{"@type":"BreadcrumbList","@id":"https:\/\/webdelmaestrocmf.com\/portal\/descarga-los-cuadernos-de-computacion-para-educacion-inicial-y-toda-primaria-un-recurso-practico-para-introducir-la-alfabetizacion-digital-en-el-aula\/#breadcrumb","itemListElement":[{"@type":"ListItem","position":1,"name":"Portada","item":"https:\/\/webdelmaestrocmf.com\/portal\/"},{"@type":"ListItem","position":2,"name":"Recursos","item":"https:\/\/webdelmaestrocmf.com\/portal\/category\/pedagogia\/"},{"@type":"ListItem","position":3,"name":"Descarga los cuadernos de computaci\u00f3n para Educaci\u00f3n Inicial y toda Primaria: un recurso pr\u00e1ctico para introducir la alfabetizaci\u00f3n digital en el aula"}]},{"@type":"WebSite","@id":"https:\/\/webdelmaestrocmf.com\/portal\/#website","url":"https:\/\/webdelmaestrocmf.com\/portal\/","name":"Web del Maestro CMF","description":"Maestros al servicio de la educaci\u00f3n","publisher":{"@id":"https:\/\/webdelmaestrocmf.com\/portal\/#organization"},"alternateName":"WMCMF","potentialAction":[{"@type":"SearchAction","target":{"@type":"EntryPoint","urlTemplate":"https:\/\/webdelmaestrocmf.com\/portal\/?s={search_term_string}"},"query-input":{"@type":"PropertyValueSpecification","valueRequired":true,"valueName":"search_term_string"}}],"inLanguage":"es"},{"@type":"Organization","@id":"https:\/\/webdelmaestrocmf.com\/portal\/#organization","name":"Web del Maestro CMF","alternateName":"WMCMF","url":"https:\/\/webdelmaestrocmf.com\/portal\/","logo":{"@type":"ImageObject","inLanguage":"es","@id":"https:\/\/webdelmaestrocmf.com\/portal\/#\/schema\/logo\/image\/","url":"https:\/\/webdelmaestrocmf.com\/portal\/wp-content\/uploads\/2023\/01\/logo-wmcmf-2.png","contentUrl":"https:\/\/webdelmaestrocmf.com\/portal\/wp-content\/uploads\/2023\/01\/logo-wmcmf-2.png","width":200,"height":60,"caption":"Web del Maestro CMF"},"image":{"@id":"https:\/\/webdelmaestrocmf.com\/portal\/#\/schema\/logo\/image\/"},"sameAs":["https:\/\/www.facebook.com\/WebdelMaestroCMF\/","https:\/\/x.com\/cmf_w","https:\/\/www.pinterest.com\/WMCMF\/","https:\/\/www.linkedin.com\/company\/web-del-maestro-cmf\/","https:\/\/www.instagram.com\/wmcmf\/","https:\/\/www.youtube.com\/channel\/UCDPSvjbdodE5sHnC3OxutHw","https:\/\/mastodon.social\/@wmcmf","https:\/\/www.tiktok.com\/@webdelmaestrocmf"]},{"@type":"Person","@id":"https:\/\/webdelmaestrocmf.com\/portal\/#\/schema\/person\/1072a2ed7bd960df8ef99a551fa35dc5","name":"Web del Maestro CMF","image":{"@type":"ImageObject","inLanguage":"es","@id":"https:\/\/secure.gravatar.com\/avatar\/23291dd5b5ae1077dcff3dbb04c3e02bd28403fa75af6d8787d5e97c5bbbe30b?s=96&d=mm&r=g","url":"https:\/\/secure.gravatar.com\/avatar\/23291dd5b5ae1077dcff3dbb04c3e02bd28403fa75af6d8787d5e97c5bbbe30b?s=96&d=mm&r=g","contentUrl":"https:\/\/secure.gravatar.com\/avatar\/23291dd5b5ae1077dcff3dbb04c3e02bd28403fa75af6d8787d5e97c5bbbe30b?s=96&d=mm&r=g","caption":"Web del Maestro CMF"},"description":"Esta Web se cre\u00f3 sin fines de lucro, con fines educativos, cient\u00edficos y acad\u00e9micos, para personas que tengan dificultades y\/o inconvenientes en visualizar el material original. El objetivo es entregar recursos, compartir experiencias y materiales que ayuden a los padres de familia, maestros y estudiantes en su actualizaci\u00f3n y formaci\u00f3n permanente, en bien de la Educaci\u00f3n.","sameAs":["http:\/\/webdelmaestrocmf.com\/portal","https:\/\/www.facebook.com\/WebdelMaestroCMF\/","https:\/\/www.instagram.com\/wmcmf\/","https:\/\/cl.linkedin.com\/company\/web-del-maestro-cmf","https:\/\/www.pinterest.com\/WMCMF\/publicaciones\/","https:\/\/x.com\/cmf_w","https:\/\/www.youtube.com\/@WMCMF"]}]}},"jetpack_featured_media_url":"https:\/\/webdelmaestrocmf.com\/portal\/wp-content\/uploads\/2026\/03\/1A-Banner-1-portada-imagen-10-1-copia-1-2.webp","jetpack_sharing_enabled":true,"jetpack-related-posts":[{"id":102248,"url":"https:\/\/webdelmaestrocmf.com\/portal\/cuadernillo-de-computacion-para-1o-a-6o-de-rimaria\/","url_meta":{"origin":115920,"position":0},"title":"Cuadernillo de Computaci\u00f3n para 1\u00ba a 6\u00ba de Primaria","author":"Web del Maestro CMF","date":"8 enero, 2024","format":false,"excerpt":"Estimados docentes y padres de familia, nos complace presentarles un recurso excepcional que promueve el aprendizaje l\u00fadico y efectivo en el \u00e1mbito de la inform\u00e1tica para los estudiantes de primer grado. Este Cuadernillo de Computaci\u00f3n de trabajo ha sido dise\u00f1ado con el objetivo de cultivar habilidades inform\u00e1ticas fundamentales, proporcionando una\u2026","rel":"","context":"En \u00abCuadernillos\u00bb","block_context":{"text":"Cuadernillos","link":"https:\/\/webdelmaestrocmf.com\/portal\/category\/pedagogia\/cuadernillos\/"},"img":{"alt_text":"Cuadernillo de Computaci\u00f3n","src":"https:\/\/i0.wp.com\/webdelmaestrocmf.com\/portal\/wp-content\/uploads\/2024\/01\/A12B3C4D-3-5.jpg?resize=350%2C200&ssl=1","width":350,"height":200,"srcset":"https:\/\/i0.wp.com\/webdelmaestrocmf.com\/portal\/wp-content\/uploads\/2024\/01\/A12B3C4D-3-5.jpg?resize=350%2C200&ssl=1 1x, https:\/\/i0.wp.com\/webdelmaestrocmf.com\/portal\/wp-content\/uploads\/2024\/01\/A12B3C4D-3-5.jpg?resize=525%2C300&ssl=1 1.5x, https:\/\/i0.wp.com\/webdelmaestrocmf.com\/portal\/wp-content\/uploads\/2024\/01\/A12B3C4D-3-5.jpg?resize=700%2C400&ssl=1 2x"},"classes":[]},{"id":111335,"url":"https:\/\/webdelmaestrocmf.com\/portal\/ia-en-la-escuela-guia-pdf-para-un-uso-critico\/","url_meta":{"origin":115920,"position":1},"title":"IA en la escuela: Gu\u00eda PDF para un uso cr\u00edtico","author":"Web del Maestro CMF","date":"19 julio, 2025","format":false,"excerpt":"Gu\u00eda pr\u00e1ctica y reflexiva que orienta a los docentes en el uso \u00e9tico, pedag\u00f3gico y consciente de la inteligencia artificial educativa","rel":"","context":"En \u00abIA\u00bb","block_context":{"text":"IA","link":"https:\/\/webdelmaestrocmf.com\/portal\/category\/tecnologia\/ia\/"},"img":{"alt_text":"","src":"https:\/\/i0.wp.com\/webdelmaestrocmf.com\/portal\/wp-content\/uploads\/2025\/07\/1A-Banner-1-portada-imagen-10-1-copia-63.webp?resize=350%2C200&ssl=1","width":350,"height":200,"srcset":"https:\/\/i0.wp.com\/webdelmaestrocmf.com\/portal\/wp-content\/uploads\/2025\/07\/1A-Banner-1-portada-imagen-10-1-copia-63.webp?resize=350%2C200&ssl=1 1x, https:\/\/i0.wp.com\/webdelmaestrocmf.com\/portal\/wp-content\/uploads\/2025\/07\/1A-Banner-1-portada-imagen-10-1-copia-63.webp?resize=525%2C300&ssl=1 1.5x, https:\/\/i0.wp.com\/webdelmaestrocmf.com\/portal\/wp-content\/uploads\/2025\/07\/1A-Banner-1-portada-imagen-10-1-copia-63.webp?resize=700%2C400&ssl=1 2x"},"classes":[]},{"id":105431,"url":"https:\/\/webdelmaestrocmf.com\/portal\/manual-y-guia-de-1000-estrategias-didacticas-para-inicial-y-primaria\/","url_meta":{"origin":115920,"position":2},"title":"Libro, Manuales y Gu\u00edas de 1000 Estrategias Did\u00e1cticas para Inicial y Primaria","author":"Web del Maestro CMF","date":"23 octubre, 2025","format":false,"excerpt":"El arte de ense\u00f1ar va m\u00e1s all\u00e1 de la mera transmisi\u00f3n de conocimientos; implica la creaci\u00f3n de experiencias de aprendizaje memorables y estimulantes.","rel":"","context":"En \u00abManuales\u00bb","block_context":{"text":"Manuales","link":"https:\/\/webdelmaestrocmf.com\/portal\/category\/pedagogia\/manuales\/"},"img":{"alt_text":"","src":"https:\/\/i0.wp.com\/webdelmaestrocmf.com\/portal\/wp-content\/uploads\/2025\/10\/1A-Banner-1-portada-imagen-10-1-copia-1-5.webp?resize=350%2C200&ssl=1","width":350,"height":200,"srcset":"https:\/\/i0.wp.com\/webdelmaestrocmf.com\/portal\/wp-content\/uploads\/2025\/10\/1A-Banner-1-portada-imagen-10-1-copia-1-5.webp?resize=350%2C200&ssl=1 1x, https:\/\/i0.wp.com\/webdelmaestrocmf.com\/portal\/wp-content\/uploads\/2025\/10\/1A-Banner-1-portada-imagen-10-1-copia-1-5.webp?resize=525%2C300&ssl=1 1.5x, https:\/\/i0.wp.com\/webdelmaestrocmf.com\/portal\/wp-content\/uploads\/2025\/10\/1A-Banner-1-portada-imagen-10-1-copia-1-5.webp?resize=700%2C400&ssl=1 2x"},"classes":[]},{"id":101602,"url":"https:\/\/webdelmaestrocmf.com\/portal\/competencias-del-docente-en-tiempos-de-la-ia\/","url_meta":{"origin":115920,"position":3},"title":"Competencias del docente en tiempos de la IA","author":"Web del Maestro CMF","date":"10 diciembre, 2023","format":false,"excerpt":"La revoluci\u00f3n de la inteligencia artificial ha dejado una marca significativa en la educaci\u00f3n, transformando la forma en que los docentes abordan su labor. En este contexto cambiante, surge la importancia de las competencias del docente, ya que es imperativo que el educador adquiera habilidades espec\u00edficas para mantenerse efectivo. La\u2026","rel":"","context":"En \u00abCompetencias\u00bb","block_context":{"text":"Competencias","link":"https:\/\/webdelmaestrocmf.com\/portal\/category\/pedagogia\/competencias\/"},"img":{"alt_text":"Competencias del docente","src":"https:\/\/i0.wp.com\/webdelmaestrocmf.com\/portal\/wp-content\/uploads\/2023\/12\/A12B3C4D-1-2.jpg?resize=350%2C200&ssl=1","width":350,"height":200,"srcset":"https:\/\/i0.wp.com\/webdelmaestrocmf.com\/portal\/wp-content\/uploads\/2023\/12\/A12B3C4D-1-2.jpg?resize=350%2C200&ssl=1 1x, https:\/\/i0.wp.com\/webdelmaestrocmf.com\/portal\/wp-content\/uploads\/2023\/12\/A12B3C4D-1-2.jpg?resize=525%2C300&ssl=1 1.5x, https:\/\/i0.wp.com\/webdelmaestrocmf.com\/portal\/wp-content\/uploads\/2023\/12\/A12B3C4D-1-2.jpg?resize=700%2C400&ssl=1 2x"},"classes":[]},{"id":118158,"url":"https:\/\/webdelmaestrocmf.com\/portal\/descarga-las-fichas-educativas-de-los-sistemas-del-cuerpo-humano-tres-modelos-y-disenos\/","url_meta":{"origin":115920,"position":4},"title":"Descarga las fichas educativas de los Sistemas del cuerpo humano: tres modelos y dise\u00f1os","author":"Web del Maestro CMF","date":"22 abril, 2026","format":false,"excerpt":"Fichas educativas de los sistemas del cuerpo humano que facilitan la comprensi\u00f3n, promueven el aprendizaje significativo y permiten al docente ahorrar tiempo con material visual, claro y listo para imprimir.","rel":"","context":"En \u00abDescarga\u00bb","block_context":{"text":"Descarga","link":"https:\/\/webdelmaestrocmf.com\/portal\/category\/descarga\/"},"img":{"alt_text":"","src":"https:\/\/i0.wp.com\/webdelmaestrocmf.com\/portal\/wp-content\/uploads\/2026\/04\/1AA-Banner-1-portada-imagen-10-1-copia-33.webp?resize=350%2C200&ssl=1","width":350,"height":200,"srcset":"https:\/\/i0.wp.com\/webdelmaestrocmf.com\/portal\/wp-content\/uploads\/2026\/04\/1AA-Banner-1-portada-imagen-10-1-copia-33.webp?resize=350%2C200&ssl=1 1x, https:\/\/i0.wp.com\/webdelmaestrocmf.com\/portal\/wp-content\/uploads\/2026\/04\/1AA-Banner-1-portada-imagen-10-1-copia-33.webp?resize=525%2C300&ssl=1 1.5x, https:\/\/i0.wp.com\/webdelmaestrocmf.com\/portal\/wp-content\/uploads\/2026\/04\/1AA-Banner-1-portada-imagen-10-1-copia-33.webp?resize=700%2C400&ssl=1 2x, https:\/\/i0.wp.com\/webdelmaestrocmf.com\/portal\/wp-content\/uploads\/2026\/04\/1AA-Banner-1-portada-imagen-10-1-copia-33.webp?resize=1050%2C600&ssl=1 3x"},"classes":[]},{"id":102288,"url":"https:\/\/webdelmaestrocmf.com\/portal\/proyectos-practicos-de-ia-para-la-educacion-primaria\/","url_meta":{"origin":115920,"position":5},"title":"Proyectos pr\u00e1cticos de IA para la Educaci\u00f3n Primaria","author":"Web del Maestro CMF","date":"14 marzo, 2024","format":false,"excerpt":"La integraci\u00f3n de la tecnolog\u00eda es esencial para preparar a los estudiantes para los desaf\u00edos y las oportunidades del futuro. En este sentido, la Inteligencia Artificial (IA) se erige como una de las tecnolog\u00edas m\u00e1s influyentes y transformadoras de nuestra sociedad. Es por eso que quiero compartir con ustedes un\u2026","rel":"","context":"En \u00abIA\u00bb","block_context":{"text":"IA","link":"https:\/\/webdelmaestrocmf.com\/portal\/category\/tecnologia\/ia\/"},"img":{"alt_text":"","src":"https:\/\/i0.wp.com\/webdelmaestrocmf.com\/portal\/wp-content\/uploads\/2024\/01\/Banner-1-portada-imagen-10-1-11.jpg?resize=350%2C200&ssl=1","width":350,"height":200,"srcset":"https:\/\/i0.wp.com\/webdelmaestrocmf.com\/portal\/wp-content\/uploads\/2024\/01\/Banner-1-portada-imagen-10-1-11.jpg?resize=350%2C200&ssl=1 1x, https:\/\/i0.wp.com\/webdelmaestrocmf.com\/portal\/wp-content\/uploads\/2024\/01\/Banner-1-portada-imagen-10-1-11.jpg?resize=525%2C300&ssl=1 1.5x, https:\/\/i0.wp.com\/webdelmaestrocmf.com\/portal\/wp-content\/uploads\/2024\/01\/Banner-1-portada-imagen-10-1-11.jpg?resize=700%2C400&ssl=1 2x"},"classes":[]}],"_links":{"self":[{"href":"https:\/\/webdelmaestrocmf.com\/portal\/wp-json\/wp\/v2\/posts\/115920","targetHints":{"allow":["GET"]}}],"collection":[{"href":"https:\/\/webdelmaestrocmf.com\/portal\/wp-json\/wp\/v2\/posts"}],"about":[{"href":"https:\/\/webdelmaestrocmf.com\/portal\/wp-json\/wp\/v2\/types\/post"}],"author":[{"embeddable":true,"href":"https:\/\/webdelmaestrocmf.com\/portal\/wp-json\/wp\/v2\/users\/1"}],"replies":[{"embeddable":true,"href":"https:\/\/webdelmaestrocmf.com\/portal\/wp-json\/wp\/v2\/comments?post=115920"}],"version-history":[{"count":1,"href":"https:\/\/webdelmaestrocmf.com\/portal\/wp-json\/wp\/v2\/posts\/115920\/revisions"}],"predecessor-version":[{"id":115922,"href":"https:\/\/webdelmaestrocmf.com\/portal\/wp-json\/wp\/v2\/posts\/115920\/revisions\/115922"}],"wp:featuredmedia":[{"embeddable":true,"href":"https:\/\/webdelmaestrocmf.com\/portal\/wp-json\/wp\/v2\/media\/115981"}],"wp:attachment":[{"href":"https:\/\/webdelmaestrocmf.com\/portal\/wp-json\/wp\/v2\/media?parent=115920"}],"wp:term":[{"taxonomy":"category","embeddable":true,"href":"https:\/\/webdelmaestrocmf.com\/portal\/wp-json\/wp\/v2\/categories?post=115920"},{"taxonomy":"post_tag","embeddable":true,"href":"https:\/\/webdelmaestrocmf.com\/portal\/wp-json\/wp\/v2\/tags?post=115920"}],"curies":[{"name":"wp","href":"https:\/\/api.w.org\/{rel}","templated":true}]}}