{"id":115741,"date":"2026-03-07T20:38:14","date_gmt":"2026-03-07T23:38:14","guid":{"rendered":"https:\/\/webdelmaestrocmf.com\/portal\/?p=115741"},"modified":"2026-03-07T20:48:38","modified_gmt":"2026-03-07T23:48:38","slug":"la-importancia-del-acta-de-reunion-docente-una-herramienta-clave-para-la-organizacion-pedagogica","status":"publish","type":"post","link":"https:\/\/webdelmaestrocmf.com\/portal\/la-importancia-del-acta-de-reunion-docente-una-herramienta-clave-para-la-organizacion-pedagogica\/","title":{"rendered":"La importancia del acta de reuni\u00f3n docente: una herramienta clave para la organizaci\u00f3n pedag\u00f3gica"},"content":{"rendered":"\n<p>En muchas instituciones educativas las reuniones docentes se realizan con frecuencia para analizar el avance acad\u00e9mico de los estudiantes, revisar estrategias pedag\u00f3gicas, evaluar dificultades del aula o tomar decisiones institucionales. Sin embargo, cuando esas reuniones no quedan registradas de manera ordenada, muchas de las decisiones, acuerdos y compromisos se pierden con el tiempo. Por esa raz\u00f3n, <strong>el acta de reuni\u00f3n docente se convierte en un documento fundamental para la gesti\u00f3n educativa<\/strong>, ya que permite dejar constancia clara y formal de lo tratado y acordado entre los maestros.<\/p>\n\n\n\n<p>Un acta bien elaborada no solo registra lo que se dijo en una reuni\u00f3n, sino que tambi\u00e9n <strong>organiza la informaci\u00f3n, facilita el seguimiento de acuerdos y fortalece la responsabilidad profesional dentro de la comunidad educativa<\/strong>. Adem\u00e1s, sirve como evidencia institucional ante supervisiones, auditor\u00edas o evaluaciones internas.<\/p>\n\n\n\n<h2 class=\"wp-block-heading\"><strong>\u00bfQu\u00e9 es un acta de reuni\u00f3n docente y por qu\u00e9 es importante?<\/strong><\/h2>\n\n\n\n<p>El acta de reuni\u00f3n docente es un documento oficial en el que se registran los aspectos m\u00e1s relevantes de una reuni\u00f3n entre profesores, coordinadores o directivos. En ella se consignan datos como la fecha, la hora, los participantes, los temas tratados, los acuerdos adoptados y las observaciones finales.<\/p>\n\n\n\n<p>Su importancia radica en que <strong>permite documentar de forma clara las decisiones pedag\u00f3gicas que se toman en la instituci\u00f3n<\/strong>, lo cual es esencial para asegurar continuidad en el trabajo educativo.<\/p>\n\n\n\n<p>Entre sus beneficios m\u00e1s importantes destacan:<\/p>\n\n\n\n<p><strong>Permite dejar constancia formal de las decisiones tomadas por el equipo docente.<\/strong><br><strong>Facilita el seguimiento de acuerdos y compromisos establecidos en reuniones.<\/strong><br><strong>Evita malentendidos o interpretaciones diferentes sobre lo que se acord\u00f3.<\/strong><br><strong>Sirve como respaldo administrativo y pedag\u00f3gico para la instituci\u00f3n.<\/strong><br><strong>Favorece la organizaci\u00f3n y la transparencia en la gesti\u00f3n educativa.<\/strong><\/p>\n\n\n\n<p>En otras palabras, <strong>un acta transforma una conversaci\u00f3n en un registro institucional que gu\u00eda la acci\u00f3n pedag\u00f3gica<\/strong>.<\/p>\n\n\n\n<h2 class=\"wp-block-heading\"><strong>Un instrumento \u00fatil para mejorar la gesti\u00f3n escolar<\/strong><\/h2>\n\n\n\n<p>En la pr\u00e1ctica educativa diaria, los docentes participan en reuniones para analizar temas muy diversos: rendimiento acad\u00e9mico, estrategias de ense\u00f1anza, convivencia escolar, proyectos educativos, evaluaci\u00f3n de aprendizajes o planificaci\u00f3n de actividades institucionales.<\/p>\n\n\n\n<p>Cuando estos encuentros se registran adecuadamente en un acta, <strong>la instituci\u00f3n logra sistematizar la informaci\u00f3n y construir una memoria pedag\u00f3gica del trabajo docente<\/strong>. Esto permite revisar decisiones anteriores, evaluar su impacto y mejorar las estrategias aplicadas.<\/p>\n\n\n\n<p>Adem\u00e1s, el acta ayuda a que <strong>los compromisos asumidos por los docentes no queden solo en palabras, sino que se conviertan en acuerdos claros que pueden ser revisados en reuniones posteriores<\/strong>.<\/p>\n\n\n\n<p>Tambi\u00e9n es un instrumento muy valioso para los directivos y coordinadores, ya que <strong>les permite dar seguimiento al trabajo del equipo docente y fortalecer los procesos de mejora educativa<\/strong>.<\/p>\n\n\n\n<h2 class=\"wp-block-heading\"><strong>Qu\u00e9 debe contener un buen formato de acta docente<\/strong><\/h2>\n\n\n\n<p>Para que el acta cumpla su funci\u00f3n de manera efectiva, es importante que tenga una estructura clara y organizada. Un buen formato de acta docente suele incluir:<\/p>\n\n\n\n<p><strong>Datos generales de la reuni\u00f3n<\/strong>, como el centro educativo, la fecha, la hora y los participantes.<br><strong>Temas tratados<\/strong>, donde se registran los puntos principales discutidos durante la reuni\u00f3n.<br><strong>Acuerdos y decisiones<\/strong>, que sintetizan las conclusiones y compromisos asumidos.<br><strong>Observaciones<\/strong>, donde pueden a\u00f1adirse comentarios relevantes o aspectos pendientes.<br><strong>Firmas de los responsables<\/strong>, que dan validez al documento.<\/p>\n\n\n\n<p>Contar con un formato estructurado facilita mucho el trabajo, porque <strong>permite registrar la informaci\u00f3n de manera r\u00e1pida, ordenada y profesional<\/strong>.<\/p>\n\n\n\n<h2 class=\"wp-block-heading\"><strong>Una herramienta pr\u00e1ctica para el trabajo docente<\/strong><\/h2>\n\n\n\n<p>Muchos docentes saben que las reuniones son necesarias, pero tambi\u00e9n reconocen que a veces resulta dif\u00edcil organizar toda la informaci\u00f3n que se genera en ellas. Por eso, disponer de un formato listo para usar puede ahorrar tiempo y mejorar la calidad de los registros institucionales.<\/p>\n\n\n\n<p>Un formato claro permite que cualquier docente pueda completar el acta sin complicaciones y que la informaci\u00f3n quede organizada de manera uniforme en todas las reuniones.<\/p>\n\n\n\n<p>De esta manera, <strong>la instituci\u00f3n fortalece su cultura de planificaci\u00f3n, seguimiento y evaluaci\u00f3n<\/strong>, elementos esenciales para mejorar la calidad educativa.<\/p>\n\n\n\n<h2 class=\"wp-block-heading\"><strong>Descargue el formato de acta de reuni\u00f3n docente<\/strong><\/h2>\n\n\n\n<p>Pensando en facilitar el trabajo de los maestros y equipos directivos, hemos preparado un <strong>formato profesional de acta de reuni\u00f3n docente en Word<\/strong>, listo para utilizar en cualquier instituci\u00f3n educativa.<\/p>\n\n\n\n<p>Este documento incluye los espacios necesarios para registrar <strong>datos generales, temas tratados, acuerdos, observaciones y firmas<\/strong>, permitiendo elaborar actas claras, ordenadas y con presentaci\u00f3n institucional.<\/p>\n\n\n\n<p>Invitamos a todos los docentes, coordinadores y directivos a <strong>descargar este formato y utilizarlo en sus reuniones pedag\u00f3gicas<\/strong>, ya que puede convertirse en una herramienta muy \u00fatil para mejorar la organizaci\u00f3n y el seguimiento del trabajo educativo.<\/p>\n\n\n\n<iframe loading=\"lazy\" src=\"https:\/\/drive.google.com\/file\/d\/1S9DwbMPtKHe73PgAsfLEJcxxLjojXLvu\/preview\" width=\"100%\" height=\"600\"><\/iframe>\n\n\n\n<p class=\"has-text-align-right\"><strong>Redacci\u00f3n | Web del Maestro CMF<\/strong><\/p>\n\n\n\n<p class=\"has-text-align-center\">MATERIAL DE DESCARGA: <a href=\"https:\/\/drive.google.com\/drive\/folders\/1FAw8J3xq97Iu3w_j-aON1bmp5AResGiR?usp=sharing\" target=\"_blank\" rel=\"noreferrer noopener\">ACTA DE REUNI\u00d3N DOCENTE<\/a><\/p>\n\n\n\n","protected":false},"excerpt":{"rendered":"Un acta bien elaborada no solo registra lo que se dijo en una reuni\u00f3n, sino que tambi\u00e9n organiza la informaci\u00f3n, facilita el seguimiento de acuerdos y fortalece la responsabilidad profesional dentro de la comunidad educativa.","protected":false},"author":1,"featured_media":115744,"comment_status":"open","ping_status":"closed","sticky":false,"template":"","format":"standard","meta":{"csco_display_header_overlay":false,"csco_singular_sidebar":"","csco_page_header_type":"","csco_page_load_nextpost":"","csco_post_video_location":[],"csco_post_video_location_hash":"","csco_post_video_url":"","csco_post_video_bg_start_time":0,"csco_post_video_bg_end_time":0,"csco_post_video_bg_volume":false,"_jetpack_memberships_contains_paid_content":false,"footnotes":""},"categories":[735,25473],"tags":[25475,25474,25476,25126,18260,20418,16626,25477,24506],"class_list":{"0":"post-115741","1":"post","2":"type-post","3":"status-publish","4":"format-standard","5":"has-post-thumbnail","7":"category-pedagogia","8":"category-reuniones","9":"tag-acta-docente","10":"tag-acuerdos-docentes","11":"tag-documentacion-escolar","12":"tag-gestion-educativa-2","13":"tag-liderazgo-educativo","14":"tag-organizacion-escolar","15":"tag-planificacion-educativa","16":"tag-reunion-docente","17":"tag-trabajo-docente","18":"cs-entry","19":"cs-video-wrap"},"yoast_head":"<!-- This site is optimized with the Yoast SEO plugin v27.5 - https:\/\/yoast.com\/product\/yoast-seo-wordpress\/ -->\n<title>La importancia del acta de reuni\u00f3n docente: una herramienta clave para la organizaci\u00f3n pedag\u00f3gica - 2026<\/title>\n<meta name=\"description\" content=\"Por esa raz\u00f3n, el acta de reuni\u00f3n docente se convierte en un documento fundamental para la gesti\u00f3n educativa, ya que permite dejar...\" \/>\n<meta name=\"robots\" content=\"index, follow, max-snippet:-1, max-image-preview:large, max-video-preview:-1\" \/>\n<link rel=\"canonical\" href=\"https:\/\/webdelmaestrocmf.com\/portal\/la-importancia-del-acta-de-reunion-docente-una-herramienta-clave-para-la-organizacion-pedagogica\/\" \/>\n<meta property=\"og:locale\" content=\"es_ES\" \/>\n<meta property=\"og:type\" content=\"article\" \/>\n<meta property=\"og:title\" content=\"La importancia del acta de reuni\u00f3n docente: una herramienta clave para la organizaci\u00f3n pedag\u00f3gica - 2026\" \/>\n<meta property=\"og:description\" content=\"Por esa raz\u00f3n, el acta de reuni\u00f3n docente se convierte en un documento fundamental para la gesti\u00f3n educativa, ya que permite dejar...\" \/>\n<meta property=\"og:url\" content=\"https:\/\/webdelmaestrocmf.com\/portal\/la-importancia-del-acta-de-reunion-docente-una-herramienta-clave-para-la-organizacion-pedagogica\/\" \/>\n<meta property=\"og:site_name\" content=\"Web del Maestro CMF\" \/>\n<meta property=\"article:publisher\" content=\"https:\/\/www.facebook.com\/WebdelMaestroCMF\/\" \/>\n<meta property=\"article:author\" content=\"https:\/\/www.facebook.com\/WebdelMaestroCMF\/\" \/>\n<meta property=\"article:published_time\" content=\"2026-03-07T23:38:14+00:00\" \/>\n<meta property=\"article:modified_time\" content=\"2026-03-07T23:48:38+00:00\" \/>\n<meta property=\"og:image\" content=\"https:\/\/webdelmaestrocmf.com\/portal\/wp-content\/uploads\/2026\/03\/1A-Banner-1-portada-imagen-10-1-copia-3.webp\" \/>\n\t<meta property=\"og:image:width\" content=\"1000\" \/>\n\t<meta property=\"og:image:height\" content=\"667\" \/>\n\t<meta property=\"og:image:type\" content=\"image\/webp\" \/>\n<meta name=\"author\" content=\"Web del Maestro CMF\" \/>\n<meta name=\"twitter:card\" content=\"summary_large_image\" \/>\n<meta name=\"twitter:creator\" content=\"@cmf_w\" \/>\n<meta name=\"twitter:site\" content=\"@cmf_w\" \/>\n<script type=\"application\/ld+json\" class=\"yoast-schema-graph\">{\"@context\":\"https:\\\/\\\/schema.org\",\"@graph\":[{\"@type\":\"ScholarlyArticle\",\"@id\":\"https:\\\/\\\/webdelmaestrocmf.com\\\/portal\\\/la-importancia-del-acta-de-reunion-docente-una-herramienta-clave-para-la-organizacion-pedagogica\\\/#article\",\"isPartOf\":{\"@id\":\"https:\\\/\\\/webdelmaestrocmf.com\\\/portal\\\/la-importancia-del-acta-de-reunion-docente-una-herramienta-clave-para-la-organizacion-pedagogica\\\/\"},\"author\":{\"name\":\"Web del Maestro CMF\",\"@id\":\"https:\\\/\\\/webdelmaestrocmf.com\\\/portal\\\/#\\\/schema\\\/person\\\/1072a2ed7bd960df8ef99a551fa35dc5\"},\"headline\":\"La importancia del acta de reuni\u00f3n docente: una herramienta clave para la organizaci\u00f3n pedag\u00f3gica\",\"datePublished\":\"2026-03-07T23:38:14+00:00\",\"dateModified\":\"2026-03-07T23:48:38+00:00\",\"mainEntityOfPage\":{\"@id\":\"https:\\\/\\\/webdelmaestrocmf.com\\\/portal\\\/la-importancia-del-acta-de-reunion-docente-una-herramienta-clave-para-la-organizacion-pedagogica\\\/\"},\"wordCount\":833,\"commentCount\":0,\"publisher\":{\"@id\":\"https:\\\/\\\/webdelmaestrocmf.com\\\/portal\\\/#organization\"},\"image\":{\"@id\":\"https:\\\/\\\/webdelmaestrocmf.com\\\/portal\\\/la-importancia-del-acta-de-reunion-docente-una-herramienta-clave-para-la-organizacion-pedagogica\\\/#primaryimage\"},\"thumbnailUrl\":\"https:\\\/\\\/webdelmaestrocmf.com\\\/portal\\\/wp-content\\\/uploads\\\/2026\\\/03\\\/1A-Banner-1-portada-imagen-10-1-copia-3.webp\",\"keywords\":[\"acta docente\",\"acuerdos docentes\",\"documentaci\u00f3n escolar\",\"gesti\u00f3n educativa\",\"Liderazgo educativo\",\"Organizaci\u00f3n escolar\",\"planificaci\u00f3n educativa\",\"reuni\u00f3n docente\",\"trabajo docente\"],\"articleSection\":[\"Recursos\",\"Reuniones\"],\"inLanguage\":\"es\",\"potentialAction\":[{\"@type\":\"CommentAction\",\"name\":\"Comment\",\"target\":[\"https:\\\/\\\/webdelmaestrocmf.com\\\/portal\\\/la-importancia-del-acta-de-reunion-docente-una-herramienta-clave-para-la-organizacion-pedagogica\\\/#respond\"]}]},{\"@type\":\"WebPage\",\"@id\":\"https:\\\/\\\/webdelmaestrocmf.com\\\/portal\\\/la-importancia-del-acta-de-reunion-docente-una-herramienta-clave-para-la-organizacion-pedagogica\\\/\",\"url\":\"https:\\\/\\\/webdelmaestrocmf.com\\\/portal\\\/la-importancia-del-acta-de-reunion-docente-una-herramienta-clave-para-la-organizacion-pedagogica\\\/\",\"name\":\"La importancia del acta de reuni\u00f3n docente: una herramienta clave para la organizaci\u00f3n pedag\u00f3gica - 2026\",\"isPartOf\":{\"@id\":\"https:\\\/\\\/webdelmaestrocmf.com\\\/portal\\\/#website\"},\"primaryImageOfPage\":{\"@id\":\"https:\\\/\\\/webdelmaestrocmf.com\\\/portal\\\/la-importancia-del-acta-de-reunion-docente-una-herramienta-clave-para-la-organizacion-pedagogica\\\/#primaryimage\"},\"image\":{\"@id\":\"https:\\\/\\\/webdelmaestrocmf.com\\\/portal\\\/la-importancia-del-acta-de-reunion-docente-una-herramienta-clave-para-la-organizacion-pedagogica\\\/#primaryimage\"},\"thumbnailUrl\":\"https:\\\/\\\/webdelmaestrocmf.com\\\/portal\\\/wp-content\\\/uploads\\\/2026\\\/03\\\/1A-Banner-1-portada-imagen-10-1-copia-3.webp\",\"datePublished\":\"2026-03-07T23:38:14+00:00\",\"dateModified\":\"2026-03-07T23:48:38+00:00\",\"description\":\"Por esa raz\u00f3n, el acta de reuni\u00f3n docente se convierte en un documento fundamental para la gesti\u00f3n educativa, ya que permite dejar...\",\"breadcrumb\":{\"@id\":\"https:\\\/\\\/webdelmaestrocmf.com\\\/portal\\\/la-importancia-del-acta-de-reunion-docente-una-herramienta-clave-para-la-organizacion-pedagogica\\\/#breadcrumb\"},\"inLanguage\":\"es\",\"potentialAction\":[{\"@type\":\"ReadAction\",\"target\":[\"https:\\\/\\\/webdelmaestrocmf.com\\\/portal\\\/la-importancia-del-acta-de-reunion-docente-una-herramienta-clave-para-la-organizacion-pedagogica\\\/\"]}]},{\"@type\":\"ImageObject\",\"inLanguage\":\"es\",\"@id\":\"https:\\\/\\\/webdelmaestrocmf.com\\\/portal\\\/la-importancia-del-acta-de-reunion-docente-una-herramienta-clave-para-la-organizacion-pedagogica\\\/#primaryimage\",\"url\":\"https:\\\/\\\/webdelmaestrocmf.com\\\/portal\\\/wp-content\\\/uploads\\\/2026\\\/03\\\/1A-Banner-1-portada-imagen-10-1-copia-3.webp\",\"contentUrl\":\"https:\\\/\\\/webdelmaestrocmf.com\\\/portal\\\/wp-content\\\/uploads\\\/2026\\\/03\\\/1A-Banner-1-portada-imagen-10-1-copia-3.webp\",\"width\":1000,\"height\":667},{\"@type\":\"BreadcrumbList\",\"@id\":\"https:\\\/\\\/webdelmaestrocmf.com\\\/portal\\\/la-importancia-del-acta-de-reunion-docente-una-herramienta-clave-para-la-organizacion-pedagogica\\\/#breadcrumb\",\"itemListElement\":[{\"@type\":\"ListItem\",\"position\":1,\"name\":\"Portada\",\"item\":\"https:\\\/\\\/webdelmaestrocmf.com\\\/portal\\\/\"},{\"@type\":\"ListItem\",\"position\":2,\"name\":\"Recursos\",\"item\":\"https:\\\/\\\/webdelmaestrocmf.com\\\/portal\\\/category\\\/pedagogia\\\/\"},{\"@type\":\"ListItem\",\"position\":3,\"name\":\"La importancia del acta de reuni\u00f3n docente: una herramienta clave para la organizaci\u00f3n pedag\u00f3gica\"}]},{\"@type\":\"WebSite\",\"@id\":\"https:\\\/\\\/webdelmaestrocmf.com\\\/portal\\\/#website\",\"url\":\"https:\\\/\\\/webdelmaestrocmf.com\\\/portal\\\/\",\"name\":\"Web del Maestro CMF\",\"description\":\"Maestros al servicio de la educaci\u00f3n\",\"publisher\":{\"@id\":\"https:\\\/\\\/webdelmaestrocmf.com\\\/portal\\\/#organization\"},\"alternateName\":\"WMCMF\",\"potentialAction\":[{\"@type\":\"SearchAction\",\"target\":{\"@type\":\"EntryPoint\",\"urlTemplate\":\"https:\\\/\\\/webdelmaestrocmf.com\\\/portal\\\/?s={search_term_string}\"},\"query-input\":{\"@type\":\"PropertyValueSpecification\",\"valueRequired\":true,\"valueName\":\"search_term_string\"}}],\"inLanguage\":\"es\"},{\"@type\":\"Organization\",\"@id\":\"https:\\\/\\\/webdelmaestrocmf.com\\\/portal\\\/#organization\",\"name\":\"Web del Maestro CMF\",\"alternateName\":\"WMCMF\",\"url\":\"https:\\\/\\\/webdelmaestrocmf.com\\\/portal\\\/\",\"logo\":{\"@type\":\"ImageObject\",\"inLanguage\":\"es\",\"@id\":\"https:\\\/\\\/webdelmaestrocmf.com\\\/portal\\\/#\\\/schema\\\/logo\\\/image\\\/\",\"url\":\"https:\\\/\\\/webdelmaestrocmf.com\\\/portal\\\/wp-content\\\/uploads\\\/2023\\\/01\\\/logo-wmcmf-2.png\",\"contentUrl\":\"https:\\\/\\\/webdelmaestrocmf.com\\\/portal\\\/wp-content\\\/uploads\\\/2023\\\/01\\\/logo-wmcmf-2.png\",\"width\":200,\"height\":60,\"caption\":\"Web del Maestro CMF\"},\"image\":{\"@id\":\"https:\\\/\\\/webdelmaestrocmf.com\\\/portal\\\/#\\\/schema\\\/logo\\\/image\\\/\"},\"sameAs\":[\"https:\\\/\\\/www.facebook.com\\\/WebdelMaestroCMF\\\/\",\"https:\\\/\\\/x.com\\\/cmf_w\",\"https:\\\/\\\/www.pinterest.com\\\/WMCMF\\\/\",\"https:\\\/\\\/www.linkedin.com\\\/company\\\/web-del-maestro-cmf\\\/\",\"https:\\\/\\\/www.instagram.com\\\/wmcmf\\\/\",\"https:\\\/\\\/www.youtube.com\\\/channel\\\/UCDPSvjbdodE5sHnC3OxutHw\",\"https:\\\/\\\/mastodon.social\\\/@wmcmf\",\"https:\\\/\\\/www.tiktok.com\\\/@webdelmaestrocmf\"]},{\"@type\":\"Person\",\"@id\":\"https:\\\/\\\/webdelmaestrocmf.com\\\/portal\\\/#\\\/schema\\\/person\\\/1072a2ed7bd960df8ef99a551fa35dc5\",\"name\":\"Web del Maestro CMF\",\"image\":{\"@type\":\"ImageObject\",\"inLanguage\":\"es\",\"@id\":\"https:\\\/\\\/secure.gravatar.com\\\/avatar\\\/23291dd5b5ae1077dcff3dbb04c3e02bd28403fa75af6d8787d5e97c5bbbe30b?s=96&d=mm&r=g\",\"url\":\"https:\\\/\\\/secure.gravatar.com\\\/avatar\\\/23291dd5b5ae1077dcff3dbb04c3e02bd28403fa75af6d8787d5e97c5bbbe30b?s=96&d=mm&r=g\",\"contentUrl\":\"https:\\\/\\\/secure.gravatar.com\\\/avatar\\\/23291dd5b5ae1077dcff3dbb04c3e02bd28403fa75af6d8787d5e97c5bbbe30b?s=96&d=mm&r=g\",\"caption\":\"Web del Maestro CMF\"},\"description\":\"Esta Web se cre\u00f3 sin fines de lucro, con fines educativos, cient\u00edficos y acad\u00e9micos, para personas que tengan dificultades y\\\/o inconvenientes en visualizar el material original. El objetivo es entregar recursos, compartir experiencias y materiales que ayuden a los padres de familia, maestros y estudiantes en su actualizaci\u00f3n y formaci\u00f3n permanente, en bien de la Educaci\u00f3n.\",\"sameAs\":[\"http:\\\/\\\/webdelmaestrocmf.com\\\/portal\",\"https:\\\/\\\/www.facebook.com\\\/WebdelMaestroCMF\\\/\",\"https:\\\/\\\/www.instagram.com\\\/wmcmf\\\/\",\"https:\\\/\\\/cl.linkedin.com\\\/company\\\/web-del-maestro-cmf\",\"https:\\\/\\\/www.pinterest.com\\\/WMCMF\\\/publicaciones\\\/\",\"https:\\\/\\\/x.com\\\/cmf_w\",\"https:\\\/\\\/www.youtube.com\\\/@WMCMF\"]}]}<\/script>\n<!-- \/ Yoast SEO plugin. -->","yoast_head_json":{"title":"La importancia del acta de reuni\u00f3n docente: una herramienta clave para la organizaci\u00f3n pedag\u00f3gica - 2026","description":"Por esa raz\u00f3n, el acta de reuni\u00f3n docente se convierte en un documento fundamental para la gesti\u00f3n educativa, ya que permite dejar...","robots":{"index":"index","follow":"follow","max-snippet":"max-snippet:-1","max-image-preview":"max-image-preview:large","max-video-preview":"max-video-preview:-1"},"canonical":"https:\/\/webdelmaestrocmf.com\/portal\/la-importancia-del-acta-de-reunion-docente-una-herramienta-clave-para-la-organizacion-pedagogica\/","og_locale":"es_ES","og_type":"article","og_title":"La importancia del acta de reuni\u00f3n docente: una herramienta clave para la organizaci\u00f3n pedag\u00f3gica - 2026","og_description":"Por esa raz\u00f3n, el acta de reuni\u00f3n docente se convierte en un documento fundamental para la gesti\u00f3n educativa, ya que permite dejar...","og_url":"https:\/\/webdelmaestrocmf.com\/portal\/la-importancia-del-acta-de-reunion-docente-una-herramienta-clave-para-la-organizacion-pedagogica\/","og_site_name":"Web del Maestro CMF","article_publisher":"https:\/\/www.facebook.com\/WebdelMaestroCMF\/","article_author":"https:\/\/www.facebook.com\/WebdelMaestroCMF\/","article_published_time":"2026-03-07T23:38:14+00:00","article_modified_time":"2026-03-07T23:48:38+00:00","og_image":[{"width":1000,"height":667,"url":"https:\/\/webdelmaestrocmf.com\/portal\/wp-content\/uploads\/2026\/03\/1A-Banner-1-portada-imagen-10-1-copia-3.webp","type":"image\/webp"}],"author":"Web del Maestro CMF","twitter_card":"summary_large_image","twitter_creator":"@cmf_w","twitter_site":"@cmf_w","schema":{"@context":"https:\/\/schema.org","@graph":[{"@type":"ScholarlyArticle","@id":"https:\/\/webdelmaestrocmf.com\/portal\/la-importancia-del-acta-de-reunion-docente-una-herramienta-clave-para-la-organizacion-pedagogica\/#article","isPartOf":{"@id":"https:\/\/webdelmaestrocmf.com\/portal\/la-importancia-del-acta-de-reunion-docente-una-herramienta-clave-para-la-organizacion-pedagogica\/"},"author":{"name":"Web del Maestro CMF","@id":"https:\/\/webdelmaestrocmf.com\/portal\/#\/schema\/person\/1072a2ed7bd960df8ef99a551fa35dc5"},"headline":"La importancia del acta de reuni\u00f3n docente: una herramienta clave para la organizaci\u00f3n pedag\u00f3gica","datePublished":"2026-03-07T23:38:14+00:00","dateModified":"2026-03-07T23:48:38+00:00","mainEntityOfPage":{"@id":"https:\/\/webdelmaestrocmf.com\/portal\/la-importancia-del-acta-de-reunion-docente-una-herramienta-clave-para-la-organizacion-pedagogica\/"},"wordCount":833,"commentCount":0,"publisher":{"@id":"https:\/\/webdelmaestrocmf.com\/portal\/#organization"},"image":{"@id":"https:\/\/webdelmaestrocmf.com\/portal\/la-importancia-del-acta-de-reunion-docente-una-herramienta-clave-para-la-organizacion-pedagogica\/#primaryimage"},"thumbnailUrl":"https:\/\/webdelmaestrocmf.com\/portal\/wp-content\/uploads\/2026\/03\/1A-Banner-1-portada-imagen-10-1-copia-3.webp","keywords":["acta docente","acuerdos docentes","documentaci\u00f3n escolar","gesti\u00f3n educativa","Liderazgo educativo","Organizaci\u00f3n escolar","planificaci\u00f3n educativa","reuni\u00f3n docente","trabajo docente"],"articleSection":["Recursos","Reuniones"],"inLanguage":"es","potentialAction":[{"@type":"CommentAction","name":"Comment","target":["https:\/\/webdelmaestrocmf.com\/portal\/la-importancia-del-acta-de-reunion-docente-una-herramienta-clave-para-la-organizacion-pedagogica\/#respond"]}]},{"@type":"WebPage","@id":"https:\/\/webdelmaestrocmf.com\/portal\/la-importancia-del-acta-de-reunion-docente-una-herramienta-clave-para-la-organizacion-pedagogica\/","url":"https:\/\/webdelmaestrocmf.com\/portal\/la-importancia-del-acta-de-reunion-docente-una-herramienta-clave-para-la-organizacion-pedagogica\/","name":"La importancia del acta de reuni\u00f3n docente: una herramienta clave para la organizaci\u00f3n pedag\u00f3gica - 2026","isPartOf":{"@id":"https:\/\/webdelmaestrocmf.com\/portal\/#website"},"primaryImageOfPage":{"@id":"https:\/\/webdelmaestrocmf.com\/portal\/la-importancia-del-acta-de-reunion-docente-una-herramienta-clave-para-la-organizacion-pedagogica\/#primaryimage"},"image":{"@id":"https:\/\/webdelmaestrocmf.com\/portal\/la-importancia-del-acta-de-reunion-docente-una-herramienta-clave-para-la-organizacion-pedagogica\/#primaryimage"},"thumbnailUrl":"https:\/\/webdelmaestrocmf.com\/portal\/wp-content\/uploads\/2026\/03\/1A-Banner-1-portada-imagen-10-1-copia-3.webp","datePublished":"2026-03-07T23:38:14+00:00","dateModified":"2026-03-07T23:48:38+00:00","description":"Por esa raz\u00f3n, el acta de reuni\u00f3n docente se convierte en un documento fundamental para la gesti\u00f3n educativa, ya que permite dejar...","breadcrumb":{"@id":"https:\/\/webdelmaestrocmf.com\/portal\/la-importancia-del-acta-de-reunion-docente-una-herramienta-clave-para-la-organizacion-pedagogica\/#breadcrumb"},"inLanguage":"es","potentialAction":[{"@type":"ReadAction","target":["https:\/\/webdelmaestrocmf.com\/portal\/la-importancia-del-acta-de-reunion-docente-una-herramienta-clave-para-la-organizacion-pedagogica\/"]}]},{"@type":"ImageObject","inLanguage":"es","@id":"https:\/\/webdelmaestrocmf.com\/portal\/la-importancia-del-acta-de-reunion-docente-una-herramienta-clave-para-la-organizacion-pedagogica\/#primaryimage","url":"https:\/\/webdelmaestrocmf.com\/portal\/wp-content\/uploads\/2026\/03\/1A-Banner-1-portada-imagen-10-1-copia-3.webp","contentUrl":"https:\/\/webdelmaestrocmf.com\/portal\/wp-content\/uploads\/2026\/03\/1A-Banner-1-portada-imagen-10-1-copia-3.webp","width":1000,"height":667},{"@type":"BreadcrumbList","@id":"https:\/\/webdelmaestrocmf.com\/portal\/la-importancia-del-acta-de-reunion-docente-una-herramienta-clave-para-la-organizacion-pedagogica\/#breadcrumb","itemListElement":[{"@type":"ListItem","position":1,"name":"Portada","item":"https:\/\/webdelmaestrocmf.com\/portal\/"},{"@type":"ListItem","position":2,"name":"Recursos","item":"https:\/\/webdelmaestrocmf.com\/portal\/category\/pedagogia\/"},{"@type":"ListItem","position":3,"name":"La importancia del acta de reuni\u00f3n docente: una herramienta clave para la organizaci\u00f3n pedag\u00f3gica"}]},{"@type":"WebSite","@id":"https:\/\/webdelmaestrocmf.com\/portal\/#website","url":"https:\/\/webdelmaestrocmf.com\/portal\/","name":"Web del Maestro CMF","description":"Maestros al servicio de la educaci\u00f3n","publisher":{"@id":"https:\/\/webdelmaestrocmf.com\/portal\/#organization"},"alternateName":"WMCMF","potentialAction":[{"@type":"SearchAction","target":{"@type":"EntryPoint","urlTemplate":"https:\/\/webdelmaestrocmf.com\/portal\/?s={search_term_string}"},"query-input":{"@type":"PropertyValueSpecification","valueRequired":true,"valueName":"search_term_string"}}],"inLanguage":"es"},{"@type":"Organization","@id":"https:\/\/webdelmaestrocmf.com\/portal\/#organization","name":"Web del Maestro CMF","alternateName":"WMCMF","url":"https:\/\/webdelmaestrocmf.com\/portal\/","logo":{"@type":"ImageObject","inLanguage":"es","@id":"https:\/\/webdelmaestrocmf.com\/portal\/#\/schema\/logo\/image\/","url":"https:\/\/webdelmaestrocmf.com\/portal\/wp-content\/uploads\/2023\/01\/logo-wmcmf-2.png","contentUrl":"https:\/\/webdelmaestrocmf.com\/portal\/wp-content\/uploads\/2023\/01\/logo-wmcmf-2.png","width":200,"height":60,"caption":"Web del Maestro CMF"},"image":{"@id":"https:\/\/webdelmaestrocmf.com\/portal\/#\/schema\/logo\/image\/"},"sameAs":["https:\/\/www.facebook.com\/WebdelMaestroCMF\/","https:\/\/x.com\/cmf_w","https:\/\/www.pinterest.com\/WMCMF\/","https:\/\/www.linkedin.com\/company\/web-del-maestro-cmf\/","https:\/\/www.instagram.com\/wmcmf\/","https:\/\/www.youtube.com\/channel\/UCDPSvjbdodE5sHnC3OxutHw","https:\/\/mastodon.social\/@wmcmf","https:\/\/www.tiktok.com\/@webdelmaestrocmf"]},{"@type":"Person","@id":"https:\/\/webdelmaestrocmf.com\/portal\/#\/schema\/person\/1072a2ed7bd960df8ef99a551fa35dc5","name":"Web del Maestro CMF","image":{"@type":"ImageObject","inLanguage":"es","@id":"https:\/\/secure.gravatar.com\/avatar\/23291dd5b5ae1077dcff3dbb04c3e02bd28403fa75af6d8787d5e97c5bbbe30b?s=96&d=mm&r=g","url":"https:\/\/secure.gravatar.com\/avatar\/23291dd5b5ae1077dcff3dbb04c3e02bd28403fa75af6d8787d5e97c5bbbe30b?s=96&d=mm&r=g","contentUrl":"https:\/\/secure.gravatar.com\/avatar\/23291dd5b5ae1077dcff3dbb04c3e02bd28403fa75af6d8787d5e97c5bbbe30b?s=96&d=mm&r=g","caption":"Web del Maestro CMF"},"description":"Esta Web se cre\u00f3 sin fines de lucro, con fines educativos, cient\u00edficos y acad\u00e9micos, para personas que tengan dificultades y\/o inconvenientes en visualizar el material original. El objetivo es entregar recursos, compartir experiencias y materiales que ayuden a los padres de familia, maestros y estudiantes en su actualizaci\u00f3n y formaci\u00f3n permanente, en bien de la Educaci\u00f3n.","sameAs":["http:\/\/webdelmaestrocmf.com\/portal","https:\/\/www.facebook.com\/WebdelMaestroCMF\/","https:\/\/www.instagram.com\/wmcmf\/","https:\/\/cl.linkedin.com\/company\/web-del-maestro-cmf","https:\/\/www.pinterest.com\/WMCMF\/publicaciones\/","https:\/\/x.com\/cmf_w","https:\/\/www.youtube.com\/@WMCMF"]}]}},"jetpack_featured_media_url":"https:\/\/webdelmaestrocmf.com\/portal\/wp-content\/uploads\/2026\/03\/1A-Banner-1-portada-imagen-10-1-copia-3.webp","jetpack_sharing_enabled":true,"jetpack-related-posts":[{"id":117144,"url":"https:\/\/webdelmaestrocmf.com\/portal\/el-valor-de-las-fichas-educativas-en-la-gestion-docente-y-el-seguimiento-integral-del-estudiante\/","url_meta":{"origin":115741,"position":0},"title":"El valor de las fichas educativas en la gesti\u00f3n docente y el seguimiento integral del estudiante","author":"Web del Maestro CMF","date":"30 marzo, 2026","format":false,"excerpt":"Las fichas educativas permiten organizar, evidenciar y mejorar el seguimiento del estudiante y la gesti\u00f3n docente, facilitando decisiones pedag\u00f3gicas oportunas, fortaleciendo la comunicaci\u00f3n con las familias y promoviendo la responsabilidad compartida.","rel":"","context":"En \u00abDescarga\u00bb","block_context":{"text":"Descarga","link":"https:\/\/webdelmaestrocmf.com\/portal\/category\/descarga\/"},"img":{"alt_text":"","src":"https:\/\/i0.wp.com\/webdelmaestrocmf.com\/portal\/wp-content\/uploads\/2026\/03\/1AA-Banner-1-portada-imagen-10-1-copia-1-5.webp?resize=350%2C200&ssl=1","width":350,"height":200,"srcset":"https:\/\/i0.wp.com\/webdelmaestrocmf.com\/portal\/wp-content\/uploads\/2026\/03\/1AA-Banner-1-portada-imagen-10-1-copia-1-5.webp?resize=350%2C200&ssl=1 1x, https:\/\/i0.wp.com\/webdelmaestrocmf.com\/portal\/wp-content\/uploads\/2026\/03\/1AA-Banner-1-portada-imagen-10-1-copia-1-5.webp?resize=525%2C300&ssl=1 1.5x, https:\/\/i0.wp.com\/webdelmaestrocmf.com\/portal\/wp-content\/uploads\/2026\/03\/1AA-Banner-1-portada-imagen-10-1-copia-1-5.webp?resize=700%2C400&ssl=1 2x, https:\/\/i0.wp.com\/webdelmaestrocmf.com\/portal\/wp-content\/uploads\/2026\/03\/1AA-Banner-1-portada-imagen-10-1-copia-1-5.webp?resize=1050%2C600&ssl=1 3x"},"classes":[]},{"id":117671,"url":"https:\/\/webdelmaestrocmf.com\/portal\/descarga-el-registro-de-asistencia-y-notas-editables-para-docentes\/","url_meta":{"origin":115741,"position":1},"title":"Descarga el registro de asistencia y notas editables para docentes","author":"Web del Maestro CMF","date":"12 abril, 2026","format":false,"excerpt":"La lista de asistencia es una herramienta pedag\u00f3gica clave que permite monitorear la participaci\u00f3n, detectar riesgos, mejorar la planificaci\u00f3n y fortalecer el seguimiento del aprendizaje y compromiso de los estudiantes.","rel":"","context":"En \u00abDescargas Manuales PDF\u00bb","block_context":{"text":"Descargas Manuales PDF","link":"https:\/\/webdelmaestrocmf.com\/portal\/category\/pedagogia\/descargas-manuales-pdf\/"},"img":{"alt_text":"","src":"https:\/\/i0.wp.com\/webdelmaestrocmf.com\/portal\/wp-content\/uploads\/2026\/04\/1AA-Banner-1-portada-imagen-10-1-copia-7-2.webp?resize=350%2C200&ssl=1","width":350,"height":200,"srcset":"https:\/\/i0.wp.com\/webdelmaestrocmf.com\/portal\/wp-content\/uploads\/2026\/04\/1AA-Banner-1-portada-imagen-10-1-copia-7-2.webp?resize=350%2C200&ssl=1 1x, https:\/\/i0.wp.com\/webdelmaestrocmf.com\/portal\/wp-content\/uploads\/2026\/04\/1AA-Banner-1-portada-imagen-10-1-copia-7-2.webp?resize=525%2C300&ssl=1 1.5x, https:\/\/i0.wp.com\/webdelmaestrocmf.com\/portal\/wp-content\/uploads\/2026\/04\/1AA-Banner-1-portada-imagen-10-1-copia-7-2.webp?resize=700%2C400&ssl=1 2x, https:\/\/i0.wp.com\/webdelmaestrocmf.com\/portal\/wp-content\/uploads\/2026\/04\/1AA-Banner-1-portada-imagen-10-1-copia-7-2.webp?resize=1050%2C600&ssl=1 3x"},"classes":[]},{"id":115155,"url":"https:\/\/webdelmaestrocmf.com\/portal\/agenda-diaria-semanal-y-mensual-para-maestros-una-herramienta-clave-para-organizar-la-labor-docente\/","url_meta":{"origin":115741,"position":2},"title":"Agenda diaria, semanal y mensual para maestros: una herramienta clave para organizar la labor docente","author":"Web del Maestro CMF","date":"5 febrero, 2026","format":false,"excerpt":"Agenda docente gratuita en PDF y Word para planificar, organizar el tiempo, registrar tareas y mejorar la gesti\u00f3n pedag\u00f3gica diaria.","rel":"","context":"En \u00abDescarga\u00bb","block_context":{"text":"Descarga","link":"https:\/\/webdelmaestrocmf.com\/portal\/category\/descarga\/"},"img":{"alt_text":"","src":"https:\/\/i0.wp.com\/webdelmaestrocmf.com\/portal\/wp-content\/uploads\/2026\/02\/1AA-Banner-1-portada-imagen-10-1-copia-21.webp?resize=350%2C200&ssl=1","width":350,"height":200,"srcset":"https:\/\/i0.wp.com\/webdelmaestrocmf.com\/portal\/wp-content\/uploads\/2026\/02\/1AA-Banner-1-portada-imagen-10-1-copia-21.webp?resize=350%2C200&ssl=1 1x, https:\/\/i0.wp.com\/webdelmaestrocmf.com\/portal\/wp-content\/uploads\/2026\/02\/1AA-Banner-1-portada-imagen-10-1-copia-21.webp?resize=525%2C300&ssl=1 1.5x, https:\/\/i0.wp.com\/webdelmaestrocmf.com\/portal\/wp-content\/uploads\/2026\/02\/1AA-Banner-1-portada-imagen-10-1-copia-21.webp?resize=700%2C400&ssl=1 2x, https:\/\/i0.wp.com\/webdelmaestrocmf.com\/portal\/wp-content\/uploads\/2026\/02\/1AA-Banner-1-portada-imagen-10-1-copia-21.webp?resize=1050%2C600&ssl=1 3x"},"classes":[]},{"id":114761,"url":"https:\/\/webdelmaestrocmf.com\/portal\/descarga-el-calendario-escolar-sep-2025-2026-una-herramienta-clave-para-la-organizacion-docente-y-escolar\/","url_meta":{"origin":115741,"position":3},"title":"Descarga el Calendario Escolar SEP 2025-2026: una herramienta clave para la organizaci\u00f3n docente y escolar","author":"Web del Maestro CMF","date":"14 enero, 2026","format":false,"excerpt":"Herramienta editable y gratuita que organiza fechas clave, reduce carga docente y facilita una planificaci\u00f3n escolar clara y eficiente oficial.","rel":"","context":"En \u00abCalendario\u00bb","block_context":{"text":"Calendario","link":"https:\/\/webdelmaestrocmf.com\/portal\/category\/pedagogia\/calendario\/"},"img":{"alt_text":"","src":"https:\/\/i0.wp.com\/webdelmaestrocmf.com\/portal\/wp-content\/uploads\/2026\/01\/1A-Banner-1-portada-imagen-10-1-copia-1.jpg?resize=350%2C200&ssl=1","width":350,"height":200,"srcset":"https:\/\/i0.wp.com\/webdelmaestrocmf.com\/portal\/wp-content\/uploads\/2026\/01\/1A-Banner-1-portada-imagen-10-1-copia-1.jpg?resize=350%2C200&ssl=1 1x, https:\/\/i0.wp.com\/webdelmaestrocmf.com\/portal\/wp-content\/uploads\/2026\/01\/1A-Banner-1-portada-imagen-10-1-copia-1.jpg?resize=525%2C300&ssl=1 1.5x, https:\/\/i0.wp.com\/webdelmaestrocmf.com\/portal\/wp-content\/uploads\/2026\/01\/1A-Banner-1-portada-imagen-10-1-copia-1.jpg?resize=700%2C400&ssl=1 2x"},"classes":[]},{"id":102218,"url":"https:\/\/webdelmaestrocmf.com\/portal\/agenda-para-docentes-del-2024\/","url_meta":{"origin":115741,"position":4},"title":"Agenda para docentes del 2024","author":"Web del Maestro CMF","date":"7 febrero, 2024","format":false,"excerpt":"El inicio de un nuevo a\u00f1o acad\u00e9mico trae consigo la oportunidad de renovar y mejorar nuestras pr\u00e1cticas docentes. Para garantizar una gesti\u00f3n eficiente del tiempo y un desempe\u00f1o efectivo en el aula, es esencial contar con una agenda bien estructurada. En este art\u00edculo, exploraremos detalladamente la Agenda 2024 para Docentes,\u2026","rel":"","context":"En \u00abAgenda\u00bb","block_context":{"text":"Agenda","link":"https:\/\/webdelmaestrocmf.com\/portal\/category\/pedagogia\/agenda\/"},"img":{"alt_text":"Agenda para docentes del 2024","src":"https:\/\/i0.wp.com\/webdelmaestrocmf.com\/portal\/wp-content\/uploads\/2024\/01\/Banner-1-portada-imagen-10-3-1.jpg?resize=350%2C200&ssl=1","width":350,"height":200,"srcset":"https:\/\/i0.wp.com\/webdelmaestrocmf.com\/portal\/wp-content\/uploads\/2024\/01\/Banner-1-portada-imagen-10-3-1.jpg?resize=350%2C200&ssl=1 1x, https:\/\/i0.wp.com\/webdelmaestrocmf.com\/portal\/wp-content\/uploads\/2024\/01\/Banner-1-portada-imagen-10-3-1.jpg?resize=525%2C300&ssl=1 1.5x, https:\/\/i0.wp.com\/webdelmaestrocmf.com\/portal\/wp-content\/uploads\/2024\/01\/Banner-1-portada-imagen-10-3-1.jpg?resize=700%2C400&ssl=1 2x"},"classes":[]},{"id":114580,"url":"https:\/\/webdelmaestrocmf.com\/portal\/descarga-la-agenda-digital-2026-para-docentes-funciona-en-cualquier-dispositivo-movil-y-facilita-la-planificacion-el-orden-y-el-enfoque-pedagogico\/","url_meta":{"origin":115741,"position":5},"title":"Descarga la agenda digital 2026 para docentes: funciona en cualquier dispositivo m\u00f3vil y facilita la planificaci\u00f3n, el orden y el enfoque pedag\u00f3gico","author":"Web del Maestro CMF","date":"6 enero, 2026","format":false,"excerpt":"Agenda digital para docentes que organiza el tiempo, mejora la planificaci\u00f3n pedag\u00f3gica y reduce la carga mental diaria del aula.","rel":"","context":"En \u00abAgenda\u00bb","block_context":{"text":"Agenda","link":"https:\/\/webdelmaestrocmf.com\/portal\/category\/pedagogia\/agenda\/"},"img":{"alt_text":"","src":"https:\/\/i0.wp.com\/webdelmaestrocmf.com\/portal\/wp-content\/uploads\/2026\/01\/1A-Banner-1-portada-imagen-10-1-copia-6.webp?resize=350%2C200&ssl=1","width":350,"height":200,"srcset":"https:\/\/i0.wp.com\/webdelmaestrocmf.com\/portal\/wp-content\/uploads\/2026\/01\/1A-Banner-1-portada-imagen-10-1-copia-6.webp?resize=350%2C200&ssl=1 1x, https:\/\/i0.wp.com\/webdelmaestrocmf.com\/portal\/wp-content\/uploads\/2026\/01\/1A-Banner-1-portada-imagen-10-1-copia-6.webp?resize=525%2C300&ssl=1 1.5x, https:\/\/i0.wp.com\/webdelmaestrocmf.com\/portal\/wp-content\/uploads\/2026\/01\/1A-Banner-1-portada-imagen-10-1-copia-6.webp?resize=700%2C400&ssl=1 2x"},"classes":[]}],"_links":{"self":[{"href":"https:\/\/webdelmaestrocmf.com\/portal\/wp-json\/wp\/v2\/posts\/115741","targetHints":{"allow":["GET"]}}],"collection":[{"href":"https:\/\/webdelmaestrocmf.com\/portal\/wp-json\/wp\/v2\/posts"}],"about":[{"href":"https:\/\/webdelmaestrocmf.com\/portal\/wp-json\/wp\/v2\/types\/post"}],"author":[{"embeddable":true,"href":"https:\/\/webdelmaestrocmf.com\/portal\/wp-json\/wp\/v2\/users\/1"}],"replies":[{"embeddable":true,"href":"https:\/\/webdelmaestrocmf.com\/portal\/wp-json\/wp\/v2\/comments?post=115741"}],"version-history":[{"count":1,"href":"https:\/\/webdelmaestrocmf.com\/portal\/wp-json\/wp\/v2\/posts\/115741\/revisions"}],"predecessor-version":[{"id":115743,"href":"https:\/\/webdelmaestrocmf.com\/portal\/wp-json\/wp\/v2\/posts\/115741\/revisions\/115743"}],"wp:featuredmedia":[{"embeddable":true,"href":"https:\/\/webdelmaestrocmf.com\/portal\/wp-json\/wp\/v2\/media\/115744"}],"wp:attachment":[{"href":"https:\/\/webdelmaestrocmf.com\/portal\/wp-json\/wp\/v2\/media?parent=115741"}],"wp:term":[{"taxonomy":"category","embeddable":true,"href":"https:\/\/webdelmaestrocmf.com\/portal\/wp-json\/wp\/v2\/categories?post=115741"},{"taxonomy":"post_tag","embeddable":true,"href":"https:\/\/webdelmaestrocmf.com\/portal\/wp-json\/wp\/v2\/tags?post=115741"}],"curies":[{"name":"wp","href":"https:\/\/api.w.org\/{rel}","templated":true}]}}