{"id":115733,"date":"2026-03-07T17:16:24","date_gmt":"2026-03-07T20:16:24","guid":{"rendered":"https:\/\/webdelmaestrocmf.com\/portal\/?p=115733"},"modified":"2026-03-09T14:55:29","modified_gmt":"2026-03-09T17:55:29","slug":"trump-ante-mandatarios-latinoamericanos-no-voy-a-aprender-su-maldito-idioma","status":"publish","type":"post","link":"https:\/\/webdelmaestrocmf.com\/portal\/trump-ante-mandatarios-latinoamericanos-no-voy-a-aprender-su-maldito-idioma\/","title":{"rendered":"Trump ante mandatarios latinoamericanos: \u201cNo voy a aprender su maldito idioma\u201d"},"content":{"rendered":"\n<p>Durante una reuni\u00f3n celebrada en Miami con varios mandatarios latinoamericanos, el presidente de Estados Unidos, <strong>Donald Trump<\/strong>, afirm\u00f3 que <strong>no tiene intenci\u00f3n de aprender espa\u00f1ol<\/strong>. El comentario se produjo en el marco de una <strong>cumbre convocada en Florida con l\u00edderes pol\u00edticos de tendencia conservadora de la regi\u00f3n<\/strong>. En ese contexto, el mandatario estadounidense declar\u00f3 entre risas: <strong>\u201cNo voy a aprender su maldito idioma. No tengo tiempo. No tengo problema con los idiomas, pero no voy a dedicar tanto tiempo a aprender el suyo\u201d<\/strong>.<\/p>\n\n\n\n<p>El encuentro reuni\u00f3 a <strong>una docena de l\u00edderes latinoamericanos invitados por Trump<\/strong> para discutir temas de cooperaci\u00f3n pol\u00edtica y regional. Entre los asistentes estuvieron el presidente de Argentina, <strong>Javier Milei<\/strong>; el de El Salvador, <strong>Nayib Bukele<\/strong>; el de Ecuador, <strong>Daniel Noboa<\/strong>; el de Rep\u00fablica Dominicana, <strong>Luis Abinader<\/strong>; el de Paraguay, <strong>Santiago Pe\u00f1a<\/strong>; el de Costa Rica, <strong>Rodrigo Ch\u00e1vez<\/strong>; el de Panam\u00e1, <strong>Jos\u00e9 Ra\u00fal Mulino<\/strong>; el de Guyana, <strong>Irfaan Ali<\/strong>; y otros representantes de gobiernos conservadores de la regi\u00f3n. Tambi\u00e9n particip\u00f3 <strong>el presidente electo de Chile, Jos\u00e9 Antonio Kast<\/strong>, quien asumir\u00e1 oficialmente el cargo en los d\u00edas siguientes.<\/p>\n\n\n\n<figure class=\"wp-block-embed is-type-video is-provider-youtube wp-block-embed-youtube wp-embed-aspect-16-9 wp-has-aspect-ratio\"><div class=\"wp-block-embed__wrapper\">\n<iframe loading=\"lazy\" title=\"Trump: \u201cNo voy a aprender su maldito idioma\u201d\" width=\"1200\" height=\"675\" src=\"https:\/\/www.youtube.com\/embed\/D_r0D_Gds-s?feature=oembed\" frameborder=\"0\" allow=\"accelerometer; autoplay; clipboard-write; encrypted-media; gyroscope; picture-in-picture; web-share\" referrerpolicy=\"strict-origin-when-cross-origin\" allowfullscreen><\/iframe>\n<\/div><\/figure>\n\n\n\n<p>Durante su intervenci\u00f3n, Trump destac\u00f3 que <strong>su secretario de Estado, Marco Rubio, de origen cubano, tiene una ventaja ling\u00fc\u00edstica al hablar espa\u00f1ol con fluidez<\/strong>. El mandatario se\u00f1al\u00f3 que <strong>prefiere apoyarse en int\u00e9rpretes durante sus reuniones internacionales<\/strong>, argumentando que contar con traductores profesionales <strong>facilita las negociaciones diplom\u00e1ticas y evita dedicar tiempo al aprendizaje de otros idiomas<\/strong>.<\/p>\n\n\n\n<p>En su discurso, el presidente estadounidense relat\u00f3 <strong>una an\u00e9cdota sobre una conversaci\u00f3n con un mandatario extranjero cuya identidad no revel\u00f3<\/strong>, en la que, seg\u00fan explic\u00f3, <strong>una int\u00e9rprete no tradujo correctamente lo que se estaba diciendo<\/strong>. Trump afirm\u00f3 que, aunque <strong>no hablaba el idioma de su interlocutor<\/strong>, pudo percibir que la traducci\u00f3n no coincid\u00eda con el tono de la conversaci\u00f3n, lo que para \u00e9l evidenci\u00f3 <strong>la importancia de contar con traductores confiables en las negociaciones internacionales<\/strong>.<\/p>\n\n\n\n<p>El mandatario tambi\u00e9n se\u00f1al\u00f3 que <strong>incluso en conversaciones con l\u00edderes de grandes potencias<\/strong>, como el presidente chino <strong>Xi Jinping<\/strong> o el presidente ruso <strong>Vlad\u00edmir Putin<\/strong>, <strong>el papel del int\u00e9rprete es fundamental<\/strong>. Seg\u00fan explic\u00f3, <strong>una negociaci\u00f3n diplom\u00e1tica puede verse afectada si la traducci\u00f3n no es precisa o no refleja correctamente lo que cada parte intenta comunicar<\/strong>.<\/p>\n\n\n\n<p>La cumbre organizada en Florida reuni\u00f3 principalmente a <strong>l\u00edderes de gobiernos alineados ideol\u00f3gicamente con la agenda pol\u00edtica de Trump<\/strong>. Entre los invitados estuvieron tambi\u00e9n representantes de Bolivia, Honduras y Trinidad y Tobago. En contraste, <strong>mandatarios de gobiernos progresistas de la regi\u00f3n, como los de M\u00e9xico, Brasil o Colombia, no fueron invitados al encuentro<\/strong>.<\/p>\n\n\n\n<p>El evento se desarroll\u00f3 en <strong>un club de golf en Florida<\/strong> y tuvo como objetivo <strong>fortalecer la coordinaci\u00f3n pol\u00edtica entre los gobiernos participantes<\/strong>. Aunque el foco principal del encuentro fue la cooperaci\u00f3n regional y el intercambio de posturas pol\u00edticas, <strong>las declaraciones de Trump sobre el idioma espa\u00f1ol llamaron especialmente la atenci\u00f3n dentro de su intervenci\u00f3n p\u00fablica<\/strong>.<\/p>\n\n\n\n<p>M\u00e1s all\u00e1 del tono distendido en el que fueron pronunciadas, <strong>las palabras del mandatario reflejan su postura respecto al uso de int\u00e9rpretes en la diplomacia internacional<\/strong>. Para Trump, <strong>las negociaciones entre pa\u00edses pueden realizarse de manera efectiva mediante traductores profesionales<\/strong>, sin que los l\u00edderes necesariamente deban aprender el idioma de sus interlocutores.<\/p>\n","protected":false},"excerpt":{"rendered":"Trump afirm\u00f3 ante mandatarios latinoamericanos que no aprender\u00e1 espa\u00f1ol y defendi\u00f3 el uso de int\u00e9rpretes en negociaciones internacionales durante cumbre en Miami.","protected":false},"author":1,"featured_media":116071,"comment_status":"open","ping_status":"closed","sticky":false,"template":"","format":"standard","meta":{"csco_display_header_overlay":false,"csco_singular_sidebar":"","csco_page_header_type":"","csco_page_load_nextpost":"","csco_post_video_location":[],"csco_post_video_location_hash":"","csco_post_video_url":"","csco_post_video_bg_start_time":0,"csco_post_video_bg_end_time":0,"csco_post_video_bg_volume":false,"_jetpack_memberships_contains_paid_content":false,"footnotes":""},"categories":[23790],"tags":[25434,25472,25455,25085,25069,25086,24599,25146,25190,2232],"class_list":{"0":"post-115733","1":"post","2":"type-post","3":"status-publish","4":"format-standard","5":"has-post-thumbnail","7":"category-noticias-internacionales","8":"tag-actualidad-internacional","9":"tag-comunicacion-politica","10":"tag-debate-politico","11":"tag-diplomacia","12":"tag-geopolitica","13":"tag-liderazgo-politico","14":"tag-noticias-internacionales","15":"tag-politica-internacional","16":"tag-relaciones-internacionales","17":"tag-trump","18":"cs-entry","19":"cs-video-wrap"},"yoast_head":"<!-- This site is optimized with the Yoast SEO plugin v27.5 - https:\/\/yoast.com\/product\/yoast-seo-wordpress\/ -->\n<title>Trump ante mandatarios latinoamericanos: \u201cNo voy a aprender su maldito idioma\u201d - 2026<\/title>\n<meta name=\"description\" content=\"El presidente de Estados Unidos, Donald Trump, afirm\u00f3 que no tiene intenci\u00f3n de aprender espa\u00f1ol. El comentario...\" \/>\n<meta name=\"robots\" content=\"index, follow, max-snippet:-1, max-image-preview:large, max-video-preview:-1\" \/>\n<link rel=\"canonical\" href=\"https:\/\/webdelmaestrocmf.com\/portal\/trump-ante-mandatarios-latinoamericanos-no-voy-a-aprender-su-maldito-idioma\/\" \/>\n<meta property=\"og:locale\" content=\"es_ES\" \/>\n<meta property=\"og:type\" content=\"article\" \/>\n<meta property=\"og:title\" content=\"Trump ante mandatarios latinoamericanos: \u201cNo voy a aprender su maldito idioma\u201d - 2026\" \/>\n<meta property=\"og:description\" content=\"El presidente de Estados Unidos, Donald Trump, afirm\u00f3 que no tiene intenci\u00f3n de aprender espa\u00f1ol. El comentario...\" \/>\n<meta property=\"og:url\" content=\"https:\/\/webdelmaestrocmf.com\/portal\/trump-ante-mandatarios-latinoamericanos-no-voy-a-aprender-su-maldito-idioma\/\" \/>\n<meta property=\"og:site_name\" content=\"Web del Maestro CMF\" \/>\n<meta property=\"article:publisher\" content=\"https:\/\/www.facebook.com\/WebdelMaestroCMF\/\" \/>\n<meta property=\"article:author\" content=\"https:\/\/www.facebook.com\/WebdelMaestroCMF\/\" \/>\n<meta property=\"article:published_time\" content=\"2026-03-07T20:16:24+00:00\" \/>\n<meta property=\"article:modified_time\" content=\"2026-03-09T17:55:29+00:00\" \/>\n<meta property=\"og:image\" content=\"https:\/\/webdelmaestrocmf.com\/portal\/wp-content\/uploads\/2026\/03\/1A-Banner-1-portada-imagen-10-1-copia-1-1.jpg\" \/>\n\t<meta property=\"og:image:width\" content=\"1000\" \/>\n\t<meta property=\"og:image:height\" content=\"667\" \/>\n\t<meta property=\"og:image:type\" content=\"image\/jpeg\" \/>\n<meta name=\"author\" content=\"Web del Maestro CMF\" \/>\n<meta name=\"twitter:card\" content=\"summary_large_image\" \/>\n<meta name=\"twitter:creator\" content=\"@cmf_w\" \/>\n<meta name=\"twitter:site\" content=\"@cmf_w\" \/>\n<script type=\"application\/ld+json\" class=\"yoast-schema-graph\">{\"@context\":\"https:\\\/\\\/schema.org\",\"@graph\":[{\"@type\":\"ScholarlyArticle\",\"@id\":\"https:\\\/\\\/webdelmaestrocmf.com\\\/portal\\\/trump-ante-mandatarios-latinoamericanos-no-voy-a-aprender-su-maldito-idioma\\\/#article\",\"isPartOf\":{\"@id\":\"https:\\\/\\\/webdelmaestrocmf.com\\\/portal\\\/trump-ante-mandatarios-latinoamericanos-no-voy-a-aprender-su-maldito-idioma\\\/\"},\"author\":{\"name\":\"Web del Maestro CMF\",\"@id\":\"https:\\\/\\\/webdelmaestrocmf.com\\\/portal\\\/#\\\/schema\\\/person\\\/1072a2ed7bd960df8ef99a551fa35dc5\"},\"headline\":\"Trump ante mandatarios latinoamericanos: \u201cNo voy a aprender su maldito idioma\u201d\",\"datePublished\":\"2026-03-07T20:16:24+00:00\",\"dateModified\":\"2026-03-09T17:55:29+00:00\",\"mainEntityOfPage\":{\"@id\":\"https:\\\/\\\/webdelmaestrocmf.com\\\/portal\\\/trump-ante-mandatarios-latinoamericanos-no-voy-a-aprender-su-maldito-idioma\\\/\"},\"wordCount\":603,\"commentCount\":0,\"publisher\":{\"@id\":\"https:\\\/\\\/webdelmaestrocmf.com\\\/portal\\\/#organization\"},\"image\":{\"@id\":\"https:\\\/\\\/webdelmaestrocmf.com\\\/portal\\\/trump-ante-mandatarios-latinoamericanos-no-voy-a-aprender-su-maldito-idioma\\\/#primaryimage\"},\"thumbnailUrl\":\"https:\\\/\\\/webdelmaestrocmf.com\\\/portal\\\/wp-content\\\/uploads\\\/2026\\\/03\\\/1A-Banner-1-portada-imagen-10-1-copia-1-1.jpg\",\"keywords\":[\"actualidad internacional\",\"comunicaci\u00f3n pol\u00edtica\",\"debate pol\u00edtico\",\"diplomacia\",\"geopol\u00edtica\",\"liderazgo pol\u00edtico\",\"noticias internacionales\",\"pol\u00edtica internacional\",\"relaciones internacionales\",\"trump\"],\"articleSection\":[\"Noticias Internacionales\"],\"inLanguage\":\"es\",\"potentialAction\":[{\"@type\":\"CommentAction\",\"name\":\"Comment\",\"target\":[\"https:\\\/\\\/webdelmaestrocmf.com\\\/portal\\\/trump-ante-mandatarios-latinoamericanos-no-voy-a-aprender-su-maldito-idioma\\\/#respond\"]}]},{\"@type\":\"WebPage\",\"@id\":\"https:\\\/\\\/webdelmaestrocmf.com\\\/portal\\\/trump-ante-mandatarios-latinoamericanos-no-voy-a-aprender-su-maldito-idioma\\\/\",\"url\":\"https:\\\/\\\/webdelmaestrocmf.com\\\/portal\\\/trump-ante-mandatarios-latinoamericanos-no-voy-a-aprender-su-maldito-idioma\\\/\",\"name\":\"Trump ante mandatarios latinoamericanos: \u201cNo voy a aprender su maldito idioma\u201d - 2026\",\"isPartOf\":{\"@id\":\"https:\\\/\\\/webdelmaestrocmf.com\\\/portal\\\/#website\"},\"primaryImageOfPage\":{\"@id\":\"https:\\\/\\\/webdelmaestrocmf.com\\\/portal\\\/trump-ante-mandatarios-latinoamericanos-no-voy-a-aprender-su-maldito-idioma\\\/#primaryimage\"},\"image\":{\"@id\":\"https:\\\/\\\/webdelmaestrocmf.com\\\/portal\\\/trump-ante-mandatarios-latinoamericanos-no-voy-a-aprender-su-maldito-idioma\\\/#primaryimage\"},\"thumbnailUrl\":\"https:\\\/\\\/webdelmaestrocmf.com\\\/portal\\\/wp-content\\\/uploads\\\/2026\\\/03\\\/1A-Banner-1-portada-imagen-10-1-copia-1-1.jpg\",\"datePublished\":\"2026-03-07T20:16:24+00:00\",\"dateModified\":\"2026-03-09T17:55:29+00:00\",\"description\":\"El presidente de Estados Unidos, Donald Trump, afirm\u00f3 que no tiene intenci\u00f3n de aprender espa\u00f1ol. El comentario...\",\"breadcrumb\":{\"@id\":\"https:\\\/\\\/webdelmaestrocmf.com\\\/portal\\\/trump-ante-mandatarios-latinoamericanos-no-voy-a-aprender-su-maldito-idioma\\\/#breadcrumb\"},\"inLanguage\":\"es\",\"potentialAction\":[{\"@type\":\"ReadAction\",\"target\":[\"https:\\\/\\\/webdelmaestrocmf.com\\\/portal\\\/trump-ante-mandatarios-latinoamericanos-no-voy-a-aprender-su-maldito-idioma\\\/\"]}]},{\"@type\":\"ImageObject\",\"inLanguage\":\"es\",\"@id\":\"https:\\\/\\\/webdelmaestrocmf.com\\\/portal\\\/trump-ante-mandatarios-latinoamericanos-no-voy-a-aprender-su-maldito-idioma\\\/#primaryimage\",\"url\":\"https:\\\/\\\/webdelmaestrocmf.com\\\/portal\\\/wp-content\\\/uploads\\\/2026\\\/03\\\/1A-Banner-1-portada-imagen-10-1-copia-1-1.jpg\",\"contentUrl\":\"https:\\\/\\\/webdelmaestrocmf.com\\\/portal\\\/wp-content\\\/uploads\\\/2026\\\/03\\\/1A-Banner-1-portada-imagen-10-1-copia-1-1.jpg\",\"width\":1000,\"height\":667},{\"@type\":\"BreadcrumbList\",\"@id\":\"https:\\\/\\\/webdelmaestrocmf.com\\\/portal\\\/trump-ante-mandatarios-latinoamericanos-no-voy-a-aprender-su-maldito-idioma\\\/#breadcrumb\",\"itemListElement\":[{\"@type\":\"ListItem\",\"position\":1,\"name\":\"Portada\",\"item\":\"https:\\\/\\\/webdelmaestrocmf.com\\\/portal\\\/\"},{\"@type\":\"ListItem\",\"position\":2,\"name\":\"Noticias Internacionales\",\"item\":\"https:\\\/\\\/webdelmaestrocmf.com\\\/portal\\\/category\\\/noticias-internacionales\\\/\"},{\"@type\":\"ListItem\",\"position\":3,\"name\":\"Trump ante mandatarios latinoamericanos: \u201cNo voy a aprender su maldito idioma\u201d\"}]},{\"@type\":\"WebSite\",\"@id\":\"https:\\\/\\\/webdelmaestrocmf.com\\\/portal\\\/#website\",\"url\":\"https:\\\/\\\/webdelmaestrocmf.com\\\/portal\\\/\",\"name\":\"Web del Maestro CMF\",\"description\":\"Maestros al servicio de la educaci\u00f3n\",\"publisher\":{\"@id\":\"https:\\\/\\\/webdelmaestrocmf.com\\\/portal\\\/#organization\"},\"alternateName\":\"WMCMF\",\"potentialAction\":[{\"@type\":\"SearchAction\",\"target\":{\"@type\":\"EntryPoint\",\"urlTemplate\":\"https:\\\/\\\/webdelmaestrocmf.com\\\/portal\\\/?s={search_term_string}\"},\"query-input\":{\"@type\":\"PropertyValueSpecification\",\"valueRequired\":true,\"valueName\":\"search_term_string\"}}],\"inLanguage\":\"es\"},{\"@type\":\"Organization\",\"@id\":\"https:\\\/\\\/webdelmaestrocmf.com\\\/portal\\\/#organization\",\"name\":\"Web del Maestro CMF\",\"alternateName\":\"WMCMF\",\"url\":\"https:\\\/\\\/webdelmaestrocmf.com\\\/portal\\\/\",\"logo\":{\"@type\":\"ImageObject\",\"inLanguage\":\"es\",\"@id\":\"https:\\\/\\\/webdelmaestrocmf.com\\\/portal\\\/#\\\/schema\\\/logo\\\/image\\\/\",\"url\":\"https:\\\/\\\/webdelmaestrocmf.com\\\/portal\\\/wp-content\\\/uploads\\\/2023\\\/01\\\/logo-wmcmf-2.png\",\"contentUrl\":\"https:\\\/\\\/webdelmaestrocmf.com\\\/portal\\\/wp-content\\\/uploads\\\/2023\\\/01\\\/logo-wmcmf-2.png\",\"width\":200,\"height\":60,\"caption\":\"Web del Maestro CMF\"},\"image\":{\"@id\":\"https:\\\/\\\/webdelmaestrocmf.com\\\/portal\\\/#\\\/schema\\\/logo\\\/image\\\/\"},\"sameAs\":[\"https:\\\/\\\/www.facebook.com\\\/WebdelMaestroCMF\\\/\",\"https:\\\/\\\/x.com\\\/cmf_w\",\"https:\\\/\\\/www.pinterest.com\\\/WMCMF\\\/\",\"https:\\\/\\\/www.linkedin.com\\\/company\\\/web-del-maestro-cmf\\\/\",\"https:\\\/\\\/www.instagram.com\\\/wmcmf\\\/\",\"https:\\\/\\\/www.youtube.com\\\/channel\\\/UCDPSvjbdodE5sHnC3OxutHw\",\"https:\\\/\\\/mastodon.social\\\/@wmcmf\",\"https:\\\/\\\/www.tiktok.com\\\/@webdelmaestrocmf\"]},{\"@type\":\"Person\",\"@id\":\"https:\\\/\\\/webdelmaestrocmf.com\\\/portal\\\/#\\\/schema\\\/person\\\/1072a2ed7bd960df8ef99a551fa35dc5\",\"name\":\"Web del Maestro CMF\",\"image\":{\"@type\":\"ImageObject\",\"inLanguage\":\"es\",\"@id\":\"https:\\\/\\\/secure.gravatar.com\\\/avatar\\\/23291dd5b5ae1077dcff3dbb04c3e02bd28403fa75af6d8787d5e97c5bbbe30b?s=96&d=mm&r=g\",\"url\":\"https:\\\/\\\/secure.gravatar.com\\\/avatar\\\/23291dd5b5ae1077dcff3dbb04c3e02bd28403fa75af6d8787d5e97c5bbbe30b?s=96&d=mm&r=g\",\"contentUrl\":\"https:\\\/\\\/secure.gravatar.com\\\/avatar\\\/23291dd5b5ae1077dcff3dbb04c3e02bd28403fa75af6d8787d5e97c5bbbe30b?s=96&d=mm&r=g\",\"caption\":\"Web del Maestro CMF\"},\"description\":\"Esta Web se cre\u00f3 sin fines de lucro, con fines educativos, cient\u00edficos y acad\u00e9micos, para personas que tengan dificultades y\\\/o inconvenientes en visualizar el material original. El objetivo es entregar recursos, compartir experiencias y materiales que ayuden a los padres de familia, maestros y estudiantes en su actualizaci\u00f3n y formaci\u00f3n permanente, en bien de la Educaci\u00f3n.\",\"sameAs\":[\"http:\\\/\\\/webdelmaestrocmf.com\\\/portal\",\"https:\\\/\\\/www.facebook.com\\\/WebdelMaestroCMF\\\/\",\"https:\\\/\\\/www.instagram.com\\\/wmcmf\\\/\",\"https:\\\/\\\/cl.linkedin.com\\\/company\\\/web-del-maestro-cmf\",\"https:\\\/\\\/www.pinterest.com\\\/WMCMF\\\/publicaciones\\\/\",\"https:\\\/\\\/x.com\\\/cmf_w\",\"https:\\\/\\\/www.youtube.com\\\/@WMCMF\"]}]}<\/script>\n<!-- \/ Yoast SEO plugin. -->","yoast_head_json":{"title":"Trump ante mandatarios latinoamericanos: \u201cNo voy a aprender su maldito idioma\u201d - 2026","description":"El presidente de Estados Unidos, Donald Trump, afirm\u00f3 que no tiene intenci\u00f3n de aprender espa\u00f1ol. El comentario...","robots":{"index":"index","follow":"follow","max-snippet":"max-snippet:-1","max-image-preview":"max-image-preview:large","max-video-preview":"max-video-preview:-1"},"canonical":"https:\/\/webdelmaestrocmf.com\/portal\/trump-ante-mandatarios-latinoamericanos-no-voy-a-aprender-su-maldito-idioma\/","og_locale":"es_ES","og_type":"article","og_title":"Trump ante mandatarios latinoamericanos: \u201cNo voy a aprender su maldito idioma\u201d - 2026","og_description":"El presidente de Estados Unidos, Donald Trump, afirm\u00f3 que no tiene intenci\u00f3n de aprender espa\u00f1ol. El comentario...","og_url":"https:\/\/webdelmaestrocmf.com\/portal\/trump-ante-mandatarios-latinoamericanos-no-voy-a-aprender-su-maldito-idioma\/","og_site_name":"Web del Maestro CMF","article_publisher":"https:\/\/www.facebook.com\/WebdelMaestroCMF\/","article_author":"https:\/\/www.facebook.com\/WebdelMaestroCMF\/","article_published_time":"2026-03-07T20:16:24+00:00","article_modified_time":"2026-03-09T17:55:29+00:00","og_image":[{"width":1000,"height":667,"url":"https:\/\/webdelmaestrocmf.com\/portal\/wp-content\/uploads\/2026\/03\/1A-Banner-1-portada-imagen-10-1-copia-1-1.jpg","type":"image\/jpeg"}],"author":"Web del Maestro CMF","twitter_card":"summary_large_image","twitter_creator":"@cmf_w","twitter_site":"@cmf_w","schema":{"@context":"https:\/\/schema.org","@graph":[{"@type":"ScholarlyArticle","@id":"https:\/\/webdelmaestrocmf.com\/portal\/trump-ante-mandatarios-latinoamericanos-no-voy-a-aprender-su-maldito-idioma\/#article","isPartOf":{"@id":"https:\/\/webdelmaestrocmf.com\/portal\/trump-ante-mandatarios-latinoamericanos-no-voy-a-aprender-su-maldito-idioma\/"},"author":{"name":"Web del Maestro CMF","@id":"https:\/\/webdelmaestrocmf.com\/portal\/#\/schema\/person\/1072a2ed7bd960df8ef99a551fa35dc5"},"headline":"Trump ante mandatarios latinoamericanos: \u201cNo voy a aprender su maldito idioma\u201d","datePublished":"2026-03-07T20:16:24+00:00","dateModified":"2026-03-09T17:55:29+00:00","mainEntityOfPage":{"@id":"https:\/\/webdelmaestrocmf.com\/portal\/trump-ante-mandatarios-latinoamericanos-no-voy-a-aprender-su-maldito-idioma\/"},"wordCount":603,"commentCount":0,"publisher":{"@id":"https:\/\/webdelmaestrocmf.com\/portal\/#organization"},"image":{"@id":"https:\/\/webdelmaestrocmf.com\/portal\/trump-ante-mandatarios-latinoamericanos-no-voy-a-aprender-su-maldito-idioma\/#primaryimage"},"thumbnailUrl":"https:\/\/webdelmaestrocmf.com\/portal\/wp-content\/uploads\/2026\/03\/1A-Banner-1-portada-imagen-10-1-copia-1-1.jpg","keywords":["actualidad internacional","comunicaci\u00f3n pol\u00edtica","debate pol\u00edtico","diplomacia","geopol\u00edtica","liderazgo pol\u00edtico","noticias internacionales","pol\u00edtica internacional","relaciones internacionales","trump"],"articleSection":["Noticias Internacionales"],"inLanguage":"es","potentialAction":[{"@type":"CommentAction","name":"Comment","target":["https:\/\/webdelmaestrocmf.com\/portal\/trump-ante-mandatarios-latinoamericanos-no-voy-a-aprender-su-maldito-idioma\/#respond"]}]},{"@type":"WebPage","@id":"https:\/\/webdelmaestrocmf.com\/portal\/trump-ante-mandatarios-latinoamericanos-no-voy-a-aprender-su-maldito-idioma\/","url":"https:\/\/webdelmaestrocmf.com\/portal\/trump-ante-mandatarios-latinoamericanos-no-voy-a-aprender-su-maldito-idioma\/","name":"Trump ante mandatarios latinoamericanos: \u201cNo voy a aprender su maldito idioma\u201d - 2026","isPartOf":{"@id":"https:\/\/webdelmaestrocmf.com\/portal\/#website"},"primaryImageOfPage":{"@id":"https:\/\/webdelmaestrocmf.com\/portal\/trump-ante-mandatarios-latinoamericanos-no-voy-a-aprender-su-maldito-idioma\/#primaryimage"},"image":{"@id":"https:\/\/webdelmaestrocmf.com\/portal\/trump-ante-mandatarios-latinoamericanos-no-voy-a-aprender-su-maldito-idioma\/#primaryimage"},"thumbnailUrl":"https:\/\/webdelmaestrocmf.com\/portal\/wp-content\/uploads\/2026\/03\/1A-Banner-1-portada-imagen-10-1-copia-1-1.jpg","datePublished":"2026-03-07T20:16:24+00:00","dateModified":"2026-03-09T17:55:29+00:00","description":"El presidente de Estados Unidos, Donald Trump, afirm\u00f3 que no tiene intenci\u00f3n de aprender espa\u00f1ol. El comentario...","breadcrumb":{"@id":"https:\/\/webdelmaestrocmf.com\/portal\/trump-ante-mandatarios-latinoamericanos-no-voy-a-aprender-su-maldito-idioma\/#breadcrumb"},"inLanguage":"es","potentialAction":[{"@type":"ReadAction","target":["https:\/\/webdelmaestrocmf.com\/portal\/trump-ante-mandatarios-latinoamericanos-no-voy-a-aprender-su-maldito-idioma\/"]}]},{"@type":"ImageObject","inLanguage":"es","@id":"https:\/\/webdelmaestrocmf.com\/portal\/trump-ante-mandatarios-latinoamericanos-no-voy-a-aprender-su-maldito-idioma\/#primaryimage","url":"https:\/\/webdelmaestrocmf.com\/portal\/wp-content\/uploads\/2026\/03\/1A-Banner-1-portada-imagen-10-1-copia-1-1.jpg","contentUrl":"https:\/\/webdelmaestrocmf.com\/portal\/wp-content\/uploads\/2026\/03\/1A-Banner-1-portada-imagen-10-1-copia-1-1.jpg","width":1000,"height":667},{"@type":"BreadcrumbList","@id":"https:\/\/webdelmaestrocmf.com\/portal\/trump-ante-mandatarios-latinoamericanos-no-voy-a-aprender-su-maldito-idioma\/#breadcrumb","itemListElement":[{"@type":"ListItem","position":1,"name":"Portada","item":"https:\/\/webdelmaestrocmf.com\/portal\/"},{"@type":"ListItem","position":2,"name":"Noticias Internacionales","item":"https:\/\/webdelmaestrocmf.com\/portal\/category\/noticias-internacionales\/"},{"@type":"ListItem","position":3,"name":"Trump ante mandatarios latinoamericanos: \u201cNo voy a aprender su maldito idioma\u201d"}]},{"@type":"WebSite","@id":"https:\/\/webdelmaestrocmf.com\/portal\/#website","url":"https:\/\/webdelmaestrocmf.com\/portal\/","name":"Web del Maestro CMF","description":"Maestros al servicio de la educaci\u00f3n","publisher":{"@id":"https:\/\/webdelmaestrocmf.com\/portal\/#organization"},"alternateName":"WMCMF","potentialAction":[{"@type":"SearchAction","target":{"@type":"EntryPoint","urlTemplate":"https:\/\/webdelmaestrocmf.com\/portal\/?s={search_term_string}"},"query-input":{"@type":"PropertyValueSpecification","valueRequired":true,"valueName":"search_term_string"}}],"inLanguage":"es"},{"@type":"Organization","@id":"https:\/\/webdelmaestrocmf.com\/portal\/#organization","name":"Web del Maestro CMF","alternateName":"WMCMF","url":"https:\/\/webdelmaestrocmf.com\/portal\/","logo":{"@type":"ImageObject","inLanguage":"es","@id":"https:\/\/webdelmaestrocmf.com\/portal\/#\/schema\/logo\/image\/","url":"https:\/\/webdelmaestrocmf.com\/portal\/wp-content\/uploads\/2023\/01\/logo-wmcmf-2.png","contentUrl":"https:\/\/webdelmaestrocmf.com\/portal\/wp-content\/uploads\/2023\/01\/logo-wmcmf-2.png","width":200,"height":60,"caption":"Web del Maestro CMF"},"image":{"@id":"https:\/\/webdelmaestrocmf.com\/portal\/#\/schema\/logo\/image\/"},"sameAs":["https:\/\/www.facebook.com\/WebdelMaestroCMF\/","https:\/\/x.com\/cmf_w","https:\/\/www.pinterest.com\/WMCMF\/","https:\/\/www.linkedin.com\/company\/web-del-maestro-cmf\/","https:\/\/www.instagram.com\/wmcmf\/","https:\/\/www.youtube.com\/channel\/UCDPSvjbdodE5sHnC3OxutHw","https:\/\/mastodon.social\/@wmcmf","https:\/\/www.tiktok.com\/@webdelmaestrocmf"]},{"@type":"Person","@id":"https:\/\/webdelmaestrocmf.com\/portal\/#\/schema\/person\/1072a2ed7bd960df8ef99a551fa35dc5","name":"Web del Maestro CMF","image":{"@type":"ImageObject","inLanguage":"es","@id":"https:\/\/secure.gravatar.com\/avatar\/23291dd5b5ae1077dcff3dbb04c3e02bd28403fa75af6d8787d5e97c5bbbe30b?s=96&d=mm&r=g","url":"https:\/\/secure.gravatar.com\/avatar\/23291dd5b5ae1077dcff3dbb04c3e02bd28403fa75af6d8787d5e97c5bbbe30b?s=96&d=mm&r=g","contentUrl":"https:\/\/secure.gravatar.com\/avatar\/23291dd5b5ae1077dcff3dbb04c3e02bd28403fa75af6d8787d5e97c5bbbe30b?s=96&d=mm&r=g","caption":"Web del Maestro CMF"},"description":"Esta Web se cre\u00f3 sin fines de lucro, con fines educativos, cient\u00edficos y acad\u00e9micos, para personas que tengan dificultades y\/o inconvenientes en visualizar el material original. El objetivo es entregar recursos, compartir experiencias y materiales que ayuden a los padres de familia, maestros y estudiantes en su actualizaci\u00f3n y formaci\u00f3n permanente, en bien de la Educaci\u00f3n.","sameAs":["http:\/\/webdelmaestrocmf.com\/portal","https:\/\/www.facebook.com\/WebdelMaestroCMF\/","https:\/\/www.instagram.com\/wmcmf\/","https:\/\/cl.linkedin.com\/company\/web-del-maestro-cmf","https:\/\/www.pinterest.com\/WMCMF\/publicaciones\/","https:\/\/x.com\/cmf_w","https:\/\/www.youtube.com\/@WMCMF"]}]}},"jetpack_featured_media_url":"https:\/\/webdelmaestrocmf.com\/portal\/wp-content\/uploads\/2026\/03\/1A-Banner-1-portada-imagen-10-1-copia-1-1.jpg","jetpack_sharing_enabled":true,"jetpack-related-posts":[{"id":18653,"url":"https:\/\/webdelmaestrocmf.com\/portal\/papa-pide-donald-trump-trabaje-construir-la-paz\/","url_meta":{"origin":115733,"position":0},"title":"El Papa pide a Donald Trump que trabaje para construir la paz","author":"Web del Maestro CMF","date":"25 mayo, 2017","format":false,"excerpt":"El papa Francisco recibi\u00f3 este mi\u00e9rcoles en el Vaticano al presidente de Estados Unidos, Donald Trump, en una audiencia de media hora durante la cual hablaron de \"promover la paz en el mundo\". El encuentro, muy esperado y precedido por tensiones, comenz\u00f3 a las 8:30 a. m. (hora local), en\u2026","rel":"","context":"En \u00abMundo cart\u00f3lico\u00bb","block_context":{"text":"Mundo cart\u00f3lico","link":"https:\/\/webdelmaestrocmf.com\/portal\/category\/pastoral\/"},"img":{"alt_text":"","src":"https:\/\/i0.wp.com\/webdelmaestrocmf.com\/portal\/wp-content\/uploads\/2017\/10\/1ss.jpg?resize=350%2C200&ssl=1","width":350,"height":200,"srcset":"https:\/\/i0.wp.com\/webdelmaestrocmf.com\/portal\/wp-content\/uploads\/2017\/10\/1ss.jpg?resize=350%2C200&ssl=1 1x, https:\/\/i0.wp.com\/webdelmaestrocmf.com\/portal\/wp-content\/uploads\/2017\/10\/1ss.jpg?resize=525%2C300&ssl=1 1.5x"},"classes":[]},{"id":117688,"url":"https:\/\/webdelmaestrocmf.com\/portal\/papa-leon-xiv-responde-al-mandatario-tras-criticas-por-llamar-a-la-paz-no-le-tengo-miedo-a-la-administracion-de-trump\/","url_meta":{"origin":115733,"position":1},"title":"Papa Le\u00f3n XIV responde al mandatario tras cr\u00edticas por llamar a la paz: No le tengo miedo a la administraci\u00f3n de Trump","author":"Web del Maestro CMF","date":"13 abril, 2026","format":false,"excerpt":"El Papa Le\u00f3n XIV defendi\u00f3 su llamado a la paz frente a cr\u00edticas de Trump, reafirmando el rol moral de la Iglesia y destacando la importancia del di\u00e1logo y evitar conflictos.","rel":"","context":"En \u00abMundo cart\u00f3lico\u00bb","block_context":{"text":"Mundo cart\u00f3lico","link":"https:\/\/webdelmaestrocmf.com\/portal\/category\/pastoral\/"},"img":{"alt_text":"","src":"https:\/\/i0.wp.com\/webdelmaestrocmf.com\/portal\/wp-content\/uploads\/2026\/04\/1AA-Banner-1-portada-imagen-10-1-copia-8-1.webp?resize=350%2C200&ssl=1","width":350,"height":200,"srcset":"https:\/\/i0.wp.com\/webdelmaestrocmf.com\/portal\/wp-content\/uploads\/2026\/04\/1AA-Banner-1-portada-imagen-10-1-copia-8-1.webp?resize=350%2C200&ssl=1 1x, https:\/\/i0.wp.com\/webdelmaestrocmf.com\/portal\/wp-content\/uploads\/2026\/04\/1AA-Banner-1-portada-imagen-10-1-copia-8-1.webp?resize=525%2C300&ssl=1 1.5x, https:\/\/i0.wp.com\/webdelmaestrocmf.com\/portal\/wp-content\/uploads\/2026\/04\/1AA-Banner-1-portada-imagen-10-1-copia-8-1.webp?resize=700%2C400&ssl=1 2x, https:\/\/i0.wp.com\/webdelmaestrocmf.com\/portal\/wp-content\/uploads\/2026\/04\/1AA-Banner-1-portada-imagen-10-1-copia-8-1.webp?resize=1050%2C600&ssl=1 3x"},"classes":[]},{"id":117282,"url":"https:\/\/webdelmaestrocmf.com\/portal\/el-tuit-mas-hostil-de-donald-trump-abran-el-maldito-estrecho-bastardos-locos\/","url_meta":{"origin":115733,"position":2},"title":"El tuit m\u00e1s hostil de Donald Trump: \u00ab\u00a1Abran el maldito estrecho, bastardos locos!\u00bb","author":"Web del Maestro CMF","date":"5 abril, 2026","format":false,"excerpt":"Trump lanz\u00f3 una amenaza directa a Ir\u00e1n exigiendo reabrir el estrecho de Ormuz, advirtiendo ataques a instalaciones energ\u00e9ticas, en un contexto de alta tensi\u00f3n con impacto econ\u00f3mico global.","rel":"","context":"En \u00abNoticias Internacionales\u00bb","block_context":{"text":"Noticias Internacionales","link":"https:\/\/webdelmaestrocmf.com\/portal\/category\/noticias-internacionales\/"},"img":{"alt_text":"","src":"https:\/\/i0.wp.com\/webdelmaestrocmf.com\/portal\/wp-content\/uploads\/2026\/04\/1AA-Banner-1-portada-imagen-10-1-copia-16.webp?resize=350%2C200&ssl=1","width":350,"height":200,"srcset":"https:\/\/i0.wp.com\/webdelmaestrocmf.com\/portal\/wp-content\/uploads\/2026\/04\/1AA-Banner-1-portada-imagen-10-1-copia-16.webp?resize=350%2C200&ssl=1 1x, https:\/\/i0.wp.com\/webdelmaestrocmf.com\/portal\/wp-content\/uploads\/2026\/04\/1AA-Banner-1-portada-imagen-10-1-copia-16.webp?resize=525%2C300&ssl=1 1.5x, https:\/\/i0.wp.com\/webdelmaestrocmf.com\/portal\/wp-content\/uploads\/2026\/04\/1AA-Banner-1-portada-imagen-10-1-copia-16.webp?resize=700%2C400&ssl=1 2x, https:\/\/i0.wp.com\/webdelmaestrocmf.com\/portal\/wp-content\/uploads\/2026\/04\/1AA-Banner-1-portada-imagen-10-1-copia-16.webp?resize=1050%2C600&ssl=1 3x"},"classes":[]},{"id":109178,"url":"https:\/\/webdelmaestrocmf.com\/portal\/trump-restringe-y-prohibe-entrada-a-eeuu-a-19-paises-entre-ellos-dos-latinoamericanos\/","url_meta":{"origin":115733,"position":3},"title":"Trump restringe y proh\u00edbe entrada a EEUU a 19 pa\u00edses: entre ellos dos latinoamericanos","author":"Web del Maestro CMF","date":"5 junio, 2025","format":false,"excerpt":"(Noticia actualizada el 09 de junio del 2025).\u00a0En una medida que recuerda a su primera presidencia, el expresidente y actual mandatario Donald Trump activ\u00f3 este lunes una nueva orden ejecutiva que proh\u00edbe completamente el ingreso de ciudadanos de 12 pa\u00edses y establece restricciones parciales para otros siete. La decisi\u00f3n, justificada\u2026","rel":"","context":"En \u00abNoticias Internacionales\u00bb","block_context":{"text":"Noticias Internacionales","link":"https:\/\/webdelmaestrocmf.com\/portal\/category\/noticias-internacionales\/"},"img":{"alt_text":"","src":"https:\/\/i0.wp.com\/webdelmaestrocmf.com\/portal\/wp-content\/uploads\/2025\/06\/1A-Banner-1-portada-imagen-10-1-13.jpg?resize=350%2C200&ssl=1","width":350,"height":200,"srcset":"https:\/\/i0.wp.com\/webdelmaestrocmf.com\/portal\/wp-content\/uploads\/2025\/06\/1A-Banner-1-portada-imagen-10-1-13.jpg?resize=350%2C200&ssl=1 1x, https:\/\/i0.wp.com\/webdelmaestrocmf.com\/portal\/wp-content\/uploads\/2025\/06\/1A-Banner-1-portada-imagen-10-1-13.jpg?resize=525%2C300&ssl=1 1.5x, https:\/\/i0.wp.com\/webdelmaestrocmf.com\/portal\/wp-content\/uploads\/2025\/06\/1A-Banner-1-portada-imagen-10-1-13.jpg?resize=700%2C400&ssl=1 2x"},"classes":[]},{"id":117693,"url":"https:\/\/webdelmaestrocmf.com\/portal\/trump-difundio-una-imagen-en-la-que-aparece-representado-como-jesucristo-sanando-enfermos\/","url_meta":{"origin":115733,"position":4},"title":"Trump difundi\u00f3 una imagen en la que aparece representado como Jesucristo sanando enfermos","author":"Web del Maestro CMF","date":"13 abril, 2026","format":false,"excerpt":"Trump public\u00f3 una imagen con s\u00edmbolos religiosos tras criticar al Papa Le\u00f3n XIV, intensificando la controversia y evidenciando el uso de mensajes visuales para influir y generar debate en la opini\u00f3n p\u00fablica.","rel":"","context":"En \u00abSin categor\u00eda\u00bb","block_context":{"text":"Sin categor\u00eda","link":"https:\/\/webdelmaestrocmf.com\/portal\/category\/sin-categoria-es\/"},"img":{"alt_text":"","src":"https:\/\/i0.wp.com\/webdelmaestrocmf.com\/portal\/wp-content\/uploads\/2026\/04\/1AA-Banner-1-portada-imagen-10-1-copia-9.webp?resize=350%2C200&ssl=1","width":350,"height":200,"srcset":"https:\/\/i0.wp.com\/webdelmaestrocmf.com\/portal\/wp-content\/uploads\/2026\/04\/1AA-Banner-1-portada-imagen-10-1-copia-9.webp?resize=350%2C200&ssl=1 1x, https:\/\/i0.wp.com\/webdelmaestrocmf.com\/portal\/wp-content\/uploads\/2026\/04\/1AA-Banner-1-portada-imagen-10-1-copia-9.webp?resize=525%2C300&ssl=1 1.5x, https:\/\/i0.wp.com\/webdelmaestrocmf.com\/portal\/wp-content\/uploads\/2026\/04\/1AA-Banner-1-portada-imagen-10-1-copia-9.webp?resize=700%2C400&ssl=1 2x, https:\/\/i0.wp.com\/webdelmaestrocmf.com\/portal\/wp-content\/uploads\/2026\/04\/1AA-Banner-1-portada-imagen-10-1-copia-9.webp?resize=1050%2C600&ssl=1 3x"},"classes":[]},{"id":111043,"url":"https:\/\/webdelmaestrocmf.com\/portal\/netanyahu-nomina-a-trump-al-nobel-de-la-paz-en-medio-de-una-ofensiva-diplomatica-y-militar-en-gaza\/","url_meta":{"origin":115733,"position":5},"title":"Netanyahu nomina a Trump al Nobel de la Paz en medio de una ofensiva diplom\u00e1tica y militar en Gaza","author":"Web del Maestro CMF","date":"9 julio, 2025","format":false,"excerpt":"El primer ministro israel\u00ed entreg\u00f3 personalmente la nominaci\u00f3n durante una cena en la Casa Blanca, elogiando los esfuerzos del presidente estadounidense en Medio Oriente y respaldando su pol\u00e9mico plan para el futuro de Gaza","rel":"","context":"En \u00abNoticias Internacionales\u00bb","block_context":{"text":"Noticias Internacionales","link":"https:\/\/webdelmaestrocmf.com\/portal\/category\/noticias-internacionales\/"},"img":{"alt_text":"","src":"https:\/\/i0.wp.com\/webdelmaestrocmf.com\/portal\/wp-content\/uploads\/2025\/07\/1A-Banner-1-portada-imagen-10-1-copia-59.jpg?resize=350%2C200&ssl=1","width":350,"height":200,"srcset":"https:\/\/i0.wp.com\/webdelmaestrocmf.com\/portal\/wp-content\/uploads\/2025\/07\/1A-Banner-1-portada-imagen-10-1-copia-59.jpg?resize=350%2C200&ssl=1 1x, https:\/\/i0.wp.com\/webdelmaestrocmf.com\/portal\/wp-content\/uploads\/2025\/07\/1A-Banner-1-portada-imagen-10-1-copia-59.jpg?resize=525%2C300&ssl=1 1.5x, https:\/\/i0.wp.com\/webdelmaestrocmf.com\/portal\/wp-content\/uploads\/2025\/07\/1A-Banner-1-portada-imagen-10-1-copia-59.jpg?resize=700%2C400&ssl=1 2x"},"classes":[]}],"_links":{"self":[{"href":"https:\/\/webdelmaestrocmf.com\/portal\/wp-json\/wp\/v2\/posts\/115733","targetHints":{"allow":["GET"]}}],"collection":[{"href":"https:\/\/webdelmaestrocmf.com\/portal\/wp-json\/wp\/v2\/posts"}],"about":[{"href":"https:\/\/webdelmaestrocmf.com\/portal\/wp-json\/wp\/v2\/types\/post"}],"author":[{"embeddable":true,"href":"https:\/\/webdelmaestrocmf.com\/portal\/wp-json\/wp\/v2\/users\/1"}],"replies":[{"embeddable":true,"href":"https:\/\/webdelmaestrocmf.com\/portal\/wp-json\/wp\/v2\/comments?post=115733"}],"version-history":[{"count":1,"href":"https:\/\/webdelmaestrocmf.com\/portal\/wp-json\/wp\/v2\/posts\/115733\/revisions"}],"predecessor-version":[{"id":115735,"href":"https:\/\/webdelmaestrocmf.com\/portal\/wp-json\/wp\/v2\/posts\/115733\/revisions\/115735"}],"wp:featuredmedia":[{"embeddable":true,"href":"https:\/\/webdelmaestrocmf.com\/portal\/wp-json\/wp\/v2\/media\/116071"}],"wp:attachment":[{"href":"https:\/\/webdelmaestrocmf.com\/portal\/wp-json\/wp\/v2\/media?parent=115733"}],"wp:term":[{"taxonomy":"category","embeddable":true,"href":"https:\/\/webdelmaestrocmf.com\/portal\/wp-json\/wp\/v2\/categories?post=115733"},{"taxonomy":"post_tag","embeddable":true,"href":"https:\/\/webdelmaestrocmf.com\/portal\/wp-json\/wp\/v2\/tags?post=115733"}],"curies":[{"name":"wp","href":"https:\/\/api.w.org\/{rel}","templated":true}]}}