{"id":114949,"date":"2025-01-23T19:46:00","date_gmt":"2025-01-23T22:46:00","guid":{"rendered":"https:\/\/webdelmaestrocmf.com\/portal\/?p=114949"},"modified":"2026-04-07T12:37:40","modified_gmt":"2026-04-07T16:37:40","slug":"ramon-espejo-tenemos-la-generacion-peor-preparada-de-la-historia-y-lo-peor-es-que-probablemente-la-que-venga-despues-estara-todavia-peor-preparada-y-eso-lo-sabe-practicamente-todo-el-mundo","status":"publish","type":"post","link":"https:\/\/webdelmaestrocmf.com\/portal\/ramon-espejo-tenemos-la-generacion-peor-preparada-de-la-historia-y-lo-peor-es-que-probablemente-la-que-venga-despues-estara-todavia-peor-preparada-y-eso-lo-sabe-practicamente-todo-el-mundo\/","title":{"rendered":"Ram\u00f3n Espejo: Tenemos la generaci\u00f3n peor preparada de la historia, y lo peor es que probablemente la que venga despu\u00e9s estar\u00e1 todav\u00eda peor preparada y eso lo sabe pr\u00e1cticamente todo el mundo"},"content":{"rendered":"\n<p>En un art\u00edculo publicado en <strong>ABC<\/strong> y firmado por <strong>Jes\u00fas \u00c1lvarez<\/strong>, el catedr\u00e1tico de Filolog\u00eda <strong>Ram\u00f3n Espejo<\/strong> (Universidad de Sevilla) plantea una cr\u00edtica frontal al rumbo del sistema educativo espa\u00f1ol a partir de las ideas recogidas en su libro <em>El laberinto educativo y el aprendizaje fake<\/em> (Editorial Brief). Su tesis central no se dirige contra los j\u00f3venes, sino contra el entramado de decisiones, inercias y discursos que \u2014seg\u00fan sostiene\u2014 han debilitado la cultura del conocimiento, la exigencia acad\u00e9mica y la autoridad pedag\u00f3gica, dejando a los estudiantes como <strong>principales perjudicados<\/strong>.<\/p>\n\n\n\n<h2 class=\"wp-block-heading\"><strong>Un diagn\u00f3stico inc\u00f3modo: menos conocimiento, m\u00e1s relato<\/strong><\/h2>\n\n\n\n<p>Espejo cuestiona uno de los mensajes m\u00e1s repetidos en el debate p\u00fablico: la idea de que vivimos en \u201cla generaci\u00f3n mejor preparada de la historia\u201d. A su juicio, esa afirmaci\u00f3n funciona como un eslogan tranquilizador, pero no describe lo que ocurre en aulas y centros. Su postura se resume en una advertencia: si el sistema premia la promoci\u00f3n autom\u00e1tica, reduce la exigencia y relativiza el valor del saber, entonces la preparaci\u00f3n real disminuye aunque aumenten los t\u00edtulos. El problema no ser\u00eda la falta de talento de los alumnos, sino un contexto que facilita la \u201cdelegaci\u00f3n\u201d del aprendizaje: aprobar sin dominar, avanzar sin comprender, y sustituir el estudio sostenido por tareas menos rigurosas o m\u00e1s superficiales.<\/p>\n\n\n\n<p>En este marco, la discusi\u00f3n sobre metodolog\u00edas queda subordinada a un punto m\u00e1s decisivo: <strong>qu\u00e9 se ense\u00f1a, cu\u00e1nto se exige y c\u00f3mo se verifica el aprendizaje<\/strong>. Espejo no niega la buena intenci\u00f3n de muchos actores, pero insiste en que la voluntad de mejorar no garantiza resultados si el modelo institucional desincentiva el esfuerzo y debilita el valor del conocimiento.<\/p>\n\n\n\n<h2 class=\"wp-block-heading\"><strong>Los j\u00f3venes como \u201cv\u00edctimas del sistema\u201d<\/strong><\/h2>\n\n\n\n<p>Un elemento relevante del planteamiento es el giro moral que propone: en lugar de culpar a los adolescentes por su desinter\u00e9s o su dependencia del m\u00f3vil, responsabiliza a los adultos \u2014familias, responsables pol\u00edticos, dise\u00f1adores de pol\u00edticas educativas, \u201cexpertos\u201d alejados del aula\u2014 por haber configurado un entorno que no protege el aprendizaje. En su visi\u00f3n, culpar al estudiante es una forma de <strong>culpabilizar a la v\u00edctima<\/strong>: el tel\u00e9fono, las plataformas y la econom\u00eda de la atenci\u00f3n no fueron creados por ellos; se les entreg\u00f3 un dispositivo y, al mismo tiempo, se debilit\u00f3 el entrenamiento en lectura, concentraci\u00f3n, disciplina intelectual y cultura general.<\/p>\n\n\n\n<p>De ah\u00ed su llamado provocador: anima a los j\u00f3venes a \u201cdenunciar\u201d (en sentido c\u00edvico y cr\u00edtico) a quienes les han privado de conocimientos que otras generaciones s\u00ed recibieron. M\u00e1s que una frase efectista, busca invertir la carga del discurso: si la educaci\u00f3n falla, el primer foco no debe ser el alumno, sino el dise\u00f1o del sistema.<\/p>\n\n\n\n<h2 class=\"wp-block-heading\"><strong>La \u201ccasta\u201d pedag\u00f3gica y el divorcio con el aula<\/strong><\/h2>\n\n\n\n<p>Espejo denuncia tambi\u00e9n un fen\u00f3meno que considera estructural: la creciente influencia de un discurso pedag\u00f3gico oficial que, seg\u00fan \u00e9l, ha terminado por desprestigiar la cultura acad\u00e9mica, la lectura y la transmisi\u00f3n de saberes s\u00f3lidos. En esa l\u00ednea habla de una \u201ccasta\u201d de pedagogos que, en su opini\u00f3n, ofrece la coartada perfecta para leyes educativas que vac\u00edan contenidos, convierten el aprendizaje en un tr\u00e1mite y sustituyen la excelencia intelectual por un igualitarismo mal entendido.<\/p>\n\n\n\n<p>Su cr\u00edtica no es tanto a la pedagog\u00eda como disciplina, sino a una pedagog\u00eda convertida en dogma y desconectada de la pr\u00e1ctica cotidiana. Por eso subraya el contraste entre quienes \u201cteorizan\u201d sobre educaci\u00f3n y quienes la sostienen cada d\u00eda en el aula. Para Espejo, una de las formas m\u00e1s aut\u00e9nticas de disidencia educativa es simple y, a la vez, exigente: <strong>cerrar la puerta y ense\u00f1ar de verdad<\/strong>, incluso cuando la burocracia, la inspecci\u00f3n o la moda metodol\u00f3gica empujan hacia otro lado.<\/p>\n\n\n\n<h2 class=\"wp-block-heading\"><strong>La experiencia docente como capital desperdiciado<\/strong><\/h2>\n\n\n\n<p>Otro punto significativo es su defensa de los docentes veteranos. Considera injusto que la docencia sea, parad\u00f3jicamente, una de las pocas profesiones donde la experiencia acumulada pierde valor p\u00fablico e institucional. Reivindica a profesores jubilados o invisibilizados que podr\u00edan aportar criterios, perspectiva hist\u00f3rica y saber pedag\u00f3gico real. En esa reivindicaci\u00f3n aparece una cr\u00edtica indirecta a la l\u00f3gica medi\u00e1tica: a veces, propuestas con poca evidencia reciben gran difusi\u00f3n, mientras el conocimiento profesional de d\u00e9cadas queda en segundo plano.<\/p>\n\n\n\n<p>Este \u00e9nfasis conecta con una idea potente: el sistema educativo necesita menos \u201cruido\u201d y m\u00e1s <strong>memoria profesional<\/strong>, menos consignas y m\u00e1s saber pr\u00e1ctico contrastado.<\/p>\n\n\n\n<h2 class=\"wp-block-heading\"><strong>Biling\u00fcismo y \u00e9lites: la promesa que no se cumple para todos<\/strong><\/h2>\n\n\n\n<p>Espejo califica el \u201cbiling\u00fcismo\u201d escolar como una \u201cgran falacia\u201d en muchos casos. El punto no es negar el valor de aprender idiomas, sino denunciar que, si se implementa mal, puede convertirse en etiqueta de prestigio sin resultados equivalentes en competencia real. Adem\u00e1s, asoma una preocupaci\u00f3n de equidad: cuando familias con recursos optan por centros privados buscando mayor rigor o estabilidad (se menciona el caso comentado por Antonio Mu\u00f1oz Molina), se refuerza una fractura: lo que deber\u00eda garantizar el sistema p\u00fablico termina quedando condicionado por el nivel socioecon\u00f3mico.<\/p>\n\n\n\n<h2 class=\"wp-block-heading\"><strong>Promoci\u00f3n autom\u00e1tica, burocracia y presi\u00f3n institucional<\/strong><\/h2>\n\n\n\n<p>En el texto se describen din\u00e1micas que, seg\u00fan Espejo, degradan la evaluaci\u00f3n: presiones para aprobar, incentivos para maquillar estad\u00edsticas y un uso creciente de la burocracia como herramienta de control. La consecuencia ser\u00eda doble: por un lado, el docente pierde margen para exigir; por otro, el alumno recibe se\u00f1ales confusas sobre lo que significa aprender. Si el sistema prioriza \u201ctitular\u201d por encima de dominar contenidos, se normaliza una cultura en la que el certificado pesa m\u00e1s que el conocimiento.<\/p>\n\n\n\n<p>A la vez, Espejo rechaza soluciones simplistas como \u201cpagar m\u00e1s\u201d para mejorar la calidad. Su enfoque es de responsabilidad: el n\u00facleo no es el salario, sino el compromiso con la tarea esencial por la que se contrata al docente: <strong>ense\u00f1ar y lograr aprendizaje real<\/strong>.<\/p>\n\n\n\n<h2 class=\"wp-block-heading\"><strong>Una salida posible: respeto, conocimiento y exigencia inteligente<\/strong><\/h2>\n\n\n\n<p>A pesar del tono cr\u00edtico, su planteamiento abre un camino: recuperar el valor del conocimiento, la lectura, la cultura general y el esfuerzo sostenido, sin caer en nostalgias ni en demonizaciones. Tambi\u00e9n cuestiona la idea de que \u201cser progresista\u201d equivalga a no exigir: para \u00e9l, el progreso aut\u00e9ntico incluye el progreso intelectual, y ese progreso exige trabajo.<\/p>\n\n\n\n<p>En t\u00e9rminos pr\u00e1cticos, su propuesta implica revisar el sentido del igualitarismo: igualdad no es que todos hagan lo mismo al mismo tiempo, sino ofrecer oportunidades reales con itinerarios formativos coherentes, especialmente en edades donde mantener a todos en un \u00fanico carril produce frustraci\u00f3n y desenganche.<\/p>\n\n\n\n<hr class=\"wp-block-separator has-alpha-channel-opacity\"\/>\n\n\n\n<p>La intervenci\u00f3n de Ram\u00f3n Espejo, tal como se presenta en el art\u00edculo, es una llamada a dejar de maquillar el problema con discursos amables. Su diagn\u00f3stico puede incomodar, pero coloca el foco en un punto crucial: <strong>sin conocimiento exigente, sin lectura, sin evaluaci\u00f3n rigurosa y sin autoridad pedag\u00f3gica, la educaci\u00f3n se vuelve un tr\u00e1mite<\/strong>. Y cuando eso ocurre, los estudiantes no son culpables: son los primeros damnificados. El debate, entonces, no deber\u00eda girar solo en torno a metodolog\u00edas de moda, sino a una pregunta m\u00e1s decisiva: qu\u00e9 sistema estamos construyendo y a qui\u00e9n beneficia realmente.<\/p>\n\n\n\n<p class=\"has-text-align-right\"><strong>Redacci\u00f3n | Web del Maestro CMF<\/strong> | Fuente: <a href=\"https:\/\/www.abc.es\/sevilla\/ciudad\/secreto-voces-generacion-jovenes-peor-preparada-historia-20250622171353-nts.html\" target=\"_blank\" rel=\"noreferrer noopener\">ACB de Sevilla<\/a><\/p>\n\n\n\t\t<div class=\"pk-inline-posts\">\n\t\t\t\n\t\t\t<div class=\"pk-inline-posts-container pk-inline-posts-template-list\"\n\t\t\t\tdata-columns=\"1\">\n\t\t\t\t\t\t<article id=\"post-37424\" class=\"post-37424 post type-post status-publish format-standard has-post-thumbnail category-entrevistas category-noticias tag-desarrollo tag-heckman tag-james tag-leer tag-ninos cs-entry cs-video-wrap\">\n\t\t\t<div class=\"pk-post-outer\">\n\n\t\t\t\t\t\t\t\t<div class=\"pk-post-inner\">\n\t\t\t\t\t<div class=\"entry-thumbnail\">\n\t\t\t\t\t\t<div class=\"pk-overlay pk-overlay-ratio pk-ratio-landscape\">\n\t\t\t\t\t\t\t<div class=\"pk-overlay-background\">\n\t\t\t\t\t\t\t\t<a href=\"https:\/\/webdelmaestrocmf.com\/portal\/james-heckman-leerles-a-los-ninos-tiene-un-impacto-enorme-en-su-desarrollo\/\" class=\"pk-overlay-link\">\n\t\t\t\t\t\t\t\t\t<img loading=\"lazy\" decoding=\"async\" width=\"300\" height=\"225\" src=\"https:\/\/webdelmaestrocmf.com\/portal\/wp-content\/uploads\/2023\/01\/1AA-Banner-1-portada-imagen-10-1-copia-3-300x225.webp\" class=\"attachment-pk-thumbnail size-pk-thumbnail wp-post-image\" alt=\"\" \/>\t\t\t\t\t\t\t\t<\/a>\n\t\t\t\t\t\t\t<\/div>\n\t\t\t\t\t\t<\/div>\n\t\t\t\t\t<\/div>\n\t\t\t\t<\/div>\n\t\t\t\t\n\t\t\t\t<div class=\"pk-post-inner\">\n\t\t\t\t\t<header>\n\t\t\t\t\t\t<h3 class=\"pk-title\"><a href=\"https:\/\/webdelmaestrocmf.com\/portal\/james-heckman-leerles-a-los-ninos-tiene-un-impacto-enorme-en-su-desarrollo\/\" rel=\"bookmark\">James Heckman: Leerles a los ni\u00f1os tiene un impacto enorme en su desarrollo<\/a><\/h3>\t\t\t\t\t<\/header><!-- .entry-header -->\n\t\t\t\t<\/div><!-- .post-inner -->\n\n\t\t\t<\/div><!-- .post-outer -->\n\t\t<\/article>\n\t\t\t<article id=\"post-55421\" class=\"post-55421 post type-post status-publish format-standard has-post-thumbnail category-entrevistas category-noticias tag-ayudar tag-buena tag-debe tag-lider tag-pasion tag-persona tag-tener tag-victor-kuppers cs-entry cs-video-wrap\">\n\t\t\t<div class=\"pk-post-outer\">\n\n\t\t\t\t\t\t\t\t<div class=\"pk-post-inner\">\n\t\t\t\t\t<div class=\"entry-thumbnail\">\n\t\t\t\t\t\t<div class=\"pk-overlay pk-overlay-ratio pk-ratio-landscape\">\n\t\t\t\t\t\t\t<div class=\"pk-overlay-background\">\n\t\t\t\t\t\t\t\t<a href=\"https:\/\/webdelmaestrocmf.com\/portal\/victor-kuppers-un-lider-debe-ser-buena-persona-y-tener-pasion-por-ayudar\/\" class=\"pk-overlay-link\">\n\t\t\t\t\t\t\t\t\t<img loading=\"lazy\" decoding=\"async\" width=\"300\" height=\"225\" src=\"https:\/\/webdelmaestrocmf.com\/portal\/wp-content\/uploads\/2020\/12\/1AA-Banner-1-portada-imagen-10-1-copia-3-300x225.webp\" class=\"attachment-pk-thumbnail size-pk-thumbnail wp-post-image\" alt=\"\" \/>\t\t\t\t\t\t\t\t<\/a>\n\t\t\t\t\t\t\t<\/div>\n\t\t\t\t\t\t<\/div>\n\t\t\t\t\t<\/div>\n\t\t\t\t<\/div>\n\t\t\t\t\n\t\t\t\t<div class=\"pk-post-inner\">\n\t\t\t\t\t<header>\n\t\t\t\t\t\t<h3 class=\"pk-title\"><a href=\"https:\/\/webdelmaestrocmf.com\/portal\/victor-kuppers-un-lider-debe-ser-buena-persona-y-tener-pasion-por-ayudar\/\" rel=\"bookmark\">V\u00edctor K\u00fcppers: Un l\u00edder debe ser buena persona y tener pasi\u00f3n por ayudar<\/a><\/h3>\t\t\t\t\t<\/header><!-- .entry-header -->\n\t\t\t\t<\/div><!-- .post-inner -->\n\n\t\t\t<\/div><!-- .post-outer -->\n\t\t<\/article>\n\t\t\t<article id=\"post-118242\" class=\"post-118242 post type-post status-publish format-standard has-post-thumbnail category-entrevistas category-noticias tag-adolescencia tag-autoridad tag-convivencia-escolar tag-disciplina tag-docentes tag-educacion tag-escuela tag-familia tag-infancia tag-valores cs-entry cs-video-wrap\">\n\t\t\t<div class=\"pk-post-outer\">\n\n\t\t\t\t\t\t\t\t<div class=\"pk-post-inner\">\n\t\t\t\t\t<div class=\"entry-thumbnail\">\n\t\t\t\t\t\t<div class=\"pk-overlay pk-overlay-ratio pk-ratio-landscape\">\n\t\t\t\t\t\t\t<div class=\"pk-overlay-background\">\n\t\t\t\t\t\t\t\t<a href=\"https:\/\/webdelmaestrocmf.com\/portal\/emilio-calatayud-los-padres-tenemos-la-obligacion-de-devolver-el-prestigio-a-los-maestros\/\" class=\"pk-overlay-link\">\n\t\t\t\t\t\t\t\t\t<img loading=\"lazy\" decoding=\"async\" width=\"300\" height=\"225\" src=\"https:\/\/webdelmaestrocmf.com\/portal\/wp-content\/uploads\/2026\/04\/1-61-300x225.jpg\" class=\"attachment-pk-thumbnail size-pk-thumbnail wp-post-image\" alt=\"\" \/>\t\t\t\t\t\t\t\t<\/a>\n\t\t\t\t\t\t\t<\/div>\n\t\t\t\t\t\t<\/div>\n\t\t\t\t\t<\/div>\n\t\t\t\t<\/div>\n\t\t\t\t\n\t\t\t\t<div class=\"pk-post-inner\">\n\t\t\t\t\t<header>\n\t\t\t\t\t\t<h3 class=\"pk-title\"><a href=\"https:\/\/webdelmaestrocmf.com\/portal\/emilio-calatayud-los-padres-tenemos-la-obligacion-de-devolver-el-prestigio-a-los-maestros\/\" rel=\"bookmark\">Emilio Calatayud: \u00abLos padres tenemos la obligaci\u00f3n de devolver el prestigio a los maestros\u00bb<\/a><\/h3>\t\t\t\t\t<\/header><!-- .entry-header -->\n\t\t\t\t<\/div><!-- .post-inner -->\n\n\t\t\t<\/div><!-- .post-outer -->\n\t\t<\/article>\n\t\t\t\t<\/div>\n\t\t<\/div>\n\t\t\n","protected":false},"excerpt":{"rendered":"Una reflexi\u00f3n cr\u00edtica sobre un sistema educativo que reduce la exigencia, debilita el conocimiento y deja a los j\u00f3venes desprotegidos.","protected":false},"author":1,"featured_media":114952,"comment_status":"open","ping_status":"closed","sticky":false,"template":"","format":"standard","meta":{"csco_display_header_overlay":false,"csco_singular_sidebar":"disabled","csco_page_header_type":"standard","csco_page_load_nextpost":"","csco_post_video_location":[],"csco_post_video_location_hash":"","csco_post_video_url":"","csco_post_video_bg_start_time":0,"csco_post_video_bg_end_time":0,"csco_post_video_bg_volume":false,"_jetpack_memberships_contains_paid_content":false,"footnotes":""},"categories":[48,47],"tags":[77,2311,19765,58,23808,228,24785,24046,406,377],"class_list":{"0":"post-114949","1":"post","2":"type-post","3":"status-publish","4":"format-standard","5":"has-post-thumbnail","7":"category-entrevistas","8":"category-noticias","9":"tag-aprendizaje","10":"tag-conocimiento","11":"tag-crisis-educativa","12":"tag-docentes","13":"tag-educacion-2","14":"tag-escuela","15":"tag-exigencia-academica","16":"tag-formacion-2","17":"tag-lectura","18":"tag-sistema-educativo","19":"cs-entry","20":"cs-video-wrap"},"yoast_head":"<!-- This site is optimized with the Yoast SEO plugin v27.5 - https:\/\/yoast.com\/product\/yoast-seo-wordpress\/ -->\n<title>Ram\u00f3n Espejo: Tenemos la generaci\u00f3n peor preparada de la historia, y lo peor es que probablemente la que venga despu\u00e9s estar\u00e1 todav\u00eda peor preparada y eso lo sabe pr\u00e1cticamente todo el mundo - 2026<\/title>\n<meta name=\"description\" content=\"Ram\u00f3n Espejo (Universidad de Sevilla) plantea una cr\u00edtica frontal al rumbo del sistema educativo espa\u00f1ol a partir de las ideas...\" \/>\n<meta name=\"robots\" content=\"index, follow, max-snippet:-1, max-image-preview:large, max-video-preview:-1\" \/>\n<link rel=\"canonical\" href=\"https:\/\/webdelmaestrocmf.com\/portal\/ramon-espejo-tenemos-la-generacion-peor-preparada-de-la-historia-y-lo-peor-es-que-probablemente-la-que-venga-despues-estara-todavia-peor-preparada-y-eso-lo-sabe-practicamente-todo-el-mundo\/\" \/>\n<meta property=\"og:locale\" content=\"es_ES\" \/>\n<meta property=\"og:type\" content=\"article\" \/>\n<meta property=\"og:title\" content=\"Ram\u00f3n Espejo: Tenemos la generaci\u00f3n peor preparada de la historia, y lo peor es que probablemente la que venga despu\u00e9s estar\u00e1 todav\u00eda peor preparada y eso lo sabe pr\u00e1cticamente todo el mundo - 2026\" \/>\n<meta property=\"og:description\" content=\"Ram\u00f3n Espejo (Universidad de Sevilla) plantea una cr\u00edtica frontal al rumbo del sistema educativo espa\u00f1ol a partir de las ideas...\" \/>\n<meta property=\"og:url\" content=\"https:\/\/webdelmaestrocmf.com\/portal\/ramon-espejo-tenemos-la-generacion-peor-preparada-de-la-historia-y-lo-peor-es-que-probablemente-la-que-venga-despues-estara-todavia-peor-preparada-y-eso-lo-sabe-practicamente-todo-el-mundo\/\" \/>\n<meta property=\"og:site_name\" content=\"Web del Maestro CMF\" \/>\n<meta property=\"article:publisher\" content=\"https:\/\/www.facebook.com\/WebdelMaestroCMF\/\" \/>\n<meta property=\"article:author\" content=\"https:\/\/www.facebook.com\/WebdelMaestroCMF\/\" \/>\n<meta property=\"article:published_time\" content=\"2025-01-23T22:46:00+00:00\" \/>\n<meta property=\"article:modified_time\" content=\"2026-04-07T16:37:40+00:00\" \/>\n<meta property=\"og:image\" content=\"https:\/\/webdelmaestrocmf.com\/portal\/wp-content\/uploads\/2025\/01\/1A-Banner-1-portada-imagen-10-1-copia-1.webp\" \/>\n\t<meta property=\"og:image:width\" content=\"1000\" \/>\n\t<meta property=\"og:image:height\" content=\"667\" \/>\n\t<meta property=\"og:image:type\" content=\"image\/webp\" \/>\n<meta name=\"author\" content=\"Web del Maestro CMF\" \/>\n<meta name=\"twitter:card\" content=\"summary_large_image\" \/>\n<meta name=\"twitter:creator\" content=\"@cmf_w\" \/>\n<meta name=\"twitter:site\" content=\"@cmf_w\" \/>\n<script type=\"application\/ld+json\" class=\"yoast-schema-graph\">{\"@context\":\"https:\\\/\\\/schema.org\",\"@graph\":[{\"@type\":\"ScholarlyArticle\",\"@id\":\"https:\\\/\\\/webdelmaestrocmf.com\\\/portal\\\/ramon-espejo-tenemos-la-generacion-peor-preparada-de-la-historia-y-lo-peor-es-que-probablemente-la-que-venga-despues-estara-todavia-peor-preparada-y-eso-lo-sabe-practicamente-todo-el-mundo\\\/#article\",\"isPartOf\":{\"@id\":\"https:\\\/\\\/webdelmaestrocmf.com\\\/portal\\\/ramon-espejo-tenemos-la-generacion-peor-preparada-de-la-historia-y-lo-peor-es-que-probablemente-la-que-venga-despues-estara-todavia-peor-preparada-y-eso-lo-sabe-practicamente-todo-el-mundo\\\/\"},\"author\":{\"name\":\"Web del Maestro CMF\",\"@id\":\"https:\\\/\\\/webdelmaestrocmf.com\\\/portal\\\/#\\\/schema\\\/person\\\/1072a2ed7bd960df8ef99a551fa35dc5\"},\"headline\":\"Ram\u00f3n Espejo: Tenemos la generaci\u00f3n peor preparada de la historia, y lo peor es que probablemente la que venga despu\u00e9s estar\u00e1 todav\u00eda peor preparada y eso lo sabe pr\u00e1cticamente todo el mundo\",\"datePublished\":\"2025-01-23T22:46:00+00:00\",\"dateModified\":\"2026-04-07T16:37:40+00:00\",\"mainEntityOfPage\":{\"@id\":\"https:\\\/\\\/webdelmaestrocmf.com\\\/portal\\\/ramon-espejo-tenemos-la-generacion-peor-preparada-de-la-historia-y-lo-peor-es-que-probablemente-la-que-venga-despues-estara-todavia-peor-preparada-y-eso-lo-sabe-practicamente-todo-el-mundo\\\/\"},\"wordCount\":1312,\"commentCount\":0,\"publisher\":{\"@id\":\"https:\\\/\\\/webdelmaestrocmf.com\\\/portal\\\/#organization\"},\"image\":{\"@id\":\"https:\\\/\\\/webdelmaestrocmf.com\\\/portal\\\/ramon-espejo-tenemos-la-generacion-peor-preparada-de-la-historia-y-lo-peor-es-que-probablemente-la-que-venga-despues-estara-todavia-peor-preparada-y-eso-lo-sabe-practicamente-todo-el-mundo\\\/#primaryimage\"},\"thumbnailUrl\":\"https:\\\/\\\/webdelmaestrocmf.com\\\/portal\\\/wp-content\\\/uploads\\\/2025\\\/01\\\/1A-Banner-1-portada-imagen-10-1-copia-1.webp\",\"keywords\":[\"aprendizaje\",\"CONOCIMIENTO\",\"Crisis educativa\",\"DOCENTES\",\"educaci\u00f3n\",\"escuela\",\"exigencia acad\u00e9mica\",\"formaci\u00f3n\",\"lectura\",\"sistema educativo\"],\"articleSection\":[\"Entrevistas\",\"Noticias\"],\"inLanguage\":\"es\",\"potentialAction\":[{\"@type\":\"CommentAction\",\"name\":\"Comment\",\"target\":[\"https:\\\/\\\/webdelmaestrocmf.com\\\/portal\\\/ramon-espejo-tenemos-la-generacion-peor-preparada-de-la-historia-y-lo-peor-es-que-probablemente-la-que-venga-despues-estara-todavia-peor-preparada-y-eso-lo-sabe-practicamente-todo-el-mundo\\\/#respond\"]}]},{\"@type\":\"WebPage\",\"@id\":\"https:\\\/\\\/webdelmaestrocmf.com\\\/portal\\\/ramon-espejo-tenemos-la-generacion-peor-preparada-de-la-historia-y-lo-peor-es-que-probablemente-la-que-venga-despues-estara-todavia-peor-preparada-y-eso-lo-sabe-practicamente-todo-el-mundo\\\/\",\"url\":\"https:\\\/\\\/webdelmaestrocmf.com\\\/portal\\\/ramon-espejo-tenemos-la-generacion-peor-preparada-de-la-historia-y-lo-peor-es-que-probablemente-la-que-venga-despues-estara-todavia-peor-preparada-y-eso-lo-sabe-practicamente-todo-el-mundo\\\/\",\"name\":\"Ram\u00f3n Espejo: Tenemos la generaci\u00f3n peor preparada de la historia, y lo peor es que probablemente la que venga despu\u00e9s estar\u00e1 todav\u00eda peor preparada y eso lo sabe pr\u00e1cticamente todo el mundo - 2026\",\"isPartOf\":{\"@id\":\"https:\\\/\\\/webdelmaestrocmf.com\\\/portal\\\/#website\"},\"primaryImageOfPage\":{\"@id\":\"https:\\\/\\\/webdelmaestrocmf.com\\\/portal\\\/ramon-espejo-tenemos-la-generacion-peor-preparada-de-la-historia-y-lo-peor-es-que-probablemente-la-que-venga-despues-estara-todavia-peor-preparada-y-eso-lo-sabe-practicamente-todo-el-mundo\\\/#primaryimage\"},\"image\":{\"@id\":\"https:\\\/\\\/webdelmaestrocmf.com\\\/portal\\\/ramon-espejo-tenemos-la-generacion-peor-preparada-de-la-historia-y-lo-peor-es-que-probablemente-la-que-venga-despues-estara-todavia-peor-preparada-y-eso-lo-sabe-practicamente-todo-el-mundo\\\/#primaryimage\"},\"thumbnailUrl\":\"https:\\\/\\\/webdelmaestrocmf.com\\\/portal\\\/wp-content\\\/uploads\\\/2025\\\/01\\\/1A-Banner-1-portada-imagen-10-1-copia-1.webp\",\"datePublished\":\"2025-01-23T22:46:00+00:00\",\"dateModified\":\"2026-04-07T16:37:40+00:00\",\"description\":\"Ram\u00f3n Espejo (Universidad de Sevilla) plantea una cr\u00edtica frontal al rumbo del sistema educativo espa\u00f1ol a partir de las ideas...\",\"breadcrumb\":{\"@id\":\"https:\\\/\\\/webdelmaestrocmf.com\\\/portal\\\/ramon-espejo-tenemos-la-generacion-peor-preparada-de-la-historia-y-lo-peor-es-que-probablemente-la-que-venga-despues-estara-todavia-peor-preparada-y-eso-lo-sabe-practicamente-todo-el-mundo\\\/#breadcrumb\"},\"inLanguage\":\"es\",\"potentialAction\":[{\"@type\":\"ReadAction\",\"target\":[\"https:\\\/\\\/webdelmaestrocmf.com\\\/portal\\\/ramon-espejo-tenemos-la-generacion-peor-preparada-de-la-historia-y-lo-peor-es-que-probablemente-la-que-venga-despues-estara-todavia-peor-preparada-y-eso-lo-sabe-practicamente-todo-el-mundo\\\/\"]}]},{\"@type\":\"ImageObject\",\"inLanguage\":\"es\",\"@id\":\"https:\\\/\\\/webdelmaestrocmf.com\\\/portal\\\/ramon-espejo-tenemos-la-generacion-peor-preparada-de-la-historia-y-lo-peor-es-que-probablemente-la-que-venga-despues-estara-todavia-peor-preparada-y-eso-lo-sabe-practicamente-todo-el-mundo\\\/#primaryimage\",\"url\":\"https:\\\/\\\/webdelmaestrocmf.com\\\/portal\\\/wp-content\\\/uploads\\\/2025\\\/01\\\/1A-Banner-1-portada-imagen-10-1-copia-1.webp\",\"contentUrl\":\"https:\\\/\\\/webdelmaestrocmf.com\\\/portal\\\/wp-content\\\/uploads\\\/2025\\\/01\\\/1A-Banner-1-portada-imagen-10-1-copia-1.webp\",\"width\":1000,\"height\":667},{\"@type\":\"BreadcrumbList\",\"@id\":\"https:\\\/\\\/webdelmaestrocmf.com\\\/portal\\\/ramon-espejo-tenemos-la-generacion-peor-preparada-de-la-historia-y-lo-peor-es-que-probablemente-la-que-venga-despues-estara-todavia-peor-preparada-y-eso-lo-sabe-practicamente-todo-el-mundo\\\/#breadcrumb\",\"itemListElement\":[{\"@type\":\"ListItem\",\"position\":1,\"name\":\"Portada\",\"item\":\"https:\\\/\\\/webdelmaestrocmf.com\\\/portal\\\/\"},{\"@type\":\"ListItem\",\"position\":2,\"name\":\"Noticias\",\"item\":\"https:\\\/\\\/webdelmaestrocmf.com\\\/portal\\\/category\\\/noticias\\\/\"},{\"@type\":\"ListItem\",\"position\":3,\"name\":\"Ram\u00f3n Espejo: Tenemos la generaci\u00f3n peor preparada de la historia, y lo peor es que probablemente la que venga despu\u00e9s estar\u00e1 todav\u00eda peor preparada y eso lo sabe pr\u00e1cticamente todo el mundo\"}]},{\"@type\":\"WebSite\",\"@id\":\"https:\\\/\\\/webdelmaestrocmf.com\\\/portal\\\/#website\",\"url\":\"https:\\\/\\\/webdelmaestrocmf.com\\\/portal\\\/\",\"name\":\"Web del Maestro CMF\",\"description\":\"Maestros al servicio de la educaci\u00f3n\",\"publisher\":{\"@id\":\"https:\\\/\\\/webdelmaestrocmf.com\\\/portal\\\/#organization\"},\"alternateName\":\"WMCMF\",\"potentialAction\":[{\"@type\":\"SearchAction\",\"target\":{\"@type\":\"EntryPoint\",\"urlTemplate\":\"https:\\\/\\\/webdelmaestrocmf.com\\\/portal\\\/?s={search_term_string}\"},\"query-input\":{\"@type\":\"PropertyValueSpecification\",\"valueRequired\":true,\"valueName\":\"search_term_string\"}}],\"inLanguage\":\"es\"},{\"@type\":\"Organization\",\"@id\":\"https:\\\/\\\/webdelmaestrocmf.com\\\/portal\\\/#organization\",\"name\":\"Web del Maestro CMF\",\"alternateName\":\"WMCMF\",\"url\":\"https:\\\/\\\/webdelmaestrocmf.com\\\/portal\\\/\",\"logo\":{\"@type\":\"ImageObject\",\"inLanguage\":\"es\",\"@id\":\"https:\\\/\\\/webdelmaestrocmf.com\\\/portal\\\/#\\\/schema\\\/logo\\\/image\\\/\",\"url\":\"https:\\\/\\\/webdelmaestrocmf.com\\\/portal\\\/wp-content\\\/uploads\\\/2023\\\/01\\\/logo-wmcmf-2.png\",\"contentUrl\":\"https:\\\/\\\/webdelmaestrocmf.com\\\/portal\\\/wp-content\\\/uploads\\\/2023\\\/01\\\/logo-wmcmf-2.png\",\"width\":200,\"height\":60,\"caption\":\"Web del Maestro CMF\"},\"image\":{\"@id\":\"https:\\\/\\\/webdelmaestrocmf.com\\\/portal\\\/#\\\/schema\\\/logo\\\/image\\\/\"},\"sameAs\":[\"https:\\\/\\\/www.facebook.com\\\/WebdelMaestroCMF\\\/\",\"https:\\\/\\\/x.com\\\/cmf_w\",\"https:\\\/\\\/www.pinterest.com\\\/WMCMF\\\/\",\"https:\\\/\\\/www.linkedin.com\\\/company\\\/web-del-maestro-cmf\\\/\",\"https:\\\/\\\/www.instagram.com\\\/wmcmf\\\/\",\"https:\\\/\\\/www.youtube.com\\\/channel\\\/UCDPSvjbdodE5sHnC3OxutHw\",\"https:\\\/\\\/mastodon.social\\\/@wmcmf\",\"https:\\\/\\\/www.tiktok.com\\\/@webdelmaestrocmf\"]},{\"@type\":\"Person\",\"@id\":\"https:\\\/\\\/webdelmaestrocmf.com\\\/portal\\\/#\\\/schema\\\/person\\\/1072a2ed7bd960df8ef99a551fa35dc5\",\"name\":\"Web del Maestro CMF\",\"image\":{\"@type\":\"ImageObject\",\"inLanguage\":\"es\",\"@id\":\"https:\\\/\\\/secure.gravatar.com\\\/avatar\\\/23291dd5b5ae1077dcff3dbb04c3e02bd28403fa75af6d8787d5e97c5bbbe30b?s=96&d=mm&r=g\",\"url\":\"https:\\\/\\\/secure.gravatar.com\\\/avatar\\\/23291dd5b5ae1077dcff3dbb04c3e02bd28403fa75af6d8787d5e97c5bbbe30b?s=96&d=mm&r=g\",\"contentUrl\":\"https:\\\/\\\/secure.gravatar.com\\\/avatar\\\/23291dd5b5ae1077dcff3dbb04c3e02bd28403fa75af6d8787d5e97c5bbbe30b?s=96&d=mm&r=g\",\"caption\":\"Web del Maestro CMF\"},\"description\":\"Esta Web se cre\u00f3 sin fines de lucro, con fines educativos, cient\u00edficos y acad\u00e9micos, para personas que tengan dificultades y\\\/o inconvenientes en visualizar el material original. El objetivo es entregar recursos, compartir experiencias y materiales que ayuden a los padres de familia, maestros y estudiantes en su actualizaci\u00f3n y formaci\u00f3n permanente, en bien de la Educaci\u00f3n.\",\"sameAs\":[\"http:\\\/\\\/webdelmaestrocmf.com\\\/portal\",\"https:\\\/\\\/www.facebook.com\\\/WebdelMaestroCMF\\\/\",\"https:\\\/\\\/www.instagram.com\\\/wmcmf\\\/\",\"https:\\\/\\\/cl.linkedin.com\\\/company\\\/web-del-maestro-cmf\",\"https:\\\/\\\/www.pinterest.com\\\/WMCMF\\\/publicaciones\\\/\",\"https:\\\/\\\/x.com\\\/cmf_w\",\"https:\\\/\\\/www.youtube.com\\\/@WMCMF\"]}]}<\/script>\n<!-- \/ Yoast SEO plugin. -->","yoast_head_json":{"title":"Ram\u00f3n Espejo: Tenemos la generaci\u00f3n peor preparada de la historia, y lo peor es que probablemente la que venga despu\u00e9s estar\u00e1 todav\u00eda peor preparada y eso lo sabe pr\u00e1cticamente todo el mundo - 2026","description":"Ram\u00f3n Espejo (Universidad de Sevilla) plantea una cr\u00edtica frontal al rumbo del sistema educativo espa\u00f1ol a partir de las ideas...","robots":{"index":"index","follow":"follow","max-snippet":"max-snippet:-1","max-image-preview":"max-image-preview:large","max-video-preview":"max-video-preview:-1"},"canonical":"https:\/\/webdelmaestrocmf.com\/portal\/ramon-espejo-tenemos-la-generacion-peor-preparada-de-la-historia-y-lo-peor-es-que-probablemente-la-que-venga-despues-estara-todavia-peor-preparada-y-eso-lo-sabe-practicamente-todo-el-mundo\/","og_locale":"es_ES","og_type":"article","og_title":"Ram\u00f3n Espejo: Tenemos la generaci\u00f3n peor preparada de la historia, y lo peor es que probablemente la que venga despu\u00e9s estar\u00e1 todav\u00eda peor preparada y eso lo sabe pr\u00e1cticamente todo el mundo - 2026","og_description":"Ram\u00f3n Espejo (Universidad de Sevilla) plantea una cr\u00edtica frontal al rumbo del sistema educativo espa\u00f1ol a partir de las ideas...","og_url":"https:\/\/webdelmaestrocmf.com\/portal\/ramon-espejo-tenemos-la-generacion-peor-preparada-de-la-historia-y-lo-peor-es-que-probablemente-la-que-venga-despues-estara-todavia-peor-preparada-y-eso-lo-sabe-practicamente-todo-el-mundo\/","og_site_name":"Web del Maestro CMF","article_publisher":"https:\/\/www.facebook.com\/WebdelMaestroCMF\/","article_author":"https:\/\/www.facebook.com\/WebdelMaestroCMF\/","article_published_time":"2025-01-23T22:46:00+00:00","article_modified_time":"2026-04-07T16:37:40+00:00","og_image":[{"width":1000,"height":667,"url":"https:\/\/webdelmaestrocmf.com\/portal\/wp-content\/uploads\/2025\/01\/1A-Banner-1-portada-imagen-10-1-copia-1.webp","type":"image\/webp"}],"author":"Web del Maestro CMF","twitter_card":"summary_large_image","twitter_creator":"@cmf_w","twitter_site":"@cmf_w","schema":{"@context":"https:\/\/schema.org","@graph":[{"@type":"ScholarlyArticle","@id":"https:\/\/webdelmaestrocmf.com\/portal\/ramon-espejo-tenemos-la-generacion-peor-preparada-de-la-historia-y-lo-peor-es-que-probablemente-la-que-venga-despues-estara-todavia-peor-preparada-y-eso-lo-sabe-practicamente-todo-el-mundo\/#article","isPartOf":{"@id":"https:\/\/webdelmaestrocmf.com\/portal\/ramon-espejo-tenemos-la-generacion-peor-preparada-de-la-historia-y-lo-peor-es-que-probablemente-la-que-venga-despues-estara-todavia-peor-preparada-y-eso-lo-sabe-practicamente-todo-el-mundo\/"},"author":{"name":"Web del Maestro CMF","@id":"https:\/\/webdelmaestrocmf.com\/portal\/#\/schema\/person\/1072a2ed7bd960df8ef99a551fa35dc5"},"headline":"Ram\u00f3n Espejo: Tenemos la generaci\u00f3n peor preparada de la historia, y lo peor es que probablemente la que venga despu\u00e9s estar\u00e1 todav\u00eda peor preparada y eso lo sabe pr\u00e1cticamente todo el mundo","datePublished":"2025-01-23T22:46:00+00:00","dateModified":"2026-04-07T16:37:40+00:00","mainEntityOfPage":{"@id":"https:\/\/webdelmaestrocmf.com\/portal\/ramon-espejo-tenemos-la-generacion-peor-preparada-de-la-historia-y-lo-peor-es-que-probablemente-la-que-venga-despues-estara-todavia-peor-preparada-y-eso-lo-sabe-practicamente-todo-el-mundo\/"},"wordCount":1312,"commentCount":0,"publisher":{"@id":"https:\/\/webdelmaestrocmf.com\/portal\/#organization"},"image":{"@id":"https:\/\/webdelmaestrocmf.com\/portal\/ramon-espejo-tenemos-la-generacion-peor-preparada-de-la-historia-y-lo-peor-es-que-probablemente-la-que-venga-despues-estara-todavia-peor-preparada-y-eso-lo-sabe-practicamente-todo-el-mundo\/#primaryimage"},"thumbnailUrl":"https:\/\/webdelmaestrocmf.com\/portal\/wp-content\/uploads\/2025\/01\/1A-Banner-1-portada-imagen-10-1-copia-1.webp","keywords":["aprendizaje","CONOCIMIENTO","Crisis educativa","DOCENTES","educaci\u00f3n","escuela","exigencia acad\u00e9mica","formaci\u00f3n","lectura","sistema educativo"],"articleSection":["Entrevistas","Noticias"],"inLanguage":"es","potentialAction":[{"@type":"CommentAction","name":"Comment","target":["https:\/\/webdelmaestrocmf.com\/portal\/ramon-espejo-tenemos-la-generacion-peor-preparada-de-la-historia-y-lo-peor-es-que-probablemente-la-que-venga-despues-estara-todavia-peor-preparada-y-eso-lo-sabe-practicamente-todo-el-mundo\/#respond"]}]},{"@type":"WebPage","@id":"https:\/\/webdelmaestrocmf.com\/portal\/ramon-espejo-tenemos-la-generacion-peor-preparada-de-la-historia-y-lo-peor-es-que-probablemente-la-que-venga-despues-estara-todavia-peor-preparada-y-eso-lo-sabe-practicamente-todo-el-mundo\/","url":"https:\/\/webdelmaestrocmf.com\/portal\/ramon-espejo-tenemos-la-generacion-peor-preparada-de-la-historia-y-lo-peor-es-que-probablemente-la-que-venga-despues-estara-todavia-peor-preparada-y-eso-lo-sabe-practicamente-todo-el-mundo\/","name":"Ram\u00f3n Espejo: Tenemos la generaci\u00f3n peor preparada de la historia, y lo peor es que probablemente la que venga despu\u00e9s estar\u00e1 todav\u00eda peor preparada y eso lo sabe pr\u00e1cticamente todo el mundo - 2026","isPartOf":{"@id":"https:\/\/webdelmaestrocmf.com\/portal\/#website"},"primaryImageOfPage":{"@id":"https:\/\/webdelmaestrocmf.com\/portal\/ramon-espejo-tenemos-la-generacion-peor-preparada-de-la-historia-y-lo-peor-es-que-probablemente-la-que-venga-despues-estara-todavia-peor-preparada-y-eso-lo-sabe-practicamente-todo-el-mundo\/#primaryimage"},"image":{"@id":"https:\/\/webdelmaestrocmf.com\/portal\/ramon-espejo-tenemos-la-generacion-peor-preparada-de-la-historia-y-lo-peor-es-que-probablemente-la-que-venga-despues-estara-todavia-peor-preparada-y-eso-lo-sabe-practicamente-todo-el-mundo\/#primaryimage"},"thumbnailUrl":"https:\/\/webdelmaestrocmf.com\/portal\/wp-content\/uploads\/2025\/01\/1A-Banner-1-portada-imagen-10-1-copia-1.webp","datePublished":"2025-01-23T22:46:00+00:00","dateModified":"2026-04-07T16:37:40+00:00","description":"Ram\u00f3n Espejo (Universidad de Sevilla) plantea una cr\u00edtica frontal al rumbo del sistema educativo espa\u00f1ol a partir de las ideas...","breadcrumb":{"@id":"https:\/\/webdelmaestrocmf.com\/portal\/ramon-espejo-tenemos-la-generacion-peor-preparada-de-la-historia-y-lo-peor-es-que-probablemente-la-que-venga-despues-estara-todavia-peor-preparada-y-eso-lo-sabe-practicamente-todo-el-mundo\/#breadcrumb"},"inLanguage":"es","potentialAction":[{"@type":"ReadAction","target":["https:\/\/webdelmaestrocmf.com\/portal\/ramon-espejo-tenemos-la-generacion-peor-preparada-de-la-historia-y-lo-peor-es-que-probablemente-la-que-venga-despues-estara-todavia-peor-preparada-y-eso-lo-sabe-practicamente-todo-el-mundo\/"]}]},{"@type":"ImageObject","inLanguage":"es","@id":"https:\/\/webdelmaestrocmf.com\/portal\/ramon-espejo-tenemos-la-generacion-peor-preparada-de-la-historia-y-lo-peor-es-que-probablemente-la-que-venga-despues-estara-todavia-peor-preparada-y-eso-lo-sabe-practicamente-todo-el-mundo\/#primaryimage","url":"https:\/\/webdelmaestrocmf.com\/portal\/wp-content\/uploads\/2025\/01\/1A-Banner-1-portada-imagen-10-1-copia-1.webp","contentUrl":"https:\/\/webdelmaestrocmf.com\/portal\/wp-content\/uploads\/2025\/01\/1A-Banner-1-portada-imagen-10-1-copia-1.webp","width":1000,"height":667},{"@type":"BreadcrumbList","@id":"https:\/\/webdelmaestrocmf.com\/portal\/ramon-espejo-tenemos-la-generacion-peor-preparada-de-la-historia-y-lo-peor-es-que-probablemente-la-que-venga-despues-estara-todavia-peor-preparada-y-eso-lo-sabe-practicamente-todo-el-mundo\/#breadcrumb","itemListElement":[{"@type":"ListItem","position":1,"name":"Portada","item":"https:\/\/webdelmaestrocmf.com\/portal\/"},{"@type":"ListItem","position":2,"name":"Noticias","item":"https:\/\/webdelmaestrocmf.com\/portal\/category\/noticias\/"},{"@type":"ListItem","position":3,"name":"Ram\u00f3n Espejo: Tenemos la generaci\u00f3n peor preparada de la historia, y lo peor es que probablemente la que venga despu\u00e9s estar\u00e1 todav\u00eda peor preparada y eso lo sabe pr\u00e1cticamente todo el mundo"}]},{"@type":"WebSite","@id":"https:\/\/webdelmaestrocmf.com\/portal\/#website","url":"https:\/\/webdelmaestrocmf.com\/portal\/","name":"Web del Maestro CMF","description":"Maestros al servicio de la educaci\u00f3n","publisher":{"@id":"https:\/\/webdelmaestrocmf.com\/portal\/#organization"},"alternateName":"WMCMF","potentialAction":[{"@type":"SearchAction","target":{"@type":"EntryPoint","urlTemplate":"https:\/\/webdelmaestrocmf.com\/portal\/?s={search_term_string}"},"query-input":{"@type":"PropertyValueSpecification","valueRequired":true,"valueName":"search_term_string"}}],"inLanguage":"es"},{"@type":"Organization","@id":"https:\/\/webdelmaestrocmf.com\/portal\/#organization","name":"Web del Maestro CMF","alternateName":"WMCMF","url":"https:\/\/webdelmaestrocmf.com\/portal\/","logo":{"@type":"ImageObject","inLanguage":"es","@id":"https:\/\/webdelmaestrocmf.com\/portal\/#\/schema\/logo\/image\/","url":"https:\/\/webdelmaestrocmf.com\/portal\/wp-content\/uploads\/2023\/01\/logo-wmcmf-2.png","contentUrl":"https:\/\/webdelmaestrocmf.com\/portal\/wp-content\/uploads\/2023\/01\/logo-wmcmf-2.png","width":200,"height":60,"caption":"Web del Maestro CMF"},"image":{"@id":"https:\/\/webdelmaestrocmf.com\/portal\/#\/schema\/logo\/image\/"},"sameAs":["https:\/\/www.facebook.com\/WebdelMaestroCMF\/","https:\/\/x.com\/cmf_w","https:\/\/www.pinterest.com\/WMCMF\/","https:\/\/www.linkedin.com\/company\/web-del-maestro-cmf\/","https:\/\/www.instagram.com\/wmcmf\/","https:\/\/www.youtube.com\/channel\/UCDPSvjbdodE5sHnC3OxutHw","https:\/\/mastodon.social\/@wmcmf","https:\/\/www.tiktok.com\/@webdelmaestrocmf"]},{"@type":"Person","@id":"https:\/\/webdelmaestrocmf.com\/portal\/#\/schema\/person\/1072a2ed7bd960df8ef99a551fa35dc5","name":"Web del Maestro CMF","image":{"@type":"ImageObject","inLanguage":"es","@id":"https:\/\/secure.gravatar.com\/avatar\/23291dd5b5ae1077dcff3dbb04c3e02bd28403fa75af6d8787d5e97c5bbbe30b?s=96&d=mm&r=g","url":"https:\/\/secure.gravatar.com\/avatar\/23291dd5b5ae1077dcff3dbb04c3e02bd28403fa75af6d8787d5e97c5bbbe30b?s=96&d=mm&r=g","contentUrl":"https:\/\/secure.gravatar.com\/avatar\/23291dd5b5ae1077dcff3dbb04c3e02bd28403fa75af6d8787d5e97c5bbbe30b?s=96&d=mm&r=g","caption":"Web del Maestro CMF"},"description":"Esta Web se cre\u00f3 sin fines de lucro, con fines educativos, cient\u00edficos y acad\u00e9micos, para personas que tengan dificultades y\/o inconvenientes en visualizar el material original. El objetivo es entregar recursos, compartir experiencias y materiales que ayuden a los padres de familia, maestros y estudiantes en su actualizaci\u00f3n y formaci\u00f3n permanente, en bien de la Educaci\u00f3n.","sameAs":["http:\/\/webdelmaestrocmf.com\/portal","https:\/\/www.facebook.com\/WebdelMaestroCMF\/","https:\/\/www.instagram.com\/wmcmf\/","https:\/\/cl.linkedin.com\/company\/web-del-maestro-cmf","https:\/\/www.pinterest.com\/WMCMF\/publicaciones\/","https:\/\/x.com\/cmf_w","https:\/\/www.youtube.com\/@WMCMF"]}]}},"jetpack_featured_media_url":"https:\/\/webdelmaestrocmf.com\/portal\/wp-content\/uploads\/2025\/01\/1A-Banner-1-portada-imagen-10-1-copia-1.webp","jetpack_sharing_enabled":true,"jetpack-related-posts":[{"id":114917,"url":"https:\/\/webdelmaestrocmf.com\/portal\/ramon-espejo-el-deterioro-educativo-que-ya-alcanza-a-la-universidad-una-advertencia-desde-dentro-del-sistema\/","url_meta":{"origin":114949,"position":0},"title":"Ram\u00f3n Espejo: El deterioro educativo que ya alcanza a la universidad: una advertencia desde dentro del sistema","author":"Web del Maestro CMF","date":"21 enero, 2026","format":false,"excerpt":"El catedr\u00e1tico Ram\u00f3n Espejo advierte que el deterioro del sistema educativo ya ha alcanzado a la universidad, con estudiantes que presentan graves carencias en lectura y escritura.","rel":"","context":"En \u00abEntrevistas\u00bb","block_context":{"text":"Entrevistas","link":"https:\/\/webdelmaestrocmf.com\/portal\/category\/noticias\/entrevistas\/"},"img":{"alt_text":"Fotograf\u00eca: ABC de Sevilla","src":"https:\/\/i0.wp.com\/webdelmaestrocmf.com\/portal\/wp-content\/uploads\/2026\/01\/1A-Banner-1-portada-imagen-10-1-copia-1-11.webp?resize=350%2C200&ssl=1","width":350,"height":200,"srcset":"https:\/\/i0.wp.com\/webdelmaestrocmf.com\/portal\/wp-content\/uploads\/2026\/01\/1A-Banner-1-portada-imagen-10-1-copia-1-11.webp?resize=350%2C200&ssl=1 1x, https:\/\/i0.wp.com\/webdelmaestrocmf.com\/portal\/wp-content\/uploads\/2026\/01\/1A-Banner-1-portada-imagen-10-1-copia-1-11.webp?resize=525%2C300&ssl=1 1.5x, https:\/\/i0.wp.com\/webdelmaestrocmf.com\/portal\/wp-content\/uploads\/2026\/01\/1A-Banner-1-portada-imagen-10-1-copia-1-11.webp?resize=700%2C400&ssl=1 2x"},"classes":[]},{"id":116941,"url":"https:\/\/webdelmaestrocmf.com\/portal\/el-analfabetismo-ha-llegado-a-la-universidad-tengo-alumnos-que-no-saben-leer-ni-escribir\/","url_meta":{"origin":114949,"position":1},"title":"El analfabetismo ha llegado a la universidad: tengo alumnos que no saben leer ni escribir","author":"Web del Maestro CMF","date":"25 marzo, 2026","format":false,"excerpt":"El deterioro educativo avanza hasta la universidad: estudiantes con dificultades b\u00e1sicas reflejan una cultura digital superficial. Casos como no leer relojes evidencian una p\u00e9rdida preocupante de comprensi\u00f3n, an\u00e1lisis y pensamiento cr\u00edtico.","rel":"","context":"En \u00abNoticias Internacionales\u00bb","block_context":{"text":"Noticias Internacionales","link":"https:\/\/webdelmaestrocmf.com\/portal\/category\/noticias-internacionales\/"},"img":{"alt_text":"","src":"https:\/\/i0.wp.com\/webdelmaestrocmf.com\/portal\/wp-content\/uploads\/2026\/03\/1AA-Banner-1-portada-imagen-10-1-copia-5-2.webp?resize=350%2C200&ssl=1","width":350,"height":200,"srcset":"https:\/\/i0.wp.com\/webdelmaestrocmf.com\/portal\/wp-content\/uploads\/2026\/03\/1AA-Banner-1-portada-imagen-10-1-copia-5-2.webp?resize=350%2C200&ssl=1 1x, https:\/\/i0.wp.com\/webdelmaestrocmf.com\/portal\/wp-content\/uploads\/2026\/03\/1AA-Banner-1-portada-imagen-10-1-copia-5-2.webp?resize=525%2C300&ssl=1 1.5x, https:\/\/i0.wp.com\/webdelmaestrocmf.com\/portal\/wp-content\/uploads\/2026\/03\/1AA-Banner-1-portada-imagen-10-1-copia-5-2.webp?resize=700%2C400&ssl=1 2x, https:\/\/i0.wp.com\/webdelmaestrocmf.com\/portal\/wp-content\/uploads\/2026\/03\/1AA-Banner-1-portada-imagen-10-1-copia-5-2.webp?resize=1050%2C600&ssl=1 3x"},"classes":[]},{"id":114942,"url":"https:\/\/webdelmaestrocmf.com\/portal\/ramon-espejo-la-profefobia-y-el-deterioro-del-oficio-docente-una-crisis-que-amenaza-al-sistema-educativo\/","url_meta":{"origin":114949,"position":2},"title":"Ram\u00f3n Espejo: La \u00abprofefobia\u00bb y el deterioro del oficio docente. Una crisis que amenaza al sistema educativo","author":"Web del Maestro CMF","date":"22 enero, 2026","format":false,"excerpt":"Reprender a un alumno o suspenderlo se ha convertido en un terreno minado: padres empoderados, directivos complacientes e inspectores que suelen ponerse del lado del reclamante bajo la premisa de suspensos \"injustos\" o supuestas \"man\u00edas\" del profesor.","rel":"","context":"En \u00abEntrevistas\u00bb","block_context":{"text":"Entrevistas","link":"https:\/\/webdelmaestrocmf.com\/portal\/category\/noticias\/entrevistas\/"},"img":{"alt_text":"","src":"https:\/\/i0.wp.com\/webdelmaestrocmf.com\/portal\/wp-content\/uploads\/2026\/01\/1A-Banner-1-portada-imagen-10-1-copia-21.webp?resize=350%2C200&ssl=1","width":350,"height":200,"srcset":"https:\/\/i0.wp.com\/webdelmaestrocmf.com\/portal\/wp-content\/uploads\/2026\/01\/1A-Banner-1-portada-imagen-10-1-copia-21.webp?resize=350%2C200&ssl=1 1x, https:\/\/i0.wp.com\/webdelmaestrocmf.com\/portal\/wp-content\/uploads\/2026\/01\/1A-Banner-1-portada-imagen-10-1-copia-21.webp?resize=525%2C300&ssl=1 1.5x, https:\/\/i0.wp.com\/webdelmaestrocmf.com\/portal\/wp-content\/uploads\/2026\/01\/1A-Banner-1-portada-imagen-10-1-copia-21.webp?resize=700%2C400&ssl=1 2x"},"classes":[]},{"id":117380,"url":"https:\/\/webdelmaestrocmf.com\/portal\/el-sistema-educativo-chino-baja-la-exigencia-ante-el-aumento-de-la-ansiedad-infantil\/","url_meta":{"origin":114949,"position":3},"title":"El sistema educativo chino baja la exigencia ante el aumento de la ansiedad infantil","author":"Web del Maestro CMF","date":"6 abril, 2026","format":false,"excerpt":"China reduce la presi\u00f3n escolar ante el aumento de ansiedad infantil, promoviendo menos tareas y m\u00e1s recreo. El reto sigue siendo cambiar una cultura que mide el \u00e9xito solo por notas.","rel":"","context":"En \u00abNoticias Internacionales\u00bb","block_context":{"text":"Noticias Internacionales","link":"https:\/\/webdelmaestrocmf.com\/portal\/category\/noticias-internacionales\/"},"img":{"alt_text":"","src":"https:\/\/i0.wp.com\/webdelmaestrocmf.com\/portal\/wp-content\/uploads\/2026\/04\/1AA-Banner-1-portada-imagen-10-1-copia-1-1.webp?resize=350%2C200&ssl=1","width":350,"height":200,"srcset":"https:\/\/i0.wp.com\/webdelmaestrocmf.com\/portal\/wp-content\/uploads\/2026\/04\/1AA-Banner-1-portada-imagen-10-1-copia-1-1.webp?resize=350%2C200&ssl=1 1x, https:\/\/i0.wp.com\/webdelmaestrocmf.com\/portal\/wp-content\/uploads\/2026\/04\/1AA-Banner-1-portada-imagen-10-1-copia-1-1.webp?resize=525%2C300&ssl=1 1.5x, https:\/\/i0.wp.com\/webdelmaestrocmf.com\/portal\/wp-content\/uploads\/2026\/04\/1AA-Banner-1-portada-imagen-10-1-copia-1-1.webp?resize=700%2C400&ssl=1 2x, https:\/\/i0.wp.com\/webdelmaestrocmf.com\/portal\/wp-content\/uploads\/2026\/04\/1AA-Banner-1-portada-imagen-10-1-copia-1-1.webp?resize=1050%2C600&ssl=1 3x"},"classes":[]},{"id":113880,"url":"https:\/\/webdelmaestrocmf.com\/portal\/profesora-es-criticada-por-decir-que-sus-alumnos-no-saben-nada-y-que-el-sistema-los-hace-pasar-de-curso-sin-aprender\/","url_meta":{"origin":114949,"position":4},"title":"Profesora es criticada por decir que \u201csus alumnos no saben nada\u201d y que el sistema los hace pasar de curso sin aprender","author":"Web del Maestro CMF","date":"9 abril, 2026","format":false,"excerpt":"Una profesora denuncia el bajo nivel acad\u00e9mico, cuestiona la promoci\u00f3n autom\u00e1tica y provoca un fuerte debate nacional tras revelar m\u00faltiples ceros en sus ex\u00e1menes.","rel":"","context":"En \u00abNoticias Internacionales\u00bb","block_context":{"text":"Noticias Internacionales","link":"https:\/\/webdelmaestrocmf.com\/portal\/category\/noticias-internacionales\/"},"img":{"alt_text":"","src":"https:\/\/i0.wp.com\/webdelmaestrocmf.com\/portal\/wp-content\/uploads\/2025\/12\/1AA-Banner-1-portada-imagen-10-1-copia-2.webp?resize=350%2C200&ssl=1","width":350,"height":200,"srcset":"https:\/\/i0.wp.com\/webdelmaestrocmf.com\/portal\/wp-content\/uploads\/2025\/12\/1AA-Banner-1-portada-imagen-10-1-copia-2.webp?resize=350%2C200&ssl=1 1x, https:\/\/i0.wp.com\/webdelmaestrocmf.com\/portal\/wp-content\/uploads\/2025\/12\/1AA-Banner-1-portada-imagen-10-1-copia-2.webp?resize=525%2C300&ssl=1 1.5x, https:\/\/i0.wp.com\/webdelmaestrocmf.com\/portal\/wp-content\/uploads\/2025\/12\/1AA-Banner-1-portada-imagen-10-1-copia-2.webp?resize=700%2C400&ssl=1 2x, https:\/\/i0.wp.com\/webdelmaestrocmf.com\/portal\/wp-content\/uploads\/2025\/12\/1AA-Banner-1-portada-imagen-10-1-copia-2.webp?resize=1050%2C600&ssl=1 3x"},"classes":[]},{"id":117473,"url":"https:\/\/webdelmaestrocmf.com\/portal\/china-replantea-su-modelo-educativo-menos-presion-mas-bienestar\/","url_meta":{"origin":114949,"position":5},"title":"China replantea su modelo educativo: menos presi\u00f3n, m\u00e1s bienestar","author":"Web del Maestro CMF","date":"8 abril, 2026","format":false,"excerpt":"La presi\u00f3n acad\u00e9mica excesiva afecta el bienestar estudiantil. Reducir tareas, limitar evaluaciones y priorizar el equilibrio emocional es clave para una educaci\u00f3n que forme personas, no solo estudiantes competitivos y eficientes.","rel":"","context":"En \u00abNoticias Internacionales\u00bb","block_context":{"text":"Noticias Internacionales","link":"https:\/\/webdelmaestrocmf.com\/portal\/category\/noticias-internacionales\/"},"img":{"alt_text":"","src":"https:\/\/i0.wp.com\/webdelmaestrocmf.com\/portal\/wp-content\/uploads\/2026\/04\/1-4.webp?resize=350%2C200&ssl=1","width":350,"height":200,"srcset":"https:\/\/i0.wp.com\/webdelmaestrocmf.com\/portal\/wp-content\/uploads\/2026\/04\/1-4.webp?resize=350%2C200&ssl=1 1x, https:\/\/i0.wp.com\/webdelmaestrocmf.com\/portal\/wp-content\/uploads\/2026\/04\/1-4.webp?resize=525%2C300&ssl=1 1.5x, https:\/\/i0.wp.com\/webdelmaestrocmf.com\/portal\/wp-content\/uploads\/2026\/04\/1-4.webp?resize=700%2C400&ssl=1 2x, https:\/\/i0.wp.com\/webdelmaestrocmf.com\/portal\/wp-content\/uploads\/2026\/04\/1-4.webp?resize=1050%2C600&ssl=1 3x"},"classes":[]}],"_links":{"self":[{"href":"https:\/\/webdelmaestrocmf.com\/portal\/wp-json\/wp\/v2\/posts\/114949","targetHints":{"allow":["GET"]}}],"collection":[{"href":"https:\/\/webdelmaestrocmf.com\/portal\/wp-json\/wp\/v2\/posts"}],"about":[{"href":"https:\/\/webdelmaestrocmf.com\/portal\/wp-json\/wp\/v2\/types\/post"}],"author":[{"embeddable":true,"href":"https:\/\/webdelmaestrocmf.com\/portal\/wp-json\/wp\/v2\/users\/1"}],"replies":[{"embeddable":true,"href":"https:\/\/webdelmaestrocmf.com\/portal\/wp-json\/wp\/v2\/comments?post=114949"}],"version-history":[{"count":2,"href":"https:\/\/webdelmaestrocmf.com\/portal\/wp-json\/wp\/v2\/posts\/114949\/revisions"}],"predecessor-version":[{"id":114954,"href":"https:\/\/webdelmaestrocmf.com\/portal\/wp-json\/wp\/v2\/posts\/114949\/revisions\/114954"}],"wp:featuredmedia":[{"embeddable":true,"href":"https:\/\/webdelmaestrocmf.com\/portal\/wp-json\/wp\/v2\/media\/114952"}],"wp:attachment":[{"href":"https:\/\/webdelmaestrocmf.com\/portal\/wp-json\/wp\/v2\/media?parent=114949"}],"wp:term":[{"taxonomy":"category","embeddable":true,"href":"https:\/\/webdelmaestrocmf.com\/portal\/wp-json\/wp\/v2\/categories?post=114949"},{"taxonomy":"post_tag","embeddable":true,"href":"https:\/\/webdelmaestrocmf.com\/portal\/wp-json\/wp\/v2\/tags?post=114949"}],"curies":[{"name":"wp","href":"https:\/\/api.w.org\/{rel}","templated":true}]}}