{"id":114718,"date":"2026-01-11T19:24:31","date_gmt":"2026-01-11T22:24:31","guid":{"rendered":"https:\/\/webdelmaestrocmf.com\/portal\/?p=114718"},"modified":"2026-01-11T19:28:51","modified_gmt":"2026-01-11T22:28:51","slug":"generacion-z-jovenes-de-20-anos-sin-licencia-y-con-mayor-dependencia-del-transporte-familiar-y-alternativo","status":"publish","type":"post","link":"https:\/\/webdelmaestrocmf.com\/portal\/generacion-z-jovenes-de-20-anos-sin-licencia-y-con-mayor-dependencia-del-transporte-familiar-y-alternativo\/","title":{"rendered":"Generaci\u00f3n Z: j\u00f3venes de 20 a\u00f1os sin licencia y con mayor dependencia del transporte familiar y alternativo"},"content":{"rendered":"\n<p>En la \u00faltima d\u00e9cada se ha observado una <strong>tendencia global significativa en la forma en que los j\u00f3venes de la Generaci\u00f3n Z (nacidos entre mediados de los a\u00f1os 1990 y principios de la d\u00e9cada de 2010)<\/strong> se relacionan con la conducci\u00f3n y la movilidad urbana. Diversos estudios, datos oficiales y an\u00e1lisis period\u00edsticos se\u00f1alan que <strong>una proporci\u00f3n creciente de j\u00f3venes llega a los 20 a\u00f1os sin contar con una licencia de conducir<\/strong>, que <strong>el valor cultural del auto como s\u00edmbolo de independencia ha disminuido<\/strong>, y que <strong>otros medios de transporte alternativo son cada vez m\u00e1s habituales<\/strong>.<\/p>\n\n\n\n<h2 class=\"wp-block-heading\"><strong>Descenso en las tasas de licencias de conducir<\/strong><\/h2>\n\n\n\n<p>Una de las evidencias m\u00e1s claras de este fen\u00f3meno se observa en las estad\u00edsticas de licencias de conducir en diferentes pa\u00edses:<\/p>\n\n\n\n<ul class=\"wp-block-list\">\n<li><strong>En Chile<\/strong>, seg\u00fan cifras del Instituto Nacional de Estad\u00edsticas (INE), la <strong>obtenci\u00f3n de licencias de conducir entre personas de entre 17 y 29 a\u00f1os disminuy\u00f3 en aproximadamente un 30 % en los \u00faltimos diez a\u00f1os (2012\u20132022)<\/strong>. Esto indica una menor proporci\u00f3n de j\u00f3venes tramitando licencias en comparaci\u00f3n con a\u00f1os anteriores.<\/li>\n\n\n\n<li><strong>En Estados Unidos y otros contextos similares<\/strong>, el porcentaje de adolescentes con licencia ha ca\u00eddo notablemente con el tiempo. Por ejemplo, estudios muestran que <strong>solo una proporci\u00f3n reducida de j\u00f3venes de 16 a 20 a\u00f1os obtiene la licencia en comparaci\u00f3n con d\u00e9cadas pasadas<\/strong>. Datos comparativos reportan que el porcentaje de 16-a\u00f1os con licencia pas\u00f3 de cerca del 46 % en la d\u00e9cada de 1980 a alrededor de 25 % en 2021.<\/li>\n\n\n\n<li>Investigaciones sociol\u00f3gicas y de movilidad indican que <strong>la proporci\u00f3n de j\u00f3venes de la Generaci\u00f3n Z que obtiene una licencia en la adolescencia es menor que la de generaciones anteriores<\/strong>.<\/li>\n<\/ul>\n\n\n\n<p>Estos datos reflejan una tendencia sostenida: <strong>cada vez menos j\u00f3venes optan por conducir a edades tempranas<\/strong>, lo que se traduce en mayores porcentajes de adultos j\u00f3venes que, al llegar a los 20 a\u00f1os, <strong>no tienen licencia de conducir<\/strong>.<\/p>\n\n\n\n<h2 class=\"wp-block-heading\"><strong>Factores que explican esta tendencia<\/strong><\/h2>\n\n\n\n<p>Las razones detr\u00e1s de esta disminuci\u00f3n no se explican por un solo factor, sino por una confluencia de situaciones econ\u00f3micas, culturales y tecnol\u00f3gicas:<\/p>\n\n\n\n<h3 class=\"wp-block-heading\"><strong>1. Costos econ\u00f3micos elevados<\/strong><\/h3>\n\n\n\n<p>Poseer y mantener un veh\u00edculo (incluyendo la licencia, las clases de manejo, el seguro, combustible y mantenimiento) ha aumentado considerablemente, lo cual desincentiva a muchos j\u00f3venes que enfrentan otras prioridades econ\u00f3micas.<\/p>\n\n\n\n<h3 class=\"wp-block-heading\"><strong>2. Cultura y cambios sociales<\/strong><\/h3>\n\n\n\n<p>La licencia de conducir dej\u00f3 de ser vista como un \u201crito de paso\u201d indispensable. Para muchos j\u00f3venes, <strong>la independencia se construye a trav\u00e9s de experiencias digitales y redes sociales<\/strong>, con menor presi\u00f3n por obtener un auto como s\u00edmbolo de libertad.<\/p>\n\n\n\n<h3 class=\"wp-block-heading\"><strong>3. Acceso a transporte alternativo<\/strong><\/h3>\n\n\n\n<p>La proliferaci\u00f3n de <strong>servicios de transporte mediante aplicaciones (como Uber y Lyft)<\/strong>, as\u00ed como el uso de transporte p\u00fablico, bicicletas, scooters el\u00e9ctricos y otros medios, ofrece alternativas c\u00f3modas sin necesidad de conducir. Incluso l\u00edderes de la industria han se\u00f1alado que estas tendencias influyen en decisiones de movilidad de los j\u00f3venes.<\/p>\n\n\n\n<h2 class=\"wp-block-heading\"><strong>Dependencia familiar y alternativas de transporte<\/strong><\/h2>\n\n\n\n<p>Si bien los datos directos sobre \u201cdependencia familiar\u201d \u2014como la frecuencia con que los j\u00f3venes son transportados por sus padres o familiares\u2014 no est\u00e1n disponibles en forma estad\u00edstica global, <strong>la menor proporci\u00f3n de j\u00f3venes con licencia implica l\u00f3gicamente una mayor necesidad de apoyo externo para la movilidad<\/strong>. Esto puede traducirse en:<\/p>\n\n\n\n<ul class=\"wp-block-list\">\n<li>Apoyo de <strong>familiares o amigos<\/strong> para desplazarse a actividades laborales, educativas o sociales.<\/li>\n\n\n\n<li>Uso habitual de <strong>ride-hailing o transporte compartido<\/strong>.<\/li>\n\n\n\n<li>Mayor utilizaci\u00f3n de <strong>transporte p\u00fablico y opciones de movilidad urbana<\/strong>.<\/li>\n<\/ul>\n\n\n\n<p>En combinaci\u00f3n, estas pr\u00e1cticas sugieren que muchos j\u00f3venes <strong>no dependen exclusivamente de su propio veh\u00edculo para desplazarse<\/strong> y optan por otras formas de movilidad cuando no han obtenido una licencia de conducir.<\/p>\n\n\n\n<h2 class=\"wp-block-heading\"><strong>Implicaciones sociales y futuras perspectivas<\/strong><\/h2>\n\n\n\n<p>Este cambio en las din\u00e1micas de movilidad tiene implicaciones m\u00e1s amplias:<\/p>\n\n\n\n<ul class=\"wp-block-list\">\n<li><strong>Planificaci\u00f3n urbana y transporte p\u00fablico<\/strong>: La menor dependencia del autom\u00f3vil puede incentivar sistemas de transporte m\u00e1s sostenibles y eficientes.<\/li>\n\n\n\n<li><strong>Pol\u00edticas de movilidad juvenil<\/strong>: Comprender las preferencias y necesidades de la Generaci\u00f3n Z es crucial para dise\u00f1ar programas que promuevan la inclusi\u00f3n social y la accesibilidad.<\/li>\n\n\n\n<li><strong>Cultura de independencia<\/strong>: La independencia de los j\u00f3venes se redefine, ya no exclusivamente asociada con poseer licencias o autos, sino con la capacidad de moverse y participar socialmente por diversos medios.<\/li>\n<\/ul>\n\n\n\n<hr class=\"wp-block-separator has-alpha-channel-opacity\"\/>\n\n\n\n<p>La afirmaci\u00f3n de que <strong>cada vez m\u00e1s j\u00f3venes de la Generaci\u00f3n Z llegan a los 20 a\u00f1os sin licencia de conducir, con mayor dependencia de familiares o de medios alternativos de transporte<\/strong> es <strong>ampliamente respaldada por evidencia estad\u00edstica y an\u00e1lisis socioculturales actuales<\/strong>. Los datos muestran una tendencia global en la reducci\u00f3n de licencias juveniles y un aumento de opciones de movilidad que reemplazan en parte la necesidad de conducir.<\/p>\n\n\n\n<p>Si necesitas este art\u00edculo adaptado para <strong>una publicaci\u00f3n acad\u00e9mica, un blog period\u00edstico, una presentaci\u00f3n escolar o para redes sociales<\/strong>, puedo ayudarte a ajustar su estilo, longitud y enfoque.<br><\/p>\n\n\n\n<h2 class=\"wp-block-heading\"><strong>Fuentes y bibliograf\u00eda<\/strong><\/h2>\n\n\n\n<ol class=\"wp-block-list\">\n<li><strong>La Tercera<\/strong> (Chile).<br><em>Los j\u00f3venes ya no quieren manejar: caen las licencias de conducir y cambian las formas de movilidad.<\/em> <a href=\"https:\/\/www.latercera.com\/tendencias\/noticia\/los-jovenes-ya-no-quieren-manejar\/G5IN7B6ILVDUBPRK5IRCMQCIRQ\/?utm_source=chatgpt.com\">latercera.com<\/a><\/li>\n\n\n\n<li><strong>Progressive Insurance \u2013 Research &amp; Insights<\/strong> (Estados Unidos).<br><em>Why are teens driving less?<\/em> <a href=\"https:\/\/www.progressive.com\/resources\/insights\/why-are-teens-driving-less\/?utm_source=chatgpt.com\">progressive.com<\/a><\/li>\n\n\n\n<li><strong>Entrepreneur en Espa\u00f1ol.<\/strong><br><em>Cada vez menos integrantes de la Generaci\u00f3n Z est\u00e1n interesados en conducir.<\/em> <a href=\"https:\/\/spanish.entrepreneur.com\/noticias\/cada-vez-menos-integrantes-de-la-generacion-z-estan\/492280?utm_source=chatgpt.com\">spanish.entrepreneur.com<\/a><\/li>\n\n\n\n<li><strong>Calendar.com \u2013 Behavioral &amp; Lifestyle Analysis.<\/strong><br><em>Gen Z redefines freedom: the declining appeal of driver\u2019s licenses.<\/em> <a href=\"https:\/\/www.calendar.com\/blog\/gen-z-redefines-freedom-the-declining-appeal-of-drivers-licenses\/?utm_source=chatgpt.com\">calendar.com<\/a><\/li>\n<\/ol>\n\n\n\n<hr class=\"wp-block-separator has-alpha-channel-opacity\"\/>\n\n\n\n<blockquote class=\"wp-block-quote is-layout-flow wp-block-quote-is-layout-flow\">\n<p class=\"has-text-align-center\"><em>Las fuentes citadas corresponden a informes oficiales, estudios acad\u00e9micos y an\u00e1lisis period\u00edsticos reconocidos, utilizados para contextualizar tendencias generales de movilidad en j\u00f3venes de la Generaci\u00f3n Z. Los datos pueden variar seg\u00fan pa\u00eds, zona urbana o rural.<\/em><\/p>\n<\/blockquote>\n\n\n\n<p class=\"has-text-align-right\"><strong>Redacci\u00f3n | Web del Maestro CMF<\/strong><\/p>\n\n\n\t\t<div class=\"pk-inline-posts\">\n\t\t\t\n\t\t\t<div class=\"pk-inline-posts-container pk-inline-posts-template-list\"\n\t\t\t\tdata-columns=\"1\">\n\t\t\t\t\t\t<article id=\"post-118433\" class=\"post-118433 post type-post status-publish format-standard has-post-thumbnail category-noticias-internacionales tag-aprendizaje tag-atencion-en-el-aula-2 tag-docentes tag-educacion-3 tag-estrategias-didacticas-2 tag-innovacion-educativa-3 tag-motivacion-escolar-2 tag-neuroeducacion-2 tag-pedagogia-3 tag-tecnologia-educativa-3 cs-entry cs-video-wrap\">\n\t\t\t<div class=\"pk-post-outer\">\n\n\t\t\t\t\t\t\t\t<div class=\"pk-post-inner\">\n\t\t\t\t\t<div class=\"entry-thumbnail\">\n\t\t\t\t\t\t<div class=\"pk-overlay pk-overlay-ratio pk-ratio-landscape\">\n\t\t\t\t\t\t\t<div class=\"pk-overlay-background\">\n\t\t\t\t\t\t\t\t<a href=\"https:\/\/webdelmaestrocmf.com\/portal\/9-de-cada-10-maestros-confirman-que-los-alumnos-ya-no-prestan-atencion-en-clase\/\" class=\"pk-overlay-link\">\n\t\t\t\t\t\t\t\t\t<img loading=\"lazy\" decoding=\"async\" width=\"300\" height=\"225\" src=\"https:\/\/webdelmaestrocmf.com\/portal\/wp-content\/uploads\/2026\/04\/1AA-Banner-1-portada-imagen-10-1-copia-1-10-300x225.webp\" class=\"attachment-pk-thumbnail size-pk-thumbnail wp-post-image\" alt=\"\" \/>\t\t\t\t\t\t\t\t<\/a>\n\t\t\t\t\t\t\t<\/div>\n\t\t\t\t\t\t<\/div>\n\t\t\t\t\t<\/div>\n\t\t\t\t<\/div>\n\t\t\t\t\n\t\t\t\t<div class=\"pk-post-inner\">\n\t\t\t\t\t<header>\n\t\t\t\t\t\t<h3 class=\"pk-title\"><a href=\"https:\/\/webdelmaestrocmf.com\/portal\/9-de-cada-10-maestros-confirman-que-los-alumnos-ya-no-prestan-atencion-en-clase\/\" rel=\"bookmark\">9 de cada 10 maestros confirman que los alumnos ya no prestan atenci\u00f3n en clase<\/a><\/h3>\t\t\t\t\t<\/header><!-- .entry-header -->\n\t\t\t\t<\/div><!-- .post-inner -->\n\n\t\t\t<\/div><!-- .post-outer -->\n\t\t<\/article>\n\t\t\t<article id=\"post-118385\" class=\"post-118385 post type-post status-publish format-standard has-post-thumbnail category-noticias-internacionales tag-accidente-escolar tag-comunidad-escolar tag-cuidado-infantil tag-derechos-del-nino tag-educacion-segura tag-gestion-educativa-3 tag-prevencion-riesgos tag-responsabilidad-educativa tag-seguridad-escolar tag-supervision-docente cs-entry cs-video-wrap\">\n\t\t\t<div class=\"pk-post-outer\">\n\n\t\t\t\t\t\t\t\t<div class=\"pk-post-inner\">\n\t\t\t\t\t<div class=\"entry-thumbnail\">\n\t\t\t\t\t\t<div class=\"pk-overlay pk-overlay-ratio pk-ratio-landscape\">\n\t\t\t\t\t\t\t<div class=\"pk-overlay-background\">\n\t\t\t\t\t\t\t\t<a href=\"https:\/\/webdelmaestrocmf.com\/portal\/nina-fallece-tras-presunto-tropiezo-en-escuela-pero-su-padre-desmiente-la-version-me-encontre-a-mi-hija-toda-ensangrentada\/\" class=\"pk-overlay-link\">\n\t\t\t\t\t\t\t\t\t<img loading=\"lazy\" decoding=\"async\" width=\"300\" height=\"225\" src=\"https:\/\/webdelmaestrocmf.com\/portal\/wp-content\/uploads\/2026\/04\/1AA-Banner-1-portada-imagen-10-1-copia-4-3-300x225.webp\" class=\"attachment-pk-thumbnail size-pk-thumbnail wp-post-image\" alt=\"\" \/>\t\t\t\t\t\t\t\t<\/a>\n\t\t\t\t\t\t\t<\/div>\n\t\t\t\t\t\t<\/div>\n\t\t\t\t\t<\/div>\n\t\t\t\t<\/div>\n\t\t\t\t\n\t\t\t\t<div class=\"pk-post-inner\">\n\t\t\t\t\t<header>\n\t\t\t\t\t\t<h3 class=\"pk-title\"><a href=\"https:\/\/webdelmaestrocmf.com\/portal\/nina-fallece-tras-presunto-tropiezo-en-escuela-pero-su-padre-desmiente-la-version-me-encontre-a-mi-hija-toda-ensangrentada\/\" rel=\"bookmark\">Ni\u00f1a fallece tras presunto tropiezo en escuela, pero su padre desmiente la versi\u00f3n: \u201cMe encontr\u00e9 a mi hija toda ensangrentada\u201d<\/a><\/h3>\t\t\t\t\t<\/header><!-- .entry-header -->\n\t\t\t\t<\/div><!-- .post-inner -->\n\n\t\t\t<\/div><!-- .post-outer -->\n\t\t<\/article>\n\t\t\t<article id=\"post-118342\" class=\"post-118342 post type-post status-publish format-standard has-post-thumbnail category-noticias-internacionales tag-alfabetizacion tag-aprendizaje tag-comprension-lectora tag-docentes tag-educacion tag-escuela tag-innovacion-educativa tag-lectura tag-pedagogia tag-tecnologia-educativa cs-entry cs-video-wrap\">\n\t\t\t<div class=\"pk-post-outer\">\n\n\t\t\t\t\t\t\t\t<div class=\"pk-post-inner\">\n\t\t\t\t\t<div class=\"entry-thumbnail\">\n\t\t\t\t\t\t<div class=\"pk-overlay pk-overlay-ratio pk-ratio-landscape\">\n\t\t\t\t\t\t\t<div class=\"pk-overlay-background\">\n\t\t\t\t\t\t\t\t<a href=\"https:\/\/webdelmaestrocmf.com\/portal\/apagon-digital-en-la-escuela-suecia-frena-la-inversion-en-pantallas-y-vuelve-a-los-libros\/\" class=\"pk-overlay-link\">\n\t\t\t\t\t\t\t\t\t<img loading=\"lazy\" decoding=\"async\" width=\"300\" height=\"225\" src=\"https:\/\/webdelmaestrocmf.com\/portal\/wp-content\/uploads\/2026\/04\/1AA-Banner-1-portada-imagen-10-1-copia-8-2-300x225.webp\" class=\"attachment-pk-thumbnail size-pk-thumbnail wp-post-image\" alt=\"\" \/>\t\t\t\t\t\t\t\t<\/a>\n\t\t\t\t\t\t\t<\/div>\n\t\t\t\t\t\t<\/div>\n\t\t\t\t\t<\/div>\n\t\t\t\t<\/div>\n\t\t\t\t\n\t\t\t\t<div class=\"pk-post-inner\">\n\t\t\t\t\t<header>\n\t\t\t\t\t\t<h3 class=\"pk-title\"><a href=\"https:\/\/webdelmaestrocmf.com\/portal\/apagon-digital-en-la-escuela-suecia-frena-la-inversion-en-pantallas-y-vuelve-a-los-libros\/\" rel=\"bookmark\">\u00bfApag\u00f3n digital en la escuela? Suecia frena la inversi\u00f3n en pantallas y vuelve a los libros<\/a><\/h3>\t\t\t\t\t<\/header><!-- .entry-header -->\n\t\t\t\t<\/div><!-- .post-inner -->\n\n\t\t\t<\/div><!-- .post-outer -->\n\t\t<\/article>\n\t\t\t\t<\/div>\n\t\t<\/div>\n\t\t\n","protected":false},"excerpt":{"rendered":"El costo del auto, nuevas tecnolog\u00edas y cambios culturales explican por qu\u00e9 muchos j\u00f3venes priorizan movilidad digital y transporte alternativo.","protected":false},"author":1,"featured_media":114721,"comment_status":"open","ping_status":"closed","sticky":false,"template":"","format":"standard","meta":{"csco_display_header_overlay":false,"csco_singular_sidebar":"","csco_page_header_type":"","csco_page_load_nextpost":"","csco_post_video_location":[],"csco_post_video_location_hash":"","csco_post_video_url":"","csco_post_video_bg_start_time":0,"csco_post_video_bg_end_time":0,"csco_post_video_bg_volume":false,"_jetpack_memberships_contains_paid_content":false,"footnotes":""},"categories":[23790],"tags":[25159,25156,25157,25155,25160,25154,15820,25158,25161],"class_list":{"0":"post-114718","1":"post","2":"type-post","3":"status-publish","4":"format-standard","5":"has-post-thumbnail","7":"category-noticias-internacionales","8":"tag-autonomia-juvenil","9":"tag-cambio-generacional","10":"tag-generacion-z-2","11":"tag-juventud-actual","12":"tag-licencia-de-conducir","13":"tag-movilidad-juvenil","14":"tag-tendencias-sociales","15":"tag-transporte-alternativo","16":"tag-vida-urbana","17":"cs-entry","18":"cs-video-wrap"},"yoast_head":"<!-- This site is optimized with the Yoast SEO plugin v27.5 - https:\/\/yoast.com\/product\/yoast-seo-wordpress\/ -->\n<title>Generaci\u00f3n Z: j\u00f3venes de 20 a\u00f1os sin licencia y con mayor dependencia del transporte familiar y alternativo - 2026<\/title>\n<meta name=\"description\" content=\"En la \u00faltima d\u00e9cada se ha observado una tendencia global significativa en la forma en que los j\u00f3venes de la Generaci\u00f3n Z (nacidos entre...\" \/>\n<meta name=\"robots\" content=\"index, follow, max-snippet:-1, max-image-preview:large, max-video-preview:-1\" \/>\n<link rel=\"canonical\" href=\"https:\/\/webdelmaestrocmf.com\/portal\/generacion-z-jovenes-de-20-anos-sin-licencia-y-con-mayor-dependencia-del-transporte-familiar-y-alternativo\/\" \/>\n<meta property=\"og:locale\" content=\"es_ES\" \/>\n<meta property=\"og:type\" content=\"article\" \/>\n<meta property=\"og:title\" content=\"Generaci\u00f3n Z: j\u00f3venes de 20 a\u00f1os sin licencia y con mayor dependencia del transporte familiar y alternativo - 2026\" \/>\n<meta property=\"og:description\" content=\"En la \u00faltima d\u00e9cada se ha observado una tendencia global significativa en la forma en que los j\u00f3venes de la Generaci\u00f3n Z (nacidos entre...\" \/>\n<meta property=\"og:url\" content=\"https:\/\/webdelmaestrocmf.com\/portal\/generacion-z-jovenes-de-20-anos-sin-licencia-y-con-mayor-dependencia-del-transporte-familiar-y-alternativo\/\" \/>\n<meta property=\"og:site_name\" content=\"Web del Maestro CMF\" \/>\n<meta property=\"article:publisher\" content=\"https:\/\/www.facebook.com\/WebdelMaestroCMF\/\" \/>\n<meta property=\"article:author\" content=\"https:\/\/www.facebook.com\/WebdelMaestroCMF\/\" \/>\n<meta property=\"article:published_time\" content=\"2026-01-11T22:24:31+00:00\" \/>\n<meta property=\"article:modified_time\" content=\"2026-01-11T22:28:51+00:00\" \/>\n<meta property=\"og:image\" content=\"https:\/\/webdelmaestrocmf.com\/portal\/wp-content\/uploads\/2026\/01\/1A-Banner-1-portada-imagen-10-1-copia-2-5.webp\" \/>\n\t<meta property=\"og:image:width\" content=\"1000\" \/>\n\t<meta property=\"og:image:height\" content=\"667\" \/>\n\t<meta property=\"og:image:type\" content=\"image\/webp\" \/>\n<meta name=\"author\" content=\"Web del Maestro CMF\" \/>\n<meta name=\"twitter:card\" content=\"summary_large_image\" \/>\n<meta name=\"twitter:creator\" content=\"@cmf_w\" \/>\n<meta name=\"twitter:site\" content=\"@cmf_w\" \/>\n<script type=\"application\/ld+json\" class=\"yoast-schema-graph\">{\"@context\":\"https:\\\/\\\/schema.org\",\"@graph\":[{\"@type\":\"ScholarlyArticle\",\"@id\":\"https:\\\/\\\/webdelmaestrocmf.com\\\/portal\\\/generacion-z-jovenes-de-20-anos-sin-licencia-y-con-mayor-dependencia-del-transporte-familiar-y-alternativo\\\/#article\",\"isPartOf\":{\"@id\":\"https:\\\/\\\/webdelmaestrocmf.com\\\/portal\\\/generacion-z-jovenes-de-20-anos-sin-licencia-y-con-mayor-dependencia-del-transporte-familiar-y-alternativo\\\/\"},\"author\":{\"name\":\"Web del Maestro CMF\",\"@id\":\"https:\\\/\\\/webdelmaestrocmf.com\\\/portal\\\/#\\\/schema\\\/person\\\/1072a2ed7bd960df8ef99a551fa35dc5\"},\"headline\":\"Generaci\u00f3n Z: j\u00f3venes de 20 a\u00f1os sin licencia y con mayor dependencia del transporte familiar y alternativo\",\"datePublished\":\"2026-01-11T22:24:31+00:00\",\"dateModified\":\"2026-01-11T22:28:51+00:00\",\"mainEntityOfPage\":{\"@id\":\"https:\\\/\\\/webdelmaestrocmf.com\\\/portal\\\/generacion-z-jovenes-de-20-anos-sin-licencia-y-con-mayor-dependencia-del-transporte-familiar-y-alternativo\\\/\"},\"wordCount\":1011,\"commentCount\":0,\"publisher\":{\"@id\":\"https:\\\/\\\/webdelmaestrocmf.com\\\/portal\\\/#organization\"},\"image\":{\"@id\":\"https:\\\/\\\/webdelmaestrocmf.com\\\/portal\\\/generacion-z-jovenes-de-20-anos-sin-licencia-y-con-mayor-dependencia-del-transporte-familiar-y-alternativo\\\/#primaryimage\"},\"thumbnailUrl\":\"https:\\\/\\\/webdelmaestrocmf.com\\\/portal\\\/wp-content\\\/uploads\\\/2026\\\/01\\\/1A-Banner-1-portada-imagen-10-1-copia-2-5.webp\",\"keywords\":[\"autonom\u00eda juvenil\",\"cambio generacional\",\"Generaci\u00f3n Z\",\"juventud actual\",\"licencia de conducir\",\"movilidad juvenil\",\"TENDENCIAS SOCIALES\",\"transporte alternativo\",\"vida urbana\"],\"articleSection\":[\"Noticias Internacionales\"],\"inLanguage\":\"es\",\"potentialAction\":[{\"@type\":\"CommentAction\",\"name\":\"Comment\",\"target\":[\"https:\\\/\\\/webdelmaestrocmf.com\\\/portal\\\/generacion-z-jovenes-de-20-anos-sin-licencia-y-con-mayor-dependencia-del-transporte-familiar-y-alternativo\\\/#respond\"]}]},{\"@type\":\"WebPage\",\"@id\":\"https:\\\/\\\/webdelmaestrocmf.com\\\/portal\\\/generacion-z-jovenes-de-20-anos-sin-licencia-y-con-mayor-dependencia-del-transporte-familiar-y-alternativo\\\/\",\"url\":\"https:\\\/\\\/webdelmaestrocmf.com\\\/portal\\\/generacion-z-jovenes-de-20-anos-sin-licencia-y-con-mayor-dependencia-del-transporte-familiar-y-alternativo\\\/\",\"name\":\"Generaci\u00f3n Z: j\u00f3venes de 20 a\u00f1os sin licencia y con mayor dependencia del transporte familiar y alternativo - 2026\",\"isPartOf\":{\"@id\":\"https:\\\/\\\/webdelmaestrocmf.com\\\/portal\\\/#website\"},\"primaryImageOfPage\":{\"@id\":\"https:\\\/\\\/webdelmaestrocmf.com\\\/portal\\\/generacion-z-jovenes-de-20-anos-sin-licencia-y-con-mayor-dependencia-del-transporte-familiar-y-alternativo\\\/#primaryimage\"},\"image\":{\"@id\":\"https:\\\/\\\/webdelmaestrocmf.com\\\/portal\\\/generacion-z-jovenes-de-20-anos-sin-licencia-y-con-mayor-dependencia-del-transporte-familiar-y-alternativo\\\/#primaryimage\"},\"thumbnailUrl\":\"https:\\\/\\\/webdelmaestrocmf.com\\\/portal\\\/wp-content\\\/uploads\\\/2026\\\/01\\\/1A-Banner-1-portada-imagen-10-1-copia-2-5.webp\",\"datePublished\":\"2026-01-11T22:24:31+00:00\",\"dateModified\":\"2026-01-11T22:28:51+00:00\",\"description\":\"En la \u00faltima d\u00e9cada se ha observado una tendencia global significativa en la forma en que los j\u00f3venes de la Generaci\u00f3n Z (nacidos entre...\",\"breadcrumb\":{\"@id\":\"https:\\\/\\\/webdelmaestrocmf.com\\\/portal\\\/generacion-z-jovenes-de-20-anos-sin-licencia-y-con-mayor-dependencia-del-transporte-familiar-y-alternativo\\\/#breadcrumb\"},\"inLanguage\":\"es\",\"potentialAction\":[{\"@type\":\"ReadAction\",\"target\":[\"https:\\\/\\\/webdelmaestrocmf.com\\\/portal\\\/generacion-z-jovenes-de-20-anos-sin-licencia-y-con-mayor-dependencia-del-transporte-familiar-y-alternativo\\\/\"]}]},{\"@type\":\"ImageObject\",\"inLanguage\":\"es\",\"@id\":\"https:\\\/\\\/webdelmaestrocmf.com\\\/portal\\\/generacion-z-jovenes-de-20-anos-sin-licencia-y-con-mayor-dependencia-del-transporte-familiar-y-alternativo\\\/#primaryimage\",\"url\":\"https:\\\/\\\/webdelmaestrocmf.com\\\/portal\\\/wp-content\\\/uploads\\\/2026\\\/01\\\/1A-Banner-1-portada-imagen-10-1-copia-2-5.webp\",\"contentUrl\":\"https:\\\/\\\/webdelmaestrocmf.com\\\/portal\\\/wp-content\\\/uploads\\\/2026\\\/01\\\/1A-Banner-1-portada-imagen-10-1-copia-2-5.webp\",\"width\":1000,\"height\":667},{\"@type\":\"BreadcrumbList\",\"@id\":\"https:\\\/\\\/webdelmaestrocmf.com\\\/portal\\\/generacion-z-jovenes-de-20-anos-sin-licencia-y-con-mayor-dependencia-del-transporte-familiar-y-alternativo\\\/#breadcrumb\",\"itemListElement\":[{\"@type\":\"ListItem\",\"position\":1,\"name\":\"Portada\",\"item\":\"https:\\\/\\\/webdelmaestrocmf.com\\\/portal\\\/\"},{\"@type\":\"ListItem\",\"position\":2,\"name\":\"Noticias Internacionales\",\"item\":\"https:\\\/\\\/webdelmaestrocmf.com\\\/portal\\\/category\\\/noticias-internacionales\\\/\"},{\"@type\":\"ListItem\",\"position\":3,\"name\":\"Generaci\u00f3n Z: j\u00f3venes de 20 a\u00f1os sin licencia y con mayor dependencia del transporte familiar y alternativo\"}]},{\"@type\":\"WebSite\",\"@id\":\"https:\\\/\\\/webdelmaestrocmf.com\\\/portal\\\/#website\",\"url\":\"https:\\\/\\\/webdelmaestrocmf.com\\\/portal\\\/\",\"name\":\"Web del Maestro CMF\",\"description\":\"Maestros al servicio de la educaci\u00f3n\",\"publisher\":{\"@id\":\"https:\\\/\\\/webdelmaestrocmf.com\\\/portal\\\/#organization\"},\"alternateName\":\"WMCMF\",\"potentialAction\":[{\"@type\":\"SearchAction\",\"target\":{\"@type\":\"EntryPoint\",\"urlTemplate\":\"https:\\\/\\\/webdelmaestrocmf.com\\\/portal\\\/?s={search_term_string}\"},\"query-input\":{\"@type\":\"PropertyValueSpecification\",\"valueRequired\":true,\"valueName\":\"search_term_string\"}}],\"inLanguage\":\"es\"},{\"@type\":\"Organization\",\"@id\":\"https:\\\/\\\/webdelmaestrocmf.com\\\/portal\\\/#organization\",\"name\":\"Web del Maestro CMF\",\"alternateName\":\"WMCMF\",\"url\":\"https:\\\/\\\/webdelmaestrocmf.com\\\/portal\\\/\",\"logo\":{\"@type\":\"ImageObject\",\"inLanguage\":\"es\",\"@id\":\"https:\\\/\\\/webdelmaestrocmf.com\\\/portal\\\/#\\\/schema\\\/logo\\\/image\\\/\",\"url\":\"https:\\\/\\\/webdelmaestrocmf.com\\\/portal\\\/wp-content\\\/uploads\\\/2023\\\/01\\\/logo-wmcmf-2.png\",\"contentUrl\":\"https:\\\/\\\/webdelmaestrocmf.com\\\/portal\\\/wp-content\\\/uploads\\\/2023\\\/01\\\/logo-wmcmf-2.png\",\"width\":200,\"height\":60,\"caption\":\"Web del Maestro CMF\"},\"image\":{\"@id\":\"https:\\\/\\\/webdelmaestrocmf.com\\\/portal\\\/#\\\/schema\\\/logo\\\/image\\\/\"},\"sameAs\":[\"https:\\\/\\\/www.facebook.com\\\/WebdelMaestroCMF\\\/\",\"https:\\\/\\\/x.com\\\/cmf_w\",\"https:\\\/\\\/www.pinterest.com\\\/WMCMF\\\/\",\"https:\\\/\\\/www.linkedin.com\\\/company\\\/web-del-maestro-cmf\\\/\",\"https:\\\/\\\/www.instagram.com\\\/wmcmf\\\/\",\"https:\\\/\\\/www.youtube.com\\\/channel\\\/UCDPSvjbdodE5sHnC3OxutHw\",\"https:\\\/\\\/mastodon.social\\\/@wmcmf\",\"https:\\\/\\\/www.tiktok.com\\\/@webdelmaestrocmf\"]},{\"@type\":\"Person\",\"@id\":\"https:\\\/\\\/webdelmaestrocmf.com\\\/portal\\\/#\\\/schema\\\/person\\\/1072a2ed7bd960df8ef99a551fa35dc5\",\"name\":\"Web del Maestro CMF\",\"image\":{\"@type\":\"ImageObject\",\"inLanguage\":\"es\",\"@id\":\"https:\\\/\\\/secure.gravatar.com\\\/avatar\\\/23291dd5b5ae1077dcff3dbb04c3e02bd28403fa75af6d8787d5e97c5bbbe30b?s=96&d=mm&r=g\",\"url\":\"https:\\\/\\\/secure.gravatar.com\\\/avatar\\\/23291dd5b5ae1077dcff3dbb04c3e02bd28403fa75af6d8787d5e97c5bbbe30b?s=96&d=mm&r=g\",\"contentUrl\":\"https:\\\/\\\/secure.gravatar.com\\\/avatar\\\/23291dd5b5ae1077dcff3dbb04c3e02bd28403fa75af6d8787d5e97c5bbbe30b?s=96&d=mm&r=g\",\"caption\":\"Web del Maestro CMF\"},\"description\":\"Esta Web se cre\u00f3 sin fines de lucro, con fines educativos, cient\u00edficos y acad\u00e9micos, para personas que tengan dificultades y\\\/o inconvenientes en visualizar el material original. El objetivo es entregar recursos, compartir experiencias y materiales que ayuden a los padres de familia, maestros y estudiantes en su actualizaci\u00f3n y formaci\u00f3n permanente, en bien de la Educaci\u00f3n.\",\"sameAs\":[\"http:\\\/\\\/webdelmaestrocmf.com\\\/portal\",\"https:\\\/\\\/www.facebook.com\\\/WebdelMaestroCMF\\\/\",\"https:\\\/\\\/www.instagram.com\\\/wmcmf\\\/\",\"https:\\\/\\\/cl.linkedin.com\\\/company\\\/web-del-maestro-cmf\",\"https:\\\/\\\/www.pinterest.com\\\/WMCMF\\\/publicaciones\\\/\",\"https:\\\/\\\/x.com\\\/cmf_w\",\"https:\\\/\\\/www.youtube.com\\\/@WMCMF\"]}]}<\/script>\n<!-- \/ Yoast SEO plugin. -->","yoast_head_json":{"title":"Generaci\u00f3n Z: j\u00f3venes de 20 a\u00f1os sin licencia y con mayor dependencia del transporte familiar y alternativo - 2026","description":"En la \u00faltima d\u00e9cada se ha observado una tendencia global significativa en la forma en que los j\u00f3venes de la Generaci\u00f3n Z (nacidos entre...","robots":{"index":"index","follow":"follow","max-snippet":"max-snippet:-1","max-image-preview":"max-image-preview:large","max-video-preview":"max-video-preview:-1"},"canonical":"https:\/\/webdelmaestrocmf.com\/portal\/generacion-z-jovenes-de-20-anos-sin-licencia-y-con-mayor-dependencia-del-transporte-familiar-y-alternativo\/","og_locale":"es_ES","og_type":"article","og_title":"Generaci\u00f3n Z: j\u00f3venes de 20 a\u00f1os sin licencia y con mayor dependencia del transporte familiar y alternativo - 2026","og_description":"En la \u00faltima d\u00e9cada se ha observado una tendencia global significativa en la forma en que los j\u00f3venes de la Generaci\u00f3n Z (nacidos entre...","og_url":"https:\/\/webdelmaestrocmf.com\/portal\/generacion-z-jovenes-de-20-anos-sin-licencia-y-con-mayor-dependencia-del-transporte-familiar-y-alternativo\/","og_site_name":"Web del Maestro CMF","article_publisher":"https:\/\/www.facebook.com\/WebdelMaestroCMF\/","article_author":"https:\/\/www.facebook.com\/WebdelMaestroCMF\/","article_published_time":"2026-01-11T22:24:31+00:00","article_modified_time":"2026-01-11T22:28:51+00:00","og_image":[{"width":1000,"height":667,"url":"https:\/\/webdelmaestrocmf.com\/portal\/wp-content\/uploads\/2026\/01\/1A-Banner-1-portada-imagen-10-1-copia-2-5.webp","type":"image\/webp"}],"author":"Web del Maestro CMF","twitter_card":"summary_large_image","twitter_creator":"@cmf_w","twitter_site":"@cmf_w","schema":{"@context":"https:\/\/schema.org","@graph":[{"@type":"ScholarlyArticle","@id":"https:\/\/webdelmaestrocmf.com\/portal\/generacion-z-jovenes-de-20-anos-sin-licencia-y-con-mayor-dependencia-del-transporte-familiar-y-alternativo\/#article","isPartOf":{"@id":"https:\/\/webdelmaestrocmf.com\/portal\/generacion-z-jovenes-de-20-anos-sin-licencia-y-con-mayor-dependencia-del-transporte-familiar-y-alternativo\/"},"author":{"name":"Web del Maestro CMF","@id":"https:\/\/webdelmaestrocmf.com\/portal\/#\/schema\/person\/1072a2ed7bd960df8ef99a551fa35dc5"},"headline":"Generaci\u00f3n Z: j\u00f3venes de 20 a\u00f1os sin licencia y con mayor dependencia del transporte familiar y alternativo","datePublished":"2026-01-11T22:24:31+00:00","dateModified":"2026-01-11T22:28:51+00:00","mainEntityOfPage":{"@id":"https:\/\/webdelmaestrocmf.com\/portal\/generacion-z-jovenes-de-20-anos-sin-licencia-y-con-mayor-dependencia-del-transporte-familiar-y-alternativo\/"},"wordCount":1011,"commentCount":0,"publisher":{"@id":"https:\/\/webdelmaestrocmf.com\/portal\/#organization"},"image":{"@id":"https:\/\/webdelmaestrocmf.com\/portal\/generacion-z-jovenes-de-20-anos-sin-licencia-y-con-mayor-dependencia-del-transporte-familiar-y-alternativo\/#primaryimage"},"thumbnailUrl":"https:\/\/webdelmaestrocmf.com\/portal\/wp-content\/uploads\/2026\/01\/1A-Banner-1-portada-imagen-10-1-copia-2-5.webp","keywords":["autonom\u00eda juvenil","cambio generacional","Generaci\u00f3n Z","juventud actual","licencia de conducir","movilidad juvenil","TENDENCIAS SOCIALES","transporte alternativo","vida urbana"],"articleSection":["Noticias Internacionales"],"inLanguage":"es","potentialAction":[{"@type":"CommentAction","name":"Comment","target":["https:\/\/webdelmaestrocmf.com\/portal\/generacion-z-jovenes-de-20-anos-sin-licencia-y-con-mayor-dependencia-del-transporte-familiar-y-alternativo\/#respond"]}]},{"@type":"WebPage","@id":"https:\/\/webdelmaestrocmf.com\/portal\/generacion-z-jovenes-de-20-anos-sin-licencia-y-con-mayor-dependencia-del-transporte-familiar-y-alternativo\/","url":"https:\/\/webdelmaestrocmf.com\/portal\/generacion-z-jovenes-de-20-anos-sin-licencia-y-con-mayor-dependencia-del-transporte-familiar-y-alternativo\/","name":"Generaci\u00f3n Z: j\u00f3venes de 20 a\u00f1os sin licencia y con mayor dependencia del transporte familiar y alternativo - 2026","isPartOf":{"@id":"https:\/\/webdelmaestrocmf.com\/portal\/#website"},"primaryImageOfPage":{"@id":"https:\/\/webdelmaestrocmf.com\/portal\/generacion-z-jovenes-de-20-anos-sin-licencia-y-con-mayor-dependencia-del-transporte-familiar-y-alternativo\/#primaryimage"},"image":{"@id":"https:\/\/webdelmaestrocmf.com\/portal\/generacion-z-jovenes-de-20-anos-sin-licencia-y-con-mayor-dependencia-del-transporte-familiar-y-alternativo\/#primaryimage"},"thumbnailUrl":"https:\/\/webdelmaestrocmf.com\/portal\/wp-content\/uploads\/2026\/01\/1A-Banner-1-portada-imagen-10-1-copia-2-5.webp","datePublished":"2026-01-11T22:24:31+00:00","dateModified":"2026-01-11T22:28:51+00:00","description":"En la \u00faltima d\u00e9cada se ha observado una tendencia global significativa en la forma en que los j\u00f3venes de la Generaci\u00f3n Z (nacidos entre...","breadcrumb":{"@id":"https:\/\/webdelmaestrocmf.com\/portal\/generacion-z-jovenes-de-20-anos-sin-licencia-y-con-mayor-dependencia-del-transporte-familiar-y-alternativo\/#breadcrumb"},"inLanguage":"es","potentialAction":[{"@type":"ReadAction","target":["https:\/\/webdelmaestrocmf.com\/portal\/generacion-z-jovenes-de-20-anos-sin-licencia-y-con-mayor-dependencia-del-transporte-familiar-y-alternativo\/"]}]},{"@type":"ImageObject","inLanguage":"es","@id":"https:\/\/webdelmaestrocmf.com\/portal\/generacion-z-jovenes-de-20-anos-sin-licencia-y-con-mayor-dependencia-del-transporte-familiar-y-alternativo\/#primaryimage","url":"https:\/\/webdelmaestrocmf.com\/portal\/wp-content\/uploads\/2026\/01\/1A-Banner-1-portada-imagen-10-1-copia-2-5.webp","contentUrl":"https:\/\/webdelmaestrocmf.com\/portal\/wp-content\/uploads\/2026\/01\/1A-Banner-1-portada-imagen-10-1-copia-2-5.webp","width":1000,"height":667},{"@type":"BreadcrumbList","@id":"https:\/\/webdelmaestrocmf.com\/portal\/generacion-z-jovenes-de-20-anos-sin-licencia-y-con-mayor-dependencia-del-transporte-familiar-y-alternativo\/#breadcrumb","itemListElement":[{"@type":"ListItem","position":1,"name":"Portada","item":"https:\/\/webdelmaestrocmf.com\/portal\/"},{"@type":"ListItem","position":2,"name":"Noticias Internacionales","item":"https:\/\/webdelmaestrocmf.com\/portal\/category\/noticias-internacionales\/"},{"@type":"ListItem","position":3,"name":"Generaci\u00f3n Z: j\u00f3venes de 20 a\u00f1os sin licencia y con mayor dependencia del transporte familiar y alternativo"}]},{"@type":"WebSite","@id":"https:\/\/webdelmaestrocmf.com\/portal\/#website","url":"https:\/\/webdelmaestrocmf.com\/portal\/","name":"Web del Maestro CMF","description":"Maestros al servicio de la educaci\u00f3n","publisher":{"@id":"https:\/\/webdelmaestrocmf.com\/portal\/#organization"},"alternateName":"WMCMF","potentialAction":[{"@type":"SearchAction","target":{"@type":"EntryPoint","urlTemplate":"https:\/\/webdelmaestrocmf.com\/portal\/?s={search_term_string}"},"query-input":{"@type":"PropertyValueSpecification","valueRequired":true,"valueName":"search_term_string"}}],"inLanguage":"es"},{"@type":"Organization","@id":"https:\/\/webdelmaestrocmf.com\/portal\/#organization","name":"Web del Maestro CMF","alternateName":"WMCMF","url":"https:\/\/webdelmaestrocmf.com\/portal\/","logo":{"@type":"ImageObject","inLanguage":"es","@id":"https:\/\/webdelmaestrocmf.com\/portal\/#\/schema\/logo\/image\/","url":"https:\/\/webdelmaestrocmf.com\/portal\/wp-content\/uploads\/2023\/01\/logo-wmcmf-2.png","contentUrl":"https:\/\/webdelmaestrocmf.com\/portal\/wp-content\/uploads\/2023\/01\/logo-wmcmf-2.png","width":200,"height":60,"caption":"Web del Maestro CMF"},"image":{"@id":"https:\/\/webdelmaestrocmf.com\/portal\/#\/schema\/logo\/image\/"},"sameAs":["https:\/\/www.facebook.com\/WebdelMaestroCMF\/","https:\/\/x.com\/cmf_w","https:\/\/www.pinterest.com\/WMCMF\/","https:\/\/www.linkedin.com\/company\/web-del-maestro-cmf\/","https:\/\/www.instagram.com\/wmcmf\/","https:\/\/www.youtube.com\/channel\/UCDPSvjbdodE5sHnC3OxutHw","https:\/\/mastodon.social\/@wmcmf","https:\/\/www.tiktok.com\/@webdelmaestrocmf"]},{"@type":"Person","@id":"https:\/\/webdelmaestrocmf.com\/portal\/#\/schema\/person\/1072a2ed7bd960df8ef99a551fa35dc5","name":"Web del Maestro CMF","image":{"@type":"ImageObject","inLanguage":"es","@id":"https:\/\/secure.gravatar.com\/avatar\/23291dd5b5ae1077dcff3dbb04c3e02bd28403fa75af6d8787d5e97c5bbbe30b?s=96&d=mm&r=g","url":"https:\/\/secure.gravatar.com\/avatar\/23291dd5b5ae1077dcff3dbb04c3e02bd28403fa75af6d8787d5e97c5bbbe30b?s=96&d=mm&r=g","contentUrl":"https:\/\/secure.gravatar.com\/avatar\/23291dd5b5ae1077dcff3dbb04c3e02bd28403fa75af6d8787d5e97c5bbbe30b?s=96&d=mm&r=g","caption":"Web del Maestro CMF"},"description":"Esta Web se cre\u00f3 sin fines de lucro, con fines educativos, cient\u00edficos y acad\u00e9micos, para personas que tengan dificultades y\/o inconvenientes en visualizar el material original. El objetivo es entregar recursos, compartir experiencias y materiales que ayuden a los padres de familia, maestros y estudiantes en su actualizaci\u00f3n y formaci\u00f3n permanente, en bien de la Educaci\u00f3n.","sameAs":["http:\/\/webdelmaestrocmf.com\/portal","https:\/\/www.facebook.com\/WebdelMaestroCMF\/","https:\/\/www.instagram.com\/wmcmf\/","https:\/\/cl.linkedin.com\/company\/web-del-maestro-cmf","https:\/\/www.pinterest.com\/WMCMF\/publicaciones\/","https:\/\/x.com\/cmf_w","https:\/\/www.youtube.com\/@WMCMF"]}]}},"jetpack_featured_media_url":"https:\/\/webdelmaestrocmf.com\/portal\/wp-content\/uploads\/2026\/01\/1A-Banner-1-portada-imagen-10-1-copia-2-5.webp","jetpack_sharing_enabled":true,"jetpack-related-posts":[{"id":18001,"url":"https:\/\/webdelmaestrocmf.com\/portal\/las-politicas-educativas-elaboradas-los-escritorios-los-ministerios-no-responden-la-realidad\/","url_meta":{"origin":114718,"position":0},"title":"Las pol\u00edticas educativas elaboradas en los escritorios de los ministerios, no responden a la realidad","author":"Web del Maestro CMF","date":"6 mayo, 2019","format":false,"excerpt":"El segmento generacional, a la cual pertenecen nuestros estudiantes, es un factor que no puede ser desestimado o ignorado, porque s\u00f3lo conoci\u00e9ndolos, se podr\u00e1 examinar acerca de las herramientas pedag\u00f3gicas que deben utilizarse en su proceso de ense\u00f1anza - aprendizaje. Si deseamos llegar a ellos y motivarlos para adquirir los\u2026","rel":"","context":"En \u00abYo opino - WMCMF\u00bb","block_context":{"text":"Yo opino - WMCMF","link":"https:\/\/webdelmaestrocmf.com\/portal\/category\/jamb\/"},"img":{"alt_text":"","src":"https:\/\/i0.wp.com\/webdelmaestrocmf.com\/portal\/wp-content\/uploads\/2019\/05\/1-8.jpeg?resize=350%2C200&ssl=1","width":350,"height":200,"srcset":"https:\/\/i0.wp.com\/webdelmaestrocmf.com\/portal\/wp-content\/uploads\/2019\/05\/1-8.jpeg?resize=350%2C200&ssl=1 1x, https:\/\/i0.wp.com\/webdelmaestrocmf.com\/portal\/wp-content\/uploads\/2019\/05\/1-8.jpeg?resize=525%2C300&ssl=1 1.5x, https:\/\/i0.wp.com\/webdelmaestrocmf.com\/portal\/wp-content\/uploads\/2019\/05\/1-8.jpeg?resize=700%2C400&ssl=1 2x, https:\/\/i0.wp.com\/webdelmaestrocmf.com\/portal\/wp-content\/uploads\/2019\/05\/1-8.jpeg?resize=1050%2C600&ssl=1 3x"},"classes":[]},{"id":37230,"url":"https:\/\/webdelmaestrocmf.com\/portal\/estamos-preparados-para-recibir-la-generacion-alfa\/","url_meta":{"origin":114718,"position":1},"title":"\u00bfEstamos preparados para recibir la generaci\u00f3n alfa?","author":"Web del Maestro CMF","date":"31 mayo, 2019","format":false,"excerpt":"Nuestros estudiantes (ordinariamente) vienen a las aulas de un entorno social, familiar, econ\u00f3mico, cultural, ... diferente. A cada uno de ellos los profesores tenemos que buscar conocerlos y aprender a comunicarnos con el lenguaje que entiendan, con su lenguaje. Somos testigos (y ojal\u00e1 conscientes) que cada d\u00eda se cierra la\u2026","rel":"","context":"En \u00abYo opino - WMCMF\u00bb","block_context":{"text":"Yo opino - WMCMF","link":"https:\/\/webdelmaestrocmf.com\/portal\/category\/jamb\/"},"img":{"alt_text":"","src":"https:\/\/i0.wp.com\/webdelmaestrocmf.com\/portal\/wp-content\/uploads\/2019\/05\/3-24.jpg?resize=350%2C200&ssl=1","width":350,"height":200,"srcset":"https:\/\/i0.wp.com\/webdelmaestrocmf.com\/portal\/wp-content\/uploads\/2019\/05\/3-24.jpg?resize=350%2C200&ssl=1 1x, https:\/\/i0.wp.com\/webdelmaestrocmf.com\/portal\/wp-content\/uploads\/2019\/05\/3-24.jpg?resize=525%2C300&ssl=1 1.5x, https:\/\/i0.wp.com\/webdelmaestrocmf.com\/portal\/wp-content\/uploads\/2019\/05\/3-24.jpg?resize=700%2C400&ssl=1 2x, https:\/\/i0.wp.com\/webdelmaestrocmf.com\/portal\/wp-content\/uploads\/2019\/05\/3-24.jpg?resize=1050%2C600&ssl=1 3x"},"classes":[]},{"id":108692,"url":"https:\/\/webdelmaestrocmf.com\/portal\/lo-que-revelo-la-serie-adolescencia-los-10-emojis-que-ya-no-significan-lo-que-creias\/","url_meta":{"origin":114718,"position":2},"title":"Lo que revel\u00f3 la serie \u00abAdolescencia\u00bb: los 10 emojis que ya no significan lo que cre\u00edas","author":"Web del Maestro CMF","date":"6 abril, 2025","format":false,"excerpt":"La serie \u201cAdolescencia\u201d abri\u00f3 una conversaci\u00f3n clave sobre algo que muchos adultos a\u00fan no logran entender: el verdadero significado de los emojis en las redes sociales, especialmente entre los j\u00f3venes nacidos entre 1997 y 2012, tambi\u00e9n conocidos como Generaci\u00f3n Z o centennials. Hoy, los emojis ya no se usan como\u2026","rel":"","context":"En \u00abNoticias Internacionales\u00bb","block_context":{"text":"Noticias Internacionales","link":"https:\/\/webdelmaestrocmf.com\/portal\/category\/noticias-internacionales\/"},"img":{"alt_text":"","src":"https:\/\/i0.wp.com\/webdelmaestrocmf.com\/portal\/wp-content\/uploads\/2025\/04\/1A-Banner-1-portada-imagen-10-1-3.jpg?resize=350%2C200&ssl=1","width":350,"height":200,"srcset":"https:\/\/i0.wp.com\/webdelmaestrocmf.com\/portal\/wp-content\/uploads\/2025\/04\/1A-Banner-1-portada-imagen-10-1-3.jpg?resize=350%2C200&ssl=1 1x, https:\/\/i0.wp.com\/webdelmaestrocmf.com\/portal\/wp-content\/uploads\/2025\/04\/1A-Banner-1-portada-imagen-10-1-3.jpg?resize=525%2C300&ssl=1 1.5x, https:\/\/i0.wp.com\/webdelmaestrocmf.com\/portal\/wp-content\/uploads\/2025\/04\/1A-Banner-1-portada-imagen-10-1-3.jpg?resize=700%2C400&ssl=1 2x"},"classes":[]},{"id":33522,"url":"https:\/\/webdelmaestrocmf.com\/portal\/tu-eres-el-lider-de-tu-aprendizaje-tu-te-involucras-en-tu-aprendizaje-mas-que-yo\/","url_meta":{"origin":114718,"position":3},"title":"T\u00da ERES EL L\u00cdDER DE TU APRENDIZAJE, T\u00da TE INVOLUCRAS EN TU APRENDIZAJE M\u00c1S QUE YO","author":"Web del Maestro CMF","date":"3 diciembre, 2018","format":false,"excerpt":"El Doctor en Educaci\u00f3n, Tim Elmore, consigui\u00f3 su Grado en la Azusa Pacific University (California, USA). Es fundador y Presidente de Growing Leaders (2003), y como tal ha dado conferencias a m\u00e1s de 300,000 estudiantes, profesores y empleados de las Universidades de Oklahoma, Stanford, Duke, Rutgers, Carolina del Sur y\u2026","rel":"","context":"En \u00abCharlas\u00bb","block_context":{"text":"Charlas","link":"https:\/\/webdelmaestrocmf.com\/portal\/category\/charlas\/"},"img":{"alt_text":"","src":"https:\/\/i0.wp.com\/webdelmaestrocmf.com\/portal\/wp-content\/uploads\/2018\/12\/1.jpg?resize=350%2C200&ssl=1","width":350,"height":200,"srcset":"https:\/\/i0.wp.com\/webdelmaestrocmf.com\/portal\/wp-content\/uploads\/2018\/12\/1.jpg?resize=350%2C200&ssl=1 1x, https:\/\/i0.wp.com\/webdelmaestrocmf.com\/portal\/wp-content\/uploads\/2018\/12\/1.jpg?resize=525%2C300&ssl=1 1.5x, https:\/\/i0.wp.com\/webdelmaestrocmf.com\/portal\/wp-content\/uploads\/2018\/12\/1.jpg?resize=700%2C400&ssl=1 2x, https:\/\/i0.wp.com\/webdelmaestrocmf.com\/portal\/wp-content\/uploads\/2018\/12\/1.jpg?resize=1050%2C600&ssl=1 3x"},"classes":[]},{"id":79319,"url":"https:\/\/webdelmaestrocmf.com\/portal\/la-generacion-perdida-un-poema-que-se-recomienda-leer-dos-veces-de-arriba-para-abajo-y-de-abajo-para-arriba\/","url_meta":{"origin":114718,"position":4},"title":"\u00abLa generaci\u00f3n perdida\u00bb, un poema que se recomienda leer dos veces, de arriba para abajo y de abajo para arriba","author":"Web del Maestro CMF","date":"11 agosto, 2022","format":false,"excerpt":"Vivimos en tiempos dif\u00edciles. Sin embargo, a trav\u00e9s de la cooperaci\u00f3n, ayuda y la unidad, la humanidad sali\u00f3 adelante. En muchas ocasiones dicho cambio se produjo gracias a las masas \"juveniles\", que en innumerables veces fueron y ser\u00e1n criticadas, muchos de nuestros j\u00f3venes cuestionaron su realidad, decidieron transformarla para ofrecer\u2026","rel":"","context":"En \u00abNoticias\u00bb","block_context":{"text":"Noticias","link":"https:\/\/webdelmaestrocmf.com\/portal\/category\/pedagogia\/noticias-pedagogia\/"},"img":{"alt_text":"","src":"https:\/\/i0.wp.com\/webdelmaestrocmf.com\/portal\/wp-content\/uploads\/2022\/08\/1-28.jpg?resize=350%2C200&ssl=1","width":350,"height":200,"srcset":"https:\/\/i0.wp.com\/webdelmaestrocmf.com\/portal\/wp-content\/uploads\/2022\/08\/1-28.jpg?resize=350%2C200&ssl=1 1x, https:\/\/i0.wp.com\/webdelmaestrocmf.com\/portal\/wp-content\/uploads\/2022\/08\/1-28.jpg?resize=525%2C300&ssl=1 1.5x, https:\/\/i0.wp.com\/webdelmaestrocmf.com\/portal\/wp-content\/uploads\/2022\/08\/1-28.jpg?resize=700%2C400&ssl=1 2x"},"classes":[]},{"id":113089,"url":"https:\/\/webdelmaestrocmf.com\/portal\/miles-de-latinoamericanos-ya-no-quieren-ir-a-la-universidad-millones-de-jovenes-estan-huyendo-de-las-aula\/","url_meta":{"origin":114718,"position":5},"title":"Miles de latinoamericanos ya no quieren ir a la universidad: millones de j\u00f3venes est\u00e1n huyendo de las aula","author":"Web del Maestro CMF","date":"3 noviembre, 2025","format":false,"excerpt":"Mientras que los cursos expr\u00e9s y los influencers venden \u00e9xito instant\u00e1neo","rel":"","context":"En \u00abNoticias Internacionales\u00bb","block_context":{"text":"Noticias Internacionales","link":"https:\/\/webdelmaestrocmf.com\/portal\/category\/noticias-internacionales\/"},"img":{"alt_text":"","src":"https:\/\/i0.wp.com\/webdelmaestrocmf.com\/portal\/wp-content\/uploads\/2025\/11\/1A-Banner-1-portada-imagen-10-1-copia-2.jpg?resize=350%2C200&ssl=1","width":350,"height":200,"srcset":"https:\/\/i0.wp.com\/webdelmaestrocmf.com\/portal\/wp-content\/uploads\/2025\/11\/1A-Banner-1-portada-imagen-10-1-copia-2.jpg?resize=350%2C200&ssl=1 1x, https:\/\/i0.wp.com\/webdelmaestrocmf.com\/portal\/wp-content\/uploads\/2025\/11\/1A-Banner-1-portada-imagen-10-1-copia-2.jpg?resize=525%2C300&ssl=1 1.5x, https:\/\/i0.wp.com\/webdelmaestrocmf.com\/portal\/wp-content\/uploads\/2025\/11\/1A-Banner-1-portada-imagen-10-1-copia-2.jpg?resize=700%2C400&ssl=1 2x"},"classes":[]}],"_links":{"self":[{"href":"https:\/\/webdelmaestrocmf.com\/portal\/wp-json\/wp\/v2\/posts\/114718","targetHints":{"allow":["GET"]}}],"collection":[{"href":"https:\/\/webdelmaestrocmf.com\/portal\/wp-json\/wp\/v2\/posts"}],"about":[{"href":"https:\/\/webdelmaestrocmf.com\/portal\/wp-json\/wp\/v2\/types\/post"}],"author":[{"embeddable":true,"href":"https:\/\/webdelmaestrocmf.com\/portal\/wp-json\/wp\/v2\/users\/1"}],"replies":[{"embeddable":true,"href":"https:\/\/webdelmaestrocmf.com\/portal\/wp-json\/wp\/v2\/comments?post=114718"}],"version-history":[{"count":1,"href":"https:\/\/webdelmaestrocmf.com\/portal\/wp-json\/wp\/v2\/posts\/114718\/revisions"}],"predecessor-version":[{"id":114720,"href":"https:\/\/webdelmaestrocmf.com\/portal\/wp-json\/wp\/v2\/posts\/114718\/revisions\/114720"}],"wp:featuredmedia":[{"embeddable":true,"href":"https:\/\/webdelmaestrocmf.com\/portal\/wp-json\/wp\/v2\/media\/114721"}],"wp:attachment":[{"href":"https:\/\/webdelmaestrocmf.com\/portal\/wp-json\/wp\/v2\/media?parent=114718"}],"wp:term":[{"taxonomy":"category","embeddable":true,"href":"https:\/\/webdelmaestrocmf.com\/portal\/wp-json\/wp\/v2\/categories?post=114718"},{"taxonomy":"post_tag","embeddable":true,"href":"https:\/\/webdelmaestrocmf.com\/portal\/wp-json\/wp\/v2\/tags?post=114718"}],"curies":[{"name":"wp","href":"https:\/\/api.w.org\/{rel}","templated":true}]}}