{"id":114672,"date":"2026-01-09T14:55:27","date_gmt":"2026-01-09T17:55:27","guid":{"rendered":"https:\/\/webdelmaestrocmf.com\/portal\/?p=114672"},"modified":"2026-01-09T15:02:23","modified_gmt":"2026-01-09T18:02:23","slug":"tu-titulo-universitario-tiene-una-vida-util-de-5-anos-el-informe-de-ibm-que-obliga-a-repensar-la-educacion-continua","status":"publish","type":"post","link":"https:\/\/webdelmaestrocmf.com\/portal\/tu-titulo-universitario-tiene-una-vida-util-de-5-anos-el-informe-de-ibm-que-obliga-a-repensar-la-educacion-continua\/","title":{"rendered":"Tu t\u00edtulo universitario tiene una vida \u00fatil de 5 a\u00f1os: el informe de IBM que obliga a repensar la educaci\u00f3n continua"},"content":{"rendered":"\n<p class=\"wp-block-paragraph\">Durante d\u00e9cadas, el t\u00edtulo universitario fue entendido como una credencial s\u00f3lida y duradera, capaz de sostener una carrera profesional durante gran parte de la vida laboral. Sin embargo, este paradigma est\u00e1 siendo cuestionado de forma directa por el avance acelerado de la inteligencia artificial, la automatizaci\u00f3n y los cambios estructurales del mercado de trabajo. Un informe reciente del <strong>IBM Institute for Business Value<\/strong> plantea una advertencia contundente: cerca del 40 % de la fuerza laboral mundial necesitar\u00e1 volver a capacitarse en los pr\u00f3ximos tres a\u00f1os debido al impacto de estas tecnolog\u00edas.<\/p>\n\n\n\n<p class=\"wp-block-paragraph\">El problema no radica \u00fanicamente en la transformaci\u00f3n tecnol\u00f3gica, sino en la brecha de velocidad entre esa transformaci\u00f3n y la respuesta del sistema educativo tradicional. Mientras la inteligencia artificial evoluciona a un ritmo exponencial \u2014pasando en pocos a\u00f1os de modelos b\u00e1sicos a sistemas multimodales capaces de analizar texto, im\u00e1genes, audio y video\u2014, las universidades contin\u00faan operando bajo l\u00f3gicas lentas y r\u00edgidas. Modificar un plan de estudios puede tomar dos o m\u00e1s a\u00f1os, tiempo en el cual muchas de las competencias ense\u00f1adas ya han quedado obsoletas o seriamente desactualizadas.<\/p>\n\n\n\n<p class=\"wp-block-paragraph\">Desde esta perspectiva, el t\u00edtulo universitario comienza a comportarse como un \u201cactivo que se deprecia\u201d. No porque el conocimiento carezca de valor, sino porque el modelo de formaci\u00f3n concentrado en una etapa inicial de la vida ya no responde a las exigencias reales del mercado laboral. La educaci\u00f3n superior enfrenta as\u00ed una crisis estructural: sigue ofreciendo programas cerrados y prolongados, cuando el entorno profesional demanda aprendizaje continuo, actualizaci\u00f3n permanente y capacidad de adaptaci\u00f3n constante.<\/p>\n\n\n\n<p class=\"wp-block-paragraph\">El informe de IBM no propone abandonar la universidad, sino transformarla. El desaf\u00edo es pasar de un modelo de \u201cformaci\u00f3n \u00fanica\u201d a uno de <strong>educaci\u00f3n continua a lo largo de la vida<\/strong>. En esta l\u00f3gica, el t\u00edtulo deja de ser el punto final del proceso educativo y se convierte en un punto de partida. Certificaciones modulares, microcredenciales, programas de actualizaci\u00f3n peri\u00f3dica y alianzas con el sector productivo aparecen como alternativas necesarias para sostener la empleabilidad en el tiempo.<\/p>\n\n\n\n<p class=\"wp-block-paragraph\">Algunas instituciones ya han comenzado este tr\u00e1nsito, integrando la inteligencia artificial no como un contenido aislado, sino como parte de la infraestructura central del aprendizaje. Esta estrategia reconoce que prohibir la IA en el \u00e1mbito educativo no protege a los estudiantes, sino que los deja en desventaja frente a un mercado laboral que ya la utiliza de forma cotidiana. Ense\u00f1ar a comprenderla, evaluarla cr\u00edticamente y emplearla con criterio se vuelve una competencia b\u00e1sica, comparable a la alfabetizaci\u00f3n digital de d\u00e9cadas anteriores.<\/p>\n\n\n\n<p class=\"wp-block-paragraph\">La conclusi\u00f3n es clara y, para muchos, inc\u00f3moda: en el contexto actual, ning\u00fan t\u00edtulo garantiza vigencia por s\u00ed solo. La verdadera seguridad profesional ya no est\u00e1 en el diploma colgado en la pared, sino en la capacidad de aprender, desaprender y reaprender de manera constante. Repensar la educaci\u00f3n continua no es una opci\u00f3n estrat\u00e9gica; es una condici\u00f3n indispensable para que la universidad siga siendo relevante en el siglo XXI.<\/p>\n\n\n\n<p class=\"has-text-align-right wp-block-paragraph\"><strong>Redacci\u00f3n | Web del Maestro CMF<\/strong><\/p>\n\n\n\t\t<div class=\"pk-inline-posts\">\n\t\t\t\n\t\t\t<div class=\"pk-inline-posts-container pk-inline-posts-template-list\"\n\t\t\t\tdata-columns=\"1\">\n\t\t\t\t\t\t<article id=\"post-121155\" class=\"post-121155 post type-post status-publish format-standard has-post-thumbnail category-noticias-internacionales tag-comunidad-educativa tag-docentes tag-educacion-2 tag-educacion-civica-2 tag-educacion-patriotica tag-educacion-preescolar tag-estudiantes tag-formacion-integral tag-politica-educativa tag-valores cs-entry cs-video-wrap\">\n\t\t\t<div class=\"pk-post-outer\">\n\n\t\t\t\t\t\t\t\t<div class=\"pk-post-inner\">\n\t\t\t\t\t<div class=\"entry-thumbnail\">\n\t\t\t\t\t\t<div class=\"pk-overlay pk-overlay-ratio pk-ratio-landscape\">\n\t\t\t\t\t\t\t<div class=\"pk-overlay-background\">\n\t\t\t\t\t\t\t\t<a href=\"https:\/\/webdelmaestrocmf.com\/portal\/el-ministerio-de-educacion-de-rusia-aprueba-el-plan-educativo-para-el-curso-2026-27\/\" class=\"pk-overlay-link\">\n\t\t\t\t\t\t\t\t\t<img loading=\"lazy\" decoding=\"async\" width=\"300\" height=\"225\" src=\"https:\/\/webdelmaestrocmf.com\/portal\/wp-content\/uploads\/2026\/09\/1AA-Banner-1-portada-imagen-10-1-copia-20-300x225.webp\" class=\"attachment-pk-thumbnail size-pk-thumbnail wp-post-image\" alt=\"\" \/>\t\t\t\t\t\t\t\t<\/a>\n\t\t\t\t\t\t\t<\/div>\n\t\t\t\t\t\t<\/div>\n\t\t\t\t\t<\/div>\n\t\t\t\t<\/div>\n\t\t\t\t\n\t\t\t\t<div class=\"pk-post-inner\">\n\t\t\t\t\t<header>\n\t\t\t\t\t\t<h3 class=\"pk-title\"><a href=\"https:\/\/webdelmaestrocmf.com\/portal\/el-ministerio-de-educacion-de-rusia-aprueba-el-plan-educativo-para-el-curso-2026-27\/\" rel=\"bookmark\">El Ministerio de Educaci\u00f3n de Rusia aprueba el plan educativo para el curso 2026\/27<\/a><\/h3>\t\t\t\t\t<\/header><!-- .entry-header -->\n\t\t\t\t<\/div><!-- .post-inner -->\n\n\t\t\t<\/div><!-- .post-outer -->\n\t\t<\/article>\n\t\t\t<article id=\"post-121053\" class=\"post-121053 post type-post status-publish format-standard has-post-thumbnail category-noticias-internacionales tag-deporte tag-educacion-2 tag-fair-play tag-formacion-deportiva tag-futbol-2 tag-infancia tag-juego-limpio tag-mundial tag-trabajo-en-equipo tag-valores cs-entry cs-video-wrap\">\n\t\t\t<div class=\"pk-post-outer\">\n\n\t\t\t\t\t\t\t\t<div class=\"pk-post-inner\">\n\t\t\t\t\t<div class=\"entry-thumbnail\">\n\t\t\t\t\t\t<div class=\"pk-overlay pk-overlay-ratio pk-ratio-landscape\">\n\t\t\t\t\t\t\t<div class=\"pk-overlay-background\">\n\t\t\t\t\t\t\t\t<a href=\"https:\/\/webdelmaestrocmf.com\/portal\/javier-bardem-elogia-a-la-seleccion-campeona-y-destaca-el-juego-limpio-como-ejemplo-para-millones-de-ninos\/\" class=\"pk-overlay-link\">\n\t\t\t\t\t\t\t\t\t<img loading=\"lazy\" decoding=\"async\" width=\"300\" height=\"225\" src=\"https:\/\/webdelmaestrocmf.com\/portal\/wp-content\/uploads\/2026\/07\/1AA-Banner-1-portada-imagen-10-1-copia-16-1-300x225.webp\" class=\"attachment-pk-thumbnail size-pk-thumbnail wp-post-image\" alt=\"\" \/>\t\t\t\t\t\t\t\t<\/a>\n\t\t\t\t\t\t\t<\/div>\n\t\t\t\t\t\t<\/div>\n\t\t\t\t\t<\/div>\n\t\t\t\t<\/div>\n\t\t\t\t\n\t\t\t\t<div class=\"pk-post-inner\">\n\t\t\t\t\t<header>\n\t\t\t\t\t\t<h3 class=\"pk-title\"><a href=\"https:\/\/webdelmaestrocmf.com\/portal\/javier-bardem-elogia-a-la-seleccion-campeona-y-destaca-el-juego-limpio-como-ejemplo-para-millones-de-ninos\/\" rel=\"bookmark\">Javier Bardem elogia a la selecci\u00f3n campeona y destaca el juego limpio como ejemplo para millones de ni\u00f1os<\/a><\/h3>\t\t\t\t\t<\/header><!-- .entry-header -->\n\t\t\t\t<\/div><!-- .post-inner -->\n\n\t\t\t<\/div><!-- .post-outer -->\n\t\t<\/article>\n\t\t\t<article id=\"post-121041\" class=\"post-121041 post type-post status-publish format-standard has-post-thumbnail category-noticias-internacionales tag-agresion-a-docente tag-apoderados tag-comunidad-educativa tag-convivencia-escolar tag-ley-karin tag-proteccion-docente tag-salud-mental tag-seguridad-escolar tag-violencia-escolar cs-entry cs-video-wrap\">\n\t\t\t<div class=\"pk-post-outer\">\n\n\t\t\t\t\t\t\t\t<div class=\"pk-post-inner\">\n\t\t\t\t\t<div class=\"entry-thumbnail\">\n\t\t\t\t\t\t<div class=\"pk-overlay pk-overlay-ratio pk-ratio-landscape\">\n\t\t\t\t\t\t\t<div class=\"pk-overlay-background\">\n\t\t\t\t\t\t\t\t<a href=\"https:\/\/webdelmaestrocmf.com\/portal\/municipalidad-de-temuco-anuncia-acciones-legales-tras-agresion-de-un-apoderado-a-un-profesor-dentro-de-un-establecimiento-educacional\/\" class=\"pk-overlay-link\">\n\t\t\t\t\t\t\t\t\t<img loading=\"lazy\" decoding=\"async\" width=\"300\" height=\"225\" src=\"https:\/\/webdelmaestrocmf.com\/portal\/wp-content\/uploads\/2026\/07\/1AA-Banner-1-portada-imagen-10-1-copia-14-1-300x225.webp\" class=\"attachment-pk-thumbnail size-pk-thumbnail wp-post-image\" alt=\"\" \/>\t\t\t\t\t\t\t\t<\/a>\n\t\t\t\t\t\t\t<\/div>\n\t\t\t\t\t\t<\/div>\n\t\t\t\t\t<\/div>\n\t\t\t\t<\/div>\n\t\t\t\t\n\t\t\t\t<div class=\"pk-post-inner\">\n\t\t\t\t\t<header>\n\t\t\t\t\t\t<h3 class=\"pk-title\"><a href=\"https:\/\/webdelmaestrocmf.com\/portal\/municipalidad-de-temuco-anuncia-acciones-legales-tras-agresion-de-un-apoderado-a-un-profesor-dentro-de-un-establecimiento-educacional\/\" rel=\"bookmark\">Municipalidad de Temuco anuncia acciones legales tras agresi\u00f3n de un apoderado a un profesor dentro de un establecimiento educacional<\/a><\/h3>\t\t\t\t\t<\/header><!-- .entry-header -->\n\t\t\t\t<\/div><!-- .post-inner -->\n\n\t\t\t<\/div><!-- .post-outer -->\n\t\t<\/article>\n\t\t\t\t<\/div>\n\t\t<\/div>\n\t\t\n","protected":false},"excerpt":{"rendered":"Durante d\u00e9cadas, el t\u00edtulo universitario fue entendido como una credencial s\u00f3lida y duradera, capaz de sostener una carrera&hellip;","protected":false},"author":1,"featured_media":114676,"comment_status":"open","ping_status":"closed","sticky":false,"template":"","format":"standard","meta":{"_jetpack_newsletter_access":"","_jetpack_dont_email_post_to_subs":false,"_jetpack_newsletter_tier_id":0,"_jetpack_memberships_contains_paywalled_content":false,"csco_display_header_overlay":false,"csco_singular_sidebar":"","csco_page_header_type":"","csco_page_load_nextpost":"","csco_post_video_location":[],"csco_post_video_location_hash":"","csco_post_video_url":"","csco_post_video_bg_start_time":0,"csco_post_video_bg_end_time":0,"csco_post_video_bg_volume":false,"_jetpack_feature_clip_id":0,"_jetpack_memberships_contains_paid_content":false,"footnotes":"","jetpack_post_was_ever_published":false},"categories":[23790],"tags":[25136,24969,25138,18831,25133,5779,25137,542,25139],"class_list":["post-114672","post","type-post","status-publish","format-standard","has-post-thumbnail","category-noticias-internacionales","tag-educacion-continua-2","tag-empleabilidad","tag-formacion-profesional-2","tag-futuro-del-trabajo","tag-innovacion-educativa-3","tag-inteligencia-artificial","tag-reskilling","tag-universidad","tag-upskilling","cs-entry","cs-video-wrap"],"yoast_head":"<!-- This site is optimized with the Yoast SEO plugin v28.4 - https:\/\/yoast.com\/product\/yoast-seo-wordpress\/ -->\n<title>Tu t\u00edtulo universitario tiene una vida \u00fatil de 5 a\u00f1os: el informe de IBM que obliga a repensar la educaci\u00f3n continua - 2026<\/title>\n<meta name=\"description\" content=\"Durante d\u00e9cadas, el t\u00edtulo universitario fue entendido como una credencial s\u00f3lida y duradera, capaz de sostener una carrera...\" \/>\n<meta name=\"robots\" content=\"index, follow, max-snippet:-1, max-image-preview:large, max-video-preview:-1\" \/>\n<link rel=\"canonical\" href=\"https:\/\/webdelmaestrocmf.com\/portal\/tu-titulo-universitario-tiene-una-vida-util-de-5-anos-el-informe-de-ibm-que-obliga-a-repensar-la-educacion-continua\/\" \/>\n<meta property=\"og:locale\" content=\"es_ES\" \/>\n<meta property=\"og:type\" content=\"article\" \/>\n<meta property=\"og:title\" content=\"Tu t\u00edtulo universitario tiene una vida \u00fatil de 5 a\u00f1os: el informe de IBM que obliga a repensar la educaci\u00f3n continua - 2026\" \/>\n<meta property=\"og:description\" content=\"Durante d\u00e9cadas, el t\u00edtulo universitario fue entendido como una credencial s\u00f3lida y duradera, capaz de sostener una carrera...\" \/>\n<meta property=\"og:url\" content=\"https:\/\/webdelmaestrocmf.com\/portal\/tu-titulo-universitario-tiene-una-vida-util-de-5-anos-el-informe-de-ibm-que-obliga-a-repensar-la-educacion-continua\/\" \/>\n<meta property=\"og:site_name\" content=\"Web del Maestro CMF\" \/>\n<meta property=\"article:publisher\" content=\"https:\/\/www.facebook.com\/WebdelMaestroCMF\/\" \/>\n<meta property=\"article:author\" content=\"https:\/\/www.facebook.com\/WebdelMaestroCMF\/\" \/>\n<meta property=\"article:published_time\" content=\"2026-01-09T17:55:27+00:00\" \/>\n<meta property=\"article:modified_time\" content=\"2026-01-09T18:02:23+00:00\" \/>\n<meta property=\"og:image\" content=\"https:\/\/webdelmaestrocmf.com\/portal\/wp-content\/uploads\/2026\/01\/1A-Banner-1-portada-imagen-10-1-copia-1-4.webp\" \/>\n\t<meta property=\"og:image:width\" content=\"1000\" \/>\n\t<meta property=\"og:image:height\" content=\"667\" \/>\n\t<meta property=\"og:image:type\" content=\"image\/webp\" \/>\n<meta name=\"author\" content=\"Web del Maestro CMF\" \/>\n<meta name=\"twitter:card\" content=\"summary_large_image\" \/>\n<meta name=\"twitter:creator\" content=\"@cmf_w\" \/>\n<meta name=\"twitter:site\" content=\"@cmf_w\" \/>\n<script type=\"application\/ld+json\" class=\"yoast-schema-graph\">{\"@context\":\"https:\\\/\\\/schema.org\",\"@graph\":[{\"@type\":\"ScholarlyArticle\",\"@id\":\"https:\\\/\\\/webdelmaestrocmf.com\\\/portal\\\/tu-titulo-universitario-tiene-una-vida-util-de-5-anos-el-informe-de-ibm-que-obliga-a-repensar-la-educacion-continua\\\/#article\",\"isPartOf\":{\"@id\":\"https:\\\/\\\/webdelmaestrocmf.com\\\/portal\\\/tu-titulo-universitario-tiene-una-vida-util-de-5-anos-el-informe-de-ibm-que-obliga-a-repensar-la-educacion-continua\\\/\"},\"author\":{\"name\":\"Web del Maestro CMF\",\"@id\":\"https:\\\/\\\/webdelmaestrocmf.com\\\/portal\\\/#\\\/schema\\\/person\\\/1072a2ed7bd960df8ef99a551fa35dc5\"},\"headline\":\"Tu t\u00edtulo universitario tiene una vida \u00fatil de 5 a\u00f1os: el informe de IBM que obliga a repensar la educaci\u00f3n continua\",\"datePublished\":\"2026-01-09T17:55:27+00:00\",\"dateModified\":\"2026-01-09T18:02:23+00:00\",\"mainEntityOfPage\":{\"@id\":\"https:\\\/\\\/webdelmaestrocmf.com\\\/portal\\\/tu-titulo-universitario-tiene-una-vida-util-de-5-anos-el-informe-de-ibm-que-obliga-a-repensar-la-educacion-continua\\\/\"},\"wordCount\":556,\"commentCount\":0,\"publisher\":{\"@id\":\"https:\\\/\\\/webdelmaestrocmf.com\\\/portal\\\/#organization\"},\"image\":{\"@id\":\"https:\\\/\\\/webdelmaestrocmf.com\\\/portal\\\/tu-titulo-universitario-tiene-una-vida-util-de-5-anos-el-informe-de-ibm-que-obliga-a-repensar-la-educacion-continua\\\/#primaryimage\"},\"thumbnailUrl\":\"https:\\\/\\\/webdelmaestrocmf.com\\\/portal\\\/wp-content\\\/uploads\\\/2026\\\/01\\\/1A-Banner-1-portada-imagen-10-1-copia-1-4.webp\",\"keywords\":[\"educacion continua\",\"empleabilidad\",\"formacion profesional\",\"Futuro del Trabajo\",\"innovacion educativa\",\"INTELIGENCIA ARTIFICIAL\",\"reskilling\",\"UNIVERSIDAD\",\"upskilling\"],\"articleSection\":[\"Noticias Internacionales\"],\"inLanguage\":\"es\",\"potentialAction\":[{\"@type\":\"CommentAction\",\"name\":\"Comment\",\"target\":[\"https:\\\/\\\/webdelmaestrocmf.com\\\/portal\\\/tu-titulo-universitario-tiene-una-vida-util-de-5-anos-el-informe-de-ibm-que-obliga-a-repensar-la-educacion-continua\\\/#respond\"]}]},{\"@type\":\"WebPage\",\"@id\":\"https:\\\/\\\/webdelmaestrocmf.com\\\/portal\\\/tu-titulo-universitario-tiene-una-vida-util-de-5-anos-el-informe-de-ibm-que-obliga-a-repensar-la-educacion-continua\\\/\",\"url\":\"https:\\\/\\\/webdelmaestrocmf.com\\\/portal\\\/tu-titulo-universitario-tiene-una-vida-util-de-5-anos-el-informe-de-ibm-que-obliga-a-repensar-la-educacion-continua\\\/\",\"name\":\"Tu t\u00edtulo universitario tiene una vida \u00fatil de 5 a\u00f1os: el informe de IBM que obliga a repensar la educaci\u00f3n continua - 2026\",\"isPartOf\":{\"@id\":\"https:\\\/\\\/webdelmaestrocmf.com\\\/portal\\\/#website\"},\"primaryImageOfPage\":{\"@id\":\"https:\\\/\\\/webdelmaestrocmf.com\\\/portal\\\/tu-titulo-universitario-tiene-una-vida-util-de-5-anos-el-informe-de-ibm-que-obliga-a-repensar-la-educacion-continua\\\/#primaryimage\"},\"image\":{\"@id\":\"https:\\\/\\\/webdelmaestrocmf.com\\\/portal\\\/tu-titulo-universitario-tiene-una-vida-util-de-5-anos-el-informe-de-ibm-que-obliga-a-repensar-la-educacion-continua\\\/#primaryimage\"},\"thumbnailUrl\":\"https:\\\/\\\/webdelmaestrocmf.com\\\/portal\\\/wp-content\\\/uploads\\\/2026\\\/01\\\/1A-Banner-1-portada-imagen-10-1-copia-1-4.webp\",\"datePublished\":\"2026-01-09T17:55:27+00:00\",\"dateModified\":\"2026-01-09T18:02:23+00:00\",\"description\":\"Durante d\u00e9cadas, el t\u00edtulo universitario fue entendido como una credencial s\u00f3lida y duradera, capaz de sostener una carrera...\",\"breadcrumb\":{\"@id\":\"https:\\\/\\\/webdelmaestrocmf.com\\\/portal\\\/tu-titulo-universitario-tiene-una-vida-util-de-5-anos-el-informe-de-ibm-que-obliga-a-repensar-la-educacion-continua\\\/#breadcrumb\"},\"inLanguage\":\"es\",\"potentialAction\":[{\"@type\":\"ReadAction\",\"target\":[\"https:\\\/\\\/webdelmaestrocmf.com\\\/portal\\\/tu-titulo-universitario-tiene-una-vida-util-de-5-anos-el-informe-de-ibm-que-obliga-a-repensar-la-educacion-continua\\\/\"]}]},{\"@type\":\"ImageObject\",\"inLanguage\":\"es\",\"@id\":\"https:\\\/\\\/webdelmaestrocmf.com\\\/portal\\\/tu-titulo-universitario-tiene-una-vida-util-de-5-anos-el-informe-de-ibm-que-obliga-a-repensar-la-educacion-continua\\\/#primaryimage\",\"url\":\"https:\\\/\\\/webdelmaestrocmf.com\\\/portal\\\/wp-content\\\/uploads\\\/2026\\\/01\\\/1A-Banner-1-portada-imagen-10-1-copia-1-4.webp\",\"contentUrl\":\"https:\\\/\\\/webdelmaestrocmf.com\\\/portal\\\/wp-content\\\/uploads\\\/2026\\\/01\\\/1A-Banner-1-portada-imagen-10-1-copia-1-4.webp\",\"width\":1000,\"height\":667},{\"@type\":\"BreadcrumbList\",\"@id\":\"https:\\\/\\\/webdelmaestrocmf.com\\\/portal\\\/tu-titulo-universitario-tiene-una-vida-util-de-5-anos-el-informe-de-ibm-que-obliga-a-repensar-la-educacion-continua\\\/#breadcrumb\",\"itemListElement\":[{\"@type\":\"ListItem\",\"position\":1,\"name\":\"Portada\",\"item\":\"https:\\\/\\\/webdelmaestrocmf.com\\\/portal\\\/\"},{\"@type\":\"ListItem\",\"position\":2,\"name\":\"Noticias Internacionales\",\"item\":\"https:\\\/\\\/webdelmaestrocmf.com\\\/portal\\\/category\\\/noticias-internacionales\\\/\"},{\"@type\":\"ListItem\",\"position\":3,\"name\":\"Tu t\u00edtulo universitario tiene una vida \u00fatil de 5 a\u00f1os: el informe de IBM que obliga a repensar la educaci\u00f3n continua\"}]},{\"@type\":\"WebSite\",\"@id\":\"https:\\\/\\\/webdelmaestrocmf.com\\\/portal\\\/#website\",\"url\":\"https:\\\/\\\/webdelmaestrocmf.com\\\/portal\\\/\",\"name\":\"Web del Maestro CMF\",\"description\":\"Maestros al servicio de la educaci\u00f3n\",\"publisher\":{\"@id\":\"https:\\\/\\\/webdelmaestrocmf.com\\\/portal\\\/#organization\"},\"alternateName\":\"WMCMF\",\"potentialAction\":[{\"@type\":\"SearchAction\",\"target\":{\"@type\":\"EntryPoint\",\"urlTemplate\":\"https:\\\/\\\/webdelmaestrocmf.com\\\/portal\\\/?s={search_term_string}\"},\"query-input\":{\"@type\":\"PropertyValueSpecification\",\"valueRequired\":true,\"valueName\":\"search_term_string\"}}],\"inLanguage\":\"es\"},{\"@type\":\"Organization\",\"@id\":\"https:\\\/\\\/webdelmaestrocmf.com\\\/portal\\\/#organization\",\"name\":\"Web del Maestro CMF\",\"alternateName\":\"WMCMF\",\"url\":\"https:\\\/\\\/webdelmaestrocmf.com\\\/portal\\\/\",\"logo\":{\"@type\":\"ImageObject\",\"inLanguage\":\"es\",\"@id\":\"https:\\\/\\\/webdelmaestrocmf.com\\\/portal\\\/#\\\/schema\\\/logo\\\/image\\\/\",\"url\":\"https:\\\/\\\/webdelmaestrocmf.com\\\/portal\\\/wp-content\\\/uploads\\\/2023\\\/01\\\/logo-wmcmf-2.png\",\"contentUrl\":\"https:\\\/\\\/webdelmaestrocmf.com\\\/portal\\\/wp-content\\\/uploads\\\/2023\\\/01\\\/logo-wmcmf-2.png\",\"width\":200,\"height\":60,\"caption\":\"Web del Maestro CMF\"},\"image\":{\"@id\":\"https:\\\/\\\/webdelmaestrocmf.com\\\/portal\\\/#\\\/schema\\\/logo\\\/image\\\/\"},\"sameAs\":[\"https:\\\/\\\/www.facebook.com\\\/WebdelMaestroCMF\\\/\",\"https:\\\/\\\/x.com\\\/cmf_w\",\"https:\\\/\\\/www.pinterest.com\\\/WMCMF\\\/\",\"https:\\\/\\\/www.linkedin.com\\\/company\\\/web-del-maestro-cmf\\\/\",\"https:\\\/\\\/www.instagram.com\\\/wmcmf\\\/\",\"https:\\\/\\\/www.youtube.com\\\/channel\\\/UCDPSvjbdodE5sHnC3OxutHw\",\"https:\\\/\\\/mastodon.social\\\/@wmcmf\",\"https:\\\/\\\/www.tiktok.com\\\/@webdelmaestrocmf\"]},{\"@type\":\"Person\",\"@id\":\"https:\\\/\\\/webdelmaestrocmf.com\\\/portal\\\/#\\\/schema\\\/person\\\/1072a2ed7bd960df8ef99a551fa35dc5\",\"name\":\"Web del Maestro CMF\",\"image\":{\"@type\":\"ImageObject\",\"inLanguage\":\"es\",\"@id\":\"https:\\\/\\\/secure.gravatar.com\\\/avatar\\\/23291dd5b5ae1077dcff3dbb04c3e02bd28403fa75af6d8787d5e97c5bbbe30b?s=96&d=mm&r=g\",\"url\":\"https:\\\/\\\/secure.gravatar.com\\\/avatar\\\/23291dd5b5ae1077dcff3dbb04c3e02bd28403fa75af6d8787d5e97c5bbbe30b?s=96&d=mm&r=g\",\"contentUrl\":\"https:\\\/\\\/secure.gravatar.com\\\/avatar\\\/23291dd5b5ae1077dcff3dbb04c3e02bd28403fa75af6d8787d5e97c5bbbe30b?s=96&d=mm&r=g\",\"caption\":\"Web del Maestro CMF\"},\"description\":\"Esta Web se cre\u00f3 sin fines de lucro, con fines educativos, cient\u00edficos y acad\u00e9micos, para personas que tengan dificultades y\\\/o inconvenientes en visualizar el material original. El objetivo es entregar recursos, compartir experiencias y materiales que ayuden a los padres de familia, maestros y estudiantes en su actualizaci\u00f3n y formaci\u00f3n permanente, en bien de la Educaci\u00f3n.\",\"sameAs\":[\"http:\\\/\\\/webdelmaestrocmf.com\\\/portal\",\"https:\\\/\\\/www.facebook.com\\\/WebdelMaestroCMF\\\/\",\"https:\\\/\\\/www.instagram.com\\\/wmcmf\\\/\",\"https:\\\/\\\/cl.linkedin.com\\\/company\\\/web-del-maestro-cmf\",\"https:\\\/\\\/www.pinterest.com\\\/WMCMF\\\/publicaciones\\\/\",\"https:\\\/\\\/x.com\\\/cmf_w\",\"https:\\\/\\\/www.youtube.com\\\/@WMCMF\"]}]}<\/script>\n<!-- \/ Yoast SEO plugin. -->","yoast_head_json":{"title":"Tu t\u00edtulo universitario tiene una vida \u00fatil de 5 a\u00f1os: el informe de IBM que obliga a repensar la educaci\u00f3n continua - 2026","description":"Durante d\u00e9cadas, el t\u00edtulo universitario fue entendido como una credencial s\u00f3lida y duradera, capaz de sostener una carrera...","robots":{"index":"index","follow":"follow","max-snippet":"max-snippet:-1","max-image-preview":"max-image-preview:large","max-video-preview":"max-video-preview:-1"},"canonical":"https:\/\/webdelmaestrocmf.com\/portal\/tu-titulo-universitario-tiene-una-vida-util-de-5-anos-el-informe-de-ibm-que-obliga-a-repensar-la-educacion-continua\/","og_locale":"es_ES","og_type":"article","og_title":"Tu t\u00edtulo universitario tiene una vida \u00fatil de 5 a\u00f1os: el informe de IBM que obliga a repensar la educaci\u00f3n continua - 2026","og_description":"Durante d\u00e9cadas, el t\u00edtulo universitario fue entendido como una credencial s\u00f3lida y duradera, capaz de sostener una carrera...","og_url":"https:\/\/webdelmaestrocmf.com\/portal\/tu-titulo-universitario-tiene-una-vida-util-de-5-anos-el-informe-de-ibm-que-obliga-a-repensar-la-educacion-continua\/","og_site_name":"Web del Maestro CMF","article_publisher":"https:\/\/www.facebook.com\/WebdelMaestroCMF\/","article_author":"https:\/\/www.facebook.com\/WebdelMaestroCMF\/","article_published_time":"2026-01-09T17:55:27+00:00","article_modified_time":"2026-01-09T18:02:23+00:00","og_image":[{"width":1000,"height":667,"url":"https:\/\/webdelmaestrocmf.com\/portal\/wp-content\/uploads\/2026\/01\/1A-Banner-1-portada-imagen-10-1-copia-1-4.webp","type":"image\/webp"}],"author":"Web del Maestro CMF","twitter_card":"summary_large_image","twitter_creator":"@cmf_w","twitter_site":"@cmf_w","schema":{"@context":"https:\/\/schema.org","@graph":[{"@type":"ScholarlyArticle","@id":"https:\/\/webdelmaestrocmf.com\/portal\/tu-titulo-universitario-tiene-una-vida-util-de-5-anos-el-informe-de-ibm-que-obliga-a-repensar-la-educacion-continua\/#article","isPartOf":{"@id":"https:\/\/webdelmaestrocmf.com\/portal\/tu-titulo-universitario-tiene-una-vida-util-de-5-anos-el-informe-de-ibm-que-obliga-a-repensar-la-educacion-continua\/"},"author":{"name":"Web del Maestro CMF","@id":"https:\/\/webdelmaestrocmf.com\/portal\/#\/schema\/person\/1072a2ed7bd960df8ef99a551fa35dc5"},"headline":"Tu t\u00edtulo universitario tiene una vida \u00fatil de 5 a\u00f1os: el informe de IBM que obliga a repensar la educaci\u00f3n continua","datePublished":"2026-01-09T17:55:27+00:00","dateModified":"2026-01-09T18:02:23+00:00","mainEntityOfPage":{"@id":"https:\/\/webdelmaestrocmf.com\/portal\/tu-titulo-universitario-tiene-una-vida-util-de-5-anos-el-informe-de-ibm-que-obliga-a-repensar-la-educacion-continua\/"},"wordCount":556,"commentCount":0,"publisher":{"@id":"https:\/\/webdelmaestrocmf.com\/portal\/#organization"},"image":{"@id":"https:\/\/webdelmaestrocmf.com\/portal\/tu-titulo-universitario-tiene-una-vida-util-de-5-anos-el-informe-de-ibm-que-obliga-a-repensar-la-educacion-continua\/#primaryimage"},"thumbnailUrl":"https:\/\/webdelmaestrocmf.com\/portal\/wp-content\/uploads\/2026\/01\/1A-Banner-1-portada-imagen-10-1-copia-1-4.webp","keywords":["educacion continua","empleabilidad","formacion profesional","Futuro del Trabajo","innovacion educativa","INTELIGENCIA ARTIFICIAL","reskilling","UNIVERSIDAD","upskilling"],"articleSection":["Noticias Internacionales"],"inLanguage":"es","potentialAction":[{"@type":"CommentAction","name":"Comment","target":["https:\/\/webdelmaestrocmf.com\/portal\/tu-titulo-universitario-tiene-una-vida-util-de-5-anos-el-informe-de-ibm-que-obliga-a-repensar-la-educacion-continua\/#respond"]}]},{"@type":"WebPage","@id":"https:\/\/webdelmaestrocmf.com\/portal\/tu-titulo-universitario-tiene-una-vida-util-de-5-anos-el-informe-de-ibm-que-obliga-a-repensar-la-educacion-continua\/","url":"https:\/\/webdelmaestrocmf.com\/portal\/tu-titulo-universitario-tiene-una-vida-util-de-5-anos-el-informe-de-ibm-que-obliga-a-repensar-la-educacion-continua\/","name":"Tu t\u00edtulo universitario tiene una vida \u00fatil de 5 a\u00f1os: el informe de IBM que obliga a repensar la educaci\u00f3n continua - 2026","isPartOf":{"@id":"https:\/\/webdelmaestrocmf.com\/portal\/#website"},"primaryImageOfPage":{"@id":"https:\/\/webdelmaestrocmf.com\/portal\/tu-titulo-universitario-tiene-una-vida-util-de-5-anos-el-informe-de-ibm-que-obliga-a-repensar-la-educacion-continua\/#primaryimage"},"image":{"@id":"https:\/\/webdelmaestrocmf.com\/portal\/tu-titulo-universitario-tiene-una-vida-util-de-5-anos-el-informe-de-ibm-que-obliga-a-repensar-la-educacion-continua\/#primaryimage"},"thumbnailUrl":"https:\/\/webdelmaestrocmf.com\/portal\/wp-content\/uploads\/2026\/01\/1A-Banner-1-portada-imagen-10-1-copia-1-4.webp","datePublished":"2026-01-09T17:55:27+00:00","dateModified":"2026-01-09T18:02:23+00:00","description":"Durante d\u00e9cadas, el t\u00edtulo universitario fue entendido como una credencial s\u00f3lida y duradera, capaz de sostener una carrera...","breadcrumb":{"@id":"https:\/\/webdelmaestrocmf.com\/portal\/tu-titulo-universitario-tiene-una-vida-util-de-5-anos-el-informe-de-ibm-que-obliga-a-repensar-la-educacion-continua\/#breadcrumb"},"inLanguage":"es","potentialAction":[{"@type":"ReadAction","target":["https:\/\/webdelmaestrocmf.com\/portal\/tu-titulo-universitario-tiene-una-vida-util-de-5-anos-el-informe-de-ibm-que-obliga-a-repensar-la-educacion-continua\/"]}]},{"@type":"ImageObject","inLanguage":"es","@id":"https:\/\/webdelmaestrocmf.com\/portal\/tu-titulo-universitario-tiene-una-vida-util-de-5-anos-el-informe-de-ibm-que-obliga-a-repensar-la-educacion-continua\/#primaryimage","url":"https:\/\/webdelmaestrocmf.com\/portal\/wp-content\/uploads\/2026\/01\/1A-Banner-1-portada-imagen-10-1-copia-1-4.webp","contentUrl":"https:\/\/webdelmaestrocmf.com\/portal\/wp-content\/uploads\/2026\/01\/1A-Banner-1-portada-imagen-10-1-copia-1-4.webp","width":1000,"height":667},{"@type":"BreadcrumbList","@id":"https:\/\/webdelmaestrocmf.com\/portal\/tu-titulo-universitario-tiene-una-vida-util-de-5-anos-el-informe-de-ibm-que-obliga-a-repensar-la-educacion-continua\/#breadcrumb","itemListElement":[{"@type":"ListItem","position":1,"name":"Portada","item":"https:\/\/webdelmaestrocmf.com\/portal\/"},{"@type":"ListItem","position":2,"name":"Noticias Internacionales","item":"https:\/\/webdelmaestrocmf.com\/portal\/category\/noticias-internacionales\/"},{"@type":"ListItem","position":3,"name":"Tu t\u00edtulo universitario tiene una vida \u00fatil de 5 a\u00f1os: el informe de IBM que obliga a repensar la educaci\u00f3n continua"}]},{"@type":"WebSite","@id":"https:\/\/webdelmaestrocmf.com\/portal\/#website","url":"https:\/\/webdelmaestrocmf.com\/portal\/","name":"Web del Maestro CMF","description":"Maestros al servicio de la educaci\u00f3n","publisher":{"@id":"https:\/\/webdelmaestrocmf.com\/portal\/#organization"},"alternateName":"WMCMF","potentialAction":[{"@type":"SearchAction","target":{"@type":"EntryPoint","urlTemplate":"https:\/\/webdelmaestrocmf.com\/portal\/?s={search_term_string}"},"query-input":{"@type":"PropertyValueSpecification","valueRequired":true,"valueName":"search_term_string"}}],"inLanguage":"es"},{"@type":"Organization","@id":"https:\/\/webdelmaestrocmf.com\/portal\/#organization","name":"Web del Maestro CMF","alternateName":"WMCMF","url":"https:\/\/webdelmaestrocmf.com\/portal\/","logo":{"@type":"ImageObject","inLanguage":"es","@id":"https:\/\/webdelmaestrocmf.com\/portal\/#\/schema\/logo\/image\/","url":"https:\/\/webdelmaestrocmf.com\/portal\/wp-content\/uploads\/2023\/01\/logo-wmcmf-2.png","contentUrl":"https:\/\/webdelmaestrocmf.com\/portal\/wp-content\/uploads\/2023\/01\/logo-wmcmf-2.png","width":200,"height":60,"caption":"Web del Maestro CMF"},"image":{"@id":"https:\/\/webdelmaestrocmf.com\/portal\/#\/schema\/logo\/image\/"},"sameAs":["https:\/\/www.facebook.com\/WebdelMaestroCMF\/","https:\/\/x.com\/cmf_w","https:\/\/www.pinterest.com\/WMCMF\/","https:\/\/www.linkedin.com\/company\/web-del-maestro-cmf\/","https:\/\/www.instagram.com\/wmcmf\/","https:\/\/www.youtube.com\/channel\/UCDPSvjbdodE5sHnC3OxutHw","https:\/\/mastodon.social\/@wmcmf","https:\/\/www.tiktok.com\/@webdelmaestrocmf"]},{"@type":"Person","@id":"https:\/\/webdelmaestrocmf.com\/portal\/#\/schema\/person\/1072a2ed7bd960df8ef99a551fa35dc5","name":"Web del Maestro CMF","image":{"@type":"ImageObject","inLanguage":"es","@id":"https:\/\/secure.gravatar.com\/avatar\/23291dd5b5ae1077dcff3dbb04c3e02bd28403fa75af6d8787d5e97c5bbbe30b?s=96&d=mm&r=g","url":"https:\/\/secure.gravatar.com\/avatar\/23291dd5b5ae1077dcff3dbb04c3e02bd28403fa75af6d8787d5e97c5bbbe30b?s=96&d=mm&r=g","contentUrl":"https:\/\/secure.gravatar.com\/avatar\/23291dd5b5ae1077dcff3dbb04c3e02bd28403fa75af6d8787d5e97c5bbbe30b?s=96&d=mm&r=g","caption":"Web del Maestro CMF"},"description":"Esta Web se cre\u00f3 sin fines de lucro, con fines educativos, cient\u00edficos y acad\u00e9micos, para personas que tengan dificultades y\/o inconvenientes en visualizar el material original. El objetivo es entregar recursos, compartir experiencias y materiales que ayuden a los padres de familia, maestros y estudiantes en su actualizaci\u00f3n y formaci\u00f3n permanente, en bien de la Educaci\u00f3n.","sameAs":["http:\/\/webdelmaestrocmf.com\/portal","https:\/\/www.facebook.com\/WebdelMaestroCMF\/","https:\/\/www.instagram.com\/wmcmf\/","https:\/\/cl.linkedin.com\/company\/web-del-maestro-cmf","https:\/\/www.pinterest.com\/WMCMF\/publicaciones\/","https:\/\/x.com\/cmf_w","https:\/\/www.youtube.com\/@WMCMF"]}]}},"jetpack_sharing_enabled":true,"jetpack-related-posts":[{"id":57220,"url":"https:\/\/webdelmaestrocmf.com\/portal\/ibm-ofrece-cursos-gratuitos-en-espanol-de-mindfulness-ciberseguridad-habilidades-profesionales-computo-en-la-nube-ciencia-de-datos-y-inteligencia-artificial\/","url_meta":{"origin":114672,"position":0},"title":"IBM ofrece cursos gratuitos en espa\u00f1ol de Mindfulness, Ciberseguridad, Habilidades Profesionales, C\u00f3mputo en la nube, Ciencia de datos y Inteligencia artificial","author":"Web del Maestro CMF","date":"9 enero, 2021","format":false,"excerpt":"Conforme avanzan los a\u00f1os surgen nuevas tecnolog\u00edas que requieren de ciertas habilidades para manejarlas, es necesario siempre mantenerse actualizado en este aspecto para no quedarnos atrasados. Con la gran expansi\u00f3n de internet contamos con muchos recursos en l\u00ednea para aprender nuevas habilidades y tecnolog\u00edas. Muchos son de pago, otros gratuitos,\u2026","rel":"","context":"En \u00abCursos\u00bb","block_context":{"text":"Cursos","link":"https:\/\/webdelmaestrocmf.com\/portal\/category\/cursos\/"},"img":{"alt_text":"","src":"https:\/\/i0.wp.com\/webdelmaestrocmf.com\/portal\/wp-content\/uploads\/2021\/01\/1-58.jpg?resize=350%2C200&ssl=1","width":350,"height":200,"srcset":"https:\/\/i0.wp.com\/webdelmaestrocmf.com\/portal\/wp-content\/uploads\/2021\/01\/1-58.jpg?resize=350%2C200&ssl=1 1x, https:\/\/i0.wp.com\/webdelmaestrocmf.com\/portal\/wp-content\/uploads\/2021\/01\/1-58.jpg?resize=525%2C300&ssl=1 1.5x, https:\/\/i0.wp.com\/webdelmaestrocmf.com\/portal\/wp-content\/uploads\/2021\/01\/1-58.jpg?resize=700%2C400&ssl=1 2x, https:\/\/i0.wp.com\/webdelmaestrocmf.com\/portal\/wp-content\/uploads\/2021\/01\/1-58.jpg?resize=1050%2C600&ssl=1 3x"},"classes":[]},{"id":118260,"url":"https:\/\/webdelmaestrocmf.com\/portal\/la-ia-elimina-16-carreras-universitarias-en-china\/","url_meta":{"origin":114672,"position":1},"title":"La IA elimina 16 carreras universitarias en China","author":"Web del Maestro CMF","date":"24 abril, 2026","format":false,"excerpt":"La inteligencia artificial ya est\u00e1 transformando carreras y el mercado laboral. La educaci\u00f3n debe adaptarse con urgencia, priorizando habilidades cr\u00edticas, pensamiento aut\u00f3nomo y uso consciente de tecnolog\u00eda para no quedar rezagada.","rel":"","context":"En \u00abNoticias Internacionales\u00bb","block_context":{"text":"Noticias Internacionales","link":"https:\/\/webdelmaestrocmf.com\/portal\/category\/noticias-internacionales\/"},"img":{"alt_text":"","src":"https:\/\/i0.wp.com\/webdelmaestrocmf.com\/portal\/wp-content\/uploads\/2026\/04\/1AA-Banner-1-portada-imagen-10-1-copia-10-2.webp?resize=350%2C200&ssl=1","width":350,"height":200,"srcset":"https:\/\/i0.wp.com\/webdelmaestrocmf.com\/portal\/wp-content\/uploads\/2026\/04\/1AA-Banner-1-portada-imagen-10-1-copia-10-2.webp?resize=350%2C200&ssl=1 1x, https:\/\/i0.wp.com\/webdelmaestrocmf.com\/portal\/wp-content\/uploads\/2026\/04\/1AA-Banner-1-portada-imagen-10-1-copia-10-2.webp?resize=525%2C300&ssl=1 1.5x, https:\/\/i0.wp.com\/webdelmaestrocmf.com\/portal\/wp-content\/uploads\/2026\/04\/1AA-Banner-1-portada-imagen-10-1-copia-10-2.webp?resize=700%2C400&ssl=1 2x, https:\/\/i0.wp.com\/webdelmaestrocmf.com\/portal\/wp-content\/uploads\/2026\/04\/1AA-Banner-1-portada-imagen-10-1-copia-10-2.webp?resize=1050%2C600&ssl=1 3x"},"classes":[]},{"id":62848,"url":"https:\/\/webdelmaestrocmf.com\/portal\/nuevos-cursos-gratuitos-para-aprender-programacion-y-ciencias-de-la-computacion-mayo-2021\/","url_meta":{"origin":114672,"position":2},"title":"Nuevos cursos gratuitos para aprender programaci\u00f3n y ciencias de la computaci\u00f3n | Mayo 2021","author":"Web del Maestro CMF","date":"12 mayo, 2021","format":false,"excerpt":"En Genbeta nos se han dedicado nuevamente a buscar en las diferentes plataformas de educaci\u00f3n online que ofrecen cursos online gratis, espec\u00edficamente aquellos que han sido creados por instituciones educativas prestigiosas de todo el mundo y que adem\u00e1s\u00a0est\u00e1n 100% en espa\u00f1ol. Se han centrado principalmente en cursos de programaci\u00f3n y\u2026","rel":"","context":"En \u00abCursos\u00bb","block_context":{"text":"Cursos","link":"https:\/\/webdelmaestrocmf.com\/portal\/category\/cursos\/"},"img":{"alt_text":"","src":"https:\/\/i0.wp.com\/webdelmaestrocmf.com\/portal\/wp-content\/uploads\/2021\/05\/1-copia-12.jpg?resize=350%2C200&ssl=1","width":350,"height":200,"srcset":"https:\/\/i0.wp.com\/webdelmaestrocmf.com\/portal\/wp-content\/uploads\/2021\/05\/1-copia-12.jpg?resize=350%2C200&ssl=1 1x, https:\/\/i0.wp.com\/webdelmaestrocmf.com\/portal\/wp-content\/uploads\/2021\/05\/1-copia-12.jpg?resize=525%2C300&ssl=1 1.5x, https:\/\/i0.wp.com\/webdelmaestrocmf.com\/portal\/wp-content\/uploads\/2021\/05\/1-copia-12.jpg?resize=700%2C400&ssl=1 2x, https:\/\/i0.wp.com\/webdelmaestrocmf.com\/portal\/wp-content\/uploads\/2021\/05\/1-copia-12.jpg?resize=1050%2C600&ssl=1 3x"},"classes":[]},{"id":111881,"url":"https:\/\/webdelmaestrocmf.com\/portal\/leon-trahtemberg-la-universidad-ya-no-es-el-camino-seguro-al-exito-y-ahora-que\/","url_meta":{"origin":114672,"position":3},"title":"Le\u00f3n Trahtemberg: La universidad ya no es el camino seguro al \u00e9xito: \u00bfy ahora qu\u00e9?","author":"Web del Maestro CMF","date":"17 agosto, 2025","format":false,"excerpt":"La universidad dej\u00f3 de ser garant\u00eda de \u00e9xito: hoy pesan m\u00e1s las habilidades, la adaptabilidad y los caminos alternativos de aprendizaje.","rel":"","context":"En \u00abEntrevistas\u00bb","block_context":{"text":"Entrevistas","link":"https:\/\/webdelmaestrocmf.com\/portal\/category\/noticias\/entrevistas\/"},"img":{"alt_text":"","src":"https:\/\/i0.wp.com\/webdelmaestrocmf.com\/portal\/wp-content\/uploads\/2025\/08\/1A-Banner-1-portada-imagen-10-1-copia-5.webp?resize=350%2C200&ssl=1","width":350,"height":200,"srcset":"https:\/\/i0.wp.com\/webdelmaestrocmf.com\/portal\/wp-content\/uploads\/2025\/08\/1A-Banner-1-portada-imagen-10-1-copia-5.webp?resize=350%2C200&ssl=1 1x, https:\/\/i0.wp.com\/webdelmaestrocmf.com\/portal\/wp-content\/uploads\/2025\/08\/1A-Banner-1-portada-imagen-10-1-copia-5.webp?resize=525%2C300&ssl=1 1.5x, https:\/\/i0.wp.com\/webdelmaestrocmf.com\/portal\/wp-content\/uploads\/2025\/08\/1A-Banner-1-portada-imagen-10-1-copia-5.webp?resize=700%2C400&ssl=1 2x"},"classes":[]},{"id":120765,"url":"https:\/\/webdelmaestrocmf.com\/portal\/renzo-corona-no-hay-buen-empleo-sin-buena-educacion-ni-productividad-real-sin-personas-preparadas-para-reinventarse\/","url_meta":{"origin":114672,"position":4},"title":"Renzo Corona: \u201cNo hay buen empleo sin buena educaci\u00f3n, ni productividad real sin personas preparadas para reinventarse\u201d","author":"Web del Maestro CMF","date":"7 julio, 2026","format":false,"excerpt":"Renzo Corona propone transformar la educaci\u00f3n para formar personas vers\u00e1tiles, capaces de adaptarse a los cambios, desarrollar m\u00faltiples competencias y fortalecer su empleabilidad frente a los desaf\u00edos del mercado laboral actual.","rel":"","context":"En \u00abEntrevistas\u00bb","block_context":{"text":"Entrevistas","link":"https:\/\/webdelmaestrocmf.com\/portal\/category\/noticias\/entrevistas\/"},"img":{"alt_text":"","src":"https:\/\/i0.wp.com\/webdelmaestrocmf.com\/portal\/wp-content\/uploads\/2026\/07\/1AA-Banner-1-portada-imagen-10-1-copia-17.webp?resize=350%2C200&ssl=1","width":350,"height":200,"srcset":"https:\/\/i0.wp.com\/webdelmaestrocmf.com\/portal\/wp-content\/uploads\/2026\/07\/1AA-Banner-1-portada-imagen-10-1-copia-17.webp?resize=350%2C200&ssl=1 1x, https:\/\/i0.wp.com\/webdelmaestrocmf.com\/portal\/wp-content\/uploads\/2026\/07\/1AA-Banner-1-portada-imagen-10-1-copia-17.webp?resize=525%2C300&ssl=1 1.5x, https:\/\/i0.wp.com\/webdelmaestrocmf.com\/portal\/wp-content\/uploads\/2026\/07\/1AA-Banner-1-portada-imagen-10-1-copia-17.webp?resize=700%2C400&ssl=1 2x, https:\/\/i0.wp.com\/webdelmaestrocmf.com\/portal\/wp-content\/uploads\/2026\/07\/1AA-Banner-1-portada-imagen-10-1-copia-17.webp?resize=1050%2C600&ssl=1 3x"},"classes":[]},{"id":89928,"url":"https:\/\/webdelmaestrocmf.com\/portal\/si-como-docente-no-cree-importante-entender-que-es-o-como-funciona-la-ia-considera-seriamente-la-opcion-de-no-impartir-clases\/","url_meta":{"origin":114672,"position":5},"title":"Si como docente no cree importante entender \u00abqu\u00e9 es\u00bb o \u00abc\u00f3mo funciona\u00bb la IA \u00bfHa considerado seriamente la opci\u00f3n de no impartir clases?","author":"Web del Maestro CMF","date":"8 junio, 2023","format":false,"excerpt":"La inteligencia artificial (IA) se est\u00e1 volviendo cada vez m\u00e1s relevante en diversas \u00e1reas de la sociedad, incluida la educaci\u00f3n. Comprender qu\u00e9 es y c\u00f3mo funciona la IA puede ser beneficioso para los docentes, puesto que les permite estar mejor preparados para ense\u00f1ar a los estudiantes sobre esta tecnolog\u00eda emergente.\u2026","rel":"","context":"En \u00abChatGPT\u00bb","block_context":{"text":"ChatGPT","link":"https:\/\/webdelmaestrocmf.com\/portal\/category\/tecnologia\/chatgpt\/"},"img":{"alt_text":"","src":"https:\/\/i0.wp.com\/webdelmaestrocmf.com\/portal\/wp-content\/uploads\/2023\/06\/A12B3C4D-2023-06-08T123022.991.jpg?resize=350%2C200&ssl=1","width":350,"height":200,"srcset":"https:\/\/i0.wp.com\/webdelmaestrocmf.com\/portal\/wp-content\/uploads\/2023\/06\/A12B3C4D-2023-06-08T123022.991.jpg?resize=350%2C200&ssl=1 1x, https:\/\/i0.wp.com\/webdelmaestrocmf.com\/portal\/wp-content\/uploads\/2023\/06\/A12B3C4D-2023-06-08T123022.991.jpg?resize=525%2C300&ssl=1 1.5x, https:\/\/i0.wp.com\/webdelmaestrocmf.com\/portal\/wp-content\/uploads\/2023\/06\/A12B3C4D-2023-06-08T123022.991.jpg?resize=700%2C400&ssl=1 2x"},"classes":[]}],"jetpack_featured_media_url":"https:\/\/webdelmaestrocmf.com\/portal\/wp-content\/uploads\/2026\/01\/1A-Banner-1-portada-imagen-10-1-copia-1-4.webp","_links":{"self":[{"href":"https:\/\/webdelmaestrocmf.com\/portal\/wp-json\/wp\/v2\/posts\/114672","targetHints":{"allow":["GET"]}}],"collection":[{"href":"https:\/\/webdelmaestrocmf.com\/portal\/wp-json\/wp\/v2\/posts"}],"about":[{"href":"https:\/\/webdelmaestrocmf.com\/portal\/wp-json\/wp\/v2\/types\/post"}],"author":[{"embeddable":true,"href":"https:\/\/webdelmaestrocmf.com\/portal\/wp-json\/wp\/v2\/users\/1"}],"replies":[{"embeddable":true,"href":"https:\/\/webdelmaestrocmf.com\/portal\/wp-json\/wp\/v2\/comments?post=114672"}],"version-history":[{"count":1,"href":"https:\/\/webdelmaestrocmf.com\/portal\/wp-json\/wp\/v2\/posts\/114672\/revisions"}],"predecessor-version":[{"id":114674,"href":"https:\/\/webdelmaestrocmf.com\/portal\/wp-json\/wp\/v2\/posts\/114672\/revisions\/114674"}],"wp:featuredmedia":[{"embeddable":true,"href":"https:\/\/webdelmaestrocmf.com\/portal\/wp-json\/wp\/v2\/media\/114676"}],"wp:attachment":[{"href":"https:\/\/webdelmaestrocmf.com\/portal\/wp-json\/wp\/v2\/media?parent=114672"}],"wp:term":[{"taxonomy":"category","embeddable":true,"href":"https:\/\/webdelmaestrocmf.com\/portal\/wp-json\/wp\/v2\/categories?post=114672"},{"taxonomy":"post_tag","embeddable":true,"href":"https:\/\/webdelmaestrocmf.com\/portal\/wp-json\/wp\/v2\/tags?post=114672"}],"curies":[{"name":"wp","href":"https:\/\/api.w.org\/{rel}","templated":true}]}}