{"id":114580,"date":"2026-01-06T16:10:00","date_gmt":"2026-01-06T19:10:00","guid":{"rendered":"https:\/\/webdelmaestrocmf.com\/portal\/?p=114580"},"modified":"2026-01-06T18:20:10","modified_gmt":"2026-01-06T21:20:10","slug":"descarga-la-agenda-digital-2026-para-docentes-funciona-en-cualquier-dispositivo-movil-y-facilita-la-planificacion-el-orden-y-el-enfoque-pedagogico","status":"publish","type":"post","link":"https:\/\/webdelmaestrocmf.com\/portal\/descarga-la-agenda-digital-2026-para-docentes-funciona-en-cualquier-dispositivo-movil-y-facilita-la-planificacion-el-orden-y-el-enfoque-pedagogico\/","title":{"rendered":"Descarga la agenda digital 2026 para docentes: funciona en cualquier dispositivo m\u00f3vil y facilita la planificaci\u00f3n, el orden y el enfoque pedag\u00f3gico"},"content":{"rendered":"\n<p>La organizaci\u00f3n docente no es un lujo: es una necesidad profesional. En un escenario educativo cada vez m\u00e1s demandante, contar con herramientas que faciliten la planificaci\u00f3n y la gesti\u00f3n del tiempo resulta clave para sostener una pr\u00e1ctica pedag\u00f3gica efectiva y cuidada. En este contexto, compartimos una <strong>agenda digital gratuita<\/strong> pensada para acompa\u00f1ar el trabajo cotidiano de los docentes.<\/p>\n\n\n\n<p>Se trata de un <strong>planner en formato PDF<\/strong>, dise\u00f1ado <strong>principalmente para su uso en dispositivos digitales<\/strong> como tablets, iPad o computadoras, mediante aplicaciones de anotaci\u00f3n o escritura digital. No obstante, <strong>tambi\u00e9n puede imprimirse<\/strong>, ya sea completa o por secciones, seg\u00fan las necesidades y preferencias de cada docente.<\/p>\n\n\n\n<blockquote class=\"wp-block-quote is-layout-flow wp-block-quote-is-layout-flow\">\n<p class=\"has-text-align-center\">Es importante aclararlo desde el inicio: <strong>el recurso est\u00e1 disponible \u00fanicamente en ingl\u00e9s<\/strong>, tanto en los encabezados como en los meses y secciones internas. Aun as\u00ed, su estructura visual es intuitiva y su dise\u00f1o funcional permite aprovecharla sin dificultad, incluso para quienes no dominan el idioma.<\/p>\n<\/blockquote>\n\n\n\n<h3 class=\"wp-block-heading\"><strong>Beneficios de esta agenda para la pr\u00e1ctica docente<\/strong><\/h3>\n\n\n\n<p>Uno de los principales aportes de esta agenda es su <strong>dise\u00f1o limpio, moderno y profesional<\/strong>, que evita la sobrecarga visual y facilita una planificaci\u00f3n clara. Entre sus beneficios m\u00e1s relevantes se destacan:<\/p>\n\n\n\n<ul class=\"wp-block-list\">\n<li><strong>Organizaci\u00f3n eficiente del tiempo<\/strong>, con vistas diarias, semanales y mensuales.<\/li>\n\n\n\n<li><strong>Mejor planificaci\u00f3n pedag\u00f3gica<\/strong>, permitiendo ordenar clases, evaluaciones, reuniones y proyectos.<\/li>\n\n\n\n<li><strong>Uso flexible<\/strong>, tanto en formato digital como impreso.<\/li>\n\n\n\n<li><strong>Mayor productividad y enfoque<\/strong>, ayudando a priorizar tareas y reducir la improvisaci\u00f3n.<\/li>\n\n\n\n<li><strong>Compatibilidad con aplicaciones de escritura digital<\/strong>, ideal para docentes que trabajan con tabletas.<\/li>\n\n\n\n<li><strong>Acceso gratuito<\/strong>, lo que lo convierte en un recurso accesible para cualquier docente.<\/li>\n<\/ul>\n\n\n\n<p>Aunque el idioma sea ingl\u00e9s, muchos docentes utilizan esta agenda como <strong>base estructural<\/strong>, adaptando las anotaciones y el uso a su propio contexto educativo.<\/p>\n\n\n\n<h3 class=\"wp-block-heading\"><strong>Un recurso \u00fatil, con una aclaraci\u00f3n necesaria<\/strong><\/h3>\n\n\n\n<p>Conviene ser claros: <strong>no existe una versi\u00f3n en espa\u00f1ol del planner<\/strong>. El sitio web puede mostrarse en espa\u00f1ol, pero el archivo descargable mantiene su contenido en ingl\u00e9s. Aun as\u00ed, su valor radica en la organizaci\u00f3n visual, la claridad del dise\u00f1o y la flexibilidad de uso.<\/p>\n\n\n\n<h3 class=\"wp-block-heading\"><strong>Descarga del recurso<\/strong><\/h3>\n\n\n\n<p>El <strong>enlace de descarga se encuentra al final del art\u00edculo<\/strong>, para que puedas acceder directamente al recurso, revisarlo y evaluar si se ajusta a tu forma de trabajo docente.<\/p>\n\n\n\n<p>Planificar no es trabajar m\u00e1s, sino <strong>trabajar mejor<\/strong>. Contar con herramientas adecuadas permite ordenar la tarea diaria, reducir la carga mental y fortalecer la pr\u00e1ctica pedag\u00f3gica.<\/p>\n\n\n\n<p class=\"has-text-align-right\"><strong>Redacci\u00f3n | Web del Maestro CMF<\/strong><\/p>\n\n\n\n<p class=\"has-text-align-center\">MATERIAL DE DESCARGA: <a href=\"https:\/\/drive.google.com\/drive\/folders\/1Gw4ng90Za1jfbRleWfL-1tDaXohjuC7V?usp=sharing\" target=\"_blank\" rel=\"noreferrer noopener\">DESCARGA LOS 4 DISE\u00d1OS DE LA AGENDA DIGITAL 2026 VERSI\u00d3N SOLO EN INGL\u00c9S<\/a> <\/p>\n\n\n\t\t<div class=\"pk-inline-posts\">\n\t\t\t\n\t\t\t<div class=\"pk-inline-posts-container pk-inline-posts-template-list\"\n\t\t\t\tdata-columns=\"1\">\n\t\t\t\t\t\t<article id=\"post-115013\" class=\"post-115013 post type-post status-publish format-standard has-post-thumbnail category-agenda category-descarga category-pedagogia tag-agenda-2026 tag-agenda-gratuita tag-agenda-para-imprimir tag-herramientas-educativas tag-material-imprimible tag-organizacion-personal tag-planificacion-anual tag-planificador-anual tag-recursos-educativos cs-entry cs-video-wrap\">\n\t\t\t<div class=\"pk-post-outer\">\n\n\t\t\t\t\t\t\t\t<div class=\"pk-post-inner\">\n\t\t\t\t\t<div class=\"entry-thumbnail\">\n\t\t\t\t\t\t<div class=\"pk-overlay pk-overlay-ratio pk-ratio-landscape\">\n\t\t\t\t\t\t\t<div class=\"pk-overlay-background\">\n\t\t\t\t\t\t\t\t<a href=\"https:\/\/webdelmaestrocmf.com\/portal\/nueva-agenda-2026-para-descargar-e-imprimir-o-usar-en-digital-organiza-tu-ano-con-claridad-y-estilo\/\" class=\"pk-overlay-link\">\n\t\t\t\t\t\t\t\t\t<img loading=\"lazy\" decoding=\"async\" width=\"300\" height=\"225\" src=\"https:\/\/webdelmaestrocmf.com\/portal\/wp-content\/uploads\/2026\/01\/1A-Banner-1-portada-imagen-10-1-copia-22-300x225.webp\" class=\"attachment-pk-thumbnail size-pk-thumbnail wp-post-image\" alt=\"\" \/>\t\t\t\t\t\t\t\t<\/a>\n\t\t\t\t\t\t\t<\/div>\n\t\t\t\t\t\t<\/div>\n\t\t\t\t\t<\/div>\n\t\t\t\t<\/div>\n\t\t\t\t\n\t\t\t\t<div class=\"pk-post-inner\">\n\t\t\t\t\t<header>\n\t\t\t\t\t\t<h3 class=\"pk-title\"><a href=\"https:\/\/webdelmaestrocmf.com\/portal\/nueva-agenda-2026-para-descargar-e-imprimir-o-usar-en-digital-organiza-tu-ano-con-claridad-y-estilo\/\" rel=\"bookmark\">Nueva agenda 2026 para Descargar e Imprimir o  usar en digital: Organiza tu A\u00f1o con Claridad y Estilo<\/a><\/h3>\t\t\t\t\t<\/header><!-- .entry-header -->\n\t\t\t\t<\/div><!-- .post-inner -->\n\n\t\t\t<\/div><!-- .post-outer -->\n\t\t<\/article>\n\t\t\t<article id=\"post-114078\" class=\"post-114078 post type-post status-publish format-standard has-post-thumbnail category-agenda category-pedagogia tag-agenda-2026 tag-agenda-diaria tag-agenda-docente tag-gestion-del-tiempo tag-organizacion-escolar tag-planificacion-docente tag-planificacion-educativa tag-recursos-docentes tag-vida-docente cs-entry cs-video-wrap\">\n\t\t\t<div class=\"pk-post-outer\">\n\n\t\t\t\t\t\t\t\t<div class=\"pk-post-inner\">\n\t\t\t\t\t<div class=\"entry-thumbnail\">\n\t\t\t\t\t\t<div class=\"pk-overlay pk-overlay-ratio pk-ratio-landscape\">\n\t\t\t\t\t\t\t<div class=\"pk-overlay-background\">\n\t\t\t\t\t\t\t\t<a href=\"https:\/\/webdelmaestrocmf.com\/portal\/agenda-diaria-2026-para-docentes-una-herramienta-clave-para-organizar-el-ano-escolar-con-claridad-y-equilibrio\/\" class=\"pk-overlay-link\">\n\t\t\t\t\t\t\t\t\t<img loading=\"lazy\" decoding=\"async\" width=\"300\" height=\"225\" src=\"https:\/\/webdelmaestrocmf.com\/portal\/wp-content\/uploads\/2025\/12\/1A-Banner-1-portada-imagen-10-1-copia-17-300x225.webp\" class=\"attachment-pk-thumbnail size-pk-thumbnail wp-post-image\" alt=\"\" \/>\t\t\t\t\t\t\t\t<\/a>\n\t\t\t\t\t\t\t<\/div>\n\t\t\t\t\t\t<\/div>\n\t\t\t\t\t<\/div>\n\t\t\t\t<\/div>\n\t\t\t\t\n\t\t\t\t<div class=\"pk-post-inner\">\n\t\t\t\t\t<header>\n\t\t\t\t\t\t<h3 class=\"pk-title\"><a href=\"https:\/\/webdelmaestrocmf.com\/portal\/agenda-diaria-2026-para-docentes-una-herramienta-clave-para-organizar-el-ano-escolar-con-claridad-y-equilibrio\/\" rel=\"bookmark\">Agenda diaria 2026 para docentes: una herramienta clave para organizar el a\u00f1o escolar con claridad y equilibrio<\/a><\/h3>\t\t\t\t\t<\/header><!-- .entry-header -->\n\t\t\t\t<\/div><!-- .post-inner -->\n\n\t\t\t<\/div><!-- .post-outer -->\n\t\t<\/article>\n\t\t\t<article id=\"post-113734\" class=\"post-113734 post type-post status-publish format-standard has-post-thumbnail category-agenda category-pedagogia tag-agenda-2026 tag-agenda-a4 tag-agenda-a5 tag-agenda-personalizada tag-agenda-profesional tag-agendas-imprimibles tag-descargar-agenda-2026 tag-descargar-plantillas-gratis tag-diseno-de-agendas tag-lozano-impresores tag-organizacion-personal tag-papeleria-personalizada tag-planificacion-anual tag-plantilla-diaria tag-plantilla-semanal tag-plantillas-agenda-pdf tag-portadas-editables tag-productividad-2026 tag-recursos-imprimibles cs-entry cs-video-wrap\">\n\t\t\t<div class=\"pk-post-outer\">\n\n\t\t\t\t\t\t\t\t<div class=\"pk-post-inner\">\n\t\t\t\t\t<div class=\"entry-thumbnail\">\n\t\t\t\t\t\t<div class=\"pk-overlay pk-overlay-ratio pk-ratio-landscape\">\n\t\t\t\t\t\t\t<div class=\"pk-overlay-background\">\n\t\t\t\t\t\t\t\t<a href=\"https:\/\/webdelmaestrocmf.com\/portal\/agenda-2026-en-pdf-una-herramienta-gratuita-para-organizar-tu-ano-con-profesionalismo\/\" class=\"pk-overlay-link\">\n\t\t\t\t\t\t\t\t\t<img loading=\"lazy\" decoding=\"async\" width=\"300\" height=\"225\" src=\"https:\/\/webdelmaestrocmf.com\/portal\/wp-content\/uploads\/2025\/11\/Portada-descarga-5-1-300x225.jpg\" class=\"attachment-pk-thumbnail size-pk-thumbnail wp-post-image\" alt=\"\" \/>\t\t\t\t\t\t\t\t<\/a>\n\t\t\t\t\t\t\t<\/div>\n\t\t\t\t\t\t<\/div>\n\t\t\t\t\t<\/div>\n\t\t\t\t<\/div>\n\t\t\t\t\n\t\t\t\t<div class=\"pk-post-inner\">\n\t\t\t\t\t<header>\n\t\t\t\t\t\t<h3 class=\"pk-title\"><a href=\"https:\/\/webdelmaestrocmf.com\/portal\/agenda-2026-en-pdf-una-herramienta-gratuita-para-organizar-tu-ano-con-profesionalismo\/\" rel=\"bookmark\">Agenda 2026 en PDF: una herramienta gratuita para organizar tu a\u00f1o con profesionalismo<\/a><\/h3>\t\t\t\t\t<\/header><!-- .entry-header -->\n\t\t\t\t<\/div><!-- .post-inner -->\n\n\t\t\t<\/div><!-- .post-outer -->\n\t\t<\/article>\n\t\t\t\t<\/div>\n\t\t<\/div>\n\t\t\n","protected":false},"excerpt":{"rendered":"Agenda digital para docentes que organiza el tiempo, mejora la planificaci\u00f3n pedag\u00f3gica y reduce la carga mental diaria del aula.","protected":false},"author":1,"featured_media":114588,"comment_status":"open","ping_status":"closed","sticky":false,"template":"","format":"standard","meta":{"csco_display_header_overlay":false,"csco_singular_sidebar":"","csco_page_header_type":"","csco_page_load_nextpost":"","csco_post_video_location":[],"csco_post_video_location_hash":"","csco_post_video_url":"","csco_post_video_bg_start_time":0,"csco_post_video_bg_end_time":0,"csco_post_video_bg_volume":false,"_jetpack_memberships_contains_paid_content":false,"footnotes":""},"categories":[18408,735],"tags":[25096,25100,25099,25057,25097,15964,21803,25098,16426],"class_list":{"0":"post-114580","1":"post","2":"type-post","3":"status-publish","4":"format-standard","5":"has-post-thumbnail","7":"category-agenda","8":"category-pedagogia","9":"tag-agenda-digital-docentes","10":"tag-agenda-educativa","11":"tag-gestion-del-tiempo-docente","12":"tag-herramientas-docentes","13":"tag-organizacion-pedagogica","14":"tag-planificacion-docente","15":"tag-planificacion-escolar","16":"tag-productividad-docente","17":"tag-recursos-educativos","18":"cs-entry","19":"cs-video-wrap"},"yoast_head":"<!-- This site is optimized with the Yoast SEO plugin v27.4 - https:\/\/yoast.com\/product\/yoast-seo-wordpress\/ -->\n<title>Descarga la agenda digital 2026 para docentes: funciona en cualquier dispositivo m\u00f3vil y facilita la planificaci\u00f3n, el orden y el enfoque pedag\u00f3gico - 2026<\/title>\n<meta name=\"description\" content=\"En este contexto, compartimos una agenda digital gratuita pensada para acompa\u00f1ar el trabajo cotidiano de los docentes.\" \/>\n<meta name=\"robots\" content=\"index, follow, max-snippet:-1, max-image-preview:large, max-video-preview:-1\" \/>\n<link rel=\"canonical\" href=\"https:\/\/webdelmaestrocmf.com\/portal\/descarga-la-agenda-digital-2026-para-docentes-funciona-en-cualquier-dispositivo-movil-y-facilita-la-planificacion-el-orden-y-el-enfoque-pedagogico\/\" \/>\n<meta property=\"og:locale\" content=\"es_ES\" \/>\n<meta property=\"og:type\" content=\"article\" \/>\n<meta property=\"og:title\" content=\"Descarga la agenda digital 2026 para docentes: funciona en cualquier dispositivo m\u00f3vil y facilita la planificaci\u00f3n, el orden y el enfoque pedag\u00f3gico - 2026\" \/>\n<meta property=\"og:description\" content=\"En este contexto, compartimos una agenda digital gratuita pensada para acompa\u00f1ar el trabajo cotidiano de los docentes.\" \/>\n<meta property=\"og:url\" content=\"https:\/\/webdelmaestrocmf.com\/portal\/descarga-la-agenda-digital-2026-para-docentes-funciona-en-cualquier-dispositivo-movil-y-facilita-la-planificacion-el-orden-y-el-enfoque-pedagogico\/\" \/>\n<meta property=\"og:site_name\" content=\"Web del Maestro CMF\" \/>\n<meta property=\"article:publisher\" content=\"https:\/\/www.facebook.com\/WebdelMaestroCMF\/\" \/>\n<meta property=\"article:author\" content=\"https:\/\/www.facebook.com\/WebdelMaestroCMF\/\" \/>\n<meta property=\"article:published_time\" content=\"2026-01-06T19:10:00+00:00\" \/>\n<meta property=\"article:modified_time\" content=\"2026-01-06T21:20:10+00:00\" \/>\n<meta property=\"og:image\" content=\"https:\/\/webdelmaestrocmf.com\/portal\/wp-content\/uploads\/2026\/01\/1A-Banner-1-portada-imagen-10-1-copia-6.webp\" \/>\n\t<meta property=\"og:image:width\" content=\"1000\" \/>\n\t<meta property=\"og:image:height\" content=\"667\" \/>\n\t<meta property=\"og:image:type\" content=\"image\/webp\" \/>\n<meta name=\"author\" content=\"Web del Maestro CMF\" \/>\n<meta name=\"twitter:card\" content=\"summary_large_image\" \/>\n<meta name=\"twitter:creator\" content=\"@cmf_w\" \/>\n<meta name=\"twitter:site\" content=\"@cmf_w\" \/>\n<meta name=\"twitter:label1\" content=\"Escrito por\" \/>\n\t<meta name=\"twitter:data1\" content=\"Web del Maestro CMF\" \/>\n\t<meta name=\"twitter:label2\" content=\"Tiempo de lectura\" \/>\n\t<meta name=\"twitter:data2\" content=\"2 minutos\" \/>\n<script type=\"application\/ld+json\" class=\"yoast-schema-graph\">{\"@context\":\"https:\\\/\\\/schema.org\",\"@graph\":[{\"@type\":\"ScholarlyArticle\",\"@id\":\"https:\\\/\\\/webdelmaestrocmf.com\\\/portal\\\/descarga-la-agenda-digital-2026-para-docentes-funciona-en-cualquier-dispositivo-movil-y-facilita-la-planificacion-el-orden-y-el-enfoque-pedagogico\\\/#article\",\"isPartOf\":{\"@id\":\"https:\\\/\\\/webdelmaestrocmf.com\\\/portal\\\/descarga-la-agenda-digital-2026-para-docentes-funciona-en-cualquier-dispositivo-movil-y-facilita-la-planificacion-el-orden-y-el-enfoque-pedagogico\\\/\"},\"author\":{\"name\":\"Web del Maestro CMF\",\"@id\":\"https:\\\/\\\/webdelmaestrocmf.com\\\/portal\\\/#\\\/schema\\\/person\\\/1072a2ed7bd960df8ef99a551fa35dc5\"},\"headline\":\"Descarga la agenda digital 2026 para docentes: funciona en cualquier dispositivo m\u00f3vil y facilita la planificaci\u00f3n, el orden y el enfoque pedag\u00f3gico\",\"datePublished\":\"2026-01-06T19:10:00+00:00\",\"dateModified\":\"2026-01-06T21:20:10+00:00\",\"mainEntityOfPage\":{\"@id\":\"https:\\\/\\\/webdelmaestrocmf.com\\\/portal\\\/descarga-la-agenda-digital-2026-para-docentes-funciona-en-cualquier-dispositivo-movil-y-facilita-la-planificacion-el-orden-y-el-enfoque-pedagogico\\\/\"},\"wordCount\":474,\"commentCount\":0,\"publisher\":{\"@id\":\"https:\\\/\\\/webdelmaestrocmf.com\\\/portal\\\/#organization\"},\"image\":{\"@id\":\"https:\\\/\\\/webdelmaestrocmf.com\\\/portal\\\/descarga-la-agenda-digital-2026-para-docentes-funciona-en-cualquier-dispositivo-movil-y-facilita-la-planificacion-el-orden-y-el-enfoque-pedagogico\\\/#primaryimage\"},\"thumbnailUrl\":\"https:\\\/\\\/webdelmaestrocmf.com\\\/portal\\\/wp-content\\\/uploads\\\/2026\\\/01\\\/1A-Banner-1-portada-imagen-10-1-copia-6.webp\",\"keywords\":[\"agenda digital docentes\",\"agenda educativa\",\"gesti\u00f3n del tiempo docente\",\"herramientas docentes\",\"organizaci\u00f3n pedag\u00f3gica\",\"planificaci\u00f3n docente\",\"Planificaci\u00f3n Escolar\",\"productividad docente\",\"Recursos Educativos\"],\"articleSection\":[\"Agenda\",\"Recursos\"],\"inLanguage\":\"es\",\"potentialAction\":[{\"@type\":\"CommentAction\",\"name\":\"Comment\",\"target\":[\"https:\\\/\\\/webdelmaestrocmf.com\\\/portal\\\/descarga-la-agenda-digital-2026-para-docentes-funciona-en-cualquier-dispositivo-movil-y-facilita-la-planificacion-el-orden-y-el-enfoque-pedagogico\\\/#respond\"]}]},{\"@type\":\"WebPage\",\"@id\":\"https:\\\/\\\/webdelmaestrocmf.com\\\/portal\\\/descarga-la-agenda-digital-2026-para-docentes-funciona-en-cualquier-dispositivo-movil-y-facilita-la-planificacion-el-orden-y-el-enfoque-pedagogico\\\/\",\"url\":\"https:\\\/\\\/webdelmaestrocmf.com\\\/portal\\\/descarga-la-agenda-digital-2026-para-docentes-funciona-en-cualquier-dispositivo-movil-y-facilita-la-planificacion-el-orden-y-el-enfoque-pedagogico\\\/\",\"name\":\"Descarga la agenda digital 2026 para docentes: funciona en cualquier dispositivo m\u00f3vil y facilita la planificaci\u00f3n, el orden y el enfoque pedag\u00f3gico - 2026\",\"isPartOf\":{\"@id\":\"https:\\\/\\\/webdelmaestrocmf.com\\\/portal\\\/#website\"},\"primaryImageOfPage\":{\"@id\":\"https:\\\/\\\/webdelmaestrocmf.com\\\/portal\\\/descarga-la-agenda-digital-2026-para-docentes-funciona-en-cualquier-dispositivo-movil-y-facilita-la-planificacion-el-orden-y-el-enfoque-pedagogico\\\/#primaryimage\"},\"image\":{\"@id\":\"https:\\\/\\\/webdelmaestrocmf.com\\\/portal\\\/descarga-la-agenda-digital-2026-para-docentes-funciona-en-cualquier-dispositivo-movil-y-facilita-la-planificacion-el-orden-y-el-enfoque-pedagogico\\\/#primaryimage\"},\"thumbnailUrl\":\"https:\\\/\\\/webdelmaestrocmf.com\\\/portal\\\/wp-content\\\/uploads\\\/2026\\\/01\\\/1A-Banner-1-portada-imagen-10-1-copia-6.webp\",\"datePublished\":\"2026-01-06T19:10:00+00:00\",\"dateModified\":\"2026-01-06T21:20:10+00:00\",\"description\":\"En este contexto, compartimos una agenda digital gratuita pensada para acompa\u00f1ar el trabajo cotidiano de los docentes.\",\"breadcrumb\":{\"@id\":\"https:\\\/\\\/webdelmaestrocmf.com\\\/portal\\\/descarga-la-agenda-digital-2026-para-docentes-funciona-en-cualquier-dispositivo-movil-y-facilita-la-planificacion-el-orden-y-el-enfoque-pedagogico\\\/#breadcrumb\"},\"inLanguage\":\"es\",\"potentialAction\":[{\"@type\":\"ReadAction\",\"target\":[\"https:\\\/\\\/webdelmaestrocmf.com\\\/portal\\\/descarga-la-agenda-digital-2026-para-docentes-funciona-en-cualquier-dispositivo-movil-y-facilita-la-planificacion-el-orden-y-el-enfoque-pedagogico\\\/\"]}]},{\"@type\":\"ImageObject\",\"inLanguage\":\"es\",\"@id\":\"https:\\\/\\\/webdelmaestrocmf.com\\\/portal\\\/descarga-la-agenda-digital-2026-para-docentes-funciona-en-cualquier-dispositivo-movil-y-facilita-la-planificacion-el-orden-y-el-enfoque-pedagogico\\\/#primaryimage\",\"url\":\"https:\\\/\\\/webdelmaestrocmf.com\\\/portal\\\/wp-content\\\/uploads\\\/2026\\\/01\\\/1A-Banner-1-portada-imagen-10-1-copia-6.webp\",\"contentUrl\":\"https:\\\/\\\/webdelmaestrocmf.com\\\/portal\\\/wp-content\\\/uploads\\\/2026\\\/01\\\/1A-Banner-1-portada-imagen-10-1-copia-6.webp\",\"width\":1000,\"height\":667},{\"@type\":\"BreadcrumbList\",\"@id\":\"https:\\\/\\\/webdelmaestrocmf.com\\\/portal\\\/descarga-la-agenda-digital-2026-para-docentes-funciona-en-cualquier-dispositivo-movil-y-facilita-la-planificacion-el-orden-y-el-enfoque-pedagogico\\\/#breadcrumb\",\"itemListElement\":[{\"@type\":\"ListItem\",\"position\":1,\"name\":\"Portada\",\"item\":\"https:\\\/\\\/webdelmaestrocmf.com\\\/portal\\\/\"},{\"@type\":\"ListItem\",\"position\":2,\"name\":\"Recursos\",\"item\":\"https:\\\/\\\/webdelmaestrocmf.com\\\/portal\\\/category\\\/pedagogia\\\/\"},{\"@type\":\"ListItem\",\"position\":3,\"name\":\"Descarga la agenda digital 2026 para docentes: funciona en cualquier dispositivo m\u00f3vil y facilita la planificaci\u00f3n, el orden y el enfoque pedag\u00f3gico\"}]},{\"@type\":\"WebSite\",\"@id\":\"https:\\\/\\\/webdelmaestrocmf.com\\\/portal\\\/#website\",\"url\":\"https:\\\/\\\/webdelmaestrocmf.com\\\/portal\\\/\",\"name\":\"Web del Maestro CMF\",\"description\":\"Maestros al servicio de la educaci\u00f3n\",\"publisher\":{\"@id\":\"https:\\\/\\\/webdelmaestrocmf.com\\\/portal\\\/#organization\"},\"alternateName\":\"WMCMF\",\"potentialAction\":[{\"@type\":\"SearchAction\",\"target\":{\"@type\":\"EntryPoint\",\"urlTemplate\":\"https:\\\/\\\/webdelmaestrocmf.com\\\/portal\\\/?s={search_term_string}\"},\"query-input\":{\"@type\":\"PropertyValueSpecification\",\"valueRequired\":true,\"valueName\":\"search_term_string\"}}],\"inLanguage\":\"es\"},{\"@type\":\"Organization\",\"@id\":\"https:\\\/\\\/webdelmaestrocmf.com\\\/portal\\\/#organization\",\"name\":\"Web del Maestro CMF\",\"alternateName\":\"WMCMF\",\"url\":\"https:\\\/\\\/webdelmaestrocmf.com\\\/portal\\\/\",\"logo\":{\"@type\":\"ImageObject\",\"inLanguage\":\"es\",\"@id\":\"https:\\\/\\\/webdelmaestrocmf.com\\\/portal\\\/#\\\/schema\\\/logo\\\/image\\\/\",\"url\":\"https:\\\/\\\/webdelmaestrocmf.com\\\/portal\\\/wp-content\\\/uploads\\\/2023\\\/01\\\/logo-wmcmf-2.png\",\"contentUrl\":\"https:\\\/\\\/webdelmaestrocmf.com\\\/portal\\\/wp-content\\\/uploads\\\/2023\\\/01\\\/logo-wmcmf-2.png\",\"width\":200,\"height\":60,\"caption\":\"Web del Maestro CMF\"},\"image\":{\"@id\":\"https:\\\/\\\/webdelmaestrocmf.com\\\/portal\\\/#\\\/schema\\\/logo\\\/image\\\/\"},\"sameAs\":[\"https:\\\/\\\/www.facebook.com\\\/WebdelMaestroCMF\\\/\",\"https:\\\/\\\/x.com\\\/cmf_w\",\"https:\\\/\\\/www.pinterest.com\\\/WMCMF\\\/\",\"https:\\\/\\\/www.linkedin.com\\\/company\\\/web-del-maestro-cmf\\\/\",\"https:\\\/\\\/www.instagram.com\\\/wmcmf\\\/\",\"https:\\\/\\\/www.youtube.com\\\/channel\\\/UCDPSvjbdodE5sHnC3OxutHw\",\"https:\\\/\\\/mastodon.social\\\/@wmcmf\",\"https:\\\/\\\/www.tiktok.com\\\/@webdelmaestrocmf\"]},{\"@type\":\"Person\",\"@id\":\"https:\\\/\\\/webdelmaestrocmf.com\\\/portal\\\/#\\\/schema\\\/person\\\/1072a2ed7bd960df8ef99a551fa35dc5\",\"name\":\"Web del Maestro CMF\",\"image\":{\"@type\":\"ImageObject\",\"inLanguage\":\"es\",\"@id\":\"https:\\\/\\\/secure.gravatar.com\\\/avatar\\\/23291dd5b5ae1077dcff3dbb04c3e02bd28403fa75af6d8787d5e97c5bbbe30b?s=96&d=mm&r=g\",\"url\":\"https:\\\/\\\/secure.gravatar.com\\\/avatar\\\/23291dd5b5ae1077dcff3dbb04c3e02bd28403fa75af6d8787d5e97c5bbbe30b?s=96&d=mm&r=g\",\"contentUrl\":\"https:\\\/\\\/secure.gravatar.com\\\/avatar\\\/23291dd5b5ae1077dcff3dbb04c3e02bd28403fa75af6d8787d5e97c5bbbe30b?s=96&d=mm&r=g\",\"caption\":\"Web del Maestro CMF\"},\"description\":\"Esta Web se cre\u00f3 sin fines de lucro, con fines educativos, cient\u00edficos y acad\u00e9micos, para personas que tengan dificultades y\\\/o inconvenientes en visualizar el material original. El objetivo es entregar recursos, compartir experiencias y materiales que ayuden a los padres de familia, maestros y estudiantes en su actualizaci\u00f3n y formaci\u00f3n permanente, en bien de la Educaci\u00f3n.\",\"sameAs\":[\"http:\\\/\\\/webdelmaestrocmf.com\\\/portal\",\"https:\\\/\\\/www.facebook.com\\\/WebdelMaestroCMF\\\/\",\"https:\\\/\\\/www.instagram.com\\\/wmcmf\\\/\",\"https:\\\/\\\/cl.linkedin.com\\\/company\\\/web-del-maestro-cmf\",\"https:\\\/\\\/www.pinterest.com\\\/WMCMF\\\/publicaciones\\\/\",\"https:\\\/\\\/x.com\\\/cmf_w\",\"https:\\\/\\\/www.youtube.com\\\/@WMCMF\"]}]}<\/script>\n<!-- \/ Yoast SEO plugin. -->","yoast_head_json":{"title":"Descarga la agenda digital 2026 para docentes: funciona en cualquier dispositivo m\u00f3vil y facilita la planificaci\u00f3n, el orden y el enfoque pedag\u00f3gico - 2026","description":"En este contexto, compartimos una agenda digital gratuita pensada para acompa\u00f1ar el trabajo cotidiano de los docentes.","robots":{"index":"index","follow":"follow","max-snippet":"max-snippet:-1","max-image-preview":"max-image-preview:large","max-video-preview":"max-video-preview:-1"},"canonical":"https:\/\/webdelmaestrocmf.com\/portal\/descarga-la-agenda-digital-2026-para-docentes-funciona-en-cualquier-dispositivo-movil-y-facilita-la-planificacion-el-orden-y-el-enfoque-pedagogico\/","og_locale":"es_ES","og_type":"article","og_title":"Descarga la agenda digital 2026 para docentes: funciona en cualquier dispositivo m\u00f3vil y facilita la planificaci\u00f3n, el orden y el enfoque pedag\u00f3gico - 2026","og_description":"En este contexto, compartimos una agenda digital gratuita pensada para acompa\u00f1ar el trabajo cotidiano de los docentes.","og_url":"https:\/\/webdelmaestrocmf.com\/portal\/descarga-la-agenda-digital-2026-para-docentes-funciona-en-cualquier-dispositivo-movil-y-facilita-la-planificacion-el-orden-y-el-enfoque-pedagogico\/","og_site_name":"Web del Maestro CMF","article_publisher":"https:\/\/www.facebook.com\/WebdelMaestroCMF\/","article_author":"https:\/\/www.facebook.com\/WebdelMaestroCMF\/","article_published_time":"2026-01-06T19:10:00+00:00","article_modified_time":"2026-01-06T21:20:10+00:00","og_image":[{"width":1000,"height":667,"url":"https:\/\/webdelmaestrocmf.com\/portal\/wp-content\/uploads\/2026\/01\/1A-Banner-1-portada-imagen-10-1-copia-6.webp","type":"image\/webp"}],"author":"Web del Maestro CMF","twitter_card":"summary_large_image","twitter_creator":"@cmf_w","twitter_site":"@cmf_w","twitter_misc":{"Escrito por":"Web del Maestro CMF","Tiempo de lectura":"2 minutos"},"schema":{"@context":"https:\/\/schema.org","@graph":[{"@type":"ScholarlyArticle","@id":"https:\/\/webdelmaestrocmf.com\/portal\/descarga-la-agenda-digital-2026-para-docentes-funciona-en-cualquier-dispositivo-movil-y-facilita-la-planificacion-el-orden-y-el-enfoque-pedagogico\/#article","isPartOf":{"@id":"https:\/\/webdelmaestrocmf.com\/portal\/descarga-la-agenda-digital-2026-para-docentes-funciona-en-cualquier-dispositivo-movil-y-facilita-la-planificacion-el-orden-y-el-enfoque-pedagogico\/"},"author":{"name":"Web del Maestro CMF","@id":"https:\/\/webdelmaestrocmf.com\/portal\/#\/schema\/person\/1072a2ed7bd960df8ef99a551fa35dc5"},"headline":"Descarga la agenda digital 2026 para docentes: funciona en cualquier dispositivo m\u00f3vil y facilita la planificaci\u00f3n, el orden y el enfoque pedag\u00f3gico","datePublished":"2026-01-06T19:10:00+00:00","dateModified":"2026-01-06T21:20:10+00:00","mainEntityOfPage":{"@id":"https:\/\/webdelmaestrocmf.com\/portal\/descarga-la-agenda-digital-2026-para-docentes-funciona-en-cualquier-dispositivo-movil-y-facilita-la-planificacion-el-orden-y-el-enfoque-pedagogico\/"},"wordCount":474,"commentCount":0,"publisher":{"@id":"https:\/\/webdelmaestrocmf.com\/portal\/#organization"},"image":{"@id":"https:\/\/webdelmaestrocmf.com\/portal\/descarga-la-agenda-digital-2026-para-docentes-funciona-en-cualquier-dispositivo-movil-y-facilita-la-planificacion-el-orden-y-el-enfoque-pedagogico\/#primaryimage"},"thumbnailUrl":"https:\/\/webdelmaestrocmf.com\/portal\/wp-content\/uploads\/2026\/01\/1A-Banner-1-portada-imagen-10-1-copia-6.webp","keywords":["agenda digital docentes","agenda educativa","gesti\u00f3n del tiempo docente","herramientas docentes","organizaci\u00f3n pedag\u00f3gica","planificaci\u00f3n docente","Planificaci\u00f3n Escolar","productividad docente","Recursos Educativos"],"articleSection":["Agenda","Recursos"],"inLanguage":"es","potentialAction":[{"@type":"CommentAction","name":"Comment","target":["https:\/\/webdelmaestrocmf.com\/portal\/descarga-la-agenda-digital-2026-para-docentes-funciona-en-cualquier-dispositivo-movil-y-facilita-la-planificacion-el-orden-y-el-enfoque-pedagogico\/#respond"]}]},{"@type":"WebPage","@id":"https:\/\/webdelmaestrocmf.com\/portal\/descarga-la-agenda-digital-2026-para-docentes-funciona-en-cualquier-dispositivo-movil-y-facilita-la-planificacion-el-orden-y-el-enfoque-pedagogico\/","url":"https:\/\/webdelmaestrocmf.com\/portal\/descarga-la-agenda-digital-2026-para-docentes-funciona-en-cualquier-dispositivo-movil-y-facilita-la-planificacion-el-orden-y-el-enfoque-pedagogico\/","name":"Descarga la agenda digital 2026 para docentes: funciona en cualquier dispositivo m\u00f3vil y facilita la planificaci\u00f3n, el orden y el enfoque pedag\u00f3gico - 2026","isPartOf":{"@id":"https:\/\/webdelmaestrocmf.com\/portal\/#website"},"primaryImageOfPage":{"@id":"https:\/\/webdelmaestrocmf.com\/portal\/descarga-la-agenda-digital-2026-para-docentes-funciona-en-cualquier-dispositivo-movil-y-facilita-la-planificacion-el-orden-y-el-enfoque-pedagogico\/#primaryimage"},"image":{"@id":"https:\/\/webdelmaestrocmf.com\/portal\/descarga-la-agenda-digital-2026-para-docentes-funciona-en-cualquier-dispositivo-movil-y-facilita-la-planificacion-el-orden-y-el-enfoque-pedagogico\/#primaryimage"},"thumbnailUrl":"https:\/\/webdelmaestrocmf.com\/portal\/wp-content\/uploads\/2026\/01\/1A-Banner-1-portada-imagen-10-1-copia-6.webp","datePublished":"2026-01-06T19:10:00+00:00","dateModified":"2026-01-06T21:20:10+00:00","description":"En este contexto, compartimos una agenda digital gratuita pensada para acompa\u00f1ar el trabajo cotidiano de los docentes.","breadcrumb":{"@id":"https:\/\/webdelmaestrocmf.com\/portal\/descarga-la-agenda-digital-2026-para-docentes-funciona-en-cualquier-dispositivo-movil-y-facilita-la-planificacion-el-orden-y-el-enfoque-pedagogico\/#breadcrumb"},"inLanguage":"es","potentialAction":[{"@type":"ReadAction","target":["https:\/\/webdelmaestrocmf.com\/portal\/descarga-la-agenda-digital-2026-para-docentes-funciona-en-cualquier-dispositivo-movil-y-facilita-la-planificacion-el-orden-y-el-enfoque-pedagogico\/"]}]},{"@type":"ImageObject","inLanguage":"es","@id":"https:\/\/webdelmaestrocmf.com\/portal\/descarga-la-agenda-digital-2026-para-docentes-funciona-en-cualquier-dispositivo-movil-y-facilita-la-planificacion-el-orden-y-el-enfoque-pedagogico\/#primaryimage","url":"https:\/\/webdelmaestrocmf.com\/portal\/wp-content\/uploads\/2026\/01\/1A-Banner-1-portada-imagen-10-1-copia-6.webp","contentUrl":"https:\/\/webdelmaestrocmf.com\/portal\/wp-content\/uploads\/2026\/01\/1A-Banner-1-portada-imagen-10-1-copia-6.webp","width":1000,"height":667},{"@type":"BreadcrumbList","@id":"https:\/\/webdelmaestrocmf.com\/portal\/descarga-la-agenda-digital-2026-para-docentes-funciona-en-cualquier-dispositivo-movil-y-facilita-la-planificacion-el-orden-y-el-enfoque-pedagogico\/#breadcrumb","itemListElement":[{"@type":"ListItem","position":1,"name":"Portada","item":"https:\/\/webdelmaestrocmf.com\/portal\/"},{"@type":"ListItem","position":2,"name":"Recursos","item":"https:\/\/webdelmaestrocmf.com\/portal\/category\/pedagogia\/"},{"@type":"ListItem","position":3,"name":"Descarga la agenda digital 2026 para docentes: funciona en cualquier dispositivo m\u00f3vil y facilita la planificaci\u00f3n, el orden y el enfoque pedag\u00f3gico"}]},{"@type":"WebSite","@id":"https:\/\/webdelmaestrocmf.com\/portal\/#website","url":"https:\/\/webdelmaestrocmf.com\/portal\/","name":"Web del Maestro CMF","description":"Maestros al servicio de la educaci\u00f3n","publisher":{"@id":"https:\/\/webdelmaestrocmf.com\/portal\/#organization"},"alternateName":"WMCMF","potentialAction":[{"@type":"SearchAction","target":{"@type":"EntryPoint","urlTemplate":"https:\/\/webdelmaestrocmf.com\/portal\/?s={search_term_string}"},"query-input":{"@type":"PropertyValueSpecification","valueRequired":true,"valueName":"search_term_string"}}],"inLanguage":"es"},{"@type":"Organization","@id":"https:\/\/webdelmaestrocmf.com\/portal\/#organization","name":"Web del Maestro CMF","alternateName":"WMCMF","url":"https:\/\/webdelmaestrocmf.com\/portal\/","logo":{"@type":"ImageObject","inLanguage":"es","@id":"https:\/\/webdelmaestrocmf.com\/portal\/#\/schema\/logo\/image\/","url":"https:\/\/webdelmaestrocmf.com\/portal\/wp-content\/uploads\/2023\/01\/logo-wmcmf-2.png","contentUrl":"https:\/\/webdelmaestrocmf.com\/portal\/wp-content\/uploads\/2023\/01\/logo-wmcmf-2.png","width":200,"height":60,"caption":"Web del Maestro CMF"},"image":{"@id":"https:\/\/webdelmaestrocmf.com\/portal\/#\/schema\/logo\/image\/"},"sameAs":["https:\/\/www.facebook.com\/WebdelMaestroCMF\/","https:\/\/x.com\/cmf_w","https:\/\/www.pinterest.com\/WMCMF\/","https:\/\/www.linkedin.com\/company\/web-del-maestro-cmf\/","https:\/\/www.instagram.com\/wmcmf\/","https:\/\/www.youtube.com\/channel\/UCDPSvjbdodE5sHnC3OxutHw","https:\/\/mastodon.social\/@wmcmf","https:\/\/www.tiktok.com\/@webdelmaestrocmf"]},{"@type":"Person","@id":"https:\/\/webdelmaestrocmf.com\/portal\/#\/schema\/person\/1072a2ed7bd960df8ef99a551fa35dc5","name":"Web del Maestro CMF","image":{"@type":"ImageObject","inLanguage":"es","@id":"https:\/\/secure.gravatar.com\/avatar\/23291dd5b5ae1077dcff3dbb04c3e02bd28403fa75af6d8787d5e97c5bbbe30b?s=96&d=mm&r=g","url":"https:\/\/secure.gravatar.com\/avatar\/23291dd5b5ae1077dcff3dbb04c3e02bd28403fa75af6d8787d5e97c5bbbe30b?s=96&d=mm&r=g","contentUrl":"https:\/\/secure.gravatar.com\/avatar\/23291dd5b5ae1077dcff3dbb04c3e02bd28403fa75af6d8787d5e97c5bbbe30b?s=96&d=mm&r=g","caption":"Web del Maestro CMF"},"description":"Esta Web se cre\u00f3 sin fines de lucro, con fines educativos, cient\u00edficos y acad\u00e9micos, para personas que tengan dificultades y\/o inconvenientes en visualizar el material original. El objetivo es entregar recursos, compartir experiencias y materiales que ayuden a los padres de familia, maestros y estudiantes en su actualizaci\u00f3n y formaci\u00f3n permanente, en bien de la Educaci\u00f3n.","sameAs":["http:\/\/webdelmaestrocmf.com\/portal","https:\/\/www.facebook.com\/WebdelMaestroCMF\/","https:\/\/www.instagram.com\/wmcmf\/","https:\/\/cl.linkedin.com\/company\/web-del-maestro-cmf","https:\/\/www.pinterest.com\/WMCMF\/publicaciones\/","https:\/\/x.com\/cmf_w","https:\/\/www.youtube.com\/@WMCMF"]}]}},"jetpack_featured_media_url":"https:\/\/webdelmaestrocmf.com\/portal\/wp-content\/uploads\/2026\/01\/1A-Banner-1-portada-imagen-10-1-copia-6.webp","jetpack_sharing_enabled":true,"jetpack-related-posts":[{"id":115155,"url":"https:\/\/webdelmaestrocmf.com\/portal\/agenda-diaria-semanal-y-mensual-para-maestros-una-herramienta-clave-para-organizar-la-labor-docente\/","url_meta":{"origin":114580,"position":0},"title":"Agenda diaria, semanal y mensual para maestros: una herramienta clave para organizar la labor docente","author":"Web del Maestro CMF","date":"5 febrero, 2026","format":false,"excerpt":"Agenda docente gratuita en PDF y Word para planificar, organizar el tiempo, registrar tareas y mejorar la gesti\u00f3n pedag\u00f3gica diaria.","rel":"","context":"En \u00abDescarga\u00bb","block_context":{"text":"Descarga","link":"https:\/\/webdelmaestrocmf.com\/portal\/category\/descarga\/"},"img":{"alt_text":"","src":"https:\/\/i0.wp.com\/webdelmaestrocmf.com\/portal\/wp-content\/uploads\/2026\/02\/1AA-Banner-1-portada-imagen-10-1-copia-21.webp?resize=350%2C200&ssl=1","width":350,"height":200,"srcset":"https:\/\/i0.wp.com\/webdelmaestrocmf.com\/portal\/wp-content\/uploads\/2026\/02\/1AA-Banner-1-portada-imagen-10-1-copia-21.webp?resize=350%2C200&ssl=1 1x, https:\/\/i0.wp.com\/webdelmaestrocmf.com\/portal\/wp-content\/uploads\/2026\/02\/1AA-Banner-1-portada-imagen-10-1-copia-21.webp?resize=525%2C300&ssl=1 1.5x, https:\/\/i0.wp.com\/webdelmaestrocmf.com\/portal\/wp-content\/uploads\/2026\/02\/1AA-Banner-1-portada-imagen-10-1-copia-21.webp?resize=700%2C400&ssl=1 2x, https:\/\/i0.wp.com\/webdelmaestrocmf.com\/portal\/wp-content\/uploads\/2026\/02\/1AA-Banner-1-portada-imagen-10-1-copia-21.webp?resize=1050%2C600&ssl=1 3x"},"classes":[]},{"id":114078,"url":"https:\/\/webdelmaestrocmf.com\/portal\/agenda-diaria-2026-para-docentes-una-herramienta-clave-para-organizar-el-ano-escolar-con-claridad-y-equilibrio\/","url_meta":{"origin":114580,"position":1},"title":"Agenda diaria 2026 para docentes: una herramienta clave para organizar el a\u00f1o escolar con claridad y equilibrio","author":"Web del Maestro CMF","date":"15 diciembre, 2025","format":false,"excerpt":"Una agenda pensada para docentes que buscan ordenar su tiempo, planificar con claridad, reducir el estr\u00e9s laboral y acompa\u00f1ar todo el a\u00f1o escolar con organizaci\u00f3n y equilibrio profesional.","rel":"","context":"En \u00abAgenda\u00bb","block_context":{"text":"Agenda","link":"https:\/\/webdelmaestrocmf.com\/portal\/category\/pedagogia\/agenda\/"},"img":{"alt_text":"","src":"https:\/\/i0.wp.com\/webdelmaestrocmf.com\/portal\/wp-content\/uploads\/2025\/12\/1A-Banner-1-portada-imagen-10-1-copia-17.webp?resize=350%2C200&ssl=1","width":350,"height":200,"srcset":"https:\/\/i0.wp.com\/webdelmaestrocmf.com\/portal\/wp-content\/uploads\/2025\/12\/1A-Banner-1-portada-imagen-10-1-copia-17.webp?resize=350%2C200&ssl=1 1x, https:\/\/i0.wp.com\/webdelmaestrocmf.com\/portal\/wp-content\/uploads\/2025\/12\/1A-Banner-1-portada-imagen-10-1-copia-17.webp?resize=525%2C300&ssl=1 1.5x, https:\/\/i0.wp.com\/webdelmaestrocmf.com\/portal\/wp-content\/uploads\/2025\/12\/1A-Banner-1-portada-imagen-10-1-copia-17.webp?resize=700%2C400&ssl=1 2x"},"classes":[]},{"id":103990,"url":"https:\/\/webdelmaestrocmf.com\/portal\/calendario-anual-2024-para-docentes-estudiantes\/","url_meta":{"origin":114580,"position":2},"title":"Calendario anual 2024 para docentes y estudiantes","author":"Web del Maestro CMF","date":"17 febrero, 2024","format":false,"excerpt":"La organizaci\u00f3n es un pilar fundamental para el \u00e9xito del proceso educativo. En este sentido, el calendario anual 2024 se convierte en una herramienta indispensable para la planificaci\u00f3n docente, permitiendo optimizar la gesti\u00f3n del tiempo, las tareas y el desarrollo de las clases. El calendario anual 2024 se alza como\u2026","rel":"","context":"En \u00abCalendario\u00bb","block_context":{"text":"Calendario","link":"https:\/\/webdelmaestrocmf.com\/portal\/category\/pedagogia\/calendario\/"},"img":{"alt_text":"Agenda","src":"https:\/\/i0.wp.com\/webdelmaestrocmf.com\/portal\/wp-content\/uploads\/2024\/02\/Banner-1-portada-imagen-10-1-6-1.jpg?resize=350%2C200&ssl=1","width":350,"height":200,"srcset":"https:\/\/i0.wp.com\/webdelmaestrocmf.com\/portal\/wp-content\/uploads\/2024\/02\/Banner-1-portada-imagen-10-1-6-1.jpg?resize=350%2C200&ssl=1 1x, https:\/\/i0.wp.com\/webdelmaestrocmf.com\/portal\/wp-content\/uploads\/2024\/02\/Banner-1-portada-imagen-10-1-6-1.jpg?resize=525%2C300&ssl=1 1.5x, https:\/\/i0.wp.com\/webdelmaestrocmf.com\/portal\/wp-content\/uploads\/2024\/02\/Banner-1-portada-imagen-10-1-6-1.jpg?resize=700%2C400&ssl=1 2x"},"classes":[]},{"id":104001,"url":"https:\/\/webdelmaestrocmf.com\/portal\/cuaderno-de-seguimiento-docente-2024-en-pdf\/","url_meta":{"origin":114580,"position":3},"title":"Cuaderno de seguimiento docente 2024 en PDF","author":"Web del Maestro CMF","date":"17 febrero, 2024","format":false,"excerpt":"La labor docente exige una planificaci\u00f3n meticulosa y una organizaci\u00f3n eficaz para garantizar el \u00e9xito del proceso educativo. Entre las herramientas que facilitan la gesti\u00f3n del aula y el seguimiento del aprendizaje, destaca el cuaderno o agenda de seguimiento docente. Este cuaderno no solo facilita la planificaci\u00f3n y el seguimiento\u2026","rel":"","context":"En \u00abAgenda\u00bb","block_context":{"text":"Agenda","link":"https:\/\/webdelmaestrocmf.com\/portal\/category\/pedagogia\/agenda\/"},"img":{"alt_text":"","src":"https:\/\/i0.wp.com\/webdelmaestrocmf.com\/portal\/wp-content\/uploads\/2024\/02\/Banner-1-portada-imagen-10-1-7-2.jpg?resize=350%2C200&ssl=1","width":350,"height":200,"srcset":"https:\/\/i0.wp.com\/webdelmaestrocmf.com\/portal\/wp-content\/uploads\/2024\/02\/Banner-1-portada-imagen-10-1-7-2.jpg?resize=350%2C200&ssl=1 1x, https:\/\/i0.wp.com\/webdelmaestrocmf.com\/portal\/wp-content\/uploads\/2024\/02\/Banner-1-portada-imagen-10-1-7-2.jpg?resize=525%2C300&ssl=1 1.5x, https:\/\/i0.wp.com\/webdelmaestrocmf.com\/portal\/wp-content\/uploads\/2024\/02\/Banner-1-portada-imagen-10-1-7-2.jpg?resize=700%2C400&ssl=1 2x"},"classes":[]},{"id":103658,"url":"https:\/\/webdelmaestrocmf.com\/portal\/nuevo-planificador-diario-y-mendual-para-docentes-2024\/","url_meta":{"origin":114580,"position":4},"title":"Nuevo planificador diario y mensual para docentes 2024","author":"Web del Maestro CMF","date":"10 febrero, 2024","format":false,"excerpt":"El tiempo es un recurso invaluable, la planificaci\u00f3n eficiente es la clave para el \u00e9xito del docente. Con el objetivo de facilitar esta labor, se presenta el nuevo Planificador Diario y Mensual para Docentes 2024, una herramienta dise\u00f1ada para optimizar la gesti\u00f3n del tiempo y mejorar la calidad de la\u2026","rel":"","context":"En \u00abAgenda\u00bb","block_context":{"text":"Agenda","link":"https:\/\/webdelmaestrocmf.com\/portal\/category\/pedagogia\/agenda\/"},"img":{"alt_text":"","src":"https:\/\/i0.wp.com\/webdelmaestrocmf.com\/portal\/wp-content\/uploads\/2024\/02\/Banner-1-portada-imagen-10-1-1.jpg?resize=350%2C200&ssl=1","width":350,"height":200,"srcset":"https:\/\/i0.wp.com\/webdelmaestrocmf.com\/portal\/wp-content\/uploads\/2024\/02\/Banner-1-portada-imagen-10-1-1.jpg?resize=350%2C200&ssl=1 1x, https:\/\/i0.wp.com\/webdelmaestrocmf.com\/portal\/wp-content\/uploads\/2024\/02\/Banner-1-portada-imagen-10-1-1.jpg?resize=525%2C300&ssl=1 1.5x, https:\/\/i0.wp.com\/webdelmaestrocmf.com\/portal\/wp-content\/uploads\/2024\/02\/Banner-1-portada-imagen-10-1-1.jpg?resize=700%2C400&ssl=1 2x"},"classes":[]},{"id":103577,"url":"https:\/\/webdelmaestrocmf.com\/portal\/nuevo-cuaderno-planificador-para-el-docente\/","url_meta":{"origin":114580,"position":5},"title":"Nuevo cuaderno planificador para el docente","author":"Web del Maestro CMF","date":"7 febrero, 2024","format":false,"excerpt":"El planificador o agenda docente emerge como un aliado indispensable en el arsenal del educador moderno, actuando como un faro que gu\u00eda la traves\u00eda de la ense\u00f1anza hacia aguas m\u00e1s organizadas y eficientes. Esta herramienta, aparentemente simple en su concepci\u00f3n, se erige como el cimiento sobre el cual se construyen\u2026","rel":"","context":"En \u00abAgenda\u00bb","block_context":{"text":"Agenda","link":"https:\/\/webdelmaestrocmf.com\/portal\/category\/pedagogia\/agenda\/"},"img":{"alt_text":"planificador agenda","src":"https:\/\/i0.wp.com\/webdelmaestrocmf.com\/portal\/wp-content\/uploads\/2024\/02\/Banner-1-portada-imagen-10-1-8-1.jpg?resize=350%2C200&ssl=1","width":350,"height":200,"srcset":"https:\/\/i0.wp.com\/webdelmaestrocmf.com\/portal\/wp-content\/uploads\/2024\/02\/Banner-1-portada-imagen-10-1-8-1.jpg?resize=350%2C200&ssl=1 1x, https:\/\/i0.wp.com\/webdelmaestrocmf.com\/portal\/wp-content\/uploads\/2024\/02\/Banner-1-portada-imagen-10-1-8-1.jpg?resize=525%2C300&ssl=1 1.5x, https:\/\/i0.wp.com\/webdelmaestrocmf.com\/portal\/wp-content\/uploads\/2024\/02\/Banner-1-portada-imagen-10-1-8-1.jpg?resize=700%2C400&ssl=1 2x"},"classes":[]}],"_links":{"self":[{"href":"https:\/\/webdelmaestrocmf.com\/portal\/wp-json\/wp\/v2\/posts\/114580","targetHints":{"allow":["GET"]}}],"collection":[{"href":"https:\/\/webdelmaestrocmf.com\/portal\/wp-json\/wp\/v2\/posts"}],"about":[{"href":"https:\/\/webdelmaestrocmf.com\/portal\/wp-json\/wp\/v2\/types\/post"}],"author":[{"embeddable":true,"href":"https:\/\/webdelmaestrocmf.com\/portal\/wp-json\/wp\/v2\/users\/1"}],"replies":[{"embeddable":true,"href":"https:\/\/webdelmaestrocmf.com\/portal\/wp-json\/wp\/v2\/comments?post=114580"}],"version-history":[{"count":1,"href":"https:\/\/webdelmaestrocmf.com\/portal\/wp-json\/wp\/v2\/posts\/114580\/revisions"}],"predecessor-version":[{"id":114581,"href":"https:\/\/webdelmaestrocmf.com\/portal\/wp-json\/wp\/v2\/posts\/114580\/revisions\/114581"}],"wp:featuredmedia":[{"embeddable":true,"href":"https:\/\/webdelmaestrocmf.com\/portal\/wp-json\/wp\/v2\/media\/114588"}],"wp:attachment":[{"href":"https:\/\/webdelmaestrocmf.com\/portal\/wp-json\/wp\/v2\/media?parent=114580"}],"wp:term":[{"taxonomy":"category","embeddable":true,"href":"https:\/\/webdelmaestrocmf.com\/portal\/wp-json\/wp\/v2\/categories?post=114580"},{"taxonomy":"post_tag","embeddable":true,"href":"https:\/\/webdelmaestrocmf.com\/portal\/wp-json\/wp\/v2\/tags?post=114580"}],"curies":[{"name":"wp","href":"https:\/\/api.w.org\/{rel}","templated":true}]}}