{"id":114525,"date":"2026-01-04T21:14:30","date_gmt":"2026-01-05T00:14:30","guid":{"rendered":"https:\/\/webdelmaestrocmf.com\/portal\/?p=114525"},"modified":"2026-01-04T21:17:46","modified_gmt":"2026-01-05T00:17:46","slug":"el-llamado-del-papa-leon-xiv-tras-la-captura-de-nicolas-maduro-soberania-paz-y-bienestar-del-pueblo-venezolano","status":"publish","type":"post","link":"https:\/\/webdelmaestrocmf.com\/portal\/el-llamado-del-papa-leon-xiv-tras-la-captura-de-nicolas-maduro-soberania-paz-y-bienestar-del-pueblo-venezolano\/","title":{"rendered":"El llamado del papa Le\u00f3n XIV tras la captura de Nicol\u00e1s Maduro: soberan\u00eda, paz y bienestar del pueblo venezolano"},"content":{"rendered":"\n<p>El papa <strong>Le\u00f3n XIV<\/strong> se refiri\u00f3 p\u00fablicamente este domingo a la situaci\u00f3n que vive Venezuela tras la captura del presidente <strong>Nicol\u00e1s Maduro<\/strong> por fuerzas especiales de <strong>Estados Unidos<\/strong>, en el marco de una operaci\u00f3n militar que incluy\u00f3 bombardeos sobre Caracas y sus alrededores. Durante su tradicional oraci\u00f3n del \u00c1ngelus en la plaza de San Pedro del <strong>Vaticano<\/strong>, el pont\u00edfice subray\u00f3 que \u201cel bienestar del querido pueblo venezolano debe prevalecer sobre cualquier otra consideraci\u00f3n\u201d.<\/p>\n\n\n\n<p>En su mensaje, el Papa hizo un llamado expl\u00edcito a garantizar la soberan\u00eda de Venezuela y a encauzar la crisis hacia caminos de justicia y paz, advirtiendo sobre los riesgos de la violencia como mecanismo de resoluci\u00f3n de conflictos. <\/p>\n\n\n\n<p>Sus palabras se produjeron en un contexto de alta tensi\u00f3n internacional, luego de que Estados Unidos confirmara la captura de Maduro y su traslado a Nueva York, donde enfrenta cargos por narcotr\u00e1fico y terrorismo. La intervenci\u00f3n militar estadounidense puso fin al tercer mandato del l\u00edder chavista (2025-2031), con el que habr\u00eda acumulado 18 a\u00f1os en el poder.<\/p>\n\n\n\n<figure class=\"wp-block-embed is-type-video is-provider-youtube wp-block-embed-youtube wp-embed-aspect-16-9 wp-has-aspect-ratio\"><div class=\"wp-block-embed__wrapper\">\n<iframe loading=\"lazy\" title=\"\ud83d\udea8 \u00a1PIDE PAZ! | Papa Le\u00f3n XIV reacciona tras la captura de Nicol\u00e1s Maduro por Donald Trump #hardnews\" width=\"1200\" height=\"675\" src=\"https:\/\/www.youtube.com\/embed\/iEKTeOuircc?feature=oembed\" frameborder=\"0\" allow=\"accelerometer; autoplay; clipboard-write; encrypted-media; gyroscope; picture-in-picture; web-share\" referrerpolicy=\"strict-origin-when-cross-origin\" allowfullscreen><\/iframe>\n<\/div><\/figure>\n\n\n\n<p>La reacci\u00f3n del Papa se suma a una cadena de pronunciamientos internacionales tras la denominada \u201cOperaci\u00f3n Resoluci\u00f3n Absoluta\u201d, que ser\u00e1 discutida de urgencia en el Consejo de Seguridad de la ONU. <\/p>\n\n\n\n<p>Mientras Maduro pas\u00f3 su primera noche detenido en el Centro de Detenci\u00f3n Metropolitano de Brooklyn, y se difundieron im\u00e1genes oficiales de su llegada esposado a territorio estadounidense, la Santa Sede opt\u00f3 por un mensaje centrado en la protecci\u00f3n de la poblaci\u00f3n civil, la soberan\u00eda nacional y la necesidad de evitar una escalada de violencia que profundice el sufrimiento del pueblo venezolano.<\/p>\n\n\n\n<p class=\"has-text-align-right\"><strong>Redacci\u00f3n | Web del Maestro CMF<\/strong><\/p>\n\n\n\t\t<div class=\"pk-inline-posts\">\n\t\t\t\n\t\t\t<div class=\"pk-inline-posts-container pk-inline-posts-template-list\"\n\t\t\t\tdata-columns=\"1\">\n\t\t\t\t\t\t<article id=\"post-117930\" class=\"post-117930 post type-post status-publish format-standard has-post-thumbnail category-pastoral category-noticias-internacionales category-papa-leon-xiv tag-conflictos tag-derechos-humanos tag-educacion-en-valores-2 tag-etica-3 tag-justicia-social tag-liderazgo tag-papa-2 tag-paz tag-reflexion-2 tag-solidaridad cs-entry cs-video-wrap\">\n\t\t\t<div class=\"pk-post-outer\">\n\n\t\t\t\t\t\t\t\t<div class=\"pk-post-inner\">\n\t\t\t\t\t<div class=\"entry-thumbnail\">\n\t\t\t\t\t\t<div class=\"pk-overlay pk-overlay-ratio pk-ratio-landscape\">\n\t\t\t\t\t\t\t<div class=\"pk-overlay-background\">\n\t\t\t\t\t\t\t\t<a href=\"https:\/\/webdelmaestrocmf.com\/portal\/papa-leon-xiv-el-mundo-esta-siendo-destruido-por-unos-pocos-tiranos-en-referencia-a-trump\/\" class=\"pk-overlay-link\">\n\t\t\t\t\t\t\t\t\t<img loading=\"lazy\" decoding=\"async\" width=\"300\" height=\"225\" src=\"https:\/\/webdelmaestrocmf.com\/portal\/wp-content\/uploads\/2026\/04\/1AA-Banner-1-portada-imagen-10-1-copia-30-300x225.webp\" class=\"attachment-pk-thumbnail size-pk-thumbnail wp-post-image\" alt=\"\" \/>\t\t\t\t\t\t\t\t<\/a>\n\t\t\t\t\t\t\t<\/div>\n\t\t\t\t\t\t<\/div>\n\t\t\t\t\t<\/div>\n\t\t\t\t<\/div>\n\t\t\t\t\n\t\t\t\t<div class=\"pk-post-inner\">\n\t\t\t\t\t<header>\n\t\t\t\t\t\t<h3 class=\"pk-title\"><a href=\"https:\/\/webdelmaestrocmf.com\/portal\/papa-leon-xiv-el-mundo-esta-siendo-destruido-por-unos-pocos-tiranos-en-referencia-a-trump\/\" rel=\"bookmark\">Papa Le\u00f3n XIV: \u201cEl mundo est\u00e1 siendo destruido por unos pocos tiranos\u201d, en referencia a Trump<\/a><\/h3>\t\t\t\t\t<\/header><!-- .entry-header -->\n\t\t\t\t<\/div><!-- .post-inner -->\n\n\t\t\t<\/div><!-- .post-outer -->\n\t\t<\/article>\n\t\t\t<article id=\"post-117688\" class=\"post-117688 post type-post status-publish format-standard has-post-thumbnail category-pastoral category-noticias-internacionales category-papa-leon-xiv tag-actualidad-educativa tag-conflictos-internacionales tag-donald-trump tag-educacion-civica tag-liderazgo-etico tag-papa-leon-xiv-2 tag-paz-mundial tag-pensamiento-critico-3 tag-sociedad-global tag-valores-humanos cs-entry cs-video-wrap\">\n\t\t\t<div class=\"pk-post-outer\">\n\n\t\t\t\t\t\t\t\t<div class=\"pk-post-inner\">\n\t\t\t\t\t<div class=\"entry-thumbnail\">\n\t\t\t\t\t\t<div class=\"pk-overlay pk-overlay-ratio pk-ratio-landscape\">\n\t\t\t\t\t\t\t<div class=\"pk-overlay-background\">\n\t\t\t\t\t\t\t\t<a href=\"https:\/\/webdelmaestrocmf.com\/portal\/papa-leon-xiv-responde-al-mandatario-tras-criticas-por-llamar-a-la-paz-no-le-tengo-miedo-a-la-administracion-de-trump\/\" class=\"pk-overlay-link\">\n\t\t\t\t\t\t\t\t\t<img loading=\"lazy\" decoding=\"async\" width=\"300\" height=\"225\" src=\"https:\/\/webdelmaestrocmf.com\/portal\/wp-content\/uploads\/2026\/04\/1AA-Banner-1-portada-imagen-10-1-copia-8-1-300x225.webp\" class=\"attachment-pk-thumbnail size-pk-thumbnail wp-post-image\" alt=\"\" \/>\t\t\t\t\t\t\t\t<\/a>\n\t\t\t\t\t\t\t<\/div>\n\t\t\t\t\t\t<\/div>\n\t\t\t\t\t<\/div>\n\t\t\t\t<\/div>\n\t\t\t\t\n\t\t\t\t<div class=\"pk-post-inner\">\n\t\t\t\t\t<header>\n\t\t\t\t\t\t<h3 class=\"pk-title\"><a href=\"https:\/\/webdelmaestrocmf.com\/portal\/papa-leon-xiv-responde-al-mandatario-tras-criticas-por-llamar-a-la-paz-no-le-tengo-miedo-a-la-administracion-de-trump\/\" rel=\"bookmark\">Papa Le\u00f3n XIV responde al mandatario tras cr\u00edticas por llamar a la paz: No le tengo miedo a la administraci\u00f3n de Trump<\/a><\/h3>\t\t\t\t\t<\/header><!-- .entry-header -->\n\t\t\t\t<\/div><!-- .post-inner -->\n\n\t\t\t<\/div><!-- .post-outer -->\n\t\t<\/article>\n\t\t\t<article id=\"post-117286\" class=\"post-117286 post type-post status-publish format-standard has-post-thumbnail category-pastoral category-papa-leon-xiv tag-cultura-de-paz tag-derechos-humanos tag-dialogo tag-educacion-en-valores-2 tag-etica-3 tag-justicia-social tag-no-violencia tag-paz tag-reflexion-2 tag-responsabilidad-social cs-entry cs-video-wrap\">\n\t\t\t<div class=\"pk-post-outer\">\n\n\t\t\t\t\t\t\t\t<div class=\"pk-post-inner\">\n\t\t\t\t\t<div class=\"entry-thumbnail\">\n\t\t\t\t\t\t<div class=\"pk-overlay pk-overlay-ratio pk-ratio-landscape\">\n\t\t\t\t\t\t\t<div class=\"pk-overlay-background\">\n\t\t\t\t\t\t\t\t<a href=\"https:\/\/webdelmaestrocmf.com\/portal\/el-papa-leon-xiv-llama-a-la-paz-y-a-abandonar-las-armas-en-pascua\/\" class=\"pk-overlay-link\">\n\t\t\t\t\t\t\t\t\t<img loading=\"lazy\" decoding=\"async\" width=\"300\" height=\"225\" src=\"https:\/\/webdelmaestrocmf.com\/portal\/wp-content\/uploads\/2026\/04\/1AA-Banner-1-portada-imagen-10-1-copia-17-300x225.webp\" class=\"attachment-pk-thumbnail size-pk-thumbnail wp-post-image\" alt=\"\" \/>\t\t\t\t\t\t\t\t<\/a>\n\t\t\t\t\t\t\t<\/div>\n\t\t\t\t\t\t<\/div>\n\t\t\t\t\t<\/div>\n\t\t\t\t<\/div>\n\t\t\t\t\n\t\t\t\t<div class=\"pk-post-inner\">\n\t\t\t\t\t<header>\n\t\t\t\t\t\t<h3 class=\"pk-title\"><a href=\"https:\/\/webdelmaestrocmf.com\/portal\/el-papa-leon-xiv-llama-a-la-paz-y-a-abandonar-las-armas-en-pascua\/\" rel=\"bookmark\">El Papa Le\u00f3n XIV llama a la paz y a abandonar las armas en Pascua<\/a><\/h3>\t\t\t\t\t<\/header><!-- .entry-header -->\n\t\t\t\t<\/div><!-- .post-inner -->\n\n\t\t\t<\/div><!-- .post-outer -->\n\t\t<\/article>\n\t\t\t\t<\/div>\n\t\t<\/div>\n\t\t\n","protected":false},"excerpt":{"rendered":"El Papa pidi\u00f3 priorizar al pueblo venezolano, rechazar la violencia y defender la soberan\u00eda ante la captura de Nicol\u00e1s Maduro.","protected":false},"author":1,"featured_media":114528,"comment_status":"open","ping_status":"closed","sticky":false,"template":"","format":"standard","meta":{"csco_display_header_overlay":false,"csco_singular_sidebar":"","csco_page_header_type":"","csco_page_load_nextpost":"","csco_post_video_location":[],"csco_post_video_location_hash":"","csco_post_video_url":"","csco_post_video_bg_start_time":0,"csco_post_video_bg_end_time":0,"csco_post_video_bg_volume":false,"_jetpack_memberships_contains_paid_content":false,"footnotes":""},"categories":[431,23644],"tags":[25079,25083,25082,17106,24530,25081,24777,17153,25080],"class_list":{"0":"post-114525","1":"post","2":"type-post","3":"status-publish","4":"format-standard","5":"has-post-thumbnail","7":"category-pastoral","8":"category-papa-leon-xiv","9":"tag-atencion-y-aprendizaje","10":"tag-crianza-digital","11":"tag-desarrollo-cognitivo-infantil","12":"tag-educacion-familiar","13":"tag-habitos-digitales","14":"tag-pantallas-en-la-infancia","15":"tag-rendimiento-academico-2","16":"tag-tiempo-de-pantalla","17":"tag-uso-del-celular-en-ninos","18":"cs-entry","19":"cs-video-wrap"},"yoast_head":"<!-- This site is optimized with the Yoast SEO plugin v27.5 - https:\/\/yoast.com\/product\/yoast-seo-wordpress\/ -->\n<title>El llamado del papa Le\u00f3n XIV tras la captura de Nicol\u00e1s Maduro: soberan\u00eda, paz y bienestar del pueblo venezolano - 2026<\/title>\n<meta name=\"description\" content=\"El papa Le\u00f3n XIV se refiri\u00f3 p\u00fablicamente este domingo a la situaci\u00f3n que vive Venezuela tras la captura del presidente Nicol\u00e1s Maduro...\" \/>\n<meta name=\"robots\" content=\"index, follow, max-snippet:-1, max-image-preview:large, max-video-preview:-1\" \/>\n<link rel=\"canonical\" href=\"https:\/\/webdelmaestrocmf.com\/portal\/el-llamado-del-papa-leon-xiv-tras-la-captura-de-nicolas-maduro-soberania-paz-y-bienestar-del-pueblo-venezolano\/\" \/>\n<meta property=\"og:locale\" content=\"es_ES\" \/>\n<meta property=\"og:type\" content=\"article\" \/>\n<meta property=\"og:title\" content=\"El llamado del papa Le\u00f3n XIV tras la captura de Nicol\u00e1s Maduro: soberan\u00eda, paz y bienestar del pueblo venezolano - 2026\" \/>\n<meta property=\"og:description\" content=\"El papa Le\u00f3n XIV se refiri\u00f3 p\u00fablicamente este domingo a la situaci\u00f3n que vive Venezuela tras la captura del presidente Nicol\u00e1s Maduro...\" \/>\n<meta property=\"og:url\" content=\"https:\/\/webdelmaestrocmf.com\/portal\/el-llamado-del-papa-leon-xiv-tras-la-captura-de-nicolas-maduro-soberania-paz-y-bienestar-del-pueblo-venezolano\/\" \/>\n<meta property=\"og:site_name\" content=\"Web del Maestro CMF\" \/>\n<meta property=\"article:publisher\" content=\"https:\/\/www.facebook.com\/WebdelMaestroCMF\/\" \/>\n<meta property=\"article:author\" content=\"https:\/\/www.facebook.com\/WebdelMaestroCMF\/\" \/>\n<meta property=\"article:published_time\" content=\"2026-01-05T00:14:30+00:00\" \/>\n<meta property=\"article:modified_time\" content=\"2026-01-05T00:17:46+00:00\" \/>\n<meta property=\"og:image\" content=\"https:\/\/webdelmaestrocmf.com\/portal\/wp-content\/uploads\/2026\/01\/1A-Banner-1-portada-imagen-10-1-copia-1-2.webp\" \/>\n\t<meta property=\"og:image:width\" content=\"1000\" \/>\n\t<meta property=\"og:image:height\" content=\"667\" \/>\n\t<meta property=\"og:image:type\" content=\"image\/webp\" \/>\n<meta name=\"author\" content=\"Web del Maestro CMF\" \/>\n<meta name=\"twitter:card\" content=\"summary_large_image\" \/>\n<meta name=\"twitter:creator\" content=\"@cmf_w\" \/>\n<meta name=\"twitter:site\" content=\"@cmf_w\" \/>\n<script type=\"application\/ld+json\" class=\"yoast-schema-graph\">{\"@context\":\"https:\\\/\\\/schema.org\",\"@graph\":[{\"@type\":\"ScholarlyArticle\",\"@id\":\"https:\\\/\\\/webdelmaestrocmf.com\\\/portal\\\/el-llamado-del-papa-leon-xiv-tras-la-captura-de-nicolas-maduro-soberania-paz-y-bienestar-del-pueblo-venezolano\\\/#article\",\"isPartOf\":{\"@id\":\"https:\\\/\\\/webdelmaestrocmf.com\\\/portal\\\/el-llamado-del-papa-leon-xiv-tras-la-captura-de-nicolas-maduro-soberania-paz-y-bienestar-del-pueblo-venezolano\\\/\"},\"author\":{\"name\":\"Web del Maestro CMF\",\"@id\":\"https:\\\/\\\/webdelmaestrocmf.com\\\/portal\\\/#\\\/schema\\\/person\\\/1072a2ed7bd960df8ef99a551fa35dc5\"},\"headline\":\"El llamado del papa Le\u00f3n XIV tras la captura de Nicol\u00e1s Maduro: soberan\u00eda, paz y bienestar del pueblo venezolano\",\"datePublished\":\"2026-01-05T00:14:30+00:00\",\"dateModified\":\"2026-01-05T00:17:46+00:00\",\"mainEntityOfPage\":{\"@id\":\"https:\\\/\\\/webdelmaestrocmf.com\\\/portal\\\/el-llamado-del-papa-leon-xiv-tras-la-captura-de-nicolas-maduro-soberania-paz-y-bienestar-del-pueblo-venezolano\\\/\"},\"wordCount\":323,\"commentCount\":0,\"publisher\":{\"@id\":\"https:\\\/\\\/webdelmaestrocmf.com\\\/portal\\\/#organization\"},\"image\":{\"@id\":\"https:\\\/\\\/webdelmaestrocmf.com\\\/portal\\\/el-llamado-del-papa-leon-xiv-tras-la-captura-de-nicolas-maduro-soberania-paz-y-bienestar-del-pueblo-venezolano\\\/#primaryimage\"},\"thumbnailUrl\":\"https:\\\/\\\/webdelmaestrocmf.com\\\/portal\\\/wp-content\\\/uploads\\\/2026\\\/01\\\/1A-Banner-1-portada-imagen-10-1-copia-1-2.webp\",\"keywords\":[\"atenci\u00f3n y aprendizaje\",\"crianza digital\",\"desarrollo cognitivo infantil\",\"educaci\u00f3n familiar\",\"h\u00e1bitos digitales\",\"pantallas en la infancia\",\"rendimiento acad\u00e9mico\",\"tiempo de pantalla\",\"uso del celular en ni\u00f1os\"],\"articleSection\":[\"Mundo cart\u00f3lico\",\"Papa Le\u00f3n XIV\"],\"inLanguage\":\"es\",\"potentialAction\":[{\"@type\":\"CommentAction\",\"name\":\"Comment\",\"target\":[\"https:\\\/\\\/webdelmaestrocmf.com\\\/portal\\\/el-llamado-del-papa-leon-xiv-tras-la-captura-de-nicolas-maduro-soberania-paz-y-bienestar-del-pueblo-venezolano\\\/#respond\"]}]},{\"@type\":\"WebPage\",\"@id\":\"https:\\\/\\\/webdelmaestrocmf.com\\\/portal\\\/el-llamado-del-papa-leon-xiv-tras-la-captura-de-nicolas-maduro-soberania-paz-y-bienestar-del-pueblo-venezolano\\\/\",\"url\":\"https:\\\/\\\/webdelmaestrocmf.com\\\/portal\\\/el-llamado-del-papa-leon-xiv-tras-la-captura-de-nicolas-maduro-soberania-paz-y-bienestar-del-pueblo-venezolano\\\/\",\"name\":\"El llamado del papa Le\u00f3n XIV tras la captura de Nicol\u00e1s Maduro: soberan\u00eda, paz y bienestar del pueblo venezolano - 2026\",\"isPartOf\":{\"@id\":\"https:\\\/\\\/webdelmaestrocmf.com\\\/portal\\\/#website\"},\"primaryImageOfPage\":{\"@id\":\"https:\\\/\\\/webdelmaestrocmf.com\\\/portal\\\/el-llamado-del-papa-leon-xiv-tras-la-captura-de-nicolas-maduro-soberania-paz-y-bienestar-del-pueblo-venezolano\\\/#primaryimage\"},\"image\":{\"@id\":\"https:\\\/\\\/webdelmaestrocmf.com\\\/portal\\\/el-llamado-del-papa-leon-xiv-tras-la-captura-de-nicolas-maduro-soberania-paz-y-bienestar-del-pueblo-venezolano\\\/#primaryimage\"},\"thumbnailUrl\":\"https:\\\/\\\/webdelmaestrocmf.com\\\/portal\\\/wp-content\\\/uploads\\\/2026\\\/01\\\/1A-Banner-1-portada-imagen-10-1-copia-1-2.webp\",\"datePublished\":\"2026-01-05T00:14:30+00:00\",\"dateModified\":\"2026-01-05T00:17:46+00:00\",\"description\":\"El papa Le\u00f3n XIV se refiri\u00f3 p\u00fablicamente este domingo a la situaci\u00f3n que vive Venezuela tras la captura del presidente Nicol\u00e1s Maduro...\",\"breadcrumb\":{\"@id\":\"https:\\\/\\\/webdelmaestrocmf.com\\\/portal\\\/el-llamado-del-papa-leon-xiv-tras-la-captura-de-nicolas-maduro-soberania-paz-y-bienestar-del-pueblo-venezolano\\\/#breadcrumb\"},\"inLanguage\":\"es\",\"potentialAction\":[{\"@type\":\"ReadAction\",\"target\":[\"https:\\\/\\\/webdelmaestrocmf.com\\\/portal\\\/el-llamado-del-papa-leon-xiv-tras-la-captura-de-nicolas-maduro-soberania-paz-y-bienestar-del-pueblo-venezolano\\\/\"]}]},{\"@type\":\"ImageObject\",\"inLanguage\":\"es\",\"@id\":\"https:\\\/\\\/webdelmaestrocmf.com\\\/portal\\\/el-llamado-del-papa-leon-xiv-tras-la-captura-de-nicolas-maduro-soberania-paz-y-bienestar-del-pueblo-venezolano\\\/#primaryimage\",\"url\":\"https:\\\/\\\/webdelmaestrocmf.com\\\/portal\\\/wp-content\\\/uploads\\\/2026\\\/01\\\/1A-Banner-1-portada-imagen-10-1-copia-1-2.webp\",\"contentUrl\":\"https:\\\/\\\/webdelmaestrocmf.com\\\/portal\\\/wp-content\\\/uploads\\\/2026\\\/01\\\/1A-Banner-1-portada-imagen-10-1-copia-1-2.webp\",\"width\":1000,\"height\":667},{\"@type\":\"BreadcrumbList\",\"@id\":\"https:\\\/\\\/webdelmaestrocmf.com\\\/portal\\\/el-llamado-del-papa-leon-xiv-tras-la-captura-de-nicolas-maduro-soberania-paz-y-bienestar-del-pueblo-venezolano\\\/#breadcrumb\",\"itemListElement\":[{\"@type\":\"ListItem\",\"position\":1,\"name\":\"Portada\",\"item\":\"https:\\\/\\\/webdelmaestrocmf.com\\\/portal\\\/\"},{\"@type\":\"ListItem\",\"position\":2,\"name\":\"Mundo cart\u00f3lico\",\"item\":\"https:\\\/\\\/webdelmaestrocmf.com\\\/portal\\\/category\\\/pastoral\\\/\"},{\"@type\":\"ListItem\",\"position\":3,\"name\":\"El llamado del papa Le\u00f3n XIV tras la captura de Nicol\u00e1s Maduro: soberan\u00eda, paz y bienestar del pueblo venezolano\"}]},{\"@type\":\"WebSite\",\"@id\":\"https:\\\/\\\/webdelmaestrocmf.com\\\/portal\\\/#website\",\"url\":\"https:\\\/\\\/webdelmaestrocmf.com\\\/portal\\\/\",\"name\":\"Web del Maestro CMF\",\"description\":\"Maestros al servicio de la educaci\u00f3n\",\"publisher\":{\"@id\":\"https:\\\/\\\/webdelmaestrocmf.com\\\/portal\\\/#organization\"},\"alternateName\":\"WMCMF\",\"potentialAction\":[{\"@type\":\"SearchAction\",\"target\":{\"@type\":\"EntryPoint\",\"urlTemplate\":\"https:\\\/\\\/webdelmaestrocmf.com\\\/portal\\\/?s={search_term_string}\"},\"query-input\":{\"@type\":\"PropertyValueSpecification\",\"valueRequired\":true,\"valueName\":\"search_term_string\"}}],\"inLanguage\":\"es\"},{\"@type\":\"Organization\",\"@id\":\"https:\\\/\\\/webdelmaestrocmf.com\\\/portal\\\/#organization\",\"name\":\"Web del Maestro CMF\",\"alternateName\":\"WMCMF\",\"url\":\"https:\\\/\\\/webdelmaestrocmf.com\\\/portal\\\/\",\"logo\":{\"@type\":\"ImageObject\",\"inLanguage\":\"es\",\"@id\":\"https:\\\/\\\/webdelmaestrocmf.com\\\/portal\\\/#\\\/schema\\\/logo\\\/image\\\/\",\"url\":\"https:\\\/\\\/webdelmaestrocmf.com\\\/portal\\\/wp-content\\\/uploads\\\/2023\\\/01\\\/logo-wmcmf-2.png\",\"contentUrl\":\"https:\\\/\\\/webdelmaestrocmf.com\\\/portal\\\/wp-content\\\/uploads\\\/2023\\\/01\\\/logo-wmcmf-2.png\",\"width\":200,\"height\":60,\"caption\":\"Web del Maestro CMF\"},\"image\":{\"@id\":\"https:\\\/\\\/webdelmaestrocmf.com\\\/portal\\\/#\\\/schema\\\/logo\\\/image\\\/\"},\"sameAs\":[\"https:\\\/\\\/www.facebook.com\\\/WebdelMaestroCMF\\\/\",\"https:\\\/\\\/x.com\\\/cmf_w\",\"https:\\\/\\\/www.pinterest.com\\\/WMCMF\\\/\",\"https:\\\/\\\/www.linkedin.com\\\/company\\\/web-del-maestro-cmf\\\/\",\"https:\\\/\\\/www.instagram.com\\\/wmcmf\\\/\",\"https:\\\/\\\/www.youtube.com\\\/channel\\\/UCDPSvjbdodE5sHnC3OxutHw\",\"https:\\\/\\\/mastodon.social\\\/@wmcmf\",\"https:\\\/\\\/www.tiktok.com\\\/@webdelmaestrocmf\"]},{\"@type\":\"Person\",\"@id\":\"https:\\\/\\\/webdelmaestrocmf.com\\\/portal\\\/#\\\/schema\\\/person\\\/1072a2ed7bd960df8ef99a551fa35dc5\",\"name\":\"Web del Maestro CMF\",\"image\":{\"@type\":\"ImageObject\",\"inLanguage\":\"es\",\"@id\":\"https:\\\/\\\/secure.gravatar.com\\\/avatar\\\/23291dd5b5ae1077dcff3dbb04c3e02bd28403fa75af6d8787d5e97c5bbbe30b?s=96&d=mm&r=g\",\"url\":\"https:\\\/\\\/secure.gravatar.com\\\/avatar\\\/23291dd5b5ae1077dcff3dbb04c3e02bd28403fa75af6d8787d5e97c5bbbe30b?s=96&d=mm&r=g\",\"contentUrl\":\"https:\\\/\\\/secure.gravatar.com\\\/avatar\\\/23291dd5b5ae1077dcff3dbb04c3e02bd28403fa75af6d8787d5e97c5bbbe30b?s=96&d=mm&r=g\",\"caption\":\"Web del Maestro CMF\"},\"description\":\"Esta Web se cre\u00f3 sin fines de lucro, con fines educativos, cient\u00edficos y acad\u00e9micos, para personas que tengan dificultades y\\\/o inconvenientes en visualizar el material original. El objetivo es entregar recursos, compartir experiencias y materiales que ayuden a los padres de familia, maestros y estudiantes en su actualizaci\u00f3n y formaci\u00f3n permanente, en bien de la Educaci\u00f3n.\",\"sameAs\":[\"http:\\\/\\\/webdelmaestrocmf.com\\\/portal\",\"https:\\\/\\\/www.facebook.com\\\/WebdelMaestroCMF\\\/\",\"https:\\\/\\\/www.instagram.com\\\/wmcmf\\\/\",\"https:\\\/\\\/cl.linkedin.com\\\/company\\\/web-del-maestro-cmf\",\"https:\\\/\\\/www.pinterest.com\\\/WMCMF\\\/publicaciones\\\/\",\"https:\\\/\\\/x.com\\\/cmf_w\",\"https:\\\/\\\/www.youtube.com\\\/@WMCMF\"]}]}<\/script>\n<!-- \/ Yoast SEO plugin. -->","yoast_head_json":{"title":"El llamado del papa Le\u00f3n XIV tras la captura de Nicol\u00e1s Maduro: soberan\u00eda, paz y bienestar del pueblo venezolano - 2026","description":"El papa Le\u00f3n XIV se refiri\u00f3 p\u00fablicamente este domingo a la situaci\u00f3n que vive Venezuela tras la captura del presidente Nicol\u00e1s Maduro...","robots":{"index":"index","follow":"follow","max-snippet":"max-snippet:-1","max-image-preview":"max-image-preview:large","max-video-preview":"max-video-preview:-1"},"canonical":"https:\/\/webdelmaestrocmf.com\/portal\/el-llamado-del-papa-leon-xiv-tras-la-captura-de-nicolas-maduro-soberania-paz-y-bienestar-del-pueblo-venezolano\/","og_locale":"es_ES","og_type":"article","og_title":"El llamado del papa Le\u00f3n XIV tras la captura de Nicol\u00e1s Maduro: soberan\u00eda, paz y bienestar del pueblo venezolano - 2026","og_description":"El papa Le\u00f3n XIV se refiri\u00f3 p\u00fablicamente este domingo a la situaci\u00f3n que vive Venezuela tras la captura del presidente Nicol\u00e1s Maduro...","og_url":"https:\/\/webdelmaestrocmf.com\/portal\/el-llamado-del-papa-leon-xiv-tras-la-captura-de-nicolas-maduro-soberania-paz-y-bienestar-del-pueblo-venezolano\/","og_site_name":"Web del Maestro CMF","article_publisher":"https:\/\/www.facebook.com\/WebdelMaestroCMF\/","article_author":"https:\/\/www.facebook.com\/WebdelMaestroCMF\/","article_published_time":"2026-01-05T00:14:30+00:00","article_modified_time":"2026-01-05T00:17:46+00:00","og_image":[{"width":1000,"height":667,"url":"https:\/\/webdelmaestrocmf.com\/portal\/wp-content\/uploads\/2026\/01\/1A-Banner-1-portada-imagen-10-1-copia-1-2.webp","type":"image\/webp"}],"author":"Web del Maestro CMF","twitter_card":"summary_large_image","twitter_creator":"@cmf_w","twitter_site":"@cmf_w","schema":{"@context":"https:\/\/schema.org","@graph":[{"@type":"ScholarlyArticle","@id":"https:\/\/webdelmaestrocmf.com\/portal\/el-llamado-del-papa-leon-xiv-tras-la-captura-de-nicolas-maduro-soberania-paz-y-bienestar-del-pueblo-venezolano\/#article","isPartOf":{"@id":"https:\/\/webdelmaestrocmf.com\/portal\/el-llamado-del-papa-leon-xiv-tras-la-captura-de-nicolas-maduro-soberania-paz-y-bienestar-del-pueblo-venezolano\/"},"author":{"name":"Web del Maestro CMF","@id":"https:\/\/webdelmaestrocmf.com\/portal\/#\/schema\/person\/1072a2ed7bd960df8ef99a551fa35dc5"},"headline":"El llamado del papa Le\u00f3n XIV tras la captura de Nicol\u00e1s Maduro: soberan\u00eda, paz y bienestar del pueblo venezolano","datePublished":"2026-01-05T00:14:30+00:00","dateModified":"2026-01-05T00:17:46+00:00","mainEntityOfPage":{"@id":"https:\/\/webdelmaestrocmf.com\/portal\/el-llamado-del-papa-leon-xiv-tras-la-captura-de-nicolas-maduro-soberania-paz-y-bienestar-del-pueblo-venezolano\/"},"wordCount":323,"commentCount":0,"publisher":{"@id":"https:\/\/webdelmaestrocmf.com\/portal\/#organization"},"image":{"@id":"https:\/\/webdelmaestrocmf.com\/portal\/el-llamado-del-papa-leon-xiv-tras-la-captura-de-nicolas-maduro-soberania-paz-y-bienestar-del-pueblo-venezolano\/#primaryimage"},"thumbnailUrl":"https:\/\/webdelmaestrocmf.com\/portal\/wp-content\/uploads\/2026\/01\/1A-Banner-1-portada-imagen-10-1-copia-1-2.webp","keywords":["atenci\u00f3n y aprendizaje","crianza digital","desarrollo cognitivo infantil","educaci\u00f3n familiar","h\u00e1bitos digitales","pantallas en la infancia","rendimiento acad\u00e9mico","tiempo de pantalla","uso del celular en ni\u00f1os"],"articleSection":["Mundo cart\u00f3lico","Papa Le\u00f3n XIV"],"inLanguage":"es","potentialAction":[{"@type":"CommentAction","name":"Comment","target":["https:\/\/webdelmaestrocmf.com\/portal\/el-llamado-del-papa-leon-xiv-tras-la-captura-de-nicolas-maduro-soberania-paz-y-bienestar-del-pueblo-venezolano\/#respond"]}]},{"@type":"WebPage","@id":"https:\/\/webdelmaestrocmf.com\/portal\/el-llamado-del-papa-leon-xiv-tras-la-captura-de-nicolas-maduro-soberania-paz-y-bienestar-del-pueblo-venezolano\/","url":"https:\/\/webdelmaestrocmf.com\/portal\/el-llamado-del-papa-leon-xiv-tras-la-captura-de-nicolas-maduro-soberania-paz-y-bienestar-del-pueblo-venezolano\/","name":"El llamado del papa Le\u00f3n XIV tras la captura de Nicol\u00e1s Maduro: soberan\u00eda, paz y bienestar del pueblo venezolano - 2026","isPartOf":{"@id":"https:\/\/webdelmaestrocmf.com\/portal\/#website"},"primaryImageOfPage":{"@id":"https:\/\/webdelmaestrocmf.com\/portal\/el-llamado-del-papa-leon-xiv-tras-la-captura-de-nicolas-maduro-soberania-paz-y-bienestar-del-pueblo-venezolano\/#primaryimage"},"image":{"@id":"https:\/\/webdelmaestrocmf.com\/portal\/el-llamado-del-papa-leon-xiv-tras-la-captura-de-nicolas-maduro-soberania-paz-y-bienestar-del-pueblo-venezolano\/#primaryimage"},"thumbnailUrl":"https:\/\/webdelmaestrocmf.com\/portal\/wp-content\/uploads\/2026\/01\/1A-Banner-1-portada-imagen-10-1-copia-1-2.webp","datePublished":"2026-01-05T00:14:30+00:00","dateModified":"2026-01-05T00:17:46+00:00","description":"El papa Le\u00f3n XIV se refiri\u00f3 p\u00fablicamente este domingo a la situaci\u00f3n que vive Venezuela tras la captura del presidente Nicol\u00e1s Maduro...","breadcrumb":{"@id":"https:\/\/webdelmaestrocmf.com\/portal\/el-llamado-del-papa-leon-xiv-tras-la-captura-de-nicolas-maduro-soberania-paz-y-bienestar-del-pueblo-venezolano\/#breadcrumb"},"inLanguage":"es","potentialAction":[{"@type":"ReadAction","target":["https:\/\/webdelmaestrocmf.com\/portal\/el-llamado-del-papa-leon-xiv-tras-la-captura-de-nicolas-maduro-soberania-paz-y-bienestar-del-pueblo-venezolano\/"]}]},{"@type":"ImageObject","inLanguage":"es","@id":"https:\/\/webdelmaestrocmf.com\/portal\/el-llamado-del-papa-leon-xiv-tras-la-captura-de-nicolas-maduro-soberania-paz-y-bienestar-del-pueblo-venezolano\/#primaryimage","url":"https:\/\/webdelmaestrocmf.com\/portal\/wp-content\/uploads\/2026\/01\/1A-Banner-1-portada-imagen-10-1-copia-1-2.webp","contentUrl":"https:\/\/webdelmaestrocmf.com\/portal\/wp-content\/uploads\/2026\/01\/1A-Banner-1-portada-imagen-10-1-copia-1-2.webp","width":1000,"height":667},{"@type":"BreadcrumbList","@id":"https:\/\/webdelmaestrocmf.com\/portal\/el-llamado-del-papa-leon-xiv-tras-la-captura-de-nicolas-maduro-soberania-paz-y-bienestar-del-pueblo-venezolano\/#breadcrumb","itemListElement":[{"@type":"ListItem","position":1,"name":"Portada","item":"https:\/\/webdelmaestrocmf.com\/portal\/"},{"@type":"ListItem","position":2,"name":"Mundo cart\u00f3lico","item":"https:\/\/webdelmaestrocmf.com\/portal\/category\/pastoral\/"},{"@type":"ListItem","position":3,"name":"El llamado del papa Le\u00f3n XIV tras la captura de Nicol\u00e1s Maduro: soberan\u00eda, paz y bienestar del pueblo venezolano"}]},{"@type":"WebSite","@id":"https:\/\/webdelmaestrocmf.com\/portal\/#website","url":"https:\/\/webdelmaestrocmf.com\/portal\/","name":"Web del Maestro CMF","description":"Maestros al servicio de la educaci\u00f3n","publisher":{"@id":"https:\/\/webdelmaestrocmf.com\/portal\/#organization"},"alternateName":"WMCMF","potentialAction":[{"@type":"SearchAction","target":{"@type":"EntryPoint","urlTemplate":"https:\/\/webdelmaestrocmf.com\/portal\/?s={search_term_string}"},"query-input":{"@type":"PropertyValueSpecification","valueRequired":true,"valueName":"search_term_string"}}],"inLanguage":"es"},{"@type":"Organization","@id":"https:\/\/webdelmaestrocmf.com\/portal\/#organization","name":"Web del Maestro CMF","alternateName":"WMCMF","url":"https:\/\/webdelmaestrocmf.com\/portal\/","logo":{"@type":"ImageObject","inLanguage":"es","@id":"https:\/\/webdelmaestrocmf.com\/portal\/#\/schema\/logo\/image\/","url":"https:\/\/webdelmaestrocmf.com\/portal\/wp-content\/uploads\/2023\/01\/logo-wmcmf-2.png","contentUrl":"https:\/\/webdelmaestrocmf.com\/portal\/wp-content\/uploads\/2023\/01\/logo-wmcmf-2.png","width":200,"height":60,"caption":"Web del Maestro CMF"},"image":{"@id":"https:\/\/webdelmaestrocmf.com\/portal\/#\/schema\/logo\/image\/"},"sameAs":["https:\/\/www.facebook.com\/WebdelMaestroCMF\/","https:\/\/x.com\/cmf_w","https:\/\/www.pinterest.com\/WMCMF\/","https:\/\/www.linkedin.com\/company\/web-del-maestro-cmf\/","https:\/\/www.instagram.com\/wmcmf\/","https:\/\/www.youtube.com\/channel\/UCDPSvjbdodE5sHnC3OxutHw","https:\/\/mastodon.social\/@wmcmf","https:\/\/www.tiktok.com\/@webdelmaestrocmf"]},{"@type":"Person","@id":"https:\/\/webdelmaestrocmf.com\/portal\/#\/schema\/person\/1072a2ed7bd960df8ef99a551fa35dc5","name":"Web del Maestro CMF","image":{"@type":"ImageObject","inLanguage":"es","@id":"https:\/\/secure.gravatar.com\/avatar\/23291dd5b5ae1077dcff3dbb04c3e02bd28403fa75af6d8787d5e97c5bbbe30b?s=96&d=mm&r=g","url":"https:\/\/secure.gravatar.com\/avatar\/23291dd5b5ae1077dcff3dbb04c3e02bd28403fa75af6d8787d5e97c5bbbe30b?s=96&d=mm&r=g","contentUrl":"https:\/\/secure.gravatar.com\/avatar\/23291dd5b5ae1077dcff3dbb04c3e02bd28403fa75af6d8787d5e97c5bbbe30b?s=96&d=mm&r=g","caption":"Web del Maestro CMF"},"description":"Esta Web se cre\u00f3 sin fines de lucro, con fines educativos, cient\u00edficos y acad\u00e9micos, para personas que tengan dificultades y\/o inconvenientes en visualizar el material original. El objetivo es entregar recursos, compartir experiencias y materiales que ayuden a los padres de familia, maestros y estudiantes en su actualizaci\u00f3n y formaci\u00f3n permanente, en bien de la Educaci\u00f3n.","sameAs":["http:\/\/webdelmaestrocmf.com\/portal","https:\/\/www.facebook.com\/WebdelMaestroCMF\/","https:\/\/www.instagram.com\/wmcmf\/","https:\/\/cl.linkedin.com\/company\/web-del-maestro-cmf","https:\/\/www.pinterest.com\/WMCMF\/publicaciones\/","https:\/\/x.com\/cmf_w","https:\/\/www.youtube.com\/@WMCMF"]}]}},"jetpack_featured_media_url":"https:\/\/webdelmaestrocmf.com\/portal\/wp-content\/uploads\/2026\/01\/1A-Banner-1-portada-imagen-10-1-copia-1-2.webp","jetpack_sharing_enabled":true,"jetpack-related-posts":[{"id":114682,"url":"https:\/\/webdelmaestrocmf.com\/portal\/el-papa-leon-xiv-llama-a-respetar-la-voluntad-del-pueblo-venezolano-y-alerta-sobre-el-uso-de-la-fuerza-en-los-conflictos-internacionales\/","url_meta":{"origin":114525,"position":0},"title":"El Papa Le\u00f3n XIV llama a respetar la voluntad del pueblo venezolano y alerta sobre el uso de la fuerza en los conflictos internacionales","author":"Web del Maestro CMF","date":"9 enero, 2026","format":false,"excerpt":"El Papa llama a respetar la voluntad venezolana, rechaza la violencia y advierte que sin Estado derecho no hay paz.","rel":"","context":"En \u00abMundo cart\u00f3lico\u00bb","block_context":{"text":"Mundo cart\u00f3lico","link":"https:\/\/webdelmaestrocmf.com\/portal\/category\/pastoral\/"},"img":{"alt_text":"","src":"https:\/\/i0.wp.com\/webdelmaestrocmf.com\/portal\/wp-content\/uploads\/2026\/01\/1A-Banner-1-portada-imagen-10-1-copia-1-5.webp?resize=350%2C200&ssl=1","width":350,"height":200,"srcset":"https:\/\/i0.wp.com\/webdelmaestrocmf.com\/portal\/wp-content\/uploads\/2026\/01\/1A-Banner-1-portada-imagen-10-1-copia-1-5.webp?resize=350%2C200&ssl=1 1x, https:\/\/i0.wp.com\/webdelmaestrocmf.com\/portal\/wp-content\/uploads\/2026\/01\/1A-Banner-1-portada-imagen-10-1-copia-1-5.webp?resize=525%2C300&ssl=1 1.5x, https:\/\/i0.wp.com\/webdelmaestrocmf.com\/portal\/wp-content\/uploads\/2026\/01\/1A-Banner-1-portada-imagen-10-1-copia-1-5.webp?resize=700%2C400&ssl=1 2x"},"classes":[]},{"id":109272,"url":"https:\/\/webdelmaestrocmf.com\/portal\/anuncian-documental-sobre-el-papa-peruano-leon-xiv\/","url_meta":{"origin":114525,"position":1},"title":"Anuncian documental sobre el Papa \u00abperuano\u00bb Le\u00f3n XIV","author":"Web del Maestro CMF","date":"9 junio, 2025","format":false,"excerpt":"\u201cLe\u00f3n de Per\u00fa\u201d, as\u00ed se llama el documental que alista el medio vocero de El Vaticano. La cinta compila fotos, videos y testimonios sobre Robert Prevost en Chiclayo, Per\u00fa, hasta convertirse en el Papa Le\u00f3n XIV. Hoy difundieron el primer tr\u00e1iler oficial. Vatican News, que representa a los medios de\u2026","rel":"","context":"En \u00abMundo cart\u00f3lico\u00bb","block_context":{"text":"Mundo cart\u00f3lico","link":"https:\/\/webdelmaestrocmf.com\/portal\/category\/pastoral\/"},"img":{"alt_text":"","src":"https:\/\/i0.wp.com\/webdelmaestrocmf.com\/portal\/wp-content\/uploads\/2025\/06\/1A-Banner-1-portada-imagen-10-1-24.jpg?resize=350%2C200&ssl=1","width":350,"height":200,"srcset":"https:\/\/i0.wp.com\/webdelmaestrocmf.com\/portal\/wp-content\/uploads\/2025\/06\/1A-Banner-1-portada-imagen-10-1-24.jpg?resize=350%2C200&ssl=1 1x, https:\/\/i0.wp.com\/webdelmaestrocmf.com\/portal\/wp-content\/uploads\/2025\/06\/1A-Banner-1-portada-imagen-10-1-24.jpg?resize=525%2C300&ssl=1 1.5x, https:\/\/i0.wp.com\/webdelmaestrocmf.com\/portal\/wp-content\/uploads\/2025\/06\/1A-Banner-1-portada-imagen-10-1-24.jpg?resize=700%2C400&ssl=1 2x"},"classes":[]},{"id":110059,"url":"https:\/\/webdelmaestrocmf.com\/portal\/el-papa-leon-xiv-clama-por-la-paz-cada-conflicto-es-una-derrota-para-la-humanidad\/","url_meta":{"origin":114525,"position":2},"title":"El Papa Le\u00f3n XIV clama por la paz: Cada conflicto es una derrota para la humanidad","author":"Web del Maestro CMF","date":"18 junio, 2025","format":false,"excerpt":"\u201cLa guerra es siempre una derrota\u201d, dice citando al Papa Francisco. Y evocando a P\u00edo XII, afirma: \u201cNada se pierde con la paz. Todo puede perderse con la guerra\u201d.","rel":"","context":"En \u00abMundo cart\u00f3lico\u00bb","block_context":{"text":"Mundo cart\u00f3lico","link":"https:\/\/webdelmaestrocmf.com\/portal\/category\/pastoral\/"},"img":{"alt_text":"","src":"https:\/\/i0.wp.com\/webdelmaestrocmf.com\/portal\/wp-content\/uploads\/2025\/06\/1A-Banner-1-portada-imagen-10-1-copia-1-1.jpg?resize=350%2C200&ssl=1","width":350,"height":200,"srcset":"https:\/\/i0.wp.com\/webdelmaestrocmf.com\/portal\/wp-content\/uploads\/2025\/06\/1A-Banner-1-portada-imagen-10-1-copia-1-1.jpg?resize=350%2C200&ssl=1 1x, https:\/\/i0.wp.com\/webdelmaestrocmf.com\/portal\/wp-content\/uploads\/2025\/06\/1A-Banner-1-portada-imagen-10-1-copia-1-1.jpg?resize=525%2C300&ssl=1 1.5x, https:\/\/i0.wp.com\/webdelmaestrocmf.com\/portal\/wp-content\/uploads\/2025\/06\/1A-Banner-1-portada-imagen-10-1-copia-1-1.jpg?resize=700%2C400&ssl=1 2x"},"classes":[]},{"id":117688,"url":"https:\/\/webdelmaestrocmf.com\/portal\/papa-leon-xiv-responde-al-mandatario-tras-criticas-por-llamar-a-la-paz-no-le-tengo-miedo-a-la-administracion-de-trump\/","url_meta":{"origin":114525,"position":3},"title":"Papa Le\u00f3n XIV responde al mandatario tras cr\u00edticas por llamar a la paz: No le tengo miedo a la administraci\u00f3n de Trump","author":"Web del Maestro CMF","date":"13 abril, 2026","format":false,"excerpt":"El Papa Le\u00f3n XIV defendi\u00f3 su llamado a la paz frente a cr\u00edticas de Trump, reafirmando el rol moral de la Iglesia y destacando la importancia del di\u00e1logo y evitar conflictos.","rel":"","context":"En \u00abMundo cart\u00f3lico\u00bb","block_context":{"text":"Mundo cart\u00f3lico","link":"https:\/\/webdelmaestrocmf.com\/portal\/category\/pastoral\/"},"img":{"alt_text":"","src":"https:\/\/i0.wp.com\/webdelmaestrocmf.com\/portal\/wp-content\/uploads\/2026\/04\/1AA-Banner-1-portada-imagen-10-1-copia-8-1.webp?resize=350%2C200&ssl=1","width":350,"height":200,"srcset":"https:\/\/i0.wp.com\/webdelmaestrocmf.com\/portal\/wp-content\/uploads\/2026\/04\/1AA-Banner-1-portada-imagen-10-1-copia-8-1.webp?resize=350%2C200&ssl=1 1x, https:\/\/i0.wp.com\/webdelmaestrocmf.com\/portal\/wp-content\/uploads\/2026\/04\/1AA-Banner-1-portada-imagen-10-1-copia-8-1.webp?resize=525%2C300&ssl=1 1.5x, https:\/\/i0.wp.com\/webdelmaestrocmf.com\/portal\/wp-content\/uploads\/2026\/04\/1AA-Banner-1-portada-imagen-10-1-copia-8-1.webp?resize=700%2C400&ssl=1 2x, https:\/\/i0.wp.com\/webdelmaestrocmf.com\/portal\/wp-content\/uploads\/2026\/04\/1AA-Banner-1-portada-imagen-10-1-copia-8-1.webp?resize=1050%2C600&ssl=1 3x"},"classes":[]},{"id":110372,"url":"https:\/\/webdelmaestrocmf.com\/portal\/papa-leon-xiv-advierte-una-escalada-de-violencia-tras-el-bombardeo-de-ee-uu-a-iran-la-humanidad-grita-e-invoca-la-paz\/","url_meta":{"origin":114525,"position":4},"title":"Papa Le\u00f3n XIV advierte una escalada de violencia tras el bombardeo de EE. UU. a Ir\u00e1n: \u00abLa humanidad grita e invoca la paz\u201d","author":"Web del Maestro CMF","date":"23 junio, 2025","format":false,"excerpt":"El papa Le\u00f3n XIV clama por la paz y ofrece mediaci\u00f3n ante el agravamiento del conflicto en Medio Oriente","rel":"","context":"En \u00abMundo cart\u00f3lico\u00bb","block_context":{"text":"Mundo cart\u00f3lico","link":"https:\/\/webdelmaestrocmf.com\/portal\/category\/pastoral\/"},"img":{"alt_text":"","src":"https:\/\/i0.wp.com\/webdelmaestrocmf.com\/portal\/wp-content\/uploads\/2025\/06\/1A-Banner-1-portada-imagen-10-1-copia-3.webp?resize=350%2C200&ssl=1","width":350,"height":200,"srcset":"https:\/\/i0.wp.com\/webdelmaestrocmf.com\/portal\/wp-content\/uploads\/2025\/06\/1A-Banner-1-portada-imagen-10-1-copia-3.webp?resize=350%2C200&ssl=1 1x, https:\/\/i0.wp.com\/webdelmaestrocmf.com\/portal\/wp-content\/uploads\/2025\/06\/1A-Banner-1-portada-imagen-10-1-copia-3.webp?resize=525%2C300&ssl=1 1.5x, https:\/\/i0.wp.com\/webdelmaestrocmf.com\/portal\/wp-content\/uploads\/2025\/06\/1A-Banner-1-portada-imagen-10-1-copia-3.webp?resize=700%2C400&ssl=1 2x"},"classes":[]},{"id":111558,"url":"https:\/\/webdelmaestrocmf.com\/portal\/el-papa-leon-xiv-saluda-al-peru-en-su-aniversario-patrio-y-recuerda-su-profundo-vinculo-con-la-nacion\/","url_meta":{"origin":114525,"position":5},"title":"El papa Le\u00f3n XIV saluda al Per\u00fa en su aniversario patrio y recuerda su profundo v\u00ednculo con la naci\u00f3n","author":"Web del Maestro CMF","date":"28 julio, 2025","format":false,"excerpt":"El papa Le\u00f3n XIV salud\u00f3 al Per\u00fa con gratitud, destacando su fe, su juventud peregrina y su papel en la Iglesia.","rel":"","context":"En \u00abMundo cart\u00f3lico\u00bb","block_context":{"text":"Mundo cart\u00f3lico","link":"https:\/\/webdelmaestrocmf.com\/portal\/category\/pastoral\/"},"img":{"alt_text":"","src":"https:\/\/i0.wp.com\/webdelmaestrocmf.com\/portal\/wp-content\/uploads\/2025\/07\/1A-Banner-1-portada-imagen-10-1-copia-84.webp?resize=350%2C200&ssl=1","width":350,"height":200,"srcset":"https:\/\/i0.wp.com\/webdelmaestrocmf.com\/portal\/wp-content\/uploads\/2025\/07\/1A-Banner-1-portada-imagen-10-1-copia-84.webp?resize=350%2C200&ssl=1 1x, https:\/\/i0.wp.com\/webdelmaestrocmf.com\/portal\/wp-content\/uploads\/2025\/07\/1A-Banner-1-portada-imagen-10-1-copia-84.webp?resize=525%2C300&ssl=1 1.5x, https:\/\/i0.wp.com\/webdelmaestrocmf.com\/portal\/wp-content\/uploads\/2025\/07\/1A-Banner-1-portada-imagen-10-1-copia-84.webp?resize=700%2C400&ssl=1 2x"},"classes":[]}],"_links":{"self":[{"href":"https:\/\/webdelmaestrocmf.com\/portal\/wp-json\/wp\/v2\/posts\/114525","targetHints":{"allow":["GET"]}}],"collection":[{"href":"https:\/\/webdelmaestrocmf.com\/portal\/wp-json\/wp\/v2\/posts"}],"about":[{"href":"https:\/\/webdelmaestrocmf.com\/portal\/wp-json\/wp\/v2\/types\/post"}],"author":[{"embeddable":true,"href":"https:\/\/webdelmaestrocmf.com\/portal\/wp-json\/wp\/v2\/users\/1"}],"replies":[{"embeddable":true,"href":"https:\/\/webdelmaestrocmf.com\/portal\/wp-json\/wp\/v2\/comments?post=114525"}],"version-history":[{"count":1,"href":"https:\/\/webdelmaestrocmf.com\/portal\/wp-json\/wp\/v2\/posts\/114525\/revisions"}],"predecessor-version":[{"id":114527,"href":"https:\/\/webdelmaestrocmf.com\/portal\/wp-json\/wp\/v2\/posts\/114525\/revisions\/114527"}],"wp:featuredmedia":[{"embeddable":true,"href":"https:\/\/webdelmaestrocmf.com\/portal\/wp-json\/wp\/v2\/media\/114528"}],"wp:attachment":[{"href":"https:\/\/webdelmaestrocmf.com\/portal\/wp-json\/wp\/v2\/media?parent=114525"}],"wp:term":[{"taxonomy":"category","embeddable":true,"href":"https:\/\/webdelmaestrocmf.com\/portal\/wp-json\/wp\/v2\/categories?post=114525"},{"taxonomy":"post_tag","embeddable":true,"href":"https:\/\/webdelmaestrocmf.com\/portal\/wp-json\/wp\/v2\/tags?post=114525"}],"curies":[{"name":"wp","href":"https:\/\/api.w.org\/{rel}","templated":true}]}}