{"id":114428,"date":"2026-01-02T20:35:59","date_gmt":"2026-01-02T23:35:59","guid":{"rendered":"https:\/\/webdelmaestrocmf.com\/portal\/?p=114428"},"modified":"2026-01-02T21:48:11","modified_gmt":"2026-01-03T00:48:11","slug":"calendario-de-escritorio-triangular-2026-un-recurso-practico-y-editable-al-servicio-del-docente","status":"publish","type":"post","link":"https:\/\/webdelmaestrocmf.com\/portal\/calendario-de-escritorio-triangular-2026-un-recurso-practico-y-editable-al-servicio-del-docente\/","title":{"rendered":"Calendario de escritorio triangular 2026: un recurso pr\u00e1ctico y editable al servicio del docente"},"content":{"rendered":"\n<p class=\"wp-block-paragraph\">Planificar el a\u00f1o escolar con claridad y orden no es un detalle menor en la tarea docente. En ese contexto, el <strong>Calendario de Escritorio Triangular 2026<\/strong> se presenta como un recurso pedag\u00f3gico y organizativo de alto valor, pensado espec\u00edficamente para acompa\u00f1ar el trabajo diario de maestros y profesores.<\/p>\n\n\n\n<p class=\"wp-block-paragraph\">Este material ha sido elaborado y compartido generosamente por el <strong>equipo creador de Manualidades Educativas<\/strong>, a quienes corresponde el m\u00e9rito y la autor\u00eda del recurso. Desde aqu\u00ed, un sincero agradecimiento por poner este material <strong>a disposici\u00f3n de toda la comunidad docente<\/strong>, de manera abierta y con un enfoque claramente educativo.<\/p>\n\n\n\n<h3 class=\"wp-block-heading\"><strong>\u00bfQu\u00e9 es el calendario de escritorio triangular 2026?<\/strong><\/h3>\n\n\n\n<p class=\"wp-block-paragraph\">Se trata de un <strong>calendario anual en formato triangular<\/strong>, dise\u00f1ado para colocarse sobre el escritorio del docente. Su estructura permite una visualizaci\u00f3n clara y permanente de los meses del a\u00f1o, facilitando la organizaci\u00f3n del tiempo, las actividades escolares, las evaluaciones y los compromisos institucionales.<\/p>\n\n\n\n<p class=\"wp-block-paragraph\">El calendario est\u00e1 pensado no solo como un elemento decorativo, sino como una <strong>herramienta funcional<\/strong>, pr\u00e1ctica y adaptable a distintos contextos educativos.<\/p>\n\n\n\n<figure class=\"wp-block-image size-large\"><img loading=\"lazy\" decoding=\"async\" width=\"819\" height=\"1024\" src=\"https:\/\/webdelmaestrocmf.com\/portal\/wp-content\/uploads\/2026\/01\/Decora-las-puertas-de-tu-aula-esta-Navidad-con-moldes-de-Reno-y-Papa-Noel-PDF-completos-listos-para-imprimir.-Descargalos-gratis-819x1024.jpg\" alt=\"\" class=\"wp-image-114429\" srcset=\"https:\/\/webdelmaestrocmf.com\/portal\/wp-content\/uploads\/2026\/01\/Decora-las-puertas-de-tu-aula-esta-Navidad-con-moldes-de-Reno-y-Papa-Noel-PDF-completos-listos-para-imprimir.-Descargalos-gratis-819x1024.jpg 819w, https:\/\/webdelmaestrocmf.com\/portal\/wp-content\/uploads\/2026\/01\/Decora-las-puertas-de-tu-aula-esta-Navidad-con-moldes-de-Reno-y-Papa-Noel-PDF-completos-listos-para-imprimir.-Descargalos-gratis-240x300.jpg 240w, https:\/\/webdelmaestrocmf.com\/portal\/wp-content\/uploads\/2026\/01\/Decora-las-puertas-de-tu-aula-esta-Navidad-con-moldes-de-Reno-y-Papa-Noel-PDF-completos-listos-para-imprimir.-Descargalos-gratis-768x960.jpg 768w, https:\/\/webdelmaestrocmf.com\/portal\/wp-content\/uploads\/2026\/01\/Decora-las-puertas-de-tu-aula-esta-Navidad-con-moldes-de-Reno-y-Papa-Noel-PDF-completos-listos-para-imprimir.-Descargalos-gratis-332x415.jpg 332w, https:\/\/webdelmaestrocmf.com\/portal\/wp-content\/uploads\/2026\/01\/Decora-las-puertas-de-tu-aula-esta-Navidad-con-moldes-de-Reno-y-Papa-Noel-PDF-completos-listos-para-imprimir.-Descargalos-gratis-664x830.jpg 664w, https:\/\/webdelmaestrocmf.com\/portal\/wp-content\/uploads\/2026\/01\/Decora-las-puertas-de-tu-aula-esta-Navidad-con-moldes-de-Reno-y-Papa-Noel-PDF-completos-listos-para-imprimir.-Descargalos-gratis-688x860.jpg 688w, https:\/\/webdelmaestrocmf.com\/portal\/wp-content\/uploads\/2026\/01\/Decora-las-puertas-de-tu-aula-esta-Navidad-con-moldes-de-Reno-y-Papa-Noel-PDF-completos-listos-para-imprimir.-Descargalos-gratis-1044x1305.jpg 1044w, https:\/\/webdelmaestrocmf.com\/portal\/wp-content\/uploads\/2026\/01\/Decora-las-puertas-de-tu-aula-esta-Navidad-con-moldes-de-Reno-y-Papa-Noel-PDF-completos-listos-para-imprimir.-Descargalos-gratis.jpg 1080w\" sizes=\"auto, (max-width: 819px) 100vw, 819px\" \/><\/figure>\n\n\n\n<h3 class=\"wp-block-heading\"><strong>\u00bfPara qu\u00e9 sirve este recurso?<\/strong><\/h3>\n\n\n\n<p class=\"wp-block-paragraph\">El calendario cumple m\u00faltiples funciones en el \u00e1mbito escolar:<\/p>\n\n\n\n<ul class=\"wp-block-list\">\n<li>Ayuda a <strong>organizar el a\u00f1o acad\u00e9mico<\/strong> de forma visual y accesible.<\/li>\n\n\n\n<li>Permite <strong>optimizar el tiempo<\/strong>, evitando improvisaciones.<\/li>\n\n\n\n<li>Facilita la planificaci\u00f3n de clases, proyectos, reuniones y fechas importantes.<\/li>\n\n\n\n<li>Puede utilizarse tanto en el <strong>aula<\/strong> como en el espacio personal del docente.<\/li>\n\n\n\n<li>Favorece el orden y la anticipaci\u00f3n, aspectos clave en la labor pedag\u00f3gica.<\/li>\n<\/ul>\n\n\n\n<p class=\"wp-block-paragraph\">Adem\u00e1s, al ser editable, se adapta a las necesidades de cada docente y a las particularidades de cada instituci\u00f3n.<\/p>\n\n\n\n<h3 class=\"wp-block-heading\"><strong>Seis modelos para elegir y personalizar<\/strong><\/h3>\n\n\n\n<p class=\"wp-block-paragraph\">Uno de los grandes aportes de este material es que incluye <strong>seis modelos diferentes de calendario<\/strong>, lo que permite elegir el dise\u00f1o que mejor se adapte al estilo, al nivel educativo o al uso previsto. Cada modelo mantiene la misma funcionalidad, pero var\u00eda en su est\u00e9tica, lo que ampl\u00eda las posibilidades de personalizaci\u00f3n.<\/p>\n\n\n\n<p class=\"wp-block-paragraph\">Todos los modelos son <strong>100 % editables<\/strong>, lo que permite agregar textos, im\u00e1genes o fotograf\u00edas, y luego imprimirlos seg\u00fan la preferencia del docente.<\/p>\n\n\n\n<h3 class=\"wp-block-heading\"><strong>Un recurso compartido con vocaci\u00f3n educativa<\/strong><\/h3>\n\n\n\n<p class=\"wp-block-paragraph\">Es importante destacar el esp\u00edritu con el que este material ha sido creado y difundido. El equipo de <strong>Manualidades Educativas<\/strong> no solo dise\u00f1a recursos, sino que los comparte con un claro compromiso con la educaci\u00f3n, entendiendo las necesidades reales del aula y del trabajo docente cotidiano.<\/p>\n\n\n\n<p class=\"wp-block-paragraph\">Por ello, este calendario no es solo un producto visualmente atractivo, sino una herramienta pensada desde la pr\u00e1ctica pedag\u00f3gica, para apoyar, facilitar y acompa\u00f1ar la tarea educativa.<\/p>\n\n\n\n<h3 class=\"wp-block-heading\"><strong>Agradecimiento final<\/strong><\/h3>\n\n\n\n<p class=\"wp-block-paragraph\">Desde la comunidad educativa, corresponde <strong>agradecer a los creadores de Manualidades Educativas<\/strong> por su trabajo, su dedicaci\u00f3n y por poner a disposici\u00f3n de docentes de distintos pa\u00edses un material \u00fatil, claro y de calidad. Recursos como este fortalecen la planificaci\u00f3n, reducen la carga organizativa y aportan valor real al d\u00eda a d\u00eda en las escuelas.<\/p>\n\n\n\n<p class=\"has-text-align-right wp-block-paragraph\"><strong>Redacci\u00f3n | Web del Maestro CMF<\/strong><\/p>\n\n\n\n<p class=\"has-text-align-center wp-block-paragraph\">MATERIAL DE DESCARGA: <a href=\"https:\/\/drive.google.com\/drive\/folders\/1m-PNedE80xeXFXa0kB5atuPIzHJKzGrV?usp=sharing\" target=\"_blank\" rel=\"noreferrer noopener\">DESCARGA LOS 6 CALENDARIOS PARA ESCRITORIO<\/a><\/p>\n\n\n\t\t<div class=\"pk-inline-posts\">\n\t\t\t\n\t\t\t<div class=\"pk-inline-posts-container pk-inline-posts-template-list\"\n\t\t\t\tdata-columns=\"1\">\n\t\t\t\t\t\t<article id=\"post-115017\" class=\"post-115017 post type-post status-publish format-standard has-post-thumbnail category-calendario category-descarga category-pedagogia tag-calendario-2026 tag-calendario-de-escritorio tag-calendario-para-imprimir tag-herramientas-docentes tag-material-imprimible tag-organizacion-del-tiempo tag-planificacion-anual tag-productividad tag-recursos-educativos cs-entry cs-video-wrap\">\n\t\t\t<div class=\"pk-post-outer\">\n\n\t\t\t\t\t\t\t\t<div class=\"pk-post-inner\">\n\t\t\t\t\t<div class=\"entry-thumbnail\">\n\t\t\t\t\t\t<div class=\"pk-overlay pk-overlay-ratio pk-ratio-landscape\">\n\t\t\t\t\t\t\t<div class=\"pk-overlay-background\">\n\t\t\t\t\t\t\t\t<a href=\"https:\/\/webdelmaestrocmf.com\/portal\/calendario-de-escritorio-2026-para-imprimir-organizacion-visual-y-funcional-todo-el-ano\/\" class=\"pk-overlay-link\">\n\t\t\t\t\t\t\t\t\t<img loading=\"lazy\" decoding=\"async\" width=\"300\" height=\"225\" src=\"https:\/\/webdelmaestrocmf.com\/portal\/wp-content\/uploads\/2026\/01\/1A-Banner-1-portada-imagen-10-1-copia-1-12-300x225.webp\" class=\"attachment-pk-thumbnail size-pk-thumbnail wp-post-image\" alt=\"\" \/>\t\t\t\t\t\t\t\t<\/a>\n\t\t\t\t\t\t\t<\/div>\n\t\t\t\t\t\t<\/div>\n\t\t\t\t\t<\/div>\n\t\t\t\t<\/div>\n\t\t\t\t\n\t\t\t\t<div class=\"pk-post-inner\">\n\t\t\t\t\t<header>\n\t\t\t\t\t\t<h3 class=\"pk-title\"><a href=\"https:\/\/webdelmaestrocmf.com\/portal\/calendario-de-escritorio-2026-para-imprimir-organizacion-visual-y-funcional-todo-el-ano\/\" rel=\"bookmark\">Calendario de Escritorio 2026 para Imprimir: Organizaci\u00f3n Visual y Funcional Todo el A\u00f1o<\/a><\/h3>\t\t\t\t\t<\/header><!-- .entry-header -->\n\t\t\t\t<\/div><!-- .post-inner -->\n\n\t\t\t<\/div><!-- .post-outer -->\n\t\t<\/article>\n\t\t\t<article id=\"post-114761\" class=\"post-114761 post type-post status-publish format-standard has-post-thumbnail category-calendario category-pedagogia tag-calendario-escolar tag-calendario-sep tag-ciclo-escolar tag-docentes tag-educacion-basica tag-material-docente tag-organizacion-escolar tag-planificacion-educativa tag-recursos-educativos cs-entry cs-video-wrap\">\n\t\t\t<div class=\"pk-post-outer\">\n\n\t\t\t\t\t\t\t\t<div class=\"pk-post-inner\">\n\t\t\t\t\t<div class=\"entry-thumbnail\">\n\t\t\t\t\t\t<div class=\"pk-overlay pk-overlay-ratio pk-ratio-landscape\">\n\t\t\t\t\t\t\t<div class=\"pk-overlay-background\">\n\t\t\t\t\t\t\t\t<a href=\"https:\/\/webdelmaestrocmf.com\/portal\/descarga-el-calendario-escolar-sep-2025-2026-una-herramienta-clave-para-la-organizacion-docente-y-escolar\/\" class=\"pk-overlay-link\">\n\t\t\t\t\t\t\t\t\t<img loading=\"lazy\" decoding=\"async\" width=\"300\" height=\"225\" src=\"https:\/\/webdelmaestrocmf.com\/portal\/wp-content\/uploads\/2026\/01\/1A-Banner-1-portada-imagen-10-1-copia-1-300x225.jpg\" class=\"attachment-pk-thumbnail size-pk-thumbnail wp-post-image\" alt=\"\" \/>\t\t\t\t\t\t\t\t<\/a>\n\t\t\t\t\t\t\t<\/div>\n\t\t\t\t\t\t<\/div>\n\t\t\t\t\t<\/div>\n\t\t\t\t<\/div>\n\t\t\t\t\n\t\t\t\t<div class=\"pk-post-inner\">\n\t\t\t\t\t<header>\n\t\t\t\t\t\t<h3 class=\"pk-title\"><a href=\"https:\/\/webdelmaestrocmf.com\/portal\/descarga-el-calendario-escolar-sep-2025-2026-una-herramienta-clave-para-la-organizacion-docente-y-escolar\/\" rel=\"bookmark\">Descarga el Calendario Escolar SEP 2025-2026: una herramienta clave para la organizaci\u00f3n docente y escolar<\/a><\/h3>\t\t\t\t\t<\/header><!-- .entry-header -->\n\t\t\t\t<\/div><!-- .post-inner -->\n\n\t\t\t<\/div><!-- .post-outer -->\n\t\t<\/article>\n\t\t\t<article id=\"post-114291\" class=\"post-114291 post type-post status-publish format-standard has-post-thumbnail category-calendario category-pedagogia tag-calendario-2026 tag-calendario-escolar tag-herramientas-pedagogicas tag-material-editable tag-organizacion-docente tag-planificacion-anual tag-planificacion-educativa tag-powerpoint-educativo tag-recursos-escolares tag-recursos-para-docentes cs-entry cs-video-wrap\">\n\t\t\t<div class=\"pk-post-outer\">\n\n\t\t\t\t\t\t\t\t<div class=\"pk-post-inner\">\n\t\t\t\t\t<div class=\"entry-thumbnail\">\n\t\t\t\t\t\t<div class=\"pk-overlay pk-overlay-ratio pk-ratio-landscape\">\n\t\t\t\t\t\t\t<div class=\"pk-overlay-background\">\n\t\t\t\t\t\t\t\t<a href=\"https:\/\/webdelmaestrocmf.com\/portal\/20-calendarios-2026-organizacion-planificacion-y-diseno-al-servicio-de-la-educacion\/\" class=\"pk-overlay-link\">\n\t\t\t\t\t\t\t\t\t<img loading=\"lazy\" decoding=\"async\" width=\"300\" height=\"225\" src=\"https:\/\/webdelmaestrocmf.com\/portal\/wp-content\/uploads\/2025\/12\/1A-Banner-1-portada-imagen-10-1-copia-23-300x225.webp\" class=\"attachment-pk-thumbnail size-pk-thumbnail wp-post-image\" alt=\"\" \/>\t\t\t\t\t\t\t\t<\/a>\n\t\t\t\t\t\t\t<\/div>\n\t\t\t\t\t\t<\/div>\n\t\t\t\t\t<\/div>\n\t\t\t\t<\/div>\n\t\t\t\t\n\t\t\t\t<div class=\"pk-post-inner\">\n\t\t\t\t\t<header>\n\t\t\t\t\t\t<h3 class=\"pk-title\"><a href=\"https:\/\/webdelmaestrocmf.com\/portal\/20-calendarios-2026-organizacion-planificacion-y-diseno-al-servicio-de-la-educacion\/\" rel=\"bookmark\">20 calendarios 2026: organizaci\u00f3n, planificaci\u00f3n y dise\u00f1o al servicio de la educaci\u00f3n<\/a><\/h3>\t\t\t\t\t<\/header><!-- .entry-header -->\n\t\t\t\t<\/div><!-- .post-inner -->\n\n\t\t\t<\/div><!-- .post-outer -->\n\t\t<\/article>\n\t\t\t\t<\/div>\n\t\t<\/div>\n\t\t\n","protected":false},"excerpt":{"rendered":"Calendario de escritorio triangular 2026, editable y pr\u00e1ctico, creado por Manualidades Educativas y compartido generosamente para apoyar la organizaci\u00f3n y planificaci\u00f3n diaria de toda la comunidad docente.","protected":false},"author":1,"featured_media":114438,"comment_status":"open","ping_status":"closed","sticky":false,"template":"","format":"standard","meta":{"_jetpack_newsletter_access":"","_jetpack_dont_email_post_to_subs":false,"_jetpack_newsletter_tier_id":0,"_jetpack_memberships_contains_paywalled_content":false,"csco_display_header_overlay":false,"csco_singular_sidebar":"","csco_page_header_type":"","csco_page_load_nextpost":"","csco_post_video_location":[],"csco_post_video_location_hash":"","csco_post_video_url":"","csco_post_video_bg_start_time":0,"csco_post_video_bg_end_time":0,"csco_post_video_bg_volume":false,"_jetpack_feature_clip_id":0,"_jetpack_memberships_contains_paid_content":false,"footnotes":"","jetpack_post_was_ever_published":false},"categories":[16009,735],"tags":[24995,18409,23808,25056,25055,14028,18946,15964,19417],"class_list":["post-114428","post","type-post","status-publish","format-standard","has-post-thumbnail","category-calendario","category-pedagogia","tag-calendario-2026","tag-calendario-escolar","tag-educacion-2","tag-escritorio-docente","tag-imprimibles-educativos","tag-material-educativo","tag-organizacion-docente","tag-planificacion-docente","tag-recursos-para-docentes","cs-entry","cs-video-wrap"],"yoast_head":"<!-- This site is optimized with the Yoast SEO plugin v28.4 - https:\/\/yoast.com\/product\/yoast-seo-wordpress\/ -->\n<title>Calendario de escritorio triangular 2026: un recurso pr\u00e1ctico y editable al servicio del docente - 2026<\/title>\n<meta name=\"description\" content=\"En ese contexto, el Calendario de Escritorio Triangular 2026 se presenta como un recurso pedag\u00f3gico y organizativo de alto valor, pensado...\" \/>\n<meta name=\"robots\" content=\"index, follow, max-snippet:-1, max-image-preview:large, max-video-preview:-1\" \/>\n<link rel=\"canonical\" href=\"https:\/\/webdelmaestrocmf.com\/portal\/calendario-de-escritorio-triangular-2026-un-recurso-practico-y-editable-al-servicio-del-docente\/\" \/>\n<meta property=\"og:locale\" content=\"es_ES\" \/>\n<meta property=\"og:type\" content=\"article\" \/>\n<meta property=\"og:title\" content=\"Calendario de escritorio triangular 2026: un recurso pr\u00e1ctico y editable al servicio del docente - 2026\" \/>\n<meta property=\"og:description\" content=\"En ese contexto, el Calendario de Escritorio Triangular 2026 se presenta como un recurso pedag\u00f3gico y organizativo de alto valor, pensado...\" \/>\n<meta property=\"og:url\" content=\"https:\/\/webdelmaestrocmf.com\/portal\/calendario-de-escritorio-triangular-2026-un-recurso-practico-y-editable-al-servicio-del-docente\/\" \/>\n<meta property=\"og:site_name\" content=\"Web del Maestro CMF\" \/>\n<meta property=\"article:publisher\" content=\"https:\/\/www.facebook.com\/WebdelMaestroCMF\/\" \/>\n<meta property=\"article:author\" content=\"https:\/\/www.facebook.com\/WebdelMaestroCMF\/\" \/>\n<meta property=\"article:published_time\" content=\"2026-01-02T23:35:59+00:00\" \/>\n<meta property=\"article:modified_time\" content=\"2026-01-03T00:48:11+00:00\" \/>\n<meta property=\"og:image\" content=\"https:\/\/webdelmaestrocmf.com\/portal\/wp-content\/uploads\/2026\/01\/1A-Banner-1-portada-imagen-10-1-copia-2.webp\" \/>\n\t<meta property=\"og:image:width\" content=\"1000\" \/>\n\t<meta property=\"og:image:height\" content=\"667\" \/>\n\t<meta property=\"og:image:type\" content=\"image\/webp\" \/>\n<meta name=\"author\" content=\"Web del Maestro CMF\" \/>\n<meta name=\"twitter:card\" content=\"summary_large_image\" \/>\n<meta name=\"twitter:creator\" content=\"@cmf_w\" \/>\n<meta name=\"twitter:site\" content=\"@cmf_w\" \/>\n<script type=\"application\/ld+json\" class=\"yoast-schema-graph\">{\"@context\":\"https:\\\/\\\/schema.org\",\"@graph\":[{\"@type\":\"ScholarlyArticle\",\"@id\":\"https:\\\/\\\/webdelmaestrocmf.com\\\/portal\\\/calendario-de-escritorio-triangular-2026-un-recurso-practico-y-editable-al-servicio-del-docente\\\/#article\",\"isPartOf\":{\"@id\":\"https:\\\/\\\/webdelmaestrocmf.com\\\/portal\\\/calendario-de-escritorio-triangular-2026-un-recurso-practico-y-editable-al-servicio-del-docente\\\/\"},\"author\":{\"name\":\"Web del Maestro CMF\",\"@id\":\"https:\\\/\\\/webdelmaestrocmf.com\\\/portal\\\/#\\\/schema\\\/person\\\/1072a2ed7bd960df8ef99a551fa35dc5\"},\"headline\":\"Calendario de escritorio triangular 2026: un recurso pr\u00e1ctico y editable al servicio del docente\",\"datePublished\":\"2026-01-02T23:35:59+00:00\",\"dateModified\":\"2026-01-03T00:48:11+00:00\",\"mainEntityOfPage\":{\"@id\":\"https:\\\/\\\/webdelmaestrocmf.com\\\/portal\\\/calendario-de-escritorio-triangular-2026-un-recurso-practico-y-editable-al-servicio-del-docente\\\/\"},\"wordCount\":543,\"commentCount\":0,\"publisher\":{\"@id\":\"https:\\\/\\\/webdelmaestrocmf.com\\\/portal\\\/#organization\"},\"image\":{\"@id\":\"https:\\\/\\\/webdelmaestrocmf.com\\\/portal\\\/calendario-de-escritorio-triangular-2026-un-recurso-practico-y-editable-al-servicio-del-docente\\\/#primaryimage\"},\"thumbnailUrl\":\"https:\\\/\\\/webdelmaestrocmf.com\\\/portal\\\/wp-content\\\/uploads\\\/2026\\\/01\\\/1A-Banner-1-portada-imagen-10-1-copia-2.webp\",\"keywords\":[\"calendario 2026\",\"calendario escolar\",\"educaci\u00f3n\",\"escritorio docente\",\"imprimibles educativos\",\"material educativo\",\"Organizaci\u00f3n docente\",\"planificaci\u00f3n docente\",\"Recursos para docentes\"],\"articleSection\":[\"Calendario\",\"Recursos\"],\"inLanguage\":\"es\",\"potentialAction\":[{\"@type\":\"CommentAction\",\"name\":\"Comment\",\"target\":[\"https:\\\/\\\/webdelmaestrocmf.com\\\/portal\\\/calendario-de-escritorio-triangular-2026-un-recurso-practico-y-editable-al-servicio-del-docente\\\/#respond\"]}]},{\"@type\":\"WebPage\",\"@id\":\"https:\\\/\\\/webdelmaestrocmf.com\\\/portal\\\/calendario-de-escritorio-triangular-2026-un-recurso-practico-y-editable-al-servicio-del-docente\\\/\",\"url\":\"https:\\\/\\\/webdelmaestrocmf.com\\\/portal\\\/calendario-de-escritorio-triangular-2026-un-recurso-practico-y-editable-al-servicio-del-docente\\\/\",\"name\":\"Calendario de escritorio triangular 2026: un recurso pr\u00e1ctico y editable al servicio del docente - 2026\",\"isPartOf\":{\"@id\":\"https:\\\/\\\/webdelmaestrocmf.com\\\/portal\\\/#website\"},\"primaryImageOfPage\":{\"@id\":\"https:\\\/\\\/webdelmaestrocmf.com\\\/portal\\\/calendario-de-escritorio-triangular-2026-un-recurso-practico-y-editable-al-servicio-del-docente\\\/#primaryimage\"},\"image\":{\"@id\":\"https:\\\/\\\/webdelmaestrocmf.com\\\/portal\\\/calendario-de-escritorio-triangular-2026-un-recurso-practico-y-editable-al-servicio-del-docente\\\/#primaryimage\"},\"thumbnailUrl\":\"https:\\\/\\\/webdelmaestrocmf.com\\\/portal\\\/wp-content\\\/uploads\\\/2026\\\/01\\\/1A-Banner-1-portada-imagen-10-1-copia-2.webp\",\"datePublished\":\"2026-01-02T23:35:59+00:00\",\"dateModified\":\"2026-01-03T00:48:11+00:00\",\"description\":\"En ese contexto, el Calendario de Escritorio Triangular 2026 se presenta como un recurso pedag\u00f3gico y organizativo de alto valor, pensado...\",\"breadcrumb\":{\"@id\":\"https:\\\/\\\/webdelmaestrocmf.com\\\/portal\\\/calendario-de-escritorio-triangular-2026-un-recurso-practico-y-editable-al-servicio-del-docente\\\/#breadcrumb\"},\"inLanguage\":\"es\",\"potentialAction\":[{\"@type\":\"ReadAction\",\"target\":[\"https:\\\/\\\/webdelmaestrocmf.com\\\/portal\\\/calendario-de-escritorio-triangular-2026-un-recurso-practico-y-editable-al-servicio-del-docente\\\/\"]}]},{\"@type\":\"ImageObject\",\"inLanguage\":\"es\",\"@id\":\"https:\\\/\\\/webdelmaestrocmf.com\\\/portal\\\/calendario-de-escritorio-triangular-2026-un-recurso-practico-y-editable-al-servicio-del-docente\\\/#primaryimage\",\"url\":\"https:\\\/\\\/webdelmaestrocmf.com\\\/portal\\\/wp-content\\\/uploads\\\/2026\\\/01\\\/1A-Banner-1-portada-imagen-10-1-copia-2.webp\",\"contentUrl\":\"https:\\\/\\\/webdelmaestrocmf.com\\\/portal\\\/wp-content\\\/uploads\\\/2026\\\/01\\\/1A-Banner-1-portada-imagen-10-1-copia-2.webp\",\"width\":1000,\"height\":667},{\"@type\":\"BreadcrumbList\",\"@id\":\"https:\\\/\\\/webdelmaestrocmf.com\\\/portal\\\/calendario-de-escritorio-triangular-2026-un-recurso-practico-y-editable-al-servicio-del-docente\\\/#breadcrumb\",\"itemListElement\":[{\"@type\":\"ListItem\",\"position\":1,\"name\":\"Portada\",\"item\":\"https:\\\/\\\/webdelmaestrocmf.com\\\/portal\\\/\"},{\"@type\":\"ListItem\",\"position\":2,\"name\":\"Recursos\",\"item\":\"https:\\\/\\\/webdelmaestrocmf.com\\\/portal\\\/category\\\/pedagogia\\\/\"},{\"@type\":\"ListItem\",\"position\":3,\"name\":\"Calendario de escritorio triangular 2026: un recurso pr\u00e1ctico y editable al servicio del docente\"}]},{\"@type\":\"WebSite\",\"@id\":\"https:\\\/\\\/webdelmaestrocmf.com\\\/portal\\\/#website\",\"url\":\"https:\\\/\\\/webdelmaestrocmf.com\\\/portal\\\/\",\"name\":\"Web del Maestro CMF\",\"description\":\"Maestros al servicio de la educaci\u00f3n\",\"publisher\":{\"@id\":\"https:\\\/\\\/webdelmaestrocmf.com\\\/portal\\\/#organization\"},\"alternateName\":\"WMCMF\",\"potentialAction\":[{\"@type\":\"SearchAction\",\"target\":{\"@type\":\"EntryPoint\",\"urlTemplate\":\"https:\\\/\\\/webdelmaestrocmf.com\\\/portal\\\/?s={search_term_string}\"},\"query-input\":{\"@type\":\"PropertyValueSpecification\",\"valueRequired\":true,\"valueName\":\"search_term_string\"}}],\"inLanguage\":\"es\"},{\"@type\":\"Organization\",\"@id\":\"https:\\\/\\\/webdelmaestrocmf.com\\\/portal\\\/#organization\",\"name\":\"Web del Maestro CMF\",\"alternateName\":\"WMCMF\",\"url\":\"https:\\\/\\\/webdelmaestrocmf.com\\\/portal\\\/\",\"logo\":{\"@type\":\"ImageObject\",\"inLanguage\":\"es\",\"@id\":\"https:\\\/\\\/webdelmaestrocmf.com\\\/portal\\\/#\\\/schema\\\/logo\\\/image\\\/\",\"url\":\"https:\\\/\\\/webdelmaestrocmf.com\\\/portal\\\/wp-content\\\/uploads\\\/2023\\\/01\\\/logo-wmcmf-2.png\",\"contentUrl\":\"https:\\\/\\\/webdelmaestrocmf.com\\\/portal\\\/wp-content\\\/uploads\\\/2023\\\/01\\\/logo-wmcmf-2.png\",\"width\":200,\"height\":60,\"caption\":\"Web del Maestro CMF\"},\"image\":{\"@id\":\"https:\\\/\\\/webdelmaestrocmf.com\\\/portal\\\/#\\\/schema\\\/logo\\\/image\\\/\"},\"sameAs\":[\"https:\\\/\\\/www.facebook.com\\\/WebdelMaestroCMF\\\/\",\"https:\\\/\\\/x.com\\\/cmf_w\",\"https:\\\/\\\/www.pinterest.com\\\/WMCMF\\\/\",\"https:\\\/\\\/www.linkedin.com\\\/company\\\/web-del-maestro-cmf\\\/\",\"https:\\\/\\\/www.instagram.com\\\/wmcmf\\\/\",\"https:\\\/\\\/www.youtube.com\\\/channel\\\/UCDPSvjbdodE5sHnC3OxutHw\",\"https:\\\/\\\/mastodon.social\\\/@wmcmf\",\"https:\\\/\\\/www.tiktok.com\\\/@webdelmaestrocmf\"]},{\"@type\":\"Person\",\"@id\":\"https:\\\/\\\/webdelmaestrocmf.com\\\/portal\\\/#\\\/schema\\\/person\\\/1072a2ed7bd960df8ef99a551fa35dc5\",\"name\":\"Web del Maestro CMF\",\"image\":{\"@type\":\"ImageObject\",\"inLanguage\":\"es\",\"@id\":\"https:\\\/\\\/secure.gravatar.com\\\/avatar\\\/23291dd5b5ae1077dcff3dbb04c3e02bd28403fa75af6d8787d5e97c5bbbe30b?s=96&d=mm&r=g\",\"url\":\"https:\\\/\\\/secure.gravatar.com\\\/avatar\\\/23291dd5b5ae1077dcff3dbb04c3e02bd28403fa75af6d8787d5e97c5bbbe30b?s=96&d=mm&r=g\",\"contentUrl\":\"https:\\\/\\\/secure.gravatar.com\\\/avatar\\\/23291dd5b5ae1077dcff3dbb04c3e02bd28403fa75af6d8787d5e97c5bbbe30b?s=96&d=mm&r=g\",\"caption\":\"Web del Maestro CMF\"},\"description\":\"Esta Web se cre\u00f3 sin fines de lucro, con fines educativos, cient\u00edficos y acad\u00e9micos, para personas que tengan dificultades y\\\/o inconvenientes en visualizar el material original. El objetivo es entregar recursos, compartir experiencias y materiales que ayuden a los padres de familia, maestros y estudiantes en su actualizaci\u00f3n y formaci\u00f3n permanente, en bien de la Educaci\u00f3n.\",\"sameAs\":[\"http:\\\/\\\/webdelmaestrocmf.com\\\/portal\",\"https:\\\/\\\/www.facebook.com\\\/WebdelMaestroCMF\\\/\",\"https:\\\/\\\/www.instagram.com\\\/wmcmf\\\/\",\"https:\\\/\\\/cl.linkedin.com\\\/company\\\/web-del-maestro-cmf\",\"https:\\\/\\\/www.pinterest.com\\\/WMCMF\\\/publicaciones\\\/\",\"https:\\\/\\\/x.com\\\/cmf_w\",\"https:\\\/\\\/www.youtube.com\\\/@WMCMF\"]}]}<\/script>\n<!-- \/ Yoast SEO plugin. -->","yoast_head_json":{"title":"Calendario de escritorio triangular 2026: un recurso pr\u00e1ctico y editable al servicio del docente - 2026","description":"En ese contexto, el Calendario de Escritorio Triangular 2026 se presenta como un recurso pedag\u00f3gico y organizativo de alto valor, pensado...","robots":{"index":"index","follow":"follow","max-snippet":"max-snippet:-1","max-image-preview":"max-image-preview:large","max-video-preview":"max-video-preview:-1"},"canonical":"https:\/\/webdelmaestrocmf.com\/portal\/calendario-de-escritorio-triangular-2026-un-recurso-practico-y-editable-al-servicio-del-docente\/","og_locale":"es_ES","og_type":"article","og_title":"Calendario de escritorio triangular 2026: un recurso pr\u00e1ctico y editable al servicio del docente - 2026","og_description":"En ese contexto, el Calendario de Escritorio Triangular 2026 se presenta como un recurso pedag\u00f3gico y organizativo de alto valor, pensado...","og_url":"https:\/\/webdelmaestrocmf.com\/portal\/calendario-de-escritorio-triangular-2026-un-recurso-practico-y-editable-al-servicio-del-docente\/","og_site_name":"Web del Maestro CMF","article_publisher":"https:\/\/www.facebook.com\/WebdelMaestroCMF\/","article_author":"https:\/\/www.facebook.com\/WebdelMaestroCMF\/","article_published_time":"2026-01-02T23:35:59+00:00","article_modified_time":"2026-01-03T00:48:11+00:00","og_image":[{"width":1000,"height":667,"url":"https:\/\/webdelmaestrocmf.com\/portal\/wp-content\/uploads\/2026\/01\/1A-Banner-1-portada-imagen-10-1-copia-2.webp","type":"image\/webp"}],"author":"Web del Maestro CMF","twitter_card":"summary_large_image","twitter_creator":"@cmf_w","twitter_site":"@cmf_w","schema":{"@context":"https:\/\/schema.org","@graph":[{"@type":"ScholarlyArticle","@id":"https:\/\/webdelmaestrocmf.com\/portal\/calendario-de-escritorio-triangular-2026-un-recurso-practico-y-editable-al-servicio-del-docente\/#article","isPartOf":{"@id":"https:\/\/webdelmaestrocmf.com\/portal\/calendario-de-escritorio-triangular-2026-un-recurso-practico-y-editable-al-servicio-del-docente\/"},"author":{"name":"Web del Maestro CMF","@id":"https:\/\/webdelmaestrocmf.com\/portal\/#\/schema\/person\/1072a2ed7bd960df8ef99a551fa35dc5"},"headline":"Calendario de escritorio triangular 2026: un recurso pr\u00e1ctico y editable al servicio del docente","datePublished":"2026-01-02T23:35:59+00:00","dateModified":"2026-01-03T00:48:11+00:00","mainEntityOfPage":{"@id":"https:\/\/webdelmaestrocmf.com\/portal\/calendario-de-escritorio-triangular-2026-un-recurso-practico-y-editable-al-servicio-del-docente\/"},"wordCount":543,"commentCount":0,"publisher":{"@id":"https:\/\/webdelmaestrocmf.com\/portal\/#organization"},"image":{"@id":"https:\/\/webdelmaestrocmf.com\/portal\/calendario-de-escritorio-triangular-2026-un-recurso-practico-y-editable-al-servicio-del-docente\/#primaryimage"},"thumbnailUrl":"https:\/\/webdelmaestrocmf.com\/portal\/wp-content\/uploads\/2026\/01\/1A-Banner-1-portada-imagen-10-1-copia-2.webp","keywords":["calendario 2026","calendario escolar","educaci\u00f3n","escritorio docente","imprimibles educativos","material educativo","Organizaci\u00f3n docente","planificaci\u00f3n docente","Recursos para docentes"],"articleSection":["Calendario","Recursos"],"inLanguage":"es","potentialAction":[{"@type":"CommentAction","name":"Comment","target":["https:\/\/webdelmaestrocmf.com\/portal\/calendario-de-escritorio-triangular-2026-un-recurso-practico-y-editable-al-servicio-del-docente\/#respond"]}]},{"@type":"WebPage","@id":"https:\/\/webdelmaestrocmf.com\/portal\/calendario-de-escritorio-triangular-2026-un-recurso-practico-y-editable-al-servicio-del-docente\/","url":"https:\/\/webdelmaestrocmf.com\/portal\/calendario-de-escritorio-triangular-2026-un-recurso-practico-y-editable-al-servicio-del-docente\/","name":"Calendario de escritorio triangular 2026: un recurso pr\u00e1ctico y editable al servicio del docente - 2026","isPartOf":{"@id":"https:\/\/webdelmaestrocmf.com\/portal\/#website"},"primaryImageOfPage":{"@id":"https:\/\/webdelmaestrocmf.com\/portal\/calendario-de-escritorio-triangular-2026-un-recurso-practico-y-editable-al-servicio-del-docente\/#primaryimage"},"image":{"@id":"https:\/\/webdelmaestrocmf.com\/portal\/calendario-de-escritorio-triangular-2026-un-recurso-practico-y-editable-al-servicio-del-docente\/#primaryimage"},"thumbnailUrl":"https:\/\/webdelmaestrocmf.com\/portal\/wp-content\/uploads\/2026\/01\/1A-Banner-1-portada-imagen-10-1-copia-2.webp","datePublished":"2026-01-02T23:35:59+00:00","dateModified":"2026-01-03T00:48:11+00:00","description":"En ese contexto, el Calendario de Escritorio Triangular 2026 se presenta como un recurso pedag\u00f3gico y organizativo de alto valor, pensado...","breadcrumb":{"@id":"https:\/\/webdelmaestrocmf.com\/portal\/calendario-de-escritorio-triangular-2026-un-recurso-practico-y-editable-al-servicio-del-docente\/#breadcrumb"},"inLanguage":"es","potentialAction":[{"@type":"ReadAction","target":["https:\/\/webdelmaestrocmf.com\/portal\/calendario-de-escritorio-triangular-2026-un-recurso-practico-y-editable-al-servicio-del-docente\/"]}]},{"@type":"ImageObject","inLanguage":"es","@id":"https:\/\/webdelmaestrocmf.com\/portal\/calendario-de-escritorio-triangular-2026-un-recurso-practico-y-editable-al-servicio-del-docente\/#primaryimage","url":"https:\/\/webdelmaestrocmf.com\/portal\/wp-content\/uploads\/2026\/01\/1A-Banner-1-portada-imagen-10-1-copia-2.webp","contentUrl":"https:\/\/webdelmaestrocmf.com\/portal\/wp-content\/uploads\/2026\/01\/1A-Banner-1-portada-imagen-10-1-copia-2.webp","width":1000,"height":667},{"@type":"BreadcrumbList","@id":"https:\/\/webdelmaestrocmf.com\/portal\/calendario-de-escritorio-triangular-2026-un-recurso-practico-y-editable-al-servicio-del-docente\/#breadcrumb","itemListElement":[{"@type":"ListItem","position":1,"name":"Portada","item":"https:\/\/webdelmaestrocmf.com\/portal\/"},{"@type":"ListItem","position":2,"name":"Recursos","item":"https:\/\/webdelmaestrocmf.com\/portal\/category\/pedagogia\/"},{"@type":"ListItem","position":3,"name":"Calendario de escritorio triangular 2026: un recurso pr\u00e1ctico y editable al servicio del docente"}]},{"@type":"WebSite","@id":"https:\/\/webdelmaestrocmf.com\/portal\/#website","url":"https:\/\/webdelmaestrocmf.com\/portal\/","name":"Web del Maestro CMF","description":"Maestros al servicio de la educaci\u00f3n","publisher":{"@id":"https:\/\/webdelmaestrocmf.com\/portal\/#organization"},"alternateName":"WMCMF","potentialAction":[{"@type":"SearchAction","target":{"@type":"EntryPoint","urlTemplate":"https:\/\/webdelmaestrocmf.com\/portal\/?s={search_term_string}"},"query-input":{"@type":"PropertyValueSpecification","valueRequired":true,"valueName":"search_term_string"}}],"inLanguage":"es"},{"@type":"Organization","@id":"https:\/\/webdelmaestrocmf.com\/portal\/#organization","name":"Web del Maestro CMF","alternateName":"WMCMF","url":"https:\/\/webdelmaestrocmf.com\/portal\/","logo":{"@type":"ImageObject","inLanguage":"es","@id":"https:\/\/webdelmaestrocmf.com\/portal\/#\/schema\/logo\/image\/","url":"https:\/\/webdelmaestrocmf.com\/portal\/wp-content\/uploads\/2023\/01\/logo-wmcmf-2.png","contentUrl":"https:\/\/webdelmaestrocmf.com\/portal\/wp-content\/uploads\/2023\/01\/logo-wmcmf-2.png","width":200,"height":60,"caption":"Web del Maestro CMF"},"image":{"@id":"https:\/\/webdelmaestrocmf.com\/portal\/#\/schema\/logo\/image\/"},"sameAs":["https:\/\/www.facebook.com\/WebdelMaestroCMF\/","https:\/\/x.com\/cmf_w","https:\/\/www.pinterest.com\/WMCMF\/","https:\/\/www.linkedin.com\/company\/web-del-maestro-cmf\/","https:\/\/www.instagram.com\/wmcmf\/","https:\/\/www.youtube.com\/channel\/UCDPSvjbdodE5sHnC3OxutHw","https:\/\/mastodon.social\/@wmcmf","https:\/\/www.tiktok.com\/@webdelmaestrocmf"]},{"@type":"Person","@id":"https:\/\/webdelmaestrocmf.com\/portal\/#\/schema\/person\/1072a2ed7bd960df8ef99a551fa35dc5","name":"Web del Maestro CMF","image":{"@type":"ImageObject","inLanguage":"es","@id":"https:\/\/secure.gravatar.com\/avatar\/23291dd5b5ae1077dcff3dbb04c3e02bd28403fa75af6d8787d5e97c5bbbe30b?s=96&d=mm&r=g","url":"https:\/\/secure.gravatar.com\/avatar\/23291dd5b5ae1077dcff3dbb04c3e02bd28403fa75af6d8787d5e97c5bbbe30b?s=96&d=mm&r=g","contentUrl":"https:\/\/secure.gravatar.com\/avatar\/23291dd5b5ae1077dcff3dbb04c3e02bd28403fa75af6d8787d5e97c5bbbe30b?s=96&d=mm&r=g","caption":"Web del Maestro CMF"},"description":"Esta Web se cre\u00f3 sin fines de lucro, con fines educativos, cient\u00edficos y acad\u00e9micos, para personas que tengan dificultades y\/o inconvenientes en visualizar el material original. El objetivo es entregar recursos, compartir experiencias y materiales que ayuden a los padres de familia, maestros y estudiantes en su actualizaci\u00f3n y formaci\u00f3n permanente, en bien de la Educaci\u00f3n.","sameAs":["http:\/\/webdelmaestrocmf.com\/portal","https:\/\/www.facebook.com\/WebdelMaestroCMF\/","https:\/\/www.instagram.com\/wmcmf\/","https:\/\/cl.linkedin.com\/company\/web-del-maestro-cmf","https:\/\/www.pinterest.com\/WMCMF\/publicaciones\/","https:\/\/x.com\/cmf_w","https:\/\/www.youtube.com\/@WMCMF"]}]}},"jetpack_sharing_enabled":true,"jetpack-related-posts":[{"id":115017,"url":"https:\/\/webdelmaestrocmf.com\/portal\/calendario-de-escritorio-2026-para-imprimir-organizacion-visual-y-funcional-todo-el-ano\/","url_meta":{"origin":114428,"position":0},"title":"Calendario de Escritorio 2026 para Imprimir: Organizaci\u00f3n Visual y Funcional Todo el A\u00f1o","author":"Web del Maestro CMF","date":"28 enero, 2026","format":false,"excerpt":"Calendario de escritorio 2026 gratuito para imprimir, ideal para organizar fechas, tareas y planificaci\u00f3n anual de forma clara y visible.","rel":"","context":"En \u00abCalendario\u00bb","block_context":{"text":"Calendario","link":"https:\/\/webdelmaestrocmf.com\/portal\/category\/pedagogia\/calendario\/"},"img":{"alt_text":"","src":"https:\/\/i0.wp.com\/webdelmaestrocmf.com\/portal\/wp-content\/uploads\/2026\/01\/1A-Banner-1-portada-imagen-10-1-copia-1-12.webp?resize=350%2C200&ssl=1","width":350,"height":200,"srcset":"https:\/\/i0.wp.com\/webdelmaestrocmf.com\/portal\/wp-content\/uploads\/2026\/01\/1A-Banner-1-portada-imagen-10-1-copia-1-12.webp?resize=350%2C200&ssl=1 1x, https:\/\/i0.wp.com\/webdelmaestrocmf.com\/portal\/wp-content\/uploads\/2026\/01\/1A-Banner-1-portada-imagen-10-1-copia-1-12.webp?resize=525%2C300&ssl=1 1.5x, https:\/\/i0.wp.com\/webdelmaestrocmf.com\/portal\/wp-content\/uploads\/2026\/01\/1A-Banner-1-portada-imagen-10-1-copia-1-12.webp?resize=700%2C400&ssl=1 2x"},"classes":[]},{"id":114761,"url":"https:\/\/webdelmaestrocmf.com\/portal\/descarga-el-calendario-escolar-sep-2025-2026-una-herramienta-clave-para-la-organizacion-docente-y-escolar\/","url_meta":{"origin":114428,"position":1},"title":"Descarga el Calendario Escolar SEP 2025-2026: una herramienta clave para la organizaci\u00f3n docente y escolar","author":"Web del Maestro CMF","date":"14 enero, 2026","format":false,"excerpt":"Herramienta editable y gratuita que organiza fechas clave, reduce carga docente y facilita una planificaci\u00f3n escolar clara y eficiente oficial.","rel":"","context":"En \u00abCalendario\u00bb","block_context":{"text":"Calendario","link":"https:\/\/webdelmaestrocmf.com\/portal\/category\/pedagogia\/calendario\/"},"img":{"alt_text":"","src":"https:\/\/i0.wp.com\/webdelmaestrocmf.com\/portal\/wp-content\/uploads\/2026\/01\/1A-Banner-1-portada-imagen-10-1-copia-1.jpg?resize=350%2C200&ssl=1","width":350,"height":200,"srcset":"https:\/\/i0.wp.com\/webdelmaestrocmf.com\/portal\/wp-content\/uploads\/2026\/01\/1A-Banner-1-portada-imagen-10-1-copia-1.jpg?resize=350%2C200&ssl=1 1x, https:\/\/i0.wp.com\/webdelmaestrocmf.com\/portal\/wp-content\/uploads\/2026\/01\/1A-Banner-1-portada-imagen-10-1-copia-1.jpg?resize=525%2C300&ssl=1 1.5x, https:\/\/i0.wp.com\/webdelmaestrocmf.com\/portal\/wp-content\/uploads\/2026\/01\/1A-Banner-1-portada-imagen-10-1-copia-1.jpg?resize=700%2C400&ssl=1 2x"},"classes":[]},{"id":114291,"url":"https:\/\/webdelmaestrocmf.com\/portal\/20-calendarios-2026-organizacion-planificacion-y-diseno-al-servicio-de-la-educacion\/","url_meta":{"origin":114428,"position":2},"title":"20 calendarios 2026: organizaci\u00f3n, planificaci\u00f3n y dise\u00f1o al servicio de la educaci\u00f3n","author":"Web del Maestro CMF","date":"26 diciembre, 2025","format":false,"excerpt":"Un set de 20 calendarios 2026 ofrece variedad de dise\u00f1os, organizaci\u00f3n eficiente y apoyo pr\u00e1ctico para la planificaci\u00f3n educativa anual.","rel":"","context":"En \u00abCalendario\u00bb","block_context":{"text":"Calendario","link":"https:\/\/webdelmaestrocmf.com\/portal\/category\/pedagogia\/calendario\/"},"img":{"alt_text":"","src":"https:\/\/i0.wp.com\/webdelmaestrocmf.com\/portal\/wp-content\/uploads\/2025\/12\/1A-Banner-1-portada-imagen-10-1-copia-23.webp?resize=350%2C200&ssl=1","width":350,"height":200,"srcset":"https:\/\/i0.wp.com\/webdelmaestrocmf.com\/portal\/wp-content\/uploads\/2025\/12\/1A-Banner-1-portada-imagen-10-1-copia-23.webp?resize=350%2C200&ssl=1 1x, https:\/\/i0.wp.com\/webdelmaestrocmf.com\/portal\/wp-content\/uploads\/2025\/12\/1A-Banner-1-portada-imagen-10-1-copia-23.webp?resize=525%2C300&ssl=1 1.5x, https:\/\/i0.wp.com\/webdelmaestrocmf.com\/portal\/wp-content\/uploads\/2025\/12\/1A-Banner-1-portada-imagen-10-1-copia-23.webp?resize=700%2C400&ssl=1 2x"},"classes":[]},{"id":103990,"url":"https:\/\/webdelmaestrocmf.com\/portal\/calendario-anual-2024-para-docentes-estudiantes\/","url_meta":{"origin":114428,"position":3},"title":"Calendario anual 2024 para docentes y estudiantes","author":"Web del Maestro CMF","date":"17 febrero, 2024","format":false,"excerpt":"La organizaci\u00f3n es un pilar fundamental para el \u00e9xito del proceso educativo. En este sentido, el calendario anual 2024 se convierte en una herramienta indispensable para la planificaci\u00f3n docente, permitiendo optimizar la gesti\u00f3n del tiempo, las tareas y el desarrollo de las clases. El calendario anual 2024 se alza como\u2026","rel":"","context":"En \u00abCalendario\u00bb","block_context":{"text":"Calendario","link":"https:\/\/webdelmaestrocmf.com\/portal\/category\/pedagogia\/calendario\/"},"img":{"alt_text":"Agenda","src":"https:\/\/i0.wp.com\/webdelmaestrocmf.com\/portal\/wp-content\/uploads\/2024\/02\/Banner-1-portada-imagen-10-1-6-1.jpg?resize=350%2C200&ssl=1","width":350,"height":200,"srcset":"https:\/\/i0.wp.com\/webdelmaestrocmf.com\/portal\/wp-content\/uploads\/2024\/02\/Banner-1-portada-imagen-10-1-6-1.jpg?resize=350%2C200&ssl=1 1x, https:\/\/i0.wp.com\/webdelmaestrocmf.com\/portal\/wp-content\/uploads\/2024\/02\/Banner-1-portada-imagen-10-1-6-1.jpg?resize=525%2C300&ssl=1 1.5x, https:\/\/i0.wp.com\/webdelmaestrocmf.com\/portal\/wp-content\/uploads\/2024\/02\/Banner-1-portada-imagen-10-1-6-1.jpg?resize=700%2C400&ssl=1 2x"},"classes":[]},{"id":107346,"url":"https:\/\/webdelmaestrocmf.com\/portal\/calendario-2025-una-herramienta-gratuita-y-colorida-para-docentes-y-ninos\/","url_meta":{"origin":114428,"position":4},"title":"Calendario forma de l\u00e1piz 2026: una herramienta gratuita y colorida para docentes y ni\u00f1os","author":"Web del Maestro CMF","date":"28 diciembre, 2025","format":false,"excerpt":"La propuesta de Materual educativo para el a\u00f1o 2026 incluye el hermoso Calendario en forma de l\u00e1piz, una herramienta gratuita dise\u00f1ada especialmente para docentes, padres y ni\u00f1os. Este calendario, modelo 1, destaca por sus ilustraciones vibrantes a todo color, inspiradas en los queridos personajes de la serie infantil Bluey. Ideal\u2026","rel":"","context":"En \u00abDescargas Manuales PDF\u00bb","block_context":{"text":"Descargas Manuales PDF","link":"https:\/\/webdelmaestrocmf.com\/portal\/category\/pedagogia\/descargas-manuales-pdf\/"},"img":{"alt_text":"","src":"https:\/\/i0.wp.com\/webdelmaestrocmf.com\/portal\/wp-content\/uploads\/2025\/12\/1A-Banner-1-portada-imagen-10-1-copia-1-17.webp?resize=350%2C200&ssl=1","width":350,"height":200,"srcset":"https:\/\/i0.wp.com\/webdelmaestrocmf.com\/portal\/wp-content\/uploads\/2025\/12\/1A-Banner-1-portada-imagen-10-1-copia-1-17.webp?resize=350%2C200&ssl=1 1x, https:\/\/i0.wp.com\/webdelmaestrocmf.com\/portal\/wp-content\/uploads\/2025\/12\/1A-Banner-1-portada-imagen-10-1-copia-1-17.webp?resize=525%2C300&ssl=1 1.5x, https:\/\/i0.wp.com\/webdelmaestrocmf.com\/portal\/wp-content\/uploads\/2025\/12\/1A-Banner-1-portada-imagen-10-1-copia-1-17.webp?resize=700%2C400&ssl=1 2x"},"classes":[]},{"id":111405,"url":"https:\/\/webdelmaestrocmf.com\/portal\/agenda-escolar-docente-2025-2026-descarga-gratuita-lista-para-imprimir-y-llena-de-color\/","url_meta":{"origin":114428,"position":5},"title":"Agenda escolar docente 2025-2026: descarga gratuita, lista para imprimir y llena de color","author":"Web del Maestro CMF","date":"21 julio, 2025","format":false,"excerpt":"Agenda gratuita para docentes 2025-2026 con calendarios, listas, planificadores y m\u00e1s. Desc\u00e1rgala en missnorbiel.com y organ\u00edzate","rel":"","context":"En \u00abDescarga\u00bb","block_context":{"text":"Descarga","link":"https:\/\/webdelmaestrocmf.com\/portal\/category\/descarga\/"},"img":{"alt_text":"","src":"https:\/\/i0.wp.com\/webdelmaestrocmf.com\/portal\/wp-content\/uploads\/2025\/07\/1A-Banner-1-portada-imagen-10-1-copia-71.webp?resize=350%2C200&ssl=1","width":350,"height":200,"srcset":"https:\/\/i0.wp.com\/webdelmaestrocmf.com\/portal\/wp-content\/uploads\/2025\/07\/1A-Banner-1-portada-imagen-10-1-copia-71.webp?resize=350%2C200&ssl=1 1x, https:\/\/i0.wp.com\/webdelmaestrocmf.com\/portal\/wp-content\/uploads\/2025\/07\/1A-Banner-1-portada-imagen-10-1-copia-71.webp?resize=525%2C300&ssl=1 1.5x, https:\/\/i0.wp.com\/webdelmaestrocmf.com\/portal\/wp-content\/uploads\/2025\/07\/1A-Banner-1-portada-imagen-10-1-copia-71.webp?resize=700%2C400&ssl=1 2x"},"classes":[]}],"jetpack_featured_media_url":"https:\/\/webdelmaestrocmf.com\/portal\/wp-content\/uploads\/2026\/01\/1A-Banner-1-portada-imagen-10-1-copia-2.webp","_links":{"self":[{"href":"https:\/\/webdelmaestrocmf.com\/portal\/wp-json\/wp\/v2\/posts\/114428","targetHints":{"allow":["GET"]}}],"collection":[{"href":"https:\/\/webdelmaestrocmf.com\/portal\/wp-json\/wp\/v2\/posts"}],"about":[{"href":"https:\/\/webdelmaestrocmf.com\/portal\/wp-json\/wp\/v2\/types\/post"}],"author":[{"embeddable":true,"href":"https:\/\/webdelmaestrocmf.com\/portal\/wp-json\/wp\/v2\/users\/1"}],"replies":[{"embeddable":true,"href":"https:\/\/webdelmaestrocmf.com\/portal\/wp-json\/wp\/v2\/comments?post=114428"}],"version-history":[{"count":2,"href":"https:\/\/webdelmaestrocmf.com\/portal\/wp-json\/wp\/v2\/posts\/114428\/revisions"}],"predecessor-version":[{"id":114432,"href":"https:\/\/webdelmaestrocmf.com\/portal\/wp-json\/wp\/v2\/posts\/114428\/revisions\/114432"}],"wp:featuredmedia":[{"embeddable":true,"href":"https:\/\/webdelmaestrocmf.com\/portal\/wp-json\/wp\/v2\/media\/114438"}],"wp:attachment":[{"href":"https:\/\/webdelmaestrocmf.com\/portal\/wp-json\/wp\/v2\/media?parent=114428"}],"wp:term":[{"taxonomy":"category","embeddable":true,"href":"https:\/\/webdelmaestrocmf.com\/portal\/wp-json\/wp\/v2\/categories?post=114428"},{"taxonomy":"post_tag","embeddable":true,"href":"https:\/\/webdelmaestrocmf.com\/portal\/wp-json\/wp\/v2\/tags?post=114428"}],"curies":[{"name":"wp","href":"https:\/\/api.w.org\/{rel}","templated":true}]}}