{"id":114413,"date":"2026-01-01T19:03:46","date_gmt":"2026-01-01T22:03:46","guid":{"rendered":"https:\/\/webdelmaestrocmf.com\/portal\/?p=114413"},"modified":"2026-01-01T19:38:57","modified_gmt":"2026-01-01T22:38:57","slug":"estudiantes-universitarios-acudieron-a-la-justicia-por-ser-reprobados","status":"publish","type":"post","link":"https:\/\/webdelmaestrocmf.com\/portal\/estudiantes-universitarios-acudieron-a-la-justicia-por-ser-reprobados\/","title":{"rendered":"Estudiantes universitarios acudieron a la justicia por ser reprobados"},"content":{"rendered":"\n<p class=\"wp-block-paragraph\">Cuatro estudiantes universitarios recurrieron a la justicia tras haber sido reprobados en sus respectivas casas de estudio. Sin embargo, los tribunales consideraron insuficientes los argumentos presentados y fallaron en todos los casos a favor de las instituciones de educaci\u00f3n superior.<\/p>\n\n\n\n<p class=\"wp-block-paragraph\">De acuerdo con informaci\u00f3n publicada por <strong>Meganoticias<\/strong>, y basada en antecedentes de <strong>Las \u00daltimas Noticias<\/strong>, los casos involucran a estudiantes de las carreras de Odontolog\u00eda, Derecho y Psicolog\u00eda, quienes alegaron irregularidades, vulneraci\u00f3n de derechos y situaciones excepcionales para justificar sus reprobaciones.<\/p>\n\n\n\n<h3 class=\"wp-block-heading\"><strong>Caso de estudiante de Odontolog\u00eda<\/strong><\/h3>\n\n\n\n<p class=\"wp-block-paragraph\">Uno de los casos corresponde a un alumno de quinto a\u00f1o de Odontolog\u00eda, quien present\u00f3 un recurso ante la <strong>Corte de Apelaciones<\/strong> alegando que su reprobaci\u00f3n fue consecuencia de actos \u201cilegales y arbitrarios\u201d. El estudiante sostuvo que durante 2024 no recibi\u00f3 retroalimentaci\u00f3n acad\u00e9mica ni tuvo acceso formal a sus calificaciones, y que la comunicaci\u00f3n de su reprobaci\u00f3n se realiz\u00f3 de manera p\u00fablica, lo que calific\u00f3 como humillante.<\/p>\n\n\n\n<p class=\"wp-block-paragraph\">La universidad, en su defensa, indic\u00f3 que el alumno presentaba un bajo rendimiento acad\u00e9mico y que el proceso de evaluaci\u00f3n se ajust\u00f3 plenamente al reglamento vigente. El tribunal acogi\u00f3 estos argumentos y rechaz\u00f3 el recurso, respaldando la decisi\u00f3n del plantel.<\/p>\n\n\n\n<h3 class=\"wp-block-heading\"><strong>Reclamos de estudiantes de Derecho<\/strong><\/h3>\n\n\n\n<p class=\"wp-block-paragraph\">Dos estudiantes de la carrera de Derecho tambi\u00e9n acudieron a la justicia. En el primer caso, un alumno de origen mapuche present\u00f3 un recurso de protecci\u00f3n denunciando discriminaci\u00f3n racial por parte de una profesora, acusando una evaluaci\u00f3n malintencionada y trato despectivo que, seg\u00fan afirm\u00f3, influy\u00f3 en su reprobaci\u00f3n.<\/p>\n\n\n\n<p class=\"wp-block-paragraph\">La universidad neg\u00f3 categ\u00f3ricamente las acusaciones y present\u00f3 las calificaciones del estudiante, las cuales no alcanzaban el m\u00ednimo exigido para aprobar. Con estos antecedentes, tanto la Corte de Apelaciones como la <strong>Corte Suprema<\/strong> rechazaron el recurso, descartando la existencia de discriminaci\u00f3n.<\/p>\n\n\n\n<p class=\"wp-block-paragraph\">En el segundo caso, una estudiante de Derecho fue reprobada en diciembre de 2024 por no presentarse a un examen clave, lo que implic\u00f3 un retraso de un semestre en su carrera. La alumna argument\u00f3 que su inasistencia se debi\u00f3 a que participaba en un paro estudiantil y denunci\u00f3 vulneraci\u00f3n de derechos fundamentales. La casa de estudios sostuvo que la movilizaci\u00f3n carec\u00eda de fundamento acad\u00e9mico y que la ausencia al examen justificaba la reprobaci\u00f3n. Ambas instancias judiciales rechazaron el recurso.<\/p>\n\n\n\n<h3 class=\"wp-block-heading\"><strong>Caso de estudiante de Psicolog\u00eda<\/strong><\/h3>\n\n\n\n<p class=\"wp-block-paragraph\">El cuarto caso corresponde a una estudiante de Psicolog\u00eda que impugn\u00f3 la reprobaci\u00f3n de su pr\u00e1ctica profesional en mayo de 2024. La alumna cursaba la carrera en una modalidad compatible con trabajo y estudios, y aleg\u00f3 que la universidad no consider\u00f3 su situaci\u00f3n laboral y personal, siendo reprobada por inasistencia.<\/p>\n\n\n\n<p class=\"wp-block-paragraph\">La instituci\u00f3n explic\u00f3 que la estudiante hab\u00eda aceptado expresamente, incluso mediante contratos, cumplir con el reglamento interno, el cual exig\u00eda un 100% de asistencia en la pr\u00e1ctica. El tribunal valid\u00f3 esta exigencia y fall\u00f3 en favor del centro de educaci\u00f3n superior.<\/p>\n\n\n\n<p class=\"wp-block-paragraph\">En los cuatro casos, la justicia concluy\u00f3 que las universidades actuaron conforme a sus reglamentos internos y a la normativa vigente, reafirmando la autonom\u00eda de las instituciones de educaci\u00f3n superior en materia de evaluaci\u00f3n acad\u00e9mica.<\/p>\n\n\n\n<p class=\"has-text-align-right wp-block-paragraph\"><strong>Redacci\u00f3n | Web del Maestro CMF<\/strong><\/p>\n\n\n\t\t<div class=\"pk-inline-posts\">\n\t\t\t\n\t\t\t<div class=\"pk-inline-posts-container pk-inline-posts-template-list\"\n\t\t\t\tdata-columns=\"1\">\n\t\t\t\t\t\t<article id=\"post-121155\" class=\"post-121155 post type-post status-publish format-standard has-post-thumbnail category-noticias-internacionales tag-comunidad-educativa tag-docentes tag-educacion-2 tag-educacion-civica-2 tag-educacion-patriotica tag-educacion-preescolar tag-estudiantes tag-formacion-integral tag-politica-educativa tag-valores cs-entry cs-video-wrap\">\n\t\t\t<div class=\"pk-post-outer\">\n\n\t\t\t\t\t\t\t\t<div class=\"pk-post-inner\">\n\t\t\t\t\t<div class=\"entry-thumbnail\">\n\t\t\t\t\t\t<div class=\"pk-overlay pk-overlay-ratio pk-ratio-landscape\">\n\t\t\t\t\t\t\t<div class=\"pk-overlay-background\">\n\t\t\t\t\t\t\t\t<a href=\"https:\/\/webdelmaestrocmf.com\/portal\/el-ministerio-de-educacion-de-rusia-aprueba-el-plan-educativo-para-el-curso-2026-27\/\" class=\"pk-overlay-link\">\n\t\t\t\t\t\t\t\t\t<img loading=\"lazy\" decoding=\"async\" width=\"300\" height=\"225\" src=\"https:\/\/webdelmaestrocmf.com\/portal\/wp-content\/uploads\/2026\/09\/1AA-Banner-1-portada-imagen-10-1-copia-20-300x225.webp\" class=\"attachment-pk-thumbnail size-pk-thumbnail wp-post-image\" alt=\"\" \/>\t\t\t\t\t\t\t\t<\/a>\n\t\t\t\t\t\t\t<\/div>\n\t\t\t\t\t\t<\/div>\n\t\t\t\t\t<\/div>\n\t\t\t\t<\/div>\n\t\t\t\t\n\t\t\t\t<div class=\"pk-post-inner\">\n\t\t\t\t\t<header>\n\t\t\t\t\t\t<h3 class=\"pk-title\"><a href=\"https:\/\/webdelmaestrocmf.com\/portal\/el-ministerio-de-educacion-de-rusia-aprueba-el-plan-educativo-para-el-curso-2026-27\/\" rel=\"bookmark\">El Ministerio de Educaci\u00f3n de Rusia aprueba el plan educativo para el curso 2026\/27<\/a><\/h3>\t\t\t\t\t<\/header><!-- .entry-header -->\n\t\t\t\t<\/div><!-- .post-inner -->\n\n\t\t\t<\/div><!-- .post-outer -->\n\t\t<\/article>\n\t\t\t<article id=\"post-121053\" class=\"post-121053 post type-post status-publish format-standard has-post-thumbnail category-noticias-internacionales tag-deporte tag-educacion-2 tag-fair-play tag-formacion-deportiva tag-futbol-2 tag-infancia tag-juego-limpio tag-mundial tag-trabajo-en-equipo tag-valores cs-entry cs-video-wrap\">\n\t\t\t<div class=\"pk-post-outer\">\n\n\t\t\t\t\t\t\t\t<div class=\"pk-post-inner\">\n\t\t\t\t\t<div class=\"entry-thumbnail\">\n\t\t\t\t\t\t<div class=\"pk-overlay pk-overlay-ratio pk-ratio-landscape\">\n\t\t\t\t\t\t\t<div class=\"pk-overlay-background\">\n\t\t\t\t\t\t\t\t<a href=\"https:\/\/webdelmaestrocmf.com\/portal\/javier-bardem-elogia-a-la-seleccion-campeona-y-destaca-el-juego-limpio-como-ejemplo-para-millones-de-ninos\/\" class=\"pk-overlay-link\">\n\t\t\t\t\t\t\t\t\t<img loading=\"lazy\" decoding=\"async\" width=\"300\" height=\"225\" src=\"https:\/\/webdelmaestrocmf.com\/portal\/wp-content\/uploads\/2026\/07\/1AA-Banner-1-portada-imagen-10-1-copia-16-1-300x225.webp\" class=\"attachment-pk-thumbnail size-pk-thumbnail wp-post-image\" alt=\"\" \/>\t\t\t\t\t\t\t\t<\/a>\n\t\t\t\t\t\t\t<\/div>\n\t\t\t\t\t\t<\/div>\n\t\t\t\t\t<\/div>\n\t\t\t\t<\/div>\n\t\t\t\t\n\t\t\t\t<div class=\"pk-post-inner\">\n\t\t\t\t\t<header>\n\t\t\t\t\t\t<h3 class=\"pk-title\"><a href=\"https:\/\/webdelmaestrocmf.com\/portal\/javier-bardem-elogia-a-la-seleccion-campeona-y-destaca-el-juego-limpio-como-ejemplo-para-millones-de-ninos\/\" rel=\"bookmark\">Javier Bardem elogia a la selecci\u00f3n campeona y destaca el juego limpio como ejemplo para millones de ni\u00f1os<\/a><\/h3>\t\t\t\t\t<\/header><!-- .entry-header -->\n\t\t\t\t<\/div><!-- .post-inner -->\n\n\t\t\t<\/div><!-- .post-outer -->\n\t\t<\/article>\n\t\t\t<article id=\"post-121041\" class=\"post-121041 post type-post status-publish format-standard has-post-thumbnail category-noticias-internacionales tag-agresion-a-docente tag-apoderados tag-comunidad-educativa tag-convivencia-escolar tag-ley-karin tag-proteccion-docente tag-salud-mental tag-seguridad-escolar tag-violencia-escolar cs-entry cs-video-wrap\">\n\t\t\t<div class=\"pk-post-outer\">\n\n\t\t\t\t\t\t\t\t<div class=\"pk-post-inner\">\n\t\t\t\t\t<div class=\"entry-thumbnail\">\n\t\t\t\t\t\t<div class=\"pk-overlay pk-overlay-ratio pk-ratio-landscape\">\n\t\t\t\t\t\t\t<div class=\"pk-overlay-background\">\n\t\t\t\t\t\t\t\t<a href=\"https:\/\/webdelmaestrocmf.com\/portal\/municipalidad-de-temuco-anuncia-acciones-legales-tras-agresion-de-un-apoderado-a-un-profesor-dentro-de-un-establecimiento-educacional\/\" class=\"pk-overlay-link\">\n\t\t\t\t\t\t\t\t\t<img loading=\"lazy\" decoding=\"async\" width=\"300\" height=\"225\" src=\"https:\/\/webdelmaestrocmf.com\/portal\/wp-content\/uploads\/2026\/07\/1AA-Banner-1-portada-imagen-10-1-copia-14-1-300x225.webp\" class=\"attachment-pk-thumbnail size-pk-thumbnail wp-post-image\" alt=\"\" \/>\t\t\t\t\t\t\t\t<\/a>\n\t\t\t\t\t\t\t<\/div>\n\t\t\t\t\t\t<\/div>\n\t\t\t\t\t<\/div>\n\t\t\t\t<\/div>\n\t\t\t\t\n\t\t\t\t<div class=\"pk-post-inner\">\n\t\t\t\t\t<header>\n\t\t\t\t\t\t<h3 class=\"pk-title\"><a href=\"https:\/\/webdelmaestrocmf.com\/portal\/municipalidad-de-temuco-anuncia-acciones-legales-tras-agresion-de-un-apoderado-a-un-profesor-dentro-de-un-establecimiento-educacional\/\" rel=\"bookmark\">Municipalidad de Temuco anuncia acciones legales tras agresi\u00f3n de un apoderado a un profesor dentro de un establecimiento educacional<\/a><\/h3>\t\t\t\t\t<\/header><!-- .entry-header -->\n\t\t\t\t<\/div><!-- .post-inner -->\n\n\t\t\t<\/div><!-- .post-outer -->\n\t\t<\/article>\n\t\t\t\t<\/div>\n\t\t<\/div>\n\t\t\n","protected":false},"excerpt":{"rendered":"Cuatro estudiantes universitarios recurrieron a la justicia despu\u00e9s de haber sido reprobados en sus casas de estudio. Pese a aquello, los tribunales calificaron como insuficientes los argumentos y fallaron en su contra.","protected":false},"author":1,"featured_media":114416,"comment_status":"open","ping_status":"closed","sticky":false,"template":"","format":"standard","meta":{"_jetpack_newsletter_access":"","_jetpack_dont_email_post_to_subs":false,"_jetpack_newsletter_tier_id":0,"_jetpack_memberships_contains_paywalled_content":false,"csco_display_header_overlay":false,"csco_singular_sidebar":"","csco_page_header_type":"","csco_page_load_nextpost":"","csco_post_video_location":[],"csco_post_video_location_hash":"","csco_post_video_url":"","csco_post_video_bg_start_time":0,"csco_post_video_bg_end_time":0,"csco_post_video_bg_volume":false,"_jetpack_feature_clip_id":0,"_jetpack_memberships_contains_paid_content":false,"footnotes":"","jetpack_post_was_ever_published":false},"categories":[23790],"tags":[25045,724,18051,25047,25044,4610,25049,25046,25048,2085],"class_list":["post-114413","post","type-post","status-publish","format-standard","has-post-thumbnail","category-noticias-internacionales","tag-derecho-educativo","tag-docencia","tag-educacion-superior","tag-estudiantes-universitarios","tag-evaluacion-academica","tag-justicia","tag-normativa-academica","tag-reprobacion","tag-tribunales","tag-universidades","cs-entry","cs-video-wrap"],"yoast_head":"<!-- This site is optimized with the Yoast SEO plugin v28.4 - https:\/\/yoast.com\/product\/yoast-seo-wordpress\/ -->\n<title>Estudiantes universitarios acudieron a la justicia por ser reprobados - 2026<\/title>\n<meta name=\"description\" content=\"Cuatro estudiantes universitarios recurrieron a la justicia tras haber sido reprobados en sus respectivas casas de estudio. Sin embargo...\" \/>\n<meta name=\"robots\" content=\"index, follow, max-snippet:-1, max-image-preview:large, max-video-preview:-1\" \/>\n<link rel=\"canonical\" href=\"https:\/\/webdelmaestrocmf.com\/portal\/estudiantes-universitarios-acudieron-a-la-justicia-por-ser-reprobados\/\" \/>\n<meta property=\"og:locale\" content=\"es_ES\" \/>\n<meta property=\"og:type\" content=\"article\" \/>\n<meta property=\"og:title\" content=\"Estudiantes universitarios acudieron a la justicia por ser reprobados - 2026\" \/>\n<meta property=\"og:description\" content=\"Cuatro estudiantes universitarios recurrieron a la justicia tras haber sido reprobados en sus respectivas casas de estudio. Sin embargo...\" \/>\n<meta property=\"og:url\" content=\"https:\/\/webdelmaestrocmf.com\/portal\/estudiantes-universitarios-acudieron-a-la-justicia-por-ser-reprobados\/\" \/>\n<meta property=\"og:site_name\" content=\"Web del Maestro CMF\" \/>\n<meta property=\"article:publisher\" content=\"https:\/\/www.facebook.com\/WebdelMaestroCMF\/\" \/>\n<meta property=\"article:author\" content=\"https:\/\/www.facebook.com\/WebdelMaestroCMF\/\" \/>\n<meta property=\"article:published_time\" content=\"2026-01-01T22:03:46+00:00\" \/>\n<meta property=\"article:modified_time\" content=\"2026-01-01T22:38:57+00:00\" \/>\n<meta property=\"og:image\" content=\"https:\/\/webdelmaestrocmf.com\/portal\/wp-content\/uploads\/2026\/01\/1A-Banner-1-portada-imagen-10-1-copia.webp\" \/>\n\t<meta property=\"og:image:width\" content=\"1000\" \/>\n\t<meta property=\"og:image:height\" content=\"667\" \/>\n\t<meta property=\"og:image:type\" content=\"image\/webp\" \/>\n<meta name=\"author\" content=\"Web del Maestro CMF\" \/>\n<meta name=\"twitter:card\" content=\"summary_large_image\" \/>\n<meta name=\"twitter:creator\" content=\"@cmf_w\" \/>\n<meta name=\"twitter:site\" content=\"@cmf_w\" \/>\n<script type=\"application\/ld+json\" class=\"yoast-schema-graph\">{\"@context\":\"https:\\\/\\\/schema.org\",\"@graph\":[{\"@type\":\"ScholarlyArticle\",\"@id\":\"https:\\\/\\\/webdelmaestrocmf.com\\\/portal\\\/estudiantes-universitarios-acudieron-a-la-justicia-por-ser-reprobados\\\/#article\",\"isPartOf\":{\"@id\":\"https:\\\/\\\/webdelmaestrocmf.com\\\/portal\\\/estudiantes-universitarios-acudieron-a-la-justicia-por-ser-reprobados\\\/\"},\"author\":{\"name\":\"Web del Maestro CMF\",\"@id\":\"https:\\\/\\\/webdelmaestrocmf.com\\\/portal\\\/#\\\/schema\\\/person\\\/1072a2ed7bd960df8ef99a551fa35dc5\"},\"headline\":\"Estudiantes universitarios acudieron a la justicia por ser reprobados\",\"datePublished\":\"2026-01-01T22:03:46+00:00\",\"dateModified\":\"2026-01-01T22:38:57+00:00\",\"mainEntityOfPage\":{\"@id\":\"https:\\\/\\\/webdelmaestrocmf.com\\\/portal\\\/estudiantes-universitarios-acudieron-a-la-justicia-por-ser-reprobados\\\/\"},\"wordCount\":557,\"commentCount\":0,\"publisher\":{\"@id\":\"https:\\\/\\\/webdelmaestrocmf.com\\\/portal\\\/#organization\"},\"image\":{\"@id\":\"https:\\\/\\\/webdelmaestrocmf.com\\\/portal\\\/estudiantes-universitarios-acudieron-a-la-justicia-por-ser-reprobados\\\/#primaryimage\"},\"thumbnailUrl\":\"https:\\\/\\\/webdelmaestrocmf.com\\\/portal\\\/wp-content\\\/uploads\\\/2026\\\/01\\\/1A-Banner-1-portada-imagen-10-1-copia.webp\",\"keywords\":[\"derecho educativo\",\"DOCENCIA\",\"Educaci\u00f3n superior\",\"estudiantes universitarios\",\"evaluaci\u00f3n acad\u00e9mica\",\"justicia\",\"normativa acad\u00e9mica\",\"reprobaci\u00f3n\",\"tribunales\",\"UNIVERSIDADES\"],\"articleSection\":[\"Noticias Internacionales\"],\"inLanguage\":\"es\",\"potentialAction\":[{\"@type\":\"CommentAction\",\"name\":\"Comment\",\"target\":[\"https:\\\/\\\/webdelmaestrocmf.com\\\/portal\\\/estudiantes-universitarios-acudieron-a-la-justicia-por-ser-reprobados\\\/#respond\"]}]},{\"@type\":\"WebPage\",\"@id\":\"https:\\\/\\\/webdelmaestrocmf.com\\\/portal\\\/estudiantes-universitarios-acudieron-a-la-justicia-por-ser-reprobados\\\/\",\"url\":\"https:\\\/\\\/webdelmaestrocmf.com\\\/portal\\\/estudiantes-universitarios-acudieron-a-la-justicia-por-ser-reprobados\\\/\",\"name\":\"Estudiantes universitarios acudieron a la justicia por ser reprobados - 2026\",\"isPartOf\":{\"@id\":\"https:\\\/\\\/webdelmaestrocmf.com\\\/portal\\\/#website\"},\"primaryImageOfPage\":{\"@id\":\"https:\\\/\\\/webdelmaestrocmf.com\\\/portal\\\/estudiantes-universitarios-acudieron-a-la-justicia-por-ser-reprobados\\\/#primaryimage\"},\"image\":{\"@id\":\"https:\\\/\\\/webdelmaestrocmf.com\\\/portal\\\/estudiantes-universitarios-acudieron-a-la-justicia-por-ser-reprobados\\\/#primaryimage\"},\"thumbnailUrl\":\"https:\\\/\\\/webdelmaestrocmf.com\\\/portal\\\/wp-content\\\/uploads\\\/2026\\\/01\\\/1A-Banner-1-portada-imagen-10-1-copia.webp\",\"datePublished\":\"2026-01-01T22:03:46+00:00\",\"dateModified\":\"2026-01-01T22:38:57+00:00\",\"description\":\"Cuatro estudiantes universitarios recurrieron a la justicia tras haber sido reprobados en sus respectivas casas de estudio. Sin embargo...\",\"breadcrumb\":{\"@id\":\"https:\\\/\\\/webdelmaestrocmf.com\\\/portal\\\/estudiantes-universitarios-acudieron-a-la-justicia-por-ser-reprobados\\\/#breadcrumb\"},\"inLanguage\":\"es\",\"potentialAction\":[{\"@type\":\"ReadAction\",\"target\":[\"https:\\\/\\\/webdelmaestrocmf.com\\\/portal\\\/estudiantes-universitarios-acudieron-a-la-justicia-por-ser-reprobados\\\/\"]}]},{\"@type\":\"ImageObject\",\"inLanguage\":\"es\",\"@id\":\"https:\\\/\\\/webdelmaestrocmf.com\\\/portal\\\/estudiantes-universitarios-acudieron-a-la-justicia-por-ser-reprobados\\\/#primaryimage\",\"url\":\"https:\\\/\\\/webdelmaestrocmf.com\\\/portal\\\/wp-content\\\/uploads\\\/2026\\\/01\\\/1A-Banner-1-portada-imagen-10-1-copia.webp\",\"contentUrl\":\"https:\\\/\\\/webdelmaestrocmf.com\\\/portal\\\/wp-content\\\/uploads\\\/2026\\\/01\\\/1A-Banner-1-portada-imagen-10-1-copia.webp\",\"width\":1000,\"height\":667},{\"@type\":\"BreadcrumbList\",\"@id\":\"https:\\\/\\\/webdelmaestrocmf.com\\\/portal\\\/estudiantes-universitarios-acudieron-a-la-justicia-por-ser-reprobados\\\/#breadcrumb\",\"itemListElement\":[{\"@type\":\"ListItem\",\"position\":1,\"name\":\"Portada\",\"item\":\"https:\\\/\\\/webdelmaestrocmf.com\\\/portal\\\/\"},{\"@type\":\"ListItem\",\"position\":2,\"name\":\"Noticias Internacionales\",\"item\":\"https:\\\/\\\/webdelmaestrocmf.com\\\/portal\\\/category\\\/noticias-internacionales\\\/\"},{\"@type\":\"ListItem\",\"position\":3,\"name\":\"Estudiantes universitarios acudieron a la justicia por ser reprobados\"}]},{\"@type\":\"WebSite\",\"@id\":\"https:\\\/\\\/webdelmaestrocmf.com\\\/portal\\\/#website\",\"url\":\"https:\\\/\\\/webdelmaestrocmf.com\\\/portal\\\/\",\"name\":\"Web del Maestro CMF\",\"description\":\"Maestros al servicio de la educaci\u00f3n\",\"publisher\":{\"@id\":\"https:\\\/\\\/webdelmaestrocmf.com\\\/portal\\\/#organization\"},\"alternateName\":\"WMCMF\",\"potentialAction\":[{\"@type\":\"SearchAction\",\"target\":{\"@type\":\"EntryPoint\",\"urlTemplate\":\"https:\\\/\\\/webdelmaestrocmf.com\\\/portal\\\/?s={search_term_string}\"},\"query-input\":{\"@type\":\"PropertyValueSpecification\",\"valueRequired\":true,\"valueName\":\"search_term_string\"}}],\"inLanguage\":\"es\"},{\"@type\":\"Organization\",\"@id\":\"https:\\\/\\\/webdelmaestrocmf.com\\\/portal\\\/#organization\",\"name\":\"Web del Maestro CMF\",\"alternateName\":\"WMCMF\",\"url\":\"https:\\\/\\\/webdelmaestrocmf.com\\\/portal\\\/\",\"logo\":{\"@type\":\"ImageObject\",\"inLanguage\":\"es\",\"@id\":\"https:\\\/\\\/webdelmaestrocmf.com\\\/portal\\\/#\\\/schema\\\/logo\\\/image\\\/\",\"url\":\"https:\\\/\\\/webdelmaestrocmf.com\\\/portal\\\/wp-content\\\/uploads\\\/2023\\\/01\\\/logo-wmcmf-2.png\",\"contentUrl\":\"https:\\\/\\\/webdelmaestrocmf.com\\\/portal\\\/wp-content\\\/uploads\\\/2023\\\/01\\\/logo-wmcmf-2.png\",\"width\":200,\"height\":60,\"caption\":\"Web del Maestro CMF\"},\"image\":{\"@id\":\"https:\\\/\\\/webdelmaestrocmf.com\\\/portal\\\/#\\\/schema\\\/logo\\\/image\\\/\"},\"sameAs\":[\"https:\\\/\\\/www.facebook.com\\\/WebdelMaestroCMF\\\/\",\"https:\\\/\\\/x.com\\\/cmf_w\",\"https:\\\/\\\/www.pinterest.com\\\/WMCMF\\\/\",\"https:\\\/\\\/www.linkedin.com\\\/company\\\/web-del-maestro-cmf\\\/\",\"https:\\\/\\\/www.instagram.com\\\/wmcmf\\\/\",\"https:\\\/\\\/www.youtube.com\\\/channel\\\/UCDPSvjbdodE5sHnC3OxutHw\",\"https:\\\/\\\/mastodon.social\\\/@wmcmf\",\"https:\\\/\\\/www.tiktok.com\\\/@webdelmaestrocmf\"]},{\"@type\":\"Person\",\"@id\":\"https:\\\/\\\/webdelmaestrocmf.com\\\/portal\\\/#\\\/schema\\\/person\\\/1072a2ed7bd960df8ef99a551fa35dc5\",\"name\":\"Web del Maestro CMF\",\"image\":{\"@type\":\"ImageObject\",\"inLanguage\":\"es\",\"@id\":\"https:\\\/\\\/secure.gravatar.com\\\/avatar\\\/23291dd5b5ae1077dcff3dbb04c3e02bd28403fa75af6d8787d5e97c5bbbe30b?s=96&d=mm&r=g\",\"url\":\"https:\\\/\\\/secure.gravatar.com\\\/avatar\\\/23291dd5b5ae1077dcff3dbb04c3e02bd28403fa75af6d8787d5e97c5bbbe30b?s=96&d=mm&r=g\",\"contentUrl\":\"https:\\\/\\\/secure.gravatar.com\\\/avatar\\\/23291dd5b5ae1077dcff3dbb04c3e02bd28403fa75af6d8787d5e97c5bbbe30b?s=96&d=mm&r=g\",\"caption\":\"Web del Maestro CMF\"},\"description\":\"Esta Web se cre\u00f3 sin fines de lucro, con fines educativos, cient\u00edficos y acad\u00e9micos, para personas que tengan dificultades y\\\/o inconvenientes en visualizar el material original. El objetivo es entregar recursos, compartir experiencias y materiales que ayuden a los padres de familia, maestros y estudiantes en su actualizaci\u00f3n y formaci\u00f3n permanente, en bien de la Educaci\u00f3n.\",\"sameAs\":[\"http:\\\/\\\/webdelmaestrocmf.com\\\/portal\",\"https:\\\/\\\/www.facebook.com\\\/WebdelMaestroCMF\\\/\",\"https:\\\/\\\/www.instagram.com\\\/wmcmf\\\/\",\"https:\\\/\\\/cl.linkedin.com\\\/company\\\/web-del-maestro-cmf\",\"https:\\\/\\\/www.pinterest.com\\\/WMCMF\\\/publicaciones\\\/\",\"https:\\\/\\\/x.com\\\/cmf_w\",\"https:\\\/\\\/www.youtube.com\\\/@WMCMF\"]}]}<\/script>\n<!-- \/ Yoast SEO plugin. -->","yoast_head_json":{"title":"Estudiantes universitarios acudieron a la justicia por ser reprobados - 2026","description":"Cuatro estudiantes universitarios recurrieron a la justicia tras haber sido reprobados en sus respectivas casas de estudio. Sin embargo...","robots":{"index":"index","follow":"follow","max-snippet":"max-snippet:-1","max-image-preview":"max-image-preview:large","max-video-preview":"max-video-preview:-1"},"canonical":"https:\/\/webdelmaestrocmf.com\/portal\/estudiantes-universitarios-acudieron-a-la-justicia-por-ser-reprobados\/","og_locale":"es_ES","og_type":"article","og_title":"Estudiantes universitarios acudieron a la justicia por ser reprobados - 2026","og_description":"Cuatro estudiantes universitarios recurrieron a la justicia tras haber sido reprobados en sus respectivas casas de estudio. Sin embargo...","og_url":"https:\/\/webdelmaestrocmf.com\/portal\/estudiantes-universitarios-acudieron-a-la-justicia-por-ser-reprobados\/","og_site_name":"Web del Maestro CMF","article_publisher":"https:\/\/www.facebook.com\/WebdelMaestroCMF\/","article_author":"https:\/\/www.facebook.com\/WebdelMaestroCMF\/","article_published_time":"2026-01-01T22:03:46+00:00","article_modified_time":"2026-01-01T22:38:57+00:00","og_image":[{"width":1000,"height":667,"url":"https:\/\/webdelmaestrocmf.com\/portal\/wp-content\/uploads\/2026\/01\/1A-Banner-1-portada-imagen-10-1-copia.webp","type":"image\/webp"}],"author":"Web del Maestro CMF","twitter_card":"summary_large_image","twitter_creator":"@cmf_w","twitter_site":"@cmf_w","schema":{"@context":"https:\/\/schema.org","@graph":[{"@type":"ScholarlyArticle","@id":"https:\/\/webdelmaestrocmf.com\/portal\/estudiantes-universitarios-acudieron-a-la-justicia-por-ser-reprobados\/#article","isPartOf":{"@id":"https:\/\/webdelmaestrocmf.com\/portal\/estudiantes-universitarios-acudieron-a-la-justicia-por-ser-reprobados\/"},"author":{"name":"Web del Maestro CMF","@id":"https:\/\/webdelmaestrocmf.com\/portal\/#\/schema\/person\/1072a2ed7bd960df8ef99a551fa35dc5"},"headline":"Estudiantes universitarios acudieron a la justicia por ser reprobados","datePublished":"2026-01-01T22:03:46+00:00","dateModified":"2026-01-01T22:38:57+00:00","mainEntityOfPage":{"@id":"https:\/\/webdelmaestrocmf.com\/portal\/estudiantes-universitarios-acudieron-a-la-justicia-por-ser-reprobados\/"},"wordCount":557,"commentCount":0,"publisher":{"@id":"https:\/\/webdelmaestrocmf.com\/portal\/#organization"},"image":{"@id":"https:\/\/webdelmaestrocmf.com\/portal\/estudiantes-universitarios-acudieron-a-la-justicia-por-ser-reprobados\/#primaryimage"},"thumbnailUrl":"https:\/\/webdelmaestrocmf.com\/portal\/wp-content\/uploads\/2026\/01\/1A-Banner-1-portada-imagen-10-1-copia.webp","keywords":["derecho educativo","DOCENCIA","Educaci\u00f3n superior","estudiantes universitarios","evaluaci\u00f3n acad\u00e9mica","justicia","normativa acad\u00e9mica","reprobaci\u00f3n","tribunales","UNIVERSIDADES"],"articleSection":["Noticias Internacionales"],"inLanguage":"es","potentialAction":[{"@type":"CommentAction","name":"Comment","target":["https:\/\/webdelmaestrocmf.com\/portal\/estudiantes-universitarios-acudieron-a-la-justicia-por-ser-reprobados\/#respond"]}]},{"@type":"WebPage","@id":"https:\/\/webdelmaestrocmf.com\/portal\/estudiantes-universitarios-acudieron-a-la-justicia-por-ser-reprobados\/","url":"https:\/\/webdelmaestrocmf.com\/portal\/estudiantes-universitarios-acudieron-a-la-justicia-por-ser-reprobados\/","name":"Estudiantes universitarios acudieron a la justicia por ser reprobados - 2026","isPartOf":{"@id":"https:\/\/webdelmaestrocmf.com\/portal\/#website"},"primaryImageOfPage":{"@id":"https:\/\/webdelmaestrocmf.com\/portal\/estudiantes-universitarios-acudieron-a-la-justicia-por-ser-reprobados\/#primaryimage"},"image":{"@id":"https:\/\/webdelmaestrocmf.com\/portal\/estudiantes-universitarios-acudieron-a-la-justicia-por-ser-reprobados\/#primaryimage"},"thumbnailUrl":"https:\/\/webdelmaestrocmf.com\/portal\/wp-content\/uploads\/2026\/01\/1A-Banner-1-portada-imagen-10-1-copia.webp","datePublished":"2026-01-01T22:03:46+00:00","dateModified":"2026-01-01T22:38:57+00:00","description":"Cuatro estudiantes universitarios recurrieron a la justicia tras haber sido reprobados en sus respectivas casas de estudio. Sin embargo...","breadcrumb":{"@id":"https:\/\/webdelmaestrocmf.com\/portal\/estudiantes-universitarios-acudieron-a-la-justicia-por-ser-reprobados\/#breadcrumb"},"inLanguage":"es","potentialAction":[{"@type":"ReadAction","target":["https:\/\/webdelmaestrocmf.com\/portal\/estudiantes-universitarios-acudieron-a-la-justicia-por-ser-reprobados\/"]}]},{"@type":"ImageObject","inLanguage":"es","@id":"https:\/\/webdelmaestrocmf.com\/portal\/estudiantes-universitarios-acudieron-a-la-justicia-por-ser-reprobados\/#primaryimage","url":"https:\/\/webdelmaestrocmf.com\/portal\/wp-content\/uploads\/2026\/01\/1A-Banner-1-portada-imagen-10-1-copia.webp","contentUrl":"https:\/\/webdelmaestrocmf.com\/portal\/wp-content\/uploads\/2026\/01\/1A-Banner-1-portada-imagen-10-1-copia.webp","width":1000,"height":667},{"@type":"BreadcrumbList","@id":"https:\/\/webdelmaestrocmf.com\/portal\/estudiantes-universitarios-acudieron-a-la-justicia-por-ser-reprobados\/#breadcrumb","itemListElement":[{"@type":"ListItem","position":1,"name":"Portada","item":"https:\/\/webdelmaestrocmf.com\/portal\/"},{"@type":"ListItem","position":2,"name":"Noticias Internacionales","item":"https:\/\/webdelmaestrocmf.com\/portal\/category\/noticias-internacionales\/"},{"@type":"ListItem","position":3,"name":"Estudiantes universitarios acudieron a la justicia por ser reprobados"}]},{"@type":"WebSite","@id":"https:\/\/webdelmaestrocmf.com\/portal\/#website","url":"https:\/\/webdelmaestrocmf.com\/portal\/","name":"Web del Maestro CMF","description":"Maestros al servicio de la educaci\u00f3n","publisher":{"@id":"https:\/\/webdelmaestrocmf.com\/portal\/#organization"},"alternateName":"WMCMF","potentialAction":[{"@type":"SearchAction","target":{"@type":"EntryPoint","urlTemplate":"https:\/\/webdelmaestrocmf.com\/portal\/?s={search_term_string}"},"query-input":{"@type":"PropertyValueSpecification","valueRequired":true,"valueName":"search_term_string"}}],"inLanguage":"es"},{"@type":"Organization","@id":"https:\/\/webdelmaestrocmf.com\/portal\/#organization","name":"Web del Maestro CMF","alternateName":"WMCMF","url":"https:\/\/webdelmaestrocmf.com\/portal\/","logo":{"@type":"ImageObject","inLanguage":"es","@id":"https:\/\/webdelmaestrocmf.com\/portal\/#\/schema\/logo\/image\/","url":"https:\/\/webdelmaestrocmf.com\/portal\/wp-content\/uploads\/2023\/01\/logo-wmcmf-2.png","contentUrl":"https:\/\/webdelmaestrocmf.com\/portal\/wp-content\/uploads\/2023\/01\/logo-wmcmf-2.png","width":200,"height":60,"caption":"Web del Maestro CMF"},"image":{"@id":"https:\/\/webdelmaestrocmf.com\/portal\/#\/schema\/logo\/image\/"},"sameAs":["https:\/\/www.facebook.com\/WebdelMaestroCMF\/","https:\/\/x.com\/cmf_w","https:\/\/www.pinterest.com\/WMCMF\/","https:\/\/www.linkedin.com\/company\/web-del-maestro-cmf\/","https:\/\/www.instagram.com\/wmcmf\/","https:\/\/www.youtube.com\/channel\/UCDPSvjbdodE5sHnC3OxutHw","https:\/\/mastodon.social\/@wmcmf","https:\/\/www.tiktok.com\/@webdelmaestrocmf"]},{"@type":"Person","@id":"https:\/\/webdelmaestrocmf.com\/portal\/#\/schema\/person\/1072a2ed7bd960df8ef99a551fa35dc5","name":"Web del Maestro CMF","image":{"@type":"ImageObject","inLanguage":"es","@id":"https:\/\/secure.gravatar.com\/avatar\/23291dd5b5ae1077dcff3dbb04c3e02bd28403fa75af6d8787d5e97c5bbbe30b?s=96&d=mm&r=g","url":"https:\/\/secure.gravatar.com\/avatar\/23291dd5b5ae1077dcff3dbb04c3e02bd28403fa75af6d8787d5e97c5bbbe30b?s=96&d=mm&r=g","contentUrl":"https:\/\/secure.gravatar.com\/avatar\/23291dd5b5ae1077dcff3dbb04c3e02bd28403fa75af6d8787d5e97c5bbbe30b?s=96&d=mm&r=g","caption":"Web del Maestro CMF"},"description":"Esta Web se cre\u00f3 sin fines de lucro, con fines educativos, cient\u00edficos y acad\u00e9micos, para personas que tengan dificultades y\/o inconvenientes en visualizar el material original. El objetivo es entregar recursos, compartir experiencias y materiales que ayuden a los padres de familia, maestros y estudiantes en su actualizaci\u00f3n y formaci\u00f3n permanente, en bien de la Educaci\u00f3n.","sameAs":["http:\/\/webdelmaestrocmf.com\/portal","https:\/\/www.facebook.com\/WebdelMaestroCMF\/","https:\/\/www.instagram.com\/wmcmf\/","https:\/\/cl.linkedin.com\/company\/web-del-maestro-cmf","https:\/\/www.pinterest.com\/WMCMF\/publicaciones\/","https:\/\/x.com\/cmf_w","https:\/\/www.youtube.com\/@WMCMF"]}]}},"jetpack_sharing_enabled":true,"jetpack-related-posts":[{"id":118986,"url":"https:\/\/webdelmaestrocmf.com\/portal\/suprema-corte-de-justicia-de-la-nacion-prohibe-reprobar-a-alumnos-de-educacion-basica-en-escuelas-publicas-y-privadas\/","url_meta":{"origin":114413,"position":0},"title":"Suprema Corte de Justicia de la Naci\u00f3n proh\u00edbe reprobar a alumnos de educaci\u00f3n b\u00e1sica en escuelas p\u00fablicas y privadas","author":"Web del Maestro CMF","date":"10 mayo, 2026","format":false,"excerpt":"La Suprema Corte aval\u00f3 flexibilizar la reprobaci\u00f3n escolar en educaci\u00f3n b\u00e1sica, generando debate entre inclusi\u00f3n educativa, derecho a la educaci\u00f3n y posibles efectos sobre la exigencia acad\u00e9mica y la cultura del esfuerzo.","rel":"","context":"En \u00abNoticias Internacionales\u00bb","block_context":{"text":"Noticias Internacionales","link":"https:\/\/webdelmaestrocmf.com\/portal\/category\/noticias-internacionales\/"},"img":{"alt_text":"","src":"https:\/\/i0.wp.com\/webdelmaestrocmf.com\/portal\/wp-content\/uploads\/2026\/05\/1AA-Banner-1-portada-imagen-10-1-copia-2-6.webp?resize=350%2C200&ssl=1","width":350,"height":200,"srcset":"https:\/\/i0.wp.com\/webdelmaestrocmf.com\/portal\/wp-content\/uploads\/2026\/05\/1AA-Banner-1-portada-imagen-10-1-copia-2-6.webp?resize=350%2C200&ssl=1 1x, https:\/\/i0.wp.com\/webdelmaestrocmf.com\/portal\/wp-content\/uploads\/2026\/05\/1AA-Banner-1-portada-imagen-10-1-copia-2-6.webp?resize=525%2C300&ssl=1 1.5x, https:\/\/i0.wp.com\/webdelmaestrocmf.com\/portal\/wp-content\/uploads\/2026\/05\/1AA-Banner-1-portada-imagen-10-1-copia-2-6.webp?resize=700%2C400&ssl=1 2x, https:\/\/i0.wp.com\/webdelmaestrocmf.com\/portal\/wp-content\/uploads\/2026\/05\/1AA-Banner-1-portada-imagen-10-1-copia-2-6.webp?resize=1050%2C600&ssl=1 3x"},"classes":[]},{"id":121036,"url":"https:\/\/webdelmaestrocmf.com\/portal\/alumnos-le-hacen-una-broma-pesada-y-le-faltan-el-respeto-a-su-maestra-ella-se-hizo-respetar-reprobando-a-todos\/","url_meta":{"origin":114413,"position":1},"title":"Alumnos le hacen una broma pesada y le faltan el respeto a su maestra; ella se hizo respetar reprobando a todos","author":"Web del Maestro CMF","date":"20 julio, 2026","format":false,"excerpt":"Una broma viral en TikTok termin\u00f3 con todo un grupo reprobado, desatando un intenso debate sobre el respeto a los docentes y los l\u00edmites del comportamiento estudiantil.","rel":"","context":"En \u00abNoticias Internacionales\u00bb","block_context":{"text":"Noticias Internacionales","link":"https:\/\/webdelmaestrocmf.com\/portal\/category\/noticias-internacionales\/"},"img":{"alt_text":"","src":"https:\/\/i0.wp.com\/webdelmaestrocmf.com\/portal\/wp-content\/uploads\/2026\/07\/1AA-Banner-1-portada-imagen-10-1-copia-13-1.webp?resize=350%2C200&ssl=1","width":350,"height":200,"srcset":"https:\/\/i0.wp.com\/webdelmaestrocmf.com\/portal\/wp-content\/uploads\/2026\/07\/1AA-Banner-1-portada-imagen-10-1-copia-13-1.webp?resize=350%2C200&ssl=1 1x, https:\/\/i0.wp.com\/webdelmaestrocmf.com\/portal\/wp-content\/uploads\/2026\/07\/1AA-Banner-1-portada-imagen-10-1-copia-13-1.webp?resize=525%2C300&ssl=1 1.5x, https:\/\/i0.wp.com\/webdelmaestrocmf.com\/portal\/wp-content\/uploads\/2026\/07\/1AA-Banner-1-portada-imagen-10-1-copia-13-1.webp?resize=700%2C400&ssl=1 2x, https:\/\/i0.wp.com\/webdelmaestrocmf.com\/portal\/wp-content\/uploads\/2026\/07\/1AA-Banner-1-portada-imagen-10-1-copia-13-1.webp?resize=1050%2C600&ssl=1 3x"},"classes":[]},{"id":120236,"url":"https:\/\/webdelmaestrocmf.com\/portal\/insolito-padres-solicitan-que-el-desgaste-o-sufrimiento-emocional-de-sus-hijos-tambien-sea-considerado-en-la-calificacion\/","url_meta":{"origin":114413,"position":2},"title":"Ins\u00f3lito: Padres solicitan que el desgaste o sufrimiento emocional de sus hijos tambi\u00e9n sea considerado en la calificaci\u00f3n","author":"Web del Maestro CMF","date":"18 junio, 2026","format":false,"excerpt":"Un grupo de padres solicit\u00f3 aprobar a estudiantes reprobados argumentando que el impacto emocional del semestre tambi\u00e9n debe considerarse. El caso reaviv\u00f3 el debate sobre evaluaci\u00f3n, responsabilidad y autoridad docente.","rel":"","context":"En \u00abNoticias Internacionales\u00bb","block_context":{"text":"Noticias Internacionales","link":"https:\/\/webdelmaestrocmf.com\/portal\/category\/noticias-internacionales\/"},"img":{"alt_text":"","src":"https:\/\/i0.wp.com\/webdelmaestrocmf.com\/portal\/wp-content\/uploads\/2026\/06\/1AA-Banner-1-portada-imagen-10-1-copia-1-4.webp?resize=350%2C200&ssl=1","width":350,"height":200,"srcset":"https:\/\/i0.wp.com\/webdelmaestrocmf.com\/portal\/wp-content\/uploads\/2026\/06\/1AA-Banner-1-portada-imagen-10-1-copia-1-4.webp?resize=350%2C200&ssl=1 1x, https:\/\/i0.wp.com\/webdelmaestrocmf.com\/portal\/wp-content\/uploads\/2026\/06\/1AA-Banner-1-portada-imagen-10-1-copia-1-4.webp?resize=525%2C300&ssl=1 1.5x, https:\/\/i0.wp.com\/webdelmaestrocmf.com\/portal\/wp-content\/uploads\/2026\/06\/1AA-Banner-1-portada-imagen-10-1-copia-1-4.webp?resize=700%2C400&ssl=1 2x, https:\/\/i0.wp.com\/webdelmaestrocmf.com\/portal\/wp-content\/uploads\/2026\/06\/1AA-Banner-1-portada-imagen-10-1-copia-1-4.webp?resize=1050%2C600&ssl=1 3x"},"classes":[]},{"id":113598,"url":"https:\/\/webdelmaestrocmf.com\/portal\/un-profesor-agredido-a-patadas-por-un-alumno-aun-tengo-miedo-de-que-me-vuelvan-a-pegar\/","url_meta":{"origin":114413,"position":3},"title":"Un profesor agredido a patadas por un alumno: \u201cA\u00fan tengo miedo de que me vuelvan a pegar\u201d","author":"Web del Maestro CMF","date":"23 noviembre, 2025","format":false,"excerpt":"Tribunal condenan a 2 a\u00f1os de c\u00e1rcel a estudiante que pate\u00f3 en el rostro a su profesor tras informarle que repetir\u00eda el curso.","rel":"","context":"En \u00abNoticias Internacionales\u00bb","block_context":{"text":"Noticias Internacionales","link":"https:\/\/webdelmaestrocmf.com\/portal\/category\/noticias-internacionales\/"},"img":{"alt_text":"","src":"https:\/\/i0.wp.com\/webdelmaestrocmf.com\/portal\/wp-content\/uploads\/2025\/11\/1A-Banner-1-portada-imagen-10-1-copia-2-3.webp?resize=350%2C200&ssl=1","width":350,"height":200,"srcset":"https:\/\/i0.wp.com\/webdelmaestrocmf.com\/portal\/wp-content\/uploads\/2025\/11\/1A-Banner-1-portada-imagen-10-1-copia-2-3.webp?resize=350%2C200&ssl=1 1x, https:\/\/i0.wp.com\/webdelmaestrocmf.com\/portal\/wp-content\/uploads\/2025\/11\/1A-Banner-1-portada-imagen-10-1-copia-2-3.webp?resize=525%2C300&ssl=1 1.5x, https:\/\/i0.wp.com\/webdelmaestrocmf.com\/portal\/wp-content\/uploads\/2025\/11\/1A-Banner-1-portada-imagen-10-1-copia-2-3.webp?resize=700%2C400&ssl=1 2x"},"classes":[]},{"id":120148,"url":"https:\/\/webdelmaestrocmf.com\/portal\/polemica-en-la-universidad-nacional-de-ingenieria-estudiante-cuestiona-la-vestimenta-de-su-docente-y-genera-debate-sobre-el-respeto-y-la-libertad-personal\/","url_meta":{"origin":114413,"position":4},"title":"Pol\u00e9mica en la Universidad Nacional de Ingenier\u00eda: estudiante cuestiona la vestimenta de su docente y genera debate sobre el respeto y la libertad personal","author":"Web del Maestro CMF","date":"16 junio, 2026","format":false,"excerpt":"Un estudiante de la UNI cuestion\u00f3 p\u00fablicamente la vestimenta de su docente durante una clase. El hecho se viraliz\u00f3 y abri\u00f3 un intenso debate sobre respeto, profesionalismo, libertad personal y convivencia universitaria.","rel":"","context":"En \u00abNoticias Internacionales\u00bb","block_context":{"text":"Noticias Internacionales","link":"https:\/\/webdelmaestrocmf.com\/portal\/category\/noticias-internacionales\/"},"img":{"alt_text":"","src":"https:\/\/i0.wp.com\/webdelmaestrocmf.com\/portal\/wp-content\/uploads\/2026\/06\/1AA-Banner-1-portada-imagen-10-1-copia-3-2.webp?resize=350%2C200&ssl=1","width":350,"height":200,"srcset":"https:\/\/i0.wp.com\/webdelmaestrocmf.com\/portal\/wp-content\/uploads\/2026\/06\/1AA-Banner-1-portada-imagen-10-1-copia-3-2.webp?resize=350%2C200&ssl=1 1x, https:\/\/i0.wp.com\/webdelmaestrocmf.com\/portal\/wp-content\/uploads\/2026\/06\/1AA-Banner-1-portada-imagen-10-1-copia-3-2.webp?resize=525%2C300&ssl=1 1.5x, https:\/\/i0.wp.com\/webdelmaestrocmf.com\/portal\/wp-content\/uploads\/2026\/06\/1AA-Banner-1-portada-imagen-10-1-copia-3-2.webp?resize=700%2C400&ssl=1 2x, https:\/\/i0.wp.com\/webdelmaestrocmf.com\/portal\/wp-content\/uploads\/2026\/06\/1AA-Banner-1-portada-imagen-10-1-copia-3-2.webp?resize=1050%2C600&ssl=1 3x"},"classes":[]},{"id":109253,"url":"https:\/\/webdelmaestrocmf.com\/portal\/universidad-por-que-los-estudiantes-estan-llegando-menos-preparados\/","url_meta":{"origin":114413,"position":5},"title":"Universidad: \u00bfPor qu\u00e9 los estudiantes est\u00e1n llegando menos preparados?","author":"Web del Maestro CMF","date":"8 junio, 2025","format":false,"excerpt":"Cada vez es m\u00e1s frecuente que los estudiantes lleguen a la universidad con importantes dificultades en dos competencias clave: leer y escribir. Esta situaci\u00f3n est\u00e1 obligando a muchas instituciones de educaci\u00f3n superior a implementar talleres y programas de nivelaci\u00f3n, como ocurre en la carrera de Letras Hisp\u00e1nicas de la Universidad\u2026","rel":"","context":"En \u00abEstudiantes\u00bb","block_context":{"text":"Estudiantes","link":"https:\/\/webdelmaestrocmf.com\/portal\/category\/pedagogia\/estudiantes\/"},"img":{"alt_text":"","src":"https:\/\/i0.wp.com\/webdelmaestrocmf.com\/portal\/wp-content\/uploads\/2025\/06\/1A-Banner-1-portada-imagen-10-1-1-2.jpg?resize=350%2C200&ssl=1","width":350,"height":200,"srcset":"https:\/\/i0.wp.com\/webdelmaestrocmf.com\/portal\/wp-content\/uploads\/2025\/06\/1A-Banner-1-portada-imagen-10-1-1-2.jpg?resize=350%2C200&ssl=1 1x, https:\/\/i0.wp.com\/webdelmaestrocmf.com\/portal\/wp-content\/uploads\/2025\/06\/1A-Banner-1-portada-imagen-10-1-1-2.jpg?resize=525%2C300&ssl=1 1.5x, https:\/\/i0.wp.com\/webdelmaestrocmf.com\/portal\/wp-content\/uploads\/2025\/06\/1A-Banner-1-portada-imagen-10-1-1-2.jpg?resize=700%2C400&ssl=1 2x"},"classes":[]}],"jetpack_featured_media_url":"https:\/\/webdelmaestrocmf.com\/portal\/wp-content\/uploads\/2026\/01\/1A-Banner-1-portada-imagen-10-1-copia.webp","_links":{"self":[{"href":"https:\/\/webdelmaestrocmf.com\/portal\/wp-json\/wp\/v2\/posts\/114413","targetHints":{"allow":["GET"]}}],"collection":[{"href":"https:\/\/webdelmaestrocmf.com\/portal\/wp-json\/wp\/v2\/posts"}],"about":[{"href":"https:\/\/webdelmaestrocmf.com\/portal\/wp-json\/wp\/v2\/types\/post"}],"author":[{"embeddable":true,"href":"https:\/\/webdelmaestrocmf.com\/portal\/wp-json\/wp\/v2\/users\/1"}],"replies":[{"embeddable":true,"href":"https:\/\/webdelmaestrocmf.com\/portal\/wp-json\/wp\/v2\/comments?post=114413"}],"version-history":[{"count":1,"href":"https:\/\/webdelmaestrocmf.com\/portal\/wp-json\/wp\/v2\/posts\/114413\/revisions"}],"predecessor-version":[{"id":114415,"href":"https:\/\/webdelmaestrocmf.com\/portal\/wp-json\/wp\/v2\/posts\/114413\/revisions\/114415"}],"wp:featuredmedia":[{"embeddable":true,"href":"https:\/\/webdelmaestrocmf.com\/portal\/wp-json\/wp\/v2\/media\/114416"}],"wp:attachment":[{"href":"https:\/\/webdelmaestrocmf.com\/portal\/wp-json\/wp\/v2\/media?parent=114413"}],"wp:term":[{"taxonomy":"category","embeddable":true,"href":"https:\/\/webdelmaestrocmf.com\/portal\/wp-json\/wp\/v2\/categories?post=114413"},{"taxonomy":"post_tag","embeddable":true,"href":"https:\/\/webdelmaestrocmf.com\/portal\/wp-json\/wp\/v2\/tags?post=114413"}],"curies":[{"name":"wp","href":"https:\/\/api.w.org\/{rel}","templated":true}]}}