{"id":114364,"date":"2025-12-29T20:06:13","date_gmt":"2025-12-29T23:06:13","guid":{"rendered":"https:\/\/webdelmaestrocmf.com\/portal\/?p=114364"},"modified":"2025-12-29T20:33:52","modified_gmt":"2025-12-29T23:33:52","slug":"erika-di-martino-madre-de-5-hijos-ninguno-de-ellos-ha-ido-nunca-a-la-escuela-porque-es-un-sistema-anacronico-que-no-tiene-en-cuenta-la-vida-real","status":"publish","type":"post","link":"https:\/\/webdelmaestrocmf.com\/portal\/erika-di-martino-madre-de-5-hijos-ninguno-de-ellos-ha-ido-nunca-a-la-escuela-porque-es-un-sistema-anacronico-que-no-tiene-en-cuenta-la-vida-real\/","title":{"rendered":"Erika di Martino, madre de 5 hijos: \u201cNinguno de ellos ha ido nunca a la escuela porque es un sistema anacr\u00f3nico que no tiene en cuenta la vida real\u201d"},"content":{"rendered":"\n<p class=\"wp-block-paragraph\">La afirmaci\u00f3n de Erika Di Martino \u2014\u201cNinguno de mis hijos ha ido nunca a la escuela porque es un sistema anacr\u00f3nico que no tiene en cuenta la vida real\u201d\u2014 ha generado debate y reflexi\u00f3n en el \u00e1mbito educativo. La frase, recogida en una nota period\u00edstica realizada por Christian Jim\u00e9nez para <strong>La Vanguardia<\/strong>, no surge como una provocaci\u00f3n aislada, sino como la s\u00edntesis de una experiencia educativa sostenida en el tiempo y de una cr\u00edtica profunda al modelo escolar tradicional.<\/p>\n\n\n\n<p class=\"wp-block-paragraph\">Erika Di Martino es madre de cinco hijos, educadora y fundadora de la organizaci\u00f3n sin \u00e1nimo de lucro Libera Schola, con sede en Mil\u00e1n. Su decisi\u00f3n de no escolarizar a sus hijos no parte \u2014seg\u00fan explica\u2014 de un rechazo frontal a la escuela como instituci\u00f3n, sino de una intuici\u00f3n pedag\u00f3gica: la convicci\u00f3n de que la infancia no deber\u00eda ajustarse prematuramente a un sistema r\u00edgido, estandarizado y poco conectado con la experiencia cotidiana de los ni\u00f1os.<\/p>\n\n\n\n<p class=\"wp-block-paragraph\">En el centro de su cr\u00edtica aparece una idea clave: la escuela, tal como funciona hoy, responde m\u00e1s a demandas externas \u2014curr\u00edculos cerrados, evaluaciones homog\u00e9neas, tiempos administrativos\u2014 que a las necesidades reales del desarrollo infantil. Para Di Martino, el aprendizaje deber\u00eda organizarse en torno a habilidades, contextos reales y problemas de la vida diaria, y no \u00fanicamente alrededor de contenidos abstractos descontextualizados. Desde esta perspectiva, el aula tradicional corre el riesgo de convertirse en un espacio donde se entrena la adaptaci\u00f3n al sistema antes que la comprensi\u00f3n del mundo.<\/p>\n\n\n\n<p class=\"wp-block-paragraph\">La educaci\u00f3n en casa, o <em>homeschooling<\/em>, se presenta as\u00ed como una alternativa que permite personalizar los procesos de aprendizaje, respetar los ritmos individuales y vincular el conocimiento con la experiencia vital. En el modelo que defiende Di Martino, la educaci\u00f3n no se concibe como una obligaci\u00f3n impuesta, sino como una elecci\u00f3n que se renueva con el tiempo, combinando libertad y responsabilidad. Sus hijos, afirma, siempre tuvieron la posibilidad de optar por la escolarizaci\u00f3n tradicional, pero nunca lo solicitaron.<\/p>\n\n\n\n<p class=\"wp-block-paragraph\">Los resultados de esta elecci\u00f3n son uno de los elementos que refuerzan su postura. El mayor de sus hijos, que nunca asisti\u00f3 a un aula convencional, cursa actualmente el tercer a\u00f1o de ingenier\u00eda matem\u00e1tica en la Universidad Polit\u00e9cnica de Mil\u00e1n, mientras que los dem\u00e1s ya se han incorporado al mundo laboral. Para Di Martino, estos trayectos demuestran que es posible desarrollarse acad\u00e9mica y profesionalmente fuera del sistema escolar cl\u00e1sico.<\/p>\n\n\n\n<p class=\"wp-block-paragraph\">No obstante, la nota de <em>La Vanguardia<\/em> tambi\u00e9n recoge las tensiones que rodean al <em>homeschooling<\/em>. En Espa\u00f1a, esta pr\u00e1ctica sigue siendo minoritaria y se mueve en un terreno legal ambiguo: la educaci\u00f3n es obligatoria entre los 6 y los 16 a\u00f1os, pero la ley no especifica de forma expl\u00edcita que deba realizarse en un centro escolar. Esta laguna legal permite ciertas experiencias alternativas, aunque expone a las familias a posibles conflictos con las autoridades.<\/p>\n\n\n\n<p class=\"wp-block-paragraph\">Adem\u00e1s, voces expertas advierten sobre los l\u00edmites de este modelo. Psic\u00f3logos y especialistas en desarrollo infantil subrayan que la educaci\u00f3n no se reduce a la adquisici\u00f3n de conocimientos, sino que implica socializaci\u00f3n, convivencia con la diversidad y aprendizaje de normas compartidas. Desde esta mirada cr\u00edtica, la escuela sigue siendo un espacio insustituible de encuentro social y construcci\u00f3n colectiva.<\/p>\n\n\n\n<p class=\"wp-block-paragraph\">En este contexto, las palabras de Erika Di Martino no pretenden clausurar el debate, sino abrirlo. Su cuestionamiento interpela a un sistema educativo que, para muchos, parece cada vez m\u00e1s distante de la vida real que dice preparar. M\u00e1s all\u00e1 de estar o no de acuerdo con su elecci\u00f3n, su testimonio obliga a una reflexi\u00f3n de fondo: si la escuela sigue respondiendo a las necesidades de los ni\u00f1os o si, por el contrario, es el sistema el que necesita ser repensado para volver a dialogar con la realidad.<\/p>\n\n\n\n<p class=\"has-text-align-right wp-block-paragraph\"><strong><a href=\"https:\/\/www.lavanguardia.com\/cribeo\/viral\/20251229\/11399473\/erika-di-martino-madre-5-hijos-ninguno-ido-nunca-escuela-sistema-anacronico-cuenta-vida-real-mmn.html\" target=\"_blank\" rel=\"noreferrer noopener\">Redacci\u00f3n | Web del Maestro CMF | Fuente: La Vanguardia<\/a><\/strong><\/p>\n\n\n\t\t<div class=\"pk-inline-posts\">\n\t\t\t\n\t\t\t<div class=\"pk-inline-posts-container pk-inline-posts-template-list\"\n\t\t\t\tdata-columns=\"1\">\n\t\t\t\t\t\t<article id=\"post-121133\" class=\"post-121133 post type-post status-publish format-standard has-post-thumbnail category-entrevistas category-noticias tag-aprendizaje tag-chatgpt-2 tag-docentes tag-educacion-superior tag-innovacion-educativa-2 tag-inteligencia-artificial tag-pensamiento-critico-2 tag-tecnologia-educativa-2 tag-universidad cs-entry cs-video-wrap\">\n\t\t\t<div class=\"pk-post-outer\">\n\n\t\t\t\t\t\t\t\t<div class=\"pk-post-inner\">\n\t\t\t\t\t<div class=\"entry-thumbnail\">\n\t\t\t\t\t\t<div class=\"pk-overlay pk-overlay-ratio pk-ratio-landscape\">\n\t\t\t\t\t\t\t<div class=\"pk-overlay-background\">\n\t\t\t\t\t\t\t\t<a href=\"https:\/\/webdelmaestrocmf.com\/portal\/ronald-purser-la-ia-esta-destruyendo-la-universidad-y-el-aprendizaje-mismo\/\" class=\"pk-overlay-link\">\n\t\t\t\t\t\t\t\t\t<img loading=\"lazy\" decoding=\"async\" width=\"300\" height=\"225\" src=\"https:\/\/webdelmaestrocmf.com\/portal\/wp-content\/uploads\/2026\/09\/1AA-Banner-1-portada-imagen-10-1-copia-18-300x225.webp\" class=\"attachment-pk-thumbnail size-pk-thumbnail wp-post-image\" alt=\"\" \/>\t\t\t\t\t\t\t\t<\/a>\n\t\t\t\t\t\t\t<\/div>\n\t\t\t\t\t\t<\/div>\n\t\t\t\t\t<\/div>\n\t\t\t\t<\/div>\n\t\t\t\t\n\t\t\t\t<div class=\"pk-post-inner\">\n\t\t\t\t\t<header>\n\t\t\t\t\t\t<h3 class=\"pk-title\"><a href=\"https:\/\/webdelmaestrocmf.com\/portal\/ronald-purser-la-ia-esta-destruyendo-la-universidad-y-el-aprendizaje-mismo\/\" rel=\"bookmark\">Ronald Purser: \u00abLa IA est\u00e1 destruyendo la universidad y el aprendizaje mismo. \u00bb<\/a><\/h3>\t\t\t\t\t<\/header><!-- .entry-header -->\n\t\t\t\t<\/div><!-- .post-inner -->\n\n\t\t\t<\/div><!-- .post-outer -->\n\t\t<\/article>\n\t\t\t<article id=\"post-120765\" class=\"post-120765 post type-post status-publish format-standard has-post-thumbnail category-entrevistas category-noticias tag-aprendizaje-permanente tag-competencias tag-docentes tag-educacion-2 tag-empleabilidad tag-formacion-profesional tag-futuro-del-trabajo tag-innovacion-educativa-2 tag-inteligencia-artificial tag-productividad tag-renzo-corona cs-entry cs-video-wrap\">\n\t\t\t<div class=\"pk-post-outer\">\n\n\t\t\t\t\t\t\t\t<div class=\"pk-post-inner\">\n\t\t\t\t\t<div class=\"entry-thumbnail\">\n\t\t\t\t\t\t<div class=\"pk-overlay pk-overlay-ratio pk-ratio-landscape\">\n\t\t\t\t\t\t\t<div class=\"pk-overlay-background\">\n\t\t\t\t\t\t\t\t<a href=\"https:\/\/webdelmaestrocmf.com\/portal\/renzo-corona-no-hay-buen-empleo-sin-buena-educacion-ni-productividad-real-sin-personas-preparadas-para-reinventarse\/\" class=\"pk-overlay-link\">\n\t\t\t\t\t\t\t\t\t<img loading=\"lazy\" decoding=\"async\" width=\"300\" height=\"225\" src=\"https:\/\/webdelmaestrocmf.com\/portal\/wp-content\/uploads\/2026\/07\/1AA-Banner-1-portada-imagen-10-1-copia-17-300x225.webp\" class=\"attachment-pk-thumbnail size-pk-thumbnail wp-post-image\" alt=\"\" \/>\t\t\t\t\t\t\t\t<\/a>\n\t\t\t\t\t\t\t<\/div>\n\t\t\t\t\t\t<\/div>\n\t\t\t\t\t<\/div>\n\t\t\t\t<\/div>\n\t\t\t\t\n\t\t\t\t<div class=\"pk-post-inner\">\n\t\t\t\t\t<header>\n\t\t\t\t\t\t<h3 class=\"pk-title\"><a href=\"https:\/\/webdelmaestrocmf.com\/portal\/renzo-corona-no-hay-buen-empleo-sin-buena-educacion-ni-productividad-real-sin-personas-preparadas-para-reinventarse\/\" rel=\"bookmark\">Renzo Corona: \u201cNo hay buen empleo sin buena educaci\u00f3n, ni productividad real sin personas preparadas para reinventarse\u201d<\/a><\/h3>\t\t\t\t\t<\/header><!-- .entry-header -->\n\t\t\t\t<\/div><!-- .post-inner -->\n\n\t\t\t<\/div><!-- .post-outer -->\n\t\t<\/article>\n\t\t\t<article id=\"post-120232\" class=\"post-120232 post type-post status-publish format-standard has-post-thumbnail category-entrevistas category-noticias tag-autonomia-3 tag-crianza tag-desarrollo-infantil tag-educacion-familiar tag-esfuerzo tag-fernando-alberca tag-fuerza-de-voluntad tag-habitos-2 tag-perseverancia tag-sobreproteccion-2 cs-entry cs-video-wrap\">\n\t\t\t<div class=\"pk-post-outer\">\n\n\t\t\t\t\t\t\t\t<div class=\"pk-post-inner\">\n\t\t\t\t\t<div class=\"entry-thumbnail\">\n\t\t\t\t\t\t<div class=\"pk-overlay pk-overlay-ratio pk-ratio-landscape\">\n\t\t\t\t\t\t\t<div class=\"pk-overlay-background\">\n\t\t\t\t\t\t\t\t<a href=\"https:\/\/webdelmaestrocmf.com\/portal\/fernando-alberca-hemos-alimentado-a-los-hijos-con-la-idea-de-que-si-la-vida-es-comoda-es-feliz-y-esto-es-mentira\/\" class=\"pk-overlay-link\">\n\t\t\t\t\t\t\t\t\t<img loading=\"lazy\" decoding=\"async\" width=\"300\" height=\"225\" src=\"https:\/\/webdelmaestrocmf.com\/portal\/wp-content\/uploads\/2026\/06\/1AA-Banner-1-portada-imagen-10-1-copia-25-300x225.webp\" class=\"attachment-pk-thumbnail size-pk-thumbnail wp-post-image\" alt=\"\" \/>\t\t\t\t\t\t\t\t<\/a>\n\t\t\t\t\t\t\t<\/div>\n\t\t\t\t\t\t<\/div>\n\t\t\t\t\t<\/div>\n\t\t\t\t<\/div>\n\t\t\t\t\n\t\t\t\t<div class=\"pk-post-inner\">\n\t\t\t\t\t<header>\n\t\t\t\t\t\t<h3 class=\"pk-title\"><a href=\"https:\/\/webdelmaestrocmf.com\/portal\/fernando-alberca-hemos-alimentado-a-los-hijos-con-la-idea-de-que-si-la-vida-es-comoda-es-feliz-y-esto-es-mentira\/\" rel=\"bookmark\">Fernando Alberca: \u201cHemos alimentado a los hijos con la idea de que si la vida es c\u00f3moda es feliz. Y esto es mentira\u201d<\/a><\/h3>\t\t\t\t\t<\/header><!-- .entry-header -->\n\t\t\t\t<\/div><!-- .post-inner -->\n\n\t\t\t<\/div><!-- .post-outer -->\n\t\t<\/article>\n\t\t\t\t<\/div>\n\t\t<\/div>\n\t\t\n","protected":false},"excerpt":{"rendered":"Erika di Martino defiende la educaci\u00f3n en casa y cuestiona la escuela tradicional por alejarse de la vida real infantil.","protected":false},"author":1,"featured_media":114367,"comment_status":"open","ping_status":"closed","sticky":false,"template":"","format":"standard","meta":{"_jetpack_newsletter_access":"","_jetpack_dont_email_post_to_subs":false,"_jetpack_newsletter_tier_id":0,"_jetpack_memberships_contains_paywalled_content":false,"csco_display_header_overlay":false,"csco_singular_sidebar":"disabled","csco_page_header_type":"standard","csco_page_load_nextpost":"","csco_post_video_location":[],"csco_post_video_location_hash":"","csco_post_video_url":"","csco_post_video_bg_start_time":0,"csco_post_video_bg_end_time":0,"csco_post_video_bg_volume":false,"_jetpack_feature_clip_id":0,"_jetpack_memberships_contains_paid_content":false,"footnotes":"","jetpack_post_was_ever_published":false},"categories":[48,47],"tags":[3495,25026,25027,25031,25030,6601,673,25029,25032,25028,377],"class_list":["post-114364","post","type-post","status-publish","format-standard","has-post-thumbnail","category-entrevistas","category-noticias","tag-aprendizaje-significativo","tag-educacion-alternativa-2","tag-educacion-en-casa","tag-erika-di-martino","tag-familias-y-educacion","tag-homeschooling","tag-infancia","tag-libertad-educativa","tag-madre-de-5-hijos-ninguno-de-ellos-ha-ido-nunca-a-la-escuela-porque-es-un-sistema-anacronico-que-no-tiene-en-cuenta-la-vida-real","tag-pedagogia-3","tag-sistema-educativo","cs-entry","cs-video-wrap"],"yoast_head":"<!-- This site is optimized with the Yoast SEO plugin v28.4 - https:\/\/yoast.com\/product\/yoast-seo-wordpress\/ -->\n<title>Erika di Martino, madre de 5 hijos: \u201cNinguno de ellos ha ido nunca a la escuela porque es un sistema anacr\u00f3nico que no tiene en cuenta la vida real\u201d - 2026<\/title>\n<meta name=\"description\" content=\"Erika Di Martino es madre de cinco hijos, educadora y fundadora de la organizaci\u00f3n sin \u00e1nimo de lucro Libera Schola, con sede en Mil\u00e1n.\" \/>\n<meta name=\"robots\" content=\"index, follow, max-snippet:-1, max-image-preview:large, max-video-preview:-1\" \/>\n<link rel=\"canonical\" href=\"https:\/\/webdelmaestrocmf.com\/portal\/erika-di-martino-madre-de-5-hijos-ninguno-de-ellos-ha-ido-nunca-a-la-escuela-porque-es-un-sistema-anacronico-que-no-tiene-en-cuenta-la-vida-real\/\" \/>\n<meta property=\"og:locale\" content=\"es_ES\" \/>\n<meta property=\"og:type\" content=\"article\" \/>\n<meta property=\"og:title\" content=\"Erika di Martino, madre de 5 hijos: \u201cNinguno de ellos ha ido nunca a la escuela porque es un sistema anacr\u00f3nico que no tiene en cuenta la vida real\u201d - 2026\" \/>\n<meta property=\"og:description\" content=\"Erika Di Martino es madre de cinco hijos, educadora y fundadora de la organizaci\u00f3n sin \u00e1nimo de lucro Libera Schola, con sede en Mil\u00e1n.\" \/>\n<meta property=\"og:url\" content=\"https:\/\/webdelmaestrocmf.com\/portal\/erika-di-martino-madre-de-5-hijos-ninguno-de-ellos-ha-ido-nunca-a-la-escuela-porque-es-un-sistema-anacronico-que-no-tiene-en-cuenta-la-vida-real\/\" \/>\n<meta property=\"og:site_name\" content=\"Web del Maestro CMF\" \/>\n<meta property=\"article:publisher\" content=\"https:\/\/www.facebook.com\/WebdelMaestroCMF\/\" \/>\n<meta property=\"article:author\" content=\"https:\/\/www.facebook.com\/WebdelMaestroCMF\/\" \/>\n<meta property=\"article:published_time\" content=\"2025-12-29T23:06:13+00:00\" \/>\n<meta property=\"article:modified_time\" content=\"2025-12-29T23:33:52+00:00\" \/>\n<meta property=\"og:image\" content=\"https:\/\/webdelmaestrocmf.com\/portal\/wp-content\/uploads\/2025\/12\/1A-Banner-1-portada-imagen-10-1-copia-4-3.webp\" \/>\n\t<meta property=\"og:image:width\" content=\"1000\" \/>\n\t<meta property=\"og:image:height\" content=\"667\" \/>\n\t<meta property=\"og:image:type\" content=\"image\/webp\" \/>\n<meta name=\"author\" content=\"Web del Maestro CMF\" \/>\n<meta name=\"twitter:card\" content=\"summary_large_image\" \/>\n<meta name=\"twitter:creator\" content=\"@cmf_w\" \/>\n<meta name=\"twitter:site\" content=\"@cmf_w\" \/>\n<script type=\"application\/ld+json\" class=\"yoast-schema-graph\">{\"@context\":\"https:\\\/\\\/schema.org\",\"@graph\":[{\"@type\":\"ScholarlyArticle\",\"@id\":\"https:\\\/\\\/webdelmaestrocmf.com\\\/portal\\\/erika-di-martino-madre-de-5-hijos-ninguno-de-ellos-ha-ido-nunca-a-la-escuela-porque-es-un-sistema-anacronico-que-no-tiene-en-cuenta-la-vida-real\\\/#article\",\"isPartOf\":{\"@id\":\"https:\\\/\\\/webdelmaestrocmf.com\\\/portal\\\/erika-di-martino-madre-de-5-hijos-ninguno-de-ellos-ha-ido-nunca-a-la-escuela-porque-es-un-sistema-anacronico-que-no-tiene-en-cuenta-la-vida-real\\\/\"},\"author\":{\"name\":\"Web del Maestro CMF\",\"@id\":\"https:\\\/\\\/webdelmaestrocmf.com\\\/portal\\\/#\\\/schema\\\/person\\\/1072a2ed7bd960df8ef99a551fa35dc5\"},\"headline\":\"Erika di Martino, madre de 5 hijos: \u201cNinguno de ellos ha ido nunca a la escuela porque es un sistema anacr\u00f3nico que no tiene en cuenta la vida real\u201d\",\"datePublished\":\"2025-12-29T23:06:13+00:00\",\"dateModified\":\"2025-12-29T23:33:52+00:00\",\"mainEntityOfPage\":{\"@id\":\"https:\\\/\\\/webdelmaestrocmf.com\\\/portal\\\/erika-di-martino-madre-de-5-hijos-ninguno-de-ellos-ha-ido-nunca-a-la-escuela-porque-es-un-sistema-anacronico-que-no-tiene-en-cuenta-la-vida-real\\\/\"},\"wordCount\":708,\"commentCount\":0,\"publisher\":{\"@id\":\"https:\\\/\\\/webdelmaestrocmf.com\\\/portal\\\/#organization\"},\"image\":{\"@id\":\"https:\\\/\\\/webdelmaestrocmf.com\\\/portal\\\/erika-di-martino-madre-de-5-hijos-ninguno-de-ellos-ha-ido-nunca-a-la-escuela-porque-es-un-sistema-anacronico-que-no-tiene-en-cuenta-la-vida-real\\\/#primaryimage\"},\"thumbnailUrl\":\"https:\\\/\\\/webdelmaestrocmf.com\\\/portal\\\/wp-content\\\/uploads\\\/2025\\\/12\\\/1A-Banner-1-portada-imagen-10-1-copia-4-3.webp\",\"keywords\":[\"APRENDIZAJE SIGNIFICATIVO\",\"educacion alternativa\",\"educacion en casa\",\"Erika di Martino\",\"familias y educacion\",\"HOMESCHOOLING\",\"infancia\",\"libertad educativa\",\"madre de 5 hijos: \u201cNinguno de ellos ha ido nunca a la escuela porque es un sistema anacr\u00f3nico que no tiene en cuenta la vida real\u201d\",\"pedagogia\",\"sistema educativo\"],\"articleSection\":[\"Entrevistas\",\"Noticias\"],\"inLanguage\":\"es\",\"potentialAction\":[{\"@type\":\"CommentAction\",\"name\":\"Comment\",\"target\":[\"https:\\\/\\\/webdelmaestrocmf.com\\\/portal\\\/erika-di-martino-madre-de-5-hijos-ninguno-de-ellos-ha-ido-nunca-a-la-escuela-porque-es-un-sistema-anacronico-que-no-tiene-en-cuenta-la-vida-real\\\/#respond\"]}]},{\"@type\":\"WebPage\",\"@id\":\"https:\\\/\\\/webdelmaestrocmf.com\\\/portal\\\/erika-di-martino-madre-de-5-hijos-ninguno-de-ellos-ha-ido-nunca-a-la-escuela-porque-es-un-sistema-anacronico-que-no-tiene-en-cuenta-la-vida-real\\\/\",\"url\":\"https:\\\/\\\/webdelmaestrocmf.com\\\/portal\\\/erika-di-martino-madre-de-5-hijos-ninguno-de-ellos-ha-ido-nunca-a-la-escuela-porque-es-un-sistema-anacronico-que-no-tiene-en-cuenta-la-vida-real\\\/\",\"name\":\"Erika di Martino, madre de 5 hijos: \u201cNinguno de ellos ha ido nunca a la escuela porque es un sistema anacr\u00f3nico que no tiene en cuenta la vida real\u201d - 2026\",\"isPartOf\":{\"@id\":\"https:\\\/\\\/webdelmaestrocmf.com\\\/portal\\\/#website\"},\"primaryImageOfPage\":{\"@id\":\"https:\\\/\\\/webdelmaestrocmf.com\\\/portal\\\/erika-di-martino-madre-de-5-hijos-ninguno-de-ellos-ha-ido-nunca-a-la-escuela-porque-es-un-sistema-anacronico-que-no-tiene-en-cuenta-la-vida-real\\\/#primaryimage\"},\"image\":{\"@id\":\"https:\\\/\\\/webdelmaestrocmf.com\\\/portal\\\/erika-di-martino-madre-de-5-hijos-ninguno-de-ellos-ha-ido-nunca-a-la-escuela-porque-es-un-sistema-anacronico-que-no-tiene-en-cuenta-la-vida-real\\\/#primaryimage\"},\"thumbnailUrl\":\"https:\\\/\\\/webdelmaestrocmf.com\\\/portal\\\/wp-content\\\/uploads\\\/2025\\\/12\\\/1A-Banner-1-portada-imagen-10-1-copia-4-3.webp\",\"datePublished\":\"2025-12-29T23:06:13+00:00\",\"dateModified\":\"2025-12-29T23:33:52+00:00\",\"description\":\"Erika Di Martino es madre de cinco hijos, educadora y fundadora de la organizaci\u00f3n sin \u00e1nimo de lucro Libera Schola, con sede en Mil\u00e1n.\",\"breadcrumb\":{\"@id\":\"https:\\\/\\\/webdelmaestrocmf.com\\\/portal\\\/erika-di-martino-madre-de-5-hijos-ninguno-de-ellos-ha-ido-nunca-a-la-escuela-porque-es-un-sistema-anacronico-que-no-tiene-en-cuenta-la-vida-real\\\/#breadcrumb\"},\"inLanguage\":\"es\",\"potentialAction\":[{\"@type\":\"ReadAction\",\"target\":[\"https:\\\/\\\/webdelmaestrocmf.com\\\/portal\\\/erika-di-martino-madre-de-5-hijos-ninguno-de-ellos-ha-ido-nunca-a-la-escuela-porque-es-un-sistema-anacronico-que-no-tiene-en-cuenta-la-vida-real\\\/\"]}]},{\"@type\":\"ImageObject\",\"inLanguage\":\"es\",\"@id\":\"https:\\\/\\\/webdelmaestrocmf.com\\\/portal\\\/erika-di-martino-madre-de-5-hijos-ninguno-de-ellos-ha-ido-nunca-a-la-escuela-porque-es-un-sistema-anacronico-que-no-tiene-en-cuenta-la-vida-real\\\/#primaryimage\",\"url\":\"https:\\\/\\\/webdelmaestrocmf.com\\\/portal\\\/wp-content\\\/uploads\\\/2025\\\/12\\\/1A-Banner-1-portada-imagen-10-1-copia-4-3.webp\",\"contentUrl\":\"https:\\\/\\\/webdelmaestrocmf.com\\\/portal\\\/wp-content\\\/uploads\\\/2025\\\/12\\\/1A-Banner-1-portada-imagen-10-1-copia-4-3.webp\",\"width\":1000,\"height\":667},{\"@type\":\"BreadcrumbList\",\"@id\":\"https:\\\/\\\/webdelmaestrocmf.com\\\/portal\\\/erika-di-martino-madre-de-5-hijos-ninguno-de-ellos-ha-ido-nunca-a-la-escuela-porque-es-un-sistema-anacronico-que-no-tiene-en-cuenta-la-vida-real\\\/#breadcrumb\",\"itemListElement\":[{\"@type\":\"ListItem\",\"position\":1,\"name\":\"Portada\",\"item\":\"https:\\\/\\\/webdelmaestrocmf.com\\\/portal\\\/\"},{\"@type\":\"ListItem\",\"position\":2,\"name\":\"Noticias\",\"item\":\"https:\\\/\\\/webdelmaestrocmf.com\\\/portal\\\/category\\\/noticias\\\/\"},{\"@type\":\"ListItem\",\"position\":3,\"name\":\"Erika di Martino, madre de 5 hijos: \u201cNinguno de ellos ha ido nunca a la escuela porque es un sistema anacr\u00f3nico que no tiene en cuenta la vida real\u201d\"}]},{\"@type\":\"WebSite\",\"@id\":\"https:\\\/\\\/webdelmaestrocmf.com\\\/portal\\\/#website\",\"url\":\"https:\\\/\\\/webdelmaestrocmf.com\\\/portal\\\/\",\"name\":\"Web del Maestro CMF\",\"description\":\"Maestros al servicio de la educaci\u00f3n\",\"publisher\":{\"@id\":\"https:\\\/\\\/webdelmaestrocmf.com\\\/portal\\\/#organization\"},\"alternateName\":\"WMCMF\",\"potentialAction\":[{\"@type\":\"SearchAction\",\"target\":{\"@type\":\"EntryPoint\",\"urlTemplate\":\"https:\\\/\\\/webdelmaestrocmf.com\\\/portal\\\/?s={search_term_string}\"},\"query-input\":{\"@type\":\"PropertyValueSpecification\",\"valueRequired\":true,\"valueName\":\"search_term_string\"}}],\"inLanguage\":\"es\"},{\"@type\":\"Organization\",\"@id\":\"https:\\\/\\\/webdelmaestrocmf.com\\\/portal\\\/#organization\",\"name\":\"Web del Maestro CMF\",\"alternateName\":\"WMCMF\",\"url\":\"https:\\\/\\\/webdelmaestrocmf.com\\\/portal\\\/\",\"logo\":{\"@type\":\"ImageObject\",\"inLanguage\":\"es\",\"@id\":\"https:\\\/\\\/webdelmaestrocmf.com\\\/portal\\\/#\\\/schema\\\/logo\\\/image\\\/\",\"url\":\"https:\\\/\\\/webdelmaestrocmf.com\\\/portal\\\/wp-content\\\/uploads\\\/2023\\\/01\\\/logo-wmcmf-2.png\",\"contentUrl\":\"https:\\\/\\\/webdelmaestrocmf.com\\\/portal\\\/wp-content\\\/uploads\\\/2023\\\/01\\\/logo-wmcmf-2.png\",\"width\":200,\"height\":60,\"caption\":\"Web del Maestro CMF\"},\"image\":{\"@id\":\"https:\\\/\\\/webdelmaestrocmf.com\\\/portal\\\/#\\\/schema\\\/logo\\\/image\\\/\"},\"sameAs\":[\"https:\\\/\\\/www.facebook.com\\\/WebdelMaestroCMF\\\/\",\"https:\\\/\\\/x.com\\\/cmf_w\",\"https:\\\/\\\/www.pinterest.com\\\/WMCMF\\\/\",\"https:\\\/\\\/www.linkedin.com\\\/company\\\/web-del-maestro-cmf\\\/\",\"https:\\\/\\\/www.instagram.com\\\/wmcmf\\\/\",\"https:\\\/\\\/www.youtube.com\\\/channel\\\/UCDPSvjbdodE5sHnC3OxutHw\",\"https:\\\/\\\/mastodon.social\\\/@wmcmf\",\"https:\\\/\\\/www.tiktok.com\\\/@webdelmaestrocmf\"]},{\"@type\":\"Person\",\"@id\":\"https:\\\/\\\/webdelmaestrocmf.com\\\/portal\\\/#\\\/schema\\\/person\\\/1072a2ed7bd960df8ef99a551fa35dc5\",\"name\":\"Web del Maestro CMF\",\"image\":{\"@type\":\"ImageObject\",\"inLanguage\":\"es\",\"@id\":\"https:\\\/\\\/secure.gravatar.com\\\/avatar\\\/23291dd5b5ae1077dcff3dbb04c3e02bd28403fa75af6d8787d5e97c5bbbe30b?s=96&d=mm&r=g\",\"url\":\"https:\\\/\\\/secure.gravatar.com\\\/avatar\\\/23291dd5b5ae1077dcff3dbb04c3e02bd28403fa75af6d8787d5e97c5bbbe30b?s=96&d=mm&r=g\",\"contentUrl\":\"https:\\\/\\\/secure.gravatar.com\\\/avatar\\\/23291dd5b5ae1077dcff3dbb04c3e02bd28403fa75af6d8787d5e97c5bbbe30b?s=96&d=mm&r=g\",\"caption\":\"Web del Maestro CMF\"},\"description\":\"Esta Web se cre\u00f3 sin fines de lucro, con fines educativos, cient\u00edficos y acad\u00e9micos, para personas que tengan dificultades y\\\/o inconvenientes en visualizar el material original. El objetivo es entregar recursos, compartir experiencias y materiales que ayuden a los padres de familia, maestros y estudiantes en su actualizaci\u00f3n y formaci\u00f3n permanente, en bien de la Educaci\u00f3n.\",\"sameAs\":[\"http:\\\/\\\/webdelmaestrocmf.com\\\/portal\",\"https:\\\/\\\/www.facebook.com\\\/WebdelMaestroCMF\\\/\",\"https:\\\/\\\/www.instagram.com\\\/wmcmf\\\/\",\"https:\\\/\\\/cl.linkedin.com\\\/company\\\/web-del-maestro-cmf\",\"https:\\\/\\\/www.pinterest.com\\\/WMCMF\\\/publicaciones\\\/\",\"https:\\\/\\\/x.com\\\/cmf_w\",\"https:\\\/\\\/www.youtube.com\\\/@WMCMF\"]}]}<\/script>\n<!-- \/ Yoast SEO plugin. -->","yoast_head_json":{"title":"Erika di Martino, madre de 5 hijos: \u201cNinguno de ellos ha ido nunca a la escuela porque es un sistema anacr\u00f3nico que no tiene en cuenta la vida real\u201d - 2026","description":"Erika Di Martino es madre de cinco hijos, educadora y fundadora de la organizaci\u00f3n sin \u00e1nimo de lucro Libera Schola, con sede en Mil\u00e1n.","robots":{"index":"index","follow":"follow","max-snippet":"max-snippet:-1","max-image-preview":"max-image-preview:large","max-video-preview":"max-video-preview:-1"},"canonical":"https:\/\/webdelmaestrocmf.com\/portal\/erika-di-martino-madre-de-5-hijos-ninguno-de-ellos-ha-ido-nunca-a-la-escuela-porque-es-un-sistema-anacronico-que-no-tiene-en-cuenta-la-vida-real\/","og_locale":"es_ES","og_type":"article","og_title":"Erika di Martino, madre de 5 hijos: \u201cNinguno de ellos ha ido nunca a la escuela porque es un sistema anacr\u00f3nico que no tiene en cuenta la vida real\u201d - 2026","og_description":"Erika Di Martino es madre de cinco hijos, educadora y fundadora de la organizaci\u00f3n sin \u00e1nimo de lucro Libera Schola, con sede en Mil\u00e1n.","og_url":"https:\/\/webdelmaestrocmf.com\/portal\/erika-di-martino-madre-de-5-hijos-ninguno-de-ellos-ha-ido-nunca-a-la-escuela-porque-es-un-sistema-anacronico-que-no-tiene-en-cuenta-la-vida-real\/","og_site_name":"Web del Maestro CMF","article_publisher":"https:\/\/www.facebook.com\/WebdelMaestroCMF\/","article_author":"https:\/\/www.facebook.com\/WebdelMaestroCMF\/","article_published_time":"2025-12-29T23:06:13+00:00","article_modified_time":"2025-12-29T23:33:52+00:00","og_image":[{"width":1000,"height":667,"url":"https:\/\/webdelmaestrocmf.com\/portal\/wp-content\/uploads\/2025\/12\/1A-Banner-1-portada-imagen-10-1-copia-4-3.webp","type":"image\/webp"}],"author":"Web del Maestro CMF","twitter_card":"summary_large_image","twitter_creator":"@cmf_w","twitter_site":"@cmf_w","schema":{"@context":"https:\/\/schema.org","@graph":[{"@type":"ScholarlyArticle","@id":"https:\/\/webdelmaestrocmf.com\/portal\/erika-di-martino-madre-de-5-hijos-ninguno-de-ellos-ha-ido-nunca-a-la-escuela-porque-es-un-sistema-anacronico-que-no-tiene-en-cuenta-la-vida-real\/#article","isPartOf":{"@id":"https:\/\/webdelmaestrocmf.com\/portal\/erika-di-martino-madre-de-5-hijos-ninguno-de-ellos-ha-ido-nunca-a-la-escuela-porque-es-un-sistema-anacronico-que-no-tiene-en-cuenta-la-vida-real\/"},"author":{"name":"Web del Maestro CMF","@id":"https:\/\/webdelmaestrocmf.com\/portal\/#\/schema\/person\/1072a2ed7bd960df8ef99a551fa35dc5"},"headline":"Erika di Martino, madre de 5 hijos: \u201cNinguno de ellos ha ido nunca a la escuela porque es un sistema anacr\u00f3nico que no tiene en cuenta la vida real\u201d","datePublished":"2025-12-29T23:06:13+00:00","dateModified":"2025-12-29T23:33:52+00:00","mainEntityOfPage":{"@id":"https:\/\/webdelmaestrocmf.com\/portal\/erika-di-martino-madre-de-5-hijos-ninguno-de-ellos-ha-ido-nunca-a-la-escuela-porque-es-un-sistema-anacronico-que-no-tiene-en-cuenta-la-vida-real\/"},"wordCount":708,"commentCount":0,"publisher":{"@id":"https:\/\/webdelmaestrocmf.com\/portal\/#organization"},"image":{"@id":"https:\/\/webdelmaestrocmf.com\/portal\/erika-di-martino-madre-de-5-hijos-ninguno-de-ellos-ha-ido-nunca-a-la-escuela-porque-es-un-sistema-anacronico-que-no-tiene-en-cuenta-la-vida-real\/#primaryimage"},"thumbnailUrl":"https:\/\/webdelmaestrocmf.com\/portal\/wp-content\/uploads\/2025\/12\/1A-Banner-1-portada-imagen-10-1-copia-4-3.webp","keywords":["APRENDIZAJE SIGNIFICATIVO","educacion alternativa","educacion en casa","Erika di Martino","familias y educacion","HOMESCHOOLING","infancia","libertad educativa","madre de 5 hijos: \u201cNinguno de ellos ha ido nunca a la escuela porque es un sistema anacr\u00f3nico que no tiene en cuenta la vida real\u201d","pedagogia","sistema educativo"],"articleSection":["Entrevistas","Noticias"],"inLanguage":"es","potentialAction":[{"@type":"CommentAction","name":"Comment","target":["https:\/\/webdelmaestrocmf.com\/portal\/erika-di-martino-madre-de-5-hijos-ninguno-de-ellos-ha-ido-nunca-a-la-escuela-porque-es-un-sistema-anacronico-que-no-tiene-en-cuenta-la-vida-real\/#respond"]}]},{"@type":"WebPage","@id":"https:\/\/webdelmaestrocmf.com\/portal\/erika-di-martino-madre-de-5-hijos-ninguno-de-ellos-ha-ido-nunca-a-la-escuela-porque-es-un-sistema-anacronico-que-no-tiene-en-cuenta-la-vida-real\/","url":"https:\/\/webdelmaestrocmf.com\/portal\/erika-di-martino-madre-de-5-hijos-ninguno-de-ellos-ha-ido-nunca-a-la-escuela-porque-es-un-sistema-anacronico-que-no-tiene-en-cuenta-la-vida-real\/","name":"Erika di Martino, madre de 5 hijos: \u201cNinguno de ellos ha ido nunca a la escuela porque es un sistema anacr\u00f3nico que no tiene en cuenta la vida real\u201d - 2026","isPartOf":{"@id":"https:\/\/webdelmaestrocmf.com\/portal\/#website"},"primaryImageOfPage":{"@id":"https:\/\/webdelmaestrocmf.com\/portal\/erika-di-martino-madre-de-5-hijos-ninguno-de-ellos-ha-ido-nunca-a-la-escuela-porque-es-un-sistema-anacronico-que-no-tiene-en-cuenta-la-vida-real\/#primaryimage"},"image":{"@id":"https:\/\/webdelmaestrocmf.com\/portal\/erika-di-martino-madre-de-5-hijos-ninguno-de-ellos-ha-ido-nunca-a-la-escuela-porque-es-un-sistema-anacronico-que-no-tiene-en-cuenta-la-vida-real\/#primaryimage"},"thumbnailUrl":"https:\/\/webdelmaestrocmf.com\/portal\/wp-content\/uploads\/2025\/12\/1A-Banner-1-portada-imagen-10-1-copia-4-3.webp","datePublished":"2025-12-29T23:06:13+00:00","dateModified":"2025-12-29T23:33:52+00:00","description":"Erika Di Martino es madre de cinco hijos, educadora y fundadora de la organizaci\u00f3n sin \u00e1nimo de lucro Libera Schola, con sede en Mil\u00e1n.","breadcrumb":{"@id":"https:\/\/webdelmaestrocmf.com\/portal\/erika-di-martino-madre-de-5-hijos-ninguno-de-ellos-ha-ido-nunca-a-la-escuela-porque-es-un-sistema-anacronico-que-no-tiene-en-cuenta-la-vida-real\/#breadcrumb"},"inLanguage":"es","potentialAction":[{"@type":"ReadAction","target":["https:\/\/webdelmaestrocmf.com\/portal\/erika-di-martino-madre-de-5-hijos-ninguno-de-ellos-ha-ido-nunca-a-la-escuela-porque-es-un-sistema-anacronico-que-no-tiene-en-cuenta-la-vida-real\/"]}]},{"@type":"ImageObject","inLanguage":"es","@id":"https:\/\/webdelmaestrocmf.com\/portal\/erika-di-martino-madre-de-5-hijos-ninguno-de-ellos-ha-ido-nunca-a-la-escuela-porque-es-un-sistema-anacronico-que-no-tiene-en-cuenta-la-vida-real\/#primaryimage","url":"https:\/\/webdelmaestrocmf.com\/portal\/wp-content\/uploads\/2025\/12\/1A-Banner-1-portada-imagen-10-1-copia-4-3.webp","contentUrl":"https:\/\/webdelmaestrocmf.com\/portal\/wp-content\/uploads\/2025\/12\/1A-Banner-1-portada-imagen-10-1-copia-4-3.webp","width":1000,"height":667},{"@type":"BreadcrumbList","@id":"https:\/\/webdelmaestrocmf.com\/portal\/erika-di-martino-madre-de-5-hijos-ninguno-de-ellos-ha-ido-nunca-a-la-escuela-porque-es-un-sistema-anacronico-que-no-tiene-en-cuenta-la-vida-real\/#breadcrumb","itemListElement":[{"@type":"ListItem","position":1,"name":"Portada","item":"https:\/\/webdelmaestrocmf.com\/portal\/"},{"@type":"ListItem","position":2,"name":"Noticias","item":"https:\/\/webdelmaestrocmf.com\/portal\/category\/noticias\/"},{"@type":"ListItem","position":3,"name":"Erika di Martino, madre de 5 hijos: \u201cNinguno de ellos ha ido nunca a la escuela porque es un sistema anacr\u00f3nico que no tiene en cuenta la vida real\u201d"}]},{"@type":"WebSite","@id":"https:\/\/webdelmaestrocmf.com\/portal\/#website","url":"https:\/\/webdelmaestrocmf.com\/portal\/","name":"Web del Maestro CMF","description":"Maestros al servicio de la educaci\u00f3n","publisher":{"@id":"https:\/\/webdelmaestrocmf.com\/portal\/#organization"},"alternateName":"WMCMF","potentialAction":[{"@type":"SearchAction","target":{"@type":"EntryPoint","urlTemplate":"https:\/\/webdelmaestrocmf.com\/portal\/?s={search_term_string}"},"query-input":{"@type":"PropertyValueSpecification","valueRequired":true,"valueName":"search_term_string"}}],"inLanguage":"es"},{"@type":"Organization","@id":"https:\/\/webdelmaestrocmf.com\/portal\/#organization","name":"Web del Maestro CMF","alternateName":"WMCMF","url":"https:\/\/webdelmaestrocmf.com\/portal\/","logo":{"@type":"ImageObject","inLanguage":"es","@id":"https:\/\/webdelmaestrocmf.com\/portal\/#\/schema\/logo\/image\/","url":"https:\/\/webdelmaestrocmf.com\/portal\/wp-content\/uploads\/2023\/01\/logo-wmcmf-2.png","contentUrl":"https:\/\/webdelmaestrocmf.com\/portal\/wp-content\/uploads\/2023\/01\/logo-wmcmf-2.png","width":200,"height":60,"caption":"Web del Maestro CMF"},"image":{"@id":"https:\/\/webdelmaestrocmf.com\/portal\/#\/schema\/logo\/image\/"},"sameAs":["https:\/\/www.facebook.com\/WebdelMaestroCMF\/","https:\/\/x.com\/cmf_w","https:\/\/www.pinterest.com\/WMCMF\/","https:\/\/www.linkedin.com\/company\/web-del-maestro-cmf\/","https:\/\/www.instagram.com\/wmcmf\/","https:\/\/www.youtube.com\/channel\/UCDPSvjbdodE5sHnC3OxutHw","https:\/\/mastodon.social\/@wmcmf","https:\/\/www.tiktok.com\/@webdelmaestrocmf"]},{"@type":"Person","@id":"https:\/\/webdelmaestrocmf.com\/portal\/#\/schema\/person\/1072a2ed7bd960df8ef99a551fa35dc5","name":"Web del Maestro CMF","image":{"@type":"ImageObject","inLanguage":"es","@id":"https:\/\/secure.gravatar.com\/avatar\/23291dd5b5ae1077dcff3dbb04c3e02bd28403fa75af6d8787d5e97c5bbbe30b?s=96&d=mm&r=g","url":"https:\/\/secure.gravatar.com\/avatar\/23291dd5b5ae1077dcff3dbb04c3e02bd28403fa75af6d8787d5e97c5bbbe30b?s=96&d=mm&r=g","contentUrl":"https:\/\/secure.gravatar.com\/avatar\/23291dd5b5ae1077dcff3dbb04c3e02bd28403fa75af6d8787d5e97c5bbbe30b?s=96&d=mm&r=g","caption":"Web del Maestro CMF"},"description":"Esta Web se cre\u00f3 sin fines de lucro, con fines educativos, cient\u00edficos y acad\u00e9micos, para personas que tengan dificultades y\/o inconvenientes en visualizar el material original. El objetivo es entregar recursos, compartir experiencias y materiales que ayuden a los padres de familia, maestros y estudiantes en su actualizaci\u00f3n y formaci\u00f3n permanente, en bien de la Educaci\u00f3n.","sameAs":["http:\/\/webdelmaestrocmf.com\/portal","https:\/\/www.facebook.com\/WebdelMaestroCMF\/","https:\/\/www.instagram.com\/wmcmf\/","https:\/\/cl.linkedin.com\/company\/web-del-maestro-cmf","https:\/\/www.pinterest.com\/WMCMF\/publicaciones\/","https:\/\/x.com\/cmf_w","https:\/\/www.youtube.com\/@WMCMF"]}]}},"jetpack_sharing_enabled":true,"jetpack-related-posts":[{"id":36887,"url":"https:\/\/webdelmaestrocmf.com\/portal\/escuelas-de-alumbrado-publico-educacion-de-calidad-para-aquellos-que-mas-lo-necesitan\/","url_meta":{"origin":114364,"position":0},"title":"ESCUELAS DE ALUMBRADO P\u00daBLICO: EDUCACI\u00d3N DE CALIDAD PARA AQUELLOS QUE M\u00c1S LO NECESITAN","author":"Web del Maestro CMF","date":"17 mayo, 2019","format":false,"excerpt":"Existe una experiencia educativa en Sud\u00e1frica de escuelas que desean ser ese punto de luz para los alumnos de las comunidades m\u00e1s marginadas, mediante la creaci\u00f3n de centro educativos competitivos. Los propulsores de esta experiencia est\u00e1n convencidos que son una alternativa en la educaci\u00f3n con \u201cbase s\u00f3lida y que permite\u2026","rel":"","context":"En \u00abINTER\u00c9S\u00bb","block_context":{"text":"INTER\u00c9S","link":"https:\/\/webdelmaestrocmf.com\/portal\/category\/noticias-educacion\/"},"img":{"alt_text":"","src":"https:\/\/i0.wp.com\/webdelmaestrocmf.com\/portal\/wp-content\/uploads\/2019\/05\/1-47.jpg?resize=350%2C200&ssl=1","width":350,"height":200,"srcset":"https:\/\/i0.wp.com\/webdelmaestrocmf.com\/portal\/wp-content\/uploads\/2019\/05\/1-47.jpg?resize=350%2C200&ssl=1 1x, https:\/\/i0.wp.com\/webdelmaestrocmf.com\/portal\/wp-content\/uploads\/2019\/05\/1-47.jpg?resize=525%2C300&ssl=1 1.5x, https:\/\/i0.wp.com\/webdelmaestrocmf.com\/portal\/wp-content\/uploads\/2019\/05\/1-47.jpg?resize=700%2C400&ssl=1 2x, https:\/\/i0.wp.com\/webdelmaestrocmf.com\/portal\/wp-content\/uploads\/2019\/05\/1-47.jpg?resize=1050%2C600&ssl=1 3x"},"classes":[]},{"id":118762,"url":"https:\/\/webdelmaestrocmf.com\/portal\/madre-desata-polemica-tras-cuestionar-las-faltas-de-maestros-y-el-funcionamiento-de-las-escuelas\/","url_meta":{"origin":114364,"position":1},"title":"Madre desata pol\u00e9mica tras cuestionar las faltas de maestros y el funcionamiento de las escuelas","author":"Web del Maestro CMF","date":"6 mayo, 2026","format":false,"excerpt":"La pol\u00e9mica estall\u00f3 luego de que una madre criticara las faltas docentes, los consejos t\u00e9cnicos y las suspensiones escolares, provocando una fuerte respuesta de maestros que defendieron sus derechos laborales y responsabilidades educativas.","rel":"","context":"En \u00abNoticias Internacionales\u00bb","block_context":{"text":"Noticias Internacionales","link":"https:\/\/webdelmaestrocmf.com\/portal\/category\/noticias-internacionales\/"},"img":{"alt_text":"","src":"https:\/\/i0.wp.com\/webdelmaestrocmf.com\/portal\/wp-content\/uploads\/2026\/05\/1AA-Banner-1-portada-imagen-10-1-copia-12.webp?resize=350%2C200&ssl=1","width":350,"height":200,"srcset":"https:\/\/i0.wp.com\/webdelmaestrocmf.com\/portal\/wp-content\/uploads\/2026\/05\/1AA-Banner-1-portada-imagen-10-1-copia-12.webp?resize=350%2C200&ssl=1 1x, https:\/\/i0.wp.com\/webdelmaestrocmf.com\/portal\/wp-content\/uploads\/2026\/05\/1AA-Banner-1-portada-imagen-10-1-copia-12.webp?resize=525%2C300&ssl=1 1.5x, https:\/\/i0.wp.com\/webdelmaestrocmf.com\/portal\/wp-content\/uploads\/2026\/05\/1AA-Banner-1-portada-imagen-10-1-copia-12.webp?resize=700%2C400&ssl=1 2x, https:\/\/i0.wp.com\/webdelmaestrocmf.com\/portal\/wp-content\/uploads\/2026\/05\/1AA-Banner-1-portada-imagen-10-1-copia-12.webp?resize=1050%2C600&ssl=1 3x"},"classes":[]},{"id":21347,"url":"https:\/\/webdelmaestrocmf.com\/portal\/modificar-la-educacion-replantearse-la-creatividad\/","url_meta":{"origin":114364,"position":2},"title":"Ken Robinson: Hay que modificar la educaci\u00f3n y replantearse la creatividad","author":"Web del Maestro CMF","date":"17 marzo, 2020","format":false,"excerpt":"La sociedad ha cambiado a un ritmo muy vertiginoso en los \u00faltimos a\u00f1os, pero los sistemas educativos poco o nada han cambiado en sus programas y sus objetivos. \u201cNo tiene nada que ver con el mundo en el que crecimos: cada vez es m\u00e1s interdependiente, m\u00e1s complejo, y tambi\u00e9n m\u00e1s\u2026","rel":"","context":"En \u00abEntrevistas\u00bb","block_context":{"text":"Entrevistas","link":"https:\/\/webdelmaestrocmf.com\/portal\/category\/noticias\/entrevistas\/"},"img":{"alt_text":"","src":"https:\/\/i0.wp.com\/webdelmaestrocmf.com\/portal\/wp-content\/uploads\/2019\/05\/3-23.jpg?resize=350%2C200&ssl=1","width":350,"height":200,"srcset":"https:\/\/i0.wp.com\/webdelmaestrocmf.com\/portal\/wp-content\/uploads\/2019\/05\/3-23.jpg?resize=350%2C200&ssl=1 1x, https:\/\/i0.wp.com\/webdelmaestrocmf.com\/portal\/wp-content\/uploads\/2019\/05\/3-23.jpg?resize=525%2C300&ssl=1 1.5x, https:\/\/i0.wp.com\/webdelmaestrocmf.com\/portal\/wp-content\/uploads\/2019\/05\/3-23.jpg?resize=700%2C400&ssl=1 2x, https:\/\/i0.wp.com\/webdelmaestrocmf.com\/portal\/wp-content\/uploads\/2019\/05\/3-23.jpg?resize=1050%2C600&ssl=1 3x"},"classes":[]},{"id":114770,"url":"https:\/\/webdelmaestrocmf.com\/portal\/cesar-bona-se-educa-en-casa-y-se-ensena-en-la-escuela-esa-frase-nos-ha-acompanado-siempre-en-educacion-y-yo-creo-que-no-nos-ha-hecho-ningun-bien\/","url_meta":{"origin":114364,"position":3},"title":"C\u00e9sar Bona: \u201cSe educa en casa y se ense\u00f1a en la escuela\u201d, esa frase nos ha acompa\u00f1ado siempre en educaci\u00f3n y yo creo que no nos ha hecho ning\u00fan bien","author":"Web del Maestro CMF","date":"14 enero, 2026","format":false,"excerpt":"Primero, por lo que implica. Porque esa frase, en s\u00ed misma, y fijaos si es sencilla, ha levantado muros invisibles enormes entre las familias y los centros educativos.","rel":"","context":"En \u00abCharlas\u00bb","block_context":{"text":"Charlas","link":"https:\/\/webdelmaestrocmf.com\/portal\/category\/charlas\/"},"img":{"alt_text":"","src":"https:\/\/i0.wp.com\/webdelmaestrocmf.com\/portal\/wp-content\/uploads\/2026\/01\/1AA-Banner-1-portada-imagen-10-1-copia-6.webp?resize=350%2C200&ssl=1","width":350,"height":200,"srcset":"https:\/\/i0.wp.com\/webdelmaestrocmf.com\/portal\/wp-content\/uploads\/2026\/01\/1AA-Banner-1-portada-imagen-10-1-copia-6.webp?resize=350%2C200&ssl=1 1x, https:\/\/i0.wp.com\/webdelmaestrocmf.com\/portal\/wp-content\/uploads\/2026\/01\/1AA-Banner-1-portada-imagen-10-1-copia-6.webp?resize=525%2C300&ssl=1 1.5x, https:\/\/i0.wp.com\/webdelmaestrocmf.com\/portal\/wp-content\/uploads\/2026\/01\/1AA-Banner-1-portada-imagen-10-1-copia-6.webp?resize=700%2C400&ssl=1 2x, https:\/\/i0.wp.com\/webdelmaestrocmf.com\/portal\/wp-content\/uploads\/2026\/01\/1AA-Banner-1-portada-imagen-10-1-copia-6.webp?resize=1050%2C600&ssl=1 3x"},"classes":[]},{"id":115237,"url":"https:\/\/webdelmaestrocmf.com\/portal\/mariano-fernandez-enguita-no-nos-podemos-empenar-en-hacer-de-la-escuela-un-santuario-que-proteja-a-los-alumnos\/","url_meta":{"origin":114364,"position":4},"title":"Mariano Fern\u00e1ndez Enguita: \u201cNo nos podemos empe\u00f1ar en hacer de la escuela un santuario que proteja a los alumnos\u201d","author":"Web del Maestro CMF","date":"10 febrero, 2026","format":false,"excerpt":"La escuela no debe aislar a los alumnos de la tecnolog\u00eda, sino ense\u00f1arles a convivir cr\u00edticamente con la inteligencia artificial y el mundo real.","rel":"","context":"En \u00abEntrevistas\u00bb","block_context":{"text":"Entrevistas","link":"https:\/\/webdelmaestrocmf.com\/portal\/category\/noticias\/entrevistas\/"},"img":{"alt_text":"","src":"https:\/\/i0.wp.com\/webdelmaestrocmf.com\/portal\/wp-content\/uploads\/2026\/02\/1A-Banner-1-portada-imagen-10-1-copia-3-2.webp?resize=350%2C200&ssl=1","width":350,"height":200,"srcset":"https:\/\/i0.wp.com\/webdelmaestrocmf.com\/portal\/wp-content\/uploads\/2026\/02\/1A-Banner-1-portada-imagen-10-1-copia-3-2.webp?resize=350%2C200&ssl=1 1x, https:\/\/i0.wp.com\/webdelmaestrocmf.com\/portal\/wp-content\/uploads\/2026\/02\/1A-Banner-1-portada-imagen-10-1-copia-3-2.webp?resize=525%2C300&ssl=1 1.5x, https:\/\/i0.wp.com\/webdelmaestrocmf.com\/portal\/wp-content\/uploads\/2026\/02\/1A-Banner-1-portada-imagen-10-1-copia-3-2.webp?resize=700%2C400&ssl=1 2x"},"classes":[]},{"id":67503,"url":"https:\/\/webdelmaestrocmf.com\/portal\/reynaldo-robles-crisis-del-sistema-educativo-peruano\/","url_meta":{"origin":114364,"position":5},"title":"[Reynaldo Robles] Crisis del sistema educativo peruano","author":"Web del Maestro CMF","date":"5 septiembre, 2021","format":false,"excerpt":"La educaci\u00f3n est\u00e1 estrechamente relacionada con el modelo de producci\u00f3n, no se puede entender al margen del tipo de producci\u00f3n y del sistema pol\u00edtico. Es decir, la educaci\u00f3n, la econom\u00eda, la pol\u00edtica y dem\u00e1s campos de la cultura son aspectos inherentes del sistema social, est\u00e1n interrelacionadas, por eso entender as\u00ed\u2026","rel":"","context":"En \u00abZ-Colaborador-Reynaldo-Robles\u00bb","block_context":{"text":"Z-Colaborador-Reynaldo-Robles","link":"https:\/\/webdelmaestrocmf.com\/portal\/category\/colaborador\/z-colaborador-reynaldo-robles\/"},"img":{"alt_text":"","src":"https:\/\/i0.wp.com\/webdelmaestrocmf.com\/portal\/wp-content\/uploads\/2021\/09\/1-19.jpg?resize=350%2C200&ssl=1","width":350,"height":200,"srcset":"https:\/\/i0.wp.com\/webdelmaestrocmf.com\/portal\/wp-content\/uploads\/2021\/09\/1-19.jpg?resize=350%2C200&ssl=1 1x, https:\/\/i0.wp.com\/webdelmaestrocmf.com\/portal\/wp-content\/uploads\/2021\/09\/1-19.jpg?resize=525%2C300&ssl=1 1.5x, https:\/\/i0.wp.com\/webdelmaestrocmf.com\/portal\/wp-content\/uploads\/2021\/09\/1-19.jpg?resize=700%2C400&ssl=1 2x, https:\/\/i0.wp.com\/webdelmaestrocmf.com\/portal\/wp-content\/uploads\/2021\/09\/1-19.jpg?resize=1050%2C600&ssl=1 3x"},"classes":[]}],"jetpack_featured_media_url":"https:\/\/webdelmaestrocmf.com\/portal\/wp-content\/uploads\/2025\/12\/1A-Banner-1-portada-imagen-10-1-copia-4-3.webp","_links":{"self":[{"href":"https:\/\/webdelmaestrocmf.com\/portal\/wp-json\/wp\/v2\/posts\/114364","targetHints":{"allow":["GET"]}}],"collection":[{"href":"https:\/\/webdelmaestrocmf.com\/portal\/wp-json\/wp\/v2\/posts"}],"about":[{"href":"https:\/\/webdelmaestrocmf.com\/portal\/wp-json\/wp\/v2\/types\/post"}],"author":[{"embeddable":true,"href":"https:\/\/webdelmaestrocmf.com\/portal\/wp-json\/wp\/v2\/users\/1"}],"replies":[{"embeddable":true,"href":"https:\/\/webdelmaestrocmf.com\/portal\/wp-json\/wp\/v2\/comments?post=114364"}],"version-history":[{"count":1,"href":"https:\/\/webdelmaestrocmf.com\/portal\/wp-json\/wp\/v2\/posts\/114364\/revisions"}],"predecessor-version":[{"id":114366,"href":"https:\/\/webdelmaestrocmf.com\/portal\/wp-json\/wp\/v2\/posts\/114364\/revisions\/114366"}],"wp:featuredmedia":[{"embeddable":true,"href":"https:\/\/webdelmaestrocmf.com\/portal\/wp-json\/wp\/v2\/media\/114367"}],"wp:attachment":[{"href":"https:\/\/webdelmaestrocmf.com\/portal\/wp-json\/wp\/v2\/media?parent=114364"}],"wp:term":[{"taxonomy":"category","embeddable":true,"href":"https:\/\/webdelmaestrocmf.com\/portal\/wp-json\/wp\/v2\/categories?post=114364"},{"taxonomy":"post_tag","embeddable":true,"href":"https:\/\/webdelmaestrocmf.com\/portal\/wp-json\/wp\/v2\/tags?post=114364"}],"curies":[{"name":"wp","href":"https:\/\/api.w.org\/{rel}","templated":true}]}}