{"id":114333,"date":"2025-12-27T20:26:58","date_gmt":"2025-12-27T23:26:58","guid":{"rendered":"https:\/\/webdelmaestrocmf.com\/portal\/?p=114333"},"modified":"2026-02-21T19:11:35","modified_gmt":"2026-02-21T22:11:35","slug":"una-profesora-protagonizo-un-tierno-y-emotivo-momento-al-reconocer-la-voz-de-cada-uno-de-sus-alumnos-de-kinder","status":"publish","type":"post","link":"https:\/\/webdelmaestrocmf.com\/portal\/una-profesora-protagonizo-un-tierno-y-emotivo-momento-al-reconocer-la-voz-de-cada-uno-de-sus-alumnos-de-kinder\/","title":{"rendered":"Una profesora protagoniz\u00f3 un tierno y emotivo momento al reconocer la voz de cada uno de sus alumnos de k\u00ednder"},"content":{"rendered":"\n<p class=\"wp-block-paragraph\">A trav\u00e9s de redes sociales se viraliz\u00f3 un momento tan simple como profundamente significativo: la profesora Gill, frente a sus 19 alumnos de k\u00ednder, les propuso un juego. Formar una fila, pasar de uno en uno y saludarla. El desaf\u00edo era claro: adivinar qui\u00e9n era cada ni\u00f1o solo por su voz. Lo que parec\u00eda un gesto l\u00fadico termin\u00f3 convirti\u00e9ndose en una escena cargada de emoci\u00f3n, ternura y reconocimiento genuino. La docente acert\u00f3 todos los nombres, sin dudar, sin mirar, demostrando algo que va mucho m\u00e1s all\u00e1 de una buena memoria.<\/p>\n\n\n\n<p class=\"wp-block-paragraph\">El video r\u00e1pidamente acumul\u00f3 miles de reacciones y comentarios. Muchos destacaron c\u00f3mo, a medida que avanzaba el juego, los ni\u00f1os se acercaban cada vez m\u00e1s confiados, m\u00e1s sonrientes, m\u00e1s seguros. Otros subrayaron \u201cel amor en la voz\u201d de la maestra al decir cada nombre, o c\u00f3mo algunos peque\u00f1os \u2014como Christian\u2014 no pod\u00edan contener la emoci\u00f3n y saltaban de alegr\u00eda al ser reconocidos. Para quienes conocen el aula desde dentro, la escena no fue una sorpresa: es el reflejo de un v\u00ednculo construido d\u00eda a d\u00eda.<\/p>\n\n\n\n<figure class=\"wp-block-embed is-type-video is-provider-tiktok wp-block-embed-tiktok\"><div class=\"wp-block-embed__wrapper\">\n<blockquote class=\"tiktok-embed\" cite=\"https:\/\/www.tiktok.com\/@chv_noticias\/video\/7495141147669482758\" data-video-id=\"7495141147669482758\" data-embed-from=\"oembed\" style=\"max-width:605px; min-width:325px;\"> <section> <a target=\"_blank\" title=\"@chv_noticias\" href=\"https:\/\/www.tiktok.com\/@chv_noticias?refer=embed\">@chv_noticias<\/a> <p>\u00a1LA MEJOR PROFESORA! A trav\u00e9s de redes sociales se viraliz\u00f3 un tierno momento que tiene como protagonista a la maestra Gill y sus 19 alumnos de k\u00ednder. La educadora le pidi\u00f3 a sus alumnos que formaran una fila y que, de uno en uno, fueran salud\u00e1ndola para ver si pod\u00eda adivinar sus nombres. \u00a1Y as\u00ed lo hizo! Gill logr\u00f3 reconocer a sus 19 estudiantes, demostrando su gran vocaci\u00f3n y la importancia de involucrarse cons sus pupilos m\u00e1s all\u00e1 de las aulas. <a title=\"chvnoticias\" target=\"_blank\" href=\"https:\/\/www.tiktok.com\/tag\/chvnoticias?refer=embed\">#CHVNoticias<\/a> <a title=\"viralchv\" target=\"_blank\" href=\"https:\/\/www.tiktok.com\/tag\/viralchv?refer=embed\">#ViralCHV<\/a> <a title=\"internacionalchv\" target=\"_blank\" href=\"https:\/\/www.tiktok.com\/tag\/internacionalchv?refer=embed\">#InternacionalCHV<\/a> <\/p> <a target=\"_blank\" title=\"\u266c sonido original - chv_noticias\" href=\"https:\/\/www.tiktok.com\/music\/sonido-original-7495141260215274246?refer=embed\">\u266c sonido original &#8211; chv_noticias<\/a> <\/section> <\/blockquote> <script async src=\"https:\/\/www.tiktok.com\/embed.js\"><\/script>\n<\/div><\/figure>\n\n\n\n<p class=\"wp-block-paragraph\">Docentes de distintas partes del mundo comentaron que ellos tambi\u00e9n reconocen a sus alumnos por la risa, el llanto, la forma de caminar o incluso por los pasos. Algunos confesaron cu\u00e1nto extra\u00f1an ser maestros; otros expresaron el anhelo profundo de dedicarse a la docencia. El video activ\u00f3 recuerdos, vocaciones dormidas y una valoraci\u00f3n colectiva del nivel inicial, un nivel muchas veces subestimado, pero clave en la vida de cualquier persona.<\/p>\n\n\n\n<p class=\"wp-block-paragraph\">Sin embargo, tambi\u00e9n surgieron miradas cr\u00edticas y necesarias. Hubo comentarios ir\u00f3nicos \u2014\u201cahora con 45 alumnos\u201d\u2014 y otros que abrieron un debate m\u00e1s profundo: el uso del concepto de \u201cvocaci\u00f3n\u201d en pedagog\u00eda. Algunas voces advirtieron que romantizar la vocaci\u00f3n puede llevar a exigir a los docentes un rol casi maternal, invisibilizando l\u00edmites, profesionalidad y derechos laborales. La escena emociona, s\u00ed, pero no debe usarse para justificar sobrecarga o precarizaci\u00f3n.<\/p>\n\n\n\n<p class=\"wp-block-paragraph\">Aun con ese debate abierto, el mensaje central es contundente. Reconocer a un alumno por su voz no es magia, ni espect\u00e1culo: es presencia, escucha y conocimiento real del otro. Es entender que educar no es solo transmitir contenidos, sino construir relaciones humanas seguras donde cada ni\u00f1o se sienta visto, nombrado y valorado.<\/p>\n\n\n\n<p class=\"wp-block-paragraph\">Este momento viral no habla solo de una maestra excepcional. Habla de lo que la educaci\u00f3n puede ser cuando hay tiempo, respeto y condiciones para que el v\u00ednculo exista. Y recuerda algo esencial que las estad\u00edsticas no siempre muestran: para un ni\u00f1o, ser reconocido por su maestra no es un detalle. Es una experiencia que deja huella.<\/p>\n\n\n\n<p class=\"has-text-align-right wp-block-paragraph\"><strong>Redacci\u00f3n | Web del Maestro CMF<\/strong><\/p>\n\n\n\t\t<div class=\"pk-inline-posts\">\n\t\t\t\n\t\t\t<div class=\"pk-inline-posts-container pk-inline-posts-template-list\"\n\t\t\t\tdata-columns=\"1\">\n\t\t\t\t\t\t<article id=\"post-121155\" class=\"post-121155 post type-post status-publish format-standard has-post-thumbnail category-noticias-internacionales tag-comunidad-educativa tag-docentes tag-educacion-2 tag-educacion-civica-2 tag-educacion-patriotica tag-educacion-preescolar tag-estudiantes tag-formacion-integral tag-politica-educativa tag-valores cs-entry cs-video-wrap\">\n\t\t\t<div class=\"pk-post-outer\">\n\n\t\t\t\t\t\t\t\t<div class=\"pk-post-inner\">\n\t\t\t\t\t<div class=\"entry-thumbnail\">\n\t\t\t\t\t\t<div class=\"pk-overlay pk-overlay-ratio pk-ratio-landscape\">\n\t\t\t\t\t\t\t<div class=\"pk-overlay-background\">\n\t\t\t\t\t\t\t\t<a href=\"https:\/\/webdelmaestrocmf.com\/portal\/el-ministerio-de-educacion-de-rusia-aprueba-el-plan-educativo-para-el-curso-2026-27\/\" class=\"pk-overlay-link\">\n\t\t\t\t\t\t\t\t\t<img loading=\"lazy\" decoding=\"async\" width=\"300\" height=\"225\" src=\"https:\/\/webdelmaestrocmf.com\/portal\/wp-content\/uploads\/2026\/09\/1AA-Banner-1-portada-imagen-10-1-copia-20-300x225.webp\" class=\"attachment-pk-thumbnail size-pk-thumbnail wp-post-image\" alt=\"\" \/>\t\t\t\t\t\t\t\t<\/a>\n\t\t\t\t\t\t\t<\/div>\n\t\t\t\t\t\t<\/div>\n\t\t\t\t\t<\/div>\n\t\t\t\t<\/div>\n\t\t\t\t\n\t\t\t\t<div class=\"pk-post-inner\">\n\t\t\t\t\t<header>\n\t\t\t\t\t\t<h3 class=\"pk-title\"><a href=\"https:\/\/webdelmaestrocmf.com\/portal\/el-ministerio-de-educacion-de-rusia-aprueba-el-plan-educativo-para-el-curso-2026-27\/\" rel=\"bookmark\">El Ministerio de Educaci\u00f3n de Rusia aprueba el plan educativo para el curso 2026\/27<\/a><\/h3>\t\t\t\t\t<\/header><!-- .entry-header -->\n\t\t\t\t<\/div><!-- .post-inner -->\n\n\t\t\t<\/div><!-- .post-outer -->\n\t\t<\/article>\n\t\t\t<article id=\"post-121053\" class=\"post-121053 post type-post status-publish format-standard has-post-thumbnail category-noticias-internacionales tag-deporte tag-educacion-2 tag-fair-play tag-formacion-deportiva tag-futbol-2 tag-infancia tag-juego-limpio tag-mundial tag-trabajo-en-equipo tag-valores cs-entry cs-video-wrap\">\n\t\t\t<div class=\"pk-post-outer\">\n\n\t\t\t\t\t\t\t\t<div class=\"pk-post-inner\">\n\t\t\t\t\t<div class=\"entry-thumbnail\">\n\t\t\t\t\t\t<div class=\"pk-overlay pk-overlay-ratio pk-ratio-landscape\">\n\t\t\t\t\t\t\t<div class=\"pk-overlay-background\">\n\t\t\t\t\t\t\t\t<a href=\"https:\/\/webdelmaestrocmf.com\/portal\/javier-bardem-elogia-a-la-seleccion-campeona-y-destaca-el-juego-limpio-como-ejemplo-para-millones-de-ninos\/\" class=\"pk-overlay-link\">\n\t\t\t\t\t\t\t\t\t<img loading=\"lazy\" decoding=\"async\" width=\"300\" height=\"225\" src=\"https:\/\/webdelmaestrocmf.com\/portal\/wp-content\/uploads\/2026\/07\/1AA-Banner-1-portada-imagen-10-1-copia-16-1-300x225.webp\" class=\"attachment-pk-thumbnail size-pk-thumbnail wp-post-image\" alt=\"\" \/>\t\t\t\t\t\t\t\t<\/a>\n\t\t\t\t\t\t\t<\/div>\n\t\t\t\t\t\t<\/div>\n\t\t\t\t\t<\/div>\n\t\t\t\t<\/div>\n\t\t\t\t\n\t\t\t\t<div class=\"pk-post-inner\">\n\t\t\t\t\t<header>\n\t\t\t\t\t\t<h3 class=\"pk-title\"><a href=\"https:\/\/webdelmaestrocmf.com\/portal\/javier-bardem-elogia-a-la-seleccion-campeona-y-destaca-el-juego-limpio-como-ejemplo-para-millones-de-ninos\/\" rel=\"bookmark\">Javier Bardem elogia a la selecci\u00f3n campeona y destaca el juego limpio como ejemplo para millones de ni\u00f1os<\/a><\/h3>\t\t\t\t\t<\/header><!-- .entry-header -->\n\t\t\t\t<\/div><!-- .post-inner -->\n\n\t\t\t<\/div><!-- .post-outer -->\n\t\t<\/article>\n\t\t\t<article id=\"post-121041\" class=\"post-121041 post type-post status-publish format-standard has-post-thumbnail category-noticias-internacionales tag-agresion-a-docente tag-apoderados tag-comunidad-educativa tag-convivencia-escolar tag-ley-karin tag-proteccion-docente tag-salud-mental tag-seguridad-escolar tag-violencia-escolar cs-entry cs-video-wrap\">\n\t\t\t<div class=\"pk-post-outer\">\n\n\t\t\t\t\t\t\t\t<div class=\"pk-post-inner\">\n\t\t\t\t\t<div class=\"entry-thumbnail\">\n\t\t\t\t\t\t<div class=\"pk-overlay pk-overlay-ratio pk-ratio-landscape\">\n\t\t\t\t\t\t\t<div class=\"pk-overlay-background\">\n\t\t\t\t\t\t\t\t<a href=\"https:\/\/webdelmaestrocmf.com\/portal\/municipalidad-de-temuco-anuncia-acciones-legales-tras-agresion-de-un-apoderado-a-un-profesor-dentro-de-un-establecimiento-educacional\/\" class=\"pk-overlay-link\">\n\t\t\t\t\t\t\t\t\t<img loading=\"lazy\" decoding=\"async\" width=\"300\" height=\"225\" src=\"https:\/\/webdelmaestrocmf.com\/portal\/wp-content\/uploads\/2026\/07\/1AA-Banner-1-portada-imagen-10-1-copia-14-1-300x225.webp\" class=\"attachment-pk-thumbnail size-pk-thumbnail wp-post-image\" alt=\"\" \/>\t\t\t\t\t\t\t\t<\/a>\n\t\t\t\t\t\t\t<\/div>\n\t\t\t\t\t\t<\/div>\n\t\t\t\t\t<\/div>\n\t\t\t\t<\/div>\n\t\t\t\t\n\t\t\t\t<div class=\"pk-post-inner\">\n\t\t\t\t\t<header>\n\t\t\t\t\t\t<h3 class=\"pk-title\"><a href=\"https:\/\/webdelmaestrocmf.com\/portal\/municipalidad-de-temuco-anuncia-acciones-legales-tras-agresion-de-un-apoderado-a-un-profesor-dentro-de-un-establecimiento-educacional\/\" rel=\"bookmark\">Municipalidad de Temuco anuncia acciones legales tras agresi\u00f3n de un apoderado a un profesor dentro de un establecimiento educacional<\/a><\/h3>\t\t\t\t\t<\/header><!-- .entry-header -->\n\t\t\t\t<\/div><!-- .post-inner -->\n\n\t\t\t<\/div><!-- .post-outer -->\n\t\t<\/article>\n\t\t\t\t<\/div>\n\t\t<\/div>\n\t\t\n","protected":false},"excerpt":{"rendered":"La educadora les pidi\u00f3 que formaran una fila y que, de uno en uno, la saludaran para comprobar si pod\u00eda adivinar sus nombres. El resultado fue conmovedor: los reconoci\u00f3 a todos.","protected":false},"author":1,"featured_media":115249,"comment_status":"open","ping_status":"closed","sticky":false,"template":"","format":"standard","meta":{"_jetpack_newsletter_access":"","_jetpack_dont_email_post_to_subs":false,"_jetpack_newsletter_tier_id":0,"_jetpack_memberships_contains_paywalled_content":false,"csco_display_header_overlay":false,"csco_singular_sidebar":"","csco_page_header_type":"","csco_page_load_nextpost":"","csco_post_video_location":[],"csco_post_video_location_hash":"","csco_post_video_url":"","csco_post_video_bg_start_time":0,"csco_post_video_bg_end_time":0,"csco_post_video_bg_volume":false,"_jetpack_feature_clip_id":0,"_jetpack_memberships_contains_paid_content":false,"footnotes":"","jetpack_post_was_ever_published":false},"categories":[23790],"tags":[596,55,18453,18812,673,2765,18395,24397,24504,20644],"class_list":["post-114333","post","type-post","status-publish","format-standard","has-post-thumbnail","category-noticias-internacionales","tag-aula","tag-educacion","tag-educacion-emocional-2","tag-educacion-inicial","tag-infancia","tag-maestras","tag-nivel-inicial","tag-pedagogia-2","tag-respeto-docente","tag-vocacion-docente","cs-entry","cs-video-wrap"],"yoast_head":"<!-- This site is optimized with the Yoast SEO plugin v28.4 - https:\/\/yoast.com\/product\/yoast-seo-wordpress\/ -->\n<title>Una profesora protagoniz\u00f3 un tierno y emotivo momento al reconocer la voz de cada uno de sus alumnos de k\u00ednder - 2026<\/title>\n<meta name=\"description\" content=\"A trav\u00e9s de redes sociales se viraliz\u00f3 un momento tan simple como profundamente significativo: la profesora Gill, frente a sus 19 alumnos...\" \/>\n<meta name=\"robots\" content=\"index, follow, max-snippet:-1, max-image-preview:large, max-video-preview:-1\" \/>\n<link rel=\"canonical\" href=\"https:\/\/webdelmaestrocmf.com\/portal\/una-profesora-protagonizo-un-tierno-y-emotivo-momento-al-reconocer-la-voz-de-cada-uno-de-sus-alumnos-de-kinder\/\" \/>\n<meta property=\"og:locale\" content=\"es_ES\" \/>\n<meta property=\"og:type\" content=\"article\" \/>\n<meta property=\"og:title\" content=\"Una profesora protagoniz\u00f3 un tierno y emotivo momento al reconocer la voz de cada uno de sus alumnos de k\u00ednder - 2026\" \/>\n<meta property=\"og:description\" content=\"A trav\u00e9s de redes sociales se viraliz\u00f3 un momento tan simple como profundamente significativo: la profesora Gill, frente a sus 19 alumnos...\" \/>\n<meta property=\"og:url\" content=\"https:\/\/webdelmaestrocmf.com\/portal\/una-profesora-protagonizo-un-tierno-y-emotivo-momento-al-reconocer-la-voz-de-cada-uno-de-sus-alumnos-de-kinder\/\" \/>\n<meta property=\"og:site_name\" content=\"Web del Maestro CMF\" \/>\n<meta property=\"article:publisher\" content=\"https:\/\/www.facebook.com\/WebdelMaestroCMF\/\" \/>\n<meta property=\"article:author\" content=\"https:\/\/www.facebook.com\/WebdelMaestroCMF\/\" \/>\n<meta property=\"article:published_time\" content=\"2025-12-27T23:26:58+00:00\" \/>\n<meta property=\"article:modified_time\" content=\"2026-02-21T22:11:35+00:00\" \/>\n<meta property=\"og:image\" content=\"https:\/\/webdelmaestrocmf.com\/portal\/wp-content\/uploads\/2025\/12\/1A-Banner-1-portada-imagen-10-1-copia-3-7.webp\" \/>\n\t<meta property=\"og:image:width\" content=\"1000\" \/>\n\t<meta property=\"og:image:height\" content=\"667\" \/>\n\t<meta property=\"og:image:type\" content=\"image\/webp\" \/>\n<meta name=\"author\" content=\"Web del Maestro CMF\" \/>\n<meta name=\"twitter:card\" content=\"summary_large_image\" \/>\n<meta name=\"twitter:creator\" content=\"@cmf_w\" \/>\n<meta name=\"twitter:site\" content=\"@cmf_w\" \/>\n<script type=\"application\/ld+json\" class=\"yoast-schema-graph\">{\"@context\":\"https:\\\/\\\/schema.org\",\"@graph\":[{\"@type\":\"ScholarlyArticle\",\"@id\":\"https:\\\/\\\/webdelmaestrocmf.com\\\/portal\\\/una-profesora-protagonizo-un-tierno-y-emotivo-momento-al-reconocer-la-voz-de-cada-uno-de-sus-alumnos-de-kinder\\\/#article\",\"isPartOf\":{\"@id\":\"https:\\\/\\\/webdelmaestrocmf.com\\\/portal\\\/una-profesora-protagonizo-un-tierno-y-emotivo-momento-al-reconocer-la-voz-de-cada-uno-de-sus-alumnos-de-kinder\\\/\"},\"author\":{\"name\":\"Web del Maestro CMF\",\"@id\":\"https:\\\/\\\/webdelmaestrocmf.com\\\/portal\\\/#\\\/schema\\\/person\\\/1072a2ed7bd960df8ef99a551fa35dc5\"},\"headline\":\"Una profesora protagoniz\u00f3 un tierno y emotivo momento al reconocer la voz de cada uno de sus alumnos de k\u00ednder\",\"datePublished\":\"2025-12-27T23:26:58+00:00\",\"dateModified\":\"2026-02-21T22:11:35+00:00\",\"mainEntityOfPage\":{\"@id\":\"https:\\\/\\\/webdelmaestrocmf.com\\\/portal\\\/una-profesora-protagonizo-un-tierno-y-emotivo-momento-al-reconocer-la-voz-de-cada-uno-de-sus-alumnos-de-kinder\\\/\"},\"wordCount\":508,\"commentCount\":0,\"publisher\":{\"@id\":\"https:\\\/\\\/webdelmaestrocmf.com\\\/portal\\\/#organization\"},\"image\":{\"@id\":\"https:\\\/\\\/webdelmaestrocmf.com\\\/portal\\\/una-profesora-protagonizo-un-tierno-y-emotivo-momento-al-reconocer-la-voz-de-cada-uno-de-sus-alumnos-de-kinder\\\/#primaryimage\"},\"thumbnailUrl\":\"https:\\\/\\\/webdelmaestrocmf.com\\\/portal\\\/wp-content\\\/uploads\\\/2025\\\/12\\\/1A-Banner-1-portada-imagen-10-1-copia-3-7.webp\",\"keywords\":[\"aula\",\"EDUCACI\u00d3N\",\"Educaci\u00f3n Emocional\",\"Educaci\u00f3n inicial\",\"infancia\",\"MAESTRAS\",\"Nivel Inicial\",\"pedagog\u00eda\",\"respeto docente\",\"Vocaci\u00f3n Docente\"],\"articleSection\":[\"Noticias Internacionales\"],\"inLanguage\":\"es\",\"potentialAction\":[{\"@type\":\"CommentAction\",\"name\":\"Comment\",\"target\":[\"https:\\\/\\\/webdelmaestrocmf.com\\\/portal\\\/una-profesora-protagonizo-un-tierno-y-emotivo-momento-al-reconocer-la-voz-de-cada-uno-de-sus-alumnos-de-kinder\\\/#respond\"]}]},{\"@type\":\"WebPage\",\"@id\":\"https:\\\/\\\/webdelmaestrocmf.com\\\/portal\\\/una-profesora-protagonizo-un-tierno-y-emotivo-momento-al-reconocer-la-voz-de-cada-uno-de-sus-alumnos-de-kinder\\\/\",\"url\":\"https:\\\/\\\/webdelmaestrocmf.com\\\/portal\\\/una-profesora-protagonizo-un-tierno-y-emotivo-momento-al-reconocer-la-voz-de-cada-uno-de-sus-alumnos-de-kinder\\\/\",\"name\":\"Una profesora protagoniz\u00f3 un tierno y emotivo momento al reconocer la voz de cada uno de sus alumnos de k\u00ednder - 2026\",\"isPartOf\":{\"@id\":\"https:\\\/\\\/webdelmaestrocmf.com\\\/portal\\\/#website\"},\"primaryImageOfPage\":{\"@id\":\"https:\\\/\\\/webdelmaestrocmf.com\\\/portal\\\/una-profesora-protagonizo-un-tierno-y-emotivo-momento-al-reconocer-la-voz-de-cada-uno-de-sus-alumnos-de-kinder\\\/#primaryimage\"},\"image\":{\"@id\":\"https:\\\/\\\/webdelmaestrocmf.com\\\/portal\\\/una-profesora-protagonizo-un-tierno-y-emotivo-momento-al-reconocer-la-voz-de-cada-uno-de-sus-alumnos-de-kinder\\\/#primaryimage\"},\"thumbnailUrl\":\"https:\\\/\\\/webdelmaestrocmf.com\\\/portal\\\/wp-content\\\/uploads\\\/2025\\\/12\\\/1A-Banner-1-portada-imagen-10-1-copia-3-7.webp\",\"datePublished\":\"2025-12-27T23:26:58+00:00\",\"dateModified\":\"2026-02-21T22:11:35+00:00\",\"description\":\"A trav\u00e9s de redes sociales se viraliz\u00f3 un momento tan simple como profundamente significativo: la profesora Gill, frente a sus 19 alumnos...\",\"breadcrumb\":{\"@id\":\"https:\\\/\\\/webdelmaestrocmf.com\\\/portal\\\/una-profesora-protagonizo-un-tierno-y-emotivo-momento-al-reconocer-la-voz-de-cada-uno-de-sus-alumnos-de-kinder\\\/#breadcrumb\"},\"inLanguage\":\"es\",\"potentialAction\":[{\"@type\":\"ReadAction\",\"target\":[\"https:\\\/\\\/webdelmaestrocmf.com\\\/portal\\\/una-profesora-protagonizo-un-tierno-y-emotivo-momento-al-reconocer-la-voz-de-cada-uno-de-sus-alumnos-de-kinder\\\/\"]}]},{\"@type\":\"ImageObject\",\"inLanguage\":\"es\",\"@id\":\"https:\\\/\\\/webdelmaestrocmf.com\\\/portal\\\/una-profesora-protagonizo-un-tierno-y-emotivo-momento-al-reconocer-la-voz-de-cada-uno-de-sus-alumnos-de-kinder\\\/#primaryimage\",\"url\":\"https:\\\/\\\/webdelmaestrocmf.com\\\/portal\\\/wp-content\\\/uploads\\\/2025\\\/12\\\/1A-Banner-1-portada-imagen-10-1-copia-3-7.webp\",\"contentUrl\":\"https:\\\/\\\/webdelmaestrocmf.com\\\/portal\\\/wp-content\\\/uploads\\\/2025\\\/12\\\/1A-Banner-1-portada-imagen-10-1-copia-3-7.webp\",\"width\":1000,\"height\":667},{\"@type\":\"BreadcrumbList\",\"@id\":\"https:\\\/\\\/webdelmaestrocmf.com\\\/portal\\\/una-profesora-protagonizo-un-tierno-y-emotivo-momento-al-reconocer-la-voz-de-cada-uno-de-sus-alumnos-de-kinder\\\/#breadcrumb\",\"itemListElement\":[{\"@type\":\"ListItem\",\"position\":1,\"name\":\"Portada\",\"item\":\"https:\\\/\\\/webdelmaestrocmf.com\\\/portal\\\/\"},{\"@type\":\"ListItem\",\"position\":2,\"name\":\"Noticias Internacionales\",\"item\":\"https:\\\/\\\/webdelmaestrocmf.com\\\/portal\\\/category\\\/noticias-internacionales\\\/\"},{\"@type\":\"ListItem\",\"position\":3,\"name\":\"Una profesora protagoniz\u00f3 un tierno y emotivo momento al reconocer la voz de cada uno de sus alumnos de k\u00ednder\"}]},{\"@type\":\"WebSite\",\"@id\":\"https:\\\/\\\/webdelmaestrocmf.com\\\/portal\\\/#website\",\"url\":\"https:\\\/\\\/webdelmaestrocmf.com\\\/portal\\\/\",\"name\":\"Web del Maestro CMF\",\"description\":\"Maestros al servicio de la educaci\u00f3n\",\"publisher\":{\"@id\":\"https:\\\/\\\/webdelmaestrocmf.com\\\/portal\\\/#organization\"},\"alternateName\":\"WMCMF\",\"potentialAction\":[{\"@type\":\"SearchAction\",\"target\":{\"@type\":\"EntryPoint\",\"urlTemplate\":\"https:\\\/\\\/webdelmaestrocmf.com\\\/portal\\\/?s={search_term_string}\"},\"query-input\":{\"@type\":\"PropertyValueSpecification\",\"valueRequired\":true,\"valueName\":\"search_term_string\"}}],\"inLanguage\":\"es\"},{\"@type\":\"Organization\",\"@id\":\"https:\\\/\\\/webdelmaestrocmf.com\\\/portal\\\/#organization\",\"name\":\"Web del Maestro CMF\",\"alternateName\":\"WMCMF\",\"url\":\"https:\\\/\\\/webdelmaestrocmf.com\\\/portal\\\/\",\"logo\":{\"@type\":\"ImageObject\",\"inLanguage\":\"es\",\"@id\":\"https:\\\/\\\/webdelmaestrocmf.com\\\/portal\\\/#\\\/schema\\\/logo\\\/image\\\/\",\"url\":\"https:\\\/\\\/webdelmaestrocmf.com\\\/portal\\\/wp-content\\\/uploads\\\/2023\\\/01\\\/logo-wmcmf-2.png\",\"contentUrl\":\"https:\\\/\\\/webdelmaestrocmf.com\\\/portal\\\/wp-content\\\/uploads\\\/2023\\\/01\\\/logo-wmcmf-2.png\",\"width\":200,\"height\":60,\"caption\":\"Web del Maestro CMF\"},\"image\":{\"@id\":\"https:\\\/\\\/webdelmaestrocmf.com\\\/portal\\\/#\\\/schema\\\/logo\\\/image\\\/\"},\"sameAs\":[\"https:\\\/\\\/www.facebook.com\\\/WebdelMaestroCMF\\\/\",\"https:\\\/\\\/x.com\\\/cmf_w\",\"https:\\\/\\\/www.pinterest.com\\\/WMCMF\\\/\",\"https:\\\/\\\/www.linkedin.com\\\/company\\\/web-del-maestro-cmf\\\/\",\"https:\\\/\\\/www.instagram.com\\\/wmcmf\\\/\",\"https:\\\/\\\/www.youtube.com\\\/channel\\\/UCDPSvjbdodE5sHnC3OxutHw\",\"https:\\\/\\\/mastodon.social\\\/@wmcmf\",\"https:\\\/\\\/www.tiktok.com\\\/@webdelmaestrocmf\"]},{\"@type\":\"Person\",\"@id\":\"https:\\\/\\\/webdelmaestrocmf.com\\\/portal\\\/#\\\/schema\\\/person\\\/1072a2ed7bd960df8ef99a551fa35dc5\",\"name\":\"Web del Maestro CMF\",\"image\":{\"@type\":\"ImageObject\",\"inLanguage\":\"es\",\"@id\":\"https:\\\/\\\/secure.gravatar.com\\\/avatar\\\/23291dd5b5ae1077dcff3dbb04c3e02bd28403fa75af6d8787d5e97c5bbbe30b?s=96&d=mm&r=g\",\"url\":\"https:\\\/\\\/secure.gravatar.com\\\/avatar\\\/23291dd5b5ae1077dcff3dbb04c3e02bd28403fa75af6d8787d5e97c5bbbe30b?s=96&d=mm&r=g\",\"contentUrl\":\"https:\\\/\\\/secure.gravatar.com\\\/avatar\\\/23291dd5b5ae1077dcff3dbb04c3e02bd28403fa75af6d8787d5e97c5bbbe30b?s=96&d=mm&r=g\",\"caption\":\"Web del Maestro CMF\"},\"description\":\"Esta Web se cre\u00f3 sin fines de lucro, con fines educativos, cient\u00edficos y acad\u00e9micos, para personas que tengan dificultades y\\\/o inconvenientes en visualizar el material original. El objetivo es entregar recursos, compartir experiencias y materiales que ayuden a los padres de familia, maestros y estudiantes en su actualizaci\u00f3n y formaci\u00f3n permanente, en bien de la Educaci\u00f3n.\",\"sameAs\":[\"http:\\\/\\\/webdelmaestrocmf.com\\\/portal\",\"https:\\\/\\\/www.facebook.com\\\/WebdelMaestroCMF\\\/\",\"https:\\\/\\\/www.instagram.com\\\/wmcmf\\\/\",\"https:\\\/\\\/cl.linkedin.com\\\/company\\\/web-del-maestro-cmf\",\"https:\\\/\\\/www.pinterest.com\\\/WMCMF\\\/publicaciones\\\/\",\"https:\\\/\\\/x.com\\\/cmf_w\",\"https:\\\/\\\/www.youtube.com\\\/@WMCMF\"]}]}<\/script>\n<!-- \/ Yoast SEO plugin. -->","yoast_head_json":{"title":"Una profesora protagoniz\u00f3 un tierno y emotivo momento al reconocer la voz de cada uno de sus alumnos de k\u00ednder - 2026","description":"A trav\u00e9s de redes sociales se viraliz\u00f3 un momento tan simple como profundamente significativo: la profesora Gill, frente a sus 19 alumnos...","robots":{"index":"index","follow":"follow","max-snippet":"max-snippet:-1","max-image-preview":"max-image-preview:large","max-video-preview":"max-video-preview:-1"},"canonical":"https:\/\/webdelmaestrocmf.com\/portal\/una-profesora-protagonizo-un-tierno-y-emotivo-momento-al-reconocer-la-voz-de-cada-uno-de-sus-alumnos-de-kinder\/","og_locale":"es_ES","og_type":"article","og_title":"Una profesora protagoniz\u00f3 un tierno y emotivo momento al reconocer la voz de cada uno de sus alumnos de k\u00ednder - 2026","og_description":"A trav\u00e9s de redes sociales se viraliz\u00f3 un momento tan simple como profundamente significativo: la profesora Gill, frente a sus 19 alumnos...","og_url":"https:\/\/webdelmaestrocmf.com\/portal\/una-profesora-protagonizo-un-tierno-y-emotivo-momento-al-reconocer-la-voz-de-cada-uno-de-sus-alumnos-de-kinder\/","og_site_name":"Web del Maestro CMF","article_publisher":"https:\/\/www.facebook.com\/WebdelMaestroCMF\/","article_author":"https:\/\/www.facebook.com\/WebdelMaestroCMF\/","article_published_time":"2025-12-27T23:26:58+00:00","article_modified_time":"2026-02-21T22:11:35+00:00","og_image":[{"width":1000,"height":667,"url":"https:\/\/webdelmaestrocmf.com\/portal\/wp-content\/uploads\/2025\/12\/1A-Banner-1-portada-imagen-10-1-copia-3-7.webp","type":"image\/webp"}],"author":"Web del Maestro CMF","twitter_card":"summary_large_image","twitter_creator":"@cmf_w","twitter_site":"@cmf_w","schema":{"@context":"https:\/\/schema.org","@graph":[{"@type":"ScholarlyArticle","@id":"https:\/\/webdelmaestrocmf.com\/portal\/una-profesora-protagonizo-un-tierno-y-emotivo-momento-al-reconocer-la-voz-de-cada-uno-de-sus-alumnos-de-kinder\/#article","isPartOf":{"@id":"https:\/\/webdelmaestrocmf.com\/portal\/una-profesora-protagonizo-un-tierno-y-emotivo-momento-al-reconocer-la-voz-de-cada-uno-de-sus-alumnos-de-kinder\/"},"author":{"name":"Web del Maestro CMF","@id":"https:\/\/webdelmaestrocmf.com\/portal\/#\/schema\/person\/1072a2ed7bd960df8ef99a551fa35dc5"},"headline":"Una profesora protagoniz\u00f3 un tierno y emotivo momento al reconocer la voz de cada uno de sus alumnos de k\u00ednder","datePublished":"2025-12-27T23:26:58+00:00","dateModified":"2026-02-21T22:11:35+00:00","mainEntityOfPage":{"@id":"https:\/\/webdelmaestrocmf.com\/portal\/una-profesora-protagonizo-un-tierno-y-emotivo-momento-al-reconocer-la-voz-de-cada-uno-de-sus-alumnos-de-kinder\/"},"wordCount":508,"commentCount":0,"publisher":{"@id":"https:\/\/webdelmaestrocmf.com\/portal\/#organization"},"image":{"@id":"https:\/\/webdelmaestrocmf.com\/portal\/una-profesora-protagonizo-un-tierno-y-emotivo-momento-al-reconocer-la-voz-de-cada-uno-de-sus-alumnos-de-kinder\/#primaryimage"},"thumbnailUrl":"https:\/\/webdelmaestrocmf.com\/portal\/wp-content\/uploads\/2025\/12\/1A-Banner-1-portada-imagen-10-1-copia-3-7.webp","keywords":["aula","EDUCACI\u00d3N","Educaci\u00f3n Emocional","Educaci\u00f3n inicial","infancia","MAESTRAS","Nivel Inicial","pedagog\u00eda","respeto docente","Vocaci\u00f3n Docente"],"articleSection":["Noticias Internacionales"],"inLanguage":"es","potentialAction":[{"@type":"CommentAction","name":"Comment","target":["https:\/\/webdelmaestrocmf.com\/portal\/una-profesora-protagonizo-un-tierno-y-emotivo-momento-al-reconocer-la-voz-de-cada-uno-de-sus-alumnos-de-kinder\/#respond"]}]},{"@type":"WebPage","@id":"https:\/\/webdelmaestrocmf.com\/portal\/una-profesora-protagonizo-un-tierno-y-emotivo-momento-al-reconocer-la-voz-de-cada-uno-de-sus-alumnos-de-kinder\/","url":"https:\/\/webdelmaestrocmf.com\/portal\/una-profesora-protagonizo-un-tierno-y-emotivo-momento-al-reconocer-la-voz-de-cada-uno-de-sus-alumnos-de-kinder\/","name":"Una profesora protagoniz\u00f3 un tierno y emotivo momento al reconocer la voz de cada uno de sus alumnos de k\u00ednder - 2026","isPartOf":{"@id":"https:\/\/webdelmaestrocmf.com\/portal\/#website"},"primaryImageOfPage":{"@id":"https:\/\/webdelmaestrocmf.com\/portal\/una-profesora-protagonizo-un-tierno-y-emotivo-momento-al-reconocer-la-voz-de-cada-uno-de-sus-alumnos-de-kinder\/#primaryimage"},"image":{"@id":"https:\/\/webdelmaestrocmf.com\/portal\/una-profesora-protagonizo-un-tierno-y-emotivo-momento-al-reconocer-la-voz-de-cada-uno-de-sus-alumnos-de-kinder\/#primaryimage"},"thumbnailUrl":"https:\/\/webdelmaestrocmf.com\/portal\/wp-content\/uploads\/2025\/12\/1A-Banner-1-portada-imagen-10-1-copia-3-7.webp","datePublished":"2025-12-27T23:26:58+00:00","dateModified":"2026-02-21T22:11:35+00:00","description":"A trav\u00e9s de redes sociales se viraliz\u00f3 un momento tan simple como profundamente significativo: la profesora Gill, frente a sus 19 alumnos...","breadcrumb":{"@id":"https:\/\/webdelmaestrocmf.com\/portal\/una-profesora-protagonizo-un-tierno-y-emotivo-momento-al-reconocer-la-voz-de-cada-uno-de-sus-alumnos-de-kinder\/#breadcrumb"},"inLanguage":"es","potentialAction":[{"@type":"ReadAction","target":["https:\/\/webdelmaestrocmf.com\/portal\/una-profesora-protagonizo-un-tierno-y-emotivo-momento-al-reconocer-la-voz-de-cada-uno-de-sus-alumnos-de-kinder\/"]}]},{"@type":"ImageObject","inLanguage":"es","@id":"https:\/\/webdelmaestrocmf.com\/portal\/una-profesora-protagonizo-un-tierno-y-emotivo-momento-al-reconocer-la-voz-de-cada-uno-de-sus-alumnos-de-kinder\/#primaryimage","url":"https:\/\/webdelmaestrocmf.com\/portal\/wp-content\/uploads\/2025\/12\/1A-Banner-1-portada-imagen-10-1-copia-3-7.webp","contentUrl":"https:\/\/webdelmaestrocmf.com\/portal\/wp-content\/uploads\/2025\/12\/1A-Banner-1-portada-imagen-10-1-copia-3-7.webp","width":1000,"height":667},{"@type":"BreadcrumbList","@id":"https:\/\/webdelmaestrocmf.com\/portal\/una-profesora-protagonizo-un-tierno-y-emotivo-momento-al-reconocer-la-voz-de-cada-uno-de-sus-alumnos-de-kinder\/#breadcrumb","itemListElement":[{"@type":"ListItem","position":1,"name":"Portada","item":"https:\/\/webdelmaestrocmf.com\/portal\/"},{"@type":"ListItem","position":2,"name":"Noticias Internacionales","item":"https:\/\/webdelmaestrocmf.com\/portal\/category\/noticias-internacionales\/"},{"@type":"ListItem","position":3,"name":"Una profesora protagoniz\u00f3 un tierno y emotivo momento al reconocer la voz de cada uno de sus alumnos de k\u00ednder"}]},{"@type":"WebSite","@id":"https:\/\/webdelmaestrocmf.com\/portal\/#website","url":"https:\/\/webdelmaestrocmf.com\/portal\/","name":"Web del Maestro CMF","description":"Maestros al servicio de la educaci\u00f3n","publisher":{"@id":"https:\/\/webdelmaestrocmf.com\/portal\/#organization"},"alternateName":"WMCMF","potentialAction":[{"@type":"SearchAction","target":{"@type":"EntryPoint","urlTemplate":"https:\/\/webdelmaestrocmf.com\/portal\/?s={search_term_string}"},"query-input":{"@type":"PropertyValueSpecification","valueRequired":true,"valueName":"search_term_string"}}],"inLanguage":"es"},{"@type":"Organization","@id":"https:\/\/webdelmaestrocmf.com\/portal\/#organization","name":"Web del Maestro CMF","alternateName":"WMCMF","url":"https:\/\/webdelmaestrocmf.com\/portal\/","logo":{"@type":"ImageObject","inLanguage":"es","@id":"https:\/\/webdelmaestrocmf.com\/portal\/#\/schema\/logo\/image\/","url":"https:\/\/webdelmaestrocmf.com\/portal\/wp-content\/uploads\/2023\/01\/logo-wmcmf-2.png","contentUrl":"https:\/\/webdelmaestrocmf.com\/portal\/wp-content\/uploads\/2023\/01\/logo-wmcmf-2.png","width":200,"height":60,"caption":"Web del Maestro CMF"},"image":{"@id":"https:\/\/webdelmaestrocmf.com\/portal\/#\/schema\/logo\/image\/"},"sameAs":["https:\/\/www.facebook.com\/WebdelMaestroCMF\/","https:\/\/x.com\/cmf_w","https:\/\/www.pinterest.com\/WMCMF\/","https:\/\/www.linkedin.com\/company\/web-del-maestro-cmf\/","https:\/\/www.instagram.com\/wmcmf\/","https:\/\/www.youtube.com\/channel\/UCDPSvjbdodE5sHnC3OxutHw","https:\/\/mastodon.social\/@wmcmf","https:\/\/www.tiktok.com\/@webdelmaestrocmf"]},{"@type":"Person","@id":"https:\/\/webdelmaestrocmf.com\/portal\/#\/schema\/person\/1072a2ed7bd960df8ef99a551fa35dc5","name":"Web del Maestro CMF","image":{"@type":"ImageObject","inLanguage":"es","@id":"https:\/\/secure.gravatar.com\/avatar\/23291dd5b5ae1077dcff3dbb04c3e02bd28403fa75af6d8787d5e97c5bbbe30b?s=96&d=mm&r=g","url":"https:\/\/secure.gravatar.com\/avatar\/23291dd5b5ae1077dcff3dbb04c3e02bd28403fa75af6d8787d5e97c5bbbe30b?s=96&d=mm&r=g","contentUrl":"https:\/\/secure.gravatar.com\/avatar\/23291dd5b5ae1077dcff3dbb04c3e02bd28403fa75af6d8787d5e97c5bbbe30b?s=96&d=mm&r=g","caption":"Web del Maestro CMF"},"description":"Esta Web se cre\u00f3 sin fines de lucro, con fines educativos, cient\u00edficos y acad\u00e9micos, para personas que tengan dificultades y\/o inconvenientes en visualizar el material original. El objetivo es entregar recursos, compartir experiencias y materiales que ayuden a los padres de familia, maestros y estudiantes en su actualizaci\u00f3n y formaci\u00f3n permanente, en bien de la Educaci\u00f3n.","sameAs":["http:\/\/webdelmaestrocmf.com\/portal","https:\/\/www.facebook.com\/WebdelMaestroCMF\/","https:\/\/www.instagram.com\/wmcmf\/","https:\/\/cl.linkedin.com\/company\/web-del-maestro-cmf","https:\/\/www.pinterest.com\/WMCMF\/publicaciones\/","https:\/\/x.com\/cmf_w","https:\/\/www.youtube.com\/@WMCMF"]}]}},"jetpack_sharing_enabled":true,"jetpack-related-posts":[{"id":114881,"url":"https:\/\/webdelmaestrocmf.com\/portal\/destituyeron-a-maestra-de-kinder-por-hacer-broma-pesada-a-una-nina\/","url_meta":{"origin":114333,"position":0},"title":"Destituyeron a maestra de k\u00ednder por hacer \u201cbroma pesada\u201d a una ni\u00f1a","author":"Web del Maestro CMF","date":"19 enero, 2026","format":false,"excerpt":"Lo que fue presentado como una \u201cbroma\u201d expuso a una ni\u00f1a al rid\u00edculo, vulner\u00f3 su integridad y convirti\u00f3 el aula en un espect\u00e1culo para redes sociales.","rel":"","context":"En \u00abNoticias Internacionales\u00bb","block_context":{"text":"Noticias Internacionales","link":"https:\/\/webdelmaestrocmf.com\/portal\/category\/noticias-internacionales\/"},"img":{"alt_text":"","src":"https:\/\/i0.wp.com\/webdelmaestrocmf.com\/portal\/wp-content\/uploads\/2026\/01\/1A-Banner-1-portada-imagen-10-1-copia-2-8.webp?resize=350%2C200&ssl=1","width":350,"height":200,"srcset":"https:\/\/i0.wp.com\/webdelmaestrocmf.com\/portal\/wp-content\/uploads\/2026\/01\/1A-Banner-1-portada-imagen-10-1-copia-2-8.webp?resize=350%2C200&ssl=1 1x, https:\/\/i0.wp.com\/webdelmaestrocmf.com\/portal\/wp-content\/uploads\/2026\/01\/1A-Banner-1-portada-imagen-10-1-copia-2-8.webp?resize=525%2C300&ssl=1 1.5x, https:\/\/i0.wp.com\/webdelmaestrocmf.com\/portal\/wp-content\/uploads\/2026\/01\/1A-Banner-1-portada-imagen-10-1-copia-2-8.webp?resize=700%2C400&ssl=1 2x"},"classes":[]},{"id":105881,"url":"https:\/\/webdelmaestrocmf.com\/portal\/corazon-de-nino-una-pelicula-imprescindible-para-docentes\/","url_meta":{"origin":114333,"position":1},"title":"Coraz\u00f3n de Ni\u00f1o: una pel\u00edcula imprescindible para Docentes","author":"Web del Maestro CMF","date":"5 junio, 2024","format":false,"excerpt":"Coraz\u00f3n de Ni\u00f1o, la pel\u00edcula mexicana de 1963 dirigida por Julio Bracho y protagonizada por Ignacio L\u00f3pez Tarso, es una obra maestra del cine latinoamericano que ofrece valiosas lecciones para alumnos, padres y profesores. Basada en la novela \"Cuore\" de Edmondo De Amicis, la cinta narra la historia de un\u2026","rel":"","context":"En \u00abPel\u00edculas\u00bb","block_context":{"text":"Pel\u00edculas","link":"https:\/\/webdelmaestrocmf.com\/portal\/category\/pedagogia\/peliculas\/"},"img":{"alt_text":"","src":"https:\/\/i0.wp.com\/webdelmaestrocmf.com\/portal\/wp-content\/uploads\/2024\/06\/Banner-1-portada-imagen-10-1-2024-06-05T201218.024.jpg?resize=350%2C200&ssl=1","width":350,"height":200,"srcset":"https:\/\/i0.wp.com\/webdelmaestrocmf.com\/portal\/wp-content\/uploads\/2024\/06\/Banner-1-portada-imagen-10-1-2024-06-05T201218.024.jpg?resize=350%2C200&ssl=1 1x, https:\/\/i0.wp.com\/webdelmaestrocmf.com\/portal\/wp-content\/uploads\/2024\/06\/Banner-1-portada-imagen-10-1-2024-06-05T201218.024.jpg?resize=525%2C300&ssl=1 1.5x, https:\/\/i0.wp.com\/webdelmaestrocmf.com\/portal\/wp-content\/uploads\/2024\/06\/Banner-1-portada-imagen-10-1-2024-06-05T201218.024.jpg?resize=700%2C400&ssl=1 2x"},"classes":[]},{"id":114566,"url":"https:\/\/webdelmaestrocmf.com\/portal\/un-alumno-le-escribe-una-carta-de-agradecimiento-a-su-profesor-yo-valoro-mucho-el-esfuerzo-y-la-paciencia-con-la-cual-me-ha-ensenado\/","url_meta":{"origin":114333,"position":2},"title":"Un alumno le escribe una carta de agradecimiento a su profesor: \u201cYo valoro mucho el esfuerzo y la paciencia con la cual me ha ense\u00f1ado\u201d","author":"Web del Maestro CMF","date":"6 enero, 2026","format":false,"excerpt":"Una carta de agradecimiento revela el impacto profundo de un docente cuando ense\u00f1ar transforma la forma de aprender y de pensar.","rel":"","context":"En \u00abBienestar docente\u00bb","block_context":{"text":"Bienestar docente","link":"https:\/\/webdelmaestrocmf.com\/portal\/category\/pedagogia\/bienestar-docente\/"},"img":{"alt_text":"","src":"https:\/\/i0.wp.com\/webdelmaestrocmf.com\/portal\/wp-content\/uploads\/2026\/01\/1A-Banner-1-portada-imagen-10-1-copia-4-1.webp?resize=350%2C200&ssl=1","width":350,"height":200,"srcset":"https:\/\/i0.wp.com\/webdelmaestrocmf.com\/portal\/wp-content\/uploads\/2026\/01\/1A-Banner-1-portada-imagen-10-1-copia-4-1.webp?resize=350%2C200&ssl=1 1x, https:\/\/i0.wp.com\/webdelmaestrocmf.com\/portal\/wp-content\/uploads\/2026\/01\/1A-Banner-1-portada-imagen-10-1-copia-4-1.webp?resize=525%2C300&ssl=1 1.5x, https:\/\/i0.wp.com\/webdelmaestrocmf.com\/portal\/wp-content\/uploads\/2026\/01\/1A-Banner-1-portada-imagen-10-1-copia-4-1.webp?resize=700%2C400&ssl=1 2x"},"classes":[]},{"id":114024,"url":"https:\/\/webdelmaestrocmf.com\/portal\/pedro-saenz-lopez-bunuel-la-motivacion-del-docente-es-mas-importante-que-la-del-alumno\/","url_meta":{"origin":114333,"position":3},"title":"Pedro S\u00e1enz-L\u00f3pez Bu\u00f1uel: La motivaci\u00f3n del docente es m\u00e1s importante que la del alumno","author":"Web del Maestro CMF","date":"14 diciembre, 2025","format":false,"excerpt":"La motivaci\u00f3n del docente es el motor invisible del aprendizaje: condiciona el clima del aula, despierta emociones y hace posible que los alumnos quieran aprender.","rel":"","context":"En \u00abEntrevistas\u00bb","block_context":{"text":"Entrevistas","link":"https:\/\/webdelmaestrocmf.com\/portal\/category\/noticias\/entrevistas\/"},"img":{"alt_text":"","src":"https:\/\/i0.wp.com\/webdelmaestrocmf.com\/portal\/wp-content\/uploads\/2025\/12\/1A-Banner-1-portada-imagen-10-1-copia-16.webp?resize=350%2C200&ssl=1","width":350,"height":200,"srcset":"https:\/\/i0.wp.com\/webdelmaestrocmf.com\/portal\/wp-content\/uploads\/2025\/12\/1A-Banner-1-portada-imagen-10-1-copia-16.webp?resize=350%2C200&ssl=1 1x, https:\/\/i0.wp.com\/webdelmaestrocmf.com\/portal\/wp-content\/uploads\/2025\/12\/1A-Banner-1-portada-imagen-10-1-copia-16.webp?resize=525%2C300&ssl=1 1.5x, https:\/\/i0.wp.com\/webdelmaestrocmf.com\/portal\/wp-content\/uploads\/2025\/12\/1A-Banner-1-portada-imagen-10-1-copia-16.webp?resize=700%2C400&ssl=1 2x"},"classes":[]},{"id":109281,"url":"https:\/\/webdelmaestrocmf.com\/portal\/como-afectan-las-conductas-disruptivas-de-los-alumnos-a-los-docentes-descarga-la-guia-pdf\/","url_meta":{"origin":114333,"position":4},"title":"C\u00f3mo afectan las conductas disruptivas de los alumnos a los docentes: una realidad que desgasta, desmotiva y limita seriamente la calidad del proceso educativo","author":"Web del Maestro CMF","date":"30 octubre, 2025","format":false,"excerpt":"Las conductas disruptivas afectan gravemente a los docentes, generando estr\u00e9s, desgaste emocional y deterioro del clima de aula, lo que impacta la calidad educativa y debilita el proceso de ense\u00f1anza-aprendizaje.","rel":"","context":"En \u00abConductas disruptivas\u00bb","block_context":{"text":"Conductas disruptivas","link":"https:\/\/webdelmaestrocmf.com\/portal\/category\/pedagogia\/conductas-disruptivas\/"},"img":{"alt_text":"","src":"https:\/\/i0.wp.com\/webdelmaestrocmf.com\/portal\/wp-content\/uploads\/2025\/06\/1A-Banner-1-portada-imagen-10-1-25.jpg?resize=350%2C200&ssl=1","width":350,"height":200,"srcset":"https:\/\/i0.wp.com\/webdelmaestrocmf.com\/portal\/wp-content\/uploads\/2025\/06\/1A-Banner-1-portada-imagen-10-1-25.jpg?resize=350%2C200&ssl=1 1x, https:\/\/i0.wp.com\/webdelmaestrocmf.com\/portal\/wp-content\/uploads\/2025\/06\/1A-Banner-1-portada-imagen-10-1-25.jpg?resize=525%2C300&ssl=1 1.5x, https:\/\/i0.wp.com\/webdelmaestrocmf.com\/portal\/wp-content\/uploads\/2025\/06\/1A-Banner-1-portada-imagen-10-1-25.jpg?resize=700%2C400&ssl=1 2x"},"classes":[]},{"id":117413,"url":"https:\/\/webdelmaestrocmf.com\/portal\/los-docentes-de-educacion-inicial-en-madrid-inician-una-huelga-indefinida-para-exigir-menos-alumnos-por-aula-y-mejores-salarios\/","url_meta":{"origin":114333,"position":5},"title":"Los docentes de educaci\u00f3n inicial en Madrid inician una huelga indefinida para exigir menos alumnos por aula y mejores salarios","author":"Web del Maestro CMF","date":"7 abril, 2026","format":false,"excerpt":"Docentes de educaci\u00f3n infantil inician huelga denunciando altas ratios, bajos salarios y falta de reconocimiento. La crisis evidencia un sistema que compromete la calidad educativa desde los primeros a\u00f1os.","rel":"","context":"En \u00abNoticias Internacionales\u00bb","block_context":{"text":"Noticias Internacionales","link":"https:\/\/webdelmaestrocmf.com\/portal\/category\/noticias-internacionales\/"},"img":{"alt_text":"","src":"https:\/\/i0.wp.com\/webdelmaestrocmf.com\/portal\/wp-content\/uploads\/2026\/04\/1-2.webp?resize=350%2C200&ssl=1","width":350,"height":200,"srcset":"https:\/\/i0.wp.com\/webdelmaestrocmf.com\/portal\/wp-content\/uploads\/2026\/04\/1-2.webp?resize=350%2C200&ssl=1 1x, https:\/\/i0.wp.com\/webdelmaestrocmf.com\/portal\/wp-content\/uploads\/2026\/04\/1-2.webp?resize=525%2C300&ssl=1 1.5x, https:\/\/i0.wp.com\/webdelmaestrocmf.com\/portal\/wp-content\/uploads\/2026\/04\/1-2.webp?resize=700%2C400&ssl=1 2x, https:\/\/i0.wp.com\/webdelmaestrocmf.com\/portal\/wp-content\/uploads\/2026\/04\/1-2.webp?resize=1050%2C600&ssl=1 3x"},"classes":[]}],"jetpack_featured_media_url":"https:\/\/webdelmaestrocmf.com\/portal\/wp-content\/uploads\/2025\/12\/1A-Banner-1-portada-imagen-10-1-copia-3-7.webp","_links":{"self":[{"href":"https:\/\/webdelmaestrocmf.com\/portal\/wp-json\/wp\/v2\/posts\/114333","targetHints":{"allow":["GET"]}}],"collection":[{"href":"https:\/\/webdelmaestrocmf.com\/portal\/wp-json\/wp\/v2\/posts"}],"about":[{"href":"https:\/\/webdelmaestrocmf.com\/portal\/wp-json\/wp\/v2\/types\/post"}],"author":[{"embeddable":true,"href":"https:\/\/webdelmaestrocmf.com\/portal\/wp-json\/wp\/v2\/users\/1"}],"replies":[{"embeddable":true,"href":"https:\/\/webdelmaestrocmf.com\/portal\/wp-json\/wp\/v2\/comments?post=114333"}],"version-history":[{"count":1,"href":"https:\/\/webdelmaestrocmf.com\/portal\/wp-json\/wp\/v2\/posts\/114333\/revisions"}],"predecessor-version":[{"id":114335,"href":"https:\/\/webdelmaestrocmf.com\/portal\/wp-json\/wp\/v2\/posts\/114333\/revisions\/114335"}],"wp:featuredmedia":[{"embeddable":true,"href":"https:\/\/webdelmaestrocmf.com\/portal\/wp-json\/wp\/v2\/media\/115249"}],"wp:attachment":[{"href":"https:\/\/webdelmaestrocmf.com\/portal\/wp-json\/wp\/v2\/media?parent=114333"}],"wp:term":[{"taxonomy":"category","embeddable":true,"href":"https:\/\/webdelmaestrocmf.com\/portal\/wp-json\/wp\/v2\/categories?post=114333"},{"taxonomy":"post_tag","embeddable":true,"href":"https:\/\/webdelmaestrocmf.com\/portal\/wp-json\/wp\/v2\/tags?post=114333"}],"curies":[{"name":"wp","href":"https:\/\/api.w.org\/{rel}","templated":true}]}}