{"id":114290,"date":"2025-12-26T14:27:53","date_gmt":"2025-12-26T17:27:53","guid":{"rendered":"https:\/\/webdelmaestrocmf.com\/portal\/?p=114290"},"modified":"2025-12-26T14:39:43","modified_gmt":"2025-12-26T17:39:43","slug":"asi-seran-las-escuelas-en-2030-una-transformacion-necesaria-no-un-experimento","status":"publish","type":"post","link":"https:\/\/webdelmaestrocmf.com\/portal\/asi-seran-las-escuelas-en-2030-una-transformacion-necesaria-no-un-experimento\/","title":{"rendered":"As\u00ed ser\u00e1n las escuelas en 2030: una transformaci\u00f3n necesaria, no un experimento"},"content":{"rendered":"\n<p>Las escuelas del a\u00f1o 2030 no ser\u00e1 irreconocible, pero s\u00ed profundamente distinta en su l\u00f3gica interna. No se trata de una ruptura total con el pasado, sino de una <strong>evoluci\u00f3n forzada por la realidad social, tecnol\u00f3gica y cognitiva de los estudiantes<\/strong>. Los cambios que se proyectan no responden a modas pedag\u00f3gicas, sino a una necesidad concreta: educar en un mundo complejo, cambiante y altamente digitalizado.<\/p>\n\n\n\n<h3 class=\"wp-block-heading\"><strong>El docente como gu\u00eda del aprendizaje, no como expositor permanente<\/strong><\/h3>\n\n\n\n<p>Uno de los cambios m\u00e1s relevantes ser\u00e1 el rol del docente. La clase magistral tradicional \u2014basada en la exposici\u00f3n prolongada y pasiva\u2014 perder\u00e1 centralidad. No porque el conocimiento deje de ser importante, sino porque <strong>ya no es exclusivo del aula<\/strong>.<\/p>\n\n\n\n<p>El profesor ser\u00e1, ante todo, un <strong>mediador del aprendizaje<\/strong>: orientar\u00e1 procesos, plantear\u00e1 desaf\u00edos, acompa\u00f1ar\u00e1 el pensamiento del estudiante, ayudar\u00e1 a formular preguntas y a evaluar informaci\u00f3n. Su autoridad no residir\u00e1 en \u201csaber m\u00e1s\u201d, sino en <strong>saber guiar mejor<\/strong>. Lejos de desaparecer, el docente se volver\u00e1 m\u00e1s necesario, pero con competencias distintas.<\/p>\n\n\n\n<figure class=\"wp-block-image size-large\"><img loading=\"lazy\" decoding=\"async\" width=\"819\" height=\"1024\" src=\"https:\/\/webdelmaestrocmf.com\/portal\/wp-content\/uploads\/2025\/12\/1-20-819x1024.jpg\" alt=\"\" class=\"wp-image-114303\" srcset=\"https:\/\/webdelmaestrocmf.com\/portal\/wp-content\/uploads\/2025\/12\/1-20-819x1024.jpg 819w, https:\/\/webdelmaestrocmf.com\/portal\/wp-content\/uploads\/2025\/12\/1-20-240x300.jpg 240w, https:\/\/webdelmaestrocmf.com\/portal\/wp-content\/uploads\/2025\/12\/1-20-768x960.jpg 768w, https:\/\/webdelmaestrocmf.com\/portal\/wp-content\/uploads\/2025\/12\/1-20-332x415.jpg 332w, https:\/\/webdelmaestrocmf.com\/portal\/wp-content\/uploads\/2025\/12\/1-20-664x830.jpg 664w, https:\/\/webdelmaestrocmf.com\/portal\/wp-content\/uploads\/2025\/12\/1-20-688x860.jpg 688w, https:\/\/webdelmaestrocmf.com\/portal\/wp-content\/uploads\/2025\/12\/1-20-1044x1305.jpg 1044w, https:\/\/webdelmaestrocmf.com\/portal\/wp-content\/uploads\/2025\/12\/1-20.jpg 1080w\" sizes=\"auto, (max-width: 819px) 100vw, 819px\" \/><\/figure>\n\n\n\n<h3 class=\"wp-block-heading\"><strong>Curr\u00edculos personalizados y trayectorias flexibles<\/strong><\/h3>\n\n\n\n<p>La estandarizaci\u00f3n extrema demostrar\u00e1 sus l\u00edmites. En 2030, el curr\u00edculum tender\u00e1 a adaptarse al <strong>ritmo, intereses y necesidades reales de cada estudiante<\/strong>, sin renunciar a contenidos comunes fundamentales.<\/p>\n\n\n\n<p>Esto implicar\u00e1 trayectorias m\u00e1s flexibles, itinerarios de aprendizaje personalizados y evaluaciones menos homog\u00e9neas. La personalizaci\u00f3n no significar\u00e1 \u201chacer lo que cada uno quiere\u201d, sino <strong>alcanzar objetivos comunes por caminos distintos<\/strong>, respetando tiempos cognitivos y estilos de aprendizaje.<\/p>\n\n\n\n<h3 class=\"wp-block-heading\"><strong>Mayor valoraci\u00f3n de las habilidades pr\u00e1cticas y humanas<\/strong><\/h3>\n\n\n\n<p>Las escuelas del futuro priorizar\u00e1n competencias que hoy suelen quedar relegadas:<br>pensamiento cr\u00edtico, resoluci\u00f3n de problemas, trabajo colaborativo, comunicaci\u00f3n efectiva, creatividad y autorregulaci\u00f3n emocional.<\/p>\n\n\n\n<p>El conocimiento te\u00f3rico seguir\u00e1 siendo importante, pero <strong>ya no ser\u00e1 el fin \u00faltimo<\/strong>, sino una herramienta al servicio de estas habilidades. Saber aplicar, transferir, argumentar y crear tendr\u00e1 m\u00e1s peso que memorizar datos f\u00e1cilmente accesibles en l\u00ednea.<\/p>\n\n\n\n<h3 class=\"wp-block-heading\"><strong>Internet como fuente principal de informaci\u00f3n\u2026 y la alfabetizaci\u00f3n cr\u00edtica como clave<\/strong><\/h3>\n\n\n\n<p>Internet se consolidar\u00e1 como la principal fuente de informaci\u00f3n acad\u00e9mica. El desaf\u00edo no ser\u00e1 acceder a los datos, sino <strong>discernir su calidad, veracidad y pertinencia<\/strong>. Por ello, la alfabetizaci\u00f3n digital cr\u00edtica ser\u00e1 un eje central del sistema educativo.<\/p>\n\n\n\n<p>Los estudiantes deber\u00e1n aprender a contrastar fuentes, detectar sesgos, comprender algoritmos y usar la tecnolog\u00eda de manera \u00e9tica y consciente. El dominio funcional del ingl\u00e9s, especialmente en entornos digitales, se volver\u00e1 cada vez m\u00e1s necesario.<\/p>\n\n\n\n<h3 class=\"wp-block-heading\"><strong>Evaluaciones m\u00e1s formativas y menos punitivas<\/strong><\/h3>\n\n\n\n<p>La evaluaci\u00f3n dejar\u00e1 de centrarse exclusivamente en ex\u00e1menes finales y calificaciones num\u00e9ricas. En su lugar, se impondr\u00e1n modelos <strong>m\u00e1s formativos<\/strong>, basados en procesos, evidencias de aprendizaje, proyectos y retroalimentaci\u00f3n continua.<\/p>\n\n\n\n<p>Evaluar ser\u00e1 acompa\u00f1ar, no castigar. El error ser\u00e1 entendido como parte natural del aprendizaje y no como una falla que debe ocultarse o sancionarse.<\/p>\n\n\n\n<h3 class=\"wp-block-heading\"><strong>Aprendizaje conectado con la realidad<\/strong><\/h3>\n\n\n\n<p>Las escuelas de 2030 buscar\u00e1n una relaci\u00f3n m\u00e1s estrecha con el entorno social, cultural y productivo. Proyectos vinculados a problemas reales, trabajo interdisciplinario, colaboraci\u00f3n con instituciones externas y aprendizaje basado en desaf\u00edos ser\u00e1n cada vez m\u00e1s frecuentes.<\/p>\n\n\n\n<p>El aula dejar\u00e1 de ser un espacio cerrado para convertirse en un <strong>nodo dentro de una red de aprendizaje m\u00e1s amplia<\/strong>.<\/p>\n\n\n\n<h3 class=\"wp-block-heading\"><strong>Uso estrat\u00e9gico de la inteligencia artificial<\/strong><\/h3>\n\n\n\n<p>La inteligencia artificial no reemplazar\u00e1 al docente ni al estudiante, pero s\u00ed ser\u00e1 una herramienta habitual. Se utilizar\u00e1 para apoyar la personalizaci\u00f3n, ofrecer retroalimentaci\u00f3n inmediata, detectar dificultades tempranas y optimizar procesos administrativos.<\/p>\n\n\n\n<p>El foco no estar\u00e1 en \u201cusar IA\u201d, sino en <strong>ense\u00f1ar a convivir cr\u00edticamente con ella<\/strong>, evitando la dependencia cognitiva y fomentando el pensamiento aut\u00f3nomo.<\/p>\n\n\n\n<h3 class=\"wp-block-heading\"><strong>El bienestar como condici\u00f3n para aprender<\/strong><\/h3>\n\n\n\n<p>Finalmente, las escuelas del futuro deber\u00e1n comprender que <strong>no hay aprendizaje sin bienestar<\/strong>. La salud mental, el clima escolar, el sentido de pertenencia y la seguridad emocional ser\u00e1n componentes esenciales del proyecto educativo.<\/p>\n\n\n\n<p>Una escuela que ignora el cansancio, la ansiedad o la sobrecarga emocional dif\u00edcilmente podr\u00e1 cumplir su misi\u00f3n formativa.<\/p>\n\n\n\n<hr class=\"wp-block-separator has-alpha-channel-opacity\"\/>\n\n\n\n<p>La escuela de 2030 no ser\u00e1 m\u00e1s f\u00e1cil, pero s\u00ed m\u00e1s consciente de su prop\u00f3sito. No educar\u00e1 solo para aprobar ex\u00e1menes, sino para <strong>comprender el mundo, participar en \u00e9l y transformarlo con criterio y humanidad<\/strong>. El desaf\u00edo no est\u00e1 en la tecnolog\u00eda, sino en c\u00f3mo decidamos usarla al servicio de una educaci\u00f3n m\u00e1s justa, profunda y significativa.<\/p>\n\n\n\n<p class=\"has-text-align-right\"><strong>Redacci\u00f3n | Web del Maestro CMF<\/strong><\/p>\n\n\n\t\t<div class=\"pk-inline-posts\">\n\t\t\t\n\t\t\t<div class=\"pk-inline-posts-container pk-inline-posts-template-list\"\n\t\t\t\tdata-columns=\"1\">\n\t\t\t\t\t\t<article id=\"post-115147\" class=\"post-115147 post type-post status-publish format-standard has-post-thumbnail category-aula-invertida category-clase-invertida category-clases category-pedagogia tag-aula tag-didactica-3 tag-docentes tag-educacion-3 tag-formacion-docente-3 tag-innovacion-educativa-3 tag-metodologias-educativas-2 tag-pedagogia-3 tag-practica-docente-2 cs-entry cs-video-wrap\">\n\t\t\t<div class=\"pk-post-outer\">\n\n\t\t\t\t\t\t\t\t<div class=\"pk-post-inner\">\n\t\t\t\t\t<div class=\"entry-thumbnail\">\n\t\t\t\t\t\t<div class=\"pk-overlay pk-overlay-ratio pk-ratio-landscape\">\n\t\t\t\t\t\t\t<div class=\"pk-overlay-background\">\n\t\t\t\t\t\t\t\t<a href=\"https:\/\/webdelmaestrocmf.com\/portal\/tipos-de-aulas-pedagogicas-claves-para-analizar-elegir-y-combinar-enfoques-en-la-practica-docente\/\" class=\"pk-overlay-link\">\n\t\t\t\t\t\t\t\t\t<img loading=\"lazy\" decoding=\"async\" width=\"300\" height=\"225\" src=\"https:\/\/webdelmaestrocmf.com\/portal\/wp-content\/uploads\/2026\/02\/1A-Banner-1-portada-imagen-10-1-copia-9-300x225.webp\" class=\"attachment-pk-thumbnail size-pk-thumbnail wp-post-image\" alt=\"\" \/>\t\t\t\t\t\t\t\t<\/a>\n\t\t\t\t\t\t\t<\/div>\n\t\t\t\t\t\t<\/div>\n\t\t\t\t\t<\/div>\n\t\t\t\t<\/div>\n\t\t\t\t\n\t\t\t\t<div class=\"pk-post-inner\">\n\t\t\t\t\t<header>\n\t\t\t\t\t\t<h3 class=\"pk-title\"><a href=\"https:\/\/webdelmaestrocmf.com\/portal\/tipos-de-aulas-pedagogicas-claves-para-analizar-elegir-y-combinar-enfoques-en-la-practica-docente\/\" rel=\"bookmark\">Tipos de aulas pedag\u00f3gicas: claves para analizar, elegir y combinar enfoques en la pr\u00e1ctica docente<\/a><\/h3>\t\t\t\t\t<\/header><!-- .entry-header -->\n\t\t\t\t<\/div><!-- .post-inner -->\n\n\t\t\t<\/div><!-- .post-outer -->\n\t\t<\/article>\n\t\t\t<article id=\"post-114648\" class=\"post-114648 post type-post status-publish format-standard has-post-thumbnail category-clases category-pedagogia tag-aprendizaje-activo tag-educacion-infantil tag-gestion-del-aula tag-ideas-para-maestros tag-material-didactico tag-organizacion-escolar tag-primaria tag-recursos-educativos tag-trucos-para-docentes tag-vuelta-al-cole cs-entry cs-video-wrap\">\n\t\t\t<div class=\"pk-post-outer\">\n\n\t\t\t\t\t\t\t\t<div class=\"pk-post-inner\">\n\t\t\t\t\t<div class=\"entry-thumbnail\">\n\t\t\t\t\t\t<div class=\"pk-overlay pk-overlay-ratio pk-ratio-landscape\">\n\t\t\t\t\t\t\t<div class=\"pk-overlay-background\">\n\t\t\t\t\t\t\t\t<a href=\"https:\/\/webdelmaestrocmf.com\/portal\/trucos-practicos-y-creativos-para-docentes-que-facilitan-la-vuelta-al-aula\/\" class=\"pk-overlay-link\">\n\t\t\t\t\t\t\t\t\t<img loading=\"lazy\" decoding=\"async\" width=\"300\" height=\"225\" src=\"https:\/\/webdelmaestrocmf.com\/portal\/wp-content\/uploads\/2026\/01\/1A-Banner-1-portada-imagen-10-1-copia-10-300x225.webp\" class=\"attachment-pk-thumbnail size-pk-thumbnail wp-post-image\" alt=\"\" \/>\t\t\t\t\t\t\t\t<\/a>\n\t\t\t\t\t\t\t<\/div>\n\t\t\t\t\t\t<\/div>\n\t\t\t\t\t<\/div>\n\t\t\t\t<\/div>\n\t\t\t\t\n\t\t\t\t<div class=\"pk-post-inner\">\n\t\t\t\t\t<header>\n\t\t\t\t\t\t<h3 class=\"pk-title\"><a href=\"https:\/\/webdelmaestrocmf.com\/portal\/trucos-practicos-y-creativos-para-docentes-que-facilitan-la-vuelta-al-aula\/\" rel=\"bookmark\">Trucos pr\u00e1cticos y creativos para docentes que facilitan la vuelta al aula<\/a><\/h3>\t\t\t\t\t<\/header><!-- .entry-header -->\n\t\t\t\t<\/div><!-- .post-inner -->\n\n\t\t\t<\/div><!-- .post-outer -->\n\t\t<\/article>\n\t\t\t<article id=\"post-102696\" class=\"post-102696 post type-post status-publish format-standard has-post-thumbnail category-clases category-pedagogia tag-clase tag-consejos tag-dar tag-docentes tag-efectiva cs-entry cs-video-wrap\">\n\t\t\t<div class=\"pk-post-outer\">\n\n\t\t\t\t\t\t\t\t<div class=\"pk-post-inner\">\n\t\t\t\t\t<div class=\"entry-thumbnail\">\n\t\t\t\t\t\t<div class=\"pk-overlay pk-overlay-ratio pk-ratio-landscape\">\n\t\t\t\t\t\t\t<div class=\"pk-overlay-background\">\n\t\t\t\t\t\t\t\t<a href=\"https:\/\/webdelmaestrocmf.com\/portal\/como-dar-una-clase-efectiva-consejos-para-docentes\/\" class=\"pk-overlay-link\">\n\t\t\t\t\t\t\t\t\t<img loading=\"lazy\" decoding=\"async\" width=\"300\" height=\"225\" src=\"https:\/\/webdelmaestrocmf.com\/portal\/wp-content\/uploads\/2024\/01\/Banner-1-portada-imagen-10-8-300x225.jpg\" class=\"attachment-pk-thumbnail size-pk-thumbnail wp-post-image\" alt=\"clase efectiva\" \/>\t\t\t\t\t\t\t\t<\/a>\n\t\t\t\t\t\t\t<\/div>\n\t\t\t\t\t\t<\/div>\n\t\t\t\t\t<\/div>\n\t\t\t\t<\/div>\n\t\t\t\t\n\t\t\t\t<div class=\"pk-post-inner\">\n\t\t\t\t\t<header>\n\t\t\t\t\t\t<h3 class=\"pk-title\"><a href=\"https:\/\/webdelmaestrocmf.com\/portal\/como-dar-una-clase-efectiva-consejos-para-docentes\/\" rel=\"bookmark\">C\u00f3mo dar una clase efectiva: consejos para docentes<\/a><\/h3>\t\t\t\t\t<\/header><!-- .entry-header -->\n\t\t\t\t<\/div><!-- .post-inner -->\n\n\t\t\t<\/div><!-- .post-outer -->\n\t\t<\/article>\n\t\t\t\t<\/div>\n\t\t<\/div>\n\t\t\n","protected":false},"excerpt":{"rendered":"La escuela de 2030 no cambia por moda: transforma roles, contenidos y evaluaciones para educar en un mundo real, complejo y digital.","protected":false},"author":1,"featured_media":114305,"comment_status":"open","ping_status":"closed","sticky":false,"template":"","format":"standard","meta":{"csco_display_header_overlay":false,"csco_singular_sidebar":"","csco_page_header_type":"","csco_page_load_nextpost":"","csco_post_video_location":[],"csco_post_video_location_hash":"","csco_post_video_url":"","csco_post_video_bg_start_time":0,"csco_post_video_bg_end_time":0,"csco_post_video_bg_volume":false,"_jetpack_memberships_contains_paid_content":false,"footnotes":""},"categories":[15882,735],"tags":[16180,24999,24692,18335,3987,15568,24421,23860,3023,24691],"class_list":{"0":"post-114290","1":"post","2":"type-post","3":"status-publish","4":"format-standard","5":"has-post-thumbnail","7":"category-clases","8":"category-pedagogia","9":"tag-aprendizaje-personalizado","10":"tag-curriculo-flexible","11":"tag-educacion-2030","12":"tag-escuela-del-futuro","13":"tag-evaluacion-formativa","14":"tag-habilidades-del-siglo-xxi","15":"tag-innovacion-educativa-2","16":"tag-pensamiento-critico-2","17":"tag-rol-docente","18":"tag-tecnologia-educativa-2","19":"cs-entry","20":"cs-video-wrap"},"yoast_head":"<!-- This site is optimized with the Yoast SEO plugin v27.5 - https:\/\/yoast.com\/product\/yoast-seo-wordpress\/ -->\n<title>As\u00ed ser\u00e1n las escuelas en 2030: una transformaci\u00f3n necesaria, no un experimento - 2026<\/title>\n<meta name=\"description\" content=\"Las escuelas del a\u00f1o 2030 no ser\u00e1 irreconocible, pero s\u00ed profundamente distinta en su l\u00f3gica interna. No se trata de una ruptura...\" \/>\n<meta name=\"robots\" content=\"index, follow, max-snippet:-1, max-image-preview:large, max-video-preview:-1\" \/>\n<link rel=\"canonical\" href=\"https:\/\/webdelmaestrocmf.com\/portal\/asi-seran-las-escuelas-en-2030-una-transformacion-necesaria-no-un-experimento\/\" \/>\n<meta property=\"og:locale\" content=\"es_ES\" \/>\n<meta property=\"og:type\" content=\"article\" \/>\n<meta property=\"og:title\" content=\"As\u00ed ser\u00e1n las escuelas en 2030: una transformaci\u00f3n necesaria, no un experimento - 2026\" \/>\n<meta property=\"og:description\" content=\"Las escuelas del a\u00f1o 2030 no ser\u00e1 irreconocible, pero s\u00ed profundamente distinta en su l\u00f3gica interna. No se trata de una ruptura...\" \/>\n<meta property=\"og:url\" content=\"https:\/\/webdelmaestrocmf.com\/portal\/asi-seran-las-escuelas-en-2030-una-transformacion-necesaria-no-un-experimento\/\" \/>\n<meta property=\"og:site_name\" content=\"Web del Maestro CMF\" \/>\n<meta property=\"article:publisher\" content=\"https:\/\/www.facebook.com\/WebdelMaestroCMF\/\" \/>\n<meta property=\"article:author\" content=\"https:\/\/www.facebook.com\/WebdelMaestroCMF\/\" \/>\n<meta property=\"article:published_time\" content=\"2025-12-26T17:27:53+00:00\" \/>\n<meta property=\"article:modified_time\" content=\"2025-12-26T17:39:43+00:00\" \/>\n<meta property=\"og:image\" content=\"https:\/\/webdelmaestrocmf.com\/portal\/wp-content\/uploads\/2025\/10\/1A-Banner-1-portada-imagen-10-1-copia-3-4.webp\" \/>\n\t<meta property=\"og:image:width\" content=\"1000\" \/>\n\t<meta property=\"og:image:height\" content=\"667\" \/>\n\t<meta property=\"og:image:type\" content=\"image\/webp\" \/>\n<meta name=\"author\" content=\"Web del Maestro CMF\" \/>\n<meta name=\"twitter:card\" content=\"summary_large_image\" \/>\n<meta name=\"twitter:creator\" content=\"@cmf_w\" \/>\n<meta name=\"twitter:site\" content=\"@cmf_w\" \/>\n<script type=\"application\/ld+json\" class=\"yoast-schema-graph\">{\"@context\":\"https:\\\/\\\/schema.org\",\"@graph\":[{\"@type\":\"ScholarlyArticle\",\"@id\":\"https:\\\/\\\/webdelmaestrocmf.com\\\/portal\\\/asi-seran-las-escuelas-en-2030-una-transformacion-necesaria-no-un-experimento\\\/#article\",\"isPartOf\":{\"@id\":\"https:\\\/\\\/webdelmaestrocmf.com\\\/portal\\\/asi-seran-las-escuelas-en-2030-una-transformacion-necesaria-no-un-experimento\\\/\"},\"author\":{\"name\":\"Web del Maestro CMF\",\"@id\":\"https:\\\/\\\/webdelmaestrocmf.com\\\/portal\\\/#\\\/schema\\\/person\\\/1072a2ed7bd960df8ef99a551fa35dc5\"},\"headline\":\"As\u00ed ser\u00e1n las escuelas en 2030: una transformaci\u00f3n necesaria, no un experimento\",\"datePublished\":\"2025-12-26T17:27:53+00:00\",\"dateModified\":\"2025-12-26T17:39:43+00:00\",\"mainEntityOfPage\":{\"@id\":\"https:\\\/\\\/webdelmaestrocmf.com\\\/portal\\\/asi-seran-las-escuelas-en-2030-una-transformacion-necesaria-no-un-experimento\\\/\"},\"wordCount\":787,\"commentCount\":3,\"publisher\":{\"@id\":\"https:\\\/\\\/webdelmaestrocmf.com\\\/portal\\\/#organization\"},\"image\":{\"@id\":\"https:\\\/\\\/webdelmaestrocmf.com\\\/portal\\\/asi-seran-las-escuelas-en-2030-una-transformacion-necesaria-no-un-experimento\\\/#primaryimage\"},\"thumbnailUrl\":\"https:\\\/\\\/webdelmaestrocmf.com\\\/portal\\\/wp-content\\\/uploads\\\/2025\\\/10\\\/1A-Banner-1-portada-imagen-10-1-copia-3-4.webp\",\"keywords\":[\"aprendizaje personalizado\",\"curr\u00edculo flexible\",\"educaci\u00f3n 2030\",\"Escuela del Futuro\",\"evaluaci\u00f3n formativa\",\"habilidades del siglo XXI\",\"Innovaci\u00f3n educativa\",\"Pensamiento Cr\u00edtico\",\"ROL DOCENTE\",\"tecnolog\u00eda educativa\"],\"articleSection\":[\"Clases\",\"Recursos\"],\"inLanguage\":\"es\",\"potentialAction\":[{\"@type\":\"CommentAction\",\"name\":\"Comment\",\"target\":[\"https:\\\/\\\/webdelmaestrocmf.com\\\/portal\\\/asi-seran-las-escuelas-en-2030-una-transformacion-necesaria-no-un-experimento\\\/#respond\"]}]},{\"@type\":\"WebPage\",\"@id\":\"https:\\\/\\\/webdelmaestrocmf.com\\\/portal\\\/asi-seran-las-escuelas-en-2030-una-transformacion-necesaria-no-un-experimento\\\/\",\"url\":\"https:\\\/\\\/webdelmaestrocmf.com\\\/portal\\\/asi-seran-las-escuelas-en-2030-una-transformacion-necesaria-no-un-experimento\\\/\",\"name\":\"As\u00ed ser\u00e1n las escuelas en 2030: una transformaci\u00f3n necesaria, no un experimento - 2026\",\"isPartOf\":{\"@id\":\"https:\\\/\\\/webdelmaestrocmf.com\\\/portal\\\/#website\"},\"primaryImageOfPage\":{\"@id\":\"https:\\\/\\\/webdelmaestrocmf.com\\\/portal\\\/asi-seran-las-escuelas-en-2030-una-transformacion-necesaria-no-un-experimento\\\/#primaryimage\"},\"image\":{\"@id\":\"https:\\\/\\\/webdelmaestrocmf.com\\\/portal\\\/asi-seran-las-escuelas-en-2030-una-transformacion-necesaria-no-un-experimento\\\/#primaryimage\"},\"thumbnailUrl\":\"https:\\\/\\\/webdelmaestrocmf.com\\\/portal\\\/wp-content\\\/uploads\\\/2025\\\/10\\\/1A-Banner-1-portada-imagen-10-1-copia-3-4.webp\",\"datePublished\":\"2025-12-26T17:27:53+00:00\",\"dateModified\":\"2025-12-26T17:39:43+00:00\",\"description\":\"Las escuelas del a\u00f1o 2030 no ser\u00e1 irreconocible, pero s\u00ed profundamente distinta en su l\u00f3gica interna. No se trata de una ruptura...\",\"breadcrumb\":{\"@id\":\"https:\\\/\\\/webdelmaestrocmf.com\\\/portal\\\/asi-seran-las-escuelas-en-2030-una-transformacion-necesaria-no-un-experimento\\\/#breadcrumb\"},\"inLanguage\":\"es\",\"potentialAction\":[{\"@type\":\"ReadAction\",\"target\":[\"https:\\\/\\\/webdelmaestrocmf.com\\\/portal\\\/asi-seran-las-escuelas-en-2030-una-transformacion-necesaria-no-un-experimento\\\/\"]}]},{\"@type\":\"ImageObject\",\"inLanguage\":\"es\",\"@id\":\"https:\\\/\\\/webdelmaestrocmf.com\\\/portal\\\/asi-seran-las-escuelas-en-2030-una-transformacion-necesaria-no-un-experimento\\\/#primaryimage\",\"url\":\"https:\\\/\\\/webdelmaestrocmf.com\\\/portal\\\/wp-content\\\/uploads\\\/2025\\\/10\\\/1A-Banner-1-portada-imagen-10-1-copia-3-4.webp\",\"contentUrl\":\"https:\\\/\\\/webdelmaestrocmf.com\\\/portal\\\/wp-content\\\/uploads\\\/2025\\\/10\\\/1A-Banner-1-portada-imagen-10-1-copia-3-4.webp\",\"width\":1000,\"height\":667},{\"@type\":\"BreadcrumbList\",\"@id\":\"https:\\\/\\\/webdelmaestrocmf.com\\\/portal\\\/asi-seran-las-escuelas-en-2030-una-transformacion-necesaria-no-un-experimento\\\/#breadcrumb\",\"itemListElement\":[{\"@type\":\"ListItem\",\"position\":1,\"name\":\"Portada\",\"item\":\"https:\\\/\\\/webdelmaestrocmf.com\\\/portal\\\/\"},{\"@type\":\"ListItem\",\"position\":2,\"name\":\"Recursos\",\"item\":\"https:\\\/\\\/webdelmaestrocmf.com\\\/portal\\\/category\\\/pedagogia\\\/\"},{\"@type\":\"ListItem\",\"position\":3,\"name\":\"As\u00ed ser\u00e1n las escuelas en 2030: una transformaci\u00f3n necesaria, no un experimento\"}]},{\"@type\":\"WebSite\",\"@id\":\"https:\\\/\\\/webdelmaestrocmf.com\\\/portal\\\/#website\",\"url\":\"https:\\\/\\\/webdelmaestrocmf.com\\\/portal\\\/\",\"name\":\"Web del Maestro CMF\",\"description\":\"Maestros al servicio de la educaci\u00f3n\",\"publisher\":{\"@id\":\"https:\\\/\\\/webdelmaestrocmf.com\\\/portal\\\/#organization\"},\"alternateName\":\"WMCMF\",\"potentialAction\":[{\"@type\":\"SearchAction\",\"target\":{\"@type\":\"EntryPoint\",\"urlTemplate\":\"https:\\\/\\\/webdelmaestrocmf.com\\\/portal\\\/?s={search_term_string}\"},\"query-input\":{\"@type\":\"PropertyValueSpecification\",\"valueRequired\":true,\"valueName\":\"search_term_string\"}}],\"inLanguage\":\"es\"},{\"@type\":\"Organization\",\"@id\":\"https:\\\/\\\/webdelmaestrocmf.com\\\/portal\\\/#organization\",\"name\":\"Web del Maestro CMF\",\"alternateName\":\"WMCMF\",\"url\":\"https:\\\/\\\/webdelmaestrocmf.com\\\/portal\\\/\",\"logo\":{\"@type\":\"ImageObject\",\"inLanguage\":\"es\",\"@id\":\"https:\\\/\\\/webdelmaestrocmf.com\\\/portal\\\/#\\\/schema\\\/logo\\\/image\\\/\",\"url\":\"https:\\\/\\\/webdelmaestrocmf.com\\\/portal\\\/wp-content\\\/uploads\\\/2023\\\/01\\\/logo-wmcmf-2.png\",\"contentUrl\":\"https:\\\/\\\/webdelmaestrocmf.com\\\/portal\\\/wp-content\\\/uploads\\\/2023\\\/01\\\/logo-wmcmf-2.png\",\"width\":200,\"height\":60,\"caption\":\"Web del Maestro CMF\"},\"image\":{\"@id\":\"https:\\\/\\\/webdelmaestrocmf.com\\\/portal\\\/#\\\/schema\\\/logo\\\/image\\\/\"},\"sameAs\":[\"https:\\\/\\\/www.facebook.com\\\/WebdelMaestroCMF\\\/\",\"https:\\\/\\\/x.com\\\/cmf_w\",\"https:\\\/\\\/www.pinterest.com\\\/WMCMF\\\/\",\"https:\\\/\\\/www.linkedin.com\\\/company\\\/web-del-maestro-cmf\\\/\",\"https:\\\/\\\/www.instagram.com\\\/wmcmf\\\/\",\"https:\\\/\\\/www.youtube.com\\\/channel\\\/UCDPSvjbdodE5sHnC3OxutHw\",\"https:\\\/\\\/mastodon.social\\\/@wmcmf\",\"https:\\\/\\\/www.tiktok.com\\\/@webdelmaestrocmf\"]},{\"@type\":\"Person\",\"@id\":\"https:\\\/\\\/webdelmaestrocmf.com\\\/portal\\\/#\\\/schema\\\/person\\\/1072a2ed7bd960df8ef99a551fa35dc5\",\"name\":\"Web del Maestro CMF\",\"image\":{\"@type\":\"ImageObject\",\"inLanguage\":\"es\",\"@id\":\"https:\\\/\\\/secure.gravatar.com\\\/avatar\\\/23291dd5b5ae1077dcff3dbb04c3e02bd28403fa75af6d8787d5e97c5bbbe30b?s=96&d=mm&r=g\",\"url\":\"https:\\\/\\\/secure.gravatar.com\\\/avatar\\\/23291dd5b5ae1077dcff3dbb04c3e02bd28403fa75af6d8787d5e97c5bbbe30b?s=96&d=mm&r=g\",\"contentUrl\":\"https:\\\/\\\/secure.gravatar.com\\\/avatar\\\/23291dd5b5ae1077dcff3dbb04c3e02bd28403fa75af6d8787d5e97c5bbbe30b?s=96&d=mm&r=g\",\"caption\":\"Web del Maestro CMF\"},\"description\":\"Esta Web se cre\u00f3 sin fines de lucro, con fines educativos, cient\u00edficos y acad\u00e9micos, para personas que tengan dificultades y\\\/o inconvenientes en visualizar el material original. El objetivo es entregar recursos, compartir experiencias y materiales que ayuden a los padres de familia, maestros y estudiantes en su actualizaci\u00f3n y formaci\u00f3n permanente, en bien de la Educaci\u00f3n.\",\"sameAs\":[\"http:\\\/\\\/webdelmaestrocmf.com\\\/portal\",\"https:\\\/\\\/www.facebook.com\\\/WebdelMaestroCMF\\\/\",\"https:\\\/\\\/www.instagram.com\\\/wmcmf\\\/\",\"https:\\\/\\\/cl.linkedin.com\\\/company\\\/web-del-maestro-cmf\",\"https:\\\/\\\/www.pinterest.com\\\/WMCMF\\\/publicaciones\\\/\",\"https:\\\/\\\/x.com\\\/cmf_w\",\"https:\\\/\\\/www.youtube.com\\\/@WMCMF\"]}]}<\/script>\n<!-- \/ Yoast SEO plugin. -->","yoast_head_json":{"title":"As\u00ed ser\u00e1n las escuelas en 2030: una transformaci\u00f3n necesaria, no un experimento - 2026","description":"Las escuelas del a\u00f1o 2030 no ser\u00e1 irreconocible, pero s\u00ed profundamente distinta en su l\u00f3gica interna. No se trata de una ruptura...","robots":{"index":"index","follow":"follow","max-snippet":"max-snippet:-1","max-image-preview":"max-image-preview:large","max-video-preview":"max-video-preview:-1"},"canonical":"https:\/\/webdelmaestrocmf.com\/portal\/asi-seran-las-escuelas-en-2030-una-transformacion-necesaria-no-un-experimento\/","og_locale":"es_ES","og_type":"article","og_title":"As\u00ed ser\u00e1n las escuelas en 2030: una transformaci\u00f3n necesaria, no un experimento - 2026","og_description":"Las escuelas del a\u00f1o 2030 no ser\u00e1 irreconocible, pero s\u00ed profundamente distinta en su l\u00f3gica interna. No se trata de una ruptura...","og_url":"https:\/\/webdelmaestrocmf.com\/portal\/asi-seran-las-escuelas-en-2030-una-transformacion-necesaria-no-un-experimento\/","og_site_name":"Web del Maestro CMF","article_publisher":"https:\/\/www.facebook.com\/WebdelMaestroCMF\/","article_author":"https:\/\/www.facebook.com\/WebdelMaestroCMF\/","article_published_time":"2025-12-26T17:27:53+00:00","article_modified_time":"2025-12-26T17:39:43+00:00","og_image":[{"width":1000,"height":667,"url":"https:\/\/webdelmaestrocmf.com\/portal\/wp-content\/uploads\/2025\/10\/1A-Banner-1-portada-imagen-10-1-copia-3-4.webp","type":"image\/webp"}],"author":"Web del Maestro CMF","twitter_card":"summary_large_image","twitter_creator":"@cmf_w","twitter_site":"@cmf_w","schema":{"@context":"https:\/\/schema.org","@graph":[{"@type":"ScholarlyArticle","@id":"https:\/\/webdelmaestrocmf.com\/portal\/asi-seran-las-escuelas-en-2030-una-transformacion-necesaria-no-un-experimento\/#article","isPartOf":{"@id":"https:\/\/webdelmaestrocmf.com\/portal\/asi-seran-las-escuelas-en-2030-una-transformacion-necesaria-no-un-experimento\/"},"author":{"name":"Web del Maestro CMF","@id":"https:\/\/webdelmaestrocmf.com\/portal\/#\/schema\/person\/1072a2ed7bd960df8ef99a551fa35dc5"},"headline":"As\u00ed ser\u00e1n las escuelas en 2030: una transformaci\u00f3n necesaria, no un experimento","datePublished":"2025-12-26T17:27:53+00:00","dateModified":"2025-12-26T17:39:43+00:00","mainEntityOfPage":{"@id":"https:\/\/webdelmaestrocmf.com\/portal\/asi-seran-las-escuelas-en-2030-una-transformacion-necesaria-no-un-experimento\/"},"wordCount":787,"commentCount":3,"publisher":{"@id":"https:\/\/webdelmaestrocmf.com\/portal\/#organization"},"image":{"@id":"https:\/\/webdelmaestrocmf.com\/portal\/asi-seran-las-escuelas-en-2030-una-transformacion-necesaria-no-un-experimento\/#primaryimage"},"thumbnailUrl":"https:\/\/webdelmaestrocmf.com\/portal\/wp-content\/uploads\/2025\/10\/1A-Banner-1-portada-imagen-10-1-copia-3-4.webp","keywords":["aprendizaje personalizado","curr\u00edculo flexible","educaci\u00f3n 2030","Escuela del Futuro","evaluaci\u00f3n formativa","habilidades del siglo XXI","Innovaci\u00f3n educativa","Pensamiento Cr\u00edtico","ROL DOCENTE","tecnolog\u00eda educativa"],"articleSection":["Clases","Recursos"],"inLanguage":"es","potentialAction":[{"@type":"CommentAction","name":"Comment","target":["https:\/\/webdelmaestrocmf.com\/portal\/asi-seran-las-escuelas-en-2030-una-transformacion-necesaria-no-un-experimento\/#respond"]}]},{"@type":"WebPage","@id":"https:\/\/webdelmaestrocmf.com\/portal\/asi-seran-las-escuelas-en-2030-una-transformacion-necesaria-no-un-experimento\/","url":"https:\/\/webdelmaestrocmf.com\/portal\/asi-seran-las-escuelas-en-2030-una-transformacion-necesaria-no-un-experimento\/","name":"As\u00ed ser\u00e1n las escuelas en 2030: una transformaci\u00f3n necesaria, no un experimento - 2026","isPartOf":{"@id":"https:\/\/webdelmaestrocmf.com\/portal\/#website"},"primaryImageOfPage":{"@id":"https:\/\/webdelmaestrocmf.com\/portal\/asi-seran-las-escuelas-en-2030-una-transformacion-necesaria-no-un-experimento\/#primaryimage"},"image":{"@id":"https:\/\/webdelmaestrocmf.com\/portal\/asi-seran-las-escuelas-en-2030-una-transformacion-necesaria-no-un-experimento\/#primaryimage"},"thumbnailUrl":"https:\/\/webdelmaestrocmf.com\/portal\/wp-content\/uploads\/2025\/10\/1A-Banner-1-portada-imagen-10-1-copia-3-4.webp","datePublished":"2025-12-26T17:27:53+00:00","dateModified":"2025-12-26T17:39:43+00:00","description":"Las escuelas del a\u00f1o 2030 no ser\u00e1 irreconocible, pero s\u00ed profundamente distinta en su l\u00f3gica interna. No se trata de una ruptura...","breadcrumb":{"@id":"https:\/\/webdelmaestrocmf.com\/portal\/asi-seran-las-escuelas-en-2030-una-transformacion-necesaria-no-un-experimento\/#breadcrumb"},"inLanguage":"es","potentialAction":[{"@type":"ReadAction","target":["https:\/\/webdelmaestrocmf.com\/portal\/asi-seran-las-escuelas-en-2030-una-transformacion-necesaria-no-un-experimento\/"]}]},{"@type":"ImageObject","inLanguage":"es","@id":"https:\/\/webdelmaestrocmf.com\/portal\/asi-seran-las-escuelas-en-2030-una-transformacion-necesaria-no-un-experimento\/#primaryimage","url":"https:\/\/webdelmaestrocmf.com\/portal\/wp-content\/uploads\/2025\/10\/1A-Banner-1-portada-imagen-10-1-copia-3-4.webp","contentUrl":"https:\/\/webdelmaestrocmf.com\/portal\/wp-content\/uploads\/2025\/10\/1A-Banner-1-portada-imagen-10-1-copia-3-4.webp","width":1000,"height":667},{"@type":"BreadcrumbList","@id":"https:\/\/webdelmaestrocmf.com\/portal\/asi-seran-las-escuelas-en-2030-una-transformacion-necesaria-no-un-experimento\/#breadcrumb","itemListElement":[{"@type":"ListItem","position":1,"name":"Portada","item":"https:\/\/webdelmaestrocmf.com\/portal\/"},{"@type":"ListItem","position":2,"name":"Recursos","item":"https:\/\/webdelmaestrocmf.com\/portal\/category\/pedagogia\/"},{"@type":"ListItem","position":3,"name":"As\u00ed ser\u00e1n las escuelas en 2030: una transformaci\u00f3n necesaria, no un experimento"}]},{"@type":"WebSite","@id":"https:\/\/webdelmaestrocmf.com\/portal\/#website","url":"https:\/\/webdelmaestrocmf.com\/portal\/","name":"Web del Maestro CMF","description":"Maestros al servicio de la educaci\u00f3n","publisher":{"@id":"https:\/\/webdelmaestrocmf.com\/portal\/#organization"},"alternateName":"WMCMF","potentialAction":[{"@type":"SearchAction","target":{"@type":"EntryPoint","urlTemplate":"https:\/\/webdelmaestrocmf.com\/portal\/?s={search_term_string}"},"query-input":{"@type":"PropertyValueSpecification","valueRequired":true,"valueName":"search_term_string"}}],"inLanguage":"es"},{"@type":"Organization","@id":"https:\/\/webdelmaestrocmf.com\/portal\/#organization","name":"Web del Maestro CMF","alternateName":"WMCMF","url":"https:\/\/webdelmaestrocmf.com\/portal\/","logo":{"@type":"ImageObject","inLanguage":"es","@id":"https:\/\/webdelmaestrocmf.com\/portal\/#\/schema\/logo\/image\/","url":"https:\/\/webdelmaestrocmf.com\/portal\/wp-content\/uploads\/2023\/01\/logo-wmcmf-2.png","contentUrl":"https:\/\/webdelmaestrocmf.com\/portal\/wp-content\/uploads\/2023\/01\/logo-wmcmf-2.png","width":200,"height":60,"caption":"Web del Maestro CMF"},"image":{"@id":"https:\/\/webdelmaestrocmf.com\/portal\/#\/schema\/logo\/image\/"},"sameAs":["https:\/\/www.facebook.com\/WebdelMaestroCMF\/","https:\/\/x.com\/cmf_w","https:\/\/www.pinterest.com\/WMCMF\/","https:\/\/www.linkedin.com\/company\/web-del-maestro-cmf\/","https:\/\/www.instagram.com\/wmcmf\/","https:\/\/www.youtube.com\/channel\/UCDPSvjbdodE5sHnC3OxutHw","https:\/\/mastodon.social\/@wmcmf","https:\/\/www.tiktok.com\/@webdelmaestrocmf"]},{"@type":"Person","@id":"https:\/\/webdelmaestrocmf.com\/portal\/#\/schema\/person\/1072a2ed7bd960df8ef99a551fa35dc5","name":"Web del Maestro CMF","image":{"@type":"ImageObject","inLanguage":"es","@id":"https:\/\/secure.gravatar.com\/avatar\/23291dd5b5ae1077dcff3dbb04c3e02bd28403fa75af6d8787d5e97c5bbbe30b?s=96&d=mm&r=g","url":"https:\/\/secure.gravatar.com\/avatar\/23291dd5b5ae1077dcff3dbb04c3e02bd28403fa75af6d8787d5e97c5bbbe30b?s=96&d=mm&r=g","contentUrl":"https:\/\/secure.gravatar.com\/avatar\/23291dd5b5ae1077dcff3dbb04c3e02bd28403fa75af6d8787d5e97c5bbbe30b?s=96&d=mm&r=g","caption":"Web del Maestro CMF"},"description":"Esta Web se cre\u00f3 sin fines de lucro, con fines educativos, cient\u00edficos y acad\u00e9micos, para personas que tengan dificultades y\/o inconvenientes en visualizar el material original. El objetivo es entregar recursos, compartir experiencias y materiales que ayuden a los padres de familia, maestros y estudiantes en su actualizaci\u00f3n y formaci\u00f3n permanente, en bien de la Educaci\u00f3n.","sameAs":["http:\/\/webdelmaestrocmf.com\/portal","https:\/\/www.facebook.com\/WebdelMaestroCMF\/","https:\/\/www.instagram.com\/wmcmf\/","https:\/\/cl.linkedin.com\/company\/web-del-maestro-cmf","https:\/\/www.pinterest.com\/WMCMF\/publicaciones\/","https:\/\/x.com\/cmf_w","https:\/\/www.youtube.com\/@WMCMF"]}]}},"jetpack_featured_media_url":"https:\/\/webdelmaestrocmf.com\/portal\/wp-content\/uploads\/2025\/10\/1A-Banner-1-portada-imagen-10-1-copia-3-4.webp","jetpack_sharing_enabled":true,"jetpack-related-posts":[{"id":104716,"url":"https:\/\/webdelmaestrocmf.com\/portal\/cual-es-el-rol-de-docente-mirando-al-2030\/","url_meta":{"origin":114290,"position":0},"title":"Cu\u00e1l es el rol de docente mirando al 2030","author":"Web del Maestro CMF","date":"8 marzo, 2024","format":false,"excerpt":"El rol del docente est\u00e1 en constante evoluci\u00f3n, y la d\u00e9cada de 2030 no ser\u00e1 una excepci\u00f3n. De cara a un futuro cada vez m\u00e1s digitalizado, interconectado y cambiante, la labor del profesor se vuelve a\u00fan m\u00e1s crucial. Sin embargo, su enfoque deber\u00e1 adaptarse a las nuevas necesidades y caracter\u00edsticas\u2026","rel":"","context":"En \u00abDocentes\u00bb","block_context":{"text":"Docentes","link":"https:\/\/webdelmaestrocmf.com\/portal\/category\/pedagogia\/docentes\/"},"img":{"alt_text":"","src":"https:\/\/i0.wp.com\/webdelmaestrocmf.com\/portal\/wp-content\/uploads\/2024\/03\/Banner-1-portada-imagen-10-1-1.jpg?resize=350%2C200&ssl=1","width":350,"height":200,"srcset":"https:\/\/i0.wp.com\/webdelmaestrocmf.com\/portal\/wp-content\/uploads\/2024\/03\/Banner-1-portada-imagen-10-1-1.jpg?resize=350%2C200&ssl=1 1x, https:\/\/i0.wp.com\/webdelmaestrocmf.com\/portal\/wp-content\/uploads\/2024\/03\/Banner-1-portada-imagen-10-1-1.jpg?resize=525%2C300&ssl=1 1.5x, https:\/\/i0.wp.com\/webdelmaestrocmf.com\/portal\/wp-content\/uploads\/2024\/03\/Banner-1-portada-imagen-10-1-1.jpg?resize=700%2C400&ssl=1 2x"},"classes":[]},{"id":112385,"url":"https:\/\/webdelmaestrocmf.com\/portal\/adios-al-papel-japon-permitira-el-uso-exclusivo-de-libros-de-texto-digitales-en-los-colegios-para-el-ano-2030\/","url_meta":{"origin":114290,"position":1},"title":"\u00a1Adi\u00f3s al papel! Jap\u00f3n permitir\u00e1 el uso exclusivo de libros de texto digitales en los colegios para el a\u00f1o 2030","author":"Web del Maestro CMF","date":"1 octubre, 2025","format":false,"excerpt":"El Ministerio de Educaci\u00f3n de Jap\u00f3n aprob\u00f3 una medida por la cual las escuelas p\u00fablicas podr\u00e1n usar libros de texto completamente digitales para el a\u00f1o 2030, sin necesidad de que haya versiones impresas.","rel":"","context":"En \u00abNoticias Internacionales\u00bb","block_context":{"text":"Noticias Internacionales","link":"https:\/\/webdelmaestrocmf.com\/portal\/category\/noticias-internacionales\/"},"img":{"alt_text":"","src":"https:\/\/i0.wp.com\/webdelmaestrocmf.com\/portal\/wp-content\/uploads\/2025\/10\/1A-Banner-1-portada-imagen-10-1-copia-1.webp?resize=350%2C200&ssl=1","width":350,"height":200,"srcset":"https:\/\/i0.wp.com\/webdelmaestrocmf.com\/portal\/wp-content\/uploads\/2025\/10\/1A-Banner-1-portada-imagen-10-1-copia-1.webp?resize=350%2C200&ssl=1 1x, https:\/\/i0.wp.com\/webdelmaestrocmf.com\/portal\/wp-content\/uploads\/2025\/10\/1A-Banner-1-portada-imagen-10-1-copia-1.webp?resize=525%2C300&ssl=1 1.5x, https:\/\/i0.wp.com\/webdelmaestrocmf.com\/portal\/wp-content\/uploads\/2025\/10\/1A-Banner-1-portada-imagen-10-1-copia-1.webp?resize=700%2C400&ssl=1 2x"},"classes":[]},{"id":108089,"url":"https:\/\/webdelmaestrocmf.com\/portal\/las-habilidades-mas-demandadas-para-el-2030\/","url_meta":{"origin":114290,"position":2},"title":"Las habilidades m\u00e1s demandadas para el 2030","author":"Web del Maestro CMF","date":"23 febrero, 2025","format":false,"excerpt":"Estos aspectos permitir\u00e1 no solo mejorar la ense\u00f1anza, sino tambi\u00e9n garantizar que las pr\u00f3ximas generaciones cuenten con los recursos necesarios para enfrentar los desaf\u00edos del futuro","rel":"","context":"En \u00abHabilidades\u00bb","block_context":{"text":"Habilidades","link":"https:\/\/webdelmaestrocmf.com\/portal\/category\/pedagogia\/habilidades\/"},"img":{"alt_text":"","src":"https:\/\/i0.wp.com\/webdelmaestrocmf.com\/portal\/wp-content\/uploads\/2025\/02\/1A-Banner-1-portada-imagen-10-1-92.jpg?resize=350%2C200&ssl=1","width":350,"height":200,"srcset":"https:\/\/i0.wp.com\/webdelmaestrocmf.com\/portal\/wp-content\/uploads\/2025\/02\/1A-Banner-1-portada-imagen-10-1-92.jpg?resize=350%2C200&ssl=1 1x, https:\/\/i0.wp.com\/webdelmaestrocmf.com\/portal\/wp-content\/uploads\/2025\/02\/1A-Banner-1-portada-imagen-10-1-92.jpg?resize=525%2C300&ssl=1 1.5x, https:\/\/i0.wp.com\/webdelmaestrocmf.com\/portal\/wp-content\/uploads\/2025\/02\/1A-Banner-1-portada-imagen-10-1-92.jpg?resize=700%2C400&ssl=1 2x"},"classes":[]},{"id":113795,"url":"https:\/\/webdelmaestrocmf.com\/portal\/competencias-esenciales-para-el-docente-en-la-era-de-la-inteligencia-artificial-mirando-al-2030\/","url_meta":{"origin":114290,"position":3},"title":"Competencias esenciales para el docente en la era de la Inteligencia Artificial mirando al 2030","author":"Web del Maestro CMF","date":"3 diciembre, 2025","format":false,"excerpt":"Los docentes necesitan nuevas habilidades para integrar la IA, adaptarse a los desaf\u00edos emergentes y liderar una educaci\u00f3n innovadora rumbo al 2030.","rel":"","context":"En \u00abInformativo\u00bb","block_context":{"text":"Informativo","link":"https:\/\/webdelmaestrocmf.com\/portal\/category\/tecnologia\/informativo-tecnologia\/"},"img":{"alt_text":"","src":"https:\/\/i0.wp.com\/webdelmaestrocmf.com\/portal\/wp-content\/uploads\/2025\/12\/1A-Banner-1-portada-imagen-10-1-copia-2-1.webp?resize=350%2C200&ssl=1","width":350,"height":200,"srcset":"https:\/\/i0.wp.com\/webdelmaestrocmf.com\/portal\/wp-content\/uploads\/2025\/12\/1A-Banner-1-portada-imagen-10-1-copia-2-1.webp?resize=350%2C200&ssl=1 1x, https:\/\/i0.wp.com\/webdelmaestrocmf.com\/portal\/wp-content\/uploads\/2025\/12\/1A-Banner-1-portada-imagen-10-1-copia-2-1.webp?resize=525%2C300&ssl=1 1.5x, https:\/\/i0.wp.com\/webdelmaestrocmf.com\/portal\/wp-content\/uploads\/2025\/12\/1A-Banner-1-portada-imagen-10-1-copia-2-1.webp?resize=700%2C400&ssl=1 2x"},"classes":[]},{"id":117866,"url":"https:\/\/webdelmaestrocmf.com\/portal\/padre-de-familia-escribe-una-polemica-carta-al-profesor-de-su-hijo-la-educacion-de-mi-hijo-es-su-trabajo\/","url_meta":{"origin":114290,"position":4},"title":"Padre de familia escribe una pol\u00e9mica carta al profesor de su hijo: \u201cLa educaci\u00f3n de mi hijo es su trabajo\u201d","author":"Web del Maestro CMF","date":"16 abril, 2026","format":false,"excerpt":"La educaci\u00f3n no es responsabilidad exclusiva del docente. Sin el compromiso de la familia, el aprendizaje se debilita. Educar exige corresponsabilidad, respeto mutuo y una alianza s\u00f3lida entre hogar y escuela.","rel":"","context":"En \u00abNoticias Internacionales\u00bb","block_context":{"text":"Noticias Internacionales","link":"https:\/\/webdelmaestrocmf.com\/portal\/category\/noticias-internacionales\/"},"img":{"alt_text":"","src":"https:\/\/i0.wp.com\/webdelmaestrocmf.com\/portal\/wp-content\/uploads\/2026\/04\/1AA-Banner-1-portada-imagen-10-1-copia-24.webp?resize=350%2C200&ssl=1","width":350,"height":200,"srcset":"https:\/\/i0.wp.com\/webdelmaestrocmf.com\/portal\/wp-content\/uploads\/2026\/04\/1AA-Banner-1-portada-imagen-10-1-copia-24.webp?resize=350%2C200&ssl=1 1x, https:\/\/i0.wp.com\/webdelmaestrocmf.com\/portal\/wp-content\/uploads\/2026\/04\/1AA-Banner-1-portada-imagen-10-1-copia-24.webp?resize=525%2C300&ssl=1 1.5x, https:\/\/i0.wp.com\/webdelmaestrocmf.com\/portal\/wp-content\/uploads\/2026\/04\/1AA-Banner-1-portada-imagen-10-1-copia-24.webp?resize=700%2C400&ssl=1 2x, https:\/\/i0.wp.com\/webdelmaestrocmf.com\/portal\/wp-content\/uploads\/2026\/04\/1AA-Banner-1-portada-imagen-10-1-copia-24.webp?resize=1050%2C600&ssl=1 3x"},"classes":[]},{"id":114754,"url":"https:\/\/webdelmaestrocmf.com\/portal\/vestimenta-docente-redes-sociales-y-limites-profesionales-reflexiones-a-partir-de-un-caso-polemico\/","url_meta":{"origin":114290,"position":5},"title":"Vestimenta docente, redes sociales y l\u00edmites profesionales: reflexiones a partir de un caso pol\u00e9mico","author":"Web del Maestro CMF","date":"14 enero, 2026","format":false,"excerpt":"El debate sobre la vestimenta docente reabre preguntas sobre profesionalismo, l\u00edmites del rol educativo, percepci\u00f3n social y responsabilidad frente al aula.","rel":"","context":"En \u00abNoticias Internacionales\u00bb","block_context":{"text":"Noticias Internacionales","link":"https:\/\/webdelmaestrocmf.com\/portal\/category\/noticias-internacionales\/"},"img":{"alt_text":"","src":"https:\/\/i0.wp.com\/webdelmaestrocmf.com\/portal\/wp-content\/uploads\/2026\/01\/1A-Banner-1-portada-imagen-10-1-copia-12.webp?resize=350%2C200&ssl=1","width":350,"height":200,"srcset":"https:\/\/i0.wp.com\/webdelmaestrocmf.com\/portal\/wp-content\/uploads\/2026\/01\/1A-Banner-1-portada-imagen-10-1-copia-12.webp?resize=350%2C200&ssl=1 1x, https:\/\/i0.wp.com\/webdelmaestrocmf.com\/portal\/wp-content\/uploads\/2026\/01\/1A-Banner-1-portada-imagen-10-1-copia-12.webp?resize=525%2C300&ssl=1 1.5x, https:\/\/i0.wp.com\/webdelmaestrocmf.com\/portal\/wp-content\/uploads\/2026\/01\/1A-Banner-1-portada-imagen-10-1-copia-12.webp?resize=700%2C400&ssl=1 2x"},"classes":[]}],"_links":{"self":[{"href":"https:\/\/webdelmaestrocmf.com\/portal\/wp-json\/wp\/v2\/posts\/114290","targetHints":{"allow":["GET"]}}],"collection":[{"href":"https:\/\/webdelmaestrocmf.com\/portal\/wp-json\/wp\/v2\/posts"}],"about":[{"href":"https:\/\/webdelmaestrocmf.com\/portal\/wp-json\/wp\/v2\/types\/post"}],"author":[{"embeddable":true,"href":"https:\/\/webdelmaestrocmf.com\/portal\/wp-json\/wp\/v2\/users\/1"}],"replies":[{"embeddable":true,"href":"https:\/\/webdelmaestrocmf.com\/portal\/wp-json\/wp\/v2\/comments?post=114290"}],"version-history":[{"count":1,"href":"https:\/\/webdelmaestrocmf.com\/portal\/wp-json\/wp\/v2\/posts\/114290\/revisions"}],"predecessor-version":[{"id":114304,"href":"https:\/\/webdelmaestrocmf.com\/portal\/wp-json\/wp\/v2\/posts\/114290\/revisions\/114304"}],"wp:featuredmedia":[{"embeddable":true,"href":"https:\/\/webdelmaestrocmf.com\/portal\/wp-json\/wp\/v2\/media\/114305"}],"wp:attachment":[{"href":"https:\/\/webdelmaestrocmf.com\/portal\/wp-json\/wp\/v2\/media?parent=114290"}],"wp:term":[{"taxonomy":"category","embeddable":true,"href":"https:\/\/webdelmaestrocmf.com\/portal\/wp-json\/wp\/v2\/categories?post=114290"},{"taxonomy":"post_tag","embeddable":true,"href":"https:\/\/webdelmaestrocmf.com\/portal\/wp-json\/wp\/v2\/tags?post=114290"}],"curies":[{"name":"wp","href":"https:\/\/api.w.org\/{rel}","templated":true}]}}