{"id":114001,"date":"2025-12-13T13:20:17","date_gmt":"2025-12-13T16:20:17","guid":{"rendered":"https:\/\/webdelmaestrocmf.com\/portal\/?p=114001"},"modified":"2026-04-07T09:36:26","modified_gmt":"2026-04-07T13:36:26","slug":"miguel-nicolelis-estamos-creando-millones-de-zombis-digitales","status":"publish","type":"post","link":"https:\/\/webdelmaestrocmf.com\/portal\/miguel-nicolelis-estamos-creando-millones-de-zombis-digitales\/","title":{"rendered":"Miguel Nicolelis: Estamos creando millones de zombis digitales"},"content":{"rendered":"\n<p>Miguel Nicolelis es m\u00e9dico y neurocient\u00edfico brasile\u00f1o de reconocido prestigio internacional, pionero en el estudio de las redes neuronales biol\u00f3gicas y en el desarrollo de las interfaces cerebro-m\u00e1quina. Con m\u00e1s de tres d\u00e9cadas de investigaci\u00f3n cient\u00edfica, ha trabajado en universidades y centros de excelencia de Estados Unidos y Brasil, y sus aportes han sido clave para comprender c\u00f3mo funciona el cerebro humano en conjunto, m\u00e1s all\u00e1 de neuronas aisladas. Sus investigaciones han permitido avances concretos en la rehabilitaci\u00f3n de pacientes con lesiones medulares y enfermedades neurol\u00f3gicas, y lo han convertido en una de las voces m\u00e1s autorizadas y cr\u00edticas en el debate global sobre inteligencia artificial, neurotecnolog\u00eda y el futuro cognitivo de la humanidad.<\/p>\n\n\n\n<p>El avance acelerado de las tecnolog\u00edas digitales y de los sistemas denominados de \u201cinteligencia artificial\u201d ha abierto un debate global sobre sus efectos en la cognici\u00f3n humana, la ciencia, el trabajo y la democracia. Una de las voces m\u00e1s cr\u00edticas y fundamentadas en este debate es la del m\u00e9dico y neurocient\u00edfico brasile\u00f1o <strong>Miguel Nicolelis<\/strong>, quien desde 1989 investiga el funcionamiento del cerebro humano y es pionero en el estudio de redes neuronales biol\u00f3gicas e interfaces cerebro-m\u00e1quina.<\/p>\n\n\n\n<p>En una extensa entrevista concedida al podcast de noticias de la ONU, Nicolelis advierte que el principal riesgo actual no es que las m\u00e1quinas desarrollen una superinteligencia, sino que <strong>los seres humanos comiencen a pensar como m\u00e1quinas<\/strong>, adaptando su mente a una l\u00f3gica digital empobrecida. Seg\u00fan el cient\u00edfico, el cerebro humano es extremadamente pl\u00e1stico y tiende a ajustarse al entorno en el que vive. Si ese entorno se vuelve completamente digital, regido por automatismos y simplificaciones, la capacidad cognitiva humana puede reducirse progresivamente hasta asemejarse a la de los sistemas computacionales. En ese contexto, Nicolelis afirma con contundencia que nos estamos moviendo hacia la creaci\u00f3n de \u201cmillones de zombis digitales\u201d.<\/p>\n\n\n\n<figure class=\"wp-block-embed is-type-video is-provider-youtube wp-block-embed-youtube wp-embed-aspect-16-9 wp-has-aspect-ratio\"><div class=\"wp-block-embed__wrapper\">\n<iframe loading=\"lazy\" title=\"Uso de intelig\u00eancia artifical pode reduzir capacidade cognitiva humana, alerta Miguel Nicolelis\" width=\"1200\" height=\"675\" src=\"https:\/\/www.youtube.com\/embed\/GrjEohvOQ_g?feature=oembed\" frameborder=\"0\" allow=\"accelerometer; autoplay; clipboard-write; encrypted-media; gyroscope; picture-in-picture; web-share\" referrerpolicy=\"strict-origin-when-cross-origin\" allowfullscreen><\/iframe>\n<\/div><\/figure>\n\n\n\n<p>El neurocient\u00edfico rechaza el propio concepto de \u201cinteligencia artificial\u201d, al considerar que la inteligencia es una propiedad emergente de los organismos biol\u00f3gicos, resultado de millones de a\u00f1os de evoluci\u00f3n y selecci\u00f3n natural. A su juicio, los sistemas actuales no son ni inteligentes ni verdaderamente artificiales, ya que dependen del trabajo de millones de personas y de datos extra\u00eddos masivamente de la experiencia humana. Adem\u00e1s, subraya que el cerebro humano no funciona como una m\u00e1quina digital, sino como un sistema h\u00edbrido, anal\u00f3gico y digital, cuya complejidad no puede ser reproducida por los modelos de aprendizaje profundo.<\/p>\n\n\n\n<iframe loading=\"lazy\" width=\"100%\" height=\"300\" scrolling=\"no\" frameborder=\"no\" allow=\"autoplay\" src=\"https:\/\/w.soundcloud.com\/player\/?url=https%3A\/\/api.soundcloud.com\/tracks\/soundcloud%253Atracks%253A2156424819&#038;color=%23ff5500&#038;auto_play=false&#038;hide_related=false&#038;show_comments=true&#038;show_user=true&#038;show_reposts=false&#038;show_teaser=true&#038;visual=true\"><\/iframe><div style=\"font-size: 10px; color: #cccccc;line-break: anywhere;word-break: normal;overflow: hidden;white-space: nowrap;text-overflow: ellipsis; font-family: Interstate,Lucida Grande,Lucida Sans Unicode,Lucida Sans,Garuda,Verdana,Tahoma,sans-serif;font-weight: 100;\"><a href=\"https:\/\/soundcloud.com\/onunews\" title=\"ONU News\" target=\"_blank\" style=\"color: #cccccc; text-decoration: none;\">ONU News<\/a> \u00b7 <a href=\"https:\/\/soundcloud.com\/onunews\/podcast-onu-news-neurocientista-ve-risco-de-perda-da-capacidade-intelectual-do-cerebro-humano-com-uso-abusivo-de-telas-e-inteligencia-artificia\" title=\"Podcast ONU News: neurocientista v\u00ea risco de perda da capacidade intelectual do c\u00e9rebro humano com uso abusivo de telas e intelig\u00eancia artificia\" target=\"_blank\" style=\"color: #cccccc; text-decoration: none;\">Podcast ONU News: neurocientista v\u00ea risco de perda da capacidade intelectual do c\u00e9rebro humano com uso abusivo de telas e intelig\u00eancia artificia<\/a><\/div>\n\n\n\n<p>Uno de los puntos m\u00e1s alarmantes se\u00f1alados por Nicolelis es el impacto del <strong>uso abusivo de pantallas y agentes de IA<\/strong> sobre las propiedades cognitivas del ser humano. Diversos estudios recientes, incluidos trabajos del MIT, muestran signos de desconexi\u00f3n cerebral y alteraciones en la forma de procesar la informaci\u00f3n cuando estas tecnolog\u00edas se utilizan de manera continua e indiscriminada. Para el cient\u00edfico, la inteligencia humana, mucho m\u00e1s creativa, diversa y flexible que la digital, corre el riesgo de empobrecerse por adaptaci\u00f3n al entorno tecnol\u00f3gico que ella misma ha creado.<\/p>\n\n\n\n<p>A esta preocupaci\u00f3n se suma la <strong>proliferaci\u00f3n de desinformaci\u00f3n y falsificaci\u00f3n del conocimiento<\/strong>, un fen\u00f3meno que afecta incluso al \u00e1mbito cient\u00edfico. Nicolelis denuncia una explosi\u00f3n de art\u00edculos cient\u00edficos falsos, descubrimientos inexistentes y referencias inventadas, impulsados por la presi\u00f3n por publicar y facilitados por herramientas de IA entrenadas con datos poco fiables. Como revisor de revistas cient\u00edficas, advierte que cada vez resulta m\u00e1s dif\u00edcil distinguir qu\u00e9 investigaciones son reales y cu\u00e1les no, lo que pone en riesgo la credibilidad de la ciencia y el progreso del conocimiento.<\/p>\n\n\n\n<p>En el plano social y econ\u00f3mico, el neurocient\u00edfico se\u00f1ala dos \u00e1reas que requieren una <strong>regulaci\u00f3n internacional urgente<\/strong>. La primera es el uso indebido de la <strong>propiedad intelectual<\/strong>, ya que obras de artistas y cient\u00edficos est\u00e1n siendo utilizadas para entrenar grandes modelos de lenguaje sin autorizaci\u00f3n ni compensaci\u00f3n. Nicolelis relata haber descubierto que libros fruto de cuarenta a\u00f1os de trabajo fueron empleados para entrenar algoritmos sin su conocimiento. La segunda \u00e1rea cr\u00edtica es el <strong>trabajo precario<\/strong> que sustenta la miner\u00eda de datos: millones de personas, en regiones empobrecidas de \u00c1frica, Sudam\u00e9rica y otros lugares, trabajan por c\u00e9ntimos la hora clasificando contenidos, muchas veces expuestas a im\u00e1genes extremadamente perturbadoras. El cient\u00edfico compara esta situaci\u00f3n con los inicios de la Revoluci\u00f3n Industrial, cuando incluso ni\u00f1os eran explotados laboralmente.<\/p>\n\n\n\n<p>A pesar de su mirada cr\u00edtica sobre la inteligencia artificial, Nicolelis no es un opositor de la tecnolog\u00eda en s\u00ed. Por el contrario, su trayectoria demuestra el enorme potencial de la neurotecnolog\u00eda cuando se orienta al bienestar humano. Sus investigaciones en interfaces cerebro-m\u00e1quina han permitido que personas con lesiones medulares vuelvan a caminar y abren nuevas v\u00edas terap\u00e9uticas para enfermedades como el Parkinson, la epilepsia, el Alzheimer y la depresi\u00f3n. Las 37 principales enfermedades neurol\u00f3gicas afectan hoy a unos <strong>3.400 millones de personas<\/strong>, el 43 % de la humanidad.<\/p>\n\n\n\n<p>Actualmente, Nicolelis impulsa el proyecto <strong>\u201cTreat One Billion\u201d<\/strong>, cuyo objetivo es llevar terapias no invasivas, seguras, econ\u00f3micas y escalables a cerca de mil millones de personas que hoy no tienen alternativas eficaces. Su propuesta incluye la creaci\u00f3n de una red global de institutos y hospitales, e incluso un hospital cerebral virtual que permita tratamientos remotos en el entorno dom\u00e9stico del paciente.<\/p>\n\n\n\n<p>Como mensaje final, el neurocient\u00edfico insiste en una idea central: <strong>la capacidad intelectual colectiva e individual de la especie humana es muy superior a cualquier programa inform\u00e1tico<\/strong>. Ninguna m\u00e1quina puede reemplazar la creatividad, la cooperaci\u00f3n y la complejidad que definen la condici\u00f3n humana. La verdadera amenaza, concluye, no proviene de las m\u00e1quinas, sino de olvidar qui\u00e9nes somos y de renunciar, por comodidad o dependencia tecnol\u00f3gica, a desarrollar plenamente nuestra inteligencia humana.<\/p>\n\n\n\n<p class=\"has-text-align-right\"><strong>Redacci\u00f3n | Web del Maestro CMF<\/strong> | <strong>Fuente: <a href=\"https:\/\/news.un.org\/pt\/story\/2025\/08\/1850750\" target=\"_blank\" rel=\"noreferrer noopener\">UN News<\/a><\/strong><\/p>\n\n\n\t\t<div class=\"pk-inline-posts\">\n\t\t\t\t\t\t\t<h5 class=\"pk-inline-posts-title pk-title pk-font-block\">\n\t\t\t\t\t\u00daltimas entradas\t\t\t\t<\/h5>\n\t\t\t\n\t\t\t<div class=\"pk-inline-posts-container pk-inline-posts-template-list\"\n\t\t\t\tdata-columns=\"1\">\n\t\t\t\t\t\t<article id=\"post-118510\" class=\"post-118510 post type-post status-publish format-standard has-post-thumbnail category-entrevistas category-noticias tag-aprendizaje tag-aula tag-docentes tag-educacion-2 tag-estudiantes tag-filosofia-2 tag-formacion-2 tag-inteligencia tag-jose-antonio-marina tag-pedagogia-2 tag-pensamiento-critico-2 cs-entry cs-video-wrap\">\n\t\t\t<div class=\"pk-post-outer\">\n\n\t\t\t\t\t\t\t\t<div class=\"pk-post-inner\">\n\t\t\t\t\t<div class=\"entry-thumbnail\">\n\t\t\t\t\t\t<div class=\"pk-overlay pk-overlay-ratio pk-ratio-landscape\">\n\t\t\t\t\t\t\t<div class=\"pk-overlay-background\">\n\t\t\t\t\t\t\t\t<a href=\"https:\/\/webdelmaestrocmf.com\/portal\/jose-antonio-marina-si-no-teneis-pensamiento-critico-o-si-no-hay-pensamiento-critico-la-manipulacion-va-a-ser-muy-sencilla\/\" class=\"pk-overlay-link\">\n\t\t\t\t\t\t\t\t\t<img loading=\"lazy\" decoding=\"async\" width=\"300\" height=\"225\" src=\"https:\/\/webdelmaestrocmf.com\/portal\/wp-content\/uploads\/2026\/04\/1AA-Banner-1-portada-imagen-10-1-copia-5-6-300x225.webp\" class=\"attachment-pk-thumbnail size-pk-thumbnail wp-post-image\" alt=\"\" \/>\t\t\t\t\t\t\t\t<\/a>\n\t\t\t\t\t\t\t<\/div>\n\t\t\t\t\t\t<\/div>\n\t\t\t\t\t<\/div>\n\t\t\t\t<\/div>\n\t\t\t\t\n\t\t\t\t<div class=\"pk-post-inner\">\n\t\t\t\t\t<header>\n\t\t\t\t\t\t<h3 class=\"pk-title\"><a href=\"https:\/\/webdelmaestrocmf.com\/portal\/jose-antonio-marina-si-no-teneis-pensamiento-critico-o-si-no-hay-pensamiento-critico-la-manipulacion-va-a-ser-muy-sencilla\/\" rel=\"bookmark\">Jos\u00e9 Antonio Marina: Si no ten\u00e9is pensamiento cr\u00edtico, o si no hay pensamiento cr\u00edtico, la manipulaci\u00f3n va a ser muy sencilla<\/a><\/h3>\t\t\t\t\t<\/header><!-- .entry-header -->\n\t\t\t\t<\/div><!-- .post-inner -->\n\n\t\t\t<\/div><!-- .post-outer -->\n\t\t<\/article>\n\t\t\t<article id=\"post-113504\" class=\"post-113504 post type-post status-publish format-standard has-post-thumbnail category-entrevistas category-noticias tag-alumno tag-begona-ibarrola-2 tag-desmotivado tag-vago cs-entry cs-video-wrap\">\n\t\t\t<div class=\"pk-post-outer\">\n\n\t\t\t\t\t\t\t\t<div class=\"pk-post-inner\">\n\t\t\t\t\t<div class=\"entry-thumbnail\">\n\t\t\t\t\t\t<div class=\"pk-overlay pk-overlay-ratio pk-ratio-landscape\">\n\t\t\t\t\t\t\t<div class=\"pk-overlay-background\">\n\t\t\t\t\t\t\t\t<a href=\"https:\/\/webdelmaestrocmf.com\/portal\/begona-ibarrola-debemos-distinguir-entre-un-alumno-verdaderamente-vago-y-uno-que-esta-desmotivado-porque-anticipa-el-fracaso\/\" class=\"pk-overlay-link\">\n\t\t\t\t\t\t\t\t\t<img loading=\"lazy\" decoding=\"async\" width=\"300\" height=\"225\" src=\"https:\/\/webdelmaestrocmf.com\/portal\/wp-content\/uploads\/2025\/11\/1AA-Banner-1-portada-imagen-10-1-copia-3-300x225.webp\" class=\"attachment-pk-thumbnail size-pk-thumbnail wp-post-image\" alt=\"\" \/>\t\t\t\t\t\t\t\t<\/a>\n\t\t\t\t\t\t\t<\/div>\n\t\t\t\t\t\t<\/div>\n\t\t\t\t\t<\/div>\n\t\t\t\t<\/div>\n\t\t\t\t\n\t\t\t\t<div class=\"pk-post-inner\">\n\t\t\t\t\t<header>\n\t\t\t\t\t\t<h3 class=\"pk-title\"><a href=\"https:\/\/webdelmaestrocmf.com\/portal\/begona-ibarrola-debemos-distinguir-entre-un-alumno-verdaderamente-vago-y-uno-que-esta-desmotivado-porque-anticipa-el-fracaso\/\" rel=\"bookmark\">Bego\u00f1a Ibarrola: Debemos distinguir entre un alumno verdaderamente vago y uno que est\u00e1 desmotivado porque anticipa el fracaso<\/a><\/h3>\t\t\t\t\t<\/header><!-- .entry-header -->\n\t\t\t\t<\/div><!-- .post-inner -->\n\n\t\t\t<\/div><!-- .post-outer -->\n\t\t<\/article>\n\t\t\t<article id=\"post-118480\" class=\"post-118480 post type-post status-publish format-standard has-post-thumbnail category-entrevistas category-noticias tag-aprendizaje tag-autonomia-3 tag-desarrollo tag-docentes tag-educacion-2 tag-ensenanza-2 tag-escuela tag-infancia tag-juego tag-pedagogia-2 cs-entry cs-video-wrap\">\n\t\t\t<div class=\"pk-post-outer\">\n\n\t\t\t\t\t\t\t\t<div class=\"pk-post-inner\">\n\t\t\t\t\t<div class=\"entry-thumbnail\">\n\t\t\t\t\t\t<div class=\"pk-overlay pk-overlay-ratio pk-ratio-landscape\">\n\t\t\t\t\t\t\t<div class=\"pk-overlay-background\">\n\t\t\t\t\t\t\t\t<a href=\"https:\/\/webdelmaestrocmf.com\/portal\/francesco-tonucci-hoy-la-escuela-esta-asumiendo-un-error-fatal-que-es-hacer-mas-un-papel-de-ninera-que-de-estructura-educativa\/\" class=\"pk-overlay-link\">\n\t\t\t\t\t\t\t\t\t<img loading=\"lazy\" decoding=\"async\" width=\"300\" height=\"225\" src=\"https:\/\/webdelmaestrocmf.com\/portal\/wp-content\/uploads\/2026\/04\/1AA-Banner-1-portada-imagen-10-1-copia-2-9-300x225.webp\" class=\"attachment-pk-thumbnail size-pk-thumbnail wp-post-image\" alt=\"\" \/>\t\t\t\t\t\t\t\t<\/a>\n\t\t\t\t\t\t\t<\/div>\n\t\t\t\t\t\t<\/div>\n\t\t\t\t\t<\/div>\n\t\t\t\t<\/div>\n\t\t\t\t\n\t\t\t\t<div class=\"pk-post-inner\">\n\t\t\t\t\t<header>\n\t\t\t\t\t\t<h3 class=\"pk-title\"><a href=\"https:\/\/webdelmaestrocmf.com\/portal\/francesco-tonucci-hoy-la-escuela-esta-asumiendo-un-error-fatal-que-es-hacer-mas-un-papel-de-ninera-que-de-estructura-educativa\/\" rel=\"bookmark\">Francesco Tonucci: Hoy la escuela est\u00e1 asumiendo un error fatal que es hacer m\u00e1s un papel de ni\u00f1era que de estructura educativa<\/a><\/h3>\t\t\t\t\t<\/header><!-- .entry-header -->\n\t\t\t\t<\/div><!-- .post-inner -->\n\n\t\t\t<\/div><!-- .post-outer -->\n\t\t<\/article>\n\t\t\t\t<\/div>\n\t\t<\/div>\n\t\t\n","protected":false},"excerpt":{"rendered":"El uso abusivo de pantallas y de inteligencia artificial amenaza con empobrecer la cognici\u00f3n humana y erosionar la creatividad, la ciencia y la democracia.","protected":false},"author":1,"featured_media":114005,"comment_status":"open","ping_status":"closed","sticky":false,"template":"","format":"standard","meta":{"csco_display_header_overlay":false,"csco_singular_sidebar":"disabled","csco_page_header_type":"standard","csco_page_load_nextpost":"","csco_post_video_location":[],"csco_post_video_location_hash":"","csco_post_video_url":"","csco_post_video_bg_start_time":0,"csco_post_video_bg_end_time":0,"csco_post_video_bg_volume":false,"_jetpack_memberships_contains_paid_content":false,"footnotes":""},"categories":[48,47],"tags":[6888,24877,24555,21353,24876,5668,24881,24883,24884,24647,24878,5779,24870,24869,20562,360,24871,24873,512,24874,24882,16052,24875,17784,24879,316,24880,24885,24886,24868,24872],"class_list":{"0":"post-114001","1":"post","2":"type-post","3":"status-publish","4":"format-standard","5":"has-post-thumbnail","7":"category-entrevistas","8":"category-noticias","9":"tag-alzheimer","10":"tag-articulos-cientificos-falsos","11":"tag-cerebro-humano","12":"tag-ciencia-y-tecnologia","13":"tag-critica-a-la-inteligencia-artificial","14":"tag-desinformacion","15":"tag-educacion-y-tecnologia","16":"tag-enfermedades-neurologicas","17":"tag-epilepsia","18":"tag-etica-de-la-inteligencia-artificial","19":"tag-explotacion-laboral-digital","20":"tag-inteligencia-artificial","21":"tag-interfaces-cerebro-maquina","22":"tag-miguel-nicolelis","23":"tag-mineria-de-datos","24":"tag-neurociencia","25":"tag-neurotecnologia","26":"tag-noticias-falsas","27":"tag-onu","28":"tag-pantallas-digitales","29":"tag-parkinson","30":"tag-plasticidad-cerebral","31":"tag-posverdad","32":"tag-propiedad-intelectual","33":"tag-regulacion-de-la-ia","34":"tag-salud-mental","35":"tag-trabajo-precario","36":"tag-treat-one-billion","37":"tag-un-news","38":"tag-uso-excesivo-de-pantallas","39":"tag-zombis-digitales","40":"cs-entry","41":"cs-video-wrap"},"yoast_head":"<!-- This site is optimized with the Yoast SEO plugin v27.5 - https:\/\/yoast.com\/product\/yoast-seo-wordpress\/ -->\n<title>Miguel Nicolelis: Estamos creando millones de zombis digitales - 2026<\/title>\n<meta name=\"description\" content=\"Miguel Nicolelis es m\u00e9dico y neurocient\u00edfico brasile\u00f1o de reconocido prestigio internacional, pionero en el estudio de las redes...\" \/>\n<meta name=\"robots\" content=\"index, follow, max-snippet:-1, max-image-preview:large, max-video-preview:-1\" \/>\n<link rel=\"canonical\" href=\"https:\/\/webdelmaestrocmf.com\/portal\/miguel-nicolelis-estamos-creando-millones-de-zombis-digitales\/\" \/>\n<meta property=\"og:locale\" content=\"es_ES\" \/>\n<meta property=\"og:type\" content=\"article\" \/>\n<meta property=\"og:title\" content=\"Miguel Nicolelis: Estamos creando millones de zombis digitales - 2026\" \/>\n<meta property=\"og:description\" content=\"Miguel Nicolelis es m\u00e9dico y neurocient\u00edfico brasile\u00f1o de reconocido prestigio internacional, pionero en el estudio de las redes...\" \/>\n<meta property=\"og:url\" content=\"https:\/\/webdelmaestrocmf.com\/portal\/miguel-nicolelis-estamos-creando-millones-de-zombis-digitales\/\" \/>\n<meta property=\"og:site_name\" content=\"Web del Maestro CMF\" \/>\n<meta property=\"article:publisher\" content=\"https:\/\/www.facebook.com\/WebdelMaestroCMF\/\" \/>\n<meta property=\"article:author\" content=\"https:\/\/www.facebook.com\/WebdelMaestroCMF\/\" \/>\n<meta property=\"article:published_time\" content=\"2025-12-13T16:20:17+00:00\" \/>\n<meta property=\"article:modified_time\" content=\"2026-04-07T13:36:26+00:00\" \/>\n<meta property=\"og:image\" content=\"https:\/\/webdelmaestrocmf.com\/portal\/wp-content\/uploads\/2025\/12\/1A-Banner-1-portada-imagen-10-1-copia-2-4.webp\" \/>\n\t<meta property=\"og:image:width\" content=\"1000\" \/>\n\t<meta property=\"og:image:height\" content=\"667\" \/>\n\t<meta property=\"og:image:type\" content=\"image\/webp\" \/>\n<meta name=\"author\" content=\"Web del Maestro CMF\" \/>\n<meta name=\"twitter:card\" content=\"summary_large_image\" \/>\n<meta name=\"twitter:creator\" content=\"@cmf_w\" \/>\n<meta name=\"twitter:site\" content=\"@cmf_w\" \/>\n<script type=\"application\/ld+json\" class=\"yoast-schema-graph\">{\"@context\":\"https:\\\/\\\/schema.org\",\"@graph\":[{\"@type\":\"ScholarlyArticle\",\"@id\":\"https:\\\/\\\/webdelmaestrocmf.com\\\/portal\\\/miguel-nicolelis-estamos-creando-millones-de-zombis-digitales\\\/#article\",\"isPartOf\":{\"@id\":\"https:\\\/\\\/webdelmaestrocmf.com\\\/portal\\\/miguel-nicolelis-estamos-creando-millones-de-zombis-digitales\\\/\"},\"author\":{\"name\":\"Web del Maestro CMF\",\"@id\":\"https:\\\/\\\/webdelmaestrocmf.com\\\/portal\\\/#\\\/schema\\\/person\\\/1072a2ed7bd960df8ef99a551fa35dc5\"},\"headline\":\"Miguel Nicolelis: Estamos creando millones de zombis digitales\",\"datePublished\":\"2025-12-13T16:20:17+00:00\",\"dateModified\":\"2026-04-07T13:36:26+00:00\",\"mainEntityOfPage\":{\"@id\":\"https:\\\/\\\/webdelmaestrocmf.com\\\/portal\\\/miguel-nicolelis-estamos-creando-millones-de-zombis-digitales\\\/\"},\"wordCount\":1082,\"commentCount\":0,\"publisher\":{\"@id\":\"https:\\\/\\\/webdelmaestrocmf.com\\\/portal\\\/#organization\"},\"image\":{\"@id\":\"https:\\\/\\\/webdelmaestrocmf.com\\\/portal\\\/miguel-nicolelis-estamos-creando-millones-de-zombis-digitales\\\/#primaryimage\"},\"thumbnailUrl\":\"https:\\\/\\\/webdelmaestrocmf.com\\\/portal\\\/wp-content\\\/uploads\\\/2025\\\/12\\\/1A-Banner-1-portada-imagen-10-1-copia-2-4.webp\",\"keywords\":[\"Alzheimer\",\"art\u00edculos cient\u00edficos falsos\",\"cerebro humano\",\"Ciencia y Tecnolog\u00eda\",\"cr\u00edtica a la inteligencia artificial\",\"desinformaci\u00f3n\",\"educaci\u00f3n y tecnolog\u00eda\",\"enfermedades neurol\u00f3gicas\",\"epilepsia\",\"\u00e9tica de la inteligencia artificial\",\"explotaci\u00f3n laboral digital\",\"INTELIGENCIA ARTIFICIAL\",\"interfaces cerebro-m\u00e1quina\",\"Miguel Nicolelis\",\"Miner\u00eda de Datos\",\"neurociencia\",\"neurotecnolog\u00eda\",\"noticias falsas\",\"ONU\",\"pantallas digitales\",\"Parkinson\",\"Plasticidad cerebral\",\"posverdad\",\"propiedad intelectual\",\"regulaci\u00f3n de la IA\",\"SALUD MENTAL\",\"trabajo precario\",\"Treat One Billion\",\"UN News\",\"uso excesivo de pantallas\",\"zombis digitales\"],\"articleSection\":[\"Entrevistas\",\"Noticias\"],\"inLanguage\":\"es\",\"potentialAction\":[{\"@type\":\"CommentAction\",\"name\":\"Comment\",\"target\":[\"https:\\\/\\\/webdelmaestrocmf.com\\\/portal\\\/miguel-nicolelis-estamos-creando-millones-de-zombis-digitales\\\/#respond\"]}]},{\"@type\":\"WebPage\",\"@id\":\"https:\\\/\\\/webdelmaestrocmf.com\\\/portal\\\/miguel-nicolelis-estamos-creando-millones-de-zombis-digitales\\\/\",\"url\":\"https:\\\/\\\/webdelmaestrocmf.com\\\/portal\\\/miguel-nicolelis-estamos-creando-millones-de-zombis-digitales\\\/\",\"name\":\"Miguel Nicolelis: Estamos creando millones de zombis digitales - 2026\",\"isPartOf\":{\"@id\":\"https:\\\/\\\/webdelmaestrocmf.com\\\/portal\\\/#website\"},\"primaryImageOfPage\":{\"@id\":\"https:\\\/\\\/webdelmaestrocmf.com\\\/portal\\\/miguel-nicolelis-estamos-creando-millones-de-zombis-digitales\\\/#primaryimage\"},\"image\":{\"@id\":\"https:\\\/\\\/webdelmaestrocmf.com\\\/portal\\\/miguel-nicolelis-estamos-creando-millones-de-zombis-digitales\\\/#primaryimage\"},\"thumbnailUrl\":\"https:\\\/\\\/webdelmaestrocmf.com\\\/portal\\\/wp-content\\\/uploads\\\/2025\\\/12\\\/1A-Banner-1-portada-imagen-10-1-copia-2-4.webp\",\"datePublished\":\"2025-12-13T16:20:17+00:00\",\"dateModified\":\"2026-04-07T13:36:26+00:00\",\"description\":\"Miguel Nicolelis es m\u00e9dico y neurocient\u00edfico brasile\u00f1o de reconocido prestigio internacional, pionero en el estudio de las redes...\",\"breadcrumb\":{\"@id\":\"https:\\\/\\\/webdelmaestrocmf.com\\\/portal\\\/miguel-nicolelis-estamos-creando-millones-de-zombis-digitales\\\/#breadcrumb\"},\"inLanguage\":\"es\",\"potentialAction\":[{\"@type\":\"ReadAction\",\"target\":[\"https:\\\/\\\/webdelmaestrocmf.com\\\/portal\\\/miguel-nicolelis-estamos-creando-millones-de-zombis-digitales\\\/\"]}]},{\"@type\":\"ImageObject\",\"inLanguage\":\"es\",\"@id\":\"https:\\\/\\\/webdelmaestrocmf.com\\\/portal\\\/miguel-nicolelis-estamos-creando-millones-de-zombis-digitales\\\/#primaryimage\",\"url\":\"https:\\\/\\\/webdelmaestrocmf.com\\\/portal\\\/wp-content\\\/uploads\\\/2025\\\/12\\\/1A-Banner-1-portada-imagen-10-1-copia-2-4.webp\",\"contentUrl\":\"https:\\\/\\\/webdelmaestrocmf.com\\\/portal\\\/wp-content\\\/uploads\\\/2025\\\/12\\\/1A-Banner-1-portada-imagen-10-1-copia-2-4.webp\",\"width\":1000,\"height\":667},{\"@type\":\"BreadcrumbList\",\"@id\":\"https:\\\/\\\/webdelmaestrocmf.com\\\/portal\\\/miguel-nicolelis-estamos-creando-millones-de-zombis-digitales\\\/#breadcrumb\",\"itemListElement\":[{\"@type\":\"ListItem\",\"position\":1,\"name\":\"Portada\",\"item\":\"https:\\\/\\\/webdelmaestrocmf.com\\\/portal\\\/\"},{\"@type\":\"ListItem\",\"position\":2,\"name\":\"Noticias\",\"item\":\"https:\\\/\\\/webdelmaestrocmf.com\\\/portal\\\/category\\\/noticias\\\/\"},{\"@type\":\"ListItem\",\"position\":3,\"name\":\"Miguel Nicolelis: Estamos creando millones de zombis digitales\"}]},{\"@type\":\"WebSite\",\"@id\":\"https:\\\/\\\/webdelmaestrocmf.com\\\/portal\\\/#website\",\"url\":\"https:\\\/\\\/webdelmaestrocmf.com\\\/portal\\\/\",\"name\":\"Web del Maestro CMF\",\"description\":\"Maestros al servicio de la educaci\u00f3n\",\"publisher\":{\"@id\":\"https:\\\/\\\/webdelmaestrocmf.com\\\/portal\\\/#organization\"},\"alternateName\":\"WMCMF\",\"potentialAction\":[{\"@type\":\"SearchAction\",\"target\":{\"@type\":\"EntryPoint\",\"urlTemplate\":\"https:\\\/\\\/webdelmaestrocmf.com\\\/portal\\\/?s={search_term_string}\"},\"query-input\":{\"@type\":\"PropertyValueSpecification\",\"valueRequired\":true,\"valueName\":\"search_term_string\"}}],\"inLanguage\":\"es\"},{\"@type\":\"Organization\",\"@id\":\"https:\\\/\\\/webdelmaestrocmf.com\\\/portal\\\/#organization\",\"name\":\"Web del Maestro CMF\",\"alternateName\":\"WMCMF\",\"url\":\"https:\\\/\\\/webdelmaestrocmf.com\\\/portal\\\/\",\"logo\":{\"@type\":\"ImageObject\",\"inLanguage\":\"es\",\"@id\":\"https:\\\/\\\/webdelmaestrocmf.com\\\/portal\\\/#\\\/schema\\\/logo\\\/image\\\/\",\"url\":\"https:\\\/\\\/webdelmaestrocmf.com\\\/portal\\\/wp-content\\\/uploads\\\/2023\\\/01\\\/logo-wmcmf-2.png\",\"contentUrl\":\"https:\\\/\\\/webdelmaestrocmf.com\\\/portal\\\/wp-content\\\/uploads\\\/2023\\\/01\\\/logo-wmcmf-2.png\",\"width\":200,\"height\":60,\"caption\":\"Web del Maestro CMF\"},\"image\":{\"@id\":\"https:\\\/\\\/webdelmaestrocmf.com\\\/portal\\\/#\\\/schema\\\/logo\\\/image\\\/\"},\"sameAs\":[\"https:\\\/\\\/www.facebook.com\\\/WebdelMaestroCMF\\\/\",\"https:\\\/\\\/x.com\\\/cmf_w\",\"https:\\\/\\\/www.pinterest.com\\\/WMCMF\\\/\",\"https:\\\/\\\/www.linkedin.com\\\/company\\\/web-del-maestro-cmf\\\/\",\"https:\\\/\\\/www.instagram.com\\\/wmcmf\\\/\",\"https:\\\/\\\/www.youtube.com\\\/channel\\\/UCDPSvjbdodE5sHnC3OxutHw\",\"https:\\\/\\\/mastodon.social\\\/@wmcmf\",\"https:\\\/\\\/www.tiktok.com\\\/@webdelmaestrocmf\"]},{\"@type\":\"Person\",\"@id\":\"https:\\\/\\\/webdelmaestrocmf.com\\\/portal\\\/#\\\/schema\\\/person\\\/1072a2ed7bd960df8ef99a551fa35dc5\",\"name\":\"Web del Maestro CMF\",\"image\":{\"@type\":\"ImageObject\",\"inLanguage\":\"es\",\"@id\":\"https:\\\/\\\/secure.gravatar.com\\\/avatar\\\/23291dd5b5ae1077dcff3dbb04c3e02bd28403fa75af6d8787d5e97c5bbbe30b?s=96&d=mm&r=g\",\"url\":\"https:\\\/\\\/secure.gravatar.com\\\/avatar\\\/23291dd5b5ae1077dcff3dbb04c3e02bd28403fa75af6d8787d5e97c5bbbe30b?s=96&d=mm&r=g\",\"contentUrl\":\"https:\\\/\\\/secure.gravatar.com\\\/avatar\\\/23291dd5b5ae1077dcff3dbb04c3e02bd28403fa75af6d8787d5e97c5bbbe30b?s=96&d=mm&r=g\",\"caption\":\"Web del Maestro CMF\"},\"description\":\"Esta Web se cre\u00f3 sin fines de lucro, con fines educativos, cient\u00edficos y acad\u00e9micos, para personas que tengan dificultades y\\\/o inconvenientes en visualizar el material original. El objetivo es entregar recursos, compartir experiencias y materiales que ayuden a los padres de familia, maestros y estudiantes en su actualizaci\u00f3n y formaci\u00f3n permanente, en bien de la Educaci\u00f3n.\",\"sameAs\":[\"http:\\\/\\\/webdelmaestrocmf.com\\\/portal\",\"https:\\\/\\\/www.facebook.com\\\/WebdelMaestroCMF\\\/\",\"https:\\\/\\\/www.instagram.com\\\/wmcmf\\\/\",\"https:\\\/\\\/cl.linkedin.com\\\/company\\\/web-del-maestro-cmf\",\"https:\\\/\\\/www.pinterest.com\\\/WMCMF\\\/publicaciones\\\/\",\"https:\\\/\\\/x.com\\\/cmf_w\",\"https:\\\/\\\/www.youtube.com\\\/@WMCMF\"]}]}<\/script>\n<!-- \/ Yoast SEO plugin. -->","yoast_head_json":{"title":"Miguel Nicolelis: Estamos creando millones de zombis digitales - 2026","description":"Miguel Nicolelis es m\u00e9dico y neurocient\u00edfico brasile\u00f1o de reconocido prestigio internacional, pionero en el estudio de las redes...","robots":{"index":"index","follow":"follow","max-snippet":"max-snippet:-1","max-image-preview":"max-image-preview:large","max-video-preview":"max-video-preview:-1"},"canonical":"https:\/\/webdelmaestrocmf.com\/portal\/miguel-nicolelis-estamos-creando-millones-de-zombis-digitales\/","og_locale":"es_ES","og_type":"article","og_title":"Miguel Nicolelis: Estamos creando millones de zombis digitales - 2026","og_description":"Miguel Nicolelis es m\u00e9dico y neurocient\u00edfico brasile\u00f1o de reconocido prestigio internacional, pionero en el estudio de las redes...","og_url":"https:\/\/webdelmaestrocmf.com\/portal\/miguel-nicolelis-estamos-creando-millones-de-zombis-digitales\/","og_site_name":"Web del Maestro CMF","article_publisher":"https:\/\/www.facebook.com\/WebdelMaestroCMF\/","article_author":"https:\/\/www.facebook.com\/WebdelMaestroCMF\/","article_published_time":"2025-12-13T16:20:17+00:00","article_modified_time":"2026-04-07T13:36:26+00:00","og_image":[{"width":1000,"height":667,"url":"https:\/\/webdelmaestrocmf.com\/portal\/wp-content\/uploads\/2025\/12\/1A-Banner-1-portada-imagen-10-1-copia-2-4.webp","type":"image\/webp"}],"author":"Web del Maestro CMF","twitter_card":"summary_large_image","twitter_creator":"@cmf_w","twitter_site":"@cmf_w","schema":{"@context":"https:\/\/schema.org","@graph":[{"@type":"ScholarlyArticle","@id":"https:\/\/webdelmaestrocmf.com\/portal\/miguel-nicolelis-estamos-creando-millones-de-zombis-digitales\/#article","isPartOf":{"@id":"https:\/\/webdelmaestrocmf.com\/portal\/miguel-nicolelis-estamos-creando-millones-de-zombis-digitales\/"},"author":{"name":"Web del Maestro CMF","@id":"https:\/\/webdelmaestrocmf.com\/portal\/#\/schema\/person\/1072a2ed7bd960df8ef99a551fa35dc5"},"headline":"Miguel Nicolelis: Estamos creando millones de zombis digitales","datePublished":"2025-12-13T16:20:17+00:00","dateModified":"2026-04-07T13:36:26+00:00","mainEntityOfPage":{"@id":"https:\/\/webdelmaestrocmf.com\/portal\/miguel-nicolelis-estamos-creando-millones-de-zombis-digitales\/"},"wordCount":1082,"commentCount":0,"publisher":{"@id":"https:\/\/webdelmaestrocmf.com\/portal\/#organization"},"image":{"@id":"https:\/\/webdelmaestrocmf.com\/portal\/miguel-nicolelis-estamos-creando-millones-de-zombis-digitales\/#primaryimage"},"thumbnailUrl":"https:\/\/webdelmaestrocmf.com\/portal\/wp-content\/uploads\/2025\/12\/1A-Banner-1-portada-imagen-10-1-copia-2-4.webp","keywords":["Alzheimer","art\u00edculos cient\u00edficos falsos","cerebro humano","Ciencia y Tecnolog\u00eda","cr\u00edtica a la inteligencia artificial","desinformaci\u00f3n","educaci\u00f3n y tecnolog\u00eda","enfermedades neurol\u00f3gicas","epilepsia","\u00e9tica de la inteligencia artificial","explotaci\u00f3n laboral digital","INTELIGENCIA ARTIFICIAL","interfaces cerebro-m\u00e1quina","Miguel Nicolelis","Miner\u00eda de Datos","neurociencia","neurotecnolog\u00eda","noticias falsas","ONU","pantallas digitales","Parkinson","Plasticidad cerebral","posverdad","propiedad intelectual","regulaci\u00f3n de la IA","SALUD MENTAL","trabajo precario","Treat One Billion","UN News","uso excesivo de pantallas","zombis digitales"],"articleSection":["Entrevistas","Noticias"],"inLanguage":"es","potentialAction":[{"@type":"CommentAction","name":"Comment","target":["https:\/\/webdelmaestrocmf.com\/portal\/miguel-nicolelis-estamos-creando-millones-de-zombis-digitales\/#respond"]}]},{"@type":"WebPage","@id":"https:\/\/webdelmaestrocmf.com\/portal\/miguel-nicolelis-estamos-creando-millones-de-zombis-digitales\/","url":"https:\/\/webdelmaestrocmf.com\/portal\/miguel-nicolelis-estamos-creando-millones-de-zombis-digitales\/","name":"Miguel Nicolelis: Estamos creando millones de zombis digitales - 2026","isPartOf":{"@id":"https:\/\/webdelmaestrocmf.com\/portal\/#website"},"primaryImageOfPage":{"@id":"https:\/\/webdelmaestrocmf.com\/portal\/miguel-nicolelis-estamos-creando-millones-de-zombis-digitales\/#primaryimage"},"image":{"@id":"https:\/\/webdelmaestrocmf.com\/portal\/miguel-nicolelis-estamos-creando-millones-de-zombis-digitales\/#primaryimage"},"thumbnailUrl":"https:\/\/webdelmaestrocmf.com\/portal\/wp-content\/uploads\/2025\/12\/1A-Banner-1-portada-imagen-10-1-copia-2-4.webp","datePublished":"2025-12-13T16:20:17+00:00","dateModified":"2026-04-07T13:36:26+00:00","description":"Miguel Nicolelis es m\u00e9dico y neurocient\u00edfico brasile\u00f1o de reconocido prestigio internacional, pionero en el estudio de las redes...","breadcrumb":{"@id":"https:\/\/webdelmaestrocmf.com\/portal\/miguel-nicolelis-estamos-creando-millones-de-zombis-digitales\/#breadcrumb"},"inLanguage":"es","potentialAction":[{"@type":"ReadAction","target":["https:\/\/webdelmaestrocmf.com\/portal\/miguel-nicolelis-estamos-creando-millones-de-zombis-digitales\/"]}]},{"@type":"ImageObject","inLanguage":"es","@id":"https:\/\/webdelmaestrocmf.com\/portal\/miguel-nicolelis-estamos-creando-millones-de-zombis-digitales\/#primaryimage","url":"https:\/\/webdelmaestrocmf.com\/portal\/wp-content\/uploads\/2025\/12\/1A-Banner-1-portada-imagen-10-1-copia-2-4.webp","contentUrl":"https:\/\/webdelmaestrocmf.com\/portal\/wp-content\/uploads\/2025\/12\/1A-Banner-1-portada-imagen-10-1-copia-2-4.webp","width":1000,"height":667},{"@type":"BreadcrumbList","@id":"https:\/\/webdelmaestrocmf.com\/portal\/miguel-nicolelis-estamos-creando-millones-de-zombis-digitales\/#breadcrumb","itemListElement":[{"@type":"ListItem","position":1,"name":"Portada","item":"https:\/\/webdelmaestrocmf.com\/portal\/"},{"@type":"ListItem","position":2,"name":"Noticias","item":"https:\/\/webdelmaestrocmf.com\/portal\/category\/noticias\/"},{"@type":"ListItem","position":3,"name":"Miguel Nicolelis: Estamos creando millones de zombis digitales"}]},{"@type":"WebSite","@id":"https:\/\/webdelmaestrocmf.com\/portal\/#website","url":"https:\/\/webdelmaestrocmf.com\/portal\/","name":"Web del Maestro CMF","description":"Maestros al servicio de la educaci\u00f3n","publisher":{"@id":"https:\/\/webdelmaestrocmf.com\/portal\/#organization"},"alternateName":"WMCMF","potentialAction":[{"@type":"SearchAction","target":{"@type":"EntryPoint","urlTemplate":"https:\/\/webdelmaestrocmf.com\/portal\/?s={search_term_string}"},"query-input":{"@type":"PropertyValueSpecification","valueRequired":true,"valueName":"search_term_string"}}],"inLanguage":"es"},{"@type":"Organization","@id":"https:\/\/webdelmaestrocmf.com\/portal\/#organization","name":"Web del Maestro CMF","alternateName":"WMCMF","url":"https:\/\/webdelmaestrocmf.com\/portal\/","logo":{"@type":"ImageObject","inLanguage":"es","@id":"https:\/\/webdelmaestrocmf.com\/portal\/#\/schema\/logo\/image\/","url":"https:\/\/webdelmaestrocmf.com\/portal\/wp-content\/uploads\/2023\/01\/logo-wmcmf-2.png","contentUrl":"https:\/\/webdelmaestrocmf.com\/portal\/wp-content\/uploads\/2023\/01\/logo-wmcmf-2.png","width":200,"height":60,"caption":"Web del Maestro CMF"},"image":{"@id":"https:\/\/webdelmaestrocmf.com\/portal\/#\/schema\/logo\/image\/"},"sameAs":["https:\/\/www.facebook.com\/WebdelMaestroCMF\/","https:\/\/x.com\/cmf_w","https:\/\/www.pinterest.com\/WMCMF\/","https:\/\/www.linkedin.com\/company\/web-del-maestro-cmf\/","https:\/\/www.instagram.com\/wmcmf\/","https:\/\/www.youtube.com\/channel\/UCDPSvjbdodE5sHnC3OxutHw","https:\/\/mastodon.social\/@wmcmf","https:\/\/www.tiktok.com\/@webdelmaestrocmf"]},{"@type":"Person","@id":"https:\/\/webdelmaestrocmf.com\/portal\/#\/schema\/person\/1072a2ed7bd960df8ef99a551fa35dc5","name":"Web del Maestro CMF","image":{"@type":"ImageObject","inLanguage":"es","@id":"https:\/\/secure.gravatar.com\/avatar\/23291dd5b5ae1077dcff3dbb04c3e02bd28403fa75af6d8787d5e97c5bbbe30b?s=96&d=mm&r=g","url":"https:\/\/secure.gravatar.com\/avatar\/23291dd5b5ae1077dcff3dbb04c3e02bd28403fa75af6d8787d5e97c5bbbe30b?s=96&d=mm&r=g","contentUrl":"https:\/\/secure.gravatar.com\/avatar\/23291dd5b5ae1077dcff3dbb04c3e02bd28403fa75af6d8787d5e97c5bbbe30b?s=96&d=mm&r=g","caption":"Web del Maestro CMF"},"description":"Esta Web se cre\u00f3 sin fines de lucro, con fines educativos, cient\u00edficos y acad\u00e9micos, para personas que tengan dificultades y\/o inconvenientes en visualizar el material original. El objetivo es entregar recursos, compartir experiencias y materiales que ayuden a los padres de familia, maestros y estudiantes en su actualizaci\u00f3n y formaci\u00f3n permanente, en bien de la Educaci\u00f3n.","sameAs":["http:\/\/webdelmaestrocmf.com\/portal","https:\/\/www.facebook.com\/WebdelMaestroCMF\/","https:\/\/www.instagram.com\/wmcmf\/","https:\/\/cl.linkedin.com\/company\/web-del-maestro-cmf","https:\/\/www.pinterest.com\/WMCMF\/publicaciones\/","https:\/\/x.com\/cmf_w","https:\/\/www.youtube.com\/@WMCMF"]}]}},"jetpack_featured_media_url":"https:\/\/webdelmaestrocmf.com\/portal\/wp-content\/uploads\/2025\/12\/1A-Banner-1-portada-imagen-10-1-copia-2-4.webp","jetpack_sharing_enabled":true,"jetpack-related-posts":[{"id":109002,"url":"https:\/\/webdelmaestrocmf.com\/portal\/descarga-el-libro-gratuito-en-pdf-neuroeducacion-e-inteligencia-artificial-una-guia-imprescindible-para-docentes\/","url_meta":{"origin":114001,"position":0},"title":"Descarga el libro gratuito en PDF \u00abNeuroeducaci\u00f3n e Inteligencia Artificial: una gu\u00eda imprescindible para docentes\u00bb","author":"Web del Maestro CMF","date":"26 mayo, 2025","format":false,"excerpt":"En un mundo donde las tecnolog\u00edas evolucionan m\u00e1s r\u00e1pido que los planes de estudio, el libro \u201cNeuroeducaci\u00f3n e Inteligencia Artificial: Educar con inteligencia humana en la era de las m\u00e1quinas que aprenden\u201d se presenta como una respuesta urgente y necesaria para los docentes que buscan adaptarse, innovar y mantener el\u2026","rel":"","context":"En \u00abNeurociencia\u00bb","block_context":{"text":"Neurociencia","link":"https:\/\/webdelmaestrocmf.com\/portal\/category\/pedagogia\/neurociencia\/"},"img":{"alt_text":"","src":"https:\/\/i0.wp.com\/webdelmaestrocmf.com\/portal\/wp-content\/uploads\/2025\/05\/1A-Banner-1-portada-imagen-10-1-76.jpg?resize=350%2C200&ssl=1","width":350,"height":200,"srcset":"https:\/\/i0.wp.com\/webdelmaestrocmf.com\/portal\/wp-content\/uploads\/2025\/05\/1A-Banner-1-portada-imagen-10-1-76.jpg?resize=350%2C200&ssl=1 1x, https:\/\/i0.wp.com\/webdelmaestrocmf.com\/portal\/wp-content\/uploads\/2025\/05\/1A-Banner-1-portada-imagen-10-1-76.jpg?resize=525%2C300&ssl=1 1.5x, https:\/\/i0.wp.com\/webdelmaestrocmf.com\/portal\/wp-content\/uploads\/2025\/05\/1A-Banner-1-portada-imagen-10-1-76.jpg?resize=700%2C400&ssl=1 2x"},"classes":[]},{"id":107411,"url":"https:\/\/webdelmaestrocmf.com\/portal\/existe-una-nueva-brecha-digital-entre-profesores-y-alumnos-en-el-uso-de-la-ia\/","url_meta":{"origin":114001,"position":1},"title":"\u00bfExiste una \u201cnueva brecha digital\u201d entre profesores y alumnos en el uso de la IA?","author":"Web del Maestro CMF","date":"9 enero, 2025","format":false,"excerpt":"\"La inteligencia artificial no viene a reemplazar al docente, sino a interpelarlo: exige actualizar nuestras pr\u00e1cticas, cerrar la nueva brecha digital que separa a maestros de alumnos, y asumir con responsabilidad \u00e9tica el reto de educar en un mundo donde pensar sigue siendo m\u00e1s valioso que solo responder.\"","rel":"","context":"En \u00abYo opino - WMCMF\u00bb","block_context":{"text":"Yo opino - WMCMF","link":"https:\/\/webdelmaestrocmf.com\/portal\/category\/jamb\/"},"img":{"alt_text":"","src":"https:\/\/i0.wp.com\/webdelmaestrocmf.com\/portal\/wp-content\/uploads\/2025\/01\/1A-Banner-1-portada-imagen-10-1-13.jpg?resize=350%2C200&ssl=1","width":350,"height":200,"srcset":"https:\/\/i0.wp.com\/webdelmaestrocmf.com\/portal\/wp-content\/uploads\/2025\/01\/1A-Banner-1-portada-imagen-10-1-13.jpg?resize=350%2C200&ssl=1 1x, https:\/\/i0.wp.com\/webdelmaestrocmf.com\/portal\/wp-content\/uploads\/2025\/01\/1A-Banner-1-portada-imagen-10-1-13.jpg?resize=525%2C300&ssl=1 1.5x, https:\/\/i0.wp.com\/webdelmaestrocmf.com\/portal\/wp-content\/uploads\/2025\/01\/1A-Banner-1-portada-imagen-10-1-13.jpg?resize=700%2C400&ssl=1 2x"},"classes":[]},{"id":111828,"url":"https:\/\/webdelmaestrocmf.com\/portal\/la-ia-esta-atrofiando-tu-mente-el-impacto-del-uso-de-ia-en-el-cerebro-segun-el-mit\/","url_meta":{"origin":114001,"position":2},"title":"\u00bfLa IA est\u00e1 atrofiando tu mente? El impacto del uso de IA en el cerebro seg\u00fan el MIT","author":"Web del Maestro CMF","date":"8 agosto, 2025","format":false,"excerpt":"Si usas IA, hazlo de forma que tu cerebro trabaje igual que cuando no la usas.","rel":"","context":"En \u00abIA\u00bb","block_context":{"text":"IA","link":"https:\/\/webdelmaestrocmf.com\/portal\/category\/tecnologia\/ia\/"},"img":{"alt_text":"","src":"https:\/\/i0.wp.com\/webdelmaestrocmf.com\/portal\/wp-content\/uploads\/2025\/08\/1A-Banner-1-portada-imagen-10-1-copia-2025-08-08T194301.210.webp?resize=350%2C200&ssl=1","width":350,"height":200,"srcset":"https:\/\/i0.wp.com\/webdelmaestrocmf.com\/portal\/wp-content\/uploads\/2025\/08\/1A-Banner-1-portada-imagen-10-1-copia-2025-08-08T194301.210.webp?resize=350%2C200&ssl=1 1x, https:\/\/i0.wp.com\/webdelmaestrocmf.com\/portal\/wp-content\/uploads\/2025\/08\/1A-Banner-1-portada-imagen-10-1-copia-2025-08-08T194301.210.webp?resize=525%2C300&ssl=1 1.5x, https:\/\/i0.wp.com\/webdelmaestrocmf.com\/portal\/wp-content\/uploads\/2025\/08\/1A-Banner-1-portada-imagen-10-1-copia-2025-08-08T194301.210.webp?resize=700%2C400&ssl=1 2x"},"classes":[]},{"id":116456,"url":"https:\/\/webdelmaestrocmf.com\/portal\/francisco-mora-la-emocion-senores-es-la-energia-que-mueve-el-mundo\/","url_meta":{"origin":114001,"position":3},"title":"Francisco Mora: \u201cLa emoci\u00f3n, se\u00f1ores, es la energ\u00eda que mueve el mundo\u201d","author":"Web del Maestro CMF","date":"14 marzo, 2026","format":false,"excerpt":"Francisco Mora advierte que sin emoci\u00f3n no hay pensamiento ni aprendizaje. Frente al avance de la inteligencia artificial, defiende una neuroeducaci\u00f3n m\u00e1s humana, basada en ciencia, valores y cultura.","rel":"","context":"En \u00abCharlas\u00bb","block_context":{"text":"Charlas","link":"https:\/\/webdelmaestrocmf.com\/portal\/category\/charlas\/"},"img":{"alt_text":"","src":"https:\/\/i0.wp.com\/webdelmaestrocmf.com\/portal\/wp-content\/uploads\/2026\/03\/1AA-Banner-1-portada-imagen-10-1-copia-3.webp?resize=350%2C200&ssl=1","width":350,"height":200,"srcset":"https:\/\/i0.wp.com\/webdelmaestrocmf.com\/portal\/wp-content\/uploads\/2026\/03\/1AA-Banner-1-portada-imagen-10-1-copia-3.webp?resize=350%2C200&ssl=1 1x, https:\/\/i0.wp.com\/webdelmaestrocmf.com\/portal\/wp-content\/uploads\/2026\/03\/1AA-Banner-1-portada-imagen-10-1-copia-3.webp?resize=525%2C300&ssl=1 1.5x, https:\/\/i0.wp.com\/webdelmaestrocmf.com\/portal\/wp-content\/uploads\/2026\/03\/1AA-Banner-1-portada-imagen-10-1-copia-3.webp?resize=700%2C400&ssl=1 2x, https:\/\/i0.wp.com\/webdelmaestrocmf.com\/portal\/wp-content\/uploads\/2026\/03\/1AA-Banner-1-portada-imagen-10-1-copia-3.webp?resize=1050%2C600&ssl=1 3x"},"classes":[]},{"id":88325,"url":"https:\/\/webdelmaestrocmf.com\/portal\/margaret-boden-la-emocion-puede-resultar-lo-mas-ajeno-a-la-inteligencia-emocional\/","url_meta":{"origin":114001,"position":4},"title":"Margaret Boden: La emoci\u00f3n puede resultar lo m\u00e1s ajeno a la inteligencia emocional","author":"Web del Maestro CMF","date":"1 mayo, 2023","format":false,"excerpt":"La profesora de nacionalidad brit\u00e1nica Margaret Ann Boden (Londres 1936) -Maggie para los amigos- es una especialista sobre investigaci\u00f3n de ciencia cognitiva en el departamento de inform\u00e1tica en la Universidad de Sussex (Reino Unido), trabaja muy cercana a los campos de inteligencia artificial, psicolog\u00eda, filosof\u00eda, ciencia cognitiva e inform\u00e1tica, y\u2026","rel":"","context":"En \u00abEntrevistas\u00bb","block_context":{"text":"Entrevistas","link":"https:\/\/webdelmaestrocmf.com\/portal\/category\/noticias\/entrevistas\/"},"img":{"alt_text":"","src":"https:\/\/i0.wp.com\/webdelmaestrocmf.com\/portal\/wp-content\/uploads\/2023\/05\/A12B3C4D-23.jpg?resize=350%2C200&ssl=1","width":350,"height":200,"srcset":"https:\/\/i0.wp.com\/webdelmaestrocmf.com\/portal\/wp-content\/uploads\/2023\/05\/A12B3C4D-23.jpg?resize=350%2C200&ssl=1 1x, https:\/\/i0.wp.com\/webdelmaestrocmf.com\/portal\/wp-content\/uploads\/2023\/05\/A12B3C4D-23.jpg?resize=525%2C300&ssl=1 1.5x, https:\/\/i0.wp.com\/webdelmaestrocmf.com\/portal\/wp-content\/uploads\/2023\/05\/A12B3C4D-23.jpg?resize=700%2C400&ssl=1 2x"},"classes":[]},{"id":46776,"url":"https:\/\/webdelmaestrocmf.com\/portal\/jack-ma-la-mejor-manera-de-ayudar-a-los-ninos-es-ayudar-a-sus-maestros\/","url_meta":{"origin":114001,"position":5},"title":"Jack Ma: La mejor manera de ayudar a los ni\u00f1os es ayudar a sus maestros","author":"Web del Maestro CMF","date":"22 octubre, 2024","format":false,"excerpt":"La empresaria y periodista espa\u00f1ola Elena Cu\u00e9 (1972) \u200b entrevist\u00f3 para el diario ABC (Blogs) al profesor chino Jack Ma (1964), quien cre\u00f3 la empresa de tecnolog\u00eda m\u00e1s grande de China: Alibaba, ahora conocida como el \"Amazon de Oriente\". Ma opina que \u201cla mejor manera de ayudar a los ni\u00f1os\u2026","rel":"","context":"En \u00abEntrevistas\u00bb","block_context":{"text":"Entrevistas","link":"https:\/\/webdelmaestrocmf.com\/portal\/category\/noticias\/entrevistas\/"},"img":{"alt_text":"","src":"https:\/\/i0.wp.com\/webdelmaestrocmf.com\/portal\/wp-content\/uploads\/2020\/12\/Banner-1-portada-imagen-10-1-49.jpg?resize=350%2C200&ssl=1","width":350,"height":200,"srcset":"https:\/\/i0.wp.com\/webdelmaestrocmf.com\/portal\/wp-content\/uploads\/2020\/12\/Banner-1-portada-imagen-10-1-49.jpg?resize=350%2C200&ssl=1 1x, https:\/\/i0.wp.com\/webdelmaestrocmf.com\/portal\/wp-content\/uploads\/2020\/12\/Banner-1-portada-imagen-10-1-49.jpg?resize=525%2C300&ssl=1 1.5x, https:\/\/i0.wp.com\/webdelmaestrocmf.com\/portal\/wp-content\/uploads\/2020\/12\/Banner-1-portada-imagen-10-1-49.jpg?resize=700%2C400&ssl=1 2x"},"classes":[]}],"_links":{"self":[{"href":"https:\/\/webdelmaestrocmf.com\/portal\/wp-json\/wp\/v2\/posts\/114001","targetHints":{"allow":["GET"]}}],"collection":[{"href":"https:\/\/webdelmaestrocmf.com\/portal\/wp-json\/wp\/v2\/posts"}],"about":[{"href":"https:\/\/webdelmaestrocmf.com\/portal\/wp-json\/wp\/v2\/types\/post"}],"author":[{"embeddable":true,"href":"https:\/\/webdelmaestrocmf.com\/portal\/wp-json\/wp\/v2\/users\/1"}],"replies":[{"embeddable":true,"href":"https:\/\/webdelmaestrocmf.com\/portal\/wp-json\/wp\/v2\/comments?post=114001"}],"version-history":[{"count":3,"href":"https:\/\/webdelmaestrocmf.com\/portal\/wp-json\/wp\/v2\/posts\/114001\/revisions"}],"predecessor-version":[{"id":117390,"href":"https:\/\/webdelmaestrocmf.com\/portal\/wp-json\/wp\/v2\/posts\/114001\/revisions\/117390"}],"wp:featuredmedia":[{"embeddable":true,"href":"https:\/\/webdelmaestrocmf.com\/portal\/wp-json\/wp\/v2\/media\/114005"}],"wp:attachment":[{"href":"https:\/\/webdelmaestrocmf.com\/portal\/wp-json\/wp\/v2\/media?parent=114001"}],"wp:term":[{"taxonomy":"category","embeddable":true,"href":"https:\/\/webdelmaestrocmf.com\/portal\/wp-json\/wp\/v2\/categories?post=114001"},{"taxonomy":"post_tag","embeddable":true,"href":"https:\/\/webdelmaestrocmf.com\/portal\/wp-json\/wp\/v2\/tags?post=114001"}],"curies":[{"name":"wp","href":"https:\/\/api.w.org\/{rel}","templated":true}]}}