{"id":113913,"date":"2025-12-10T11:34:27","date_gmt":"2025-12-10T14:34:27","guid":{"rendered":"https:\/\/webdelmaestrocmf.com\/portal\/?p=113913"},"modified":"2025-12-10T11:55:07","modified_gmt":"2025-12-10T14:55:07","slug":"australia-inicia-hoy-la-prohibicion-de-redes-sociales-para-menores-de-16-anos-miles-de-cuentas-fueron-eliminadas","status":"publish","type":"post","link":"https:\/\/webdelmaestrocmf.com\/portal\/australia-inicia-hoy-la-prohibicion-de-redes-sociales-para-menores-de-16-anos-miles-de-cuentas-fueron-eliminadas\/","title":{"rendered":"Australia inicia hoy la prohibici\u00f3n de redes sociales para menores de 16 a\u00f1os: miles de cuentas fueron eliminadas"},"content":{"rendered":"\n<p>Desde hoy, <strong>10 de diciembre de 2025<\/strong>, Australia se convierte en el primer pa\u00eds del mundo en poner en marcha una prohibici\u00f3n nacional que impide a los menores de 16 a\u00f1os acceder a redes sociales. La medida, largamente discutida y ampliamente observada por la comunidad internacional, comenz\u00f3 con la <strong>desactivaci\u00f3n masiva de miles de cuentas<\/strong> pertenecientes a ni\u00f1os y adolescentes en plataformas como TikTok, Facebook, Instagram, YouTube, Snapchat, X, Reddit, Twitch, Kick y Threads.<\/p>\n\n\n\n<p>Con la entrada en vigencia de la ley, las empresas tecnol\u00f3gicas est\u00e1n obligadas a <strong>eliminar las cuentas de usuarios menores de 16 a\u00f1os<\/strong> y a impedir que vuelvan a registrarse. Las compa\u00f1\u00edas que no cumplan se arriesgan a multas que pueden superar los <strong>49,5 millones de d\u00f3lares australianos<\/strong>, una se\u00f1al clara de la firmeza con la que el gobierno quiere aplicar esta regulaci\u00f3n.<\/p>\n\n\n\n<figure class=\"wp-block-embed is-type-video is-provider-youtube wp-block-embed-youtube wp-embed-aspect-9-16 wp-has-aspect-ratio\"><div class=\"wp-block-embed__wrapper\">\n<iframe loading=\"lazy\" title=\"#Loret. Australia proh\u00edbe a menores de 16 a\u00f1os tener redes sociales. #Latinus #Informaci\u00f3nParaTi\" width=\"563\" height=\"1000\" src=\"https:\/\/www.youtube.com\/embed\/BSc0yeuCALY?feature=oembed\" frameborder=\"0\" allow=\"accelerometer; autoplay; clipboard-write; encrypted-media; gyroscope; picture-in-picture; web-share\" referrerpolicy=\"strict-origin-when-cross-origin\" allowfullscreen><\/iframe>\n<\/div><\/figure>\n\n\n\n<p>En las semanas previas, plataformas y servicios de verificaci\u00f3n realizaron cientos de miles de comprobaciones de edad, mientras muchos adolescentes buscaron c\u00f3mo evitar la norma mediante VPN o trucos para enga\u00f1ar los sistemas de reconocimiento facial. Aun as\u00ed, miles de cuentas amanecieron hoy deshabilitadas, generando malestar entre j\u00f3venes que quedaron s\u00fabitamente excluidos de sus espacios digitales cotidianos.<\/p>\n\n\n\n<p>Las reacciones entre las familias han sido diversas. Algunos padres temen que sus hijos pierdan contacto social y actividades grupales que se organizaban exclusivamente a trav\u00e9s de redes sociales. Otros, en cambio, consideran la prohibici\u00f3n un alivio, especialmente en casos donde el uso excesivo de pantallas hab\u00eda generado dependencia, ansiedad o dificultades de concentraci\u00f3n. La medida, afirman, brinda un marco legal que antes no exist\u00eda para limitar el acceso.<\/p>\n\n\n\n<p>El gobierno australiano reconoce que la implementaci\u00f3n no ser\u00e1 perfecta desde el primer d\u00eda, pero insiste en que la norma env\u00eda un mensaje inequ\u00edvoco: <strong>la madurez digital debe acompa\u00f1ar la protecci\u00f3n de menores<\/strong>, del mismo modo que existen edades m\u00ednimas para actividades como conducir o consumir alcohol. Paralelamente, se realizar\u00e1 una evaluaci\u00f3n independiente para medir el impacto de la ley en el bienestar, la salud mental, el sue\u00f1o, los h\u00e1bitos deportivos, la lectura y el desempe\u00f1o acad\u00e9mico de los adolescentes.<\/p>\n\n\n\n<p>El mundo observa de cerca. Pa\u00edses como <strong>Malasia, Dinamarca, Noruega e incluso la Uni\u00f3n Europea<\/strong> ya han mostrado inter\u00e9s en adaptar medidas similares, lo que podr\u00eda marcar un punto de inflexi\u00f3n global en la relaci\u00f3n entre menores, redes sociales y regulaci\u00f3n estatal.<\/p>\n\n\n\n<p>Hoy, 10 de diciembre de 2025, Australia inaugura una nueva etapa en la pol\u00edtica digital: la primera prohibici\u00f3n nacional de redes sociales para adolescentes menores de 16 a\u00f1os, acompa\u00f1ada del cierre inmediato de miles de cuentas. El tiempo dir\u00e1 si este modelo se convierte en una tendencia internacional o si deber\u00e1 ajustarse frente a sus propias consecuencias no previstas.<\/p>\n\n\n\n<p class=\"has-text-align-right\"><strong>Redacci\u00f3n | Web del Maestro CMF<\/strong><\/p>\n\n\n\t\t<div class=\"pk-inline-posts\">\n\t\t\t\n\t\t\t<div class=\"pk-inline-posts-container pk-inline-posts-template-list\"\n\t\t\t\tdata-columns=\"1\">\n\t\t\t\t\t\t<article id=\"post-118553\" class=\"post-118553 post type-post status-publish format-standard has-post-thumbnail category-noticias-internacionales tag-agresion-estudiantil tag-autoridad-docente tag-convivencia-escolar tag-disciplina-escolar tag-justicia-educativa tag-respeto-en-el-aula tag-rol-del-docente tag-seguridad-docente tag-sistema-educativo tag-violencia-escolar cs-entry cs-video-wrap\">\n\t\t\t<div class=\"pk-post-outer\">\n\n\t\t\t\t\t\t\t\t<div class=\"pk-post-inner\">\n\t\t\t\t\t<div class=\"entry-thumbnail\">\n\t\t\t\t\t\t<div class=\"pk-overlay pk-overlay-ratio pk-ratio-landscape\">\n\t\t\t\t\t\t\t<div class=\"pk-overlay-background\">\n\t\t\t\t\t\t\t\t<a href=\"https:\/\/webdelmaestrocmf.com\/portal\/existen-casos-en-paises-como-ee-uu-y-chile-donde-estudiantes-han-recibido-penas-privativas-de-libertad-por-agredir-a-docentes-esta-de-acuerdo-con-esta-medida-la-implementaria-en-su-pais\/\" class=\"pk-overlay-link\">\n\t\t\t\t\t\t\t\t\t<img loading=\"lazy\" decoding=\"async\" width=\"300\" height=\"225\" src=\"https:\/\/webdelmaestrocmf.com\/portal\/wp-content\/uploads\/2026\/05\/1AA-Banner-1-portada-imagen-10-1-copia-2-300x225.webp\" class=\"attachment-pk-thumbnail size-pk-thumbnail wp-post-image\" alt=\"\" \/>\t\t\t\t\t\t\t\t<\/a>\n\t\t\t\t\t\t\t<\/div>\n\t\t\t\t\t\t<\/div>\n\t\t\t\t\t<\/div>\n\t\t\t\t<\/div>\n\t\t\t\t\n\t\t\t\t<div class=\"pk-post-inner\">\n\t\t\t\t\t<header>\n\t\t\t\t\t\t<h3 class=\"pk-title\"><a href=\"https:\/\/webdelmaestrocmf.com\/portal\/existen-casos-en-paises-como-ee-uu-y-chile-donde-estudiantes-han-recibido-penas-privativas-de-libertad-por-agredir-a-docentes-esta-de-acuerdo-con-esta-medida-la-implementaria-en-su-pais\/\" rel=\"bookmark\">Existen casos en pa\u00edses como EE.UU. y Chile donde estudiantes han recibido penas privativas de libertad por agredir a docentes. \u00bfEst\u00e1 de acuerdo con esta medida? \u00bfLa implementar\u00eda en su pa\u00eds?<\/a><\/h3>\t\t\t\t\t<\/header><!-- .entry-header -->\n\t\t\t\t<\/div><!-- .post-inner -->\n\n\t\t\t<\/div><!-- .post-outer -->\n\t\t<\/article>\n\t\t\t<article id=\"post-118546\" class=\"post-118546 post type-post status-publish format-standard has-post-thumbnail category-noticias-internacionales tag-aprendizaje tag-conflicto tag-crisis tag-docentes tag-educacion-3 tag-escuela tag-guerra tag-infancia tag-resiliencia tag-sociedad cs-entry cs-video-wrap\">\n\t\t\t<div class=\"pk-post-outer\">\n\n\t\t\t\t\t\t\t\t<div class=\"pk-post-inner\">\n\t\t\t\t\t<div class=\"entry-thumbnail\">\n\t\t\t\t\t\t<div class=\"pk-overlay pk-overlay-ratio pk-ratio-landscape\">\n\t\t\t\t\t\t\t<div class=\"pk-overlay-background\">\n\t\t\t\t\t\t\t\t<a href=\"https:\/\/webdelmaestrocmf.com\/portal\/rusia-bombardea-orfanato-y-escuela-judia-en-odesa-en-el-sur-de-ucrania\/\" class=\"pk-overlay-link\">\n\t\t\t\t\t\t\t\t\t<img loading=\"lazy\" decoding=\"async\" width=\"300\" height=\"225\" src=\"https:\/\/webdelmaestrocmf.com\/portal\/wp-content\/uploads\/2026\/05\/1AA-Banner-1-portada-imagen-10-1-copia-1-1-300x225.webp\" class=\"attachment-pk-thumbnail size-pk-thumbnail wp-post-image\" alt=\"\" \/>\t\t\t\t\t\t\t\t<\/a>\n\t\t\t\t\t\t\t<\/div>\n\t\t\t\t\t\t<\/div>\n\t\t\t\t\t<\/div>\n\t\t\t\t<\/div>\n\t\t\t\t\n\t\t\t\t<div class=\"pk-post-inner\">\n\t\t\t\t\t<header>\n\t\t\t\t\t\t<h3 class=\"pk-title\"><a href=\"https:\/\/webdelmaestrocmf.com\/portal\/rusia-bombardea-orfanato-y-escuela-judia-en-odesa-en-el-sur-de-ucrania\/\" rel=\"bookmark\">Rusia bombardea orfanato y escuela jud\u00eda en Odesa, en el sur de Ucrania<\/a><\/h3>\t\t\t\t\t<\/header><!-- .entry-header -->\n\t\t\t\t<\/div><!-- .post-inner -->\n\n\t\t\t<\/div><!-- .post-outer -->\n\t\t<\/article>\n\t\t\t<article id=\"post-118533\" class=\"post-118533 post type-post status-publish format-standard has-post-thumbnail category-noticias-internacionales tag-convivencia-escolar tag-docentes tag-educacion-2 tag-etica-educativa tag-normativa-escolar tag-preescolar tag-primaria tag-protocolos tag-rol-docente tag-seguridad-docente cs-entry cs-video-wrap\">\n\t\t\t<div class=\"pk-post-outer\">\n\n\t\t\t\t\t\t\t\t<div class=\"pk-post-inner\">\n\t\t\t\t\t<div class=\"entry-thumbnail\">\n\t\t\t\t\t\t<div class=\"pk-overlay pk-overlay-ratio pk-ratio-landscape\">\n\t\t\t\t\t\t\t<div class=\"pk-overlay-background\">\n\t\t\t\t\t\t\t\t<a href=\"https:\/\/webdelmaestrocmf.com\/portal\/profesor-advierte-a-docentes-no-pueden-asistir-a-un-nino-en-el-bano-por-riesgo-de-cargos-legales\/\" class=\"pk-overlay-link\">\n\t\t\t\t\t\t\t\t\t<img loading=\"lazy\" decoding=\"async\" width=\"300\" height=\"225\" src=\"https:\/\/webdelmaestrocmf.com\/portal\/wp-content\/uploads\/2026\/05\/1AA-Banner-1-portada-imagen-10-1-copia-300x225.webp\" class=\"attachment-pk-thumbnail size-pk-thumbnail wp-post-image\" alt=\"\" \/>\t\t\t\t\t\t\t\t<\/a>\n\t\t\t\t\t\t\t<\/div>\n\t\t\t\t\t\t<\/div>\n\t\t\t\t\t<\/div>\n\t\t\t\t<\/div>\n\t\t\t\t\n\t\t\t\t<div class=\"pk-post-inner\">\n\t\t\t\t\t<header>\n\t\t\t\t\t\t<h3 class=\"pk-title\"><a href=\"https:\/\/webdelmaestrocmf.com\/portal\/profesor-advierte-a-docentes-no-pueden-asistir-a-un-nino-en-el-bano-por-riesgo-de-cargos-legales\/\" rel=\"bookmark\">Profesor advierte a docentes: \u201cNo pueden asistir a un ni\u00f1o en el ba\u00f1o\u201d por riesgo de cargos legales<\/a><\/h3>\t\t\t\t\t<\/header><!-- .entry-header -->\n\t\t\t\t<\/div><!-- .post-inner -->\n\n\t\t\t<\/div><!-- .post-outer -->\n\t\t<\/article>\n\t\t\t\t<\/div>\n\t\t<\/div>\n\t\t\n","protected":false},"excerpt":{"rendered":"Australia inicia hoy la primera prohibici\u00f3n mundial de redes sociales para menores de 16 a\u00f1os, con miles de cuentas eliminadas en su implementaci\u00f3n inicial.","protected":false},"author":1,"featured_media":113914,"comment_status":"open","ping_status":"closed","sticky":false,"template":"","format":"standard","meta":{"csco_display_header_overlay":false,"csco_singular_sidebar":"","csco_page_header_type":"","csco_page_load_nextpost":"","csco_post_video_location":[],"csco_post_video_location_hash":"","csco_post_video_url":"","csco_post_video_bg_start_time":0,"csco_post_video_bg_end_time":0,"csco_post_video_bg_volume":false,"_jetpack_memberships_contains_paid_content":false,"footnotes":""},"categories":[23790],"tags":[24803,24804,21465,6003,23558,903],"class_list":{"0":"post-113913","1":"post","2":"type-post","3":"status-publish","4":"format-standard","5":"has-post-thumbnail","7":"category-noticias-internacionales","8":"tag-10-de-diciembre","9":"tag-16-anos","10":"tag-australia","11":"tag-menores","12":"tag-prohibicion","13":"tag-redes-sociales","14":"cs-entry","15":"cs-video-wrap"},"yoast_head":"<!-- This site is optimized with the Yoast SEO plugin v27.5 - https:\/\/yoast.com\/product\/yoast-seo-wordpress\/ -->\n<title>Australia inicia hoy la prohibici\u00f3n de redes sociales para menores de 16 a\u00f1os: miles de cuentas fueron eliminadas - 2026<\/title>\n<meta name=\"description\" content=\"Desde hoy, 10 de diciembre de 2025, Australia se convierte en el primer pa\u00eds del mundo en poner en marcha una prohibici\u00f3n nacional...\" \/>\n<meta name=\"robots\" content=\"index, follow, max-snippet:-1, max-image-preview:large, max-video-preview:-1\" \/>\n<link rel=\"canonical\" href=\"https:\/\/webdelmaestrocmf.com\/portal\/australia-inicia-hoy-la-prohibicion-de-redes-sociales-para-menores-de-16-anos-miles-de-cuentas-fueron-eliminadas\/\" \/>\n<meta property=\"og:locale\" content=\"es_ES\" \/>\n<meta property=\"og:type\" content=\"article\" \/>\n<meta property=\"og:title\" content=\"Australia inicia hoy la prohibici\u00f3n de redes sociales para menores de 16 a\u00f1os: miles de cuentas fueron eliminadas - 2026\" \/>\n<meta property=\"og:description\" content=\"Desde hoy, 10 de diciembre de 2025, Australia se convierte en el primer pa\u00eds del mundo en poner en marcha una prohibici\u00f3n nacional...\" \/>\n<meta property=\"og:url\" content=\"https:\/\/webdelmaestrocmf.com\/portal\/australia-inicia-hoy-la-prohibicion-de-redes-sociales-para-menores-de-16-anos-miles-de-cuentas-fueron-eliminadas\/\" \/>\n<meta property=\"og:site_name\" content=\"Web del Maestro CMF\" \/>\n<meta property=\"article:publisher\" content=\"https:\/\/www.facebook.com\/WebdelMaestroCMF\/\" \/>\n<meta property=\"article:author\" content=\"https:\/\/www.facebook.com\/WebdelMaestroCMF\/\" \/>\n<meta property=\"article:published_time\" content=\"2025-12-10T14:34:27+00:00\" \/>\n<meta property=\"article:modified_time\" content=\"2025-12-10T14:55:07+00:00\" \/>\n<meta property=\"og:image\" content=\"https:\/\/webdelmaestrocmf.com\/portal\/wp-content\/uploads\/2025\/12\/1A-Banner-1-portada-imagen-10-1-copia-2.jpg\" \/>\n\t<meta property=\"og:image:width\" content=\"1000\" \/>\n\t<meta property=\"og:image:height\" content=\"667\" \/>\n\t<meta property=\"og:image:type\" content=\"image\/jpeg\" \/>\n<meta name=\"author\" content=\"Web del Maestro CMF\" \/>\n<meta name=\"twitter:card\" content=\"summary_large_image\" \/>\n<meta name=\"twitter:creator\" content=\"@cmf_w\" \/>\n<meta name=\"twitter:site\" content=\"@cmf_w\" \/>\n<script type=\"application\/ld+json\" class=\"yoast-schema-graph\">{\"@context\":\"https:\\\/\\\/schema.org\",\"@graph\":[{\"@type\":\"ScholarlyArticle\",\"@id\":\"https:\\\/\\\/webdelmaestrocmf.com\\\/portal\\\/australia-inicia-hoy-la-prohibicion-de-redes-sociales-para-menores-de-16-anos-miles-de-cuentas-fueron-eliminadas\\\/#article\",\"isPartOf\":{\"@id\":\"https:\\\/\\\/webdelmaestrocmf.com\\\/portal\\\/australia-inicia-hoy-la-prohibicion-de-redes-sociales-para-menores-de-16-anos-miles-de-cuentas-fueron-eliminadas\\\/\"},\"author\":{\"name\":\"Web del Maestro CMF\",\"@id\":\"https:\\\/\\\/webdelmaestrocmf.com\\\/portal\\\/#\\\/schema\\\/person\\\/1072a2ed7bd960df8ef99a551fa35dc5\"},\"headline\":\"Australia inicia hoy la prohibici\u00f3n de redes sociales para menores de 16 a\u00f1os: miles de cuentas fueron eliminadas\",\"datePublished\":\"2025-12-10T14:34:27+00:00\",\"dateModified\":\"2025-12-10T14:55:07+00:00\",\"mainEntityOfPage\":{\"@id\":\"https:\\\/\\\/webdelmaestrocmf.com\\\/portal\\\/australia-inicia-hoy-la-prohibicion-de-redes-sociales-para-menores-de-16-anos-miles-de-cuentas-fueron-eliminadas\\\/\"},\"wordCount\":518,\"commentCount\":0,\"publisher\":{\"@id\":\"https:\\\/\\\/webdelmaestrocmf.com\\\/portal\\\/#organization\"},\"image\":{\"@id\":\"https:\\\/\\\/webdelmaestrocmf.com\\\/portal\\\/australia-inicia-hoy-la-prohibicion-de-redes-sociales-para-menores-de-16-anos-miles-de-cuentas-fueron-eliminadas\\\/#primaryimage\"},\"thumbnailUrl\":\"https:\\\/\\\/webdelmaestrocmf.com\\\/portal\\\/wp-content\\\/uploads\\\/2025\\\/12\\\/1A-Banner-1-portada-imagen-10-1-copia-2.jpg\",\"keywords\":[\"10 de diciembre\",\"16 a\u00f1os\",\"Australia\",\"menores\",\"prohibici\u00f3n\",\"redes sociales\"],\"articleSection\":[\"Noticias Internacionales\"],\"inLanguage\":\"es\",\"potentialAction\":[{\"@type\":\"CommentAction\",\"name\":\"Comment\",\"target\":[\"https:\\\/\\\/webdelmaestrocmf.com\\\/portal\\\/australia-inicia-hoy-la-prohibicion-de-redes-sociales-para-menores-de-16-anos-miles-de-cuentas-fueron-eliminadas\\\/#respond\"]}]},{\"@type\":\"WebPage\",\"@id\":\"https:\\\/\\\/webdelmaestrocmf.com\\\/portal\\\/australia-inicia-hoy-la-prohibicion-de-redes-sociales-para-menores-de-16-anos-miles-de-cuentas-fueron-eliminadas\\\/\",\"url\":\"https:\\\/\\\/webdelmaestrocmf.com\\\/portal\\\/australia-inicia-hoy-la-prohibicion-de-redes-sociales-para-menores-de-16-anos-miles-de-cuentas-fueron-eliminadas\\\/\",\"name\":\"Australia inicia hoy la prohibici\u00f3n de redes sociales para menores de 16 a\u00f1os: miles de cuentas fueron eliminadas - 2026\",\"isPartOf\":{\"@id\":\"https:\\\/\\\/webdelmaestrocmf.com\\\/portal\\\/#website\"},\"primaryImageOfPage\":{\"@id\":\"https:\\\/\\\/webdelmaestrocmf.com\\\/portal\\\/australia-inicia-hoy-la-prohibicion-de-redes-sociales-para-menores-de-16-anos-miles-de-cuentas-fueron-eliminadas\\\/#primaryimage\"},\"image\":{\"@id\":\"https:\\\/\\\/webdelmaestrocmf.com\\\/portal\\\/australia-inicia-hoy-la-prohibicion-de-redes-sociales-para-menores-de-16-anos-miles-de-cuentas-fueron-eliminadas\\\/#primaryimage\"},\"thumbnailUrl\":\"https:\\\/\\\/webdelmaestrocmf.com\\\/portal\\\/wp-content\\\/uploads\\\/2025\\\/12\\\/1A-Banner-1-portada-imagen-10-1-copia-2.jpg\",\"datePublished\":\"2025-12-10T14:34:27+00:00\",\"dateModified\":\"2025-12-10T14:55:07+00:00\",\"description\":\"Desde hoy, 10 de diciembre de 2025, Australia se convierte en el primer pa\u00eds del mundo en poner en marcha una prohibici\u00f3n nacional...\",\"breadcrumb\":{\"@id\":\"https:\\\/\\\/webdelmaestrocmf.com\\\/portal\\\/australia-inicia-hoy-la-prohibicion-de-redes-sociales-para-menores-de-16-anos-miles-de-cuentas-fueron-eliminadas\\\/#breadcrumb\"},\"inLanguage\":\"es\",\"potentialAction\":[{\"@type\":\"ReadAction\",\"target\":[\"https:\\\/\\\/webdelmaestrocmf.com\\\/portal\\\/australia-inicia-hoy-la-prohibicion-de-redes-sociales-para-menores-de-16-anos-miles-de-cuentas-fueron-eliminadas\\\/\"]}]},{\"@type\":\"ImageObject\",\"inLanguage\":\"es\",\"@id\":\"https:\\\/\\\/webdelmaestrocmf.com\\\/portal\\\/australia-inicia-hoy-la-prohibicion-de-redes-sociales-para-menores-de-16-anos-miles-de-cuentas-fueron-eliminadas\\\/#primaryimage\",\"url\":\"https:\\\/\\\/webdelmaestrocmf.com\\\/portal\\\/wp-content\\\/uploads\\\/2025\\\/12\\\/1A-Banner-1-portada-imagen-10-1-copia-2.jpg\",\"contentUrl\":\"https:\\\/\\\/webdelmaestrocmf.com\\\/portal\\\/wp-content\\\/uploads\\\/2025\\\/12\\\/1A-Banner-1-portada-imagen-10-1-copia-2.jpg\",\"width\":1000,\"height\":667},{\"@type\":\"BreadcrumbList\",\"@id\":\"https:\\\/\\\/webdelmaestrocmf.com\\\/portal\\\/australia-inicia-hoy-la-prohibicion-de-redes-sociales-para-menores-de-16-anos-miles-de-cuentas-fueron-eliminadas\\\/#breadcrumb\",\"itemListElement\":[{\"@type\":\"ListItem\",\"position\":1,\"name\":\"Portada\",\"item\":\"https:\\\/\\\/webdelmaestrocmf.com\\\/portal\\\/\"},{\"@type\":\"ListItem\",\"position\":2,\"name\":\"Noticias Internacionales\",\"item\":\"https:\\\/\\\/webdelmaestrocmf.com\\\/portal\\\/category\\\/noticias-internacionales\\\/\"},{\"@type\":\"ListItem\",\"position\":3,\"name\":\"Australia inicia hoy la prohibici\u00f3n de redes sociales para menores de 16 a\u00f1os: miles de cuentas fueron eliminadas\"}]},{\"@type\":\"WebSite\",\"@id\":\"https:\\\/\\\/webdelmaestrocmf.com\\\/portal\\\/#website\",\"url\":\"https:\\\/\\\/webdelmaestrocmf.com\\\/portal\\\/\",\"name\":\"Web del Maestro CMF\",\"description\":\"Maestros al servicio de la educaci\u00f3n\",\"publisher\":{\"@id\":\"https:\\\/\\\/webdelmaestrocmf.com\\\/portal\\\/#organization\"},\"alternateName\":\"WMCMF\",\"potentialAction\":[{\"@type\":\"SearchAction\",\"target\":{\"@type\":\"EntryPoint\",\"urlTemplate\":\"https:\\\/\\\/webdelmaestrocmf.com\\\/portal\\\/?s={search_term_string}\"},\"query-input\":{\"@type\":\"PropertyValueSpecification\",\"valueRequired\":true,\"valueName\":\"search_term_string\"}}],\"inLanguage\":\"es\"},{\"@type\":\"Organization\",\"@id\":\"https:\\\/\\\/webdelmaestrocmf.com\\\/portal\\\/#organization\",\"name\":\"Web del Maestro CMF\",\"alternateName\":\"WMCMF\",\"url\":\"https:\\\/\\\/webdelmaestrocmf.com\\\/portal\\\/\",\"logo\":{\"@type\":\"ImageObject\",\"inLanguage\":\"es\",\"@id\":\"https:\\\/\\\/webdelmaestrocmf.com\\\/portal\\\/#\\\/schema\\\/logo\\\/image\\\/\",\"url\":\"https:\\\/\\\/webdelmaestrocmf.com\\\/portal\\\/wp-content\\\/uploads\\\/2023\\\/01\\\/logo-wmcmf-2.png\",\"contentUrl\":\"https:\\\/\\\/webdelmaestrocmf.com\\\/portal\\\/wp-content\\\/uploads\\\/2023\\\/01\\\/logo-wmcmf-2.png\",\"width\":200,\"height\":60,\"caption\":\"Web del Maestro CMF\"},\"image\":{\"@id\":\"https:\\\/\\\/webdelmaestrocmf.com\\\/portal\\\/#\\\/schema\\\/logo\\\/image\\\/\"},\"sameAs\":[\"https:\\\/\\\/www.facebook.com\\\/WebdelMaestroCMF\\\/\",\"https:\\\/\\\/x.com\\\/cmf_w\",\"https:\\\/\\\/www.pinterest.com\\\/WMCMF\\\/\",\"https:\\\/\\\/www.linkedin.com\\\/company\\\/web-del-maestro-cmf\\\/\",\"https:\\\/\\\/www.instagram.com\\\/wmcmf\\\/\",\"https:\\\/\\\/www.youtube.com\\\/channel\\\/UCDPSvjbdodE5sHnC3OxutHw\",\"https:\\\/\\\/mastodon.social\\\/@wmcmf\",\"https:\\\/\\\/www.tiktok.com\\\/@webdelmaestrocmf\"]},{\"@type\":\"Person\",\"@id\":\"https:\\\/\\\/webdelmaestrocmf.com\\\/portal\\\/#\\\/schema\\\/person\\\/1072a2ed7bd960df8ef99a551fa35dc5\",\"name\":\"Web del Maestro CMF\",\"image\":{\"@type\":\"ImageObject\",\"inLanguage\":\"es\",\"@id\":\"https:\\\/\\\/secure.gravatar.com\\\/avatar\\\/23291dd5b5ae1077dcff3dbb04c3e02bd28403fa75af6d8787d5e97c5bbbe30b?s=96&d=mm&r=g\",\"url\":\"https:\\\/\\\/secure.gravatar.com\\\/avatar\\\/23291dd5b5ae1077dcff3dbb04c3e02bd28403fa75af6d8787d5e97c5bbbe30b?s=96&d=mm&r=g\",\"contentUrl\":\"https:\\\/\\\/secure.gravatar.com\\\/avatar\\\/23291dd5b5ae1077dcff3dbb04c3e02bd28403fa75af6d8787d5e97c5bbbe30b?s=96&d=mm&r=g\",\"caption\":\"Web del Maestro CMF\"},\"description\":\"Esta Web se cre\u00f3 sin fines de lucro, con fines educativos, cient\u00edficos y acad\u00e9micos, para personas que tengan dificultades y\\\/o inconvenientes en visualizar el material original. El objetivo es entregar recursos, compartir experiencias y materiales que ayuden a los padres de familia, maestros y estudiantes en su actualizaci\u00f3n y formaci\u00f3n permanente, en bien de la Educaci\u00f3n.\",\"sameAs\":[\"http:\\\/\\\/webdelmaestrocmf.com\\\/portal\",\"https:\\\/\\\/www.facebook.com\\\/WebdelMaestroCMF\\\/\",\"https:\\\/\\\/www.instagram.com\\\/wmcmf\\\/\",\"https:\\\/\\\/cl.linkedin.com\\\/company\\\/web-del-maestro-cmf\",\"https:\\\/\\\/www.pinterest.com\\\/WMCMF\\\/publicaciones\\\/\",\"https:\\\/\\\/x.com\\\/cmf_w\",\"https:\\\/\\\/www.youtube.com\\\/@WMCMF\"]}]}<\/script>\n<!-- \/ Yoast SEO plugin. -->","yoast_head_json":{"title":"Australia inicia hoy la prohibici\u00f3n de redes sociales para menores de 16 a\u00f1os: miles de cuentas fueron eliminadas - 2026","description":"Desde hoy, 10 de diciembre de 2025, Australia se convierte en el primer pa\u00eds del mundo en poner en marcha una prohibici\u00f3n nacional...","robots":{"index":"index","follow":"follow","max-snippet":"max-snippet:-1","max-image-preview":"max-image-preview:large","max-video-preview":"max-video-preview:-1"},"canonical":"https:\/\/webdelmaestrocmf.com\/portal\/australia-inicia-hoy-la-prohibicion-de-redes-sociales-para-menores-de-16-anos-miles-de-cuentas-fueron-eliminadas\/","og_locale":"es_ES","og_type":"article","og_title":"Australia inicia hoy la prohibici\u00f3n de redes sociales para menores de 16 a\u00f1os: miles de cuentas fueron eliminadas - 2026","og_description":"Desde hoy, 10 de diciembre de 2025, Australia se convierte en el primer pa\u00eds del mundo en poner en marcha una prohibici\u00f3n nacional...","og_url":"https:\/\/webdelmaestrocmf.com\/portal\/australia-inicia-hoy-la-prohibicion-de-redes-sociales-para-menores-de-16-anos-miles-de-cuentas-fueron-eliminadas\/","og_site_name":"Web del Maestro CMF","article_publisher":"https:\/\/www.facebook.com\/WebdelMaestroCMF\/","article_author":"https:\/\/www.facebook.com\/WebdelMaestroCMF\/","article_published_time":"2025-12-10T14:34:27+00:00","article_modified_time":"2025-12-10T14:55:07+00:00","og_image":[{"width":1000,"height":667,"url":"https:\/\/webdelmaestrocmf.com\/portal\/wp-content\/uploads\/2025\/12\/1A-Banner-1-portada-imagen-10-1-copia-2.jpg","type":"image\/jpeg"}],"author":"Web del Maestro CMF","twitter_card":"summary_large_image","twitter_creator":"@cmf_w","twitter_site":"@cmf_w","schema":{"@context":"https:\/\/schema.org","@graph":[{"@type":"ScholarlyArticle","@id":"https:\/\/webdelmaestrocmf.com\/portal\/australia-inicia-hoy-la-prohibicion-de-redes-sociales-para-menores-de-16-anos-miles-de-cuentas-fueron-eliminadas\/#article","isPartOf":{"@id":"https:\/\/webdelmaestrocmf.com\/portal\/australia-inicia-hoy-la-prohibicion-de-redes-sociales-para-menores-de-16-anos-miles-de-cuentas-fueron-eliminadas\/"},"author":{"name":"Web del Maestro CMF","@id":"https:\/\/webdelmaestrocmf.com\/portal\/#\/schema\/person\/1072a2ed7bd960df8ef99a551fa35dc5"},"headline":"Australia inicia hoy la prohibici\u00f3n de redes sociales para menores de 16 a\u00f1os: miles de cuentas fueron eliminadas","datePublished":"2025-12-10T14:34:27+00:00","dateModified":"2025-12-10T14:55:07+00:00","mainEntityOfPage":{"@id":"https:\/\/webdelmaestrocmf.com\/portal\/australia-inicia-hoy-la-prohibicion-de-redes-sociales-para-menores-de-16-anos-miles-de-cuentas-fueron-eliminadas\/"},"wordCount":518,"commentCount":0,"publisher":{"@id":"https:\/\/webdelmaestrocmf.com\/portal\/#organization"},"image":{"@id":"https:\/\/webdelmaestrocmf.com\/portal\/australia-inicia-hoy-la-prohibicion-de-redes-sociales-para-menores-de-16-anos-miles-de-cuentas-fueron-eliminadas\/#primaryimage"},"thumbnailUrl":"https:\/\/webdelmaestrocmf.com\/portal\/wp-content\/uploads\/2025\/12\/1A-Banner-1-portada-imagen-10-1-copia-2.jpg","keywords":["10 de diciembre","16 a\u00f1os","Australia","menores","prohibici\u00f3n","redes sociales"],"articleSection":["Noticias Internacionales"],"inLanguage":"es","potentialAction":[{"@type":"CommentAction","name":"Comment","target":["https:\/\/webdelmaestrocmf.com\/portal\/australia-inicia-hoy-la-prohibicion-de-redes-sociales-para-menores-de-16-anos-miles-de-cuentas-fueron-eliminadas\/#respond"]}]},{"@type":"WebPage","@id":"https:\/\/webdelmaestrocmf.com\/portal\/australia-inicia-hoy-la-prohibicion-de-redes-sociales-para-menores-de-16-anos-miles-de-cuentas-fueron-eliminadas\/","url":"https:\/\/webdelmaestrocmf.com\/portal\/australia-inicia-hoy-la-prohibicion-de-redes-sociales-para-menores-de-16-anos-miles-de-cuentas-fueron-eliminadas\/","name":"Australia inicia hoy la prohibici\u00f3n de redes sociales para menores de 16 a\u00f1os: miles de cuentas fueron eliminadas - 2026","isPartOf":{"@id":"https:\/\/webdelmaestrocmf.com\/portal\/#website"},"primaryImageOfPage":{"@id":"https:\/\/webdelmaestrocmf.com\/portal\/australia-inicia-hoy-la-prohibicion-de-redes-sociales-para-menores-de-16-anos-miles-de-cuentas-fueron-eliminadas\/#primaryimage"},"image":{"@id":"https:\/\/webdelmaestrocmf.com\/portal\/australia-inicia-hoy-la-prohibicion-de-redes-sociales-para-menores-de-16-anos-miles-de-cuentas-fueron-eliminadas\/#primaryimage"},"thumbnailUrl":"https:\/\/webdelmaestrocmf.com\/portal\/wp-content\/uploads\/2025\/12\/1A-Banner-1-portada-imagen-10-1-copia-2.jpg","datePublished":"2025-12-10T14:34:27+00:00","dateModified":"2025-12-10T14:55:07+00:00","description":"Desde hoy, 10 de diciembre de 2025, Australia se convierte en el primer pa\u00eds del mundo en poner en marcha una prohibici\u00f3n nacional...","breadcrumb":{"@id":"https:\/\/webdelmaestrocmf.com\/portal\/australia-inicia-hoy-la-prohibicion-de-redes-sociales-para-menores-de-16-anos-miles-de-cuentas-fueron-eliminadas\/#breadcrumb"},"inLanguage":"es","potentialAction":[{"@type":"ReadAction","target":["https:\/\/webdelmaestrocmf.com\/portal\/australia-inicia-hoy-la-prohibicion-de-redes-sociales-para-menores-de-16-anos-miles-de-cuentas-fueron-eliminadas\/"]}]},{"@type":"ImageObject","inLanguage":"es","@id":"https:\/\/webdelmaestrocmf.com\/portal\/australia-inicia-hoy-la-prohibicion-de-redes-sociales-para-menores-de-16-anos-miles-de-cuentas-fueron-eliminadas\/#primaryimage","url":"https:\/\/webdelmaestrocmf.com\/portal\/wp-content\/uploads\/2025\/12\/1A-Banner-1-portada-imagen-10-1-copia-2.jpg","contentUrl":"https:\/\/webdelmaestrocmf.com\/portal\/wp-content\/uploads\/2025\/12\/1A-Banner-1-portada-imagen-10-1-copia-2.jpg","width":1000,"height":667},{"@type":"BreadcrumbList","@id":"https:\/\/webdelmaestrocmf.com\/portal\/australia-inicia-hoy-la-prohibicion-de-redes-sociales-para-menores-de-16-anos-miles-de-cuentas-fueron-eliminadas\/#breadcrumb","itemListElement":[{"@type":"ListItem","position":1,"name":"Portada","item":"https:\/\/webdelmaestrocmf.com\/portal\/"},{"@type":"ListItem","position":2,"name":"Noticias Internacionales","item":"https:\/\/webdelmaestrocmf.com\/portal\/category\/noticias-internacionales\/"},{"@type":"ListItem","position":3,"name":"Australia inicia hoy la prohibici\u00f3n de redes sociales para menores de 16 a\u00f1os: miles de cuentas fueron eliminadas"}]},{"@type":"WebSite","@id":"https:\/\/webdelmaestrocmf.com\/portal\/#website","url":"https:\/\/webdelmaestrocmf.com\/portal\/","name":"Web del Maestro CMF","description":"Maestros al servicio de la educaci\u00f3n","publisher":{"@id":"https:\/\/webdelmaestrocmf.com\/portal\/#organization"},"alternateName":"WMCMF","potentialAction":[{"@type":"SearchAction","target":{"@type":"EntryPoint","urlTemplate":"https:\/\/webdelmaestrocmf.com\/portal\/?s={search_term_string}"},"query-input":{"@type":"PropertyValueSpecification","valueRequired":true,"valueName":"search_term_string"}}],"inLanguage":"es"},{"@type":"Organization","@id":"https:\/\/webdelmaestrocmf.com\/portal\/#organization","name":"Web del Maestro CMF","alternateName":"WMCMF","url":"https:\/\/webdelmaestrocmf.com\/portal\/","logo":{"@type":"ImageObject","inLanguage":"es","@id":"https:\/\/webdelmaestrocmf.com\/portal\/#\/schema\/logo\/image\/","url":"https:\/\/webdelmaestrocmf.com\/portal\/wp-content\/uploads\/2023\/01\/logo-wmcmf-2.png","contentUrl":"https:\/\/webdelmaestrocmf.com\/portal\/wp-content\/uploads\/2023\/01\/logo-wmcmf-2.png","width":200,"height":60,"caption":"Web del Maestro CMF"},"image":{"@id":"https:\/\/webdelmaestrocmf.com\/portal\/#\/schema\/logo\/image\/"},"sameAs":["https:\/\/www.facebook.com\/WebdelMaestroCMF\/","https:\/\/x.com\/cmf_w","https:\/\/www.pinterest.com\/WMCMF\/","https:\/\/www.linkedin.com\/company\/web-del-maestro-cmf\/","https:\/\/www.instagram.com\/wmcmf\/","https:\/\/www.youtube.com\/channel\/UCDPSvjbdodE5sHnC3OxutHw","https:\/\/mastodon.social\/@wmcmf","https:\/\/www.tiktok.com\/@webdelmaestrocmf"]},{"@type":"Person","@id":"https:\/\/webdelmaestrocmf.com\/portal\/#\/schema\/person\/1072a2ed7bd960df8ef99a551fa35dc5","name":"Web del Maestro CMF","image":{"@type":"ImageObject","inLanguage":"es","@id":"https:\/\/secure.gravatar.com\/avatar\/23291dd5b5ae1077dcff3dbb04c3e02bd28403fa75af6d8787d5e97c5bbbe30b?s=96&d=mm&r=g","url":"https:\/\/secure.gravatar.com\/avatar\/23291dd5b5ae1077dcff3dbb04c3e02bd28403fa75af6d8787d5e97c5bbbe30b?s=96&d=mm&r=g","contentUrl":"https:\/\/secure.gravatar.com\/avatar\/23291dd5b5ae1077dcff3dbb04c3e02bd28403fa75af6d8787d5e97c5bbbe30b?s=96&d=mm&r=g","caption":"Web del Maestro CMF"},"description":"Esta Web se cre\u00f3 sin fines de lucro, con fines educativos, cient\u00edficos y acad\u00e9micos, para personas que tengan dificultades y\/o inconvenientes en visualizar el material original. El objetivo es entregar recursos, compartir experiencias y materiales que ayuden a los padres de familia, maestros y estudiantes en su actualizaci\u00f3n y formaci\u00f3n permanente, en bien de la Educaci\u00f3n.","sameAs":["http:\/\/webdelmaestrocmf.com\/portal","https:\/\/www.facebook.com\/WebdelMaestroCMF\/","https:\/\/www.instagram.com\/wmcmf\/","https:\/\/cl.linkedin.com\/company\/web-del-maestro-cmf","https:\/\/www.pinterest.com\/WMCMF\/publicaciones\/","https:\/\/x.com\/cmf_w","https:\/\/www.youtube.com\/@WMCMF"]}]}},"jetpack_featured_media_url":"https:\/\/webdelmaestrocmf.com\/portal\/wp-content\/uploads\/2025\/12\/1A-Banner-1-portada-imagen-10-1-copia-2.jpg","jetpack_sharing_enabled":true,"jetpack-related-posts":[{"id":112013,"url":"https:\/\/webdelmaestrocmf.com\/portal\/australia-marca-un-precedente-mundial-prohibicion-del-acceso-a-redes-sociales-a-menores-de-16-anos\/","url_meta":{"origin":113913,"position":0},"title":"Australia marca un precedente mundial: prohibici\u00f3n del acceso a redes sociales a menores de 16 a\u00f1os","author":"Web del Maestro CMF","date":"26 agosto, 2025","format":false,"excerpt":"Australia proh\u00edbe desde diciembre de 2025 que menores de 16 a\u00f1os accedan a redes sociales, priorizando salud mental y protecci\u00f3n infantil.","rel":"","context":"En \u00abNoticias Internacionales\u00bb","block_context":{"text":"Noticias Internacionales","link":"https:\/\/webdelmaestrocmf.com\/portal\/category\/noticias-internacionales\/"},"img":{"alt_text":"","src":"https:\/\/i0.wp.com\/webdelmaestrocmf.com\/portal\/wp-content\/uploads\/2025\/08\/1A-Banner-1-portada-imagen-10-1-copia-3.jpg?resize=350%2C200&ssl=1","width":350,"height":200,"srcset":"https:\/\/i0.wp.com\/webdelmaestrocmf.com\/portal\/wp-content\/uploads\/2025\/08\/1A-Banner-1-portada-imagen-10-1-copia-3.jpg?resize=350%2C200&ssl=1 1x, https:\/\/i0.wp.com\/webdelmaestrocmf.com\/portal\/wp-content\/uploads\/2025\/08\/1A-Banner-1-portada-imagen-10-1-copia-3.jpg?resize=525%2C300&ssl=1 1.5x, https:\/\/i0.wp.com\/webdelmaestrocmf.com\/portal\/wp-content\/uploads\/2025\/08\/1A-Banner-1-portada-imagen-10-1-copia-3.jpg?resize=700%2C400&ssl=1 2x"},"classes":[]},{"id":113462,"url":"https:\/\/webdelmaestrocmf.com\/portal\/desde-el-10-de-diciembre-australia-implementara-una-medida-que-impedira-que-menores-de-16-anos-creen-o-mantengan-cuentas-en-plataformas\/","url_meta":{"origin":113913,"position":1},"title":"Desde el 10 de diciembre, Australia implementar\u00e1 una medida que impedir\u00e1 que menores de 16 a\u00f1os creen o mantengan cuentas en plataformas","author":"Web del Maestro CMF","date":"12 noviembre, 2025","format":false,"excerpt":"Australia aplicar\u00e1 una nueva norma que impedir\u00e1 a menores de 16 a\u00f1os tener cuentas en redes sociales para proteger su bienestar digital.","rel":"","context":"En \u00abNoticias Internacionales\u00bb","block_context":{"text":"Noticias Internacionales","link":"https:\/\/webdelmaestrocmf.com\/portal\/category\/noticias-internacionales\/"},"img":{"alt_text":"","src":"https:\/\/i0.wp.com\/webdelmaestrocmf.com\/portal\/wp-content\/uploads\/2025\/11\/Portada-descarga-20.jpg?resize=350%2C200&ssl=1","width":350,"height":200,"srcset":"https:\/\/i0.wp.com\/webdelmaestrocmf.com\/portal\/wp-content\/uploads\/2025\/11\/Portada-descarga-20.jpg?resize=350%2C200&ssl=1 1x, https:\/\/i0.wp.com\/webdelmaestrocmf.com\/portal\/wp-content\/uploads\/2025\/11\/Portada-descarga-20.jpg?resize=525%2C300&ssl=1 1.5x, https:\/\/i0.wp.com\/webdelmaestrocmf.com\/portal\/wp-content\/uploads\/2025\/11\/Portada-descarga-20.jpg?resize=700%2C400&ssl=1 2x"},"classes":[]},{"id":113711,"url":"https:\/\/webdelmaestrocmf.com\/portal\/meta-notifica-a-menores-de-16-anos-que-desactivara-sus-cuentas-ante-normativa\/","url_meta":{"origin":113913,"position":2},"title":"Meta notifica a menores de 16 a\u00f1os que desactivar\u00e1 sus cuentas ante normativa","author":"Web del Maestro CMF","date":"28 noviembre, 2025","format":false,"excerpt":"Meta, la empresa matriz de Facebook e Instagram, empez\u00f3 a notificar a los menores de 16 a\u00f1os que desactivar\u00e1 sus cuentas debido a la nueva normativa","rel":"","context":"En \u00abNoticias Internacionales\u00bb","block_context":{"text":"Noticias Internacionales","link":"https:\/\/webdelmaestrocmf.com\/portal\/category\/noticias-internacionales\/"},"img":{"alt_text":"","src":"https:\/\/i0.wp.com\/webdelmaestrocmf.com\/portal\/wp-content\/uploads\/2025\/11\/1A-Banner-1-portada-imagen-10-1-copia-7-2.webp?resize=350%2C200&ssl=1","width":350,"height":200,"srcset":"https:\/\/i0.wp.com\/webdelmaestrocmf.com\/portal\/wp-content\/uploads\/2025\/11\/1A-Banner-1-portada-imagen-10-1-copia-7-2.webp?resize=350%2C200&ssl=1 1x, https:\/\/i0.wp.com\/webdelmaestrocmf.com\/portal\/wp-content\/uploads\/2025\/11\/1A-Banner-1-portada-imagen-10-1-copia-7-2.webp?resize=525%2C300&ssl=1 1.5x, https:\/\/i0.wp.com\/webdelmaestrocmf.com\/portal\/wp-content\/uploads\/2025\/11\/1A-Banner-1-portada-imagen-10-1-copia-7-2.webp?resize=700%2C400&ssl=1 2x"},"classes":[]},{"id":106856,"url":"https:\/\/webdelmaestrocmf.com\/portal\/proponen-prohiben-el-uso-de-redes-sociales-a-menores-de-16-anos\/","url_meta":{"origin":113913,"position":3},"title":"Proponen prohibir el uso de redes sociales a menores de 16 a\u00f1os","author":"Web del Maestro CMF","date":"7 noviembre, 2024","format":false,"excerpt":"Recientemente, el gobierno de Australia ha anunciado un ambicioso proyecto de ley para prohibir el uso de redes sociales a menores de 16 a\u00f1os. La iniciativa, impulsada por el primer ministro Anthony Albanese, busca proteger a los adolescentes de los efectos nocivos de redes como TikTok, Instagram y Facebook, argumentando\u2026","rel":"","context":"En \u00abNoticias Internacionales\u00bb","block_context":{"text":"Noticias Internacionales","link":"https:\/\/webdelmaestrocmf.com\/portal\/category\/noticias-internacionales\/"},"img":{"alt_text":"","src":"https:\/\/i0.wp.com\/webdelmaestrocmf.com\/portal\/wp-content\/uploads\/2024\/11\/Banner-1-portada-imagen-10-1-29.jpg?resize=350%2C200&ssl=1","width":350,"height":200,"srcset":"https:\/\/i0.wp.com\/webdelmaestrocmf.com\/portal\/wp-content\/uploads\/2024\/11\/Banner-1-portada-imagen-10-1-29.jpg?resize=350%2C200&ssl=1 1x, https:\/\/i0.wp.com\/webdelmaestrocmf.com\/portal\/wp-content\/uploads\/2024\/11\/Banner-1-portada-imagen-10-1-29.jpg?resize=525%2C300&ssl=1 1.5x, https:\/\/i0.wp.com\/webdelmaestrocmf.com\/portal\/wp-content\/uploads\/2024\/11\/Banner-1-portada-imagen-10-1-29.jpg?resize=700%2C400&ssl=1 2x"},"classes":[]},{"id":107034,"url":"https:\/\/webdelmaestrocmf.com\/portal\/australia-el-primer-pais-en-aprobar-una-ley-que-prohibe-el-acceso-a-redes-sociales-a-adolescentes\/","url_meta":{"origin":113913,"position":4},"title":"Australia, el primer pa\u00eds en aprobar una ley que proh\u00edbe el acceso a redes sociales a adolescentes","author":"Web del Maestro CMF","date":"29 noviembre, 2024","format":false,"excerpt":"Australia se ha convertido en el primer pa\u00eds del mundo en implementar una legislaci\u00f3n que proh\u00edbe a los menores de 16 a\u00f1os acceder a las redes sociales sin restricciones. La ley, aprobada con amplio respaldo parlamentario, busca abordar los impactos negativos que estas plataformas tienen en la salud mental de\u2026","rel":"","context":"En \u00abNoticias Internacionales\u00bb","block_context":{"text":"Noticias Internacionales","link":"https:\/\/webdelmaestrocmf.com\/portal\/category\/noticias-internacionales\/"},"img":{"alt_text":"","src":"https:\/\/i0.wp.com\/webdelmaestrocmf.com\/portal\/wp-content\/uploads\/2024\/11\/Banner-1-portada-imagen-10-1-5.jpg?resize=350%2C200&ssl=1","width":350,"height":200,"srcset":"https:\/\/i0.wp.com\/webdelmaestrocmf.com\/portal\/wp-content\/uploads\/2024\/11\/Banner-1-portada-imagen-10-1-5.jpg?resize=350%2C200&ssl=1 1x, https:\/\/i0.wp.com\/webdelmaestrocmf.com\/portal\/wp-content\/uploads\/2024\/11\/Banner-1-portada-imagen-10-1-5.jpg?resize=525%2C300&ssl=1 1.5x, https:\/\/i0.wp.com\/webdelmaestrocmf.com\/portal\/wp-content\/uploads\/2024\/11\/Banner-1-portada-imagen-10-1-5.jpg?resize=700%2C400&ssl=1 2x"},"classes":[]},{"id":111873,"url":"https:\/\/webdelmaestrocmf.com\/portal\/chile-avanza-en-proyecto-para-prohibir-celulares-en-colegios-un-debate-urgente-sobre-la-salud-y-el-aprendizaje-infantil\/","url_meta":{"origin":113913,"position":5},"title":"Chile avanza en proyecto para prohibir celulares en colegios: un debate urgente sobre la salud y el aprendizaje infantil","author":"Web del Maestro CMF","date":"13 agosto, 2025","format":false,"excerpt":"Chile discute ley para prohibir celulares en colegios, buscando proteger salud mental infantil y priorizar el aprendizaje y la socializaci\u00f3n escolar.","rel":"","context":"En \u00abNoticias Internacionales\u00bb","block_context":{"text":"Noticias Internacionales","link":"https:\/\/webdelmaestrocmf.com\/portal\/category\/noticias-internacionales\/"},"img":{"alt_text":"","src":"https:\/\/i0.wp.com\/webdelmaestrocmf.com\/portal\/wp-content\/uploads\/2025\/08\/1A-Banner-1-portada-imagen-10-1-copia-3-2.webp?resize=350%2C200&ssl=1","width":350,"height":200,"srcset":"https:\/\/i0.wp.com\/webdelmaestrocmf.com\/portal\/wp-content\/uploads\/2025\/08\/1A-Banner-1-portada-imagen-10-1-copia-3-2.webp?resize=350%2C200&ssl=1 1x, https:\/\/i0.wp.com\/webdelmaestrocmf.com\/portal\/wp-content\/uploads\/2025\/08\/1A-Banner-1-portada-imagen-10-1-copia-3-2.webp?resize=525%2C300&ssl=1 1.5x, https:\/\/i0.wp.com\/webdelmaestrocmf.com\/portal\/wp-content\/uploads\/2025\/08\/1A-Banner-1-portada-imagen-10-1-copia-3-2.webp?resize=700%2C400&ssl=1 2x"},"classes":[]}],"_links":{"self":[{"href":"https:\/\/webdelmaestrocmf.com\/portal\/wp-json\/wp\/v2\/posts\/113913","targetHints":{"allow":["GET"]}}],"collection":[{"href":"https:\/\/webdelmaestrocmf.com\/portal\/wp-json\/wp\/v2\/posts"}],"about":[{"href":"https:\/\/webdelmaestrocmf.com\/portal\/wp-json\/wp\/v2\/types\/post"}],"author":[{"embeddable":true,"href":"https:\/\/webdelmaestrocmf.com\/portal\/wp-json\/wp\/v2\/users\/1"}],"replies":[{"embeddable":true,"href":"https:\/\/webdelmaestrocmf.com\/portal\/wp-json\/wp\/v2\/comments?post=113913"}],"version-history":[{"count":1,"href":"https:\/\/webdelmaestrocmf.com\/portal\/wp-json\/wp\/v2\/posts\/113913\/revisions"}],"predecessor-version":[{"id":113916,"href":"https:\/\/webdelmaestrocmf.com\/portal\/wp-json\/wp\/v2\/posts\/113913\/revisions\/113916"}],"wp:featuredmedia":[{"embeddable":true,"href":"https:\/\/webdelmaestrocmf.com\/portal\/wp-json\/wp\/v2\/media\/113914"}],"wp:attachment":[{"href":"https:\/\/webdelmaestrocmf.com\/portal\/wp-json\/wp\/v2\/media?parent=113913"}],"wp:term":[{"taxonomy":"category","embeddable":true,"href":"https:\/\/webdelmaestrocmf.com\/portal\/wp-json\/wp\/v2\/categories?post=113913"},{"taxonomy":"post_tag","embeddable":true,"href":"https:\/\/webdelmaestrocmf.com\/portal\/wp-json\/wp\/v2\/tags?post=113913"}],"curies":[{"name":"wp","href":"https:\/\/api.w.org\/{rel}","templated":true}]}}